{"id":131052,"date":"2019-10-08T15:57:48","date_gmt":"2019-10-08T15:57:48","guid":{"rendered":"http:\/\/candas365.es\/noticias\/?p=131052"},"modified":"2019-10-08T15:57:48","modified_gmt":"2019-10-08T15:57:48","slug":"klinsmann-confia-en-el-mundial-2022-de-qatar","status":"publish","type":"post","link":"https:\/\/candas365.es\/noticias\/klinsmann-confia-en-el-mundial-2022-de-qatar\/","title":{"rendered":"Klinsmann conf\u00eda en el Mundial 2022 de Qatar"},"content":{"rendered":"<figure id=\"attachment_131054\" aria-describedby=\"caption-attachment-131054\" style=\"width: 360px\" class=\"wp-caption alignleft\"><img fetchpriority=\"high\" decoding=\"async\" class=\"size-medium wp-image-131054\" src=\"https:\/\/candas365.es\/noticias\/wp-content\/uploads\/2019\/10\/Klinsmann-360x241.jpg\" alt=\"\" width=\"360\" height=\"241\" srcset=\"https:\/\/candas365.es\/noticias\/wp-content\/uploads\/2019\/10\/Klinsmann-360x241.jpg 360w, https:\/\/candas365.es\/noticias\/wp-content\/uploads\/2019\/10\/Klinsmann-768x514.jpg 768w, https:\/\/candas365.es\/noticias\/wp-content\/uploads\/2019\/10\/Klinsmann-655x438.jpg 655w, https:\/\/candas365.es\/noticias\/wp-content\/uploads\/2019\/10\/Klinsmann-696x466.jpg 696w, https:\/\/candas365.es\/noticias\/wp-content\/uploads\/2019\/10\/Klinsmann-627x420.jpg 627w, https:\/\/candas365.es\/noticias\/wp-content\/uploads\/2019\/10\/Klinsmann.jpg 971w\" sizes=\"(max-width: 360px) 100vw, 360px\" \/><figcaption id=\"caption-attachment-131054\" class=\"wp-caption-text\">Ex seleccionador alem\u00e1n J\u00fcrgen Klinsmann Foto: Robert Michael\/zb\/dpa<\/figcaption><\/figure>\n<p>F\u00fcrth (Alemania), 8 oct (dpa) &#8211; El ex seleccionador alem\u00e1n J\u00fcrgen Klinsmann se mostr\u00f3 confiado en el \u00e9xito del pr\u00f3ximo Mundial de F\u00fatbol que se celebrar\u00e1 en Qatar en menos de tres a\u00f1os.<\/p>\n<p>\u00abCreo que el Mundial, que est\u00e1 a la vuelta de la esquina, ser\u00e1 un campeonato extraordinario\u00bb, coment\u00f3 Klinsmann al margen de un legendario amistoso de antiguas glorias del f\u00fatbol el lunes por la tarde en F\u00fcrth.<\/p>\n<p>\u00abLa regi\u00f3n no se privar\u00e1 de mostrar al mundo de lo que es capaz\u00bb, a\u00f1adi\u00f3.<\/p>\n<p>Los \u00faltimos campeonatos mundiales de atletismo en Doha estuvieron marcados por temperaturas extremas y la escasa presencia del p\u00fablico.<\/p>\n<p>Klinsmann dijo que una vez tomada la decisi\u00f3n a favor del emirato, el pa\u00eds merece ahora todo el apoyo. \u00abRealmente, no puedo esperar. Creo que ser\u00e1 una experiencia maravillosa\u00bb, destac\u00f3.<\/p>\n<p>El futbolista de 55 a\u00f1os record\u00f3 que antes de la Copa del Mundo en Rusia tambi\u00e9n hubo recelos, pero que el torneo fue \u00abfenomenal\u00bb, lo cual tambi\u00e9n es posible en Qatar.<\/p>\n<p>\u00abHay que dar al pa\u00eds la oportunidad de mostrarse y presentarse. Y qui\u00e9n sabe, quiz\u00e1 sea el mejor Mundial de la historia. Creo que la gente se lo merece\u00bb, acot\u00f3.<\/p>\n<p>El Mundial tendr\u00e1 lugar del 21 de noviembre al 18 de diciembre de 2022 por las altas temperaturas que reinan en verano.<\/p>\n<p>Algunos directivos de la Bundesliga reiteraron recientemente que no entienden por qu\u00e9 Qatar fue nombrado sede del pr\u00f3ximo campeonato mundial.<\/p>\n","protected":false},"excerpt":{"rendered":"<p>F\u00fcrth (Alemania), 8 oct (dpa) &#8211; El ex seleccionador alem\u00e1n J\u00fcrgen Klinsmann se mostr\u00f3 confiado en el \u00e9xito del pr\u00f3ximo Mundial de F\u00fatbol que se celebrar\u00e1 en Qatar en menos de tres a\u00f1os. \u00abCreo que el Mundial, que est\u00e1 a la vuelta de la esquina, ser\u00e1 un campeonato extraordinario\u00bb, coment\u00f3 Klinsmann al margen de un<\/p>\n","protected":false},"author":1,"featured_media":131054,"comment_status":"closed","ping_status":"closed","sticky":false,"template":"","format":"standard","meta":{"footnotes":""},"categories":[319],"tags":[],"class_list":{"0":"post-131052","1":"post","2":"type-post","3":"status-publish","4":"format-standard","5":"has-post-thumbnail","7":"category-deporte"},"aioseo_notices":[],"aioseo_head":"\n\t\t<!-- All in One SEO Pro 4.9.6.2 - aioseo.com -->\n\t<meta name=\"description\" content=\"F\u00fcrth (Alemania), 8 oct (dpa) - El ex seleccionador alem\u00e1n J\u00fcrgen Klinsmann se mostr\u00f3 confiado en el \u00e9xito del pr\u00f3ximo Mundial de F\u00fatbol que se celebrar\u00e1 en Qatar en menos de tres a\u00f1os. &quot;Creo que el Mundial, que est\u00e1 a la vuelta de la esquina, ser\u00e1 un campeonato extraordinario&quot;, coment\u00f3 Klinsmann al margen de un\" \/>\n\t<meta name=\"robots\" content=\"max-image-preview:large\" \/>\n\t<meta name=\"author\" content=\"Cand\u00e1s 365\"\/>\n\t<meta name=\"google-site-verification\" content=\"UA-32230408-1\" \/>\n\t<meta name=\"msvalidate.01\" content=\"354F3CDFB2DA171B47FBE9ABF1F88D5\" \/>\n\t<meta name=\"keywords\" content=\"deporte\" \/>\n\t<link rel=\"canonical\" href=\"https:\/\/candas365.es\/noticias\/klinsmann-confia-en-el-mundial-2022-de-qatar\/\" \/>\n\t<meta name=\"generator\" content=\"All in One SEO Pro (AIOSEO) 4.9.6.2\" \/>\n\t\t<meta property=\"og:locale\" content=\"es_ES\" \/>\n\t\t<meta property=\"og:site_name\" content=\"Cand\u00e1s 365\" \/>\n\t\t<meta property=\"og:type\" content=\"article\" \/>\n\t\t<meta property=\"og:title\" content=\"Klinsmann conf\u00eda en el Mundial 2022 de Qatar | Cand\u00e1s 365\" \/>\n\t\t<meta property=\"og:description\" content=\"F\u00fcrth (Alemania), 8 oct (dpa) - El ex seleccionador alem\u00e1n J\u00fcrgen Klinsmann se mostr\u00f3 confiado en el \u00e9xito del pr\u00f3ximo Mundial de F\u00fatbol que se celebrar\u00e1 en Qatar en menos de tres a\u00f1os. &quot;Creo que el Mundial, que est\u00e1 a la vuelta de la esquina, ser\u00e1 un campeonato extraordinario&quot;, coment\u00f3 Klinsmann al margen de un\" \/>\n\t\t<meta property=\"og:url\" content=\"https:\/\/candas365.es\/noticias\/klinsmann-confia-en-el-mundial-2022-de-qatar\/\" \/>\n\t\t<meta property=\"og:image\" content=\"https:\/\/candas365.es\/noticias\/wp-content\/uploads\/2019\/10\/Klinsmann.jpg\" \/>\n\t\t<meta property=\"og:image:secure_url\" content=\"https:\/\/candas365.es\/noticias\/wp-content\/uploads\/2019\/10\/Klinsmann.jpg\" \/>\n\t\t<meta property=\"og:image:width\" content=\"971\" \/>\n\t\t<meta property=\"og:image:height\" content=\"650\" \/>\n\t\t<meta property=\"article:published_time\" content=\"2019-10-08T15:57:48+00:00\" \/>\n\t\t<meta property=\"article:modified_time\" content=\"2019-10-08T15:57:48+00:00\" \/>\n\t\t<meta property=\"article:publisher\" content=\"https:\/\/www.facebook.com\/Nachofdezber\" \/>\n\t\t<meta property=\"article:author\" content=\"https:\/\/www.facebook.com\/carrenoactualidad\" \/>\n\t\t<meta name=\"twitter:card\" content=\"summary_large_image\" \/>\n\t\t<meta name=\"twitter:site\" content=\"@NabercoDigital\" \/>\n\t\t<meta name=\"twitter:title\" content=\"Klinsmann conf\u00eda en el Mundial 2022 de Qatar | Cand\u00e1s 365\" \/>\n\t\t<meta name=\"twitter:description\" content=\"F\u00fcrth (Alemania), 8 oct (dpa) - El ex seleccionador alem\u00e1n J\u00fcrgen Klinsmann se mostr\u00f3 confiado en el \u00e9xito del pr\u00f3ximo Mundial de F\u00fatbol que se celebrar\u00e1 en Qatar en menos de tres a\u00f1os. &quot;Creo que el Mundial, que est\u00e1 a la vuelta de la esquina, ser\u00e1 un campeonato extraordinario&quot;, coment\u00f3 Klinsmann al margen de un\" \/>\n\t\t<meta name=\"twitter:creator\" content=\"@nbasturias\" \/>\n\t\t<meta name=\"twitter:image\" content=\"https:\/\/candas365.es\/noticias\/wp-content\/uploads\/2019\/10\/Klinsmann.jpg\" \/>\n\t\t<meta name=\"twitter:label1\" content=\"Escrito por\" \/>\n\t\t<meta name=\"twitter:data1\" content=\"Cand\u00e1s 365\" \/>\n\t\t<meta name=\"twitter:label2\" content=\"Tiempo de lectura estimado\" \/>\n\t\t<meta name=\"twitter:data2\" content=\"1 minuto\" \/>\n\t\t<script type=\"application\/ld+json\" class=\"aioseo-schema\">\n\t\t\t{\"@context\":\"https:\\\/\\\/schema.org\",\"@graph\":[{\"@type\":\"BreadcrumbList\",\"@id\":\"https:\\\/\\\/candas365.es\\\/noticias\\\/klinsmann-confia-en-el-mundial-2022-de-qatar\\\/#breadcrumblist\",\"itemListElement\":[{\"@type\":\"ListItem\",\"@id\":\"https:\\\/\\\/candas365.es\\\/noticias#listItem\",\"position\":1,\"name\":\"Home\",\"item\":\"https:\\\/\\\/candas365.es\\\/noticias\",\"nextItem\":{\"@type\":\"ListItem\",\"@id\":\"https:\\\/\\\/candas365.es\\\/noticias\\\/category\\\/deporte\\\/#listItem\",\"name\":\"Deporte\"}},{\"@type\":\"ListItem\",\"@id\":\"https:\\\/\\\/candas365.es\\\/noticias\\\/category\\\/deporte\\\/#listItem\",\"position\":2,\"name\":\"Deporte\",\"item\":\"https:\\\/\\\/candas365.es\\\/noticias\\\/category\\\/deporte\\\/\",\"nextItem\":{\"@type\":\"ListItem\",\"@id\":\"https:\\\/\\\/candas365.es\\\/noticias\\\/klinsmann-confia-en-el-mundial-2022-de-qatar\\\/#listItem\",\"name\":\"Klinsmann conf\\u00eda en el Mundial 2022 de Qatar\"},\"previousItem\":{\"@type\":\"ListItem\",\"@id\":\"https:\\\/\\\/candas365.es\\\/noticias#listItem\",\"name\":\"Home\"}},{\"@type\":\"ListItem\",\"@id\":\"https:\\\/\\\/candas365.es\\\/noticias\\\/klinsmann-confia-en-el-mundial-2022-de-qatar\\\/#listItem\",\"position\":3,\"name\":\"Klinsmann conf\\u00eda en el Mundial 2022 de Qatar\",\"previousItem\":{\"@type\":\"ListItem\",\"@id\":\"https:\\\/\\\/candas365.es\\\/noticias\\\/category\\\/deporte\\\/#listItem\",\"name\":\"Deporte\"}}]},{\"@type\":\"NewsArticle\",\"@id\":\"https:\\\/\\\/candas365.es\\\/noticias\\\/klinsmann-confia-en-el-mundial-2022-de-qatar\\\/#newsarticle\",\"name\":\"Klinsmann conf\\u00eda en el Mundial 2022 de Qatar | Cand\\u00e1s 365\",\"headline\":\"Klinsmann conf\\u00eda en el Mundial 2022 de Qatar\",\"author\":{\"@id\":\"https:\\\/\\\/candas365.es\\\/noticias\\\/author\\\/admin\\\/#author\"},\"publisher\":{\"@id\":\"https:\\\/\\\/candas365.es\\\/noticias\\\/#organization\"},\"image\":{\"@type\":\"ImageObject\",\"url\":\"https:\\\/\\\/candas365.es\\\/noticias\\\/wp-content\\\/uploads\\\/2019\\\/10\\\/Klinsmann.jpg\",\"width\":971,\"height\":650,\"caption\":\"Ex seleccionador alem\\u00e1n J\\u00fcrgen Klinsmann Foto: Robert Michael\\\/zb\\\/dpa\"},\"datePublished\":\"2019-10-08T15:57:48+02:00\",\"dateModified\":\"2019-10-08T15:57:48+02:00\",\"inLanguage\":\"es-ES\",\"mainEntityOfPage\":{\"@id\":\"https:\\\/\\\/candas365.es\\\/noticias\\\/klinsmann-confia-en-el-mundial-2022-de-qatar\\\/#webpage\"},\"isPartOf\":{\"@id\":\"https:\\\/\\\/candas365.es\\\/noticias\\\/klinsmann-confia-en-el-mundial-2022-de-qatar\\\/#webpage\"},\"articleSection\":\"Deporte\",\"dateline\":\"Publicado el octubre 8, 2019.\"},{\"@type\":\"Organization\",\"@id\":\"https:\\\/\\\/candas365.es\\\/noticias\\\/#organization\",\"name\":\"Cand\\u00e1s 365\",\"description\":\"Cand\\u00e1s 365 es un diario digital independiente, fundado en 2012, con base en Asturias. Informamos con rigor sobre actualidad, sociedad, cultura y ocio, con una mirada local y global.\",\"url\":\"https:\\\/\\\/candas365.es\\\/noticias\\\/\",\"email\":\"info@candas365.es\",\"telephone\":\"+34652131393\",\"foundingDate\":\"2012-06-10\",\"logo\":{\"@type\":\"ImageObject\",\"url\":\"https:\\\/\\\/candas365.es\\\/noticias\\\/wp-content\\\/uploads\\\/2024\\\/09\\\/Candas-365-Redes.jpg\",\"@id\":\"https:\\\/\\\/candas365.es\\\/noticias\\\/klinsmann-confia-en-el-mundial-2022-de-qatar\\\/#organizationLogo\",\"width\":1152,\"height\":864,\"caption\":\"Cand\\u00e1s 365 Redes\"},\"image\":{\"@id\":\"https:\\\/\\\/candas365.es\\\/noticias\\\/klinsmann-confia-en-el-mundial-2022-de-qatar\\\/#organizationLogo\"},\"sameAs\":[\"https:\\\/\\\/www.facebook.com\\\/Nachofdezber\",\"https:\\\/\\\/x.com\\\/NabercoDigital\",\"https:\\\/\\\/www.instagram.com\\\/nachofdezber\\\/\",\"https:\\\/\\\/www.youtube.com\\\/channel\\\/UCZP-2wLEB9Rv6erhFmqVnvg\"],\"address\":{\"@id\":\"https:\\\/\\\/candas365.es\\\/noticias\\\/#postaladdress\",\"@type\":\"PostalAddress\",\"streetAddress\":\"san antonio 4, san antonio 4\",\"postalCode\":\"33430\",\"addressLocality\":\"Cand\\u00e1s\",\"addressRegion\":\"Asturias\",\"addressCountry\":\"ES\"}},{\"@type\":\"Person\",\"@id\":\"https:\\\/\\\/candas365.es\\\/noticias\\\/author\\\/admin\\\/#author\",\"url\":\"https:\\\/\\\/candas365.es\\\/noticias\\\/author\\\/admin\\\/\",\"name\":\"Cand\\u00e1s 365\",\"image\":{\"@type\":\"ImageObject\",\"@id\":\"https:\\\/\\\/candas365.es\\\/noticias\\\/klinsmann-confia-en-el-mundial-2022-de-qatar\\\/#authorImage\",\"url\":\"https:\\\/\\\/secure.gravatar.com\\\/avatar\\\/496a8e03d0c493ede1718b7934145dbdf8d89be1036b0eec9544e1094c9de390?s=96&d=mm&r=g\",\"width\":96,\"height\":96,\"caption\":\"Cand\\u00e1s 365\"},\"sameAs\":[\"https:\\\/\\\/www.facebook.com\\\/carrenoactualidad\",\"https:\\\/\\\/twitter.com\\\/nbasturias\",\"https:\\\/\\\/www.instagram.com\\\/nachofdezber\\\/\",\"https:\\\/\\\/www.youtube.com\\\/channel\\\/UCZP-2wLEB9Rv6erhFmqVnvg\"]},{\"@type\":\"WebPage\",\"@id\":\"https:\\\/\\\/candas365.es\\\/noticias\\\/klinsmann-confia-en-el-mundial-2022-de-qatar\\\/#webpage\",\"url\":\"https:\\\/\\\/candas365.es\\\/noticias\\\/klinsmann-confia-en-el-mundial-2022-de-qatar\\\/\",\"name\":\"Klinsmann conf\\u00eda en el Mundial 2022 de Qatar | Cand\\u00e1s 365\",\"description\":\"F\\u00fcrth (Alemania), 8 oct (dpa) - El ex seleccionador alem\\u00e1n J\\u00fcrgen Klinsmann se mostr\\u00f3 confiado en el \\u00e9xito del pr\\u00f3ximo Mundial de F\\u00fatbol que se celebrar\\u00e1 en Qatar en menos de tres a\\u00f1os. \\\"Creo que el Mundial, que est\\u00e1 a la vuelta de la esquina, ser\\u00e1 un campeonato extraordinario\\\", coment\\u00f3 Klinsmann al margen de un\",\"inLanguage\":\"es-ES\",\"isPartOf\":{\"@id\":\"https:\\\/\\\/candas365.es\\\/noticias\\\/#website\"},\"breadcrumb\":{\"@id\":\"https:\\\/\\\/candas365.es\\\/noticias\\\/klinsmann-confia-en-el-mundial-2022-de-qatar\\\/#breadcrumblist\"},\"author\":{\"@id\":\"https:\\\/\\\/candas365.es\\\/noticias\\\/author\\\/admin\\\/#author\"},\"creator\":{\"@id\":\"https:\\\/\\\/candas365.es\\\/noticias\\\/author\\\/admin\\\/#author\"},\"image\":{\"@type\":\"ImageObject\",\"url\":\"https:\\\/\\\/candas365.es\\\/noticias\\\/wp-content\\\/uploads\\\/2019\\\/10\\\/Klinsmann.jpg\",\"@id\":\"https:\\\/\\\/candas365.es\\\/noticias\\\/klinsmann-confia-en-el-mundial-2022-de-qatar\\\/#mainImage\",\"width\":971,\"height\":650,\"caption\":\"Ex seleccionador alem\\u00e1n J\\u00fcrgen Klinsmann Foto: Robert Michael\\\/zb\\\/dpa\"},\"primaryImageOfPage\":{\"@id\":\"https:\\\/\\\/candas365.es\\\/noticias\\\/klinsmann-confia-en-el-mundial-2022-de-qatar\\\/#mainImage\"},\"datePublished\":\"2019-10-08T15:57:48+02:00\",\"dateModified\":\"2019-10-08T15:57:48+02:00\"},{\"@type\":\"WebSite\",\"@id\":\"https:\\\/\\\/candas365.es\\\/noticias\\\/#website\",\"url\":\"https:\\\/\\\/candas365.es\\\/noticias\\\/\",\"name\":\"Cand\\u00e1s 365\",\"alternateName\":\"Cand\\u00e1s 365 Noticias\",\"description\":\"Actualidad desde Carre\\u00f1o para el mundo\",\"inLanguage\":\"es-ES\",\"publisher\":{\"@id\":\"https:\\\/\\\/candas365.es\\\/noticias\\\/#organization\"}}]}\n\t\t<\/script>\n\t\t<!-- All in One SEO Pro -->\r\n\t\t<title>Klinsmann conf\u00eda en el Mundial 2022 de Qatar | Cand\u00e1s 365<\/title>\n\n","aioseo_head_json":{"title":"Klinsmann conf\u00eda en el Mundial 2022 de Qatar | Cand\u00e1s 365","description":"F\u00fcrth (Alemania), 8 oct (dpa) - El ex seleccionador alem\u00e1n J\u00fcrgen Klinsmann se mostr\u00f3 confiado en el \u00e9xito del pr\u00f3ximo Mundial de F\u00fatbol que se celebrar\u00e1 en Qatar en menos de tres a\u00f1os. \"Creo que el Mundial, que est\u00e1 a la vuelta de la esquina, ser\u00e1 un campeonato extraordinario\", coment\u00f3 Klinsmann al margen de un","canonical_url":"https:\/\/candas365.es\/noticias\/klinsmann-confia-en-el-mundial-2022-de-qatar\/","robots":"max-image-preview:large","keywords":"deporte","webmasterTools":{"google-site-verification":"UA-32230408-1","msvalidate.01":"354F3CDFB2DA171B47FBE9ABF1F88D5","miscellaneous":""},"schema":{"@context":"https:\/\/schema.org","@graph":[{"@type":"BreadcrumbList","@id":"https:\/\/candas365.es\/noticias\/klinsmann-confia-en-el-mundial-2022-de-qatar\/#breadcrumblist","itemListElement":[{"@type":"ListItem","@id":"https:\/\/candas365.es\/noticias#listItem","position":1,"name":"Home","item":"https:\/\/candas365.es\/noticias","nextItem":{"@type":"ListItem","@id":"https:\/\/candas365.es\/noticias\/category\/deporte\/#listItem","name":"Deporte"}},{"@type":"ListItem","@id":"https:\/\/candas365.es\/noticias\/category\/deporte\/#listItem","position":2,"name":"Deporte","item":"https:\/\/candas365.es\/noticias\/category\/deporte\/","nextItem":{"@type":"ListItem","@id":"https:\/\/candas365.es\/noticias\/klinsmann-confia-en-el-mundial-2022-de-qatar\/#listItem","name":"Klinsmann conf\u00eda en el Mundial 2022 de Qatar"},"previousItem":{"@type":"ListItem","@id":"https:\/\/candas365.es\/noticias#listItem","name":"Home"}},{"@type":"ListItem","@id":"https:\/\/candas365.es\/noticias\/klinsmann-confia-en-el-mundial-2022-de-qatar\/#listItem","position":3,"name":"Klinsmann conf\u00eda en el Mundial 2022 de Qatar","previousItem":{"@type":"ListItem","@id":"https:\/\/candas365.es\/noticias\/category\/deporte\/#listItem","name":"Deporte"}}]},{"@type":"NewsArticle","@id":"https:\/\/candas365.es\/noticias\/klinsmann-confia-en-el-mundial-2022-de-qatar\/#newsarticle","name":"Klinsmann conf\u00eda en el Mundial 2022 de Qatar | Cand\u00e1s 365","headline":"Klinsmann conf\u00eda en el Mundial 2022 de Qatar","author":{"@id":"https:\/\/candas365.es\/noticias\/author\/admin\/#author"},"publisher":{"@id":"https:\/\/candas365.es\/noticias\/#organization"},"image":{"@type":"ImageObject","url":"https:\/\/candas365.es\/noticias\/wp-content\/uploads\/2019\/10\/Klinsmann.jpg","width":971,"height":650,"caption":"Ex seleccionador alem\u00e1n J\u00fcrgen Klinsmann Foto: Robert Michael\/zb\/dpa"},"datePublished":"2019-10-08T15:57:48+02:00","dateModified":"2019-10-08T15:57:48+02:00","inLanguage":"es-ES","mainEntityOfPage":{"@id":"https:\/\/candas365.es\/noticias\/klinsmann-confia-en-el-mundial-2022-de-qatar\/#webpage"},"isPartOf":{"@id":"https:\/\/candas365.es\/noticias\/klinsmann-confia-en-el-mundial-2022-de-qatar\/#webpage"},"articleSection":"Deporte","dateline":"Publicado el octubre 8, 2019."},{"@type":"Organization","@id":"https:\/\/candas365.es\/noticias\/#organization","name":"Cand\u00e1s 365","description":"Cand\u00e1s 365 es un diario digital independiente, fundado en 2012, con base en Asturias. Informamos con rigor sobre actualidad, sociedad, cultura y ocio, con una mirada local y global.","url":"https:\/\/candas365.es\/noticias\/","email":"info@candas365.es","telephone":"+34652131393","foundingDate":"2012-06-10","logo":{"@type":"ImageObject","url":"https:\/\/candas365.es\/noticias\/wp-content\/uploads\/2024\/09\/Candas-365-Redes.jpg","@id":"https:\/\/candas365.es\/noticias\/klinsmann-confia-en-el-mundial-2022-de-qatar\/#organizationLogo","width":1152,"height":864,"caption":"Cand\u00e1s 365 Redes"},"image":{"@id":"https:\/\/candas365.es\/noticias\/klinsmann-confia-en-el-mundial-2022-de-qatar\/#organizationLogo"},"sameAs":["https:\/\/www.facebook.com\/Nachofdezber","https:\/\/x.com\/NabercoDigital","https:\/\/www.instagram.com\/nachofdezber\/","https:\/\/www.youtube.com\/channel\/UCZP-2wLEB9Rv6erhFmqVnvg"],"address":{"@id":"https:\/\/candas365.es\/noticias\/#postaladdress","@type":"PostalAddress","streetAddress":"san antonio 4, san antonio 4","postalCode":"33430","addressLocality":"Cand\u00e1s","addressRegion":"Asturias","addressCountry":"ES"}},{"@type":"Person","@id":"https:\/\/candas365.es\/noticias\/author\/admin\/#author","url":"https:\/\/candas365.es\/noticias\/author\/admin\/","name":"Cand\u00e1s 365","image":{"@type":"ImageObject","@id":"https:\/\/candas365.es\/noticias\/klinsmann-confia-en-el-mundial-2022-de-qatar\/#authorImage","url":"https:\/\/secure.gravatar.com\/avatar\/496a8e03d0c493ede1718b7934145dbdf8d89be1036b0eec9544e1094c9de390?s=96&d=mm&r=g","width":96,"height":96,"caption":"Cand\u00e1s 365"},"sameAs":["https:\/\/www.facebook.com\/carrenoactualidad","https:\/\/twitter.com\/nbasturias","https:\/\/www.instagram.com\/nachofdezber\/","https:\/\/www.youtube.com\/channel\/UCZP-2wLEB9Rv6erhFmqVnvg"]},{"@type":"WebPage","@id":"https:\/\/candas365.es\/noticias\/klinsmann-confia-en-el-mundial-2022-de-qatar\/#webpage","url":"https:\/\/candas365.es\/noticias\/klinsmann-confia-en-el-mundial-2022-de-qatar\/","name":"Klinsmann conf\u00eda en el Mundial 2022 de Qatar | Cand\u00e1s 365","description":"F\u00fcrth (Alemania), 8 oct (dpa) - El ex seleccionador alem\u00e1n J\u00fcrgen Klinsmann se mostr\u00f3 confiado en el \u00e9xito del pr\u00f3ximo Mundial de F\u00fatbol que se celebrar\u00e1 en Qatar en menos de tres a\u00f1os. \"Creo que el Mundial, que est\u00e1 a la vuelta de la esquina, ser\u00e1 un campeonato extraordinario\", coment\u00f3 Klinsmann al margen de un","inLanguage":"es-ES","isPartOf":{"@id":"https:\/\/candas365.es\/noticias\/#website"},"breadcrumb":{"@id":"https:\/\/candas365.es\/noticias\/klinsmann-confia-en-el-mundial-2022-de-qatar\/#breadcrumblist"},"author":{"@id":"https:\/\/candas365.es\/noticias\/author\/admin\/#author"},"creator":{"@id":"https:\/\/candas365.es\/noticias\/author\/admin\/#author"},"image":{"@type":"ImageObject","url":"https:\/\/candas365.es\/noticias\/wp-content\/uploads\/2019\/10\/Klinsmann.jpg","@id":"https:\/\/candas365.es\/noticias\/klinsmann-confia-en-el-mundial-2022-de-qatar\/#mainImage","width":971,"height":650,"caption":"Ex seleccionador alem\u00e1n J\u00fcrgen Klinsmann Foto: Robert Michael\/zb\/dpa"},"primaryImageOfPage":{"@id":"https:\/\/candas365.es\/noticias\/klinsmann-confia-en-el-mundial-2022-de-qatar\/#mainImage"},"datePublished":"2019-10-08T15:57:48+02:00","dateModified":"2019-10-08T15:57:48+02:00"},{"@type":"WebSite","@id":"https:\/\/candas365.es\/noticias\/#website","url":"https:\/\/candas365.es\/noticias\/","name":"Cand\u00e1s 365","alternateName":"Cand\u00e1s 365 Noticias","description":"Actualidad desde Carre\u00f1o para el mundo","inLanguage":"es-ES","publisher":{"@id":"https:\/\/candas365.es\/noticias\/#organization"}}]},"og:locale":"es_ES","og:site_name":"Cand\u00e1s 365","og:type":"article","og:title":"Klinsmann conf\u00eda en el Mundial 2022 de Qatar | Cand\u00e1s 365","og:description":"F\u00fcrth (Alemania), 8 oct (dpa) - El ex seleccionador alem\u00e1n J\u00fcrgen Klinsmann se mostr\u00f3 confiado en el \u00e9xito del pr\u00f3ximo Mundial de F\u00fatbol que se celebrar\u00e1 en Qatar en menos de tres a\u00f1os. &quot;Creo que el Mundial, que est\u00e1 a la vuelta de la esquina, ser\u00e1 un campeonato extraordinario&quot;, coment\u00f3 Klinsmann al margen de un","og:url":"https:\/\/candas365.es\/noticias\/klinsmann-confia-en-el-mundial-2022-de-qatar\/","og:image":"https:\/\/candas365.es\/noticias\/wp-content\/uploads\/2019\/10\/Klinsmann.jpg","og:image:secure_url":"https:\/\/candas365.es\/noticias\/wp-content\/uploads\/2019\/10\/Klinsmann.jpg","og:image:width":971,"og:image:height":650,"article:published_time":"2019-10-08T15:57:48+00:00","article:modified_time":"2019-10-08T15:57:48+00:00","article:publisher":"https:\/\/www.facebook.com\/Nachofdezber","article:author":"https:\/\/www.facebook.com\/carrenoactualidad","twitter:card":"summary_large_image","twitter:site":"@NabercoDigital","twitter:title":"Klinsmann conf\u00eda en el Mundial 2022 de Qatar | Cand\u00e1s 365","twitter:description":"F\u00fcrth (Alemania), 8 oct (dpa) - El ex seleccionador alem\u00e1n J\u00fcrgen Klinsmann se mostr\u00f3 confiado en el \u00e9xito del pr\u00f3ximo Mundial de F\u00fatbol que se celebrar\u00e1 en Qatar en menos de tres a\u00f1os. &quot;Creo que el Mundial, que est\u00e1 a la vuelta de la esquina, ser\u00e1 un campeonato extraordinario&quot;, coment\u00f3 Klinsmann al margen de un","twitter:creator":"@nbasturias","twitter:image":"https:\/\/candas365.es\/noticias\/wp-content\/uploads\/2019\/10\/Klinsmann.jpg","twitter:label1":"Escrito por","twitter:data1":"Cand\u00e1s 365","twitter:label2":"Tiempo de lectura estimado","twitter:data2":"1 minuto"},"aioseo_meta_data":{"post_id":"131052","title":null,"description":null,"keywords":null,"keyphrases":null,"primary_term":null,"canonical_url":null,"og_title":null,"og_description":null,"og_object_type":"default","og_image_type":"default","og_image_url":null,"og_image_width":null,"og_image_height":null,"og_image_custom_url":null,"og_image_custom_fields":null,"og_video":null,"og_custom_url":null,"og_article_section":null,"og_article_tags":null,"twitter_use_og":false,"twitter_card":"default","twitter_image_type":"default","twitter_image_url":null,"twitter_image_custom_url":null,"twitter_image_custom_fields":null,"twitter_title":null,"twitter_description":null,"schema":{"blockGraphs":[],"customGraphs":[],"default":{"data":{"Article":[],"Course":[],"Dataset":[],"FAQPage":[],"Movie":[],"Person":[],"Product":[],"ProductReview":[],"Car":[],"Recipe":[],"Service":[],"SoftwareApplication":[],"WebPage":[]},"graphName":"","isEnabled":true},"graphs":[]},"schema_type":null,"schema_type_options":null,"pillar_content":false,"robots_default":true,"robots_noindex":false,"robots_noarchive":false,"robots_nosnippet":false,"robots_nofollow":false,"robots_noimageindex":false,"robots_noodp":false,"robots_notranslate":false,"robots_max_snippet":null,"robots_max_videopreview":null,"robots_max_imagepreview":"large","priority":null,"frequency":null,"location":null,"local_seo":null,"seo_analyzer_scan_date":"2025-08-30 15:07:40","breadcrumb_settings":null,"limit_modified_date":false,"reviewed_by":null,"open_ai":null,"ai":null,"created":"2020-12-21 10:51:56","updated":"2025-08-30 15:07:40"},"aioseo_breadcrumb":"<div class=\"aioseo-breadcrumbs\"><span class=\"aioseo-breadcrumb\">\n\t<a href=\"https:\/\/candas365.es\/noticias\" title=\"Home\">Home<\/a>\n<\/span><span class=\"aioseo-breadcrumb-separator\">&ndash;<\/span><span class=\"aioseo-breadcrumb\">\n\t<a href=\"https:\/\/candas365.es\/noticias\/category\/deporte\/\" title=\"Deporte\">Deporte<\/a>\n<\/span><span class=\"aioseo-breadcrumb-separator\">&ndash;<\/span><span class=\"aioseo-breadcrumb\">\n\tKlinsmann conf\u00eda en el Mundial 2022 de Qatar\n<\/span><\/div>","aioseo_breadcrumb_json":[{"label":"Home","link":"https:\/\/candas365.es\/noticias"},{"label":"Deporte","link":"https:\/\/candas365.es\/noticias\/category\/deporte\/"},{"label":"Klinsmann conf\u00eda en el Mundial 2022 de Qatar","link":"https:\/\/candas365.es\/noticias\/klinsmann-confia-en-el-mundial-2022-de-qatar\/"}],"_links":{"self":[{"href":"https:\/\/candas365.es\/noticias\/wp-json\/wp\/v2\/posts\/131052","targetHints":{"allow":["GET"]}}],"collection":[{"href":"https:\/\/candas365.es\/noticias\/wp-json\/wp\/v2\/posts"}],"about":[{"href":"https:\/\/candas365.es\/noticias\/wp-json\/wp\/v2\/types\/post"}],"author":[{"embeddable":true,"href":"https:\/\/candas365.es\/noticias\/wp-json\/wp\/v2\/users\/1"}],"replies":[{"embeddable":true,"href":"https:\/\/candas365.es\/noticias\/wp-json\/wp\/v2\/comments?post=131052"}],"version-history":[{"count":0,"href":"https:\/\/candas365.es\/noticias\/wp-json\/wp\/v2\/posts\/131052\/revisions"}],"wp:featuredmedia":[{"embeddable":true,"href":"https:\/\/candas365.es\/noticias\/wp-json\/wp\/v2\/media\/131054"}],"wp:attachment":[{"href":"https:\/\/candas365.es\/noticias\/wp-json\/wp\/v2\/media?parent=131052"}],"wp:term":[{"taxonomy":"category","embeddable":true,"href":"https:\/\/candas365.es\/noticias\/wp-json\/wp\/v2\/categories?post=131052"},{"taxonomy":"post_tag","embeddable":true,"href":"https:\/\/candas365.es\/noticias\/wp-json\/wp\/v2\/tags?post=131052"}],"curies":[{"name":"wp","href":"https:\/\/api.w.org\/{rel}","templated":true}]}}