{"id":130946,"date":"2019-10-07T12:48:42","date_gmt":"2019-10-07T12:48:42","guid":{"rendered":"http:\/\/candas365.es\/noticias\/?p=130946"},"modified":"2019-10-07T12:48:42","modified_gmt":"2019-10-07T12:48:42","slug":"teatro-inclusivo-en-candas","status":"publish","type":"post","link":"https:\/\/candas365.es\/noticias\/teatro-inclusivo-en-candas\/","title":{"rendered":"Teatro Inclusivo en Cand\u00e1s"},"content":{"rendered":"<p><img fetchpriority=\"high\" decoding=\"async\" class=\"alignleft size-medium wp-image-16323\" src=\"https:\/\/candas365.es\/noticias\/wp-content\/uploads\/2015\/09\/cine-candas-360x198.jpg\" alt=\"\" width=\"360\" height=\"198\" srcset=\"https:\/\/candas365.es\/noticias\/wp-content\/uploads\/2015\/09\/cine-candas-360x198.jpg 360w, https:\/\/candas365.es\/noticias\/wp-content\/uploads\/2015\/09\/cine-candas-650x357.jpg 650w, https:\/\/candas365.es\/noticias\/wp-content\/uploads\/2015\/09\/cine-candas-150x82.jpg 150w, https:\/\/candas365.es\/noticias\/wp-content\/uploads\/2015\/09\/cine-candas-450x247.jpg 450w, https:\/\/candas365.es\/noticias\/wp-content\/uploads\/2015\/09\/cine-candas.jpg 655w\" sizes=\"(max-width: 360px) 100vw, 360px\" \/>En el marco de la celebraci\u00f3n del D\u00eda Internacional de las Personas con Discapacidad, el colectivo de personas con discapacidad del Centro de Apoyo a la Integraci\u00f3n ( CAI) de Cand\u00e1s subir\u00e1n a las tablas del Teatro Prendes para representar una obra teatral.<\/p>\n<p>La cita tendr\u00e1 lugar el Mi\u00e9rcoles 4 de Diciembre a las 12:30 horas, en lo que ser\u00e1 su primer estreno como actores y actrices en un gran Teatro Inclusivo. La muestra constar\u00e1 de dos partes diferenciadas, en las que bajo la direcci\u00f3n de la actriz candasina Ver\u00f3nica Guti\u00e9rrez y Carolina Taranc\u00f3n escenificar\u00e1n por un lado \u201cUn viaje por la Historia de la Danza\u201d y por otro, el \u201cMago de Off\u201d.<\/p>\n<p>En la muestra pondr\u00e1n en pr\u00e1ctica los conocimientos adquiridos en el \u201cTaller de Teatro y Movimiento\u201d, actividad que financia el Ayuntamiento de Carre\u00f1o como fruto del convenio suscrito entre el Consistorio y la Fundaci\u00f3n FASAD, encargada de la gesti\u00f3n del Centro. El taller teatral comenz\u00f3 en el mes de Marzo y hasta Diciembre. Lo imparten todos los Lunes en el Centro Polivalente \u201cLa Baraga\u00f1a\u201d dos actrices profesionales pertenecientes a la compa\u00f1\u00eda de teatro \u201cE Vero Teatro\u201d.<\/p>\n<p>\u201cEl consistorio de Carre\u00f1o tiene un firme compromiso con la ciudadan\u00eda, especialmente con las personas m\u00e1s vulnerables, por ello a trav\u00e9s de un convenio de colaboraci\u00f3n con la Fundaci\u00f3n Fasad con el objetivo de articular una serie de medidas para promover la accesibilidad de las personas mayores y las que tienen diversidad funcional a los bienes y servicios municipales. Medidas encaminadas a garantizar el acceso a los mismos con los apoyos que requieran y hacerlo en plena igualdad\u201d \u2013 se\u00f1al\u00f3 Amelia Fern\u00e1ndez, Alcaldesa de Carre\u00f1o<\/p>\n<p>\u201cEn virtud de este acuerdo, el Ayuntamiento de Carre\u00f1o y sus organismos adscritos a\u00fanan esfuerzos y sumando recursos p\u00fablicos para facilitar la participaci\u00f3n inclusiva de las personas mayores y\/o personas con diversidad funcional en iniciativas municipales con el \u00e1nimo de mejorar sus integraci\u00f3n e inserci\u00f3n social y el desarrollo pleno de sus facultades y capacidades culturales y humanas. Este Taller de Teatro y Movimiento es un claro ejemplo, que ha tenido como consecuencia la pr\u00f3xima representaci\u00f3n teatral, pionera en nuestro concejo\u201d prosigui\u00f3 la Alcaldesa<\/p>\n<p>\u201cA trav\u00e9s de las t\u00e9cnicas de expresi\u00f3n corporal, de la voz y la interpretaci\u00f3n se ha intentado generar en este colectivo nuevas formas de compartir, de comunicarse y de engendrar ideas que les ayuden a ser m\u00e1s personas m\u00e1s resolutivas y aut\u00f3nomas; mejorar su capacidad de atenci\u00f3n y concentraci\u00f3n; mejorar su coordinaci\u00f3n, estructuraci\u00f3n espacio-temporal y el control posturas, adem\u00e1s de trabajar la motricidad del grupo, lo que ha reforzado su autoestima y con ello sus relaciones interpersonales\u201d explic\u00f3 Fern\u00e1ndez<\/p>\n<p>Con esta primera representaci\u00f3n teatral de las personas adultas con diversidad funcional en el marco del D\u00eda Internacional de las Personas con Discapacidad, se reafirma el compromiso municipal de trabajar juntos y juntas por un mundo mejor que sea inclusivo, equitativo y sostenible para todos y todas. De esta forma con las acciones programadas y desarrolladas por la entidad local nos acercamos m\u00e1s al objetivo del empoderamiento de las personas con diversidad para asegurar un desarrollo sostenible, inclusivo e igualitario, y de esta manera acercarnos, si cabe un poco m\u00e1s al cumplimiento de los Objetivos de Desarrollo Sostenible de la Agenda de Desarrollo Sostenible, la cual para el a\u00f1o 2030 se ha comprometido a \u201cno dejar nadie m\u00e1s\u201d.<\/p>\n","protected":false},"excerpt":{"rendered":"<p>En el marco de la celebraci\u00f3n del D\u00eda Internacional de las Personas con Discapacidad, el colectivo de personas con discapacidad del Centro de Apoyo a la Integraci\u00f3n ( CAI) de Cand\u00e1s subir\u00e1n a las tablas del Teatro Prendes para representar una obra teatral. La cita tendr\u00e1 lugar el Mi\u00e9rcoles 4 de Diciembre a las 12:30<\/p>\n","protected":false},"author":1,"featured_media":16323,"comment_status":"closed","ping_status":"closed","sticky":false,"template":"","format":"standard","meta":{"footnotes":""},"categories":[2],"tags":[],"class_list":{"0":"post-130946","1":"post","2":"type-post","3":"status-publish","4":"format-standard","5":"has-post-thumbnail","7":"category-noticias-carreno"},"aioseo_notices":[],"aioseo_head":"\n\t\t<!-- All in One SEO Pro 4.9.6.2 - aioseo.com -->\n\t<meta name=\"description\" content=\"En el marco de la celebraci\u00f3n del D\u00eda Internacional de las Personas con Discapacidad, el colectivo de personas con discapacidad del Centro de Apoyo a la Integraci\u00f3n ( CAI) de Cand\u00e1s subir\u00e1n a las tablas del Teatro Prendes para representar una obra teatral. La cita tendr\u00e1 lugar el Mi\u00e9rcoles 4 de Diciembre a las 12:30\" \/>\n\t<meta name=\"robots\" content=\"max-image-preview:large\" \/>\n\t<meta name=\"author\" content=\"Cand\u00e1s 365\"\/>\n\t<meta name=\"google-site-verification\" content=\"UA-32230408-1\" \/>\n\t<meta name=\"msvalidate.01\" content=\"354F3CDFB2DA171B47FBE9ABF1F88D5\" \/>\n\t<meta name=\"keywords\" content=\"noticias carre\u00f1o\" \/>\n\t<link rel=\"canonical\" href=\"https:\/\/candas365.es\/noticias\/teatro-inclusivo-en-candas\/\" \/>\n\t<meta name=\"generator\" content=\"All in One SEO Pro (AIOSEO) 4.9.6.2\" \/>\n\t\t<meta property=\"og:locale\" content=\"es_ES\" \/>\n\t\t<meta property=\"og:site_name\" content=\"Cand\u00e1s 365\" \/>\n\t\t<meta property=\"og:type\" content=\"article\" \/>\n\t\t<meta property=\"og:title\" content=\"Teatro Inclusivo en Cand\u00e1s | Cand\u00e1s 365\" \/>\n\t\t<meta property=\"og:description\" content=\"En el marco de la celebraci\u00f3n del D\u00eda Internacional de las Personas con Discapacidad, el colectivo de personas con discapacidad del Centro de Apoyo a la Integraci\u00f3n ( CAI) de Cand\u00e1s subir\u00e1n a las tablas del Teatro Prendes para representar una obra teatral. La cita tendr\u00e1 lugar el Mi\u00e9rcoles 4 de Diciembre a las 12:30\" \/>\n\t\t<meta property=\"og:url\" content=\"https:\/\/candas365.es\/noticias\/teatro-inclusivo-en-candas\/\" \/>\n\t\t<meta property=\"og:image\" content=\"https:\/\/candas365.es\/noticias\/wp-content\/uploads\/2015\/09\/cine-candas.jpg\" \/>\n\t\t<meta property=\"og:image:secure_url\" content=\"https:\/\/candas365.es\/noticias\/wp-content\/uploads\/2015\/09\/cine-candas.jpg\" \/>\n\t\t<meta property=\"og:image:width\" content=\"655\" \/>\n\t\t<meta property=\"og:image:height\" content=\"360\" \/>\n\t\t<meta property=\"article:published_time\" content=\"2019-10-07T12:48:42+00:00\" \/>\n\t\t<meta property=\"article:modified_time\" content=\"2019-10-07T12:48:42+00:00\" \/>\n\t\t<meta property=\"article:publisher\" content=\"https:\/\/www.facebook.com\/Nachofdezber\" \/>\n\t\t<meta property=\"article:author\" content=\"https:\/\/www.facebook.com\/carrenoactualidad\" \/>\n\t\t<meta name=\"twitter:card\" content=\"summary_large_image\" \/>\n\t\t<meta name=\"twitter:site\" content=\"@NabercoDigital\" \/>\n\t\t<meta name=\"twitter:title\" content=\"Teatro Inclusivo en Cand\u00e1s | Cand\u00e1s 365\" \/>\n\t\t<meta name=\"twitter:description\" content=\"En el marco de la celebraci\u00f3n del D\u00eda Internacional de las Personas con Discapacidad, el colectivo de personas con discapacidad del Centro de Apoyo a la Integraci\u00f3n ( CAI) de Cand\u00e1s subir\u00e1n a las tablas del Teatro Prendes para representar una obra teatral. La cita tendr\u00e1 lugar el Mi\u00e9rcoles 4 de Diciembre a las 12:30\" \/>\n\t\t<meta name=\"twitter:creator\" content=\"@nbasturias\" \/>\n\t\t<meta name=\"twitter:image\" content=\"https:\/\/candas365.es\/noticias\/wp-content\/uploads\/2015\/09\/cine-candas.jpg\" \/>\n\t\t<meta name=\"twitter:label1\" content=\"Escrito por\" \/>\n\t\t<meta name=\"twitter:data1\" content=\"Cand\u00e1s 365\" \/>\n\t\t<meta name=\"twitter:label2\" content=\"Tiempo de lectura estimado\" \/>\n\t\t<meta name=\"twitter:data2\" content=\"3 minutos\" \/>\n\t\t<script type=\"application\/ld+json\" class=\"aioseo-schema\">\n\t\t\t{\"@context\":\"https:\\\/\\\/schema.org\",\"@graph\":[{\"@type\":\"BreadcrumbList\",\"@id\":\"https:\\\/\\\/candas365.es\\\/noticias\\\/teatro-inclusivo-en-candas\\\/#breadcrumblist\",\"itemListElement\":[{\"@type\":\"ListItem\",\"@id\":\"https:\\\/\\\/candas365.es\\\/noticias#listItem\",\"position\":1,\"name\":\"Home\",\"item\":\"https:\\\/\\\/candas365.es\\\/noticias\",\"nextItem\":{\"@type\":\"ListItem\",\"@id\":\"https:\\\/\\\/candas365.es\\\/noticias\\\/category\\\/noticias-carreno\\\/#listItem\",\"name\":\"Noticias Carre\\u00f1o\"}},{\"@type\":\"ListItem\",\"@id\":\"https:\\\/\\\/candas365.es\\\/noticias\\\/category\\\/noticias-carreno\\\/#listItem\",\"position\":2,\"name\":\"Noticias Carre\\u00f1o\",\"item\":\"https:\\\/\\\/candas365.es\\\/noticias\\\/category\\\/noticias-carreno\\\/\",\"nextItem\":{\"@type\":\"ListItem\",\"@id\":\"https:\\\/\\\/candas365.es\\\/noticias\\\/teatro-inclusivo-en-candas\\\/#listItem\",\"name\":\"Teatro Inclusivo en Cand\\u00e1s\"},\"previousItem\":{\"@type\":\"ListItem\",\"@id\":\"https:\\\/\\\/candas365.es\\\/noticias#listItem\",\"name\":\"Home\"}},{\"@type\":\"ListItem\",\"@id\":\"https:\\\/\\\/candas365.es\\\/noticias\\\/teatro-inclusivo-en-candas\\\/#listItem\",\"position\":3,\"name\":\"Teatro Inclusivo en Cand\\u00e1s\",\"previousItem\":{\"@type\":\"ListItem\",\"@id\":\"https:\\\/\\\/candas365.es\\\/noticias\\\/category\\\/noticias-carreno\\\/#listItem\",\"name\":\"Noticias Carre\\u00f1o\"}}]},{\"@type\":\"NewsArticle\",\"@id\":\"https:\\\/\\\/candas365.es\\\/noticias\\\/teatro-inclusivo-en-candas\\\/#newsarticle\",\"name\":\"Teatro Inclusivo en Cand\\u00e1s | Cand\\u00e1s 365\",\"headline\":\"Teatro Inclusivo en Cand\\u00e1s\",\"author\":{\"@id\":\"https:\\\/\\\/candas365.es\\\/noticias\\\/author\\\/admin\\\/#author\"},\"publisher\":{\"@id\":\"https:\\\/\\\/candas365.es\\\/noticias\\\/#organization\"},\"image\":{\"@type\":\"ImageObject\",\"url\":\"https:\\\/\\\/candas365.es\\\/noticias\\\/wp-content\\\/uploads\\\/2015\\\/09\\\/cine-candas.jpg\",\"width\":655,\"height\":360},\"datePublished\":\"2019-10-07T12:48:42+02:00\",\"dateModified\":\"2019-10-07T12:48:42+02:00\",\"inLanguage\":\"es-ES\",\"mainEntityOfPage\":{\"@id\":\"https:\\\/\\\/candas365.es\\\/noticias\\\/teatro-inclusivo-en-candas\\\/#webpage\"},\"isPartOf\":{\"@id\":\"https:\\\/\\\/candas365.es\\\/noticias\\\/teatro-inclusivo-en-candas\\\/#webpage\"},\"articleSection\":\"Noticias Carre\\u00f1o\",\"dateline\":\"Publicado el octubre 7, 2019.\"},{\"@type\":\"Organization\",\"@id\":\"https:\\\/\\\/candas365.es\\\/noticias\\\/#organization\",\"name\":\"Cand\\u00e1s 365\",\"description\":\"Cand\\u00e1s 365 es un diario digital independiente, fundado en 2012, con base en Asturias. Informamos con rigor sobre actualidad, sociedad, cultura y ocio, con una mirada local y global.\",\"url\":\"https:\\\/\\\/candas365.es\\\/noticias\\\/\",\"email\":\"info@candas365.es\",\"telephone\":\"+34652131393\",\"foundingDate\":\"2012-06-10\",\"logo\":{\"@type\":\"ImageObject\",\"url\":\"https:\\\/\\\/candas365.es\\\/noticias\\\/wp-content\\\/uploads\\\/2024\\\/09\\\/Candas-365-Redes.jpg\",\"@id\":\"https:\\\/\\\/candas365.es\\\/noticias\\\/teatro-inclusivo-en-candas\\\/#organizationLogo\",\"width\":1152,\"height\":864,\"caption\":\"Cand\\u00e1s 365 Redes\"},\"image\":{\"@id\":\"https:\\\/\\\/candas365.es\\\/noticias\\\/teatro-inclusivo-en-candas\\\/#organizationLogo\"},\"sameAs\":[\"https:\\\/\\\/www.facebook.com\\\/Nachofdezber\",\"https:\\\/\\\/x.com\\\/NabercoDigital\",\"https:\\\/\\\/www.instagram.com\\\/nachofdezber\\\/\",\"https:\\\/\\\/www.youtube.com\\\/channel\\\/UCZP-2wLEB9Rv6erhFmqVnvg\"],\"address\":{\"@id\":\"https:\\\/\\\/candas365.es\\\/noticias\\\/#postaladdress\",\"@type\":\"PostalAddress\",\"streetAddress\":\"san antonio 4, san antonio 4\",\"postalCode\":\"33430\",\"addressLocality\":\"Cand\\u00e1s\",\"addressRegion\":\"Asturias\",\"addressCountry\":\"ES\"}},{\"@type\":\"Person\",\"@id\":\"https:\\\/\\\/candas365.es\\\/noticias\\\/author\\\/admin\\\/#author\",\"url\":\"https:\\\/\\\/candas365.es\\\/noticias\\\/author\\\/admin\\\/\",\"name\":\"Cand\\u00e1s 365\",\"image\":{\"@type\":\"ImageObject\",\"@id\":\"https:\\\/\\\/candas365.es\\\/noticias\\\/teatro-inclusivo-en-candas\\\/#authorImage\",\"url\":\"https:\\\/\\\/secure.gravatar.com\\\/avatar\\\/496a8e03d0c493ede1718b7934145dbdf8d89be1036b0eec9544e1094c9de390?s=96&d=mm&r=g\",\"width\":96,\"height\":96,\"caption\":\"Cand\\u00e1s 365\"},\"sameAs\":[\"https:\\\/\\\/www.facebook.com\\\/carrenoactualidad\",\"https:\\\/\\\/twitter.com\\\/nbasturias\",\"https:\\\/\\\/www.instagram.com\\\/nachofdezber\\\/\",\"https:\\\/\\\/www.youtube.com\\\/channel\\\/UCZP-2wLEB9Rv6erhFmqVnvg\"]},{\"@type\":\"WebPage\",\"@id\":\"https:\\\/\\\/candas365.es\\\/noticias\\\/teatro-inclusivo-en-candas\\\/#webpage\",\"url\":\"https:\\\/\\\/candas365.es\\\/noticias\\\/teatro-inclusivo-en-candas\\\/\",\"name\":\"Teatro Inclusivo en Cand\\u00e1s | Cand\\u00e1s 365\",\"description\":\"En el marco de la celebraci\\u00f3n del D\\u00eda Internacional de las Personas con Discapacidad, el colectivo de personas con discapacidad del Centro de Apoyo a la Integraci\\u00f3n ( CAI) de Cand\\u00e1s subir\\u00e1n a las tablas del Teatro Prendes para representar una obra teatral. La cita tendr\\u00e1 lugar el Mi\\u00e9rcoles 4 de Diciembre a las 12:30\",\"inLanguage\":\"es-ES\",\"isPartOf\":{\"@id\":\"https:\\\/\\\/candas365.es\\\/noticias\\\/#website\"},\"breadcrumb\":{\"@id\":\"https:\\\/\\\/candas365.es\\\/noticias\\\/teatro-inclusivo-en-candas\\\/#breadcrumblist\"},\"author\":{\"@id\":\"https:\\\/\\\/candas365.es\\\/noticias\\\/author\\\/admin\\\/#author\"},\"creator\":{\"@id\":\"https:\\\/\\\/candas365.es\\\/noticias\\\/author\\\/admin\\\/#author\"},\"image\":{\"@type\":\"ImageObject\",\"url\":\"https:\\\/\\\/candas365.es\\\/noticias\\\/wp-content\\\/uploads\\\/2015\\\/09\\\/cine-candas.jpg\",\"@id\":\"https:\\\/\\\/candas365.es\\\/noticias\\\/teatro-inclusivo-en-candas\\\/#mainImage\",\"width\":655,\"height\":360},\"primaryImageOfPage\":{\"@id\":\"https:\\\/\\\/candas365.es\\\/noticias\\\/teatro-inclusivo-en-candas\\\/#mainImage\"},\"datePublished\":\"2019-10-07T12:48:42+02:00\",\"dateModified\":\"2019-10-07T12:48:42+02:00\"},{\"@type\":\"WebSite\",\"@id\":\"https:\\\/\\\/candas365.es\\\/noticias\\\/#website\",\"url\":\"https:\\\/\\\/candas365.es\\\/noticias\\\/\",\"name\":\"Cand\\u00e1s 365\",\"alternateName\":\"Cand\\u00e1s 365 Noticias\",\"description\":\"Actualidad desde Carre\\u00f1o para el mundo\",\"inLanguage\":\"es-ES\",\"publisher\":{\"@id\":\"https:\\\/\\\/candas365.es\\\/noticias\\\/#organization\"}}]}\n\t\t<\/script>\n\t\t<!-- All in One SEO Pro -->\r\n\t\t<title>Teatro Inclusivo en Cand\u00e1s | Cand\u00e1s 365<\/title>\n\n","aioseo_head_json":{"title":"Teatro Inclusivo en Cand\u00e1s | Cand\u00e1s 365","description":"En el marco de la celebraci\u00f3n del D\u00eda Internacional de las Personas con Discapacidad, el colectivo de personas con discapacidad del Centro de Apoyo a la Integraci\u00f3n ( CAI) de Cand\u00e1s subir\u00e1n a las tablas del Teatro Prendes para representar una obra teatral. La cita tendr\u00e1 lugar el Mi\u00e9rcoles 4 de Diciembre a las 12:30","canonical_url":"https:\/\/candas365.es\/noticias\/teatro-inclusivo-en-candas\/","robots":"max-image-preview:large","keywords":"noticias carre\u00f1o","webmasterTools":{"google-site-verification":"UA-32230408-1","msvalidate.01":"354F3CDFB2DA171B47FBE9ABF1F88D5","miscellaneous":""},"schema":{"@context":"https:\/\/schema.org","@graph":[{"@type":"BreadcrumbList","@id":"https:\/\/candas365.es\/noticias\/teatro-inclusivo-en-candas\/#breadcrumblist","itemListElement":[{"@type":"ListItem","@id":"https:\/\/candas365.es\/noticias#listItem","position":1,"name":"Home","item":"https:\/\/candas365.es\/noticias","nextItem":{"@type":"ListItem","@id":"https:\/\/candas365.es\/noticias\/category\/noticias-carreno\/#listItem","name":"Noticias Carre\u00f1o"}},{"@type":"ListItem","@id":"https:\/\/candas365.es\/noticias\/category\/noticias-carreno\/#listItem","position":2,"name":"Noticias Carre\u00f1o","item":"https:\/\/candas365.es\/noticias\/category\/noticias-carreno\/","nextItem":{"@type":"ListItem","@id":"https:\/\/candas365.es\/noticias\/teatro-inclusivo-en-candas\/#listItem","name":"Teatro Inclusivo en Cand\u00e1s"},"previousItem":{"@type":"ListItem","@id":"https:\/\/candas365.es\/noticias#listItem","name":"Home"}},{"@type":"ListItem","@id":"https:\/\/candas365.es\/noticias\/teatro-inclusivo-en-candas\/#listItem","position":3,"name":"Teatro Inclusivo en Cand\u00e1s","previousItem":{"@type":"ListItem","@id":"https:\/\/candas365.es\/noticias\/category\/noticias-carreno\/#listItem","name":"Noticias Carre\u00f1o"}}]},{"@type":"NewsArticle","@id":"https:\/\/candas365.es\/noticias\/teatro-inclusivo-en-candas\/#newsarticle","name":"Teatro Inclusivo en Cand\u00e1s | Cand\u00e1s 365","headline":"Teatro Inclusivo en Cand\u00e1s","author":{"@id":"https:\/\/candas365.es\/noticias\/author\/admin\/#author"},"publisher":{"@id":"https:\/\/candas365.es\/noticias\/#organization"},"image":{"@type":"ImageObject","url":"https:\/\/candas365.es\/noticias\/wp-content\/uploads\/2015\/09\/cine-candas.jpg","width":655,"height":360},"datePublished":"2019-10-07T12:48:42+02:00","dateModified":"2019-10-07T12:48:42+02:00","inLanguage":"es-ES","mainEntityOfPage":{"@id":"https:\/\/candas365.es\/noticias\/teatro-inclusivo-en-candas\/#webpage"},"isPartOf":{"@id":"https:\/\/candas365.es\/noticias\/teatro-inclusivo-en-candas\/#webpage"},"articleSection":"Noticias Carre\u00f1o","dateline":"Publicado el octubre 7, 2019."},{"@type":"Organization","@id":"https:\/\/candas365.es\/noticias\/#organization","name":"Cand\u00e1s 365","description":"Cand\u00e1s 365 es un diario digital independiente, fundado en 2012, con base en Asturias. Informamos con rigor sobre actualidad, sociedad, cultura y ocio, con una mirada local y global.","url":"https:\/\/candas365.es\/noticias\/","email":"info@candas365.es","telephone":"+34652131393","foundingDate":"2012-06-10","logo":{"@type":"ImageObject","url":"https:\/\/candas365.es\/noticias\/wp-content\/uploads\/2024\/09\/Candas-365-Redes.jpg","@id":"https:\/\/candas365.es\/noticias\/teatro-inclusivo-en-candas\/#organizationLogo","width":1152,"height":864,"caption":"Cand\u00e1s 365 Redes"},"image":{"@id":"https:\/\/candas365.es\/noticias\/teatro-inclusivo-en-candas\/#organizationLogo"},"sameAs":["https:\/\/www.facebook.com\/Nachofdezber","https:\/\/x.com\/NabercoDigital","https:\/\/www.instagram.com\/nachofdezber\/","https:\/\/www.youtube.com\/channel\/UCZP-2wLEB9Rv6erhFmqVnvg"],"address":{"@id":"https:\/\/candas365.es\/noticias\/#postaladdress","@type":"PostalAddress","streetAddress":"san antonio 4, san antonio 4","postalCode":"33430","addressLocality":"Cand\u00e1s","addressRegion":"Asturias","addressCountry":"ES"}},{"@type":"Person","@id":"https:\/\/candas365.es\/noticias\/author\/admin\/#author","url":"https:\/\/candas365.es\/noticias\/author\/admin\/","name":"Cand\u00e1s 365","image":{"@type":"ImageObject","@id":"https:\/\/candas365.es\/noticias\/teatro-inclusivo-en-candas\/#authorImage","url":"https:\/\/secure.gravatar.com\/avatar\/496a8e03d0c493ede1718b7934145dbdf8d89be1036b0eec9544e1094c9de390?s=96&d=mm&r=g","width":96,"height":96,"caption":"Cand\u00e1s 365"},"sameAs":["https:\/\/www.facebook.com\/carrenoactualidad","https:\/\/twitter.com\/nbasturias","https:\/\/www.instagram.com\/nachofdezber\/","https:\/\/www.youtube.com\/channel\/UCZP-2wLEB9Rv6erhFmqVnvg"]},{"@type":"WebPage","@id":"https:\/\/candas365.es\/noticias\/teatro-inclusivo-en-candas\/#webpage","url":"https:\/\/candas365.es\/noticias\/teatro-inclusivo-en-candas\/","name":"Teatro Inclusivo en Cand\u00e1s | Cand\u00e1s 365","description":"En el marco de la celebraci\u00f3n del D\u00eda Internacional de las Personas con Discapacidad, el colectivo de personas con discapacidad del Centro de Apoyo a la Integraci\u00f3n ( CAI) de Cand\u00e1s subir\u00e1n a las tablas del Teatro Prendes para representar una obra teatral. La cita tendr\u00e1 lugar el Mi\u00e9rcoles 4 de Diciembre a las 12:30","inLanguage":"es-ES","isPartOf":{"@id":"https:\/\/candas365.es\/noticias\/#website"},"breadcrumb":{"@id":"https:\/\/candas365.es\/noticias\/teatro-inclusivo-en-candas\/#breadcrumblist"},"author":{"@id":"https:\/\/candas365.es\/noticias\/author\/admin\/#author"},"creator":{"@id":"https:\/\/candas365.es\/noticias\/author\/admin\/#author"},"image":{"@type":"ImageObject","url":"https:\/\/candas365.es\/noticias\/wp-content\/uploads\/2015\/09\/cine-candas.jpg","@id":"https:\/\/candas365.es\/noticias\/teatro-inclusivo-en-candas\/#mainImage","width":655,"height":360},"primaryImageOfPage":{"@id":"https:\/\/candas365.es\/noticias\/teatro-inclusivo-en-candas\/#mainImage"},"datePublished":"2019-10-07T12:48:42+02:00","dateModified":"2019-10-07T12:48:42+02:00"},{"@type":"WebSite","@id":"https:\/\/candas365.es\/noticias\/#website","url":"https:\/\/candas365.es\/noticias\/","name":"Cand\u00e1s 365","alternateName":"Cand\u00e1s 365 Noticias","description":"Actualidad desde Carre\u00f1o para el mundo","inLanguage":"es-ES","publisher":{"@id":"https:\/\/candas365.es\/noticias\/#organization"}}]},"og:locale":"es_ES","og:site_name":"Cand\u00e1s 365","og:type":"article","og:title":"Teatro Inclusivo en Cand\u00e1s | Cand\u00e1s 365","og:description":"En el marco de la celebraci\u00f3n del D\u00eda Internacional de las Personas con Discapacidad, el colectivo de personas con discapacidad del Centro de Apoyo a la Integraci\u00f3n ( CAI) de Cand\u00e1s subir\u00e1n a las tablas del Teatro Prendes para representar una obra teatral. La cita tendr\u00e1 lugar el Mi\u00e9rcoles 4 de Diciembre a las 12:30","og:url":"https:\/\/candas365.es\/noticias\/teatro-inclusivo-en-candas\/","og:image":"https:\/\/candas365.es\/noticias\/wp-content\/uploads\/2015\/09\/cine-candas.jpg","og:image:secure_url":"https:\/\/candas365.es\/noticias\/wp-content\/uploads\/2015\/09\/cine-candas.jpg","og:image:width":655,"og:image:height":360,"article:published_time":"2019-10-07T12:48:42+00:00","article:modified_time":"2019-10-07T12:48:42+00:00","article:publisher":"https:\/\/www.facebook.com\/Nachofdezber","article:author":"https:\/\/www.facebook.com\/carrenoactualidad","twitter:card":"summary_large_image","twitter:site":"@NabercoDigital","twitter:title":"Teatro Inclusivo en Cand\u00e1s | Cand\u00e1s 365","twitter:description":"En el marco de la celebraci\u00f3n del D\u00eda Internacional de las Personas con Discapacidad, el colectivo de personas con discapacidad del Centro de Apoyo a la Integraci\u00f3n ( CAI) de Cand\u00e1s subir\u00e1n a las tablas del Teatro Prendes para representar una obra teatral. La cita tendr\u00e1 lugar el Mi\u00e9rcoles 4 de Diciembre a las 12:30","twitter:creator":"@nbasturias","twitter:image":"https:\/\/candas365.es\/noticias\/wp-content\/uploads\/2015\/09\/cine-candas.jpg","twitter:label1":"Escrito por","twitter:data1":"Cand\u00e1s 365","twitter:label2":"Tiempo de lectura estimado","twitter:data2":"3 minutos"},"aioseo_meta_data":{"post_id":"130946","title":null,"description":null,"keywords":null,"keyphrases":null,"primary_term":null,"canonical_url":null,"og_title":null,"og_description":null,"og_object_type":"default","og_image_type":"default","og_image_url":null,"og_image_width":null,"og_image_height":null,"og_image_custom_url":null,"og_image_custom_fields":null,"og_video":null,"og_custom_url":null,"og_article_section":null,"og_article_tags":null,"twitter_use_og":false,"twitter_card":"default","twitter_image_type":"default","twitter_image_url":null,"twitter_image_custom_url":null,"twitter_image_custom_fields":null,"twitter_title":null,"twitter_description":null,"schema":{"blockGraphs":[],"customGraphs":[],"default":{"data":{"Article":[],"Course":[],"Dataset":[],"FAQPage":[],"Movie":[],"Person":[],"Product":[],"ProductReview":[],"Car":[],"Recipe":[],"Service":[],"SoftwareApplication":[],"WebPage":[]},"graphName":"","isEnabled":true},"graphs":[]},"schema_type":null,"schema_type_options":null,"pillar_content":false,"robots_default":true,"robots_noindex":false,"robots_noarchive":false,"robots_nosnippet":false,"robots_nofollow":false,"robots_noimageindex":false,"robots_noodp":false,"robots_notranslate":false,"robots_max_snippet":null,"robots_max_videopreview":null,"robots_max_imagepreview":"large","priority":null,"frequency":null,"location":null,"local_seo":null,"seo_analyzer_scan_date":"2025-08-30 15:01:25","breadcrumb_settings":null,"limit_modified_date":false,"reviewed_by":null,"open_ai":null,"ai":null,"created":"2020-12-21 10:51:56","updated":"2025-08-30 15:01:25"},"aioseo_breadcrumb":"<div class=\"aioseo-breadcrumbs\"><span class=\"aioseo-breadcrumb\">\n\t<a href=\"https:\/\/candas365.es\/noticias\" title=\"Home\">Home<\/a>\n<\/span><span class=\"aioseo-breadcrumb-separator\">&ndash;<\/span><span class=\"aioseo-breadcrumb\">\n\t<a href=\"https:\/\/candas365.es\/noticias\/category\/noticias-carreno\/\" title=\"Noticias Carre\u00f1o\">Noticias Carre\u00f1o<\/a>\n<\/span><span class=\"aioseo-breadcrumb-separator\">&ndash;<\/span><span class=\"aioseo-breadcrumb\">\n\tTeatro Inclusivo en Cand\u00e1s\n<\/span><\/div>","aioseo_breadcrumb_json":[{"label":"Home","link":"https:\/\/candas365.es\/noticias"},{"label":"Noticias Carre\u00f1o","link":"https:\/\/candas365.es\/noticias\/category\/noticias-carreno\/"},{"label":"Teatro Inclusivo en Cand\u00e1s","link":"https:\/\/candas365.es\/noticias\/teatro-inclusivo-en-candas\/"}],"_links":{"self":[{"href":"https:\/\/candas365.es\/noticias\/wp-json\/wp\/v2\/posts\/130946","targetHints":{"allow":["GET"]}}],"collection":[{"href":"https:\/\/candas365.es\/noticias\/wp-json\/wp\/v2\/posts"}],"about":[{"href":"https:\/\/candas365.es\/noticias\/wp-json\/wp\/v2\/types\/post"}],"author":[{"embeddable":true,"href":"https:\/\/candas365.es\/noticias\/wp-json\/wp\/v2\/users\/1"}],"replies":[{"embeddable":true,"href":"https:\/\/candas365.es\/noticias\/wp-json\/wp\/v2\/comments?post=130946"}],"version-history":[{"count":0,"href":"https:\/\/candas365.es\/noticias\/wp-json\/wp\/v2\/posts\/130946\/revisions"}],"wp:featuredmedia":[{"embeddable":true,"href":"https:\/\/candas365.es\/noticias\/wp-json\/wp\/v2\/media\/16323"}],"wp:attachment":[{"href":"https:\/\/candas365.es\/noticias\/wp-json\/wp\/v2\/media?parent=130946"}],"wp:term":[{"taxonomy":"category","embeddable":true,"href":"https:\/\/candas365.es\/noticias\/wp-json\/wp\/v2\/categories?post=130946"},{"taxonomy":"post_tag","embeddable":true,"href":"https:\/\/candas365.es\/noticias\/wp-json\/wp\/v2\/tags?post=130946"}],"curies":[{"name":"wp","href":"https:\/\/api.w.org\/{rel}","templated":true}]}}