{"id":130940,"date":"2019-10-06T22:35:06","date_gmt":"2019-10-06T22:35:06","guid":{"rendered":"http:\/\/candas365.es\/noticias\/?p=130940"},"modified":"2019-10-06T22:35:06","modified_gmt":"2019-10-06T22:35:06","slug":"diagnostico-de-kroos-es-aun-incierto-low-con-siete-bajas","status":"publish","type":"post","link":"https:\/\/candas365.es\/noticias\/diagnostico-de-kroos-es-aun-incierto-low-con-siete-bajas\/","title":{"rendered":"Diagn\u00f3stico de Kroos es a\u00fan incierto, L\u00f6w con siete bajas"},"content":{"rendered":"<p><img fetchpriority=\"high\" decoding=\"async\" class=\"alignleft size-medium wp-image-98026\" src=\"https:\/\/candas365.es\/noticias\/wp-content\/uploads\/2018\/06\/football-1406106_960_720-1-360x241.jpg\" alt=\"\" width=\"360\" height=\"241\" srcset=\"https:\/\/candas365.es\/noticias\/wp-content\/uploads\/2018\/06\/football-1406106_960_720-1-360x241.jpg 360w, https:\/\/candas365.es\/noticias\/wp-content\/uploads\/2018\/06\/football-1406106_960_720-1-768x514.jpg 768w, https:\/\/candas365.es\/noticias\/wp-content\/uploads\/2018\/06\/football-1406106_960_720-1-655x439.jpg 655w, https:\/\/candas365.es\/noticias\/wp-content\/uploads\/2018\/06\/football-1406106_960_720-1-696x466.jpg 696w, https:\/\/candas365.es\/noticias\/wp-content\/uploads\/2018\/06\/football-1406106_960_720-1-627x420.jpg 627w, https:\/\/candas365.es\/noticias\/wp-content\/uploads\/2018\/06\/football-1406106_960_720-1.jpg 960w\" sizes=\"(max-width: 360px) 100vw, 360px\" \/>Dortmund, 6 oct (dpa) &#8211; La Federaci\u00f3n Alemana de F\u00fatbol (DFB) est\u00e1 a la espera de una informaci\u00f3n m\u00e1s detallada sobre la lesi\u00f3n del internacional germano Toni Kross, ya que a\u00fan no se dio a conocer el diagn\u00f3stico.<\/p>\n<p>El veterano Kroos tuvo que someterse a un tratamiento m\u00e9dico este fin de semana despu\u00e9s de que el campe\u00f3n mundial en 2014 se lesionase en el minuto 33 en el partido disputado el s\u00e1bado entre el Real Madrid y el Granada por 4-2 y tuviera que abandonar el campo de juego del estadio Santiago Bernab\u00e9u.<\/p>\n<p>Esto se lo pone a\u00fan m\u00e1s dif\u00edcil al seleccionador alem\u00e1n, Joachim L\u00f6w, que ya tiene siete negativas por lesiones para el amistoso contra Argentina que se celebrar\u00e1 el mi\u00e9rcoles en Dortmund y para el partido clasificatorio para la Eurocopa 2020 que se disputar\u00e1 contra Estonia en Tallin cuatro d\u00edas despu\u00e9s.<\/p>\n<p>Los siete jugadores que tuvieron que darse de baja por lesiones son Antonio R\u00fcdiger del Chelsea (en la ingle), Leon Goretzka del Bayern M\u00fanich (en el muslo), Kevin Trapp del Eintracht Frankfurt (en el hombro) as\u00ed como Nico Schulz del Borussia Dortmund, Julian Draxler und Thilo Kehrer del Par\u00eds Saint-Germain (todos con lesiones en el pie).<\/p>\n<p>Leroy San\u00e9 del Manchester City no estar\u00e1 disponible a largo plazo tras la rotura del ligamento cruzado y la posterior intervenci\u00f3n quir\u00fargica.<\/p>\n<p>El seleccionador del Madrid, Zinedine Zidane, aconsej\u00f3 a Kroos, de 29 a\u00f1os, que no viajara con la selecci\u00f3n alemana: \u00abEspero poder mantener a Toni aqu\u00ed para que se recupere. Ser\u00eda mejor que no viajara con la selecci\u00f3n nacional y se quedara aqu\u00ed\u00bb, apunt\u00f3.<\/p>\n","protected":false},"excerpt":{"rendered":"<p>Dortmund, 6 oct (dpa) &#8211; La Federaci\u00f3n Alemana de F\u00fatbol (DFB) est\u00e1 a la espera de una informaci\u00f3n m\u00e1s detallada sobre la lesi\u00f3n del internacional germano Toni Kross, ya que a\u00fan no se dio a conocer el diagn\u00f3stico. El veterano Kroos tuvo que someterse a un tratamiento m\u00e9dico este fin de semana despu\u00e9s de que<\/p>\n","protected":false},"author":1,"featured_media":98026,"comment_status":"closed","ping_status":"closed","sticky":false,"template":"","format":"standard","meta":{"footnotes":""},"categories":[319],"tags":[],"class_list":{"0":"post-130940","1":"post","2":"type-post","3":"status-publish","4":"format-standard","5":"has-post-thumbnail","7":"category-deporte"},"aioseo_notices":[],"aioseo_head":"\n\t\t<!-- All in One SEO Pro 4.9.6.2 - aioseo.com -->\n\t<meta name=\"description\" content=\"Dortmund, 6 oct (dpa) - La Federaci\u00f3n Alemana de F\u00fatbol (DFB) est\u00e1 a la espera de una informaci\u00f3n m\u00e1s detallada sobre la lesi\u00f3n del internacional germano Toni Kross, ya que a\u00fan no se dio a conocer el diagn\u00f3stico. El veterano Kroos tuvo que someterse a un tratamiento m\u00e9dico este fin de semana despu\u00e9s de que\" \/>\n\t<meta name=\"robots\" content=\"max-image-preview:large\" \/>\n\t<meta name=\"author\" content=\"Cand\u00e1s 365\"\/>\n\t<meta name=\"google-site-verification\" content=\"UA-32230408-1\" \/>\n\t<meta name=\"msvalidate.01\" content=\"354F3CDFB2DA171B47FBE9ABF1F88D5\" \/>\n\t<meta name=\"keywords\" content=\"deporte\" \/>\n\t<link rel=\"canonical\" href=\"https:\/\/candas365.es\/noticias\/diagnostico-de-kroos-es-aun-incierto-low-con-siete-bajas\/\" \/>\n\t<meta name=\"generator\" content=\"All in One SEO Pro (AIOSEO) 4.9.6.2\" \/>\n\t\t<meta property=\"og:locale\" content=\"es_ES\" \/>\n\t\t<meta property=\"og:site_name\" content=\"Cand\u00e1s 365\" \/>\n\t\t<meta property=\"og:type\" content=\"article\" \/>\n\t\t<meta property=\"og:title\" content=\"Diagn\u00f3stico de Kroos es a\u00fan incierto, L\u00f6w con siete bajas | Cand\u00e1s 365\" \/>\n\t\t<meta property=\"og:description\" content=\"Dortmund, 6 oct (dpa) - La Federaci\u00f3n Alemana de F\u00fatbol (DFB) est\u00e1 a la espera de una informaci\u00f3n m\u00e1s detallada sobre la lesi\u00f3n del internacional germano Toni Kross, ya que a\u00fan no se dio a conocer el diagn\u00f3stico. El veterano Kroos tuvo que someterse a un tratamiento m\u00e9dico este fin de semana despu\u00e9s de que\" \/>\n\t\t<meta property=\"og:url\" content=\"https:\/\/candas365.es\/noticias\/diagnostico-de-kroos-es-aun-incierto-low-con-siete-bajas\/\" \/>\n\t\t<meta property=\"og:image\" content=\"https:\/\/candas365.es\/noticias\/wp-content\/uploads\/2018\/06\/football-1406106_960_720-1.jpg\" \/>\n\t\t<meta property=\"og:image:secure_url\" content=\"https:\/\/candas365.es\/noticias\/wp-content\/uploads\/2018\/06\/football-1406106_960_720-1.jpg\" \/>\n\t\t<meta property=\"og:image:width\" content=\"960\" \/>\n\t\t<meta property=\"og:image:height\" content=\"643\" \/>\n\t\t<meta property=\"article:published_time\" content=\"2019-10-06T22:35:06+00:00\" \/>\n\t\t<meta property=\"article:modified_time\" content=\"2019-10-06T22:35:06+00:00\" \/>\n\t\t<meta property=\"article:publisher\" content=\"https:\/\/www.facebook.com\/Nachofdezber\" \/>\n\t\t<meta property=\"article:author\" content=\"https:\/\/www.facebook.com\/carrenoactualidad\" \/>\n\t\t<meta name=\"twitter:card\" content=\"summary_large_image\" \/>\n\t\t<meta name=\"twitter:site\" content=\"@NabercoDigital\" \/>\n\t\t<meta name=\"twitter:title\" content=\"Diagn\u00f3stico de Kroos es a\u00fan incierto, L\u00f6w con siete bajas | Cand\u00e1s 365\" \/>\n\t\t<meta name=\"twitter:description\" content=\"Dortmund, 6 oct (dpa) - La Federaci\u00f3n Alemana de F\u00fatbol (DFB) est\u00e1 a la espera de una informaci\u00f3n m\u00e1s detallada sobre la lesi\u00f3n del internacional germano Toni Kross, ya que a\u00fan no se dio a conocer el diagn\u00f3stico. El veterano Kroos tuvo que someterse a un tratamiento m\u00e9dico este fin de semana despu\u00e9s de que\" \/>\n\t\t<meta name=\"twitter:creator\" content=\"@nbasturias\" \/>\n\t\t<meta name=\"twitter:image\" content=\"https:\/\/candas365.es\/noticias\/wp-content\/uploads\/2018\/06\/football-1406106_960_720-1.jpg\" \/>\n\t\t<meta name=\"twitter:label1\" content=\"Escrito por\" \/>\n\t\t<meta name=\"twitter:data1\" content=\"Cand\u00e1s 365\" \/>\n\t\t<meta name=\"twitter:label2\" content=\"Tiempo de lectura estimado\" \/>\n\t\t<meta name=\"twitter:data2\" content=\"1 minuto\" \/>\n\t\t<script type=\"application\/ld+json\" class=\"aioseo-schema\">\n\t\t\t{\"@context\":\"https:\\\/\\\/schema.org\",\"@graph\":[{\"@type\":\"BreadcrumbList\",\"@id\":\"https:\\\/\\\/candas365.es\\\/noticias\\\/diagnostico-de-kroos-es-aun-incierto-low-con-siete-bajas\\\/#breadcrumblist\",\"itemListElement\":[{\"@type\":\"ListItem\",\"@id\":\"https:\\\/\\\/candas365.es\\\/noticias#listItem\",\"position\":1,\"name\":\"Home\",\"item\":\"https:\\\/\\\/candas365.es\\\/noticias\",\"nextItem\":{\"@type\":\"ListItem\",\"@id\":\"https:\\\/\\\/candas365.es\\\/noticias\\\/category\\\/deporte\\\/#listItem\",\"name\":\"Deporte\"}},{\"@type\":\"ListItem\",\"@id\":\"https:\\\/\\\/candas365.es\\\/noticias\\\/category\\\/deporte\\\/#listItem\",\"position\":2,\"name\":\"Deporte\",\"item\":\"https:\\\/\\\/candas365.es\\\/noticias\\\/category\\\/deporte\\\/\",\"nextItem\":{\"@type\":\"ListItem\",\"@id\":\"https:\\\/\\\/candas365.es\\\/noticias\\\/diagnostico-de-kroos-es-aun-incierto-low-con-siete-bajas\\\/#listItem\",\"name\":\"Diagn\\u00f3stico de Kroos es a\\u00fan incierto, L\\u00f6w con siete bajas\"},\"previousItem\":{\"@type\":\"ListItem\",\"@id\":\"https:\\\/\\\/candas365.es\\\/noticias#listItem\",\"name\":\"Home\"}},{\"@type\":\"ListItem\",\"@id\":\"https:\\\/\\\/candas365.es\\\/noticias\\\/diagnostico-de-kroos-es-aun-incierto-low-con-siete-bajas\\\/#listItem\",\"position\":3,\"name\":\"Diagn\\u00f3stico de Kroos es a\\u00fan incierto, L\\u00f6w con siete bajas\",\"previousItem\":{\"@type\":\"ListItem\",\"@id\":\"https:\\\/\\\/candas365.es\\\/noticias\\\/category\\\/deporte\\\/#listItem\",\"name\":\"Deporte\"}}]},{\"@type\":\"NewsArticle\",\"@id\":\"https:\\\/\\\/candas365.es\\\/noticias\\\/diagnostico-de-kroos-es-aun-incierto-low-con-siete-bajas\\\/#newsarticle\",\"name\":\"Diagn\\u00f3stico de Kroos es a\\u00fan incierto, L\\u00f6w con siete bajas | Cand\\u00e1s 365\",\"headline\":\"Diagn\\u00f3stico de Kroos es a\\u00fan incierto, L\\u00f6w con siete bajas\",\"author\":{\"@id\":\"https:\\\/\\\/candas365.es\\\/noticias\\\/author\\\/admin\\\/#author\"},\"publisher\":{\"@id\":\"https:\\\/\\\/candas365.es\\\/noticias\\\/#organization\"},\"image\":{\"@type\":\"ImageObject\",\"url\":\"https:\\\/\\\/candas365.es\\\/noticias\\\/wp-content\\\/uploads\\\/2018\\\/06\\\/football-1406106_960_720-1.jpg\",\"width\":960,\"height\":643},\"datePublished\":\"2019-10-06T22:35:06+02:00\",\"dateModified\":\"2019-10-06T22:35:06+02:00\",\"inLanguage\":\"es-ES\",\"mainEntityOfPage\":{\"@id\":\"https:\\\/\\\/candas365.es\\\/noticias\\\/diagnostico-de-kroos-es-aun-incierto-low-con-siete-bajas\\\/#webpage\"},\"isPartOf\":{\"@id\":\"https:\\\/\\\/candas365.es\\\/noticias\\\/diagnostico-de-kroos-es-aun-incierto-low-con-siete-bajas\\\/#webpage\"},\"articleSection\":\"Deporte\",\"dateline\":\"Publicado el octubre 6, 2019.\"},{\"@type\":\"Organization\",\"@id\":\"https:\\\/\\\/candas365.es\\\/noticias\\\/#organization\",\"name\":\"Cand\\u00e1s 365\",\"description\":\"Cand\\u00e1s 365 es un diario digital independiente, fundado en 2012, con base en Asturias. Informamos con rigor sobre actualidad, sociedad, cultura y ocio, con una mirada local y global.\",\"url\":\"https:\\\/\\\/candas365.es\\\/noticias\\\/\",\"email\":\"info@candas365.es\",\"telephone\":\"+34652131393\",\"foundingDate\":\"2012-06-10\",\"logo\":{\"@type\":\"ImageObject\",\"url\":\"https:\\\/\\\/candas365.es\\\/noticias\\\/wp-content\\\/uploads\\\/2024\\\/09\\\/Candas-365-Redes.jpg\",\"@id\":\"https:\\\/\\\/candas365.es\\\/noticias\\\/diagnostico-de-kroos-es-aun-incierto-low-con-siete-bajas\\\/#organizationLogo\",\"width\":1152,\"height\":864,\"caption\":\"Cand\\u00e1s 365 Redes\"},\"image\":{\"@id\":\"https:\\\/\\\/candas365.es\\\/noticias\\\/diagnostico-de-kroos-es-aun-incierto-low-con-siete-bajas\\\/#organizationLogo\"},\"sameAs\":[\"https:\\\/\\\/www.facebook.com\\\/Nachofdezber\",\"https:\\\/\\\/x.com\\\/NabercoDigital\",\"https:\\\/\\\/www.instagram.com\\\/nachofdezber\\\/\",\"https:\\\/\\\/www.youtube.com\\\/channel\\\/UCZP-2wLEB9Rv6erhFmqVnvg\"],\"address\":{\"@id\":\"https:\\\/\\\/candas365.es\\\/noticias\\\/#postaladdress\",\"@type\":\"PostalAddress\",\"streetAddress\":\"san antonio 4, san antonio 4\",\"postalCode\":\"33430\",\"addressLocality\":\"Cand\\u00e1s\",\"addressRegion\":\"Asturias\",\"addressCountry\":\"ES\"}},{\"@type\":\"Person\",\"@id\":\"https:\\\/\\\/candas365.es\\\/noticias\\\/author\\\/admin\\\/#author\",\"url\":\"https:\\\/\\\/candas365.es\\\/noticias\\\/author\\\/admin\\\/\",\"name\":\"Cand\\u00e1s 365\",\"image\":{\"@type\":\"ImageObject\",\"@id\":\"https:\\\/\\\/candas365.es\\\/noticias\\\/diagnostico-de-kroos-es-aun-incierto-low-con-siete-bajas\\\/#authorImage\",\"url\":\"https:\\\/\\\/secure.gravatar.com\\\/avatar\\\/496a8e03d0c493ede1718b7934145dbdf8d89be1036b0eec9544e1094c9de390?s=96&d=mm&r=g\",\"width\":96,\"height\":96,\"caption\":\"Cand\\u00e1s 365\"},\"sameAs\":[\"https:\\\/\\\/www.facebook.com\\\/carrenoactualidad\",\"https:\\\/\\\/twitter.com\\\/nbasturias\",\"https:\\\/\\\/www.instagram.com\\\/nachofdezber\\\/\",\"https:\\\/\\\/www.youtube.com\\\/channel\\\/UCZP-2wLEB9Rv6erhFmqVnvg\"]},{\"@type\":\"WebPage\",\"@id\":\"https:\\\/\\\/candas365.es\\\/noticias\\\/diagnostico-de-kroos-es-aun-incierto-low-con-siete-bajas\\\/#webpage\",\"url\":\"https:\\\/\\\/candas365.es\\\/noticias\\\/diagnostico-de-kroos-es-aun-incierto-low-con-siete-bajas\\\/\",\"name\":\"Diagn\\u00f3stico de Kroos es a\\u00fan incierto, L\\u00f6w con siete bajas | Cand\\u00e1s 365\",\"description\":\"Dortmund, 6 oct (dpa) - La Federaci\\u00f3n Alemana de F\\u00fatbol (DFB) est\\u00e1 a la espera de una informaci\\u00f3n m\\u00e1s detallada sobre la lesi\\u00f3n del internacional germano Toni Kross, ya que a\\u00fan no se dio a conocer el diagn\\u00f3stico. El veterano Kroos tuvo que someterse a un tratamiento m\\u00e9dico este fin de semana despu\\u00e9s de que\",\"inLanguage\":\"es-ES\",\"isPartOf\":{\"@id\":\"https:\\\/\\\/candas365.es\\\/noticias\\\/#website\"},\"breadcrumb\":{\"@id\":\"https:\\\/\\\/candas365.es\\\/noticias\\\/diagnostico-de-kroos-es-aun-incierto-low-con-siete-bajas\\\/#breadcrumblist\"},\"author\":{\"@id\":\"https:\\\/\\\/candas365.es\\\/noticias\\\/author\\\/admin\\\/#author\"},\"creator\":{\"@id\":\"https:\\\/\\\/candas365.es\\\/noticias\\\/author\\\/admin\\\/#author\"},\"image\":{\"@type\":\"ImageObject\",\"url\":\"https:\\\/\\\/candas365.es\\\/noticias\\\/wp-content\\\/uploads\\\/2018\\\/06\\\/football-1406106_960_720-1.jpg\",\"@id\":\"https:\\\/\\\/candas365.es\\\/noticias\\\/diagnostico-de-kroos-es-aun-incierto-low-con-siete-bajas\\\/#mainImage\",\"width\":960,\"height\":643},\"primaryImageOfPage\":{\"@id\":\"https:\\\/\\\/candas365.es\\\/noticias\\\/diagnostico-de-kroos-es-aun-incierto-low-con-siete-bajas\\\/#mainImage\"},\"datePublished\":\"2019-10-06T22:35:06+02:00\",\"dateModified\":\"2019-10-06T22:35:06+02:00\"},{\"@type\":\"WebSite\",\"@id\":\"https:\\\/\\\/candas365.es\\\/noticias\\\/#website\",\"url\":\"https:\\\/\\\/candas365.es\\\/noticias\\\/\",\"name\":\"Cand\\u00e1s 365\",\"alternateName\":\"Cand\\u00e1s 365 Noticias\",\"description\":\"Actualidad desde Carre\\u00f1o para el mundo\",\"inLanguage\":\"es-ES\",\"publisher\":{\"@id\":\"https:\\\/\\\/candas365.es\\\/noticias\\\/#organization\"}}]}\n\t\t<\/script>\n\t\t<!-- All in One SEO Pro -->\r\n\t\t<title>Diagn\u00f3stico de Kroos es a\u00fan incierto, L\u00f6w con siete bajas | Cand\u00e1s 365<\/title>\n\n","aioseo_head_json":{"title":"Diagn\u00f3stico de Kroos es a\u00fan incierto, L\u00f6w con siete bajas | Cand\u00e1s 365","description":"Dortmund, 6 oct (dpa) - La Federaci\u00f3n Alemana de F\u00fatbol (DFB) est\u00e1 a la espera de una informaci\u00f3n m\u00e1s detallada sobre la lesi\u00f3n del internacional germano Toni Kross, ya que a\u00fan no se dio a conocer el diagn\u00f3stico. El veterano Kroos tuvo que someterse a un tratamiento m\u00e9dico este fin de semana despu\u00e9s de que","canonical_url":"https:\/\/candas365.es\/noticias\/diagnostico-de-kroos-es-aun-incierto-low-con-siete-bajas\/","robots":"max-image-preview:large","keywords":"deporte","webmasterTools":{"google-site-verification":"UA-32230408-1","msvalidate.01":"354F3CDFB2DA171B47FBE9ABF1F88D5","miscellaneous":""},"schema":{"@context":"https:\/\/schema.org","@graph":[{"@type":"BreadcrumbList","@id":"https:\/\/candas365.es\/noticias\/diagnostico-de-kroos-es-aun-incierto-low-con-siete-bajas\/#breadcrumblist","itemListElement":[{"@type":"ListItem","@id":"https:\/\/candas365.es\/noticias#listItem","position":1,"name":"Home","item":"https:\/\/candas365.es\/noticias","nextItem":{"@type":"ListItem","@id":"https:\/\/candas365.es\/noticias\/category\/deporte\/#listItem","name":"Deporte"}},{"@type":"ListItem","@id":"https:\/\/candas365.es\/noticias\/category\/deporte\/#listItem","position":2,"name":"Deporte","item":"https:\/\/candas365.es\/noticias\/category\/deporte\/","nextItem":{"@type":"ListItem","@id":"https:\/\/candas365.es\/noticias\/diagnostico-de-kroos-es-aun-incierto-low-con-siete-bajas\/#listItem","name":"Diagn\u00f3stico de Kroos es a\u00fan incierto, L\u00f6w con siete bajas"},"previousItem":{"@type":"ListItem","@id":"https:\/\/candas365.es\/noticias#listItem","name":"Home"}},{"@type":"ListItem","@id":"https:\/\/candas365.es\/noticias\/diagnostico-de-kroos-es-aun-incierto-low-con-siete-bajas\/#listItem","position":3,"name":"Diagn\u00f3stico de Kroos es a\u00fan incierto, L\u00f6w con siete bajas","previousItem":{"@type":"ListItem","@id":"https:\/\/candas365.es\/noticias\/category\/deporte\/#listItem","name":"Deporte"}}]},{"@type":"NewsArticle","@id":"https:\/\/candas365.es\/noticias\/diagnostico-de-kroos-es-aun-incierto-low-con-siete-bajas\/#newsarticle","name":"Diagn\u00f3stico de Kroos es a\u00fan incierto, L\u00f6w con siete bajas | Cand\u00e1s 365","headline":"Diagn\u00f3stico de Kroos es a\u00fan incierto, L\u00f6w con siete bajas","author":{"@id":"https:\/\/candas365.es\/noticias\/author\/admin\/#author"},"publisher":{"@id":"https:\/\/candas365.es\/noticias\/#organization"},"image":{"@type":"ImageObject","url":"https:\/\/candas365.es\/noticias\/wp-content\/uploads\/2018\/06\/football-1406106_960_720-1.jpg","width":960,"height":643},"datePublished":"2019-10-06T22:35:06+02:00","dateModified":"2019-10-06T22:35:06+02:00","inLanguage":"es-ES","mainEntityOfPage":{"@id":"https:\/\/candas365.es\/noticias\/diagnostico-de-kroos-es-aun-incierto-low-con-siete-bajas\/#webpage"},"isPartOf":{"@id":"https:\/\/candas365.es\/noticias\/diagnostico-de-kroos-es-aun-incierto-low-con-siete-bajas\/#webpage"},"articleSection":"Deporte","dateline":"Publicado el octubre 6, 2019."},{"@type":"Organization","@id":"https:\/\/candas365.es\/noticias\/#organization","name":"Cand\u00e1s 365","description":"Cand\u00e1s 365 es un diario digital independiente, fundado en 2012, con base en Asturias. Informamos con rigor sobre actualidad, sociedad, cultura y ocio, con una mirada local y global.","url":"https:\/\/candas365.es\/noticias\/","email":"info@candas365.es","telephone":"+34652131393","foundingDate":"2012-06-10","logo":{"@type":"ImageObject","url":"https:\/\/candas365.es\/noticias\/wp-content\/uploads\/2024\/09\/Candas-365-Redes.jpg","@id":"https:\/\/candas365.es\/noticias\/diagnostico-de-kroos-es-aun-incierto-low-con-siete-bajas\/#organizationLogo","width":1152,"height":864,"caption":"Cand\u00e1s 365 Redes"},"image":{"@id":"https:\/\/candas365.es\/noticias\/diagnostico-de-kroos-es-aun-incierto-low-con-siete-bajas\/#organizationLogo"},"sameAs":["https:\/\/www.facebook.com\/Nachofdezber","https:\/\/x.com\/NabercoDigital","https:\/\/www.instagram.com\/nachofdezber\/","https:\/\/www.youtube.com\/channel\/UCZP-2wLEB9Rv6erhFmqVnvg"],"address":{"@id":"https:\/\/candas365.es\/noticias\/#postaladdress","@type":"PostalAddress","streetAddress":"san antonio 4, san antonio 4","postalCode":"33430","addressLocality":"Cand\u00e1s","addressRegion":"Asturias","addressCountry":"ES"}},{"@type":"Person","@id":"https:\/\/candas365.es\/noticias\/author\/admin\/#author","url":"https:\/\/candas365.es\/noticias\/author\/admin\/","name":"Cand\u00e1s 365","image":{"@type":"ImageObject","@id":"https:\/\/candas365.es\/noticias\/diagnostico-de-kroos-es-aun-incierto-low-con-siete-bajas\/#authorImage","url":"https:\/\/secure.gravatar.com\/avatar\/496a8e03d0c493ede1718b7934145dbdf8d89be1036b0eec9544e1094c9de390?s=96&d=mm&r=g","width":96,"height":96,"caption":"Cand\u00e1s 365"},"sameAs":["https:\/\/www.facebook.com\/carrenoactualidad","https:\/\/twitter.com\/nbasturias","https:\/\/www.instagram.com\/nachofdezber\/","https:\/\/www.youtube.com\/channel\/UCZP-2wLEB9Rv6erhFmqVnvg"]},{"@type":"WebPage","@id":"https:\/\/candas365.es\/noticias\/diagnostico-de-kroos-es-aun-incierto-low-con-siete-bajas\/#webpage","url":"https:\/\/candas365.es\/noticias\/diagnostico-de-kroos-es-aun-incierto-low-con-siete-bajas\/","name":"Diagn\u00f3stico de Kroos es a\u00fan incierto, L\u00f6w con siete bajas | Cand\u00e1s 365","description":"Dortmund, 6 oct (dpa) - La Federaci\u00f3n Alemana de F\u00fatbol (DFB) est\u00e1 a la espera de una informaci\u00f3n m\u00e1s detallada sobre la lesi\u00f3n del internacional germano Toni Kross, ya que a\u00fan no se dio a conocer el diagn\u00f3stico. El veterano Kroos tuvo que someterse a un tratamiento m\u00e9dico este fin de semana despu\u00e9s de que","inLanguage":"es-ES","isPartOf":{"@id":"https:\/\/candas365.es\/noticias\/#website"},"breadcrumb":{"@id":"https:\/\/candas365.es\/noticias\/diagnostico-de-kroos-es-aun-incierto-low-con-siete-bajas\/#breadcrumblist"},"author":{"@id":"https:\/\/candas365.es\/noticias\/author\/admin\/#author"},"creator":{"@id":"https:\/\/candas365.es\/noticias\/author\/admin\/#author"},"image":{"@type":"ImageObject","url":"https:\/\/candas365.es\/noticias\/wp-content\/uploads\/2018\/06\/football-1406106_960_720-1.jpg","@id":"https:\/\/candas365.es\/noticias\/diagnostico-de-kroos-es-aun-incierto-low-con-siete-bajas\/#mainImage","width":960,"height":643},"primaryImageOfPage":{"@id":"https:\/\/candas365.es\/noticias\/diagnostico-de-kroos-es-aun-incierto-low-con-siete-bajas\/#mainImage"},"datePublished":"2019-10-06T22:35:06+02:00","dateModified":"2019-10-06T22:35:06+02:00"},{"@type":"WebSite","@id":"https:\/\/candas365.es\/noticias\/#website","url":"https:\/\/candas365.es\/noticias\/","name":"Cand\u00e1s 365","alternateName":"Cand\u00e1s 365 Noticias","description":"Actualidad desde Carre\u00f1o para el mundo","inLanguage":"es-ES","publisher":{"@id":"https:\/\/candas365.es\/noticias\/#organization"}}]},"og:locale":"es_ES","og:site_name":"Cand\u00e1s 365","og:type":"article","og:title":"Diagn\u00f3stico de Kroos es a\u00fan incierto, L\u00f6w con siete bajas | Cand\u00e1s 365","og:description":"Dortmund, 6 oct (dpa) - La Federaci\u00f3n Alemana de F\u00fatbol (DFB) est\u00e1 a la espera de una informaci\u00f3n m\u00e1s detallada sobre la lesi\u00f3n del internacional germano Toni Kross, ya que a\u00fan no se dio a conocer el diagn\u00f3stico. El veterano Kroos tuvo que someterse a un tratamiento m\u00e9dico este fin de semana despu\u00e9s de que","og:url":"https:\/\/candas365.es\/noticias\/diagnostico-de-kroos-es-aun-incierto-low-con-siete-bajas\/","og:image":"https:\/\/candas365.es\/noticias\/wp-content\/uploads\/2018\/06\/football-1406106_960_720-1.jpg","og:image:secure_url":"https:\/\/candas365.es\/noticias\/wp-content\/uploads\/2018\/06\/football-1406106_960_720-1.jpg","og:image:width":960,"og:image:height":643,"article:published_time":"2019-10-06T22:35:06+00:00","article:modified_time":"2019-10-06T22:35:06+00:00","article:publisher":"https:\/\/www.facebook.com\/Nachofdezber","article:author":"https:\/\/www.facebook.com\/carrenoactualidad","twitter:card":"summary_large_image","twitter:site":"@NabercoDigital","twitter:title":"Diagn\u00f3stico de Kroos es a\u00fan incierto, L\u00f6w con siete bajas | Cand\u00e1s 365","twitter:description":"Dortmund, 6 oct (dpa) - La Federaci\u00f3n Alemana de F\u00fatbol (DFB) est\u00e1 a la espera de una informaci\u00f3n m\u00e1s detallada sobre la lesi\u00f3n del internacional germano Toni Kross, ya que a\u00fan no se dio a conocer el diagn\u00f3stico. El veterano Kroos tuvo que someterse a un tratamiento m\u00e9dico este fin de semana despu\u00e9s de que","twitter:creator":"@nbasturias","twitter:image":"https:\/\/candas365.es\/noticias\/wp-content\/uploads\/2018\/06\/football-1406106_960_720-1.jpg","twitter:label1":"Escrito por","twitter:data1":"Cand\u00e1s 365","twitter:label2":"Tiempo de lectura estimado","twitter:data2":"1 minuto"},"aioseo_meta_data":{"post_id":"130940","title":null,"description":null,"keywords":null,"keyphrases":null,"primary_term":null,"canonical_url":null,"og_title":null,"og_description":null,"og_object_type":"default","og_image_type":"default","og_image_url":null,"og_image_width":null,"og_image_height":null,"og_image_custom_url":null,"og_image_custom_fields":null,"og_video":null,"og_custom_url":null,"og_article_section":null,"og_article_tags":null,"twitter_use_og":false,"twitter_card":"default","twitter_image_type":"default","twitter_image_url":null,"twitter_image_custom_url":null,"twitter_image_custom_fields":null,"twitter_title":null,"twitter_description":null,"schema":{"blockGraphs":[],"customGraphs":[],"default":{"data":{"Article":[],"Course":[],"Dataset":[],"FAQPage":[],"Movie":[],"Person":[],"Product":[],"ProductReview":[],"Car":[],"Recipe":[],"Service":[],"SoftwareApplication":[],"WebPage":[]},"graphName":"","isEnabled":true},"graphs":[],"defaultGraph":"","defaultPostTypeGraph":""},"schema_type":null,"schema_type_options":null,"pillar_content":false,"robots_default":true,"robots_noindex":false,"robots_noarchive":false,"robots_nosnippet":false,"robots_nofollow":false,"robots_noimageindex":false,"robots_noodp":false,"robots_notranslate":false,"robots_max_snippet":null,"robots_max_videopreview":null,"robots_max_imagepreview":"large","priority":null,"frequency":null,"location":null,"local_seo":null,"seo_analyzer_scan_date":"2025-08-30 15:01:23","breadcrumb_settings":null,"limit_modified_date":false,"reviewed_by":null,"open_ai":null,"ai":null,"created":"2020-12-21 10:51:56","updated":"2025-08-30 15:01:23"},"aioseo_breadcrumb":"<div class=\"aioseo-breadcrumbs\"><span class=\"aioseo-breadcrumb\">\n\t<a href=\"https:\/\/candas365.es\/noticias\" title=\"Home\">Home<\/a>\n<\/span><span class=\"aioseo-breadcrumb-separator\">&ndash;<\/span><span class=\"aioseo-breadcrumb\">\n\t<a href=\"https:\/\/candas365.es\/noticias\/category\/deporte\/\" title=\"Deporte\">Deporte<\/a>\n<\/span><span class=\"aioseo-breadcrumb-separator\">&ndash;<\/span><span class=\"aioseo-breadcrumb\">\n\tDiagn\u00f3stico de Kroos es a\u00fan incierto, L\u00f6w con siete bajas\n<\/span><\/div>","aioseo_breadcrumb_json":[{"label":"Home","link":"https:\/\/candas365.es\/noticias"},{"label":"Deporte","link":"https:\/\/candas365.es\/noticias\/category\/deporte\/"},{"label":"Diagn\u00f3stico de Kroos es a\u00fan incierto, L\u00f6w con siete bajas","link":"https:\/\/candas365.es\/noticias\/diagnostico-de-kroos-es-aun-incierto-low-con-siete-bajas\/"}],"_links":{"self":[{"href":"https:\/\/candas365.es\/noticias\/wp-json\/wp\/v2\/posts\/130940","targetHints":{"allow":["GET"]}}],"collection":[{"href":"https:\/\/candas365.es\/noticias\/wp-json\/wp\/v2\/posts"}],"about":[{"href":"https:\/\/candas365.es\/noticias\/wp-json\/wp\/v2\/types\/post"}],"author":[{"embeddable":true,"href":"https:\/\/candas365.es\/noticias\/wp-json\/wp\/v2\/users\/1"}],"replies":[{"embeddable":true,"href":"https:\/\/candas365.es\/noticias\/wp-json\/wp\/v2\/comments?post=130940"}],"version-history":[{"count":0,"href":"https:\/\/candas365.es\/noticias\/wp-json\/wp\/v2\/posts\/130940\/revisions"}],"wp:featuredmedia":[{"embeddable":true,"href":"https:\/\/candas365.es\/noticias\/wp-json\/wp\/v2\/media\/98026"}],"wp:attachment":[{"href":"https:\/\/candas365.es\/noticias\/wp-json\/wp\/v2\/media?parent=130940"}],"wp:term":[{"taxonomy":"category","embeddable":true,"href":"https:\/\/candas365.es\/noticias\/wp-json\/wp\/v2\/categories?post=130940"},{"taxonomy":"post_tag","embeddable":true,"href":"https:\/\/candas365.es\/noticias\/wp-json\/wp\/v2\/tags?post=130940"}],"curies":[{"name":"wp","href":"https:\/\/api.w.org\/{rel}","templated":true}]}}