{"id":130908,"date":"2019-10-06T14:50:40","date_gmt":"2019-10-06T14:50:40","guid":{"rendered":"http:\/\/candas365.es\/noticias\/?p=130908"},"modified":"2019-10-06T14:50:40","modified_gmt":"2019-10-06T14:50:40","slug":"el-poblado-de-albandi-tendra-espacios-biosaludables","status":"publish","type":"post","link":"https:\/\/candas365.es\/noticias\/el-poblado-de-albandi-tendra-espacios-biosaludables\/","title":{"rendered":"El Poblado de Albandi tendr\u00e1 espacios biosaludables"},"content":{"rendered":"<p><img fetchpriority=\"high\" decoding=\"async\" class=\"alignleft size-medium wp-image-6453\" src=\"https:\/\/candas365.es\/noticias\/wp-content\/uploads\/2015\/01\/ayuntamiento-360x270.jpg\" alt=\"\" width=\"360\" height=\"270\" srcset=\"https:\/\/candas365.es\/noticias\/wp-content\/uploads\/2015\/01\/ayuntamiento-360x270.jpg 360w, https:\/\/candas365.es\/noticias\/wp-content\/uploads\/2015\/01\/ayuntamiento-640x480.jpg 640w, https:\/\/candas365.es\/noticias\/wp-content\/uploads\/2015\/01\/ayuntamiento-768x576.jpg 768w, https:\/\/candas365.es\/noticias\/wp-content\/uploads\/2015\/01\/ayuntamiento-150x113.jpg 150w, https:\/\/candas365.es\/noticias\/wp-content\/uploads\/2015\/01\/ayuntamiento-450x338.jpg 450w, https:\/\/candas365.es\/noticias\/wp-content\/uploads\/2015\/01\/ayuntamiento-80x60.jpg 80w, https:\/\/candas365.es\/noticias\/wp-content\/uploads\/2015\/01\/ayuntamiento-265x198.jpg 265w, https:\/\/candas365.es\/noticias\/wp-content\/uploads\/2015\/01\/ayuntamiento-696x522.jpg 696w, https:\/\/candas365.es\/noticias\/wp-content\/uploads\/2015\/01\/ayuntamiento-560x420.jpg 560w, https:\/\/candas365.es\/noticias\/wp-content\/uploads\/2015\/01\/ayuntamiento-90x67.jpg 90w, https:\/\/candas365.es\/noticias\/wp-content\/uploads\/2015\/01\/ayuntamiento.jpg 800w\" sizes=\"(max-width: 360px) 100vw, 360px\" \/>A partir de la segunda semana de este mes de Octubre, y por el plazo de 2 meses, el m\u00f3dulo de <strong>Operaciones Auxiliares de Acabados R\u00edgidos<\/strong> se encargar\u00e1 de colocar tres aparatos de ejercicios para personas adultas en las instalaciones del <strong>Local Social del Poblado de Albandi<\/strong>.<\/p>\n<p>Se trata de la colocaci\u00f3n de un aparato de cintura (que refuerzan la agilidad y flexibilidad de la zona lumbar), un tim\u00f3n (refuerzan la musculatura de miembros superiores) y uno de masaje (relaja la tensi\u00f3n muscular de cadera y espalda), y que sirven como complemento de los aparatos instalados en El Tranqueru.<\/p>\n<p>Adem\u00e1s, intervendr\u00e1n en el Parque Infantil, ubicado en la isleta de ingreso al Poblado, estructurando al mismo en dos zonas de uso claramente diferenciadas, vertebradas a trav\u00e9s de un sendero peatonal que ser\u00e1 por donde se acceda a cada una de ellas.<\/p>\n<p>De este modo, se generan, por una parte, un \u00e1rea social y de descanso, y por otra se potencia la zona infantil.<\/p>\n<p>Con respecto al primero, se crear\u00e1 una explanada de forma curva, de hormig\u00f3n impreso, cuyos lados la conformar\u00e1n un banco continuo con acabado en azulejado tipo trencad\u00eds y la senda peatonal, tambi\u00e9n ejecutada en hormig\u00f3n impreso.<\/p>\n<h4><strong>Esta zona se completar\u00e1 con un equipo de dos pedales y banco.<\/strong><\/h4>\n<p>En la zona infantil se crear\u00e1 una solera de hormig\u00f3n sobre la que se establecer\u00e1 un pavimento amortiguador adecuado a la superficie de las \u00e1reas de juego absorbedores de impactos y en ella, se instalar\u00e1 un nuevo juego (balanc\u00edn de 4 plazas) creando un circuito junto al tobog\u00e1n y al columpio existentes.<\/p>\n<p>Estas obras servir\u00e1n para la mejora de los equipamientos en espacios p\u00fablicos de Carre\u00f1o.<\/p>\n<p>&nbsp;<\/p>\n","protected":false},"excerpt":{"rendered":"<p>A partir de la segunda semana de este mes de Octubre, y por el plazo de 2 meses, el m\u00f3dulo de Operaciones Auxiliares de Acabados R\u00edgidos se encargar\u00e1 de colocar tres aparatos de ejercicios para personas adultas en las instalaciones del Local Social del Poblado de Albandi. Se trata de la colocaci\u00f3n de un aparato<\/p>\n","protected":false},"author":1,"featured_media":6453,"comment_status":"closed","ping_status":"closed","sticky":false,"template":"","format":"standard","meta":{"footnotes":""},"categories":[2],"tags":[],"class_list":{"0":"post-130908","1":"post","2":"type-post","3":"status-publish","4":"format-standard","5":"has-post-thumbnail","7":"category-noticias-carreno"},"aioseo_notices":[],"aioseo_head":"\n\t\t<!-- All in One SEO Pro 4.9.6.2 - aioseo.com -->\n\t<meta name=\"description\" content=\"A partir de la segunda semana de este mes de Octubre, y por el plazo de 2 meses, el m\u00f3dulo de Operaciones Auxiliares de Acabados R\u00edgidos se encargar\u00e1 de colocar tres aparatos de ejercicios para personas adultas en las instalaciones del Local Social del Poblado de Albandi. Se trata de la colocaci\u00f3n de un aparato\" \/>\n\t<meta name=\"robots\" content=\"max-image-preview:large\" \/>\n\t<meta name=\"author\" content=\"Cand\u00e1s 365\"\/>\n\t<meta name=\"google-site-verification\" content=\"UA-32230408-1\" \/>\n\t<meta name=\"msvalidate.01\" content=\"354F3CDFB2DA171B47FBE9ABF1F88D5\" \/>\n\t<meta name=\"keywords\" content=\"noticias carre\u00f1o\" \/>\n\t<link rel=\"canonical\" href=\"https:\/\/candas365.es\/noticias\/el-poblado-de-albandi-tendra-espacios-biosaludables\/\" \/>\n\t<meta name=\"generator\" content=\"All in One SEO Pro (AIOSEO) 4.9.6.2\" \/>\n\t\t<meta property=\"og:locale\" content=\"es_ES\" \/>\n\t\t<meta property=\"og:site_name\" content=\"Cand\u00e1s 365\" \/>\n\t\t<meta property=\"og:type\" content=\"article\" \/>\n\t\t<meta property=\"og:title\" content=\"El Poblado de Albandi tendr\u00e1 espacios biosaludables | Cand\u00e1s 365\" \/>\n\t\t<meta property=\"og:description\" content=\"A partir de la segunda semana de este mes de Octubre, y por el plazo de 2 meses, el m\u00f3dulo de Operaciones Auxiliares de Acabados R\u00edgidos se encargar\u00e1 de colocar tres aparatos de ejercicios para personas adultas en las instalaciones del Local Social del Poblado de Albandi. Se trata de la colocaci\u00f3n de un aparato\" \/>\n\t\t<meta property=\"og:url\" content=\"https:\/\/candas365.es\/noticias\/el-poblado-de-albandi-tendra-espacios-biosaludables\/\" \/>\n\t\t<meta property=\"og:image\" content=\"https:\/\/candas365.es\/noticias\/wp-content\/uploads\/2015\/01\/ayuntamiento.jpg\" \/>\n\t\t<meta property=\"og:image:secure_url\" content=\"https:\/\/candas365.es\/noticias\/wp-content\/uploads\/2015\/01\/ayuntamiento.jpg\" \/>\n\t\t<meta property=\"og:image:width\" content=\"800\" \/>\n\t\t<meta property=\"og:image:height\" content=\"600\" \/>\n\t\t<meta property=\"article:published_time\" content=\"2019-10-06T14:50:40+00:00\" \/>\n\t\t<meta property=\"article:modified_time\" content=\"2019-10-06T14:50:40+00:00\" \/>\n\t\t<meta property=\"article:publisher\" content=\"https:\/\/www.facebook.com\/Nachofdezber\" \/>\n\t\t<meta property=\"article:author\" content=\"https:\/\/www.facebook.com\/carrenoactualidad\" \/>\n\t\t<meta name=\"twitter:card\" content=\"summary_large_image\" \/>\n\t\t<meta name=\"twitter:site\" content=\"@NabercoDigital\" \/>\n\t\t<meta name=\"twitter:title\" content=\"El Poblado de Albandi tendr\u00e1 espacios biosaludables | Cand\u00e1s 365\" \/>\n\t\t<meta name=\"twitter:description\" content=\"A partir de la segunda semana de este mes de Octubre, y por el plazo de 2 meses, el m\u00f3dulo de Operaciones Auxiliares de Acabados R\u00edgidos se encargar\u00e1 de colocar tres aparatos de ejercicios para personas adultas en las instalaciones del Local Social del Poblado de Albandi. Se trata de la colocaci\u00f3n de un aparato\" \/>\n\t\t<meta name=\"twitter:creator\" content=\"@nbasturias\" \/>\n\t\t<meta name=\"twitter:image\" content=\"https:\/\/candas365.es\/noticias\/wp-content\/uploads\/2015\/01\/ayuntamiento.jpg\" \/>\n\t\t<meta name=\"twitter:label1\" content=\"Escrito por\" \/>\n\t\t<meta name=\"twitter:data1\" content=\"Cand\u00e1s 365\" \/>\n\t\t<meta name=\"twitter:label2\" content=\"Tiempo de lectura estimado\" \/>\n\t\t<meta name=\"twitter:data2\" content=\"1 minuto\" \/>\n\t\t<script type=\"application\/ld+json\" class=\"aioseo-schema\">\n\t\t\t{\"@context\":\"https:\\\/\\\/schema.org\",\"@graph\":[{\"@type\":\"BreadcrumbList\",\"@id\":\"https:\\\/\\\/candas365.es\\\/noticias\\\/el-poblado-de-albandi-tendra-espacios-biosaludables\\\/#breadcrumblist\",\"itemListElement\":[{\"@type\":\"ListItem\",\"@id\":\"https:\\\/\\\/candas365.es\\\/noticias#listItem\",\"position\":1,\"name\":\"Home\",\"item\":\"https:\\\/\\\/candas365.es\\\/noticias\",\"nextItem\":{\"@type\":\"ListItem\",\"@id\":\"https:\\\/\\\/candas365.es\\\/noticias\\\/category\\\/noticias-carreno\\\/#listItem\",\"name\":\"Noticias Carre\\u00f1o\"}},{\"@type\":\"ListItem\",\"@id\":\"https:\\\/\\\/candas365.es\\\/noticias\\\/category\\\/noticias-carreno\\\/#listItem\",\"position\":2,\"name\":\"Noticias Carre\\u00f1o\",\"item\":\"https:\\\/\\\/candas365.es\\\/noticias\\\/category\\\/noticias-carreno\\\/\",\"nextItem\":{\"@type\":\"ListItem\",\"@id\":\"https:\\\/\\\/candas365.es\\\/noticias\\\/el-poblado-de-albandi-tendra-espacios-biosaludables\\\/#listItem\",\"name\":\"El Poblado de Albandi tendr\\u00e1 espacios biosaludables\"},\"previousItem\":{\"@type\":\"ListItem\",\"@id\":\"https:\\\/\\\/candas365.es\\\/noticias#listItem\",\"name\":\"Home\"}},{\"@type\":\"ListItem\",\"@id\":\"https:\\\/\\\/candas365.es\\\/noticias\\\/el-poblado-de-albandi-tendra-espacios-biosaludables\\\/#listItem\",\"position\":3,\"name\":\"El Poblado de Albandi tendr\\u00e1 espacios biosaludables\",\"previousItem\":{\"@type\":\"ListItem\",\"@id\":\"https:\\\/\\\/candas365.es\\\/noticias\\\/category\\\/noticias-carreno\\\/#listItem\",\"name\":\"Noticias Carre\\u00f1o\"}}]},{\"@type\":\"NewsArticle\",\"@id\":\"https:\\\/\\\/candas365.es\\\/noticias\\\/el-poblado-de-albandi-tendra-espacios-biosaludables\\\/#newsarticle\",\"name\":\"El Poblado de Albandi tendr\\u00e1 espacios biosaludables | Cand\\u00e1s 365\",\"headline\":\"El Poblado de Albandi tendr\\u00e1 espacios biosaludables\",\"author\":{\"@id\":\"https:\\\/\\\/candas365.es\\\/noticias\\\/author\\\/admin\\\/#author\"},\"publisher\":{\"@id\":\"https:\\\/\\\/candas365.es\\\/noticias\\\/#organization\"},\"image\":{\"@type\":\"ImageObject\",\"url\":\"https:\\\/\\\/candas365.es\\\/noticias\\\/wp-content\\\/uploads\\\/2015\\\/01\\\/ayuntamiento.jpg\",\"width\":800,\"height\":600,\"caption\":\"Carre\\u00f1o\"},\"datePublished\":\"2019-10-06T14:50:40+02:00\",\"dateModified\":\"2019-10-06T14:50:40+02:00\",\"inLanguage\":\"es-ES\",\"mainEntityOfPage\":{\"@id\":\"https:\\\/\\\/candas365.es\\\/noticias\\\/el-poblado-de-albandi-tendra-espacios-biosaludables\\\/#webpage\"},\"isPartOf\":{\"@id\":\"https:\\\/\\\/candas365.es\\\/noticias\\\/el-poblado-de-albandi-tendra-espacios-biosaludables\\\/#webpage\"},\"articleSection\":\"Noticias Carre\\u00f1o\",\"dateline\":\"Publicado el octubre 6, 2019.\"},{\"@type\":\"Organization\",\"@id\":\"https:\\\/\\\/candas365.es\\\/noticias\\\/#organization\",\"name\":\"Cand\\u00e1s 365\",\"description\":\"Cand\\u00e1s 365 es un diario digital independiente, fundado en 2012, con base en Asturias. Informamos con rigor sobre actualidad, sociedad, cultura y ocio, con una mirada local y global.\",\"url\":\"https:\\\/\\\/candas365.es\\\/noticias\\\/\",\"email\":\"info@candas365.es\",\"telephone\":\"+34652131393\",\"foundingDate\":\"2012-06-10\",\"logo\":{\"@type\":\"ImageObject\",\"url\":\"https:\\\/\\\/candas365.es\\\/noticias\\\/wp-content\\\/uploads\\\/2024\\\/09\\\/Candas-365-Redes.jpg\",\"@id\":\"https:\\\/\\\/candas365.es\\\/noticias\\\/el-poblado-de-albandi-tendra-espacios-biosaludables\\\/#organizationLogo\",\"width\":1152,\"height\":864,\"caption\":\"Cand\\u00e1s 365 Redes\"},\"image\":{\"@id\":\"https:\\\/\\\/candas365.es\\\/noticias\\\/el-poblado-de-albandi-tendra-espacios-biosaludables\\\/#organizationLogo\"},\"sameAs\":[\"https:\\\/\\\/www.facebook.com\\\/Nachofdezber\",\"https:\\\/\\\/x.com\\\/NabercoDigital\",\"https:\\\/\\\/www.instagram.com\\\/nachofdezber\\\/\",\"https:\\\/\\\/www.youtube.com\\\/channel\\\/UCZP-2wLEB9Rv6erhFmqVnvg\"],\"address\":{\"@id\":\"https:\\\/\\\/candas365.es\\\/noticias\\\/#postaladdress\",\"@type\":\"PostalAddress\",\"streetAddress\":\"san antonio 4, san antonio 4\",\"postalCode\":\"33430\",\"addressLocality\":\"Cand\\u00e1s\",\"addressRegion\":\"Asturias\",\"addressCountry\":\"ES\"}},{\"@type\":\"Person\",\"@id\":\"https:\\\/\\\/candas365.es\\\/noticias\\\/author\\\/admin\\\/#author\",\"url\":\"https:\\\/\\\/candas365.es\\\/noticias\\\/author\\\/admin\\\/\",\"name\":\"Cand\\u00e1s 365\",\"image\":{\"@type\":\"ImageObject\",\"@id\":\"https:\\\/\\\/candas365.es\\\/noticias\\\/el-poblado-de-albandi-tendra-espacios-biosaludables\\\/#authorImage\",\"url\":\"https:\\\/\\\/secure.gravatar.com\\\/avatar\\\/496a8e03d0c493ede1718b7934145dbdf8d89be1036b0eec9544e1094c9de390?s=96&d=mm&r=g\",\"width\":96,\"height\":96,\"caption\":\"Cand\\u00e1s 365\"},\"sameAs\":[\"https:\\\/\\\/www.facebook.com\\\/carrenoactualidad\",\"https:\\\/\\\/twitter.com\\\/nbasturias\",\"https:\\\/\\\/www.instagram.com\\\/nachofdezber\\\/\",\"https:\\\/\\\/www.youtube.com\\\/channel\\\/UCZP-2wLEB9Rv6erhFmqVnvg\"]},{\"@type\":\"WebPage\",\"@id\":\"https:\\\/\\\/candas365.es\\\/noticias\\\/el-poblado-de-albandi-tendra-espacios-biosaludables\\\/#webpage\",\"url\":\"https:\\\/\\\/candas365.es\\\/noticias\\\/el-poblado-de-albandi-tendra-espacios-biosaludables\\\/\",\"name\":\"El Poblado de Albandi tendr\\u00e1 espacios biosaludables | Cand\\u00e1s 365\",\"description\":\"A partir de la segunda semana de este mes de Octubre, y por el plazo de 2 meses, el m\\u00f3dulo de Operaciones Auxiliares de Acabados R\\u00edgidos se encargar\\u00e1 de colocar tres aparatos de ejercicios para personas adultas en las instalaciones del Local Social del Poblado de Albandi. Se trata de la colocaci\\u00f3n de un aparato\",\"inLanguage\":\"es-ES\",\"isPartOf\":{\"@id\":\"https:\\\/\\\/candas365.es\\\/noticias\\\/#website\"},\"breadcrumb\":{\"@id\":\"https:\\\/\\\/candas365.es\\\/noticias\\\/el-poblado-de-albandi-tendra-espacios-biosaludables\\\/#breadcrumblist\"},\"author\":{\"@id\":\"https:\\\/\\\/candas365.es\\\/noticias\\\/author\\\/admin\\\/#author\"},\"creator\":{\"@id\":\"https:\\\/\\\/candas365.es\\\/noticias\\\/author\\\/admin\\\/#author\"},\"image\":{\"@type\":\"ImageObject\",\"url\":\"https:\\\/\\\/candas365.es\\\/noticias\\\/wp-content\\\/uploads\\\/2015\\\/01\\\/ayuntamiento.jpg\",\"@id\":\"https:\\\/\\\/candas365.es\\\/noticias\\\/el-poblado-de-albandi-tendra-espacios-biosaludables\\\/#mainImage\",\"width\":800,\"height\":600,\"caption\":\"Carre\\u00f1o\"},\"primaryImageOfPage\":{\"@id\":\"https:\\\/\\\/candas365.es\\\/noticias\\\/el-poblado-de-albandi-tendra-espacios-biosaludables\\\/#mainImage\"},\"datePublished\":\"2019-10-06T14:50:40+02:00\",\"dateModified\":\"2019-10-06T14:50:40+02:00\"},{\"@type\":\"WebSite\",\"@id\":\"https:\\\/\\\/candas365.es\\\/noticias\\\/#website\",\"url\":\"https:\\\/\\\/candas365.es\\\/noticias\\\/\",\"name\":\"Cand\\u00e1s 365\",\"alternateName\":\"Cand\\u00e1s 365 Noticias\",\"description\":\"Actualidad desde Carre\\u00f1o para el mundo\",\"inLanguage\":\"es-ES\",\"publisher\":{\"@id\":\"https:\\\/\\\/candas365.es\\\/noticias\\\/#organization\"}}]}\n\t\t<\/script>\n\t\t<!-- All in One SEO Pro -->\r\n\t\t<title>El Poblado de Albandi tendr\u00e1 espacios biosaludables | Cand\u00e1s 365<\/title>\n\n","aioseo_head_json":{"title":"El Poblado de Albandi tendr\u00e1 espacios biosaludables | Cand\u00e1s 365","description":"A partir de la segunda semana de este mes de Octubre, y por el plazo de 2 meses, el m\u00f3dulo de Operaciones Auxiliares de Acabados R\u00edgidos se encargar\u00e1 de colocar tres aparatos de ejercicios para personas adultas en las instalaciones del Local Social del Poblado de Albandi. Se trata de la colocaci\u00f3n de un aparato","canonical_url":"https:\/\/candas365.es\/noticias\/el-poblado-de-albandi-tendra-espacios-biosaludables\/","robots":"max-image-preview:large","keywords":"noticias carre\u00f1o","webmasterTools":{"google-site-verification":"UA-32230408-1","msvalidate.01":"354F3CDFB2DA171B47FBE9ABF1F88D5","miscellaneous":""},"schema":{"@context":"https:\/\/schema.org","@graph":[{"@type":"BreadcrumbList","@id":"https:\/\/candas365.es\/noticias\/el-poblado-de-albandi-tendra-espacios-biosaludables\/#breadcrumblist","itemListElement":[{"@type":"ListItem","@id":"https:\/\/candas365.es\/noticias#listItem","position":1,"name":"Home","item":"https:\/\/candas365.es\/noticias","nextItem":{"@type":"ListItem","@id":"https:\/\/candas365.es\/noticias\/category\/noticias-carreno\/#listItem","name":"Noticias Carre\u00f1o"}},{"@type":"ListItem","@id":"https:\/\/candas365.es\/noticias\/category\/noticias-carreno\/#listItem","position":2,"name":"Noticias Carre\u00f1o","item":"https:\/\/candas365.es\/noticias\/category\/noticias-carreno\/","nextItem":{"@type":"ListItem","@id":"https:\/\/candas365.es\/noticias\/el-poblado-de-albandi-tendra-espacios-biosaludables\/#listItem","name":"El Poblado de Albandi tendr\u00e1 espacios biosaludables"},"previousItem":{"@type":"ListItem","@id":"https:\/\/candas365.es\/noticias#listItem","name":"Home"}},{"@type":"ListItem","@id":"https:\/\/candas365.es\/noticias\/el-poblado-de-albandi-tendra-espacios-biosaludables\/#listItem","position":3,"name":"El Poblado de Albandi tendr\u00e1 espacios biosaludables","previousItem":{"@type":"ListItem","@id":"https:\/\/candas365.es\/noticias\/category\/noticias-carreno\/#listItem","name":"Noticias Carre\u00f1o"}}]},{"@type":"NewsArticle","@id":"https:\/\/candas365.es\/noticias\/el-poblado-de-albandi-tendra-espacios-biosaludables\/#newsarticle","name":"El Poblado de Albandi tendr\u00e1 espacios biosaludables | Cand\u00e1s 365","headline":"El Poblado de Albandi tendr\u00e1 espacios biosaludables","author":{"@id":"https:\/\/candas365.es\/noticias\/author\/admin\/#author"},"publisher":{"@id":"https:\/\/candas365.es\/noticias\/#organization"},"image":{"@type":"ImageObject","url":"https:\/\/candas365.es\/noticias\/wp-content\/uploads\/2015\/01\/ayuntamiento.jpg","width":800,"height":600,"caption":"Carre\u00f1o"},"datePublished":"2019-10-06T14:50:40+02:00","dateModified":"2019-10-06T14:50:40+02:00","inLanguage":"es-ES","mainEntityOfPage":{"@id":"https:\/\/candas365.es\/noticias\/el-poblado-de-albandi-tendra-espacios-biosaludables\/#webpage"},"isPartOf":{"@id":"https:\/\/candas365.es\/noticias\/el-poblado-de-albandi-tendra-espacios-biosaludables\/#webpage"},"articleSection":"Noticias Carre\u00f1o","dateline":"Publicado el octubre 6, 2019."},{"@type":"Organization","@id":"https:\/\/candas365.es\/noticias\/#organization","name":"Cand\u00e1s 365","description":"Cand\u00e1s 365 es un diario digital independiente, fundado en 2012, con base en Asturias. Informamos con rigor sobre actualidad, sociedad, cultura y ocio, con una mirada local y global.","url":"https:\/\/candas365.es\/noticias\/","email":"info@candas365.es","telephone":"+34652131393","foundingDate":"2012-06-10","logo":{"@type":"ImageObject","url":"https:\/\/candas365.es\/noticias\/wp-content\/uploads\/2024\/09\/Candas-365-Redes.jpg","@id":"https:\/\/candas365.es\/noticias\/el-poblado-de-albandi-tendra-espacios-biosaludables\/#organizationLogo","width":1152,"height":864,"caption":"Cand\u00e1s 365 Redes"},"image":{"@id":"https:\/\/candas365.es\/noticias\/el-poblado-de-albandi-tendra-espacios-biosaludables\/#organizationLogo"},"sameAs":["https:\/\/www.facebook.com\/Nachofdezber","https:\/\/x.com\/NabercoDigital","https:\/\/www.instagram.com\/nachofdezber\/","https:\/\/www.youtube.com\/channel\/UCZP-2wLEB9Rv6erhFmqVnvg"],"address":{"@id":"https:\/\/candas365.es\/noticias\/#postaladdress","@type":"PostalAddress","streetAddress":"san antonio 4, san antonio 4","postalCode":"33430","addressLocality":"Cand\u00e1s","addressRegion":"Asturias","addressCountry":"ES"}},{"@type":"Person","@id":"https:\/\/candas365.es\/noticias\/author\/admin\/#author","url":"https:\/\/candas365.es\/noticias\/author\/admin\/","name":"Cand\u00e1s 365","image":{"@type":"ImageObject","@id":"https:\/\/candas365.es\/noticias\/el-poblado-de-albandi-tendra-espacios-biosaludables\/#authorImage","url":"https:\/\/secure.gravatar.com\/avatar\/496a8e03d0c493ede1718b7934145dbdf8d89be1036b0eec9544e1094c9de390?s=96&d=mm&r=g","width":96,"height":96,"caption":"Cand\u00e1s 365"},"sameAs":["https:\/\/www.facebook.com\/carrenoactualidad","https:\/\/twitter.com\/nbasturias","https:\/\/www.instagram.com\/nachofdezber\/","https:\/\/www.youtube.com\/channel\/UCZP-2wLEB9Rv6erhFmqVnvg"]},{"@type":"WebPage","@id":"https:\/\/candas365.es\/noticias\/el-poblado-de-albandi-tendra-espacios-biosaludables\/#webpage","url":"https:\/\/candas365.es\/noticias\/el-poblado-de-albandi-tendra-espacios-biosaludables\/","name":"El Poblado de Albandi tendr\u00e1 espacios biosaludables | Cand\u00e1s 365","description":"A partir de la segunda semana de este mes de Octubre, y por el plazo de 2 meses, el m\u00f3dulo de Operaciones Auxiliares de Acabados R\u00edgidos se encargar\u00e1 de colocar tres aparatos de ejercicios para personas adultas en las instalaciones del Local Social del Poblado de Albandi. Se trata de la colocaci\u00f3n de un aparato","inLanguage":"es-ES","isPartOf":{"@id":"https:\/\/candas365.es\/noticias\/#website"},"breadcrumb":{"@id":"https:\/\/candas365.es\/noticias\/el-poblado-de-albandi-tendra-espacios-biosaludables\/#breadcrumblist"},"author":{"@id":"https:\/\/candas365.es\/noticias\/author\/admin\/#author"},"creator":{"@id":"https:\/\/candas365.es\/noticias\/author\/admin\/#author"},"image":{"@type":"ImageObject","url":"https:\/\/candas365.es\/noticias\/wp-content\/uploads\/2015\/01\/ayuntamiento.jpg","@id":"https:\/\/candas365.es\/noticias\/el-poblado-de-albandi-tendra-espacios-biosaludables\/#mainImage","width":800,"height":600,"caption":"Carre\u00f1o"},"primaryImageOfPage":{"@id":"https:\/\/candas365.es\/noticias\/el-poblado-de-albandi-tendra-espacios-biosaludables\/#mainImage"},"datePublished":"2019-10-06T14:50:40+02:00","dateModified":"2019-10-06T14:50:40+02:00"},{"@type":"WebSite","@id":"https:\/\/candas365.es\/noticias\/#website","url":"https:\/\/candas365.es\/noticias\/","name":"Cand\u00e1s 365","alternateName":"Cand\u00e1s 365 Noticias","description":"Actualidad desde Carre\u00f1o para el mundo","inLanguage":"es-ES","publisher":{"@id":"https:\/\/candas365.es\/noticias\/#organization"}}]},"og:locale":"es_ES","og:site_name":"Cand\u00e1s 365","og:type":"article","og:title":"El Poblado de Albandi tendr\u00e1 espacios biosaludables | Cand\u00e1s 365","og:description":"A partir de la segunda semana de este mes de Octubre, y por el plazo de 2 meses, el m\u00f3dulo de Operaciones Auxiliares de Acabados R\u00edgidos se encargar\u00e1 de colocar tres aparatos de ejercicios para personas adultas en las instalaciones del Local Social del Poblado de Albandi. Se trata de la colocaci\u00f3n de un aparato","og:url":"https:\/\/candas365.es\/noticias\/el-poblado-de-albandi-tendra-espacios-biosaludables\/","og:image":"https:\/\/candas365.es\/noticias\/wp-content\/uploads\/2015\/01\/ayuntamiento.jpg","og:image:secure_url":"https:\/\/candas365.es\/noticias\/wp-content\/uploads\/2015\/01\/ayuntamiento.jpg","og:image:width":800,"og:image:height":600,"article:published_time":"2019-10-06T14:50:40+00:00","article:modified_time":"2019-10-06T14:50:40+00:00","article:publisher":"https:\/\/www.facebook.com\/Nachofdezber","article:author":"https:\/\/www.facebook.com\/carrenoactualidad","twitter:card":"summary_large_image","twitter:site":"@NabercoDigital","twitter:title":"El Poblado de Albandi tendr\u00e1 espacios biosaludables | Cand\u00e1s 365","twitter:description":"A partir de la segunda semana de este mes de Octubre, y por el plazo de 2 meses, el m\u00f3dulo de Operaciones Auxiliares de Acabados R\u00edgidos se encargar\u00e1 de colocar tres aparatos de ejercicios para personas adultas en las instalaciones del Local Social del Poblado de Albandi. Se trata de la colocaci\u00f3n de un aparato","twitter:creator":"@nbasturias","twitter:image":"https:\/\/candas365.es\/noticias\/wp-content\/uploads\/2015\/01\/ayuntamiento.jpg","twitter:label1":"Escrito por","twitter:data1":"Cand\u00e1s 365","twitter:label2":"Tiempo de lectura estimado","twitter:data2":"1 minuto"},"aioseo_meta_data":{"post_id":"130908","title":null,"description":null,"keywords":null,"keyphrases":null,"primary_term":null,"canonical_url":null,"og_title":null,"og_description":null,"og_object_type":"default","og_image_type":"default","og_image_url":null,"og_image_width":null,"og_image_height":null,"og_image_custom_url":null,"og_image_custom_fields":null,"og_video":null,"og_custom_url":null,"og_article_section":null,"og_article_tags":null,"twitter_use_og":false,"twitter_card":"default","twitter_image_type":"default","twitter_image_url":null,"twitter_image_custom_url":null,"twitter_image_custom_fields":null,"twitter_title":null,"twitter_description":null,"schema":{"blockGraphs":[],"customGraphs":[],"default":{"data":{"Article":[],"Course":[],"Dataset":[],"FAQPage":[],"Movie":[],"Person":[],"Product":[],"ProductReview":[],"Car":[],"Recipe":[],"Service":[],"SoftwareApplication":[],"WebPage":[]},"graphName":"","isEnabled":true},"graphs":[],"defaultGraph":"","defaultPostTypeGraph":""},"schema_type":null,"schema_type_options":null,"pillar_content":false,"robots_default":true,"robots_noindex":false,"robots_noarchive":false,"robots_nosnippet":false,"robots_nofollow":false,"robots_noimageindex":false,"robots_noodp":false,"robots_notranslate":false,"robots_max_snippet":null,"robots_max_videopreview":null,"robots_max_imagepreview":"large","priority":null,"frequency":null,"location":null,"local_seo":null,"seo_analyzer_scan_date":"2025-08-30 14:58:32","breadcrumb_settings":null,"limit_modified_date":false,"reviewed_by":null,"open_ai":null,"ai":null,"created":"2020-12-21 10:51:57","updated":"2025-08-30 14:58:32"},"aioseo_breadcrumb":"<div class=\"aioseo-breadcrumbs\"><span class=\"aioseo-breadcrumb\">\n\t<a href=\"https:\/\/candas365.es\/noticias\" title=\"Home\">Home<\/a>\n<\/span><span class=\"aioseo-breadcrumb-separator\">&ndash;<\/span><span class=\"aioseo-breadcrumb\">\n\t<a href=\"https:\/\/candas365.es\/noticias\/category\/noticias-carreno\/\" title=\"Noticias Carre\u00f1o\">Noticias Carre\u00f1o<\/a>\n<\/span><span class=\"aioseo-breadcrumb-separator\">&ndash;<\/span><span class=\"aioseo-breadcrumb\">\n\tEl Poblado de Albandi tendr\u00e1 espacios biosaludables\n<\/span><\/div>","aioseo_breadcrumb_json":[{"label":"Home","link":"https:\/\/candas365.es\/noticias"},{"label":"Noticias Carre\u00f1o","link":"https:\/\/candas365.es\/noticias\/category\/noticias-carreno\/"},{"label":"El Poblado de Albandi tendr\u00e1 espacios biosaludables","link":"https:\/\/candas365.es\/noticias\/el-poblado-de-albandi-tendra-espacios-biosaludables\/"}],"_links":{"self":[{"href":"https:\/\/candas365.es\/noticias\/wp-json\/wp\/v2\/posts\/130908","targetHints":{"allow":["GET"]}}],"collection":[{"href":"https:\/\/candas365.es\/noticias\/wp-json\/wp\/v2\/posts"}],"about":[{"href":"https:\/\/candas365.es\/noticias\/wp-json\/wp\/v2\/types\/post"}],"author":[{"embeddable":true,"href":"https:\/\/candas365.es\/noticias\/wp-json\/wp\/v2\/users\/1"}],"replies":[{"embeddable":true,"href":"https:\/\/candas365.es\/noticias\/wp-json\/wp\/v2\/comments?post=130908"}],"version-history":[{"count":0,"href":"https:\/\/candas365.es\/noticias\/wp-json\/wp\/v2\/posts\/130908\/revisions"}],"wp:featuredmedia":[{"embeddable":true,"href":"https:\/\/candas365.es\/noticias\/wp-json\/wp\/v2\/media\/6453"}],"wp:attachment":[{"href":"https:\/\/candas365.es\/noticias\/wp-json\/wp\/v2\/media?parent=130908"}],"wp:term":[{"taxonomy":"category","embeddable":true,"href":"https:\/\/candas365.es\/noticias\/wp-json\/wp\/v2\/categories?post=130908"},{"taxonomy":"post_tag","embeddable":true,"href":"https:\/\/candas365.es\/noticias\/wp-json\/wp\/v2\/tags?post=130908"}],"curies":[{"name":"wp","href":"https:\/\/api.w.org\/{rel}","templated":true}]}}