{"id":130875,"date":"2019-10-05T12:24:12","date_gmt":"2019-10-05T12:24:12","guid":{"rendered":"http:\/\/candas365.es\/noticias\/?p=130875"},"modified":"2019-10-05T12:24:12","modified_gmt":"2019-10-05T12:24:12","slug":"effenberg-ficha-como-director-deportivo-del-uerdingen","status":"publish","type":"post","link":"https:\/\/candas365.es\/noticias\/effenberg-ficha-como-director-deportivo-del-uerdingen\/","title":{"rendered":"Effenberg ficha como director deportivo del Uerdingen"},"content":{"rendered":"<figure id=\"attachment_130876\" aria-describedby=\"caption-attachment-130876\" style=\"width: 360px\" class=\"wp-caption alignleft\"><img fetchpriority=\"high\" decoding=\"async\" class=\"size-medium wp-image-130876\" src=\"https:\/\/candas365.es\/noticias\/wp-content\/uploads\/2019\/10\/Effenberg-360x250.jpg\" alt=\"\" width=\"360\" height=\"250\" srcset=\"https:\/\/candas365.es\/noticias\/wp-content\/uploads\/2019\/10\/Effenberg-360x250.jpg 360w, https:\/\/candas365.es\/noticias\/wp-content\/uploads\/2019\/10\/Effenberg-768x533.jpg 768w, https:\/\/candas365.es\/noticias\/wp-content\/uploads\/2019\/10\/Effenberg-655x455.jpg 655w, https:\/\/candas365.es\/noticias\/wp-content\/uploads\/2019\/10\/Effenberg-100x70.jpg 100w, https:\/\/candas365.es\/noticias\/wp-content\/uploads\/2019\/10\/Effenberg-218x150.jpg 218w, https:\/\/candas365.es\/noticias\/wp-content\/uploads\/2019\/10\/Effenberg-696x483.jpg 696w, https:\/\/candas365.es\/noticias\/wp-content\/uploads\/2019\/10\/Effenberg-605x420.jpg 605w, https:\/\/candas365.es\/noticias\/wp-content\/uploads\/2019\/10\/Effenberg.jpg 897w\" sizes=\"(max-width: 360px) 100vw, 360px\" \/><figcaption id=\"caption-attachment-130876\" class=\"wp-caption-text\">Stefan Effenberg, quien ser\u00e1 director deportivo del club de la tercera divisi\u00f3n alemana Uerdingen. Foto: Uwe Anspach\/dpa<\/figcaption><\/figure>\n<p>Uerdingen (Alemania), 5 oct (dpa) &#8211; La leyenda del f\u00fatbol alem\u00e1n Stefan Effenberg ser\u00e1 el director deportivo del Uerdingen, un club de la tercera divisi\u00f3n alemana, seg\u00fan confirm\u00f3 hoy el propio equipo.<\/p>\n<p>\u00abEl Uerdingen es un club tradicional y tiene mucho potencial. Estoy firmemente convencido de que tendremos \u00e9xito juntos\u00bb, dijo Effenberg sobre su incorporaci\u00f3n como directivo.<\/p>\n<p>El ex jugador del Bayern M\u00fanich, de 51 a\u00f1os, se unir\u00e1 de forma inmediata a la estructura del club germano, sumido actualmente en una profunda crisis. Se espera que su presentaci\u00f3n oficial se produzca el mi\u00e9rcoles.<\/p>\n<p>\u00abStefan Effenberg ha experimentado y logrado casi todo en su carrera\u00bb, dijo Mijail Ponomarev, el inversor ruso que preside el club, quien a\u00f1adi\u00f3 \u00abesperamos que con toda su experiencia y conocimientos pueda ayudarnos a avanzar\u00bb.<\/p>\n<p>El club alem\u00e1n se encuentra cerca de los puestos de descenso, ya que solo ha logrado tres victorias de un total de once partidos disputados en lo que va de temporada. Varios entrenadores han pasado por su banquillo durante este a\u00f1o.<\/p>\n<p>La \u00faltima vinculaci\u00f3n de Effenberg con un club alem\u00e1n se remonta a la temporada 2015-16, en la que ejerci\u00f3 como entrenador del Paderborn, reci\u00e9n ascendido a la Bundesliga y entonces en la segunda divisi\u00f3n. Pese a tener contrato con ellos hasta 2017, sali\u00f3 del club en marzo de 2016.<\/p>\n<p>Como jugador en activo, gan\u00f3 entre otros tres t\u00edtulos de la liga alemana, una Liga de Campeones y una Copa del Mundo.<\/p>\n<p>&nbsp;<\/p>\n","protected":false},"excerpt":{"rendered":"<p>Uerdingen (Alemania), 5 oct (dpa) &#8211; La leyenda del f\u00fatbol alem\u00e1n Stefan Effenberg ser\u00e1 el director deportivo del Uerdingen, un club de la tercera divisi\u00f3n alemana, seg\u00fan confirm\u00f3 hoy el propio equipo. \u00abEl Uerdingen es un club tradicional y tiene mucho potencial. Estoy firmemente convencido de que tendremos \u00e9xito juntos\u00bb, dijo Effenberg sobre su incorporaci\u00f3n<\/p>\n","protected":false},"author":1,"featured_media":130876,"comment_status":"closed","ping_status":"closed","sticky":false,"template":"","format":"standard","meta":{"footnotes":""},"categories":[319],"tags":[],"class_list":{"0":"post-130875","1":"post","2":"type-post","3":"status-publish","4":"format-standard","5":"has-post-thumbnail","7":"category-deporte"},"aioseo_notices":[],"aioseo_head":"\n\t\t<!-- All in One SEO Pro 4.9.6.2 - aioseo.com -->\n\t<meta name=\"description\" content=\"Uerdingen (Alemania), 5 oct (dpa) - La leyenda del f\u00fatbol alem\u00e1n Stefan Effenberg ser\u00e1 el director deportivo del Uerdingen, un club de la tercera divisi\u00f3n alemana, seg\u00fan confirm\u00f3 hoy el propio equipo. &quot;El Uerdingen es un club tradicional y tiene mucho potencial. Estoy firmemente convencido de que tendremos \u00e9xito juntos&quot;, dijo Effenberg sobre su incorporaci\u00f3n\" \/>\n\t<meta name=\"robots\" content=\"max-image-preview:large\" \/>\n\t<meta name=\"author\" content=\"Cand\u00e1s 365\"\/>\n\t<meta name=\"google-site-verification\" content=\"UA-32230408-1\" \/>\n\t<meta name=\"msvalidate.01\" content=\"354F3CDFB2DA171B47FBE9ABF1F88D5\" \/>\n\t<meta name=\"keywords\" content=\"deporte\" \/>\n\t<link rel=\"canonical\" href=\"https:\/\/candas365.es\/noticias\/effenberg-ficha-como-director-deportivo-del-uerdingen\/\" \/>\n\t<meta name=\"generator\" content=\"All in One SEO Pro (AIOSEO) 4.9.6.2\" \/>\n\t\t<meta property=\"og:locale\" content=\"es_ES\" \/>\n\t\t<meta property=\"og:site_name\" content=\"Cand\u00e1s 365\" \/>\n\t\t<meta property=\"og:type\" content=\"article\" \/>\n\t\t<meta property=\"og:title\" content=\"Effenberg ficha como director deportivo del Uerdingen | Cand\u00e1s 365\" \/>\n\t\t<meta property=\"og:description\" content=\"Uerdingen (Alemania), 5 oct (dpa) - La leyenda del f\u00fatbol alem\u00e1n Stefan Effenberg ser\u00e1 el director deportivo del Uerdingen, un club de la tercera divisi\u00f3n alemana, seg\u00fan confirm\u00f3 hoy el propio equipo. &quot;El Uerdingen es un club tradicional y tiene mucho potencial. Estoy firmemente convencido de que tendremos \u00e9xito juntos&quot;, dijo Effenberg sobre su incorporaci\u00f3n\" \/>\n\t\t<meta property=\"og:url\" content=\"https:\/\/candas365.es\/noticias\/effenberg-ficha-como-director-deportivo-del-uerdingen\/\" \/>\n\t\t<meta property=\"og:image\" content=\"https:\/\/candas365.es\/noticias\/wp-content\/uploads\/2019\/10\/Effenberg.jpg\" \/>\n\t\t<meta property=\"og:image:secure_url\" content=\"https:\/\/candas365.es\/noticias\/wp-content\/uploads\/2019\/10\/Effenberg.jpg\" \/>\n\t\t<meta property=\"og:image:width\" content=\"897\" \/>\n\t\t<meta property=\"og:image:height\" content=\"623\" \/>\n\t\t<meta property=\"article:published_time\" content=\"2019-10-05T12:24:12+00:00\" \/>\n\t\t<meta property=\"article:modified_time\" content=\"2019-10-05T12:24:12+00:00\" \/>\n\t\t<meta property=\"article:publisher\" content=\"https:\/\/www.facebook.com\/Nachofdezber\" \/>\n\t\t<meta property=\"article:author\" content=\"https:\/\/www.facebook.com\/carrenoactualidad\" \/>\n\t\t<meta name=\"twitter:card\" content=\"summary_large_image\" \/>\n\t\t<meta name=\"twitter:site\" content=\"@NabercoDigital\" \/>\n\t\t<meta name=\"twitter:title\" content=\"Effenberg ficha como director deportivo del Uerdingen | Cand\u00e1s 365\" \/>\n\t\t<meta name=\"twitter:description\" content=\"Uerdingen (Alemania), 5 oct (dpa) - La leyenda del f\u00fatbol alem\u00e1n Stefan Effenberg ser\u00e1 el director deportivo del Uerdingen, un club de la tercera divisi\u00f3n alemana, seg\u00fan confirm\u00f3 hoy el propio equipo. &quot;El Uerdingen es un club tradicional y tiene mucho potencial. Estoy firmemente convencido de que tendremos \u00e9xito juntos&quot;, dijo Effenberg sobre su incorporaci\u00f3n\" \/>\n\t\t<meta name=\"twitter:creator\" content=\"@nbasturias\" \/>\n\t\t<meta name=\"twitter:image\" content=\"https:\/\/candas365.es\/noticias\/wp-content\/uploads\/2019\/10\/Effenberg.jpg\" \/>\n\t\t<meta name=\"twitter:label1\" content=\"Escrito por\" \/>\n\t\t<meta name=\"twitter:data1\" content=\"Cand\u00e1s 365\" \/>\n\t\t<meta name=\"twitter:label2\" content=\"Tiempo de lectura estimado\" \/>\n\t\t<meta name=\"twitter:data2\" content=\"1 minuto\" \/>\n\t\t<script type=\"application\/ld+json\" class=\"aioseo-schema\">\n\t\t\t{\"@context\":\"https:\\\/\\\/schema.org\",\"@graph\":[{\"@type\":\"BreadcrumbList\",\"@id\":\"https:\\\/\\\/candas365.es\\\/noticias\\\/effenberg-ficha-como-director-deportivo-del-uerdingen\\\/#breadcrumblist\",\"itemListElement\":[{\"@type\":\"ListItem\",\"@id\":\"https:\\\/\\\/candas365.es\\\/noticias#listItem\",\"position\":1,\"name\":\"Home\",\"item\":\"https:\\\/\\\/candas365.es\\\/noticias\",\"nextItem\":{\"@type\":\"ListItem\",\"@id\":\"https:\\\/\\\/candas365.es\\\/noticias\\\/category\\\/deporte\\\/#listItem\",\"name\":\"Deporte\"}},{\"@type\":\"ListItem\",\"@id\":\"https:\\\/\\\/candas365.es\\\/noticias\\\/category\\\/deporte\\\/#listItem\",\"position\":2,\"name\":\"Deporte\",\"item\":\"https:\\\/\\\/candas365.es\\\/noticias\\\/category\\\/deporte\\\/\",\"nextItem\":{\"@type\":\"ListItem\",\"@id\":\"https:\\\/\\\/candas365.es\\\/noticias\\\/effenberg-ficha-como-director-deportivo-del-uerdingen\\\/#listItem\",\"name\":\"Effenberg ficha como director deportivo del Uerdingen\"},\"previousItem\":{\"@type\":\"ListItem\",\"@id\":\"https:\\\/\\\/candas365.es\\\/noticias#listItem\",\"name\":\"Home\"}},{\"@type\":\"ListItem\",\"@id\":\"https:\\\/\\\/candas365.es\\\/noticias\\\/effenberg-ficha-como-director-deportivo-del-uerdingen\\\/#listItem\",\"position\":3,\"name\":\"Effenberg ficha como director deportivo del Uerdingen\",\"previousItem\":{\"@type\":\"ListItem\",\"@id\":\"https:\\\/\\\/candas365.es\\\/noticias\\\/category\\\/deporte\\\/#listItem\",\"name\":\"Deporte\"}}]},{\"@type\":\"NewsArticle\",\"@id\":\"https:\\\/\\\/candas365.es\\\/noticias\\\/effenberg-ficha-como-director-deportivo-del-uerdingen\\\/#newsarticle\",\"name\":\"Effenberg ficha como director deportivo del Uerdingen | Cand\\u00e1s 365\",\"headline\":\"Effenberg ficha como director deportivo del Uerdingen\",\"author\":{\"@id\":\"https:\\\/\\\/candas365.es\\\/noticias\\\/author\\\/admin\\\/#author\"},\"publisher\":{\"@id\":\"https:\\\/\\\/candas365.es\\\/noticias\\\/#organization\"},\"image\":{\"@type\":\"ImageObject\",\"url\":\"https:\\\/\\\/candas365.es\\\/noticias\\\/wp-content\\\/uploads\\\/2019\\\/10\\\/Effenberg.jpg\",\"width\":897,\"height\":623,\"caption\":\"Stefan Effenberg, quien ser\\u00e1 director deportivo del club de la tercera divisi\\u00f3n alemana Uerdingen. Foto: Uwe Anspach\\\/dpa\"},\"datePublished\":\"2019-10-05T12:24:12+02:00\",\"dateModified\":\"2019-10-05T12:24:12+02:00\",\"inLanguage\":\"es-ES\",\"mainEntityOfPage\":{\"@id\":\"https:\\\/\\\/candas365.es\\\/noticias\\\/effenberg-ficha-como-director-deportivo-del-uerdingen\\\/#webpage\"},\"isPartOf\":{\"@id\":\"https:\\\/\\\/candas365.es\\\/noticias\\\/effenberg-ficha-como-director-deportivo-del-uerdingen\\\/#webpage\"},\"articleSection\":\"Deporte\",\"dateline\":\"Publicado el octubre 5, 2019.\"},{\"@type\":\"Organization\",\"@id\":\"https:\\\/\\\/candas365.es\\\/noticias\\\/#organization\",\"name\":\"Cand\\u00e1s 365\",\"description\":\"Cand\\u00e1s 365 es un diario digital independiente, fundado en 2012, con base en Asturias. Informamos con rigor sobre actualidad, sociedad, cultura y ocio, con una mirada local y global.\",\"url\":\"https:\\\/\\\/candas365.es\\\/noticias\\\/\",\"email\":\"info@candas365.es\",\"telephone\":\"+34652131393\",\"foundingDate\":\"2012-06-10\",\"logo\":{\"@type\":\"ImageObject\",\"url\":\"https:\\\/\\\/candas365.es\\\/noticias\\\/wp-content\\\/uploads\\\/2024\\\/09\\\/Candas-365-Redes.jpg\",\"@id\":\"https:\\\/\\\/candas365.es\\\/noticias\\\/effenberg-ficha-como-director-deportivo-del-uerdingen\\\/#organizationLogo\",\"width\":1152,\"height\":864,\"caption\":\"Cand\\u00e1s 365 Redes\"},\"image\":{\"@id\":\"https:\\\/\\\/candas365.es\\\/noticias\\\/effenberg-ficha-como-director-deportivo-del-uerdingen\\\/#organizationLogo\"},\"sameAs\":[\"https:\\\/\\\/www.facebook.com\\\/Nachofdezber\",\"https:\\\/\\\/x.com\\\/NabercoDigital\",\"https:\\\/\\\/www.instagram.com\\\/nachofdezber\\\/\",\"https:\\\/\\\/www.youtube.com\\\/channel\\\/UCZP-2wLEB9Rv6erhFmqVnvg\"],\"address\":{\"@id\":\"https:\\\/\\\/candas365.es\\\/noticias\\\/#postaladdress\",\"@type\":\"PostalAddress\",\"streetAddress\":\"san antonio 4, san antonio 4\",\"postalCode\":\"33430\",\"addressLocality\":\"Cand\\u00e1s\",\"addressRegion\":\"Asturias\",\"addressCountry\":\"ES\"}},{\"@type\":\"Person\",\"@id\":\"https:\\\/\\\/candas365.es\\\/noticias\\\/author\\\/admin\\\/#author\",\"url\":\"https:\\\/\\\/candas365.es\\\/noticias\\\/author\\\/admin\\\/\",\"name\":\"Cand\\u00e1s 365\",\"image\":{\"@type\":\"ImageObject\",\"@id\":\"https:\\\/\\\/candas365.es\\\/noticias\\\/effenberg-ficha-como-director-deportivo-del-uerdingen\\\/#authorImage\",\"url\":\"https:\\\/\\\/secure.gravatar.com\\\/avatar\\\/496a8e03d0c493ede1718b7934145dbdf8d89be1036b0eec9544e1094c9de390?s=96&d=mm&r=g\",\"width\":96,\"height\":96,\"caption\":\"Cand\\u00e1s 365\"},\"sameAs\":[\"https:\\\/\\\/www.facebook.com\\\/carrenoactualidad\",\"https:\\\/\\\/twitter.com\\\/nbasturias\",\"https:\\\/\\\/www.instagram.com\\\/nachofdezber\\\/\",\"https:\\\/\\\/www.youtube.com\\\/channel\\\/UCZP-2wLEB9Rv6erhFmqVnvg\"]},{\"@type\":\"WebPage\",\"@id\":\"https:\\\/\\\/candas365.es\\\/noticias\\\/effenberg-ficha-como-director-deportivo-del-uerdingen\\\/#webpage\",\"url\":\"https:\\\/\\\/candas365.es\\\/noticias\\\/effenberg-ficha-como-director-deportivo-del-uerdingen\\\/\",\"name\":\"Effenberg ficha como director deportivo del Uerdingen | Cand\\u00e1s 365\",\"description\":\"Uerdingen (Alemania), 5 oct (dpa) - La leyenda del f\\u00fatbol alem\\u00e1n Stefan Effenberg ser\\u00e1 el director deportivo del Uerdingen, un club de la tercera divisi\\u00f3n alemana, seg\\u00fan confirm\\u00f3 hoy el propio equipo. \\\"El Uerdingen es un club tradicional y tiene mucho potencial. Estoy firmemente convencido de que tendremos \\u00e9xito juntos\\\", dijo Effenberg sobre su incorporaci\\u00f3n\",\"inLanguage\":\"es-ES\",\"isPartOf\":{\"@id\":\"https:\\\/\\\/candas365.es\\\/noticias\\\/#website\"},\"breadcrumb\":{\"@id\":\"https:\\\/\\\/candas365.es\\\/noticias\\\/effenberg-ficha-como-director-deportivo-del-uerdingen\\\/#breadcrumblist\"},\"author\":{\"@id\":\"https:\\\/\\\/candas365.es\\\/noticias\\\/author\\\/admin\\\/#author\"},\"creator\":{\"@id\":\"https:\\\/\\\/candas365.es\\\/noticias\\\/author\\\/admin\\\/#author\"},\"image\":{\"@type\":\"ImageObject\",\"url\":\"https:\\\/\\\/candas365.es\\\/noticias\\\/wp-content\\\/uploads\\\/2019\\\/10\\\/Effenberg.jpg\",\"@id\":\"https:\\\/\\\/candas365.es\\\/noticias\\\/effenberg-ficha-como-director-deportivo-del-uerdingen\\\/#mainImage\",\"width\":897,\"height\":623,\"caption\":\"Stefan Effenberg, quien ser\\u00e1 director deportivo del club de la tercera divisi\\u00f3n alemana Uerdingen. Foto: Uwe Anspach\\\/dpa\"},\"primaryImageOfPage\":{\"@id\":\"https:\\\/\\\/candas365.es\\\/noticias\\\/effenberg-ficha-como-director-deportivo-del-uerdingen\\\/#mainImage\"},\"datePublished\":\"2019-10-05T12:24:12+02:00\",\"dateModified\":\"2019-10-05T12:24:12+02:00\"},{\"@type\":\"WebSite\",\"@id\":\"https:\\\/\\\/candas365.es\\\/noticias\\\/#website\",\"url\":\"https:\\\/\\\/candas365.es\\\/noticias\\\/\",\"name\":\"Cand\\u00e1s 365\",\"alternateName\":\"Cand\\u00e1s 365 Noticias\",\"description\":\"Actualidad desde Carre\\u00f1o para el mundo\",\"inLanguage\":\"es-ES\",\"publisher\":{\"@id\":\"https:\\\/\\\/candas365.es\\\/noticias\\\/#organization\"}}]}\n\t\t<\/script>\n\t\t<!-- All in One SEO Pro -->\r\n\t\t<title>Effenberg ficha como director deportivo del Uerdingen | Cand\u00e1s 365<\/title>\n\n","aioseo_head_json":{"title":"Effenberg ficha como director deportivo del Uerdingen | Cand\u00e1s 365","description":"Uerdingen (Alemania), 5 oct (dpa) - La leyenda del f\u00fatbol alem\u00e1n Stefan Effenberg ser\u00e1 el director deportivo del Uerdingen, un club de la tercera divisi\u00f3n alemana, seg\u00fan confirm\u00f3 hoy el propio equipo. \"El Uerdingen es un club tradicional y tiene mucho potencial. Estoy firmemente convencido de que tendremos \u00e9xito juntos\", dijo Effenberg sobre su incorporaci\u00f3n","canonical_url":"https:\/\/candas365.es\/noticias\/effenberg-ficha-como-director-deportivo-del-uerdingen\/","robots":"max-image-preview:large","keywords":"deporte","webmasterTools":{"google-site-verification":"UA-32230408-1","msvalidate.01":"354F3CDFB2DA171B47FBE9ABF1F88D5","miscellaneous":""},"schema":{"@context":"https:\/\/schema.org","@graph":[{"@type":"BreadcrumbList","@id":"https:\/\/candas365.es\/noticias\/effenberg-ficha-como-director-deportivo-del-uerdingen\/#breadcrumblist","itemListElement":[{"@type":"ListItem","@id":"https:\/\/candas365.es\/noticias#listItem","position":1,"name":"Home","item":"https:\/\/candas365.es\/noticias","nextItem":{"@type":"ListItem","@id":"https:\/\/candas365.es\/noticias\/category\/deporte\/#listItem","name":"Deporte"}},{"@type":"ListItem","@id":"https:\/\/candas365.es\/noticias\/category\/deporte\/#listItem","position":2,"name":"Deporte","item":"https:\/\/candas365.es\/noticias\/category\/deporte\/","nextItem":{"@type":"ListItem","@id":"https:\/\/candas365.es\/noticias\/effenberg-ficha-como-director-deportivo-del-uerdingen\/#listItem","name":"Effenberg ficha como director deportivo del Uerdingen"},"previousItem":{"@type":"ListItem","@id":"https:\/\/candas365.es\/noticias#listItem","name":"Home"}},{"@type":"ListItem","@id":"https:\/\/candas365.es\/noticias\/effenberg-ficha-como-director-deportivo-del-uerdingen\/#listItem","position":3,"name":"Effenberg ficha como director deportivo del Uerdingen","previousItem":{"@type":"ListItem","@id":"https:\/\/candas365.es\/noticias\/category\/deporte\/#listItem","name":"Deporte"}}]},{"@type":"NewsArticle","@id":"https:\/\/candas365.es\/noticias\/effenberg-ficha-como-director-deportivo-del-uerdingen\/#newsarticle","name":"Effenberg ficha como director deportivo del Uerdingen | Cand\u00e1s 365","headline":"Effenberg ficha como director deportivo del Uerdingen","author":{"@id":"https:\/\/candas365.es\/noticias\/author\/admin\/#author"},"publisher":{"@id":"https:\/\/candas365.es\/noticias\/#organization"},"image":{"@type":"ImageObject","url":"https:\/\/candas365.es\/noticias\/wp-content\/uploads\/2019\/10\/Effenberg.jpg","width":897,"height":623,"caption":"Stefan Effenberg, quien ser\u00e1 director deportivo del club de la tercera divisi\u00f3n alemana Uerdingen. Foto: Uwe Anspach\/dpa"},"datePublished":"2019-10-05T12:24:12+02:00","dateModified":"2019-10-05T12:24:12+02:00","inLanguage":"es-ES","mainEntityOfPage":{"@id":"https:\/\/candas365.es\/noticias\/effenberg-ficha-como-director-deportivo-del-uerdingen\/#webpage"},"isPartOf":{"@id":"https:\/\/candas365.es\/noticias\/effenberg-ficha-como-director-deportivo-del-uerdingen\/#webpage"},"articleSection":"Deporte","dateline":"Publicado el octubre 5, 2019."},{"@type":"Organization","@id":"https:\/\/candas365.es\/noticias\/#organization","name":"Cand\u00e1s 365","description":"Cand\u00e1s 365 es un diario digital independiente, fundado en 2012, con base en Asturias. Informamos con rigor sobre actualidad, sociedad, cultura y ocio, con una mirada local y global.","url":"https:\/\/candas365.es\/noticias\/","email":"info@candas365.es","telephone":"+34652131393","foundingDate":"2012-06-10","logo":{"@type":"ImageObject","url":"https:\/\/candas365.es\/noticias\/wp-content\/uploads\/2024\/09\/Candas-365-Redes.jpg","@id":"https:\/\/candas365.es\/noticias\/effenberg-ficha-como-director-deportivo-del-uerdingen\/#organizationLogo","width":1152,"height":864,"caption":"Cand\u00e1s 365 Redes"},"image":{"@id":"https:\/\/candas365.es\/noticias\/effenberg-ficha-como-director-deportivo-del-uerdingen\/#organizationLogo"},"sameAs":["https:\/\/www.facebook.com\/Nachofdezber","https:\/\/x.com\/NabercoDigital","https:\/\/www.instagram.com\/nachofdezber\/","https:\/\/www.youtube.com\/channel\/UCZP-2wLEB9Rv6erhFmqVnvg"],"address":{"@id":"https:\/\/candas365.es\/noticias\/#postaladdress","@type":"PostalAddress","streetAddress":"san antonio 4, san antonio 4","postalCode":"33430","addressLocality":"Cand\u00e1s","addressRegion":"Asturias","addressCountry":"ES"}},{"@type":"Person","@id":"https:\/\/candas365.es\/noticias\/author\/admin\/#author","url":"https:\/\/candas365.es\/noticias\/author\/admin\/","name":"Cand\u00e1s 365","image":{"@type":"ImageObject","@id":"https:\/\/candas365.es\/noticias\/effenberg-ficha-como-director-deportivo-del-uerdingen\/#authorImage","url":"https:\/\/secure.gravatar.com\/avatar\/496a8e03d0c493ede1718b7934145dbdf8d89be1036b0eec9544e1094c9de390?s=96&d=mm&r=g","width":96,"height":96,"caption":"Cand\u00e1s 365"},"sameAs":["https:\/\/www.facebook.com\/carrenoactualidad","https:\/\/twitter.com\/nbasturias","https:\/\/www.instagram.com\/nachofdezber\/","https:\/\/www.youtube.com\/channel\/UCZP-2wLEB9Rv6erhFmqVnvg"]},{"@type":"WebPage","@id":"https:\/\/candas365.es\/noticias\/effenberg-ficha-como-director-deportivo-del-uerdingen\/#webpage","url":"https:\/\/candas365.es\/noticias\/effenberg-ficha-como-director-deportivo-del-uerdingen\/","name":"Effenberg ficha como director deportivo del Uerdingen | Cand\u00e1s 365","description":"Uerdingen (Alemania), 5 oct (dpa) - La leyenda del f\u00fatbol alem\u00e1n Stefan Effenberg ser\u00e1 el director deportivo del Uerdingen, un club de la tercera divisi\u00f3n alemana, seg\u00fan confirm\u00f3 hoy el propio equipo. \"El Uerdingen es un club tradicional y tiene mucho potencial. Estoy firmemente convencido de que tendremos \u00e9xito juntos\", dijo Effenberg sobre su incorporaci\u00f3n","inLanguage":"es-ES","isPartOf":{"@id":"https:\/\/candas365.es\/noticias\/#website"},"breadcrumb":{"@id":"https:\/\/candas365.es\/noticias\/effenberg-ficha-como-director-deportivo-del-uerdingen\/#breadcrumblist"},"author":{"@id":"https:\/\/candas365.es\/noticias\/author\/admin\/#author"},"creator":{"@id":"https:\/\/candas365.es\/noticias\/author\/admin\/#author"},"image":{"@type":"ImageObject","url":"https:\/\/candas365.es\/noticias\/wp-content\/uploads\/2019\/10\/Effenberg.jpg","@id":"https:\/\/candas365.es\/noticias\/effenberg-ficha-como-director-deportivo-del-uerdingen\/#mainImage","width":897,"height":623,"caption":"Stefan Effenberg, quien ser\u00e1 director deportivo del club de la tercera divisi\u00f3n alemana Uerdingen. Foto: Uwe Anspach\/dpa"},"primaryImageOfPage":{"@id":"https:\/\/candas365.es\/noticias\/effenberg-ficha-como-director-deportivo-del-uerdingen\/#mainImage"},"datePublished":"2019-10-05T12:24:12+02:00","dateModified":"2019-10-05T12:24:12+02:00"},{"@type":"WebSite","@id":"https:\/\/candas365.es\/noticias\/#website","url":"https:\/\/candas365.es\/noticias\/","name":"Cand\u00e1s 365","alternateName":"Cand\u00e1s 365 Noticias","description":"Actualidad desde Carre\u00f1o para el mundo","inLanguage":"es-ES","publisher":{"@id":"https:\/\/candas365.es\/noticias\/#organization"}}]},"og:locale":"es_ES","og:site_name":"Cand\u00e1s 365","og:type":"article","og:title":"Effenberg ficha como director deportivo del Uerdingen | Cand\u00e1s 365","og:description":"Uerdingen (Alemania), 5 oct (dpa) - La leyenda del f\u00fatbol alem\u00e1n Stefan Effenberg ser\u00e1 el director deportivo del Uerdingen, un club de la tercera divisi\u00f3n alemana, seg\u00fan confirm\u00f3 hoy el propio equipo. &quot;El Uerdingen es un club tradicional y tiene mucho potencial. Estoy firmemente convencido de que tendremos \u00e9xito juntos&quot;, dijo Effenberg sobre su incorporaci\u00f3n","og:url":"https:\/\/candas365.es\/noticias\/effenberg-ficha-como-director-deportivo-del-uerdingen\/","og:image":"https:\/\/candas365.es\/noticias\/wp-content\/uploads\/2019\/10\/Effenberg.jpg","og:image:secure_url":"https:\/\/candas365.es\/noticias\/wp-content\/uploads\/2019\/10\/Effenberg.jpg","og:image:width":897,"og:image:height":623,"article:published_time":"2019-10-05T12:24:12+00:00","article:modified_time":"2019-10-05T12:24:12+00:00","article:publisher":"https:\/\/www.facebook.com\/Nachofdezber","article:author":"https:\/\/www.facebook.com\/carrenoactualidad","twitter:card":"summary_large_image","twitter:site":"@NabercoDigital","twitter:title":"Effenberg ficha como director deportivo del Uerdingen | Cand\u00e1s 365","twitter:description":"Uerdingen (Alemania), 5 oct (dpa) - La leyenda del f\u00fatbol alem\u00e1n Stefan Effenberg ser\u00e1 el director deportivo del Uerdingen, un club de la tercera divisi\u00f3n alemana, seg\u00fan confirm\u00f3 hoy el propio equipo. &quot;El Uerdingen es un club tradicional y tiene mucho potencial. Estoy firmemente convencido de que tendremos \u00e9xito juntos&quot;, dijo Effenberg sobre su incorporaci\u00f3n","twitter:creator":"@nbasturias","twitter:image":"https:\/\/candas365.es\/noticias\/wp-content\/uploads\/2019\/10\/Effenberg.jpg","twitter:label1":"Escrito por","twitter:data1":"Cand\u00e1s 365","twitter:label2":"Tiempo de lectura estimado","twitter:data2":"1 minuto"},"aioseo_meta_data":{"post_id":"130875","title":null,"description":null,"keywords":null,"keyphrases":null,"primary_term":null,"canonical_url":null,"og_title":null,"og_description":null,"og_object_type":"default","og_image_type":"default","og_image_url":null,"og_image_width":null,"og_image_height":null,"og_image_custom_url":null,"og_image_custom_fields":null,"og_video":null,"og_custom_url":null,"og_article_section":null,"og_article_tags":null,"twitter_use_og":false,"twitter_card":"default","twitter_image_type":"default","twitter_image_url":null,"twitter_image_custom_url":null,"twitter_image_custom_fields":null,"twitter_title":null,"twitter_description":null,"schema":{"blockGraphs":[],"customGraphs":[],"default":{"data":{"Article":[],"Course":[],"Dataset":[],"FAQPage":[],"Movie":[],"Person":[],"Product":[],"ProductReview":[],"Car":[],"Recipe":[],"Service":[],"SoftwareApplication":[],"WebPage":[]},"graphName":"","isEnabled":true},"graphs":[],"defaultGraph":"","defaultPostTypeGraph":""},"schema_type":null,"schema_type_options":null,"pillar_content":false,"robots_default":true,"robots_noindex":false,"robots_noarchive":false,"robots_nosnippet":false,"robots_nofollow":false,"robots_noimageindex":false,"robots_noodp":false,"robots_notranslate":false,"robots_max_snippet":null,"robots_max_videopreview":null,"robots_max_imagepreview":"large","priority":null,"frequency":null,"location":null,"local_seo":null,"seo_analyzer_scan_date":"2025-08-30 14:57:12","breadcrumb_settings":null,"limit_modified_date":false,"reviewed_by":null,"open_ai":null,"ai":null,"created":"2020-12-21 10:52:06","updated":"2025-08-30 14:57:12"},"aioseo_breadcrumb":"<div class=\"aioseo-breadcrumbs\"><span class=\"aioseo-breadcrumb\">\n\t<a href=\"https:\/\/candas365.es\/noticias\" title=\"Home\">Home<\/a>\n<\/span><span class=\"aioseo-breadcrumb-separator\">&ndash;<\/span><span class=\"aioseo-breadcrumb\">\n\t<a href=\"https:\/\/candas365.es\/noticias\/category\/deporte\/\" title=\"Deporte\">Deporte<\/a>\n<\/span><span class=\"aioseo-breadcrumb-separator\">&ndash;<\/span><span class=\"aioseo-breadcrumb\">\n\tEffenberg ficha como director deportivo del Uerdingen\n<\/span><\/div>","aioseo_breadcrumb_json":[{"label":"Home","link":"https:\/\/candas365.es\/noticias"},{"label":"Deporte","link":"https:\/\/candas365.es\/noticias\/category\/deporte\/"},{"label":"Effenberg ficha como director deportivo del Uerdingen","link":"https:\/\/candas365.es\/noticias\/effenberg-ficha-como-director-deportivo-del-uerdingen\/"}],"_links":{"self":[{"href":"https:\/\/candas365.es\/noticias\/wp-json\/wp\/v2\/posts\/130875","targetHints":{"allow":["GET"]}}],"collection":[{"href":"https:\/\/candas365.es\/noticias\/wp-json\/wp\/v2\/posts"}],"about":[{"href":"https:\/\/candas365.es\/noticias\/wp-json\/wp\/v2\/types\/post"}],"author":[{"embeddable":true,"href":"https:\/\/candas365.es\/noticias\/wp-json\/wp\/v2\/users\/1"}],"replies":[{"embeddable":true,"href":"https:\/\/candas365.es\/noticias\/wp-json\/wp\/v2\/comments?post=130875"}],"version-history":[{"count":0,"href":"https:\/\/candas365.es\/noticias\/wp-json\/wp\/v2\/posts\/130875\/revisions"}],"wp:featuredmedia":[{"embeddable":true,"href":"https:\/\/candas365.es\/noticias\/wp-json\/wp\/v2\/media\/130876"}],"wp:attachment":[{"href":"https:\/\/candas365.es\/noticias\/wp-json\/wp\/v2\/media?parent=130875"}],"wp:term":[{"taxonomy":"category","embeddable":true,"href":"https:\/\/candas365.es\/noticias\/wp-json\/wp\/v2\/categories?post=130875"},{"taxonomy":"post_tag","embeddable":true,"href":"https:\/\/candas365.es\/noticias\/wp-json\/wp\/v2\/tags?post=130875"}],"curies":[{"name":"wp","href":"https:\/\/api.w.org\/{rel}","templated":true}]}}