{"id":130791,"date":"2019-10-03T13:58:06","date_gmt":"2019-10-03T13:58:06","guid":{"rendered":"http:\/\/candas365.es\/noticias\/?p=130791"},"modified":"2019-10-03T13:58:06","modified_gmt":"2019-10-03T13:58:06","slug":"el-gobernador-de-la-wilaya-de-el-aaiun-ha-visitado-candas","status":"publish","type":"post","link":"https:\/\/candas365.es\/noticias\/el-gobernador-de-la-wilaya-de-el-aaiun-ha-visitado-candas\/","title":{"rendered":"El gobernador de la \u00abwilaya\u00bb de El Aai\u00fan ha visitado Cand\u00e1s"},"content":{"rendered":"<p><img fetchpriority=\"high\" decoding=\"async\" class=\"alignleft size-medium wp-image-130792\" src=\"https:\/\/candas365.es\/noticias\/wp-content\/uploads\/2019\/10\/Firma-en-el-libro-de-honores-360x270.jpg\" alt=\"\" width=\"360\" height=\"270\" srcset=\"https:\/\/candas365.es\/noticias\/wp-content\/uploads\/2019\/10\/Firma-en-el-libro-de-honores-360x270.jpg 360w, https:\/\/candas365.es\/noticias\/wp-content\/uploads\/2019\/10\/Firma-en-el-libro-de-honores.jpg 640w, https:\/\/candas365.es\/noticias\/wp-content\/uploads\/2019\/10\/Firma-en-el-libro-de-honores-80x60.jpg 80w, https:\/\/candas365.es\/noticias\/wp-content\/uploads\/2019\/10\/Firma-en-el-libro-de-honores-265x198.jpg 265w, https:\/\/candas365.es\/noticias\/wp-content\/uploads\/2019\/10\/Firma-en-el-libro-de-honores-560x420.jpg 560w\" sizes=\"(max-width: 360px) 100vw, 360px\" \/>Mohamed Lamin Malyud, gobernador de la \u00abwilaya\u00bb de El Aai\u00fan y representante de la Rep\u00fablica \u00c1rabe Saharaui Democr\u00e1tica (RASD), se encuentra en Asturias para contactar con los ayuntamientos y entidades hermanadas con el S\u00e1hara.<\/p>\n<p>En la tarde del mi\u00e9rcoles, 2 de Octubre, en el sal\u00f3n de Plenos del Ayuntamiento de Carre\u00f1o, con la presencia de Luis Alberto Su\u00e1rez Montiel de la Asociaci\u00f3n Asturiana de Solidaridad con el Pueblo Saharaui, se celebr\u00f3 la recepci\u00f3n y encuentro de trabajo con el Gobernador del Aai\u00fan y el Delegado Saharaui en Asturias, Yahya Mohamed.<\/p>\n<p>Carre\u00f1o est\u00e1 hermanado con la daira de Guelta en la Wilaya de El Aai\u00fan en los campamentos de refugiados saharauis. Adem\u00e1s, nuestro Ayuntamiento colabora estrechamente con la asociaci\u00f3n Amigos del Pueblo Saharaui en diversos proyectos solidarios como \u201cVacaciones en paz\u201d, donde ni\u00f1os y ni\u00f1as saharauis vienen a nuestro concejo para pasar dos meses de vacaciones acogidos por familias carre\u00f1enses.<\/p>\n<p>Desde la fecha del hermanamiento han sido diversas las visitas realizadas a los campamentos de refugiados saharauis en Tinduf de Argelia y diversos los proyectos financiados de cooperaci\u00f3n al desarrollo, por enumerar algunos:<\/p>\n<p>Ayudas de emergencia para alimentaci\u00f3n. Dotaci\u00f3n de equipamientos b\u00e1sicos, Equipamiento veh\u00edculos y apoyo al transporte p\u00fablico. Ayuda al centro de diversidad funcional de la Wilaya del Aai\u00fan. Adem\u00e1s del material escolar donado por los centros escolares del Concejo, se puso a punto el veh\u00edculo que realiza el transporte escolar de los ni\u00f1as y ni\u00f1as al centro. Se compraron ruedas, revisi\u00f3n de frenos, aceite,&#8230; la asociaci\u00f3n carre\u00f1enese \u201c Con el S\u00e1hara Siempre\u201d es la encargada de sufragar la compra de combustible del veh\u00edculo para el a\u00f1o escolar. Ejecuci\u00f3n de las obras realizadas en los talleres del Centro de Diversidad Funcional con el objetivo de mejorar el mal estado de los techos y las grietas de las paredes fortaleciendo la estructura de la edificaci\u00f3n; Dotar al dispensario de enfermer\u00eda con aparatos de diagn\u00f3stico simple como tensi\u00f3metro, term\u00f3metros digitales, medidor de hemoglobina,\u2026las carencias son muchas y una de ellas es en salud.<\/p>\n<p>La Asociaci\u00f3n Asturiana de Solidaridad con el Pueblo Saharaui es una entidad sin \u00e1nimo de lucro que promueve y realiza acciones, proyectos y programas de cooperaci\u00f3n y ayuda solidaria con la Rep\u00fablica \u00c1rabe Saharaui Democr\u00e1tica. Tambi\u00e9n busca la promoci\u00f3n del mutuo conocimiento entre las sociedades de Espa\u00f1a y la Rep\u00fablica \u00c1rabe Saharaui Democr\u00e1tica y procura la difusi\u00f3n de la causa saharaui entre la opini\u00f3n p\u00fablica.<\/p>\n<p>\u201cDesde hace ya muchos a\u00f1os existe entre el Ayuntamiento de Carre\u00f1o y la Asociaci\u00f3n Asturiana de Solidaridad con el Pueblo Saharaui una estrecha relaci\u00f3n de colaboraci\u00f3n, uno de los principales proyectos en los que colaboramos es el programa \u201cVacaciones en Paz \u2013 a\u00f1adi\u00f3 la regidora.<\/p>\n<p>Este a\u00f1o tambi\u00e9n, la Asociaci\u00f3n Asturiana de Solidaridad con el Pueblo Saharaui concurre a la convocatoria de subvenciones que el Ayuntamiento de Carre\u00f1o viene convocando anualmente de \u201csubvenciones a las actividades de cooperaci\u00f3n al desarrollo que realicen las organizaciones no gubernamentales \u201c. Present\u00f3 un proyecto denominado \u201cApoyo al transporte en los campamentos de poblaci\u00f3n refugiada saharaui\u201d que permitir\u00e1 el env\u00edo de diferentes recambios y repuestos de los veh\u00edculos 4&#215;4 que integran el parque p\u00fablico de la RASD y que prestan servicios a los campamentos de poblaci\u00f3n refugiada de Tindouf, en Argelia, que una vez recibidos por la Media Luna Roja Saharui, ser\u00e1n entregados al Ministerio de Transporte de la RASD con el fin de facilitar las funciones que \u00e9ste desempe\u00f1a en los campamentos. En estos campamentos las principales dificultades en el transporte vienen dadas por las elevadas temperaturas que tienen que soportar los veh\u00edculos y las insuficiencias que presentan las carreteras. En este contexto hay que evaluar el nivel tan alto de aver\u00edas que se produce en el parque m\u00f3vil y la situaci\u00f3n de escasez tanto de piezas de recambio para su reparaci\u00f3n o en su caso la posible sustituci\u00f3n de la flota. Este proyecto se enmarca en un programa m\u00e1s amplio de apoyo sostenido al pueblo Saharaui que desde hace a\u00f1os viene ejecutando la asociaci\u00f3n que abarca la ayuda alimentaria, la dotaci\u00f3n de infraestructuras y equipamientos, educaci\u00f3n o la sensibilizaci\u00f3n en Asturias. Con el objetivo fundamental de Contribuir a la mejora de las condiciones de vida de la poblaci\u00f3n saharaui que vive en los campamentos de poblaci\u00f3n refugiada.<\/p>\n<p>\u201cLa concesi\u00f3n de la subvenci\u00f3n as\u00ed como su importe, tanto de \u00e9sta como del resto de ONGD que concurren a la convocatoria de subvenciones municipales, se est\u00e1 valorando t\u00e9cnicamente. Una vez se emita la valoraci\u00f3n de los proyectos se elevar\u00e1 la propuesta de resoluci\u00f3n de la concesi\u00f3n de ayuda e importe de la misma para debatir en la pr\u00f3xima Comisi\u00f3n Informativa de Hacienda\u201d\u2013 prosigui\u00f3 Fern\u00e1ndez.<\/p>\n<p>\u201cLos lazos con el S\u00e1hara se han estrechado a\u00fan m\u00e1s, en estos \u00faltimos a\u00f1os, con el surgimiento de una asociaci\u00f3n local que preside Beatriz Salom\u00f3n y que desarrolla la programaci\u00f3n de acciones ciudadanas en el marco del hermanamiento con Guelta. Pr\u00f3ximamente organizar\u00e1n otra nueva edici\u00f3n del Mercadillo Solidario para recaudar fondos que les permitan seguir ejecutando proyectos y acciones solidarias. Confiamos que tendr\u00e1n mucho \u00e9xito. Carre\u00f1o mantiene firme su compromiso con el S\u00e1hara tenido muy presente esta zona de \u00c1frica en materia de cooperaci\u00f3n al desarrollo. Y agradecemos al Gobernador y al Delegado su visita porque nos permite mantener el feed back y coordinaci\u00f3n tan necesarios para una buena cooperaci\u00f3n\u201d \u2013 concluy\u00f3 la Alcaldesa.<\/p>\n<p>El gobernador y el Delegado firmaron en el libro de honor del Ayuntamiento de Carre\u00f1o.<\/p>\n","protected":false},"excerpt":{"rendered":"<p>Mohamed Lamin Malyud, gobernador de la \u00abwilaya\u00bb de El Aai\u00fan y representante de la Rep\u00fablica \u00c1rabe Saharaui Democr\u00e1tica (RASD), se encuentra en Asturias para contactar con los ayuntamientos y entidades hermanadas con el S\u00e1hara. En la tarde del mi\u00e9rcoles, 2 de Octubre, en el sal\u00f3n de Plenos del Ayuntamiento de Carre\u00f1o, con la presencia de<\/p>\n","protected":false},"author":1,"featured_media":130792,"comment_status":"closed","ping_status":"closed","sticky":false,"template":"","format":"standard","meta":{"footnotes":""},"categories":[2],"tags":[],"class_list":{"0":"post-130791","1":"post","2":"type-post","3":"status-publish","4":"format-standard","5":"has-post-thumbnail","7":"category-noticias-carreno"},"aioseo_notices":[],"aioseo_head":"\n\t\t<!-- All in One SEO Pro 4.9.6.2 - aioseo.com -->\n\t<meta name=\"description\" content=\"Mohamed Lamin Malyud, gobernador de la &quot;wilaya&quot; de El Aai\u00fan y representante de la Rep\u00fablica \u00c1rabe Saharaui Democr\u00e1tica (RASD), se encuentra en Asturias para contactar con los ayuntamientos y entidades hermanadas con el S\u00e1hara. En la tarde del mi\u00e9rcoles, 2 de Octubre, en el sal\u00f3n de Plenos del Ayuntamiento de Carre\u00f1o, con la presencia de\" \/>\n\t<meta name=\"robots\" content=\"max-image-preview:large\" \/>\n\t<meta name=\"author\" content=\"Cand\u00e1s 365\"\/>\n\t<meta name=\"google-site-verification\" content=\"UA-32230408-1\" \/>\n\t<meta name=\"msvalidate.01\" content=\"354F3CDFB2DA171B47FBE9ABF1F88D5\" \/>\n\t<meta name=\"keywords\" content=\"noticias carre\u00f1o\" \/>\n\t<link rel=\"canonical\" href=\"https:\/\/candas365.es\/noticias\/el-gobernador-de-la-wilaya-de-el-aaiun-ha-visitado-candas\/\" \/>\n\t<meta name=\"generator\" content=\"All in One SEO Pro (AIOSEO) 4.9.6.2\" \/>\n\t\t<meta property=\"og:locale\" content=\"es_ES\" \/>\n\t\t<meta property=\"og:site_name\" content=\"Cand\u00e1s 365\" \/>\n\t\t<meta property=\"og:type\" content=\"article\" \/>\n\t\t<meta property=\"og:title\" content=\"El gobernador de la \u00abwilaya\u00bb de El Aai\u00fan ha visitado Cand\u00e1s | Cand\u00e1s 365\" \/>\n\t\t<meta property=\"og:description\" content=\"Mohamed Lamin Malyud, gobernador de la &quot;wilaya&quot; de El Aai\u00fan y representante de la Rep\u00fablica \u00c1rabe Saharaui Democr\u00e1tica (RASD), se encuentra en Asturias para contactar con los ayuntamientos y entidades hermanadas con el S\u00e1hara. En la tarde del mi\u00e9rcoles, 2 de Octubre, en el sal\u00f3n de Plenos del Ayuntamiento de Carre\u00f1o, con la presencia de\" \/>\n\t\t<meta property=\"og:url\" content=\"https:\/\/candas365.es\/noticias\/el-gobernador-de-la-wilaya-de-el-aaiun-ha-visitado-candas\/\" \/>\n\t\t<meta property=\"og:image\" content=\"https:\/\/candas365.es\/noticias\/wp-content\/uploads\/2019\/10\/Firma-en-el-libro-de-honores.jpg\" \/>\n\t\t<meta property=\"og:image:secure_url\" content=\"https:\/\/candas365.es\/noticias\/wp-content\/uploads\/2019\/10\/Firma-en-el-libro-de-honores.jpg\" \/>\n\t\t<meta property=\"og:image:width\" content=\"640\" \/>\n\t\t<meta property=\"og:image:height\" content=\"480\" \/>\n\t\t<meta property=\"article:published_time\" content=\"2019-10-03T13:58:06+00:00\" \/>\n\t\t<meta property=\"article:modified_time\" content=\"2019-10-03T13:58:06+00:00\" \/>\n\t\t<meta property=\"article:publisher\" content=\"https:\/\/www.facebook.com\/Nachofdezber\" \/>\n\t\t<meta property=\"article:author\" content=\"https:\/\/www.facebook.com\/carrenoactualidad\" \/>\n\t\t<meta name=\"twitter:card\" content=\"summary_large_image\" \/>\n\t\t<meta name=\"twitter:site\" content=\"@NabercoDigital\" \/>\n\t\t<meta name=\"twitter:title\" content=\"El gobernador de la \u00abwilaya\u00bb de El Aai\u00fan ha visitado Cand\u00e1s | Cand\u00e1s 365\" \/>\n\t\t<meta name=\"twitter:description\" content=\"Mohamed Lamin Malyud, gobernador de la &quot;wilaya&quot; de El Aai\u00fan y representante de la Rep\u00fablica \u00c1rabe Saharaui Democr\u00e1tica (RASD), se encuentra en Asturias para contactar con los ayuntamientos y entidades hermanadas con el S\u00e1hara. En la tarde del mi\u00e9rcoles, 2 de Octubre, en el sal\u00f3n de Plenos del Ayuntamiento de Carre\u00f1o, con la presencia de\" \/>\n\t\t<meta name=\"twitter:creator\" content=\"@nbasturias\" \/>\n\t\t<meta name=\"twitter:image\" content=\"https:\/\/candas365.es\/noticias\/wp-content\/uploads\/2019\/10\/Firma-en-el-libro-de-honores.jpg\" \/>\n\t\t<meta name=\"twitter:label1\" content=\"Escrito por\" \/>\n\t\t<meta name=\"twitter:data1\" content=\"Cand\u00e1s 365\" \/>\n\t\t<meta name=\"twitter:label2\" content=\"Tiempo de lectura estimado\" \/>\n\t\t<meta name=\"twitter:data2\" content=\"5 minutos\" \/>\n\t\t<script type=\"application\/ld+json\" class=\"aioseo-schema\">\n\t\t\t{\"@context\":\"https:\\\/\\\/schema.org\",\"@graph\":[{\"@type\":\"BreadcrumbList\",\"@id\":\"https:\\\/\\\/candas365.es\\\/noticias\\\/el-gobernador-de-la-wilaya-de-el-aaiun-ha-visitado-candas\\\/#breadcrumblist\",\"itemListElement\":[{\"@type\":\"ListItem\",\"@id\":\"https:\\\/\\\/candas365.es\\\/noticias#listItem\",\"position\":1,\"name\":\"Home\",\"item\":\"https:\\\/\\\/candas365.es\\\/noticias\",\"nextItem\":{\"@type\":\"ListItem\",\"@id\":\"https:\\\/\\\/candas365.es\\\/noticias\\\/category\\\/noticias-carreno\\\/#listItem\",\"name\":\"Noticias Carre\\u00f1o\"}},{\"@type\":\"ListItem\",\"@id\":\"https:\\\/\\\/candas365.es\\\/noticias\\\/category\\\/noticias-carreno\\\/#listItem\",\"position\":2,\"name\":\"Noticias Carre\\u00f1o\",\"item\":\"https:\\\/\\\/candas365.es\\\/noticias\\\/category\\\/noticias-carreno\\\/\",\"nextItem\":{\"@type\":\"ListItem\",\"@id\":\"https:\\\/\\\/candas365.es\\\/noticias\\\/el-gobernador-de-la-wilaya-de-el-aaiun-ha-visitado-candas\\\/#listItem\",\"name\":\"El gobernador de la \\u00abwilaya\\u00bb de El Aai\\u00fan ha visitado Cand\\u00e1s\"},\"previousItem\":{\"@type\":\"ListItem\",\"@id\":\"https:\\\/\\\/candas365.es\\\/noticias#listItem\",\"name\":\"Home\"}},{\"@type\":\"ListItem\",\"@id\":\"https:\\\/\\\/candas365.es\\\/noticias\\\/el-gobernador-de-la-wilaya-de-el-aaiun-ha-visitado-candas\\\/#listItem\",\"position\":3,\"name\":\"El gobernador de la \\u00abwilaya\\u00bb de El Aai\\u00fan ha visitado Cand\\u00e1s\",\"previousItem\":{\"@type\":\"ListItem\",\"@id\":\"https:\\\/\\\/candas365.es\\\/noticias\\\/category\\\/noticias-carreno\\\/#listItem\",\"name\":\"Noticias Carre\\u00f1o\"}}]},{\"@type\":\"NewsArticle\",\"@id\":\"https:\\\/\\\/candas365.es\\\/noticias\\\/el-gobernador-de-la-wilaya-de-el-aaiun-ha-visitado-candas\\\/#newsarticle\",\"name\":\"El gobernador de la \\u00abwilaya\\u00bb de El Aai\\u00fan ha visitado Cand\\u00e1s | Cand\\u00e1s 365\",\"headline\":\"El gobernador de la \\u00abwilaya\\u00bb de El Aai\\u00fan ha visitado Cand\\u00e1s\",\"author\":{\"@id\":\"https:\\\/\\\/candas365.es\\\/noticias\\\/author\\\/admin\\\/#author\"},\"publisher\":{\"@id\":\"https:\\\/\\\/candas365.es\\\/noticias\\\/#organization\"},\"image\":{\"@type\":\"ImageObject\",\"url\":\"https:\\\/\\\/candas365.es\\\/noticias\\\/wp-content\\\/uploads\\\/2019\\\/10\\\/Firma-en-el-libro-de-honores.jpg\",\"width\":640,\"height\":480},\"datePublished\":\"2019-10-03T13:58:06+02:00\",\"dateModified\":\"2019-10-03T13:58:06+02:00\",\"inLanguage\":\"es-ES\",\"mainEntityOfPage\":{\"@id\":\"https:\\\/\\\/candas365.es\\\/noticias\\\/el-gobernador-de-la-wilaya-de-el-aaiun-ha-visitado-candas\\\/#webpage\"},\"isPartOf\":{\"@id\":\"https:\\\/\\\/candas365.es\\\/noticias\\\/el-gobernador-de-la-wilaya-de-el-aaiun-ha-visitado-candas\\\/#webpage\"},\"articleSection\":\"Noticias Carre\\u00f1o\",\"dateline\":\"Publicado el octubre 3, 2019.\"},{\"@type\":\"Organization\",\"@id\":\"https:\\\/\\\/candas365.es\\\/noticias\\\/#organization\",\"name\":\"Cand\\u00e1s 365\",\"description\":\"Cand\\u00e1s 365 es un diario digital independiente, fundado en 2012, con base en Asturias. Informamos con rigor sobre actualidad, sociedad, cultura y ocio, con una mirada local y global.\",\"url\":\"https:\\\/\\\/candas365.es\\\/noticias\\\/\",\"email\":\"info@candas365.es\",\"telephone\":\"+34652131393\",\"foundingDate\":\"2012-06-10\",\"logo\":{\"@type\":\"ImageObject\",\"url\":\"https:\\\/\\\/candas365.es\\\/noticias\\\/wp-content\\\/uploads\\\/2024\\\/09\\\/Candas-365-Redes.jpg\",\"@id\":\"https:\\\/\\\/candas365.es\\\/noticias\\\/el-gobernador-de-la-wilaya-de-el-aaiun-ha-visitado-candas\\\/#organizationLogo\",\"width\":1152,\"height\":864,\"caption\":\"Cand\\u00e1s 365 Redes\"},\"image\":{\"@id\":\"https:\\\/\\\/candas365.es\\\/noticias\\\/el-gobernador-de-la-wilaya-de-el-aaiun-ha-visitado-candas\\\/#organizationLogo\"},\"sameAs\":[\"https:\\\/\\\/www.facebook.com\\\/Nachofdezber\",\"https:\\\/\\\/x.com\\\/NabercoDigital\",\"https:\\\/\\\/www.instagram.com\\\/nachofdezber\\\/\",\"https:\\\/\\\/www.youtube.com\\\/channel\\\/UCZP-2wLEB9Rv6erhFmqVnvg\"],\"address\":{\"@id\":\"https:\\\/\\\/candas365.es\\\/noticias\\\/#postaladdress\",\"@type\":\"PostalAddress\",\"streetAddress\":\"san antonio 4, san antonio 4\",\"postalCode\":\"33430\",\"addressLocality\":\"Cand\\u00e1s\",\"addressRegion\":\"Asturias\",\"addressCountry\":\"ES\"}},{\"@type\":\"Person\",\"@id\":\"https:\\\/\\\/candas365.es\\\/noticias\\\/author\\\/admin\\\/#author\",\"url\":\"https:\\\/\\\/candas365.es\\\/noticias\\\/author\\\/admin\\\/\",\"name\":\"Cand\\u00e1s 365\",\"image\":{\"@type\":\"ImageObject\",\"@id\":\"https:\\\/\\\/candas365.es\\\/noticias\\\/el-gobernador-de-la-wilaya-de-el-aaiun-ha-visitado-candas\\\/#authorImage\",\"url\":\"https:\\\/\\\/secure.gravatar.com\\\/avatar\\\/496a8e03d0c493ede1718b7934145dbdf8d89be1036b0eec9544e1094c9de390?s=96&d=mm&r=g\",\"width\":96,\"height\":96,\"caption\":\"Cand\\u00e1s 365\"},\"sameAs\":[\"https:\\\/\\\/www.facebook.com\\\/carrenoactualidad\",\"https:\\\/\\\/twitter.com\\\/nbasturias\",\"https:\\\/\\\/www.instagram.com\\\/nachofdezber\\\/\",\"https:\\\/\\\/www.youtube.com\\\/channel\\\/UCZP-2wLEB9Rv6erhFmqVnvg\"]},{\"@type\":\"WebPage\",\"@id\":\"https:\\\/\\\/candas365.es\\\/noticias\\\/el-gobernador-de-la-wilaya-de-el-aaiun-ha-visitado-candas\\\/#webpage\",\"url\":\"https:\\\/\\\/candas365.es\\\/noticias\\\/el-gobernador-de-la-wilaya-de-el-aaiun-ha-visitado-candas\\\/\",\"name\":\"El gobernador de la \\u00abwilaya\\u00bb de El Aai\\u00fan ha visitado Cand\\u00e1s | Cand\\u00e1s 365\",\"description\":\"Mohamed Lamin Malyud, gobernador de la \\\"wilaya\\\" de El Aai\\u00fan y representante de la Rep\\u00fablica \\u00c1rabe Saharaui Democr\\u00e1tica (RASD), se encuentra en Asturias para contactar con los ayuntamientos y entidades hermanadas con el S\\u00e1hara. En la tarde del mi\\u00e9rcoles, 2 de Octubre, en el sal\\u00f3n de Plenos del Ayuntamiento de Carre\\u00f1o, con la presencia de\",\"inLanguage\":\"es-ES\",\"isPartOf\":{\"@id\":\"https:\\\/\\\/candas365.es\\\/noticias\\\/#website\"},\"breadcrumb\":{\"@id\":\"https:\\\/\\\/candas365.es\\\/noticias\\\/el-gobernador-de-la-wilaya-de-el-aaiun-ha-visitado-candas\\\/#breadcrumblist\"},\"author\":{\"@id\":\"https:\\\/\\\/candas365.es\\\/noticias\\\/author\\\/admin\\\/#author\"},\"creator\":{\"@id\":\"https:\\\/\\\/candas365.es\\\/noticias\\\/author\\\/admin\\\/#author\"},\"image\":{\"@type\":\"ImageObject\",\"url\":\"https:\\\/\\\/candas365.es\\\/noticias\\\/wp-content\\\/uploads\\\/2019\\\/10\\\/Firma-en-el-libro-de-honores.jpg\",\"@id\":\"https:\\\/\\\/candas365.es\\\/noticias\\\/el-gobernador-de-la-wilaya-de-el-aaiun-ha-visitado-candas\\\/#mainImage\",\"width\":640,\"height\":480},\"primaryImageOfPage\":{\"@id\":\"https:\\\/\\\/candas365.es\\\/noticias\\\/el-gobernador-de-la-wilaya-de-el-aaiun-ha-visitado-candas\\\/#mainImage\"},\"datePublished\":\"2019-10-03T13:58:06+02:00\",\"dateModified\":\"2019-10-03T13:58:06+02:00\"},{\"@type\":\"WebSite\",\"@id\":\"https:\\\/\\\/candas365.es\\\/noticias\\\/#website\",\"url\":\"https:\\\/\\\/candas365.es\\\/noticias\\\/\",\"name\":\"Cand\\u00e1s 365\",\"alternateName\":\"Cand\\u00e1s 365 Noticias\",\"description\":\"Actualidad desde Carre\\u00f1o para el mundo\",\"inLanguage\":\"es-ES\",\"publisher\":{\"@id\":\"https:\\\/\\\/candas365.es\\\/noticias\\\/#organization\"}}]}\n\t\t<\/script>\n\t\t<!-- All in One SEO Pro -->\r\n\t\t<title>El gobernador de la \u00abwilaya\u00bb de El Aai\u00fan ha visitado Cand\u00e1s | Cand\u00e1s 365<\/title>\n\n","aioseo_head_json":{"title":"El gobernador de la \u00abwilaya\u00bb de El Aai\u00fan ha visitado Cand\u00e1s | Cand\u00e1s 365","description":"Mohamed Lamin Malyud, gobernador de la \"wilaya\" de El Aai\u00fan y representante de la Rep\u00fablica \u00c1rabe Saharaui Democr\u00e1tica (RASD), se encuentra en Asturias para contactar con los ayuntamientos y entidades hermanadas con el S\u00e1hara. En la tarde del mi\u00e9rcoles, 2 de Octubre, en el sal\u00f3n de Plenos del Ayuntamiento de Carre\u00f1o, con la presencia de","canonical_url":"https:\/\/candas365.es\/noticias\/el-gobernador-de-la-wilaya-de-el-aaiun-ha-visitado-candas\/","robots":"max-image-preview:large","keywords":"noticias carre\u00f1o","webmasterTools":{"google-site-verification":"UA-32230408-1","msvalidate.01":"354F3CDFB2DA171B47FBE9ABF1F88D5","miscellaneous":""},"schema":{"@context":"https:\/\/schema.org","@graph":[{"@type":"BreadcrumbList","@id":"https:\/\/candas365.es\/noticias\/el-gobernador-de-la-wilaya-de-el-aaiun-ha-visitado-candas\/#breadcrumblist","itemListElement":[{"@type":"ListItem","@id":"https:\/\/candas365.es\/noticias#listItem","position":1,"name":"Home","item":"https:\/\/candas365.es\/noticias","nextItem":{"@type":"ListItem","@id":"https:\/\/candas365.es\/noticias\/category\/noticias-carreno\/#listItem","name":"Noticias Carre\u00f1o"}},{"@type":"ListItem","@id":"https:\/\/candas365.es\/noticias\/category\/noticias-carreno\/#listItem","position":2,"name":"Noticias Carre\u00f1o","item":"https:\/\/candas365.es\/noticias\/category\/noticias-carreno\/","nextItem":{"@type":"ListItem","@id":"https:\/\/candas365.es\/noticias\/el-gobernador-de-la-wilaya-de-el-aaiun-ha-visitado-candas\/#listItem","name":"El gobernador de la \u00abwilaya\u00bb de El Aai\u00fan ha visitado Cand\u00e1s"},"previousItem":{"@type":"ListItem","@id":"https:\/\/candas365.es\/noticias#listItem","name":"Home"}},{"@type":"ListItem","@id":"https:\/\/candas365.es\/noticias\/el-gobernador-de-la-wilaya-de-el-aaiun-ha-visitado-candas\/#listItem","position":3,"name":"El gobernador de la \u00abwilaya\u00bb de El Aai\u00fan ha visitado Cand\u00e1s","previousItem":{"@type":"ListItem","@id":"https:\/\/candas365.es\/noticias\/category\/noticias-carreno\/#listItem","name":"Noticias Carre\u00f1o"}}]},{"@type":"NewsArticle","@id":"https:\/\/candas365.es\/noticias\/el-gobernador-de-la-wilaya-de-el-aaiun-ha-visitado-candas\/#newsarticle","name":"El gobernador de la \u00abwilaya\u00bb de El Aai\u00fan ha visitado Cand\u00e1s | Cand\u00e1s 365","headline":"El gobernador de la \u00abwilaya\u00bb de El Aai\u00fan ha visitado Cand\u00e1s","author":{"@id":"https:\/\/candas365.es\/noticias\/author\/admin\/#author"},"publisher":{"@id":"https:\/\/candas365.es\/noticias\/#organization"},"image":{"@type":"ImageObject","url":"https:\/\/candas365.es\/noticias\/wp-content\/uploads\/2019\/10\/Firma-en-el-libro-de-honores.jpg","width":640,"height":480},"datePublished":"2019-10-03T13:58:06+02:00","dateModified":"2019-10-03T13:58:06+02:00","inLanguage":"es-ES","mainEntityOfPage":{"@id":"https:\/\/candas365.es\/noticias\/el-gobernador-de-la-wilaya-de-el-aaiun-ha-visitado-candas\/#webpage"},"isPartOf":{"@id":"https:\/\/candas365.es\/noticias\/el-gobernador-de-la-wilaya-de-el-aaiun-ha-visitado-candas\/#webpage"},"articleSection":"Noticias Carre\u00f1o","dateline":"Publicado el octubre 3, 2019."},{"@type":"Organization","@id":"https:\/\/candas365.es\/noticias\/#organization","name":"Cand\u00e1s 365","description":"Cand\u00e1s 365 es un diario digital independiente, fundado en 2012, con base en Asturias. Informamos con rigor sobre actualidad, sociedad, cultura y ocio, con una mirada local y global.","url":"https:\/\/candas365.es\/noticias\/","email":"info@candas365.es","telephone":"+34652131393","foundingDate":"2012-06-10","logo":{"@type":"ImageObject","url":"https:\/\/candas365.es\/noticias\/wp-content\/uploads\/2024\/09\/Candas-365-Redes.jpg","@id":"https:\/\/candas365.es\/noticias\/el-gobernador-de-la-wilaya-de-el-aaiun-ha-visitado-candas\/#organizationLogo","width":1152,"height":864,"caption":"Cand\u00e1s 365 Redes"},"image":{"@id":"https:\/\/candas365.es\/noticias\/el-gobernador-de-la-wilaya-de-el-aaiun-ha-visitado-candas\/#organizationLogo"},"sameAs":["https:\/\/www.facebook.com\/Nachofdezber","https:\/\/x.com\/NabercoDigital","https:\/\/www.instagram.com\/nachofdezber\/","https:\/\/www.youtube.com\/channel\/UCZP-2wLEB9Rv6erhFmqVnvg"],"address":{"@id":"https:\/\/candas365.es\/noticias\/#postaladdress","@type":"PostalAddress","streetAddress":"san antonio 4, san antonio 4","postalCode":"33430","addressLocality":"Cand\u00e1s","addressRegion":"Asturias","addressCountry":"ES"}},{"@type":"Person","@id":"https:\/\/candas365.es\/noticias\/author\/admin\/#author","url":"https:\/\/candas365.es\/noticias\/author\/admin\/","name":"Cand\u00e1s 365","image":{"@type":"ImageObject","@id":"https:\/\/candas365.es\/noticias\/el-gobernador-de-la-wilaya-de-el-aaiun-ha-visitado-candas\/#authorImage","url":"https:\/\/secure.gravatar.com\/avatar\/496a8e03d0c493ede1718b7934145dbdf8d89be1036b0eec9544e1094c9de390?s=96&d=mm&r=g","width":96,"height":96,"caption":"Cand\u00e1s 365"},"sameAs":["https:\/\/www.facebook.com\/carrenoactualidad","https:\/\/twitter.com\/nbasturias","https:\/\/www.instagram.com\/nachofdezber\/","https:\/\/www.youtube.com\/channel\/UCZP-2wLEB9Rv6erhFmqVnvg"]},{"@type":"WebPage","@id":"https:\/\/candas365.es\/noticias\/el-gobernador-de-la-wilaya-de-el-aaiun-ha-visitado-candas\/#webpage","url":"https:\/\/candas365.es\/noticias\/el-gobernador-de-la-wilaya-de-el-aaiun-ha-visitado-candas\/","name":"El gobernador de la \u00abwilaya\u00bb de El Aai\u00fan ha visitado Cand\u00e1s | Cand\u00e1s 365","description":"Mohamed Lamin Malyud, gobernador de la \"wilaya\" de El Aai\u00fan y representante de la Rep\u00fablica \u00c1rabe Saharaui Democr\u00e1tica (RASD), se encuentra en Asturias para contactar con los ayuntamientos y entidades hermanadas con el S\u00e1hara. En la tarde del mi\u00e9rcoles, 2 de Octubre, en el sal\u00f3n de Plenos del Ayuntamiento de Carre\u00f1o, con la presencia de","inLanguage":"es-ES","isPartOf":{"@id":"https:\/\/candas365.es\/noticias\/#website"},"breadcrumb":{"@id":"https:\/\/candas365.es\/noticias\/el-gobernador-de-la-wilaya-de-el-aaiun-ha-visitado-candas\/#breadcrumblist"},"author":{"@id":"https:\/\/candas365.es\/noticias\/author\/admin\/#author"},"creator":{"@id":"https:\/\/candas365.es\/noticias\/author\/admin\/#author"},"image":{"@type":"ImageObject","url":"https:\/\/candas365.es\/noticias\/wp-content\/uploads\/2019\/10\/Firma-en-el-libro-de-honores.jpg","@id":"https:\/\/candas365.es\/noticias\/el-gobernador-de-la-wilaya-de-el-aaiun-ha-visitado-candas\/#mainImage","width":640,"height":480},"primaryImageOfPage":{"@id":"https:\/\/candas365.es\/noticias\/el-gobernador-de-la-wilaya-de-el-aaiun-ha-visitado-candas\/#mainImage"},"datePublished":"2019-10-03T13:58:06+02:00","dateModified":"2019-10-03T13:58:06+02:00"},{"@type":"WebSite","@id":"https:\/\/candas365.es\/noticias\/#website","url":"https:\/\/candas365.es\/noticias\/","name":"Cand\u00e1s 365","alternateName":"Cand\u00e1s 365 Noticias","description":"Actualidad desde Carre\u00f1o para el mundo","inLanguage":"es-ES","publisher":{"@id":"https:\/\/candas365.es\/noticias\/#organization"}}]},"og:locale":"es_ES","og:site_name":"Cand\u00e1s 365","og:type":"article","og:title":"El gobernador de la \u00abwilaya\u00bb de El Aai\u00fan ha visitado Cand\u00e1s | Cand\u00e1s 365","og:description":"Mohamed Lamin Malyud, gobernador de la &quot;wilaya&quot; de El Aai\u00fan y representante de la Rep\u00fablica \u00c1rabe Saharaui Democr\u00e1tica (RASD), se encuentra en Asturias para contactar con los ayuntamientos y entidades hermanadas con el S\u00e1hara. En la tarde del mi\u00e9rcoles, 2 de Octubre, en el sal\u00f3n de Plenos del Ayuntamiento de Carre\u00f1o, con la presencia de","og:url":"https:\/\/candas365.es\/noticias\/el-gobernador-de-la-wilaya-de-el-aaiun-ha-visitado-candas\/","og:image":"https:\/\/candas365.es\/noticias\/wp-content\/uploads\/2019\/10\/Firma-en-el-libro-de-honores.jpg","og:image:secure_url":"https:\/\/candas365.es\/noticias\/wp-content\/uploads\/2019\/10\/Firma-en-el-libro-de-honores.jpg","og:image:width":640,"og:image:height":480,"article:published_time":"2019-10-03T13:58:06+00:00","article:modified_time":"2019-10-03T13:58:06+00:00","article:publisher":"https:\/\/www.facebook.com\/Nachofdezber","article:author":"https:\/\/www.facebook.com\/carrenoactualidad","twitter:card":"summary_large_image","twitter:site":"@NabercoDigital","twitter:title":"El gobernador de la \u00abwilaya\u00bb de El Aai\u00fan ha visitado Cand\u00e1s | Cand\u00e1s 365","twitter:description":"Mohamed Lamin Malyud, gobernador de la &quot;wilaya&quot; de El Aai\u00fan y representante de la Rep\u00fablica \u00c1rabe Saharaui Democr\u00e1tica (RASD), se encuentra en Asturias para contactar con los ayuntamientos y entidades hermanadas con el S\u00e1hara. En la tarde del mi\u00e9rcoles, 2 de Octubre, en el sal\u00f3n de Plenos del Ayuntamiento de Carre\u00f1o, con la presencia de","twitter:creator":"@nbasturias","twitter:image":"https:\/\/candas365.es\/noticias\/wp-content\/uploads\/2019\/10\/Firma-en-el-libro-de-honores.jpg","twitter:label1":"Escrito por","twitter:data1":"Cand\u00e1s 365","twitter:label2":"Tiempo de lectura estimado","twitter:data2":"5 minutos"},"aioseo_meta_data":{"post_id":"130791","title":null,"description":null,"keywords":null,"keyphrases":null,"primary_term":null,"canonical_url":null,"og_title":null,"og_description":null,"og_object_type":"default","og_image_type":"default","og_image_url":null,"og_image_width":null,"og_image_height":null,"og_image_custom_url":null,"og_image_custom_fields":null,"og_video":null,"og_custom_url":null,"og_article_section":null,"og_article_tags":null,"twitter_use_og":false,"twitter_card":"default","twitter_image_type":"default","twitter_image_url":null,"twitter_image_custom_url":null,"twitter_image_custom_fields":null,"twitter_title":null,"twitter_description":null,"schema":{"blockGraphs":[],"customGraphs":[],"default":{"data":{"Article":[],"Course":[],"Dataset":[],"FAQPage":[],"Movie":[],"Person":[],"Product":[],"ProductReview":[],"Car":[],"Recipe":[],"Service":[],"SoftwareApplication":[],"WebPage":[]},"graphName":"","isEnabled":true},"graphs":[]},"schema_type":null,"schema_type_options":null,"pillar_content":false,"robots_default":true,"robots_noindex":false,"robots_noarchive":false,"robots_nosnippet":false,"robots_nofollow":false,"robots_noimageindex":false,"robots_noodp":false,"robots_notranslate":false,"robots_max_snippet":null,"robots_max_videopreview":null,"robots_max_imagepreview":"large","priority":null,"frequency":null,"location":null,"local_seo":null,"seo_analyzer_scan_date":"2025-08-30 14:50:17","breadcrumb_settings":null,"limit_modified_date":false,"reviewed_by":null,"open_ai":null,"ai":null,"created":"2020-12-21 10:52:06","updated":"2025-08-30 14:50:17"},"aioseo_breadcrumb":"<div class=\"aioseo-breadcrumbs\"><span class=\"aioseo-breadcrumb\">\n\t<a href=\"https:\/\/candas365.es\/noticias\" title=\"Home\">Home<\/a>\n<\/span><span class=\"aioseo-breadcrumb-separator\">&ndash;<\/span><span class=\"aioseo-breadcrumb\">\n\t<a href=\"https:\/\/candas365.es\/noticias\/category\/noticias-carreno\/\" title=\"Noticias Carre\u00f1o\">Noticias Carre\u00f1o<\/a>\n<\/span><span class=\"aioseo-breadcrumb-separator\">&ndash;<\/span><span class=\"aioseo-breadcrumb\">\n\tEl gobernador de la \u00abwilaya\u00bb de El Aai\u00fan ha visitado Cand\u00e1s\n<\/span><\/div>","aioseo_breadcrumb_json":[{"label":"Home","link":"https:\/\/candas365.es\/noticias"},{"label":"Noticias Carre\u00f1o","link":"https:\/\/candas365.es\/noticias\/category\/noticias-carreno\/"},{"label":"El gobernador de la \u00abwilaya\u00bb de El Aai\u00fan ha visitado Cand\u00e1s","link":"https:\/\/candas365.es\/noticias\/el-gobernador-de-la-wilaya-de-el-aaiun-ha-visitado-candas\/"}],"_links":{"self":[{"href":"https:\/\/candas365.es\/noticias\/wp-json\/wp\/v2\/posts\/130791","targetHints":{"allow":["GET"]}}],"collection":[{"href":"https:\/\/candas365.es\/noticias\/wp-json\/wp\/v2\/posts"}],"about":[{"href":"https:\/\/candas365.es\/noticias\/wp-json\/wp\/v2\/types\/post"}],"author":[{"embeddable":true,"href":"https:\/\/candas365.es\/noticias\/wp-json\/wp\/v2\/users\/1"}],"replies":[{"embeddable":true,"href":"https:\/\/candas365.es\/noticias\/wp-json\/wp\/v2\/comments?post=130791"}],"version-history":[{"count":0,"href":"https:\/\/candas365.es\/noticias\/wp-json\/wp\/v2\/posts\/130791\/revisions"}],"wp:featuredmedia":[{"embeddable":true,"href":"https:\/\/candas365.es\/noticias\/wp-json\/wp\/v2\/media\/130792"}],"wp:attachment":[{"href":"https:\/\/candas365.es\/noticias\/wp-json\/wp\/v2\/media?parent=130791"}],"wp:term":[{"taxonomy":"category","embeddable":true,"href":"https:\/\/candas365.es\/noticias\/wp-json\/wp\/v2\/categories?post=130791"},{"taxonomy":"post_tag","embeddable":true,"href":"https:\/\/candas365.es\/noticias\/wp-json\/wp\/v2\/tags?post=130791"}],"curies":[{"name":"wp","href":"https:\/\/api.w.org\/{rel}","templated":true}]}}