{"id":130725,"date":"2019-10-02T13:36:47","date_gmt":"2019-10-02T13:36:47","guid":{"rendered":"http:\/\/candas365.es\/noticias\/?p=130725"},"modified":"2019-10-02T13:36:47","modified_gmt":"2019-10-02T13:36:47","slug":"la-nave-municipal-de-carreno-contara-con-un-nuevo-almacen","status":"publish","type":"post","link":"https:\/\/candas365.es\/noticias\/la-nave-municipal-de-carreno-contara-con-un-nuevo-almacen\/","title":{"rendered":"La nave municipal de Carre\u00f1o contar\u00e1 con un nuevo almac\u00e9n"},"content":{"rendered":"<p><img fetchpriority=\"high\" decoding=\"async\" class=\"alignleft size-medium wp-image-130726\" src=\"https:\/\/candas365.es\/noticias\/wp-content\/uploads\/2019\/10\/image004-360x270.jpg\" alt=\"\" width=\"360\" height=\"270\" srcset=\"https:\/\/candas365.es\/noticias\/wp-content\/uploads\/2019\/10\/image004-360x270.jpg 360w, https:\/\/candas365.es\/noticias\/wp-content\/uploads\/2019\/10\/image004-80x60.jpg 80w, https:\/\/candas365.es\/noticias\/wp-content\/uploads\/2019\/10\/image004-265x198.jpg 265w, https:\/\/candas365.es\/noticias\/wp-content\/uploads\/2019\/10\/image004-560x420.jpg 560w, https:\/\/candas365.es\/noticias\/wp-content\/uploads\/2019\/10\/image004.jpg 567w\" sizes=\"(max-width: 360px) 100vw, 360px\" \/>Contin\u00faan avanzando las obras que realiza el m\u00f3dulo de <strong>Operaciones Auxiliares de Acabados R\u00edgidos y Urbanizaci\u00f3n del Taller de Empleo \u201cCarre\u00f1o a punto\u201d<\/strong>, en estos d\u00edas ultiman los retoques en las tareas de rehabilitaci\u00f3n efectuadas en la nave municipal de La Matiella ( Cand\u00e1s).<\/p>\n<p>Tras el saneamiento de los paramentos existentes y regularizaci\u00f3n de los soportes, el alumnado participante construy\u00f3 una nueva solera de hormig\u00f3n armado, un muro de cerramiento, han ejecutado nuevos enfoscados y han realizado un pavimento continuo con acabado en pintura de poliuretano.<\/p>\n<p>\u201cCon estas acciones se posibilita la construcci\u00f3n de un almac\u00e9n de cara a homologar esas instalaciones municipales para poder impartir nuevas acciones formativas.<\/p>\n<p>De esta manera est\u00e1n aplicando en una obra real los conocimientos adquiridos en su Certificado de Profesionalidad, que servir\u00e1n para incrementar la experiencia laboral directa de los\/as participantes\u201d \u2013 explic\u00f3 la Alcaldesa, Amelia Fern\u00e1ndez<\/p>\n<p>&nbsp;<\/p>\n","protected":false},"excerpt":{"rendered":"<p>Contin\u00faan avanzando las obras que realiza el m\u00f3dulo de Operaciones Auxiliares de Acabados R\u00edgidos y Urbanizaci\u00f3n del Taller de Empleo \u201cCarre\u00f1o a punto\u201d, en estos d\u00edas ultiman los retoques en las tareas de rehabilitaci\u00f3n efectuadas en la nave municipal de La Matiella ( Cand\u00e1s). Tras el saneamiento de los paramentos existentes y regularizaci\u00f3n de los<\/p>\n","protected":false},"author":1,"featured_media":130726,"comment_status":"closed","ping_status":"closed","sticky":false,"template":"","format":"standard","meta":{"footnotes":""},"categories":[2],"tags":[],"class_list":{"0":"post-130725","1":"post","2":"type-post","3":"status-publish","4":"format-standard","5":"has-post-thumbnail","7":"category-noticias-carreno"},"aioseo_notices":[],"aioseo_head":"\n\t\t<!-- All in One SEO Pro 4.9.6.2 - aioseo.com -->\n\t<meta name=\"description\" content=\"Contin\u00faan avanzando las obras que realiza el m\u00f3dulo de Operaciones Auxiliares de Acabados R\u00edgidos y Urbanizaci\u00f3n del Taller de Empleo \u201cCarre\u00f1o a punto\u201d, en estos d\u00edas ultiman los retoques en las tareas de rehabilitaci\u00f3n efectuadas en la nave municipal de La Matiella ( Cand\u00e1s). Tras el saneamiento de los paramentos existentes y regularizaci\u00f3n de los\" \/>\n\t<meta name=\"robots\" content=\"max-image-preview:large\" \/>\n\t<meta name=\"author\" content=\"Cand\u00e1s 365\"\/>\n\t<meta name=\"google-site-verification\" content=\"UA-32230408-1\" \/>\n\t<meta name=\"msvalidate.01\" content=\"354F3CDFB2DA171B47FBE9ABF1F88D5\" \/>\n\t<meta name=\"keywords\" content=\"noticias carre\u00f1o\" \/>\n\t<link rel=\"canonical\" href=\"https:\/\/candas365.es\/noticias\/la-nave-municipal-de-carreno-contara-con-un-nuevo-almacen\/\" \/>\n\t<meta name=\"generator\" content=\"All in One SEO Pro (AIOSEO) 4.9.6.2\" \/>\n\t\t<meta property=\"og:locale\" content=\"es_ES\" \/>\n\t\t<meta property=\"og:site_name\" content=\"Cand\u00e1s 365\" \/>\n\t\t<meta property=\"og:type\" content=\"article\" \/>\n\t\t<meta property=\"og:title\" content=\"La nave municipal de Carre\u00f1o contar\u00e1 con un nuevo almac\u00e9n | Cand\u00e1s 365\" \/>\n\t\t<meta property=\"og:description\" content=\"Contin\u00faan avanzando las obras que realiza el m\u00f3dulo de Operaciones Auxiliares de Acabados R\u00edgidos y Urbanizaci\u00f3n del Taller de Empleo \u201cCarre\u00f1o a punto\u201d, en estos d\u00edas ultiman los retoques en las tareas de rehabilitaci\u00f3n efectuadas en la nave municipal de La Matiella ( Cand\u00e1s). Tras el saneamiento de los paramentos existentes y regularizaci\u00f3n de los\" \/>\n\t\t<meta property=\"og:url\" content=\"https:\/\/candas365.es\/noticias\/la-nave-municipal-de-carreno-contara-con-un-nuevo-almacen\/\" \/>\n\t\t<meta property=\"og:image\" content=\"https:\/\/candas365.es\/noticias\/wp-content\/uploads\/2019\/10\/image004.jpg\" \/>\n\t\t<meta property=\"og:image:secure_url\" content=\"https:\/\/candas365.es\/noticias\/wp-content\/uploads\/2019\/10\/image004.jpg\" \/>\n\t\t<meta property=\"og:image:width\" content=\"567\" \/>\n\t\t<meta property=\"og:image:height\" content=\"425\" \/>\n\t\t<meta property=\"article:published_time\" content=\"2019-10-02T13:36:47+00:00\" \/>\n\t\t<meta property=\"article:modified_time\" content=\"2019-10-02T13:36:47+00:00\" \/>\n\t\t<meta property=\"article:publisher\" content=\"https:\/\/www.facebook.com\/Nachofdezber\" \/>\n\t\t<meta property=\"article:author\" content=\"https:\/\/www.facebook.com\/carrenoactualidad\" \/>\n\t\t<meta name=\"twitter:card\" content=\"summary_large_image\" \/>\n\t\t<meta name=\"twitter:site\" content=\"@NabercoDigital\" \/>\n\t\t<meta name=\"twitter:title\" content=\"La nave municipal de Carre\u00f1o contar\u00e1 con un nuevo almac\u00e9n | Cand\u00e1s 365\" \/>\n\t\t<meta name=\"twitter:description\" content=\"Contin\u00faan avanzando las obras que realiza el m\u00f3dulo de Operaciones Auxiliares de Acabados R\u00edgidos y Urbanizaci\u00f3n del Taller de Empleo \u201cCarre\u00f1o a punto\u201d, en estos d\u00edas ultiman los retoques en las tareas de rehabilitaci\u00f3n efectuadas en la nave municipal de La Matiella ( Cand\u00e1s). Tras el saneamiento de los paramentos existentes y regularizaci\u00f3n de los\" \/>\n\t\t<meta name=\"twitter:creator\" content=\"@nbasturias\" \/>\n\t\t<meta name=\"twitter:image\" content=\"https:\/\/candas365.es\/noticias\/wp-content\/uploads\/2019\/10\/image004.jpg\" \/>\n\t\t<meta name=\"twitter:label1\" content=\"Escrito por\" \/>\n\t\t<meta name=\"twitter:data1\" content=\"Cand\u00e1s 365\" \/>\n\t\t<meta name=\"twitter:label2\" content=\"Tiempo de lectura estimado\" \/>\n\t\t<meta name=\"twitter:data2\" content=\"1 minuto\" \/>\n\t\t<script type=\"application\/ld+json\" class=\"aioseo-schema\">\n\t\t\t{\"@context\":\"https:\\\/\\\/schema.org\",\"@graph\":[{\"@type\":\"BreadcrumbList\",\"@id\":\"https:\\\/\\\/candas365.es\\\/noticias\\\/la-nave-municipal-de-carreno-contara-con-un-nuevo-almacen\\\/#breadcrumblist\",\"itemListElement\":[{\"@type\":\"ListItem\",\"@id\":\"https:\\\/\\\/candas365.es\\\/noticias#listItem\",\"position\":1,\"name\":\"Home\",\"item\":\"https:\\\/\\\/candas365.es\\\/noticias\",\"nextItem\":{\"@type\":\"ListItem\",\"@id\":\"https:\\\/\\\/candas365.es\\\/noticias\\\/category\\\/noticias-carreno\\\/#listItem\",\"name\":\"Noticias Carre\\u00f1o\"}},{\"@type\":\"ListItem\",\"@id\":\"https:\\\/\\\/candas365.es\\\/noticias\\\/category\\\/noticias-carreno\\\/#listItem\",\"position\":2,\"name\":\"Noticias Carre\\u00f1o\",\"item\":\"https:\\\/\\\/candas365.es\\\/noticias\\\/category\\\/noticias-carreno\\\/\",\"nextItem\":{\"@type\":\"ListItem\",\"@id\":\"https:\\\/\\\/candas365.es\\\/noticias\\\/la-nave-municipal-de-carreno-contara-con-un-nuevo-almacen\\\/#listItem\",\"name\":\"La nave municipal de Carre\\u00f1o contar\\u00e1 con un nuevo almac\\u00e9n\"},\"previousItem\":{\"@type\":\"ListItem\",\"@id\":\"https:\\\/\\\/candas365.es\\\/noticias#listItem\",\"name\":\"Home\"}},{\"@type\":\"ListItem\",\"@id\":\"https:\\\/\\\/candas365.es\\\/noticias\\\/la-nave-municipal-de-carreno-contara-con-un-nuevo-almacen\\\/#listItem\",\"position\":3,\"name\":\"La nave municipal de Carre\\u00f1o contar\\u00e1 con un nuevo almac\\u00e9n\",\"previousItem\":{\"@type\":\"ListItem\",\"@id\":\"https:\\\/\\\/candas365.es\\\/noticias\\\/category\\\/noticias-carreno\\\/#listItem\",\"name\":\"Noticias Carre\\u00f1o\"}}]},{\"@type\":\"NewsArticle\",\"@id\":\"https:\\\/\\\/candas365.es\\\/noticias\\\/la-nave-municipal-de-carreno-contara-con-un-nuevo-almacen\\\/#newsarticle\",\"name\":\"La nave municipal de Carre\\u00f1o contar\\u00e1 con un nuevo almac\\u00e9n | Cand\\u00e1s 365\",\"headline\":\"La nave municipal de Carre\\u00f1o contar\\u00e1 con un nuevo almac\\u00e9n\",\"author\":{\"@id\":\"https:\\\/\\\/candas365.es\\\/noticias\\\/author\\\/admin\\\/#author\"},\"publisher\":{\"@id\":\"https:\\\/\\\/candas365.es\\\/noticias\\\/#organization\"},\"image\":{\"@type\":\"ImageObject\",\"url\":\"https:\\\/\\\/candas365.es\\\/noticias\\\/wp-content\\\/uploads\\\/2019\\\/10\\\/image004.jpg\",\"width\":567,\"height\":425},\"datePublished\":\"2019-10-02T13:36:47+02:00\",\"dateModified\":\"2019-10-02T13:36:47+02:00\",\"inLanguage\":\"es-ES\",\"mainEntityOfPage\":{\"@id\":\"https:\\\/\\\/candas365.es\\\/noticias\\\/la-nave-municipal-de-carreno-contara-con-un-nuevo-almacen\\\/#webpage\"},\"isPartOf\":{\"@id\":\"https:\\\/\\\/candas365.es\\\/noticias\\\/la-nave-municipal-de-carreno-contara-con-un-nuevo-almacen\\\/#webpage\"},\"articleSection\":\"Noticias Carre\\u00f1o\",\"dateline\":\"Publicado el octubre 2, 2019.\"},{\"@type\":\"Organization\",\"@id\":\"https:\\\/\\\/candas365.es\\\/noticias\\\/#organization\",\"name\":\"Cand\\u00e1s 365\",\"description\":\"Cand\\u00e1s 365 es un diario digital independiente, fundado en 2012, con base en Asturias. Informamos con rigor sobre actualidad, sociedad, cultura y ocio, con una mirada local y global.\",\"url\":\"https:\\\/\\\/candas365.es\\\/noticias\\\/\",\"email\":\"info@candas365.es\",\"telephone\":\"+34652131393\",\"foundingDate\":\"2012-06-10\",\"logo\":{\"@type\":\"ImageObject\",\"url\":\"https:\\\/\\\/candas365.es\\\/noticias\\\/wp-content\\\/uploads\\\/2024\\\/09\\\/Candas-365-Redes.jpg\",\"@id\":\"https:\\\/\\\/candas365.es\\\/noticias\\\/la-nave-municipal-de-carreno-contara-con-un-nuevo-almacen\\\/#organizationLogo\",\"width\":1152,\"height\":864,\"caption\":\"Cand\\u00e1s 365 Redes\"},\"image\":{\"@id\":\"https:\\\/\\\/candas365.es\\\/noticias\\\/la-nave-municipal-de-carreno-contara-con-un-nuevo-almacen\\\/#organizationLogo\"},\"sameAs\":[\"https:\\\/\\\/www.facebook.com\\\/Nachofdezber\",\"https:\\\/\\\/x.com\\\/NabercoDigital\",\"https:\\\/\\\/www.instagram.com\\\/nachofdezber\\\/\",\"https:\\\/\\\/www.youtube.com\\\/channel\\\/UCZP-2wLEB9Rv6erhFmqVnvg\"],\"address\":{\"@id\":\"https:\\\/\\\/candas365.es\\\/noticias\\\/#postaladdress\",\"@type\":\"PostalAddress\",\"streetAddress\":\"san antonio 4, san antonio 4\",\"postalCode\":\"33430\",\"addressLocality\":\"Cand\\u00e1s\",\"addressRegion\":\"Asturias\",\"addressCountry\":\"ES\"}},{\"@type\":\"Person\",\"@id\":\"https:\\\/\\\/candas365.es\\\/noticias\\\/author\\\/admin\\\/#author\",\"url\":\"https:\\\/\\\/candas365.es\\\/noticias\\\/author\\\/admin\\\/\",\"name\":\"Cand\\u00e1s 365\",\"image\":{\"@type\":\"ImageObject\",\"@id\":\"https:\\\/\\\/candas365.es\\\/noticias\\\/la-nave-municipal-de-carreno-contara-con-un-nuevo-almacen\\\/#authorImage\",\"url\":\"https:\\\/\\\/secure.gravatar.com\\\/avatar\\\/496a8e03d0c493ede1718b7934145dbdf8d89be1036b0eec9544e1094c9de390?s=96&d=mm&r=g\",\"width\":96,\"height\":96,\"caption\":\"Cand\\u00e1s 365\"},\"sameAs\":[\"https:\\\/\\\/www.facebook.com\\\/carrenoactualidad\",\"https:\\\/\\\/twitter.com\\\/nbasturias\",\"https:\\\/\\\/www.instagram.com\\\/nachofdezber\\\/\",\"https:\\\/\\\/www.youtube.com\\\/channel\\\/UCZP-2wLEB9Rv6erhFmqVnvg\"]},{\"@type\":\"WebPage\",\"@id\":\"https:\\\/\\\/candas365.es\\\/noticias\\\/la-nave-municipal-de-carreno-contara-con-un-nuevo-almacen\\\/#webpage\",\"url\":\"https:\\\/\\\/candas365.es\\\/noticias\\\/la-nave-municipal-de-carreno-contara-con-un-nuevo-almacen\\\/\",\"name\":\"La nave municipal de Carre\\u00f1o contar\\u00e1 con un nuevo almac\\u00e9n | Cand\\u00e1s 365\",\"description\":\"Contin\\u00faan avanzando las obras que realiza el m\\u00f3dulo de Operaciones Auxiliares de Acabados R\\u00edgidos y Urbanizaci\\u00f3n del Taller de Empleo \\u201cCarre\\u00f1o a punto\\u201d, en estos d\\u00edas ultiman los retoques en las tareas de rehabilitaci\\u00f3n efectuadas en la nave municipal de La Matiella ( Cand\\u00e1s). Tras el saneamiento de los paramentos existentes y regularizaci\\u00f3n de los\",\"inLanguage\":\"es-ES\",\"isPartOf\":{\"@id\":\"https:\\\/\\\/candas365.es\\\/noticias\\\/#website\"},\"breadcrumb\":{\"@id\":\"https:\\\/\\\/candas365.es\\\/noticias\\\/la-nave-municipal-de-carreno-contara-con-un-nuevo-almacen\\\/#breadcrumblist\"},\"author\":{\"@id\":\"https:\\\/\\\/candas365.es\\\/noticias\\\/author\\\/admin\\\/#author\"},\"creator\":{\"@id\":\"https:\\\/\\\/candas365.es\\\/noticias\\\/author\\\/admin\\\/#author\"},\"image\":{\"@type\":\"ImageObject\",\"url\":\"https:\\\/\\\/candas365.es\\\/noticias\\\/wp-content\\\/uploads\\\/2019\\\/10\\\/image004.jpg\",\"@id\":\"https:\\\/\\\/candas365.es\\\/noticias\\\/la-nave-municipal-de-carreno-contara-con-un-nuevo-almacen\\\/#mainImage\",\"width\":567,\"height\":425},\"primaryImageOfPage\":{\"@id\":\"https:\\\/\\\/candas365.es\\\/noticias\\\/la-nave-municipal-de-carreno-contara-con-un-nuevo-almacen\\\/#mainImage\"},\"datePublished\":\"2019-10-02T13:36:47+02:00\",\"dateModified\":\"2019-10-02T13:36:47+02:00\"},{\"@type\":\"WebSite\",\"@id\":\"https:\\\/\\\/candas365.es\\\/noticias\\\/#website\",\"url\":\"https:\\\/\\\/candas365.es\\\/noticias\\\/\",\"name\":\"Cand\\u00e1s 365\",\"alternateName\":\"Cand\\u00e1s 365 Noticias\",\"description\":\"Actualidad desde Carre\\u00f1o para el mundo\",\"inLanguage\":\"es-ES\",\"publisher\":{\"@id\":\"https:\\\/\\\/candas365.es\\\/noticias\\\/#organization\"}}]}\n\t\t<\/script>\n\t\t<!-- All in One SEO Pro -->\r\n\t\t<title>La nave municipal de Carre\u00f1o contar\u00e1 con un nuevo almac\u00e9n | Cand\u00e1s 365<\/title>\n\n","aioseo_head_json":{"title":"La nave municipal de Carre\u00f1o contar\u00e1 con un nuevo almac\u00e9n | Cand\u00e1s 365","description":"Contin\u00faan avanzando las obras que realiza el m\u00f3dulo de Operaciones Auxiliares de Acabados R\u00edgidos y Urbanizaci\u00f3n del Taller de Empleo \u201cCarre\u00f1o a punto\u201d, en estos d\u00edas ultiman los retoques en las tareas de rehabilitaci\u00f3n efectuadas en la nave municipal de La Matiella ( Cand\u00e1s). Tras el saneamiento de los paramentos existentes y regularizaci\u00f3n de los","canonical_url":"https:\/\/candas365.es\/noticias\/la-nave-municipal-de-carreno-contara-con-un-nuevo-almacen\/","robots":"max-image-preview:large","keywords":"noticias carre\u00f1o","webmasterTools":{"google-site-verification":"UA-32230408-1","msvalidate.01":"354F3CDFB2DA171B47FBE9ABF1F88D5","miscellaneous":""},"schema":{"@context":"https:\/\/schema.org","@graph":[{"@type":"BreadcrumbList","@id":"https:\/\/candas365.es\/noticias\/la-nave-municipal-de-carreno-contara-con-un-nuevo-almacen\/#breadcrumblist","itemListElement":[{"@type":"ListItem","@id":"https:\/\/candas365.es\/noticias#listItem","position":1,"name":"Home","item":"https:\/\/candas365.es\/noticias","nextItem":{"@type":"ListItem","@id":"https:\/\/candas365.es\/noticias\/category\/noticias-carreno\/#listItem","name":"Noticias Carre\u00f1o"}},{"@type":"ListItem","@id":"https:\/\/candas365.es\/noticias\/category\/noticias-carreno\/#listItem","position":2,"name":"Noticias Carre\u00f1o","item":"https:\/\/candas365.es\/noticias\/category\/noticias-carreno\/","nextItem":{"@type":"ListItem","@id":"https:\/\/candas365.es\/noticias\/la-nave-municipal-de-carreno-contara-con-un-nuevo-almacen\/#listItem","name":"La nave municipal de Carre\u00f1o contar\u00e1 con un nuevo almac\u00e9n"},"previousItem":{"@type":"ListItem","@id":"https:\/\/candas365.es\/noticias#listItem","name":"Home"}},{"@type":"ListItem","@id":"https:\/\/candas365.es\/noticias\/la-nave-municipal-de-carreno-contara-con-un-nuevo-almacen\/#listItem","position":3,"name":"La nave municipal de Carre\u00f1o contar\u00e1 con un nuevo almac\u00e9n","previousItem":{"@type":"ListItem","@id":"https:\/\/candas365.es\/noticias\/category\/noticias-carreno\/#listItem","name":"Noticias Carre\u00f1o"}}]},{"@type":"NewsArticle","@id":"https:\/\/candas365.es\/noticias\/la-nave-municipal-de-carreno-contara-con-un-nuevo-almacen\/#newsarticle","name":"La nave municipal de Carre\u00f1o contar\u00e1 con un nuevo almac\u00e9n | Cand\u00e1s 365","headline":"La nave municipal de Carre\u00f1o contar\u00e1 con un nuevo almac\u00e9n","author":{"@id":"https:\/\/candas365.es\/noticias\/author\/admin\/#author"},"publisher":{"@id":"https:\/\/candas365.es\/noticias\/#organization"},"image":{"@type":"ImageObject","url":"https:\/\/candas365.es\/noticias\/wp-content\/uploads\/2019\/10\/image004.jpg","width":567,"height":425},"datePublished":"2019-10-02T13:36:47+02:00","dateModified":"2019-10-02T13:36:47+02:00","inLanguage":"es-ES","mainEntityOfPage":{"@id":"https:\/\/candas365.es\/noticias\/la-nave-municipal-de-carreno-contara-con-un-nuevo-almacen\/#webpage"},"isPartOf":{"@id":"https:\/\/candas365.es\/noticias\/la-nave-municipal-de-carreno-contara-con-un-nuevo-almacen\/#webpage"},"articleSection":"Noticias Carre\u00f1o","dateline":"Publicado el octubre 2, 2019."},{"@type":"Organization","@id":"https:\/\/candas365.es\/noticias\/#organization","name":"Cand\u00e1s 365","description":"Cand\u00e1s 365 es un diario digital independiente, fundado en 2012, con base en Asturias. Informamos con rigor sobre actualidad, sociedad, cultura y ocio, con una mirada local y global.","url":"https:\/\/candas365.es\/noticias\/","email":"info@candas365.es","telephone":"+34652131393","foundingDate":"2012-06-10","logo":{"@type":"ImageObject","url":"https:\/\/candas365.es\/noticias\/wp-content\/uploads\/2024\/09\/Candas-365-Redes.jpg","@id":"https:\/\/candas365.es\/noticias\/la-nave-municipal-de-carreno-contara-con-un-nuevo-almacen\/#organizationLogo","width":1152,"height":864,"caption":"Cand\u00e1s 365 Redes"},"image":{"@id":"https:\/\/candas365.es\/noticias\/la-nave-municipal-de-carreno-contara-con-un-nuevo-almacen\/#organizationLogo"},"sameAs":["https:\/\/www.facebook.com\/Nachofdezber","https:\/\/x.com\/NabercoDigital","https:\/\/www.instagram.com\/nachofdezber\/","https:\/\/www.youtube.com\/channel\/UCZP-2wLEB9Rv6erhFmqVnvg"],"address":{"@id":"https:\/\/candas365.es\/noticias\/#postaladdress","@type":"PostalAddress","streetAddress":"san antonio 4, san antonio 4","postalCode":"33430","addressLocality":"Cand\u00e1s","addressRegion":"Asturias","addressCountry":"ES"}},{"@type":"Person","@id":"https:\/\/candas365.es\/noticias\/author\/admin\/#author","url":"https:\/\/candas365.es\/noticias\/author\/admin\/","name":"Cand\u00e1s 365","image":{"@type":"ImageObject","@id":"https:\/\/candas365.es\/noticias\/la-nave-municipal-de-carreno-contara-con-un-nuevo-almacen\/#authorImage","url":"https:\/\/secure.gravatar.com\/avatar\/496a8e03d0c493ede1718b7934145dbdf8d89be1036b0eec9544e1094c9de390?s=96&d=mm&r=g","width":96,"height":96,"caption":"Cand\u00e1s 365"},"sameAs":["https:\/\/www.facebook.com\/carrenoactualidad","https:\/\/twitter.com\/nbasturias","https:\/\/www.instagram.com\/nachofdezber\/","https:\/\/www.youtube.com\/channel\/UCZP-2wLEB9Rv6erhFmqVnvg"]},{"@type":"WebPage","@id":"https:\/\/candas365.es\/noticias\/la-nave-municipal-de-carreno-contara-con-un-nuevo-almacen\/#webpage","url":"https:\/\/candas365.es\/noticias\/la-nave-municipal-de-carreno-contara-con-un-nuevo-almacen\/","name":"La nave municipal de Carre\u00f1o contar\u00e1 con un nuevo almac\u00e9n | Cand\u00e1s 365","description":"Contin\u00faan avanzando las obras que realiza el m\u00f3dulo de Operaciones Auxiliares de Acabados R\u00edgidos y Urbanizaci\u00f3n del Taller de Empleo \u201cCarre\u00f1o a punto\u201d, en estos d\u00edas ultiman los retoques en las tareas de rehabilitaci\u00f3n efectuadas en la nave municipal de La Matiella ( Cand\u00e1s). Tras el saneamiento de los paramentos existentes y regularizaci\u00f3n de los","inLanguage":"es-ES","isPartOf":{"@id":"https:\/\/candas365.es\/noticias\/#website"},"breadcrumb":{"@id":"https:\/\/candas365.es\/noticias\/la-nave-municipal-de-carreno-contara-con-un-nuevo-almacen\/#breadcrumblist"},"author":{"@id":"https:\/\/candas365.es\/noticias\/author\/admin\/#author"},"creator":{"@id":"https:\/\/candas365.es\/noticias\/author\/admin\/#author"},"image":{"@type":"ImageObject","url":"https:\/\/candas365.es\/noticias\/wp-content\/uploads\/2019\/10\/image004.jpg","@id":"https:\/\/candas365.es\/noticias\/la-nave-municipal-de-carreno-contara-con-un-nuevo-almacen\/#mainImage","width":567,"height":425},"primaryImageOfPage":{"@id":"https:\/\/candas365.es\/noticias\/la-nave-municipal-de-carreno-contara-con-un-nuevo-almacen\/#mainImage"},"datePublished":"2019-10-02T13:36:47+02:00","dateModified":"2019-10-02T13:36:47+02:00"},{"@type":"WebSite","@id":"https:\/\/candas365.es\/noticias\/#website","url":"https:\/\/candas365.es\/noticias\/","name":"Cand\u00e1s 365","alternateName":"Cand\u00e1s 365 Noticias","description":"Actualidad desde Carre\u00f1o para el mundo","inLanguage":"es-ES","publisher":{"@id":"https:\/\/candas365.es\/noticias\/#organization"}}]},"og:locale":"es_ES","og:site_name":"Cand\u00e1s 365","og:type":"article","og:title":"La nave municipal de Carre\u00f1o contar\u00e1 con un nuevo almac\u00e9n | Cand\u00e1s 365","og:description":"Contin\u00faan avanzando las obras que realiza el m\u00f3dulo de Operaciones Auxiliares de Acabados R\u00edgidos y Urbanizaci\u00f3n del Taller de Empleo \u201cCarre\u00f1o a punto\u201d, en estos d\u00edas ultiman los retoques en las tareas de rehabilitaci\u00f3n efectuadas en la nave municipal de La Matiella ( Cand\u00e1s). Tras el saneamiento de los paramentos existentes y regularizaci\u00f3n de los","og:url":"https:\/\/candas365.es\/noticias\/la-nave-municipal-de-carreno-contara-con-un-nuevo-almacen\/","og:image":"https:\/\/candas365.es\/noticias\/wp-content\/uploads\/2019\/10\/image004.jpg","og:image:secure_url":"https:\/\/candas365.es\/noticias\/wp-content\/uploads\/2019\/10\/image004.jpg","og:image:width":567,"og:image:height":425,"article:published_time":"2019-10-02T13:36:47+00:00","article:modified_time":"2019-10-02T13:36:47+00:00","article:publisher":"https:\/\/www.facebook.com\/Nachofdezber","article:author":"https:\/\/www.facebook.com\/carrenoactualidad","twitter:card":"summary_large_image","twitter:site":"@NabercoDigital","twitter:title":"La nave municipal de Carre\u00f1o contar\u00e1 con un nuevo almac\u00e9n | Cand\u00e1s 365","twitter:description":"Contin\u00faan avanzando las obras que realiza el m\u00f3dulo de Operaciones Auxiliares de Acabados R\u00edgidos y Urbanizaci\u00f3n del Taller de Empleo \u201cCarre\u00f1o a punto\u201d, en estos d\u00edas ultiman los retoques en las tareas de rehabilitaci\u00f3n efectuadas en la nave municipal de La Matiella ( Cand\u00e1s). Tras el saneamiento de los paramentos existentes y regularizaci\u00f3n de los","twitter:creator":"@nbasturias","twitter:image":"https:\/\/candas365.es\/noticias\/wp-content\/uploads\/2019\/10\/image004.jpg","twitter:label1":"Escrito por","twitter:data1":"Cand\u00e1s 365","twitter:label2":"Tiempo de lectura estimado","twitter:data2":"1 minuto"},"aioseo_meta_data":{"post_id":"130725","title":null,"description":null,"keywords":null,"keyphrases":null,"primary_term":null,"canonical_url":null,"og_title":null,"og_description":null,"og_object_type":"default","og_image_type":"default","og_image_url":null,"og_image_width":null,"og_image_height":null,"og_image_custom_url":null,"og_image_custom_fields":null,"og_video":null,"og_custom_url":null,"og_article_section":null,"og_article_tags":null,"twitter_use_og":false,"twitter_card":"default","twitter_image_type":"default","twitter_image_url":null,"twitter_image_custom_url":null,"twitter_image_custom_fields":null,"twitter_title":null,"twitter_description":null,"schema":{"blockGraphs":[],"customGraphs":[],"default":{"data":{"Article":[],"Course":[],"Dataset":[],"FAQPage":[],"Movie":[],"Person":[],"Product":[],"ProductReview":[],"Car":[],"Recipe":[],"Service":[],"SoftwareApplication":[],"WebPage":[]},"graphName":"","isEnabled":true},"graphs":[]},"schema_type":null,"schema_type_options":null,"pillar_content":false,"robots_default":true,"robots_noindex":false,"robots_noarchive":false,"robots_nosnippet":false,"robots_nofollow":false,"robots_noimageindex":false,"robots_noodp":false,"robots_notranslate":false,"robots_max_snippet":null,"robots_max_videopreview":null,"robots_max_imagepreview":"large","priority":null,"frequency":null,"location":null,"local_seo":null,"seo_analyzer_scan_date":"2025-08-30 14:44:13","breadcrumb_settings":null,"limit_modified_date":false,"reviewed_by":null,"open_ai":null,"ai":null,"created":"2020-12-21 10:52:06","updated":"2025-08-30 14:44:13"},"aioseo_breadcrumb":"<div class=\"aioseo-breadcrumbs\"><span class=\"aioseo-breadcrumb\">\n\t<a href=\"https:\/\/candas365.es\/noticias\" title=\"Home\">Home<\/a>\n<\/span><span class=\"aioseo-breadcrumb-separator\">&ndash;<\/span><span class=\"aioseo-breadcrumb\">\n\t<a href=\"https:\/\/candas365.es\/noticias\/category\/noticias-carreno\/\" title=\"Noticias Carre\u00f1o\">Noticias Carre\u00f1o<\/a>\n<\/span><span class=\"aioseo-breadcrumb-separator\">&ndash;<\/span><span class=\"aioseo-breadcrumb\">\n\tLa nave municipal de Carre\u00f1o contar\u00e1 con un nuevo almac\u00e9n\n<\/span><\/div>","aioseo_breadcrumb_json":[{"label":"Home","link":"https:\/\/candas365.es\/noticias"},{"label":"Noticias Carre\u00f1o","link":"https:\/\/candas365.es\/noticias\/category\/noticias-carreno\/"},{"label":"La nave municipal de Carre\u00f1o contar\u00e1 con un nuevo almac\u00e9n","link":"https:\/\/candas365.es\/noticias\/la-nave-municipal-de-carreno-contara-con-un-nuevo-almacen\/"}],"_links":{"self":[{"href":"https:\/\/candas365.es\/noticias\/wp-json\/wp\/v2\/posts\/130725","targetHints":{"allow":["GET"]}}],"collection":[{"href":"https:\/\/candas365.es\/noticias\/wp-json\/wp\/v2\/posts"}],"about":[{"href":"https:\/\/candas365.es\/noticias\/wp-json\/wp\/v2\/types\/post"}],"author":[{"embeddable":true,"href":"https:\/\/candas365.es\/noticias\/wp-json\/wp\/v2\/users\/1"}],"replies":[{"embeddable":true,"href":"https:\/\/candas365.es\/noticias\/wp-json\/wp\/v2\/comments?post=130725"}],"version-history":[{"count":0,"href":"https:\/\/candas365.es\/noticias\/wp-json\/wp\/v2\/posts\/130725\/revisions"}],"wp:featuredmedia":[{"embeddable":true,"href":"https:\/\/candas365.es\/noticias\/wp-json\/wp\/v2\/media\/130726"}],"wp:attachment":[{"href":"https:\/\/candas365.es\/noticias\/wp-json\/wp\/v2\/media?parent=130725"}],"wp:term":[{"taxonomy":"category","embeddable":true,"href":"https:\/\/candas365.es\/noticias\/wp-json\/wp\/v2\/categories?post=130725"},{"taxonomy":"post_tag","embeddable":true,"href":"https:\/\/candas365.es\/noticias\/wp-json\/wp\/v2\/tags?post=130725"}],"curies":[{"name":"wp","href":"https:\/\/api.w.org\/{rel}","templated":true}]}}