{"id":130610,"date":"2019-09-30T16:43:15","date_gmt":"2019-09-30T16:43:15","guid":{"rendered":"http:\/\/candas365.es\/noticias\/?p=130610"},"modified":"2019-09-30T16:43:15","modified_gmt":"2019-09-30T16:43:15","slug":"octubre-2019-comenzara-con-humor-y-musica-en-la-laboral","status":"publish","type":"post","link":"https:\/\/candas365.es\/noticias\/octubre-2019-comenzara-con-humor-y-musica-en-la-laboral\/","title":{"rendered":"Octubre 2019 comenzar\u00e1 con humor y m\u00fasica en la Laboral"},"content":{"rendered":"<p style=\"font-weight: 400;\"><img fetchpriority=\"high\" decoding=\"async\" class=\"alignleft size-medium wp-image-130611\" src=\"https:\/\/candas365.es\/noticias\/wp-content\/uploads\/2019\/09\/Salva-Reina-360x240.jpg\" alt=\"\" width=\"360\" height=\"240\" srcset=\"https:\/\/candas365.es\/noticias\/wp-content\/uploads\/2019\/09\/Salva-Reina-360x240.jpg 360w, https:\/\/candas365.es\/noticias\/wp-content\/uploads\/2019\/09\/Salva-Reina-768x512.jpg 768w, https:\/\/candas365.es\/noticias\/wp-content\/uploads\/2019\/09\/Salva-Reina-655x437.jpg 655w, https:\/\/candas365.es\/noticias\/wp-content\/uploads\/2019\/09\/Salva-Reina-696x464.jpg 696w, https:\/\/candas365.es\/noticias\/wp-content\/uploads\/2019\/09\/Salva-Reina-1068x712.jpg 1068w, https:\/\/candas365.es\/noticias\/wp-content\/uploads\/2019\/09\/Salva-Reina-630x420.jpg 630w, https:\/\/candas365.es\/noticias\/wp-content\/uploads\/2019\/09\/Salva-Reina-1920x1280.jpg 1920w\" sizes=\"(max-width: 360px) 100vw, 360px\" \/>La Sociedad P\u00fablica de Gesti\u00f3n y Promoci\u00f3n Tur\u00edstica y Cultural del Principado de Asturias, anunci\u00f3 este lunes mediante un comunicado de prensa que el <strong>Teatro de la Laboral<\/strong> acoger\u00e1 este fin de semana el show <strong><em>Las Noches del Club de la Comedia<\/em>\u00a0<\/strong>y el concierto con el que el cantante, compositor y multiinstrumentista John Mayall celebra su 85 aniversario.<\/p>\n<p style=\"font-weight: 400;\">\u00bfQuieres sentir la experiencia de ver los mejores c\u00f3micos en directo? Yolanda Ramos, Salva Reina y Quique Matilla te esperan este s\u00e1bado 5 de octubre, a las 21:00 horas, en La Laboral para hacerte llorar de risa en\u00a0<strong><em>Las Noches del Club de la Comedia<\/em><\/strong>. La actriz y humorista Yolanda Ramos (<em>Paquita Salas<\/em>,\u00a0<em>Benvinguts a la familia<\/em>) lleva a\u00f1os participando en la gira de Las Noches de El Club de la Comedia. Salt\u00f3 a la fama con Homo Zapping y ha participado en series exitosas como\u00a0<em>7 Vidas\u00a0<\/em>y en programas como Buenafuente o El Intermedio. Adem\u00e1s, su humor fue su mejor arma para conquistar al p\u00fablico y al jurado de Tu Cara Me Suena.<\/p>\n<p style=\"font-weight: 400;\">El actor Salva Reina se ha convertido en un imprescindible en la comedia espa\u00f1ola en los \u00faltimos a\u00f1os, dando vida a personajes como por ejemplo Jos\u00e9, el simp\u00e1tico celador de la serie\u00a0<em>All\u00ed Aba<\/em>jo. Ha sido galardonado con el Premio M\u00e1laga Cinema al Mejor Actor Malague\u00f1o 2014 por sus trabajos en\u00a0<em>La Isla M\u00ednima<\/em>\u00a0y\u00a0<em>321 D\u00edas en M\u00edchigan<\/em>, pel\u00edcula con la que gan\u00f3 la Biznaga de Plata al Mejor Actor de Reparto en el Festival de M\u00e1laga 2014. Forma parte del elenco de Las Noches de El Club de la Comedia y del de A\u00fapa Y Ol\u00e9: Los mon\u00f3logos de All\u00ed Abajo.<\/p>\n<p style=\"font-weight: 400;\">Acompa\u00f1a a Ramos y Reina, Quique Matilla, un humorista que lleva media vida haci\u00e9ndonos re\u00edr. Quique construye su humor desde la cotidianidad del d\u00eda a d\u00eda, inspir\u00e1ndose en ella desde que se subiera a un escenario por primera vez en 2002. En televisi\u00f3n, destacan su paso por El Club de la Comedia y Las Noches de Paramount Comedy, aunque tambi\u00e9n present\u00f3 su propio programa en ETB: Quique en el Pa\u00eds de los Vascos. En total, Quique lleva m\u00e1s de 1.600 actuaciones a sus espaldas, as\u00ed que apostar por \u00e9l es un acierto seguro.<\/p>\n<p style=\"font-weight: 400;\">El domingo 6 de octubre, a las 20:00 horas, el\u00a0<em>85th Anniversary Tour<\/em>\u00a0del cantante, compositor y multiinstrumentista\u00a0<strong>John Mayall<\/strong>\u00a0recalar\u00e1 en el Teatro de la Laboral, un concierto que servir\u00e1 al brit\u00e1nico para presentar los temas de su nuevo disco,\u00a0<em>Nobody Told Me<\/em>. Como invitados especiales para la grabaci\u00f3n de este nuevo \u00e1lbum Mayall ha contado con Todd Rundgren, Steven Van Zandt de la E Street Band; Alex Lifeson de Rush; Joe Bonamassa; Larry McCray, y Carolyn Wonderland, una guitarrista excepcional que le acompa\u00f1ar\u00e1 en esta nueva gira mundial. Mayall ha grabado\u00a0<em>Nobody Told Me<\/em>\u00a0en el Studio 606 de Foo Fighters, con la misma mesa de mezclas que Fleetwood Mac utilizaron en la grabaci\u00f3n de\u00a0<em>Rumours<\/em>.<\/p>\n<p style=\"font-weight: 400;\">Adem\u00e1s de Mayall (voz, piano y arm\u00f3nica) y Wonderland a la guitarra, acompa\u00f1ar\u00e1n al m\u00edtico cantante y compositor en su actuaci\u00f3n en Gij\u00f3n, Greg Rzab al bajo y Jay Davenport, a la bater\u00eda.<\/p>\n<p style=\"font-weight: 400;\">Las localidades para el show\u00a0<em>Las Noches del Club de la Comedia<\/em>\u00a0est\u00e1n disponibles a un precio de 19 euros y para el concierto de John Mayall, a partir de 30 euros. Las entradas se pueden comprar en la Recepci\u00f3n de la Laboral, en el Centro Niemeyer en Avil\u00e9s, en la Oficina de Informaci\u00f3n Tur\u00edstica de Asturias en Oviedo, en la web\u00a0<a href=\"http:\/\/entradas.liberbank.es\/\" data-saferedirecturl=\"https:\/\/www.google.com\/url?q=http:\/\/entradas.liberbank.es&amp;source=gmail&amp;ust=1569939128605000&amp;usg=AFQjCNEVcNuK4hYMSdO8U7UpblntHOKj_w\">entradas.liberbank.es<\/a>, en el tel\u00e9fono 902 106 601 y en la red de cajeros Liberbank.<\/p>\n","protected":false},"excerpt":{"rendered":"<p>La Sociedad P\u00fablica de Gesti\u00f3n y Promoci\u00f3n Tur\u00edstica y Cultural del Principado de Asturias, anunci\u00f3 este lunes mediante un comunicado de prensa que el Teatro de la Laboral acoger\u00e1 este fin de semana el show Las Noches del Club de la Comedia\u00a0y el concierto con el que el cantante, compositor y multiinstrumentista John Mayall celebra<\/p>\n","protected":false},"author":1,"featured_media":130611,"comment_status":"closed","ping_status":"closed","sticky":false,"template":"","format":"standard","meta":{"footnotes":""},"categories":[1],"tags":[],"class_list":{"0":"post-130610","1":"post","2":"type-post","3":"status-publish","4":"format-standard","5":"has-post-thumbnail","7":"category-agenda"},"aioseo_notices":[],"aioseo_head":"\n\t\t<!-- All in One SEO Pro 4.9.6.2 - aioseo.com -->\n\t<meta name=\"description\" content=\"La Sociedad P\u00fablica de Gesti\u00f3n y Promoci\u00f3n Tur\u00edstica y Cultural del Principado de Asturias, anunci\u00f3 este lunes mediante un comunicado de prensa que el Teatro de la Laboral acoger\u00e1 este fin de semana el show Las Noches del Club de la Comedia y el concierto con el que el cantante, compositor y multiinstrumentista John Mayall celebra\" \/>\n\t<meta name=\"robots\" content=\"max-image-preview:large\" \/>\n\t<meta name=\"author\" content=\"Cand\u00e1s 365\"\/>\n\t<meta name=\"google-site-verification\" content=\"UA-32230408-1\" \/>\n\t<meta name=\"msvalidate.01\" content=\"354F3CDFB2DA171B47FBE9ABF1F88D5\" \/>\n\t<meta name=\"keywords\" content=\"agenda\" \/>\n\t<link rel=\"canonical\" href=\"https:\/\/candas365.es\/noticias\/octubre-2019-comenzara-con-humor-y-musica-en-la-laboral\/\" \/>\n\t<meta name=\"generator\" content=\"All in One SEO Pro (AIOSEO) 4.9.6.2\" \/>\n\t\t<meta property=\"og:locale\" content=\"es_ES\" \/>\n\t\t<meta property=\"og:site_name\" content=\"Cand\u00e1s 365\" \/>\n\t\t<meta property=\"og:type\" content=\"article\" \/>\n\t\t<meta property=\"og:title\" content=\"Octubre 2019 comenzar\u00e1 con humor y m\u00fasica en la Laboral | Cand\u00e1s 365\" \/>\n\t\t<meta property=\"og:description\" content=\"La Sociedad P\u00fablica de Gesti\u00f3n y Promoci\u00f3n Tur\u00edstica y Cultural del Principado de Asturias, anunci\u00f3 este lunes mediante un comunicado de prensa que el Teatro de la Laboral acoger\u00e1 este fin de semana el show Las Noches del Club de la Comedia y el concierto con el que el cantante, compositor y multiinstrumentista John Mayall celebra\" \/>\n\t\t<meta property=\"og:url\" content=\"https:\/\/candas365.es\/noticias\/octubre-2019-comenzara-con-humor-y-musica-en-la-laboral\/\" \/>\n\t\t<meta property=\"og:image\" content=\"https:\/\/candas365.es\/noticias\/wp-content\/uploads\/2019\/09\/Salva-Reina.jpg\" \/>\n\t\t<meta property=\"og:image:secure_url\" content=\"https:\/\/candas365.es\/noticias\/wp-content\/uploads\/2019\/09\/Salva-Reina.jpg\" \/>\n\t\t<meta property=\"og:image:width\" content=\"2400\" \/>\n\t\t<meta property=\"og:image:height\" content=\"1600\" \/>\n\t\t<meta property=\"article:published_time\" content=\"2019-09-30T16:43:15+00:00\" \/>\n\t\t<meta property=\"article:modified_time\" content=\"2019-09-30T16:43:15+00:00\" \/>\n\t\t<meta property=\"article:publisher\" content=\"https:\/\/www.facebook.com\/Nachofdezber\" \/>\n\t\t<meta property=\"article:author\" content=\"https:\/\/www.facebook.com\/carrenoactualidad\" \/>\n\t\t<meta name=\"twitter:card\" content=\"summary_large_image\" \/>\n\t\t<meta name=\"twitter:site\" content=\"@NabercoDigital\" \/>\n\t\t<meta name=\"twitter:title\" content=\"Octubre 2019 comenzar\u00e1 con humor y m\u00fasica en la Laboral | Cand\u00e1s 365\" \/>\n\t\t<meta name=\"twitter:description\" content=\"La Sociedad P\u00fablica de Gesti\u00f3n y Promoci\u00f3n Tur\u00edstica y Cultural del Principado de Asturias, anunci\u00f3 este lunes mediante un comunicado de prensa que el Teatro de la Laboral acoger\u00e1 este fin de semana el show Las Noches del Club de la Comedia y el concierto con el que el cantante, compositor y multiinstrumentista John Mayall celebra\" \/>\n\t\t<meta name=\"twitter:creator\" content=\"@nbasturias\" \/>\n\t\t<meta name=\"twitter:image\" content=\"https:\/\/candas365.es\/noticias\/wp-content\/uploads\/2019\/09\/Salva-Reina.jpg\" \/>\n\t\t<meta name=\"twitter:label1\" content=\"Escrito por\" \/>\n\t\t<meta name=\"twitter:data1\" content=\"Cand\u00e1s 365\" \/>\n\t\t<meta name=\"twitter:label2\" content=\"Tiempo de lectura estimado\" \/>\n\t\t<meta name=\"twitter:data2\" content=\"3 minutos\" \/>\n\t\t<script type=\"application\/ld+json\" class=\"aioseo-schema\">\n\t\t\t{\"@context\":\"https:\\\/\\\/schema.org\",\"@graph\":[{\"@type\":\"BreadcrumbList\",\"@id\":\"https:\\\/\\\/candas365.es\\\/noticias\\\/octubre-2019-comenzara-con-humor-y-musica-en-la-laboral\\\/#breadcrumblist\",\"itemListElement\":[{\"@type\":\"ListItem\",\"@id\":\"https:\\\/\\\/candas365.es\\\/noticias#listItem\",\"position\":1,\"name\":\"Home\",\"item\":\"https:\\\/\\\/candas365.es\\\/noticias\",\"nextItem\":{\"@type\":\"ListItem\",\"@id\":\"https:\\\/\\\/candas365.es\\\/noticias\\\/category\\\/agenda\\\/#listItem\",\"name\":\"Agenda\"}},{\"@type\":\"ListItem\",\"@id\":\"https:\\\/\\\/candas365.es\\\/noticias\\\/category\\\/agenda\\\/#listItem\",\"position\":2,\"name\":\"Agenda\",\"item\":\"https:\\\/\\\/candas365.es\\\/noticias\\\/category\\\/agenda\\\/\",\"nextItem\":{\"@type\":\"ListItem\",\"@id\":\"https:\\\/\\\/candas365.es\\\/noticias\\\/octubre-2019-comenzara-con-humor-y-musica-en-la-laboral\\\/#listItem\",\"name\":\"Octubre 2019 comenzar\\u00e1 con humor y m\\u00fasica en la Laboral\"},\"previousItem\":{\"@type\":\"ListItem\",\"@id\":\"https:\\\/\\\/candas365.es\\\/noticias#listItem\",\"name\":\"Home\"}},{\"@type\":\"ListItem\",\"@id\":\"https:\\\/\\\/candas365.es\\\/noticias\\\/octubre-2019-comenzara-con-humor-y-musica-en-la-laboral\\\/#listItem\",\"position\":3,\"name\":\"Octubre 2019 comenzar\\u00e1 con humor y m\\u00fasica en la Laboral\",\"previousItem\":{\"@type\":\"ListItem\",\"@id\":\"https:\\\/\\\/candas365.es\\\/noticias\\\/category\\\/agenda\\\/#listItem\",\"name\":\"Agenda\"}}]},{\"@type\":\"NewsArticle\",\"@id\":\"https:\\\/\\\/candas365.es\\\/noticias\\\/octubre-2019-comenzara-con-humor-y-musica-en-la-laboral\\\/#newsarticle\",\"name\":\"Octubre 2019 comenzar\\u00e1 con humor y m\\u00fasica en la Laboral | Cand\\u00e1s 365\",\"headline\":\"Octubre 2019 comenzar\\u00e1 con humor y m\\u00fasica en la Laboral\",\"author\":{\"@id\":\"https:\\\/\\\/candas365.es\\\/noticias\\\/author\\\/admin\\\/#author\"},\"publisher\":{\"@id\":\"https:\\\/\\\/candas365.es\\\/noticias\\\/#organization\"},\"image\":{\"@type\":\"ImageObject\",\"url\":\"https:\\\/\\\/candas365.es\\\/noticias\\\/wp-content\\\/uploads\\\/2019\\\/09\\\/Salva-Reina.jpg\",\"width\":2400,\"height\":1600},\"datePublished\":\"2019-09-30T16:43:15+02:00\",\"dateModified\":\"2019-09-30T16:43:15+02:00\",\"inLanguage\":\"es-ES\",\"mainEntityOfPage\":{\"@id\":\"https:\\\/\\\/candas365.es\\\/noticias\\\/octubre-2019-comenzara-con-humor-y-musica-en-la-laboral\\\/#webpage\"},\"isPartOf\":{\"@id\":\"https:\\\/\\\/candas365.es\\\/noticias\\\/octubre-2019-comenzara-con-humor-y-musica-en-la-laboral\\\/#webpage\"},\"articleSection\":\"Agenda\",\"dateline\":\"Publicado el septiembre 30, 2019.\"},{\"@type\":\"Organization\",\"@id\":\"https:\\\/\\\/candas365.es\\\/noticias\\\/#organization\",\"name\":\"Cand\\u00e1s 365\",\"description\":\"Cand\\u00e1s 365 es un diario digital independiente, fundado en 2012, con base en Asturias. Informamos con rigor sobre actualidad, sociedad, cultura y ocio, con una mirada local y global.\",\"url\":\"https:\\\/\\\/candas365.es\\\/noticias\\\/\",\"email\":\"info@candas365.es\",\"telephone\":\"+34652131393\",\"foundingDate\":\"2012-06-10\",\"logo\":{\"@type\":\"ImageObject\",\"url\":\"https:\\\/\\\/candas365.es\\\/noticias\\\/wp-content\\\/uploads\\\/2024\\\/09\\\/Candas-365-Redes.jpg\",\"@id\":\"https:\\\/\\\/candas365.es\\\/noticias\\\/octubre-2019-comenzara-con-humor-y-musica-en-la-laboral\\\/#organizationLogo\",\"width\":1152,\"height\":864,\"caption\":\"Cand\\u00e1s 365 Redes\"},\"image\":{\"@id\":\"https:\\\/\\\/candas365.es\\\/noticias\\\/octubre-2019-comenzara-con-humor-y-musica-en-la-laboral\\\/#organizationLogo\"},\"sameAs\":[\"https:\\\/\\\/www.facebook.com\\\/Nachofdezber\",\"https:\\\/\\\/x.com\\\/NabercoDigital\",\"https:\\\/\\\/www.instagram.com\\\/nachofdezber\\\/\",\"https:\\\/\\\/www.youtube.com\\\/channel\\\/UCZP-2wLEB9Rv6erhFmqVnvg\"],\"address\":{\"@id\":\"https:\\\/\\\/candas365.es\\\/noticias\\\/#postaladdress\",\"@type\":\"PostalAddress\",\"streetAddress\":\"san antonio 4, san antonio 4\",\"postalCode\":\"33430\",\"addressLocality\":\"Cand\\u00e1s\",\"addressRegion\":\"Asturias\",\"addressCountry\":\"ES\"}},{\"@type\":\"Person\",\"@id\":\"https:\\\/\\\/candas365.es\\\/noticias\\\/author\\\/admin\\\/#author\",\"url\":\"https:\\\/\\\/candas365.es\\\/noticias\\\/author\\\/admin\\\/\",\"name\":\"Cand\\u00e1s 365\",\"image\":{\"@type\":\"ImageObject\",\"@id\":\"https:\\\/\\\/candas365.es\\\/noticias\\\/octubre-2019-comenzara-con-humor-y-musica-en-la-laboral\\\/#authorImage\",\"url\":\"https:\\\/\\\/secure.gravatar.com\\\/avatar\\\/496a8e03d0c493ede1718b7934145dbdf8d89be1036b0eec9544e1094c9de390?s=96&d=mm&r=g\",\"width\":96,\"height\":96,\"caption\":\"Cand\\u00e1s 365\"},\"sameAs\":[\"https:\\\/\\\/www.facebook.com\\\/carrenoactualidad\",\"https:\\\/\\\/twitter.com\\\/nbasturias\",\"https:\\\/\\\/www.instagram.com\\\/nachofdezber\\\/\",\"https:\\\/\\\/www.youtube.com\\\/channel\\\/UCZP-2wLEB9Rv6erhFmqVnvg\"]},{\"@type\":\"WebPage\",\"@id\":\"https:\\\/\\\/candas365.es\\\/noticias\\\/octubre-2019-comenzara-con-humor-y-musica-en-la-laboral\\\/#webpage\",\"url\":\"https:\\\/\\\/candas365.es\\\/noticias\\\/octubre-2019-comenzara-con-humor-y-musica-en-la-laboral\\\/\",\"name\":\"Octubre 2019 comenzar\\u00e1 con humor y m\\u00fasica en la Laboral | Cand\\u00e1s 365\",\"description\":\"La Sociedad P\\u00fablica de Gesti\\u00f3n y Promoci\\u00f3n Tur\\u00edstica y Cultural del Principado de Asturias, anunci\\u00f3 este lunes mediante un comunicado de prensa que el Teatro de la Laboral acoger\\u00e1 este fin de semana el show Las Noches del Club de la Comedia y el concierto con el que el cantante, compositor y multiinstrumentista John Mayall celebra\",\"inLanguage\":\"es-ES\",\"isPartOf\":{\"@id\":\"https:\\\/\\\/candas365.es\\\/noticias\\\/#website\"},\"breadcrumb\":{\"@id\":\"https:\\\/\\\/candas365.es\\\/noticias\\\/octubre-2019-comenzara-con-humor-y-musica-en-la-laboral\\\/#breadcrumblist\"},\"author\":{\"@id\":\"https:\\\/\\\/candas365.es\\\/noticias\\\/author\\\/admin\\\/#author\"},\"creator\":{\"@id\":\"https:\\\/\\\/candas365.es\\\/noticias\\\/author\\\/admin\\\/#author\"},\"image\":{\"@type\":\"ImageObject\",\"url\":\"https:\\\/\\\/candas365.es\\\/noticias\\\/wp-content\\\/uploads\\\/2019\\\/09\\\/Salva-Reina.jpg\",\"@id\":\"https:\\\/\\\/candas365.es\\\/noticias\\\/octubre-2019-comenzara-con-humor-y-musica-en-la-laboral\\\/#mainImage\",\"width\":2400,\"height\":1600},\"primaryImageOfPage\":{\"@id\":\"https:\\\/\\\/candas365.es\\\/noticias\\\/octubre-2019-comenzara-con-humor-y-musica-en-la-laboral\\\/#mainImage\"},\"datePublished\":\"2019-09-30T16:43:15+02:00\",\"dateModified\":\"2019-09-30T16:43:15+02:00\"},{\"@type\":\"WebSite\",\"@id\":\"https:\\\/\\\/candas365.es\\\/noticias\\\/#website\",\"url\":\"https:\\\/\\\/candas365.es\\\/noticias\\\/\",\"name\":\"Cand\\u00e1s 365\",\"alternateName\":\"Cand\\u00e1s 365 Noticias\",\"description\":\"Actualidad desde Carre\\u00f1o para el mundo\",\"inLanguage\":\"es-ES\",\"publisher\":{\"@id\":\"https:\\\/\\\/candas365.es\\\/noticias\\\/#organization\"}}]}\n\t\t<\/script>\n\t\t<!-- All in One SEO Pro -->\r\n\t\t<title>Octubre 2019 comenzar\u00e1 con humor y m\u00fasica en la Laboral | Cand\u00e1s 365<\/title>\n\n","aioseo_head_json":{"title":"Octubre 2019 comenzar\u00e1 con humor y m\u00fasica en la Laboral | Cand\u00e1s 365","description":"La Sociedad P\u00fablica de Gesti\u00f3n y Promoci\u00f3n Tur\u00edstica y Cultural del Principado de Asturias, anunci\u00f3 este lunes mediante un comunicado de prensa que el Teatro de la Laboral acoger\u00e1 este fin de semana el show Las Noches del Club de la Comedia y el concierto con el que el cantante, compositor y multiinstrumentista John Mayall celebra","canonical_url":"https:\/\/candas365.es\/noticias\/octubre-2019-comenzara-con-humor-y-musica-en-la-laboral\/","robots":"max-image-preview:large","keywords":"agenda","webmasterTools":{"google-site-verification":"UA-32230408-1","msvalidate.01":"354F3CDFB2DA171B47FBE9ABF1F88D5","miscellaneous":""},"schema":{"@context":"https:\/\/schema.org","@graph":[{"@type":"BreadcrumbList","@id":"https:\/\/candas365.es\/noticias\/octubre-2019-comenzara-con-humor-y-musica-en-la-laboral\/#breadcrumblist","itemListElement":[{"@type":"ListItem","@id":"https:\/\/candas365.es\/noticias#listItem","position":1,"name":"Home","item":"https:\/\/candas365.es\/noticias","nextItem":{"@type":"ListItem","@id":"https:\/\/candas365.es\/noticias\/category\/agenda\/#listItem","name":"Agenda"}},{"@type":"ListItem","@id":"https:\/\/candas365.es\/noticias\/category\/agenda\/#listItem","position":2,"name":"Agenda","item":"https:\/\/candas365.es\/noticias\/category\/agenda\/","nextItem":{"@type":"ListItem","@id":"https:\/\/candas365.es\/noticias\/octubre-2019-comenzara-con-humor-y-musica-en-la-laboral\/#listItem","name":"Octubre 2019 comenzar\u00e1 con humor y m\u00fasica en la Laboral"},"previousItem":{"@type":"ListItem","@id":"https:\/\/candas365.es\/noticias#listItem","name":"Home"}},{"@type":"ListItem","@id":"https:\/\/candas365.es\/noticias\/octubre-2019-comenzara-con-humor-y-musica-en-la-laboral\/#listItem","position":3,"name":"Octubre 2019 comenzar\u00e1 con humor y m\u00fasica en la Laboral","previousItem":{"@type":"ListItem","@id":"https:\/\/candas365.es\/noticias\/category\/agenda\/#listItem","name":"Agenda"}}]},{"@type":"NewsArticle","@id":"https:\/\/candas365.es\/noticias\/octubre-2019-comenzara-con-humor-y-musica-en-la-laboral\/#newsarticle","name":"Octubre 2019 comenzar\u00e1 con humor y m\u00fasica en la Laboral | Cand\u00e1s 365","headline":"Octubre 2019 comenzar\u00e1 con humor y m\u00fasica en la Laboral","author":{"@id":"https:\/\/candas365.es\/noticias\/author\/admin\/#author"},"publisher":{"@id":"https:\/\/candas365.es\/noticias\/#organization"},"image":{"@type":"ImageObject","url":"https:\/\/candas365.es\/noticias\/wp-content\/uploads\/2019\/09\/Salva-Reina.jpg","width":2400,"height":1600},"datePublished":"2019-09-30T16:43:15+02:00","dateModified":"2019-09-30T16:43:15+02:00","inLanguage":"es-ES","mainEntityOfPage":{"@id":"https:\/\/candas365.es\/noticias\/octubre-2019-comenzara-con-humor-y-musica-en-la-laboral\/#webpage"},"isPartOf":{"@id":"https:\/\/candas365.es\/noticias\/octubre-2019-comenzara-con-humor-y-musica-en-la-laboral\/#webpage"},"articleSection":"Agenda","dateline":"Publicado el septiembre 30, 2019."},{"@type":"Organization","@id":"https:\/\/candas365.es\/noticias\/#organization","name":"Cand\u00e1s 365","description":"Cand\u00e1s 365 es un diario digital independiente, fundado en 2012, con base en Asturias. Informamos con rigor sobre actualidad, sociedad, cultura y ocio, con una mirada local y global.","url":"https:\/\/candas365.es\/noticias\/","email":"info@candas365.es","telephone":"+34652131393","foundingDate":"2012-06-10","logo":{"@type":"ImageObject","url":"https:\/\/candas365.es\/noticias\/wp-content\/uploads\/2024\/09\/Candas-365-Redes.jpg","@id":"https:\/\/candas365.es\/noticias\/octubre-2019-comenzara-con-humor-y-musica-en-la-laboral\/#organizationLogo","width":1152,"height":864,"caption":"Cand\u00e1s 365 Redes"},"image":{"@id":"https:\/\/candas365.es\/noticias\/octubre-2019-comenzara-con-humor-y-musica-en-la-laboral\/#organizationLogo"},"sameAs":["https:\/\/www.facebook.com\/Nachofdezber","https:\/\/x.com\/NabercoDigital","https:\/\/www.instagram.com\/nachofdezber\/","https:\/\/www.youtube.com\/channel\/UCZP-2wLEB9Rv6erhFmqVnvg"],"address":{"@id":"https:\/\/candas365.es\/noticias\/#postaladdress","@type":"PostalAddress","streetAddress":"san antonio 4, san antonio 4","postalCode":"33430","addressLocality":"Cand\u00e1s","addressRegion":"Asturias","addressCountry":"ES"}},{"@type":"Person","@id":"https:\/\/candas365.es\/noticias\/author\/admin\/#author","url":"https:\/\/candas365.es\/noticias\/author\/admin\/","name":"Cand\u00e1s 365","image":{"@type":"ImageObject","@id":"https:\/\/candas365.es\/noticias\/octubre-2019-comenzara-con-humor-y-musica-en-la-laboral\/#authorImage","url":"https:\/\/secure.gravatar.com\/avatar\/496a8e03d0c493ede1718b7934145dbdf8d89be1036b0eec9544e1094c9de390?s=96&d=mm&r=g","width":96,"height":96,"caption":"Cand\u00e1s 365"},"sameAs":["https:\/\/www.facebook.com\/carrenoactualidad","https:\/\/twitter.com\/nbasturias","https:\/\/www.instagram.com\/nachofdezber\/","https:\/\/www.youtube.com\/channel\/UCZP-2wLEB9Rv6erhFmqVnvg"]},{"@type":"WebPage","@id":"https:\/\/candas365.es\/noticias\/octubre-2019-comenzara-con-humor-y-musica-en-la-laboral\/#webpage","url":"https:\/\/candas365.es\/noticias\/octubre-2019-comenzara-con-humor-y-musica-en-la-laboral\/","name":"Octubre 2019 comenzar\u00e1 con humor y m\u00fasica en la Laboral | Cand\u00e1s 365","description":"La Sociedad P\u00fablica de Gesti\u00f3n y Promoci\u00f3n Tur\u00edstica y Cultural del Principado de Asturias, anunci\u00f3 este lunes mediante un comunicado de prensa que el Teatro de la Laboral acoger\u00e1 este fin de semana el show Las Noches del Club de la Comedia y el concierto con el que el cantante, compositor y multiinstrumentista John Mayall celebra","inLanguage":"es-ES","isPartOf":{"@id":"https:\/\/candas365.es\/noticias\/#website"},"breadcrumb":{"@id":"https:\/\/candas365.es\/noticias\/octubre-2019-comenzara-con-humor-y-musica-en-la-laboral\/#breadcrumblist"},"author":{"@id":"https:\/\/candas365.es\/noticias\/author\/admin\/#author"},"creator":{"@id":"https:\/\/candas365.es\/noticias\/author\/admin\/#author"},"image":{"@type":"ImageObject","url":"https:\/\/candas365.es\/noticias\/wp-content\/uploads\/2019\/09\/Salva-Reina.jpg","@id":"https:\/\/candas365.es\/noticias\/octubre-2019-comenzara-con-humor-y-musica-en-la-laboral\/#mainImage","width":2400,"height":1600},"primaryImageOfPage":{"@id":"https:\/\/candas365.es\/noticias\/octubre-2019-comenzara-con-humor-y-musica-en-la-laboral\/#mainImage"},"datePublished":"2019-09-30T16:43:15+02:00","dateModified":"2019-09-30T16:43:15+02:00"},{"@type":"WebSite","@id":"https:\/\/candas365.es\/noticias\/#website","url":"https:\/\/candas365.es\/noticias\/","name":"Cand\u00e1s 365","alternateName":"Cand\u00e1s 365 Noticias","description":"Actualidad desde Carre\u00f1o para el mundo","inLanguage":"es-ES","publisher":{"@id":"https:\/\/candas365.es\/noticias\/#organization"}}]},"og:locale":"es_ES","og:site_name":"Cand\u00e1s 365","og:type":"article","og:title":"Octubre 2019 comenzar\u00e1 con humor y m\u00fasica en la Laboral | Cand\u00e1s 365","og:description":"La Sociedad P\u00fablica de Gesti\u00f3n y Promoci\u00f3n Tur\u00edstica y Cultural del Principado de Asturias, anunci\u00f3 este lunes mediante un comunicado de prensa que el Teatro de la Laboral acoger\u00e1 este fin de semana el show Las Noches del Club de la Comedia y el concierto con el que el cantante, compositor y multiinstrumentista John Mayall celebra","og:url":"https:\/\/candas365.es\/noticias\/octubre-2019-comenzara-con-humor-y-musica-en-la-laboral\/","og:image":"https:\/\/candas365.es\/noticias\/wp-content\/uploads\/2019\/09\/Salva-Reina.jpg","og:image:secure_url":"https:\/\/candas365.es\/noticias\/wp-content\/uploads\/2019\/09\/Salva-Reina.jpg","og:image:width":2400,"og:image:height":1600,"article:published_time":"2019-09-30T16:43:15+00:00","article:modified_time":"2019-09-30T16:43:15+00:00","article:publisher":"https:\/\/www.facebook.com\/Nachofdezber","article:author":"https:\/\/www.facebook.com\/carrenoactualidad","twitter:card":"summary_large_image","twitter:site":"@NabercoDigital","twitter:title":"Octubre 2019 comenzar\u00e1 con humor y m\u00fasica en la Laboral | Cand\u00e1s 365","twitter:description":"La Sociedad P\u00fablica de Gesti\u00f3n y Promoci\u00f3n Tur\u00edstica y Cultural del Principado de Asturias, anunci\u00f3 este lunes mediante un comunicado de prensa que el Teatro de la Laboral acoger\u00e1 este fin de semana el show Las Noches del Club de la Comedia y el concierto con el que el cantante, compositor y multiinstrumentista John Mayall celebra","twitter:creator":"@nbasturias","twitter:image":"https:\/\/candas365.es\/noticias\/wp-content\/uploads\/2019\/09\/Salva-Reina.jpg","twitter:label1":"Escrito por","twitter:data1":"Cand\u00e1s 365","twitter:label2":"Tiempo de lectura estimado","twitter:data2":"3 minutos"},"aioseo_meta_data":{"post_id":"130610","title":null,"description":null,"keywords":null,"keyphrases":null,"primary_term":null,"canonical_url":null,"og_title":null,"og_description":null,"og_object_type":"default","og_image_type":"default","og_image_url":null,"og_image_width":null,"og_image_height":null,"og_image_custom_url":null,"og_image_custom_fields":null,"og_video":null,"og_custom_url":null,"og_article_section":null,"og_article_tags":null,"twitter_use_og":false,"twitter_card":"default","twitter_image_type":"default","twitter_image_url":null,"twitter_image_custom_url":null,"twitter_image_custom_fields":null,"twitter_title":null,"twitter_description":null,"schema":{"blockGraphs":[],"customGraphs":[],"default":{"data":{"Article":[],"Course":[],"Dataset":[],"FAQPage":[],"Movie":[],"Person":[],"Product":[],"ProductReview":[],"Car":[],"Recipe":[],"Service":[],"SoftwareApplication":[],"WebPage":[]},"graphName":"","isEnabled":true},"graphs":[],"defaultGraph":"","defaultPostTypeGraph":""},"schema_type":null,"schema_type_options":null,"pillar_content":false,"robots_default":true,"robots_noindex":false,"robots_noarchive":false,"robots_nosnippet":false,"robots_nofollow":false,"robots_noimageindex":false,"robots_noodp":false,"robots_notranslate":false,"robots_max_snippet":null,"robots_max_videopreview":null,"robots_max_imagepreview":"large","priority":null,"frequency":null,"location":null,"local_seo":null,"seo_analyzer_scan_date":"2025-08-30 14:35:19","breadcrumb_settings":null,"limit_modified_date":false,"reviewed_by":null,"open_ai":null,"ai":null,"created":"2020-12-21 10:52:12","updated":"2025-08-30 14:35:19"},"aioseo_breadcrumb":"<div class=\"aioseo-breadcrumbs\"><span class=\"aioseo-breadcrumb\">\n\t<a href=\"https:\/\/candas365.es\/noticias\" title=\"Home\">Home<\/a>\n<\/span><span class=\"aioseo-breadcrumb-separator\">&ndash;<\/span><span class=\"aioseo-breadcrumb\">\n\t<a href=\"https:\/\/candas365.es\/noticias\/category\/agenda\/\" title=\"Agenda\">Agenda<\/a>\n<\/span><span class=\"aioseo-breadcrumb-separator\">&ndash;<\/span><span class=\"aioseo-breadcrumb\">\n\tOctubre 2019 comenzar\u00e1 con humor y m\u00fasica en la Laboral\n<\/span><\/div>","aioseo_breadcrumb_json":[{"label":"Home","link":"https:\/\/candas365.es\/noticias"},{"label":"Agenda","link":"https:\/\/candas365.es\/noticias\/category\/agenda\/"},{"label":"Octubre 2019 comenzar\u00e1 con humor y m\u00fasica en la Laboral","link":"https:\/\/candas365.es\/noticias\/octubre-2019-comenzara-con-humor-y-musica-en-la-laboral\/"}],"_links":{"self":[{"href":"https:\/\/candas365.es\/noticias\/wp-json\/wp\/v2\/posts\/130610","targetHints":{"allow":["GET"]}}],"collection":[{"href":"https:\/\/candas365.es\/noticias\/wp-json\/wp\/v2\/posts"}],"about":[{"href":"https:\/\/candas365.es\/noticias\/wp-json\/wp\/v2\/types\/post"}],"author":[{"embeddable":true,"href":"https:\/\/candas365.es\/noticias\/wp-json\/wp\/v2\/users\/1"}],"replies":[{"embeddable":true,"href":"https:\/\/candas365.es\/noticias\/wp-json\/wp\/v2\/comments?post=130610"}],"version-history":[{"count":0,"href":"https:\/\/candas365.es\/noticias\/wp-json\/wp\/v2\/posts\/130610\/revisions"}],"wp:featuredmedia":[{"embeddable":true,"href":"https:\/\/candas365.es\/noticias\/wp-json\/wp\/v2\/media\/130611"}],"wp:attachment":[{"href":"https:\/\/candas365.es\/noticias\/wp-json\/wp\/v2\/media?parent=130610"}],"wp:term":[{"taxonomy":"category","embeddable":true,"href":"https:\/\/candas365.es\/noticias\/wp-json\/wp\/v2\/categories?post=130610"},{"taxonomy":"post_tag","embeddable":true,"href":"https:\/\/candas365.es\/noticias\/wp-json\/wp\/v2\/tags?post=130610"}],"curies":[{"name":"wp","href":"https:\/\/api.w.org\/{rel}","templated":true}]}}