{"id":130603,"date":"2019-09-29T19:40:56","date_gmt":"2019-09-29T19:40:56","guid":{"rendered":"http:\/\/candas365.es\/noticias\/?p=130603"},"modified":"2019-09-29T19:40:56","modified_gmt":"2019-09-29T19:40:56","slug":"iv-memorial-jose-ramon-gonzalez-muniz-en-candas","status":"publish","type":"post","link":"https:\/\/candas365.es\/noticias\/iv-memorial-jose-ramon-gonzalez-muniz-en-candas\/","title":{"rendered":"IV Memorial Jos\u00e9 Ram\u00f3n Gonz\u00e1lez Mu\u00f1iz, en Cand\u00e1s"},"content":{"rendered":"<figure id=\"attachment_130604\" aria-describedby=\"caption-attachment-130604\" style=\"width: 360px\" class=\"wp-caption alignleft\"><img fetchpriority=\"high\" decoding=\"async\" class=\"size-medium wp-image-130604\" src=\"https:\/\/candas365.es\/noticias\/wp-content\/uploads\/2019\/09\/CORO-NORDESTE-DURANTE-EL-PREG\u00d3N-DEL-CRISTO-360x270.jpg\" alt=\"\" width=\"360\" height=\"270\" srcset=\"https:\/\/candas365.es\/noticias\/wp-content\/uploads\/2019\/09\/CORO-NORDESTE-DURANTE-EL-PREG\u00d3N-DEL-CRISTO-360x270.jpg 360w, https:\/\/candas365.es\/noticias\/wp-content\/uploads\/2019\/09\/CORO-NORDESTE-DURANTE-EL-PREG\u00d3N-DEL-CRISTO-768x576.jpg 768w, https:\/\/candas365.es\/noticias\/wp-content\/uploads\/2019\/09\/CORO-NORDESTE-DURANTE-EL-PREG\u00d3N-DEL-CRISTO-640x480.jpg 640w, https:\/\/candas365.es\/noticias\/wp-content\/uploads\/2019\/09\/CORO-NORDESTE-DURANTE-EL-PREG\u00d3N-DEL-CRISTO-80x60.jpg 80w, https:\/\/candas365.es\/noticias\/wp-content\/uploads\/2019\/09\/CORO-NORDESTE-DURANTE-EL-PREG\u00d3N-DEL-CRISTO-265x198.jpg 265w, https:\/\/candas365.es\/noticias\/wp-content\/uploads\/2019\/09\/CORO-NORDESTE-DURANTE-EL-PREG\u00d3N-DEL-CRISTO-696x522.jpg 696w, https:\/\/candas365.es\/noticias\/wp-content\/uploads\/2019\/09\/CORO-NORDESTE-DURANTE-EL-PREG\u00d3N-DEL-CRISTO-1068x801.jpg 1068w, https:\/\/candas365.es\/noticias\/wp-content\/uploads\/2019\/09\/CORO-NORDESTE-DURANTE-EL-PREG\u00d3N-DEL-CRISTO-560x420.jpg 560w, https:\/\/candas365.es\/noticias\/wp-content\/uploads\/2019\/09\/CORO-NORDESTE-DURANTE-EL-PREG\u00d3N-DEL-CRISTO.jpg 1600w\" sizes=\"(max-width: 360px) 100vw, 360px\" \/><figcaption id=\"caption-attachment-130604\" class=\"wp-caption-text\">CORO NORDESTE DURANTE EL PREG\u00d3N DEL CRISTO<\/figcaption><\/figure>\n<p>El pr\u00f3ximo <strong>s\u00e1bado, d\u00eda 5 de octubre<\/strong>, en la Antigua F\u00e1brica de Conservas Ortiz tendr\u00e1 lugar la <strong>IV edici\u00f3n del Memorial<\/strong> dedicado al recuerdo y homenaje del candas\u00edn tristemente fallecido,<strong> Jos\u00e9 Ram\u00f3n Gonz\u00e1lez Mu\u00f1iz<\/strong>.<\/p>\n<p>Una nueva edici\u00f3n organizada, por el <strong>\u201cCoro de la Bodega\u201d<\/strong>, coro que debe su creaci\u00f3n al homenajeado pues surgi\u00f3 de aquella iniciativa que tuvo Jos\u00e9 Ram\u00f3n de recuperar el rico y variado cancionero candas\u00edn. Como en cada edici\u00f3n el Ayuntamiento de Carre\u00f1o volver\u00e1 a colaborar con la organizaci\u00f3n de este evento cediendo el equipamiento p\u00fablico d\u00f3nde se celebrar\u00e1 gratuitamente y sufragando parte de los gastos que derivan de la organizaci\u00f3n de este evento musical. Dicha colaboraci\u00f3n municipal se vino perfilando y ultimando desde la Concejal\u00eda de Cultura del Ayuntamiento de Carre\u00f1o y la directiva del Coro organizador.<\/p>\n<p>La colaboraci\u00f3n del Ayuntamiento de Carre\u00f1o con esta entidad coral no s\u00f3lo se suscribe a la organizaci\u00f3n de esta actividad, si no que en sus 6 a\u00f1os de historia ha sido amplia y fruct\u00edfera. De esta forma, en el a\u00f1o en curso, tras la presentaci\u00f3n de su proyecto cultural a la convocatoria anual de Subvenciones destinadas, en concurrencia competitiva, a entidades de Carre\u00f1o para actividades de Fomento y Promoci\u00f3n Cultural, se le ha concedido una subvenci\u00f3n de 2.190 \u20ac; a esto hay que sumarles otros 1.900 \u20ac que percibieron como pagos por la realizaci\u00f3n de varias actuaciones en el Concejo en lo que va de a\u00f1o.<\/p>\n<h3><strong>PROGRAMA PREVISTO<\/strong><\/h3>\n<p>Varias fueron las agrupaciones musicales con las que Gonz\u00e1lez estuvo vinculado a lo largo de su vida, bien como Presidente de la mismas, por ser miembro, por haber impulsado la creaci\u00f3n de algunas y\/o por amistad. D\u00e1ndose cita una representaci\u00f3n de las mismas en este homenaje el 5 de Octubre a partir de las 20:00 h, sobre el escenario habilitado para ello en \u201cOrtiz\u201d.<\/p>\n<p>En el IV Memorial Jos\u00e9 Ram\u00f3n Gonz\u00e1lez Mu\u00f1iz estar\u00e1n presentes:<\/p>\n<ul>\n<li>\u201cGrupo Gabiana\u201d bajo la direcci\u00f3n de Pipo Prendes;<\/li>\n<li>\u201cCoro Nordeste\u201d dirigido por Alfredo P\u00e9rez;<\/li>\n<li>\u201cCoro de Voces Graves de Gij\u00f3n\u201d que comparten direcci\u00f3n con el grupo organizador, al frente de la direcci\u00f3n e ambos est\u00e1 el candas\u00edn Salvador Cuervo;<\/li>\n<li>El broche de oro de esta jornada musical lo pondr\u00e1 el coro anfitri\u00f3n, el \u201cCoro de la Bodega\u201d de Cand\u00e1s.<\/li>\n<\/ul>\n<p>El \u201cCoro de la Bodega\u201d anfitri\u00f3n y organizador se cre\u00f3 en el a\u00f1o 2013 por iniciativa del homenajeado Jos\u00e9 Ram\u00f3n Gonz\u00e1lez como coro representante del Certamen \u201cCanciones de la Bodega\u201d del que a su vez fue fundador. Re\u00fane a un grupo de personas vinculadas atra\u00eddas por la m\u00fasica y su finalidad es disfrutar del placer de cantar, a la vez que recuperar, mantener y promocionar las canciones populares y marineras de la cultura marinera. As\u00ed como rendir homenaje a las gentes vinculadas a la mar y sobre todos a las personas trabajadoras de las f\u00e1bricas de pescado y salaz\u00f3n.<\/p>\n<p>Uno de los objetivos de esta agrupaci\u00f3n, adem\u00e1s de la interpretaci\u00f3n musical, es la de trasladar a las nuevas generaciones, aquellas composiciones musicales que tradicionalmente se han cantado en Cand\u00e1s y de las cuales no exist\u00eda en algunos casos, constancia escrita.<\/p>\n<p>El IV Memorial Jos\u00e9 Ram\u00f3n Gonz\u00e1lez Mu\u00f1iz tendr\u00e1 lugar el s\u00e1bado 5 de octubre a las 20:00 horas en la Antigua F\u00e1brica de Ortiz. Siendo la entrada libre y gratuita hasta completar el aforo disponible.<\/p>\n","protected":false},"excerpt":{"rendered":"<p>El pr\u00f3ximo s\u00e1bado, d\u00eda 5 de octubre, en la Antigua F\u00e1brica de Conservas Ortiz tendr\u00e1 lugar la IV edici\u00f3n del Memorial dedicado al recuerdo y homenaje del candas\u00edn tristemente fallecido, Jos\u00e9 Ram\u00f3n Gonz\u00e1lez Mu\u00f1iz. Una nueva edici\u00f3n organizada, por el \u201cCoro de la Bodega\u201d, coro que debe su creaci\u00f3n al homenajeado pues surgi\u00f3 de aquella<\/p>\n","protected":false},"author":1,"featured_media":130604,"comment_status":"closed","ping_status":"closed","sticky":false,"template":"","format":"standard","meta":{"footnotes":""},"categories":[2],"tags":[],"class_list":{"0":"post-130603","1":"post","2":"type-post","3":"status-publish","4":"format-standard","5":"has-post-thumbnail","7":"category-noticias-carreno"},"aioseo_notices":[],"aioseo_head":"\n\t\t<!-- All in One SEO Pro 4.9.6.2 - aioseo.com -->\n\t<meta name=\"description\" content=\"El pr\u00f3ximo s\u00e1bado, d\u00eda 5 de octubre, en la Antigua F\u00e1brica de Conservas Ortiz tendr\u00e1 lugar la IV edici\u00f3n del Memorial dedicado al recuerdo y homenaje del candas\u00edn tristemente fallecido, Jos\u00e9 Ram\u00f3n Gonz\u00e1lez Mu\u00f1iz. Una nueva edici\u00f3n organizada, por el \u201cCoro de la Bodega\u201d, coro que debe su creaci\u00f3n al homenajeado pues surgi\u00f3 de aquella\" \/>\n\t<meta name=\"robots\" content=\"max-image-preview:large\" \/>\n\t<meta name=\"author\" content=\"Cand\u00e1s 365\"\/>\n\t<meta name=\"google-site-verification\" content=\"UA-32230408-1\" \/>\n\t<meta name=\"msvalidate.01\" content=\"354F3CDFB2DA171B47FBE9ABF1F88D5\" \/>\n\t<meta name=\"keywords\" content=\"noticias carre\u00f1o\" \/>\n\t<link rel=\"canonical\" href=\"https:\/\/candas365.es\/noticias\/iv-memorial-jose-ramon-gonzalez-muniz-en-candas\/\" \/>\n\t<meta name=\"generator\" content=\"All in One SEO Pro (AIOSEO) 4.9.6.2\" \/>\n\t\t<meta property=\"og:locale\" content=\"es_ES\" \/>\n\t\t<meta property=\"og:site_name\" content=\"Cand\u00e1s 365\" \/>\n\t\t<meta property=\"og:type\" content=\"article\" \/>\n\t\t<meta property=\"og:title\" content=\"IV Memorial Jos\u00e9 Ram\u00f3n Gonz\u00e1lez Mu\u00f1iz, en Cand\u00e1s | Cand\u00e1s 365\" \/>\n\t\t<meta property=\"og:description\" content=\"El pr\u00f3ximo s\u00e1bado, d\u00eda 5 de octubre, en la Antigua F\u00e1brica de Conservas Ortiz tendr\u00e1 lugar la IV edici\u00f3n del Memorial dedicado al recuerdo y homenaje del candas\u00edn tristemente fallecido, Jos\u00e9 Ram\u00f3n Gonz\u00e1lez Mu\u00f1iz. Una nueva edici\u00f3n organizada, por el \u201cCoro de la Bodega\u201d, coro que debe su creaci\u00f3n al homenajeado pues surgi\u00f3 de aquella\" \/>\n\t\t<meta property=\"og:url\" content=\"https:\/\/candas365.es\/noticias\/iv-memorial-jose-ramon-gonzalez-muniz-en-candas\/\" \/>\n\t\t<meta property=\"og:image\" content=\"https:\/\/candas365.es\/noticias\/wp-content\/uploads\/2019\/09\/CORO-NORDESTE-DURANTE-EL-PREG\u00d3N-DEL-CRISTO.jpg\" \/>\n\t\t<meta property=\"og:image:secure_url\" content=\"https:\/\/candas365.es\/noticias\/wp-content\/uploads\/2019\/09\/CORO-NORDESTE-DURANTE-EL-PREG\u00d3N-DEL-CRISTO.jpg\" \/>\n\t\t<meta property=\"og:image:width\" content=\"1600\" \/>\n\t\t<meta property=\"og:image:height\" content=\"1200\" \/>\n\t\t<meta property=\"article:published_time\" content=\"2019-09-29T19:40:56+00:00\" \/>\n\t\t<meta property=\"article:modified_time\" content=\"2019-09-29T19:40:56+00:00\" \/>\n\t\t<meta property=\"article:publisher\" content=\"https:\/\/www.facebook.com\/Nachofdezber\" \/>\n\t\t<meta property=\"article:author\" content=\"https:\/\/www.facebook.com\/carrenoactualidad\" \/>\n\t\t<meta name=\"twitter:card\" content=\"summary_large_image\" \/>\n\t\t<meta name=\"twitter:site\" content=\"@NabercoDigital\" \/>\n\t\t<meta name=\"twitter:title\" content=\"IV Memorial Jos\u00e9 Ram\u00f3n Gonz\u00e1lez Mu\u00f1iz, en Cand\u00e1s | Cand\u00e1s 365\" \/>\n\t\t<meta name=\"twitter:description\" content=\"El pr\u00f3ximo s\u00e1bado, d\u00eda 5 de octubre, en la Antigua F\u00e1brica de Conservas Ortiz tendr\u00e1 lugar la IV edici\u00f3n del Memorial dedicado al recuerdo y homenaje del candas\u00edn tristemente fallecido, Jos\u00e9 Ram\u00f3n Gonz\u00e1lez Mu\u00f1iz. Una nueva edici\u00f3n organizada, por el \u201cCoro de la Bodega\u201d, coro que debe su creaci\u00f3n al homenajeado pues surgi\u00f3 de aquella\" \/>\n\t\t<meta name=\"twitter:creator\" content=\"@nbasturias\" \/>\n\t\t<meta name=\"twitter:image\" content=\"https:\/\/candas365.es\/noticias\/wp-content\/uploads\/2019\/09\/CORO-NORDESTE-DURANTE-EL-PREG\u00d3N-DEL-CRISTO.jpg\" \/>\n\t\t<meta name=\"twitter:label1\" content=\"Escrito por\" \/>\n\t\t<meta name=\"twitter:data1\" content=\"Cand\u00e1s 365\" \/>\n\t\t<meta name=\"twitter:label2\" content=\"Tiempo de lectura estimado\" \/>\n\t\t<meta name=\"twitter:data2\" content=\"3 minutos\" \/>\n\t\t<script type=\"application\/ld+json\" class=\"aioseo-schema\">\n\t\t\t{\"@context\":\"https:\\\/\\\/schema.org\",\"@graph\":[{\"@type\":\"BreadcrumbList\",\"@id\":\"https:\\\/\\\/candas365.es\\\/noticias\\\/iv-memorial-jose-ramon-gonzalez-muniz-en-candas\\\/#breadcrumblist\",\"itemListElement\":[{\"@type\":\"ListItem\",\"@id\":\"https:\\\/\\\/candas365.es\\\/noticias#listItem\",\"position\":1,\"name\":\"Home\",\"item\":\"https:\\\/\\\/candas365.es\\\/noticias\",\"nextItem\":{\"@type\":\"ListItem\",\"@id\":\"https:\\\/\\\/candas365.es\\\/noticias\\\/category\\\/noticias-carreno\\\/#listItem\",\"name\":\"Noticias Carre\\u00f1o\"}},{\"@type\":\"ListItem\",\"@id\":\"https:\\\/\\\/candas365.es\\\/noticias\\\/category\\\/noticias-carreno\\\/#listItem\",\"position\":2,\"name\":\"Noticias Carre\\u00f1o\",\"item\":\"https:\\\/\\\/candas365.es\\\/noticias\\\/category\\\/noticias-carreno\\\/\",\"nextItem\":{\"@type\":\"ListItem\",\"@id\":\"https:\\\/\\\/candas365.es\\\/noticias\\\/iv-memorial-jose-ramon-gonzalez-muniz-en-candas\\\/#listItem\",\"name\":\"IV Memorial Jos\\u00e9 Ram\\u00f3n Gonz\\u00e1lez Mu\\u00f1iz, en Cand\\u00e1s\"},\"previousItem\":{\"@type\":\"ListItem\",\"@id\":\"https:\\\/\\\/candas365.es\\\/noticias#listItem\",\"name\":\"Home\"}},{\"@type\":\"ListItem\",\"@id\":\"https:\\\/\\\/candas365.es\\\/noticias\\\/iv-memorial-jose-ramon-gonzalez-muniz-en-candas\\\/#listItem\",\"position\":3,\"name\":\"IV Memorial Jos\\u00e9 Ram\\u00f3n Gonz\\u00e1lez Mu\\u00f1iz, en Cand\\u00e1s\",\"previousItem\":{\"@type\":\"ListItem\",\"@id\":\"https:\\\/\\\/candas365.es\\\/noticias\\\/category\\\/noticias-carreno\\\/#listItem\",\"name\":\"Noticias Carre\\u00f1o\"}}]},{\"@type\":\"NewsArticle\",\"@id\":\"https:\\\/\\\/candas365.es\\\/noticias\\\/iv-memorial-jose-ramon-gonzalez-muniz-en-candas\\\/#newsarticle\",\"name\":\"IV Memorial Jos\\u00e9 Ram\\u00f3n Gonz\\u00e1lez Mu\\u00f1iz, en Cand\\u00e1s | Cand\\u00e1s 365\",\"headline\":\"IV Memorial Jos\\u00e9 Ram\\u00f3n Gonz\\u00e1lez Mu\\u00f1iz, en Cand\\u00e1s\",\"author\":{\"@id\":\"https:\\\/\\\/candas365.es\\\/noticias\\\/author\\\/admin\\\/#author\"},\"publisher\":{\"@id\":\"https:\\\/\\\/candas365.es\\\/noticias\\\/#organization\"},\"image\":{\"@type\":\"ImageObject\",\"url\":\"https:\\\/\\\/candas365.es\\\/noticias\\\/wp-content\\\/uploads\\\/2019\\\/09\\\/CORO-NORDESTE-DURANTE-EL-PREG\\u00d3N-DEL-CRISTO.jpg\",\"width\":1600,\"height\":1200,\"caption\":\"CORO NORDESTE DURANTE EL PREG\\u00d3N DEL CRISTO\"},\"datePublished\":\"2019-09-29T19:40:56+02:00\",\"dateModified\":\"2019-09-29T19:40:56+02:00\",\"inLanguage\":\"es-ES\",\"mainEntityOfPage\":{\"@id\":\"https:\\\/\\\/candas365.es\\\/noticias\\\/iv-memorial-jose-ramon-gonzalez-muniz-en-candas\\\/#webpage\"},\"isPartOf\":{\"@id\":\"https:\\\/\\\/candas365.es\\\/noticias\\\/iv-memorial-jose-ramon-gonzalez-muniz-en-candas\\\/#webpage\"},\"articleSection\":\"Noticias Carre\\u00f1o\",\"dateline\":\"Publicado el septiembre 29, 2019.\"},{\"@type\":\"Organization\",\"@id\":\"https:\\\/\\\/candas365.es\\\/noticias\\\/#organization\",\"name\":\"Cand\\u00e1s 365\",\"description\":\"Cand\\u00e1s 365 es un diario digital independiente, fundado en 2012, con base en Asturias. Informamos con rigor sobre actualidad, sociedad, cultura y ocio, con una mirada local y global.\",\"url\":\"https:\\\/\\\/candas365.es\\\/noticias\\\/\",\"email\":\"info@candas365.es\",\"telephone\":\"+34652131393\",\"foundingDate\":\"2012-06-10\",\"logo\":{\"@type\":\"ImageObject\",\"url\":\"https:\\\/\\\/candas365.es\\\/noticias\\\/wp-content\\\/uploads\\\/2024\\\/09\\\/Candas-365-Redes.jpg\",\"@id\":\"https:\\\/\\\/candas365.es\\\/noticias\\\/iv-memorial-jose-ramon-gonzalez-muniz-en-candas\\\/#organizationLogo\",\"width\":1152,\"height\":864,\"caption\":\"Cand\\u00e1s 365 Redes\"},\"image\":{\"@id\":\"https:\\\/\\\/candas365.es\\\/noticias\\\/iv-memorial-jose-ramon-gonzalez-muniz-en-candas\\\/#organizationLogo\"},\"sameAs\":[\"https:\\\/\\\/www.facebook.com\\\/Nachofdezber\",\"https:\\\/\\\/x.com\\\/NabercoDigital\",\"https:\\\/\\\/www.instagram.com\\\/nachofdezber\\\/\",\"https:\\\/\\\/www.youtube.com\\\/channel\\\/UCZP-2wLEB9Rv6erhFmqVnvg\"],\"address\":{\"@id\":\"https:\\\/\\\/candas365.es\\\/noticias\\\/#postaladdress\",\"@type\":\"PostalAddress\",\"streetAddress\":\"san antonio 4, san antonio 4\",\"postalCode\":\"33430\",\"addressLocality\":\"Cand\\u00e1s\",\"addressRegion\":\"Asturias\",\"addressCountry\":\"ES\"}},{\"@type\":\"Person\",\"@id\":\"https:\\\/\\\/candas365.es\\\/noticias\\\/author\\\/admin\\\/#author\",\"url\":\"https:\\\/\\\/candas365.es\\\/noticias\\\/author\\\/admin\\\/\",\"name\":\"Cand\\u00e1s 365\",\"image\":{\"@type\":\"ImageObject\",\"@id\":\"https:\\\/\\\/candas365.es\\\/noticias\\\/iv-memorial-jose-ramon-gonzalez-muniz-en-candas\\\/#authorImage\",\"url\":\"https:\\\/\\\/secure.gravatar.com\\\/avatar\\\/496a8e03d0c493ede1718b7934145dbdf8d89be1036b0eec9544e1094c9de390?s=96&d=mm&r=g\",\"width\":96,\"height\":96,\"caption\":\"Cand\\u00e1s 365\"},\"sameAs\":[\"https:\\\/\\\/www.facebook.com\\\/carrenoactualidad\",\"https:\\\/\\\/twitter.com\\\/nbasturias\",\"https:\\\/\\\/www.instagram.com\\\/nachofdezber\\\/\",\"https:\\\/\\\/www.youtube.com\\\/channel\\\/UCZP-2wLEB9Rv6erhFmqVnvg\"]},{\"@type\":\"WebPage\",\"@id\":\"https:\\\/\\\/candas365.es\\\/noticias\\\/iv-memorial-jose-ramon-gonzalez-muniz-en-candas\\\/#webpage\",\"url\":\"https:\\\/\\\/candas365.es\\\/noticias\\\/iv-memorial-jose-ramon-gonzalez-muniz-en-candas\\\/\",\"name\":\"IV Memorial Jos\\u00e9 Ram\\u00f3n Gonz\\u00e1lez Mu\\u00f1iz, en Cand\\u00e1s | Cand\\u00e1s 365\",\"description\":\"El pr\\u00f3ximo s\\u00e1bado, d\\u00eda 5 de octubre, en la Antigua F\\u00e1brica de Conservas Ortiz tendr\\u00e1 lugar la IV edici\\u00f3n del Memorial dedicado al recuerdo y homenaje del candas\\u00edn tristemente fallecido, Jos\\u00e9 Ram\\u00f3n Gonz\\u00e1lez Mu\\u00f1iz. Una nueva edici\\u00f3n organizada, por el \\u201cCoro de la Bodega\\u201d, coro que debe su creaci\\u00f3n al homenajeado pues surgi\\u00f3 de aquella\",\"inLanguage\":\"es-ES\",\"isPartOf\":{\"@id\":\"https:\\\/\\\/candas365.es\\\/noticias\\\/#website\"},\"breadcrumb\":{\"@id\":\"https:\\\/\\\/candas365.es\\\/noticias\\\/iv-memorial-jose-ramon-gonzalez-muniz-en-candas\\\/#breadcrumblist\"},\"author\":{\"@id\":\"https:\\\/\\\/candas365.es\\\/noticias\\\/author\\\/admin\\\/#author\"},\"creator\":{\"@id\":\"https:\\\/\\\/candas365.es\\\/noticias\\\/author\\\/admin\\\/#author\"},\"image\":{\"@type\":\"ImageObject\",\"url\":\"https:\\\/\\\/candas365.es\\\/noticias\\\/wp-content\\\/uploads\\\/2019\\\/09\\\/CORO-NORDESTE-DURANTE-EL-PREG\\u00d3N-DEL-CRISTO.jpg\",\"@id\":\"https:\\\/\\\/candas365.es\\\/noticias\\\/iv-memorial-jose-ramon-gonzalez-muniz-en-candas\\\/#mainImage\",\"width\":1600,\"height\":1200,\"caption\":\"CORO NORDESTE DURANTE EL PREG\\u00d3N DEL CRISTO\"},\"primaryImageOfPage\":{\"@id\":\"https:\\\/\\\/candas365.es\\\/noticias\\\/iv-memorial-jose-ramon-gonzalez-muniz-en-candas\\\/#mainImage\"},\"datePublished\":\"2019-09-29T19:40:56+02:00\",\"dateModified\":\"2019-09-29T19:40:56+02:00\"},{\"@type\":\"WebSite\",\"@id\":\"https:\\\/\\\/candas365.es\\\/noticias\\\/#website\",\"url\":\"https:\\\/\\\/candas365.es\\\/noticias\\\/\",\"name\":\"Cand\\u00e1s 365\",\"alternateName\":\"Cand\\u00e1s 365 Noticias\",\"description\":\"Actualidad desde Carre\\u00f1o para el mundo\",\"inLanguage\":\"es-ES\",\"publisher\":{\"@id\":\"https:\\\/\\\/candas365.es\\\/noticias\\\/#organization\"}}]}\n\t\t<\/script>\n\t\t<!-- All in One SEO Pro -->\r\n\t\t<title>IV Memorial Jos\u00e9 Ram\u00f3n Gonz\u00e1lez Mu\u00f1iz, en Cand\u00e1s | Cand\u00e1s 365<\/title>\n\n","aioseo_head_json":{"title":"IV Memorial Jos\u00e9 Ram\u00f3n Gonz\u00e1lez Mu\u00f1iz, en Cand\u00e1s | Cand\u00e1s 365","description":"El pr\u00f3ximo s\u00e1bado, d\u00eda 5 de octubre, en la Antigua F\u00e1brica de Conservas Ortiz tendr\u00e1 lugar la IV edici\u00f3n del Memorial dedicado al recuerdo y homenaje del candas\u00edn tristemente fallecido, Jos\u00e9 Ram\u00f3n Gonz\u00e1lez Mu\u00f1iz. Una nueva edici\u00f3n organizada, por el \u201cCoro de la Bodega\u201d, coro que debe su creaci\u00f3n al homenajeado pues surgi\u00f3 de aquella","canonical_url":"https:\/\/candas365.es\/noticias\/iv-memorial-jose-ramon-gonzalez-muniz-en-candas\/","robots":"max-image-preview:large","keywords":"noticias carre\u00f1o","webmasterTools":{"google-site-verification":"UA-32230408-1","msvalidate.01":"354F3CDFB2DA171B47FBE9ABF1F88D5","miscellaneous":""},"schema":{"@context":"https:\/\/schema.org","@graph":[{"@type":"BreadcrumbList","@id":"https:\/\/candas365.es\/noticias\/iv-memorial-jose-ramon-gonzalez-muniz-en-candas\/#breadcrumblist","itemListElement":[{"@type":"ListItem","@id":"https:\/\/candas365.es\/noticias#listItem","position":1,"name":"Home","item":"https:\/\/candas365.es\/noticias","nextItem":{"@type":"ListItem","@id":"https:\/\/candas365.es\/noticias\/category\/noticias-carreno\/#listItem","name":"Noticias Carre\u00f1o"}},{"@type":"ListItem","@id":"https:\/\/candas365.es\/noticias\/category\/noticias-carreno\/#listItem","position":2,"name":"Noticias Carre\u00f1o","item":"https:\/\/candas365.es\/noticias\/category\/noticias-carreno\/","nextItem":{"@type":"ListItem","@id":"https:\/\/candas365.es\/noticias\/iv-memorial-jose-ramon-gonzalez-muniz-en-candas\/#listItem","name":"IV Memorial Jos\u00e9 Ram\u00f3n Gonz\u00e1lez Mu\u00f1iz, en Cand\u00e1s"},"previousItem":{"@type":"ListItem","@id":"https:\/\/candas365.es\/noticias#listItem","name":"Home"}},{"@type":"ListItem","@id":"https:\/\/candas365.es\/noticias\/iv-memorial-jose-ramon-gonzalez-muniz-en-candas\/#listItem","position":3,"name":"IV Memorial Jos\u00e9 Ram\u00f3n Gonz\u00e1lez Mu\u00f1iz, en Cand\u00e1s","previousItem":{"@type":"ListItem","@id":"https:\/\/candas365.es\/noticias\/category\/noticias-carreno\/#listItem","name":"Noticias Carre\u00f1o"}}]},{"@type":"NewsArticle","@id":"https:\/\/candas365.es\/noticias\/iv-memorial-jose-ramon-gonzalez-muniz-en-candas\/#newsarticle","name":"IV Memorial Jos\u00e9 Ram\u00f3n Gonz\u00e1lez Mu\u00f1iz, en Cand\u00e1s | Cand\u00e1s 365","headline":"IV Memorial Jos\u00e9 Ram\u00f3n Gonz\u00e1lez Mu\u00f1iz, en Cand\u00e1s","author":{"@id":"https:\/\/candas365.es\/noticias\/author\/admin\/#author"},"publisher":{"@id":"https:\/\/candas365.es\/noticias\/#organization"},"image":{"@type":"ImageObject","url":"https:\/\/candas365.es\/noticias\/wp-content\/uploads\/2019\/09\/CORO-NORDESTE-DURANTE-EL-PREG\u00d3N-DEL-CRISTO.jpg","width":1600,"height":1200,"caption":"CORO NORDESTE DURANTE EL PREG\u00d3N DEL CRISTO"},"datePublished":"2019-09-29T19:40:56+02:00","dateModified":"2019-09-29T19:40:56+02:00","inLanguage":"es-ES","mainEntityOfPage":{"@id":"https:\/\/candas365.es\/noticias\/iv-memorial-jose-ramon-gonzalez-muniz-en-candas\/#webpage"},"isPartOf":{"@id":"https:\/\/candas365.es\/noticias\/iv-memorial-jose-ramon-gonzalez-muniz-en-candas\/#webpage"},"articleSection":"Noticias Carre\u00f1o","dateline":"Publicado el septiembre 29, 2019."},{"@type":"Organization","@id":"https:\/\/candas365.es\/noticias\/#organization","name":"Cand\u00e1s 365","description":"Cand\u00e1s 365 es un diario digital independiente, fundado en 2012, con base en Asturias. Informamos con rigor sobre actualidad, sociedad, cultura y ocio, con una mirada local y global.","url":"https:\/\/candas365.es\/noticias\/","email":"info@candas365.es","telephone":"+34652131393","foundingDate":"2012-06-10","logo":{"@type":"ImageObject","url":"https:\/\/candas365.es\/noticias\/wp-content\/uploads\/2024\/09\/Candas-365-Redes.jpg","@id":"https:\/\/candas365.es\/noticias\/iv-memorial-jose-ramon-gonzalez-muniz-en-candas\/#organizationLogo","width":1152,"height":864,"caption":"Cand\u00e1s 365 Redes"},"image":{"@id":"https:\/\/candas365.es\/noticias\/iv-memorial-jose-ramon-gonzalez-muniz-en-candas\/#organizationLogo"},"sameAs":["https:\/\/www.facebook.com\/Nachofdezber","https:\/\/x.com\/NabercoDigital","https:\/\/www.instagram.com\/nachofdezber\/","https:\/\/www.youtube.com\/channel\/UCZP-2wLEB9Rv6erhFmqVnvg"],"address":{"@id":"https:\/\/candas365.es\/noticias\/#postaladdress","@type":"PostalAddress","streetAddress":"san antonio 4, san antonio 4","postalCode":"33430","addressLocality":"Cand\u00e1s","addressRegion":"Asturias","addressCountry":"ES"}},{"@type":"Person","@id":"https:\/\/candas365.es\/noticias\/author\/admin\/#author","url":"https:\/\/candas365.es\/noticias\/author\/admin\/","name":"Cand\u00e1s 365","image":{"@type":"ImageObject","@id":"https:\/\/candas365.es\/noticias\/iv-memorial-jose-ramon-gonzalez-muniz-en-candas\/#authorImage","url":"https:\/\/secure.gravatar.com\/avatar\/496a8e03d0c493ede1718b7934145dbdf8d89be1036b0eec9544e1094c9de390?s=96&d=mm&r=g","width":96,"height":96,"caption":"Cand\u00e1s 365"},"sameAs":["https:\/\/www.facebook.com\/carrenoactualidad","https:\/\/twitter.com\/nbasturias","https:\/\/www.instagram.com\/nachofdezber\/","https:\/\/www.youtube.com\/channel\/UCZP-2wLEB9Rv6erhFmqVnvg"]},{"@type":"WebPage","@id":"https:\/\/candas365.es\/noticias\/iv-memorial-jose-ramon-gonzalez-muniz-en-candas\/#webpage","url":"https:\/\/candas365.es\/noticias\/iv-memorial-jose-ramon-gonzalez-muniz-en-candas\/","name":"IV Memorial Jos\u00e9 Ram\u00f3n Gonz\u00e1lez Mu\u00f1iz, en Cand\u00e1s | Cand\u00e1s 365","description":"El pr\u00f3ximo s\u00e1bado, d\u00eda 5 de octubre, en la Antigua F\u00e1brica de Conservas Ortiz tendr\u00e1 lugar la IV edici\u00f3n del Memorial dedicado al recuerdo y homenaje del candas\u00edn tristemente fallecido, Jos\u00e9 Ram\u00f3n Gonz\u00e1lez Mu\u00f1iz. Una nueva edici\u00f3n organizada, por el \u201cCoro de la Bodega\u201d, coro que debe su creaci\u00f3n al homenajeado pues surgi\u00f3 de aquella","inLanguage":"es-ES","isPartOf":{"@id":"https:\/\/candas365.es\/noticias\/#website"},"breadcrumb":{"@id":"https:\/\/candas365.es\/noticias\/iv-memorial-jose-ramon-gonzalez-muniz-en-candas\/#breadcrumblist"},"author":{"@id":"https:\/\/candas365.es\/noticias\/author\/admin\/#author"},"creator":{"@id":"https:\/\/candas365.es\/noticias\/author\/admin\/#author"},"image":{"@type":"ImageObject","url":"https:\/\/candas365.es\/noticias\/wp-content\/uploads\/2019\/09\/CORO-NORDESTE-DURANTE-EL-PREG\u00d3N-DEL-CRISTO.jpg","@id":"https:\/\/candas365.es\/noticias\/iv-memorial-jose-ramon-gonzalez-muniz-en-candas\/#mainImage","width":1600,"height":1200,"caption":"CORO NORDESTE DURANTE EL PREG\u00d3N DEL CRISTO"},"primaryImageOfPage":{"@id":"https:\/\/candas365.es\/noticias\/iv-memorial-jose-ramon-gonzalez-muniz-en-candas\/#mainImage"},"datePublished":"2019-09-29T19:40:56+02:00","dateModified":"2019-09-29T19:40:56+02:00"},{"@type":"WebSite","@id":"https:\/\/candas365.es\/noticias\/#website","url":"https:\/\/candas365.es\/noticias\/","name":"Cand\u00e1s 365","alternateName":"Cand\u00e1s 365 Noticias","description":"Actualidad desde Carre\u00f1o para el mundo","inLanguage":"es-ES","publisher":{"@id":"https:\/\/candas365.es\/noticias\/#organization"}}]},"og:locale":"es_ES","og:site_name":"Cand\u00e1s 365","og:type":"article","og:title":"IV Memorial Jos\u00e9 Ram\u00f3n Gonz\u00e1lez Mu\u00f1iz, en Cand\u00e1s | Cand\u00e1s 365","og:description":"El pr\u00f3ximo s\u00e1bado, d\u00eda 5 de octubre, en la Antigua F\u00e1brica de Conservas Ortiz tendr\u00e1 lugar la IV edici\u00f3n del Memorial dedicado al recuerdo y homenaje del candas\u00edn tristemente fallecido, Jos\u00e9 Ram\u00f3n Gonz\u00e1lez Mu\u00f1iz. Una nueva edici\u00f3n organizada, por el \u201cCoro de la Bodega\u201d, coro que debe su creaci\u00f3n al homenajeado pues surgi\u00f3 de aquella","og:url":"https:\/\/candas365.es\/noticias\/iv-memorial-jose-ramon-gonzalez-muniz-en-candas\/","og:image":"https:\/\/candas365.es\/noticias\/wp-content\/uploads\/2019\/09\/CORO-NORDESTE-DURANTE-EL-PREG\u00d3N-DEL-CRISTO.jpg","og:image:secure_url":"https:\/\/candas365.es\/noticias\/wp-content\/uploads\/2019\/09\/CORO-NORDESTE-DURANTE-EL-PREG\u00d3N-DEL-CRISTO.jpg","og:image:width":1600,"og:image:height":1200,"article:published_time":"2019-09-29T19:40:56+00:00","article:modified_time":"2019-09-29T19:40:56+00:00","article:publisher":"https:\/\/www.facebook.com\/Nachofdezber","article:author":"https:\/\/www.facebook.com\/carrenoactualidad","twitter:card":"summary_large_image","twitter:site":"@NabercoDigital","twitter:title":"IV Memorial Jos\u00e9 Ram\u00f3n Gonz\u00e1lez Mu\u00f1iz, en Cand\u00e1s | Cand\u00e1s 365","twitter:description":"El pr\u00f3ximo s\u00e1bado, d\u00eda 5 de octubre, en la Antigua F\u00e1brica de Conservas Ortiz tendr\u00e1 lugar la IV edici\u00f3n del Memorial dedicado al recuerdo y homenaje del candas\u00edn tristemente fallecido, Jos\u00e9 Ram\u00f3n Gonz\u00e1lez Mu\u00f1iz. Una nueva edici\u00f3n organizada, por el \u201cCoro de la Bodega\u201d, coro que debe su creaci\u00f3n al homenajeado pues surgi\u00f3 de aquella","twitter:creator":"@nbasturias","twitter:image":"https:\/\/candas365.es\/noticias\/wp-content\/uploads\/2019\/09\/CORO-NORDESTE-DURANTE-EL-PREG\u00d3N-DEL-CRISTO.jpg","twitter:label1":"Escrito por","twitter:data1":"Cand\u00e1s 365","twitter:label2":"Tiempo de lectura estimado","twitter:data2":"3 minutos"},"aioseo_meta_data":{"post_id":"130603","title":null,"description":null,"keywords":null,"keyphrases":null,"primary_term":null,"canonical_url":null,"og_title":null,"og_description":null,"og_object_type":"default","og_image_type":"default","og_image_url":null,"og_image_width":null,"og_image_height":null,"og_image_custom_url":null,"og_image_custom_fields":null,"og_video":null,"og_custom_url":null,"og_article_section":null,"og_article_tags":null,"twitter_use_og":false,"twitter_card":"default","twitter_image_type":"default","twitter_image_url":null,"twitter_image_custom_url":null,"twitter_image_custom_fields":null,"twitter_title":null,"twitter_description":null,"schema":{"blockGraphs":[],"customGraphs":[],"default":{"data":{"Article":[],"Course":[],"Dataset":[],"FAQPage":[],"Movie":[],"Person":[],"Product":[],"ProductReview":[],"Car":[],"Recipe":[],"Service":[],"SoftwareApplication":[],"WebPage":[]},"graphName":"","isEnabled":true},"graphs":[]},"schema_type":null,"schema_type_options":null,"pillar_content":false,"robots_default":true,"robots_noindex":false,"robots_noarchive":false,"robots_nosnippet":false,"robots_nofollow":false,"robots_noimageindex":false,"robots_noodp":false,"robots_notranslate":false,"robots_max_snippet":null,"robots_max_videopreview":null,"robots_max_imagepreview":"large","priority":null,"frequency":null,"location":null,"local_seo":null,"seo_analyzer_scan_date":"2025-08-30 14:35:15","breadcrumb_settings":null,"limit_modified_date":false,"reviewed_by":null,"open_ai":null,"ai":null,"created":"2020-12-21 10:52:12","updated":"2025-08-30 14:35:15"},"aioseo_breadcrumb":"<div class=\"aioseo-breadcrumbs\"><span class=\"aioseo-breadcrumb\">\n\t<a href=\"https:\/\/candas365.es\/noticias\" title=\"Home\">Home<\/a>\n<\/span><span class=\"aioseo-breadcrumb-separator\">&ndash;<\/span><span class=\"aioseo-breadcrumb\">\n\t<a href=\"https:\/\/candas365.es\/noticias\/category\/noticias-carreno\/\" title=\"Noticias Carre\u00f1o\">Noticias Carre\u00f1o<\/a>\n<\/span><span class=\"aioseo-breadcrumb-separator\">&ndash;<\/span><span class=\"aioseo-breadcrumb\">\n\tIV Memorial Jos\u00e9 Ram\u00f3n Gonz\u00e1lez Mu\u00f1iz, en Cand\u00e1s\n<\/span><\/div>","aioseo_breadcrumb_json":[{"label":"Home","link":"https:\/\/candas365.es\/noticias"},{"label":"Noticias Carre\u00f1o","link":"https:\/\/candas365.es\/noticias\/category\/noticias-carreno\/"},{"label":"IV Memorial Jos\u00e9 Ram\u00f3n Gonz\u00e1lez Mu\u00f1iz, en Cand\u00e1s","link":"https:\/\/candas365.es\/noticias\/iv-memorial-jose-ramon-gonzalez-muniz-en-candas\/"}],"_links":{"self":[{"href":"https:\/\/candas365.es\/noticias\/wp-json\/wp\/v2\/posts\/130603","targetHints":{"allow":["GET"]}}],"collection":[{"href":"https:\/\/candas365.es\/noticias\/wp-json\/wp\/v2\/posts"}],"about":[{"href":"https:\/\/candas365.es\/noticias\/wp-json\/wp\/v2\/types\/post"}],"author":[{"embeddable":true,"href":"https:\/\/candas365.es\/noticias\/wp-json\/wp\/v2\/users\/1"}],"replies":[{"embeddable":true,"href":"https:\/\/candas365.es\/noticias\/wp-json\/wp\/v2\/comments?post=130603"}],"version-history":[{"count":0,"href":"https:\/\/candas365.es\/noticias\/wp-json\/wp\/v2\/posts\/130603\/revisions"}],"wp:featuredmedia":[{"embeddable":true,"href":"https:\/\/candas365.es\/noticias\/wp-json\/wp\/v2\/media\/130604"}],"wp:attachment":[{"href":"https:\/\/candas365.es\/noticias\/wp-json\/wp\/v2\/media?parent=130603"}],"wp:term":[{"taxonomy":"category","embeddable":true,"href":"https:\/\/candas365.es\/noticias\/wp-json\/wp\/v2\/categories?post=130603"},{"taxonomy":"post_tag","embeddable":true,"href":"https:\/\/candas365.es\/noticias\/wp-json\/wp\/v2\/tags?post=130603"}],"curies":[{"name":"wp","href":"https:\/\/api.w.org\/{rel}","templated":true}]}}