{"id":130599,"date":"2019-09-29T18:54:03","date_gmt":"2019-09-29T18:54:03","guid":{"rendered":"http:\/\/candas365.es\/noticias\/?p=130599"},"modified":"2019-09-29T18:54:03","modified_gmt":"2019-09-29T18:54:03","slug":"un-fallo-tecnico-deja-a-vettel-fuera-de-carrera-en-sochi-2019","status":"publish","type":"post","link":"https:\/\/candas365.es\/noticias\/un-fallo-tecnico-deja-a-vettel-fuera-de-carrera-en-sochi-2019\/","title":{"rendered":"Un fallo t\u00e9cnico deja a Vettel fuera de carrera en Sochi 2019"},"content":{"rendered":"<p><img fetchpriority=\"high\" decoding=\"async\" class=\"alignleft size-medium wp-image-98200\" src=\"https:\/\/candas365.es\/noticias\/wp-content\/uploads\/2018\/06\/flag-1645262_960_720-360x239.jpg\" alt=\"\" width=\"360\" height=\"239\" srcset=\"https:\/\/candas365.es\/noticias\/wp-content\/uploads\/2018\/06\/flag-1645262_960_720-360x239.jpg 360w, https:\/\/candas365.es\/noticias\/wp-content\/uploads\/2018\/06\/flag-1645262_960_720-768x510.jpg 768w, https:\/\/candas365.es\/noticias\/wp-content\/uploads\/2018\/06\/flag-1645262_960_720-655x435.jpg 655w, https:\/\/candas365.es\/noticias\/wp-content\/uploads\/2018\/06\/flag-1645262_960_720-696x463.jpg 696w, https:\/\/candas365.es\/noticias\/wp-content\/uploads\/2018\/06\/flag-1645262_960_720-632x420.jpg 632w, https:\/\/candas365.es\/noticias\/wp-content\/uploads\/2018\/06\/flag-1645262_960_720.jpg 960w\" sizes=\"(max-width: 360px) 100vw, 360px\" \/>Sochi (Rusia), 29 sep (dpa) &#8211; El alem\u00e1n Sebastian Vettel se luci\u00f3 hoy con un brillante rendimiento en el Gran Premio de Rusia de F\u00f3rmula 1 pero acab\u00f3 sufriendo un fiasco por un fallo t\u00e9cnico de su Ferrari y vio a Lewis Hamilton alzar el trofeo y a su compa\u00f1ero de equipo Charles Leclerc ocupar el tercer puesto del podio.<\/p>\n<p>Una semana despu\u00e9s de su triunfo en Singapur, el germano se mostr\u00f3 ofuscado por el manejo de la carrera por parte de la escuder\u00eda italiana. \u00abYo cumpl\u00ed mi parte de lo acordado. Para ser sincero, esto lo quiero arreglar de forma interna\u00bb, declar\u00f3 el corredor tras quedar fuera de la competencia en la vuelta 28.<\/p>\n<p>El defensor del t\u00edtulo, Lewis Hamilton, conquist\u00f3 al mando de su Mercedes el primer triunfo despu\u00e9s del receso. Los Flechas de Plata festejaron el sexto triunfo en la sexta carrera que se disputa en el circuito de Sochi desde 2014.<\/p>\n<p>Valtteri Bottas, tambi\u00e9n de Mercedes, se adjudic\u00f3 el segundo puesto, mientras que Leclerc qued\u00f3 tercero.<\/p>\n<p>La lucha por el t\u00edtulo podr\u00eda acabar para Vettel en la pr\u00f3xima competici\u00f3n. El alem\u00e1n est\u00e1 quinto en la clasificaci\u00f3n general a 128 puntos de distancia de Hamilton, con 322. Bottas est\u00e1 segundo, con 249 unidades y Leclerc ocupa la tercera posici\u00f3n, con 215 puntos.<\/p>\n<p>Al principio todo apuntaba a una segunda victoria consecutiva de Vettel. Hab\u00eda terminado tercero en la clasificaci\u00f3n, en Sochi, un puesto con posibilidades de victoria.<\/p>\n<p>En 2017 Bottas gan\u00f3 la carrera en su Mercedes despu\u00e9s de su inteligente maniobra de salida. Esta vez Vettel utiliz\u00f3 las caracter\u00edsticas de la pista para un ataque impresionante.<\/p>\n<p>Super\u00f3 a Hamilton justo en los primeros metros ya que el brit\u00e1nico ten\u00eda neum\u00e1ticos m\u00e1s lentos. Despu\u00e9s atac\u00f3 a Leclerc, quien lo dej\u00f3 pasar como parte de la estrategia del equipo para bloquear al piloto de Mercedes, pero el cuatro veces campe\u00f3n alem\u00e1n no devolvi\u00f3 el favor como se esperaba.<\/p>\n<p>Hubo diferencias evidentes entre el equipo y sus pilotos en los mensajes de radio, ya que Vettel se mantuvo al frente, decidiendo que Leclerc no estaba lo suficientemente cerca de \u00e9l como para cederle el paso, lo que molest\u00f3 a su compa\u00f1ero de equipo.<\/p>\n<p>\u00abMe dejaste atr\u00e1s. Respet\u00e9 eso. La ventaja es demasiado grande ahora. Hablamos despu\u00e9s de la carrera\u00bb, dijo Leclerc en un mensaje radial.<br \/>\nUn poco m\u00e1s tarde, con Vettel aumentando su ventaja, el equipo le dijo a Leclerc: \u00abCharles haremos el cambio m\u00e1s tarde, Hamilton est\u00e1 un poco cerca, conc\u00e9ntrate en la carrera\u00bb.<\/p>\n<p>Vettel consigui\u00f3 una ventaja de unos cuatro segundos en la vuelta 17, pero las dos paradas en boxes -Leclerc en la vuelta 22 y Vettel en la 26- hicieron que los roles se invirtiesen y que Vettel quedara detr\u00e1s de Leclerc.<\/p>\n<p>Dos vueltas m\u00e1s tarde, Vettel sufri\u00f3 un desperfecto y par\u00f3 el b\u00f3lido en una posici\u00f3n que requer\u00eda el coche de seguridad. Hamilton aprovech\u00f3 la ralentizaci\u00f3n para hacer el cambio de neum\u00e1ticos y pasar a Leclerc.<\/p>\n<p>Tambi\u00e9n lo hizo Bottas, que se encarg\u00f3 de mantener a raya a Leclerc durante el resto de la carrera y asegurar el triunfo de Mercedes.<\/p>\n","protected":false},"excerpt":{"rendered":"<p>Sochi (Rusia), 29 sep (dpa) &#8211; El alem\u00e1n Sebastian Vettel se luci\u00f3 hoy con un brillante rendimiento en el Gran Premio de Rusia de F\u00f3rmula 1 pero acab\u00f3 sufriendo un fiasco por un fallo t\u00e9cnico de su Ferrari y vio a Lewis Hamilton alzar el trofeo y a su compa\u00f1ero de equipo Charles Leclerc ocupar<\/p>\n","protected":false},"author":1,"featured_media":98200,"comment_status":"closed","ping_status":"closed","sticky":false,"template":"","format":"standard","meta":{"footnotes":""},"categories":[319],"tags":[],"class_list":{"0":"post-130599","1":"post","2":"type-post","3":"status-publish","4":"format-standard","5":"has-post-thumbnail","7":"category-deporte"},"aioseo_notices":[],"aioseo_head":"\n\t\t<!-- All in One SEO Pro 4.9.6.2 - aioseo.com -->\n\t<meta name=\"description\" content=\"Sochi (Rusia), 29 sep (dpa) - El alem\u00e1n Sebastian Vettel se luci\u00f3 hoy con un brillante rendimiento en el Gran Premio de Rusia de F\u00f3rmula 1 pero acab\u00f3 sufriendo un fiasco por un fallo t\u00e9cnico de su Ferrari y vio a Lewis Hamilton alzar el trofeo y a su compa\u00f1ero de equipo Charles Leclerc ocupar\" \/>\n\t<meta name=\"robots\" content=\"max-image-preview:large\" \/>\n\t<meta name=\"author\" content=\"Cand\u00e1s 365\"\/>\n\t<meta name=\"google-site-verification\" content=\"UA-32230408-1\" \/>\n\t<meta name=\"msvalidate.01\" content=\"354F3CDFB2DA171B47FBE9ABF1F88D5\" \/>\n\t<meta name=\"keywords\" content=\"deporte\" \/>\n\t<link rel=\"canonical\" href=\"https:\/\/candas365.es\/noticias\/un-fallo-tecnico-deja-a-vettel-fuera-de-carrera-en-sochi-2019\/\" \/>\n\t<meta name=\"generator\" content=\"All in One SEO Pro (AIOSEO) 4.9.6.2\" \/>\n\t\t<meta property=\"og:locale\" content=\"es_ES\" \/>\n\t\t<meta property=\"og:site_name\" content=\"Cand\u00e1s 365\" \/>\n\t\t<meta property=\"og:type\" content=\"article\" \/>\n\t\t<meta property=\"og:title\" content=\"Un fallo t\u00e9cnico deja a Vettel fuera de carrera en Sochi 2019 | Cand\u00e1s 365\" \/>\n\t\t<meta property=\"og:description\" content=\"Sochi (Rusia), 29 sep (dpa) - El alem\u00e1n Sebastian Vettel se luci\u00f3 hoy con un brillante rendimiento en el Gran Premio de Rusia de F\u00f3rmula 1 pero acab\u00f3 sufriendo un fiasco por un fallo t\u00e9cnico de su Ferrari y vio a Lewis Hamilton alzar el trofeo y a su compa\u00f1ero de equipo Charles Leclerc ocupar\" \/>\n\t\t<meta property=\"og:url\" content=\"https:\/\/candas365.es\/noticias\/un-fallo-tecnico-deja-a-vettel-fuera-de-carrera-en-sochi-2019\/\" \/>\n\t\t<meta property=\"og:image\" content=\"https:\/\/candas365.es\/noticias\/wp-content\/uploads\/2018\/06\/flag-1645262_960_720.jpg\" \/>\n\t\t<meta property=\"og:image:secure_url\" content=\"https:\/\/candas365.es\/noticias\/wp-content\/uploads\/2018\/06\/flag-1645262_960_720.jpg\" \/>\n\t\t<meta property=\"og:image:width\" content=\"960\" \/>\n\t\t<meta property=\"og:image:height\" content=\"638\" \/>\n\t\t<meta property=\"article:published_time\" content=\"2019-09-29T18:54:03+00:00\" \/>\n\t\t<meta property=\"article:modified_time\" content=\"2019-09-29T18:54:03+00:00\" \/>\n\t\t<meta property=\"article:publisher\" content=\"https:\/\/www.facebook.com\/Nachofdezber\" \/>\n\t\t<meta property=\"article:author\" content=\"https:\/\/www.facebook.com\/carrenoactualidad\" \/>\n\t\t<meta name=\"twitter:card\" content=\"summary_large_image\" \/>\n\t\t<meta name=\"twitter:site\" content=\"@NabercoDigital\" \/>\n\t\t<meta name=\"twitter:title\" content=\"Un fallo t\u00e9cnico deja a Vettel fuera de carrera en Sochi 2019 | Cand\u00e1s 365\" \/>\n\t\t<meta name=\"twitter:description\" content=\"Sochi (Rusia), 29 sep (dpa) - El alem\u00e1n Sebastian Vettel se luci\u00f3 hoy con un brillante rendimiento en el Gran Premio de Rusia de F\u00f3rmula 1 pero acab\u00f3 sufriendo un fiasco por un fallo t\u00e9cnico de su Ferrari y vio a Lewis Hamilton alzar el trofeo y a su compa\u00f1ero de equipo Charles Leclerc ocupar\" \/>\n\t\t<meta name=\"twitter:creator\" content=\"@nbasturias\" \/>\n\t\t<meta name=\"twitter:image\" content=\"https:\/\/candas365.es\/noticias\/wp-content\/uploads\/2018\/06\/flag-1645262_960_720.jpg\" \/>\n\t\t<meta name=\"twitter:label1\" content=\"Escrito por\" \/>\n\t\t<meta name=\"twitter:data1\" content=\"Cand\u00e1s 365\" \/>\n\t\t<meta name=\"twitter:label2\" content=\"Tiempo de lectura estimado\" \/>\n\t\t<meta name=\"twitter:data2\" content=\"3 minutos\" \/>\n\t\t<script type=\"application\/ld+json\" class=\"aioseo-schema\">\n\t\t\t{\"@context\":\"https:\\\/\\\/schema.org\",\"@graph\":[{\"@type\":\"BreadcrumbList\",\"@id\":\"https:\\\/\\\/candas365.es\\\/noticias\\\/un-fallo-tecnico-deja-a-vettel-fuera-de-carrera-en-sochi-2019\\\/#breadcrumblist\",\"itemListElement\":[{\"@type\":\"ListItem\",\"@id\":\"https:\\\/\\\/candas365.es\\\/noticias#listItem\",\"position\":1,\"name\":\"Home\",\"item\":\"https:\\\/\\\/candas365.es\\\/noticias\",\"nextItem\":{\"@type\":\"ListItem\",\"@id\":\"https:\\\/\\\/candas365.es\\\/noticias\\\/category\\\/deporte\\\/#listItem\",\"name\":\"Deporte\"}},{\"@type\":\"ListItem\",\"@id\":\"https:\\\/\\\/candas365.es\\\/noticias\\\/category\\\/deporte\\\/#listItem\",\"position\":2,\"name\":\"Deporte\",\"item\":\"https:\\\/\\\/candas365.es\\\/noticias\\\/category\\\/deporte\\\/\",\"nextItem\":{\"@type\":\"ListItem\",\"@id\":\"https:\\\/\\\/candas365.es\\\/noticias\\\/un-fallo-tecnico-deja-a-vettel-fuera-de-carrera-en-sochi-2019\\\/#listItem\",\"name\":\"Un fallo t\\u00e9cnico deja a Vettel fuera de carrera en Sochi 2019\"},\"previousItem\":{\"@type\":\"ListItem\",\"@id\":\"https:\\\/\\\/candas365.es\\\/noticias#listItem\",\"name\":\"Home\"}},{\"@type\":\"ListItem\",\"@id\":\"https:\\\/\\\/candas365.es\\\/noticias\\\/un-fallo-tecnico-deja-a-vettel-fuera-de-carrera-en-sochi-2019\\\/#listItem\",\"position\":3,\"name\":\"Un fallo t\\u00e9cnico deja a Vettel fuera de carrera en Sochi 2019\",\"previousItem\":{\"@type\":\"ListItem\",\"@id\":\"https:\\\/\\\/candas365.es\\\/noticias\\\/category\\\/deporte\\\/#listItem\",\"name\":\"Deporte\"}}]},{\"@type\":\"NewsArticle\",\"@id\":\"https:\\\/\\\/candas365.es\\\/noticias\\\/un-fallo-tecnico-deja-a-vettel-fuera-de-carrera-en-sochi-2019\\\/#newsarticle\",\"name\":\"Un fallo t\\u00e9cnico deja a Vettel fuera de carrera en Sochi 2019 | Cand\\u00e1s 365\",\"headline\":\"Un fallo t\\u00e9cnico deja a Vettel fuera de carrera en Sochi 2019\",\"author\":{\"@id\":\"https:\\\/\\\/candas365.es\\\/noticias\\\/author\\\/admin\\\/#author\"},\"publisher\":{\"@id\":\"https:\\\/\\\/candas365.es\\\/noticias\\\/#organization\"},\"image\":{\"@type\":\"ImageObject\",\"url\":\"https:\\\/\\\/candas365.es\\\/noticias\\\/wp-content\\\/uploads\\\/2018\\\/06\\\/flag-1645262_960_720.jpg\",\"width\":960,\"height\":638},\"datePublished\":\"2019-09-29T18:54:03+02:00\",\"dateModified\":\"2019-09-29T18:54:03+02:00\",\"inLanguage\":\"es-ES\",\"mainEntityOfPage\":{\"@id\":\"https:\\\/\\\/candas365.es\\\/noticias\\\/un-fallo-tecnico-deja-a-vettel-fuera-de-carrera-en-sochi-2019\\\/#webpage\"},\"isPartOf\":{\"@id\":\"https:\\\/\\\/candas365.es\\\/noticias\\\/un-fallo-tecnico-deja-a-vettel-fuera-de-carrera-en-sochi-2019\\\/#webpage\"},\"articleSection\":\"Deporte\",\"dateline\":\"Publicado el septiembre 29, 2019.\"},{\"@type\":\"Organization\",\"@id\":\"https:\\\/\\\/candas365.es\\\/noticias\\\/#organization\",\"name\":\"Cand\\u00e1s 365\",\"description\":\"Cand\\u00e1s 365 es un diario digital independiente, fundado en 2012, con base en Asturias. Informamos con rigor sobre actualidad, sociedad, cultura y ocio, con una mirada local y global.\",\"url\":\"https:\\\/\\\/candas365.es\\\/noticias\\\/\",\"email\":\"info@candas365.es\",\"telephone\":\"+34652131393\",\"foundingDate\":\"2012-06-10\",\"logo\":{\"@type\":\"ImageObject\",\"url\":\"https:\\\/\\\/candas365.es\\\/noticias\\\/wp-content\\\/uploads\\\/2024\\\/09\\\/Candas-365-Redes.jpg\",\"@id\":\"https:\\\/\\\/candas365.es\\\/noticias\\\/un-fallo-tecnico-deja-a-vettel-fuera-de-carrera-en-sochi-2019\\\/#organizationLogo\",\"width\":1152,\"height\":864,\"caption\":\"Cand\\u00e1s 365 Redes\"},\"image\":{\"@id\":\"https:\\\/\\\/candas365.es\\\/noticias\\\/un-fallo-tecnico-deja-a-vettel-fuera-de-carrera-en-sochi-2019\\\/#organizationLogo\"},\"sameAs\":[\"https:\\\/\\\/www.facebook.com\\\/Nachofdezber\",\"https:\\\/\\\/x.com\\\/NabercoDigital\",\"https:\\\/\\\/www.instagram.com\\\/nachofdezber\\\/\",\"https:\\\/\\\/www.youtube.com\\\/channel\\\/UCZP-2wLEB9Rv6erhFmqVnvg\"],\"address\":{\"@id\":\"https:\\\/\\\/candas365.es\\\/noticias\\\/#postaladdress\",\"@type\":\"PostalAddress\",\"streetAddress\":\"san antonio 4, san antonio 4\",\"postalCode\":\"33430\",\"addressLocality\":\"Cand\\u00e1s\",\"addressRegion\":\"Asturias\",\"addressCountry\":\"ES\"}},{\"@type\":\"Person\",\"@id\":\"https:\\\/\\\/candas365.es\\\/noticias\\\/author\\\/admin\\\/#author\",\"url\":\"https:\\\/\\\/candas365.es\\\/noticias\\\/author\\\/admin\\\/\",\"name\":\"Cand\\u00e1s 365\",\"image\":{\"@type\":\"ImageObject\",\"@id\":\"https:\\\/\\\/candas365.es\\\/noticias\\\/un-fallo-tecnico-deja-a-vettel-fuera-de-carrera-en-sochi-2019\\\/#authorImage\",\"url\":\"https:\\\/\\\/secure.gravatar.com\\\/avatar\\\/496a8e03d0c493ede1718b7934145dbdf8d89be1036b0eec9544e1094c9de390?s=96&d=mm&r=g\",\"width\":96,\"height\":96,\"caption\":\"Cand\\u00e1s 365\"},\"sameAs\":[\"https:\\\/\\\/www.facebook.com\\\/carrenoactualidad\",\"https:\\\/\\\/twitter.com\\\/nbasturias\",\"https:\\\/\\\/www.instagram.com\\\/nachofdezber\\\/\",\"https:\\\/\\\/www.youtube.com\\\/channel\\\/UCZP-2wLEB9Rv6erhFmqVnvg\"]},{\"@type\":\"WebPage\",\"@id\":\"https:\\\/\\\/candas365.es\\\/noticias\\\/un-fallo-tecnico-deja-a-vettel-fuera-de-carrera-en-sochi-2019\\\/#webpage\",\"url\":\"https:\\\/\\\/candas365.es\\\/noticias\\\/un-fallo-tecnico-deja-a-vettel-fuera-de-carrera-en-sochi-2019\\\/\",\"name\":\"Un fallo t\\u00e9cnico deja a Vettel fuera de carrera en Sochi 2019 | Cand\\u00e1s 365\",\"description\":\"Sochi (Rusia), 29 sep (dpa) - El alem\\u00e1n Sebastian Vettel se luci\\u00f3 hoy con un brillante rendimiento en el Gran Premio de Rusia de F\\u00f3rmula 1 pero acab\\u00f3 sufriendo un fiasco por un fallo t\\u00e9cnico de su Ferrari y vio a Lewis Hamilton alzar el trofeo y a su compa\\u00f1ero de equipo Charles Leclerc ocupar\",\"inLanguage\":\"es-ES\",\"isPartOf\":{\"@id\":\"https:\\\/\\\/candas365.es\\\/noticias\\\/#website\"},\"breadcrumb\":{\"@id\":\"https:\\\/\\\/candas365.es\\\/noticias\\\/un-fallo-tecnico-deja-a-vettel-fuera-de-carrera-en-sochi-2019\\\/#breadcrumblist\"},\"author\":{\"@id\":\"https:\\\/\\\/candas365.es\\\/noticias\\\/author\\\/admin\\\/#author\"},\"creator\":{\"@id\":\"https:\\\/\\\/candas365.es\\\/noticias\\\/author\\\/admin\\\/#author\"},\"image\":{\"@type\":\"ImageObject\",\"url\":\"https:\\\/\\\/candas365.es\\\/noticias\\\/wp-content\\\/uploads\\\/2018\\\/06\\\/flag-1645262_960_720.jpg\",\"@id\":\"https:\\\/\\\/candas365.es\\\/noticias\\\/un-fallo-tecnico-deja-a-vettel-fuera-de-carrera-en-sochi-2019\\\/#mainImage\",\"width\":960,\"height\":638},\"primaryImageOfPage\":{\"@id\":\"https:\\\/\\\/candas365.es\\\/noticias\\\/un-fallo-tecnico-deja-a-vettel-fuera-de-carrera-en-sochi-2019\\\/#mainImage\"},\"datePublished\":\"2019-09-29T18:54:03+02:00\",\"dateModified\":\"2019-09-29T18:54:03+02:00\"},{\"@type\":\"WebSite\",\"@id\":\"https:\\\/\\\/candas365.es\\\/noticias\\\/#website\",\"url\":\"https:\\\/\\\/candas365.es\\\/noticias\\\/\",\"name\":\"Cand\\u00e1s 365\",\"alternateName\":\"Cand\\u00e1s 365 Noticias\",\"description\":\"Actualidad desde Carre\\u00f1o para el mundo\",\"inLanguage\":\"es-ES\",\"publisher\":{\"@id\":\"https:\\\/\\\/candas365.es\\\/noticias\\\/#organization\"}}]}\n\t\t<\/script>\n\t\t<!-- All in One SEO Pro -->\r\n\t\t<title>Un fallo t\u00e9cnico deja a Vettel fuera de carrera en Sochi 2019 | Cand\u00e1s 365<\/title>\n\n","aioseo_head_json":{"title":"Un fallo t\u00e9cnico deja a Vettel fuera de carrera en Sochi 2019 | Cand\u00e1s 365","description":"Sochi (Rusia), 29 sep (dpa) - El alem\u00e1n Sebastian Vettel se luci\u00f3 hoy con un brillante rendimiento en el Gran Premio de Rusia de F\u00f3rmula 1 pero acab\u00f3 sufriendo un fiasco por un fallo t\u00e9cnico de su Ferrari y vio a Lewis Hamilton alzar el trofeo y a su compa\u00f1ero de equipo Charles Leclerc ocupar","canonical_url":"https:\/\/candas365.es\/noticias\/un-fallo-tecnico-deja-a-vettel-fuera-de-carrera-en-sochi-2019\/","robots":"max-image-preview:large","keywords":"deporte","webmasterTools":{"google-site-verification":"UA-32230408-1","msvalidate.01":"354F3CDFB2DA171B47FBE9ABF1F88D5","miscellaneous":""},"schema":{"@context":"https:\/\/schema.org","@graph":[{"@type":"BreadcrumbList","@id":"https:\/\/candas365.es\/noticias\/un-fallo-tecnico-deja-a-vettel-fuera-de-carrera-en-sochi-2019\/#breadcrumblist","itemListElement":[{"@type":"ListItem","@id":"https:\/\/candas365.es\/noticias#listItem","position":1,"name":"Home","item":"https:\/\/candas365.es\/noticias","nextItem":{"@type":"ListItem","@id":"https:\/\/candas365.es\/noticias\/category\/deporte\/#listItem","name":"Deporte"}},{"@type":"ListItem","@id":"https:\/\/candas365.es\/noticias\/category\/deporte\/#listItem","position":2,"name":"Deporte","item":"https:\/\/candas365.es\/noticias\/category\/deporte\/","nextItem":{"@type":"ListItem","@id":"https:\/\/candas365.es\/noticias\/un-fallo-tecnico-deja-a-vettel-fuera-de-carrera-en-sochi-2019\/#listItem","name":"Un fallo t\u00e9cnico deja a Vettel fuera de carrera en Sochi 2019"},"previousItem":{"@type":"ListItem","@id":"https:\/\/candas365.es\/noticias#listItem","name":"Home"}},{"@type":"ListItem","@id":"https:\/\/candas365.es\/noticias\/un-fallo-tecnico-deja-a-vettel-fuera-de-carrera-en-sochi-2019\/#listItem","position":3,"name":"Un fallo t\u00e9cnico deja a Vettel fuera de carrera en Sochi 2019","previousItem":{"@type":"ListItem","@id":"https:\/\/candas365.es\/noticias\/category\/deporte\/#listItem","name":"Deporte"}}]},{"@type":"NewsArticle","@id":"https:\/\/candas365.es\/noticias\/un-fallo-tecnico-deja-a-vettel-fuera-de-carrera-en-sochi-2019\/#newsarticle","name":"Un fallo t\u00e9cnico deja a Vettel fuera de carrera en Sochi 2019 | Cand\u00e1s 365","headline":"Un fallo t\u00e9cnico deja a Vettel fuera de carrera en Sochi 2019","author":{"@id":"https:\/\/candas365.es\/noticias\/author\/admin\/#author"},"publisher":{"@id":"https:\/\/candas365.es\/noticias\/#organization"},"image":{"@type":"ImageObject","url":"https:\/\/candas365.es\/noticias\/wp-content\/uploads\/2018\/06\/flag-1645262_960_720.jpg","width":960,"height":638},"datePublished":"2019-09-29T18:54:03+02:00","dateModified":"2019-09-29T18:54:03+02:00","inLanguage":"es-ES","mainEntityOfPage":{"@id":"https:\/\/candas365.es\/noticias\/un-fallo-tecnico-deja-a-vettel-fuera-de-carrera-en-sochi-2019\/#webpage"},"isPartOf":{"@id":"https:\/\/candas365.es\/noticias\/un-fallo-tecnico-deja-a-vettel-fuera-de-carrera-en-sochi-2019\/#webpage"},"articleSection":"Deporte","dateline":"Publicado el septiembre 29, 2019."},{"@type":"Organization","@id":"https:\/\/candas365.es\/noticias\/#organization","name":"Cand\u00e1s 365","description":"Cand\u00e1s 365 es un diario digital independiente, fundado en 2012, con base en Asturias. Informamos con rigor sobre actualidad, sociedad, cultura y ocio, con una mirada local y global.","url":"https:\/\/candas365.es\/noticias\/","email":"info@candas365.es","telephone":"+34652131393","foundingDate":"2012-06-10","logo":{"@type":"ImageObject","url":"https:\/\/candas365.es\/noticias\/wp-content\/uploads\/2024\/09\/Candas-365-Redes.jpg","@id":"https:\/\/candas365.es\/noticias\/un-fallo-tecnico-deja-a-vettel-fuera-de-carrera-en-sochi-2019\/#organizationLogo","width":1152,"height":864,"caption":"Cand\u00e1s 365 Redes"},"image":{"@id":"https:\/\/candas365.es\/noticias\/un-fallo-tecnico-deja-a-vettel-fuera-de-carrera-en-sochi-2019\/#organizationLogo"},"sameAs":["https:\/\/www.facebook.com\/Nachofdezber","https:\/\/x.com\/NabercoDigital","https:\/\/www.instagram.com\/nachofdezber\/","https:\/\/www.youtube.com\/channel\/UCZP-2wLEB9Rv6erhFmqVnvg"],"address":{"@id":"https:\/\/candas365.es\/noticias\/#postaladdress","@type":"PostalAddress","streetAddress":"san antonio 4, san antonio 4","postalCode":"33430","addressLocality":"Cand\u00e1s","addressRegion":"Asturias","addressCountry":"ES"}},{"@type":"Person","@id":"https:\/\/candas365.es\/noticias\/author\/admin\/#author","url":"https:\/\/candas365.es\/noticias\/author\/admin\/","name":"Cand\u00e1s 365","image":{"@type":"ImageObject","@id":"https:\/\/candas365.es\/noticias\/un-fallo-tecnico-deja-a-vettel-fuera-de-carrera-en-sochi-2019\/#authorImage","url":"https:\/\/secure.gravatar.com\/avatar\/496a8e03d0c493ede1718b7934145dbdf8d89be1036b0eec9544e1094c9de390?s=96&d=mm&r=g","width":96,"height":96,"caption":"Cand\u00e1s 365"},"sameAs":["https:\/\/www.facebook.com\/carrenoactualidad","https:\/\/twitter.com\/nbasturias","https:\/\/www.instagram.com\/nachofdezber\/","https:\/\/www.youtube.com\/channel\/UCZP-2wLEB9Rv6erhFmqVnvg"]},{"@type":"WebPage","@id":"https:\/\/candas365.es\/noticias\/un-fallo-tecnico-deja-a-vettel-fuera-de-carrera-en-sochi-2019\/#webpage","url":"https:\/\/candas365.es\/noticias\/un-fallo-tecnico-deja-a-vettel-fuera-de-carrera-en-sochi-2019\/","name":"Un fallo t\u00e9cnico deja a Vettel fuera de carrera en Sochi 2019 | Cand\u00e1s 365","description":"Sochi (Rusia), 29 sep (dpa) - El alem\u00e1n Sebastian Vettel se luci\u00f3 hoy con un brillante rendimiento en el Gran Premio de Rusia de F\u00f3rmula 1 pero acab\u00f3 sufriendo un fiasco por un fallo t\u00e9cnico de su Ferrari y vio a Lewis Hamilton alzar el trofeo y a su compa\u00f1ero de equipo Charles Leclerc ocupar","inLanguage":"es-ES","isPartOf":{"@id":"https:\/\/candas365.es\/noticias\/#website"},"breadcrumb":{"@id":"https:\/\/candas365.es\/noticias\/un-fallo-tecnico-deja-a-vettel-fuera-de-carrera-en-sochi-2019\/#breadcrumblist"},"author":{"@id":"https:\/\/candas365.es\/noticias\/author\/admin\/#author"},"creator":{"@id":"https:\/\/candas365.es\/noticias\/author\/admin\/#author"},"image":{"@type":"ImageObject","url":"https:\/\/candas365.es\/noticias\/wp-content\/uploads\/2018\/06\/flag-1645262_960_720.jpg","@id":"https:\/\/candas365.es\/noticias\/un-fallo-tecnico-deja-a-vettel-fuera-de-carrera-en-sochi-2019\/#mainImage","width":960,"height":638},"primaryImageOfPage":{"@id":"https:\/\/candas365.es\/noticias\/un-fallo-tecnico-deja-a-vettel-fuera-de-carrera-en-sochi-2019\/#mainImage"},"datePublished":"2019-09-29T18:54:03+02:00","dateModified":"2019-09-29T18:54:03+02:00"},{"@type":"WebSite","@id":"https:\/\/candas365.es\/noticias\/#website","url":"https:\/\/candas365.es\/noticias\/","name":"Cand\u00e1s 365","alternateName":"Cand\u00e1s 365 Noticias","description":"Actualidad desde Carre\u00f1o para el mundo","inLanguage":"es-ES","publisher":{"@id":"https:\/\/candas365.es\/noticias\/#organization"}}]},"og:locale":"es_ES","og:site_name":"Cand\u00e1s 365","og:type":"article","og:title":"Un fallo t\u00e9cnico deja a Vettel fuera de carrera en Sochi 2019 | Cand\u00e1s 365","og:description":"Sochi (Rusia), 29 sep (dpa) - El alem\u00e1n Sebastian Vettel se luci\u00f3 hoy con un brillante rendimiento en el Gran Premio de Rusia de F\u00f3rmula 1 pero acab\u00f3 sufriendo un fiasco por un fallo t\u00e9cnico de su Ferrari y vio a Lewis Hamilton alzar el trofeo y a su compa\u00f1ero de equipo Charles Leclerc ocupar","og:url":"https:\/\/candas365.es\/noticias\/un-fallo-tecnico-deja-a-vettel-fuera-de-carrera-en-sochi-2019\/","og:image":"https:\/\/candas365.es\/noticias\/wp-content\/uploads\/2018\/06\/flag-1645262_960_720.jpg","og:image:secure_url":"https:\/\/candas365.es\/noticias\/wp-content\/uploads\/2018\/06\/flag-1645262_960_720.jpg","og:image:width":960,"og:image:height":638,"article:published_time":"2019-09-29T18:54:03+00:00","article:modified_time":"2019-09-29T18:54:03+00:00","article:publisher":"https:\/\/www.facebook.com\/Nachofdezber","article:author":"https:\/\/www.facebook.com\/carrenoactualidad","twitter:card":"summary_large_image","twitter:site":"@NabercoDigital","twitter:title":"Un fallo t\u00e9cnico deja a Vettel fuera de carrera en Sochi 2019 | Cand\u00e1s 365","twitter:description":"Sochi (Rusia), 29 sep (dpa) - El alem\u00e1n Sebastian Vettel se luci\u00f3 hoy con un brillante rendimiento en el Gran Premio de Rusia de F\u00f3rmula 1 pero acab\u00f3 sufriendo un fiasco por un fallo t\u00e9cnico de su Ferrari y vio a Lewis Hamilton alzar el trofeo y a su compa\u00f1ero de equipo Charles Leclerc ocupar","twitter:creator":"@nbasturias","twitter:image":"https:\/\/candas365.es\/noticias\/wp-content\/uploads\/2018\/06\/flag-1645262_960_720.jpg","twitter:label1":"Escrito por","twitter:data1":"Cand\u00e1s 365","twitter:label2":"Tiempo de lectura estimado","twitter:data2":"3 minutos"},"aioseo_meta_data":{"post_id":"130599","title":null,"description":null,"keywords":null,"keyphrases":null,"primary_term":null,"canonical_url":null,"og_title":null,"og_description":null,"og_object_type":"default","og_image_type":"default","og_image_url":null,"og_image_width":null,"og_image_height":null,"og_image_custom_url":null,"og_image_custom_fields":null,"og_video":null,"og_custom_url":null,"og_article_section":null,"og_article_tags":null,"twitter_use_og":false,"twitter_card":"default","twitter_image_type":"default","twitter_image_url":null,"twitter_image_custom_url":null,"twitter_image_custom_fields":null,"twitter_title":null,"twitter_description":null,"schema":{"blockGraphs":[],"customGraphs":[],"default":{"data":{"Article":[],"Course":[],"Dataset":[],"FAQPage":[],"Movie":[],"Person":[],"Product":[],"ProductReview":[],"Car":[],"Recipe":[],"Service":[],"SoftwareApplication":[],"WebPage":[]},"graphName":"","isEnabled":true},"graphs":[],"defaultGraph":"","defaultPostTypeGraph":""},"schema_type":null,"schema_type_options":null,"pillar_content":false,"robots_default":true,"robots_noindex":false,"robots_noarchive":false,"robots_nosnippet":false,"robots_nofollow":false,"robots_noimageindex":false,"robots_noodp":false,"robots_notranslate":false,"robots_max_snippet":null,"robots_max_videopreview":null,"robots_max_imagepreview":"large","priority":null,"frequency":null,"location":null,"local_seo":null,"seo_analyzer_scan_date":"2025-08-30 14:33:24","breadcrumb_settings":null,"limit_modified_date":false,"reviewed_by":null,"open_ai":null,"ai":null,"created":"2020-12-21 10:52:12","updated":"2025-08-30 14:33:24"},"aioseo_breadcrumb":"<div class=\"aioseo-breadcrumbs\"><span class=\"aioseo-breadcrumb\">\n\t<a href=\"https:\/\/candas365.es\/noticias\" title=\"Home\">Home<\/a>\n<\/span><span class=\"aioseo-breadcrumb-separator\">&ndash;<\/span><span class=\"aioseo-breadcrumb\">\n\t<a href=\"https:\/\/candas365.es\/noticias\/category\/deporte\/\" title=\"Deporte\">Deporte<\/a>\n<\/span><span class=\"aioseo-breadcrumb-separator\">&ndash;<\/span><span class=\"aioseo-breadcrumb\">\n\tUn fallo t\u00e9cnico deja a Vettel fuera de carrera en Sochi 2019\n<\/span><\/div>","aioseo_breadcrumb_json":[{"label":"Home","link":"https:\/\/candas365.es\/noticias"},{"label":"Deporte","link":"https:\/\/candas365.es\/noticias\/category\/deporte\/"},{"label":"Un fallo t\u00e9cnico deja a Vettel fuera de carrera en Sochi 2019","link":"https:\/\/candas365.es\/noticias\/un-fallo-tecnico-deja-a-vettel-fuera-de-carrera-en-sochi-2019\/"}],"_links":{"self":[{"href":"https:\/\/candas365.es\/noticias\/wp-json\/wp\/v2\/posts\/130599","targetHints":{"allow":["GET"]}}],"collection":[{"href":"https:\/\/candas365.es\/noticias\/wp-json\/wp\/v2\/posts"}],"about":[{"href":"https:\/\/candas365.es\/noticias\/wp-json\/wp\/v2\/types\/post"}],"author":[{"embeddable":true,"href":"https:\/\/candas365.es\/noticias\/wp-json\/wp\/v2\/users\/1"}],"replies":[{"embeddable":true,"href":"https:\/\/candas365.es\/noticias\/wp-json\/wp\/v2\/comments?post=130599"}],"version-history":[{"count":0,"href":"https:\/\/candas365.es\/noticias\/wp-json\/wp\/v2\/posts\/130599\/revisions"}],"wp:featuredmedia":[{"embeddable":true,"href":"https:\/\/candas365.es\/noticias\/wp-json\/wp\/v2\/media\/98200"}],"wp:attachment":[{"href":"https:\/\/candas365.es\/noticias\/wp-json\/wp\/v2\/media?parent=130599"}],"wp:term":[{"taxonomy":"category","embeddable":true,"href":"https:\/\/candas365.es\/noticias\/wp-json\/wp\/v2\/categories?post=130599"},{"taxonomy":"post_tag","embeddable":true,"href":"https:\/\/candas365.es\/noticias\/wp-json\/wp\/v2\/tags?post=130599"}],"curies":[{"name":"wp","href":"https:\/\/api.w.org\/{rel}","templated":true}]}}