{"id":130594,"date":"2019-09-29T18:46:54","date_gmt":"2019-09-29T18:46:54","guid":{"rendered":"http:\/\/candas365.es\/noticias\/?p=130594"},"modified":"2019-09-29T18:46:54","modified_gmt":"2019-09-29T18:46:54","slug":"ministro-aleman-propone-grupos-mixtos-de-porristas-de-baloncesto","status":"publish","type":"post","link":"https:\/\/candas365.es\/noticias\/ministro-aleman-propone-grupos-mixtos-de-porristas-de-baloncesto\/","title":{"rendered":"Ministro alem\u00e1n propone grupos mixtos de porristas de baloncesto"},"content":{"rendered":"<figure id=\"attachment_130595\" aria-describedby=\"caption-attachment-130595\" style=\"width: 360px\" class=\"wp-caption alignleft\"><img fetchpriority=\"high\" decoding=\"async\" class=\"size-medium wp-image-130595\" src=\"https:\/\/candas365.es\/noticias\/wp-content\/uploads\/2019\/09\/porristas-de-baloncesto-360x229.jpg\" alt=\"\" width=\"360\" height=\"229\" srcset=\"https:\/\/candas365.es\/noticias\/wp-content\/uploads\/2019\/09\/porristas-de-baloncesto-360x229.jpg 360w, https:\/\/candas365.es\/noticias\/wp-content\/uploads\/2019\/09\/porristas-de-baloncesto-768x489.jpg 768w, https:\/\/candas365.es\/noticias\/wp-content\/uploads\/2019\/09\/porristas-de-baloncesto-655x417.jpg 655w, https:\/\/candas365.es\/noticias\/wp-content\/uploads\/2019\/09\/porristas-de-baloncesto-696x443.jpg 696w, https:\/\/candas365.es\/noticias\/wp-content\/uploads\/2019\/09\/porristas-de-baloncesto-660x420.jpg 660w, https:\/\/candas365.es\/noticias\/wp-content\/uploads\/2019\/09\/porristas-de-baloncesto.jpg 1040w\" sizes=\"(max-width: 360px) 100vw, 360px\" \/><figcaption id=\"caption-attachment-130595\" class=\"wp-caption-text\">Animadoras del Alba Berl\u00edn de baloncesto. Foto: Hendrik Schmidt\/dpa-Zentralbild\/dpa<\/figcaption><\/figure>\n<p>Berl\u00edn, 29 sep (dpa) &#8211; El ministro alem\u00e1n de Interior, Horst Seehofer, propuso la creaci\u00f3n de grupos mixtos de porristas de baloncesto despu\u00e9s de que el club Alba Berl\u00edn renunciase a sus animadoras por considerarlas un anacronismo.<\/p>\n<p>\u00abSi su composici\u00f3n \u00fanicamente con mujeres ya no es considerada acorde a estos tiempos, podr\u00edamos modificarlo\u00bb, dijo el titular del Interior, tambi\u00e9n competente para Deportes, en una entrevista que publica hoy el dominical \u00abBild am Sonntag\u00bb.<\/p>\n<p>\u00abEso tambi\u00e9n reflejar\u00eda mucho mejor nuestra sociedad y la composici\u00f3n de los aficionados\u00bb, manifest\u00f3 el pol\u00edtico socialcristiano.<\/p>\n<p>En tanto, mostr\u00f3 su rechazo a anular por completo la presencia de porristas femeninas. \u00abEl cheerleading es un deporte con una tradici\u00f3n extensa e internacional. Los clubes deben decidir por s\u00ed mismos\u00bb.<\/p>\n<p>El club alem\u00e1n de baloncesto Alba Berl\u00edn renunci\u00f3 a la presencia de sus animadoras en los partidos de la presente temporada despu\u00e9s de 25 a\u00f1os de contar con ellas.<\/p>\n<p>El club lleg\u00f3 a la conclusi\u00f3n de que \u00abla presencia de mujeres j\u00f3venes como un atractivo pasatiempo en las pausas de los acontecimientos deportivos ya no encaja con nuestro tiempo\u00bb, seg\u00fan explic\u00f3 el gerente del club, Marco Baldi.<\/p>\n<p>Durante los partidos de local se generaba la impresi\u00f3n de que \u00ablas mujeres en Alba son sobre todo las responsables del entretenimiento durante la pausa mediante el baile, mientras que los hombres juegan al baloncesto\u00bb, a\u00f1adi\u00f3 Baldi.<\/p>\n","protected":false},"excerpt":{"rendered":"<p>Berl\u00edn, 29 sep (dpa) &#8211; El ministro alem\u00e1n de Interior, Horst Seehofer, propuso la creaci\u00f3n de grupos mixtos de porristas de baloncesto despu\u00e9s de que el club Alba Berl\u00edn renunciase a sus animadoras por considerarlas un anacronismo. \u00abSi su composici\u00f3n \u00fanicamente con mujeres ya no es considerada acorde a estos tiempos, podr\u00edamos modificarlo\u00bb, dijo el<\/p>\n","protected":false},"author":1,"featured_media":130595,"comment_status":"closed","ping_status":"closed","sticky":false,"template":"","format":"standard","meta":{"footnotes":""},"categories":[319],"tags":[],"class_list":{"0":"post-130594","1":"post","2":"type-post","3":"status-publish","4":"format-standard","5":"has-post-thumbnail","7":"category-deporte"},"aioseo_notices":[],"aioseo_head":"\n\t\t<!-- All in One SEO Pro 4.9.6.2 - aioseo.com -->\n\t<meta name=\"description\" content=\"Berl\u00edn, 29 sep (dpa) - El ministro alem\u00e1n de Interior, Horst Seehofer, propuso la creaci\u00f3n de grupos mixtos de porristas de baloncesto despu\u00e9s de que el club Alba Berl\u00edn renunciase a sus animadoras por considerarlas un anacronismo. &quot;Si su composici\u00f3n \u00fanicamente con mujeres ya no es considerada acorde a estos tiempos, podr\u00edamos modificarlo&quot;, dijo el\" \/>\n\t<meta name=\"robots\" content=\"max-image-preview:large\" \/>\n\t<meta name=\"author\" content=\"Cand\u00e1s 365\"\/>\n\t<meta name=\"google-site-verification\" content=\"UA-32230408-1\" \/>\n\t<meta name=\"msvalidate.01\" content=\"354F3CDFB2DA171B47FBE9ABF1F88D5\" \/>\n\t<meta name=\"keywords\" content=\"deporte\" \/>\n\t<link rel=\"canonical\" href=\"https:\/\/candas365.es\/noticias\/ministro-aleman-propone-grupos-mixtos-de-porristas-de-baloncesto\/\" \/>\n\t<meta name=\"generator\" content=\"All in One SEO Pro (AIOSEO) 4.9.6.2\" \/>\n\t\t<meta property=\"og:locale\" content=\"es_ES\" \/>\n\t\t<meta property=\"og:site_name\" content=\"Cand\u00e1s 365\" \/>\n\t\t<meta property=\"og:type\" content=\"article\" \/>\n\t\t<meta property=\"og:title\" content=\"Ministro alem\u00e1n propone grupos mixtos de porristas de baloncesto | Cand\u00e1s 365\" \/>\n\t\t<meta property=\"og:description\" content=\"Berl\u00edn, 29 sep (dpa) - El ministro alem\u00e1n de Interior, Horst Seehofer, propuso la creaci\u00f3n de grupos mixtos de porristas de baloncesto despu\u00e9s de que el club Alba Berl\u00edn renunciase a sus animadoras por considerarlas un anacronismo. &quot;Si su composici\u00f3n \u00fanicamente con mujeres ya no es considerada acorde a estos tiempos, podr\u00edamos modificarlo&quot;, dijo el\" \/>\n\t\t<meta property=\"og:url\" content=\"https:\/\/candas365.es\/noticias\/ministro-aleman-propone-grupos-mixtos-de-porristas-de-baloncesto\/\" \/>\n\t\t<meta property=\"og:image\" content=\"https:\/\/candas365.es\/noticias\/wp-content\/uploads\/2019\/09\/porristas-de-baloncesto.jpg\" \/>\n\t\t<meta property=\"og:image:secure_url\" content=\"https:\/\/candas365.es\/noticias\/wp-content\/uploads\/2019\/09\/porristas-de-baloncesto.jpg\" \/>\n\t\t<meta property=\"og:image:width\" content=\"1040\" \/>\n\t\t<meta property=\"og:image:height\" content=\"662\" \/>\n\t\t<meta property=\"article:published_time\" content=\"2019-09-29T18:46:54+00:00\" \/>\n\t\t<meta property=\"article:modified_time\" content=\"2019-09-29T18:46:54+00:00\" \/>\n\t\t<meta property=\"article:publisher\" content=\"https:\/\/www.facebook.com\/Nachofdezber\" \/>\n\t\t<meta property=\"article:author\" content=\"https:\/\/www.facebook.com\/carrenoactualidad\" \/>\n\t\t<meta name=\"twitter:card\" content=\"summary_large_image\" \/>\n\t\t<meta name=\"twitter:site\" content=\"@NabercoDigital\" \/>\n\t\t<meta name=\"twitter:title\" content=\"Ministro alem\u00e1n propone grupos mixtos de porristas de baloncesto | Cand\u00e1s 365\" \/>\n\t\t<meta name=\"twitter:description\" content=\"Berl\u00edn, 29 sep (dpa) - El ministro alem\u00e1n de Interior, Horst Seehofer, propuso la creaci\u00f3n de grupos mixtos de porristas de baloncesto despu\u00e9s de que el club Alba Berl\u00edn renunciase a sus animadoras por considerarlas un anacronismo. &quot;Si su composici\u00f3n \u00fanicamente con mujeres ya no es considerada acorde a estos tiempos, podr\u00edamos modificarlo&quot;, dijo el\" \/>\n\t\t<meta name=\"twitter:creator\" content=\"@nbasturias\" \/>\n\t\t<meta name=\"twitter:image\" content=\"https:\/\/candas365.es\/noticias\/wp-content\/uploads\/2019\/09\/porristas-de-baloncesto.jpg\" \/>\n\t\t<meta name=\"twitter:label1\" content=\"Escrito por\" \/>\n\t\t<meta name=\"twitter:data1\" content=\"Cand\u00e1s 365\" \/>\n\t\t<meta name=\"twitter:label2\" content=\"Tiempo de lectura estimado\" \/>\n\t\t<meta name=\"twitter:data2\" content=\"1 minuto\" \/>\n\t\t<script type=\"application\/ld+json\" class=\"aioseo-schema\">\n\t\t\t{\"@context\":\"https:\\\/\\\/schema.org\",\"@graph\":[{\"@type\":\"BreadcrumbList\",\"@id\":\"https:\\\/\\\/candas365.es\\\/noticias\\\/ministro-aleman-propone-grupos-mixtos-de-porristas-de-baloncesto\\\/#breadcrumblist\",\"itemListElement\":[{\"@type\":\"ListItem\",\"@id\":\"https:\\\/\\\/candas365.es\\\/noticias#listItem\",\"position\":1,\"name\":\"Home\",\"item\":\"https:\\\/\\\/candas365.es\\\/noticias\",\"nextItem\":{\"@type\":\"ListItem\",\"@id\":\"https:\\\/\\\/candas365.es\\\/noticias\\\/category\\\/deporte\\\/#listItem\",\"name\":\"Deporte\"}},{\"@type\":\"ListItem\",\"@id\":\"https:\\\/\\\/candas365.es\\\/noticias\\\/category\\\/deporte\\\/#listItem\",\"position\":2,\"name\":\"Deporte\",\"item\":\"https:\\\/\\\/candas365.es\\\/noticias\\\/category\\\/deporte\\\/\",\"nextItem\":{\"@type\":\"ListItem\",\"@id\":\"https:\\\/\\\/candas365.es\\\/noticias\\\/ministro-aleman-propone-grupos-mixtos-de-porristas-de-baloncesto\\\/#listItem\",\"name\":\"Ministro alem\\u00e1n propone grupos mixtos de porristas de baloncesto\"},\"previousItem\":{\"@type\":\"ListItem\",\"@id\":\"https:\\\/\\\/candas365.es\\\/noticias#listItem\",\"name\":\"Home\"}},{\"@type\":\"ListItem\",\"@id\":\"https:\\\/\\\/candas365.es\\\/noticias\\\/ministro-aleman-propone-grupos-mixtos-de-porristas-de-baloncesto\\\/#listItem\",\"position\":3,\"name\":\"Ministro alem\\u00e1n propone grupos mixtos de porristas de baloncesto\",\"previousItem\":{\"@type\":\"ListItem\",\"@id\":\"https:\\\/\\\/candas365.es\\\/noticias\\\/category\\\/deporte\\\/#listItem\",\"name\":\"Deporte\"}}]},{\"@type\":\"NewsArticle\",\"@id\":\"https:\\\/\\\/candas365.es\\\/noticias\\\/ministro-aleman-propone-grupos-mixtos-de-porristas-de-baloncesto\\\/#newsarticle\",\"name\":\"Ministro alem\\u00e1n propone grupos mixtos de porristas de baloncesto | Cand\\u00e1s 365\",\"headline\":\"Ministro alem\\u00e1n propone grupos mixtos de porristas de baloncesto\",\"author\":{\"@id\":\"https:\\\/\\\/candas365.es\\\/noticias\\\/author\\\/admin\\\/#author\"},\"publisher\":{\"@id\":\"https:\\\/\\\/candas365.es\\\/noticias\\\/#organization\"},\"image\":{\"@type\":\"ImageObject\",\"url\":\"https:\\\/\\\/candas365.es\\\/noticias\\\/wp-content\\\/uploads\\\/2019\\\/09\\\/porristas-de-baloncesto.jpg\",\"width\":1040,\"height\":662,\"caption\":\"Animadoras del Alba Berl\\u00edn de baloncesto. Foto: Hendrik Schmidt\\\/dpa-Zentralbild\\\/dpa\"},\"datePublished\":\"2019-09-29T18:46:54+02:00\",\"dateModified\":\"2019-09-29T18:46:54+02:00\",\"inLanguage\":\"es-ES\",\"mainEntityOfPage\":{\"@id\":\"https:\\\/\\\/candas365.es\\\/noticias\\\/ministro-aleman-propone-grupos-mixtos-de-porristas-de-baloncesto\\\/#webpage\"},\"isPartOf\":{\"@id\":\"https:\\\/\\\/candas365.es\\\/noticias\\\/ministro-aleman-propone-grupos-mixtos-de-porristas-de-baloncesto\\\/#webpage\"},\"articleSection\":\"Deporte\",\"dateline\":\"Publicado el septiembre 29, 2019.\"},{\"@type\":\"Organization\",\"@id\":\"https:\\\/\\\/candas365.es\\\/noticias\\\/#organization\",\"name\":\"Cand\\u00e1s 365\",\"description\":\"Cand\\u00e1s 365 es un diario digital independiente, fundado en 2012, con base en Asturias. Informamos con rigor sobre actualidad, sociedad, cultura y ocio, con una mirada local y global.\",\"url\":\"https:\\\/\\\/candas365.es\\\/noticias\\\/\",\"email\":\"info@candas365.es\",\"telephone\":\"+34652131393\",\"foundingDate\":\"2012-06-10\",\"logo\":{\"@type\":\"ImageObject\",\"url\":\"https:\\\/\\\/candas365.es\\\/noticias\\\/wp-content\\\/uploads\\\/2024\\\/09\\\/Candas-365-Redes.jpg\",\"@id\":\"https:\\\/\\\/candas365.es\\\/noticias\\\/ministro-aleman-propone-grupos-mixtos-de-porristas-de-baloncesto\\\/#organizationLogo\",\"width\":1152,\"height\":864,\"caption\":\"Cand\\u00e1s 365 Redes\"},\"image\":{\"@id\":\"https:\\\/\\\/candas365.es\\\/noticias\\\/ministro-aleman-propone-grupos-mixtos-de-porristas-de-baloncesto\\\/#organizationLogo\"},\"sameAs\":[\"https:\\\/\\\/www.facebook.com\\\/Nachofdezber\",\"https:\\\/\\\/x.com\\\/NabercoDigital\",\"https:\\\/\\\/www.instagram.com\\\/nachofdezber\\\/\",\"https:\\\/\\\/www.youtube.com\\\/channel\\\/UCZP-2wLEB9Rv6erhFmqVnvg\"],\"address\":{\"@id\":\"https:\\\/\\\/candas365.es\\\/noticias\\\/#postaladdress\",\"@type\":\"PostalAddress\",\"streetAddress\":\"san antonio 4, san antonio 4\",\"postalCode\":\"33430\",\"addressLocality\":\"Cand\\u00e1s\",\"addressRegion\":\"Asturias\",\"addressCountry\":\"ES\"}},{\"@type\":\"Person\",\"@id\":\"https:\\\/\\\/candas365.es\\\/noticias\\\/author\\\/admin\\\/#author\",\"url\":\"https:\\\/\\\/candas365.es\\\/noticias\\\/author\\\/admin\\\/\",\"name\":\"Cand\\u00e1s 365\",\"image\":{\"@type\":\"ImageObject\",\"@id\":\"https:\\\/\\\/candas365.es\\\/noticias\\\/ministro-aleman-propone-grupos-mixtos-de-porristas-de-baloncesto\\\/#authorImage\",\"url\":\"https:\\\/\\\/secure.gravatar.com\\\/avatar\\\/496a8e03d0c493ede1718b7934145dbdf8d89be1036b0eec9544e1094c9de390?s=96&d=mm&r=g\",\"width\":96,\"height\":96,\"caption\":\"Cand\\u00e1s 365\"},\"sameAs\":[\"https:\\\/\\\/www.facebook.com\\\/carrenoactualidad\",\"https:\\\/\\\/twitter.com\\\/nbasturias\",\"https:\\\/\\\/www.instagram.com\\\/nachofdezber\\\/\",\"https:\\\/\\\/www.youtube.com\\\/channel\\\/UCZP-2wLEB9Rv6erhFmqVnvg\"]},{\"@type\":\"WebPage\",\"@id\":\"https:\\\/\\\/candas365.es\\\/noticias\\\/ministro-aleman-propone-grupos-mixtos-de-porristas-de-baloncesto\\\/#webpage\",\"url\":\"https:\\\/\\\/candas365.es\\\/noticias\\\/ministro-aleman-propone-grupos-mixtos-de-porristas-de-baloncesto\\\/\",\"name\":\"Ministro alem\\u00e1n propone grupos mixtos de porristas de baloncesto | Cand\\u00e1s 365\",\"description\":\"Berl\\u00edn, 29 sep (dpa) - El ministro alem\\u00e1n de Interior, Horst Seehofer, propuso la creaci\\u00f3n de grupos mixtos de porristas de baloncesto despu\\u00e9s de que el club Alba Berl\\u00edn renunciase a sus animadoras por considerarlas un anacronismo. \\\"Si su composici\\u00f3n \\u00fanicamente con mujeres ya no es considerada acorde a estos tiempos, podr\\u00edamos modificarlo\\\", dijo el\",\"inLanguage\":\"es-ES\",\"isPartOf\":{\"@id\":\"https:\\\/\\\/candas365.es\\\/noticias\\\/#website\"},\"breadcrumb\":{\"@id\":\"https:\\\/\\\/candas365.es\\\/noticias\\\/ministro-aleman-propone-grupos-mixtos-de-porristas-de-baloncesto\\\/#breadcrumblist\"},\"author\":{\"@id\":\"https:\\\/\\\/candas365.es\\\/noticias\\\/author\\\/admin\\\/#author\"},\"creator\":{\"@id\":\"https:\\\/\\\/candas365.es\\\/noticias\\\/author\\\/admin\\\/#author\"},\"image\":{\"@type\":\"ImageObject\",\"url\":\"https:\\\/\\\/candas365.es\\\/noticias\\\/wp-content\\\/uploads\\\/2019\\\/09\\\/porristas-de-baloncesto.jpg\",\"@id\":\"https:\\\/\\\/candas365.es\\\/noticias\\\/ministro-aleman-propone-grupos-mixtos-de-porristas-de-baloncesto\\\/#mainImage\",\"width\":1040,\"height\":662,\"caption\":\"Animadoras del Alba Berl\\u00edn de baloncesto. Foto: Hendrik Schmidt\\\/dpa-Zentralbild\\\/dpa\"},\"primaryImageOfPage\":{\"@id\":\"https:\\\/\\\/candas365.es\\\/noticias\\\/ministro-aleman-propone-grupos-mixtos-de-porristas-de-baloncesto\\\/#mainImage\"},\"datePublished\":\"2019-09-29T18:46:54+02:00\",\"dateModified\":\"2019-09-29T18:46:54+02:00\"},{\"@type\":\"WebSite\",\"@id\":\"https:\\\/\\\/candas365.es\\\/noticias\\\/#website\",\"url\":\"https:\\\/\\\/candas365.es\\\/noticias\\\/\",\"name\":\"Cand\\u00e1s 365\",\"alternateName\":\"Cand\\u00e1s 365 Noticias\",\"description\":\"Actualidad desde Carre\\u00f1o para el mundo\",\"inLanguage\":\"es-ES\",\"publisher\":{\"@id\":\"https:\\\/\\\/candas365.es\\\/noticias\\\/#organization\"}}]}\n\t\t<\/script>\n\t\t<!-- All in One SEO Pro -->\r\n\t\t<title>Ministro alem\u00e1n propone grupos mixtos de porristas de baloncesto | Cand\u00e1s 365<\/title>\n\n","aioseo_head_json":{"title":"Ministro alem\u00e1n propone grupos mixtos de porristas de baloncesto | Cand\u00e1s 365","description":"Berl\u00edn, 29 sep (dpa) - El ministro alem\u00e1n de Interior, Horst Seehofer, propuso la creaci\u00f3n de grupos mixtos de porristas de baloncesto despu\u00e9s de que el club Alba Berl\u00edn renunciase a sus animadoras por considerarlas un anacronismo. \"Si su composici\u00f3n \u00fanicamente con mujeres ya no es considerada acorde a estos tiempos, podr\u00edamos modificarlo\", dijo el","canonical_url":"https:\/\/candas365.es\/noticias\/ministro-aleman-propone-grupos-mixtos-de-porristas-de-baloncesto\/","robots":"max-image-preview:large","keywords":"deporte","webmasterTools":{"google-site-verification":"UA-32230408-1","msvalidate.01":"354F3CDFB2DA171B47FBE9ABF1F88D5","miscellaneous":""},"schema":{"@context":"https:\/\/schema.org","@graph":[{"@type":"BreadcrumbList","@id":"https:\/\/candas365.es\/noticias\/ministro-aleman-propone-grupos-mixtos-de-porristas-de-baloncesto\/#breadcrumblist","itemListElement":[{"@type":"ListItem","@id":"https:\/\/candas365.es\/noticias#listItem","position":1,"name":"Home","item":"https:\/\/candas365.es\/noticias","nextItem":{"@type":"ListItem","@id":"https:\/\/candas365.es\/noticias\/category\/deporte\/#listItem","name":"Deporte"}},{"@type":"ListItem","@id":"https:\/\/candas365.es\/noticias\/category\/deporte\/#listItem","position":2,"name":"Deporte","item":"https:\/\/candas365.es\/noticias\/category\/deporte\/","nextItem":{"@type":"ListItem","@id":"https:\/\/candas365.es\/noticias\/ministro-aleman-propone-grupos-mixtos-de-porristas-de-baloncesto\/#listItem","name":"Ministro alem\u00e1n propone grupos mixtos de porristas de baloncesto"},"previousItem":{"@type":"ListItem","@id":"https:\/\/candas365.es\/noticias#listItem","name":"Home"}},{"@type":"ListItem","@id":"https:\/\/candas365.es\/noticias\/ministro-aleman-propone-grupos-mixtos-de-porristas-de-baloncesto\/#listItem","position":3,"name":"Ministro alem\u00e1n propone grupos mixtos de porristas de baloncesto","previousItem":{"@type":"ListItem","@id":"https:\/\/candas365.es\/noticias\/category\/deporte\/#listItem","name":"Deporte"}}]},{"@type":"NewsArticle","@id":"https:\/\/candas365.es\/noticias\/ministro-aleman-propone-grupos-mixtos-de-porristas-de-baloncesto\/#newsarticle","name":"Ministro alem\u00e1n propone grupos mixtos de porristas de baloncesto | Cand\u00e1s 365","headline":"Ministro alem\u00e1n propone grupos mixtos de porristas de baloncesto","author":{"@id":"https:\/\/candas365.es\/noticias\/author\/admin\/#author"},"publisher":{"@id":"https:\/\/candas365.es\/noticias\/#organization"},"image":{"@type":"ImageObject","url":"https:\/\/candas365.es\/noticias\/wp-content\/uploads\/2019\/09\/porristas-de-baloncesto.jpg","width":1040,"height":662,"caption":"Animadoras del Alba Berl\u00edn de baloncesto. Foto: Hendrik Schmidt\/dpa-Zentralbild\/dpa"},"datePublished":"2019-09-29T18:46:54+02:00","dateModified":"2019-09-29T18:46:54+02:00","inLanguage":"es-ES","mainEntityOfPage":{"@id":"https:\/\/candas365.es\/noticias\/ministro-aleman-propone-grupos-mixtos-de-porristas-de-baloncesto\/#webpage"},"isPartOf":{"@id":"https:\/\/candas365.es\/noticias\/ministro-aleman-propone-grupos-mixtos-de-porristas-de-baloncesto\/#webpage"},"articleSection":"Deporte","dateline":"Publicado el septiembre 29, 2019."},{"@type":"Organization","@id":"https:\/\/candas365.es\/noticias\/#organization","name":"Cand\u00e1s 365","description":"Cand\u00e1s 365 es un diario digital independiente, fundado en 2012, con base en Asturias. Informamos con rigor sobre actualidad, sociedad, cultura y ocio, con una mirada local y global.","url":"https:\/\/candas365.es\/noticias\/","email":"info@candas365.es","telephone":"+34652131393","foundingDate":"2012-06-10","logo":{"@type":"ImageObject","url":"https:\/\/candas365.es\/noticias\/wp-content\/uploads\/2024\/09\/Candas-365-Redes.jpg","@id":"https:\/\/candas365.es\/noticias\/ministro-aleman-propone-grupos-mixtos-de-porristas-de-baloncesto\/#organizationLogo","width":1152,"height":864,"caption":"Cand\u00e1s 365 Redes"},"image":{"@id":"https:\/\/candas365.es\/noticias\/ministro-aleman-propone-grupos-mixtos-de-porristas-de-baloncesto\/#organizationLogo"},"sameAs":["https:\/\/www.facebook.com\/Nachofdezber","https:\/\/x.com\/NabercoDigital","https:\/\/www.instagram.com\/nachofdezber\/","https:\/\/www.youtube.com\/channel\/UCZP-2wLEB9Rv6erhFmqVnvg"],"address":{"@id":"https:\/\/candas365.es\/noticias\/#postaladdress","@type":"PostalAddress","streetAddress":"san antonio 4, san antonio 4","postalCode":"33430","addressLocality":"Cand\u00e1s","addressRegion":"Asturias","addressCountry":"ES"}},{"@type":"Person","@id":"https:\/\/candas365.es\/noticias\/author\/admin\/#author","url":"https:\/\/candas365.es\/noticias\/author\/admin\/","name":"Cand\u00e1s 365","image":{"@type":"ImageObject","@id":"https:\/\/candas365.es\/noticias\/ministro-aleman-propone-grupos-mixtos-de-porristas-de-baloncesto\/#authorImage","url":"https:\/\/secure.gravatar.com\/avatar\/496a8e03d0c493ede1718b7934145dbdf8d89be1036b0eec9544e1094c9de390?s=96&d=mm&r=g","width":96,"height":96,"caption":"Cand\u00e1s 365"},"sameAs":["https:\/\/www.facebook.com\/carrenoactualidad","https:\/\/twitter.com\/nbasturias","https:\/\/www.instagram.com\/nachofdezber\/","https:\/\/www.youtube.com\/channel\/UCZP-2wLEB9Rv6erhFmqVnvg"]},{"@type":"WebPage","@id":"https:\/\/candas365.es\/noticias\/ministro-aleman-propone-grupos-mixtos-de-porristas-de-baloncesto\/#webpage","url":"https:\/\/candas365.es\/noticias\/ministro-aleman-propone-grupos-mixtos-de-porristas-de-baloncesto\/","name":"Ministro alem\u00e1n propone grupos mixtos de porristas de baloncesto | Cand\u00e1s 365","description":"Berl\u00edn, 29 sep (dpa) - El ministro alem\u00e1n de Interior, Horst Seehofer, propuso la creaci\u00f3n de grupos mixtos de porristas de baloncesto despu\u00e9s de que el club Alba Berl\u00edn renunciase a sus animadoras por considerarlas un anacronismo. \"Si su composici\u00f3n \u00fanicamente con mujeres ya no es considerada acorde a estos tiempos, podr\u00edamos modificarlo\", dijo el","inLanguage":"es-ES","isPartOf":{"@id":"https:\/\/candas365.es\/noticias\/#website"},"breadcrumb":{"@id":"https:\/\/candas365.es\/noticias\/ministro-aleman-propone-grupos-mixtos-de-porristas-de-baloncesto\/#breadcrumblist"},"author":{"@id":"https:\/\/candas365.es\/noticias\/author\/admin\/#author"},"creator":{"@id":"https:\/\/candas365.es\/noticias\/author\/admin\/#author"},"image":{"@type":"ImageObject","url":"https:\/\/candas365.es\/noticias\/wp-content\/uploads\/2019\/09\/porristas-de-baloncesto.jpg","@id":"https:\/\/candas365.es\/noticias\/ministro-aleman-propone-grupos-mixtos-de-porristas-de-baloncesto\/#mainImage","width":1040,"height":662,"caption":"Animadoras del Alba Berl\u00edn de baloncesto. Foto: Hendrik Schmidt\/dpa-Zentralbild\/dpa"},"primaryImageOfPage":{"@id":"https:\/\/candas365.es\/noticias\/ministro-aleman-propone-grupos-mixtos-de-porristas-de-baloncesto\/#mainImage"},"datePublished":"2019-09-29T18:46:54+02:00","dateModified":"2019-09-29T18:46:54+02:00"},{"@type":"WebSite","@id":"https:\/\/candas365.es\/noticias\/#website","url":"https:\/\/candas365.es\/noticias\/","name":"Cand\u00e1s 365","alternateName":"Cand\u00e1s 365 Noticias","description":"Actualidad desde Carre\u00f1o para el mundo","inLanguage":"es-ES","publisher":{"@id":"https:\/\/candas365.es\/noticias\/#organization"}}]},"og:locale":"es_ES","og:site_name":"Cand\u00e1s 365","og:type":"article","og:title":"Ministro alem\u00e1n propone grupos mixtos de porristas de baloncesto | Cand\u00e1s 365","og:description":"Berl\u00edn, 29 sep (dpa) - El ministro alem\u00e1n de Interior, Horst Seehofer, propuso la creaci\u00f3n de grupos mixtos de porristas de baloncesto despu\u00e9s de que el club Alba Berl\u00edn renunciase a sus animadoras por considerarlas un anacronismo. &quot;Si su composici\u00f3n \u00fanicamente con mujeres ya no es considerada acorde a estos tiempos, podr\u00edamos modificarlo&quot;, dijo el","og:url":"https:\/\/candas365.es\/noticias\/ministro-aleman-propone-grupos-mixtos-de-porristas-de-baloncesto\/","og:image":"https:\/\/candas365.es\/noticias\/wp-content\/uploads\/2019\/09\/porristas-de-baloncesto.jpg","og:image:secure_url":"https:\/\/candas365.es\/noticias\/wp-content\/uploads\/2019\/09\/porristas-de-baloncesto.jpg","og:image:width":1040,"og:image:height":662,"article:published_time":"2019-09-29T18:46:54+00:00","article:modified_time":"2019-09-29T18:46:54+00:00","article:publisher":"https:\/\/www.facebook.com\/Nachofdezber","article:author":"https:\/\/www.facebook.com\/carrenoactualidad","twitter:card":"summary_large_image","twitter:site":"@NabercoDigital","twitter:title":"Ministro alem\u00e1n propone grupos mixtos de porristas de baloncesto | Cand\u00e1s 365","twitter:description":"Berl\u00edn, 29 sep (dpa) - El ministro alem\u00e1n de Interior, Horst Seehofer, propuso la creaci\u00f3n de grupos mixtos de porristas de baloncesto despu\u00e9s de que el club Alba Berl\u00edn renunciase a sus animadoras por considerarlas un anacronismo. &quot;Si su composici\u00f3n \u00fanicamente con mujeres ya no es considerada acorde a estos tiempos, podr\u00edamos modificarlo&quot;, dijo el","twitter:creator":"@nbasturias","twitter:image":"https:\/\/candas365.es\/noticias\/wp-content\/uploads\/2019\/09\/porristas-de-baloncesto.jpg","twitter:label1":"Escrito por","twitter:data1":"Cand\u00e1s 365","twitter:label2":"Tiempo de lectura estimado","twitter:data2":"1 minuto"},"aioseo_meta_data":{"post_id":"130594","title":null,"description":null,"keywords":null,"keyphrases":null,"primary_term":null,"canonical_url":null,"og_title":null,"og_description":null,"og_object_type":"default","og_image_type":"default","og_image_url":null,"og_image_width":null,"og_image_height":null,"og_image_custom_url":null,"og_image_custom_fields":null,"og_video":null,"og_custom_url":null,"og_article_section":null,"og_article_tags":null,"twitter_use_og":false,"twitter_card":"default","twitter_image_type":"default","twitter_image_url":null,"twitter_image_custom_url":null,"twitter_image_custom_fields":null,"twitter_title":null,"twitter_description":null,"schema":{"blockGraphs":[],"customGraphs":[],"default":{"data":{"Article":[],"Course":[],"Dataset":[],"FAQPage":[],"Movie":[],"Person":[],"Product":[],"ProductReview":[],"Car":[],"Recipe":[],"Service":[],"SoftwareApplication":[],"WebPage":[]},"graphName":"","isEnabled":true},"graphs":[],"defaultGraph":"","defaultPostTypeGraph":""},"schema_type":null,"schema_type_options":null,"pillar_content":false,"robots_default":true,"robots_noindex":false,"robots_noarchive":false,"robots_nosnippet":false,"robots_nofollow":false,"robots_noimageindex":false,"robots_noodp":false,"robots_notranslate":false,"robots_max_snippet":null,"robots_max_videopreview":null,"robots_max_imagepreview":"large","priority":null,"frequency":null,"location":null,"local_seo":null,"seo_analyzer_scan_date":"2025-08-30 14:33:22","breadcrumb_settings":null,"limit_modified_date":false,"reviewed_by":null,"open_ai":null,"ai":null,"created":"2020-12-21 10:52:12","updated":"2025-08-30 14:33:22"},"aioseo_breadcrumb":"<div class=\"aioseo-breadcrumbs\"><span class=\"aioseo-breadcrumb\">\n\t<a href=\"https:\/\/candas365.es\/noticias\" title=\"Home\">Home<\/a>\n<\/span><span class=\"aioseo-breadcrumb-separator\">&ndash;<\/span><span class=\"aioseo-breadcrumb\">\n\t<a href=\"https:\/\/candas365.es\/noticias\/category\/deporte\/\" title=\"Deporte\">Deporte<\/a>\n<\/span><span class=\"aioseo-breadcrumb-separator\">&ndash;<\/span><span class=\"aioseo-breadcrumb\">\n\tMinistro alem\u00e1n propone grupos mixtos de porristas de baloncesto\n<\/span><\/div>","aioseo_breadcrumb_json":[{"label":"Home","link":"https:\/\/candas365.es\/noticias"},{"label":"Deporte","link":"https:\/\/candas365.es\/noticias\/category\/deporte\/"},{"label":"Ministro alem\u00e1n propone grupos mixtos de porristas de baloncesto","link":"https:\/\/candas365.es\/noticias\/ministro-aleman-propone-grupos-mixtos-de-porristas-de-baloncesto\/"}],"_links":{"self":[{"href":"https:\/\/candas365.es\/noticias\/wp-json\/wp\/v2\/posts\/130594","targetHints":{"allow":["GET"]}}],"collection":[{"href":"https:\/\/candas365.es\/noticias\/wp-json\/wp\/v2\/posts"}],"about":[{"href":"https:\/\/candas365.es\/noticias\/wp-json\/wp\/v2\/types\/post"}],"author":[{"embeddable":true,"href":"https:\/\/candas365.es\/noticias\/wp-json\/wp\/v2\/users\/1"}],"replies":[{"embeddable":true,"href":"https:\/\/candas365.es\/noticias\/wp-json\/wp\/v2\/comments?post=130594"}],"version-history":[{"count":0,"href":"https:\/\/candas365.es\/noticias\/wp-json\/wp\/v2\/posts\/130594\/revisions"}],"wp:featuredmedia":[{"embeddable":true,"href":"https:\/\/candas365.es\/noticias\/wp-json\/wp\/v2\/media\/130595"}],"wp:attachment":[{"href":"https:\/\/candas365.es\/noticias\/wp-json\/wp\/v2\/media?parent=130594"}],"wp:term":[{"taxonomy":"category","embeddable":true,"href":"https:\/\/candas365.es\/noticias\/wp-json\/wp\/v2\/categories?post=130594"},{"taxonomy":"post_tag","embeddable":true,"href":"https:\/\/candas365.es\/noticias\/wp-json\/wp\/v2\/tags?post=130594"}],"curies":[{"name":"wp","href":"https:\/\/api.w.org\/{rel}","templated":true}]}}