{"id":130589,"date":"2019-09-29T18:28:54","date_gmt":"2019-09-29T18:28:54","guid":{"rendered":"http:\/\/candas365.es\/noticias\/?p=130589"},"modified":"2019-09-29T18:28:54","modified_gmt":"2019-09-29T18:28:54","slug":"kenenisa-bekele-gana-el-maraton-de-berlin","status":"publish","type":"post","link":"https:\/\/candas365.es\/noticias\/kenenisa-bekele-gana-el-maraton-de-berlin\/","title":{"rendered":"Kenenisa Bekele gana el marat\u00f3n de Berl\u00edn"},"content":{"rendered":"<figure id=\"attachment_130590\" aria-describedby=\"caption-attachment-130590\" style=\"width: 360px\" class=\"wp-caption alignleft\"><img fetchpriority=\"high\" decoding=\"async\" class=\"size-medium wp-image-130590\" src=\"https:\/\/candas365.es\/noticias\/wp-content\/uploads\/2019\/09\/Kenenisa-Bekele-360x243.jpg\" alt=\"\" width=\"360\" height=\"243\" srcset=\"https:\/\/candas365.es\/noticias\/wp-content\/uploads\/2019\/09\/Kenenisa-Bekele-360x243.jpg 360w, https:\/\/candas365.es\/noticias\/wp-content\/uploads\/2019\/09\/Kenenisa-Bekele-768x517.jpg 768w, https:\/\/candas365.es\/noticias\/wp-content\/uploads\/2019\/09\/Kenenisa-Bekele-655x441.jpg 655w, https:\/\/candas365.es\/noticias\/wp-content\/uploads\/2019\/09\/Kenenisa-Bekele-696x469.jpg 696w, https:\/\/candas365.es\/noticias\/wp-content\/uploads\/2019\/09\/Kenenisa-Bekele-623x420.jpg 623w, https:\/\/candas365.es\/noticias\/wp-content\/uploads\/2019\/09\/Kenenisa-Bekele.jpg 1005w\" sizes=\"(max-width: 360px) 100vw, 360px\" \/><figcaption id=\"caption-attachment-130590\" class=\"wp-caption-text\">El et\u00edope Kenenisa Bekele se adjudic\u00f3 hoy el marat\u00f3n de Berl\u00edn. Foto: Christoph Soeder\/dpa<\/figcaption><\/figure>\n<p>Berl\u00edn, 29 sep(dpa) &#8211; El et\u00edope Kenenisa Bekele gan\u00f3 hoy la 46 edici\u00f3n del marat\u00f3n de Berl\u00edn y estuvo a punto de batir el r\u00e9cord mundial.<\/p>\n<p>El corredor de 37 a\u00f1os qued\u00f3 a s\u00f3lo dos segundos de la plusmarca actual, con un tiempo de 2:01:41 horas. El tambi\u00e9n et\u00edope Birhanu Legese fue segundo y su compatriota Sisay Lemma qued\u00f3 tercero.<\/p>\n<p>La carrera femenina tambi\u00e9n se la adjudic\u00f3 una dupla et\u00edope. Ashete Bekere lleg\u00f3 primera, con un crono de 2:20:14 horas, seguida de su connacional Mare Dibaba, siete segundos m\u00e1s lenta. En tercer lugar se ubic\u00f3 la keniana Sally Chepyego, con un tiempo de 2:21:06 horas.<\/p>\n<p>La defensora del t\u00edtulo, la keniana Gladys Cherono, abandon\u00f3 la carrera despu\u00e9s de 32 kil\u00f3metros.<\/p>\n<p>Bekele sorprendi\u00f3 al anunciar este mes su participaci\u00f3n en la carrera de Berl\u00edn. El m\u00faltiple campe\u00f3n ol\u00edmpico, de atletismo y cross es ampliamente reconocido como uno de los mejores corredores de todos los tiempos, pero ha tenido que lidiar con lesiones y baja forma en los \u00faltimos a\u00f1os.<\/p>\n<p>El marat\u00f3n qued\u00f3 hu\u00e9rfano de algunos de los nombres m\u00e1s importantes porque tuvo lugar en medio de los campeonatos mundiales de atletismo en Doha. Eliud Kipchoge, que el a\u00f1o pasado estableci\u00f3 el r\u00e9cord mundial masculino de 2:01:39 horas en Berl\u00edn, tambi\u00e9n estuvo ausente debido a que participar\u00e1 en una carrera en Viena el pr\u00f3ximo mes.<\/p>\n","protected":false},"excerpt":{"rendered":"<p>Berl\u00edn, 29 sep(dpa) &#8211; El et\u00edope Kenenisa Bekele gan\u00f3 hoy la 46 edici\u00f3n del marat\u00f3n de Berl\u00edn y estuvo a punto de batir el r\u00e9cord mundial. El corredor de 37 a\u00f1os qued\u00f3 a s\u00f3lo dos segundos de la plusmarca actual, con un tiempo de 2:01:41 horas. El tambi\u00e9n et\u00edope Birhanu Legese fue segundo y su<\/p>\n","protected":false},"author":1,"featured_media":130590,"comment_status":"closed","ping_status":"closed","sticky":false,"template":"","format":"standard","meta":{"footnotes":""},"categories":[319],"tags":[],"class_list":{"0":"post-130589","1":"post","2":"type-post","3":"status-publish","4":"format-standard","5":"has-post-thumbnail","7":"category-deporte"},"aioseo_notices":[],"aioseo_head":"\n\t\t<!-- All in One SEO Pro 4.9.6.2 - aioseo.com -->\n\t<meta name=\"description\" content=\"Berl\u00edn, 29 sep(dpa) - El et\u00edope Kenenisa Bekele gan\u00f3 hoy la 46 edici\u00f3n del marat\u00f3n de Berl\u00edn y estuvo a punto de batir el r\u00e9cord mundial. El corredor de 37 a\u00f1os qued\u00f3 a s\u00f3lo dos segundos de la plusmarca actual, con un tiempo de 2:01:41 horas. El tambi\u00e9n et\u00edope Birhanu Legese fue segundo y su\" \/>\n\t<meta name=\"robots\" content=\"max-image-preview:large\" \/>\n\t<meta name=\"author\" content=\"Cand\u00e1s 365\"\/>\n\t<meta name=\"google-site-verification\" content=\"UA-32230408-1\" \/>\n\t<meta name=\"msvalidate.01\" content=\"354F3CDFB2DA171B47FBE9ABF1F88D5\" \/>\n\t<meta name=\"keywords\" content=\"deporte\" \/>\n\t<link rel=\"canonical\" href=\"https:\/\/candas365.es\/noticias\/kenenisa-bekele-gana-el-maraton-de-berlin\/\" \/>\n\t<meta name=\"generator\" content=\"All in One SEO Pro (AIOSEO) 4.9.6.2\" \/>\n\t\t<meta property=\"og:locale\" content=\"es_ES\" \/>\n\t\t<meta property=\"og:site_name\" content=\"Cand\u00e1s 365\" \/>\n\t\t<meta property=\"og:type\" content=\"article\" \/>\n\t\t<meta property=\"og:title\" content=\"Kenenisa Bekele gana el marat\u00f3n de Berl\u00edn | Cand\u00e1s 365\" \/>\n\t\t<meta property=\"og:description\" content=\"Berl\u00edn, 29 sep(dpa) - El et\u00edope Kenenisa Bekele gan\u00f3 hoy la 46 edici\u00f3n del marat\u00f3n de Berl\u00edn y estuvo a punto de batir el r\u00e9cord mundial. El corredor de 37 a\u00f1os qued\u00f3 a s\u00f3lo dos segundos de la plusmarca actual, con un tiempo de 2:01:41 horas. El tambi\u00e9n et\u00edope Birhanu Legese fue segundo y su\" \/>\n\t\t<meta property=\"og:url\" content=\"https:\/\/candas365.es\/noticias\/kenenisa-bekele-gana-el-maraton-de-berlin\/\" \/>\n\t\t<meta property=\"og:image\" content=\"https:\/\/candas365.es\/noticias\/wp-content\/uploads\/2019\/09\/Kenenisa-Bekele.jpg\" \/>\n\t\t<meta property=\"og:image:secure_url\" content=\"https:\/\/candas365.es\/noticias\/wp-content\/uploads\/2019\/09\/Kenenisa-Bekele.jpg\" \/>\n\t\t<meta property=\"og:image:width\" content=\"1005\" \/>\n\t\t<meta property=\"og:image:height\" content=\"677\" \/>\n\t\t<meta property=\"article:published_time\" content=\"2019-09-29T18:28:54+00:00\" \/>\n\t\t<meta property=\"article:modified_time\" content=\"2019-09-29T18:28:54+00:00\" \/>\n\t\t<meta property=\"article:publisher\" content=\"https:\/\/www.facebook.com\/Nachofdezber\" \/>\n\t\t<meta property=\"article:author\" content=\"https:\/\/www.facebook.com\/carrenoactualidad\" \/>\n\t\t<meta name=\"twitter:card\" content=\"summary_large_image\" \/>\n\t\t<meta name=\"twitter:site\" content=\"@NabercoDigital\" \/>\n\t\t<meta name=\"twitter:title\" content=\"Kenenisa Bekele gana el marat\u00f3n de Berl\u00edn | Cand\u00e1s 365\" \/>\n\t\t<meta name=\"twitter:description\" content=\"Berl\u00edn, 29 sep(dpa) - El et\u00edope Kenenisa Bekele gan\u00f3 hoy la 46 edici\u00f3n del marat\u00f3n de Berl\u00edn y estuvo a punto de batir el r\u00e9cord mundial. El corredor de 37 a\u00f1os qued\u00f3 a s\u00f3lo dos segundos de la plusmarca actual, con un tiempo de 2:01:41 horas. El tambi\u00e9n et\u00edope Birhanu Legese fue segundo y su\" \/>\n\t\t<meta name=\"twitter:creator\" content=\"@nbasturias\" \/>\n\t\t<meta name=\"twitter:image\" content=\"https:\/\/candas365.es\/noticias\/wp-content\/uploads\/2019\/09\/Kenenisa-Bekele.jpg\" \/>\n\t\t<meta name=\"twitter:label1\" content=\"Escrito por\" \/>\n\t\t<meta name=\"twitter:data1\" content=\"Cand\u00e1s 365\" \/>\n\t\t<meta name=\"twitter:label2\" content=\"Tiempo de lectura estimado\" \/>\n\t\t<meta name=\"twitter:data2\" content=\"1 minuto\" \/>\n\t\t<script type=\"application\/ld+json\" class=\"aioseo-schema\">\n\t\t\t{\"@context\":\"https:\\\/\\\/schema.org\",\"@graph\":[{\"@type\":\"BreadcrumbList\",\"@id\":\"https:\\\/\\\/candas365.es\\\/noticias\\\/kenenisa-bekele-gana-el-maraton-de-berlin\\\/#breadcrumblist\",\"itemListElement\":[{\"@type\":\"ListItem\",\"@id\":\"https:\\\/\\\/candas365.es\\\/noticias#listItem\",\"position\":1,\"name\":\"Home\",\"item\":\"https:\\\/\\\/candas365.es\\\/noticias\",\"nextItem\":{\"@type\":\"ListItem\",\"@id\":\"https:\\\/\\\/candas365.es\\\/noticias\\\/category\\\/deporte\\\/#listItem\",\"name\":\"Deporte\"}},{\"@type\":\"ListItem\",\"@id\":\"https:\\\/\\\/candas365.es\\\/noticias\\\/category\\\/deporte\\\/#listItem\",\"position\":2,\"name\":\"Deporte\",\"item\":\"https:\\\/\\\/candas365.es\\\/noticias\\\/category\\\/deporte\\\/\",\"nextItem\":{\"@type\":\"ListItem\",\"@id\":\"https:\\\/\\\/candas365.es\\\/noticias\\\/kenenisa-bekele-gana-el-maraton-de-berlin\\\/#listItem\",\"name\":\"Kenenisa Bekele gana el marat\\u00f3n de Berl\\u00edn\"},\"previousItem\":{\"@type\":\"ListItem\",\"@id\":\"https:\\\/\\\/candas365.es\\\/noticias#listItem\",\"name\":\"Home\"}},{\"@type\":\"ListItem\",\"@id\":\"https:\\\/\\\/candas365.es\\\/noticias\\\/kenenisa-bekele-gana-el-maraton-de-berlin\\\/#listItem\",\"position\":3,\"name\":\"Kenenisa Bekele gana el marat\\u00f3n de Berl\\u00edn\",\"previousItem\":{\"@type\":\"ListItem\",\"@id\":\"https:\\\/\\\/candas365.es\\\/noticias\\\/category\\\/deporte\\\/#listItem\",\"name\":\"Deporte\"}}]},{\"@type\":\"NewsArticle\",\"@id\":\"https:\\\/\\\/candas365.es\\\/noticias\\\/kenenisa-bekele-gana-el-maraton-de-berlin\\\/#newsarticle\",\"name\":\"Kenenisa Bekele gana el marat\\u00f3n de Berl\\u00edn | Cand\\u00e1s 365\",\"headline\":\"Kenenisa Bekele gana el marat\\u00f3n de Berl\\u00edn\",\"author\":{\"@id\":\"https:\\\/\\\/candas365.es\\\/noticias\\\/author\\\/admin\\\/#author\"},\"publisher\":{\"@id\":\"https:\\\/\\\/candas365.es\\\/noticias\\\/#organization\"},\"image\":{\"@type\":\"ImageObject\",\"url\":\"https:\\\/\\\/candas365.es\\\/noticias\\\/wp-content\\\/uploads\\\/2019\\\/09\\\/Kenenisa-Bekele.jpg\",\"width\":1005,\"height\":677,\"caption\":\"El et\\u00edope Kenenisa Bekele se adjudic\\u00f3 hoy el marat\\u00f3n de Berl\\u00edn. Foto: Christoph Soeder\\\/dpa\"},\"datePublished\":\"2019-09-29T18:28:54+02:00\",\"dateModified\":\"2019-09-29T18:28:54+02:00\",\"inLanguage\":\"es-ES\",\"mainEntityOfPage\":{\"@id\":\"https:\\\/\\\/candas365.es\\\/noticias\\\/kenenisa-bekele-gana-el-maraton-de-berlin\\\/#webpage\"},\"isPartOf\":{\"@id\":\"https:\\\/\\\/candas365.es\\\/noticias\\\/kenenisa-bekele-gana-el-maraton-de-berlin\\\/#webpage\"},\"articleSection\":\"Deporte\",\"dateline\":\"Publicado el septiembre 29, 2019.\"},{\"@type\":\"Organization\",\"@id\":\"https:\\\/\\\/candas365.es\\\/noticias\\\/#organization\",\"name\":\"Cand\\u00e1s 365\",\"description\":\"Cand\\u00e1s 365 es un diario digital independiente, fundado en 2012, con base en Asturias. Informamos con rigor sobre actualidad, sociedad, cultura y ocio, con una mirada local y global.\",\"url\":\"https:\\\/\\\/candas365.es\\\/noticias\\\/\",\"email\":\"info@candas365.es\",\"telephone\":\"+34652131393\",\"foundingDate\":\"2012-06-10\",\"logo\":{\"@type\":\"ImageObject\",\"url\":\"https:\\\/\\\/candas365.es\\\/noticias\\\/wp-content\\\/uploads\\\/2024\\\/09\\\/Candas-365-Redes.jpg\",\"@id\":\"https:\\\/\\\/candas365.es\\\/noticias\\\/kenenisa-bekele-gana-el-maraton-de-berlin\\\/#organizationLogo\",\"width\":1152,\"height\":864,\"caption\":\"Cand\\u00e1s 365 Redes\"},\"image\":{\"@id\":\"https:\\\/\\\/candas365.es\\\/noticias\\\/kenenisa-bekele-gana-el-maraton-de-berlin\\\/#organizationLogo\"},\"sameAs\":[\"https:\\\/\\\/www.facebook.com\\\/Nachofdezber\",\"https:\\\/\\\/x.com\\\/NabercoDigital\",\"https:\\\/\\\/www.instagram.com\\\/nachofdezber\\\/\",\"https:\\\/\\\/www.youtube.com\\\/channel\\\/UCZP-2wLEB9Rv6erhFmqVnvg\"],\"address\":{\"@id\":\"https:\\\/\\\/candas365.es\\\/noticias\\\/#postaladdress\",\"@type\":\"PostalAddress\",\"streetAddress\":\"san antonio 4, san antonio 4\",\"postalCode\":\"33430\",\"addressLocality\":\"Cand\\u00e1s\",\"addressRegion\":\"Asturias\",\"addressCountry\":\"ES\"}},{\"@type\":\"Person\",\"@id\":\"https:\\\/\\\/candas365.es\\\/noticias\\\/author\\\/admin\\\/#author\",\"url\":\"https:\\\/\\\/candas365.es\\\/noticias\\\/author\\\/admin\\\/\",\"name\":\"Cand\\u00e1s 365\",\"image\":{\"@type\":\"ImageObject\",\"@id\":\"https:\\\/\\\/candas365.es\\\/noticias\\\/kenenisa-bekele-gana-el-maraton-de-berlin\\\/#authorImage\",\"url\":\"https:\\\/\\\/secure.gravatar.com\\\/avatar\\\/496a8e03d0c493ede1718b7934145dbdf8d89be1036b0eec9544e1094c9de390?s=96&d=mm&r=g\",\"width\":96,\"height\":96,\"caption\":\"Cand\\u00e1s 365\"},\"sameAs\":[\"https:\\\/\\\/www.facebook.com\\\/carrenoactualidad\",\"https:\\\/\\\/twitter.com\\\/nbasturias\",\"https:\\\/\\\/www.instagram.com\\\/nachofdezber\\\/\",\"https:\\\/\\\/www.youtube.com\\\/channel\\\/UCZP-2wLEB9Rv6erhFmqVnvg\"]},{\"@type\":\"WebPage\",\"@id\":\"https:\\\/\\\/candas365.es\\\/noticias\\\/kenenisa-bekele-gana-el-maraton-de-berlin\\\/#webpage\",\"url\":\"https:\\\/\\\/candas365.es\\\/noticias\\\/kenenisa-bekele-gana-el-maraton-de-berlin\\\/\",\"name\":\"Kenenisa Bekele gana el marat\\u00f3n de Berl\\u00edn | Cand\\u00e1s 365\",\"description\":\"Berl\\u00edn, 29 sep(dpa) - El et\\u00edope Kenenisa Bekele gan\\u00f3 hoy la 46 edici\\u00f3n del marat\\u00f3n de Berl\\u00edn y estuvo a punto de batir el r\\u00e9cord mundial. El corredor de 37 a\\u00f1os qued\\u00f3 a s\\u00f3lo dos segundos de la plusmarca actual, con un tiempo de 2:01:41 horas. El tambi\\u00e9n et\\u00edope Birhanu Legese fue segundo y su\",\"inLanguage\":\"es-ES\",\"isPartOf\":{\"@id\":\"https:\\\/\\\/candas365.es\\\/noticias\\\/#website\"},\"breadcrumb\":{\"@id\":\"https:\\\/\\\/candas365.es\\\/noticias\\\/kenenisa-bekele-gana-el-maraton-de-berlin\\\/#breadcrumblist\"},\"author\":{\"@id\":\"https:\\\/\\\/candas365.es\\\/noticias\\\/author\\\/admin\\\/#author\"},\"creator\":{\"@id\":\"https:\\\/\\\/candas365.es\\\/noticias\\\/author\\\/admin\\\/#author\"},\"image\":{\"@type\":\"ImageObject\",\"url\":\"https:\\\/\\\/candas365.es\\\/noticias\\\/wp-content\\\/uploads\\\/2019\\\/09\\\/Kenenisa-Bekele.jpg\",\"@id\":\"https:\\\/\\\/candas365.es\\\/noticias\\\/kenenisa-bekele-gana-el-maraton-de-berlin\\\/#mainImage\",\"width\":1005,\"height\":677,\"caption\":\"El et\\u00edope Kenenisa Bekele se adjudic\\u00f3 hoy el marat\\u00f3n de Berl\\u00edn. Foto: Christoph Soeder\\\/dpa\"},\"primaryImageOfPage\":{\"@id\":\"https:\\\/\\\/candas365.es\\\/noticias\\\/kenenisa-bekele-gana-el-maraton-de-berlin\\\/#mainImage\"},\"datePublished\":\"2019-09-29T18:28:54+02:00\",\"dateModified\":\"2019-09-29T18:28:54+02:00\"},{\"@type\":\"WebSite\",\"@id\":\"https:\\\/\\\/candas365.es\\\/noticias\\\/#website\",\"url\":\"https:\\\/\\\/candas365.es\\\/noticias\\\/\",\"name\":\"Cand\\u00e1s 365\",\"alternateName\":\"Cand\\u00e1s 365 Noticias\",\"description\":\"Actualidad desde Carre\\u00f1o para el mundo\",\"inLanguage\":\"es-ES\",\"publisher\":{\"@id\":\"https:\\\/\\\/candas365.es\\\/noticias\\\/#organization\"}}]}\n\t\t<\/script>\n\t\t<!-- All in One SEO Pro -->\r\n\t\t<title>Kenenisa Bekele gana el marat\u00f3n de Berl\u00edn | Cand\u00e1s 365<\/title>\n\n","aioseo_head_json":{"title":"Kenenisa Bekele gana el marat\u00f3n de Berl\u00edn | Cand\u00e1s 365","description":"Berl\u00edn, 29 sep(dpa) - El et\u00edope Kenenisa Bekele gan\u00f3 hoy la 46 edici\u00f3n del marat\u00f3n de Berl\u00edn y estuvo a punto de batir el r\u00e9cord mundial. El corredor de 37 a\u00f1os qued\u00f3 a s\u00f3lo dos segundos de la plusmarca actual, con un tiempo de 2:01:41 horas. El tambi\u00e9n et\u00edope Birhanu Legese fue segundo y su","canonical_url":"https:\/\/candas365.es\/noticias\/kenenisa-bekele-gana-el-maraton-de-berlin\/","robots":"max-image-preview:large","keywords":"deporte","webmasterTools":{"google-site-verification":"UA-32230408-1","msvalidate.01":"354F3CDFB2DA171B47FBE9ABF1F88D5","miscellaneous":""},"schema":{"@context":"https:\/\/schema.org","@graph":[{"@type":"BreadcrumbList","@id":"https:\/\/candas365.es\/noticias\/kenenisa-bekele-gana-el-maraton-de-berlin\/#breadcrumblist","itemListElement":[{"@type":"ListItem","@id":"https:\/\/candas365.es\/noticias#listItem","position":1,"name":"Home","item":"https:\/\/candas365.es\/noticias","nextItem":{"@type":"ListItem","@id":"https:\/\/candas365.es\/noticias\/category\/deporte\/#listItem","name":"Deporte"}},{"@type":"ListItem","@id":"https:\/\/candas365.es\/noticias\/category\/deporte\/#listItem","position":2,"name":"Deporte","item":"https:\/\/candas365.es\/noticias\/category\/deporte\/","nextItem":{"@type":"ListItem","@id":"https:\/\/candas365.es\/noticias\/kenenisa-bekele-gana-el-maraton-de-berlin\/#listItem","name":"Kenenisa Bekele gana el marat\u00f3n de Berl\u00edn"},"previousItem":{"@type":"ListItem","@id":"https:\/\/candas365.es\/noticias#listItem","name":"Home"}},{"@type":"ListItem","@id":"https:\/\/candas365.es\/noticias\/kenenisa-bekele-gana-el-maraton-de-berlin\/#listItem","position":3,"name":"Kenenisa Bekele gana el marat\u00f3n de Berl\u00edn","previousItem":{"@type":"ListItem","@id":"https:\/\/candas365.es\/noticias\/category\/deporte\/#listItem","name":"Deporte"}}]},{"@type":"NewsArticle","@id":"https:\/\/candas365.es\/noticias\/kenenisa-bekele-gana-el-maraton-de-berlin\/#newsarticle","name":"Kenenisa Bekele gana el marat\u00f3n de Berl\u00edn | Cand\u00e1s 365","headline":"Kenenisa Bekele gana el marat\u00f3n de Berl\u00edn","author":{"@id":"https:\/\/candas365.es\/noticias\/author\/admin\/#author"},"publisher":{"@id":"https:\/\/candas365.es\/noticias\/#organization"},"image":{"@type":"ImageObject","url":"https:\/\/candas365.es\/noticias\/wp-content\/uploads\/2019\/09\/Kenenisa-Bekele.jpg","width":1005,"height":677,"caption":"El et\u00edope Kenenisa Bekele se adjudic\u00f3 hoy el marat\u00f3n de Berl\u00edn. Foto: Christoph Soeder\/dpa"},"datePublished":"2019-09-29T18:28:54+02:00","dateModified":"2019-09-29T18:28:54+02:00","inLanguage":"es-ES","mainEntityOfPage":{"@id":"https:\/\/candas365.es\/noticias\/kenenisa-bekele-gana-el-maraton-de-berlin\/#webpage"},"isPartOf":{"@id":"https:\/\/candas365.es\/noticias\/kenenisa-bekele-gana-el-maraton-de-berlin\/#webpage"},"articleSection":"Deporte","dateline":"Publicado el septiembre 29, 2019."},{"@type":"Organization","@id":"https:\/\/candas365.es\/noticias\/#organization","name":"Cand\u00e1s 365","description":"Cand\u00e1s 365 es un diario digital independiente, fundado en 2012, con base en Asturias. Informamos con rigor sobre actualidad, sociedad, cultura y ocio, con una mirada local y global.","url":"https:\/\/candas365.es\/noticias\/","email":"info@candas365.es","telephone":"+34652131393","foundingDate":"2012-06-10","logo":{"@type":"ImageObject","url":"https:\/\/candas365.es\/noticias\/wp-content\/uploads\/2024\/09\/Candas-365-Redes.jpg","@id":"https:\/\/candas365.es\/noticias\/kenenisa-bekele-gana-el-maraton-de-berlin\/#organizationLogo","width":1152,"height":864,"caption":"Cand\u00e1s 365 Redes"},"image":{"@id":"https:\/\/candas365.es\/noticias\/kenenisa-bekele-gana-el-maraton-de-berlin\/#organizationLogo"},"sameAs":["https:\/\/www.facebook.com\/Nachofdezber","https:\/\/x.com\/NabercoDigital","https:\/\/www.instagram.com\/nachofdezber\/","https:\/\/www.youtube.com\/channel\/UCZP-2wLEB9Rv6erhFmqVnvg"],"address":{"@id":"https:\/\/candas365.es\/noticias\/#postaladdress","@type":"PostalAddress","streetAddress":"san antonio 4, san antonio 4","postalCode":"33430","addressLocality":"Cand\u00e1s","addressRegion":"Asturias","addressCountry":"ES"}},{"@type":"Person","@id":"https:\/\/candas365.es\/noticias\/author\/admin\/#author","url":"https:\/\/candas365.es\/noticias\/author\/admin\/","name":"Cand\u00e1s 365","image":{"@type":"ImageObject","@id":"https:\/\/candas365.es\/noticias\/kenenisa-bekele-gana-el-maraton-de-berlin\/#authorImage","url":"https:\/\/secure.gravatar.com\/avatar\/496a8e03d0c493ede1718b7934145dbdf8d89be1036b0eec9544e1094c9de390?s=96&d=mm&r=g","width":96,"height":96,"caption":"Cand\u00e1s 365"},"sameAs":["https:\/\/www.facebook.com\/carrenoactualidad","https:\/\/twitter.com\/nbasturias","https:\/\/www.instagram.com\/nachofdezber\/","https:\/\/www.youtube.com\/channel\/UCZP-2wLEB9Rv6erhFmqVnvg"]},{"@type":"WebPage","@id":"https:\/\/candas365.es\/noticias\/kenenisa-bekele-gana-el-maraton-de-berlin\/#webpage","url":"https:\/\/candas365.es\/noticias\/kenenisa-bekele-gana-el-maraton-de-berlin\/","name":"Kenenisa Bekele gana el marat\u00f3n de Berl\u00edn | Cand\u00e1s 365","description":"Berl\u00edn, 29 sep(dpa) - El et\u00edope Kenenisa Bekele gan\u00f3 hoy la 46 edici\u00f3n del marat\u00f3n de Berl\u00edn y estuvo a punto de batir el r\u00e9cord mundial. El corredor de 37 a\u00f1os qued\u00f3 a s\u00f3lo dos segundos de la plusmarca actual, con un tiempo de 2:01:41 horas. El tambi\u00e9n et\u00edope Birhanu Legese fue segundo y su","inLanguage":"es-ES","isPartOf":{"@id":"https:\/\/candas365.es\/noticias\/#website"},"breadcrumb":{"@id":"https:\/\/candas365.es\/noticias\/kenenisa-bekele-gana-el-maraton-de-berlin\/#breadcrumblist"},"author":{"@id":"https:\/\/candas365.es\/noticias\/author\/admin\/#author"},"creator":{"@id":"https:\/\/candas365.es\/noticias\/author\/admin\/#author"},"image":{"@type":"ImageObject","url":"https:\/\/candas365.es\/noticias\/wp-content\/uploads\/2019\/09\/Kenenisa-Bekele.jpg","@id":"https:\/\/candas365.es\/noticias\/kenenisa-bekele-gana-el-maraton-de-berlin\/#mainImage","width":1005,"height":677,"caption":"El et\u00edope Kenenisa Bekele se adjudic\u00f3 hoy el marat\u00f3n de Berl\u00edn. Foto: Christoph Soeder\/dpa"},"primaryImageOfPage":{"@id":"https:\/\/candas365.es\/noticias\/kenenisa-bekele-gana-el-maraton-de-berlin\/#mainImage"},"datePublished":"2019-09-29T18:28:54+02:00","dateModified":"2019-09-29T18:28:54+02:00"},{"@type":"WebSite","@id":"https:\/\/candas365.es\/noticias\/#website","url":"https:\/\/candas365.es\/noticias\/","name":"Cand\u00e1s 365","alternateName":"Cand\u00e1s 365 Noticias","description":"Actualidad desde Carre\u00f1o para el mundo","inLanguage":"es-ES","publisher":{"@id":"https:\/\/candas365.es\/noticias\/#organization"}}]},"og:locale":"es_ES","og:site_name":"Cand\u00e1s 365","og:type":"article","og:title":"Kenenisa Bekele gana el marat\u00f3n de Berl\u00edn | Cand\u00e1s 365","og:description":"Berl\u00edn, 29 sep(dpa) - El et\u00edope Kenenisa Bekele gan\u00f3 hoy la 46 edici\u00f3n del marat\u00f3n de Berl\u00edn y estuvo a punto de batir el r\u00e9cord mundial. El corredor de 37 a\u00f1os qued\u00f3 a s\u00f3lo dos segundos de la plusmarca actual, con un tiempo de 2:01:41 horas. El tambi\u00e9n et\u00edope Birhanu Legese fue segundo y su","og:url":"https:\/\/candas365.es\/noticias\/kenenisa-bekele-gana-el-maraton-de-berlin\/","og:image":"https:\/\/candas365.es\/noticias\/wp-content\/uploads\/2019\/09\/Kenenisa-Bekele.jpg","og:image:secure_url":"https:\/\/candas365.es\/noticias\/wp-content\/uploads\/2019\/09\/Kenenisa-Bekele.jpg","og:image:width":1005,"og:image:height":677,"article:published_time":"2019-09-29T18:28:54+00:00","article:modified_time":"2019-09-29T18:28:54+00:00","article:publisher":"https:\/\/www.facebook.com\/Nachofdezber","article:author":"https:\/\/www.facebook.com\/carrenoactualidad","twitter:card":"summary_large_image","twitter:site":"@NabercoDigital","twitter:title":"Kenenisa Bekele gana el marat\u00f3n de Berl\u00edn | Cand\u00e1s 365","twitter:description":"Berl\u00edn, 29 sep(dpa) - El et\u00edope Kenenisa Bekele gan\u00f3 hoy la 46 edici\u00f3n del marat\u00f3n de Berl\u00edn y estuvo a punto de batir el r\u00e9cord mundial. El corredor de 37 a\u00f1os qued\u00f3 a s\u00f3lo dos segundos de la plusmarca actual, con un tiempo de 2:01:41 horas. El tambi\u00e9n et\u00edope Birhanu Legese fue segundo y su","twitter:creator":"@nbasturias","twitter:image":"https:\/\/candas365.es\/noticias\/wp-content\/uploads\/2019\/09\/Kenenisa-Bekele.jpg","twitter:label1":"Escrito por","twitter:data1":"Cand\u00e1s 365","twitter:label2":"Tiempo de lectura estimado","twitter:data2":"1 minuto"},"aioseo_meta_data":{"post_id":"130589","title":null,"description":null,"keywords":null,"keyphrases":null,"primary_term":null,"canonical_url":null,"og_title":null,"og_description":null,"og_object_type":"default","og_image_type":"default","og_image_url":null,"og_image_width":null,"og_image_height":null,"og_image_custom_url":null,"og_image_custom_fields":null,"og_video":null,"og_custom_url":null,"og_article_section":null,"og_article_tags":null,"twitter_use_og":false,"twitter_card":"default","twitter_image_type":"default","twitter_image_url":null,"twitter_image_custom_url":null,"twitter_image_custom_fields":null,"twitter_title":null,"twitter_description":null,"schema":{"blockGraphs":[],"customGraphs":[],"default":{"data":{"Article":[],"Course":[],"Dataset":[],"FAQPage":[],"Movie":[],"Person":[],"Product":[],"ProductReview":[],"Car":[],"Recipe":[],"Service":[],"SoftwareApplication":[],"WebPage":[]},"graphName":"","isEnabled":true},"graphs":[],"defaultGraph":"","defaultPostTypeGraph":""},"schema_type":null,"schema_type_options":null,"pillar_content":false,"robots_default":true,"robots_noindex":false,"robots_noarchive":false,"robots_nosnippet":false,"robots_nofollow":false,"robots_noimageindex":false,"robots_noodp":false,"robots_notranslate":false,"robots_max_snippet":null,"robots_max_videopreview":null,"robots_max_imagepreview":"large","priority":null,"frequency":null,"location":null,"local_seo":null,"seo_analyzer_scan_date":"2025-08-30 14:33:21","breadcrumb_settings":null,"limit_modified_date":false,"reviewed_by":null,"open_ai":null,"ai":null,"created":"2020-12-21 10:52:12","updated":"2025-08-30 14:33:21"},"aioseo_breadcrumb":"<div class=\"aioseo-breadcrumbs\"><span class=\"aioseo-breadcrumb\">\n\t<a href=\"https:\/\/candas365.es\/noticias\" title=\"Home\">Home<\/a>\n<\/span><span class=\"aioseo-breadcrumb-separator\">&ndash;<\/span><span class=\"aioseo-breadcrumb\">\n\t<a href=\"https:\/\/candas365.es\/noticias\/category\/deporte\/\" title=\"Deporte\">Deporte<\/a>\n<\/span><span class=\"aioseo-breadcrumb-separator\">&ndash;<\/span><span class=\"aioseo-breadcrumb\">\n\tKenenisa Bekele gana el marat\u00f3n de Berl\u00edn\n<\/span><\/div>","aioseo_breadcrumb_json":[{"label":"Home","link":"https:\/\/candas365.es\/noticias"},{"label":"Deporte","link":"https:\/\/candas365.es\/noticias\/category\/deporte\/"},{"label":"Kenenisa Bekele gana el marat\u00f3n de Berl\u00edn","link":"https:\/\/candas365.es\/noticias\/kenenisa-bekele-gana-el-maraton-de-berlin\/"}],"_links":{"self":[{"href":"https:\/\/candas365.es\/noticias\/wp-json\/wp\/v2\/posts\/130589","targetHints":{"allow":["GET"]}}],"collection":[{"href":"https:\/\/candas365.es\/noticias\/wp-json\/wp\/v2\/posts"}],"about":[{"href":"https:\/\/candas365.es\/noticias\/wp-json\/wp\/v2\/types\/post"}],"author":[{"embeddable":true,"href":"https:\/\/candas365.es\/noticias\/wp-json\/wp\/v2\/users\/1"}],"replies":[{"embeddable":true,"href":"https:\/\/candas365.es\/noticias\/wp-json\/wp\/v2\/comments?post=130589"}],"version-history":[{"count":0,"href":"https:\/\/candas365.es\/noticias\/wp-json\/wp\/v2\/posts\/130589\/revisions"}],"wp:featuredmedia":[{"embeddable":true,"href":"https:\/\/candas365.es\/noticias\/wp-json\/wp\/v2\/media\/130590"}],"wp:attachment":[{"href":"https:\/\/candas365.es\/noticias\/wp-json\/wp\/v2\/media?parent=130589"}],"wp:term":[{"taxonomy":"category","embeddable":true,"href":"https:\/\/candas365.es\/noticias\/wp-json\/wp\/v2\/categories?post=130589"},{"taxonomy":"post_tag","embeddable":true,"href":"https:\/\/candas365.es\/noticias\/wp-json\/wp\/v2\/tags?post=130589"}],"curies":[{"name":"wp","href":"https:\/\/api.w.org\/{rel}","templated":true}]}}