{"id":130553,"date":"2019-09-29T15:36:29","date_gmt":"2019-09-29T15:36:29","guid":{"rendered":"http:\/\/candas365.es\/noticias\/?p=130553"},"modified":"2019-09-29T15:36:29","modified_gmt":"2019-09-29T15:36:29","slug":"gp-de-rusia-2019-leclerc-suma-su-cuarta-pole","status":"publish","type":"post","link":"https:\/\/candas365.es\/noticias\/gp-de-rusia-2019-leclerc-suma-su-cuarta-pole\/","title":{"rendered":"GP de Rusia 2019: Leclerc suma su cuarta pole"},"content":{"rendered":"<p><img fetchpriority=\"high\" decoding=\"async\" class=\"alignleft size-medium wp-image-91805\" src=\"https:\/\/candas365.es\/noticias\/wp-content\/uploads\/2018\/03\/formula-1-630147_1280-360x239.jpg\" alt=\"\" width=\"360\" height=\"239\" srcset=\"https:\/\/candas365.es\/noticias\/wp-content\/uploads\/2018\/03\/formula-1-630147_1280-360x239.jpg 360w, https:\/\/candas365.es\/noticias\/wp-content\/uploads\/2018\/03\/formula-1-630147_1280-696x463.jpg 696w, https:\/\/candas365.es\/noticias\/wp-content\/uploads\/2018\/03\/formula-1-630147_1280-1068x710.jpg 1068w, https:\/\/candas365.es\/noticias\/wp-content\/uploads\/2018\/03\/formula-1-630147_1280-632x420.jpg 632w, https:\/\/candas365.es\/noticias\/wp-content\/uploads\/2018\/03\/formula-1-630147_1280-768x511.jpg 768w, https:\/\/candas365.es\/noticias\/wp-content\/uploads\/2018\/03\/formula-1-630147_1280-655x435.jpg 655w, https:\/\/candas365.es\/noticias\/wp-content\/uploads\/2018\/03\/formula-1-630147_1280.jpg 1280w\" sizes=\"(max-width: 360px) 100vw, 360px\" \/>Sochi (Rusia), 28 sep (dpa) &#8211; El piloto monegasco de Ferrari Charles Leclerc consigui\u00f3 hoy su cuarta \u00abpole position\u00bb consecutiva y largar\u00e1 ma\u00f1ana desde el primer lugar en el Gran Premio de Rusia de la F\u00f3rmula 1, por delante del brit\u00e1nico Lewis Hamilton (Mercedes) y del alem\u00e1n Sebastian Vettel.<\/p>\n<p>Vettel, compa\u00f1ero de Leclerc en la escuder\u00eda italiana, debi\u00f3 conformarse con el tercer lugar en las pistas de Sochi, apenas seis d\u00edas despu\u00e9s de su triunfo en la carrera en Singapur.<\/p>\n<p>El alem\u00e1n, de 32 a\u00f1os, qued\u00f3 0,425 segundos relegado y se perdi\u00f3 estar en la primera l\u00ednea de largada por apenas 0,023 segundos.<\/p>\n<p>En el duelo interno de la escuder\u00eda Ferrari, Vettel otra vez no tuvo oportunidades y largar\u00e1 junto al finland\u00e9s Valtteri Bottas, de Mercedes, que qued\u00f3 cuarto en la clasificaci\u00f3n. El alem\u00e1n Nico H\u00fclkenberg clasific\u00f3 s\u00e9ptimo con su Renault.<\/p>\n<p>Sochi ser\u00e1 la sexta carrera del campeonato mundial de F\u00f3rmula 1 que Leclerc largar\u00e1 desde la primera posici\u00f3n. El joven de 21 a\u00f1os gan\u00f3 dos veces en esta temporada y se convirti\u00f3 adem\u00e1s en el primer piloto en asegurarse la pole por cuarta vez consecutiva despu\u00e9s de Lewis Hamilton en 2016.<\/p>\n<p>Ferrari se lanza en busca del primer triunfo en su historia en Rusia. Desde el debut del Gran Premio de Rusia en 2014, la escuder\u00eda italiana hasta ahora nunca logr\u00f3 imponerse en Sochi, Vettel consigui\u00f3 dos veces el segundo lugar.<\/p>\n<p>Hasta ahora s\u00f3lo se han registrado triunfos de Mercedes en la pista de 5,848 kil\u00f3metros del Parque Ol\u00edmpico. Hamilton, actual campe\u00f3n del mundo, es el ganador r\u00e9cord, con tres victorias.<\/p>\n<p>Antes de la largada de la d\u00e9cimo sexta carrera de la temporada, que consta de un total de 21 competencias, el defensor del t\u00edtulo Hamilton lidera la clasificaci\u00f3n del campeonato mundial de F\u00f3rmula 1 con 296 puntos, con una amplia ventaja sobre su compa\u00f1ero de equipo Bottas (231).<\/p>\n<p>Les siguen Leclerc y Max Verstappen (Red Bull), ambos con 200 unidades, mientras que Vettel marcha en quinto lugar, con 194 puntos.<\/p>\n","protected":false},"excerpt":{"rendered":"<p>Sochi (Rusia), 28 sep (dpa) &#8211; El piloto monegasco de Ferrari Charles Leclerc consigui\u00f3 hoy su cuarta \u00abpole position\u00bb consecutiva y largar\u00e1 ma\u00f1ana desde el primer lugar en el Gran Premio de Rusia de la F\u00f3rmula 1, por delante del brit\u00e1nico Lewis Hamilton (Mercedes) y del alem\u00e1n Sebastian Vettel. Vettel, compa\u00f1ero de Leclerc en la<\/p>\n","protected":false},"author":1,"featured_media":91805,"comment_status":"closed","ping_status":"closed","sticky":false,"template":"","format":"standard","meta":{"footnotes":""},"categories":[319],"tags":[],"class_list":{"0":"post-130553","1":"post","2":"type-post","3":"status-publish","4":"format-standard","5":"has-post-thumbnail","7":"category-deporte"},"aioseo_notices":[],"aioseo_head":"\n\t\t<!-- All in One SEO Pro 4.9.6.2 - aioseo.com -->\n\t<meta name=\"description\" content=\"Sochi (Rusia), 28 sep (dpa) - El piloto monegasco de Ferrari Charles Leclerc consigui\u00f3 hoy su cuarta &quot;pole position&quot; consecutiva y largar\u00e1 ma\u00f1ana desde el primer lugar en el Gran Premio de Rusia de la F\u00f3rmula 1, por delante del brit\u00e1nico Lewis Hamilton (Mercedes) y del alem\u00e1n Sebastian Vettel. Vettel, compa\u00f1ero de Leclerc en la\" \/>\n\t<meta name=\"robots\" content=\"max-image-preview:large\" \/>\n\t<meta name=\"author\" content=\"Cand\u00e1s 365\"\/>\n\t<meta name=\"google-site-verification\" content=\"UA-32230408-1\" \/>\n\t<meta name=\"msvalidate.01\" content=\"354F3CDFB2DA171B47FBE9ABF1F88D5\" \/>\n\t<meta name=\"keywords\" content=\"deporte\" \/>\n\t<link rel=\"canonical\" href=\"https:\/\/candas365.es\/noticias\/gp-de-rusia-2019-leclerc-suma-su-cuarta-pole\/\" \/>\n\t<meta name=\"generator\" content=\"All in One SEO Pro (AIOSEO) 4.9.6.2\" \/>\n\t\t<meta property=\"og:locale\" content=\"es_ES\" \/>\n\t\t<meta property=\"og:site_name\" content=\"Cand\u00e1s 365\" \/>\n\t\t<meta property=\"og:type\" content=\"article\" \/>\n\t\t<meta property=\"og:title\" content=\"GP de Rusia 2019: Leclerc suma su cuarta pole | Cand\u00e1s 365\" \/>\n\t\t<meta property=\"og:description\" content=\"Sochi (Rusia), 28 sep (dpa) - El piloto monegasco de Ferrari Charles Leclerc consigui\u00f3 hoy su cuarta &quot;pole position&quot; consecutiva y largar\u00e1 ma\u00f1ana desde el primer lugar en el Gran Premio de Rusia de la F\u00f3rmula 1, por delante del brit\u00e1nico Lewis Hamilton (Mercedes) y del alem\u00e1n Sebastian Vettel. Vettel, compa\u00f1ero de Leclerc en la\" \/>\n\t\t<meta property=\"og:url\" content=\"https:\/\/candas365.es\/noticias\/gp-de-rusia-2019-leclerc-suma-su-cuarta-pole\/\" \/>\n\t\t<meta property=\"og:image\" content=\"https:\/\/candas365.es\/noticias\/wp-content\/uploads\/2018\/03\/formula-1-630147_1280.jpg\" \/>\n\t\t<meta property=\"og:image:secure_url\" content=\"https:\/\/candas365.es\/noticias\/wp-content\/uploads\/2018\/03\/formula-1-630147_1280.jpg\" \/>\n\t\t<meta property=\"og:image:width\" content=\"1280\" \/>\n\t\t<meta property=\"og:image:height\" content=\"851\" \/>\n\t\t<meta property=\"article:published_time\" content=\"2019-09-29T15:36:29+00:00\" \/>\n\t\t<meta property=\"article:modified_time\" content=\"2019-09-29T15:36:29+00:00\" \/>\n\t\t<meta property=\"article:publisher\" content=\"https:\/\/www.facebook.com\/Nachofdezber\" \/>\n\t\t<meta property=\"article:author\" content=\"https:\/\/www.facebook.com\/carrenoactualidad\" \/>\n\t\t<meta name=\"twitter:card\" content=\"summary_large_image\" \/>\n\t\t<meta name=\"twitter:site\" content=\"@NabercoDigital\" \/>\n\t\t<meta name=\"twitter:title\" content=\"GP de Rusia 2019: Leclerc suma su cuarta pole | Cand\u00e1s 365\" \/>\n\t\t<meta name=\"twitter:description\" content=\"Sochi (Rusia), 28 sep (dpa) - El piloto monegasco de Ferrari Charles Leclerc consigui\u00f3 hoy su cuarta &quot;pole position&quot; consecutiva y largar\u00e1 ma\u00f1ana desde el primer lugar en el Gran Premio de Rusia de la F\u00f3rmula 1, por delante del brit\u00e1nico Lewis Hamilton (Mercedes) y del alem\u00e1n Sebastian Vettel. Vettel, compa\u00f1ero de Leclerc en la\" \/>\n\t\t<meta name=\"twitter:creator\" content=\"@nbasturias\" \/>\n\t\t<meta name=\"twitter:image\" content=\"https:\/\/candas365.es\/noticias\/wp-content\/uploads\/2018\/03\/formula-1-630147_1280.jpg\" \/>\n\t\t<meta name=\"twitter:label1\" content=\"Escrito por\" \/>\n\t\t<meta name=\"twitter:data1\" content=\"Cand\u00e1s 365\" \/>\n\t\t<meta name=\"twitter:label2\" content=\"Tiempo de lectura estimado\" \/>\n\t\t<meta name=\"twitter:data2\" content=\"2 minutos\" \/>\n\t\t<script type=\"application\/ld+json\" class=\"aioseo-schema\">\n\t\t\t{\"@context\":\"https:\\\/\\\/schema.org\",\"@graph\":[{\"@type\":\"BreadcrumbList\",\"@id\":\"https:\\\/\\\/candas365.es\\\/noticias\\\/gp-de-rusia-2019-leclerc-suma-su-cuarta-pole\\\/#breadcrumblist\",\"itemListElement\":[{\"@type\":\"ListItem\",\"@id\":\"https:\\\/\\\/candas365.es\\\/noticias#listItem\",\"position\":1,\"name\":\"Home\",\"item\":\"https:\\\/\\\/candas365.es\\\/noticias\",\"nextItem\":{\"@type\":\"ListItem\",\"@id\":\"https:\\\/\\\/candas365.es\\\/noticias\\\/category\\\/deporte\\\/#listItem\",\"name\":\"Deporte\"}},{\"@type\":\"ListItem\",\"@id\":\"https:\\\/\\\/candas365.es\\\/noticias\\\/category\\\/deporte\\\/#listItem\",\"position\":2,\"name\":\"Deporte\",\"item\":\"https:\\\/\\\/candas365.es\\\/noticias\\\/category\\\/deporte\\\/\",\"nextItem\":{\"@type\":\"ListItem\",\"@id\":\"https:\\\/\\\/candas365.es\\\/noticias\\\/gp-de-rusia-2019-leclerc-suma-su-cuarta-pole\\\/#listItem\",\"name\":\"GP de Rusia 2019: Leclerc suma su cuarta pole\"},\"previousItem\":{\"@type\":\"ListItem\",\"@id\":\"https:\\\/\\\/candas365.es\\\/noticias#listItem\",\"name\":\"Home\"}},{\"@type\":\"ListItem\",\"@id\":\"https:\\\/\\\/candas365.es\\\/noticias\\\/gp-de-rusia-2019-leclerc-suma-su-cuarta-pole\\\/#listItem\",\"position\":3,\"name\":\"GP de Rusia 2019: Leclerc suma su cuarta pole\",\"previousItem\":{\"@type\":\"ListItem\",\"@id\":\"https:\\\/\\\/candas365.es\\\/noticias\\\/category\\\/deporte\\\/#listItem\",\"name\":\"Deporte\"}}]},{\"@type\":\"NewsArticle\",\"@id\":\"https:\\\/\\\/candas365.es\\\/noticias\\\/gp-de-rusia-2019-leclerc-suma-su-cuarta-pole\\\/#newsarticle\",\"name\":\"GP de Rusia 2019: Leclerc suma su cuarta pole | Cand\\u00e1s 365\",\"headline\":\"GP de Rusia 2019: Leclerc suma su cuarta pole\",\"author\":{\"@id\":\"https:\\\/\\\/candas365.es\\\/noticias\\\/author\\\/admin\\\/#author\"},\"publisher\":{\"@id\":\"https:\\\/\\\/candas365.es\\\/noticias\\\/#organization\"},\"image\":{\"@type\":\"ImageObject\",\"url\":\"https:\\\/\\\/candas365.es\\\/noticias\\\/wp-content\\\/uploads\\\/2018\\\/03\\\/formula-1-630147_1280.jpg\",\"width\":1280,\"height\":851},\"datePublished\":\"2019-09-29T15:36:29+02:00\",\"dateModified\":\"2019-09-29T15:36:29+02:00\",\"inLanguage\":\"es-ES\",\"mainEntityOfPage\":{\"@id\":\"https:\\\/\\\/candas365.es\\\/noticias\\\/gp-de-rusia-2019-leclerc-suma-su-cuarta-pole\\\/#webpage\"},\"isPartOf\":{\"@id\":\"https:\\\/\\\/candas365.es\\\/noticias\\\/gp-de-rusia-2019-leclerc-suma-su-cuarta-pole\\\/#webpage\"},\"articleSection\":\"Deporte\",\"dateline\":\"Publicado el septiembre 29, 2019.\"},{\"@type\":\"Organization\",\"@id\":\"https:\\\/\\\/candas365.es\\\/noticias\\\/#organization\",\"name\":\"Cand\\u00e1s 365\",\"description\":\"Cand\\u00e1s 365 es un diario digital independiente, fundado en 2012, con base en Asturias. Informamos con rigor sobre actualidad, sociedad, cultura y ocio, con una mirada local y global.\",\"url\":\"https:\\\/\\\/candas365.es\\\/noticias\\\/\",\"email\":\"info@candas365.es\",\"telephone\":\"+34652131393\",\"foundingDate\":\"2012-06-10\",\"logo\":{\"@type\":\"ImageObject\",\"url\":\"https:\\\/\\\/candas365.es\\\/noticias\\\/wp-content\\\/uploads\\\/2024\\\/09\\\/Candas-365-Redes.jpg\",\"@id\":\"https:\\\/\\\/candas365.es\\\/noticias\\\/gp-de-rusia-2019-leclerc-suma-su-cuarta-pole\\\/#organizationLogo\",\"width\":1152,\"height\":864,\"caption\":\"Cand\\u00e1s 365 Redes\"},\"image\":{\"@id\":\"https:\\\/\\\/candas365.es\\\/noticias\\\/gp-de-rusia-2019-leclerc-suma-su-cuarta-pole\\\/#organizationLogo\"},\"sameAs\":[\"https:\\\/\\\/www.facebook.com\\\/Nachofdezber\",\"https:\\\/\\\/x.com\\\/NabercoDigital\",\"https:\\\/\\\/www.instagram.com\\\/nachofdezber\\\/\",\"https:\\\/\\\/www.youtube.com\\\/channel\\\/UCZP-2wLEB9Rv6erhFmqVnvg\"],\"address\":{\"@id\":\"https:\\\/\\\/candas365.es\\\/noticias\\\/#postaladdress\",\"@type\":\"PostalAddress\",\"streetAddress\":\"san antonio 4, san antonio 4\",\"postalCode\":\"33430\",\"addressLocality\":\"Cand\\u00e1s\",\"addressRegion\":\"Asturias\",\"addressCountry\":\"ES\"}},{\"@type\":\"Person\",\"@id\":\"https:\\\/\\\/candas365.es\\\/noticias\\\/author\\\/admin\\\/#author\",\"url\":\"https:\\\/\\\/candas365.es\\\/noticias\\\/author\\\/admin\\\/\",\"name\":\"Cand\\u00e1s 365\",\"image\":{\"@type\":\"ImageObject\",\"@id\":\"https:\\\/\\\/candas365.es\\\/noticias\\\/gp-de-rusia-2019-leclerc-suma-su-cuarta-pole\\\/#authorImage\",\"url\":\"https:\\\/\\\/secure.gravatar.com\\\/avatar\\\/496a8e03d0c493ede1718b7934145dbdf8d89be1036b0eec9544e1094c9de390?s=96&d=mm&r=g\",\"width\":96,\"height\":96,\"caption\":\"Cand\\u00e1s 365\"},\"sameAs\":[\"https:\\\/\\\/www.facebook.com\\\/carrenoactualidad\",\"https:\\\/\\\/twitter.com\\\/nbasturias\",\"https:\\\/\\\/www.instagram.com\\\/nachofdezber\\\/\",\"https:\\\/\\\/www.youtube.com\\\/channel\\\/UCZP-2wLEB9Rv6erhFmqVnvg\"]},{\"@type\":\"WebPage\",\"@id\":\"https:\\\/\\\/candas365.es\\\/noticias\\\/gp-de-rusia-2019-leclerc-suma-su-cuarta-pole\\\/#webpage\",\"url\":\"https:\\\/\\\/candas365.es\\\/noticias\\\/gp-de-rusia-2019-leclerc-suma-su-cuarta-pole\\\/\",\"name\":\"GP de Rusia 2019: Leclerc suma su cuarta pole | Cand\\u00e1s 365\",\"description\":\"Sochi (Rusia), 28 sep (dpa) - El piloto monegasco de Ferrari Charles Leclerc consigui\\u00f3 hoy su cuarta \\\"pole position\\\" consecutiva y largar\\u00e1 ma\\u00f1ana desde el primer lugar en el Gran Premio de Rusia de la F\\u00f3rmula 1, por delante del brit\\u00e1nico Lewis Hamilton (Mercedes) y del alem\\u00e1n Sebastian Vettel. Vettel, compa\\u00f1ero de Leclerc en la\",\"inLanguage\":\"es-ES\",\"isPartOf\":{\"@id\":\"https:\\\/\\\/candas365.es\\\/noticias\\\/#website\"},\"breadcrumb\":{\"@id\":\"https:\\\/\\\/candas365.es\\\/noticias\\\/gp-de-rusia-2019-leclerc-suma-su-cuarta-pole\\\/#breadcrumblist\"},\"author\":{\"@id\":\"https:\\\/\\\/candas365.es\\\/noticias\\\/author\\\/admin\\\/#author\"},\"creator\":{\"@id\":\"https:\\\/\\\/candas365.es\\\/noticias\\\/author\\\/admin\\\/#author\"},\"image\":{\"@type\":\"ImageObject\",\"url\":\"https:\\\/\\\/candas365.es\\\/noticias\\\/wp-content\\\/uploads\\\/2018\\\/03\\\/formula-1-630147_1280.jpg\",\"@id\":\"https:\\\/\\\/candas365.es\\\/noticias\\\/gp-de-rusia-2019-leclerc-suma-su-cuarta-pole\\\/#mainImage\",\"width\":1280,\"height\":851},\"primaryImageOfPage\":{\"@id\":\"https:\\\/\\\/candas365.es\\\/noticias\\\/gp-de-rusia-2019-leclerc-suma-su-cuarta-pole\\\/#mainImage\"},\"datePublished\":\"2019-09-29T15:36:29+02:00\",\"dateModified\":\"2019-09-29T15:36:29+02:00\"},{\"@type\":\"WebSite\",\"@id\":\"https:\\\/\\\/candas365.es\\\/noticias\\\/#website\",\"url\":\"https:\\\/\\\/candas365.es\\\/noticias\\\/\",\"name\":\"Cand\\u00e1s 365\",\"alternateName\":\"Cand\\u00e1s 365 Noticias\",\"description\":\"Actualidad desde Carre\\u00f1o para el mundo\",\"inLanguage\":\"es-ES\",\"publisher\":{\"@id\":\"https:\\\/\\\/candas365.es\\\/noticias\\\/#organization\"}}]}\n\t\t<\/script>\n\t\t<!-- All in One SEO Pro -->\r\n\t\t<title>GP de Rusia 2019: Leclerc suma su cuarta pole | Cand\u00e1s 365<\/title>\n\n","aioseo_head_json":{"title":"GP de Rusia 2019: Leclerc suma su cuarta pole | Cand\u00e1s 365","description":"Sochi (Rusia), 28 sep (dpa) - El piloto monegasco de Ferrari Charles Leclerc consigui\u00f3 hoy su cuarta \"pole position\" consecutiva y largar\u00e1 ma\u00f1ana desde el primer lugar en el Gran Premio de Rusia de la F\u00f3rmula 1, por delante del brit\u00e1nico Lewis Hamilton (Mercedes) y del alem\u00e1n Sebastian Vettel. Vettel, compa\u00f1ero de Leclerc en la","canonical_url":"https:\/\/candas365.es\/noticias\/gp-de-rusia-2019-leclerc-suma-su-cuarta-pole\/","robots":"max-image-preview:large","keywords":"deporte","webmasterTools":{"google-site-verification":"UA-32230408-1","msvalidate.01":"354F3CDFB2DA171B47FBE9ABF1F88D5","miscellaneous":""},"schema":{"@context":"https:\/\/schema.org","@graph":[{"@type":"BreadcrumbList","@id":"https:\/\/candas365.es\/noticias\/gp-de-rusia-2019-leclerc-suma-su-cuarta-pole\/#breadcrumblist","itemListElement":[{"@type":"ListItem","@id":"https:\/\/candas365.es\/noticias#listItem","position":1,"name":"Home","item":"https:\/\/candas365.es\/noticias","nextItem":{"@type":"ListItem","@id":"https:\/\/candas365.es\/noticias\/category\/deporte\/#listItem","name":"Deporte"}},{"@type":"ListItem","@id":"https:\/\/candas365.es\/noticias\/category\/deporte\/#listItem","position":2,"name":"Deporte","item":"https:\/\/candas365.es\/noticias\/category\/deporte\/","nextItem":{"@type":"ListItem","@id":"https:\/\/candas365.es\/noticias\/gp-de-rusia-2019-leclerc-suma-su-cuarta-pole\/#listItem","name":"GP de Rusia 2019: Leclerc suma su cuarta pole"},"previousItem":{"@type":"ListItem","@id":"https:\/\/candas365.es\/noticias#listItem","name":"Home"}},{"@type":"ListItem","@id":"https:\/\/candas365.es\/noticias\/gp-de-rusia-2019-leclerc-suma-su-cuarta-pole\/#listItem","position":3,"name":"GP de Rusia 2019: Leclerc suma su cuarta pole","previousItem":{"@type":"ListItem","@id":"https:\/\/candas365.es\/noticias\/category\/deporte\/#listItem","name":"Deporte"}}]},{"@type":"NewsArticle","@id":"https:\/\/candas365.es\/noticias\/gp-de-rusia-2019-leclerc-suma-su-cuarta-pole\/#newsarticle","name":"GP de Rusia 2019: Leclerc suma su cuarta pole | Cand\u00e1s 365","headline":"GP de Rusia 2019: Leclerc suma su cuarta pole","author":{"@id":"https:\/\/candas365.es\/noticias\/author\/admin\/#author"},"publisher":{"@id":"https:\/\/candas365.es\/noticias\/#organization"},"image":{"@type":"ImageObject","url":"https:\/\/candas365.es\/noticias\/wp-content\/uploads\/2018\/03\/formula-1-630147_1280.jpg","width":1280,"height":851},"datePublished":"2019-09-29T15:36:29+02:00","dateModified":"2019-09-29T15:36:29+02:00","inLanguage":"es-ES","mainEntityOfPage":{"@id":"https:\/\/candas365.es\/noticias\/gp-de-rusia-2019-leclerc-suma-su-cuarta-pole\/#webpage"},"isPartOf":{"@id":"https:\/\/candas365.es\/noticias\/gp-de-rusia-2019-leclerc-suma-su-cuarta-pole\/#webpage"},"articleSection":"Deporte","dateline":"Publicado el septiembre 29, 2019."},{"@type":"Organization","@id":"https:\/\/candas365.es\/noticias\/#organization","name":"Cand\u00e1s 365","description":"Cand\u00e1s 365 es un diario digital independiente, fundado en 2012, con base en Asturias. Informamos con rigor sobre actualidad, sociedad, cultura y ocio, con una mirada local y global.","url":"https:\/\/candas365.es\/noticias\/","email":"info@candas365.es","telephone":"+34652131393","foundingDate":"2012-06-10","logo":{"@type":"ImageObject","url":"https:\/\/candas365.es\/noticias\/wp-content\/uploads\/2024\/09\/Candas-365-Redes.jpg","@id":"https:\/\/candas365.es\/noticias\/gp-de-rusia-2019-leclerc-suma-su-cuarta-pole\/#organizationLogo","width":1152,"height":864,"caption":"Cand\u00e1s 365 Redes"},"image":{"@id":"https:\/\/candas365.es\/noticias\/gp-de-rusia-2019-leclerc-suma-su-cuarta-pole\/#organizationLogo"},"sameAs":["https:\/\/www.facebook.com\/Nachofdezber","https:\/\/x.com\/NabercoDigital","https:\/\/www.instagram.com\/nachofdezber\/","https:\/\/www.youtube.com\/channel\/UCZP-2wLEB9Rv6erhFmqVnvg"],"address":{"@id":"https:\/\/candas365.es\/noticias\/#postaladdress","@type":"PostalAddress","streetAddress":"san antonio 4, san antonio 4","postalCode":"33430","addressLocality":"Cand\u00e1s","addressRegion":"Asturias","addressCountry":"ES"}},{"@type":"Person","@id":"https:\/\/candas365.es\/noticias\/author\/admin\/#author","url":"https:\/\/candas365.es\/noticias\/author\/admin\/","name":"Cand\u00e1s 365","image":{"@type":"ImageObject","@id":"https:\/\/candas365.es\/noticias\/gp-de-rusia-2019-leclerc-suma-su-cuarta-pole\/#authorImage","url":"https:\/\/secure.gravatar.com\/avatar\/496a8e03d0c493ede1718b7934145dbdf8d89be1036b0eec9544e1094c9de390?s=96&d=mm&r=g","width":96,"height":96,"caption":"Cand\u00e1s 365"},"sameAs":["https:\/\/www.facebook.com\/carrenoactualidad","https:\/\/twitter.com\/nbasturias","https:\/\/www.instagram.com\/nachofdezber\/","https:\/\/www.youtube.com\/channel\/UCZP-2wLEB9Rv6erhFmqVnvg"]},{"@type":"WebPage","@id":"https:\/\/candas365.es\/noticias\/gp-de-rusia-2019-leclerc-suma-su-cuarta-pole\/#webpage","url":"https:\/\/candas365.es\/noticias\/gp-de-rusia-2019-leclerc-suma-su-cuarta-pole\/","name":"GP de Rusia 2019: Leclerc suma su cuarta pole | Cand\u00e1s 365","description":"Sochi (Rusia), 28 sep (dpa) - El piloto monegasco de Ferrari Charles Leclerc consigui\u00f3 hoy su cuarta \"pole position\" consecutiva y largar\u00e1 ma\u00f1ana desde el primer lugar en el Gran Premio de Rusia de la F\u00f3rmula 1, por delante del brit\u00e1nico Lewis Hamilton (Mercedes) y del alem\u00e1n Sebastian Vettel. Vettel, compa\u00f1ero de Leclerc en la","inLanguage":"es-ES","isPartOf":{"@id":"https:\/\/candas365.es\/noticias\/#website"},"breadcrumb":{"@id":"https:\/\/candas365.es\/noticias\/gp-de-rusia-2019-leclerc-suma-su-cuarta-pole\/#breadcrumblist"},"author":{"@id":"https:\/\/candas365.es\/noticias\/author\/admin\/#author"},"creator":{"@id":"https:\/\/candas365.es\/noticias\/author\/admin\/#author"},"image":{"@type":"ImageObject","url":"https:\/\/candas365.es\/noticias\/wp-content\/uploads\/2018\/03\/formula-1-630147_1280.jpg","@id":"https:\/\/candas365.es\/noticias\/gp-de-rusia-2019-leclerc-suma-su-cuarta-pole\/#mainImage","width":1280,"height":851},"primaryImageOfPage":{"@id":"https:\/\/candas365.es\/noticias\/gp-de-rusia-2019-leclerc-suma-su-cuarta-pole\/#mainImage"},"datePublished":"2019-09-29T15:36:29+02:00","dateModified":"2019-09-29T15:36:29+02:00"},{"@type":"WebSite","@id":"https:\/\/candas365.es\/noticias\/#website","url":"https:\/\/candas365.es\/noticias\/","name":"Cand\u00e1s 365","alternateName":"Cand\u00e1s 365 Noticias","description":"Actualidad desde Carre\u00f1o para el mundo","inLanguage":"es-ES","publisher":{"@id":"https:\/\/candas365.es\/noticias\/#organization"}}]},"og:locale":"es_ES","og:site_name":"Cand\u00e1s 365","og:type":"article","og:title":"GP de Rusia 2019: Leclerc suma su cuarta pole | Cand\u00e1s 365","og:description":"Sochi (Rusia), 28 sep (dpa) - El piloto monegasco de Ferrari Charles Leclerc consigui\u00f3 hoy su cuarta &quot;pole position&quot; consecutiva y largar\u00e1 ma\u00f1ana desde el primer lugar en el Gran Premio de Rusia de la F\u00f3rmula 1, por delante del brit\u00e1nico Lewis Hamilton (Mercedes) y del alem\u00e1n Sebastian Vettel. Vettel, compa\u00f1ero de Leclerc en la","og:url":"https:\/\/candas365.es\/noticias\/gp-de-rusia-2019-leclerc-suma-su-cuarta-pole\/","og:image":"https:\/\/candas365.es\/noticias\/wp-content\/uploads\/2018\/03\/formula-1-630147_1280.jpg","og:image:secure_url":"https:\/\/candas365.es\/noticias\/wp-content\/uploads\/2018\/03\/formula-1-630147_1280.jpg","og:image:width":1280,"og:image:height":851,"article:published_time":"2019-09-29T15:36:29+00:00","article:modified_time":"2019-09-29T15:36:29+00:00","article:publisher":"https:\/\/www.facebook.com\/Nachofdezber","article:author":"https:\/\/www.facebook.com\/carrenoactualidad","twitter:card":"summary_large_image","twitter:site":"@NabercoDigital","twitter:title":"GP de Rusia 2019: Leclerc suma su cuarta pole | Cand\u00e1s 365","twitter:description":"Sochi (Rusia), 28 sep (dpa) - El piloto monegasco de Ferrari Charles Leclerc consigui\u00f3 hoy su cuarta &quot;pole position&quot; consecutiva y largar\u00e1 ma\u00f1ana desde el primer lugar en el Gran Premio de Rusia de la F\u00f3rmula 1, por delante del brit\u00e1nico Lewis Hamilton (Mercedes) y del alem\u00e1n Sebastian Vettel. Vettel, compa\u00f1ero de Leclerc en la","twitter:creator":"@nbasturias","twitter:image":"https:\/\/candas365.es\/noticias\/wp-content\/uploads\/2018\/03\/formula-1-630147_1280.jpg","twitter:label1":"Escrito por","twitter:data1":"Cand\u00e1s 365","twitter:label2":"Tiempo de lectura estimado","twitter:data2":"2 minutos"},"aioseo_meta_data":{"post_id":"130553","title":null,"description":null,"keywords":null,"keyphrases":null,"primary_term":null,"canonical_url":null,"og_title":null,"og_description":null,"og_object_type":"default","og_image_type":"default","og_image_url":null,"og_image_width":null,"og_image_height":null,"og_image_custom_url":null,"og_image_custom_fields":null,"og_video":null,"og_custom_url":null,"og_article_section":null,"og_article_tags":null,"twitter_use_og":false,"twitter_card":"default","twitter_image_type":"default","twitter_image_url":null,"twitter_image_custom_url":null,"twitter_image_custom_fields":null,"twitter_title":null,"twitter_description":null,"schema":{"blockGraphs":[],"customGraphs":[],"default":{"data":{"Article":[],"Course":[],"Dataset":[],"FAQPage":[],"Movie":[],"Person":[],"Product":[],"ProductReview":[],"Car":[],"Recipe":[],"Service":[],"SoftwareApplication":[],"WebPage":[]},"graphName":"","isEnabled":true},"graphs":[]},"schema_type":null,"schema_type_options":null,"pillar_content":false,"robots_default":true,"robots_noindex":false,"robots_noarchive":false,"robots_nosnippet":false,"robots_nofollow":false,"robots_noimageindex":false,"robots_noodp":false,"robots_notranslate":false,"robots_max_snippet":null,"robots_max_videopreview":null,"robots_max_imagepreview":"large","priority":null,"frequency":null,"location":null,"local_seo":null,"seo_analyzer_scan_date":"2025-08-30 14:29:23","breadcrumb_settings":null,"limit_modified_date":false,"reviewed_by":null,"open_ai":null,"ai":null,"created":"2020-12-21 10:52:12","updated":"2025-08-30 14:29:23"},"aioseo_breadcrumb":"<div class=\"aioseo-breadcrumbs\"><span class=\"aioseo-breadcrumb\">\n\t<a href=\"https:\/\/candas365.es\/noticias\" title=\"Home\">Home<\/a>\n<\/span><span class=\"aioseo-breadcrumb-separator\">&ndash;<\/span><span class=\"aioseo-breadcrumb\">\n\t<a href=\"https:\/\/candas365.es\/noticias\/category\/deporte\/\" title=\"Deporte\">Deporte<\/a>\n<\/span><span class=\"aioseo-breadcrumb-separator\">&ndash;<\/span><span class=\"aioseo-breadcrumb\">\n\tGP de Rusia 2019: Leclerc suma su cuarta pole\n<\/span><\/div>","aioseo_breadcrumb_json":[{"label":"Home","link":"https:\/\/candas365.es\/noticias"},{"label":"Deporte","link":"https:\/\/candas365.es\/noticias\/category\/deporte\/"},{"label":"GP de Rusia 2019: Leclerc suma su cuarta pole","link":"https:\/\/candas365.es\/noticias\/gp-de-rusia-2019-leclerc-suma-su-cuarta-pole\/"}],"_links":{"self":[{"href":"https:\/\/candas365.es\/noticias\/wp-json\/wp\/v2\/posts\/130553","targetHints":{"allow":["GET"]}}],"collection":[{"href":"https:\/\/candas365.es\/noticias\/wp-json\/wp\/v2\/posts"}],"about":[{"href":"https:\/\/candas365.es\/noticias\/wp-json\/wp\/v2\/types\/post"}],"author":[{"embeddable":true,"href":"https:\/\/candas365.es\/noticias\/wp-json\/wp\/v2\/users\/1"}],"replies":[{"embeddable":true,"href":"https:\/\/candas365.es\/noticias\/wp-json\/wp\/v2\/comments?post=130553"}],"version-history":[{"count":0,"href":"https:\/\/candas365.es\/noticias\/wp-json\/wp\/v2\/posts\/130553\/revisions"}],"wp:featuredmedia":[{"embeddable":true,"href":"https:\/\/candas365.es\/noticias\/wp-json\/wp\/v2\/media\/91805"}],"wp:attachment":[{"href":"https:\/\/candas365.es\/noticias\/wp-json\/wp\/v2\/media?parent=130553"}],"wp:term":[{"taxonomy":"category","embeddable":true,"href":"https:\/\/candas365.es\/noticias\/wp-json\/wp\/v2\/categories?post=130553"},{"taxonomy":"post_tag","embeddable":true,"href":"https:\/\/candas365.es\/noticias\/wp-json\/wp\/v2\/tags?post=130553"}],"curies":[{"name":"wp","href":"https:\/\/api.w.org\/{rel}","templated":true}]}}