{"id":130527,"date":"2019-09-29T02:49:59","date_gmt":"2019-09-29T02:49:59","guid":{"rendered":"http:\/\/candas365.es\/noticias\/?p=130527"},"modified":"2019-09-29T02:49:59","modified_gmt":"2019-09-29T02:49:59","slug":"becas-a-deportistas-individuales-no-profesionales-en-carreno","status":"publish","type":"post","link":"https:\/\/candas365.es\/noticias\/becas-a-deportistas-individuales-no-profesionales-en-carreno\/","title":{"rendered":"Becas a deportistas individuales no profesionales en Carre\u00f1o"},"content":{"rendered":"<p><img fetchpriority=\"high\" decoding=\"async\" class=\"alignleft size-medium wp-image-6453\" src=\"https:\/\/candas365.es\/noticias\/wp-content\/uploads\/2015\/01\/ayuntamiento-360x270.jpg\" alt=\"\" width=\"360\" height=\"270\" srcset=\"https:\/\/candas365.es\/noticias\/wp-content\/uploads\/2015\/01\/ayuntamiento-360x270.jpg 360w, https:\/\/candas365.es\/noticias\/wp-content\/uploads\/2015\/01\/ayuntamiento-640x480.jpg 640w, https:\/\/candas365.es\/noticias\/wp-content\/uploads\/2015\/01\/ayuntamiento-768x576.jpg 768w, https:\/\/candas365.es\/noticias\/wp-content\/uploads\/2015\/01\/ayuntamiento-150x113.jpg 150w, https:\/\/candas365.es\/noticias\/wp-content\/uploads\/2015\/01\/ayuntamiento-450x338.jpg 450w, https:\/\/candas365.es\/noticias\/wp-content\/uploads\/2015\/01\/ayuntamiento-80x60.jpg 80w, https:\/\/candas365.es\/noticias\/wp-content\/uploads\/2015\/01\/ayuntamiento-265x198.jpg 265w, https:\/\/candas365.es\/noticias\/wp-content\/uploads\/2015\/01\/ayuntamiento-696x522.jpg 696w, https:\/\/candas365.es\/noticias\/wp-content\/uploads\/2015\/01\/ayuntamiento-560x420.jpg 560w, https:\/\/candas365.es\/noticias\/wp-content\/uploads\/2015\/01\/ayuntamiento-90x67.jpg 90w, https:\/\/candas365.es\/noticias\/wp-content\/uploads\/2015\/01\/ayuntamiento.jpg 800w\" sizes=\"(max-width: 360px) 100vw, 360px\" \/>El Ayuntamiento de Carre\u00f1o, a trav\u00e9s de la Concejal\u00eda de Deportes, convoca anualmente las <strong>Becas a Deportistas Individuales No Profesionales<\/strong>, en concurrencia competitiva. Entendiendo por Deportistas Individuales No Profesionales a aquellas personas que no reciben retribuciones econ\u00f3micas por su actividad y que hayan destacado a nivel individual o integrados\/as en equipos, por su participaci\u00f3n y \u00e9xitos deportivos en competiciones oficiales, auton\u00f3micas, nacionales o internacionales.<\/p>\n<p>Las ayudas o becas consistir\u00e1n en una aportaci\u00f3n econ\u00f3mica para colaborar a financiar los gastos que generan la actividad y pr\u00e1ctica deportiva de las personas beneficiarias. Se conceder\u00e1n a aquellos\/as deportistas que hayan realizado su actividad deportiva en el per\u00edodo comprendido entre el 1 de octubre de 2018 y el 30 de septiembre del 2019.<\/p>\n<p>\u201cA\u00f1o tras a\u00f1o seguimos manteniendo este tipo de ayudas individuales, de las cuales, cerca de 170 carre\u00f1enses\/as, pertenecientes a las disciplinas, entre otras, de judo, atletismo, pirag\u00fcismo, a lo largo de estos 12 a\u00f1os han podido beneficiarse. Estas Becas junto con las Subvenciones a las Entidades Deportivas, dejan de manifiesto nuestro firme compromiso con el deporte en Carre\u00f1o. Sin olvidarnos de toda la labor que, desde las instituciones p\u00fablicas, viene realizando el Patronato Deportivo Municipal\u201d coment\u00f3 David Garc\u00eda-Concejal de Deportes-.<\/p>\n<p>\u201cEl Deporte es un patrimonio al que tiene derecho toda la poblaci\u00f3n, entendiendo que la oferta deportiva municipal debe alcanzar a todos los grupos de edad y sectores sociales, evitando en la medida de lo posible que ninguna persona o colectivo quede al margen del fen\u00f3meno del deporte. Con esta premisa se viene organizando en cada temporada deportiva los programas \u201cescuelas deportivas\u201d, \u201cguarder\u00eda deportiva\u201d o el \u201cdeporte de tiempo libre\u201d en el que se encuadran por ejemplo la actividad f\u00edsica para mayores de 60 a\u00f1os o gimnasia de mantenimiento, de musculaci\u00f3n, pilates,\u2026 o el programa \u201cCaleyando Carre\u00f1o\u201d se\u00f1al\u00f3 Garc\u00eda.<\/p>\n<p>Podr\u00e1n beneficiarse de estas becas aquellos\/as deportistas que hayan realizado su actividad en el per\u00edodo anteriormente referido y que re\u00fanan entre otros las siguientes condiciones:<\/p>\n<ul>\n<li>Ser deportista no profesional.<\/li>\n<li>Estar federado\/a durante la temporada 2019-2020, en alguna federaci\u00f3n del Principado de Asturias y\/o delegaci\u00f3n de la federaci\u00f3n nacional.<\/li>\n<li>Estar encuadrado\/a en alguna de las categor\u00edas siguientes: cadetes, juveniles, junior, promesas y senior, entendiendo esta \u00faltima como criterios absolutos.<\/li>\n<li>Con car\u00e1cter excepcional se conceder\u00e1n estas ayudas a deportistas de categor\u00eda infantil que acudan a Campeonatos de Espa\u00f1a a t\u00edtulo individual o formando equipo y los componentes de selecciones auton\u00f3micas despu\u00e9s de haberse clasificado bien por puestos o por registros.<\/li>\n<li>Estar censado\/a en el Concejo de Carre\u00f1o, con una antig\u00fcedad m\u00ednima de 2 a\u00f1os a la fecha de la convocatoria de estas ayudas.<\/li>\n<li>No estar asalariado\/a.<\/li>\n<\/ul>\n<p>El plazo para presentar las solicitudes ser\u00e1 del 1 al 31 de octubre, ambos inclusive, como se\u00f1ala la convocatoria de la misma publicada en el Bolet\u00edn Oficial del Principado de Asturias el 16 de julio de 2019, siendo improrrogable. Transcurrido el mismo y no habiendo cumplimentado interesado toda la documentaci\u00f3n requerida en las bases de la convocatoria, se tendr\u00e1 por desestimada la solicitud.<\/p>\n<p>Las solicitudes se presentar\u00e1n en modelo oficial junto con la documentaci\u00f3n exigida y aquella que acredite los logros conseguidos en las fechas objeto de esta convocatoria. Deber\u00e1n presentar en el Registro General del Ayuntamiento de Carre\u00f1o (c\/ Santolaya 1-3, Cand\u00e1s), o en cualquiera de los procedimientos establecidos en el art. 16 de la Ley 39\/2015, de 1 de octubre, de Procedimiento Administrativo Com\u00fan de las Administraciones P\u00fablicas., en el siguiente horario:<\/p>\n<p>&#8211; lunes, martes, mi\u00e9rcoles, jueves y viernes de 9:00 a 14:00 horas.<\/p>\n<p>Para m\u00e1s informaci\u00f3n; se puede consultar la p\u00e1gina web www.ayto-carreno.es desde el a cual se podr\u00e1n descargar los impresos oficiales y la convocatoria de estas becas; o llamando a los tel\u00e9fonos 985-87 02 05\/06.<\/p>\n","protected":false},"excerpt":{"rendered":"<p>El Ayuntamiento de Carre\u00f1o, a trav\u00e9s de la Concejal\u00eda de Deportes, convoca anualmente las Becas a Deportistas Individuales No Profesionales, en concurrencia competitiva. Entendiendo por Deportistas Individuales No Profesionales a aquellas personas que no reciben retribuciones econ\u00f3micas por su actividad y que hayan destacado a nivel individual o integrados\/as en equipos, por su participaci\u00f3n y<\/p>\n","protected":false},"author":1,"featured_media":6453,"comment_status":"closed","ping_status":"closed","sticky":false,"template":"","format":"standard","meta":{"footnotes":""},"categories":[2],"tags":[],"class_list":{"0":"post-130527","1":"post","2":"type-post","3":"status-publish","4":"format-standard","5":"has-post-thumbnail","7":"category-noticias-carreno"},"aioseo_notices":[],"aioseo_head":"\n\t\t<!-- All in One SEO Pro 4.9.6.2 - aioseo.com -->\n\t<meta name=\"description\" content=\"El Ayuntamiento de Carre\u00f1o, a trav\u00e9s de la Concejal\u00eda de Deportes, convoca anualmente las Becas a Deportistas Individuales No Profesionales, en concurrencia competitiva. Entendiendo por Deportistas Individuales No Profesionales a aquellas personas que no reciben retribuciones econ\u00f3micas por su actividad y que hayan destacado a nivel individual o integrados\/as en equipos, por su participaci\u00f3n y\" \/>\n\t<meta name=\"robots\" content=\"max-image-preview:large\" \/>\n\t<meta name=\"author\" content=\"Cand\u00e1s 365\"\/>\n\t<meta name=\"google-site-verification\" content=\"UA-32230408-1\" \/>\n\t<meta name=\"msvalidate.01\" content=\"354F3CDFB2DA171B47FBE9ABF1F88D5\" \/>\n\t<meta name=\"keywords\" content=\"noticias carre\u00f1o\" \/>\n\t<link rel=\"canonical\" href=\"https:\/\/candas365.es\/noticias\/becas-a-deportistas-individuales-no-profesionales-en-carreno\/\" \/>\n\t<meta name=\"generator\" content=\"All in One SEO Pro (AIOSEO) 4.9.6.2\" \/>\n\t\t<meta property=\"og:locale\" content=\"es_ES\" \/>\n\t\t<meta property=\"og:site_name\" content=\"Cand\u00e1s 365\" \/>\n\t\t<meta property=\"og:type\" content=\"article\" \/>\n\t\t<meta property=\"og:title\" content=\"Becas a deportistas individuales no profesionales en Carre\u00f1o | Cand\u00e1s 365\" \/>\n\t\t<meta property=\"og:description\" content=\"El Ayuntamiento de Carre\u00f1o, a trav\u00e9s de la Concejal\u00eda de Deportes, convoca anualmente las Becas a Deportistas Individuales No Profesionales, en concurrencia competitiva. Entendiendo por Deportistas Individuales No Profesionales a aquellas personas que no reciben retribuciones econ\u00f3micas por su actividad y que hayan destacado a nivel individual o integrados\/as en equipos, por su participaci\u00f3n y\" \/>\n\t\t<meta property=\"og:url\" content=\"https:\/\/candas365.es\/noticias\/becas-a-deportistas-individuales-no-profesionales-en-carreno\/\" \/>\n\t\t<meta property=\"og:image\" content=\"https:\/\/candas365.es\/noticias\/wp-content\/uploads\/2015\/01\/ayuntamiento.jpg\" \/>\n\t\t<meta property=\"og:image:secure_url\" content=\"https:\/\/candas365.es\/noticias\/wp-content\/uploads\/2015\/01\/ayuntamiento.jpg\" \/>\n\t\t<meta property=\"og:image:width\" content=\"800\" \/>\n\t\t<meta property=\"og:image:height\" content=\"600\" \/>\n\t\t<meta property=\"article:published_time\" content=\"2019-09-29T02:49:59+00:00\" \/>\n\t\t<meta property=\"article:modified_time\" content=\"2019-09-29T02:49:59+00:00\" \/>\n\t\t<meta property=\"article:publisher\" content=\"https:\/\/www.facebook.com\/Nachofdezber\" \/>\n\t\t<meta property=\"article:author\" content=\"https:\/\/www.facebook.com\/carrenoactualidad\" \/>\n\t\t<meta name=\"twitter:card\" content=\"summary_large_image\" \/>\n\t\t<meta name=\"twitter:site\" content=\"@NabercoDigital\" \/>\n\t\t<meta name=\"twitter:title\" content=\"Becas a deportistas individuales no profesionales en Carre\u00f1o | Cand\u00e1s 365\" \/>\n\t\t<meta name=\"twitter:description\" content=\"El Ayuntamiento de Carre\u00f1o, a trav\u00e9s de la Concejal\u00eda de Deportes, convoca anualmente las Becas a Deportistas Individuales No Profesionales, en concurrencia competitiva. Entendiendo por Deportistas Individuales No Profesionales a aquellas personas que no reciben retribuciones econ\u00f3micas por su actividad y que hayan destacado a nivel individual o integrados\/as en equipos, por su participaci\u00f3n y\" \/>\n\t\t<meta name=\"twitter:creator\" content=\"@nbasturias\" \/>\n\t\t<meta name=\"twitter:image\" content=\"https:\/\/candas365.es\/noticias\/wp-content\/uploads\/2015\/01\/ayuntamiento.jpg\" \/>\n\t\t<meta name=\"twitter:label1\" content=\"Escrito por\" \/>\n\t\t<meta name=\"twitter:data1\" content=\"Cand\u00e1s 365\" \/>\n\t\t<meta name=\"twitter:label2\" content=\"Tiempo de lectura estimado\" \/>\n\t\t<meta name=\"twitter:data2\" content=\"3 minutos\" \/>\n\t\t<script type=\"application\/ld+json\" class=\"aioseo-schema\">\n\t\t\t{\"@context\":\"https:\\\/\\\/schema.org\",\"@graph\":[{\"@type\":\"BreadcrumbList\",\"@id\":\"https:\\\/\\\/candas365.es\\\/noticias\\\/becas-a-deportistas-individuales-no-profesionales-en-carreno\\\/#breadcrumblist\",\"itemListElement\":[{\"@type\":\"ListItem\",\"@id\":\"https:\\\/\\\/candas365.es\\\/noticias#listItem\",\"position\":1,\"name\":\"Home\",\"item\":\"https:\\\/\\\/candas365.es\\\/noticias\",\"nextItem\":{\"@type\":\"ListItem\",\"@id\":\"https:\\\/\\\/candas365.es\\\/noticias\\\/category\\\/noticias-carreno\\\/#listItem\",\"name\":\"Noticias Carre\\u00f1o\"}},{\"@type\":\"ListItem\",\"@id\":\"https:\\\/\\\/candas365.es\\\/noticias\\\/category\\\/noticias-carreno\\\/#listItem\",\"position\":2,\"name\":\"Noticias Carre\\u00f1o\",\"item\":\"https:\\\/\\\/candas365.es\\\/noticias\\\/category\\\/noticias-carreno\\\/\",\"nextItem\":{\"@type\":\"ListItem\",\"@id\":\"https:\\\/\\\/candas365.es\\\/noticias\\\/becas-a-deportistas-individuales-no-profesionales-en-carreno\\\/#listItem\",\"name\":\"Becas a deportistas individuales no profesionales en Carre\\u00f1o\"},\"previousItem\":{\"@type\":\"ListItem\",\"@id\":\"https:\\\/\\\/candas365.es\\\/noticias#listItem\",\"name\":\"Home\"}},{\"@type\":\"ListItem\",\"@id\":\"https:\\\/\\\/candas365.es\\\/noticias\\\/becas-a-deportistas-individuales-no-profesionales-en-carreno\\\/#listItem\",\"position\":3,\"name\":\"Becas a deportistas individuales no profesionales en Carre\\u00f1o\",\"previousItem\":{\"@type\":\"ListItem\",\"@id\":\"https:\\\/\\\/candas365.es\\\/noticias\\\/category\\\/noticias-carreno\\\/#listItem\",\"name\":\"Noticias Carre\\u00f1o\"}}]},{\"@type\":\"NewsArticle\",\"@id\":\"https:\\\/\\\/candas365.es\\\/noticias\\\/becas-a-deportistas-individuales-no-profesionales-en-carreno\\\/#newsarticle\",\"name\":\"Becas a deportistas individuales no profesionales en Carre\\u00f1o | Cand\\u00e1s 365\",\"headline\":\"Becas a deportistas individuales no profesionales en Carre\\u00f1o\",\"author\":{\"@id\":\"https:\\\/\\\/candas365.es\\\/noticias\\\/author\\\/admin\\\/#author\"},\"publisher\":{\"@id\":\"https:\\\/\\\/candas365.es\\\/noticias\\\/#organization\"},\"image\":{\"@type\":\"ImageObject\",\"url\":\"https:\\\/\\\/candas365.es\\\/noticias\\\/wp-content\\\/uploads\\\/2015\\\/01\\\/ayuntamiento.jpg\",\"width\":800,\"height\":600,\"caption\":\"Carre\\u00f1o\"},\"datePublished\":\"2019-09-29T02:49:59+02:00\",\"dateModified\":\"2019-09-29T02:49:59+02:00\",\"inLanguage\":\"es-ES\",\"mainEntityOfPage\":{\"@id\":\"https:\\\/\\\/candas365.es\\\/noticias\\\/becas-a-deportistas-individuales-no-profesionales-en-carreno\\\/#webpage\"},\"isPartOf\":{\"@id\":\"https:\\\/\\\/candas365.es\\\/noticias\\\/becas-a-deportistas-individuales-no-profesionales-en-carreno\\\/#webpage\"},\"articleSection\":\"Noticias Carre\\u00f1o\",\"dateline\":\"Publicado el septiembre 29, 2019.\"},{\"@type\":\"Organization\",\"@id\":\"https:\\\/\\\/candas365.es\\\/noticias\\\/#organization\",\"name\":\"Cand\\u00e1s 365\",\"description\":\"Cand\\u00e1s 365 es un diario digital independiente, fundado en 2012, con base en Asturias. Informamos con rigor sobre actualidad, sociedad, cultura y ocio, con una mirada local y global.\",\"url\":\"https:\\\/\\\/candas365.es\\\/noticias\\\/\",\"email\":\"info@candas365.es\",\"telephone\":\"+34652131393\",\"foundingDate\":\"2012-06-10\",\"logo\":{\"@type\":\"ImageObject\",\"url\":\"https:\\\/\\\/candas365.es\\\/noticias\\\/wp-content\\\/uploads\\\/2024\\\/09\\\/Candas-365-Redes.jpg\",\"@id\":\"https:\\\/\\\/candas365.es\\\/noticias\\\/becas-a-deportistas-individuales-no-profesionales-en-carreno\\\/#organizationLogo\",\"width\":1152,\"height\":864,\"caption\":\"Cand\\u00e1s 365 Redes\"},\"image\":{\"@id\":\"https:\\\/\\\/candas365.es\\\/noticias\\\/becas-a-deportistas-individuales-no-profesionales-en-carreno\\\/#organizationLogo\"},\"sameAs\":[\"https:\\\/\\\/www.facebook.com\\\/Nachofdezber\",\"https:\\\/\\\/x.com\\\/NabercoDigital\",\"https:\\\/\\\/www.instagram.com\\\/nachofdezber\\\/\",\"https:\\\/\\\/www.youtube.com\\\/channel\\\/UCZP-2wLEB9Rv6erhFmqVnvg\"],\"address\":{\"@id\":\"https:\\\/\\\/candas365.es\\\/noticias\\\/#postaladdress\",\"@type\":\"PostalAddress\",\"streetAddress\":\"san antonio 4, san antonio 4\",\"postalCode\":\"33430\",\"addressLocality\":\"Cand\\u00e1s\",\"addressRegion\":\"Asturias\",\"addressCountry\":\"ES\"}},{\"@type\":\"Person\",\"@id\":\"https:\\\/\\\/candas365.es\\\/noticias\\\/author\\\/admin\\\/#author\",\"url\":\"https:\\\/\\\/candas365.es\\\/noticias\\\/author\\\/admin\\\/\",\"name\":\"Cand\\u00e1s 365\",\"image\":{\"@type\":\"ImageObject\",\"@id\":\"https:\\\/\\\/candas365.es\\\/noticias\\\/becas-a-deportistas-individuales-no-profesionales-en-carreno\\\/#authorImage\",\"url\":\"https:\\\/\\\/secure.gravatar.com\\\/avatar\\\/496a8e03d0c493ede1718b7934145dbdf8d89be1036b0eec9544e1094c9de390?s=96&d=mm&r=g\",\"width\":96,\"height\":96,\"caption\":\"Cand\\u00e1s 365\"},\"sameAs\":[\"https:\\\/\\\/www.facebook.com\\\/carrenoactualidad\",\"https:\\\/\\\/twitter.com\\\/nbasturias\",\"https:\\\/\\\/www.instagram.com\\\/nachofdezber\\\/\",\"https:\\\/\\\/www.youtube.com\\\/channel\\\/UCZP-2wLEB9Rv6erhFmqVnvg\"]},{\"@type\":\"WebPage\",\"@id\":\"https:\\\/\\\/candas365.es\\\/noticias\\\/becas-a-deportistas-individuales-no-profesionales-en-carreno\\\/#webpage\",\"url\":\"https:\\\/\\\/candas365.es\\\/noticias\\\/becas-a-deportistas-individuales-no-profesionales-en-carreno\\\/\",\"name\":\"Becas a deportistas individuales no profesionales en Carre\\u00f1o | Cand\\u00e1s 365\",\"description\":\"El Ayuntamiento de Carre\\u00f1o, a trav\\u00e9s de la Concejal\\u00eda de Deportes, convoca anualmente las Becas a Deportistas Individuales No Profesionales, en concurrencia competitiva. Entendiendo por Deportistas Individuales No Profesionales a aquellas personas que no reciben retribuciones econ\\u00f3micas por su actividad y que hayan destacado a nivel individual o integrados\\\/as en equipos, por su participaci\\u00f3n y\",\"inLanguage\":\"es-ES\",\"isPartOf\":{\"@id\":\"https:\\\/\\\/candas365.es\\\/noticias\\\/#website\"},\"breadcrumb\":{\"@id\":\"https:\\\/\\\/candas365.es\\\/noticias\\\/becas-a-deportistas-individuales-no-profesionales-en-carreno\\\/#breadcrumblist\"},\"author\":{\"@id\":\"https:\\\/\\\/candas365.es\\\/noticias\\\/author\\\/admin\\\/#author\"},\"creator\":{\"@id\":\"https:\\\/\\\/candas365.es\\\/noticias\\\/author\\\/admin\\\/#author\"},\"image\":{\"@type\":\"ImageObject\",\"url\":\"https:\\\/\\\/candas365.es\\\/noticias\\\/wp-content\\\/uploads\\\/2015\\\/01\\\/ayuntamiento.jpg\",\"@id\":\"https:\\\/\\\/candas365.es\\\/noticias\\\/becas-a-deportistas-individuales-no-profesionales-en-carreno\\\/#mainImage\",\"width\":800,\"height\":600,\"caption\":\"Carre\\u00f1o\"},\"primaryImageOfPage\":{\"@id\":\"https:\\\/\\\/candas365.es\\\/noticias\\\/becas-a-deportistas-individuales-no-profesionales-en-carreno\\\/#mainImage\"},\"datePublished\":\"2019-09-29T02:49:59+02:00\",\"dateModified\":\"2019-09-29T02:49:59+02:00\"},{\"@type\":\"WebSite\",\"@id\":\"https:\\\/\\\/candas365.es\\\/noticias\\\/#website\",\"url\":\"https:\\\/\\\/candas365.es\\\/noticias\\\/\",\"name\":\"Cand\\u00e1s 365\",\"alternateName\":\"Cand\\u00e1s 365 Noticias\",\"description\":\"Actualidad desde Carre\\u00f1o para el mundo\",\"inLanguage\":\"es-ES\",\"publisher\":{\"@id\":\"https:\\\/\\\/candas365.es\\\/noticias\\\/#organization\"}}]}\n\t\t<\/script>\n\t\t<!-- All in One SEO Pro -->\r\n\t\t<title>Becas a deportistas individuales no profesionales en Carre\u00f1o | Cand\u00e1s 365<\/title>\n\n","aioseo_head_json":{"title":"Becas a deportistas individuales no profesionales en Carre\u00f1o | Cand\u00e1s 365","description":"El Ayuntamiento de Carre\u00f1o, a trav\u00e9s de la Concejal\u00eda de Deportes, convoca anualmente las Becas a Deportistas Individuales No Profesionales, en concurrencia competitiva. Entendiendo por Deportistas Individuales No Profesionales a aquellas personas que no reciben retribuciones econ\u00f3micas por su actividad y que hayan destacado a nivel individual o integrados\/as en equipos, por su participaci\u00f3n y","canonical_url":"https:\/\/candas365.es\/noticias\/becas-a-deportistas-individuales-no-profesionales-en-carreno\/","robots":"max-image-preview:large","keywords":"noticias carre\u00f1o","webmasterTools":{"google-site-verification":"UA-32230408-1","msvalidate.01":"354F3CDFB2DA171B47FBE9ABF1F88D5","miscellaneous":""},"schema":{"@context":"https:\/\/schema.org","@graph":[{"@type":"BreadcrumbList","@id":"https:\/\/candas365.es\/noticias\/becas-a-deportistas-individuales-no-profesionales-en-carreno\/#breadcrumblist","itemListElement":[{"@type":"ListItem","@id":"https:\/\/candas365.es\/noticias#listItem","position":1,"name":"Home","item":"https:\/\/candas365.es\/noticias","nextItem":{"@type":"ListItem","@id":"https:\/\/candas365.es\/noticias\/category\/noticias-carreno\/#listItem","name":"Noticias Carre\u00f1o"}},{"@type":"ListItem","@id":"https:\/\/candas365.es\/noticias\/category\/noticias-carreno\/#listItem","position":2,"name":"Noticias Carre\u00f1o","item":"https:\/\/candas365.es\/noticias\/category\/noticias-carreno\/","nextItem":{"@type":"ListItem","@id":"https:\/\/candas365.es\/noticias\/becas-a-deportistas-individuales-no-profesionales-en-carreno\/#listItem","name":"Becas a deportistas individuales no profesionales en Carre\u00f1o"},"previousItem":{"@type":"ListItem","@id":"https:\/\/candas365.es\/noticias#listItem","name":"Home"}},{"@type":"ListItem","@id":"https:\/\/candas365.es\/noticias\/becas-a-deportistas-individuales-no-profesionales-en-carreno\/#listItem","position":3,"name":"Becas a deportistas individuales no profesionales en Carre\u00f1o","previousItem":{"@type":"ListItem","@id":"https:\/\/candas365.es\/noticias\/category\/noticias-carreno\/#listItem","name":"Noticias Carre\u00f1o"}}]},{"@type":"NewsArticle","@id":"https:\/\/candas365.es\/noticias\/becas-a-deportistas-individuales-no-profesionales-en-carreno\/#newsarticle","name":"Becas a deportistas individuales no profesionales en Carre\u00f1o | Cand\u00e1s 365","headline":"Becas a deportistas individuales no profesionales en Carre\u00f1o","author":{"@id":"https:\/\/candas365.es\/noticias\/author\/admin\/#author"},"publisher":{"@id":"https:\/\/candas365.es\/noticias\/#organization"},"image":{"@type":"ImageObject","url":"https:\/\/candas365.es\/noticias\/wp-content\/uploads\/2015\/01\/ayuntamiento.jpg","width":800,"height":600,"caption":"Carre\u00f1o"},"datePublished":"2019-09-29T02:49:59+02:00","dateModified":"2019-09-29T02:49:59+02:00","inLanguage":"es-ES","mainEntityOfPage":{"@id":"https:\/\/candas365.es\/noticias\/becas-a-deportistas-individuales-no-profesionales-en-carreno\/#webpage"},"isPartOf":{"@id":"https:\/\/candas365.es\/noticias\/becas-a-deportistas-individuales-no-profesionales-en-carreno\/#webpage"},"articleSection":"Noticias Carre\u00f1o","dateline":"Publicado el septiembre 29, 2019."},{"@type":"Organization","@id":"https:\/\/candas365.es\/noticias\/#organization","name":"Cand\u00e1s 365","description":"Cand\u00e1s 365 es un diario digital independiente, fundado en 2012, con base en Asturias. Informamos con rigor sobre actualidad, sociedad, cultura y ocio, con una mirada local y global.","url":"https:\/\/candas365.es\/noticias\/","email":"info@candas365.es","telephone":"+34652131393","foundingDate":"2012-06-10","logo":{"@type":"ImageObject","url":"https:\/\/candas365.es\/noticias\/wp-content\/uploads\/2024\/09\/Candas-365-Redes.jpg","@id":"https:\/\/candas365.es\/noticias\/becas-a-deportistas-individuales-no-profesionales-en-carreno\/#organizationLogo","width":1152,"height":864,"caption":"Cand\u00e1s 365 Redes"},"image":{"@id":"https:\/\/candas365.es\/noticias\/becas-a-deportistas-individuales-no-profesionales-en-carreno\/#organizationLogo"},"sameAs":["https:\/\/www.facebook.com\/Nachofdezber","https:\/\/x.com\/NabercoDigital","https:\/\/www.instagram.com\/nachofdezber\/","https:\/\/www.youtube.com\/channel\/UCZP-2wLEB9Rv6erhFmqVnvg"],"address":{"@id":"https:\/\/candas365.es\/noticias\/#postaladdress","@type":"PostalAddress","streetAddress":"san antonio 4, san antonio 4","postalCode":"33430","addressLocality":"Cand\u00e1s","addressRegion":"Asturias","addressCountry":"ES"}},{"@type":"Person","@id":"https:\/\/candas365.es\/noticias\/author\/admin\/#author","url":"https:\/\/candas365.es\/noticias\/author\/admin\/","name":"Cand\u00e1s 365","image":{"@type":"ImageObject","@id":"https:\/\/candas365.es\/noticias\/becas-a-deportistas-individuales-no-profesionales-en-carreno\/#authorImage","url":"https:\/\/secure.gravatar.com\/avatar\/496a8e03d0c493ede1718b7934145dbdf8d89be1036b0eec9544e1094c9de390?s=96&d=mm&r=g","width":96,"height":96,"caption":"Cand\u00e1s 365"},"sameAs":["https:\/\/www.facebook.com\/carrenoactualidad","https:\/\/twitter.com\/nbasturias","https:\/\/www.instagram.com\/nachofdezber\/","https:\/\/www.youtube.com\/channel\/UCZP-2wLEB9Rv6erhFmqVnvg"]},{"@type":"WebPage","@id":"https:\/\/candas365.es\/noticias\/becas-a-deportistas-individuales-no-profesionales-en-carreno\/#webpage","url":"https:\/\/candas365.es\/noticias\/becas-a-deportistas-individuales-no-profesionales-en-carreno\/","name":"Becas a deportistas individuales no profesionales en Carre\u00f1o | Cand\u00e1s 365","description":"El Ayuntamiento de Carre\u00f1o, a trav\u00e9s de la Concejal\u00eda de Deportes, convoca anualmente las Becas a Deportistas Individuales No Profesionales, en concurrencia competitiva. Entendiendo por Deportistas Individuales No Profesionales a aquellas personas que no reciben retribuciones econ\u00f3micas por su actividad y que hayan destacado a nivel individual o integrados\/as en equipos, por su participaci\u00f3n y","inLanguage":"es-ES","isPartOf":{"@id":"https:\/\/candas365.es\/noticias\/#website"},"breadcrumb":{"@id":"https:\/\/candas365.es\/noticias\/becas-a-deportistas-individuales-no-profesionales-en-carreno\/#breadcrumblist"},"author":{"@id":"https:\/\/candas365.es\/noticias\/author\/admin\/#author"},"creator":{"@id":"https:\/\/candas365.es\/noticias\/author\/admin\/#author"},"image":{"@type":"ImageObject","url":"https:\/\/candas365.es\/noticias\/wp-content\/uploads\/2015\/01\/ayuntamiento.jpg","@id":"https:\/\/candas365.es\/noticias\/becas-a-deportistas-individuales-no-profesionales-en-carreno\/#mainImage","width":800,"height":600,"caption":"Carre\u00f1o"},"primaryImageOfPage":{"@id":"https:\/\/candas365.es\/noticias\/becas-a-deportistas-individuales-no-profesionales-en-carreno\/#mainImage"},"datePublished":"2019-09-29T02:49:59+02:00","dateModified":"2019-09-29T02:49:59+02:00"},{"@type":"WebSite","@id":"https:\/\/candas365.es\/noticias\/#website","url":"https:\/\/candas365.es\/noticias\/","name":"Cand\u00e1s 365","alternateName":"Cand\u00e1s 365 Noticias","description":"Actualidad desde Carre\u00f1o para el mundo","inLanguage":"es-ES","publisher":{"@id":"https:\/\/candas365.es\/noticias\/#organization"}}]},"og:locale":"es_ES","og:site_name":"Cand\u00e1s 365","og:type":"article","og:title":"Becas a deportistas individuales no profesionales en Carre\u00f1o | Cand\u00e1s 365","og:description":"El Ayuntamiento de Carre\u00f1o, a trav\u00e9s de la Concejal\u00eda de Deportes, convoca anualmente las Becas a Deportistas Individuales No Profesionales, en concurrencia competitiva. Entendiendo por Deportistas Individuales No Profesionales a aquellas personas que no reciben retribuciones econ\u00f3micas por su actividad y que hayan destacado a nivel individual o integrados\/as en equipos, por su participaci\u00f3n y","og:url":"https:\/\/candas365.es\/noticias\/becas-a-deportistas-individuales-no-profesionales-en-carreno\/","og:image":"https:\/\/candas365.es\/noticias\/wp-content\/uploads\/2015\/01\/ayuntamiento.jpg","og:image:secure_url":"https:\/\/candas365.es\/noticias\/wp-content\/uploads\/2015\/01\/ayuntamiento.jpg","og:image:width":800,"og:image:height":600,"article:published_time":"2019-09-29T02:49:59+00:00","article:modified_time":"2019-09-29T02:49:59+00:00","article:publisher":"https:\/\/www.facebook.com\/Nachofdezber","article:author":"https:\/\/www.facebook.com\/carrenoactualidad","twitter:card":"summary_large_image","twitter:site":"@NabercoDigital","twitter:title":"Becas a deportistas individuales no profesionales en Carre\u00f1o | Cand\u00e1s 365","twitter:description":"El Ayuntamiento de Carre\u00f1o, a trav\u00e9s de la Concejal\u00eda de Deportes, convoca anualmente las Becas a Deportistas Individuales No Profesionales, en concurrencia competitiva. Entendiendo por Deportistas Individuales No Profesionales a aquellas personas que no reciben retribuciones econ\u00f3micas por su actividad y que hayan destacado a nivel individual o integrados\/as en equipos, por su participaci\u00f3n y","twitter:creator":"@nbasturias","twitter:image":"https:\/\/candas365.es\/noticias\/wp-content\/uploads\/2015\/01\/ayuntamiento.jpg","twitter:label1":"Escrito por","twitter:data1":"Cand\u00e1s 365","twitter:label2":"Tiempo de lectura estimado","twitter:data2":"3 minutos"},"aioseo_meta_data":{"post_id":"130527","title":null,"description":null,"keywords":null,"keyphrases":null,"primary_term":null,"canonical_url":null,"og_title":null,"og_description":null,"og_object_type":"default","og_image_type":"default","og_image_url":null,"og_image_width":null,"og_image_height":null,"og_image_custom_url":null,"og_image_custom_fields":null,"og_video":null,"og_custom_url":null,"og_article_section":null,"og_article_tags":null,"twitter_use_og":false,"twitter_card":"default","twitter_image_type":"default","twitter_image_url":null,"twitter_image_custom_url":null,"twitter_image_custom_fields":null,"twitter_title":null,"twitter_description":null,"schema":{"blockGraphs":[],"customGraphs":[],"default":{"data":{"Article":[],"Course":[],"Dataset":[],"FAQPage":[],"Movie":[],"Person":[],"Product":[],"ProductReview":[],"Car":[],"Recipe":[],"Service":[],"SoftwareApplication":[],"WebPage":[]},"graphName":"","isEnabled":true},"graphs":[],"defaultGraph":"","defaultPostTypeGraph":""},"schema_type":null,"schema_type_options":null,"pillar_content":false,"robots_default":true,"robots_noindex":false,"robots_noarchive":false,"robots_nosnippet":false,"robots_nofollow":false,"robots_noimageindex":false,"robots_noodp":false,"robots_notranslate":false,"robots_max_snippet":null,"robots_max_videopreview":null,"robots_max_imagepreview":"large","priority":null,"frequency":null,"location":null,"local_seo":null,"seo_analyzer_scan_date":"2025-08-30 14:27:32","breadcrumb_settings":null,"limit_modified_date":false,"reviewed_by":null,"open_ai":null,"ai":null,"created":"2020-12-21 10:52:20","updated":"2025-08-30 14:27:32"},"aioseo_breadcrumb":"<div class=\"aioseo-breadcrumbs\"><span class=\"aioseo-breadcrumb\">\n\t<a href=\"https:\/\/candas365.es\/noticias\" title=\"Home\">Home<\/a>\n<\/span><span class=\"aioseo-breadcrumb-separator\">&ndash;<\/span><span class=\"aioseo-breadcrumb\">\n\t<a href=\"https:\/\/candas365.es\/noticias\/category\/noticias-carreno\/\" title=\"Noticias Carre\u00f1o\">Noticias Carre\u00f1o<\/a>\n<\/span><span class=\"aioseo-breadcrumb-separator\">&ndash;<\/span><span class=\"aioseo-breadcrumb\">\n\tBecas a deportistas individuales no profesionales en Carre\u00f1o\n<\/span><\/div>","aioseo_breadcrumb_json":[{"label":"Home","link":"https:\/\/candas365.es\/noticias"},{"label":"Noticias Carre\u00f1o","link":"https:\/\/candas365.es\/noticias\/category\/noticias-carreno\/"},{"label":"Becas a deportistas individuales no profesionales en Carre\u00f1o","link":"https:\/\/candas365.es\/noticias\/becas-a-deportistas-individuales-no-profesionales-en-carreno\/"}],"_links":{"self":[{"href":"https:\/\/candas365.es\/noticias\/wp-json\/wp\/v2\/posts\/130527","targetHints":{"allow":["GET"]}}],"collection":[{"href":"https:\/\/candas365.es\/noticias\/wp-json\/wp\/v2\/posts"}],"about":[{"href":"https:\/\/candas365.es\/noticias\/wp-json\/wp\/v2\/types\/post"}],"author":[{"embeddable":true,"href":"https:\/\/candas365.es\/noticias\/wp-json\/wp\/v2\/users\/1"}],"replies":[{"embeddable":true,"href":"https:\/\/candas365.es\/noticias\/wp-json\/wp\/v2\/comments?post=130527"}],"version-history":[{"count":0,"href":"https:\/\/candas365.es\/noticias\/wp-json\/wp\/v2\/posts\/130527\/revisions"}],"wp:featuredmedia":[{"embeddable":true,"href":"https:\/\/candas365.es\/noticias\/wp-json\/wp\/v2\/media\/6453"}],"wp:attachment":[{"href":"https:\/\/candas365.es\/noticias\/wp-json\/wp\/v2\/media?parent=130527"}],"wp:term":[{"taxonomy":"category","embeddable":true,"href":"https:\/\/candas365.es\/noticias\/wp-json\/wp\/v2\/categories?post=130527"},{"taxonomy":"post_tag","embeddable":true,"href":"https:\/\/candas365.es\/noticias\/wp-json\/wp\/v2\/tags?post=130527"}],"curies":[{"name":"wp","href":"https:\/\/api.w.org\/{rel}","templated":true}]}}