{"id":130525,"date":"2019-09-29T02:46:10","date_gmt":"2019-09-29T02:46:10","guid":{"rendered":"http:\/\/candas365.es\/noticias\/?p=130525"},"modified":"2019-09-29T02:46:10","modified_gmt":"2019-09-29T02:46:10","slug":"cursos-de-extension-cultural-2019-2020-en-carreno","status":"publish","type":"post","link":"https:\/\/candas365.es\/noticias\/cursos-de-extension-cultural-2019-2020-en-carreno\/","title":{"rendered":"Cursos de Extensi\u00f3n Cultural 2019-2020, en Carre\u00f1o"},"content":{"rendered":"<p><img fetchpriority=\"high\" decoding=\"async\" class=\"alignleft size-medium wp-image-2364\" src=\"https:\/\/candas365.es\/noticias\/wp-content\/uploads\/2014\/10\/Polivalente-360x270.jpg\" alt=\"\" width=\"360\" height=\"270\" srcset=\"https:\/\/candas365.es\/noticias\/wp-content\/uploads\/2014\/10\/Polivalente-360x270.jpg 360w, https:\/\/candas365.es\/noticias\/wp-content\/uploads\/2014\/10\/Polivalente-640x480.jpg 640w, https:\/\/candas365.es\/noticias\/wp-content\/uploads\/2014\/10\/Polivalente-768x576.jpg 768w, https:\/\/candas365.es\/noticias\/wp-content\/uploads\/2014\/10\/Polivalente-150x113.jpg 150w, https:\/\/candas365.es\/noticias\/wp-content\/uploads\/2014\/10\/Polivalente-450x338.jpg 450w, https:\/\/candas365.es\/noticias\/wp-content\/uploads\/2014\/10\/Polivalente-80x60.jpg 80w, https:\/\/candas365.es\/noticias\/wp-content\/uploads\/2014\/10\/Polivalente-265x198.jpg 265w, https:\/\/candas365.es\/noticias\/wp-content\/uploads\/2014\/10\/Polivalente-696x522.jpg 696w, https:\/\/candas365.es\/noticias\/wp-content\/uploads\/2014\/10\/Polivalente-560x420.jpg 560w, https:\/\/candas365.es\/noticias\/wp-content\/uploads\/2014\/10\/Polivalente-90x67.jpg 90w, https:\/\/candas365.es\/noticias\/wp-content\/uploads\/2014\/10\/Polivalente.jpg 1024w\" sizes=\"(max-width: 360px) 100vw, 360px\" \/>El pr\u00f3ximo martes 1 de octubre hasta el martes 15 de octubre se abre el <strong>per\u00edodo de inscripci\u00f3n para la nueva convocatoria de los Cursos de Extensi\u00f3n Cultural para el curso 2019-2020<\/strong> que organiza el Ayuntamiento de Carre\u00f1o a trav\u00e9s de la Concejal\u00eda de Cultura.<\/p>\n<p>Para curso 2019\/2020 se ofrecen 38 acciones formativas de 15 tem\u00e1ticas distintas. Ofert\u00e1ndose m\u00e1s de 400 plazas, distribuidas en 1.796 horas lectivas de formaci\u00f3n. Llegando as\u00ed cada vez m\u00e1s lejos en su objetivo de promover la participaci\u00f3n social, la educaci\u00f3n, la formaci\u00f3n y la cultura, y mejorar la calidad de vida de las personas en el \u00e1mbito municipal.<\/p>\n<p>Se mantienen el precio de la matr\u00edcula en los cursos y la bonificaci\u00f3n del 50 % en los precios de matr\u00edcula para las personas que est\u00e9n en situaci\u00f3n de desempleo de larga duraci\u00f3n. Para poder optar a ello, se requiere que acrediten en el momento de matricularse un certificado original del Servicio P\u00fablico de Empleo, en el que conste su situaci\u00f3n de desempleados\/as durante un a\u00f1o ininterrumpidamente.<\/p>\n<p>\u201cApuestas seguras como cer\u00e1mica, artesan\u00eda decorativa, madera o cuero comparten en esta edici\u00f3n con nuevas acciones formativas como huerto y agricultura ecol\u00f3gica o actividades que refuerzan las tradiciones del concejo como es el curso de danza prima y cancionero candas\u00edn o la elaboraci\u00f3n de mantas candasinas\u201d, explic\u00f3 Juanjo Fern\u00e1ndez, Concejal de Cultura.<\/p>\n<p>El plazo de inscripci\u00f3n dar\u00e1 comienzo el pr\u00f3ximo martes, 1 de octubre hasta el martes 15 de octubre de 2019, ambos inclusive en el siguiente horario:<\/p>\n<p>&#8211; Lunes, martes, mi\u00e9rcoles, jueves y viernes de 9 a 13 horas.<\/p>\n<p>Las solicitudes para acceder a este programa cultural deber\u00e1n presentarse, de manera presencial, en el registro general del Ayuntamiento de Carre\u00f1o (Santolaya, 1-3), tel\u00e9fono 985.87.02.05. As\u00ed mismo, para facilitar esta tarea, los impresos originales de matr\u00edcula se podr\u00e1n descargar en la p\u00e1gina web municipal. www.ayto-carreno.es.<\/p>\n<p>A la hora de matricularse tendr\u00e1n preferencia aquellas personas empadronadas en el Concejo de Carre\u00f1o. Las personas de fuera del Concejo quedar\u00e1n en reserva, anulando la matr\u00edcula en caso de efectuarla por error. Las plazas se adjudicar\u00e1n por riguroso orden de inscripci\u00f3n en el curso.<\/p>\n<p>Con el fin de que la mayor\u00eda de las personas puedan realizar alg\u00fan curso, s\u00f3lo se podr\u00e1 elegir uno preferente y un m\u00e1ximo de dos reservas. Y s\u00f3lo se podr\u00e1 cubrir una solicitud por persona.<\/p>\n<p>\u201cEn el caso de la lista de reserva, en primer lugar tendr\u00e1n preferencia los vecinos y vecinas de Carre\u00f1o que no est\u00e9n matriculadas en otro curso. A continuaci\u00f3n los y las que s\u00ed est\u00e1n matriculados en alg\u00fan otro curso. Y en tercer lugar, si a\u00fan hay plazas disponibles, las personas empadronadas en otros concejos. Las adjudicaciones siempre se har\u00e1n por riguroso orden, en funci\u00f3n de la fecha de inscripci\u00f3n de la solicitud\u201d se\u00f1al\u00f3 la Concejala.<\/p>\n<p>La presentaci\u00f3n Oficial tendr\u00e1 lugar el viernes 25 de octubre a las 18:00 horas en el Centro Polivalente \u201cLa Baraga\u00f1a\u201d de Cand\u00e1s.<\/p>\n<p>Inicio de los mismos ser\u00e1 a partir del d\u00eda 28 de octubre de 2019, primer d\u00eda lectivo de ese mes, el d\u00eda que corresponda seg\u00fan el horario previsto en cada curso. Con la matr\u00edcula se entregar\u00e1 un calendario del curso. Salvo los de telar manual y artesanal y huerto\/agricultura ecol\u00f3gica que dar\u00e1n comienzo en el mes de enero de 2020.<\/p>\n<p>Para los cursos que se inicien en enero se volver\u00e1 abrir un per\u00edodo de matr\u00edcula en el mes de diciembre, aunque las personas que lo deseen tambi\u00e9n pueden inscribirse a partir de este 1 de octubre.<\/p>\n<p>La asistencia a los cursos tendr\u00e1 car\u00e1cter voluntario. Se entregar\u00e1 diploma de asistencia a los\/las participantes que lo soliciten. Los diplomas solicitados se entregar\u00e1n al final de curso en el acto de inauguraci\u00f3n de la exposici\u00f3n de los trabajos realizados, finalizada \u00e9sta, podr\u00e1n recogerse en el Ayuntamiento. Para obtener dicho diploma, se requiere una asistencia de al menos el 80% de las sesiones.<\/p>\n<p>No se proceder\u00e1 a la devoluci\u00f3n de ning\u00fan importe de matr\u00edcula salvo que el curso se anule por falta de alumnado o causa imputable al Ayuntamiento de Carre\u00f1o.<\/p>\n<p>\u201cDe cara a las acciones que dar\u00e1n comienzo a lo largo del mes de enero del pr\u00f3ximo a\u00f1o, desde la Concejal\u00eda de Cultura se sigue trabajando en poder aumentar su n\u00famero y la tem\u00e1tica. As\u00ed por ejemplo con la asociaci\u00f3n \u201cAmigos del H\u00f3rreo\u201d se est\u00e1 dise\u00f1ando un seminario en el que se compaginar\u00e1 una parte te\u00f3rica con salidas de campo\u201d se\u00f1al\u00f3 Fern\u00e1ndez.<\/p>\n<p>Todos los cursos se llevar\u00e1n a cabo en instalaciones municipales, en el Centro Polivalente \u201cLa Baraga\u00f1a\u201d , en la Casa de Encuentros o en los CIR o en La Escuela de Sabores \u201cLA LLARIEGA\u201d situada en las antiguas escuelas del Regueral.<\/p>\n","protected":false},"excerpt":{"rendered":"<p>El pr\u00f3ximo martes 1 de octubre hasta el martes 15 de octubre se abre el per\u00edodo de inscripci\u00f3n para la nueva convocatoria de los Cursos de Extensi\u00f3n Cultural para el curso 2019-2020 que organiza el Ayuntamiento de Carre\u00f1o a trav\u00e9s de la Concejal\u00eda de Cultura. Para curso 2019\/2020 se ofrecen 38 acciones formativas de 15<\/p>\n","protected":false},"author":1,"featured_media":2364,"comment_status":"closed","ping_status":"closed","sticky":false,"template":"","format":"standard","meta":{"footnotes":""},"categories":[2],"tags":[],"class_list":{"0":"post-130525","1":"post","2":"type-post","3":"status-publish","4":"format-standard","5":"has-post-thumbnail","7":"category-noticias-carreno"},"aioseo_notices":[],"aioseo_head":"\n\t\t<!-- All in One SEO Pro 4.9.6.2 - aioseo.com -->\n\t<meta name=\"description\" content=\"El pr\u00f3ximo martes 1 de octubre hasta el martes 15 de octubre se abre el per\u00edodo de inscripci\u00f3n para la nueva convocatoria de los Cursos de Extensi\u00f3n Cultural para el curso 2019-2020 que organiza el Ayuntamiento de Carre\u00f1o a trav\u00e9s de la Concejal\u00eda de Cultura. Para curso 2019\/2020 se ofrecen 38 acciones formativas de 15\" \/>\n\t<meta name=\"robots\" content=\"max-image-preview:large\" \/>\n\t<meta name=\"author\" content=\"Cand\u00e1s 365\"\/>\n\t<meta name=\"google-site-verification\" content=\"UA-32230408-1\" \/>\n\t<meta name=\"msvalidate.01\" content=\"354F3CDFB2DA171B47FBE9ABF1F88D5\" \/>\n\t<meta name=\"keywords\" content=\"noticias carre\u00f1o\" \/>\n\t<link rel=\"canonical\" href=\"https:\/\/candas365.es\/noticias\/cursos-de-extension-cultural-2019-2020-en-carreno\/\" \/>\n\t<meta name=\"generator\" content=\"All in One SEO Pro (AIOSEO) 4.9.6.2\" \/>\n\t\t<meta property=\"og:locale\" content=\"es_ES\" \/>\n\t\t<meta property=\"og:site_name\" content=\"Cand\u00e1s 365\" \/>\n\t\t<meta property=\"og:type\" content=\"article\" \/>\n\t\t<meta property=\"og:title\" content=\"Cursos de Extensi\u00f3n Cultural 2019-2020, en Carre\u00f1o | Cand\u00e1s 365\" \/>\n\t\t<meta property=\"og:description\" content=\"El pr\u00f3ximo martes 1 de octubre hasta el martes 15 de octubre se abre el per\u00edodo de inscripci\u00f3n para la nueva convocatoria de los Cursos de Extensi\u00f3n Cultural para el curso 2019-2020 que organiza el Ayuntamiento de Carre\u00f1o a trav\u00e9s de la Concejal\u00eda de Cultura. Para curso 2019\/2020 se ofrecen 38 acciones formativas de 15\" \/>\n\t\t<meta property=\"og:url\" content=\"https:\/\/candas365.es\/noticias\/cursos-de-extension-cultural-2019-2020-en-carreno\/\" \/>\n\t\t<meta property=\"og:image\" content=\"https:\/\/candas365.es\/noticias\/wp-content\/uploads\/2014\/10\/Polivalente.jpg\" \/>\n\t\t<meta property=\"og:image:secure_url\" content=\"https:\/\/candas365.es\/noticias\/wp-content\/uploads\/2014\/10\/Polivalente.jpg\" \/>\n\t\t<meta property=\"og:image:width\" content=\"1024\" \/>\n\t\t<meta property=\"og:image:height\" content=\"768\" \/>\n\t\t<meta property=\"article:published_time\" content=\"2019-09-29T02:46:10+00:00\" \/>\n\t\t<meta property=\"article:modified_time\" content=\"2019-09-29T02:46:10+00:00\" \/>\n\t\t<meta property=\"article:publisher\" content=\"https:\/\/www.facebook.com\/Nachofdezber\" \/>\n\t\t<meta property=\"article:author\" content=\"https:\/\/www.facebook.com\/carrenoactualidad\" \/>\n\t\t<meta name=\"twitter:card\" content=\"summary_large_image\" \/>\n\t\t<meta name=\"twitter:site\" content=\"@NabercoDigital\" \/>\n\t\t<meta name=\"twitter:title\" content=\"Cursos de Extensi\u00f3n Cultural 2019-2020, en Carre\u00f1o | Cand\u00e1s 365\" \/>\n\t\t<meta name=\"twitter:description\" content=\"El pr\u00f3ximo martes 1 de octubre hasta el martes 15 de octubre se abre el per\u00edodo de inscripci\u00f3n para la nueva convocatoria de los Cursos de Extensi\u00f3n Cultural para el curso 2019-2020 que organiza el Ayuntamiento de Carre\u00f1o a trav\u00e9s de la Concejal\u00eda de Cultura. Para curso 2019\/2020 se ofrecen 38 acciones formativas de 15\" \/>\n\t\t<meta name=\"twitter:creator\" content=\"@nbasturias\" \/>\n\t\t<meta name=\"twitter:image\" content=\"https:\/\/candas365.es\/noticias\/wp-content\/uploads\/2014\/10\/Polivalente.jpg\" \/>\n\t\t<meta name=\"twitter:label1\" content=\"Escrito por\" \/>\n\t\t<meta name=\"twitter:data1\" content=\"Cand\u00e1s 365\" \/>\n\t\t<meta name=\"twitter:label2\" content=\"Tiempo de lectura estimado\" \/>\n\t\t<meta name=\"twitter:data2\" content=\"4 minutos\" \/>\n\t\t<script type=\"application\/ld+json\" class=\"aioseo-schema\">\n\t\t\t{\"@context\":\"https:\\\/\\\/schema.org\",\"@graph\":[{\"@type\":\"BreadcrumbList\",\"@id\":\"https:\\\/\\\/candas365.es\\\/noticias\\\/cursos-de-extension-cultural-2019-2020-en-carreno\\\/#breadcrumblist\",\"itemListElement\":[{\"@type\":\"ListItem\",\"@id\":\"https:\\\/\\\/candas365.es\\\/noticias#listItem\",\"position\":1,\"name\":\"Home\",\"item\":\"https:\\\/\\\/candas365.es\\\/noticias\",\"nextItem\":{\"@type\":\"ListItem\",\"@id\":\"https:\\\/\\\/candas365.es\\\/noticias\\\/category\\\/noticias-carreno\\\/#listItem\",\"name\":\"Noticias Carre\\u00f1o\"}},{\"@type\":\"ListItem\",\"@id\":\"https:\\\/\\\/candas365.es\\\/noticias\\\/category\\\/noticias-carreno\\\/#listItem\",\"position\":2,\"name\":\"Noticias Carre\\u00f1o\",\"item\":\"https:\\\/\\\/candas365.es\\\/noticias\\\/category\\\/noticias-carreno\\\/\",\"nextItem\":{\"@type\":\"ListItem\",\"@id\":\"https:\\\/\\\/candas365.es\\\/noticias\\\/cursos-de-extension-cultural-2019-2020-en-carreno\\\/#listItem\",\"name\":\"Cursos de Extensi\\u00f3n Cultural 2019-2020, en Carre\\u00f1o\"},\"previousItem\":{\"@type\":\"ListItem\",\"@id\":\"https:\\\/\\\/candas365.es\\\/noticias#listItem\",\"name\":\"Home\"}},{\"@type\":\"ListItem\",\"@id\":\"https:\\\/\\\/candas365.es\\\/noticias\\\/cursos-de-extension-cultural-2019-2020-en-carreno\\\/#listItem\",\"position\":3,\"name\":\"Cursos de Extensi\\u00f3n Cultural 2019-2020, en Carre\\u00f1o\",\"previousItem\":{\"@type\":\"ListItem\",\"@id\":\"https:\\\/\\\/candas365.es\\\/noticias\\\/category\\\/noticias-carreno\\\/#listItem\",\"name\":\"Noticias Carre\\u00f1o\"}}]},{\"@type\":\"NewsArticle\",\"@id\":\"https:\\\/\\\/candas365.es\\\/noticias\\\/cursos-de-extension-cultural-2019-2020-en-carreno\\\/#newsarticle\",\"name\":\"Cursos de Extensi\\u00f3n Cultural 2019-2020, en Carre\\u00f1o | Cand\\u00e1s 365\",\"headline\":\"Cursos de Extensi\\u00f3n Cultural 2019-2020, en Carre\\u00f1o\",\"author\":{\"@id\":\"https:\\\/\\\/candas365.es\\\/noticias\\\/author\\\/admin\\\/#author\"},\"publisher\":{\"@id\":\"https:\\\/\\\/candas365.es\\\/noticias\\\/#organization\"},\"image\":{\"@type\":\"ImageObject\",\"url\":\"https:\\\/\\\/candas365.es\\\/noticias\\\/wp-content\\\/uploads\\\/2014\\\/10\\\/Polivalente.jpg\",\"width\":1024,\"height\":768},\"datePublished\":\"2019-09-29T02:46:10+02:00\",\"dateModified\":\"2019-09-29T02:46:10+02:00\",\"inLanguage\":\"es-ES\",\"mainEntityOfPage\":{\"@id\":\"https:\\\/\\\/candas365.es\\\/noticias\\\/cursos-de-extension-cultural-2019-2020-en-carreno\\\/#webpage\"},\"isPartOf\":{\"@id\":\"https:\\\/\\\/candas365.es\\\/noticias\\\/cursos-de-extension-cultural-2019-2020-en-carreno\\\/#webpage\"},\"articleSection\":\"Noticias Carre\\u00f1o\",\"dateline\":\"Publicado el septiembre 29, 2019.\"},{\"@type\":\"Organization\",\"@id\":\"https:\\\/\\\/candas365.es\\\/noticias\\\/#organization\",\"name\":\"Cand\\u00e1s 365\",\"description\":\"Cand\\u00e1s 365 es un diario digital independiente, fundado en 2012, con base en Asturias. Informamos con rigor sobre actualidad, sociedad, cultura y ocio, con una mirada local y global.\",\"url\":\"https:\\\/\\\/candas365.es\\\/noticias\\\/\",\"email\":\"info@candas365.es\",\"telephone\":\"+34652131393\",\"foundingDate\":\"2012-06-10\",\"logo\":{\"@type\":\"ImageObject\",\"url\":\"https:\\\/\\\/candas365.es\\\/noticias\\\/wp-content\\\/uploads\\\/2024\\\/09\\\/Candas-365-Redes.jpg\",\"@id\":\"https:\\\/\\\/candas365.es\\\/noticias\\\/cursos-de-extension-cultural-2019-2020-en-carreno\\\/#organizationLogo\",\"width\":1152,\"height\":864,\"caption\":\"Cand\\u00e1s 365 Redes\"},\"image\":{\"@id\":\"https:\\\/\\\/candas365.es\\\/noticias\\\/cursos-de-extension-cultural-2019-2020-en-carreno\\\/#organizationLogo\"},\"sameAs\":[\"https:\\\/\\\/www.facebook.com\\\/Nachofdezber\",\"https:\\\/\\\/x.com\\\/NabercoDigital\",\"https:\\\/\\\/www.instagram.com\\\/nachofdezber\\\/\",\"https:\\\/\\\/www.youtube.com\\\/channel\\\/UCZP-2wLEB9Rv6erhFmqVnvg\"],\"address\":{\"@id\":\"https:\\\/\\\/candas365.es\\\/noticias\\\/#postaladdress\",\"@type\":\"PostalAddress\",\"streetAddress\":\"san antonio 4, san antonio 4\",\"postalCode\":\"33430\",\"addressLocality\":\"Cand\\u00e1s\",\"addressRegion\":\"Asturias\",\"addressCountry\":\"ES\"}},{\"@type\":\"Person\",\"@id\":\"https:\\\/\\\/candas365.es\\\/noticias\\\/author\\\/admin\\\/#author\",\"url\":\"https:\\\/\\\/candas365.es\\\/noticias\\\/author\\\/admin\\\/\",\"name\":\"Cand\\u00e1s 365\",\"image\":{\"@type\":\"ImageObject\",\"@id\":\"https:\\\/\\\/candas365.es\\\/noticias\\\/cursos-de-extension-cultural-2019-2020-en-carreno\\\/#authorImage\",\"url\":\"https:\\\/\\\/secure.gravatar.com\\\/avatar\\\/496a8e03d0c493ede1718b7934145dbdf8d89be1036b0eec9544e1094c9de390?s=96&d=mm&r=g\",\"width\":96,\"height\":96,\"caption\":\"Cand\\u00e1s 365\"},\"sameAs\":[\"https:\\\/\\\/www.facebook.com\\\/carrenoactualidad\",\"https:\\\/\\\/twitter.com\\\/nbasturias\",\"https:\\\/\\\/www.instagram.com\\\/nachofdezber\\\/\",\"https:\\\/\\\/www.youtube.com\\\/channel\\\/UCZP-2wLEB9Rv6erhFmqVnvg\"]},{\"@type\":\"WebPage\",\"@id\":\"https:\\\/\\\/candas365.es\\\/noticias\\\/cursos-de-extension-cultural-2019-2020-en-carreno\\\/#webpage\",\"url\":\"https:\\\/\\\/candas365.es\\\/noticias\\\/cursos-de-extension-cultural-2019-2020-en-carreno\\\/\",\"name\":\"Cursos de Extensi\\u00f3n Cultural 2019-2020, en Carre\\u00f1o | Cand\\u00e1s 365\",\"description\":\"El pr\\u00f3ximo martes 1 de octubre hasta el martes 15 de octubre se abre el per\\u00edodo de inscripci\\u00f3n para la nueva convocatoria de los Cursos de Extensi\\u00f3n Cultural para el curso 2019-2020 que organiza el Ayuntamiento de Carre\\u00f1o a trav\\u00e9s de la Concejal\\u00eda de Cultura. Para curso 2019\\\/2020 se ofrecen 38 acciones formativas de 15\",\"inLanguage\":\"es-ES\",\"isPartOf\":{\"@id\":\"https:\\\/\\\/candas365.es\\\/noticias\\\/#website\"},\"breadcrumb\":{\"@id\":\"https:\\\/\\\/candas365.es\\\/noticias\\\/cursos-de-extension-cultural-2019-2020-en-carreno\\\/#breadcrumblist\"},\"author\":{\"@id\":\"https:\\\/\\\/candas365.es\\\/noticias\\\/author\\\/admin\\\/#author\"},\"creator\":{\"@id\":\"https:\\\/\\\/candas365.es\\\/noticias\\\/author\\\/admin\\\/#author\"},\"image\":{\"@type\":\"ImageObject\",\"url\":\"https:\\\/\\\/candas365.es\\\/noticias\\\/wp-content\\\/uploads\\\/2014\\\/10\\\/Polivalente.jpg\",\"@id\":\"https:\\\/\\\/candas365.es\\\/noticias\\\/cursos-de-extension-cultural-2019-2020-en-carreno\\\/#mainImage\",\"width\":1024,\"height\":768},\"primaryImageOfPage\":{\"@id\":\"https:\\\/\\\/candas365.es\\\/noticias\\\/cursos-de-extension-cultural-2019-2020-en-carreno\\\/#mainImage\"},\"datePublished\":\"2019-09-29T02:46:10+02:00\",\"dateModified\":\"2019-09-29T02:46:10+02:00\"},{\"@type\":\"WebSite\",\"@id\":\"https:\\\/\\\/candas365.es\\\/noticias\\\/#website\",\"url\":\"https:\\\/\\\/candas365.es\\\/noticias\\\/\",\"name\":\"Cand\\u00e1s 365\",\"alternateName\":\"Cand\\u00e1s 365 Noticias\",\"description\":\"Actualidad desde Carre\\u00f1o para el mundo\",\"inLanguage\":\"es-ES\",\"publisher\":{\"@id\":\"https:\\\/\\\/candas365.es\\\/noticias\\\/#organization\"}}]}\n\t\t<\/script>\n\t\t<!-- All in One SEO Pro -->\r\n\t\t<title>Cursos de Extensi\u00f3n Cultural 2019-2020, en Carre\u00f1o | Cand\u00e1s 365<\/title>\n\n","aioseo_head_json":{"title":"Cursos de Extensi\u00f3n Cultural 2019-2020, en Carre\u00f1o | Cand\u00e1s 365","description":"El pr\u00f3ximo martes 1 de octubre hasta el martes 15 de octubre se abre el per\u00edodo de inscripci\u00f3n para la nueva convocatoria de los Cursos de Extensi\u00f3n Cultural para el curso 2019-2020 que organiza el Ayuntamiento de Carre\u00f1o a trav\u00e9s de la Concejal\u00eda de Cultura. Para curso 2019\/2020 se ofrecen 38 acciones formativas de 15","canonical_url":"https:\/\/candas365.es\/noticias\/cursos-de-extension-cultural-2019-2020-en-carreno\/","robots":"max-image-preview:large","keywords":"noticias carre\u00f1o","webmasterTools":{"google-site-verification":"UA-32230408-1","msvalidate.01":"354F3CDFB2DA171B47FBE9ABF1F88D5","miscellaneous":""},"schema":{"@context":"https:\/\/schema.org","@graph":[{"@type":"BreadcrumbList","@id":"https:\/\/candas365.es\/noticias\/cursos-de-extension-cultural-2019-2020-en-carreno\/#breadcrumblist","itemListElement":[{"@type":"ListItem","@id":"https:\/\/candas365.es\/noticias#listItem","position":1,"name":"Home","item":"https:\/\/candas365.es\/noticias","nextItem":{"@type":"ListItem","@id":"https:\/\/candas365.es\/noticias\/category\/noticias-carreno\/#listItem","name":"Noticias Carre\u00f1o"}},{"@type":"ListItem","@id":"https:\/\/candas365.es\/noticias\/category\/noticias-carreno\/#listItem","position":2,"name":"Noticias Carre\u00f1o","item":"https:\/\/candas365.es\/noticias\/category\/noticias-carreno\/","nextItem":{"@type":"ListItem","@id":"https:\/\/candas365.es\/noticias\/cursos-de-extension-cultural-2019-2020-en-carreno\/#listItem","name":"Cursos de Extensi\u00f3n Cultural 2019-2020, en Carre\u00f1o"},"previousItem":{"@type":"ListItem","@id":"https:\/\/candas365.es\/noticias#listItem","name":"Home"}},{"@type":"ListItem","@id":"https:\/\/candas365.es\/noticias\/cursos-de-extension-cultural-2019-2020-en-carreno\/#listItem","position":3,"name":"Cursos de Extensi\u00f3n Cultural 2019-2020, en Carre\u00f1o","previousItem":{"@type":"ListItem","@id":"https:\/\/candas365.es\/noticias\/category\/noticias-carreno\/#listItem","name":"Noticias Carre\u00f1o"}}]},{"@type":"NewsArticle","@id":"https:\/\/candas365.es\/noticias\/cursos-de-extension-cultural-2019-2020-en-carreno\/#newsarticle","name":"Cursos de Extensi\u00f3n Cultural 2019-2020, en Carre\u00f1o | Cand\u00e1s 365","headline":"Cursos de Extensi\u00f3n Cultural 2019-2020, en Carre\u00f1o","author":{"@id":"https:\/\/candas365.es\/noticias\/author\/admin\/#author"},"publisher":{"@id":"https:\/\/candas365.es\/noticias\/#organization"},"image":{"@type":"ImageObject","url":"https:\/\/candas365.es\/noticias\/wp-content\/uploads\/2014\/10\/Polivalente.jpg","width":1024,"height":768},"datePublished":"2019-09-29T02:46:10+02:00","dateModified":"2019-09-29T02:46:10+02:00","inLanguage":"es-ES","mainEntityOfPage":{"@id":"https:\/\/candas365.es\/noticias\/cursos-de-extension-cultural-2019-2020-en-carreno\/#webpage"},"isPartOf":{"@id":"https:\/\/candas365.es\/noticias\/cursos-de-extension-cultural-2019-2020-en-carreno\/#webpage"},"articleSection":"Noticias Carre\u00f1o","dateline":"Publicado el septiembre 29, 2019."},{"@type":"Organization","@id":"https:\/\/candas365.es\/noticias\/#organization","name":"Cand\u00e1s 365","description":"Cand\u00e1s 365 es un diario digital independiente, fundado en 2012, con base en Asturias. Informamos con rigor sobre actualidad, sociedad, cultura y ocio, con una mirada local y global.","url":"https:\/\/candas365.es\/noticias\/","email":"info@candas365.es","telephone":"+34652131393","foundingDate":"2012-06-10","logo":{"@type":"ImageObject","url":"https:\/\/candas365.es\/noticias\/wp-content\/uploads\/2024\/09\/Candas-365-Redes.jpg","@id":"https:\/\/candas365.es\/noticias\/cursos-de-extension-cultural-2019-2020-en-carreno\/#organizationLogo","width":1152,"height":864,"caption":"Cand\u00e1s 365 Redes"},"image":{"@id":"https:\/\/candas365.es\/noticias\/cursos-de-extension-cultural-2019-2020-en-carreno\/#organizationLogo"},"sameAs":["https:\/\/www.facebook.com\/Nachofdezber","https:\/\/x.com\/NabercoDigital","https:\/\/www.instagram.com\/nachofdezber\/","https:\/\/www.youtube.com\/channel\/UCZP-2wLEB9Rv6erhFmqVnvg"],"address":{"@id":"https:\/\/candas365.es\/noticias\/#postaladdress","@type":"PostalAddress","streetAddress":"san antonio 4, san antonio 4","postalCode":"33430","addressLocality":"Cand\u00e1s","addressRegion":"Asturias","addressCountry":"ES"}},{"@type":"Person","@id":"https:\/\/candas365.es\/noticias\/author\/admin\/#author","url":"https:\/\/candas365.es\/noticias\/author\/admin\/","name":"Cand\u00e1s 365","image":{"@type":"ImageObject","@id":"https:\/\/candas365.es\/noticias\/cursos-de-extension-cultural-2019-2020-en-carreno\/#authorImage","url":"https:\/\/secure.gravatar.com\/avatar\/496a8e03d0c493ede1718b7934145dbdf8d89be1036b0eec9544e1094c9de390?s=96&d=mm&r=g","width":96,"height":96,"caption":"Cand\u00e1s 365"},"sameAs":["https:\/\/www.facebook.com\/carrenoactualidad","https:\/\/twitter.com\/nbasturias","https:\/\/www.instagram.com\/nachofdezber\/","https:\/\/www.youtube.com\/channel\/UCZP-2wLEB9Rv6erhFmqVnvg"]},{"@type":"WebPage","@id":"https:\/\/candas365.es\/noticias\/cursos-de-extension-cultural-2019-2020-en-carreno\/#webpage","url":"https:\/\/candas365.es\/noticias\/cursos-de-extension-cultural-2019-2020-en-carreno\/","name":"Cursos de Extensi\u00f3n Cultural 2019-2020, en Carre\u00f1o | Cand\u00e1s 365","description":"El pr\u00f3ximo martes 1 de octubre hasta el martes 15 de octubre se abre el per\u00edodo de inscripci\u00f3n para la nueva convocatoria de los Cursos de Extensi\u00f3n Cultural para el curso 2019-2020 que organiza el Ayuntamiento de Carre\u00f1o a trav\u00e9s de la Concejal\u00eda de Cultura. Para curso 2019\/2020 se ofrecen 38 acciones formativas de 15","inLanguage":"es-ES","isPartOf":{"@id":"https:\/\/candas365.es\/noticias\/#website"},"breadcrumb":{"@id":"https:\/\/candas365.es\/noticias\/cursos-de-extension-cultural-2019-2020-en-carreno\/#breadcrumblist"},"author":{"@id":"https:\/\/candas365.es\/noticias\/author\/admin\/#author"},"creator":{"@id":"https:\/\/candas365.es\/noticias\/author\/admin\/#author"},"image":{"@type":"ImageObject","url":"https:\/\/candas365.es\/noticias\/wp-content\/uploads\/2014\/10\/Polivalente.jpg","@id":"https:\/\/candas365.es\/noticias\/cursos-de-extension-cultural-2019-2020-en-carreno\/#mainImage","width":1024,"height":768},"primaryImageOfPage":{"@id":"https:\/\/candas365.es\/noticias\/cursos-de-extension-cultural-2019-2020-en-carreno\/#mainImage"},"datePublished":"2019-09-29T02:46:10+02:00","dateModified":"2019-09-29T02:46:10+02:00"},{"@type":"WebSite","@id":"https:\/\/candas365.es\/noticias\/#website","url":"https:\/\/candas365.es\/noticias\/","name":"Cand\u00e1s 365","alternateName":"Cand\u00e1s 365 Noticias","description":"Actualidad desde Carre\u00f1o para el mundo","inLanguage":"es-ES","publisher":{"@id":"https:\/\/candas365.es\/noticias\/#organization"}}]},"og:locale":"es_ES","og:site_name":"Cand\u00e1s 365","og:type":"article","og:title":"Cursos de Extensi\u00f3n Cultural 2019-2020, en Carre\u00f1o | Cand\u00e1s 365","og:description":"El pr\u00f3ximo martes 1 de octubre hasta el martes 15 de octubre se abre el per\u00edodo de inscripci\u00f3n para la nueva convocatoria de los Cursos de Extensi\u00f3n Cultural para el curso 2019-2020 que organiza el Ayuntamiento de Carre\u00f1o a trav\u00e9s de la Concejal\u00eda de Cultura. Para curso 2019\/2020 se ofrecen 38 acciones formativas de 15","og:url":"https:\/\/candas365.es\/noticias\/cursos-de-extension-cultural-2019-2020-en-carreno\/","og:image":"https:\/\/candas365.es\/noticias\/wp-content\/uploads\/2014\/10\/Polivalente.jpg","og:image:secure_url":"https:\/\/candas365.es\/noticias\/wp-content\/uploads\/2014\/10\/Polivalente.jpg","og:image:width":1024,"og:image:height":768,"article:published_time":"2019-09-29T02:46:10+00:00","article:modified_time":"2019-09-29T02:46:10+00:00","article:publisher":"https:\/\/www.facebook.com\/Nachofdezber","article:author":"https:\/\/www.facebook.com\/carrenoactualidad","twitter:card":"summary_large_image","twitter:site":"@NabercoDigital","twitter:title":"Cursos de Extensi\u00f3n Cultural 2019-2020, en Carre\u00f1o | Cand\u00e1s 365","twitter:description":"El pr\u00f3ximo martes 1 de octubre hasta el martes 15 de octubre se abre el per\u00edodo de inscripci\u00f3n para la nueva convocatoria de los Cursos de Extensi\u00f3n Cultural para el curso 2019-2020 que organiza el Ayuntamiento de Carre\u00f1o a trav\u00e9s de la Concejal\u00eda de Cultura. Para curso 2019\/2020 se ofrecen 38 acciones formativas de 15","twitter:creator":"@nbasturias","twitter:image":"https:\/\/candas365.es\/noticias\/wp-content\/uploads\/2014\/10\/Polivalente.jpg","twitter:label1":"Escrito por","twitter:data1":"Cand\u00e1s 365","twitter:label2":"Tiempo de lectura estimado","twitter:data2":"4 minutos"},"aioseo_meta_data":{"post_id":"130525","title":null,"description":null,"keywords":null,"keyphrases":null,"primary_term":null,"canonical_url":null,"og_title":null,"og_description":null,"og_object_type":"default","og_image_type":"default","og_image_url":null,"og_image_width":null,"og_image_height":null,"og_image_custom_url":null,"og_image_custom_fields":null,"og_video":null,"og_custom_url":null,"og_article_section":null,"og_article_tags":null,"twitter_use_og":false,"twitter_card":"default","twitter_image_type":"default","twitter_image_url":null,"twitter_image_custom_url":null,"twitter_image_custom_fields":null,"twitter_title":null,"twitter_description":null,"schema":{"blockGraphs":[],"customGraphs":[],"default":{"data":{"Article":[],"Course":[],"Dataset":[],"FAQPage":[],"Movie":[],"Person":[],"Product":[],"ProductReview":[],"Car":[],"Recipe":[],"Service":[],"SoftwareApplication":[],"WebPage":[]},"graphName":"","isEnabled":true},"graphs":[],"defaultGraph":"","defaultPostTypeGraph":""},"schema_type":null,"schema_type_options":null,"pillar_content":false,"robots_default":true,"robots_noindex":false,"robots_noarchive":false,"robots_nosnippet":false,"robots_nofollow":false,"robots_noimageindex":false,"robots_noodp":false,"robots_notranslate":false,"robots_max_snippet":null,"robots_max_videopreview":null,"robots_max_imagepreview":"large","priority":null,"frequency":null,"location":null,"local_seo":null,"seo_analyzer_scan_date":"2025-08-30 14:27:31","breadcrumb_settings":null,"limit_modified_date":false,"reviewed_by":null,"open_ai":null,"ai":null,"created":"2020-12-21 10:52:20","updated":"2025-08-30 14:27:31"},"aioseo_breadcrumb":"<div class=\"aioseo-breadcrumbs\"><span class=\"aioseo-breadcrumb\">\n\t<a href=\"https:\/\/candas365.es\/noticias\" title=\"Home\">Home<\/a>\n<\/span><span class=\"aioseo-breadcrumb-separator\">&ndash;<\/span><span class=\"aioseo-breadcrumb\">\n\t<a href=\"https:\/\/candas365.es\/noticias\/category\/noticias-carreno\/\" title=\"Noticias Carre\u00f1o\">Noticias Carre\u00f1o<\/a>\n<\/span><span class=\"aioseo-breadcrumb-separator\">&ndash;<\/span><span class=\"aioseo-breadcrumb\">\n\tCursos de Extensi\u00f3n Cultural 2019-2020, en Carre\u00f1o\n<\/span><\/div>","aioseo_breadcrumb_json":[{"label":"Home","link":"https:\/\/candas365.es\/noticias"},{"label":"Noticias Carre\u00f1o","link":"https:\/\/candas365.es\/noticias\/category\/noticias-carreno\/"},{"label":"Cursos de Extensi\u00f3n Cultural 2019-2020, en Carre\u00f1o","link":"https:\/\/candas365.es\/noticias\/cursos-de-extension-cultural-2019-2020-en-carreno\/"}],"_links":{"self":[{"href":"https:\/\/candas365.es\/noticias\/wp-json\/wp\/v2\/posts\/130525","targetHints":{"allow":["GET"]}}],"collection":[{"href":"https:\/\/candas365.es\/noticias\/wp-json\/wp\/v2\/posts"}],"about":[{"href":"https:\/\/candas365.es\/noticias\/wp-json\/wp\/v2\/types\/post"}],"author":[{"embeddable":true,"href":"https:\/\/candas365.es\/noticias\/wp-json\/wp\/v2\/users\/1"}],"replies":[{"embeddable":true,"href":"https:\/\/candas365.es\/noticias\/wp-json\/wp\/v2\/comments?post=130525"}],"version-history":[{"count":0,"href":"https:\/\/candas365.es\/noticias\/wp-json\/wp\/v2\/posts\/130525\/revisions"}],"wp:featuredmedia":[{"embeddable":true,"href":"https:\/\/candas365.es\/noticias\/wp-json\/wp\/v2\/media\/2364"}],"wp:attachment":[{"href":"https:\/\/candas365.es\/noticias\/wp-json\/wp\/v2\/media?parent=130525"}],"wp:term":[{"taxonomy":"category","embeddable":true,"href":"https:\/\/candas365.es\/noticias\/wp-json\/wp\/v2\/categories?post=130525"},{"taxonomy":"post_tag","embeddable":true,"href":"https:\/\/candas365.es\/noticias\/wp-json\/wp\/v2\/tags?post=130525"}],"curies":[{"name":"wp","href":"https:\/\/api.w.org\/{rel}","templated":true}]}}