{"id":130408,"date":"2019-09-25T20:57:20","date_gmt":"2019-09-25T20:57:20","guid":{"rendered":"http:\/\/candas365.es\/noticias\/?p=130408"},"modified":"2019-09-25T20:57:20","modified_gmt":"2019-09-25T20:57:20","slug":"amelia-fernandez-se-reune-con-el-director-del-centro-asturiano-de-malaga","status":"publish","type":"post","link":"https:\/\/candas365.es\/noticias\/amelia-fernandez-se-reune-con-el-director-del-centro-asturiano-de-malaga\/","title":{"rendered":"Amelia Fern\u00e1ndez se re\u00fane con el director del Centro Asturiano de M\u00e1laga"},"content":{"rendered":"<p><img fetchpriority=\"high\" decoding=\"async\" class=\"alignleft size-medium wp-image-130409\" src=\"https:\/\/candas365.es\/noticias\/wp-content\/uploads\/2019\/09\/Daniel-Garc\u00eda-360x270.jpg\" alt=\"\" width=\"360\" height=\"270\" srcset=\"https:\/\/candas365.es\/noticias\/wp-content\/uploads\/2019\/09\/Daniel-Garc\u00eda-360x270.jpg 360w, https:\/\/candas365.es\/noticias\/wp-content\/uploads\/2019\/09\/Daniel-Garc\u00eda-768x576.jpg 768w, https:\/\/candas365.es\/noticias\/wp-content\/uploads\/2019\/09\/Daniel-Garc\u00eda-640x480.jpg 640w, https:\/\/candas365.es\/noticias\/wp-content\/uploads\/2019\/09\/Daniel-Garc\u00eda-80x60.jpg 80w, https:\/\/candas365.es\/noticias\/wp-content\/uploads\/2019\/09\/Daniel-Garc\u00eda-265x198.jpg 265w, https:\/\/candas365.es\/noticias\/wp-content\/uploads\/2019\/09\/Daniel-Garc\u00eda-696x522.jpg 696w, https:\/\/candas365.es\/noticias\/wp-content\/uploads\/2019\/09\/Daniel-Garc\u00eda-1068x801.jpg 1068w, https:\/\/candas365.es\/noticias\/wp-content\/uploads\/2019\/09\/Daniel-Garc\u00eda-560x420.jpg 560w, https:\/\/candas365.es\/noticias\/wp-content\/uploads\/2019\/09\/Daniel-Garc\u00eda-1920x1440.jpg 1920w\" sizes=\"(max-width: 360px) 100vw, 360px\" \/>La alcaldesa de Carre\u00f1o, Amelia Fern\u00e1ndez, anunci\u00f3 este mi\u00e9rcoles mediante un comunicado de prensa que el Centro Asturiano de M\u00e1laga, a trav\u00e9s de su director Florentino Mart\u00ednez Roces, y la direcci\u00f3n de la Banda de Gaites Cand\u00e1s iniciaron los primeros contactos telef\u00f3nicos este verano al objeto de programar posible un intercambio sociocultural con el concejo de Carre\u00f1o.<\/p>\n<p>Seguidamente Daniel Garc\u00eda Vega contact\u00f3 con el Ayuntamiento de Carre\u00f1o para solicitar colaboraci\u00f3n institucional y el respaldo necesario para concretar el programa de actividades culturales a desarrollar en Torremolinos, sede del centro asturiano.<\/p>\n<p style=\"font-weight: 400;\">El presidente del Centro Asturiano en M\u00e1laga acompa\u00f1ado, de Jos\u00e9 Manuel Sol\u00eds Fern\u00e1ndez y el presidente de la Banda de Gaites de Cand\u00e1s mantuvieron una reuni\u00f3n de trabajo en Cand\u00e1s con la Alcaldesa de Carre\u00f1o, Amelia Fern\u00e1ndez, en el marco de la cu\u00e1l concretaron las actividades culturales que har\u00e1 Carre\u00f1o en el marco del D\u00eda de Asturias en Torremolinos.<\/p>\n<p style=\"font-weight: 400;\"><em>\u00abHasta la fecha han asistido a estos intercambios socioculturales representados por su Alcalde(sa) y en algunos casos por agrupaci\u00f3n folcl\u00f3rica propia o entidad cultural los Ayuntamientos de Belmonte de Miranda, Avil\u00e9s, Oviedo, Ribadedeva, Salas, Mieres, Langreo, Pola de Laviana y\u00a0 Siero. Este a\u00f1o con mucha ilusi\u00f3n se sumar\u00e1 nuestro concejo<\/em>\u201d \u2013 expres\u00f3 la alcaldesa.<\/p>\n<p style=\"font-weight: 400;\">\n","protected":false},"excerpt":{"rendered":"<p>La alcaldesa de Carre\u00f1o, Amelia Fern\u00e1ndez, anunci\u00f3 este mi\u00e9rcoles mediante un comunicado de prensa que el Centro Asturiano de M\u00e1laga, a trav\u00e9s de su director Florentino Mart\u00ednez Roces, y la direcci\u00f3n de la Banda de Gaites Cand\u00e1s iniciaron los primeros contactos telef\u00f3nicos este verano al objeto de programar posible un intercambio sociocultural con el concejo<\/p>\n","protected":false},"author":1,"featured_media":130409,"comment_status":"closed","ping_status":"closed","sticky":false,"template":"","format":"standard","meta":{"footnotes":""},"categories":[2],"tags":[],"class_list":{"0":"post-130408","1":"post","2":"type-post","3":"status-publish","4":"format-standard","5":"has-post-thumbnail","7":"category-noticias-carreno"},"aioseo_notices":[],"aioseo_head":"\n\t\t<!-- All in One SEO Pro 4.9.6.2 - aioseo.com -->\n\t<meta name=\"description\" content=\"La alcaldesa de Carre\u00f1o, Amelia Fern\u00e1ndez, anunci\u00f3 este mi\u00e9rcoles mediante un comunicado de prensa que el Centro Asturiano de M\u00e1laga, a trav\u00e9s de su director Florentino Mart\u00ednez Roces, y la direcci\u00f3n de la Banda de Gaites Cand\u00e1s iniciaron los primeros contactos telef\u00f3nicos este verano al objeto de programar posible un intercambio sociocultural con el concejo\" \/>\n\t<meta name=\"robots\" content=\"max-image-preview:large\" \/>\n\t<meta name=\"author\" content=\"Cand\u00e1s 365\"\/>\n\t<meta name=\"google-site-verification\" content=\"UA-32230408-1\" \/>\n\t<meta name=\"msvalidate.01\" content=\"354F3CDFB2DA171B47FBE9ABF1F88D5\" \/>\n\t<meta name=\"keywords\" content=\"noticias carre\u00f1o\" \/>\n\t<link rel=\"canonical\" href=\"https:\/\/candas365.es\/noticias\/amelia-fernandez-se-reune-con-el-director-del-centro-asturiano-de-malaga\/\" \/>\n\t<meta name=\"generator\" content=\"All in One SEO Pro (AIOSEO) 4.9.6.2\" \/>\n\t\t<meta property=\"og:locale\" content=\"es_ES\" \/>\n\t\t<meta property=\"og:site_name\" content=\"Cand\u00e1s 365\" \/>\n\t\t<meta property=\"og:type\" content=\"article\" \/>\n\t\t<meta property=\"og:title\" content=\"Amelia Fern\u00e1ndez se re\u00fane con el director del Centro Asturiano de M\u00e1laga | Cand\u00e1s 365\" \/>\n\t\t<meta property=\"og:description\" content=\"La alcaldesa de Carre\u00f1o, Amelia Fern\u00e1ndez, anunci\u00f3 este mi\u00e9rcoles mediante un comunicado de prensa que el Centro Asturiano de M\u00e1laga, a trav\u00e9s de su director Florentino Mart\u00ednez Roces, y la direcci\u00f3n de la Banda de Gaites Cand\u00e1s iniciaron los primeros contactos telef\u00f3nicos este verano al objeto de programar posible un intercambio sociocultural con el concejo\" \/>\n\t\t<meta property=\"og:url\" content=\"https:\/\/candas365.es\/noticias\/amelia-fernandez-se-reune-con-el-director-del-centro-asturiano-de-malaga\/\" \/>\n\t\t<meta property=\"og:image\" content=\"https:\/\/candas365.es\/noticias\/wp-content\/uploads\/2019\/09\/Daniel-Garc\u00eda.jpg\" \/>\n\t\t<meta property=\"og:image:secure_url\" content=\"https:\/\/candas365.es\/noticias\/wp-content\/uploads\/2019\/09\/Daniel-Garc\u00eda.jpg\" \/>\n\t\t<meta property=\"og:image:width\" content=\"4000\" \/>\n\t\t<meta property=\"og:image:height\" content=\"3000\" \/>\n\t\t<meta property=\"article:published_time\" content=\"2019-09-25T20:57:20+00:00\" \/>\n\t\t<meta property=\"article:modified_time\" content=\"2019-09-25T20:57:20+00:00\" \/>\n\t\t<meta property=\"article:publisher\" content=\"https:\/\/www.facebook.com\/Nachofdezber\" \/>\n\t\t<meta property=\"article:author\" content=\"https:\/\/www.facebook.com\/carrenoactualidad\" \/>\n\t\t<meta name=\"twitter:card\" content=\"summary_large_image\" \/>\n\t\t<meta name=\"twitter:site\" content=\"@NabercoDigital\" \/>\n\t\t<meta name=\"twitter:title\" content=\"Amelia Fern\u00e1ndez se re\u00fane con el director del Centro Asturiano de M\u00e1laga | Cand\u00e1s 365\" \/>\n\t\t<meta name=\"twitter:description\" content=\"La alcaldesa de Carre\u00f1o, Amelia Fern\u00e1ndez, anunci\u00f3 este mi\u00e9rcoles mediante un comunicado de prensa que el Centro Asturiano de M\u00e1laga, a trav\u00e9s de su director Florentino Mart\u00ednez Roces, y la direcci\u00f3n de la Banda de Gaites Cand\u00e1s iniciaron los primeros contactos telef\u00f3nicos este verano al objeto de programar posible un intercambio sociocultural con el concejo\" \/>\n\t\t<meta name=\"twitter:creator\" content=\"@nbasturias\" \/>\n\t\t<meta name=\"twitter:image\" content=\"https:\/\/candas365.es\/noticias\/wp-content\/uploads\/2019\/09\/Daniel-Garc\u00eda.jpg\" \/>\n\t\t<meta name=\"twitter:label1\" content=\"Escrito por\" \/>\n\t\t<meta name=\"twitter:data1\" content=\"Cand\u00e1s 365\" \/>\n\t\t<meta name=\"twitter:label2\" content=\"Tiempo de lectura estimado\" \/>\n\t\t<meta name=\"twitter:data2\" content=\"1 minuto\" \/>\n\t\t<script type=\"application\/ld+json\" class=\"aioseo-schema\">\n\t\t\t{\"@context\":\"https:\\\/\\\/schema.org\",\"@graph\":[{\"@type\":\"BreadcrumbList\",\"@id\":\"https:\\\/\\\/candas365.es\\\/noticias\\\/amelia-fernandez-se-reune-con-el-director-del-centro-asturiano-de-malaga\\\/#breadcrumblist\",\"itemListElement\":[{\"@type\":\"ListItem\",\"@id\":\"https:\\\/\\\/candas365.es\\\/noticias#listItem\",\"position\":1,\"name\":\"Home\",\"item\":\"https:\\\/\\\/candas365.es\\\/noticias\",\"nextItem\":{\"@type\":\"ListItem\",\"@id\":\"https:\\\/\\\/candas365.es\\\/noticias\\\/category\\\/noticias-carreno\\\/#listItem\",\"name\":\"Noticias Carre\\u00f1o\"}},{\"@type\":\"ListItem\",\"@id\":\"https:\\\/\\\/candas365.es\\\/noticias\\\/category\\\/noticias-carreno\\\/#listItem\",\"position\":2,\"name\":\"Noticias Carre\\u00f1o\",\"item\":\"https:\\\/\\\/candas365.es\\\/noticias\\\/category\\\/noticias-carreno\\\/\",\"nextItem\":{\"@type\":\"ListItem\",\"@id\":\"https:\\\/\\\/candas365.es\\\/noticias\\\/amelia-fernandez-se-reune-con-el-director-del-centro-asturiano-de-malaga\\\/#listItem\",\"name\":\"Amelia Fern\\u00e1ndez se re\\u00fane con el director del Centro Asturiano de M\\u00e1laga\"},\"previousItem\":{\"@type\":\"ListItem\",\"@id\":\"https:\\\/\\\/candas365.es\\\/noticias#listItem\",\"name\":\"Home\"}},{\"@type\":\"ListItem\",\"@id\":\"https:\\\/\\\/candas365.es\\\/noticias\\\/amelia-fernandez-se-reune-con-el-director-del-centro-asturiano-de-malaga\\\/#listItem\",\"position\":3,\"name\":\"Amelia Fern\\u00e1ndez se re\\u00fane con el director del Centro Asturiano de M\\u00e1laga\",\"previousItem\":{\"@type\":\"ListItem\",\"@id\":\"https:\\\/\\\/candas365.es\\\/noticias\\\/category\\\/noticias-carreno\\\/#listItem\",\"name\":\"Noticias Carre\\u00f1o\"}}]},{\"@type\":\"NewsArticle\",\"@id\":\"https:\\\/\\\/candas365.es\\\/noticias\\\/amelia-fernandez-se-reune-con-el-director-del-centro-asturiano-de-malaga\\\/#newsarticle\",\"name\":\"Amelia Fern\\u00e1ndez se re\\u00fane con el director del Centro Asturiano de M\\u00e1laga | Cand\\u00e1s 365\",\"headline\":\"Amelia Fern\\u00e1ndez se re\\u00fane con el director del Centro Asturiano de M\\u00e1laga\",\"author\":{\"@id\":\"https:\\\/\\\/candas365.es\\\/noticias\\\/author\\\/admin\\\/#author\"},\"publisher\":{\"@id\":\"https:\\\/\\\/candas365.es\\\/noticias\\\/#organization\"},\"image\":{\"@type\":\"ImageObject\",\"url\":\"https:\\\/\\\/candas365.es\\\/noticias\\\/wp-content\\\/uploads\\\/2019\\\/09\\\/Daniel-Garc\\u00eda.jpg\",\"width\":4000,\"height\":3000},\"datePublished\":\"2019-09-25T20:57:20+02:00\",\"dateModified\":\"2019-09-25T20:57:20+02:00\",\"inLanguage\":\"es-ES\",\"mainEntityOfPage\":{\"@id\":\"https:\\\/\\\/candas365.es\\\/noticias\\\/amelia-fernandez-se-reune-con-el-director-del-centro-asturiano-de-malaga\\\/#webpage\"},\"isPartOf\":{\"@id\":\"https:\\\/\\\/candas365.es\\\/noticias\\\/amelia-fernandez-se-reune-con-el-director-del-centro-asturiano-de-malaga\\\/#webpage\"},\"articleSection\":\"Noticias Carre\\u00f1o\",\"dateline\":\"Publicado el septiembre 25, 2019.\"},{\"@type\":\"Organization\",\"@id\":\"https:\\\/\\\/candas365.es\\\/noticias\\\/#organization\",\"name\":\"Cand\\u00e1s 365\",\"description\":\"Cand\\u00e1s 365 es un diario digital independiente, fundado en 2012, con base en Asturias. Informamos con rigor sobre actualidad, sociedad, cultura y ocio, con una mirada local y global.\",\"url\":\"https:\\\/\\\/candas365.es\\\/noticias\\\/\",\"email\":\"info@candas365.es\",\"telephone\":\"+34652131393\",\"foundingDate\":\"2012-06-10\",\"logo\":{\"@type\":\"ImageObject\",\"url\":\"https:\\\/\\\/candas365.es\\\/noticias\\\/wp-content\\\/uploads\\\/2024\\\/09\\\/Candas-365-Redes.jpg\",\"@id\":\"https:\\\/\\\/candas365.es\\\/noticias\\\/amelia-fernandez-se-reune-con-el-director-del-centro-asturiano-de-malaga\\\/#organizationLogo\",\"width\":1152,\"height\":864,\"caption\":\"Cand\\u00e1s 365 Redes\"},\"image\":{\"@id\":\"https:\\\/\\\/candas365.es\\\/noticias\\\/amelia-fernandez-se-reune-con-el-director-del-centro-asturiano-de-malaga\\\/#organizationLogo\"},\"sameAs\":[\"https:\\\/\\\/www.facebook.com\\\/Nachofdezber\",\"https:\\\/\\\/x.com\\\/NabercoDigital\",\"https:\\\/\\\/www.instagram.com\\\/nachofdezber\\\/\",\"https:\\\/\\\/www.youtube.com\\\/channel\\\/UCZP-2wLEB9Rv6erhFmqVnvg\"],\"address\":{\"@id\":\"https:\\\/\\\/candas365.es\\\/noticias\\\/#postaladdress\",\"@type\":\"PostalAddress\",\"streetAddress\":\"san antonio 4, san antonio 4\",\"postalCode\":\"33430\",\"addressLocality\":\"Cand\\u00e1s\",\"addressRegion\":\"Asturias\",\"addressCountry\":\"ES\"}},{\"@type\":\"Person\",\"@id\":\"https:\\\/\\\/candas365.es\\\/noticias\\\/author\\\/admin\\\/#author\",\"url\":\"https:\\\/\\\/candas365.es\\\/noticias\\\/author\\\/admin\\\/\",\"name\":\"Cand\\u00e1s 365\",\"image\":{\"@type\":\"ImageObject\",\"@id\":\"https:\\\/\\\/candas365.es\\\/noticias\\\/amelia-fernandez-se-reune-con-el-director-del-centro-asturiano-de-malaga\\\/#authorImage\",\"url\":\"https:\\\/\\\/secure.gravatar.com\\\/avatar\\\/496a8e03d0c493ede1718b7934145dbdf8d89be1036b0eec9544e1094c9de390?s=96&d=mm&r=g\",\"width\":96,\"height\":96,\"caption\":\"Cand\\u00e1s 365\"},\"sameAs\":[\"https:\\\/\\\/www.facebook.com\\\/carrenoactualidad\",\"https:\\\/\\\/twitter.com\\\/nbasturias\",\"https:\\\/\\\/www.instagram.com\\\/nachofdezber\\\/\",\"https:\\\/\\\/www.youtube.com\\\/channel\\\/UCZP-2wLEB9Rv6erhFmqVnvg\"]},{\"@type\":\"WebPage\",\"@id\":\"https:\\\/\\\/candas365.es\\\/noticias\\\/amelia-fernandez-se-reune-con-el-director-del-centro-asturiano-de-malaga\\\/#webpage\",\"url\":\"https:\\\/\\\/candas365.es\\\/noticias\\\/amelia-fernandez-se-reune-con-el-director-del-centro-asturiano-de-malaga\\\/\",\"name\":\"Amelia Fern\\u00e1ndez se re\\u00fane con el director del Centro Asturiano de M\\u00e1laga | Cand\\u00e1s 365\",\"description\":\"La alcaldesa de Carre\\u00f1o, Amelia Fern\\u00e1ndez, anunci\\u00f3 este mi\\u00e9rcoles mediante un comunicado de prensa que el Centro Asturiano de M\\u00e1laga, a trav\\u00e9s de su director Florentino Mart\\u00ednez Roces, y la direcci\\u00f3n de la Banda de Gaites Cand\\u00e1s iniciaron los primeros contactos telef\\u00f3nicos este verano al objeto de programar posible un intercambio sociocultural con el concejo\",\"inLanguage\":\"es-ES\",\"isPartOf\":{\"@id\":\"https:\\\/\\\/candas365.es\\\/noticias\\\/#website\"},\"breadcrumb\":{\"@id\":\"https:\\\/\\\/candas365.es\\\/noticias\\\/amelia-fernandez-se-reune-con-el-director-del-centro-asturiano-de-malaga\\\/#breadcrumblist\"},\"author\":{\"@id\":\"https:\\\/\\\/candas365.es\\\/noticias\\\/author\\\/admin\\\/#author\"},\"creator\":{\"@id\":\"https:\\\/\\\/candas365.es\\\/noticias\\\/author\\\/admin\\\/#author\"},\"image\":{\"@type\":\"ImageObject\",\"url\":\"https:\\\/\\\/candas365.es\\\/noticias\\\/wp-content\\\/uploads\\\/2019\\\/09\\\/Daniel-Garc\\u00eda.jpg\",\"@id\":\"https:\\\/\\\/candas365.es\\\/noticias\\\/amelia-fernandez-se-reune-con-el-director-del-centro-asturiano-de-malaga\\\/#mainImage\",\"width\":4000,\"height\":3000},\"primaryImageOfPage\":{\"@id\":\"https:\\\/\\\/candas365.es\\\/noticias\\\/amelia-fernandez-se-reune-con-el-director-del-centro-asturiano-de-malaga\\\/#mainImage\"},\"datePublished\":\"2019-09-25T20:57:20+02:00\",\"dateModified\":\"2019-09-25T20:57:20+02:00\"},{\"@type\":\"WebSite\",\"@id\":\"https:\\\/\\\/candas365.es\\\/noticias\\\/#website\",\"url\":\"https:\\\/\\\/candas365.es\\\/noticias\\\/\",\"name\":\"Cand\\u00e1s 365\",\"alternateName\":\"Cand\\u00e1s 365 Noticias\",\"description\":\"Actualidad desde Carre\\u00f1o para el mundo\",\"inLanguage\":\"es-ES\",\"publisher\":{\"@id\":\"https:\\\/\\\/candas365.es\\\/noticias\\\/#organization\"}}]}\n\t\t<\/script>\n\t\t<!-- All in One SEO Pro -->\r\n\t\t<title>Amelia Fern\u00e1ndez se re\u00fane con el director del Centro Asturiano de M\u00e1laga | Cand\u00e1s 365<\/title>\n\n","aioseo_head_json":{"title":"Amelia Fern\u00e1ndez se re\u00fane con el director del Centro Asturiano de M\u00e1laga | Cand\u00e1s 365","description":"La alcaldesa de Carre\u00f1o, Amelia Fern\u00e1ndez, anunci\u00f3 este mi\u00e9rcoles mediante un comunicado de prensa que el Centro Asturiano de M\u00e1laga, a trav\u00e9s de su director Florentino Mart\u00ednez Roces, y la direcci\u00f3n de la Banda de Gaites Cand\u00e1s iniciaron los primeros contactos telef\u00f3nicos este verano al objeto de programar posible un intercambio sociocultural con el concejo","canonical_url":"https:\/\/candas365.es\/noticias\/amelia-fernandez-se-reune-con-el-director-del-centro-asturiano-de-malaga\/","robots":"max-image-preview:large","keywords":"noticias carre\u00f1o","webmasterTools":{"google-site-verification":"UA-32230408-1","msvalidate.01":"354F3CDFB2DA171B47FBE9ABF1F88D5","miscellaneous":""},"schema":{"@context":"https:\/\/schema.org","@graph":[{"@type":"BreadcrumbList","@id":"https:\/\/candas365.es\/noticias\/amelia-fernandez-se-reune-con-el-director-del-centro-asturiano-de-malaga\/#breadcrumblist","itemListElement":[{"@type":"ListItem","@id":"https:\/\/candas365.es\/noticias#listItem","position":1,"name":"Home","item":"https:\/\/candas365.es\/noticias","nextItem":{"@type":"ListItem","@id":"https:\/\/candas365.es\/noticias\/category\/noticias-carreno\/#listItem","name":"Noticias Carre\u00f1o"}},{"@type":"ListItem","@id":"https:\/\/candas365.es\/noticias\/category\/noticias-carreno\/#listItem","position":2,"name":"Noticias Carre\u00f1o","item":"https:\/\/candas365.es\/noticias\/category\/noticias-carreno\/","nextItem":{"@type":"ListItem","@id":"https:\/\/candas365.es\/noticias\/amelia-fernandez-se-reune-con-el-director-del-centro-asturiano-de-malaga\/#listItem","name":"Amelia Fern\u00e1ndez se re\u00fane con el director del Centro Asturiano de M\u00e1laga"},"previousItem":{"@type":"ListItem","@id":"https:\/\/candas365.es\/noticias#listItem","name":"Home"}},{"@type":"ListItem","@id":"https:\/\/candas365.es\/noticias\/amelia-fernandez-se-reune-con-el-director-del-centro-asturiano-de-malaga\/#listItem","position":3,"name":"Amelia Fern\u00e1ndez se re\u00fane con el director del Centro Asturiano de M\u00e1laga","previousItem":{"@type":"ListItem","@id":"https:\/\/candas365.es\/noticias\/category\/noticias-carreno\/#listItem","name":"Noticias Carre\u00f1o"}}]},{"@type":"NewsArticle","@id":"https:\/\/candas365.es\/noticias\/amelia-fernandez-se-reune-con-el-director-del-centro-asturiano-de-malaga\/#newsarticle","name":"Amelia Fern\u00e1ndez se re\u00fane con el director del Centro Asturiano de M\u00e1laga | Cand\u00e1s 365","headline":"Amelia Fern\u00e1ndez se re\u00fane con el director del Centro Asturiano de M\u00e1laga","author":{"@id":"https:\/\/candas365.es\/noticias\/author\/admin\/#author"},"publisher":{"@id":"https:\/\/candas365.es\/noticias\/#organization"},"image":{"@type":"ImageObject","url":"https:\/\/candas365.es\/noticias\/wp-content\/uploads\/2019\/09\/Daniel-Garc\u00eda.jpg","width":4000,"height":3000},"datePublished":"2019-09-25T20:57:20+02:00","dateModified":"2019-09-25T20:57:20+02:00","inLanguage":"es-ES","mainEntityOfPage":{"@id":"https:\/\/candas365.es\/noticias\/amelia-fernandez-se-reune-con-el-director-del-centro-asturiano-de-malaga\/#webpage"},"isPartOf":{"@id":"https:\/\/candas365.es\/noticias\/amelia-fernandez-se-reune-con-el-director-del-centro-asturiano-de-malaga\/#webpage"},"articleSection":"Noticias Carre\u00f1o","dateline":"Publicado el septiembre 25, 2019."},{"@type":"Organization","@id":"https:\/\/candas365.es\/noticias\/#organization","name":"Cand\u00e1s 365","description":"Cand\u00e1s 365 es un diario digital independiente, fundado en 2012, con base en Asturias. Informamos con rigor sobre actualidad, sociedad, cultura y ocio, con una mirada local y global.","url":"https:\/\/candas365.es\/noticias\/","email":"info@candas365.es","telephone":"+34652131393","foundingDate":"2012-06-10","logo":{"@type":"ImageObject","url":"https:\/\/candas365.es\/noticias\/wp-content\/uploads\/2024\/09\/Candas-365-Redes.jpg","@id":"https:\/\/candas365.es\/noticias\/amelia-fernandez-se-reune-con-el-director-del-centro-asturiano-de-malaga\/#organizationLogo","width":1152,"height":864,"caption":"Cand\u00e1s 365 Redes"},"image":{"@id":"https:\/\/candas365.es\/noticias\/amelia-fernandez-se-reune-con-el-director-del-centro-asturiano-de-malaga\/#organizationLogo"},"sameAs":["https:\/\/www.facebook.com\/Nachofdezber","https:\/\/x.com\/NabercoDigital","https:\/\/www.instagram.com\/nachofdezber\/","https:\/\/www.youtube.com\/channel\/UCZP-2wLEB9Rv6erhFmqVnvg"],"address":{"@id":"https:\/\/candas365.es\/noticias\/#postaladdress","@type":"PostalAddress","streetAddress":"san antonio 4, san antonio 4","postalCode":"33430","addressLocality":"Cand\u00e1s","addressRegion":"Asturias","addressCountry":"ES"}},{"@type":"Person","@id":"https:\/\/candas365.es\/noticias\/author\/admin\/#author","url":"https:\/\/candas365.es\/noticias\/author\/admin\/","name":"Cand\u00e1s 365","image":{"@type":"ImageObject","@id":"https:\/\/candas365.es\/noticias\/amelia-fernandez-se-reune-con-el-director-del-centro-asturiano-de-malaga\/#authorImage","url":"https:\/\/secure.gravatar.com\/avatar\/496a8e03d0c493ede1718b7934145dbdf8d89be1036b0eec9544e1094c9de390?s=96&d=mm&r=g","width":96,"height":96,"caption":"Cand\u00e1s 365"},"sameAs":["https:\/\/www.facebook.com\/carrenoactualidad","https:\/\/twitter.com\/nbasturias","https:\/\/www.instagram.com\/nachofdezber\/","https:\/\/www.youtube.com\/channel\/UCZP-2wLEB9Rv6erhFmqVnvg"]},{"@type":"WebPage","@id":"https:\/\/candas365.es\/noticias\/amelia-fernandez-se-reune-con-el-director-del-centro-asturiano-de-malaga\/#webpage","url":"https:\/\/candas365.es\/noticias\/amelia-fernandez-se-reune-con-el-director-del-centro-asturiano-de-malaga\/","name":"Amelia Fern\u00e1ndez se re\u00fane con el director del Centro Asturiano de M\u00e1laga | Cand\u00e1s 365","description":"La alcaldesa de Carre\u00f1o, Amelia Fern\u00e1ndez, anunci\u00f3 este mi\u00e9rcoles mediante un comunicado de prensa que el Centro Asturiano de M\u00e1laga, a trav\u00e9s de su director Florentino Mart\u00ednez Roces, y la direcci\u00f3n de la Banda de Gaites Cand\u00e1s iniciaron los primeros contactos telef\u00f3nicos este verano al objeto de programar posible un intercambio sociocultural con el concejo","inLanguage":"es-ES","isPartOf":{"@id":"https:\/\/candas365.es\/noticias\/#website"},"breadcrumb":{"@id":"https:\/\/candas365.es\/noticias\/amelia-fernandez-se-reune-con-el-director-del-centro-asturiano-de-malaga\/#breadcrumblist"},"author":{"@id":"https:\/\/candas365.es\/noticias\/author\/admin\/#author"},"creator":{"@id":"https:\/\/candas365.es\/noticias\/author\/admin\/#author"},"image":{"@type":"ImageObject","url":"https:\/\/candas365.es\/noticias\/wp-content\/uploads\/2019\/09\/Daniel-Garc\u00eda.jpg","@id":"https:\/\/candas365.es\/noticias\/amelia-fernandez-se-reune-con-el-director-del-centro-asturiano-de-malaga\/#mainImage","width":4000,"height":3000},"primaryImageOfPage":{"@id":"https:\/\/candas365.es\/noticias\/amelia-fernandez-se-reune-con-el-director-del-centro-asturiano-de-malaga\/#mainImage"},"datePublished":"2019-09-25T20:57:20+02:00","dateModified":"2019-09-25T20:57:20+02:00"},{"@type":"WebSite","@id":"https:\/\/candas365.es\/noticias\/#website","url":"https:\/\/candas365.es\/noticias\/","name":"Cand\u00e1s 365","alternateName":"Cand\u00e1s 365 Noticias","description":"Actualidad desde Carre\u00f1o para el mundo","inLanguage":"es-ES","publisher":{"@id":"https:\/\/candas365.es\/noticias\/#organization"}}]},"og:locale":"es_ES","og:site_name":"Cand\u00e1s 365","og:type":"article","og:title":"Amelia Fern\u00e1ndez se re\u00fane con el director del Centro Asturiano de M\u00e1laga | Cand\u00e1s 365","og:description":"La alcaldesa de Carre\u00f1o, Amelia Fern\u00e1ndez, anunci\u00f3 este mi\u00e9rcoles mediante un comunicado de prensa que el Centro Asturiano de M\u00e1laga, a trav\u00e9s de su director Florentino Mart\u00ednez Roces, y la direcci\u00f3n de la Banda de Gaites Cand\u00e1s iniciaron los primeros contactos telef\u00f3nicos este verano al objeto de programar posible un intercambio sociocultural con el concejo","og:url":"https:\/\/candas365.es\/noticias\/amelia-fernandez-se-reune-con-el-director-del-centro-asturiano-de-malaga\/","og:image":"https:\/\/candas365.es\/noticias\/wp-content\/uploads\/2019\/09\/Daniel-Garc\u00eda.jpg","og:image:secure_url":"https:\/\/candas365.es\/noticias\/wp-content\/uploads\/2019\/09\/Daniel-Garc\u00eda.jpg","og:image:width":4000,"og:image:height":3000,"article:published_time":"2019-09-25T20:57:20+00:00","article:modified_time":"2019-09-25T20:57:20+00:00","article:publisher":"https:\/\/www.facebook.com\/Nachofdezber","article:author":"https:\/\/www.facebook.com\/carrenoactualidad","twitter:card":"summary_large_image","twitter:site":"@NabercoDigital","twitter:title":"Amelia Fern\u00e1ndez se re\u00fane con el director del Centro Asturiano de M\u00e1laga | Cand\u00e1s 365","twitter:description":"La alcaldesa de Carre\u00f1o, Amelia Fern\u00e1ndez, anunci\u00f3 este mi\u00e9rcoles mediante un comunicado de prensa que el Centro Asturiano de M\u00e1laga, a trav\u00e9s de su director Florentino Mart\u00ednez Roces, y la direcci\u00f3n de la Banda de Gaites Cand\u00e1s iniciaron los primeros contactos telef\u00f3nicos este verano al objeto de programar posible un intercambio sociocultural con el concejo","twitter:creator":"@nbasturias","twitter:image":"https:\/\/candas365.es\/noticias\/wp-content\/uploads\/2019\/09\/Daniel-Garc\u00eda.jpg","twitter:label1":"Escrito por","twitter:data1":"Cand\u00e1s 365","twitter:label2":"Tiempo de lectura estimado","twitter:data2":"1 minuto"},"aioseo_meta_data":{"post_id":"130408","title":null,"description":null,"keywords":null,"keyphrases":null,"primary_term":null,"canonical_url":null,"og_title":null,"og_description":null,"og_object_type":"default","og_image_type":"default","og_image_url":null,"og_image_width":null,"og_image_height":null,"og_image_custom_url":null,"og_image_custom_fields":null,"og_video":null,"og_custom_url":null,"og_article_section":null,"og_article_tags":null,"twitter_use_og":false,"twitter_card":"default","twitter_image_type":"default","twitter_image_url":null,"twitter_image_custom_url":null,"twitter_image_custom_fields":null,"twitter_title":null,"twitter_description":null,"schema":{"blockGraphs":[],"customGraphs":[],"default":{"data":{"Article":[],"Course":[],"Dataset":[],"FAQPage":[],"Movie":[],"Person":[],"Product":[],"ProductReview":[],"Car":[],"Recipe":[],"Service":[],"SoftwareApplication":[],"WebPage":[]},"graphName":"","isEnabled":true},"graphs":[],"defaultGraph":"","defaultPostTypeGraph":""},"schema_type":null,"schema_type_options":null,"pillar_content":false,"robots_default":true,"robots_noindex":false,"robots_noarchive":false,"robots_nosnippet":false,"robots_nofollow":false,"robots_noimageindex":false,"robots_noodp":false,"robots_notranslate":false,"robots_max_snippet":null,"robots_max_videopreview":null,"robots_max_imagepreview":"large","priority":null,"frequency":null,"location":null,"local_seo":null,"seo_analyzer_scan_date":"2025-08-30 14:17:24","breadcrumb_settings":null,"limit_modified_date":false,"reviewed_by":null,"open_ai":null,"ai":null,"created":"2020-12-21 10:52:21","updated":"2025-08-30 14:17:24"},"aioseo_breadcrumb":"<div class=\"aioseo-breadcrumbs\"><span class=\"aioseo-breadcrumb\">\n\t<a href=\"https:\/\/candas365.es\/noticias\" title=\"Home\">Home<\/a>\n<\/span><span class=\"aioseo-breadcrumb-separator\">&ndash;<\/span><span class=\"aioseo-breadcrumb\">\n\t<a href=\"https:\/\/candas365.es\/noticias\/category\/noticias-carreno\/\" title=\"Noticias Carre\u00f1o\">Noticias Carre\u00f1o<\/a>\n<\/span><span class=\"aioseo-breadcrumb-separator\">&ndash;<\/span><span class=\"aioseo-breadcrumb\">\n\tAmelia Fern\u00e1ndez se re\u00fane con el director del Centro Asturiano de M\u00e1laga\n<\/span><\/div>","aioseo_breadcrumb_json":[{"label":"Home","link":"https:\/\/candas365.es\/noticias"},{"label":"Noticias Carre\u00f1o","link":"https:\/\/candas365.es\/noticias\/category\/noticias-carreno\/"},{"label":"Amelia Fern\u00e1ndez se re\u00fane con el director del Centro Asturiano de M\u00e1laga","link":"https:\/\/candas365.es\/noticias\/amelia-fernandez-se-reune-con-el-director-del-centro-asturiano-de-malaga\/"}],"_links":{"self":[{"href":"https:\/\/candas365.es\/noticias\/wp-json\/wp\/v2\/posts\/130408","targetHints":{"allow":["GET"]}}],"collection":[{"href":"https:\/\/candas365.es\/noticias\/wp-json\/wp\/v2\/posts"}],"about":[{"href":"https:\/\/candas365.es\/noticias\/wp-json\/wp\/v2\/types\/post"}],"author":[{"embeddable":true,"href":"https:\/\/candas365.es\/noticias\/wp-json\/wp\/v2\/users\/1"}],"replies":[{"embeddable":true,"href":"https:\/\/candas365.es\/noticias\/wp-json\/wp\/v2\/comments?post=130408"}],"version-history":[{"count":0,"href":"https:\/\/candas365.es\/noticias\/wp-json\/wp\/v2\/posts\/130408\/revisions"}],"wp:featuredmedia":[{"embeddable":true,"href":"https:\/\/candas365.es\/noticias\/wp-json\/wp\/v2\/media\/130409"}],"wp:attachment":[{"href":"https:\/\/candas365.es\/noticias\/wp-json\/wp\/v2\/media?parent=130408"}],"wp:term":[{"taxonomy":"category","embeddable":true,"href":"https:\/\/candas365.es\/noticias\/wp-json\/wp\/v2\/categories?post=130408"},{"taxonomy":"post_tag","embeddable":true,"href":"https:\/\/candas365.es\/noticias\/wp-json\/wp\/v2\/tags?post=130408"}],"curies":[{"name":"wp","href":"https:\/\/api.w.org\/{rel}","templated":true}]}}