{"id":130328,"date":"2019-09-23T20:49:19","date_gmt":"2019-09-23T20:49:19","guid":{"rendered":"http:\/\/candas365.es\/noticias\/?p=130328"},"modified":"2019-09-23T20:49:19","modified_gmt":"2019-09-23T20:49:19","slug":"circlassica-llega-al-teatro-de-la-laboral","status":"publish","type":"post","link":"https:\/\/candas365.es\/noticias\/circlassica-llega-al-teatro-de-la-laboral\/","title":{"rendered":"Circlassica llega al Teatro de la Laboral"},"content":{"rendered":"<p><img fetchpriority=\"high\" decoding=\"async\" class=\"alignleft size-medium wp-image-130329\" src=\"https:\/\/candas365.es\/noticias\/wp-content\/uploads\/2019\/09\/Circlassica-360x261.jpg\" alt=\"\" width=\"360\" height=\"261\" srcset=\"https:\/\/candas365.es\/noticias\/wp-content\/uploads\/2019\/09\/Circlassica-360x261.jpg 360w, https:\/\/candas365.es\/noticias\/wp-content\/uploads\/2019\/09\/Circlassica-768x557.jpg 768w, https:\/\/candas365.es\/noticias\/wp-content\/uploads\/2019\/09\/Circlassica-655x475.jpg 655w, https:\/\/candas365.es\/noticias\/wp-content\/uploads\/2019\/09\/Circlassica-324x235.jpg 324w, https:\/\/candas365.es\/noticias\/wp-content\/uploads\/2019\/09\/Circlassica-696x505.jpg 696w, https:\/\/candas365.es\/noticias\/wp-content\/uploads\/2019\/09\/Circlassica-579x420.jpg 579w, https:\/\/candas365.es\/noticias\/wp-content\/uploads\/2019\/09\/Circlassica.jpg 1065w\" sizes=\"(max-width: 360px) 100vw, 360px\" \/>El Teatro de la Laboral acoge siete pases de Circlassica del 26 al 29 de septiembre.<\/p>\n<p>M\u00e1s de 185.000 personas vieron en Madrid las pasadas Navidades el nuevo espect\u00e1culo de Productores de Sonrisas, un homenaje al circo moderno, con m\u00e1s de 250 a\u00f1os de historia, y a los artistas que un d\u00eda se atrevieron a desafiar las leyes de Newton, convirtiendo lo imposible en posible.<\/p>\n<p>Emilio Arag\u00f3n es el director art\u00edstico de Circlassica, que trasladar\u00e1 a los espectadores al m\u00e1gico y circense mundo de Nim y Margot. Nim, un joven payaso bonach\u00f3n e ingenuo, al que le gusta pintar, sue\u00f1a y suspira por el coraz\u00f3n de Margot, la bailarina. Ambos son personajes inspirados en dos artistas referentes del circo, Gabriel Arag\u00f3n (Espa\u00f1a 1830-1915), m\u00e1s conocido como Pepino o El Gran Pepino, creador de la escuela de los payasos musicales, y Virginia Foureaux (Suecia, c.1850-1930), acr\u00f3bata ecuestre; juntos iniciaron la m\u00e1s famosa dinast\u00eda de payasos espa\u00f1oles: la popular familia Arag\u00f3n.<\/p>\n<p>Funambulistas, acr\u00f3batas y malabaristas forman un equipo de 30 artistas llegados de diferentes partes del mundo, que ponen en escena un espect\u00e1culo en el que tanto el vestuario y el atrezo como la escenograf\u00eda se han cuidado al detalle para mostrar un resultado de un alto nivel de originalidad, belleza y elegancia.<\/p>\n<p>Las entradas, a partir de 25 euros, est\u00e1n disponibles en la Recepci\u00f3n de la Laboral, en el Centro Niemeyer en Avil\u00e9s, en la Oficina de Informaci\u00f3n Tur\u00edstica de Asturias en Oviedo, en la web entradas.liberbank.es, en el tel\u00e9fono 902 106 601, en la red de cajeros Liberbank y en la propia web de la Laboral (www.laboralciudaddelacultura.com).<\/p>\n","protected":false},"excerpt":{"rendered":"<p>El Teatro de la Laboral acoge siete pases de Circlassica del 26 al 29 de septiembre. M\u00e1s de 185.000 personas vieron en Madrid las pasadas Navidades el nuevo espect\u00e1culo de Productores de Sonrisas, un homenaje al circo moderno, con m\u00e1s de 250 a\u00f1os de historia, y a los artistas que un d\u00eda se atrevieron a<\/p>\n","protected":false},"author":1,"featured_media":130329,"comment_status":"closed","ping_status":"closed","sticky":false,"template":"","format":"standard","meta":{"footnotes":""},"categories":[1],"tags":[],"class_list":{"0":"post-130328","1":"post","2":"type-post","3":"status-publish","4":"format-standard","5":"has-post-thumbnail","7":"category-agenda"},"aioseo_notices":[],"aioseo_head":"\n\t\t<!-- All in One SEO Pro 4.9.6.2 - aioseo.com -->\n\t<meta name=\"description\" content=\"El Teatro de la Laboral acoge siete pases de Circlassica del 26 al 29 de septiembre. M\u00e1s de 185.000 personas vieron en Madrid las pasadas Navidades el nuevo espect\u00e1culo de Productores de Sonrisas, un homenaje al circo moderno, con m\u00e1s de 250 a\u00f1os de historia, y a los artistas que un d\u00eda se atrevieron a\" \/>\n\t<meta name=\"robots\" content=\"max-image-preview:large\" \/>\n\t<meta name=\"author\" content=\"Cand\u00e1s 365\"\/>\n\t<meta name=\"google-site-verification\" content=\"UA-32230408-1\" \/>\n\t<meta name=\"msvalidate.01\" content=\"354F3CDFB2DA171B47FBE9ABF1F88D5\" \/>\n\t<meta name=\"keywords\" content=\"agenda\" \/>\n\t<link rel=\"canonical\" href=\"https:\/\/candas365.es\/noticias\/circlassica-llega-al-teatro-de-la-laboral\/\" \/>\n\t<meta name=\"generator\" content=\"All in One SEO Pro (AIOSEO) 4.9.6.2\" \/>\n\t\t<meta property=\"og:locale\" content=\"es_ES\" \/>\n\t\t<meta property=\"og:site_name\" content=\"Cand\u00e1s 365\" \/>\n\t\t<meta property=\"og:type\" content=\"article\" \/>\n\t\t<meta property=\"og:title\" content=\"Circlassica llega al Teatro de la Laboral | Cand\u00e1s 365\" \/>\n\t\t<meta property=\"og:description\" content=\"El Teatro de la Laboral acoge siete pases de Circlassica del 26 al 29 de septiembre. M\u00e1s de 185.000 personas vieron en Madrid las pasadas Navidades el nuevo espect\u00e1culo de Productores de Sonrisas, un homenaje al circo moderno, con m\u00e1s de 250 a\u00f1os de historia, y a los artistas que un d\u00eda se atrevieron a\" \/>\n\t\t<meta property=\"og:url\" content=\"https:\/\/candas365.es\/noticias\/circlassica-llega-al-teatro-de-la-laboral\/\" \/>\n\t\t<meta property=\"og:image\" content=\"https:\/\/candas365.es\/noticias\/wp-content\/uploads\/2019\/09\/Circlassica.jpg\" \/>\n\t\t<meta property=\"og:image:secure_url\" content=\"https:\/\/candas365.es\/noticias\/wp-content\/uploads\/2019\/09\/Circlassica.jpg\" \/>\n\t\t<meta property=\"og:image:width\" content=\"1065\" \/>\n\t\t<meta property=\"og:image:height\" content=\"773\" \/>\n\t\t<meta property=\"article:published_time\" content=\"2019-09-23T20:49:19+00:00\" \/>\n\t\t<meta property=\"article:modified_time\" content=\"2019-09-23T20:49:19+00:00\" \/>\n\t\t<meta property=\"article:publisher\" content=\"https:\/\/www.facebook.com\/Nachofdezber\" \/>\n\t\t<meta property=\"article:author\" content=\"https:\/\/www.facebook.com\/carrenoactualidad\" \/>\n\t\t<meta name=\"twitter:card\" content=\"summary_large_image\" \/>\n\t\t<meta name=\"twitter:site\" content=\"@NabercoDigital\" \/>\n\t\t<meta name=\"twitter:title\" content=\"Circlassica llega al Teatro de la Laboral | Cand\u00e1s 365\" \/>\n\t\t<meta name=\"twitter:description\" content=\"El Teatro de la Laboral acoge siete pases de Circlassica del 26 al 29 de septiembre. M\u00e1s de 185.000 personas vieron en Madrid las pasadas Navidades el nuevo espect\u00e1culo de Productores de Sonrisas, un homenaje al circo moderno, con m\u00e1s de 250 a\u00f1os de historia, y a los artistas que un d\u00eda se atrevieron a\" \/>\n\t\t<meta name=\"twitter:creator\" content=\"@nbasturias\" \/>\n\t\t<meta name=\"twitter:image\" content=\"https:\/\/candas365.es\/noticias\/wp-content\/uploads\/2019\/09\/Circlassica.jpg\" \/>\n\t\t<meta name=\"twitter:label1\" content=\"Escrito por\" \/>\n\t\t<meta name=\"twitter:data1\" content=\"Cand\u00e1s 365\" \/>\n\t\t<meta name=\"twitter:label2\" content=\"Tiempo de lectura estimado\" \/>\n\t\t<meta name=\"twitter:data2\" content=\"1 minuto\" \/>\n\t\t<script type=\"application\/ld+json\" class=\"aioseo-schema\">\n\t\t\t{\"@context\":\"https:\\\/\\\/schema.org\",\"@graph\":[{\"@type\":\"BreadcrumbList\",\"@id\":\"https:\\\/\\\/candas365.es\\\/noticias\\\/circlassica-llega-al-teatro-de-la-laboral\\\/#breadcrumblist\",\"itemListElement\":[{\"@type\":\"ListItem\",\"@id\":\"https:\\\/\\\/candas365.es\\\/noticias#listItem\",\"position\":1,\"name\":\"Home\",\"item\":\"https:\\\/\\\/candas365.es\\\/noticias\",\"nextItem\":{\"@type\":\"ListItem\",\"@id\":\"https:\\\/\\\/candas365.es\\\/noticias\\\/category\\\/agenda\\\/#listItem\",\"name\":\"Agenda\"}},{\"@type\":\"ListItem\",\"@id\":\"https:\\\/\\\/candas365.es\\\/noticias\\\/category\\\/agenda\\\/#listItem\",\"position\":2,\"name\":\"Agenda\",\"item\":\"https:\\\/\\\/candas365.es\\\/noticias\\\/category\\\/agenda\\\/\",\"nextItem\":{\"@type\":\"ListItem\",\"@id\":\"https:\\\/\\\/candas365.es\\\/noticias\\\/circlassica-llega-al-teatro-de-la-laboral\\\/#listItem\",\"name\":\"Circlassica llega al Teatro de la Laboral\"},\"previousItem\":{\"@type\":\"ListItem\",\"@id\":\"https:\\\/\\\/candas365.es\\\/noticias#listItem\",\"name\":\"Home\"}},{\"@type\":\"ListItem\",\"@id\":\"https:\\\/\\\/candas365.es\\\/noticias\\\/circlassica-llega-al-teatro-de-la-laboral\\\/#listItem\",\"position\":3,\"name\":\"Circlassica llega al Teatro de la Laboral\",\"previousItem\":{\"@type\":\"ListItem\",\"@id\":\"https:\\\/\\\/candas365.es\\\/noticias\\\/category\\\/agenda\\\/#listItem\",\"name\":\"Agenda\"}}]},{\"@type\":\"NewsArticle\",\"@id\":\"https:\\\/\\\/candas365.es\\\/noticias\\\/circlassica-llega-al-teatro-de-la-laboral\\\/#newsarticle\",\"name\":\"Circlassica llega al Teatro de la Laboral | Cand\\u00e1s 365\",\"headline\":\"Circlassica llega al Teatro de la Laboral\",\"author\":{\"@id\":\"https:\\\/\\\/candas365.es\\\/noticias\\\/author\\\/admin\\\/#author\"},\"publisher\":{\"@id\":\"https:\\\/\\\/candas365.es\\\/noticias\\\/#organization\"},\"image\":{\"@type\":\"ImageObject\",\"url\":\"https:\\\/\\\/candas365.es\\\/noticias\\\/wp-content\\\/uploads\\\/2019\\\/09\\\/Circlassica.jpg\",\"width\":1065,\"height\":773},\"datePublished\":\"2019-09-23T20:49:19+02:00\",\"dateModified\":\"2019-09-23T20:49:19+02:00\",\"inLanguage\":\"es-ES\",\"mainEntityOfPage\":{\"@id\":\"https:\\\/\\\/candas365.es\\\/noticias\\\/circlassica-llega-al-teatro-de-la-laboral\\\/#webpage\"},\"isPartOf\":{\"@id\":\"https:\\\/\\\/candas365.es\\\/noticias\\\/circlassica-llega-al-teatro-de-la-laboral\\\/#webpage\"},\"articleSection\":\"Agenda\",\"dateline\":\"Publicado el septiembre 23, 2019.\"},{\"@type\":\"Organization\",\"@id\":\"https:\\\/\\\/candas365.es\\\/noticias\\\/#organization\",\"name\":\"Cand\\u00e1s 365\",\"description\":\"Cand\\u00e1s 365 es un diario digital independiente, fundado en 2012, con base en Asturias. Informamos con rigor sobre actualidad, sociedad, cultura y ocio, con una mirada local y global.\",\"url\":\"https:\\\/\\\/candas365.es\\\/noticias\\\/\",\"email\":\"info@candas365.es\",\"telephone\":\"+34652131393\",\"foundingDate\":\"2012-06-10\",\"logo\":{\"@type\":\"ImageObject\",\"url\":\"https:\\\/\\\/candas365.es\\\/noticias\\\/wp-content\\\/uploads\\\/2024\\\/09\\\/Candas-365-Redes.jpg\",\"@id\":\"https:\\\/\\\/candas365.es\\\/noticias\\\/circlassica-llega-al-teatro-de-la-laboral\\\/#organizationLogo\",\"width\":1152,\"height\":864,\"caption\":\"Cand\\u00e1s 365 Redes\"},\"image\":{\"@id\":\"https:\\\/\\\/candas365.es\\\/noticias\\\/circlassica-llega-al-teatro-de-la-laboral\\\/#organizationLogo\"},\"sameAs\":[\"https:\\\/\\\/www.facebook.com\\\/Nachofdezber\",\"https:\\\/\\\/x.com\\\/NabercoDigital\",\"https:\\\/\\\/www.instagram.com\\\/nachofdezber\\\/\",\"https:\\\/\\\/www.youtube.com\\\/channel\\\/UCZP-2wLEB9Rv6erhFmqVnvg\"],\"address\":{\"@id\":\"https:\\\/\\\/candas365.es\\\/noticias\\\/#postaladdress\",\"@type\":\"PostalAddress\",\"streetAddress\":\"san antonio 4, san antonio 4\",\"postalCode\":\"33430\",\"addressLocality\":\"Cand\\u00e1s\",\"addressRegion\":\"Asturias\",\"addressCountry\":\"ES\"}},{\"@type\":\"Person\",\"@id\":\"https:\\\/\\\/candas365.es\\\/noticias\\\/author\\\/admin\\\/#author\",\"url\":\"https:\\\/\\\/candas365.es\\\/noticias\\\/author\\\/admin\\\/\",\"name\":\"Cand\\u00e1s 365\",\"image\":{\"@type\":\"ImageObject\",\"@id\":\"https:\\\/\\\/candas365.es\\\/noticias\\\/circlassica-llega-al-teatro-de-la-laboral\\\/#authorImage\",\"url\":\"https:\\\/\\\/secure.gravatar.com\\\/avatar\\\/496a8e03d0c493ede1718b7934145dbdf8d89be1036b0eec9544e1094c9de390?s=96&d=mm&r=g\",\"width\":96,\"height\":96,\"caption\":\"Cand\\u00e1s 365\"},\"sameAs\":[\"https:\\\/\\\/www.facebook.com\\\/carrenoactualidad\",\"https:\\\/\\\/twitter.com\\\/nbasturias\",\"https:\\\/\\\/www.instagram.com\\\/nachofdezber\\\/\",\"https:\\\/\\\/www.youtube.com\\\/channel\\\/UCZP-2wLEB9Rv6erhFmqVnvg\"]},{\"@type\":\"WebPage\",\"@id\":\"https:\\\/\\\/candas365.es\\\/noticias\\\/circlassica-llega-al-teatro-de-la-laboral\\\/#webpage\",\"url\":\"https:\\\/\\\/candas365.es\\\/noticias\\\/circlassica-llega-al-teatro-de-la-laboral\\\/\",\"name\":\"Circlassica llega al Teatro de la Laboral | Cand\\u00e1s 365\",\"description\":\"El Teatro de la Laboral acoge siete pases de Circlassica del 26 al 29 de septiembre. M\\u00e1s de 185.000 personas vieron en Madrid las pasadas Navidades el nuevo espect\\u00e1culo de Productores de Sonrisas, un homenaje al circo moderno, con m\\u00e1s de 250 a\\u00f1os de historia, y a los artistas que un d\\u00eda se atrevieron a\",\"inLanguage\":\"es-ES\",\"isPartOf\":{\"@id\":\"https:\\\/\\\/candas365.es\\\/noticias\\\/#website\"},\"breadcrumb\":{\"@id\":\"https:\\\/\\\/candas365.es\\\/noticias\\\/circlassica-llega-al-teatro-de-la-laboral\\\/#breadcrumblist\"},\"author\":{\"@id\":\"https:\\\/\\\/candas365.es\\\/noticias\\\/author\\\/admin\\\/#author\"},\"creator\":{\"@id\":\"https:\\\/\\\/candas365.es\\\/noticias\\\/author\\\/admin\\\/#author\"},\"image\":{\"@type\":\"ImageObject\",\"url\":\"https:\\\/\\\/candas365.es\\\/noticias\\\/wp-content\\\/uploads\\\/2019\\\/09\\\/Circlassica.jpg\",\"@id\":\"https:\\\/\\\/candas365.es\\\/noticias\\\/circlassica-llega-al-teatro-de-la-laboral\\\/#mainImage\",\"width\":1065,\"height\":773},\"primaryImageOfPage\":{\"@id\":\"https:\\\/\\\/candas365.es\\\/noticias\\\/circlassica-llega-al-teatro-de-la-laboral\\\/#mainImage\"},\"datePublished\":\"2019-09-23T20:49:19+02:00\",\"dateModified\":\"2019-09-23T20:49:19+02:00\"},{\"@type\":\"WebSite\",\"@id\":\"https:\\\/\\\/candas365.es\\\/noticias\\\/#website\",\"url\":\"https:\\\/\\\/candas365.es\\\/noticias\\\/\",\"name\":\"Cand\\u00e1s 365\",\"alternateName\":\"Cand\\u00e1s 365 Noticias\",\"description\":\"Actualidad desde Carre\\u00f1o para el mundo\",\"inLanguage\":\"es-ES\",\"publisher\":{\"@id\":\"https:\\\/\\\/candas365.es\\\/noticias\\\/#organization\"}}]}\n\t\t<\/script>\n\t\t<!-- All in One SEO Pro -->\r\n\t\t<title>Circlassica llega al Teatro de la Laboral | Cand\u00e1s 365<\/title>\n\n","aioseo_head_json":{"title":"Circlassica llega al Teatro de la Laboral | Cand\u00e1s 365","description":"El Teatro de la Laboral acoge siete pases de Circlassica del 26 al 29 de septiembre. M\u00e1s de 185.000 personas vieron en Madrid las pasadas Navidades el nuevo espect\u00e1culo de Productores de Sonrisas, un homenaje al circo moderno, con m\u00e1s de 250 a\u00f1os de historia, y a los artistas que un d\u00eda se atrevieron a","canonical_url":"https:\/\/candas365.es\/noticias\/circlassica-llega-al-teatro-de-la-laboral\/","robots":"max-image-preview:large","keywords":"agenda","webmasterTools":{"google-site-verification":"UA-32230408-1","msvalidate.01":"354F3CDFB2DA171B47FBE9ABF1F88D5","miscellaneous":""},"schema":{"@context":"https:\/\/schema.org","@graph":[{"@type":"BreadcrumbList","@id":"https:\/\/candas365.es\/noticias\/circlassica-llega-al-teatro-de-la-laboral\/#breadcrumblist","itemListElement":[{"@type":"ListItem","@id":"https:\/\/candas365.es\/noticias#listItem","position":1,"name":"Home","item":"https:\/\/candas365.es\/noticias","nextItem":{"@type":"ListItem","@id":"https:\/\/candas365.es\/noticias\/category\/agenda\/#listItem","name":"Agenda"}},{"@type":"ListItem","@id":"https:\/\/candas365.es\/noticias\/category\/agenda\/#listItem","position":2,"name":"Agenda","item":"https:\/\/candas365.es\/noticias\/category\/agenda\/","nextItem":{"@type":"ListItem","@id":"https:\/\/candas365.es\/noticias\/circlassica-llega-al-teatro-de-la-laboral\/#listItem","name":"Circlassica llega al Teatro de la Laboral"},"previousItem":{"@type":"ListItem","@id":"https:\/\/candas365.es\/noticias#listItem","name":"Home"}},{"@type":"ListItem","@id":"https:\/\/candas365.es\/noticias\/circlassica-llega-al-teatro-de-la-laboral\/#listItem","position":3,"name":"Circlassica llega al Teatro de la Laboral","previousItem":{"@type":"ListItem","@id":"https:\/\/candas365.es\/noticias\/category\/agenda\/#listItem","name":"Agenda"}}]},{"@type":"NewsArticle","@id":"https:\/\/candas365.es\/noticias\/circlassica-llega-al-teatro-de-la-laboral\/#newsarticle","name":"Circlassica llega al Teatro de la Laboral | Cand\u00e1s 365","headline":"Circlassica llega al Teatro de la Laboral","author":{"@id":"https:\/\/candas365.es\/noticias\/author\/admin\/#author"},"publisher":{"@id":"https:\/\/candas365.es\/noticias\/#organization"},"image":{"@type":"ImageObject","url":"https:\/\/candas365.es\/noticias\/wp-content\/uploads\/2019\/09\/Circlassica.jpg","width":1065,"height":773},"datePublished":"2019-09-23T20:49:19+02:00","dateModified":"2019-09-23T20:49:19+02:00","inLanguage":"es-ES","mainEntityOfPage":{"@id":"https:\/\/candas365.es\/noticias\/circlassica-llega-al-teatro-de-la-laboral\/#webpage"},"isPartOf":{"@id":"https:\/\/candas365.es\/noticias\/circlassica-llega-al-teatro-de-la-laboral\/#webpage"},"articleSection":"Agenda","dateline":"Publicado el septiembre 23, 2019."},{"@type":"Organization","@id":"https:\/\/candas365.es\/noticias\/#organization","name":"Cand\u00e1s 365","description":"Cand\u00e1s 365 es un diario digital independiente, fundado en 2012, con base en Asturias. Informamos con rigor sobre actualidad, sociedad, cultura y ocio, con una mirada local y global.","url":"https:\/\/candas365.es\/noticias\/","email":"info@candas365.es","telephone":"+34652131393","foundingDate":"2012-06-10","logo":{"@type":"ImageObject","url":"https:\/\/candas365.es\/noticias\/wp-content\/uploads\/2024\/09\/Candas-365-Redes.jpg","@id":"https:\/\/candas365.es\/noticias\/circlassica-llega-al-teatro-de-la-laboral\/#organizationLogo","width":1152,"height":864,"caption":"Cand\u00e1s 365 Redes"},"image":{"@id":"https:\/\/candas365.es\/noticias\/circlassica-llega-al-teatro-de-la-laboral\/#organizationLogo"},"sameAs":["https:\/\/www.facebook.com\/Nachofdezber","https:\/\/x.com\/NabercoDigital","https:\/\/www.instagram.com\/nachofdezber\/","https:\/\/www.youtube.com\/channel\/UCZP-2wLEB9Rv6erhFmqVnvg"],"address":{"@id":"https:\/\/candas365.es\/noticias\/#postaladdress","@type":"PostalAddress","streetAddress":"san antonio 4, san antonio 4","postalCode":"33430","addressLocality":"Cand\u00e1s","addressRegion":"Asturias","addressCountry":"ES"}},{"@type":"Person","@id":"https:\/\/candas365.es\/noticias\/author\/admin\/#author","url":"https:\/\/candas365.es\/noticias\/author\/admin\/","name":"Cand\u00e1s 365","image":{"@type":"ImageObject","@id":"https:\/\/candas365.es\/noticias\/circlassica-llega-al-teatro-de-la-laboral\/#authorImage","url":"https:\/\/secure.gravatar.com\/avatar\/496a8e03d0c493ede1718b7934145dbdf8d89be1036b0eec9544e1094c9de390?s=96&d=mm&r=g","width":96,"height":96,"caption":"Cand\u00e1s 365"},"sameAs":["https:\/\/www.facebook.com\/carrenoactualidad","https:\/\/twitter.com\/nbasturias","https:\/\/www.instagram.com\/nachofdezber\/","https:\/\/www.youtube.com\/channel\/UCZP-2wLEB9Rv6erhFmqVnvg"]},{"@type":"WebPage","@id":"https:\/\/candas365.es\/noticias\/circlassica-llega-al-teatro-de-la-laboral\/#webpage","url":"https:\/\/candas365.es\/noticias\/circlassica-llega-al-teatro-de-la-laboral\/","name":"Circlassica llega al Teatro de la Laboral | Cand\u00e1s 365","description":"El Teatro de la Laboral acoge siete pases de Circlassica del 26 al 29 de septiembre. M\u00e1s de 185.000 personas vieron en Madrid las pasadas Navidades el nuevo espect\u00e1culo de Productores de Sonrisas, un homenaje al circo moderno, con m\u00e1s de 250 a\u00f1os de historia, y a los artistas que un d\u00eda se atrevieron a","inLanguage":"es-ES","isPartOf":{"@id":"https:\/\/candas365.es\/noticias\/#website"},"breadcrumb":{"@id":"https:\/\/candas365.es\/noticias\/circlassica-llega-al-teatro-de-la-laboral\/#breadcrumblist"},"author":{"@id":"https:\/\/candas365.es\/noticias\/author\/admin\/#author"},"creator":{"@id":"https:\/\/candas365.es\/noticias\/author\/admin\/#author"},"image":{"@type":"ImageObject","url":"https:\/\/candas365.es\/noticias\/wp-content\/uploads\/2019\/09\/Circlassica.jpg","@id":"https:\/\/candas365.es\/noticias\/circlassica-llega-al-teatro-de-la-laboral\/#mainImage","width":1065,"height":773},"primaryImageOfPage":{"@id":"https:\/\/candas365.es\/noticias\/circlassica-llega-al-teatro-de-la-laboral\/#mainImage"},"datePublished":"2019-09-23T20:49:19+02:00","dateModified":"2019-09-23T20:49:19+02:00"},{"@type":"WebSite","@id":"https:\/\/candas365.es\/noticias\/#website","url":"https:\/\/candas365.es\/noticias\/","name":"Cand\u00e1s 365","alternateName":"Cand\u00e1s 365 Noticias","description":"Actualidad desde Carre\u00f1o para el mundo","inLanguage":"es-ES","publisher":{"@id":"https:\/\/candas365.es\/noticias\/#organization"}}]},"og:locale":"es_ES","og:site_name":"Cand\u00e1s 365","og:type":"article","og:title":"Circlassica llega al Teatro de la Laboral | Cand\u00e1s 365","og:description":"El Teatro de la Laboral acoge siete pases de Circlassica del 26 al 29 de septiembre. M\u00e1s de 185.000 personas vieron en Madrid las pasadas Navidades el nuevo espect\u00e1culo de Productores de Sonrisas, un homenaje al circo moderno, con m\u00e1s de 250 a\u00f1os de historia, y a los artistas que un d\u00eda se atrevieron a","og:url":"https:\/\/candas365.es\/noticias\/circlassica-llega-al-teatro-de-la-laboral\/","og:image":"https:\/\/candas365.es\/noticias\/wp-content\/uploads\/2019\/09\/Circlassica.jpg","og:image:secure_url":"https:\/\/candas365.es\/noticias\/wp-content\/uploads\/2019\/09\/Circlassica.jpg","og:image:width":1065,"og:image:height":773,"article:published_time":"2019-09-23T20:49:19+00:00","article:modified_time":"2019-09-23T20:49:19+00:00","article:publisher":"https:\/\/www.facebook.com\/Nachofdezber","article:author":"https:\/\/www.facebook.com\/carrenoactualidad","twitter:card":"summary_large_image","twitter:site":"@NabercoDigital","twitter:title":"Circlassica llega al Teatro de la Laboral | Cand\u00e1s 365","twitter:description":"El Teatro de la Laboral acoge siete pases de Circlassica del 26 al 29 de septiembre. M\u00e1s de 185.000 personas vieron en Madrid las pasadas Navidades el nuevo espect\u00e1culo de Productores de Sonrisas, un homenaje al circo moderno, con m\u00e1s de 250 a\u00f1os de historia, y a los artistas que un d\u00eda se atrevieron a","twitter:creator":"@nbasturias","twitter:image":"https:\/\/candas365.es\/noticias\/wp-content\/uploads\/2019\/09\/Circlassica.jpg","twitter:label1":"Escrito por","twitter:data1":"Cand\u00e1s 365","twitter:label2":"Tiempo de lectura estimado","twitter:data2":"1 minuto"},"aioseo_meta_data":{"post_id":"130328","title":null,"description":null,"keywords":null,"keyphrases":null,"primary_term":null,"canonical_url":null,"og_title":null,"og_description":null,"og_object_type":"default","og_image_type":"default","og_image_url":null,"og_image_width":null,"og_image_height":null,"og_image_custom_url":null,"og_image_custom_fields":null,"og_video":null,"og_custom_url":null,"og_article_section":null,"og_article_tags":null,"twitter_use_og":false,"twitter_card":"default","twitter_image_type":"default","twitter_image_url":null,"twitter_image_custom_url":null,"twitter_image_custom_fields":null,"twitter_title":null,"twitter_description":null,"schema":{"blockGraphs":[],"customGraphs":[],"default":{"data":{"Article":[],"Course":[],"Dataset":[],"FAQPage":[],"Movie":[],"Person":[],"Product":[],"ProductReview":[],"Car":[],"Recipe":[],"Service":[],"SoftwareApplication":[],"WebPage":[]},"graphName":"","isEnabled":true},"graphs":[],"defaultGraph":"","defaultPostTypeGraph":""},"schema_type":null,"schema_type_options":null,"pillar_content":false,"robots_default":true,"robots_noindex":false,"robots_noarchive":false,"robots_nosnippet":false,"robots_nofollow":false,"robots_noimageindex":false,"robots_noodp":false,"robots_notranslate":false,"robots_max_snippet":null,"robots_max_videopreview":null,"robots_max_imagepreview":"large","priority":null,"frequency":null,"location":null,"local_seo":null,"seo_analyzer_scan_date":"2025-08-30 14:10:29","breadcrumb_settings":null,"limit_modified_date":false,"reviewed_by":null,"open_ai":null,"ai":null,"created":"2020-12-21 10:52:26","updated":"2025-08-30 14:10:29"},"aioseo_breadcrumb":"<div class=\"aioseo-breadcrumbs\"><span class=\"aioseo-breadcrumb\">\n\t<a href=\"https:\/\/candas365.es\/noticias\" title=\"Home\">Home<\/a>\n<\/span><span class=\"aioseo-breadcrumb-separator\">&ndash;<\/span><span class=\"aioseo-breadcrumb\">\n\t<a href=\"https:\/\/candas365.es\/noticias\/category\/agenda\/\" title=\"Agenda\">Agenda<\/a>\n<\/span><span class=\"aioseo-breadcrumb-separator\">&ndash;<\/span><span class=\"aioseo-breadcrumb\">\n\tCirclassica llega al Teatro de la Laboral\n<\/span><\/div>","aioseo_breadcrumb_json":[{"label":"Home","link":"https:\/\/candas365.es\/noticias"},{"label":"Agenda","link":"https:\/\/candas365.es\/noticias\/category\/agenda\/"},{"label":"Circlassica llega al Teatro de la Laboral","link":"https:\/\/candas365.es\/noticias\/circlassica-llega-al-teatro-de-la-laboral\/"}],"_links":{"self":[{"href":"https:\/\/candas365.es\/noticias\/wp-json\/wp\/v2\/posts\/130328","targetHints":{"allow":["GET"]}}],"collection":[{"href":"https:\/\/candas365.es\/noticias\/wp-json\/wp\/v2\/posts"}],"about":[{"href":"https:\/\/candas365.es\/noticias\/wp-json\/wp\/v2\/types\/post"}],"author":[{"embeddable":true,"href":"https:\/\/candas365.es\/noticias\/wp-json\/wp\/v2\/users\/1"}],"replies":[{"embeddable":true,"href":"https:\/\/candas365.es\/noticias\/wp-json\/wp\/v2\/comments?post=130328"}],"version-history":[{"count":0,"href":"https:\/\/candas365.es\/noticias\/wp-json\/wp\/v2\/posts\/130328\/revisions"}],"wp:featuredmedia":[{"embeddable":true,"href":"https:\/\/candas365.es\/noticias\/wp-json\/wp\/v2\/media\/130329"}],"wp:attachment":[{"href":"https:\/\/candas365.es\/noticias\/wp-json\/wp\/v2\/media?parent=130328"}],"wp:term":[{"taxonomy":"category","embeddable":true,"href":"https:\/\/candas365.es\/noticias\/wp-json\/wp\/v2\/categories?post=130328"},{"taxonomy":"post_tag","embeddable":true,"href":"https:\/\/candas365.es\/noticias\/wp-json\/wp\/v2\/tags?post=130328"}],"curies":[{"name":"wp","href":"https:\/\/api.w.org\/{rel}","templated":true}]}}