{"id":130298,"date":"2019-09-23T08:38:01","date_gmt":"2019-09-23T08:38:01","guid":{"rendered":"http:\/\/candas365.es\/noticias\/?p=130298"},"modified":"2019-09-23T08:38:01","modified_gmt":"2019-09-23T08:38:01","slug":"el-grupo-de-teatro-les-ayalgues-presenta-su-obra-reir-para-vivir","status":"publish","type":"post","link":"https:\/\/candas365.es\/noticias\/el-grupo-de-teatro-les-ayalgues-presenta-su-obra-reir-para-vivir\/","title":{"rendered":"El grupo de teatro Les Ayalgues presenta su obra \u00abRe\u00edr para Vivir\u00bb"},"content":{"rendered":"<p><img fetchpriority=\"high\" decoding=\"async\" class=\"alignleft size-medium wp-image-130299\" src=\"https:\/\/candas365.es\/noticias\/wp-content\/uploads\/2019\/09\/teatro-360x270.jpg\" alt=\"\" width=\"360\" height=\"270\" srcset=\"https:\/\/candas365.es\/noticias\/wp-content\/uploads\/2019\/09\/teatro-360x270.jpg 360w, https:\/\/candas365.es\/noticias\/wp-content\/uploads\/2019\/09\/teatro-768x576.jpg 768w, https:\/\/candas365.es\/noticias\/wp-content\/uploads\/2019\/09\/teatro-640x480.jpg 640w, https:\/\/candas365.es\/noticias\/wp-content\/uploads\/2019\/09\/teatro-80x60.jpg 80w, https:\/\/candas365.es\/noticias\/wp-content\/uploads\/2019\/09\/teatro-265x198.jpg 265w, https:\/\/candas365.es\/noticias\/wp-content\/uploads\/2019\/09\/teatro-696x522.jpg 696w, https:\/\/candas365.es\/noticias\/wp-content\/uploads\/2019\/09\/teatro-1068x801.jpg 1068w, https:\/\/candas365.es\/noticias\/wp-content\/uploads\/2019\/09\/teatro-560x420.jpg 560w, https:\/\/candas365.es\/noticias\/wp-content\/uploads\/2019\/09\/teatro.jpg 1600w\" sizes=\"(max-width: 360px) 100vw, 360px\" \/>El Ayuntamiento de Carre\u00f1o anunci\u00f3 mediante un comunicado de prensa que el grupo de teatro amateur \u201cLes Ayalgues\u201d de Carre\u00f1o, bajo la direcci\u00f3n de Gemma de Lu\u00eds, intervino recientemente en Santa Cruz de Llanera.<\/p>\n<p><strong>Re\u00edr para vivir<\/strong> es el t\u00edtulo de la representaci\u00f3n que hicieron.<\/p>\n<p>Se trata de un grupo de mujeres, mayores de 50, que est\u00e1 prepar\u00e1ndose intensamente para el pr\u00f3ximo estreno que tendr\u00e1 lugar en el mes de octubre en el teatro Prendes. Su funci\u00f3n teatral estar\u00e1 integrada en el marco de la programaci\u00f3n municipal entorno al D\u00eda Internacional de la Mujer Rural. Sorprender\u00e1n al p\u00fablico con una adaptaci\u00f3n de una obra de Federico Garc\u00eda Lorca.<\/p>\n","protected":false},"excerpt":{"rendered":"<p>El Ayuntamiento de Carre\u00f1o anunci\u00f3 mediante un comunicado de prensa que el grupo de teatro amateur \u201cLes Ayalgues\u201d de Carre\u00f1o, bajo la direcci\u00f3n de Gemma de Lu\u00eds, intervino recientemente en Santa Cruz de Llanera. Re\u00edr para vivir es el t\u00edtulo de la representaci\u00f3n que hicieron. Se trata de un grupo de mujeres, mayores de 50,<\/p>\n","protected":false},"author":1,"featured_media":130299,"comment_status":"closed","ping_status":"closed","sticky":false,"template":"","format":"standard","meta":{"footnotes":""},"categories":[2],"tags":[],"class_list":{"0":"post-130298","1":"post","2":"type-post","3":"status-publish","4":"format-standard","5":"has-post-thumbnail","7":"category-noticias-carreno"},"aioseo_notices":[],"aioseo_head":"\n\t\t<!-- All in One SEO Pro 4.9.6.2 - aioseo.com -->\n\t<meta name=\"description\" content=\"El Ayuntamiento de Carre\u00f1o anunci\u00f3 mediante un comunicado de prensa que el grupo de teatro amateur \u201cLes Ayalgues\u201d de Carre\u00f1o, bajo la direcci\u00f3n de Gemma de Lu\u00eds, intervino recientemente en Santa Cruz de Llanera. Re\u00edr para vivir es el t\u00edtulo de la representaci\u00f3n que hicieron. Se trata de un grupo de mujeres, mayores de 50,\" \/>\n\t<meta name=\"robots\" content=\"max-image-preview:large\" \/>\n\t<meta name=\"author\" content=\"Cand\u00e1s 365\"\/>\n\t<meta name=\"google-site-verification\" content=\"UA-32230408-1\" \/>\n\t<meta name=\"msvalidate.01\" content=\"354F3CDFB2DA171B47FBE9ABF1F88D5\" \/>\n\t<meta name=\"keywords\" content=\"noticias carre\u00f1o\" \/>\n\t<link rel=\"canonical\" href=\"https:\/\/candas365.es\/noticias\/el-grupo-de-teatro-les-ayalgues-presenta-su-obra-reir-para-vivir\/\" \/>\n\t<meta name=\"generator\" content=\"All in One SEO Pro (AIOSEO) 4.9.6.2\" \/>\n\t\t<meta property=\"og:locale\" content=\"es_ES\" \/>\n\t\t<meta property=\"og:site_name\" content=\"Cand\u00e1s 365\" \/>\n\t\t<meta property=\"og:type\" content=\"article\" \/>\n\t\t<meta property=\"og:title\" content=\"El grupo de teatro Les Ayalgues presenta su obra \u00abRe\u00edr para Vivir\u00bb | Cand\u00e1s 365\" \/>\n\t\t<meta property=\"og:description\" content=\"El Ayuntamiento de Carre\u00f1o anunci\u00f3 mediante un comunicado de prensa que el grupo de teatro amateur \u201cLes Ayalgues\u201d de Carre\u00f1o, bajo la direcci\u00f3n de Gemma de Lu\u00eds, intervino recientemente en Santa Cruz de Llanera. Re\u00edr para vivir es el t\u00edtulo de la representaci\u00f3n que hicieron. Se trata de un grupo de mujeres, mayores de 50,\" \/>\n\t\t<meta property=\"og:url\" content=\"https:\/\/candas365.es\/noticias\/el-grupo-de-teatro-les-ayalgues-presenta-su-obra-reir-para-vivir\/\" \/>\n\t\t<meta property=\"og:image\" content=\"https:\/\/candas365.es\/noticias\/wp-content\/uploads\/2019\/09\/teatro.jpg\" \/>\n\t\t<meta property=\"og:image:secure_url\" content=\"https:\/\/candas365.es\/noticias\/wp-content\/uploads\/2019\/09\/teatro.jpg\" \/>\n\t\t<meta property=\"og:image:width\" content=\"1600\" \/>\n\t\t<meta property=\"og:image:height\" content=\"1200\" \/>\n\t\t<meta property=\"article:published_time\" content=\"2019-09-23T08:38:01+00:00\" \/>\n\t\t<meta property=\"article:modified_time\" content=\"2019-09-23T08:38:01+00:00\" \/>\n\t\t<meta property=\"article:publisher\" content=\"https:\/\/www.facebook.com\/Nachofdezber\" \/>\n\t\t<meta property=\"article:author\" content=\"https:\/\/www.facebook.com\/carrenoactualidad\" \/>\n\t\t<meta name=\"twitter:card\" content=\"summary_large_image\" \/>\n\t\t<meta name=\"twitter:site\" content=\"@NabercoDigital\" \/>\n\t\t<meta name=\"twitter:title\" content=\"El grupo de teatro Les Ayalgues presenta su obra \u00abRe\u00edr para Vivir\u00bb | Cand\u00e1s 365\" \/>\n\t\t<meta name=\"twitter:description\" content=\"El Ayuntamiento de Carre\u00f1o anunci\u00f3 mediante un comunicado de prensa que el grupo de teatro amateur \u201cLes Ayalgues\u201d de Carre\u00f1o, bajo la direcci\u00f3n de Gemma de Lu\u00eds, intervino recientemente en Santa Cruz de Llanera. Re\u00edr para vivir es el t\u00edtulo de la representaci\u00f3n que hicieron. Se trata de un grupo de mujeres, mayores de 50,\" \/>\n\t\t<meta name=\"twitter:creator\" content=\"@nbasturias\" \/>\n\t\t<meta name=\"twitter:image\" content=\"https:\/\/candas365.es\/noticias\/wp-content\/uploads\/2019\/09\/teatro.jpg\" \/>\n\t\t<meta name=\"twitter:label1\" content=\"Escrito por\" \/>\n\t\t<meta name=\"twitter:data1\" content=\"Cand\u00e1s 365\" \/>\n\t\t<meta name=\"twitter:label2\" content=\"Tiempo de lectura estimado\" \/>\n\t\t<meta name=\"twitter:data2\" content=\"1 minuto\" \/>\n\t\t<script type=\"application\/ld+json\" class=\"aioseo-schema\">\n\t\t\t{\"@context\":\"https:\\\/\\\/schema.org\",\"@graph\":[{\"@type\":\"BreadcrumbList\",\"@id\":\"https:\\\/\\\/candas365.es\\\/noticias\\\/el-grupo-de-teatro-les-ayalgues-presenta-su-obra-reir-para-vivir\\\/#breadcrumblist\",\"itemListElement\":[{\"@type\":\"ListItem\",\"@id\":\"https:\\\/\\\/candas365.es\\\/noticias#listItem\",\"position\":1,\"name\":\"Home\",\"item\":\"https:\\\/\\\/candas365.es\\\/noticias\",\"nextItem\":{\"@type\":\"ListItem\",\"@id\":\"https:\\\/\\\/candas365.es\\\/noticias\\\/category\\\/noticias-carreno\\\/#listItem\",\"name\":\"Noticias Carre\\u00f1o\"}},{\"@type\":\"ListItem\",\"@id\":\"https:\\\/\\\/candas365.es\\\/noticias\\\/category\\\/noticias-carreno\\\/#listItem\",\"position\":2,\"name\":\"Noticias Carre\\u00f1o\",\"item\":\"https:\\\/\\\/candas365.es\\\/noticias\\\/category\\\/noticias-carreno\\\/\",\"nextItem\":{\"@type\":\"ListItem\",\"@id\":\"https:\\\/\\\/candas365.es\\\/noticias\\\/el-grupo-de-teatro-les-ayalgues-presenta-su-obra-reir-para-vivir\\\/#listItem\",\"name\":\"El grupo de teatro Les Ayalgues presenta su obra \\u00abRe\\u00edr para Vivir\\u00bb\"},\"previousItem\":{\"@type\":\"ListItem\",\"@id\":\"https:\\\/\\\/candas365.es\\\/noticias#listItem\",\"name\":\"Home\"}},{\"@type\":\"ListItem\",\"@id\":\"https:\\\/\\\/candas365.es\\\/noticias\\\/el-grupo-de-teatro-les-ayalgues-presenta-su-obra-reir-para-vivir\\\/#listItem\",\"position\":3,\"name\":\"El grupo de teatro Les Ayalgues presenta su obra \\u00abRe\\u00edr para Vivir\\u00bb\",\"previousItem\":{\"@type\":\"ListItem\",\"@id\":\"https:\\\/\\\/candas365.es\\\/noticias\\\/category\\\/noticias-carreno\\\/#listItem\",\"name\":\"Noticias Carre\\u00f1o\"}}]},{\"@type\":\"NewsArticle\",\"@id\":\"https:\\\/\\\/candas365.es\\\/noticias\\\/el-grupo-de-teatro-les-ayalgues-presenta-su-obra-reir-para-vivir\\\/#newsarticle\",\"name\":\"El grupo de teatro Les Ayalgues presenta su obra \\u00abRe\\u00edr para Vivir\\u00bb | Cand\\u00e1s 365\",\"headline\":\"El grupo de teatro Les Ayalgues presenta su obra \\u00abRe\\u00edr para Vivir\\u00bb\",\"author\":{\"@id\":\"https:\\\/\\\/candas365.es\\\/noticias\\\/author\\\/admin\\\/#author\"},\"publisher\":{\"@id\":\"https:\\\/\\\/candas365.es\\\/noticias\\\/#organization\"},\"image\":{\"@type\":\"ImageObject\",\"url\":\"https:\\\/\\\/candas365.es\\\/noticias\\\/wp-content\\\/uploads\\\/2019\\\/09\\\/teatro.jpg\",\"width\":1600,\"height\":1200},\"datePublished\":\"2019-09-23T08:38:01+02:00\",\"dateModified\":\"2019-09-23T08:38:01+02:00\",\"inLanguage\":\"es-ES\",\"mainEntityOfPage\":{\"@id\":\"https:\\\/\\\/candas365.es\\\/noticias\\\/el-grupo-de-teatro-les-ayalgues-presenta-su-obra-reir-para-vivir\\\/#webpage\"},\"isPartOf\":{\"@id\":\"https:\\\/\\\/candas365.es\\\/noticias\\\/el-grupo-de-teatro-les-ayalgues-presenta-su-obra-reir-para-vivir\\\/#webpage\"},\"articleSection\":\"Noticias Carre\\u00f1o\",\"dateline\":\"Publicado el septiembre 23, 2019.\"},{\"@type\":\"Organization\",\"@id\":\"https:\\\/\\\/candas365.es\\\/noticias\\\/#organization\",\"name\":\"Cand\\u00e1s 365\",\"description\":\"Cand\\u00e1s 365 es un diario digital independiente, fundado en 2012, con base en Asturias. Informamos con rigor sobre actualidad, sociedad, cultura y ocio, con una mirada local y global.\",\"url\":\"https:\\\/\\\/candas365.es\\\/noticias\\\/\",\"email\":\"info@candas365.es\",\"telephone\":\"+34652131393\",\"foundingDate\":\"2012-06-10\",\"logo\":{\"@type\":\"ImageObject\",\"url\":\"https:\\\/\\\/candas365.es\\\/noticias\\\/wp-content\\\/uploads\\\/2024\\\/09\\\/Candas-365-Redes.jpg\",\"@id\":\"https:\\\/\\\/candas365.es\\\/noticias\\\/el-grupo-de-teatro-les-ayalgues-presenta-su-obra-reir-para-vivir\\\/#organizationLogo\",\"width\":1152,\"height\":864,\"caption\":\"Cand\\u00e1s 365 Redes\"},\"image\":{\"@id\":\"https:\\\/\\\/candas365.es\\\/noticias\\\/el-grupo-de-teatro-les-ayalgues-presenta-su-obra-reir-para-vivir\\\/#organizationLogo\"},\"sameAs\":[\"https:\\\/\\\/www.facebook.com\\\/Nachofdezber\",\"https:\\\/\\\/x.com\\\/NabercoDigital\",\"https:\\\/\\\/www.instagram.com\\\/nachofdezber\\\/\",\"https:\\\/\\\/www.youtube.com\\\/channel\\\/UCZP-2wLEB9Rv6erhFmqVnvg\"],\"address\":{\"@id\":\"https:\\\/\\\/candas365.es\\\/noticias\\\/#postaladdress\",\"@type\":\"PostalAddress\",\"streetAddress\":\"san antonio 4, san antonio 4\",\"postalCode\":\"33430\",\"addressLocality\":\"Cand\\u00e1s\",\"addressRegion\":\"Asturias\",\"addressCountry\":\"ES\"}},{\"@type\":\"Person\",\"@id\":\"https:\\\/\\\/candas365.es\\\/noticias\\\/author\\\/admin\\\/#author\",\"url\":\"https:\\\/\\\/candas365.es\\\/noticias\\\/author\\\/admin\\\/\",\"name\":\"Cand\\u00e1s 365\",\"image\":{\"@type\":\"ImageObject\",\"@id\":\"https:\\\/\\\/candas365.es\\\/noticias\\\/el-grupo-de-teatro-les-ayalgues-presenta-su-obra-reir-para-vivir\\\/#authorImage\",\"url\":\"https:\\\/\\\/secure.gravatar.com\\\/avatar\\\/496a8e03d0c493ede1718b7934145dbdf8d89be1036b0eec9544e1094c9de390?s=96&d=mm&r=g\",\"width\":96,\"height\":96,\"caption\":\"Cand\\u00e1s 365\"},\"sameAs\":[\"https:\\\/\\\/www.facebook.com\\\/carrenoactualidad\",\"https:\\\/\\\/twitter.com\\\/nbasturias\",\"https:\\\/\\\/www.instagram.com\\\/nachofdezber\\\/\",\"https:\\\/\\\/www.youtube.com\\\/channel\\\/UCZP-2wLEB9Rv6erhFmqVnvg\"]},{\"@type\":\"WebPage\",\"@id\":\"https:\\\/\\\/candas365.es\\\/noticias\\\/el-grupo-de-teatro-les-ayalgues-presenta-su-obra-reir-para-vivir\\\/#webpage\",\"url\":\"https:\\\/\\\/candas365.es\\\/noticias\\\/el-grupo-de-teatro-les-ayalgues-presenta-su-obra-reir-para-vivir\\\/\",\"name\":\"El grupo de teatro Les Ayalgues presenta su obra \\u00abRe\\u00edr para Vivir\\u00bb | Cand\\u00e1s 365\",\"description\":\"El Ayuntamiento de Carre\\u00f1o anunci\\u00f3 mediante un comunicado de prensa que el grupo de teatro amateur \\u201cLes Ayalgues\\u201d de Carre\\u00f1o, bajo la direcci\\u00f3n de Gemma de Lu\\u00eds, intervino recientemente en Santa Cruz de Llanera. Re\\u00edr para vivir es el t\\u00edtulo de la representaci\\u00f3n que hicieron. Se trata de un grupo de mujeres, mayores de 50,\",\"inLanguage\":\"es-ES\",\"isPartOf\":{\"@id\":\"https:\\\/\\\/candas365.es\\\/noticias\\\/#website\"},\"breadcrumb\":{\"@id\":\"https:\\\/\\\/candas365.es\\\/noticias\\\/el-grupo-de-teatro-les-ayalgues-presenta-su-obra-reir-para-vivir\\\/#breadcrumblist\"},\"author\":{\"@id\":\"https:\\\/\\\/candas365.es\\\/noticias\\\/author\\\/admin\\\/#author\"},\"creator\":{\"@id\":\"https:\\\/\\\/candas365.es\\\/noticias\\\/author\\\/admin\\\/#author\"},\"image\":{\"@type\":\"ImageObject\",\"url\":\"https:\\\/\\\/candas365.es\\\/noticias\\\/wp-content\\\/uploads\\\/2019\\\/09\\\/teatro.jpg\",\"@id\":\"https:\\\/\\\/candas365.es\\\/noticias\\\/el-grupo-de-teatro-les-ayalgues-presenta-su-obra-reir-para-vivir\\\/#mainImage\",\"width\":1600,\"height\":1200},\"primaryImageOfPage\":{\"@id\":\"https:\\\/\\\/candas365.es\\\/noticias\\\/el-grupo-de-teatro-les-ayalgues-presenta-su-obra-reir-para-vivir\\\/#mainImage\"},\"datePublished\":\"2019-09-23T08:38:01+02:00\",\"dateModified\":\"2019-09-23T08:38:01+02:00\"},{\"@type\":\"WebSite\",\"@id\":\"https:\\\/\\\/candas365.es\\\/noticias\\\/#website\",\"url\":\"https:\\\/\\\/candas365.es\\\/noticias\\\/\",\"name\":\"Cand\\u00e1s 365\",\"alternateName\":\"Cand\\u00e1s 365 Noticias\",\"description\":\"Actualidad desde Carre\\u00f1o para el mundo\",\"inLanguage\":\"es-ES\",\"publisher\":{\"@id\":\"https:\\\/\\\/candas365.es\\\/noticias\\\/#organization\"}}]}\n\t\t<\/script>\n\t\t<!-- All in One SEO Pro -->\r\n\t\t<title>El grupo de teatro Les Ayalgues presenta su obra \u00abRe\u00edr para Vivir\u00bb | Cand\u00e1s 365<\/title>\n\n","aioseo_head_json":{"title":"El grupo de teatro Les Ayalgues presenta su obra \u00abRe\u00edr para Vivir\u00bb | Cand\u00e1s 365","description":"El Ayuntamiento de Carre\u00f1o anunci\u00f3 mediante un comunicado de prensa que el grupo de teatro amateur \u201cLes Ayalgues\u201d de Carre\u00f1o, bajo la direcci\u00f3n de Gemma de Lu\u00eds, intervino recientemente en Santa Cruz de Llanera. Re\u00edr para vivir es el t\u00edtulo de la representaci\u00f3n que hicieron. Se trata de un grupo de mujeres, mayores de 50,","canonical_url":"https:\/\/candas365.es\/noticias\/el-grupo-de-teatro-les-ayalgues-presenta-su-obra-reir-para-vivir\/","robots":"max-image-preview:large","keywords":"noticias carre\u00f1o","webmasterTools":{"google-site-verification":"UA-32230408-1","msvalidate.01":"354F3CDFB2DA171B47FBE9ABF1F88D5","miscellaneous":""},"schema":{"@context":"https:\/\/schema.org","@graph":[{"@type":"BreadcrumbList","@id":"https:\/\/candas365.es\/noticias\/el-grupo-de-teatro-les-ayalgues-presenta-su-obra-reir-para-vivir\/#breadcrumblist","itemListElement":[{"@type":"ListItem","@id":"https:\/\/candas365.es\/noticias#listItem","position":1,"name":"Home","item":"https:\/\/candas365.es\/noticias","nextItem":{"@type":"ListItem","@id":"https:\/\/candas365.es\/noticias\/category\/noticias-carreno\/#listItem","name":"Noticias Carre\u00f1o"}},{"@type":"ListItem","@id":"https:\/\/candas365.es\/noticias\/category\/noticias-carreno\/#listItem","position":2,"name":"Noticias Carre\u00f1o","item":"https:\/\/candas365.es\/noticias\/category\/noticias-carreno\/","nextItem":{"@type":"ListItem","@id":"https:\/\/candas365.es\/noticias\/el-grupo-de-teatro-les-ayalgues-presenta-su-obra-reir-para-vivir\/#listItem","name":"El grupo de teatro Les Ayalgues presenta su obra \u00abRe\u00edr para Vivir\u00bb"},"previousItem":{"@type":"ListItem","@id":"https:\/\/candas365.es\/noticias#listItem","name":"Home"}},{"@type":"ListItem","@id":"https:\/\/candas365.es\/noticias\/el-grupo-de-teatro-les-ayalgues-presenta-su-obra-reir-para-vivir\/#listItem","position":3,"name":"El grupo de teatro Les Ayalgues presenta su obra \u00abRe\u00edr para Vivir\u00bb","previousItem":{"@type":"ListItem","@id":"https:\/\/candas365.es\/noticias\/category\/noticias-carreno\/#listItem","name":"Noticias Carre\u00f1o"}}]},{"@type":"NewsArticle","@id":"https:\/\/candas365.es\/noticias\/el-grupo-de-teatro-les-ayalgues-presenta-su-obra-reir-para-vivir\/#newsarticle","name":"El grupo de teatro Les Ayalgues presenta su obra \u00abRe\u00edr para Vivir\u00bb | Cand\u00e1s 365","headline":"El grupo de teatro Les Ayalgues presenta su obra \u00abRe\u00edr para Vivir\u00bb","author":{"@id":"https:\/\/candas365.es\/noticias\/author\/admin\/#author"},"publisher":{"@id":"https:\/\/candas365.es\/noticias\/#organization"},"image":{"@type":"ImageObject","url":"https:\/\/candas365.es\/noticias\/wp-content\/uploads\/2019\/09\/teatro.jpg","width":1600,"height":1200},"datePublished":"2019-09-23T08:38:01+02:00","dateModified":"2019-09-23T08:38:01+02:00","inLanguage":"es-ES","mainEntityOfPage":{"@id":"https:\/\/candas365.es\/noticias\/el-grupo-de-teatro-les-ayalgues-presenta-su-obra-reir-para-vivir\/#webpage"},"isPartOf":{"@id":"https:\/\/candas365.es\/noticias\/el-grupo-de-teatro-les-ayalgues-presenta-su-obra-reir-para-vivir\/#webpage"},"articleSection":"Noticias Carre\u00f1o","dateline":"Publicado el septiembre 23, 2019."},{"@type":"Organization","@id":"https:\/\/candas365.es\/noticias\/#organization","name":"Cand\u00e1s 365","description":"Cand\u00e1s 365 es un diario digital independiente, fundado en 2012, con base en Asturias. Informamos con rigor sobre actualidad, sociedad, cultura y ocio, con una mirada local y global.","url":"https:\/\/candas365.es\/noticias\/","email":"info@candas365.es","telephone":"+34652131393","foundingDate":"2012-06-10","logo":{"@type":"ImageObject","url":"https:\/\/candas365.es\/noticias\/wp-content\/uploads\/2024\/09\/Candas-365-Redes.jpg","@id":"https:\/\/candas365.es\/noticias\/el-grupo-de-teatro-les-ayalgues-presenta-su-obra-reir-para-vivir\/#organizationLogo","width":1152,"height":864,"caption":"Cand\u00e1s 365 Redes"},"image":{"@id":"https:\/\/candas365.es\/noticias\/el-grupo-de-teatro-les-ayalgues-presenta-su-obra-reir-para-vivir\/#organizationLogo"},"sameAs":["https:\/\/www.facebook.com\/Nachofdezber","https:\/\/x.com\/NabercoDigital","https:\/\/www.instagram.com\/nachofdezber\/","https:\/\/www.youtube.com\/channel\/UCZP-2wLEB9Rv6erhFmqVnvg"],"address":{"@id":"https:\/\/candas365.es\/noticias\/#postaladdress","@type":"PostalAddress","streetAddress":"san antonio 4, san antonio 4","postalCode":"33430","addressLocality":"Cand\u00e1s","addressRegion":"Asturias","addressCountry":"ES"}},{"@type":"Person","@id":"https:\/\/candas365.es\/noticias\/author\/admin\/#author","url":"https:\/\/candas365.es\/noticias\/author\/admin\/","name":"Cand\u00e1s 365","image":{"@type":"ImageObject","@id":"https:\/\/candas365.es\/noticias\/el-grupo-de-teatro-les-ayalgues-presenta-su-obra-reir-para-vivir\/#authorImage","url":"https:\/\/secure.gravatar.com\/avatar\/496a8e03d0c493ede1718b7934145dbdf8d89be1036b0eec9544e1094c9de390?s=96&d=mm&r=g","width":96,"height":96,"caption":"Cand\u00e1s 365"},"sameAs":["https:\/\/www.facebook.com\/carrenoactualidad","https:\/\/twitter.com\/nbasturias","https:\/\/www.instagram.com\/nachofdezber\/","https:\/\/www.youtube.com\/channel\/UCZP-2wLEB9Rv6erhFmqVnvg"]},{"@type":"WebPage","@id":"https:\/\/candas365.es\/noticias\/el-grupo-de-teatro-les-ayalgues-presenta-su-obra-reir-para-vivir\/#webpage","url":"https:\/\/candas365.es\/noticias\/el-grupo-de-teatro-les-ayalgues-presenta-su-obra-reir-para-vivir\/","name":"El grupo de teatro Les Ayalgues presenta su obra \u00abRe\u00edr para Vivir\u00bb | Cand\u00e1s 365","description":"El Ayuntamiento de Carre\u00f1o anunci\u00f3 mediante un comunicado de prensa que el grupo de teatro amateur \u201cLes Ayalgues\u201d de Carre\u00f1o, bajo la direcci\u00f3n de Gemma de Lu\u00eds, intervino recientemente en Santa Cruz de Llanera. Re\u00edr para vivir es el t\u00edtulo de la representaci\u00f3n que hicieron. Se trata de un grupo de mujeres, mayores de 50,","inLanguage":"es-ES","isPartOf":{"@id":"https:\/\/candas365.es\/noticias\/#website"},"breadcrumb":{"@id":"https:\/\/candas365.es\/noticias\/el-grupo-de-teatro-les-ayalgues-presenta-su-obra-reir-para-vivir\/#breadcrumblist"},"author":{"@id":"https:\/\/candas365.es\/noticias\/author\/admin\/#author"},"creator":{"@id":"https:\/\/candas365.es\/noticias\/author\/admin\/#author"},"image":{"@type":"ImageObject","url":"https:\/\/candas365.es\/noticias\/wp-content\/uploads\/2019\/09\/teatro.jpg","@id":"https:\/\/candas365.es\/noticias\/el-grupo-de-teatro-les-ayalgues-presenta-su-obra-reir-para-vivir\/#mainImage","width":1600,"height":1200},"primaryImageOfPage":{"@id":"https:\/\/candas365.es\/noticias\/el-grupo-de-teatro-les-ayalgues-presenta-su-obra-reir-para-vivir\/#mainImage"},"datePublished":"2019-09-23T08:38:01+02:00","dateModified":"2019-09-23T08:38:01+02:00"},{"@type":"WebSite","@id":"https:\/\/candas365.es\/noticias\/#website","url":"https:\/\/candas365.es\/noticias\/","name":"Cand\u00e1s 365","alternateName":"Cand\u00e1s 365 Noticias","description":"Actualidad desde Carre\u00f1o para el mundo","inLanguage":"es-ES","publisher":{"@id":"https:\/\/candas365.es\/noticias\/#organization"}}]},"og:locale":"es_ES","og:site_name":"Cand\u00e1s 365","og:type":"article","og:title":"El grupo de teatro Les Ayalgues presenta su obra \u00abRe\u00edr para Vivir\u00bb | Cand\u00e1s 365","og:description":"El Ayuntamiento de Carre\u00f1o anunci\u00f3 mediante un comunicado de prensa que el grupo de teatro amateur \u201cLes Ayalgues\u201d de Carre\u00f1o, bajo la direcci\u00f3n de Gemma de Lu\u00eds, intervino recientemente en Santa Cruz de Llanera. Re\u00edr para vivir es el t\u00edtulo de la representaci\u00f3n que hicieron. Se trata de un grupo de mujeres, mayores de 50,","og:url":"https:\/\/candas365.es\/noticias\/el-grupo-de-teatro-les-ayalgues-presenta-su-obra-reir-para-vivir\/","og:image":"https:\/\/candas365.es\/noticias\/wp-content\/uploads\/2019\/09\/teatro.jpg","og:image:secure_url":"https:\/\/candas365.es\/noticias\/wp-content\/uploads\/2019\/09\/teatro.jpg","og:image:width":1600,"og:image:height":1200,"article:published_time":"2019-09-23T08:38:01+00:00","article:modified_time":"2019-09-23T08:38:01+00:00","article:publisher":"https:\/\/www.facebook.com\/Nachofdezber","article:author":"https:\/\/www.facebook.com\/carrenoactualidad","twitter:card":"summary_large_image","twitter:site":"@NabercoDigital","twitter:title":"El grupo de teatro Les Ayalgues presenta su obra \u00abRe\u00edr para Vivir\u00bb | Cand\u00e1s 365","twitter:description":"El Ayuntamiento de Carre\u00f1o anunci\u00f3 mediante un comunicado de prensa que el grupo de teatro amateur \u201cLes Ayalgues\u201d de Carre\u00f1o, bajo la direcci\u00f3n de Gemma de Lu\u00eds, intervino recientemente en Santa Cruz de Llanera. Re\u00edr para vivir es el t\u00edtulo de la representaci\u00f3n que hicieron. Se trata de un grupo de mujeres, mayores de 50,","twitter:creator":"@nbasturias","twitter:image":"https:\/\/candas365.es\/noticias\/wp-content\/uploads\/2019\/09\/teatro.jpg","twitter:label1":"Escrito por","twitter:data1":"Cand\u00e1s 365","twitter:label2":"Tiempo de lectura estimado","twitter:data2":"1 minuto"},"aioseo_meta_data":{"post_id":"130298","title":null,"description":null,"keywords":null,"keyphrases":null,"primary_term":null,"canonical_url":null,"og_title":null,"og_description":null,"og_object_type":"default","og_image_type":"default","og_image_url":null,"og_image_width":null,"og_image_height":null,"og_image_custom_url":null,"og_image_custom_fields":null,"og_video":null,"og_custom_url":null,"og_article_section":null,"og_article_tags":null,"twitter_use_og":false,"twitter_card":"default","twitter_image_type":"default","twitter_image_url":null,"twitter_image_custom_url":null,"twitter_image_custom_fields":null,"twitter_title":null,"twitter_description":null,"schema":{"blockGraphs":[],"customGraphs":[],"default":{"data":{"Article":[],"Course":[],"Dataset":[],"FAQPage":[],"Movie":[],"Person":[],"Product":[],"ProductReview":[],"Car":[],"Recipe":[],"Service":[],"SoftwareApplication":[],"WebPage":[]},"graphName":"","isEnabled":true},"graphs":[],"defaultGraph":"","defaultPostTypeGraph":""},"schema_type":null,"schema_type_options":null,"pillar_content":false,"robots_default":true,"robots_noindex":false,"robots_noarchive":false,"robots_nosnippet":false,"robots_nofollow":false,"robots_noimageindex":false,"robots_noodp":false,"robots_notranslate":false,"robots_max_snippet":null,"robots_max_videopreview":null,"robots_max_imagepreview":"large","priority":null,"frequency":null,"location":null,"local_seo":null,"seo_analyzer_scan_date":"2025-08-30 14:09:09","breadcrumb_settings":null,"limit_modified_date":false,"reviewed_by":null,"open_ai":null,"ai":null,"created":"2020-12-21 10:52:26","updated":"2025-08-30 14:09:09"},"aioseo_breadcrumb":"<div class=\"aioseo-breadcrumbs\"><span class=\"aioseo-breadcrumb\">\n\t<a href=\"https:\/\/candas365.es\/noticias\" title=\"Home\">Home<\/a>\n<\/span><span class=\"aioseo-breadcrumb-separator\">&ndash;<\/span><span class=\"aioseo-breadcrumb\">\n\t<a href=\"https:\/\/candas365.es\/noticias\/category\/noticias-carreno\/\" title=\"Noticias Carre\u00f1o\">Noticias Carre\u00f1o<\/a>\n<\/span><span class=\"aioseo-breadcrumb-separator\">&ndash;<\/span><span class=\"aioseo-breadcrumb\">\n\tEl grupo de teatro Les Ayalgues presenta su obra \u00abRe\u00edr para Vivir\u00bb\n<\/span><\/div>","aioseo_breadcrumb_json":[{"label":"Home","link":"https:\/\/candas365.es\/noticias"},{"label":"Noticias Carre\u00f1o","link":"https:\/\/candas365.es\/noticias\/category\/noticias-carreno\/"},{"label":"El grupo de teatro Les Ayalgues presenta su obra \u00abRe\u00edr para Vivir\u00bb","link":"https:\/\/candas365.es\/noticias\/el-grupo-de-teatro-les-ayalgues-presenta-su-obra-reir-para-vivir\/"}],"_links":{"self":[{"href":"https:\/\/candas365.es\/noticias\/wp-json\/wp\/v2\/posts\/130298","targetHints":{"allow":["GET"]}}],"collection":[{"href":"https:\/\/candas365.es\/noticias\/wp-json\/wp\/v2\/posts"}],"about":[{"href":"https:\/\/candas365.es\/noticias\/wp-json\/wp\/v2\/types\/post"}],"author":[{"embeddable":true,"href":"https:\/\/candas365.es\/noticias\/wp-json\/wp\/v2\/users\/1"}],"replies":[{"embeddable":true,"href":"https:\/\/candas365.es\/noticias\/wp-json\/wp\/v2\/comments?post=130298"}],"version-history":[{"count":0,"href":"https:\/\/candas365.es\/noticias\/wp-json\/wp\/v2\/posts\/130298\/revisions"}],"wp:featuredmedia":[{"embeddable":true,"href":"https:\/\/candas365.es\/noticias\/wp-json\/wp\/v2\/media\/130299"}],"wp:attachment":[{"href":"https:\/\/candas365.es\/noticias\/wp-json\/wp\/v2\/media?parent=130298"}],"wp:term":[{"taxonomy":"category","embeddable":true,"href":"https:\/\/candas365.es\/noticias\/wp-json\/wp\/v2\/categories?post=130298"},{"taxonomy":"post_tag","embeddable":true,"href":"https:\/\/candas365.es\/noticias\/wp-json\/wp\/v2\/tags?post=130298"}],"curies":[{"name":"wp","href":"https:\/\/api.w.org\/{rel}","templated":true}]}}