{"id":130228,"date":"2019-09-21T19:19:49","date_gmt":"2019-09-21T19:19:49","guid":{"rendered":"http:\/\/candas365.es\/noticias\/?p=130228"},"modified":"2019-09-21T19:19:49","modified_gmt":"2019-09-21T19:19:49","slug":"copa-laver-zverev-cae-ante-isner","status":"publish","type":"post","link":"https:\/\/candas365.es\/noticias\/copa-laver-zverev-cae-ante-isner\/","title":{"rendered":"Copa Laver: Zverev cae ante Isner"},"content":{"rendered":"<p><img fetchpriority=\"high\" decoding=\"async\" class=\"alignleft size-medium wp-image-94989\" src=\"https:\/\/candas365.es\/noticias\/wp-content\/uploads\/2018\/04\/tennis-923659_960_720-1-360x270.jpg\" alt=\"\" width=\"360\" height=\"270\" srcset=\"https:\/\/candas365.es\/noticias\/wp-content\/uploads\/2018\/04\/tennis-923659_960_720-1-360x270.jpg 360w, https:\/\/candas365.es\/noticias\/wp-content\/uploads\/2018\/04\/tennis-923659_960_720-1-768x576.jpg 768w, https:\/\/candas365.es\/noticias\/wp-content\/uploads\/2018\/04\/tennis-923659_960_720-1-640x480.jpg 640w, https:\/\/candas365.es\/noticias\/wp-content\/uploads\/2018\/04\/tennis-923659_960_720-1-80x60.jpg 80w, https:\/\/candas365.es\/noticias\/wp-content\/uploads\/2018\/04\/tennis-923659_960_720-1-265x198.jpg 265w, https:\/\/candas365.es\/noticias\/wp-content\/uploads\/2018\/04\/tennis-923659_960_720-1-696x522.jpg 696w, https:\/\/candas365.es\/noticias\/wp-content\/uploads\/2018\/04\/tennis-923659_960_720-1-560x420.jpg 560w, https:\/\/candas365.es\/noticias\/wp-content\/uploads\/2018\/04\/tennis-923659_960_720-1.jpg 960w\" sizes=\"(max-width: 360px) 100vw, 360px\" \/>Ginebra (Suiza), 21 sep (dpa) &#8211; El tenista alem\u00e1n Alexander Zverev no pudo evitar la tercera derrota del equipo Europa ante el resto del mundo en la Copa Laver, al caer hoy ante el estadounidense John Isner por 6-7 (2-7), 6-4, 10-1.<\/p>\n<p>De este modo, Isner logr\u00f3 igualar el marcador entre ambos equipos a 3-3.<\/p>\n<p>En diversos partidos, el suizo Roger Federer y el espa\u00f1ol Rafael Nadal tienen hoy la oportunidad de que Europa logre liderar el torneo que culmina ma\u00f1ana domingo.<\/p>\n<p>El formato del torneo es similar al de la Ryder Cup en golf. El equipo de Europa est\u00e1 dirigido por el capit\u00e1n Bj\u00f6rn Borg, mientras que John McEnroe lidera el equipo del resto del mundo.<\/p>\n<p>Europa gan\u00f3 hasta ahora las dos ediciones del torneo, disputadas en 2017 en Praga y en 2018 en Chicago.<\/p>\n","protected":false},"excerpt":{"rendered":"<p>Ginebra (Suiza), 21 sep (dpa) &#8211; El tenista alem\u00e1n Alexander Zverev no pudo evitar la tercera derrota del equipo Europa ante el resto del mundo en la Copa Laver, al caer hoy ante el estadounidense John Isner por 6-7 (2-7), 6-4, 10-1. De este modo, Isner logr\u00f3 igualar el marcador entre ambos equipos a 3-3.<\/p>\n","protected":false},"author":1,"featured_media":94989,"comment_status":"closed","ping_status":"closed","sticky":false,"template":"","format":"standard","meta":{"footnotes":""},"categories":[319],"tags":[],"class_list":{"0":"post-130228","1":"post","2":"type-post","3":"status-publish","4":"format-standard","5":"has-post-thumbnail","7":"category-deporte"},"aioseo_notices":[],"aioseo_head":"\n\t\t<!-- All in One SEO Pro 4.9.6.2 - aioseo.com -->\n\t<meta name=\"description\" content=\"Ginebra (Suiza), 21 sep (dpa) - El tenista alem\u00e1n Alexander Zverev no pudo evitar la tercera derrota del equipo Europa ante el resto del mundo en la Copa Laver, al caer hoy ante el estadounidense John Isner por 6-7 (2-7), 6-4, 10-1. De este modo, Isner logr\u00f3 igualar el marcador entre ambos equipos a 3-3.\" \/>\n\t<meta name=\"robots\" content=\"max-image-preview:large\" \/>\n\t<meta name=\"author\" content=\"Cand\u00e1s 365\"\/>\n\t<meta name=\"google-site-verification\" content=\"UA-32230408-1\" \/>\n\t<meta name=\"msvalidate.01\" content=\"354F3CDFB2DA171B47FBE9ABF1F88D5\" \/>\n\t<meta name=\"keywords\" content=\"deporte\" \/>\n\t<link rel=\"canonical\" href=\"https:\/\/candas365.es\/noticias\/copa-laver-zverev-cae-ante-isner\/\" \/>\n\t<meta name=\"generator\" content=\"All in One SEO Pro (AIOSEO) 4.9.6.2\" \/>\n\t\t<meta property=\"og:locale\" content=\"es_ES\" \/>\n\t\t<meta property=\"og:site_name\" content=\"Cand\u00e1s 365\" \/>\n\t\t<meta property=\"og:type\" content=\"article\" \/>\n\t\t<meta property=\"og:title\" content=\"Copa Laver: Zverev cae ante Isner | Cand\u00e1s 365\" \/>\n\t\t<meta property=\"og:description\" content=\"Ginebra (Suiza), 21 sep (dpa) - El tenista alem\u00e1n Alexander Zverev no pudo evitar la tercera derrota del equipo Europa ante el resto del mundo en la Copa Laver, al caer hoy ante el estadounidense John Isner por 6-7 (2-7), 6-4, 10-1. De este modo, Isner logr\u00f3 igualar el marcador entre ambos equipos a 3-3.\" \/>\n\t\t<meta property=\"og:url\" content=\"https:\/\/candas365.es\/noticias\/copa-laver-zverev-cae-ante-isner\/\" \/>\n\t\t<meta property=\"og:image\" content=\"https:\/\/candas365.es\/noticias\/wp-content\/uploads\/2018\/04\/tennis-923659_960_720-1.jpg\" \/>\n\t\t<meta property=\"og:image:secure_url\" content=\"https:\/\/candas365.es\/noticias\/wp-content\/uploads\/2018\/04\/tennis-923659_960_720-1.jpg\" \/>\n\t\t<meta property=\"og:image:width\" content=\"960\" \/>\n\t\t<meta property=\"og:image:height\" content=\"720\" \/>\n\t\t<meta property=\"article:published_time\" content=\"2019-09-21T19:19:49+00:00\" \/>\n\t\t<meta property=\"article:modified_time\" content=\"2019-09-21T19:19:49+00:00\" \/>\n\t\t<meta property=\"article:publisher\" content=\"https:\/\/www.facebook.com\/Nachofdezber\" \/>\n\t\t<meta property=\"article:author\" content=\"https:\/\/www.facebook.com\/carrenoactualidad\" \/>\n\t\t<meta name=\"twitter:card\" content=\"summary_large_image\" \/>\n\t\t<meta name=\"twitter:site\" content=\"@NabercoDigital\" \/>\n\t\t<meta name=\"twitter:title\" content=\"Copa Laver: Zverev cae ante Isner | Cand\u00e1s 365\" \/>\n\t\t<meta name=\"twitter:description\" content=\"Ginebra (Suiza), 21 sep (dpa) - El tenista alem\u00e1n Alexander Zverev no pudo evitar la tercera derrota del equipo Europa ante el resto del mundo en la Copa Laver, al caer hoy ante el estadounidense John Isner por 6-7 (2-7), 6-4, 10-1. De este modo, Isner logr\u00f3 igualar el marcador entre ambos equipos a 3-3.\" \/>\n\t\t<meta name=\"twitter:creator\" content=\"@nbasturias\" \/>\n\t\t<meta name=\"twitter:image\" content=\"https:\/\/candas365.es\/noticias\/wp-content\/uploads\/2018\/04\/tennis-923659_960_720-1.jpg\" \/>\n\t\t<meta name=\"twitter:label1\" content=\"Escrito por\" \/>\n\t\t<meta name=\"twitter:data1\" content=\"Cand\u00e1s 365\" \/>\n\t\t<meta name=\"twitter:label2\" content=\"Tiempo de lectura estimado\" \/>\n\t\t<meta name=\"twitter:data2\" content=\"1 minuto\" \/>\n\t\t<script type=\"application\/ld+json\" class=\"aioseo-schema\">\n\t\t\t{\"@context\":\"https:\\\/\\\/schema.org\",\"@graph\":[{\"@type\":\"BreadcrumbList\",\"@id\":\"https:\\\/\\\/candas365.es\\\/noticias\\\/copa-laver-zverev-cae-ante-isner\\\/#breadcrumblist\",\"itemListElement\":[{\"@type\":\"ListItem\",\"@id\":\"https:\\\/\\\/candas365.es\\\/noticias#listItem\",\"position\":1,\"name\":\"Home\",\"item\":\"https:\\\/\\\/candas365.es\\\/noticias\",\"nextItem\":{\"@type\":\"ListItem\",\"@id\":\"https:\\\/\\\/candas365.es\\\/noticias\\\/category\\\/deporte\\\/#listItem\",\"name\":\"Deporte\"}},{\"@type\":\"ListItem\",\"@id\":\"https:\\\/\\\/candas365.es\\\/noticias\\\/category\\\/deporte\\\/#listItem\",\"position\":2,\"name\":\"Deporte\",\"item\":\"https:\\\/\\\/candas365.es\\\/noticias\\\/category\\\/deporte\\\/\",\"nextItem\":{\"@type\":\"ListItem\",\"@id\":\"https:\\\/\\\/candas365.es\\\/noticias\\\/copa-laver-zverev-cae-ante-isner\\\/#listItem\",\"name\":\"Copa Laver: Zverev cae ante Isner\"},\"previousItem\":{\"@type\":\"ListItem\",\"@id\":\"https:\\\/\\\/candas365.es\\\/noticias#listItem\",\"name\":\"Home\"}},{\"@type\":\"ListItem\",\"@id\":\"https:\\\/\\\/candas365.es\\\/noticias\\\/copa-laver-zverev-cae-ante-isner\\\/#listItem\",\"position\":3,\"name\":\"Copa Laver: Zverev cae ante Isner\",\"previousItem\":{\"@type\":\"ListItem\",\"@id\":\"https:\\\/\\\/candas365.es\\\/noticias\\\/category\\\/deporte\\\/#listItem\",\"name\":\"Deporte\"}}]},{\"@type\":\"NewsArticle\",\"@id\":\"https:\\\/\\\/candas365.es\\\/noticias\\\/copa-laver-zverev-cae-ante-isner\\\/#newsarticle\",\"name\":\"Copa Laver: Zverev cae ante Isner | Cand\\u00e1s 365\",\"headline\":\"Copa Laver: Zverev cae ante Isner\",\"author\":{\"@id\":\"https:\\\/\\\/candas365.es\\\/noticias\\\/author\\\/admin\\\/#author\"},\"publisher\":{\"@id\":\"https:\\\/\\\/candas365.es\\\/noticias\\\/#organization\"},\"image\":{\"@type\":\"ImageObject\",\"url\":\"https:\\\/\\\/candas365.es\\\/noticias\\\/wp-content\\\/uploads\\\/2018\\\/04\\\/tennis-923659_960_720-1.jpg\",\"width\":960,\"height\":720,\"caption\":\"tennis\"},\"datePublished\":\"2019-09-21T19:19:49+02:00\",\"dateModified\":\"2019-09-21T19:19:49+02:00\",\"inLanguage\":\"es-ES\",\"mainEntityOfPage\":{\"@id\":\"https:\\\/\\\/candas365.es\\\/noticias\\\/copa-laver-zverev-cae-ante-isner\\\/#webpage\"},\"isPartOf\":{\"@id\":\"https:\\\/\\\/candas365.es\\\/noticias\\\/copa-laver-zverev-cae-ante-isner\\\/#webpage\"},\"articleSection\":\"Deporte\",\"dateline\":\"Publicado el septiembre 21, 2019.\"},{\"@type\":\"Organization\",\"@id\":\"https:\\\/\\\/candas365.es\\\/noticias\\\/#organization\",\"name\":\"Cand\\u00e1s 365\",\"description\":\"Cand\\u00e1s 365 es un diario digital independiente, fundado en 2012, con base en Asturias. Informamos con rigor sobre actualidad, sociedad, cultura y ocio, con una mirada local y global.\",\"url\":\"https:\\\/\\\/candas365.es\\\/noticias\\\/\",\"email\":\"info@candas365.es\",\"telephone\":\"+34652131393\",\"foundingDate\":\"2012-06-10\",\"logo\":{\"@type\":\"ImageObject\",\"url\":\"https:\\\/\\\/candas365.es\\\/noticias\\\/wp-content\\\/uploads\\\/2024\\\/09\\\/Candas-365-Redes.jpg\",\"@id\":\"https:\\\/\\\/candas365.es\\\/noticias\\\/copa-laver-zverev-cae-ante-isner\\\/#organizationLogo\",\"width\":1152,\"height\":864,\"caption\":\"Cand\\u00e1s 365 Redes\"},\"image\":{\"@id\":\"https:\\\/\\\/candas365.es\\\/noticias\\\/copa-laver-zverev-cae-ante-isner\\\/#organizationLogo\"},\"sameAs\":[\"https:\\\/\\\/www.facebook.com\\\/Nachofdezber\",\"https:\\\/\\\/x.com\\\/NabercoDigital\",\"https:\\\/\\\/www.instagram.com\\\/nachofdezber\\\/\",\"https:\\\/\\\/www.youtube.com\\\/channel\\\/UCZP-2wLEB9Rv6erhFmqVnvg\"],\"address\":{\"@id\":\"https:\\\/\\\/candas365.es\\\/noticias\\\/#postaladdress\",\"@type\":\"PostalAddress\",\"streetAddress\":\"san antonio 4, san antonio 4\",\"postalCode\":\"33430\",\"addressLocality\":\"Cand\\u00e1s\",\"addressRegion\":\"Asturias\",\"addressCountry\":\"ES\"}},{\"@type\":\"Person\",\"@id\":\"https:\\\/\\\/candas365.es\\\/noticias\\\/author\\\/admin\\\/#author\",\"url\":\"https:\\\/\\\/candas365.es\\\/noticias\\\/author\\\/admin\\\/\",\"name\":\"Cand\\u00e1s 365\",\"image\":{\"@type\":\"ImageObject\",\"@id\":\"https:\\\/\\\/candas365.es\\\/noticias\\\/copa-laver-zverev-cae-ante-isner\\\/#authorImage\",\"url\":\"https:\\\/\\\/secure.gravatar.com\\\/avatar\\\/496a8e03d0c493ede1718b7934145dbdf8d89be1036b0eec9544e1094c9de390?s=96&d=mm&r=g\",\"width\":96,\"height\":96,\"caption\":\"Cand\\u00e1s 365\"},\"sameAs\":[\"https:\\\/\\\/www.facebook.com\\\/carrenoactualidad\",\"https:\\\/\\\/twitter.com\\\/nbasturias\",\"https:\\\/\\\/www.instagram.com\\\/nachofdezber\\\/\",\"https:\\\/\\\/www.youtube.com\\\/channel\\\/UCZP-2wLEB9Rv6erhFmqVnvg\"]},{\"@type\":\"WebPage\",\"@id\":\"https:\\\/\\\/candas365.es\\\/noticias\\\/copa-laver-zverev-cae-ante-isner\\\/#webpage\",\"url\":\"https:\\\/\\\/candas365.es\\\/noticias\\\/copa-laver-zverev-cae-ante-isner\\\/\",\"name\":\"Copa Laver: Zverev cae ante Isner | Cand\\u00e1s 365\",\"description\":\"Ginebra (Suiza), 21 sep (dpa) - El tenista alem\\u00e1n Alexander Zverev no pudo evitar la tercera derrota del equipo Europa ante el resto del mundo en la Copa Laver, al caer hoy ante el estadounidense John Isner por 6-7 (2-7), 6-4, 10-1. De este modo, Isner logr\\u00f3 igualar el marcador entre ambos equipos a 3-3.\",\"inLanguage\":\"es-ES\",\"isPartOf\":{\"@id\":\"https:\\\/\\\/candas365.es\\\/noticias\\\/#website\"},\"breadcrumb\":{\"@id\":\"https:\\\/\\\/candas365.es\\\/noticias\\\/copa-laver-zverev-cae-ante-isner\\\/#breadcrumblist\"},\"author\":{\"@id\":\"https:\\\/\\\/candas365.es\\\/noticias\\\/author\\\/admin\\\/#author\"},\"creator\":{\"@id\":\"https:\\\/\\\/candas365.es\\\/noticias\\\/author\\\/admin\\\/#author\"},\"image\":{\"@type\":\"ImageObject\",\"url\":\"https:\\\/\\\/candas365.es\\\/noticias\\\/wp-content\\\/uploads\\\/2018\\\/04\\\/tennis-923659_960_720-1.jpg\",\"@id\":\"https:\\\/\\\/candas365.es\\\/noticias\\\/copa-laver-zverev-cae-ante-isner\\\/#mainImage\",\"width\":960,\"height\":720,\"caption\":\"tennis\"},\"primaryImageOfPage\":{\"@id\":\"https:\\\/\\\/candas365.es\\\/noticias\\\/copa-laver-zverev-cae-ante-isner\\\/#mainImage\"},\"datePublished\":\"2019-09-21T19:19:49+02:00\",\"dateModified\":\"2019-09-21T19:19:49+02:00\"},{\"@type\":\"WebSite\",\"@id\":\"https:\\\/\\\/candas365.es\\\/noticias\\\/#website\",\"url\":\"https:\\\/\\\/candas365.es\\\/noticias\\\/\",\"name\":\"Cand\\u00e1s 365\",\"alternateName\":\"Cand\\u00e1s 365 Noticias\",\"description\":\"Actualidad desde Carre\\u00f1o para el mundo\",\"inLanguage\":\"es-ES\",\"publisher\":{\"@id\":\"https:\\\/\\\/candas365.es\\\/noticias\\\/#organization\"}}]}\n\t\t<\/script>\n\t\t<!-- All in One SEO Pro -->\r\n\t\t<title>Copa Laver: Zverev cae ante Isner | Cand\u00e1s 365<\/title>\n\n","aioseo_head_json":{"title":"Copa Laver: Zverev cae ante Isner | Cand\u00e1s 365","description":"Ginebra (Suiza), 21 sep (dpa) - El tenista alem\u00e1n Alexander Zverev no pudo evitar la tercera derrota del equipo Europa ante el resto del mundo en la Copa Laver, al caer hoy ante el estadounidense John Isner por 6-7 (2-7), 6-4, 10-1. De este modo, Isner logr\u00f3 igualar el marcador entre ambos equipos a 3-3.","canonical_url":"https:\/\/candas365.es\/noticias\/copa-laver-zverev-cae-ante-isner\/","robots":"max-image-preview:large","keywords":"deporte","webmasterTools":{"google-site-verification":"UA-32230408-1","msvalidate.01":"354F3CDFB2DA171B47FBE9ABF1F88D5","miscellaneous":""},"schema":{"@context":"https:\/\/schema.org","@graph":[{"@type":"BreadcrumbList","@id":"https:\/\/candas365.es\/noticias\/copa-laver-zverev-cae-ante-isner\/#breadcrumblist","itemListElement":[{"@type":"ListItem","@id":"https:\/\/candas365.es\/noticias#listItem","position":1,"name":"Home","item":"https:\/\/candas365.es\/noticias","nextItem":{"@type":"ListItem","@id":"https:\/\/candas365.es\/noticias\/category\/deporte\/#listItem","name":"Deporte"}},{"@type":"ListItem","@id":"https:\/\/candas365.es\/noticias\/category\/deporte\/#listItem","position":2,"name":"Deporte","item":"https:\/\/candas365.es\/noticias\/category\/deporte\/","nextItem":{"@type":"ListItem","@id":"https:\/\/candas365.es\/noticias\/copa-laver-zverev-cae-ante-isner\/#listItem","name":"Copa Laver: Zverev cae ante Isner"},"previousItem":{"@type":"ListItem","@id":"https:\/\/candas365.es\/noticias#listItem","name":"Home"}},{"@type":"ListItem","@id":"https:\/\/candas365.es\/noticias\/copa-laver-zverev-cae-ante-isner\/#listItem","position":3,"name":"Copa Laver: Zverev cae ante Isner","previousItem":{"@type":"ListItem","@id":"https:\/\/candas365.es\/noticias\/category\/deporte\/#listItem","name":"Deporte"}}]},{"@type":"NewsArticle","@id":"https:\/\/candas365.es\/noticias\/copa-laver-zverev-cae-ante-isner\/#newsarticle","name":"Copa Laver: Zverev cae ante Isner | Cand\u00e1s 365","headline":"Copa Laver: Zverev cae ante Isner","author":{"@id":"https:\/\/candas365.es\/noticias\/author\/admin\/#author"},"publisher":{"@id":"https:\/\/candas365.es\/noticias\/#organization"},"image":{"@type":"ImageObject","url":"https:\/\/candas365.es\/noticias\/wp-content\/uploads\/2018\/04\/tennis-923659_960_720-1.jpg","width":960,"height":720,"caption":"tennis"},"datePublished":"2019-09-21T19:19:49+02:00","dateModified":"2019-09-21T19:19:49+02:00","inLanguage":"es-ES","mainEntityOfPage":{"@id":"https:\/\/candas365.es\/noticias\/copa-laver-zverev-cae-ante-isner\/#webpage"},"isPartOf":{"@id":"https:\/\/candas365.es\/noticias\/copa-laver-zverev-cae-ante-isner\/#webpage"},"articleSection":"Deporte","dateline":"Publicado el septiembre 21, 2019."},{"@type":"Organization","@id":"https:\/\/candas365.es\/noticias\/#organization","name":"Cand\u00e1s 365","description":"Cand\u00e1s 365 es un diario digital independiente, fundado en 2012, con base en Asturias. Informamos con rigor sobre actualidad, sociedad, cultura y ocio, con una mirada local y global.","url":"https:\/\/candas365.es\/noticias\/","email":"info@candas365.es","telephone":"+34652131393","foundingDate":"2012-06-10","logo":{"@type":"ImageObject","url":"https:\/\/candas365.es\/noticias\/wp-content\/uploads\/2024\/09\/Candas-365-Redes.jpg","@id":"https:\/\/candas365.es\/noticias\/copa-laver-zverev-cae-ante-isner\/#organizationLogo","width":1152,"height":864,"caption":"Cand\u00e1s 365 Redes"},"image":{"@id":"https:\/\/candas365.es\/noticias\/copa-laver-zverev-cae-ante-isner\/#organizationLogo"},"sameAs":["https:\/\/www.facebook.com\/Nachofdezber","https:\/\/x.com\/NabercoDigital","https:\/\/www.instagram.com\/nachofdezber\/","https:\/\/www.youtube.com\/channel\/UCZP-2wLEB9Rv6erhFmqVnvg"],"address":{"@id":"https:\/\/candas365.es\/noticias\/#postaladdress","@type":"PostalAddress","streetAddress":"san antonio 4, san antonio 4","postalCode":"33430","addressLocality":"Cand\u00e1s","addressRegion":"Asturias","addressCountry":"ES"}},{"@type":"Person","@id":"https:\/\/candas365.es\/noticias\/author\/admin\/#author","url":"https:\/\/candas365.es\/noticias\/author\/admin\/","name":"Cand\u00e1s 365","image":{"@type":"ImageObject","@id":"https:\/\/candas365.es\/noticias\/copa-laver-zverev-cae-ante-isner\/#authorImage","url":"https:\/\/secure.gravatar.com\/avatar\/496a8e03d0c493ede1718b7934145dbdf8d89be1036b0eec9544e1094c9de390?s=96&d=mm&r=g","width":96,"height":96,"caption":"Cand\u00e1s 365"},"sameAs":["https:\/\/www.facebook.com\/carrenoactualidad","https:\/\/twitter.com\/nbasturias","https:\/\/www.instagram.com\/nachofdezber\/","https:\/\/www.youtube.com\/channel\/UCZP-2wLEB9Rv6erhFmqVnvg"]},{"@type":"WebPage","@id":"https:\/\/candas365.es\/noticias\/copa-laver-zverev-cae-ante-isner\/#webpage","url":"https:\/\/candas365.es\/noticias\/copa-laver-zverev-cae-ante-isner\/","name":"Copa Laver: Zverev cae ante Isner | Cand\u00e1s 365","description":"Ginebra (Suiza), 21 sep (dpa) - El tenista alem\u00e1n Alexander Zverev no pudo evitar la tercera derrota del equipo Europa ante el resto del mundo en la Copa Laver, al caer hoy ante el estadounidense John Isner por 6-7 (2-7), 6-4, 10-1. De este modo, Isner logr\u00f3 igualar el marcador entre ambos equipos a 3-3.","inLanguage":"es-ES","isPartOf":{"@id":"https:\/\/candas365.es\/noticias\/#website"},"breadcrumb":{"@id":"https:\/\/candas365.es\/noticias\/copa-laver-zverev-cae-ante-isner\/#breadcrumblist"},"author":{"@id":"https:\/\/candas365.es\/noticias\/author\/admin\/#author"},"creator":{"@id":"https:\/\/candas365.es\/noticias\/author\/admin\/#author"},"image":{"@type":"ImageObject","url":"https:\/\/candas365.es\/noticias\/wp-content\/uploads\/2018\/04\/tennis-923659_960_720-1.jpg","@id":"https:\/\/candas365.es\/noticias\/copa-laver-zverev-cae-ante-isner\/#mainImage","width":960,"height":720,"caption":"tennis"},"primaryImageOfPage":{"@id":"https:\/\/candas365.es\/noticias\/copa-laver-zverev-cae-ante-isner\/#mainImage"},"datePublished":"2019-09-21T19:19:49+02:00","dateModified":"2019-09-21T19:19:49+02:00"},{"@type":"WebSite","@id":"https:\/\/candas365.es\/noticias\/#website","url":"https:\/\/candas365.es\/noticias\/","name":"Cand\u00e1s 365","alternateName":"Cand\u00e1s 365 Noticias","description":"Actualidad desde Carre\u00f1o para el mundo","inLanguage":"es-ES","publisher":{"@id":"https:\/\/candas365.es\/noticias\/#organization"}}]},"og:locale":"es_ES","og:site_name":"Cand\u00e1s 365","og:type":"article","og:title":"Copa Laver: Zverev cae ante Isner | Cand\u00e1s 365","og:description":"Ginebra (Suiza), 21 sep (dpa) - El tenista alem\u00e1n Alexander Zverev no pudo evitar la tercera derrota del equipo Europa ante el resto del mundo en la Copa Laver, al caer hoy ante el estadounidense John Isner por 6-7 (2-7), 6-4, 10-1. De este modo, Isner logr\u00f3 igualar el marcador entre ambos equipos a 3-3.","og:url":"https:\/\/candas365.es\/noticias\/copa-laver-zverev-cae-ante-isner\/","og:image":"https:\/\/candas365.es\/noticias\/wp-content\/uploads\/2018\/04\/tennis-923659_960_720-1.jpg","og:image:secure_url":"https:\/\/candas365.es\/noticias\/wp-content\/uploads\/2018\/04\/tennis-923659_960_720-1.jpg","og:image:width":960,"og:image:height":720,"article:published_time":"2019-09-21T19:19:49+00:00","article:modified_time":"2019-09-21T19:19:49+00:00","article:publisher":"https:\/\/www.facebook.com\/Nachofdezber","article:author":"https:\/\/www.facebook.com\/carrenoactualidad","twitter:card":"summary_large_image","twitter:site":"@NabercoDigital","twitter:title":"Copa Laver: Zverev cae ante Isner | Cand\u00e1s 365","twitter:description":"Ginebra (Suiza), 21 sep (dpa) - El tenista alem\u00e1n Alexander Zverev no pudo evitar la tercera derrota del equipo Europa ante el resto del mundo en la Copa Laver, al caer hoy ante el estadounidense John Isner por 6-7 (2-7), 6-4, 10-1. De este modo, Isner logr\u00f3 igualar el marcador entre ambos equipos a 3-3.","twitter:creator":"@nbasturias","twitter:image":"https:\/\/candas365.es\/noticias\/wp-content\/uploads\/2018\/04\/tennis-923659_960_720-1.jpg","twitter:label1":"Escrito por","twitter:data1":"Cand\u00e1s 365","twitter:label2":"Tiempo de lectura estimado","twitter:data2":"1 minuto"},"aioseo_meta_data":{"post_id":"130228","title":null,"description":null,"keywords":null,"keyphrases":null,"primary_term":null,"canonical_url":null,"og_title":null,"og_description":null,"og_object_type":"default","og_image_type":"default","og_image_url":null,"og_image_width":null,"og_image_height":null,"og_image_custom_url":null,"og_image_custom_fields":null,"og_video":null,"og_custom_url":null,"og_article_section":null,"og_article_tags":null,"twitter_use_og":false,"twitter_card":"default","twitter_image_type":"default","twitter_image_url":null,"twitter_image_custom_url":null,"twitter_image_custom_fields":null,"twitter_title":null,"twitter_description":null,"schema":{"blockGraphs":[],"customGraphs":[],"default":{"data":{"Article":[],"Course":[],"Dataset":[],"FAQPage":[],"Movie":[],"Person":[],"Product":[],"ProductReview":[],"Car":[],"Recipe":[],"Service":[],"SoftwareApplication":[],"WebPage":[]},"graphName":"","isEnabled":true},"graphs":[],"defaultGraph":"","defaultPostTypeGraph":""},"schema_type":null,"schema_type_options":null,"pillar_content":false,"robots_default":true,"robots_noindex":false,"robots_noarchive":false,"robots_nosnippet":false,"robots_nofollow":false,"robots_noimageindex":false,"robots_noodp":false,"robots_notranslate":false,"robots_max_snippet":null,"robots_max_videopreview":null,"robots_max_imagepreview":"large","priority":null,"frequency":null,"location":null,"local_seo":null,"seo_analyzer_scan_date":"2025-08-30 14:03:07","breadcrumb_settings":null,"limit_modified_date":false,"reviewed_by":null,"open_ai":null,"ai":null,"created":"2020-12-21 10:52:26","updated":"2025-08-30 14:03:07"},"aioseo_breadcrumb":"<div class=\"aioseo-breadcrumbs\"><span class=\"aioseo-breadcrumb\">\n\t<a href=\"https:\/\/candas365.es\/noticias\" title=\"Home\">Home<\/a>\n<\/span><span class=\"aioseo-breadcrumb-separator\">&ndash;<\/span><span class=\"aioseo-breadcrumb\">\n\t<a href=\"https:\/\/candas365.es\/noticias\/category\/deporte\/\" title=\"Deporte\">Deporte<\/a>\n<\/span><span class=\"aioseo-breadcrumb-separator\">&ndash;<\/span><span class=\"aioseo-breadcrumb\">\n\tCopa Laver: Zverev cae ante Isner\n<\/span><\/div>","aioseo_breadcrumb_json":[{"label":"Home","link":"https:\/\/candas365.es\/noticias"},{"label":"Deporte","link":"https:\/\/candas365.es\/noticias\/category\/deporte\/"},{"label":"Copa Laver: Zverev cae ante Isner","link":"https:\/\/candas365.es\/noticias\/copa-laver-zverev-cae-ante-isner\/"}],"_links":{"self":[{"href":"https:\/\/candas365.es\/noticias\/wp-json\/wp\/v2\/posts\/130228","targetHints":{"allow":["GET"]}}],"collection":[{"href":"https:\/\/candas365.es\/noticias\/wp-json\/wp\/v2\/posts"}],"about":[{"href":"https:\/\/candas365.es\/noticias\/wp-json\/wp\/v2\/types\/post"}],"author":[{"embeddable":true,"href":"https:\/\/candas365.es\/noticias\/wp-json\/wp\/v2\/users\/1"}],"replies":[{"embeddable":true,"href":"https:\/\/candas365.es\/noticias\/wp-json\/wp\/v2\/comments?post=130228"}],"version-history":[{"count":0,"href":"https:\/\/candas365.es\/noticias\/wp-json\/wp\/v2\/posts\/130228\/revisions"}],"wp:featuredmedia":[{"embeddable":true,"href":"https:\/\/candas365.es\/noticias\/wp-json\/wp\/v2\/media\/94989"}],"wp:attachment":[{"href":"https:\/\/candas365.es\/noticias\/wp-json\/wp\/v2\/media?parent=130228"}],"wp:term":[{"taxonomy":"category","embeddable":true,"href":"https:\/\/candas365.es\/noticias\/wp-json\/wp\/v2\/categories?post=130228"},{"taxonomy":"post_tag","embeddable":true,"href":"https:\/\/candas365.es\/noticias\/wp-json\/wp\/v2\/tags?post=130228"}],"curies":[{"name":"wp","href":"https:\/\/api.w.org\/{rel}","templated":true}]}}