{"id":130224,"date":"2019-09-21T14:47:13","date_gmt":"2019-09-21T14:47:13","guid":{"rendered":"http:\/\/candas365.es\/noticias\/?p=130224"},"modified":"2019-09-21T14:47:13","modified_gmt":"2019-09-21T14:47:13","slug":"visitas-y-actividades-para-grupos-escolares-en-el-parque-de-la-prehistoria-de-teverga","status":"publish","type":"post","link":"https:\/\/candas365.es\/noticias\/visitas-y-actividades-para-grupos-escolares-en-el-parque-de-la-prehistoria-de-teverga\/","title":{"rendered":"Visitas y actividades para grupos escolares en el Parque de la Prehistoria de Teverga"},"content":{"rendered":"<p><img fetchpriority=\"high\" decoding=\"async\" class=\"alignleft size-medium wp-image-112301\" src=\"https:\/\/candas365.es\/noticias\/wp-content\/uploads\/2018\/12\/Parque-Prehistoria-Teverga-360x240.jpg\" alt=\"\" width=\"360\" height=\"240\" srcset=\"https:\/\/candas365.es\/noticias\/wp-content\/uploads\/2018\/12\/Parque-Prehistoria-Teverga-360x240.jpg 360w, https:\/\/candas365.es\/noticias\/wp-content\/uploads\/2018\/12\/Parque-Prehistoria-Teverga-768x512.jpg 768w, https:\/\/candas365.es\/noticias\/wp-content\/uploads\/2018\/12\/Parque-Prehistoria-Teverga-655x436.jpg 655w, https:\/\/candas365.es\/noticias\/wp-content\/uploads\/2018\/12\/Parque-Prehistoria-Teverga-696x464.jpg 696w, https:\/\/candas365.es\/noticias\/wp-content\/uploads\/2018\/12\/Parque-Prehistoria-Teverga-1068x712.jpg 1068w, https:\/\/candas365.es\/noticias\/wp-content\/uploads\/2018\/12\/Parque-Prehistoria-Teverga-630x420.jpg 630w, https:\/\/candas365.es\/noticias\/wp-content\/uploads\/2018\/12\/Parque-Prehistoria-Teverga.jpg 1280w\" sizes=\"(max-width: 360px) 100vw, 360px\" \/>El Parque de la Prehistoria de Teverga ha preparado visitas y actividades especiales para que los grupos escolares se adentren en el Paleol\u00edtico durante el curso 2019\/2020.<\/p>\n<p>Para todos los ciclos educativos se ofrecen visitas guiadas por la Galer\u00eda y Cueva de Cuevas, con la opci\u00f3n de combinar el recorrido con un taller para conocer los materiales o las t\u00e9cnicas de pintura o caza que empleaban nuestros antepasados.<\/p>\n<p>El equipamiento tevergano tambi\u00e9n oferta un amag\u00fcestu al estilo paleol\u00edtico (solo durante el mes de noviembre), una inmersi\u00f3n en la Prehistoria para experimentar en primera persona la forma de vida del Paleol\u00edtico o visitas con ayuda al transporte, que incluyen un recorrido completo por el Parque con parada en la Galer\u00eda, en la Cueva de Cuevas y en el cercado de animales. Los escolares pueden participar adem\u00e1s en un Prehistocampamento, con jornadas de convivencia con din\u00e1micas actividades basadas en la arqueolog\u00eda experimental en un entorno natural excepcional.<\/p>\n<p>Como novedad, el Parque de la Prehistoria de Teverga convoca el concurso escolar \u201cConvi\u00e9rtete en artista paleol\u00edtico\u2026 y crea tu propio panel rupestre\u201d dirigido a la comunidad educativa asturiana, desde el primer cuso de Primaria hasta el segundo curso de Secundaria. Los participantes deber\u00e1n aportar hasta el 13 de diciembre una propuesta original de mural tematizado inspirado en el arte rupestre asturiano y de otras partes del mundo.<\/p>\n<p>Toda la informaci\u00f3n de la programaci\u00f3n para p\u00fablico escolar del equipamiento tevergano se puede consultar en la web www.parquedelaprehistoria.es.<\/p>\n","protected":false},"excerpt":{"rendered":"<p>El Parque de la Prehistoria de Teverga ha preparado visitas y actividades especiales para que los grupos escolares se adentren en el Paleol\u00edtico durante el curso 2019\/2020. Para todos los ciclos educativos se ofrecen visitas guiadas por la Galer\u00eda y Cueva de Cuevas, con la opci\u00f3n de combinar el recorrido con un taller para conocer<\/p>\n","protected":false},"author":1,"featured_media":112301,"comment_status":"closed","ping_status":"closed","sticky":false,"template":"","format":"standard","meta":{"footnotes":""},"categories":[1],"tags":[],"class_list":{"0":"post-130224","1":"post","2":"type-post","3":"status-publish","4":"format-standard","5":"has-post-thumbnail","7":"category-agenda"},"aioseo_notices":[],"aioseo_head":"\n\t\t<!-- All in One SEO Pro 4.9.6.2 - aioseo.com -->\n\t<meta name=\"description\" content=\"El Parque de la Prehistoria de Teverga ha preparado visitas y actividades especiales para que los grupos escolares se adentren en el Paleol\u00edtico durante el curso 2019\/2020. Para todos los ciclos educativos se ofrecen visitas guiadas por la Galer\u00eda y Cueva de Cuevas, con la opci\u00f3n de combinar el recorrido con un taller para conocer\" \/>\n\t<meta name=\"robots\" content=\"max-image-preview:large\" \/>\n\t<meta name=\"author\" content=\"Cand\u00e1s 365\"\/>\n\t<meta name=\"google-site-verification\" content=\"UA-32230408-1\" \/>\n\t<meta name=\"msvalidate.01\" content=\"354F3CDFB2DA171B47FBE9ABF1F88D5\" \/>\n\t<meta name=\"keywords\" content=\"agenda\" \/>\n\t<link rel=\"canonical\" href=\"https:\/\/candas365.es\/noticias\/visitas-y-actividades-para-grupos-escolares-en-el-parque-de-la-prehistoria-de-teverga\/\" \/>\n\t<meta name=\"generator\" content=\"All in One SEO Pro (AIOSEO) 4.9.6.2\" \/>\n\t\t<meta property=\"og:locale\" content=\"es_ES\" \/>\n\t\t<meta property=\"og:site_name\" content=\"Cand\u00e1s 365\" \/>\n\t\t<meta property=\"og:type\" content=\"article\" \/>\n\t\t<meta property=\"og:title\" content=\"Visitas y actividades para grupos escolares en el Parque de la Prehistoria de Teverga | Cand\u00e1s 365\" \/>\n\t\t<meta property=\"og:description\" content=\"El Parque de la Prehistoria de Teverga ha preparado visitas y actividades especiales para que los grupos escolares se adentren en el Paleol\u00edtico durante el curso 2019\/2020. Para todos los ciclos educativos se ofrecen visitas guiadas por la Galer\u00eda y Cueva de Cuevas, con la opci\u00f3n de combinar el recorrido con un taller para conocer\" \/>\n\t\t<meta property=\"og:url\" content=\"https:\/\/candas365.es\/noticias\/visitas-y-actividades-para-grupos-escolares-en-el-parque-de-la-prehistoria-de-teverga\/\" \/>\n\t\t<meta property=\"og:image\" content=\"https:\/\/candas365.es\/noticias\/wp-content\/uploads\/2018\/12\/Parque-Prehistoria-Teverga.jpg\" \/>\n\t\t<meta property=\"og:image:secure_url\" content=\"https:\/\/candas365.es\/noticias\/wp-content\/uploads\/2018\/12\/Parque-Prehistoria-Teverga.jpg\" \/>\n\t\t<meta property=\"og:image:width\" content=\"1280\" \/>\n\t\t<meta property=\"og:image:height\" content=\"853\" \/>\n\t\t<meta property=\"article:published_time\" content=\"2019-09-21T14:47:13+00:00\" \/>\n\t\t<meta property=\"article:modified_time\" content=\"2019-09-21T14:47:13+00:00\" \/>\n\t\t<meta property=\"article:publisher\" content=\"https:\/\/www.facebook.com\/Nachofdezber\" \/>\n\t\t<meta property=\"article:author\" content=\"https:\/\/www.facebook.com\/carrenoactualidad\" \/>\n\t\t<meta name=\"twitter:card\" content=\"summary_large_image\" \/>\n\t\t<meta name=\"twitter:site\" content=\"@NabercoDigital\" \/>\n\t\t<meta name=\"twitter:title\" content=\"Visitas y actividades para grupos escolares en el Parque de la Prehistoria de Teverga | Cand\u00e1s 365\" \/>\n\t\t<meta name=\"twitter:description\" content=\"El Parque de la Prehistoria de Teverga ha preparado visitas y actividades especiales para que los grupos escolares se adentren en el Paleol\u00edtico durante el curso 2019\/2020. Para todos los ciclos educativos se ofrecen visitas guiadas por la Galer\u00eda y Cueva de Cuevas, con la opci\u00f3n de combinar el recorrido con un taller para conocer\" \/>\n\t\t<meta name=\"twitter:creator\" content=\"@nbasturias\" \/>\n\t\t<meta name=\"twitter:image\" content=\"https:\/\/candas365.es\/noticias\/wp-content\/uploads\/2018\/12\/Parque-Prehistoria-Teverga.jpg\" \/>\n\t\t<meta name=\"twitter:label1\" content=\"Escrito por\" \/>\n\t\t<meta name=\"twitter:data1\" content=\"Cand\u00e1s 365\" \/>\n\t\t<meta name=\"twitter:label2\" content=\"Tiempo de lectura estimado\" \/>\n\t\t<meta name=\"twitter:data2\" content=\"1 minuto\" \/>\n\t\t<script type=\"application\/ld+json\" class=\"aioseo-schema\">\n\t\t\t{\"@context\":\"https:\\\/\\\/schema.org\",\"@graph\":[{\"@type\":\"BreadcrumbList\",\"@id\":\"https:\\\/\\\/candas365.es\\\/noticias\\\/visitas-y-actividades-para-grupos-escolares-en-el-parque-de-la-prehistoria-de-teverga\\\/#breadcrumblist\",\"itemListElement\":[{\"@type\":\"ListItem\",\"@id\":\"https:\\\/\\\/candas365.es\\\/noticias#listItem\",\"position\":1,\"name\":\"Home\",\"item\":\"https:\\\/\\\/candas365.es\\\/noticias\",\"nextItem\":{\"@type\":\"ListItem\",\"@id\":\"https:\\\/\\\/candas365.es\\\/noticias\\\/category\\\/agenda\\\/#listItem\",\"name\":\"Agenda\"}},{\"@type\":\"ListItem\",\"@id\":\"https:\\\/\\\/candas365.es\\\/noticias\\\/category\\\/agenda\\\/#listItem\",\"position\":2,\"name\":\"Agenda\",\"item\":\"https:\\\/\\\/candas365.es\\\/noticias\\\/category\\\/agenda\\\/\",\"nextItem\":{\"@type\":\"ListItem\",\"@id\":\"https:\\\/\\\/candas365.es\\\/noticias\\\/visitas-y-actividades-para-grupos-escolares-en-el-parque-de-la-prehistoria-de-teverga\\\/#listItem\",\"name\":\"Visitas y actividades para grupos escolares en el Parque de la Prehistoria de Teverga\"},\"previousItem\":{\"@type\":\"ListItem\",\"@id\":\"https:\\\/\\\/candas365.es\\\/noticias#listItem\",\"name\":\"Home\"}},{\"@type\":\"ListItem\",\"@id\":\"https:\\\/\\\/candas365.es\\\/noticias\\\/visitas-y-actividades-para-grupos-escolares-en-el-parque-de-la-prehistoria-de-teverga\\\/#listItem\",\"position\":3,\"name\":\"Visitas y actividades para grupos escolares en el Parque de la Prehistoria de Teverga\",\"previousItem\":{\"@type\":\"ListItem\",\"@id\":\"https:\\\/\\\/candas365.es\\\/noticias\\\/category\\\/agenda\\\/#listItem\",\"name\":\"Agenda\"}}]},{\"@type\":\"NewsArticle\",\"@id\":\"https:\\\/\\\/candas365.es\\\/noticias\\\/visitas-y-actividades-para-grupos-escolares-en-el-parque-de-la-prehistoria-de-teverga\\\/#newsarticle\",\"name\":\"Visitas y actividades para grupos escolares en el Parque de la Prehistoria de Teverga | Cand\\u00e1s 365\",\"headline\":\"Visitas y actividades para grupos escolares en el Parque de la Prehistoria de Teverga\",\"author\":{\"@id\":\"https:\\\/\\\/candas365.es\\\/noticias\\\/author\\\/admin\\\/#author\"},\"publisher\":{\"@id\":\"https:\\\/\\\/candas365.es\\\/noticias\\\/#organization\"},\"image\":{\"@type\":\"ImageObject\",\"url\":\"https:\\\/\\\/candas365.es\\\/noticias\\\/wp-content\\\/uploads\\\/2018\\\/12\\\/Parque-Prehistoria-Teverga.jpg\",\"width\":1280,\"height\":853},\"datePublished\":\"2019-09-21T14:47:13+02:00\",\"dateModified\":\"2019-09-21T14:47:13+02:00\",\"inLanguage\":\"es-ES\",\"mainEntityOfPage\":{\"@id\":\"https:\\\/\\\/candas365.es\\\/noticias\\\/visitas-y-actividades-para-grupos-escolares-en-el-parque-de-la-prehistoria-de-teverga\\\/#webpage\"},\"isPartOf\":{\"@id\":\"https:\\\/\\\/candas365.es\\\/noticias\\\/visitas-y-actividades-para-grupos-escolares-en-el-parque-de-la-prehistoria-de-teverga\\\/#webpage\"},\"articleSection\":\"Agenda\",\"dateline\":\"Publicado el septiembre 21, 2019.\"},{\"@type\":\"Organization\",\"@id\":\"https:\\\/\\\/candas365.es\\\/noticias\\\/#organization\",\"name\":\"Cand\\u00e1s 365\",\"description\":\"Cand\\u00e1s 365 es un diario digital independiente, fundado en 2012, con base en Asturias. Informamos con rigor sobre actualidad, sociedad, cultura y ocio, con una mirada local y global.\",\"url\":\"https:\\\/\\\/candas365.es\\\/noticias\\\/\",\"email\":\"info@candas365.es\",\"telephone\":\"+34652131393\",\"foundingDate\":\"2012-06-10\",\"logo\":{\"@type\":\"ImageObject\",\"url\":\"https:\\\/\\\/candas365.es\\\/noticias\\\/wp-content\\\/uploads\\\/2024\\\/09\\\/Candas-365-Redes.jpg\",\"@id\":\"https:\\\/\\\/candas365.es\\\/noticias\\\/visitas-y-actividades-para-grupos-escolares-en-el-parque-de-la-prehistoria-de-teverga\\\/#organizationLogo\",\"width\":1152,\"height\":864,\"caption\":\"Cand\\u00e1s 365 Redes\"},\"image\":{\"@id\":\"https:\\\/\\\/candas365.es\\\/noticias\\\/visitas-y-actividades-para-grupos-escolares-en-el-parque-de-la-prehistoria-de-teverga\\\/#organizationLogo\"},\"sameAs\":[\"https:\\\/\\\/www.facebook.com\\\/Nachofdezber\",\"https:\\\/\\\/x.com\\\/NabercoDigital\",\"https:\\\/\\\/www.instagram.com\\\/nachofdezber\\\/\",\"https:\\\/\\\/www.youtube.com\\\/channel\\\/UCZP-2wLEB9Rv6erhFmqVnvg\"],\"address\":{\"@id\":\"https:\\\/\\\/candas365.es\\\/noticias\\\/#postaladdress\",\"@type\":\"PostalAddress\",\"streetAddress\":\"san antonio 4, san antonio 4\",\"postalCode\":\"33430\",\"addressLocality\":\"Cand\\u00e1s\",\"addressRegion\":\"Asturias\",\"addressCountry\":\"ES\"}},{\"@type\":\"Person\",\"@id\":\"https:\\\/\\\/candas365.es\\\/noticias\\\/author\\\/admin\\\/#author\",\"url\":\"https:\\\/\\\/candas365.es\\\/noticias\\\/author\\\/admin\\\/\",\"name\":\"Cand\\u00e1s 365\",\"image\":{\"@type\":\"ImageObject\",\"@id\":\"https:\\\/\\\/candas365.es\\\/noticias\\\/visitas-y-actividades-para-grupos-escolares-en-el-parque-de-la-prehistoria-de-teverga\\\/#authorImage\",\"url\":\"https:\\\/\\\/secure.gravatar.com\\\/avatar\\\/496a8e03d0c493ede1718b7934145dbdf8d89be1036b0eec9544e1094c9de390?s=96&d=mm&r=g\",\"width\":96,\"height\":96,\"caption\":\"Cand\\u00e1s 365\"},\"sameAs\":[\"https:\\\/\\\/www.facebook.com\\\/carrenoactualidad\",\"https:\\\/\\\/twitter.com\\\/nbasturias\",\"https:\\\/\\\/www.instagram.com\\\/nachofdezber\\\/\",\"https:\\\/\\\/www.youtube.com\\\/channel\\\/UCZP-2wLEB9Rv6erhFmqVnvg\"]},{\"@type\":\"WebPage\",\"@id\":\"https:\\\/\\\/candas365.es\\\/noticias\\\/visitas-y-actividades-para-grupos-escolares-en-el-parque-de-la-prehistoria-de-teverga\\\/#webpage\",\"url\":\"https:\\\/\\\/candas365.es\\\/noticias\\\/visitas-y-actividades-para-grupos-escolares-en-el-parque-de-la-prehistoria-de-teverga\\\/\",\"name\":\"Visitas y actividades para grupos escolares en el Parque de la Prehistoria de Teverga | Cand\\u00e1s 365\",\"description\":\"El Parque de la Prehistoria de Teverga ha preparado visitas y actividades especiales para que los grupos escolares se adentren en el Paleol\\u00edtico durante el curso 2019\\\/2020. Para todos los ciclos educativos se ofrecen visitas guiadas por la Galer\\u00eda y Cueva de Cuevas, con la opci\\u00f3n de combinar el recorrido con un taller para conocer\",\"inLanguage\":\"es-ES\",\"isPartOf\":{\"@id\":\"https:\\\/\\\/candas365.es\\\/noticias\\\/#website\"},\"breadcrumb\":{\"@id\":\"https:\\\/\\\/candas365.es\\\/noticias\\\/visitas-y-actividades-para-grupos-escolares-en-el-parque-de-la-prehistoria-de-teverga\\\/#breadcrumblist\"},\"author\":{\"@id\":\"https:\\\/\\\/candas365.es\\\/noticias\\\/author\\\/admin\\\/#author\"},\"creator\":{\"@id\":\"https:\\\/\\\/candas365.es\\\/noticias\\\/author\\\/admin\\\/#author\"},\"image\":{\"@type\":\"ImageObject\",\"url\":\"https:\\\/\\\/candas365.es\\\/noticias\\\/wp-content\\\/uploads\\\/2018\\\/12\\\/Parque-Prehistoria-Teverga.jpg\",\"@id\":\"https:\\\/\\\/candas365.es\\\/noticias\\\/visitas-y-actividades-para-grupos-escolares-en-el-parque-de-la-prehistoria-de-teverga\\\/#mainImage\",\"width\":1280,\"height\":853},\"primaryImageOfPage\":{\"@id\":\"https:\\\/\\\/candas365.es\\\/noticias\\\/visitas-y-actividades-para-grupos-escolares-en-el-parque-de-la-prehistoria-de-teverga\\\/#mainImage\"},\"datePublished\":\"2019-09-21T14:47:13+02:00\",\"dateModified\":\"2019-09-21T14:47:13+02:00\"},{\"@type\":\"WebSite\",\"@id\":\"https:\\\/\\\/candas365.es\\\/noticias\\\/#website\",\"url\":\"https:\\\/\\\/candas365.es\\\/noticias\\\/\",\"name\":\"Cand\\u00e1s 365\",\"alternateName\":\"Cand\\u00e1s 365 Noticias\",\"description\":\"Actualidad desde Carre\\u00f1o para el mundo\",\"inLanguage\":\"es-ES\",\"publisher\":{\"@id\":\"https:\\\/\\\/candas365.es\\\/noticias\\\/#organization\"}}]}\n\t\t<\/script>\n\t\t<!-- All in One SEO Pro -->\r\n\t\t<title>Visitas y actividades para grupos escolares en el Parque de la Prehistoria de Teverga | Cand\u00e1s 365<\/title>\n\n","aioseo_head_json":{"title":"Visitas y actividades para grupos escolares en el Parque de la Prehistoria de Teverga | Cand\u00e1s 365","description":"El Parque de la Prehistoria de Teverga ha preparado visitas y actividades especiales para que los grupos escolares se adentren en el Paleol\u00edtico durante el curso 2019\/2020. Para todos los ciclos educativos se ofrecen visitas guiadas por la Galer\u00eda y Cueva de Cuevas, con la opci\u00f3n de combinar el recorrido con un taller para conocer","canonical_url":"https:\/\/candas365.es\/noticias\/visitas-y-actividades-para-grupos-escolares-en-el-parque-de-la-prehistoria-de-teverga\/","robots":"max-image-preview:large","keywords":"agenda","webmasterTools":{"google-site-verification":"UA-32230408-1","msvalidate.01":"354F3CDFB2DA171B47FBE9ABF1F88D5","miscellaneous":""},"schema":{"@context":"https:\/\/schema.org","@graph":[{"@type":"BreadcrumbList","@id":"https:\/\/candas365.es\/noticias\/visitas-y-actividades-para-grupos-escolares-en-el-parque-de-la-prehistoria-de-teverga\/#breadcrumblist","itemListElement":[{"@type":"ListItem","@id":"https:\/\/candas365.es\/noticias#listItem","position":1,"name":"Home","item":"https:\/\/candas365.es\/noticias","nextItem":{"@type":"ListItem","@id":"https:\/\/candas365.es\/noticias\/category\/agenda\/#listItem","name":"Agenda"}},{"@type":"ListItem","@id":"https:\/\/candas365.es\/noticias\/category\/agenda\/#listItem","position":2,"name":"Agenda","item":"https:\/\/candas365.es\/noticias\/category\/agenda\/","nextItem":{"@type":"ListItem","@id":"https:\/\/candas365.es\/noticias\/visitas-y-actividades-para-grupos-escolares-en-el-parque-de-la-prehistoria-de-teverga\/#listItem","name":"Visitas y actividades para grupos escolares en el Parque de la Prehistoria de Teverga"},"previousItem":{"@type":"ListItem","@id":"https:\/\/candas365.es\/noticias#listItem","name":"Home"}},{"@type":"ListItem","@id":"https:\/\/candas365.es\/noticias\/visitas-y-actividades-para-grupos-escolares-en-el-parque-de-la-prehistoria-de-teverga\/#listItem","position":3,"name":"Visitas y actividades para grupos escolares en el Parque de la Prehistoria de Teverga","previousItem":{"@type":"ListItem","@id":"https:\/\/candas365.es\/noticias\/category\/agenda\/#listItem","name":"Agenda"}}]},{"@type":"NewsArticle","@id":"https:\/\/candas365.es\/noticias\/visitas-y-actividades-para-grupos-escolares-en-el-parque-de-la-prehistoria-de-teverga\/#newsarticle","name":"Visitas y actividades para grupos escolares en el Parque de la Prehistoria de Teverga | Cand\u00e1s 365","headline":"Visitas y actividades para grupos escolares en el Parque de la Prehistoria de Teverga","author":{"@id":"https:\/\/candas365.es\/noticias\/author\/admin\/#author"},"publisher":{"@id":"https:\/\/candas365.es\/noticias\/#organization"},"image":{"@type":"ImageObject","url":"https:\/\/candas365.es\/noticias\/wp-content\/uploads\/2018\/12\/Parque-Prehistoria-Teverga.jpg","width":1280,"height":853},"datePublished":"2019-09-21T14:47:13+02:00","dateModified":"2019-09-21T14:47:13+02:00","inLanguage":"es-ES","mainEntityOfPage":{"@id":"https:\/\/candas365.es\/noticias\/visitas-y-actividades-para-grupos-escolares-en-el-parque-de-la-prehistoria-de-teverga\/#webpage"},"isPartOf":{"@id":"https:\/\/candas365.es\/noticias\/visitas-y-actividades-para-grupos-escolares-en-el-parque-de-la-prehistoria-de-teverga\/#webpage"},"articleSection":"Agenda","dateline":"Publicado el septiembre 21, 2019."},{"@type":"Organization","@id":"https:\/\/candas365.es\/noticias\/#organization","name":"Cand\u00e1s 365","description":"Cand\u00e1s 365 es un diario digital independiente, fundado en 2012, con base en Asturias. Informamos con rigor sobre actualidad, sociedad, cultura y ocio, con una mirada local y global.","url":"https:\/\/candas365.es\/noticias\/","email":"info@candas365.es","telephone":"+34652131393","foundingDate":"2012-06-10","logo":{"@type":"ImageObject","url":"https:\/\/candas365.es\/noticias\/wp-content\/uploads\/2024\/09\/Candas-365-Redes.jpg","@id":"https:\/\/candas365.es\/noticias\/visitas-y-actividades-para-grupos-escolares-en-el-parque-de-la-prehistoria-de-teverga\/#organizationLogo","width":1152,"height":864,"caption":"Cand\u00e1s 365 Redes"},"image":{"@id":"https:\/\/candas365.es\/noticias\/visitas-y-actividades-para-grupos-escolares-en-el-parque-de-la-prehistoria-de-teverga\/#organizationLogo"},"sameAs":["https:\/\/www.facebook.com\/Nachofdezber","https:\/\/x.com\/NabercoDigital","https:\/\/www.instagram.com\/nachofdezber\/","https:\/\/www.youtube.com\/channel\/UCZP-2wLEB9Rv6erhFmqVnvg"],"address":{"@id":"https:\/\/candas365.es\/noticias\/#postaladdress","@type":"PostalAddress","streetAddress":"san antonio 4, san antonio 4","postalCode":"33430","addressLocality":"Cand\u00e1s","addressRegion":"Asturias","addressCountry":"ES"}},{"@type":"Person","@id":"https:\/\/candas365.es\/noticias\/author\/admin\/#author","url":"https:\/\/candas365.es\/noticias\/author\/admin\/","name":"Cand\u00e1s 365","image":{"@type":"ImageObject","@id":"https:\/\/candas365.es\/noticias\/visitas-y-actividades-para-grupos-escolares-en-el-parque-de-la-prehistoria-de-teverga\/#authorImage","url":"https:\/\/secure.gravatar.com\/avatar\/496a8e03d0c493ede1718b7934145dbdf8d89be1036b0eec9544e1094c9de390?s=96&d=mm&r=g","width":96,"height":96,"caption":"Cand\u00e1s 365"},"sameAs":["https:\/\/www.facebook.com\/carrenoactualidad","https:\/\/twitter.com\/nbasturias","https:\/\/www.instagram.com\/nachofdezber\/","https:\/\/www.youtube.com\/channel\/UCZP-2wLEB9Rv6erhFmqVnvg"]},{"@type":"WebPage","@id":"https:\/\/candas365.es\/noticias\/visitas-y-actividades-para-grupos-escolares-en-el-parque-de-la-prehistoria-de-teverga\/#webpage","url":"https:\/\/candas365.es\/noticias\/visitas-y-actividades-para-grupos-escolares-en-el-parque-de-la-prehistoria-de-teverga\/","name":"Visitas y actividades para grupos escolares en el Parque de la Prehistoria de Teverga | Cand\u00e1s 365","description":"El Parque de la Prehistoria de Teverga ha preparado visitas y actividades especiales para que los grupos escolares se adentren en el Paleol\u00edtico durante el curso 2019\/2020. Para todos los ciclos educativos se ofrecen visitas guiadas por la Galer\u00eda y Cueva de Cuevas, con la opci\u00f3n de combinar el recorrido con un taller para conocer","inLanguage":"es-ES","isPartOf":{"@id":"https:\/\/candas365.es\/noticias\/#website"},"breadcrumb":{"@id":"https:\/\/candas365.es\/noticias\/visitas-y-actividades-para-grupos-escolares-en-el-parque-de-la-prehistoria-de-teverga\/#breadcrumblist"},"author":{"@id":"https:\/\/candas365.es\/noticias\/author\/admin\/#author"},"creator":{"@id":"https:\/\/candas365.es\/noticias\/author\/admin\/#author"},"image":{"@type":"ImageObject","url":"https:\/\/candas365.es\/noticias\/wp-content\/uploads\/2018\/12\/Parque-Prehistoria-Teverga.jpg","@id":"https:\/\/candas365.es\/noticias\/visitas-y-actividades-para-grupos-escolares-en-el-parque-de-la-prehistoria-de-teverga\/#mainImage","width":1280,"height":853},"primaryImageOfPage":{"@id":"https:\/\/candas365.es\/noticias\/visitas-y-actividades-para-grupos-escolares-en-el-parque-de-la-prehistoria-de-teverga\/#mainImage"},"datePublished":"2019-09-21T14:47:13+02:00","dateModified":"2019-09-21T14:47:13+02:00"},{"@type":"WebSite","@id":"https:\/\/candas365.es\/noticias\/#website","url":"https:\/\/candas365.es\/noticias\/","name":"Cand\u00e1s 365","alternateName":"Cand\u00e1s 365 Noticias","description":"Actualidad desde Carre\u00f1o para el mundo","inLanguage":"es-ES","publisher":{"@id":"https:\/\/candas365.es\/noticias\/#organization"}}]},"og:locale":"es_ES","og:site_name":"Cand\u00e1s 365","og:type":"article","og:title":"Visitas y actividades para grupos escolares en el Parque de la Prehistoria de Teverga | Cand\u00e1s 365","og:description":"El Parque de la Prehistoria de Teverga ha preparado visitas y actividades especiales para que los grupos escolares se adentren en el Paleol\u00edtico durante el curso 2019\/2020. Para todos los ciclos educativos se ofrecen visitas guiadas por la Galer\u00eda y Cueva de Cuevas, con la opci\u00f3n de combinar el recorrido con un taller para conocer","og:url":"https:\/\/candas365.es\/noticias\/visitas-y-actividades-para-grupos-escolares-en-el-parque-de-la-prehistoria-de-teverga\/","og:image":"https:\/\/candas365.es\/noticias\/wp-content\/uploads\/2018\/12\/Parque-Prehistoria-Teverga.jpg","og:image:secure_url":"https:\/\/candas365.es\/noticias\/wp-content\/uploads\/2018\/12\/Parque-Prehistoria-Teverga.jpg","og:image:width":1280,"og:image:height":853,"article:published_time":"2019-09-21T14:47:13+00:00","article:modified_time":"2019-09-21T14:47:13+00:00","article:publisher":"https:\/\/www.facebook.com\/Nachofdezber","article:author":"https:\/\/www.facebook.com\/carrenoactualidad","twitter:card":"summary_large_image","twitter:site":"@NabercoDigital","twitter:title":"Visitas y actividades para grupos escolares en el Parque de la Prehistoria de Teverga | Cand\u00e1s 365","twitter:description":"El Parque de la Prehistoria de Teverga ha preparado visitas y actividades especiales para que los grupos escolares se adentren en el Paleol\u00edtico durante el curso 2019\/2020. Para todos los ciclos educativos se ofrecen visitas guiadas por la Galer\u00eda y Cueva de Cuevas, con la opci\u00f3n de combinar el recorrido con un taller para conocer","twitter:creator":"@nbasturias","twitter:image":"https:\/\/candas365.es\/noticias\/wp-content\/uploads\/2018\/12\/Parque-Prehistoria-Teverga.jpg","twitter:label1":"Escrito por","twitter:data1":"Cand\u00e1s 365","twitter:label2":"Tiempo de lectura estimado","twitter:data2":"1 minuto"},"aioseo_meta_data":{"post_id":"130224","title":null,"description":null,"keywords":null,"keyphrases":null,"primary_term":null,"canonical_url":null,"og_title":null,"og_description":null,"og_object_type":"default","og_image_type":"default","og_image_url":null,"og_image_width":null,"og_image_height":null,"og_image_custom_url":null,"og_image_custom_fields":null,"og_video":null,"og_custom_url":null,"og_article_section":null,"og_article_tags":null,"twitter_use_og":false,"twitter_card":"default","twitter_image_type":"default","twitter_image_url":null,"twitter_image_custom_url":null,"twitter_image_custom_fields":null,"twitter_title":null,"twitter_description":null,"schema":{"blockGraphs":[],"customGraphs":[],"default":{"data":{"Article":[],"Course":[],"Dataset":[],"FAQPage":[],"Movie":[],"Person":[],"Product":[],"ProductReview":[],"Car":[],"Recipe":[],"Service":[],"SoftwareApplication":[],"WebPage":[]},"graphName":"","isEnabled":true},"graphs":[],"defaultGraph":"","defaultPostTypeGraph":""},"schema_type":null,"schema_type_options":null,"pillar_content":false,"robots_default":true,"robots_noindex":false,"robots_noarchive":false,"robots_nosnippet":false,"robots_nofollow":false,"robots_noimageindex":false,"robots_noodp":false,"robots_notranslate":false,"robots_max_snippet":null,"robots_max_videopreview":null,"robots_max_imagepreview":"large","priority":null,"frequency":null,"location":null,"local_seo":null,"seo_analyzer_scan_date":"2025-08-30 14:02:18","breadcrumb_settings":null,"limit_modified_date":false,"reviewed_by":null,"open_ai":null,"ai":null,"created":"2020-12-21 10:52:26","updated":"2025-08-30 14:02:18"},"aioseo_breadcrumb":"<div class=\"aioseo-breadcrumbs\"><span class=\"aioseo-breadcrumb\">\n\t<a href=\"https:\/\/candas365.es\/noticias\" title=\"Home\">Home<\/a>\n<\/span><span class=\"aioseo-breadcrumb-separator\">&ndash;<\/span><span class=\"aioseo-breadcrumb\">\n\t<a href=\"https:\/\/candas365.es\/noticias\/category\/agenda\/\" title=\"Agenda\">Agenda<\/a>\n<\/span><span class=\"aioseo-breadcrumb-separator\">&ndash;<\/span><span class=\"aioseo-breadcrumb\">\n\tVisitas y actividades para grupos escolares en el Parque de la Prehistoria de Teverga\n<\/span><\/div>","aioseo_breadcrumb_json":[{"label":"Home","link":"https:\/\/candas365.es\/noticias"},{"label":"Agenda","link":"https:\/\/candas365.es\/noticias\/category\/agenda\/"},{"label":"Visitas y actividades para grupos escolares en el Parque de la Prehistoria de Teverga","link":"https:\/\/candas365.es\/noticias\/visitas-y-actividades-para-grupos-escolares-en-el-parque-de-la-prehistoria-de-teverga\/"}],"_links":{"self":[{"href":"https:\/\/candas365.es\/noticias\/wp-json\/wp\/v2\/posts\/130224","targetHints":{"allow":["GET"]}}],"collection":[{"href":"https:\/\/candas365.es\/noticias\/wp-json\/wp\/v2\/posts"}],"about":[{"href":"https:\/\/candas365.es\/noticias\/wp-json\/wp\/v2\/types\/post"}],"author":[{"embeddable":true,"href":"https:\/\/candas365.es\/noticias\/wp-json\/wp\/v2\/users\/1"}],"replies":[{"embeddable":true,"href":"https:\/\/candas365.es\/noticias\/wp-json\/wp\/v2\/comments?post=130224"}],"version-history":[{"count":0,"href":"https:\/\/candas365.es\/noticias\/wp-json\/wp\/v2\/posts\/130224\/revisions"}],"wp:featuredmedia":[{"embeddable":true,"href":"https:\/\/candas365.es\/noticias\/wp-json\/wp\/v2\/media\/112301"}],"wp:attachment":[{"href":"https:\/\/candas365.es\/noticias\/wp-json\/wp\/v2\/media?parent=130224"}],"wp:term":[{"taxonomy":"category","embeddable":true,"href":"https:\/\/candas365.es\/noticias\/wp-json\/wp\/v2\/categories?post=130224"},{"taxonomy":"post_tag","embeddable":true,"href":"https:\/\/candas365.es\/noticias\/wp-json\/wp\/v2\/tags?post=130224"}],"curies":[{"name":"wp","href":"https:\/\/api.w.org\/{rel}","templated":true}]}}