{"id":130179,"date":"2019-09-20T14:18:48","date_gmt":"2019-09-20T14:18:48","guid":{"rendered":"http:\/\/candas365.es\/noticias\/?p=130179"},"modified":"2019-09-20T14:19:08","modified_gmt":"2019-09-20T14:19:08","slug":"paula-cuervo-propuso-una-modificacion-de-ordenanzas-fiscales-para-el-2020","status":"publish","type":"post","link":"https:\/\/candas365.es\/noticias\/paula-cuervo-propuso-una-modificacion-de-ordenanzas-fiscales-para-el-2020\/","title":{"rendered":"Paula Cuervo propuso una modificaci\u00f3n de ordenanzas fiscales para el 2020"},"content":{"rendered":"<p><img fetchpriority=\"high\" decoding=\"async\" class=\"alignleft size-medium wp-image-6453\" src=\"https:\/\/candas365.es\/noticias\/wp-content\/uploads\/2015\/01\/ayuntamiento-360x270.jpg\" alt=\"\" width=\"360\" height=\"270\" srcset=\"https:\/\/candas365.es\/noticias\/wp-content\/uploads\/2015\/01\/ayuntamiento-360x270.jpg 360w, https:\/\/candas365.es\/noticias\/wp-content\/uploads\/2015\/01\/ayuntamiento-640x480.jpg 640w, https:\/\/candas365.es\/noticias\/wp-content\/uploads\/2015\/01\/ayuntamiento-768x576.jpg 768w, https:\/\/candas365.es\/noticias\/wp-content\/uploads\/2015\/01\/ayuntamiento-150x113.jpg 150w, https:\/\/candas365.es\/noticias\/wp-content\/uploads\/2015\/01\/ayuntamiento-450x338.jpg 450w, https:\/\/candas365.es\/noticias\/wp-content\/uploads\/2015\/01\/ayuntamiento-80x60.jpg 80w, https:\/\/candas365.es\/noticias\/wp-content\/uploads\/2015\/01\/ayuntamiento-265x198.jpg 265w, https:\/\/candas365.es\/noticias\/wp-content\/uploads\/2015\/01\/ayuntamiento-696x522.jpg 696w, https:\/\/candas365.es\/noticias\/wp-content\/uploads\/2015\/01\/ayuntamiento-560x420.jpg 560w, https:\/\/candas365.es\/noticias\/wp-content\/uploads\/2015\/01\/ayuntamiento-90x67.jpg 90w, https:\/\/candas365.es\/noticias\/wp-content\/uploads\/2015\/01\/ayuntamiento.jpg 800w\" sizes=\"(max-width: 360px) 100vw, 360px\" \/>El Ayuntamiento de Carre\u00f1o anunci\u00f3 este viernes mediante un comunicado de prensa que la concejala socialista de Hacienda, <em><strong>Paula Cuervo, elev\u00f3 est\u00e1 ma\u00f1ana a la comisi\u00f3n informativa de Hacienda una propuesta de modificaci\u00f3n de ordenanzas fiscales para el 2020.<\/strong><\/em><\/p>\n<p>La propuesta marcar\u00e1 y condicionar\u00e1 los ingresos del Ayuntamiento el pr\u00f3ximo a\u00f1o. La edil socialista avanz\u00f3 el gobierno local en materia de impuestos para 2020 plantea:<\/p>\n<ul>\n<li>Reducci\u00f3n de 3 puntos en el tipo impositivo de la plusval\u00eda. Es decir, se propone una modificaci\u00f3n de la ordenanza fiscal reguladora del impuesto sobre el incremento del valor de los terrenos de naturaleza urbana. Bajando el tipo impositivo del 16% al 13%.<\/li>\n<\/ul>\n<p>La cuota \u00edntegra de este Impuesto ser\u00e1 la resultante de aplicar a la base imponible, calculada seg\u00fan las reglas establecidas en el art\u00edculo anterior, el tipo impositivo del:<\/p>\n<ul>\n<li>Para los incrementos de valor generados en un periodo de tiempo comprendido entre uno y cinco a\u00f1os: 13 %.<\/li>\n<li>Para los incrementos de valor generados en un periodo de tiempo hasta diez a\u00f1os: 13%.<\/li>\n<li>Para los incrementos de valor generados en un periodo de tiempo de hasta quince a\u00f1os: 13%.<\/li>\n<li>Para los incrementos de valor generados en un periodo de tiempo de hasta veinte a\u00f1os: 13%.<\/li>\n<\/ul>\n<p>Gozar\u00e1n de una bonificaci\u00f3n del 95% de la cuota del impuesto, la transmisi\u00f3n de terrenos y la transmisi\u00f3n o constituci\u00f3n de derechos reales de goce limitativos del dominio, realizadas a t\u00edtulo lucrativo por causa de muerte a favor de los\/as descendientes y adoptados\/as, los c\u00f3nyuges y los\/as ascendientes y adoptantes, siempre que la vivienda transmitida fuera la vivienda habitual.En las dem\u00e1s transmisiones de terrenos y en la transmisi\u00f3n o constituci\u00f3n de derechos reales de goce limitativos del dominio, realizadas a t\u00edtulo lucrativo por causa de muerte a favor de los\/as descendientes y adoptados\/as, los c\u00f3nyuges y los\/as\u00a0 ascendientes o adoptantes, se establece una bonificaci\u00f3n del 24% de la cuota \u00edntegra del impuesto.<\/p>\n<ul>\n<li>Reducci\u00f3n del IBI urbano al m\u00ednimo. Es decir, modificaci\u00f3n de la ordenanza fiscal reguladora del impuesto sobre bienes inmuebles. Bajando el tipo de gravamen a los bienes inmuebles de naturaleza urbana al 0&#8217;40 % y congelando el tipo en r\u00fastica en el 0,30 %.<\/li>\n<\/ul>\n<p>Se mantiene una bonificaci\u00f3n a los veh\u00edculos con una antig\u00fcedad de 25 a\u00f1os y a los cl\u00e1sicos, es decir, se propone una modificaci\u00f3n de la ordenanza fiscal reguladora del impuesto sobre veh\u00edculos de tracci\u00f3n mec\u00e1nica. Pasando \u00e9stos a tener una bonificaci\u00f3n en el impuesto al 75%.<\/p>\n<p>Disfrutar\u00e1n de una bonificaci\u00f3n del 75% de la cuota del impuesto:<\/p>\n<ul>\n<li>Los veh\u00edculos que tengan una antig\u00fcedad m\u00ednima de veinticinco a\u00f1os contados a partir de la fecha de su fabricaci\u00f3n. Si \u00e9sta no se conociera, se tomar\u00e1 como tal la de su primera matriculaci\u00f3n o, en su defecto, la fecha en que el correspondiente tipo o variante se dej\u00f3 de fabricar.<\/li>\n<li>Aquellos veh\u00edculos que, sin tener la antig\u00fcedad a que se refiere el apartado anterior, hayan sido catalogados como \u201cveh\u00edculos hist\u00f3ricos\u201d por el \u00f3rgano competente de la Comunidad Aut\u00f3noma, en la forma que se establece en el Reglamento de Veh\u00edculos Hist\u00f3ricos, aprobado por Real Decreto 1247\/1995, de 14 de julio.<\/li>\n<li>La bonificaci\u00f3n establecida en el apartado 1 del presente art\u00edculo tiene car\u00e1cter rogado por lo que se conceder\u00e1 a instancia de parte.<\/li>\n<\/ul>\n","protected":false},"excerpt":{"rendered":"<p>El Ayuntamiento de Carre\u00f1o anunci\u00f3 este viernes mediante un comunicado de prensa que la concejala socialista de Hacienda, Paula Cuervo, elev\u00f3 est\u00e1 ma\u00f1ana a la comisi\u00f3n informativa de Hacienda una propuesta de modificaci\u00f3n de ordenanzas fiscales para el 2020. La propuesta marcar\u00e1 y condicionar\u00e1 los ingresos del Ayuntamiento el pr\u00f3ximo a\u00f1o. La edil socialista avanz\u00f3<\/p>\n","protected":false},"author":1,"featured_media":6453,"comment_status":"closed","ping_status":"closed","sticky":false,"template":"","format":"standard","meta":{"footnotes":""},"categories":[2],"tags":[],"class_list":{"0":"post-130179","1":"post","2":"type-post","3":"status-publish","4":"format-standard","5":"has-post-thumbnail","7":"category-noticias-carreno"},"aioseo_notices":[],"aioseo_head":"\n\t\t<!-- All in One SEO Pro 4.9.6.2 - aioseo.com -->\n\t<meta name=\"description\" content=\"El Ayuntamiento de Carre\u00f1o anunci\u00f3 este viernes mediante un comunicado de prensa que la concejala socialista de Hacienda, Paula Cuervo, elev\u00f3 est\u00e1 ma\u00f1ana a la comisi\u00f3n informativa de Hacienda una propuesta de modificaci\u00f3n de ordenanzas fiscales para el 2020. La propuesta marcar\u00e1 y condicionar\u00e1 los ingresos del Ayuntamiento el pr\u00f3ximo a\u00f1o. La edil socialista avanz\u00f3\" \/>\n\t<meta name=\"robots\" content=\"max-image-preview:large\" \/>\n\t<meta name=\"author\" content=\"Cand\u00e1s 365\"\/>\n\t<meta name=\"google-site-verification\" content=\"UA-32230408-1\" \/>\n\t<meta name=\"msvalidate.01\" content=\"354F3CDFB2DA171B47FBE9ABF1F88D5\" \/>\n\t<meta name=\"keywords\" content=\"noticias carre\u00f1o\" \/>\n\t<link rel=\"canonical\" href=\"https:\/\/candas365.es\/noticias\/paula-cuervo-propuso-una-modificacion-de-ordenanzas-fiscales-para-el-2020\/\" \/>\n\t<meta name=\"generator\" content=\"All in One SEO Pro (AIOSEO) 4.9.6.2\" \/>\n\t\t<meta property=\"og:locale\" content=\"es_ES\" \/>\n\t\t<meta property=\"og:site_name\" content=\"Cand\u00e1s 365\" \/>\n\t\t<meta property=\"og:type\" content=\"article\" \/>\n\t\t<meta property=\"og:title\" content=\"Paula Cuervo propuso una modificaci\u00f3n de ordenanzas fiscales para el 2020 | Cand\u00e1s 365\" \/>\n\t\t<meta property=\"og:description\" content=\"El Ayuntamiento de Carre\u00f1o anunci\u00f3 este viernes mediante un comunicado de prensa que la concejala socialista de Hacienda, Paula Cuervo, elev\u00f3 est\u00e1 ma\u00f1ana a la comisi\u00f3n informativa de Hacienda una propuesta de modificaci\u00f3n de ordenanzas fiscales para el 2020. La propuesta marcar\u00e1 y condicionar\u00e1 los ingresos del Ayuntamiento el pr\u00f3ximo a\u00f1o. La edil socialista avanz\u00f3\" \/>\n\t\t<meta property=\"og:url\" content=\"https:\/\/candas365.es\/noticias\/paula-cuervo-propuso-una-modificacion-de-ordenanzas-fiscales-para-el-2020\/\" \/>\n\t\t<meta property=\"og:image\" content=\"https:\/\/candas365.es\/noticias\/wp-content\/uploads\/2015\/01\/ayuntamiento.jpg\" \/>\n\t\t<meta property=\"og:image:secure_url\" content=\"https:\/\/candas365.es\/noticias\/wp-content\/uploads\/2015\/01\/ayuntamiento.jpg\" \/>\n\t\t<meta property=\"og:image:width\" content=\"800\" \/>\n\t\t<meta property=\"og:image:height\" content=\"600\" \/>\n\t\t<meta property=\"article:published_time\" content=\"2019-09-20T14:18:48+00:00\" \/>\n\t\t<meta property=\"article:modified_time\" content=\"2019-09-20T14:19:08+00:00\" \/>\n\t\t<meta property=\"article:publisher\" content=\"https:\/\/www.facebook.com\/Nachofdezber\" \/>\n\t\t<meta property=\"article:author\" content=\"https:\/\/www.facebook.com\/carrenoactualidad\" \/>\n\t\t<meta name=\"twitter:card\" content=\"summary_large_image\" \/>\n\t\t<meta name=\"twitter:site\" content=\"@NabercoDigital\" \/>\n\t\t<meta name=\"twitter:title\" content=\"Paula Cuervo propuso una modificaci\u00f3n de ordenanzas fiscales para el 2020 | Cand\u00e1s 365\" \/>\n\t\t<meta name=\"twitter:description\" content=\"El Ayuntamiento de Carre\u00f1o anunci\u00f3 este viernes mediante un comunicado de prensa que la concejala socialista de Hacienda, Paula Cuervo, elev\u00f3 est\u00e1 ma\u00f1ana a la comisi\u00f3n informativa de Hacienda una propuesta de modificaci\u00f3n de ordenanzas fiscales para el 2020. La propuesta marcar\u00e1 y condicionar\u00e1 los ingresos del Ayuntamiento el pr\u00f3ximo a\u00f1o. La edil socialista avanz\u00f3\" \/>\n\t\t<meta name=\"twitter:creator\" content=\"@nbasturias\" \/>\n\t\t<meta name=\"twitter:image\" content=\"https:\/\/candas365.es\/noticias\/wp-content\/uploads\/2015\/01\/ayuntamiento.jpg\" \/>\n\t\t<meta name=\"twitter:label1\" content=\"Escrito por\" \/>\n\t\t<meta name=\"twitter:data1\" content=\"Cand\u00e1s 365\" \/>\n\t\t<meta name=\"twitter:label2\" content=\"Tiempo de lectura estimado\" \/>\n\t\t<meta name=\"twitter:data2\" content=\"3 minutos\" \/>\n\t\t<script type=\"application\/ld+json\" class=\"aioseo-schema\">\n\t\t\t{\"@context\":\"https:\\\/\\\/schema.org\",\"@graph\":[{\"@type\":\"BreadcrumbList\",\"@id\":\"https:\\\/\\\/candas365.es\\\/noticias\\\/paula-cuervo-propuso-una-modificacion-de-ordenanzas-fiscales-para-el-2020\\\/#breadcrumblist\",\"itemListElement\":[{\"@type\":\"ListItem\",\"@id\":\"https:\\\/\\\/candas365.es\\\/noticias#listItem\",\"position\":1,\"name\":\"Home\",\"item\":\"https:\\\/\\\/candas365.es\\\/noticias\",\"nextItem\":{\"@type\":\"ListItem\",\"@id\":\"https:\\\/\\\/candas365.es\\\/noticias\\\/category\\\/noticias-carreno\\\/#listItem\",\"name\":\"Noticias Carre\\u00f1o\"}},{\"@type\":\"ListItem\",\"@id\":\"https:\\\/\\\/candas365.es\\\/noticias\\\/category\\\/noticias-carreno\\\/#listItem\",\"position\":2,\"name\":\"Noticias Carre\\u00f1o\",\"item\":\"https:\\\/\\\/candas365.es\\\/noticias\\\/category\\\/noticias-carreno\\\/\",\"nextItem\":{\"@type\":\"ListItem\",\"@id\":\"https:\\\/\\\/candas365.es\\\/noticias\\\/paula-cuervo-propuso-una-modificacion-de-ordenanzas-fiscales-para-el-2020\\\/#listItem\",\"name\":\"Paula Cuervo propuso una modificaci\\u00f3n de ordenanzas fiscales para el 2020\"},\"previousItem\":{\"@type\":\"ListItem\",\"@id\":\"https:\\\/\\\/candas365.es\\\/noticias#listItem\",\"name\":\"Home\"}},{\"@type\":\"ListItem\",\"@id\":\"https:\\\/\\\/candas365.es\\\/noticias\\\/paula-cuervo-propuso-una-modificacion-de-ordenanzas-fiscales-para-el-2020\\\/#listItem\",\"position\":3,\"name\":\"Paula Cuervo propuso una modificaci\\u00f3n de ordenanzas fiscales para el 2020\",\"previousItem\":{\"@type\":\"ListItem\",\"@id\":\"https:\\\/\\\/candas365.es\\\/noticias\\\/category\\\/noticias-carreno\\\/#listItem\",\"name\":\"Noticias Carre\\u00f1o\"}}]},{\"@type\":\"NewsArticle\",\"@id\":\"https:\\\/\\\/candas365.es\\\/noticias\\\/paula-cuervo-propuso-una-modificacion-de-ordenanzas-fiscales-para-el-2020\\\/#newsarticle\",\"name\":\"Paula Cuervo propuso una modificaci\\u00f3n de ordenanzas fiscales para el 2020 | Cand\\u00e1s 365\",\"headline\":\"Paula Cuervo propuso una modificaci\\u00f3n de ordenanzas fiscales para el 2020\",\"author\":{\"@id\":\"https:\\\/\\\/candas365.es\\\/noticias\\\/author\\\/admin\\\/#author\"},\"publisher\":{\"@id\":\"https:\\\/\\\/candas365.es\\\/noticias\\\/#organization\"},\"image\":{\"@type\":\"ImageObject\",\"url\":\"https:\\\/\\\/candas365.es\\\/noticias\\\/wp-content\\\/uploads\\\/2015\\\/01\\\/ayuntamiento.jpg\",\"width\":800,\"height\":600,\"caption\":\"Carre\\u00f1o\"},\"datePublished\":\"2019-09-20T14:18:48+02:00\",\"dateModified\":\"2019-09-20T14:19:08+02:00\",\"inLanguage\":\"es-ES\",\"mainEntityOfPage\":{\"@id\":\"https:\\\/\\\/candas365.es\\\/noticias\\\/paula-cuervo-propuso-una-modificacion-de-ordenanzas-fiscales-para-el-2020\\\/#webpage\"},\"isPartOf\":{\"@id\":\"https:\\\/\\\/candas365.es\\\/noticias\\\/paula-cuervo-propuso-una-modificacion-de-ordenanzas-fiscales-para-el-2020\\\/#webpage\"},\"articleSection\":\"Noticias Carre\\u00f1o\",\"dateline\":\"Publicado el septiembre 20, 2019.\"},{\"@type\":\"Organization\",\"@id\":\"https:\\\/\\\/candas365.es\\\/noticias\\\/#organization\",\"name\":\"Cand\\u00e1s 365\",\"description\":\"Cand\\u00e1s 365 es un diario digital independiente, fundado en 2012, con base en Asturias. Informamos con rigor sobre actualidad, sociedad, cultura y ocio, con una mirada local y global.\",\"url\":\"https:\\\/\\\/candas365.es\\\/noticias\\\/\",\"email\":\"info@candas365.es\",\"telephone\":\"+34652131393\",\"foundingDate\":\"2012-06-10\",\"logo\":{\"@type\":\"ImageObject\",\"url\":\"https:\\\/\\\/candas365.es\\\/noticias\\\/wp-content\\\/uploads\\\/2024\\\/09\\\/Candas-365-Redes.jpg\",\"@id\":\"https:\\\/\\\/candas365.es\\\/noticias\\\/paula-cuervo-propuso-una-modificacion-de-ordenanzas-fiscales-para-el-2020\\\/#organizationLogo\",\"width\":1152,\"height\":864,\"caption\":\"Cand\\u00e1s 365 Redes\"},\"image\":{\"@id\":\"https:\\\/\\\/candas365.es\\\/noticias\\\/paula-cuervo-propuso-una-modificacion-de-ordenanzas-fiscales-para-el-2020\\\/#organizationLogo\"},\"sameAs\":[\"https:\\\/\\\/www.facebook.com\\\/Nachofdezber\",\"https:\\\/\\\/x.com\\\/NabercoDigital\",\"https:\\\/\\\/www.instagram.com\\\/nachofdezber\\\/\",\"https:\\\/\\\/www.youtube.com\\\/channel\\\/UCZP-2wLEB9Rv6erhFmqVnvg\"],\"address\":{\"@id\":\"https:\\\/\\\/candas365.es\\\/noticias\\\/#postaladdress\",\"@type\":\"PostalAddress\",\"streetAddress\":\"san antonio 4, san antonio 4\",\"postalCode\":\"33430\",\"addressLocality\":\"Cand\\u00e1s\",\"addressRegion\":\"Asturias\",\"addressCountry\":\"ES\"}},{\"@type\":\"Person\",\"@id\":\"https:\\\/\\\/candas365.es\\\/noticias\\\/author\\\/admin\\\/#author\",\"url\":\"https:\\\/\\\/candas365.es\\\/noticias\\\/author\\\/admin\\\/\",\"name\":\"Cand\\u00e1s 365\",\"image\":{\"@type\":\"ImageObject\",\"@id\":\"https:\\\/\\\/candas365.es\\\/noticias\\\/paula-cuervo-propuso-una-modificacion-de-ordenanzas-fiscales-para-el-2020\\\/#authorImage\",\"url\":\"https:\\\/\\\/secure.gravatar.com\\\/avatar\\\/496a8e03d0c493ede1718b7934145dbdf8d89be1036b0eec9544e1094c9de390?s=96&d=mm&r=g\",\"width\":96,\"height\":96,\"caption\":\"Cand\\u00e1s 365\"},\"sameAs\":[\"https:\\\/\\\/www.facebook.com\\\/carrenoactualidad\",\"https:\\\/\\\/twitter.com\\\/nbasturias\",\"https:\\\/\\\/www.instagram.com\\\/nachofdezber\\\/\",\"https:\\\/\\\/www.youtube.com\\\/channel\\\/UCZP-2wLEB9Rv6erhFmqVnvg\"]},{\"@type\":\"WebPage\",\"@id\":\"https:\\\/\\\/candas365.es\\\/noticias\\\/paula-cuervo-propuso-una-modificacion-de-ordenanzas-fiscales-para-el-2020\\\/#webpage\",\"url\":\"https:\\\/\\\/candas365.es\\\/noticias\\\/paula-cuervo-propuso-una-modificacion-de-ordenanzas-fiscales-para-el-2020\\\/\",\"name\":\"Paula Cuervo propuso una modificaci\\u00f3n de ordenanzas fiscales para el 2020 | Cand\\u00e1s 365\",\"description\":\"El Ayuntamiento de Carre\\u00f1o anunci\\u00f3 este viernes mediante un comunicado de prensa que la concejala socialista de Hacienda, Paula Cuervo, elev\\u00f3 est\\u00e1 ma\\u00f1ana a la comisi\\u00f3n informativa de Hacienda una propuesta de modificaci\\u00f3n de ordenanzas fiscales para el 2020. La propuesta marcar\\u00e1 y condicionar\\u00e1 los ingresos del Ayuntamiento el pr\\u00f3ximo a\\u00f1o. La edil socialista avanz\\u00f3\",\"inLanguage\":\"es-ES\",\"isPartOf\":{\"@id\":\"https:\\\/\\\/candas365.es\\\/noticias\\\/#website\"},\"breadcrumb\":{\"@id\":\"https:\\\/\\\/candas365.es\\\/noticias\\\/paula-cuervo-propuso-una-modificacion-de-ordenanzas-fiscales-para-el-2020\\\/#breadcrumblist\"},\"author\":{\"@id\":\"https:\\\/\\\/candas365.es\\\/noticias\\\/author\\\/admin\\\/#author\"},\"creator\":{\"@id\":\"https:\\\/\\\/candas365.es\\\/noticias\\\/author\\\/admin\\\/#author\"},\"image\":{\"@type\":\"ImageObject\",\"url\":\"https:\\\/\\\/candas365.es\\\/noticias\\\/wp-content\\\/uploads\\\/2015\\\/01\\\/ayuntamiento.jpg\",\"@id\":\"https:\\\/\\\/candas365.es\\\/noticias\\\/paula-cuervo-propuso-una-modificacion-de-ordenanzas-fiscales-para-el-2020\\\/#mainImage\",\"width\":800,\"height\":600,\"caption\":\"Carre\\u00f1o\"},\"primaryImageOfPage\":{\"@id\":\"https:\\\/\\\/candas365.es\\\/noticias\\\/paula-cuervo-propuso-una-modificacion-de-ordenanzas-fiscales-para-el-2020\\\/#mainImage\"},\"datePublished\":\"2019-09-20T14:18:48+02:00\",\"dateModified\":\"2019-09-20T14:19:08+02:00\"},{\"@type\":\"WebSite\",\"@id\":\"https:\\\/\\\/candas365.es\\\/noticias\\\/#website\",\"url\":\"https:\\\/\\\/candas365.es\\\/noticias\\\/\",\"name\":\"Cand\\u00e1s 365\",\"alternateName\":\"Cand\\u00e1s 365 Noticias\",\"description\":\"Actualidad desde Carre\\u00f1o para el mundo\",\"inLanguage\":\"es-ES\",\"publisher\":{\"@id\":\"https:\\\/\\\/candas365.es\\\/noticias\\\/#organization\"}}]}\n\t\t<\/script>\n\t\t<!-- All in One SEO Pro -->\r\n\t\t<title>Paula Cuervo propuso una modificaci\u00f3n de ordenanzas fiscales para el 2020 | Cand\u00e1s 365<\/title>\n\n","aioseo_head_json":{"title":"Paula Cuervo propuso una modificaci\u00f3n de ordenanzas fiscales para el 2020 | Cand\u00e1s 365","description":"El Ayuntamiento de Carre\u00f1o anunci\u00f3 este viernes mediante un comunicado de prensa que la concejala socialista de Hacienda, Paula Cuervo, elev\u00f3 est\u00e1 ma\u00f1ana a la comisi\u00f3n informativa de Hacienda una propuesta de modificaci\u00f3n de ordenanzas fiscales para el 2020. La propuesta marcar\u00e1 y condicionar\u00e1 los ingresos del Ayuntamiento el pr\u00f3ximo a\u00f1o. La edil socialista avanz\u00f3","canonical_url":"https:\/\/candas365.es\/noticias\/paula-cuervo-propuso-una-modificacion-de-ordenanzas-fiscales-para-el-2020\/","robots":"max-image-preview:large","keywords":"noticias carre\u00f1o","webmasterTools":{"google-site-verification":"UA-32230408-1","msvalidate.01":"354F3CDFB2DA171B47FBE9ABF1F88D5","miscellaneous":""},"schema":{"@context":"https:\/\/schema.org","@graph":[{"@type":"BreadcrumbList","@id":"https:\/\/candas365.es\/noticias\/paula-cuervo-propuso-una-modificacion-de-ordenanzas-fiscales-para-el-2020\/#breadcrumblist","itemListElement":[{"@type":"ListItem","@id":"https:\/\/candas365.es\/noticias#listItem","position":1,"name":"Home","item":"https:\/\/candas365.es\/noticias","nextItem":{"@type":"ListItem","@id":"https:\/\/candas365.es\/noticias\/category\/noticias-carreno\/#listItem","name":"Noticias Carre\u00f1o"}},{"@type":"ListItem","@id":"https:\/\/candas365.es\/noticias\/category\/noticias-carreno\/#listItem","position":2,"name":"Noticias Carre\u00f1o","item":"https:\/\/candas365.es\/noticias\/category\/noticias-carreno\/","nextItem":{"@type":"ListItem","@id":"https:\/\/candas365.es\/noticias\/paula-cuervo-propuso-una-modificacion-de-ordenanzas-fiscales-para-el-2020\/#listItem","name":"Paula Cuervo propuso una modificaci\u00f3n de ordenanzas fiscales para el 2020"},"previousItem":{"@type":"ListItem","@id":"https:\/\/candas365.es\/noticias#listItem","name":"Home"}},{"@type":"ListItem","@id":"https:\/\/candas365.es\/noticias\/paula-cuervo-propuso-una-modificacion-de-ordenanzas-fiscales-para-el-2020\/#listItem","position":3,"name":"Paula Cuervo propuso una modificaci\u00f3n de ordenanzas fiscales para el 2020","previousItem":{"@type":"ListItem","@id":"https:\/\/candas365.es\/noticias\/category\/noticias-carreno\/#listItem","name":"Noticias Carre\u00f1o"}}]},{"@type":"NewsArticle","@id":"https:\/\/candas365.es\/noticias\/paula-cuervo-propuso-una-modificacion-de-ordenanzas-fiscales-para-el-2020\/#newsarticle","name":"Paula Cuervo propuso una modificaci\u00f3n de ordenanzas fiscales para el 2020 | Cand\u00e1s 365","headline":"Paula Cuervo propuso una modificaci\u00f3n de ordenanzas fiscales para el 2020","author":{"@id":"https:\/\/candas365.es\/noticias\/author\/admin\/#author"},"publisher":{"@id":"https:\/\/candas365.es\/noticias\/#organization"},"image":{"@type":"ImageObject","url":"https:\/\/candas365.es\/noticias\/wp-content\/uploads\/2015\/01\/ayuntamiento.jpg","width":800,"height":600,"caption":"Carre\u00f1o"},"datePublished":"2019-09-20T14:18:48+02:00","dateModified":"2019-09-20T14:19:08+02:00","inLanguage":"es-ES","mainEntityOfPage":{"@id":"https:\/\/candas365.es\/noticias\/paula-cuervo-propuso-una-modificacion-de-ordenanzas-fiscales-para-el-2020\/#webpage"},"isPartOf":{"@id":"https:\/\/candas365.es\/noticias\/paula-cuervo-propuso-una-modificacion-de-ordenanzas-fiscales-para-el-2020\/#webpage"},"articleSection":"Noticias Carre\u00f1o","dateline":"Publicado el septiembre 20, 2019."},{"@type":"Organization","@id":"https:\/\/candas365.es\/noticias\/#organization","name":"Cand\u00e1s 365","description":"Cand\u00e1s 365 es un diario digital independiente, fundado en 2012, con base en Asturias. Informamos con rigor sobre actualidad, sociedad, cultura y ocio, con una mirada local y global.","url":"https:\/\/candas365.es\/noticias\/","email":"info@candas365.es","telephone":"+34652131393","foundingDate":"2012-06-10","logo":{"@type":"ImageObject","url":"https:\/\/candas365.es\/noticias\/wp-content\/uploads\/2024\/09\/Candas-365-Redes.jpg","@id":"https:\/\/candas365.es\/noticias\/paula-cuervo-propuso-una-modificacion-de-ordenanzas-fiscales-para-el-2020\/#organizationLogo","width":1152,"height":864,"caption":"Cand\u00e1s 365 Redes"},"image":{"@id":"https:\/\/candas365.es\/noticias\/paula-cuervo-propuso-una-modificacion-de-ordenanzas-fiscales-para-el-2020\/#organizationLogo"},"sameAs":["https:\/\/www.facebook.com\/Nachofdezber","https:\/\/x.com\/NabercoDigital","https:\/\/www.instagram.com\/nachofdezber\/","https:\/\/www.youtube.com\/channel\/UCZP-2wLEB9Rv6erhFmqVnvg"],"address":{"@id":"https:\/\/candas365.es\/noticias\/#postaladdress","@type":"PostalAddress","streetAddress":"san antonio 4, san antonio 4","postalCode":"33430","addressLocality":"Cand\u00e1s","addressRegion":"Asturias","addressCountry":"ES"}},{"@type":"Person","@id":"https:\/\/candas365.es\/noticias\/author\/admin\/#author","url":"https:\/\/candas365.es\/noticias\/author\/admin\/","name":"Cand\u00e1s 365","image":{"@type":"ImageObject","@id":"https:\/\/candas365.es\/noticias\/paula-cuervo-propuso-una-modificacion-de-ordenanzas-fiscales-para-el-2020\/#authorImage","url":"https:\/\/secure.gravatar.com\/avatar\/496a8e03d0c493ede1718b7934145dbdf8d89be1036b0eec9544e1094c9de390?s=96&d=mm&r=g","width":96,"height":96,"caption":"Cand\u00e1s 365"},"sameAs":["https:\/\/www.facebook.com\/carrenoactualidad","https:\/\/twitter.com\/nbasturias","https:\/\/www.instagram.com\/nachofdezber\/","https:\/\/www.youtube.com\/channel\/UCZP-2wLEB9Rv6erhFmqVnvg"]},{"@type":"WebPage","@id":"https:\/\/candas365.es\/noticias\/paula-cuervo-propuso-una-modificacion-de-ordenanzas-fiscales-para-el-2020\/#webpage","url":"https:\/\/candas365.es\/noticias\/paula-cuervo-propuso-una-modificacion-de-ordenanzas-fiscales-para-el-2020\/","name":"Paula Cuervo propuso una modificaci\u00f3n de ordenanzas fiscales para el 2020 | Cand\u00e1s 365","description":"El Ayuntamiento de Carre\u00f1o anunci\u00f3 este viernes mediante un comunicado de prensa que la concejala socialista de Hacienda, Paula Cuervo, elev\u00f3 est\u00e1 ma\u00f1ana a la comisi\u00f3n informativa de Hacienda una propuesta de modificaci\u00f3n de ordenanzas fiscales para el 2020. La propuesta marcar\u00e1 y condicionar\u00e1 los ingresos del Ayuntamiento el pr\u00f3ximo a\u00f1o. La edil socialista avanz\u00f3","inLanguage":"es-ES","isPartOf":{"@id":"https:\/\/candas365.es\/noticias\/#website"},"breadcrumb":{"@id":"https:\/\/candas365.es\/noticias\/paula-cuervo-propuso-una-modificacion-de-ordenanzas-fiscales-para-el-2020\/#breadcrumblist"},"author":{"@id":"https:\/\/candas365.es\/noticias\/author\/admin\/#author"},"creator":{"@id":"https:\/\/candas365.es\/noticias\/author\/admin\/#author"},"image":{"@type":"ImageObject","url":"https:\/\/candas365.es\/noticias\/wp-content\/uploads\/2015\/01\/ayuntamiento.jpg","@id":"https:\/\/candas365.es\/noticias\/paula-cuervo-propuso-una-modificacion-de-ordenanzas-fiscales-para-el-2020\/#mainImage","width":800,"height":600,"caption":"Carre\u00f1o"},"primaryImageOfPage":{"@id":"https:\/\/candas365.es\/noticias\/paula-cuervo-propuso-una-modificacion-de-ordenanzas-fiscales-para-el-2020\/#mainImage"},"datePublished":"2019-09-20T14:18:48+02:00","dateModified":"2019-09-20T14:19:08+02:00"},{"@type":"WebSite","@id":"https:\/\/candas365.es\/noticias\/#website","url":"https:\/\/candas365.es\/noticias\/","name":"Cand\u00e1s 365","alternateName":"Cand\u00e1s 365 Noticias","description":"Actualidad desde Carre\u00f1o para el mundo","inLanguage":"es-ES","publisher":{"@id":"https:\/\/candas365.es\/noticias\/#organization"}}]},"og:locale":"es_ES","og:site_name":"Cand\u00e1s 365","og:type":"article","og:title":"Paula Cuervo propuso una modificaci\u00f3n de ordenanzas fiscales para el 2020 | Cand\u00e1s 365","og:description":"El Ayuntamiento de Carre\u00f1o anunci\u00f3 este viernes mediante un comunicado de prensa que la concejala socialista de Hacienda, Paula Cuervo, elev\u00f3 est\u00e1 ma\u00f1ana a la comisi\u00f3n informativa de Hacienda una propuesta de modificaci\u00f3n de ordenanzas fiscales para el 2020. La propuesta marcar\u00e1 y condicionar\u00e1 los ingresos del Ayuntamiento el pr\u00f3ximo a\u00f1o. La edil socialista avanz\u00f3","og:url":"https:\/\/candas365.es\/noticias\/paula-cuervo-propuso-una-modificacion-de-ordenanzas-fiscales-para-el-2020\/","og:image":"https:\/\/candas365.es\/noticias\/wp-content\/uploads\/2015\/01\/ayuntamiento.jpg","og:image:secure_url":"https:\/\/candas365.es\/noticias\/wp-content\/uploads\/2015\/01\/ayuntamiento.jpg","og:image:width":800,"og:image:height":600,"article:published_time":"2019-09-20T14:18:48+00:00","article:modified_time":"2019-09-20T14:19:08+00:00","article:publisher":"https:\/\/www.facebook.com\/Nachofdezber","article:author":"https:\/\/www.facebook.com\/carrenoactualidad","twitter:card":"summary_large_image","twitter:site":"@NabercoDigital","twitter:title":"Paula Cuervo propuso una modificaci\u00f3n de ordenanzas fiscales para el 2020 | Cand\u00e1s 365","twitter:description":"El Ayuntamiento de Carre\u00f1o anunci\u00f3 este viernes mediante un comunicado de prensa que la concejala socialista de Hacienda, Paula Cuervo, elev\u00f3 est\u00e1 ma\u00f1ana a la comisi\u00f3n informativa de Hacienda una propuesta de modificaci\u00f3n de ordenanzas fiscales para el 2020. La propuesta marcar\u00e1 y condicionar\u00e1 los ingresos del Ayuntamiento el pr\u00f3ximo a\u00f1o. La edil socialista avanz\u00f3","twitter:creator":"@nbasturias","twitter:image":"https:\/\/candas365.es\/noticias\/wp-content\/uploads\/2015\/01\/ayuntamiento.jpg","twitter:label1":"Escrito por","twitter:data1":"Cand\u00e1s 365","twitter:label2":"Tiempo de lectura estimado","twitter:data2":"3 minutos"},"aioseo_meta_data":{"post_id":"130179","title":null,"description":null,"keywords":null,"keyphrases":null,"primary_term":null,"canonical_url":null,"og_title":null,"og_description":null,"og_object_type":"default","og_image_type":"default","og_image_url":null,"og_image_width":null,"og_image_height":null,"og_image_custom_url":null,"og_image_custom_fields":null,"og_video":null,"og_custom_url":null,"og_article_section":null,"og_article_tags":null,"twitter_use_og":false,"twitter_card":"default","twitter_image_type":"default","twitter_image_url":null,"twitter_image_custom_url":null,"twitter_image_custom_fields":null,"twitter_title":null,"twitter_description":null,"schema":{"blockGraphs":[],"customGraphs":[],"default":{"data":{"Article":[],"Course":[],"Dataset":[],"FAQPage":[],"Movie":[],"Person":[],"Product":[],"ProductReview":[],"Car":[],"Recipe":[],"Service":[],"SoftwareApplication":[],"WebPage":[]},"graphName":"","isEnabled":true},"graphs":[]},"schema_type":null,"schema_type_options":null,"pillar_content":false,"robots_default":true,"robots_noindex":false,"robots_noarchive":false,"robots_nosnippet":false,"robots_nofollow":false,"robots_noimageindex":false,"robots_noodp":false,"robots_notranslate":false,"robots_max_snippet":null,"robots_max_videopreview":null,"robots_max_imagepreview":"large","priority":null,"frequency":null,"location":null,"local_seo":null,"seo_analyzer_scan_date":"2025-08-30 13:59:23","breadcrumb_settings":null,"limit_modified_date":false,"reviewed_by":null,"open_ai":null,"ai":null,"created":"2020-12-21 10:52:27","updated":"2025-08-30 13:59:23"},"aioseo_breadcrumb":"<div class=\"aioseo-breadcrumbs\"><span class=\"aioseo-breadcrumb\">\n\t<a href=\"https:\/\/candas365.es\/noticias\" title=\"Home\">Home<\/a>\n<\/span><span class=\"aioseo-breadcrumb-separator\">&ndash;<\/span><span class=\"aioseo-breadcrumb\">\n\t<a href=\"https:\/\/candas365.es\/noticias\/category\/noticias-carreno\/\" title=\"Noticias Carre\u00f1o\">Noticias Carre\u00f1o<\/a>\n<\/span><span class=\"aioseo-breadcrumb-separator\">&ndash;<\/span><span class=\"aioseo-breadcrumb\">\n\tPaula Cuervo propuso una modificaci\u00f3n de ordenanzas fiscales para el 2020\n<\/span><\/div>","aioseo_breadcrumb_json":[{"label":"Home","link":"https:\/\/candas365.es\/noticias"},{"label":"Noticias Carre\u00f1o","link":"https:\/\/candas365.es\/noticias\/category\/noticias-carreno\/"},{"label":"Paula Cuervo propuso una modificaci\u00f3n de ordenanzas fiscales para el 2020","link":"https:\/\/candas365.es\/noticias\/paula-cuervo-propuso-una-modificacion-de-ordenanzas-fiscales-para-el-2020\/"}],"_links":{"self":[{"href":"https:\/\/candas365.es\/noticias\/wp-json\/wp\/v2\/posts\/130179","targetHints":{"allow":["GET"]}}],"collection":[{"href":"https:\/\/candas365.es\/noticias\/wp-json\/wp\/v2\/posts"}],"about":[{"href":"https:\/\/candas365.es\/noticias\/wp-json\/wp\/v2\/types\/post"}],"author":[{"embeddable":true,"href":"https:\/\/candas365.es\/noticias\/wp-json\/wp\/v2\/users\/1"}],"replies":[{"embeddable":true,"href":"https:\/\/candas365.es\/noticias\/wp-json\/wp\/v2\/comments?post=130179"}],"version-history":[{"count":0,"href":"https:\/\/candas365.es\/noticias\/wp-json\/wp\/v2\/posts\/130179\/revisions"}],"wp:featuredmedia":[{"embeddable":true,"href":"https:\/\/candas365.es\/noticias\/wp-json\/wp\/v2\/media\/6453"}],"wp:attachment":[{"href":"https:\/\/candas365.es\/noticias\/wp-json\/wp\/v2\/media?parent=130179"}],"wp:term":[{"taxonomy":"category","embeddable":true,"href":"https:\/\/candas365.es\/noticias\/wp-json\/wp\/v2\/categories?post=130179"},{"taxonomy":"post_tag","embeddable":true,"href":"https:\/\/candas365.es\/noticias\/wp-json\/wp\/v2\/tags?post=130179"}],"curies":[{"name":"wp","href":"https:\/\/api.w.org\/{rel}","templated":true}]}}