{"id":130034,"date":"2019-09-17T11:33:41","date_gmt":"2019-09-17T11:33:41","guid":{"rendered":"http:\/\/candas365.es\/noticias\/?p=130034"},"modified":"2019-09-17T11:33:41","modified_gmt":"2019-09-17T11:33:41","slug":"tres-nuevos-conciertos-del-ciclo-suena-la-cupula","status":"publish","type":"post","link":"https:\/\/candas365.es\/noticias\/tres-nuevos-conciertos-del-ciclo-suena-la-cupula\/","title":{"rendered":"Tres nuevos conciertos del ciclo Suena la C\u00fapula"},"content":{"rendered":"<p><img fetchpriority=\"high\" decoding=\"async\" class=\"alignleft size-medium wp-image-130035\" src=\"https:\/\/candas365.es\/noticias\/wp-content\/uploads\/2019\/09\/Conciertos-Niemeyer-360x288.jpg\" alt=\"\" width=\"360\" height=\"288\" srcset=\"https:\/\/candas365.es\/noticias\/wp-content\/uploads\/2019\/09\/Conciertos-Niemeyer-360x288.jpg 360w, https:\/\/candas365.es\/noticias\/wp-content\/uploads\/2019\/09\/Conciertos-Niemeyer-768x614.jpg 768w, https:\/\/candas365.es\/noticias\/wp-content\/uploads\/2019\/09\/Conciertos-Niemeyer-600x480.jpg 600w, https:\/\/candas365.es\/noticias\/wp-content\/uploads\/2019\/09\/Conciertos-Niemeyer-696x557.jpg 696w, https:\/\/candas365.es\/noticias\/wp-content\/uploads\/2019\/09\/Conciertos-Niemeyer-525x420.jpg 525w, https:\/\/candas365.es\/noticias\/wp-content\/uploads\/2019\/09\/Conciertos-Niemeyer.jpg 995w\" sizes=\"(max-width: 360px) 100vw, 360px\" \/>El \u00faltimo trimestre del a\u00f1o retoma el ciclo de conciertos de m\u00fasica de c\u00e1mara en la C\u00fapula del Centro Niemeyer bajo el nombre \u201cSuena la C\u00fapula\u201d. El violinista Jorge Jim\u00e9nez ofrecer\u00e1 el domingo 27 de octubre un repertorio bajo el t\u00edtulo \u201cContrapunctus\u201d; la pianista Noelia Rodiles y el violonchelista Fernando Arias se subir\u00e1n al escenario el domingo 24 de noviembre y el \u201cProyecto A\u00f1adas\u201d sorprender\u00e1 al p\u00fablico el domingo 29 de diciembre. Todos los conciertos tienen lugar a las 13:00 y las entradas se podr\u00e1n adquirir desde ma\u00f1ana, martes 17 de septiembre, a partir de las 12:00 del mediod\u00eda.<\/p>\n<p><strong>Jorge Jim\u00e9nez ofrecer\u00e1 el repertorio titulado \u201cContrapunctus\u201d<\/strong>, un homenaje al viol\u00edn y una nueva forma de ver la m\u00fasica y la idea tradicional del concierto. \u201cContrapunctus\u201d es m\u00e1s que un programa de m\u00fasica, es un concepto de sonido que ha llevado al violinista Jorge Jim\u00e9nez a realizar este exigente programa de viol\u00edn solo no acompa\u00f1ado por toda Europa, Turqu\u00eda y Am\u00e9rica del Sur.<\/p>\n<p>Jim\u00e9nez es conocido por su enfoque profundo y emocionante y su respeto por la interpretaci\u00f3n de la m\u00fasica en el estilo y en los instrumentos correspondientes, desde el medievo hasta el siglo XXI. Como concertino y director, Jorge aparece habitualmente en orquestas del calibre de la The Hanover Band, la Orquesta del Principado de Asturias o la belga Philharmonic Orkest van de Vlaamse Opera, entre otras muchas.<\/p>\n<p>La pianista avilesina <strong>Noelia Rodiles y el violonchelista madrile\u00f1o Fernando Arias se presentan en d\u00fao<\/strong> con un programa que incluye tanto una obra maestra del repertorio \u2013la sonata de Shostakovich\u2013 como un feliz descubrimiento: la sonata del h\u00fangaro Dohn\u00e1nyi. Dichas obras formar\u00e1n parte del nuevo disco que ambos int\u00e9rpretes est\u00e1n preparando y que van a presentar por diversas salas y festivales espa\u00f1oles.<\/p>\n<p>Noelia Rodiles ha sido calificada como \u201cuno de los m\u00e1s s\u00f3lidos valores del pianismo espa\u00f1ol, del pianismo internacional\u201d. Tras la publicaci\u00f3n de su primer trabajo discogr\u00e1fico, con obras de Ligeti y Schubert (Solfa Recordings), la cr\u00edtica le reconoci\u00f3 como una \u201cpianista vers\u00e1til y dotada de una musicalidad y refinamiento verdaderamente admirable\u201d. (Justo Romero, Scherzo).<\/p>\n<p>Por su parte, Fernando Arias es considerado uno de los representantes m\u00e1s destacados de su generaci\u00f3n desde que ya en 2006 fuera proclamado ganador, entre otros, del Concurso Permanente de Juventudes Musicales, Liezen International Cello Competition o del \u201cPrimer Palau\u201d de Barcelona.<\/p>\n<p>Finalmente, el <strong>\u201cProyecto A\u00f1adas\u201d<\/strong>, de la Asociaci\u00f3n de Artistas Asturianas, presenta este trabajo cuyo objetivo es la recuperaci\u00f3n, actualizaci\u00f3n y divulgaci\u00f3n de la \u201ca\u00f1ada\u201d, renovando y reinventando esta forma musical de larga historia y tradici\u00f3n con un formato de espect\u00e1culo que integra la lectura teatralizada, el canto y la representaci\u00f3n esc\u00e9nica y visual. La propuesta acerca al gran p\u00fablico esta expresi\u00f3n musical y lleva lo tradicional a nuestros d\u00edas y a las nuevas generaciones. Las int\u00e9rpretes son Mar\u00eda Cueva M\u00e9ndez (piano) y Paula Lueje (voz).<\/p>\n<p>Las entradas para estos tres conciertos se pueden adquirir desde ma\u00f1ana, martes 17 de septiembre, a partir de las 12:00 del mediod\u00eda en las recepciones del Centro Niemeyer, CITPA Oviedo y Laboral Ciudad de la Cultura en Gij\u00f3n, el tel\u00e9fono 902 106 601 y Liberbank \u2013 entradas (www.liberbank.es). Cada concierto tiene un precio de 6 \u20ac y los socios del Club Cultura y usuarios del Pasaporte Cultural que las adquieran hasta el d\u00eda anterior a cada concierto podr\u00e1n hacerlo al precio reducido de 4 \u20ac.<\/p>\n","protected":false},"excerpt":{"rendered":"<p>El \u00faltimo trimestre del a\u00f1o retoma el ciclo de conciertos de m\u00fasica de c\u00e1mara en la C\u00fapula del Centro Niemeyer bajo el nombre \u201cSuena la C\u00fapula\u201d. El violinista Jorge Jim\u00e9nez ofrecer\u00e1 el domingo 27 de octubre un repertorio bajo el t\u00edtulo \u201cContrapunctus\u201d; la pianista Noelia Rodiles y el violonchelista Fernando Arias se subir\u00e1n al escenario<\/p>\n","protected":false},"author":1,"featured_media":130035,"comment_status":"closed","ping_status":"closed","sticky":false,"template":"","format":"standard","meta":{"footnotes":""},"categories":[1],"tags":[],"class_list":{"0":"post-130034","1":"post","2":"type-post","3":"status-publish","4":"format-standard","5":"has-post-thumbnail","7":"category-agenda"},"aioseo_notices":[],"aioseo_head":"\n\t\t<!-- All in One SEO Pro 4.9.6.2 - aioseo.com -->\n\t<meta name=\"description\" content=\"El \u00faltimo trimestre del a\u00f1o retoma el ciclo de conciertos de m\u00fasica de c\u00e1mara en la C\u00fapula del Centro Niemeyer bajo el nombre \u201cSuena la C\u00fapula\u201d. El violinista Jorge Jim\u00e9nez ofrecer\u00e1 el domingo 27 de octubre un repertorio bajo el t\u00edtulo \u201cContrapunctus\u201d; la pianista Noelia Rodiles y el violonchelista Fernando Arias se subir\u00e1n al escenario\" \/>\n\t<meta name=\"robots\" content=\"max-image-preview:large\" \/>\n\t<meta name=\"author\" content=\"Cand\u00e1s 365\"\/>\n\t<meta name=\"google-site-verification\" content=\"UA-32230408-1\" \/>\n\t<meta name=\"msvalidate.01\" content=\"354F3CDFB2DA171B47FBE9ABF1F88D5\" \/>\n\t<meta name=\"keywords\" content=\"agenda\" \/>\n\t<link rel=\"canonical\" href=\"https:\/\/candas365.es\/noticias\/tres-nuevos-conciertos-del-ciclo-suena-la-cupula\/\" \/>\n\t<meta name=\"generator\" content=\"All in One SEO Pro (AIOSEO) 4.9.6.2\" \/>\n\t\t<meta property=\"og:locale\" content=\"es_ES\" \/>\n\t\t<meta property=\"og:site_name\" content=\"Cand\u00e1s 365\" \/>\n\t\t<meta property=\"og:type\" content=\"article\" \/>\n\t\t<meta property=\"og:title\" content=\"Tres nuevos conciertos del ciclo Suena la C\u00fapula | Cand\u00e1s 365\" \/>\n\t\t<meta property=\"og:description\" content=\"El \u00faltimo trimestre del a\u00f1o retoma el ciclo de conciertos de m\u00fasica de c\u00e1mara en la C\u00fapula del Centro Niemeyer bajo el nombre \u201cSuena la C\u00fapula\u201d. El violinista Jorge Jim\u00e9nez ofrecer\u00e1 el domingo 27 de octubre un repertorio bajo el t\u00edtulo \u201cContrapunctus\u201d; la pianista Noelia Rodiles y el violonchelista Fernando Arias se subir\u00e1n al escenario\" \/>\n\t\t<meta property=\"og:url\" content=\"https:\/\/candas365.es\/noticias\/tres-nuevos-conciertos-del-ciclo-suena-la-cupula\/\" \/>\n\t\t<meta property=\"og:image\" content=\"https:\/\/candas365.es\/noticias\/wp-content\/uploads\/2019\/09\/Conciertos-Niemeyer.jpg\" \/>\n\t\t<meta property=\"og:image:secure_url\" content=\"https:\/\/candas365.es\/noticias\/wp-content\/uploads\/2019\/09\/Conciertos-Niemeyer.jpg\" \/>\n\t\t<meta property=\"og:image:width\" content=\"995\" \/>\n\t\t<meta property=\"og:image:height\" content=\"796\" \/>\n\t\t<meta property=\"article:published_time\" content=\"2019-09-17T11:33:41+00:00\" \/>\n\t\t<meta property=\"article:modified_time\" content=\"2019-09-17T11:33:41+00:00\" \/>\n\t\t<meta property=\"article:publisher\" content=\"https:\/\/www.facebook.com\/Nachofdezber\" \/>\n\t\t<meta property=\"article:author\" content=\"https:\/\/www.facebook.com\/carrenoactualidad\" \/>\n\t\t<meta name=\"twitter:card\" content=\"summary_large_image\" \/>\n\t\t<meta name=\"twitter:site\" content=\"@NabercoDigital\" \/>\n\t\t<meta name=\"twitter:title\" content=\"Tres nuevos conciertos del ciclo Suena la C\u00fapula | Cand\u00e1s 365\" \/>\n\t\t<meta name=\"twitter:description\" content=\"El \u00faltimo trimestre del a\u00f1o retoma el ciclo de conciertos de m\u00fasica de c\u00e1mara en la C\u00fapula del Centro Niemeyer bajo el nombre \u201cSuena la C\u00fapula\u201d. El violinista Jorge Jim\u00e9nez ofrecer\u00e1 el domingo 27 de octubre un repertorio bajo el t\u00edtulo \u201cContrapunctus\u201d; la pianista Noelia Rodiles y el violonchelista Fernando Arias se subir\u00e1n al escenario\" \/>\n\t\t<meta name=\"twitter:creator\" content=\"@nbasturias\" \/>\n\t\t<meta name=\"twitter:image\" content=\"https:\/\/candas365.es\/noticias\/wp-content\/uploads\/2019\/09\/Conciertos-Niemeyer.jpg\" \/>\n\t\t<meta name=\"twitter:label1\" content=\"Escrito por\" \/>\n\t\t<meta name=\"twitter:data1\" content=\"Cand\u00e1s 365\" \/>\n\t\t<meta name=\"twitter:label2\" content=\"Tiempo de lectura estimado\" \/>\n\t\t<meta name=\"twitter:data2\" content=\"3 minutos\" \/>\n\t\t<script type=\"application\/ld+json\" class=\"aioseo-schema\">\n\t\t\t{\"@context\":\"https:\\\/\\\/schema.org\",\"@graph\":[{\"@type\":\"BreadcrumbList\",\"@id\":\"https:\\\/\\\/candas365.es\\\/noticias\\\/tres-nuevos-conciertos-del-ciclo-suena-la-cupula\\\/#breadcrumblist\",\"itemListElement\":[{\"@type\":\"ListItem\",\"@id\":\"https:\\\/\\\/candas365.es\\\/noticias#listItem\",\"position\":1,\"name\":\"Home\",\"item\":\"https:\\\/\\\/candas365.es\\\/noticias\",\"nextItem\":{\"@type\":\"ListItem\",\"@id\":\"https:\\\/\\\/candas365.es\\\/noticias\\\/category\\\/agenda\\\/#listItem\",\"name\":\"Agenda\"}},{\"@type\":\"ListItem\",\"@id\":\"https:\\\/\\\/candas365.es\\\/noticias\\\/category\\\/agenda\\\/#listItem\",\"position\":2,\"name\":\"Agenda\",\"item\":\"https:\\\/\\\/candas365.es\\\/noticias\\\/category\\\/agenda\\\/\",\"nextItem\":{\"@type\":\"ListItem\",\"@id\":\"https:\\\/\\\/candas365.es\\\/noticias\\\/tres-nuevos-conciertos-del-ciclo-suena-la-cupula\\\/#listItem\",\"name\":\"Tres nuevos conciertos del ciclo Suena la C\\u00fapula\"},\"previousItem\":{\"@type\":\"ListItem\",\"@id\":\"https:\\\/\\\/candas365.es\\\/noticias#listItem\",\"name\":\"Home\"}},{\"@type\":\"ListItem\",\"@id\":\"https:\\\/\\\/candas365.es\\\/noticias\\\/tres-nuevos-conciertos-del-ciclo-suena-la-cupula\\\/#listItem\",\"position\":3,\"name\":\"Tres nuevos conciertos del ciclo Suena la C\\u00fapula\",\"previousItem\":{\"@type\":\"ListItem\",\"@id\":\"https:\\\/\\\/candas365.es\\\/noticias\\\/category\\\/agenda\\\/#listItem\",\"name\":\"Agenda\"}}]},{\"@type\":\"NewsArticle\",\"@id\":\"https:\\\/\\\/candas365.es\\\/noticias\\\/tres-nuevos-conciertos-del-ciclo-suena-la-cupula\\\/#newsarticle\",\"name\":\"Tres nuevos conciertos del ciclo Suena la C\\u00fapula | Cand\\u00e1s 365\",\"headline\":\"Tres nuevos conciertos del ciclo Suena la C\\u00fapula\",\"author\":{\"@id\":\"https:\\\/\\\/candas365.es\\\/noticias\\\/author\\\/admin\\\/#author\"},\"publisher\":{\"@id\":\"https:\\\/\\\/candas365.es\\\/noticias\\\/#organization\"},\"image\":{\"@type\":\"ImageObject\",\"url\":\"https:\\\/\\\/candas365.es\\\/noticias\\\/wp-content\\\/uploads\\\/2019\\\/09\\\/Conciertos-Niemeyer.jpg\",\"width\":995,\"height\":796},\"datePublished\":\"2019-09-17T11:33:41+02:00\",\"dateModified\":\"2019-09-17T11:33:41+02:00\",\"inLanguage\":\"es-ES\",\"mainEntityOfPage\":{\"@id\":\"https:\\\/\\\/candas365.es\\\/noticias\\\/tres-nuevos-conciertos-del-ciclo-suena-la-cupula\\\/#webpage\"},\"isPartOf\":{\"@id\":\"https:\\\/\\\/candas365.es\\\/noticias\\\/tres-nuevos-conciertos-del-ciclo-suena-la-cupula\\\/#webpage\"},\"articleSection\":\"Agenda\",\"dateline\":\"Publicado el septiembre 17, 2019.\"},{\"@type\":\"Organization\",\"@id\":\"https:\\\/\\\/candas365.es\\\/noticias\\\/#organization\",\"name\":\"Cand\\u00e1s 365\",\"description\":\"Cand\\u00e1s 365 es un diario digital independiente, fundado en 2012, con base en Asturias. Informamos con rigor sobre actualidad, sociedad, cultura y ocio, con una mirada local y global.\",\"url\":\"https:\\\/\\\/candas365.es\\\/noticias\\\/\",\"email\":\"info@candas365.es\",\"telephone\":\"+34652131393\",\"foundingDate\":\"2012-06-10\",\"logo\":{\"@type\":\"ImageObject\",\"url\":\"https:\\\/\\\/candas365.es\\\/noticias\\\/wp-content\\\/uploads\\\/2024\\\/09\\\/Candas-365-Redes.jpg\",\"@id\":\"https:\\\/\\\/candas365.es\\\/noticias\\\/tres-nuevos-conciertos-del-ciclo-suena-la-cupula\\\/#organizationLogo\",\"width\":1152,\"height\":864,\"caption\":\"Cand\\u00e1s 365 Redes\"},\"image\":{\"@id\":\"https:\\\/\\\/candas365.es\\\/noticias\\\/tres-nuevos-conciertos-del-ciclo-suena-la-cupula\\\/#organizationLogo\"},\"sameAs\":[\"https:\\\/\\\/www.facebook.com\\\/Nachofdezber\",\"https:\\\/\\\/x.com\\\/NabercoDigital\",\"https:\\\/\\\/www.instagram.com\\\/nachofdezber\\\/\",\"https:\\\/\\\/www.youtube.com\\\/channel\\\/UCZP-2wLEB9Rv6erhFmqVnvg\"],\"address\":{\"@id\":\"https:\\\/\\\/candas365.es\\\/noticias\\\/#postaladdress\",\"@type\":\"PostalAddress\",\"streetAddress\":\"san antonio 4, san antonio 4\",\"postalCode\":\"33430\",\"addressLocality\":\"Cand\\u00e1s\",\"addressRegion\":\"Asturias\",\"addressCountry\":\"ES\"}},{\"@type\":\"Person\",\"@id\":\"https:\\\/\\\/candas365.es\\\/noticias\\\/author\\\/admin\\\/#author\",\"url\":\"https:\\\/\\\/candas365.es\\\/noticias\\\/author\\\/admin\\\/\",\"name\":\"Cand\\u00e1s 365\",\"image\":{\"@type\":\"ImageObject\",\"@id\":\"https:\\\/\\\/candas365.es\\\/noticias\\\/tres-nuevos-conciertos-del-ciclo-suena-la-cupula\\\/#authorImage\",\"url\":\"https:\\\/\\\/secure.gravatar.com\\\/avatar\\\/496a8e03d0c493ede1718b7934145dbdf8d89be1036b0eec9544e1094c9de390?s=96&d=mm&r=g\",\"width\":96,\"height\":96,\"caption\":\"Cand\\u00e1s 365\"},\"sameAs\":[\"https:\\\/\\\/www.facebook.com\\\/carrenoactualidad\",\"https:\\\/\\\/twitter.com\\\/nbasturias\",\"https:\\\/\\\/www.instagram.com\\\/nachofdezber\\\/\",\"https:\\\/\\\/www.youtube.com\\\/channel\\\/UCZP-2wLEB9Rv6erhFmqVnvg\"]},{\"@type\":\"WebPage\",\"@id\":\"https:\\\/\\\/candas365.es\\\/noticias\\\/tres-nuevos-conciertos-del-ciclo-suena-la-cupula\\\/#webpage\",\"url\":\"https:\\\/\\\/candas365.es\\\/noticias\\\/tres-nuevos-conciertos-del-ciclo-suena-la-cupula\\\/\",\"name\":\"Tres nuevos conciertos del ciclo Suena la C\\u00fapula | Cand\\u00e1s 365\",\"description\":\"El \\u00faltimo trimestre del a\\u00f1o retoma el ciclo de conciertos de m\\u00fasica de c\\u00e1mara en la C\\u00fapula del Centro Niemeyer bajo el nombre \\u201cSuena la C\\u00fapula\\u201d. El violinista Jorge Jim\\u00e9nez ofrecer\\u00e1 el domingo 27 de octubre un repertorio bajo el t\\u00edtulo \\u201cContrapunctus\\u201d; la pianista Noelia Rodiles y el violonchelista Fernando Arias se subir\\u00e1n al escenario\",\"inLanguage\":\"es-ES\",\"isPartOf\":{\"@id\":\"https:\\\/\\\/candas365.es\\\/noticias\\\/#website\"},\"breadcrumb\":{\"@id\":\"https:\\\/\\\/candas365.es\\\/noticias\\\/tres-nuevos-conciertos-del-ciclo-suena-la-cupula\\\/#breadcrumblist\"},\"author\":{\"@id\":\"https:\\\/\\\/candas365.es\\\/noticias\\\/author\\\/admin\\\/#author\"},\"creator\":{\"@id\":\"https:\\\/\\\/candas365.es\\\/noticias\\\/author\\\/admin\\\/#author\"},\"image\":{\"@type\":\"ImageObject\",\"url\":\"https:\\\/\\\/candas365.es\\\/noticias\\\/wp-content\\\/uploads\\\/2019\\\/09\\\/Conciertos-Niemeyer.jpg\",\"@id\":\"https:\\\/\\\/candas365.es\\\/noticias\\\/tres-nuevos-conciertos-del-ciclo-suena-la-cupula\\\/#mainImage\",\"width\":995,\"height\":796},\"primaryImageOfPage\":{\"@id\":\"https:\\\/\\\/candas365.es\\\/noticias\\\/tres-nuevos-conciertos-del-ciclo-suena-la-cupula\\\/#mainImage\"},\"datePublished\":\"2019-09-17T11:33:41+02:00\",\"dateModified\":\"2019-09-17T11:33:41+02:00\"},{\"@type\":\"WebSite\",\"@id\":\"https:\\\/\\\/candas365.es\\\/noticias\\\/#website\",\"url\":\"https:\\\/\\\/candas365.es\\\/noticias\\\/\",\"name\":\"Cand\\u00e1s 365\",\"alternateName\":\"Cand\\u00e1s 365 Noticias\",\"description\":\"Actualidad desde Carre\\u00f1o para el mundo\",\"inLanguage\":\"es-ES\",\"publisher\":{\"@id\":\"https:\\\/\\\/candas365.es\\\/noticias\\\/#organization\"}}]}\n\t\t<\/script>\n\t\t<!-- All in One SEO Pro -->\r\n\t\t<title>Tres nuevos conciertos del ciclo Suena la C\u00fapula | Cand\u00e1s 365<\/title>\n\n","aioseo_head_json":{"title":"Tres nuevos conciertos del ciclo Suena la C\u00fapula | Cand\u00e1s 365","description":"El \u00faltimo trimestre del a\u00f1o retoma el ciclo de conciertos de m\u00fasica de c\u00e1mara en la C\u00fapula del Centro Niemeyer bajo el nombre \u201cSuena la C\u00fapula\u201d. El violinista Jorge Jim\u00e9nez ofrecer\u00e1 el domingo 27 de octubre un repertorio bajo el t\u00edtulo \u201cContrapunctus\u201d; la pianista Noelia Rodiles y el violonchelista Fernando Arias se subir\u00e1n al escenario","canonical_url":"https:\/\/candas365.es\/noticias\/tres-nuevos-conciertos-del-ciclo-suena-la-cupula\/","robots":"max-image-preview:large","keywords":"agenda","webmasterTools":{"google-site-verification":"UA-32230408-1","msvalidate.01":"354F3CDFB2DA171B47FBE9ABF1F88D5","miscellaneous":""},"schema":{"@context":"https:\/\/schema.org","@graph":[{"@type":"BreadcrumbList","@id":"https:\/\/candas365.es\/noticias\/tres-nuevos-conciertos-del-ciclo-suena-la-cupula\/#breadcrumblist","itemListElement":[{"@type":"ListItem","@id":"https:\/\/candas365.es\/noticias#listItem","position":1,"name":"Home","item":"https:\/\/candas365.es\/noticias","nextItem":{"@type":"ListItem","@id":"https:\/\/candas365.es\/noticias\/category\/agenda\/#listItem","name":"Agenda"}},{"@type":"ListItem","@id":"https:\/\/candas365.es\/noticias\/category\/agenda\/#listItem","position":2,"name":"Agenda","item":"https:\/\/candas365.es\/noticias\/category\/agenda\/","nextItem":{"@type":"ListItem","@id":"https:\/\/candas365.es\/noticias\/tres-nuevos-conciertos-del-ciclo-suena-la-cupula\/#listItem","name":"Tres nuevos conciertos del ciclo Suena la C\u00fapula"},"previousItem":{"@type":"ListItem","@id":"https:\/\/candas365.es\/noticias#listItem","name":"Home"}},{"@type":"ListItem","@id":"https:\/\/candas365.es\/noticias\/tres-nuevos-conciertos-del-ciclo-suena-la-cupula\/#listItem","position":3,"name":"Tres nuevos conciertos del ciclo Suena la C\u00fapula","previousItem":{"@type":"ListItem","@id":"https:\/\/candas365.es\/noticias\/category\/agenda\/#listItem","name":"Agenda"}}]},{"@type":"NewsArticle","@id":"https:\/\/candas365.es\/noticias\/tres-nuevos-conciertos-del-ciclo-suena-la-cupula\/#newsarticle","name":"Tres nuevos conciertos del ciclo Suena la C\u00fapula | Cand\u00e1s 365","headline":"Tres nuevos conciertos del ciclo Suena la C\u00fapula","author":{"@id":"https:\/\/candas365.es\/noticias\/author\/admin\/#author"},"publisher":{"@id":"https:\/\/candas365.es\/noticias\/#organization"},"image":{"@type":"ImageObject","url":"https:\/\/candas365.es\/noticias\/wp-content\/uploads\/2019\/09\/Conciertos-Niemeyer.jpg","width":995,"height":796},"datePublished":"2019-09-17T11:33:41+02:00","dateModified":"2019-09-17T11:33:41+02:00","inLanguage":"es-ES","mainEntityOfPage":{"@id":"https:\/\/candas365.es\/noticias\/tres-nuevos-conciertos-del-ciclo-suena-la-cupula\/#webpage"},"isPartOf":{"@id":"https:\/\/candas365.es\/noticias\/tres-nuevos-conciertos-del-ciclo-suena-la-cupula\/#webpage"},"articleSection":"Agenda","dateline":"Publicado el septiembre 17, 2019."},{"@type":"Organization","@id":"https:\/\/candas365.es\/noticias\/#organization","name":"Cand\u00e1s 365","description":"Cand\u00e1s 365 es un diario digital independiente, fundado en 2012, con base en Asturias. Informamos con rigor sobre actualidad, sociedad, cultura y ocio, con una mirada local y global.","url":"https:\/\/candas365.es\/noticias\/","email":"info@candas365.es","telephone":"+34652131393","foundingDate":"2012-06-10","logo":{"@type":"ImageObject","url":"https:\/\/candas365.es\/noticias\/wp-content\/uploads\/2024\/09\/Candas-365-Redes.jpg","@id":"https:\/\/candas365.es\/noticias\/tres-nuevos-conciertos-del-ciclo-suena-la-cupula\/#organizationLogo","width":1152,"height":864,"caption":"Cand\u00e1s 365 Redes"},"image":{"@id":"https:\/\/candas365.es\/noticias\/tres-nuevos-conciertos-del-ciclo-suena-la-cupula\/#organizationLogo"},"sameAs":["https:\/\/www.facebook.com\/Nachofdezber","https:\/\/x.com\/NabercoDigital","https:\/\/www.instagram.com\/nachofdezber\/","https:\/\/www.youtube.com\/channel\/UCZP-2wLEB9Rv6erhFmqVnvg"],"address":{"@id":"https:\/\/candas365.es\/noticias\/#postaladdress","@type":"PostalAddress","streetAddress":"san antonio 4, san antonio 4","postalCode":"33430","addressLocality":"Cand\u00e1s","addressRegion":"Asturias","addressCountry":"ES"}},{"@type":"Person","@id":"https:\/\/candas365.es\/noticias\/author\/admin\/#author","url":"https:\/\/candas365.es\/noticias\/author\/admin\/","name":"Cand\u00e1s 365","image":{"@type":"ImageObject","@id":"https:\/\/candas365.es\/noticias\/tres-nuevos-conciertos-del-ciclo-suena-la-cupula\/#authorImage","url":"https:\/\/secure.gravatar.com\/avatar\/496a8e03d0c493ede1718b7934145dbdf8d89be1036b0eec9544e1094c9de390?s=96&d=mm&r=g","width":96,"height":96,"caption":"Cand\u00e1s 365"},"sameAs":["https:\/\/www.facebook.com\/carrenoactualidad","https:\/\/twitter.com\/nbasturias","https:\/\/www.instagram.com\/nachofdezber\/","https:\/\/www.youtube.com\/channel\/UCZP-2wLEB9Rv6erhFmqVnvg"]},{"@type":"WebPage","@id":"https:\/\/candas365.es\/noticias\/tres-nuevos-conciertos-del-ciclo-suena-la-cupula\/#webpage","url":"https:\/\/candas365.es\/noticias\/tres-nuevos-conciertos-del-ciclo-suena-la-cupula\/","name":"Tres nuevos conciertos del ciclo Suena la C\u00fapula | Cand\u00e1s 365","description":"El \u00faltimo trimestre del a\u00f1o retoma el ciclo de conciertos de m\u00fasica de c\u00e1mara en la C\u00fapula del Centro Niemeyer bajo el nombre \u201cSuena la C\u00fapula\u201d. El violinista Jorge Jim\u00e9nez ofrecer\u00e1 el domingo 27 de octubre un repertorio bajo el t\u00edtulo \u201cContrapunctus\u201d; la pianista Noelia Rodiles y el violonchelista Fernando Arias se subir\u00e1n al escenario","inLanguage":"es-ES","isPartOf":{"@id":"https:\/\/candas365.es\/noticias\/#website"},"breadcrumb":{"@id":"https:\/\/candas365.es\/noticias\/tres-nuevos-conciertos-del-ciclo-suena-la-cupula\/#breadcrumblist"},"author":{"@id":"https:\/\/candas365.es\/noticias\/author\/admin\/#author"},"creator":{"@id":"https:\/\/candas365.es\/noticias\/author\/admin\/#author"},"image":{"@type":"ImageObject","url":"https:\/\/candas365.es\/noticias\/wp-content\/uploads\/2019\/09\/Conciertos-Niemeyer.jpg","@id":"https:\/\/candas365.es\/noticias\/tres-nuevos-conciertos-del-ciclo-suena-la-cupula\/#mainImage","width":995,"height":796},"primaryImageOfPage":{"@id":"https:\/\/candas365.es\/noticias\/tres-nuevos-conciertos-del-ciclo-suena-la-cupula\/#mainImage"},"datePublished":"2019-09-17T11:33:41+02:00","dateModified":"2019-09-17T11:33:41+02:00"},{"@type":"WebSite","@id":"https:\/\/candas365.es\/noticias\/#website","url":"https:\/\/candas365.es\/noticias\/","name":"Cand\u00e1s 365","alternateName":"Cand\u00e1s 365 Noticias","description":"Actualidad desde Carre\u00f1o para el mundo","inLanguage":"es-ES","publisher":{"@id":"https:\/\/candas365.es\/noticias\/#organization"}}]},"og:locale":"es_ES","og:site_name":"Cand\u00e1s 365","og:type":"article","og:title":"Tres nuevos conciertos del ciclo Suena la C\u00fapula | Cand\u00e1s 365","og:description":"El \u00faltimo trimestre del a\u00f1o retoma el ciclo de conciertos de m\u00fasica de c\u00e1mara en la C\u00fapula del Centro Niemeyer bajo el nombre \u201cSuena la C\u00fapula\u201d. El violinista Jorge Jim\u00e9nez ofrecer\u00e1 el domingo 27 de octubre un repertorio bajo el t\u00edtulo \u201cContrapunctus\u201d; la pianista Noelia Rodiles y el violonchelista Fernando Arias se subir\u00e1n al escenario","og:url":"https:\/\/candas365.es\/noticias\/tres-nuevos-conciertos-del-ciclo-suena-la-cupula\/","og:image":"https:\/\/candas365.es\/noticias\/wp-content\/uploads\/2019\/09\/Conciertos-Niemeyer.jpg","og:image:secure_url":"https:\/\/candas365.es\/noticias\/wp-content\/uploads\/2019\/09\/Conciertos-Niemeyer.jpg","og:image:width":995,"og:image:height":796,"article:published_time":"2019-09-17T11:33:41+00:00","article:modified_time":"2019-09-17T11:33:41+00:00","article:publisher":"https:\/\/www.facebook.com\/Nachofdezber","article:author":"https:\/\/www.facebook.com\/carrenoactualidad","twitter:card":"summary_large_image","twitter:site":"@NabercoDigital","twitter:title":"Tres nuevos conciertos del ciclo Suena la C\u00fapula | Cand\u00e1s 365","twitter:description":"El \u00faltimo trimestre del a\u00f1o retoma el ciclo de conciertos de m\u00fasica de c\u00e1mara en la C\u00fapula del Centro Niemeyer bajo el nombre \u201cSuena la C\u00fapula\u201d. El violinista Jorge Jim\u00e9nez ofrecer\u00e1 el domingo 27 de octubre un repertorio bajo el t\u00edtulo \u201cContrapunctus\u201d; la pianista Noelia Rodiles y el violonchelista Fernando Arias se subir\u00e1n al escenario","twitter:creator":"@nbasturias","twitter:image":"https:\/\/candas365.es\/noticias\/wp-content\/uploads\/2019\/09\/Conciertos-Niemeyer.jpg","twitter:label1":"Escrito por","twitter:data1":"Cand\u00e1s 365","twitter:label2":"Tiempo de lectura estimado","twitter:data2":"3 minutos"},"aioseo_meta_data":{"post_id":"130034","title":null,"description":null,"keywords":null,"keyphrases":null,"primary_term":null,"canonical_url":null,"og_title":null,"og_description":null,"og_object_type":"default","og_image_type":"default","og_image_url":null,"og_image_width":null,"og_image_height":null,"og_image_custom_url":null,"og_image_custom_fields":null,"og_video":null,"og_custom_url":null,"og_article_section":null,"og_article_tags":null,"twitter_use_og":false,"twitter_card":"default","twitter_image_type":"default","twitter_image_url":null,"twitter_image_custom_url":null,"twitter_image_custom_fields":null,"twitter_title":null,"twitter_description":null,"schema":{"blockGraphs":[],"customGraphs":[],"default":{"data":{"Article":[],"Course":[],"Dataset":[],"FAQPage":[],"Movie":[],"Person":[],"Product":[],"ProductReview":[],"Car":[],"Recipe":[],"Service":[],"SoftwareApplication":[],"WebPage":[]},"graphName":"","isEnabled":true},"graphs":[],"defaultGraph":"","defaultPostTypeGraph":""},"schema_type":null,"schema_type_options":null,"pillar_content":false,"robots_default":true,"robots_noindex":false,"robots_noarchive":false,"robots_nosnippet":false,"robots_nofollow":false,"robots_noimageindex":false,"robots_noodp":false,"robots_notranslate":false,"robots_max_snippet":null,"robots_max_videopreview":null,"robots_max_imagepreview":"large","priority":null,"frequency":null,"location":null,"local_seo":null,"seo_analyzer_scan_date":"2025-08-30 13:50:15","breadcrumb_settings":null,"limit_modified_date":false,"reviewed_by":null,"open_ai":null,"ai":null,"created":"2020-12-21 10:52:32","updated":"2025-08-30 13:50:15"},"aioseo_breadcrumb":"<div class=\"aioseo-breadcrumbs\"><span class=\"aioseo-breadcrumb\">\n\t<a href=\"https:\/\/candas365.es\/noticias\" title=\"Home\">Home<\/a>\n<\/span><span class=\"aioseo-breadcrumb-separator\">&ndash;<\/span><span class=\"aioseo-breadcrumb\">\n\t<a href=\"https:\/\/candas365.es\/noticias\/category\/agenda\/\" title=\"Agenda\">Agenda<\/a>\n<\/span><span class=\"aioseo-breadcrumb-separator\">&ndash;<\/span><span class=\"aioseo-breadcrumb\">\n\tTres nuevos conciertos del ciclo Suena la C\u00fapula\n<\/span><\/div>","aioseo_breadcrumb_json":[{"label":"Home","link":"https:\/\/candas365.es\/noticias"},{"label":"Agenda","link":"https:\/\/candas365.es\/noticias\/category\/agenda\/"},{"label":"Tres nuevos conciertos del ciclo Suena la C\u00fapula","link":"https:\/\/candas365.es\/noticias\/tres-nuevos-conciertos-del-ciclo-suena-la-cupula\/"}],"_links":{"self":[{"href":"https:\/\/candas365.es\/noticias\/wp-json\/wp\/v2\/posts\/130034","targetHints":{"allow":["GET"]}}],"collection":[{"href":"https:\/\/candas365.es\/noticias\/wp-json\/wp\/v2\/posts"}],"about":[{"href":"https:\/\/candas365.es\/noticias\/wp-json\/wp\/v2\/types\/post"}],"author":[{"embeddable":true,"href":"https:\/\/candas365.es\/noticias\/wp-json\/wp\/v2\/users\/1"}],"replies":[{"embeddable":true,"href":"https:\/\/candas365.es\/noticias\/wp-json\/wp\/v2\/comments?post=130034"}],"version-history":[{"count":0,"href":"https:\/\/candas365.es\/noticias\/wp-json\/wp\/v2\/posts\/130034\/revisions"}],"wp:featuredmedia":[{"embeddable":true,"href":"https:\/\/candas365.es\/noticias\/wp-json\/wp\/v2\/media\/130035"}],"wp:attachment":[{"href":"https:\/\/candas365.es\/noticias\/wp-json\/wp\/v2\/media?parent=130034"}],"wp:term":[{"taxonomy":"category","embeddable":true,"href":"https:\/\/candas365.es\/noticias\/wp-json\/wp\/v2\/categories?post=130034"},{"taxonomy":"post_tag","embeddable":true,"href":"https:\/\/candas365.es\/noticias\/wp-json\/wp\/v2\/tags?post=130034"}],"curies":[{"name":"wp","href":"https:\/\/api.w.org\/{rel}","templated":true}]}}