{"id":130031,"date":"2019-09-17T10:24:30","date_gmt":"2019-09-17T10:24:30","guid":{"rendered":"http:\/\/candas365.es\/noticias\/?p=130031"},"modified":"2019-09-17T10:24:30","modified_gmt":"2019-09-17T10:24:30","slug":"jornada-de-puertas-abiertas-en-laboral-ciudad-de-la-cultura-el-22-de-septiembre","status":"publish","type":"post","link":"https:\/\/candas365.es\/noticias\/jornada-de-puertas-abiertas-en-laboral-ciudad-de-la-cultura-el-22-de-septiembre\/","title":{"rendered":"Jornada de Puertas Abiertas en Laboral Ciudad de la Cultura, el 22 de septiembre"},"content":{"rendered":"<p><img fetchpriority=\"high\" decoding=\"async\" class=\"alignleft size-medium wp-image-130032\" src=\"https:\/\/candas365.es\/noticias\/wp-content\/uploads\/2019\/09\/Laboral-Gijon-360x247.jpg\" alt=\"\" width=\"360\" height=\"247\" srcset=\"https:\/\/candas365.es\/noticias\/wp-content\/uploads\/2019\/09\/Laboral-Gijon-360x247.jpg 360w, https:\/\/candas365.es\/noticias\/wp-content\/uploads\/2019\/09\/Laboral-Gijon-768x528.jpg 768w, https:\/\/candas365.es\/noticias\/wp-content\/uploads\/2019\/09\/Laboral-Gijon-655x450.jpg 655w, https:\/\/candas365.es\/noticias\/wp-content\/uploads\/2019\/09\/Laboral-Gijon-100x70.jpg 100w, https:\/\/candas365.es\/noticias\/wp-content\/uploads\/2019\/09\/Laboral-Gijon-218x150.jpg 218w, https:\/\/candas365.es\/noticias\/wp-content\/uploads\/2019\/09\/Laboral-Gijon-696x478.jpg 696w, https:\/\/candas365.es\/noticias\/wp-content\/uploads\/2019\/09\/Laboral-Gijon-611x420.jpg 611w, https:\/\/candas365.es\/noticias\/wp-content\/uploads\/2019\/09\/Laboral-Gijon.jpg 1049w\" sizes=\"(max-width: 360px) 100vw, 360px\" \/>Con visitas, talleres y una variada programaci\u00f3n de m\u00fasica, danza y teatro, Laboral Ciudad de la Cultura celebra su Jornada de Puertas Abiertas este domingo 22 de septiembre.<\/p>\n<p>El p\u00fablico podr\u00e1 visitar de forma gratuita la Biblioteca de la Facultad de Comercio, Turismo y Ciencias Sociales \u201cJovellanos\u201d, los talleres del Centro Integrado de Formaci\u00f3n Profesional \u201cLa Laboral\u201d, las antiguas Cocinas y Lavander\u00edas o subir al Mirador de la Torre de 10:30 a 15:00 y de 16:00 a 20:00 horas, de forma continuada cada 30 minutos. Se podr\u00e1 conocer la sede de la Radio Televisi\u00f3n del Principado de Asturias (RTPA) a las 17:00 y 18:00 horas y el Espacio Permacultural de la Laboral con una visita guiada a las 12:00 horas o participando en una jornada de dise\u00f1o y mantenimiento de este espacio a partir de las 10:30 h.<\/p>\n<p>Tambi\u00e9n habr\u00e1 m\u00fasica a las 11:30, 12:30, 17:00 y 18:00 en la Sala de Pinturas y danza a las 11:30, 12:30 y 17:00 horas en el Teatro Alejandro Casona de la ESAD con el alumnado del Conservatorio Profesional de M\u00fasica y Danza de Gij\u00f3n. En los exteriores de la Laboral el alumnado de la Escuela Superior de Arte Dram\u00e1tico del Principado de Asturias representar\u00e1 distintas acciones de teatro, danza y poes\u00eda a las 11:00 y 16:30 horas y en la Plaza de la Laboral el p\u00fablico podr\u00e1 disfrutar de Diestro y siniestro de Higi\u00e9nico Papel Teatro de 12:30 a 13:15 horas y de la m\u00fasica de D\u00eda D Jazz de 18:00 a 19:30 h. La Iglesia de la Laboral acoge una masterclass de RetroSwing a las 17:00 horas y en el Teatro habr\u00e1 dos actividades: una visita para conocer los entresijos del montaje de un espect\u00e1culo teatral a las 12:00, 13:00: 16:00 y 17:00 horas y la representaci\u00f3n de Elisa y Marcela de la compa\u00f1\u00eda A Panadar\u00eda a las 20:00 horas, una obra incluida en el itinerario Constelaciones de Camino Escena Norte, un proyecto cultural que tiene como nexo de uni\u00f3n el Camino de Santiago y que es fruto del intercambio cultural de compa\u00f1\u00edas gallegas, c\u00e1ntabras, vascas y asturianas.<\/p>\n<p>La Jornada de Puertas Abiertas a la Laboral se completa con seis talleres: RV Room Xcape a las 11:30, 12:00, 12:30, 13:00 y 13:30 horas; Leoporqueleo a las 11:30 horas; La danza con perspectiva de g\u00e9nero a las 12:00 horas; Elisa y Marcela: una historia de diversidad y besos de 7 colores a las 12:30 horas; Exploradores espaciales a las 16:00, 17:00 y 18:00 horas, y un taller de Iniciaci\u00f3n a la expresi\u00f3n dram\u00e1tica para toda la familia a las 18:00 horas. Adem\u00e1s, si las condiciones climatol\u00f3gicas lo permiten, habr\u00e1 un lanzamiento de cohete en directo a las 19:00 horas en las pistas deportivas de la Laboral tras el taller de Exploradores espaciales.<\/p>\n<p>Se podr\u00e1 degustar adem\u00e1s en la Cocina de la Laboral un men\u00fa especial con motivo de la Jornada de Puertas Abiertas.<\/p>\n<p>Todas las visitas y actividades son gratuitas. Para la visita guiada a RTPA y al espacio Permacultural y para los talleres RV ROOM Xcape, La danza con perspectiva de g\u00e9nero e Iniciaci\u00f3n a la expresi\u00f3n dram\u00e1tica para toda la familia es necesario realizar reserva previa en el correo electr\u00f3nico recepcionlaboral@turismoycultura.asturias.es o en los tel\u00e9fonos 902 306 600\/985 186 860. Para la Perma Andecha es imprescindible apuntarse previamente en info@laboralpermacultural.com.<\/p>\n","protected":false},"excerpt":{"rendered":"<p>Con visitas, talleres y una variada programaci\u00f3n de m\u00fasica, danza y teatro, Laboral Ciudad de la Cultura celebra su Jornada de Puertas Abiertas este domingo 22 de septiembre. El p\u00fablico podr\u00e1 visitar de forma gratuita la Biblioteca de la Facultad de Comercio, Turismo y Ciencias Sociales \u201cJovellanos\u201d, los talleres del Centro Integrado de Formaci\u00f3n Profesional<\/p>\n","protected":false},"author":1,"featured_media":130032,"comment_status":"closed","ping_status":"closed","sticky":false,"template":"","format":"standard","meta":{"footnotes":""},"categories":[1],"tags":[],"class_list":{"0":"post-130031","1":"post","2":"type-post","3":"status-publish","4":"format-standard","5":"has-post-thumbnail","7":"category-agenda"},"aioseo_notices":[],"aioseo_head":"\n\t\t<!-- All in One SEO Pro 4.9.6.2 - aioseo.com -->\n\t<meta name=\"description\" content=\"Con visitas, talleres y una variada programaci\u00f3n de m\u00fasica, danza y teatro, Laboral Ciudad de la Cultura celebra su Jornada de Puertas Abiertas este domingo 22 de septiembre. El p\u00fablico podr\u00e1 visitar de forma gratuita la Biblioteca de la Facultad de Comercio, Turismo y Ciencias Sociales \u201cJovellanos\u201d, los talleres del Centro Integrado de Formaci\u00f3n Profesional\" \/>\n\t<meta name=\"robots\" content=\"max-image-preview:large\" \/>\n\t<meta name=\"author\" content=\"Cand\u00e1s 365\"\/>\n\t<meta name=\"google-site-verification\" content=\"UA-32230408-1\" \/>\n\t<meta name=\"msvalidate.01\" content=\"354F3CDFB2DA171B47FBE9ABF1F88D5\" \/>\n\t<meta name=\"keywords\" content=\"agenda\" \/>\n\t<link rel=\"canonical\" href=\"https:\/\/candas365.es\/noticias\/jornada-de-puertas-abiertas-en-laboral-ciudad-de-la-cultura-el-22-de-septiembre\/\" \/>\n\t<meta name=\"generator\" content=\"All in One SEO Pro (AIOSEO) 4.9.6.2\" \/>\n\t\t<meta property=\"og:locale\" content=\"es_ES\" \/>\n\t\t<meta property=\"og:site_name\" content=\"Cand\u00e1s 365\" \/>\n\t\t<meta property=\"og:type\" content=\"article\" \/>\n\t\t<meta property=\"og:title\" content=\"Jornada de Puertas Abiertas en Laboral Ciudad de la Cultura, el 22 de septiembre | Cand\u00e1s 365\" \/>\n\t\t<meta property=\"og:description\" content=\"Con visitas, talleres y una variada programaci\u00f3n de m\u00fasica, danza y teatro, Laboral Ciudad de la Cultura celebra su Jornada de Puertas Abiertas este domingo 22 de septiembre. El p\u00fablico podr\u00e1 visitar de forma gratuita la Biblioteca de la Facultad de Comercio, Turismo y Ciencias Sociales \u201cJovellanos\u201d, los talleres del Centro Integrado de Formaci\u00f3n Profesional\" \/>\n\t\t<meta property=\"og:url\" content=\"https:\/\/candas365.es\/noticias\/jornada-de-puertas-abiertas-en-laboral-ciudad-de-la-cultura-el-22-de-septiembre\/\" \/>\n\t\t<meta property=\"og:image\" content=\"https:\/\/candas365.es\/noticias\/wp-content\/uploads\/2019\/09\/Laboral-Gijon.jpg\" \/>\n\t\t<meta property=\"og:image:secure_url\" content=\"https:\/\/candas365.es\/noticias\/wp-content\/uploads\/2019\/09\/Laboral-Gijon.jpg\" \/>\n\t\t<meta property=\"og:image:width\" content=\"1049\" \/>\n\t\t<meta property=\"og:image:height\" content=\"721\" \/>\n\t\t<meta property=\"article:published_time\" content=\"2019-09-17T10:24:30+00:00\" \/>\n\t\t<meta property=\"article:modified_time\" content=\"2019-09-17T10:24:30+00:00\" \/>\n\t\t<meta property=\"article:publisher\" content=\"https:\/\/www.facebook.com\/Nachofdezber\" \/>\n\t\t<meta property=\"article:author\" content=\"https:\/\/www.facebook.com\/carrenoactualidad\" \/>\n\t\t<meta name=\"twitter:card\" content=\"summary_large_image\" \/>\n\t\t<meta name=\"twitter:site\" content=\"@NabercoDigital\" \/>\n\t\t<meta name=\"twitter:title\" content=\"Jornada de Puertas Abiertas en Laboral Ciudad de la Cultura, el 22 de septiembre | Cand\u00e1s 365\" \/>\n\t\t<meta name=\"twitter:description\" content=\"Con visitas, talleres y una variada programaci\u00f3n de m\u00fasica, danza y teatro, Laboral Ciudad de la Cultura celebra su Jornada de Puertas Abiertas este domingo 22 de septiembre. El p\u00fablico podr\u00e1 visitar de forma gratuita la Biblioteca de la Facultad de Comercio, Turismo y Ciencias Sociales \u201cJovellanos\u201d, los talleres del Centro Integrado de Formaci\u00f3n Profesional\" \/>\n\t\t<meta name=\"twitter:creator\" content=\"@nbasturias\" \/>\n\t\t<meta name=\"twitter:image\" content=\"https:\/\/candas365.es\/noticias\/wp-content\/uploads\/2019\/09\/Laboral-Gijon.jpg\" \/>\n\t\t<meta name=\"twitter:label1\" content=\"Escrito por\" \/>\n\t\t<meta name=\"twitter:data1\" content=\"Cand\u00e1s 365\" \/>\n\t\t<meta name=\"twitter:label2\" content=\"Tiempo de lectura estimado\" \/>\n\t\t<meta name=\"twitter:data2\" content=\"3 minutos\" \/>\n\t\t<script type=\"application\/ld+json\" class=\"aioseo-schema\">\n\t\t\t{\"@context\":\"https:\\\/\\\/schema.org\",\"@graph\":[{\"@type\":\"BreadcrumbList\",\"@id\":\"https:\\\/\\\/candas365.es\\\/noticias\\\/jornada-de-puertas-abiertas-en-laboral-ciudad-de-la-cultura-el-22-de-septiembre\\\/#breadcrumblist\",\"itemListElement\":[{\"@type\":\"ListItem\",\"@id\":\"https:\\\/\\\/candas365.es\\\/noticias#listItem\",\"position\":1,\"name\":\"Home\",\"item\":\"https:\\\/\\\/candas365.es\\\/noticias\",\"nextItem\":{\"@type\":\"ListItem\",\"@id\":\"https:\\\/\\\/candas365.es\\\/noticias\\\/category\\\/agenda\\\/#listItem\",\"name\":\"Agenda\"}},{\"@type\":\"ListItem\",\"@id\":\"https:\\\/\\\/candas365.es\\\/noticias\\\/category\\\/agenda\\\/#listItem\",\"position\":2,\"name\":\"Agenda\",\"item\":\"https:\\\/\\\/candas365.es\\\/noticias\\\/category\\\/agenda\\\/\",\"nextItem\":{\"@type\":\"ListItem\",\"@id\":\"https:\\\/\\\/candas365.es\\\/noticias\\\/jornada-de-puertas-abiertas-en-laboral-ciudad-de-la-cultura-el-22-de-septiembre\\\/#listItem\",\"name\":\"Jornada de Puertas Abiertas en Laboral Ciudad de la Cultura, el 22 de septiembre\"},\"previousItem\":{\"@type\":\"ListItem\",\"@id\":\"https:\\\/\\\/candas365.es\\\/noticias#listItem\",\"name\":\"Home\"}},{\"@type\":\"ListItem\",\"@id\":\"https:\\\/\\\/candas365.es\\\/noticias\\\/jornada-de-puertas-abiertas-en-laboral-ciudad-de-la-cultura-el-22-de-septiembre\\\/#listItem\",\"position\":3,\"name\":\"Jornada de Puertas Abiertas en Laboral Ciudad de la Cultura, el 22 de septiembre\",\"previousItem\":{\"@type\":\"ListItem\",\"@id\":\"https:\\\/\\\/candas365.es\\\/noticias\\\/category\\\/agenda\\\/#listItem\",\"name\":\"Agenda\"}}]},{\"@type\":\"NewsArticle\",\"@id\":\"https:\\\/\\\/candas365.es\\\/noticias\\\/jornada-de-puertas-abiertas-en-laboral-ciudad-de-la-cultura-el-22-de-septiembre\\\/#newsarticle\",\"name\":\"Jornada de Puertas Abiertas en Laboral Ciudad de la Cultura, el 22 de septiembre | Cand\\u00e1s 365\",\"headline\":\"Jornada de Puertas Abiertas en Laboral Ciudad de la Cultura, el 22 de septiembre\",\"author\":{\"@id\":\"https:\\\/\\\/candas365.es\\\/noticias\\\/author\\\/admin\\\/#author\"},\"publisher\":{\"@id\":\"https:\\\/\\\/candas365.es\\\/noticias\\\/#organization\"},\"image\":{\"@type\":\"ImageObject\",\"url\":\"https:\\\/\\\/candas365.es\\\/noticias\\\/wp-content\\\/uploads\\\/2019\\\/09\\\/Laboral-Gijon.jpg\",\"width\":1049,\"height\":721,\"caption\":\"Laboral\"},\"datePublished\":\"2019-09-17T10:24:30+02:00\",\"dateModified\":\"2019-09-17T10:24:30+02:00\",\"inLanguage\":\"es-ES\",\"mainEntityOfPage\":{\"@id\":\"https:\\\/\\\/candas365.es\\\/noticias\\\/jornada-de-puertas-abiertas-en-laboral-ciudad-de-la-cultura-el-22-de-septiembre\\\/#webpage\"},\"isPartOf\":{\"@id\":\"https:\\\/\\\/candas365.es\\\/noticias\\\/jornada-de-puertas-abiertas-en-laboral-ciudad-de-la-cultura-el-22-de-septiembre\\\/#webpage\"},\"articleSection\":\"Agenda\",\"dateline\":\"Publicado el septiembre 17, 2019.\"},{\"@type\":\"Organization\",\"@id\":\"https:\\\/\\\/candas365.es\\\/noticias\\\/#organization\",\"name\":\"Cand\\u00e1s 365\",\"description\":\"Cand\\u00e1s 365 es un diario digital independiente, fundado en 2012, con base en Asturias. Informamos con rigor sobre actualidad, sociedad, cultura y ocio, con una mirada local y global.\",\"url\":\"https:\\\/\\\/candas365.es\\\/noticias\\\/\",\"email\":\"info@candas365.es\",\"telephone\":\"+34652131393\",\"foundingDate\":\"2012-06-10\",\"logo\":{\"@type\":\"ImageObject\",\"url\":\"https:\\\/\\\/candas365.es\\\/noticias\\\/wp-content\\\/uploads\\\/2024\\\/09\\\/Candas-365-Redes.jpg\",\"@id\":\"https:\\\/\\\/candas365.es\\\/noticias\\\/jornada-de-puertas-abiertas-en-laboral-ciudad-de-la-cultura-el-22-de-septiembre\\\/#organizationLogo\",\"width\":1152,\"height\":864,\"caption\":\"Cand\\u00e1s 365 Redes\"},\"image\":{\"@id\":\"https:\\\/\\\/candas365.es\\\/noticias\\\/jornada-de-puertas-abiertas-en-laboral-ciudad-de-la-cultura-el-22-de-septiembre\\\/#organizationLogo\"},\"sameAs\":[\"https:\\\/\\\/www.facebook.com\\\/Nachofdezber\",\"https:\\\/\\\/x.com\\\/NabercoDigital\",\"https:\\\/\\\/www.instagram.com\\\/nachofdezber\\\/\",\"https:\\\/\\\/www.youtube.com\\\/channel\\\/UCZP-2wLEB9Rv6erhFmqVnvg\"],\"address\":{\"@id\":\"https:\\\/\\\/candas365.es\\\/noticias\\\/#postaladdress\",\"@type\":\"PostalAddress\",\"streetAddress\":\"san antonio 4, san antonio 4\",\"postalCode\":\"33430\",\"addressLocality\":\"Cand\\u00e1s\",\"addressRegion\":\"Asturias\",\"addressCountry\":\"ES\"}},{\"@type\":\"Person\",\"@id\":\"https:\\\/\\\/candas365.es\\\/noticias\\\/author\\\/admin\\\/#author\",\"url\":\"https:\\\/\\\/candas365.es\\\/noticias\\\/author\\\/admin\\\/\",\"name\":\"Cand\\u00e1s 365\",\"image\":{\"@type\":\"ImageObject\",\"@id\":\"https:\\\/\\\/candas365.es\\\/noticias\\\/jornada-de-puertas-abiertas-en-laboral-ciudad-de-la-cultura-el-22-de-septiembre\\\/#authorImage\",\"url\":\"https:\\\/\\\/secure.gravatar.com\\\/avatar\\\/496a8e03d0c493ede1718b7934145dbdf8d89be1036b0eec9544e1094c9de390?s=96&d=mm&r=g\",\"width\":96,\"height\":96,\"caption\":\"Cand\\u00e1s 365\"},\"sameAs\":[\"https:\\\/\\\/www.facebook.com\\\/carrenoactualidad\",\"https:\\\/\\\/twitter.com\\\/nbasturias\",\"https:\\\/\\\/www.instagram.com\\\/nachofdezber\\\/\",\"https:\\\/\\\/www.youtube.com\\\/channel\\\/UCZP-2wLEB9Rv6erhFmqVnvg\"]},{\"@type\":\"WebPage\",\"@id\":\"https:\\\/\\\/candas365.es\\\/noticias\\\/jornada-de-puertas-abiertas-en-laboral-ciudad-de-la-cultura-el-22-de-septiembre\\\/#webpage\",\"url\":\"https:\\\/\\\/candas365.es\\\/noticias\\\/jornada-de-puertas-abiertas-en-laboral-ciudad-de-la-cultura-el-22-de-septiembre\\\/\",\"name\":\"Jornada de Puertas Abiertas en Laboral Ciudad de la Cultura, el 22 de septiembre | Cand\\u00e1s 365\",\"description\":\"Con visitas, talleres y una variada programaci\\u00f3n de m\\u00fasica, danza y teatro, Laboral Ciudad de la Cultura celebra su Jornada de Puertas Abiertas este domingo 22 de septiembre. El p\\u00fablico podr\\u00e1 visitar de forma gratuita la Biblioteca de la Facultad de Comercio, Turismo y Ciencias Sociales \\u201cJovellanos\\u201d, los talleres del Centro Integrado de Formaci\\u00f3n Profesional\",\"inLanguage\":\"es-ES\",\"isPartOf\":{\"@id\":\"https:\\\/\\\/candas365.es\\\/noticias\\\/#website\"},\"breadcrumb\":{\"@id\":\"https:\\\/\\\/candas365.es\\\/noticias\\\/jornada-de-puertas-abiertas-en-laboral-ciudad-de-la-cultura-el-22-de-septiembre\\\/#breadcrumblist\"},\"author\":{\"@id\":\"https:\\\/\\\/candas365.es\\\/noticias\\\/author\\\/admin\\\/#author\"},\"creator\":{\"@id\":\"https:\\\/\\\/candas365.es\\\/noticias\\\/author\\\/admin\\\/#author\"},\"image\":{\"@type\":\"ImageObject\",\"url\":\"https:\\\/\\\/candas365.es\\\/noticias\\\/wp-content\\\/uploads\\\/2019\\\/09\\\/Laboral-Gijon.jpg\",\"@id\":\"https:\\\/\\\/candas365.es\\\/noticias\\\/jornada-de-puertas-abiertas-en-laboral-ciudad-de-la-cultura-el-22-de-septiembre\\\/#mainImage\",\"width\":1049,\"height\":721,\"caption\":\"Laboral\"},\"primaryImageOfPage\":{\"@id\":\"https:\\\/\\\/candas365.es\\\/noticias\\\/jornada-de-puertas-abiertas-en-laboral-ciudad-de-la-cultura-el-22-de-septiembre\\\/#mainImage\"},\"datePublished\":\"2019-09-17T10:24:30+02:00\",\"dateModified\":\"2019-09-17T10:24:30+02:00\"},{\"@type\":\"WebSite\",\"@id\":\"https:\\\/\\\/candas365.es\\\/noticias\\\/#website\",\"url\":\"https:\\\/\\\/candas365.es\\\/noticias\\\/\",\"name\":\"Cand\\u00e1s 365\",\"alternateName\":\"Cand\\u00e1s 365 Noticias\",\"description\":\"Actualidad desde Carre\\u00f1o para el mundo\",\"inLanguage\":\"es-ES\",\"publisher\":{\"@id\":\"https:\\\/\\\/candas365.es\\\/noticias\\\/#organization\"}}]}\n\t\t<\/script>\n\t\t<!-- All in One SEO Pro -->\r\n\t\t<title>Jornada de Puertas Abiertas en Laboral Ciudad de la Cultura, el 22 de septiembre | Cand\u00e1s 365<\/title>\n\n","aioseo_head_json":{"title":"Jornada de Puertas Abiertas en Laboral Ciudad de la Cultura, el 22 de septiembre | Cand\u00e1s 365","description":"Con visitas, talleres y una variada programaci\u00f3n de m\u00fasica, danza y teatro, Laboral Ciudad de la Cultura celebra su Jornada de Puertas Abiertas este domingo 22 de septiembre. El p\u00fablico podr\u00e1 visitar de forma gratuita la Biblioteca de la Facultad de Comercio, Turismo y Ciencias Sociales \u201cJovellanos\u201d, los talleres del Centro Integrado de Formaci\u00f3n Profesional","canonical_url":"https:\/\/candas365.es\/noticias\/jornada-de-puertas-abiertas-en-laboral-ciudad-de-la-cultura-el-22-de-septiembre\/","robots":"max-image-preview:large","keywords":"agenda","webmasterTools":{"google-site-verification":"UA-32230408-1","msvalidate.01":"354F3CDFB2DA171B47FBE9ABF1F88D5","miscellaneous":""},"schema":{"@context":"https:\/\/schema.org","@graph":[{"@type":"BreadcrumbList","@id":"https:\/\/candas365.es\/noticias\/jornada-de-puertas-abiertas-en-laboral-ciudad-de-la-cultura-el-22-de-septiembre\/#breadcrumblist","itemListElement":[{"@type":"ListItem","@id":"https:\/\/candas365.es\/noticias#listItem","position":1,"name":"Home","item":"https:\/\/candas365.es\/noticias","nextItem":{"@type":"ListItem","@id":"https:\/\/candas365.es\/noticias\/category\/agenda\/#listItem","name":"Agenda"}},{"@type":"ListItem","@id":"https:\/\/candas365.es\/noticias\/category\/agenda\/#listItem","position":2,"name":"Agenda","item":"https:\/\/candas365.es\/noticias\/category\/agenda\/","nextItem":{"@type":"ListItem","@id":"https:\/\/candas365.es\/noticias\/jornada-de-puertas-abiertas-en-laboral-ciudad-de-la-cultura-el-22-de-septiembre\/#listItem","name":"Jornada de Puertas Abiertas en Laboral Ciudad de la Cultura, el 22 de septiembre"},"previousItem":{"@type":"ListItem","@id":"https:\/\/candas365.es\/noticias#listItem","name":"Home"}},{"@type":"ListItem","@id":"https:\/\/candas365.es\/noticias\/jornada-de-puertas-abiertas-en-laboral-ciudad-de-la-cultura-el-22-de-septiembre\/#listItem","position":3,"name":"Jornada de Puertas Abiertas en Laboral Ciudad de la Cultura, el 22 de septiembre","previousItem":{"@type":"ListItem","@id":"https:\/\/candas365.es\/noticias\/category\/agenda\/#listItem","name":"Agenda"}}]},{"@type":"NewsArticle","@id":"https:\/\/candas365.es\/noticias\/jornada-de-puertas-abiertas-en-laboral-ciudad-de-la-cultura-el-22-de-septiembre\/#newsarticle","name":"Jornada de Puertas Abiertas en Laboral Ciudad de la Cultura, el 22 de septiembre | Cand\u00e1s 365","headline":"Jornada de Puertas Abiertas en Laboral Ciudad de la Cultura, el 22 de septiembre","author":{"@id":"https:\/\/candas365.es\/noticias\/author\/admin\/#author"},"publisher":{"@id":"https:\/\/candas365.es\/noticias\/#organization"},"image":{"@type":"ImageObject","url":"https:\/\/candas365.es\/noticias\/wp-content\/uploads\/2019\/09\/Laboral-Gijon.jpg","width":1049,"height":721,"caption":"Laboral"},"datePublished":"2019-09-17T10:24:30+02:00","dateModified":"2019-09-17T10:24:30+02:00","inLanguage":"es-ES","mainEntityOfPage":{"@id":"https:\/\/candas365.es\/noticias\/jornada-de-puertas-abiertas-en-laboral-ciudad-de-la-cultura-el-22-de-septiembre\/#webpage"},"isPartOf":{"@id":"https:\/\/candas365.es\/noticias\/jornada-de-puertas-abiertas-en-laboral-ciudad-de-la-cultura-el-22-de-septiembre\/#webpage"},"articleSection":"Agenda","dateline":"Publicado el septiembre 17, 2019."},{"@type":"Organization","@id":"https:\/\/candas365.es\/noticias\/#organization","name":"Cand\u00e1s 365","description":"Cand\u00e1s 365 es un diario digital independiente, fundado en 2012, con base en Asturias. Informamos con rigor sobre actualidad, sociedad, cultura y ocio, con una mirada local y global.","url":"https:\/\/candas365.es\/noticias\/","email":"info@candas365.es","telephone":"+34652131393","foundingDate":"2012-06-10","logo":{"@type":"ImageObject","url":"https:\/\/candas365.es\/noticias\/wp-content\/uploads\/2024\/09\/Candas-365-Redes.jpg","@id":"https:\/\/candas365.es\/noticias\/jornada-de-puertas-abiertas-en-laboral-ciudad-de-la-cultura-el-22-de-septiembre\/#organizationLogo","width":1152,"height":864,"caption":"Cand\u00e1s 365 Redes"},"image":{"@id":"https:\/\/candas365.es\/noticias\/jornada-de-puertas-abiertas-en-laboral-ciudad-de-la-cultura-el-22-de-septiembre\/#organizationLogo"},"sameAs":["https:\/\/www.facebook.com\/Nachofdezber","https:\/\/x.com\/NabercoDigital","https:\/\/www.instagram.com\/nachofdezber\/","https:\/\/www.youtube.com\/channel\/UCZP-2wLEB9Rv6erhFmqVnvg"],"address":{"@id":"https:\/\/candas365.es\/noticias\/#postaladdress","@type":"PostalAddress","streetAddress":"san antonio 4, san antonio 4","postalCode":"33430","addressLocality":"Cand\u00e1s","addressRegion":"Asturias","addressCountry":"ES"}},{"@type":"Person","@id":"https:\/\/candas365.es\/noticias\/author\/admin\/#author","url":"https:\/\/candas365.es\/noticias\/author\/admin\/","name":"Cand\u00e1s 365","image":{"@type":"ImageObject","@id":"https:\/\/candas365.es\/noticias\/jornada-de-puertas-abiertas-en-laboral-ciudad-de-la-cultura-el-22-de-septiembre\/#authorImage","url":"https:\/\/secure.gravatar.com\/avatar\/496a8e03d0c493ede1718b7934145dbdf8d89be1036b0eec9544e1094c9de390?s=96&d=mm&r=g","width":96,"height":96,"caption":"Cand\u00e1s 365"},"sameAs":["https:\/\/www.facebook.com\/carrenoactualidad","https:\/\/twitter.com\/nbasturias","https:\/\/www.instagram.com\/nachofdezber\/","https:\/\/www.youtube.com\/channel\/UCZP-2wLEB9Rv6erhFmqVnvg"]},{"@type":"WebPage","@id":"https:\/\/candas365.es\/noticias\/jornada-de-puertas-abiertas-en-laboral-ciudad-de-la-cultura-el-22-de-septiembre\/#webpage","url":"https:\/\/candas365.es\/noticias\/jornada-de-puertas-abiertas-en-laboral-ciudad-de-la-cultura-el-22-de-septiembre\/","name":"Jornada de Puertas Abiertas en Laboral Ciudad de la Cultura, el 22 de septiembre | Cand\u00e1s 365","description":"Con visitas, talleres y una variada programaci\u00f3n de m\u00fasica, danza y teatro, Laboral Ciudad de la Cultura celebra su Jornada de Puertas Abiertas este domingo 22 de septiembre. El p\u00fablico podr\u00e1 visitar de forma gratuita la Biblioteca de la Facultad de Comercio, Turismo y Ciencias Sociales \u201cJovellanos\u201d, los talleres del Centro Integrado de Formaci\u00f3n Profesional","inLanguage":"es-ES","isPartOf":{"@id":"https:\/\/candas365.es\/noticias\/#website"},"breadcrumb":{"@id":"https:\/\/candas365.es\/noticias\/jornada-de-puertas-abiertas-en-laboral-ciudad-de-la-cultura-el-22-de-septiembre\/#breadcrumblist"},"author":{"@id":"https:\/\/candas365.es\/noticias\/author\/admin\/#author"},"creator":{"@id":"https:\/\/candas365.es\/noticias\/author\/admin\/#author"},"image":{"@type":"ImageObject","url":"https:\/\/candas365.es\/noticias\/wp-content\/uploads\/2019\/09\/Laboral-Gijon.jpg","@id":"https:\/\/candas365.es\/noticias\/jornada-de-puertas-abiertas-en-laboral-ciudad-de-la-cultura-el-22-de-septiembre\/#mainImage","width":1049,"height":721,"caption":"Laboral"},"primaryImageOfPage":{"@id":"https:\/\/candas365.es\/noticias\/jornada-de-puertas-abiertas-en-laboral-ciudad-de-la-cultura-el-22-de-septiembre\/#mainImage"},"datePublished":"2019-09-17T10:24:30+02:00","dateModified":"2019-09-17T10:24:30+02:00"},{"@type":"WebSite","@id":"https:\/\/candas365.es\/noticias\/#website","url":"https:\/\/candas365.es\/noticias\/","name":"Cand\u00e1s 365","alternateName":"Cand\u00e1s 365 Noticias","description":"Actualidad desde Carre\u00f1o para el mundo","inLanguage":"es-ES","publisher":{"@id":"https:\/\/candas365.es\/noticias\/#organization"}}]},"og:locale":"es_ES","og:site_name":"Cand\u00e1s 365","og:type":"article","og:title":"Jornada de Puertas Abiertas en Laboral Ciudad de la Cultura, el 22 de septiembre | Cand\u00e1s 365","og:description":"Con visitas, talleres y una variada programaci\u00f3n de m\u00fasica, danza y teatro, Laboral Ciudad de la Cultura celebra su Jornada de Puertas Abiertas este domingo 22 de septiembre. El p\u00fablico podr\u00e1 visitar de forma gratuita la Biblioteca de la Facultad de Comercio, Turismo y Ciencias Sociales \u201cJovellanos\u201d, los talleres del Centro Integrado de Formaci\u00f3n Profesional","og:url":"https:\/\/candas365.es\/noticias\/jornada-de-puertas-abiertas-en-laboral-ciudad-de-la-cultura-el-22-de-septiembre\/","og:image":"https:\/\/candas365.es\/noticias\/wp-content\/uploads\/2019\/09\/Laboral-Gijon.jpg","og:image:secure_url":"https:\/\/candas365.es\/noticias\/wp-content\/uploads\/2019\/09\/Laboral-Gijon.jpg","og:image:width":1049,"og:image:height":721,"article:published_time":"2019-09-17T10:24:30+00:00","article:modified_time":"2019-09-17T10:24:30+00:00","article:publisher":"https:\/\/www.facebook.com\/Nachofdezber","article:author":"https:\/\/www.facebook.com\/carrenoactualidad","twitter:card":"summary_large_image","twitter:site":"@NabercoDigital","twitter:title":"Jornada de Puertas Abiertas en Laboral Ciudad de la Cultura, el 22 de septiembre | Cand\u00e1s 365","twitter:description":"Con visitas, talleres y una variada programaci\u00f3n de m\u00fasica, danza y teatro, Laboral Ciudad de la Cultura celebra su Jornada de Puertas Abiertas este domingo 22 de septiembre. El p\u00fablico podr\u00e1 visitar de forma gratuita la Biblioteca de la Facultad de Comercio, Turismo y Ciencias Sociales \u201cJovellanos\u201d, los talleres del Centro Integrado de Formaci\u00f3n Profesional","twitter:creator":"@nbasturias","twitter:image":"https:\/\/candas365.es\/noticias\/wp-content\/uploads\/2019\/09\/Laboral-Gijon.jpg","twitter:label1":"Escrito por","twitter:data1":"Cand\u00e1s 365","twitter:label2":"Tiempo de lectura estimado","twitter:data2":"3 minutos"},"aioseo_meta_data":{"post_id":"130031","title":null,"description":null,"keywords":null,"keyphrases":null,"primary_term":null,"canonical_url":null,"og_title":null,"og_description":null,"og_object_type":"default","og_image_type":"default","og_image_url":null,"og_image_width":null,"og_image_height":null,"og_image_custom_url":null,"og_image_custom_fields":null,"og_video":null,"og_custom_url":null,"og_article_section":null,"og_article_tags":null,"twitter_use_og":false,"twitter_card":"default","twitter_image_type":"default","twitter_image_url":null,"twitter_image_custom_url":null,"twitter_image_custom_fields":null,"twitter_title":null,"twitter_description":null,"schema":{"blockGraphs":[],"customGraphs":[],"default":{"data":{"Article":[],"Course":[],"Dataset":[],"FAQPage":[],"Movie":[],"Person":[],"Product":[],"ProductReview":[],"Car":[],"Recipe":[],"Service":[],"SoftwareApplication":[],"WebPage":[]},"graphName":"","isEnabled":true},"graphs":[]},"schema_type":null,"schema_type_options":null,"pillar_content":false,"robots_default":true,"robots_noindex":false,"robots_noarchive":false,"robots_nosnippet":false,"robots_nofollow":false,"robots_noimageindex":false,"robots_noodp":false,"robots_notranslate":false,"robots_max_snippet":null,"robots_max_videopreview":null,"robots_max_imagepreview":"large","priority":null,"frequency":null,"location":null,"local_seo":null,"seo_analyzer_scan_date":"2025-08-30 13:50:14","breadcrumb_settings":null,"limit_modified_date":false,"reviewed_by":null,"open_ai":null,"ai":null,"created":"2020-12-21 10:52:32","updated":"2025-08-30 13:50:14"},"aioseo_breadcrumb":"<div class=\"aioseo-breadcrumbs\"><span class=\"aioseo-breadcrumb\">\n\t<a href=\"https:\/\/candas365.es\/noticias\" title=\"Home\">Home<\/a>\n<\/span><span class=\"aioseo-breadcrumb-separator\">&ndash;<\/span><span class=\"aioseo-breadcrumb\">\n\t<a href=\"https:\/\/candas365.es\/noticias\/category\/agenda\/\" title=\"Agenda\">Agenda<\/a>\n<\/span><span class=\"aioseo-breadcrumb-separator\">&ndash;<\/span><span class=\"aioseo-breadcrumb\">\n\tJornada de Puertas Abiertas en Laboral Ciudad de la Cultura, el 22 de septiembre\n<\/span><\/div>","aioseo_breadcrumb_json":[{"label":"Home","link":"https:\/\/candas365.es\/noticias"},{"label":"Agenda","link":"https:\/\/candas365.es\/noticias\/category\/agenda\/"},{"label":"Jornada de Puertas Abiertas en Laboral Ciudad de la Cultura, el 22 de septiembre","link":"https:\/\/candas365.es\/noticias\/jornada-de-puertas-abiertas-en-laboral-ciudad-de-la-cultura-el-22-de-septiembre\/"}],"_links":{"self":[{"href":"https:\/\/candas365.es\/noticias\/wp-json\/wp\/v2\/posts\/130031","targetHints":{"allow":["GET"]}}],"collection":[{"href":"https:\/\/candas365.es\/noticias\/wp-json\/wp\/v2\/posts"}],"about":[{"href":"https:\/\/candas365.es\/noticias\/wp-json\/wp\/v2\/types\/post"}],"author":[{"embeddable":true,"href":"https:\/\/candas365.es\/noticias\/wp-json\/wp\/v2\/users\/1"}],"replies":[{"embeddable":true,"href":"https:\/\/candas365.es\/noticias\/wp-json\/wp\/v2\/comments?post=130031"}],"version-history":[{"count":0,"href":"https:\/\/candas365.es\/noticias\/wp-json\/wp\/v2\/posts\/130031\/revisions"}],"wp:featuredmedia":[{"embeddable":true,"href":"https:\/\/candas365.es\/noticias\/wp-json\/wp\/v2\/media\/130032"}],"wp:attachment":[{"href":"https:\/\/candas365.es\/noticias\/wp-json\/wp\/v2\/media?parent=130031"}],"wp:term":[{"taxonomy":"category","embeddable":true,"href":"https:\/\/candas365.es\/noticias\/wp-json\/wp\/v2\/categories?post=130031"},{"taxonomy":"post_tag","embeddable":true,"href":"https:\/\/candas365.es\/noticias\/wp-json\/wp\/v2\/tags?post=130031"}],"curies":[{"name":"wp","href":"https:\/\/api.w.org\/{rel}","templated":true}]}}