{"id":129986,"date":"2019-09-16T09:54:43","date_gmt":"2019-09-16T09:54:43","guid":{"rendered":"http:\/\/candas365.es\/noticias\/?p=129986"},"modified":"2019-09-16T09:54:43","modified_gmt":"2019-09-16T09:54:43","slug":"neymar-el-culebron-veraniego-con-final-predecible","status":"publish","type":"post","link":"https:\/\/candas365.es\/noticias\/neymar-el-culebron-veraniego-con-final-predecible\/","title":{"rendered":"Neymar, el culebr\u00f3n veraniego con final predecible"},"content":{"rendered":"<p><span style=\"font-weight: 400;\"><img fetchpriority=\"high\" decoding=\"async\" class=\"alignleft size-medium wp-image-129987\" src=\"https:\/\/candas365.es\/noticias\/wp-content\/uploads\/2019\/09\/neymar-360x197.jpg\" alt=\"\" width=\"360\" height=\"197\" srcset=\"https:\/\/candas365.es\/noticias\/wp-content\/uploads\/2019\/09\/neymar-360x197.jpg 360w, https:\/\/candas365.es\/noticias\/wp-content\/uploads\/2019\/09\/neymar-655x359.jpg 655w, https:\/\/candas365.es\/noticias\/wp-content\/uploads\/2019\/09\/neymar.jpg 682w\" sizes=\"(max-width: 360px) 100vw, 360px\" \/>No cabe duda de que la noticia de la que m\u00e1s se habl\u00f3, m\u00e1s se comparti\u00f3 y m\u00e1s se dej\u00f3 ver en los medios de comunicaci\u00f3n durante este verano, con respecto al mercado de fichajes del mundo del f\u00fatbol, ha sido la fallida <\/span><b>salida de Neymar del PSG.<\/b><\/p>\n<p><span style=\"font-weight: 400;\">Sin embargo, cuanto m\u00e1s pasaba el tiempo y m\u00e1s \u201cinformaciones\u201d (entre comillas porque muy pocas son demostrables) se ve\u00eda cada vez m\u00e1s ut\u00f3pico el traspaso del futbolista brasile\u00f1o a alguno de los equipos que lo pretend\u00edan, especialmente el FC Barcelona y Real Madrid, los dos clubes que m\u00e1s se disputaron los servicios del \u201810\u2019 de la canarinha.<\/span><\/p>\n<h2><b>La bomba necesaria nunca lleg\u00f3 a Madrid ni a Barcelona.<\/b><\/h2>\n<p><span style=\"font-weight: 400;\">Para nadie es un secreto que tanto el Bar\u00e7a como el Madrid ten\u00edan (y a\u00fan tienen) la necesidad de dar un golpe a la mesa debido al relativamente bajo nivel futbol\u00edstico que han demostrado durante la temporada pasada y en los inicios de esta, por lo que la opci\u00f3n de hacerse con el futbolista proveniente del Santos era una oportunidad que no pensaban desaprovechar ninguna de las partes.<\/span><\/p>\n<p><span style=\"font-weight: 400;\">Por otro lado, est\u00e1 claro que Neymar no est\u00e1 a gusto en Par\u00eds, desde hace ya m\u00e1s de un a\u00f1o se conoce el descontento continuado que siente el brasile\u00f1o en Francia, considerando que su, partida al PSG signific\u00f3 un retroceso en su carrera, pasando de ser el tercer mejor futbolista del mundo, solo por detr\u00e1s de Messi y Ronaldo, a ser un jugador plagado de lesiones.<\/span><\/p>\n<h2><b>Condiciones id\u00f3neas para todos, excepto para Al-Khela\u00effi.<\/b><\/h2>\n<p><span style=\"font-weight: 400;\">Hasta ahora, todo marcha sobre ruedas, con la necesidad de clubes pudientes como los dos m\u00e1s poderosos de Espa\u00f1a, la salida de un jugador tan deseado como Neymar deber\u00eda estar cantada, \u00bfverdad?<\/span><\/p>\n<h2><b>Pues\u2026 No.<\/b><\/h2>\n<p><span style=\"font-weight: 400;\">La grand\u00edsima cantidad de dinero que desembols\u00f3 el presidente Nassir Al-Khela\u00effi para adquirir a Neymar en 2017, concretamente 222 millones de euros, rompi\u00f3 completamente el mercado de fichajes del f\u00fatbol, aumentando exponencialmente el precio de los traspasos de los jugadores en Europa, llegando a costar un central como Harry Maguire unos 88 millones de euros al Manchester United.<\/span><\/p>\n<p><span style=\"font-weight: 400;\">Por esta impresionante alza de precios, el jeque Al-Khela\u00effi no contempla dentro de sus opciones desprenderse de Neymar sin recibir una buena cantidad de dinero que haga posible el tr\u00e1mite, cantidad que le era muy dif\u00edcil de proporcionar a ambos clubes espa\u00f1oles.<\/span><\/p>\n<p><span style=\"font-weight: 400;\">Por m\u00e1s tratos y acuerdos con jugadores utilizados para abaratar el costo de la operaci\u00f3n, el presidente del PSG no accedi\u00f3 a ninguna de las ofertas del FC Barcelona, equipo que luch\u00f3 por el jugador hasta el \u00faltimo d\u00eda del mercado de fichajes.<\/span><\/p>\n<p><span style=\"font-weight: 400;\">Al existir ofertas tan tentadoras como la de Iv\u00e1n Rakitic, Ousmane Dembel\u00e9 y 60 millones de euros a cambio del extremo brasile\u00f1o, la mayor\u00eda de medios deportivos apostaban por la salida del jugador, diariamente, incluso vaticinando que la consecuci\u00f3n de la operaci\u00f3n ya era solo cuesti\u00f3n de horas.<\/span><\/p>\n<p><span style=\"font-weight: 400;\">Y ya que estamos hablando de apuestas y de f\u00fatbol, existen sitios como <\/span><a href=\"https:\/\/sportsbet.io\/es\/news\" target=\"_blank\" rel=\"noopener noreferrer\"><span style=\"font-weight: 400;\"><span style=\"color: #ff6600;\"><strong>Sportsbet.io noticias de f\u00fatbol<\/strong><\/span><\/span><\/a><span style=\"font-weight: 400;\">, que se encargaron de cubrir el caso sin hacer mucha \u201calharaca\u201d al respecto, cumpliendo con la tarea de informar a sus lectores sin ahogarlos en rumores.\u00a0<\/span><\/p>\n<h2><b>No, no y no.<\/b><\/h2>\n<p><span style=\"font-weight: 400;\">En los \u00faltimos d\u00edas del mercado, pr\u00e1cticamente, cada 4 o 5 horas se publicaba en alg\u00fan medio una nueva oferta por el jugador, proveniente del Bar\u00e7a o del Madrid, siendo todas estas rechazadas por la entidad parisina seg\u00fan los medios.<\/span><\/p>\n<p><span style=\"font-weight: 400;\">De esta forma, las esperanzas de Neymar y los clubes involucrados se fueron diluyendo, a pesar de lo rota que est\u00e1 la relaci\u00f3n del brasile\u00f1o con su afici\u00f3n, quienes lo han increpado dentro del estadio, forzando a que el equipo retirara de sus tiendas la indumentaria con el dorsal 10 del pol\u00e9mico futbolista.<\/span><\/p>\n<h2><b>Color\u00edn, colorado el culebr\u00f3n se ha acabado.<\/b><\/h2>\n<p><span style=\"font-weight: 400;\">Por m\u00e1s esfuerzos de los clubes, el entorno del jugador y de la prensa deportiva para intentar inflar e impulsar la salida de Neymar del PSG, el futbolista se termin\u00f3 quedando en Par\u00eds por las exigencias econ\u00f3micas del presidente del club, quien adem\u00e1s de retener al 10, logr\u00f3 hacerse con los servicios de Keylor Navas y Mauro Icardi en el \u00faltimo d\u00eda de fichajes, jugada maestra.<\/span><\/p>\n<p><span style=\"font-weight: 400;\">M\u00e1s all\u00e1 del desenlace de la historia, tambi\u00e9n hay que poner en contexto la labor de la prensa como gremio en el caso Neymar, ya que se \u201cfiltraban\u201d tantas informaciones diariamente que era totalmente imposible que siquiera alguna fuera real, fomentando a la desinformaci\u00f3n en los lectores.<\/span><\/p>\n<p><span style=\"font-weight: 400;\">Que el \u201cCaso Neymar\u201d sirva tanto a medios, lectores y clubes para no sobredimensionar hechos y operaciones que, ya de por s\u00ed, est\u00e1n bastante sobredimensionadas desde su partida del Barcelona hace dos a\u00f1os, para que de esta forma prevalezca el respeto a la informaci\u00f3n ver\u00eddica, a los jugadores como gremio y a los amantes del f\u00fatbol.<\/span><\/p>\n","protected":false},"excerpt":{"rendered":"<p>No cabe duda de que la noticia de la que m\u00e1s se habl\u00f3, m\u00e1s se comparti\u00f3 y m\u00e1s se dej\u00f3 ver en los medios de comunicaci\u00f3n durante este verano, con respecto al mercado de fichajes del mundo del f\u00fatbol, ha sido la fallida salida de Neymar del PSG. Sin embargo, cuanto m\u00e1s pasaba el tiempo<\/p>\n","protected":false},"author":1,"featured_media":129987,"comment_status":"closed","ping_status":"closed","sticky":false,"template":"","format":"standard","meta":{"footnotes":""},"categories":[319],"tags":[],"class_list":{"0":"post-129986","1":"post","2":"type-post","3":"status-publish","4":"format-standard","5":"has-post-thumbnail","7":"category-deporte"},"aioseo_notices":[],"aioseo_head":"\n\t\t<!-- All in One SEO Pro 4.9.6.2 - aioseo.com -->\n\t<meta name=\"description\" content=\"No cabe duda de que la noticia de la que m\u00e1s se habl\u00f3, m\u00e1s se comparti\u00f3 y m\u00e1s se dej\u00f3 ver en los medios de comunicaci\u00f3n durante este verano, con respecto al mercado de fichajes del mundo del f\u00fatbol, ha sido la fallida salida de Neymar del PSG. Sin embargo, cuanto m\u00e1s pasaba el tiempo\" \/>\n\t<meta name=\"robots\" content=\"max-image-preview:large\" \/>\n\t<meta name=\"author\" content=\"Cand\u00e1s 365\"\/>\n\t<meta name=\"google-site-verification\" content=\"UA-32230408-1\" \/>\n\t<meta name=\"msvalidate.01\" content=\"354F3CDFB2DA171B47FBE9ABF1F88D5\" \/>\n\t<meta name=\"keywords\" content=\"deporte\" \/>\n\t<link rel=\"canonical\" href=\"https:\/\/candas365.es\/noticias\/neymar-el-culebron-veraniego-con-final-predecible\/\" \/>\n\t<meta name=\"generator\" content=\"All in One SEO Pro (AIOSEO) 4.9.6.2\" \/>\n\t\t<meta property=\"og:locale\" content=\"es_ES\" \/>\n\t\t<meta property=\"og:site_name\" content=\"Cand\u00e1s 365\" \/>\n\t\t<meta property=\"og:type\" content=\"article\" \/>\n\t\t<meta property=\"og:title\" content=\"Neymar, el culebr\u00f3n veraniego con final predecible | Cand\u00e1s 365\" \/>\n\t\t<meta property=\"og:description\" content=\"No cabe duda de que la noticia de la que m\u00e1s se habl\u00f3, m\u00e1s se comparti\u00f3 y m\u00e1s se dej\u00f3 ver en los medios de comunicaci\u00f3n durante este verano, con respecto al mercado de fichajes del mundo del f\u00fatbol, ha sido la fallida salida de Neymar del PSG. Sin embargo, cuanto m\u00e1s pasaba el tiempo\" \/>\n\t\t<meta property=\"og:url\" content=\"https:\/\/candas365.es\/noticias\/neymar-el-culebron-veraniego-con-final-predecible\/\" \/>\n\t\t<meta property=\"og:image\" content=\"https:\/\/candas365.es\/noticias\/wp-content\/uploads\/2019\/09\/neymar.jpg\" \/>\n\t\t<meta property=\"og:image:secure_url\" content=\"https:\/\/candas365.es\/noticias\/wp-content\/uploads\/2019\/09\/neymar.jpg\" \/>\n\t\t<meta property=\"og:image:width\" content=\"682\" \/>\n\t\t<meta property=\"og:image:height\" content=\"374\" \/>\n\t\t<meta property=\"article:published_time\" content=\"2019-09-16T09:54:43+00:00\" \/>\n\t\t<meta property=\"article:modified_time\" content=\"2019-09-16T09:54:43+00:00\" \/>\n\t\t<meta property=\"article:publisher\" content=\"https:\/\/www.facebook.com\/Nachofdezber\" \/>\n\t\t<meta property=\"article:author\" content=\"https:\/\/www.facebook.com\/carrenoactualidad\" \/>\n\t\t<meta name=\"twitter:card\" content=\"summary_large_image\" \/>\n\t\t<meta name=\"twitter:site\" content=\"@NabercoDigital\" \/>\n\t\t<meta name=\"twitter:title\" content=\"Neymar, el culebr\u00f3n veraniego con final predecible | Cand\u00e1s 365\" \/>\n\t\t<meta name=\"twitter:description\" content=\"No cabe duda de que la noticia de la que m\u00e1s se habl\u00f3, m\u00e1s se comparti\u00f3 y m\u00e1s se dej\u00f3 ver en los medios de comunicaci\u00f3n durante este verano, con respecto al mercado de fichajes del mundo del f\u00fatbol, ha sido la fallida salida de Neymar del PSG. Sin embargo, cuanto m\u00e1s pasaba el tiempo\" \/>\n\t\t<meta name=\"twitter:creator\" content=\"@nbasturias\" \/>\n\t\t<meta name=\"twitter:image\" content=\"https:\/\/candas365.es\/noticias\/wp-content\/uploads\/2019\/09\/neymar.jpg\" \/>\n\t\t<meta name=\"twitter:label1\" content=\"Escrito por\" \/>\n\t\t<meta name=\"twitter:data1\" content=\"Cand\u00e1s 365\" \/>\n\t\t<meta name=\"twitter:label2\" content=\"Tiempo de lectura estimado\" \/>\n\t\t<meta name=\"twitter:data2\" content=\"4 minutos\" \/>\n\t\t<script type=\"application\/ld+json\" class=\"aioseo-schema\">\n\t\t\t{\"@context\":\"https:\\\/\\\/schema.org\",\"@graph\":[{\"@type\":\"BreadcrumbList\",\"@id\":\"https:\\\/\\\/candas365.es\\\/noticias\\\/neymar-el-culebron-veraniego-con-final-predecible\\\/#breadcrumblist\",\"itemListElement\":[{\"@type\":\"ListItem\",\"@id\":\"https:\\\/\\\/candas365.es\\\/noticias#listItem\",\"position\":1,\"name\":\"Home\",\"item\":\"https:\\\/\\\/candas365.es\\\/noticias\",\"nextItem\":{\"@type\":\"ListItem\",\"@id\":\"https:\\\/\\\/candas365.es\\\/noticias\\\/category\\\/deporte\\\/#listItem\",\"name\":\"Deporte\"}},{\"@type\":\"ListItem\",\"@id\":\"https:\\\/\\\/candas365.es\\\/noticias\\\/category\\\/deporte\\\/#listItem\",\"position\":2,\"name\":\"Deporte\",\"item\":\"https:\\\/\\\/candas365.es\\\/noticias\\\/category\\\/deporte\\\/\",\"nextItem\":{\"@type\":\"ListItem\",\"@id\":\"https:\\\/\\\/candas365.es\\\/noticias\\\/neymar-el-culebron-veraniego-con-final-predecible\\\/#listItem\",\"name\":\"Neymar, el culebr\\u00f3n veraniego con final predecible\"},\"previousItem\":{\"@type\":\"ListItem\",\"@id\":\"https:\\\/\\\/candas365.es\\\/noticias#listItem\",\"name\":\"Home\"}},{\"@type\":\"ListItem\",\"@id\":\"https:\\\/\\\/candas365.es\\\/noticias\\\/neymar-el-culebron-veraniego-con-final-predecible\\\/#listItem\",\"position\":3,\"name\":\"Neymar, el culebr\\u00f3n veraniego con final predecible\",\"previousItem\":{\"@type\":\"ListItem\",\"@id\":\"https:\\\/\\\/candas365.es\\\/noticias\\\/category\\\/deporte\\\/#listItem\",\"name\":\"Deporte\"}}]},{\"@type\":\"NewsArticle\",\"@id\":\"https:\\\/\\\/candas365.es\\\/noticias\\\/neymar-el-culebron-veraniego-con-final-predecible\\\/#newsarticle\",\"name\":\"Neymar, el culebr\\u00f3n veraniego con final predecible | Cand\\u00e1s 365\",\"headline\":\"Neymar, el culebr\\u00f3n veraniego con final predecible\",\"author\":{\"@id\":\"https:\\\/\\\/candas365.es\\\/noticias\\\/author\\\/admin\\\/#author\"},\"publisher\":{\"@id\":\"https:\\\/\\\/candas365.es\\\/noticias\\\/#organization\"},\"image\":{\"@type\":\"ImageObject\",\"url\":\"https:\\\/\\\/candas365.es\\\/noticias\\\/wp-content\\\/uploads\\\/2019\\\/09\\\/neymar.jpg\",\"width\":682,\"height\":374},\"datePublished\":\"2019-09-16T09:54:43+02:00\",\"dateModified\":\"2019-09-16T09:54:43+02:00\",\"inLanguage\":\"es-ES\",\"mainEntityOfPage\":{\"@id\":\"https:\\\/\\\/candas365.es\\\/noticias\\\/neymar-el-culebron-veraniego-con-final-predecible\\\/#webpage\"},\"isPartOf\":{\"@id\":\"https:\\\/\\\/candas365.es\\\/noticias\\\/neymar-el-culebron-veraniego-con-final-predecible\\\/#webpage\"},\"articleSection\":\"Deporte\",\"dateline\":\"Publicado el septiembre 16, 2019.\"},{\"@type\":\"Organization\",\"@id\":\"https:\\\/\\\/candas365.es\\\/noticias\\\/#organization\",\"name\":\"Cand\\u00e1s 365\",\"description\":\"Cand\\u00e1s 365 es un diario digital independiente, fundado en 2012, con base en Asturias. Informamos con rigor sobre actualidad, sociedad, cultura y ocio, con una mirada local y global.\",\"url\":\"https:\\\/\\\/candas365.es\\\/noticias\\\/\",\"email\":\"info@candas365.es\",\"telephone\":\"+34652131393\",\"foundingDate\":\"2012-06-10\",\"logo\":{\"@type\":\"ImageObject\",\"url\":\"https:\\\/\\\/candas365.es\\\/noticias\\\/wp-content\\\/uploads\\\/2024\\\/09\\\/Candas-365-Redes.jpg\",\"@id\":\"https:\\\/\\\/candas365.es\\\/noticias\\\/neymar-el-culebron-veraniego-con-final-predecible\\\/#organizationLogo\",\"width\":1152,\"height\":864,\"caption\":\"Cand\\u00e1s 365 Redes\"},\"image\":{\"@id\":\"https:\\\/\\\/candas365.es\\\/noticias\\\/neymar-el-culebron-veraniego-con-final-predecible\\\/#organizationLogo\"},\"sameAs\":[\"https:\\\/\\\/www.facebook.com\\\/Nachofdezber\",\"https:\\\/\\\/x.com\\\/NabercoDigital\",\"https:\\\/\\\/www.instagram.com\\\/nachofdezber\\\/\",\"https:\\\/\\\/www.youtube.com\\\/channel\\\/UCZP-2wLEB9Rv6erhFmqVnvg\"],\"address\":{\"@id\":\"https:\\\/\\\/candas365.es\\\/noticias\\\/#postaladdress\",\"@type\":\"PostalAddress\",\"streetAddress\":\"san antonio 4, san antonio 4\",\"postalCode\":\"33430\",\"addressLocality\":\"Cand\\u00e1s\",\"addressRegion\":\"Asturias\",\"addressCountry\":\"ES\"}},{\"@type\":\"Person\",\"@id\":\"https:\\\/\\\/candas365.es\\\/noticias\\\/author\\\/admin\\\/#author\",\"url\":\"https:\\\/\\\/candas365.es\\\/noticias\\\/author\\\/admin\\\/\",\"name\":\"Cand\\u00e1s 365\",\"image\":{\"@type\":\"ImageObject\",\"@id\":\"https:\\\/\\\/candas365.es\\\/noticias\\\/neymar-el-culebron-veraniego-con-final-predecible\\\/#authorImage\",\"url\":\"https:\\\/\\\/secure.gravatar.com\\\/avatar\\\/496a8e03d0c493ede1718b7934145dbdf8d89be1036b0eec9544e1094c9de390?s=96&d=mm&r=g\",\"width\":96,\"height\":96,\"caption\":\"Cand\\u00e1s 365\"},\"sameAs\":[\"https:\\\/\\\/www.facebook.com\\\/carrenoactualidad\",\"https:\\\/\\\/twitter.com\\\/nbasturias\",\"https:\\\/\\\/www.instagram.com\\\/nachofdezber\\\/\",\"https:\\\/\\\/www.youtube.com\\\/channel\\\/UCZP-2wLEB9Rv6erhFmqVnvg\"]},{\"@type\":\"WebPage\",\"@id\":\"https:\\\/\\\/candas365.es\\\/noticias\\\/neymar-el-culebron-veraniego-con-final-predecible\\\/#webpage\",\"url\":\"https:\\\/\\\/candas365.es\\\/noticias\\\/neymar-el-culebron-veraniego-con-final-predecible\\\/\",\"name\":\"Neymar, el culebr\\u00f3n veraniego con final predecible | Cand\\u00e1s 365\",\"description\":\"No cabe duda de que la noticia de la que m\\u00e1s se habl\\u00f3, m\\u00e1s se comparti\\u00f3 y m\\u00e1s se dej\\u00f3 ver en los medios de comunicaci\\u00f3n durante este verano, con respecto al mercado de fichajes del mundo del f\\u00fatbol, ha sido la fallida salida de Neymar del PSG. Sin embargo, cuanto m\\u00e1s pasaba el tiempo\",\"inLanguage\":\"es-ES\",\"isPartOf\":{\"@id\":\"https:\\\/\\\/candas365.es\\\/noticias\\\/#website\"},\"breadcrumb\":{\"@id\":\"https:\\\/\\\/candas365.es\\\/noticias\\\/neymar-el-culebron-veraniego-con-final-predecible\\\/#breadcrumblist\"},\"author\":{\"@id\":\"https:\\\/\\\/candas365.es\\\/noticias\\\/author\\\/admin\\\/#author\"},\"creator\":{\"@id\":\"https:\\\/\\\/candas365.es\\\/noticias\\\/author\\\/admin\\\/#author\"},\"image\":{\"@type\":\"ImageObject\",\"url\":\"https:\\\/\\\/candas365.es\\\/noticias\\\/wp-content\\\/uploads\\\/2019\\\/09\\\/neymar.jpg\",\"@id\":\"https:\\\/\\\/candas365.es\\\/noticias\\\/neymar-el-culebron-veraniego-con-final-predecible\\\/#mainImage\",\"width\":682,\"height\":374},\"primaryImageOfPage\":{\"@id\":\"https:\\\/\\\/candas365.es\\\/noticias\\\/neymar-el-culebron-veraniego-con-final-predecible\\\/#mainImage\"},\"datePublished\":\"2019-09-16T09:54:43+02:00\",\"dateModified\":\"2019-09-16T09:54:43+02:00\"},{\"@type\":\"WebSite\",\"@id\":\"https:\\\/\\\/candas365.es\\\/noticias\\\/#website\",\"url\":\"https:\\\/\\\/candas365.es\\\/noticias\\\/\",\"name\":\"Cand\\u00e1s 365\",\"alternateName\":\"Cand\\u00e1s 365 Noticias\",\"description\":\"Actualidad desde Carre\\u00f1o para el mundo\",\"inLanguage\":\"es-ES\",\"publisher\":{\"@id\":\"https:\\\/\\\/candas365.es\\\/noticias\\\/#organization\"}}]}\n\t\t<\/script>\n\t\t<!-- All in One SEO Pro -->\r\n\t\t<title>Neymar, el culebr\u00f3n veraniego con final predecible | Cand\u00e1s 365<\/title>\n\n","aioseo_head_json":{"title":"Neymar, el culebr\u00f3n veraniego con final predecible | Cand\u00e1s 365","description":"No cabe duda de que la noticia de la que m\u00e1s se habl\u00f3, m\u00e1s se comparti\u00f3 y m\u00e1s se dej\u00f3 ver en los medios de comunicaci\u00f3n durante este verano, con respecto al mercado de fichajes del mundo del f\u00fatbol, ha sido la fallida salida de Neymar del PSG. Sin embargo, cuanto m\u00e1s pasaba el tiempo","canonical_url":"https:\/\/candas365.es\/noticias\/neymar-el-culebron-veraniego-con-final-predecible\/","robots":"max-image-preview:large","keywords":"deporte","webmasterTools":{"google-site-verification":"UA-32230408-1","msvalidate.01":"354F3CDFB2DA171B47FBE9ABF1F88D5","miscellaneous":""},"schema":{"@context":"https:\/\/schema.org","@graph":[{"@type":"BreadcrumbList","@id":"https:\/\/candas365.es\/noticias\/neymar-el-culebron-veraniego-con-final-predecible\/#breadcrumblist","itemListElement":[{"@type":"ListItem","@id":"https:\/\/candas365.es\/noticias#listItem","position":1,"name":"Home","item":"https:\/\/candas365.es\/noticias","nextItem":{"@type":"ListItem","@id":"https:\/\/candas365.es\/noticias\/category\/deporte\/#listItem","name":"Deporte"}},{"@type":"ListItem","@id":"https:\/\/candas365.es\/noticias\/category\/deporte\/#listItem","position":2,"name":"Deporte","item":"https:\/\/candas365.es\/noticias\/category\/deporte\/","nextItem":{"@type":"ListItem","@id":"https:\/\/candas365.es\/noticias\/neymar-el-culebron-veraniego-con-final-predecible\/#listItem","name":"Neymar, el culebr\u00f3n veraniego con final predecible"},"previousItem":{"@type":"ListItem","@id":"https:\/\/candas365.es\/noticias#listItem","name":"Home"}},{"@type":"ListItem","@id":"https:\/\/candas365.es\/noticias\/neymar-el-culebron-veraniego-con-final-predecible\/#listItem","position":3,"name":"Neymar, el culebr\u00f3n veraniego con final predecible","previousItem":{"@type":"ListItem","@id":"https:\/\/candas365.es\/noticias\/category\/deporte\/#listItem","name":"Deporte"}}]},{"@type":"NewsArticle","@id":"https:\/\/candas365.es\/noticias\/neymar-el-culebron-veraniego-con-final-predecible\/#newsarticle","name":"Neymar, el culebr\u00f3n veraniego con final predecible | Cand\u00e1s 365","headline":"Neymar, el culebr\u00f3n veraniego con final predecible","author":{"@id":"https:\/\/candas365.es\/noticias\/author\/admin\/#author"},"publisher":{"@id":"https:\/\/candas365.es\/noticias\/#organization"},"image":{"@type":"ImageObject","url":"https:\/\/candas365.es\/noticias\/wp-content\/uploads\/2019\/09\/neymar.jpg","width":682,"height":374},"datePublished":"2019-09-16T09:54:43+02:00","dateModified":"2019-09-16T09:54:43+02:00","inLanguage":"es-ES","mainEntityOfPage":{"@id":"https:\/\/candas365.es\/noticias\/neymar-el-culebron-veraniego-con-final-predecible\/#webpage"},"isPartOf":{"@id":"https:\/\/candas365.es\/noticias\/neymar-el-culebron-veraniego-con-final-predecible\/#webpage"},"articleSection":"Deporte","dateline":"Publicado el septiembre 16, 2019."},{"@type":"Organization","@id":"https:\/\/candas365.es\/noticias\/#organization","name":"Cand\u00e1s 365","description":"Cand\u00e1s 365 es un diario digital independiente, fundado en 2012, con base en Asturias. Informamos con rigor sobre actualidad, sociedad, cultura y ocio, con una mirada local y global.","url":"https:\/\/candas365.es\/noticias\/","email":"info@candas365.es","telephone":"+34652131393","foundingDate":"2012-06-10","logo":{"@type":"ImageObject","url":"https:\/\/candas365.es\/noticias\/wp-content\/uploads\/2024\/09\/Candas-365-Redes.jpg","@id":"https:\/\/candas365.es\/noticias\/neymar-el-culebron-veraniego-con-final-predecible\/#organizationLogo","width":1152,"height":864,"caption":"Cand\u00e1s 365 Redes"},"image":{"@id":"https:\/\/candas365.es\/noticias\/neymar-el-culebron-veraniego-con-final-predecible\/#organizationLogo"},"sameAs":["https:\/\/www.facebook.com\/Nachofdezber","https:\/\/x.com\/NabercoDigital","https:\/\/www.instagram.com\/nachofdezber\/","https:\/\/www.youtube.com\/channel\/UCZP-2wLEB9Rv6erhFmqVnvg"],"address":{"@id":"https:\/\/candas365.es\/noticias\/#postaladdress","@type":"PostalAddress","streetAddress":"san antonio 4, san antonio 4","postalCode":"33430","addressLocality":"Cand\u00e1s","addressRegion":"Asturias","addressCountry":"ES"}},{"@type":"Person","@id":"https:\/\/candas365.es\/noticias\/author\/admin\/#author","url":"https:\/\/candas365.es\/noticias\/author\/admin\/","name":"Cand\u00e1s 365","image":{"@type":"ImageObject","@id":"https:\/\/candas365.es\/noticias\/neymar-el-culebron-veraniego-con-final-predecible\/#authorImage","url":"https:\/\/secure.gravatar.com\/avatar\/496a8e03d0c493ede1718b7934145dbdf8d89be1036b0eec9544e1094c9de390?s=96&d=mm&r=g","width":96,"height":96,"caption":"Cand\u00e1s 365"},"sameAs":["https:\/\/www.facebook.com\/carrenoactualidad","https:\/\/twitter.com\/nbasturias","https:\/\/www.instagram.com\/nachofdezber\/","https:\/\/www.youtube.com\/channel\/UCZP-2wLEB9Rv6erhFmqVnvg"]},{"@type":"WebPage","@id":"https:\/\/candas365.es\/noticias\/neymar-el-culebron-veraniego-con-final-predecible\/#webpage","url":"https:\/\/candas365.es\/noticias\/neymar-el-culebron-veraniego-con-final-predecible\/","name":"Neymar, el culebr\u00f3n veraniego con final predecible | Cand\u00e1s 365","description":"No cabe duda de que la noticia de la que m\u00e1s se habl\u00f3, m\u00e1s se comparti\u00f3 y m\u00e1s se dej\u00f3 ver en los medios de comunicaci\u00f3n durante este verano, con respecto al mercado de fichajes del mundo del f\u00fatbol, ha sido la fallida salida de Neymar del PSG. Sin embargo, cuanto m\u00e1s pasaba el tiempo","inLanguage":"es-ES","isPartOf":{"@id":"https:\/\/candas365.es\/noticias\/#website"},"breadcrumb":{"@id":"https:\/\/candas365.es\/noticias\/neymar-el-culebron-veraniego-con-final-predecible\/#breadcrumblist"},"author":{"@id":"https:\/\/candas365.es\/noticias\/author\/admin\/#author"},"creator":{"@id":"https:\/\/candas365.es\/noticias\/author\/admin\/#author"},"image":{"@type":"ImageObject","url":"https:\/\/candas365.es\/noticias\/wp-content\/uploads\/2019\/09\/neymar.jpg","@id":"https:\/\/candas365.es\/noticias\/neymar-el-culebron-veraniego-con-final-predecible\/#mainImage","width":682,"height":374},"primaryImageOfPage":{"@id":"https:\/\/candas365.es\/noticias\/neymar-el-culebron-veraniego-con-final-predecible\/#mainImage"},"datePublished":"2019-09-16T09:54:43+02:00","dateModified":"2019-09-16T09:54:43+02:00"},{"@type":"WebSite","@id":"https:\/\/candas365.es\/noticias\/#website","url":"https:\/\/candas365.es\/noticias\/","name":"Cand\u00e1s 365","alternateName":"Cand\u00e1s 365 Noticias","description":"Actualidad desde Carre\u00f1o para el mundo","inLanguage":"es-ES","publisher":{"@id":"https:\/\/candas365.es\/noticias\/#organization"}}]},"og:locale":"es_ES","og:site_name":"Cand\u00e1s 365","og:type":"article","og:title":"Neymar, el culebr\u00f3n veraniego con final predecible | Cand\u00e1s 365","og:description":"No cabe duda de que la noticia de la que m\u00e1s se habl\u00f3, m\u00e1s se comparti\u00f3 y m\u00e1s se dej\u00f3 ver en los medios de comunicaci\u00f3n durante este verano, con respecto al mercado de fichajes del mundo del f\u00fatbol, ha sido la fallida salida de Neymar del PSG. Sin embargo, cuanto m\u00e1s pasaba el tiempo","og:url":"https:\/\/candas365.es\/noticias\/neymar-el-culebron-veraniego-con-final-predecible\/","og:image":"https:\/\/candas365.es\/noticias\/wp-content\/uploads\/2019\/09\/neymar.jpg","og:image:secure_url":"https:\/\/candas365.es\/noticias\/wp-content\/uploads\/2019\/09\/neymar.jpg","og:image:width":682,"og:image:height":374,"article:published_time":"2019-09-16T09:54:43+00:00","article:modified_time":"2019-09-16T09:54:43+00:00","article:publisher":"https:\/\/www.facebook.com\/Nachofdezber","article:author":"https:\/\/www.facebook.com\/carrenoactualidad","twitter:card":"summary_large_image","twitter:site":"@NabercoDigital","twitter:title":"Neymar, el culebr\u00f3n veraniego con final predecible | Cand\u00e1s 365","twitter:description":"No cabe duda de que la noticia de la que m\u00e1s se habl\u00f3, m\u00e1s se comparti\u00f3 y m\u00e1s se dej\u00f3 ver en los medios de comunicaci\u00f3n durante este verano, con respecto al mercado de fichajes del mundo del f\u00fatbol, ha sido la fallida salida de Neymar del PSG. Sin embargo, cuanto m\u00e1s pasaba el tiempo","twitter:creator":"@nbasturias","twitter:image":"https:\/\/candas365.es\/noticias\/wp-content\/uploads\/2019\/09\/neymar.jpg","twitter:label1":"Escrito por","twitter:data1":"Cand\u00e1s 365","twitter:label2":"Tiempo de lectura estimado","twitter:data2":"4 minutos"},"aioseo_meta_data":{"post_id":"129986","title":null,"description":null,"keywords":null,"keyphrases":null,"primary_term":null,"canonical_url":null,"og_title":null,"og_description":null,"og_object_type":"default","og_image_type":"default","og_image_url":null,"og_image_width":null,"og_image_height":null,"og_image_custom_url":null,"og_image_custom_fields":null,"og_video":null,"og_custom_url":null,"og_article_section":null,"og_article_tags":null,"twitter_use_og":false,"twitter_card":"default","twitter_image_type":"default","twitter_image_url":null,"twitter_image_custom_url":null,"twitter_image_custom_fields":null,"twitter_title":null,"twitter_description":null,"schema":{"blockGraphs":[],"customGraphs":[],"default":{"data":{"Article":[],"Course":[],"Dataset":[],"FAQPage":[],"Movie":[],"Person":[],"Product":[],"ProductReview":[],"Car":[],"Recipe":[],"Service":[],"SoftwareApplication":[],"WebPage":[]},"graphName":"","isEnabled":true},"graphs":[],"defaultGraph":"","defaultPostTypeGraph":""},"schema_type":null,"schema_type_options":null,"pillar_content":false,"robots_default":true,"robots_noindex":false,"robots_noarchive":false,"robots_nosnippet":false,"robots_nofollow":false,"robots_noimageindex":false,"robots_noodp":false,"robots_notranslate":false,"robots_max_snippet":null,"robots_max_videopreview":null,"robots_max_imagepreview":"large","priority":null,"frequency":null,"location":null,"local_seo":null,"seo_analyzer_scan_date":"2025-08-30 13:46:14","breadcrumb_settings":null,"limit_modified_date":false,"reviewed_by":null,"open_ai":null,"ai":null,"created":"2020-12-21 10:52:32","updated":"2025-08-30 13:46:14"},"aioseo_breadcrumb":"<div class=\"aioseo-breadcrumbs\"><span class=\"aioseo-breadcrumb\">\n\t<a href=\"https:\/\/candas365.es\/noticias\" title=\"Home\">Home<\/a>\n<\/span><span class=\"aioseo-breadcrumb-separator\">&ndash;<\/span><span class=\"aioseo-breadcrumb\">\n\t<a href=\"https:\/\/candas365.es\/noticias\/category\/deporte\/\" title=\"Deporte\">Deporte<\/a>\n<\/span><span class=\"aioseo-breadcrumb-separator\">&ndash;<\/span><span class=\"aioseo-breadcrumb\">\n\tNeymar, el culebr\u00f3n veraniego con final predecible\n<\/span><\/div>","aioseo_breadcrumb_json":[{"label":"Home","link":"https:\/\/candas365.es\/noticias"},{"label":"Deporte","link":"https:\/\/candas365.es\/noticias\/category\/deporte\/"},{"label":"Neymar, el culebr\u00f3n veraniego con final predecible","link":"https:\/\/candas365.es\/noticias\/neymar-el-culebron-veraniego-con-final-predecible\/"}],"_links":{"self":[{"href":"https:\/\/candas365.es\/noticias\/wp-json\/wp\/v2\/posts\/129986","targetHints":{"allow":["GET"]}}],"collection":[{"href":"https:\/\/candas365.es\/noticias\/wp-json\/wp\/v2\/posts"}],"about":[{"href":"https:\/\/candas365.es\/noticias\/wp-json\/wp\/v2\/types\/post"}],"author":[{"embeddable":true,"href":"https:\/\/candas365.es\/noticias\/wp-json\/wp\/v2\/users\/1"}],"replies":[{"embeddable":true,"href":"https:\/\/candas365.es\/noticias\/wp-json\/wp\/v2\/comments?post=129986"}],"version-history":[{"count":0,"href":"https:\/\/candas365.es\/noticias\/wp-json\/wp\/v2\/posts\/129986\/revisions"}],"wp:featuredmedia":[{"embeddable":true,"href":"https:\/\/candas365.es\/noticias\/wp-json\/wp\/v2\/media\/129987"}],"wp:attachment":[{"href":"https:\/\/candas365.es\/noticias\/wp-json\/wp\/v2\/media?parent=129986"}],"wp:term":[{"taxonomy":"category","embeddable":true,"href":"https:\/\/candas365.es\/noticias\/wp-json\/wp\/v2\/categories?post=129986"},{"taxonomy":"post_tag","embeddable":true,"href":"https:\/\/candas365.es\/noticias\/wp-json\/wp\/v2\/tags?post=129986"}],"curies":[{"name":"wp","href":"https:\/\/api.w.org\/{rel}","templated":true}]}}