{"id":129911,"date":"2019-09-13T19:21:38","date_gmt":"2019-09-13T19:21:38","guid":{"rendered":"http:\/\/candas365.es\/noticias\/?p=129911"},"modified":"2019-09-13T19:21:38","modified_gmt":"2019-09-13T19:21:38","slug":"ter-stegen-descontento-con-su-situacion-en-la-mannschaft","status":"publish","type":"post","link":"https:\/\/candas365.es\/noticias\/ter-stegen-descontento-con-su-situacion-en-la-mannschaft\/","title":{"rendered":"Ter Stegen descontento con su situaci\u00f3n en la \u00abMannschaft\u00bb"},"content":{"rendered":"<figure id=\"attachment_129912\" aria-describedby=\"caption-attachment-129912\" style=\"width: 360px\" class=\"wp-caption alignleft\"><img fetchpriority=\"high\" decoding=\"async\" class=\"size-medium wp-image-129912\" src=\"https:\/\/candas365.es\/noticias\/wp-content\/uploads\/2019\/09\/Ter-Stegen-360x248.jpg\" alt=\"\" width=\"360\" height=\"248\" srcset=\"https:\/\/candas365.es\/noticias\/wp-content\/uploads\/2019\/09\/Ter-Stegen-360x248.jpg 360w, https:\/\/candas365.es\/noticias\/wp-content\/uploads\/2019\/09\/Ter-Stegen-768x529.jpg 768w, https:\/\/candas365.es\/noticias\/wp-content\/uploads\/2019\/09\/Ter-Stegen-655x451.jpg 655w, https:\/\/candas365.es\/noticias\/wp-content\/uploads\/2019\/09\/Ter-Stegen-100x70.jpg 100w, https:\/\/candas365.es\/noticias\/wp-content\/uploads\/2019\/09\/Ter-Stegen-218x150.jpg 218w, https:\/\/candas365.es\/noticias\/wp-content\/uploads\/2019\/09\/Ter-Stegen-696x479.jpg 696w, https:\/\/candas365.es\/noticias\/wp-content\/uploads\/2019\/09\/Ter-Stegen-610x420.jpg 610w, https:\/\/candas365.es\/noticias\/wp-content\/uploads\/2019\/09\/Ter-Stegen.jpg 946w\" sizes=\"(max-width: 360px) 100vw, 360px\" \/><figcaption id=\"caption-attachment-129912\" class=\"wp-caption-text\">Foto: Swen Pf\u00f6rtner\/dpa<\/figcaption><\/figure>\n<p>Madrid, 13 sep (dpa) &#8211; Al arquero alem\u00e1n Marc-Andr\u00e9 ter Stegen, titular en el Barcelona y suplente en la selecci\u00f3n germana, le cuesta entender su actual situaci\u00f3n en la \u00abMannschaft\u00bb, seg\u00fan dijo en declaraciones que recoge el diario deportivo espa\u00f1ol \u00abMarca\u00bb.<\/p>\n<p>Durante un evento promocional en Barcelona, el jugador de 27 a\u00f1os se\u00f1al\u00f3 sobre su papel en el banquillo: \u00abNo es f\u00e1cil encontrar una explicaci\u00f3n\u00bb. La \u00faltima vez fue en el partido clasificatorio a la Eurocopa 2020 que el equipo dirigido por Joachim L\u00f6w gan\u00f3 por 2-0 a Irlanda del Norte.<\/p>\n<p>\u00abEstoy dando lo mejor de m\u00ed en cada partido para hacerle m\u00e1s dif\u00edcil la decisi\u00f3n. Estoy intentando entrar en la porter\u00eda como sea, pero ha sido un golpe duro para m\u00ed este viaje con la selecci\u00f3n\u00bb, dijo ter Stegen.<\/p>\n<p>En los \u00faltimos dos partidos de Alemania, el titular en la porter\u00eda fue Manuel Neuer del Bayern, que ya suma 90 partidos con la selecci\u00f3n. Ter Stegen sigue en 22.<\/p>\n<p>Tras permanecer en el banquillo una vez m\u00e1s en Irlanda del Norte, L\u00f6w le prometi\u00f3 a ter Stegen que pronto ser\u00eda titular. \u00abLe dijimos a Marc que \u00e9l tambi\u00e9n tendr\u00e1 sus partidos. Y as\u00ed ser\u00e1\u00bb, dijo el entrenador en Belfast.<\/p>\n<p>El t\u00e9cnico explic\u00f3 que, tras la ca\u00edda por 4-2 ante Holanda unos pocos d\u00edas antes, no quiso cambiar tambi\u00e9n al arquero.<\/p>\n","protected":false},"excerpt":{"rendered":"<p>Madrid, 13 sep (dpa) &#8211; Al arquero alem\u00e1n Marc-Andr\u00e9 ter Stegen, titular en el Barcelona y suplente en la selecci\u00f3n germana, le cuesta entender su actual situaci\u00f3n en la \u00abMannschaft\u00bb, seg\u00fan dijo en declaraciones que recoge el diario deportivo espa\u00f1ol \u00abMarca\u00bb. Durante un evento promocional en Barcelona, el jugador de 27 a\u00f1os se\u00f1al\u00f3 sobre su<\/p>\n","protected":false},"author":1,"featured_media":129912,"comment_status":"closed","ping_status":"closed","sticky":false,"template":"","format":"standard","meta":{"footnotes":""},"categories":[319],"tags":[],"class_list":{"0":"post-129911","1":"post","2":"type-post","3":"status-publish","4":"format-standard","5":"has-post-thumbnail","7":"category-deporte"},"aioseo_notices":[],"aioseo_head":"\n\t\t<!-- All in One SEO Pro 4.9.6.2 - aioseo.com -->\n\t<meta name=\"description\" content=\"Madrid, 13 sep (dpa) - Al arquero alem\u00e1n Marc-Andr\u00e9 ter Stegen, titular en el Barcelona y suplente en la selecci\u00f3n germana, le cuesta entender su actual situaci\u00f3n en la &quot;Mannschaft&quot;, seg\u00fan dijo en declaraciones que recoge el diario deportivo espa\u00f1ol &quot;Marca&quot;. Durante un evento promocional en Barcelona, el jugador de 27 a\u00f1os se\u00f1al\u00f3 sobre su\" \/>\n\t<meta name=\"robots\" content=\"max-image-preview:large\" \/>\n\t<meta name=\"author\" content=\"Cand\u00e1s 365\"\/>\n\t<meta name=\"google-site-verification\" content=\"UA-32230408-1\" \/>\n\t<meta name=\"msvalidate.01\" content=\"354F3CDFB2DA171B47FBE9ABF1F88D5\" \/>\n\t<meta name=\"keywords\" content=\"deporte\" \/>\n\t<link rel=\"canonical\" href=\"https:\/\/candas365.es\/noticias\/ter-stegen-descontento-con-su-situacion-en-la-mannschaft\/\" \/>\n\t<meta name=\"generator\" content=\"All in One SEO Pro (AIOSEO) 4.9.6.2\" \/>\n\t\t<meta property=\"og:locale\" content=\"es_ES\" \/>\n\t\t<meta property=\"og:site_name\" content=\"Cand\u00e1s 365\" \/>\n\t\t<meta property=\"og:type\" content=\"article\" \/>\n\t\t<meta property=\"og:title\" content=\"Ter Stegen descontento con su situaci\u00f3n en la \u00abMannschaft\u00bb | Cand\u00e1s 365\" \/>\n\t\t<meta property=\"og:description\" content=\"Madrid, 13 sep (dpa) - Al arquero alem\u00e1n Marc-Andr\u00e9 ter Stegen, titular en el Barcelona y suplente en la selecci\u00f3n germana, le cuesta entender su actual situaci\u00f3n en la &quot;Mannschaft&quot;, seg\u00fan dijo en declaraciones que recoge el diario deportivo espa\u00f1ol &quot;Marca&quot;. Durante un evento promocional en Barcelona, el jugador de 27 a\u00f1os se\u00f1al\u00f3 sobre su\" \/>\n\t\t<meta property=\"og:url\" content=\"https:\/\/candas365.es\/noticias\/ter-stegen-descontento-con-su-situacion-en-la-mannschaft\/\" \/>\n\t\t<meta property=\"og:image\" content=\"https:\/\/candas365.es\/noticias\/wp-content\/uploads\/2019\/09\/Ter-Stegen.jpg\" \/>\n\t\t<meta property=\"og:image:secure_url\" content=\"https:\/\/candas365.es\/noticias\/wp-content\/uploads\/2019\/09\/Ter-Stegen.jpg\" \/>\n\t\t<meta property=\"og:image:width\" content=\"946\" \/>\n\t\t<meta property=\"og:image:height\" content=\"651\" \/>\n\t\t<meta property=\"article:published_time\" content=\"2019-09-13T19:21:38+00:00\" \/>\n\t\t<meta property=\"article:modified_time\" content=\"2019-09-13T19:21:38+00:00\" \/>\n\t\t<meta property=\"article:publisher\" content=\"https:\/\/www.facebook.com\/Nachofdezber\" \/>\n\t\t<meta property=\"article:author\" content=\"https:\/\/www.facebook.com\/carrenoactualidad\" \/>\n\t\t<meta name=\"twitter:card\" content=\"summary_large_image\" \/>\n\t\t<meta name=\"twitter:site\" content=\"@NabercoDigital\" \/>\n\t\t<meta name=\"twitter:title\" content=\"Ter Stegen descontento con su situaci\u00f3n en la \u00abMannschaft\u00bb | Cand\u00e1s 365\" \/>\n\t\t<meta name=\"twitter:description\" content=\"Madrid, 13 sep (dpa) - Al arquero alem\u00e1n Marc-Andr\u00e9 ter Stegen, titular en el Barcelona y suplente en la selecci\u00f3n germana, le cuesta entender su actual situaci\u00f3n en la &quot;Mannschaft&quot;, seg\u00fan dijo en declaraciones que recoge el diario deportivo espa\u00f1ol &quot;Marca&quot;. Durante un evento promocional en Barcelona, el jugador de 27 a\u00f1os se\u00f1al\u00f3 sobre su\" \/>\n\t\t<meta name=\"twitter:creator\" content=\"@nbasturias\" \/>\n\t\t<meta name=\"twitter:image\" content=\"https:\/\/candas365.es\/noticias\/wp-content\/uploads\/2019\/09\/Ter-Stegen.jpg\" \/>\n\t\t<meta name=\"twitter:label1\" content=\"Escrito por\" \/>\n\t\t<meta name=\"twitter:data1\" content=\"Cand\u00e1s 365\" \/>\n\t\t<meta name=\"twitter:label2\" content=\"Tiempo de lectura estimado\" \/>\n\t\t<meta name=\"twitter:data2\" content=\"1 minuto\" \/>\n\t\t<script type=\"application\/ld+json\" class=\"aioseo-schema\">\n\t\t\t{\"@context\":\"https:\\\/\\\/schema.org\",\"@graph\":[{\"@type\":\"BreadcrumbList\",\"@id\":\"https:\\\/\\\/candas365.es\\\/noticias\\\/ter-stegen-descontento-con-su-situacion-en-la-mannschaft\\\/#breadcrumblist\",\"itemListElement\":[{\"@type\":\"ListItem\",\"@id\":\"https:\\\/\\\/candas365.es\\\/noticias#listItem\",\"position\":1,\"name\":\"Home\",\"item\":\"https:\\\/\\\/candas365.es\\\/noticias\",\"nextItem\":{\"@type\":\"ListItem\",\"@id\":\"https:\\\/\\\/candas365.es\\\/noticias\\\/category\\\/deporte\\\/#listItem\",\"name\":\"Deporte\"}},{\"@type\":\"ListItem\",\"@id\":\"https:\\\/\\\/candas365.es\\\/noticias\\\/category\\\/deporte\\\/#listItem\",\"position\":2,\"name\":\"Deporte\",\"item\":\"https:\\\/\\\/candas365.es\\\/noticias\\\/category\\\/deporte\\\/\",\"nextItem\":{\"@type\":\"ListItem\",\"@id\":\"https:\\\/\\\/candas365.es\\\/noticias\\\/ter-stegen-descontento-con-su-situacion-en-la-mannschaft\\\/#listItem\",\"name\":\"Ter Stegen descontento con su situaci\\u00f3n en la \\u00abMannschaft\\u00bb\"},\"previousItem\":{\"@type\":\"ListItem\",\"@id\":\"https:\\\/\\\/candas365.es\\\/noticias#listItem\",\"name\":\"Home\"}},{\"@type\":\"ListItem\",\"@id\":\"https:\\\/\\\/candas365.es\\\/noticias\\\/ter-stegen-descontento-con-su-situacion-en-la-mannschaft\\\/#listItem\",\"position\":3,\"name\":\"Ter Stegen descontento con su situaci\\u00f3n en la \\u00abMannschaft\\u00bb\",\"previousItem\":{\"@type\":\"ListItem\",\"@id\":\"https:\\\/\\\/candas365.es\\\/noticias\\\/category\\\/deporte\\\/#listItem\",\"name\":\"Deporte\"}}]},{\"@type\":\"NewsArticle\",\"@id\":\"https:\\\/\\\/candas365.es\\\/noticias\\\/ter-stegen-descontento-con-su-situacion-en-la-mannschaft\\\/#newsarticle\",\"name\":\"Ter Stegen descontento con su situaci\\u00f3n en la \\u00abMannschaft\\u00bb | Cand\\u00e1s 365\",\"headline\":\"Ter Stegen descontento con su situaci\\u00f3n en la \\u00abMannschaft\\u00bb\",\"author\":{\"@id\":\"https:\\\/\\\/candas365.es\\\/noticias\\\/author\\\/admin\\\/#author\"},\"publisher\":{\"@id\":\"https:\\\/\\\/candas365.es\\\/noticias\\\/#organization\"},\"image\":{\"@type\":\"ImageObject\",\"url\":\"https:\\\/\\\/candas365.es\\\/noticias\\\/wp-content\\\/uploads\\\/2019\\\/09\\\/Ter-Stegen.jpg\",\"width\":946,\"height\":651,\"caption\":\"Foto: Swen Pf\\u00f6rtner\\\/dpa\"},\"datePublished\":\"2019-09-13T19:21:38+02:00\",\"dateModified\":\"2019-09-13T19:21:38+02:00\",\"inLanguage\":\"es-ES\",\"mainEntityOfPage\":{\"@id\":\"https:\\\/\\\/candas365.es\\\/noticias\\\/ter-stegen-descontento-con-su-situacion-en-la-mannschaft\\\/#webpage\"},\"isPartOf\":{\"@id\":\"https:\\\/\\\/candas365.es\\\/noticias\\\/ter-stegen-descontento-con-su-situacion-en-la-mannschaft\\\/#webpage\"},\"articleSection\":\"Deporte\",\"dateline\":\"Publicado el septiembre 13, 2019.\"},{\"@type\":\"Organization\",\"@id\":\"https:\\\/\\\/candas365.es\\\/noticias\\\/#organization\",\"name\":\"Cand\\u00e1s 365\",\"description\":\"Cand\\u00e1s 365 es un diario digital independiente, fundado en 2012, con base en Asturias. Informamos con rigor sobre actualidad, sociedad, cultura y ocio, con una mirada local y global.\",\"url\":\"https:\\\/\\\/candas365.es\\\/noticias\\\/\",\"email\":\"info@candas365.es\",\"telephone\":\"+34652131393\",\"foundingDate\":\"2012-06-10\",\"logo\":{\"@type\":\"ImageObject\",\"url\":\"https:\\\/\\\/candas365.es\\\/noticias\\\/wp-content\\\/uploads\\\/2024\\\/09\\\/Candas-365-Redes.jpg\",\"@id\":\"https:\\\/\\\/candas365.es\\\/noticias\\\/ter-stegen-descontento-con-su-situacion-en-la-mannschaft\\\/#organizationLogo\",\"width\":1152,\"height\":864,\"caption\":\"Cand\\u00e1s 365 Redes\"},\"image\":{\"@id\":\"https:\\\/\\\/candas365.es\\\/noticias\\\/ter-stegen-descontento-con-su-situacion-en-la-mannschaft\\\/#organizationLogo\"},\"sameAs\":[\"https:\\\/\\\/www.facebook.com\\\/Nachofdezber\",\"https:\\\/\\\/x.com\\\/NabercoDigital\",\"https:\\\/\\\/www.instagram.com\\\/nachofdezber\\\/\",\"https:\\\/\\\/www.youtube.com\\\/channel\\\/UCZP-2wLEB9Rv6erhFmqVnvg\"],\"address\":{\"@id\":\"https:\\\/\\\/candas365.es\\\/noticias\\\/#postaladdress\",\"@type\":\"PostalAddress\",\"streetAddress\":\"san antonio 4, san antonio 4\",\"postalCode\":\"33430\",\"addressLocality\":\"Cand\\u00e1s\",\"addressRegion\":\"Asturias\",\"addressCountry\":\"ES\"}},{\"@type\":\"Person\",\"@id\":\"https:\\\/\\\/candas365.es\\\/noticias\\\/author\\\/admin\\\/#author\",\"url\":\"https:\\\/\\\/candas365.es\\\/noticias\\\/author\\\/admin\\\/\",\"name\":\"Cand\\u00e1s 365\",\"image\":{\"@type\":\"ImageObject\",\"@id\":\"https:\\\/\\\/candas365.es\\\/noticias\\\/ter-stegen-descontento-con-su-situacion-en-la-mannschaft\\\/#authorImage\",\"url\":\"https:\\\/\\\/secure.gravatar.com\\\/avatar\\\/496a8e03d0c493ede1718b7934145dbdf8d89be1036b0eec9544e1094c9de390?s=96&d=mm&r=g\",\"width\":96,\"height\":96,\"caption\":\"Cand\\u00e1s 365\"},\"sameAs\":[\"https:\\\/\\\/www.facebook.com\\\/carrenoactualidad\",\"https:\\\/\\\/twitter.com\\\/nbasturias\",\"https:\\\/\\\/www.instagram.com\\\/nachofdezber\\\/\",\"https:\\\/\\\/www.youtube.com\\\/channel\\\/UCZP-2wLEB9Rv6erhFmqVnvg\"]},{\"@type\":\"WebPage\",\"@id\":\"https:\\\/\\\/candas365.es\\\/noticias\\\/ter-stegen-descontento-con-su-situacion-en-la-mannschaft\\\/#webpage\",\"url\":\"https:\\\/\\\/candas365.es\\\/noticias\\\/ter-stegen-descontento-con-su-situacion-en-la-mannschaft\\\/\",\"name\":\"Ter Stegen descontento con su situaci\\u00f3n en la \\u00abMannschaft\\u00bb | Cand\\u00e1s 365\",\"description\":\"Madrid, 13 sep (dpa) - Al arquero alem\\u00e1n Marc-Andr\\u00e9 ter Stegen, titular en el Barcelona y suplente en la selecci\\u00f3n germana, le cuesta entender su actual situaci\\u00f3n en la \\\"Mannschaft\\\", seg\\u00fan dijo en declaraciones que recoge el diario deportivo espa\\u00f1ol \\\"Marca\\\". Durante un evento promocional en Barcelona, el jugador de 27 a\\u00f1os se\\u00f1al\\u00f3 sobre su\",\"inLanguage\":\"es-ES\",\"isPartOf\":{\"@id\":\"https:\\\/\\\/candas365.es\\\/noticias\\\/#website\"},\"breadcrumb\":{\"@id\":\"https:\\\/\\\/candas365.es\\\/noticias\\\/ter-stegen-descontento-con-su-situacion-en-la-mannschaft\\\/#breadcrumblist\"},\"author\":{\"@id\":\"https:\\\/\\\/candas365.es\\\/noticias\\\/author\\\/admin\\\/#author\"},\"creator\":{\"@id\":\"https:\\\/\\\/candas365.es\\\/noticias\\\/author\\\/admin\\\/#author\"},\"image\":{\"@type\":\"ImageObject\",\"url\":\"https:\\\/\\\/candas365.es\\\/noticias\\\/wp-content\\\/uploads\\\/2019\\\/09\\\/Ter-Stegen.jpg\",\"@id\":\"https:\\\/\\\/candas365.es\\\/noticias\\\/ter-stegen-descontento-con-su-situacion-en-la-mannschaft\\\/#mainImage\",\"width\":946,\"height\":651,\"caption\":\"Foto: Swen Pf\\u00f6rtner\\\/dpa\"},\"primaryImageOfPage\":{\"@id\":\"https:\\\/\\\/candas365.es\\\/noticias\\\/ter-stegen-descontento-con-su-situacion-en-la-mannschaft\\\/#mainImage\"},\"datePublished\":\"2019-09-13T19:21:38+02:00\",\"dateModified\":\"2019-09-13T19:21:38+02:00\"},{\"@type\":\"WebSite\",\"@id\":\"https:\\\/\\\/candas365.es\\\/noticias\\\/#website\",\"url\":\"https:\\\/\\\/candas365.es\\\/noticias\\\/\",\"name\":\"Cand\\u00e1s 365\",\"alternateName\":\"Cand\\u00e1s 365 Noticias\",\"description\":\"Actualidad desde Carre\\u00f1o para el mundo\",\"inLanguage\":\"es-ES\",\"publisher\":{\"@id\":\"https:\\\/\\\/candas365.es\\\/noticias\\\/#organization\"}}]}\n\t\t<\/script>\n\t\t<!-- All in One SEO Pro -->\r\n\t\t<title>Ter Stegen descontento con su situaci\u00f3n en la \u00abMannschaft\u00bb | Cand\u00e1s 365<\/title>\n\n","aioseo_head_json":{"title":"Ter Stegen descontento con su situaci\u00f3n en la \u00abMannschaft\u00bb | Cand\u00e1s 365","description":"Madrid, 13 sep (dpa) - Al arquero alem\u00e1n Marc-Andr\u00e9 ter Stegen, titular en el Barcelona y suplente en la selecci\u00f3n germana, le cuesta entender su actual situaci\u00f3n en la \"Mannschaft\", seg\u00fan dijo en declaraciones que recoge el diario deportivo espa\u00f1ol \"Marca\". Durante un evento promocional en Barcelona, el jugador de 27 a\u00f1os se\u00f1al\u00f3 sobre su","canonical_url":"https:\/\/candas365.es\/noticias\/ter-stegen-descontento-con-su-situacion-en-la-mannschaft\/","robots":"max-image-preview:large","keywords":"deporte","webmasterTools":{"google-site-verification":"UA-32230408-1","msvalidate.01":"354F3CDFB2DA171B47FBE9ABF1F88D5","miscellaneous":""},"schema":{"@context":"https:\/\/schema.org","@graph":[{"@type":"BreadcrumbList","@id":"https:\/\/candas365.es\/noticias\/ter-stegen-descontento-con-su-situacion-en-la-mannschaft\/#breadcrumblist","itemListElement":[{"@type":"ListItem","@id":"https:\/\/candas365.es\/noticias#listItem","position":1,"name":"Home","item":"https:\/\/candas365.es\/noticias","nextItem":{"@type":"ListItem","@id":"https:\/\/candas365.es\/noticias\/category\/deporte\/#listItem","name":"Deporte"}},{"@type":"ListItem","@id":"https:\/\/candas365.es\/noticias\/category\/deporte\/#listItem","position":2,"name":"Deporte","item":"https:\/\/candas365.es\/noticias\/category\/deporte\/","nextItem":{"@type":"ListItem","@id":"https:\/\/candas365.es\/noticias\/ter-stegen-descontento-con-su-situacion-en-la-mannschaft\/#listItem","name":"Ter Stegen descontento con su situaci\u00f3n en la \u00abMannschaft\u00bb"},"previousItem":{"@type":"ListItem","@id":"https:\/\/candas365.es\/noticias#listItem","name":"Home"}},{"@type":"ListItem","@id":"https:\/\/candas365.es\/noticias\/ter-stegen-descontento-con-su-situacion-en-la-mannschaft\/#listItem","position":3,"name":"Ter Stegen descontento con su situaci\u00f3n en la \u00abMannschaft\u00bb","previousItem":{"@type":"ListItem","@id":"https:\/\/candas365.es\/noticias\/category\/deporte\/#listItem","name":"Deporte"}}]},{"@type":"NewsArticle","@id":"https:\/\/candas365.es\/noticias\/ter-stegen-descontento-con-su-situacion-en-la-mannschaft\/#newsarticle","name":"Ter Stegen descontento con su situaci\u00f3n en la \u00abMannschaft\u00bb | Cand\u00e1s 365","headline":"Ter Stegen descontento con su situaci\u00f3n en la \u00abMannschaft\u00bb","author":{"@id":"https:\/\/candas365.es\/noticias\/author\/admin\/#author"},"publisher":{"@id":"https:\/\/candas365.es\/noticias\/#organization"},"image":{"@type":"ImageObject","url":"https:\/\/candas365.es\/noticias\/wp-content\/uploads\/2019\/09\/Ter-Stegen.jpg","width":946,"height":651,"caption":"Foto: Swen Pf\u00f6rtner\/dpa"},"datePublished":"2019-09-13T19:21:38+02:00","dateModified":"2019-09-13T19:21:38+02:00","inLanguage":"es-ES","mainEntityOfPage":{"@id":"https:\/\/candas365.es\/noticias\/ter-stegen-descontento-con-su-situacion-en-la-mannschaft\/#webpage"},"isPartOf":{"@id":"https:\/\/candas365.es\/noticias\/ter-stegen-descontento-con-su-situacion-en-la-mannschaft\/#webpage"},"articleSection":"Deporte","dateline":"Publicado el septiembre 13, 2019."},{"@type":"Organization","@id":"https:\/\/candas365.es\/noticias\/#organization","name":"Cand\u00e1s 365","description":"Cand\u00e1s 365 es un diario digital independiente, fundado en 2012, con base en Asturias. Informamos con rigor sobre actualidad, sociedad, cultura y ocio, con una mirada local y global.","url":"https:\/\/candas365.es\/noticias\/","email":"info@candas365.es","telephone":"+34652131393","foundingDate":"2012-06-10","logo":{"@type":"ImageObject","url":"https:\/\/candas365.es\/noticias\/wp-content\/uploads\/2024\/09\/Candas-365-Redes.jpg","@id":"https:\/\/candas365.es\/noticias\/ter-stegen-descontento-con-su-situacion-en-la-mannschaft\/#organizationLogo","width":1152,"height":864,"caption":"Cand\u00e1s 365 Redes"},"image":{"@id":"https:\/\/candas365.es\/noticias\/ter-stegen-descontento-con-su-situacion-en-la-mannschaft\/#organizationLogo"},"sameAs":["https:\/\/www.facebook.com\/Nachofdezber","https:\/\/x.com\/NabercoDigital","https:\/\/www.instagram.com\/nachofdezber\/","https:\/\/www.youtube.com\/channel\/UCZP-2wLEB9Rv6erhFmqVnvg"],"address":{"@id":"https:\/\/candas365.es\/noticias\/#postaladdress","@type":"PostalAddress","streetAddress":"san antonio 4, san antonio 4","postalCode":"33430","addressLocality":"Cand\u00e1s","addressRegion":"Asturias","addressCountry":"ES"}},{"@type":"Person","@id":"https:\/\/candas365.es\/noticias\/author\/admin\/#author","url":"https:\/\/candas365.es\/noticias\/author\/admin\/","name":"Cand\u00e1s 365","image":{"@type":"ImageObject","@id":"https:\/\/candas365.es\/noticias\/ter-stegen-descontento-con-su-situacion-en-la-mannschaft\/#authorImage","url":"https:\/\/secure.gravatar.com\/avatar\/496a8e03d0c493ede1718b7934145dbdf8d89be1036b0eec9544e1094c9de390?s=96&d=mm&r=g","width":96,"height":96,"caption":"Cand\u00e1s 365"},"sameAs":["https:\/\/www.facebook.com\/carrenoactualidad","https:\/\/twitter.com\/nbasturias","https:\/\/www.instagram.com\/nachofdezber\/","https:\/\/www.youtube.com\/channel\/UCZP-2wLEB9Rv6erhFmqVnvg"]},{"@type":"WebPage","@id":"https:\/\/candas365.es\/noticias\/ter-stegen-descontento-con-su-situacion-en-la-mannschaft\/#webpage","url":"https:\/\/candas365.es\/noticias\/ter-stegen-descontento-con-su-situacion-en-la-mannschaft\/","name":"Ter Stegen descontento con su situaci\u00f3n en la \u00abMannschaft\u00bb | Cand\u00e1s 365","description":"Madrid, 13 sep (dpa) - Al arquero alem\u00e1n Marc-Andr\u00e9 ter Stegen, titular en el Barcelona y suplente en la selecci\u00f3n germana, le cuesta entender su actual situaci\u00f3n en la \"Mannschaft\", seg\u00fan dijo en declaraciones que recoge el diario deportivo espa\u00f1ol \"Marca\". Durante un evento promocional en Barcelona, el jugador de 27 a\u00f1os se\u00f1al\u00f3 sobre su","inLanguage":"es-ES","isPartOf":{"@id":"https:\/\/candas365.es\/noticias\/#website"},"breadcrumb":{"@id":"https:\/\/candas365.es\/noticias\/ter-stegen-descontento-con-su-situacion-en-la-mannschaft\/#breadcrumblist"},"author":{"@id":"https:\/\/candas365.es\/noticias\/author\/admin\/#author"},"creator":{"@id":"https:\/\/candas365.es\/noticias\/author\/admin\/#author"},"image":{"@type":"ImageObject","url":"https:\/\/candas365.es\/noticias\/wp-content\/uploads\/2019\/09\/Ter-Stegen.jpg","@id":"https:\/\/candas365.es\/noticias\/ter-stegen-descontento-con-su-situacion-en-la-mannschaft\/#mainImage","width":946,"height":651,"caption":"Foto: Swen Pf\u00f6rtner\/dpa"},"primaryImageOfPage":{"@id":"https:\/\/candas365.es\/noticias\/ter-stegen-descontento-con-su-situacion-en-la-mannschaft\/#mainImage"},"datePublished":"2019-09-13T19:21:38+02:00","dateModified":"2019-09-13T19:21:38+02:00"},{"@type":"WebSite","@id":"https:\/\/candas365.es\/noticias\/#website","url":"https:\/\/candas365.es\/noticias\/","name":"Cand\u00e1s 365","alternateName":"Cand\u00e1s 365 Noticias","description":"Actualidad desde Carre\u00f1o para el mundo","inLanguage":"es-ES","publisher":{"@id":"https:\/\/candas365.es\/noticias\/#organization"}}]},"og:locale":"es_ES","og:site_name":"Cand\u00e1s 365","og:type":"article","og:title":"Ter Stegen descontento con su situaci\u00f3n en la \u00abMannschaft\u00bb | Cand\u00e1s 365","og:description":"Madrid, 13 sep (dpa) - Al arquero alem\u00e1n Marc-Andr\u00e9 ter Stegen, titular en el Barcelona y suplente en la selecci\u00f3n germana, le cuesta entender su actual situaci\u00f3n en la &quot;Mannschaft&quot;, seg\u00fan dijo en declaraciones que recoge el diario deportivo espa\u00f1ol &quot;Marca&quot;. Durante un evento promocional en Barcelona, el jugador de 27 a\u00f1os se\u00f1al\u00f3 sobre su","og:url":"https:\/\/candas365.es\/noticias\/ter-stegen-descontento-con-su-situacion-en-la-mannschaft\/","og:image":"https:\/\/candas365.es\/noticias\/wp-content\/uploads\/2019\/09\/Ter-Stegen.jpg","og:image:secure_url":"https:\/\/candas365.es\/noticias\/wp-content\/uploads\/2019\/09\/Ter-Stegen.jpg","og:image:width":946,"og:image:height":651,"article:published_time":"2019-09-13T19:21:38+00:00","article:modified_time":"2019-09-13T19:21:38+00:00","article:publisher":"https:\/\/www.facebook.com\/Nachofdezber","article:author":"https:\/\/www.facebook.com\/carrenoactualidad","twitter:card":"summary_large_image","twitter:site":"@NabercoDigital","twitter:title":"Ter Stegen descontento con su situaci\u00f3n en la \u00abMannschaft\u00bb | Cand\u00e1s 365","twitter:description":"Madrid, 13 sep (dpa) - Al arquero alem\u00e1n Marc-Andr\u00e9 ter Stegen, titular en el Barcelona y suplente en la selecci\u00f3n germana, le cuesta entender su actual situaci\u00f3n en la &quot;Mannschaft&quot;, seg\u00fan dijo en declaraciones que recoge el diario deportivo espa\u00f1ol &quot;Marca&quot;. Durante un evento promocional en Barcelona, el jugador de 27 a\u00f1os se\u00f1al\u00f3 sobre su","twitter:creator":"@nbasturias","twitter:image":"https:\/\/candas365.es\/noticias\/wp-content\/uploads\/2019\/09\/Ter-Stegen.jpg","twitter:label1":"Escrito por","twitter:data1":"Cand\u00e1s 365","twitter:label2":"Tiempo de lectura estimado","twitter:data2":"1 minuto"},"aioseo_meta_data":{"post_id":"129911","title":null,"description":null,"keywords":null,"keyphrases":null,"primary_term":null,"canonical_url":null,"og_title":null,"og_description":null,"og_object_type":"default","og_image_type":"default","og_image_url":null,"og_image_width":null,"og_image_height":null,"og_image_custom_url":null,"og_image_custom_fields":null,"og_video":null,"og_custom_url":null,"og_article_section":null,"og_article_tags":null,"twitter_use_og":false,"twitter_card":"default","twitter_image_type":"default","twitter_image_url":null,"twitter_image_custom_url":null,"twitter_image_custom_fields":null,"twitter_title":null,"twitter_description":null,"schema":{"blockGraphs":[],"customGraphs":[],"default":{"data":{"Article":[],"Course":[],"Dataset":[],"FAQPage":[],"Movie":[],"Person":[],"Product":[],"ProductReview":[],"Car":[],"Recipe":[],"Service":[],"SoftwareApplication":[],"WebPage":[]},"graphName":"","isEnabled":true},"graphs":[],"defaultGraph":"","defaultPostTypeGraph":""},"schema_type":null,"schema_type_options":null,"pillar_content":false,"robots_default":true,"robots_noindex":false,"robots_noarchive":false,"robots_nosnippet":false,"robots_nofollow":false,"robots_noimageindex":false,"robots_noodp":false,"robots_notranslate":false,"robots_max_snippet":null,"robots_max_videopreview":null,"robots_max_imagepreview":"large","priority":null,"frequency":null,"location":null,"local_seo":null,"seo_analyzer_scan_date":"2025-08-30 13:42:11","breadcrumb_settings":null,"limit_modified_date":false,"reviewed_by":null,"open_ai":null,"ai":null,"created":"2020-12-21 10:52:41","updated":"2025-08-30 13:42:11"},"aioseo_breadcrumb":"<div class=\"aioseo-breadcrumbs\"><span class=\"aioseo-breadcrumb\">\n\t<a href=\"https:\/\/candas365.es\/noticias\" title=\"Home\">Home<\/a>\n<\/span><span class=\"aioseo-breadcrumb-separator\">&ndash;<\/span><span class=\"aioseo-breadcrumb\">\n\t<a href=\"https:\/\/candas365.es\/noticias\/category\/deporte\/\" title=\"Deporte\">Deporte<\/a>\n<\/span><span class=\"aioseo-breadcrumb-separator\">&ndash;<\/span><span class=\"aioseo-breadcrumb\">\n\tTer Stegen descontento con su situaci\u00f3n en la \u00abMannschaft\u00bb\n<\/span><\/div>","aioseo_breadcrumb_json":[{"label":"Home","link":"https:\/\/candas365.es\/noticias"},{"label":"Deporte","link":"https:\/\/candas365.es\/noticias\/category\/deporte\/"},{"label":"Ter Stegen descontento con su situaci\u00f3n en la \u00abMannschaft\u00bb","link":"https:\/\/candas365.es\/noticias\/ter-stegen-descontento-con-su-situacion-en-la-mannschaft\/"}],"_links":{"self":[{"href":"https:\/\/candas365.es\/noticias\/wp-json\/wp\/v2\/posts\/129911","targetHints":{"allow":["GET"]}}],"collection":[{"href":"https:\/\/candas365.es\/noticias\/wp-json\/wp\/v2\/posts"}],"about":[{"href":"https:\/\/candas365.es\/noticias\/wp-json\/wp\/v2\/types\/post"}],"author":[{"embeddable":true,"href":"https:\/\/candas365.es\/noticias\/wp-json\/wp\/v2\/users\/1"}],"replies":[{"embeddable":true,"href":"https:\/\/candas365.es\/noticias\/wp-json\/wp\/v2\/comments?post=129911"}],"version-history":[{"count":0,"href":"https:\/\/candas365.es\/noticias\/wp-json\/wp\/v2\/posts\/129911\/revisions"}],"wp:featuredmedia":[{"embeddable":true,"href":"https:\/\/candas365.es\/noticias\/wp-json\/wp\/v2\/media\/129912"}],"wp:attachment":[{"href":"https:\/\/candas365.es\/noticias\/wp-json\/wp\/v2\/media?parent=129911"}],"wp:term":[{"taxonomy":"category","embeddable":true,"href":"https:\/\/candas365.es\/noticias\/wp-json\/wp\/v2\/categories?post=129911"},{"taxonomy":"post_tag","embeddable":true,"href":"https:\/\/candas365.es\/noticias\/wp-json\/wp\/v2\/tags?post=129911"}],"curies":[{"name":"wp","href":"https:\/\/api.w.org\/{rel}","templated":true}]}}