{"id":129739,"date":"2019-09-11T10:59:25","date_gmt":"2019-09-11T10:59:25","guid":{"rendered":"http:\/\/candas365.es\/noticias\/?p=129739"},"modified":"2019-09-11T10:59:25","modified_gmt":"2019-09-11T10:59:25","slug":"low-pide-paciencia-para-reconstruir-la-mannschaft","status":"publish","type":"post","link":"https:\/\/candas365.es\/noticias\/low-pide-paciencia-para-reconstruir-la-mannschaft\/","title":{"rendered":"L\u00f6w pide \u00abpaciencia\u00bb para reconstruir la \u00abMannschaft\u00bb"},"content":{"rendered":"<figure id=\"attachment_129740\" aria-describedby=\"caption-attachment-129740\" style=\"width: 360px\" class=\"wp-caption alignleft\"><img fetchpriority=\"high\" decoding=\"async\" class=\"size-medium wp-image-129740\" src=\"https:\/\/candas365.es\/noticias\/wp-content\/uploads\/2019\/09\/Low-360x227.jpg\" alt=\"\" width=\"360\" height=\"227\" srcset=\"https:\/\/candas365.es\/noticias\/wp-content\/uploads\/2019\/09\/Low-360x227.jpg 360w, https:\/\/candas365.es\/noticias\/wp-content\/uploads\/2019\/09\/Low-768x483.jpg 768w, https:\/\/candas365.es\/noticias\/wp-content\/uploads\/2019\/09\/Low-655x412.jpg 655w, https:\/\/candas365.es\/noticias\/wp-content\/uploads\/2019\/09\/Low-696x438.jpg 696w, https:\/\/candas365.es\/noticias\/wp-content\/uploads\/2019\/09\/Low-667x420.jpg 667w, https:\/\/candas365.es\/noticias\/wp-content\/uploads\/2019\/09\/Low.jpg 1058w\" sizes=\"(max-width: 360px) 100vw, 360px\" \/><figcaption id=\"caption-attachment-129740\" class=\"wp-caption-text\">Joachim L\u00f6w, entrenador de la selecci\u00f3n alemana de f\u00fatbol Foto: Christian Charisius\/dpa<\/figcaption><\/figure>\n<p>Belfast (Irlanda del Norte), 11 sep (dpa) &#8211; El seleccionador germano Joachim L\u00f6w pidi\u00f3 paciencia para reconstruir la selecci\u00f3n alemana de f\u00fatbol tras la derrota ante Holanda y el triunfo en Irlanda del Norte por la fase de clasificaci\u00f3n para la Eurocopa de 2020, en una entrevista que publica hoy el diario \u00abBild\u00bb.<\/p>\n<p>\u00abYo s\u00e9 que las expectativas son siempre enormemente altas, y nosotros mismos tenemos las mayores expectativas\u00bb, destac\u00f3 L\u00f6w, quien sin embargo hizo hincapi\u00e9 en que la \u00abMannschaft\u00bb est\u00e1 en una fase de reestructuraci\u00f3n.<\/p>\n<p>\u00abNo se debe olvidar que estamos en medio de una transformaci\u00f3n y reconstrucci\u00f3n del equipo y no podemos resolver todo con s\u00f3lo apretar un bot\u00f3n\u00bb, agreg\u00f3 el t\u00e9cnico germano.<\/p>\n<p>\u00abDecidimos formar un equipo nuevo con jugadores j\u00f3venes. Y seguiremos por este camino porque estamos convencidos de que es el correcto y que para ello contamos con los jugadores que necesitamos. Les damos toda nuestra confianza, aprecio y apoyo\u00bb, subray\u00f3 L\u00f6w en la entrevista.<\/p>\n<p>Tras la derrota en \u00c1msterdam por 4-2 y el triunfo por 2-0 en Belfast, la selecci\u00f3n alemana lidera el Grupo C de la fase de clasificaci\u00f3n para la Eurocopa 2020 con 12 puntos. Le siguen Irlanda del Norte (9 puntos) y Holanda, que tambi\u00e9n suma nueve unidades pero con un partido menos.<\/p>\n<p>El t\u00e9cnico alem\u00e1n se mostr\u00f3 muy confiado de poder \u00abvolver a la cima del mundo\u00bb con los nuevos jugadores. Pero para ello, se requiere de \u00abpaciencia y continuidad\u00bb, recalc\u00f3 L\u00f6w.<\/p>\n","protected":false},"excerpt":{"rendered":"<p>Belfast (Irlanda del Norte), 11 sep (dpa) &#8211; El seleccionador germano Joachim L\u00f6w pidi\u00f3 paciencia para reconstruir la selecci\u00f3n alemana de f\u00fatbol tras la derrota ante Holanda y el triunfo en Irlanda del Norte por la fase de clasificaci\u00f3n para la Eurocopa de 2020, en una entrevista que publica hoy el diario \u00abBild\u00bb. \u00abYo s\u00e9<\/p>\n","protected":false},"author":1,"featured_media":129740,"comment_status":"closed","ping_status":"closed","sticky":false,"template":"","format":"standard","meta":{"footnotes":""},"categories":[319],"tags":[],"class_list":{"0":"post-129739","1":"post","2":"type-post","3":"status-publish","4":"format-standard","5":"has-post-thumbnail","7":"category-deporte"},"aioseo_notices":[],"aioseo_head":"\n\t\t<!-- All in One SEO Pro 4.9.6.2 - aioseo.com -->\n\t<meta name=\"description\" content=\"Belfast (Irlanda del Norte), 11 sep (dpa) - El seleccionador germano Joachim L\u00f6w pidi\u00f3 paciencia para reconstruir la selecci\u00f3n alemana de f\u00fatbol tras la derrota ante Holanda y el triunfo en Irlanda del Norte por la fase de clasificaci\u00f3n para la Eurocopa de 2020, en una entrevista que publica hoy el diario &quot;Bild&quot;. &quot;Yo s\u00e9\" \/>\n\t<meta name=\"robots\" content=\"max-image-preview:large\" \/>\n\t<meta name=\"author\" content=\"Cand\u00e1s 365\"\/>\n\t<meta name=\"google-site-verification\" content=\"UA-32230408-1\" \/>\n\t<meta name=\"msvalidate.01\" content=\"354F3CDFB2DA171B47FBE9ABF1F88D5\" \/>\n\t<meta name=\"keywords\" content=\"deporte\" \/>\n\t<link rel=\"canonical\" href=\"https:\/\/candas365.es\/noticias\/low-pide-paciencia-para-reconstruir-la-mannschaft\/\" \/>\n\t<meta name=\"generator\" content=\"All in One SEO Pro (AIOSEO) 4.9.6.2\" \/>\n\t\t<meta property=\"og:locale\" content=\"es_ES\" \/>\n\t\t<meta property=\"og:site_name\" content=\"Cand\u00e1s 365\" \/>\n\t\t<meta property=\"og:type\" content=\"article\" \/>\n\t\t<meta property=\"og:title\" content=\"L\u00f6w pide \u00abpaciencia\u00bb para reconstruir la \u00abMannschaft\u00bb | Cand\u00e1s 365\" \/>\n\t\t<meta property=\"og:description\" content=\"Belfast (Irlanda del Norte), 11 sep (dpa) - El seleccionador germano Joachim L\u00f6w pidi\u00f3 paciencia para reconstruir la selecci\u00f3n alemana de f\u00fatbol tras la derrota ante Holanda y el triunfo en Irlanda del Norte por la fase de clasificaci\u00f3n para la Eurocopa de 2020, en una entrevista que publica hoy el diario &quot;Bild&quot;. &quot;Yo s\u00e9\" \/>\n\t\t<meta property=\"og:url\" content=\"https:\/\/candas365.es\/noticias\/low-pide-paciencia-para-reconstruir-la-mannschaft\/\" \/>\n\t\t<meta property=\"og:image\" content=\"https:\/\/candas365.es\/noticias\/wp-content\/uploads\/2019\/09\/Low.jpg\" \/>\n\t\t<meta property=\"og:image:secure_url\" content=\"https:\/\/candas365.es\/noticias\/wp-content\/uploads\/2019\/09\/Low.jpg\" \/>\n\t\t<meta property=\"og:image:width\" content=\"1058\" \/>\n\t\t<meta property=\"og:image:height\" content=\"666\" \/>\n\t\t<meta property=\"article:published_time\" content=\"2019-09-11T10:59:25+00:00\" \/>\n\t\t<meta property=\"article:modified_time\" content=\"2019-09-11T10:59:25+00:00\" \/>\n\t\t<meta property=\"article:publisher\" content=\"https:\/\/www.facebook.com\/Nachofdezber\" \/>\n\t\t<meta property=\"article:author\" content=\"https:\/\/www.facebook.com\/carrenoactualidad\" \/>\n\t\t<meta name=\"twitter:card\" content=\"summary_large_image\" \/>\n\t\t<meta name=\"twitter:site\" content=\"@NabercoDigital\" \/>\n\t\t<meta name=\"twitter:title\" content=\"L\u00f6w pide \u00abpaciencia\u00bb para reconstruir la \u00abMannschaft\u00bb | Cand\u00e1s 365\" \/>\n\t\t<meta name=\"twitter:description\" content=\"Belfast (Irlanda del Norte), 11 sep (dpa) - El seleccionador germano Joachim L\u00f6w pidi\u00f3 paciencia para reconstruir la selecci\u00f3n alemana de f\u00fatbol tras la derrota ante Holanda y el triunfo en Irlanda del Norte por la fase de clasificaci\u00f3n para la Eurocopa de 2020, en una entrevista que publica hoy el diario &quot;Bild&quot;. &quot;Yo s\u00e9\" \/>\n\t\t<meta name=\"twitter:creator\" content=\"@nbasturias\" \/>\n\t\t<meta name=\"twitter:image\" content=\"https:\/\/candas365.es\/noticias\/wp-content\/uploads\/2019\/09\/Low.jpg\" \/>\n\t\t<meta name=\"twitter:label1\" content=\"Escrito por\" \/>\n\t\t<meta name=\"twitter:data1\" content=\"Cand\u00e1s 365\" \/>\n\t\t<meta name=\"twitter:label2\" content=\"Tiempo de lectura estimado\" \/>\n\t\t<meta name=\"twitter:data2\" content=\"1 minuto\" \/>\n\t\t<script type=\"application\/ld+json\" class=\"aioseo-schema\">\n\t\t\t{\"@context\":\"https:\\\/\\\/schema.org\",\"@graph\":[{\"@type\":\"BreadcrumbList\",\"@id\":\"https:\\\/\\\/candas365.es\\\/noticias\\\/low-pide-paciencia-para-reconstruir-la-mannschaft\\\/#breadcrumblist\",\"itemListElement\":[{\"@type\":\"ListItem\",\"@id\":\"https:\\\/\\\/candas365.es\\\/noticias#listItem\",\"position\":1,\"name\":\"Home\",\"item\":\"https:\\\/\\\/candas365.es\\\/noticias\",\"nextItem\":{\"@type\":\"ListItem\",\"@id\":\"https:\\\/\\\/candas365.es\\\/noticias\\\/category\\\/deporte\\\/#listItem\",\"name\":\"Deporte\"}},{\"@type\":\"ListItem\",\"@id\":\"https:\\\/\\\/candas365.es\\\/noticias\\\/category\\\/deporte\\\/#listItem\",\"position\":2,\"name\":\"Deporte\",\"item\":\"https:\\\/\\\/candas365.es\\\/noticias\\\/category\\\/deporte\\\/\",\"nextItem\":{\"@type\":\"ListItem\",\"@id\":\"https:\\\/\\\/candas365.es\\\/noticias\\\/low-pide-paciencia-para-reconstruir-la-mannschaft\\\/#listItem\",\"name\":\"L\\u00f6w pide \\u00abpaciencia\\u00bb para reconstruir la \\u00abMannschaft\\u00bb\"},\"previousItem\":{\"@type\":\"ListItem\",\"@id\":\"https:\\\/\\\/candas365.es\\\/noticias#listItem\",\"name\":\"Home\"}},{\"@type\":\"ListItem\",\"@id\":\"https:\\\/\\\/candas365.es\\\/noticias\\\/low-pide-paciencia-para-reconstruir-la-mannschaft\\\/#listItem\",\"position\":3,\"name\":\"L\\u00f6w pide \\u00abpaciencia\\u00bb para reconstruir la \\u00abMannschaft\\u00bb\",\"previousItem\":{\"@type\":\"ListItem\",\"@id\":\"https:\\\/\\\/candas365.es\\\/noticias\\\/category\\\/deporte\\\/#listItem\",\"name\":\"Deporte\"}}]},{\"@type\":\"NewsArticle\",\"@id\":\"https:\\\/\\\/candas365.es\\\/noticias\\\/low-pide-paciencia-para-reconstruir-la-mannschaft\\\/#newsarticle\",\"name\":\"L\\u00f6w pide \\u00abpaciencia\\u00bb para reconstruir la \\u00abMannschaft\\u00bb | Cand\\u00e1s 365\",\"headline\":\"L\\u00f6w pide \\u00abpaciencia\\u00bb para reconstruir la \\u00abMannschaft\\u00bb\",\"author\":{\"@id\":\"https:\\\/\\\/candas365.es\\\/noticias\\\/author\\\/admin\\\/#author\"},\"publisher\":{\"@id\":\"https:\\\/\\\/candas365.es\\\/noticias\\\/#organization\"},\"image\":{\"@type\":\"ImageObject\",\"url\":\"https:\\\/\\\/candas365.es\\\/noticias\\\/wp-content\\\/uploads\\\/2019\\\/09\\\/Low.jpg\",\"width\":1058,\"height\":666,\"caption\":\"Joachim L\\u00f6w, entrenador de la selecci\\u00f3n alemana de f\\u00fatbol Foto: Christian Charisius\\\/dpa\"},\"datePublished\":\"2019-09-11T10:59:25+02:00\",\"dateModified\":\"2019-09-11T10:59:25+02:00\",\"inLanguage\":\"es-ES\",\"mainEntityOfPage\":{\"@id\":\"https:\\\/\\\/candas365.es\\\/noticias\\\/low-pide-paciencia-para-reconstruir-la-mannschaft\\\/#webpage\"},\"isPartOf\":{\"@id\":\"https:\\\/\\\/candas365.es\\\/noticias\\\/low-pide-paciencia-para-reconstruir-la-mannschaft\\\/#webpage\"},\"articleSection\":\"Deporte\",\"dateline\":\"Publicado el septiembre 11, 2019.\"},{\"@type\":\"Organization\",\"@id\":\"https:\\\/\\\/candas365.es\\\/noticias\\\/#organization\",\"name\":\"Cand\\u00e1s 365\",\"description\":\"Cand\\u00e1s 365 es un diario digital independiente, fundado en 2012, con base en Asturias. Informamos con rigor sobre actualidad, sociedad, cultura y ocio, con una mirada local y global.\",\"url\":\"https:\\\/\\\/candas365.es\\\/noticias\\\/\",\"email\":\"info@candas365.es\",\"telephone\":\"+34652131393\",\"foundingDate\":\"2012-06-10\",\"logo\":{\"@type\":\"ImageObject\",\"url\":\"https:\\\/\\\/candas365.es\\\/noticias\\\/wp-content\\\/uploads\\\/2024\\\/09\\\/Candas-365-Redes.jpg\",\"@id\":\"https:\\\/\\\/candas365.es\\\/noticias\\\/low-pide-paciencia-para-reconstruir-la-mannschaft\\\/#organizationLogo\",\"width\":1152,\"height\":864,\"caption\":\"Cand\\u00e1s 365 Redes\"},\"image\":{\"@id\":\"https:\\\/\\\/candas365.es\\\/noticias\\\/low-pide-paciencia-para-reconstruir-la-mannschaft\\\/#organizationLogo\"},\"sameAs\":[\"https:\\\/\\\/www.facebook.com\\\/Nachofdezber\",\"https:\\\/\\\/x.com\\\/NabercoDigital\",\"https:\\\/\\\/www.instagram.com\\\/nachofdezber\\\/\",\"https:\\\/\\\/www.youtube.com\\\/channel\\\/UCZP-2wLEB9Rv6erhFmqVnvg\"],\"address\":{\"@id\":\"https:\\\/\\\/candas365.es\\\/noticias\\\/#postaladdress\",\"@type\":\"PostalAddress\",\"streetAddress\":\"san antonio 4, san antonio 4\",\"postalCode\":\"33430\",\"addressLocality\":\"Cand\\u00e1s\",\"addressRegion\":\"Asturias\",\"addressCountry\":\"ES\"}},{\"@type\":\"Person\",\"@id\":\"https:\\\/\\\/candas365.es\\\/noticias\\\/author\\\/admin\\\/#author\",\"url\":\"https:\\\/\\\/candas365.es\\\/noticias\\\/author\\\/admin\\\/\",\"name\":\"Cand\\u00e1s 365\",\"image\":{\"@type\":\"ImageObject\",\"@id\":\"https:\\\/\\\/candas365.es\\\/noticias\\\/low-pide-paciencia-para-reconstruir-la-mannschaft\\\/#authorImage\",\"url\":\"https:\\\/\\\/secure.gravatar.com\\\/avatar\\\/496a8e03d0c493ede1718b7934145dbdf8d89be1036b0eec9544e1094c9de390?s=96&d=mm&r=g\",\"width\":96,\"height\":96,\"caption\":\"Cand\\u00e1s 365\"},\"sameAs\":[\"https:\\\/\\\/www.facebook.com\\\/carrenoactualidad\",\"https:\\\/\\\/twitter.com\\\/nbasturias\",\"https:\\\/\\\/www.instagram.com\\\/nachofdezber\\\/\",\"https:\\\/\\\/www.youtube.com\\\/channel\\\/UCZP-2wLEB9Rv6erhFmqVnvg\"]},{\"@type\":\"WebPage\",\"@id\":\"https:\\\/\\\/candas365.es\\\/noticias\\\/low-pide-paciencia-para-reconstruir-la-mannschaft\\\/#webpage\",\"url\":\"https:\\\/\\\/candas365.es\\\/noticias\\\/low-pide-paciencia-para-reconstruir-la-mannschaft\\\/\",\"name\":\"L\\u00f6w pide \\u00abpaciencia\\u00bb para reconstruir la \\u00abMannschaft\\u00bb | Cand\\u00e1s 365\",\"description\":\"Belfast (Irlanda del Norte), 11 sep (dpa) - El seleccionador germano Joachim L\\u00f6w pidi\\u00f3 paciencia para reconstruir la selecci\\u00f3n alemana de f\\u00fatbol tras la derrota ante Holanda y el triunfo en Irlanda del Norte por la fase de clasificaci\\u00f3n para la Eurocopa de 2020, en una entrevista que publica hoy el diario \\\"Bild\\\". \\\"Yo s\\u00e9\",\"inLanguage\":\"es-ES\",\"isPartOf\":{\"@id\":\"https:\\\/\\\/candas365.es\\\/noticias\\\/#website\"},\"breadcrumb\":{\"@id\":\"https:\\\/\\\/candas365.es\\\/noticias\\\/low-pide-paciencia-para-reconstruir-la-mannschaft\\\/#breadcrumblist\"},\"author\":{\"@id\":\"https:\\\/\\\/candas365.es\\\/noticias\\\/author\\\/admin\\\/#author\"},\"creator\":{\"@id\":\"https:\\\/\\\/candas365.es\\\/noticias\\\/author\\\/admin\\\/#author\"},\"image\":{\"@type\":\"ImageObject\",\"url\":\"https:\\\/\\\/candas365.es\\\/noticias\\\/wp-content\\\/uploads\\\/2019\\\/09\\\/Low.jpg\",\"@id\":\"https:\\\/\\\/candas365.es\\\/noticias\\\/low-pide-paciencia-para-reconstruir-la-mannschaft\\\/#mainImage\",\"width\":1058,\"height\":666,\"caption\":\"Joachim L\\u00f6w, entrenador de la selecci\\u00f3n alemana de f\\u00fatbol Foto: Christian Charisius\\\/dpa\"},\"primaryImageOfPage\":{\"@id\":\"https:\\\/\\\/candas365.es\\\/noticias\\\/low-pide-paciencia-para-reconstruir-la-mannschaft\\\/#mainImage\"},\"datePublished\":\"2019-09-11T10:59:25+02:00\",\"dateModified\":\"2019-09-11T10:59:25+02:00\"},{\"@type\":\"WebSite\",\"@id\":\"https:\\\/\\\/candas365.es\\\/noticias\\\/#website\",\"url\":\"https:\\\/\\\/candas365.es\\\/noticias\\\/\",\"name\":\"Cand\\u00e1s 365\",\"alternateName\":\"Cand\\u00e1s 365 Noticias\",\"description\":\"Actualidad desde Carre\\u00f1o para el mundo\",\"inLanguage\":\"es-ES\",\"publisher\":{\"@id\":\"https:\\\/\\\/candas365.es\\\/noticias\\\/#organization\"}}]}\n\t\t<\/script>\n\t\t<!-- All in One SEO Pro -->\r\n\t\t<title>L\u00f6w pide \u00abpaciencia\u00bb para reconstruir la \u00abMannschaft\u00bb | Cand\u00e1s 365<\/title>\n\n","aioseo_head_json":{"title":"L\u00f6w pide \u00abpaciencia\u00bb para reconstruir la \u00abMannschaft\u00bb | Cand\u00e1s 365","description":"Belfast (Irlanda del Norte), 11 sep (dpa) - El seleccionador germano Joachim L\u00f6w pidi\u00f3 paciencia para reconstruir la selecci\u00f3n alemana de f\u00fatbol tras la derrota ante Holanda y el triunfo en Irlanda del Norte por la fase de clasificaci\u00f3n para la Eurocopa de 2020, en una entrevista que publica hoy el diario \"Bild\". \"Yo s\u00e9","canonical_url":"https:\/\/candas365.es\/noticias\/low-pide-paciencia-para-reconstruir-la-mannschaft\/","robots":"max-image-preview:large","keywords":"deporte","webmasterTools":{"google-site-verification":"UA-32230408-1","msvalidate.01":"354F3CDFB2DA171B47FBE9ABF1F88D5","miscellaneous":""},"schema":{"@context":"https:\/\/schema.org","@graph":[{"@type":"BreadcrumbList","@id":"https:\/\/candas365.es\/noticias\/low-pide-paciencia-para-reconstruir-la-mannschaft\/#breadcrumblist","itemListElement":[{"@type":"ListItem","@id":"https:\/\/candas365.es\/noticias#listItem","position":1,"name":"Home","item":"https:\/\/candas365.es\/noticias","nextItem":{"@type":"ListItem","@id":"https:\/\/candas365.es\/noticias\/category\/deporte\/#listItem","name":"Deporte"}},{"@type":"ListItem","@id":"https:\/\/candas365.es\/noticias\/category\/deporte\/#listItem","position":2,"name":"Deporte","item":"https:\/\/candas365.es\/noticias\/category\/deporte\/","nextItem":{"@type":"ListItem","@id":"https:\/\/candas365.es\/noticias\/low-pide-paciencia-para-reconstruir-la-mannschaft\/#listItem","name":"L\u00f6w pide \u00abpaciencia\u00bb para reconstruir la \u00abMannschaft\u00bb"},"previousItem":{"@type":"ListItem","@id":"https:\/\/candas365.es\/noticias#listItem","name":"Home"}},{"@type":"ListItem","@id":"https:\/\/candas365.es\/noticias\/low-pide-paciencia-para-reconstruir-la-mannschaft\/#listItem","position":3,"name":"L\u00f6w pide \u00abpaciencia\u00bb para reconstruir la \u00abMannschaft\u00bb","previousItem":{"@type":"ListItem","@id":"https:\/\/candas365.es\/noticias\/category\/deporte\/#listItem","name":"Deporte"}}]},{"@type":"NewsArticle","@id":"https:\/\/candas365.es\/noticias\/low-pide-paciencia-para-reconstruir-la-mannschaft\/#newsarticle","name":"L\u00f6w pide \u00abpaciencia\u00bb para reconstruir la \u00abMannschaft\u00bb | Cand\u00e1s 365","headline":"L\u00f6w pide \u00abpaciencia\u00bb para reconstruir la \u00abMannschaft\u00bb","author":{"@id":"https:\/\/candas365.es\/noticias\/author\/admin\/#author"},"publisher":{"@id":"https:\/\/candas365.es\/noticias\/#organization"},"image":{"@type":"ImageObject","url":"https:\/\/candas365.es\/noticias\/wp-content\/uploads\/2019\/09\/Low.jpg","width":1058,"height":666,"caption":"Joachim L\u00f6w, entrenador de la selecci\u00f3n alemana de f\u00fatbol Foto: Christian Charisius\/dpa"},"datePublished":"2019-09-11T10:59:25+02:00","dateModified":"2019-09-11T10:59:25+02:00","inLanguage":"es-ES","mainEntityOfPage":{"@id":"https:\/\/candas365.es\/noticias\/low-pide-paciencia-para-reconstruir-la-mannschaft\/#webpage"},"isPartOf":{"@id":"https:\/\/candas365.es\/noticias\/low-pide-paciencia-para-reconstruir-la-mannschaft\/#webpage"},"articleSection":"Deporte","dateline":"Publicado el septiembre 11, 2019."},{"@type":"Organization","@id":"https:\/\/candas365.es\/noticias\/#organization","name":"Cand\u00e1s 365","description":"Cand\u00e1s 365 es un diario digital independiente, fundado en 2012, con base en Asturias. Informamos con rigor sobre actualidad, sociedad, cultura y ocio, con una mirada local y global.","url":"https:\/\/candas365.es\/noticias\/","email":"info@candas365.es","telephone":"+34652131393","foundingDate":"2012-06-10","logo":{"@type":"ImageObject","url":"https:\/\/candas365.es\/noticias\/wp-content\/uploads\/2024\/09\/Candas-365-Redes.jpg","@id":"https:\/\/candas365.es\/noticias\/low-pide-paciencia-para-reconstruir-la-mannschaft\/#organizationLogo","width":1152,"height":864,"caption":"Cand\u00e1s 365 Redes"},"image":{"@id":"https:\/\/candas365.es\/noticias\/low-pide-paciencia-para-reconstruir-la-mannschaft\/#organizationLogo"},"sameAs":["https:\/\/www.facebook.com\/Nachofdezber","https:\/\/x.com\/NabercoDigital","https:\/\/www.instagram.com\/nachofdezber\/","https:\/\/www.youtube.com\/channel\/UCZP-2wLEB9Rv6erhFmqVnvg"],"address":{"@id":"https:\/\/candas365.es\/noticias\/#postaladdress","@type":"PostalAddress","streetAddress":"san antonio 4, san antonio 4","postalCode":"33430","addressLocality":"Cand\u00e1s","addressRegion":"Asturias","addressCountry":"ES"}},{"@type":"Person","@id":"https:\/\/candas365.es\/noticias\/author\/admin\/#author","url":"https:\/\/candas365.es\/noticias\/author\/admin\/","name":"Cand\u00e1s 365","image":{"@type":"ImageObject","@id":"https:\/\/candas365.es\/noticias\/low-pide-paciencia-para-reconstruir-la-mannschaft\/#authorImage","url":"https:\/\/secure.gravatar.com\/avatar\/496a8e03d0c493ede1718b7934145dbdf8d89be1036b0eec9544e1094c9de390?s=96&d=mm&r=g","width":96,"height":96,"caption":"Cand\u00e1s 365"},"sameAs":["https:\/\/www.facebook.com\/carrenoactualidad","https:\/\/twitter.com\/nbasturias","https:\/\/www.instagram.com\/nachofdezber\/","https:\/\/www.youtube.com\/channel\/UCZP-2wLEB9Rv6erhFmqVnvg"]},{"@type":"WebPage","@id":"https:\/\/candas365.es\/noticias\/low-pide-paciencia-para-reconstruir-la-mannschaft\/#webpage","url":"https:\/\/candas365.es\/noticias\/low-pide-paciencia-para-reconstruir-la-mannschaft\/","name":"L\u00f6w pide \u00abpaciencia\u00bb para reconstruir la \u00abMannschaft\u00bb | Cand\u00e1s 365","description":"Belfast (Irlanda del Norte), 11 sep (dpa) - El seleccionador germano Joachim L\u00f6w pidi\u00f3 paciencia para reconstruir la selecci\u00f3n alemana de f\u00fatbol tras la derrota ante Holanda y el triunfo en Irlanda del Norte por la fase de clasificaci\u00f3n para la Eurocopa de 2020, en una entrevista que publica hoy el diario \"Bild\". \"Yo s\u00e9","inLanguage":"es-ES","isPartOf":{"@id":"https:\/\/candas365.es\/noticias\/#website"},"breadcrumb":{"@id":"https:\/\/candas365.es\/noticias\/low-pide-paciencia-para-reconstruir-la-mannschaft\/#breadcrumblist"},"author":{"@id":"https:\/\/candas365.es\/noticias\/author\/admin\/#author"},"creator":{"@id":"https:\/\/candas365.es\/noticias\/author\/admin\/#author"},"image":{"@type":"ImageObject","url":"https:\/\/candas365.es\/noticias\/wp-content\/uploads\/2019\/09\/Low.jpg","@id":"https:\/\/candas365.es\/noticias\/low-pide-paciencia-para-reconstruir-la-mannschaft\/#mainImage","width":1058,"height":666,"caption":"Joachim L\u00f6w, entrenador de la selecci\u00f3n alemana de f\u00fatbol Foto: Christian Charisius\/dpa"},"primaryImageOfPage":{"@id":"https:\/\/candas365.es\/noticias\/low-pide-paciencia-para-reconstruir-la-mannschaft\/#mainImage"},"datePublished":"2019-09-11T10:59:25+02:00","dateModified":"2019-09-11T10:59:25+02:00"},{"@type":"WebSite","@id":"https:\/\/candas365.es\/noticias\/#website","url":"https:\/\/candas365.es\/noticias\/","name":"Cand\u00e1s 365","alternateName":"Cand\u00e1s 365 Noticias","description":"Actualidad desde Carre\u00f1o para el mundo","inLanguage":"es-ES","publisher":{"@id":"https:\/\/candas365.es\/noticias\/#organization"}}]},"og:locale":"es_ES","og:site_name":"Cand\u00e1s 365","og:type":"article","og:title":"L\u00f6w pide \u00abpaciencia\u00bb para reconstruir la \u00abMannschaft\u00bb | Cand\u00e1s 365","og:description":"Belfast (Irlanda del Norte), 11 sep (dpa) - El seleccionador germano Joachim L\u00f6w pidi\u00f3 paciencia para reconstruir la selecci\u00f3n alemana de f\u00fatbol tras la derrota ante Holanda y el triunfo en Irlanda del Norte por la fase de clasificaci\u00f3n para la Eurocopa de 2020, en una entrevista que publica hoy el diario &quot;Bild&quot;. &quot;Yo s\u00e9","og:url":"https:\/\/candas365.es\/noticias\/low-pide-paciencia-para-reconstruir-la-mannschaft\/","og:image":"https:\/\/candas365.es\/noticias\/wp-content\/uploads\/2019\/09\/Low.jpg","og:image:secure_url":"https:\/\/candas365.es\/noticias\/wp-content\/uploads\/2019\/09\/Low.jpg","og:image:width":1058,"og:image:height":666,"article:published_time":"2019-09-11T10:59:25+00:00","article:modified_time":"2019-09-11T10:59:25+00:00","article:publisher":"https:\/\/www.facebook.com\/Nachofdezber","article:author":"https:\/\/www.facebook.com\/carrenoactualidad","twitter:card":"summary_large_image","twitter:site":"@NabercoDigital","twitter:title":"L\u00f6w pide \u00abpaciencia\u00bb para reconstruir la \u00abMannschaft\u00bb | Cand\u00e1s 365","twitter:description":"Belfast (Irlanda del Norte), 11 sep (dpa) - El seleccionador germano Joachim L\u00f6w pidi\u00f3 paciencia para reconstruir la selecci\u00f3n alemana de f\u00fatbol tras la derrota ante Holanda y el triunfo en Irlanda del Norte por la fase de clasificaci\u00f3n para la Eurocopa de 2020, en una entrevista que publica hoy el diario &quot;Bild&quot;. &quot;Yo s\u00e9","twitter:creator":"@nbasturias","twitter:image":"https:\/\/candas365.es\/noticias\/wp-content\/uploads\/2019\/09\/Low.jpg","twitter:label1":"Escrito por","twitter:data1":"Cand\u00e1s 365","twitter:label2":"Tiempo de lectura estimado","twitter:data2":"1 minuto"},"aioseo_meta_data":{"post_id":"129739","title":null,"description":null,"keywords":null,"keyphrases":null,"primary_term":null,"canonical_url":null,"og_title":null,"og_description":null,"og_object_type":"default","og_image_type":"default","og_image_url":null,"og_image_width":null,"og_image_height":null,"og_image_custom_url":null,"og_image_custom_fields":null,"og_video":null,"og_custom_url":null,"og_article_section":null,"og_article_tags":null,"twitter_use_og":false,"twitter_card":"default","twitter_image_type":"default","twitter_image_url":null,"twitter_image_custom_url":null,"twitter_image_custom_fields":null,"twitter_title":null,"twitter_description":null,"schema":{"blockGraphs":[],"customGraphs":[],"default":{"data":{"Article":[],"Course":[],"Dataset":[],"FAQPage":[],"Movie":[],"Person":[],"Product":[],"ProductReview":[],"Car":[],"Recipe":[],"Service":[],"SoftwareApplication":[],"WebPage":[]},"graphName":"","isEnabled":true},"graphs":[],"defaultGraph":"","defaultPostTypeGraph":""},"schema_type":null,"schema_type_options":null,"pillar_content":false,"robots_default":true,"robots_noindex":false,"robots_noarchive":false,"robots_nosnippet":false,"robots_nofollow":false,"robots_noimageindex":false,"robots_noodp":false,"robots_notranslate":false,"robots_max_snippet":null,"robots_max_videopreview":null,"robots_max_imagepreview":"large","priority":null,"frequency":null,"location":null,"local_seo":null,"seo_analyzer_scan_date":"2025-08-30 13:28:30","breadcrumb_settings":null,"limit_modified_date":false,"reviewed_by":null,"open_ai":null,"ai":null,"created":"2020-12-21 10:52:47","updated":"2025-08-30 13:28:30"},"aioseo_breadcrumb":"<div class=\"aioseo-breadcrumbs\"><span class=\"aioseo-breadcrumb\">\n\t<a href=\"https:\/\/candas365.es\/noticias\" title=\"Home\">Home<\/a>\n<\/span><span class=\"aioseo-breadcrumb-separator\">&ndash;<\/span><span class=\"aioseo-breadcrumb\">\n\t<a href=\"https:\/\/candas365.es\/noticias\/category\/deporte\/\" title=\"Deporte\">Deporte<\/a>\n<\/span><span class=\"aioseo-breadcrumb-separator\">&ndash;<\/span><span class=\"aioseo-breadcrumb\">\n\tL\u00f6w pide \u00abpaciencia\u00bb para reconstruir la \u00abMannschaft\u00bb\n<\/span><\/div>","aioseo_breadcrumb_json":[{"label":"Home","link":"https:\/\/candas365.es\/noticias"},{"label":"Deporte","link":"https:\/\/candas365.es\/noticias\/category\/deporte\/"},{"label":"L\u00f6w pide \u00abpaciencia\u00bb para reconstruir la \u00abMannschaft\u00bb","link":"https:\/\/candas365.es\/noticias\/low-pide-paciencia-para-reconstruir-la-mannschaft\/"}],"_links":{"self":[{"href":"https:\/\/candas365.es\/noticias\/wp-json\/wp\/v2\/posts\/129739","targetHints":{"allow":["GET"]}}],"collection":[{"href":"https:\/\/candas365.es\/noticias\/wp-json\/wp\/v2\/posts"}],"about":[{"href":"https:\/\/candas365.es\/noticias\/wp-json\/wp\/v2\/types\/post"}],"author":[{"embeddable":true,"href":"https:\/\/candas365.es\/noticias\/wp-json\/wp\/v2\/users\/1"}],"replies":[{"embeddable":true,"href":"https:\/\/candas365.es\/noticias\/wp-json\/wp\/v2\/comments?post=129739"}],"version-history":[{"count":0,"href":"https:\/\/candas365.es\/noticias\/wp-json\/wp\/v2\/posts\/129739\/revisions"}],"wp:featuredmedia":[{"embeddable":true,"href":"https:\/\/candas365.es\/noticias\/wp-json\/wp\/v2\/media\/129740"}],"wp:attachment":[{"href":"https:\/\/candas365.es\/noticias\/wp-json\/wp\/v2\/media?parent=129739"}],"wp:term":[{"taxonomy":"category","embeddable":true,"href":"https:\/\/candas365.es\/noticias\/wp-json\/wp\/v2\/categories?post=129739"},{"taxonomy":"post_tag","embeddable":true,"href":"https:\/\/candas365.es\/noticias\/wp-json\/wp\/v2\/tags?post=129739"}],"curies":[{"name":"wp","href":"https:\/\/api.w.org\/{rel}","templated":true}]}}