{"id":129572,"date":"2019-09-08T09:41:30","date_gmt":"2019-09-08T09:41:30","guid":{"rendered":"http:\/\/candas365.es\/noticias\/?p=129572"},"modified":"2019-09-08T09:41:30","modified_gmt":"2019-09-08T09:41:30","slug":"leclerc-mantiene-la-pole-en-monza-2019","status":"publish","type":"post","link":"https:\/\/candas365.es\/noticias\/leclerc-mantiene-la-pole-en-monza-2019\/","title":{"rendered":"Leclerc mantiene la pole en Monza 2019"},"content":{"rendered":"<p><img fetchpriority=\"high\" decoding=\"async\" class=\"alignleft size-medium wp-image-91805\" src=\"https:\/\/candas365.es\/noticias\/wp-content\/uploads\/2018\/03\/formula-1-630147_1280-360x239.jpg\" alt=\"\" width=\"360\" height=\"239\" srcset=\"https:\/\/candas365.es\/noticias\/wp-content\/uploads\/2018\/03\/formula-1-630147_1280-360x239.jpg 360w, https:\/\/candas365.es\/noticias\/wp-content\/uploads\/2018\/03\/formula-1-630147_1280-696x463.jpg 696w, https:\/\/candas365.es\/noticias\/wp-content\/uploads\/2018\/03\/formula-1-630147_1280-1068x710.jpg 1068w, https:\/\/candas365.es\/noticias\/wp-content\/uploads\/2018\/03\/formula-1-630147_1280-632x420.jpg 632w, https:\/\/candas365.es\/noticias\/wp-content\/uploads\/2018\/03\/formula-1-630147_1280-768x511.jpg 768w, https:\/\/candas365.es\/noticias\/wp-content\/uploads\/2018\/03\/formula-1-630147_1280-655x435.jpg 655w, https:\/\/candas365.es\/noticias\/wp-content\/uploads\/2018\/03\/formula-1-630147_1280.jpg 1280w\" sizes=\"(max-width: 360px) 100vw, 360px\" \/>Monza (Italia), 7 ago (dpa) &#8211; El piloto monegasco de Ferrari logr\u00f3 mantener la pole en la clasificaci\u00f3n del Gran Premio de Italia, mientras su compa\u00f1ero de equipo, el alem\u00e1n Sebastian Vettel, se tuvo que conformar con la cuarta posici\u00f3n.<\/p>\n<p>El actual campe\u00f3n del mundo, Lewis Hamilton, consigui\u00f3 hacer el segundo mejor tiempo de la parrilla, seguido por su colega en Mercedes, el finland\u00e9s Valtteri Bottas.<\/p>\n<p>El alem\u00e1n Nico H\u00fclkenberg termin\u00f3 sexto, en unos entrenamientos marcados por una curiosa estrategia final de todos los equipos participantes, que motiv\u00f3 que solo Leclerc y el espa\u00f1ol Carlos Sainz pudieran acceder a la \u00faltima vuelta lanzada.<\/p>\n<p>Actualmente, Hamilton lidera la clasificaci\u00f3n general del mundial con 268 puntos, seguido por su compa\u00f1ero Bottas con 203 puntos y el piloto de Red Bull Max Verstappen con 181 puntos, quien en Italia tendr\u00e1 que salir desde el final de la parrilla debido a un cambio de motor.<\/p>\n<p>Vettel, con 169 puntos, y Leclerc, con 157, ocupan de manera respectiva la cuarta y quinta posici\u00f3n de la clasificaci\u00f3n.<\/p>\n<p>El Gran Premio de Italia se celebra en Monza este domingo.<\/p>\n","protected":false},"excerpt":{"rendered":"<p>Monza (Italia), 7 ago (dpa) &#8211; El piloto monegasco de Ferrari logr\u00f3 mantener la pole en la clasificaci\u00f3n del Gran Premio de Italia, mientras su compa\u00f1ero de equipo, el alem\u00e1n Sebastian Vettel, se tuvo que conformar con la cuarta posici\u00f3n. El actual campe\u00f3n del mundo, Lewis Hamilton, consigui\u00f3 hacer el segundo mejor tiempo de la<\/p>\n","protected":false},"author":1,"featured_media":91805,"comment_status":"closed","ping_status":"closed","sticky":false,"template":"","format":"standard","meta":{"footnotes":""},"categories":[319],"tags":[],"class_list":{"0":"post-129572","1":"post","2":"type-post","3":"status-publish","4":"format-standard","5":"has-post-thumbnail","7":"category-deporte"},"aioseo_notices":[],"aioseo_head":"\n\t\t<!-- All in One SEO Pro 4.9.6.2 - aioseo.com -->\n\t<meta name=\"description\" content=\"Monza (Italia), 7 ago (dpa) - El piloto monegasco de Ferrari logr\u00f3 mantener la pole en la clasificaci\u00f3n del Gran Premio de Italia, mientras su compa\u00f1ero de equipo, el alem\u00e1n Sebastian Vettel, se tuvo que conformar con la cuarta posici\u00f3n. El actual campe\u00f3n del mundo, Lewis Hamilton, consigui\u00f3 hacer el segundo mejor tiempo de la\" \/>\n\t<meta name=\"robots\" content=\"max-image-preview:large\" \/>\n\t<meta name=\"author\" content=\"Cand\u00e1s 365\"\/>\n\t<meta name=\"google-site-verification\" content=\"UA-32230408-1\" \/>\n\t<meta name=\"msvalidate.01\" content=\"354F3CDFB2DA171B47FBE9ABF1F88D5\" \/>\n\t<meta name=\"keywords\" content=\"deporte\" \/>\n\t<link rel=\"canonical\" href=\"https:\/\/candas365.es\/noticias\/leclerc-mantiene-la-pole-en-monza-2019\/\" \/>\n\t<meta name=\"generator\" content=\"All in One SEO Pro (AIOSEO) 4.9.6.2\" \/>\n\t\t<meta property=\"og:locale\" content=\"es_ES\" \/>\n\t\t<meta property=\"og:site_name\" content=\"Cand\u00e1s 365\" \/>\n\t\t<meta property=\"og:type\" content=\"article\" \/>\n\t\t<meta property=\"og:title\" content=\"Leclerc mantiene la pole en Monza 2019 | Cand\u00e1s 365\" \/>\n\t\t<meta property=\"og:description\" content=\"Monza (Italia), 7 ago (dpa) - El piloto monegasco de Ferrari logr\u00f3 mantener la pole en la clasificaci\u00f3n del Gran Premio de Italia, mientras su compa\u00f1ero de equipo, el alem\u00e1n Sebastian Vettel, se tuvo que conformar con la cuarta posici\u00f3n. El actual campe\u00f3n del mundo, Lewis Hamilton, consigui\u00f3 hacer el segundo mejor tiempo de la\" \/>\n\t\t<meta property=\"og:url\" content=\"https:\/\/candas365.es\/noticias\/leclerc-mantiene-la-pole-en-monza-2019\/\" \/>\n\t\t<meta property=\"og:image\" content=\"https:\/\/candas365.es\/noticias\/wp-content\/uploads\/2018\/03\/formula-1-630147_1280.jpg\" \/>\n\t\t<meta property=\"og:image:secure_url\" content=\"https:\/\/candas365.es\/noticias\/wp-content\/uploads\/2018\/03\/formula-1-630147_1280.jpg\" \/>\n\t\t<meta property=\"og:image:width\" content=\"1280\" \/>\n\t\t<meta property=\"og:image:height\" content=\"851\" \/>\n\t\t<meta property=\"article:published_time\" content=\"2019-09-08T09:41:30+00:00\" \/>\n\t\t<meta property=\"article:modified_time\" content=\"2019-09-08T09:41:30+00:00\" \/>\n\t\t<meta property=\"article:publisher\" content=\"https:\/\/www.facebook.com\/Nachofdezber\" \/>\n\t\t<meta property=\"article:author\" content=\"https:\/\/www.facebook.com\/carrenoactualidad\" \/>\n\t\t<meta name=\"twitter:card\" content=\"summary_large_image\" \/>\n\t\t<meta name=\"twitter:site\" content=\"@NabercoDigital\" \/>\n\t\t<meta name=\"twitter:title\" content=\"Leclerc mantiene la pole en Monza 2019 | Cand\u00e1s 365\" \/>\n\t\t<meta name=\"twitter:description\" content=\"Monza (Italia), 7 ago (dpa) - El piloto monegasco de Ferrari logr\u00f3 mantener la pole en la clasificaci\u00f3n del Gran Premio de Italia, mientras su compa\u00f1ero de equipo, el alem\u00e1n Sebastian Vettel, se tuvo que conformar con la cuarta posici\u00f3n. El actual campe\u00f3n del mundo, Lewis Hamilton, consigui\u00f3 hacer el segundo mejor tiempo de la\" \/>\n\t\t<meta name=\"twitter:creator\" content=\"@nbasturias\" \/>\n\t\t<meta name=\"twitter:image\" content=\"https:\/\/candas365.es\/noticias\/wp-content\/uploads\/2018\/03\/formula-1-630147_1280.jpg\" \/>\n\t\t<meta name=\"twitter:label1\" content=\"Escrito por\" \/>\n\t\t<meta name=\"twitter:data1\" content=\"Cand\u00e1s 365\" \/>\n\t\t<meta name=\"twitter:label2\" content=\"Tiempo de lectura estimado\" \/>\n\t\t<meta name=\"twitter:data2\" content=\"1 minuto\" \/>\n\t\t<script type=\"application\/ld+json\" class=\"aioseo-schema\">\n\t\t\t{\"@context\":\"https:\\\/\\\/schema.org\",\"@graph\":[{\"@type\":\"BreadcrumbList\",\"@id\":\"https:\\\/\\\/candas365.es\\\/noticias\\\/leclerc-mantiene-la-pole-en-monza-2019\\\/#breadcrumblist\",\"itemListElement\":[{\"@type\":\"ListItem\",\"@id\":\"https:\\\/\\\/candas365.es\\\/noticias#listItem\",\"position\":1,\"name\":\"Home\",\"item\":\"https:\\\/\\\/candas365.es\\\/noticias\",\"nextItem\":{\"@type\":\"ListItem\",\"@id\":\"https:\\\/\\\/candas365.es\\\/noticias\\\/category\\\/deporte\\\/#listItem\",\"name\":\"Deporte\"}},{\"@type\":\"ListItem\",\"@id\":\"https:\\\/\\\/candas365.es\\\/noticias\\\/category\\\/deporte\\\/#listItem\",\"position\":2,\"name\":\"Deporte\",\"item\":\"https:\\\/\\\/candas365.es\\\/noticias\\\/category\\\/deporte\\\/\",\"nextItem\":{\"@type\":\"ListItem\",\"@id\":\"https:\\\/\\\/candas365.es\\\/noticias\\\/leclerc-mantiene-la-pole-en-monza-2019\\\/#listItem\",\"name\":\"Leclerc mantiene la pole en Monza 2019\"},\"previousItem\":{\"@type\":\"ListItem\",\"@id\":\"https:\\\/\\\/candas365.es\\\/noticias#listItem\",\"name\":\"Home\"}},{\"@type\":\"ListItem\",\"@id\":\"https:\\\/\\\/candas365.es\\\/noticias\\\/leclerc-mantiene-la-pole-en-monza-2019\\\/#listItem\",\"position\":3,\"name\":\"Leclerc mantiene la pole en Monza 2019\",\"previousItem\":{\"@type\":\"ListItem\",\"@id\":\"https:\\\/\\\/candas365.es\\\/noticias\\\/category\\\/deporte\\\/#listItem\",\"name\":\"Deporte\"}}]},{\"@type\":\"NewsArticle\",\"@id\":\"https:\\\/\\\/candas365.es\\\/noticias\\\/leclerc-mantiene-la-pole-en-monza-2019\\\/#newsarticle\",\"name\":\"Leclerc mantiene la pole en Monza 2019 | Cand\\u00e1s 365\",\"headline\":\"Leclerc mantiene la pole en Monza 2019\",\"author\":{\"@id\":\"https:\\\/\\\/candas365.es\\\/noticias\\\/author\\\/admin\\\/#author\"},\"publisher\":{\"@id\":\"https:\\\/\\\/candas365.es\\\/noticias\\\/#organization\"},\"image\":{\"@type\":\"ImageObject\",\"url\":\"https:\\\/\\\/candas365.es\\\/noticias\\\/wp-content\\\/uploads\\\/2018\\\/03\\\/formula-1-630147_1280.jpg\",\"width\":1280,\"height\":851},\"datePublished\":\"2019-09-08T09:41:30+02:00\",\"dateModified\":\"2019-09-08T09:41:30+02:00\",\"inLanguage\":\"es-ES\",\"mainEntityOfPage\":{\"@id\":\"https:\\\/\\\/candas365.es\\\/noticias\\\/leclerc-mantiene-la-pole-en-monza-2019\\\/#webpage\"},\"isPartOf\":{\"@id\":\"https:\\\/\\\/candas365.es\\\/noticias\\\/leclerc-mantiene-la-pole-en-monza-2019\\\/#webpage\"},\"articleSection\":\"Deporte\",\"dateline\":\"Publicado el septiembre 8, 2019.\"},{\"@type\":\"Organization\",\"@id\":\"https:\\\/\\\/candas365.es\\\/noticias\\\/#organization\",\"name\":\"Cand\\u00e1s 365\",\"description\":\"Cand\\u00e1s 365 es un diario digital independiente, fundado en 2012, con base en Asturias. Informamos con rigor sobre actualidad, sociedad, cultura y ocio, con una mirada local y global.\",\"url\":\"https:\\\/\\\/candas365.es\\\/noticias\\\/\",\"email\":\"info@candas365.es\",\"telephone\":\"+34652131393\",\"foundingDate\":\"2012-06-10\",\"logo\":{\"@type\":\"ImageObject\",\"url\":\"https:\\\/\\\/candas365.es\\\/noticias\\\/wp-content\\\/uploads\\\/2024\\\/09\\\/Candas-365-Redes.jpg\",\"@id\":\"https:\\\/\\\/candas365.es\\\/noticias\\\/leclerc-mantiene-la-pole-en-monza-2019\\\/#organizationLogo\",\"width\":1152,\"height\":864,\"caption\":\"Cand\\u00e1s 365 Redes\"},\"image\":{\"@id\":\"https:\\\/\\\/candas365.es\\\/noticias\\\/leclerc-mantiene-la-pole-en-monza-2019\\\/#organizationLogo\"},\"sameAs\":[\"https:\\\/\\\/www.facebook.com\\\/Nachofdezber\",\"https:\\\/\\\/x.com\\\/NabercoDigital\",\"https:\\\/\\\/www.instagram.com\\\/nachofdezber\\\/\",\"https:\\\/\\\/www.youtube.com\\\/channel\\\/UCZP-2wLEB9Rv6erhFmqVnvg\"],\"address\":{\"@id\":\"https:\\\/\\\/candas365.es\\\/noticias\\\/#postaladdress\",\"@type\":\"PostalAddress\",\"streetAddress\":\"san antonio 4, san antonio 4\",\"postalCode\":\"33430\",\"addressLocality\":\"Cand\\u00e1s\",\"addressRegion\":\"Asturias\",\"addressCountry\":\"ES\"}},{\"@type\":\"Person\",\"@id\":\"https:\\\/\\\/candas365.es\\\/noticias\\\/author\\\/admin\\\/#author\",\"url\":\"https:\\\/\\\/candas365.es\\\/noticias\\\/author\\\/admin\\\/\",\"name\":\"Cand\\u00e1s 365\",\"image\":{\"@type\":\"ImageObject\",\"@id\":\"https:\\\/\\\/candas365.es\\\/noticias\\\/leclerc-mantiene-la-pole-en-monza-2019\\\/#authorImage\",\"url\":\"https:\\\/\\\/secure.gravatar.com\\\/avatar\\\/496a8e03d0c493ede1718b7934145dbdf8d89be1036b0eec9544e1094c9de390?s=96&d=mm&r=g\",\"width\":96,\"height\":96,\"caption\":\"Cand\\u00e1s 365\"},\"sameAs\":[\"https:\\\/\\\/www.facebook.com\\\/carrenoactualidad\",\"https:\\\/\\\/twitter.com\\\/nbasturias\",\"https:\\\/\\\/www.instagram.com\\\/nachofdezber\\\/\",\"https:\\\/\\\/www.youtube.com\\\/channel\\\/UCZP-2wLEB9Rv6erhFmqVnvg\"]},{\"@type\":\"WebPage\",\"@id\":\"https:\\\/\\\/candas365.es\\\/noticias\\\/leclerc-mantiene-la-pole-en-monza-2019\\\/#webpage\",\"url\":\"https:\\\/\\\/candas365.es\\\/noticias\\\/leclerc-mantiene-la-pole-en-monza-2019\\\/\",\"name\":\"Leclerc mantiene la pole en Monza 2019 | Cand\\u00e1s 365\",\"description\":\"Monza (Italia), 7 ago (dpa) - El piloto monegasco de Ferrari logr\\u00f3 mantener la pole en la clasificaci\\u00f3n del Gran Premio de Italia, mientras su compa\\u00f1ero de equipo, el alem\\u00e1n Sebastian Vettel, se tuvo que conformar con la cuarta posici\\u00f3n. El actual campe\\u00f3n del mundo, Lewis Hamilton, consigui\\u00f3 hacer el segundo mejor tiempo de la\",\"inLanguage\":\"es-ES\",\"isPartOf\":{\"@id\":\"https:\\\/\\\/candas365.es\\\/noticias\\\/#website\"},\"breadcrumb\":{\"@id\":\"https:\\\/\\\/candas365.es\\\/noticias\\\/leclerc-mantiene-la-pole-en-monza-2019\\\/#breadcrumblist\"},\"author\":{\"@id\":\"https:\\\/\\\/candas365.es\\\/noticias\\\/author\\\/admin\\\/#author\"},\"creator\":{\"@id\":\"https:\\\/\\\/candas365.es\\\/noticias\\\/author\\\/admin\\\/#author\"},\"image\":{\"@type\":\"ImageObject\",\"url\":\"https:\\\/\\\/candas365.es\\\/noticias\\\/wp-content\\\/uploads\\\/2018\\\/03\\\/formula-1-630147_1280.jpg\",\"@id\":\"https:\\\/\\\/candas365.es\\\/noticias\\\/leclerc-mantiene-la-pole-en-monza-2019\\\/#mainImage\",\"width\":1280,\"height\":851},\"primaryImageOfPage\":{\"@id\":\"https:\\\/\\\/candas365.es\\\/noticias\\\/leclerc-mantiene-la-pole-en-monza-2019\\\/#mainImage\"},\"datePublished\":\"2019-09-08T09:41:30+02:00\",\"dateModified\":\"2019-09-08T09:41:30+02:00\"},{\"@type\":\"WebSite\",\"@id\":\"https:\\\/\\\/candas365.es\\\/noticias\\\/#website\",\"url\":\"https:\\\/\\\/candas365.es\\\/noticias\\\/\",\"name\":\"Cand\\u00e1s 365\",\"alternateName\":\"Cand\\u00e1s 365 Noticias\",\"description\":\"Actualidad desde Carre\\u00f1o para el mundo\",\"inLanguage\":\"es-ES\",\"publisher\":{\"@id\":\"https:\\\/\\\/candas365.es\\\/noticias\\\/#organization\"}}]}\n\t\t<\/script>\n\t\t<!-- All in One SEO Pro -->\r\n\t\t<title>Leclerc mantiene la pole en Monza 2019 | Cand\u00e1s 365<\/title>\n\n","aioseo_head_json":{"title":"Leclerc mantiene la pole en Monza 2019 | Cand\u00e1s 365","description":"Monza (Italia), 7 ago (dpa) - El piloto monegasco de Ferrari logr\u00f3 mantener la pole en la clasificaci\u00f3n del Gran Premio de Italia, mientras su compa\u00f1ero de equipo, el alem\u00e1n Sebastian Vettel, se tuvo que conformar con la cuarta posici\u00f3n. El actual campe\u00f3n del mundo, Lewis Hamilton, consigui\u00f3 hacer el segundo mejor tiempo de la","canonical_url":"https:\/\/candas365.es\/noticias\/leclerc-mantiene-la-pole-en-monza-2019\/","robots":"max-image-preview:large","keywords":"deporte","webmasterTools":{"google-site-verification":"UA-32230408-1","msvalidate.01":"354F3CDFB2DA171B47FBE9ABF1F88D5","miscellaneous":""},"schema":{"@context":"https:\/\/schema.org","@graph":[{"@type":"BreadcrumbList","@id":"https:\/\/candas365.es\/noticias\/leclerc-mantiene-la-pole-en-monza-2019\/#breadcrumblist","itemListElement":[{"@type":"ListItem","@id":"https:\/\/candas365.es\/noticias#listItem","position":1,"name":"Home","item":"https:\/\/candas365.es\/noticias","nextItem":{"@type":"ListItem","@id":"https:\/\/candas365.es\/noticias\/category\/deporte\/#listItem","name":"Deporte"}},{"@type":"ListItem","@id":"https:\/\/candas365.es\/noticias\/category\/deporte\/#listItem","position":2,"name":"Deporte","item":"https:\/\/candas365.es\/noticias\/category\/deporte\/","nextItem":{"@type":"ListItem","@id":"https:\/\/candas365.es\/noticias\/leclerc-mantiene-la-pole-en-monza-2019\/#listItem","name":"Leclerc mantiene la pole en Monza 2019"},"previousItem":{"@type":"ListItem","@id":"https:\/\/candas365.es\/noticias#listItem","name":"Home"}},{"@type":"ListItem","@id":"https:\/\/candas365.es\/noticias\/leclerc-mantiene-la-pole-en-monza-2019\/#listItem","position":3,"name":"Leclerc mantiene la pole en Monza 2019","previousItem":{"@type":"ListItem","@id":"https:\/\/candas365.es\/noticias\/category\/deporte\/#listItem","name":"Deporte"}}]},{"@type":"NewsArticle","@id":"https:\/\/candas365.es\/noticias\/leclerc-mantiene-la-pole-en-monza-2019\/#newsarticle","name":"Leclerc mantiene la pole en Monza 2019 | Cand\u00e1s 365","headline":"Leclerc mantiene la pole en Monza 2019","author":{"@id":"https:\/\/candas365.es\/noticias\/author\/admin\/#author"},"publisher":{"@id":"https:\/\/candas365.es\/noticias\/#organization"},"image":{"@type":"ImageObject","url":"https:\/\/candas365.es\/noticias\/wp-content\/uploads\/2018\/03\/formula-1-630147_1280.jpg","width":1280,"height":851},"datePublished":"2019-09-08T09:41:30+02:00","dateModified":"2019-09-08T09:41:30+02:00","inLanguage":"es-ES","mainEntityOfPage":{"@id":"https:\/\/candas365.es\/noticias\/leclerc-mantiene-la-pole-en-monza-2019\/#webpage"},"isPartOf":{"@id":"https:\/\/candas365.es\/noticias\/leclerc-mantiene-la-pole-en-monza-2019\/#webpage"},"articleSection":"Deporte","dateline":"Publicado el septiembre 8, 2019."},{"@type":"Organization","@id":"https:\/\/candas365.es\/noticias\/#organization","name":"Cand\u00e1s 365","description":"Cand\u00e1s 365 es un diario digital independiente, fundado en 2012, con base en Asturias. Informamos con rigor sobre actualidad, sociedad, cultura y ocio, con una mirada local y global.","url":"https:\/\/candas365.es\/noticias\/","email":"info@candas365.es","telephone":"+34652131393","foundingDate":"2012-06-10","logo":{"@type":"ImageObject","url":"https:\/\/candas365.es\/noticias\/wp-content\/uploads\/2024\/09\/Candas-365-Redes.jpg","@id":"https:\/\/candas365.es\/noticias\/leclerc-mantiene-la-pole-en-monza-2019\/#organizationLogo","width":1152,"height":864,"caption":"Cand\u00e1s 365 Redes"},"image":{"@id":"https:\/\/candas365.es\/noticias\/leclerc-mantiene-la-pole-en-monza-2019\/#organizationLogo"},"sameAs":["https:\/\/www.facebook.com\/Nachofdezber","https:\/\/x.com\/NabercoDigital","https:\/\/www.instagram.com\/nachofdezber\/","https:\/\/www.youtube.com\/channel\/UCZP-2wLEB9Rv6erhFmqVnvg"],"address":{"@id":"https:\/\/candas365.es\/noticias\/#postaladdress","@type":"PostalAddress","streetAddress":"san antonio 4, san antonio 4","postalCode":"33430","addressLocality":"Cand\u00e1s","addressRegion":"Asturias","addressCountry":"ES"}},{"@type":"Person","@id":"https:\/\/candas365.es\/noticias\/author\/admin\/#author","url":"https:\/\/candas365.es\/noticias\/author\/admin\/","name":"Cand\u00e1s 365","image":{"@type":"ImageObject","@id":"https:\/\/candas365.es\/noticias\/leclerc-mantiene-la-pole-en-monza-2019\/#authorImage","url":"https:\/\/secure.gravatar.com\/avatar\/496a8e03d0c493ede1718b7934145dbdf8d89be1036b0eec9544e1094c9de390?s=96&d=mm&r=g","width":96,"height":96,"caption":"Cand\u00e1s 365"},"sameAs":["https:\/\/www.facebook.com\/carrenoactualidad","https:\/\/twitter.com\/nbasturias","https:\/\/www.instagram.com\/nachofdezber\/","https:\/\/www.youtube.com\/channel\/UCZP-2wLEB9Rv6erhFmqVnvg"]},{"@type":"WebPage","@id":"https:\/\/candas365.es\/noticias\/leclerc-mantiene-la-pole-en-monza-2019\/#webpage","url":"https:\/\/candas365.es\/noticias\/leclerc-mantiene-la-pole-en-monza-2019\/","name":"Leclerc mantiene la pole en Monza 2019 | Cand\u00e1s 365","description":"Monza (Italia), 7 ago (dpa) - El piloto monegasco de Ferrari logr\u00f3 mantener la pole en la clasificaci\u00f3n del Gran Premio de Italia, mientras su compa\u00f1ero de equipo, el alem\u00e1n Sebastian Vettel, se tuvo que conformar con la cuarta posici\u00f3n. El actual campe\u00f3n del mundo, Lewis Hamilton, consigui\u00f3 hacer el segundo mejor tiempo de la","inLanguage":"es-ES","isPartOf":{"@id":"https:\/\/candas365.es\/noticias\/#website"},"breadcrumb":{"@id":"https:\/\/candas365.es\/noticias\/leclerc-mantiene-la-pole-en-monza-2019\/#breadcrumblist"},"author":{"@id":"https:\/\/candas365.es\/noticias\/author\/admin\/#author"},"creator":{"@id":"https:\/\/candas365.es\/noticias\/author\/admin\/#author"},"image":{"@type":"ImageObject","url":"https:\/\/candas365.es\/noticias\/wp-content\/uploads\/2018\/03\/formula-1-630147_1280.jpg","@id":"https:\/\/candas365.es\/noticias\/leclerc-mantiene-la-pole-en-monza-2019\/#mainImage","width":1280,"height":851},"primaryImageOfPage":{"@id":"https:\/\/candas365.es\/noticias\/leclerc-mantiene-la-pole-en-monza-2019\/#mainImage"},"datePublished":"2019-09-08T09:41:30+02:00","dateModified":"2019-09-08T09:41:30+02:00"},{"@type":"WebSite","@id":"https:\/\/candas365.es\/noticias\/#website","url":"https:\/\/candas365.es\/noticias\/","name":"Cand\u00e1s 365","alternateName":"Cand\u00e1s 365 Noticias","description":"Actualidad desde Carre\u00f1o para el mundo","inLanguage":"es-ES","publisher":{"@id":"https:\/\/candas365.es\/noticias\/#organization"}}]},"og:locale":"es_ES","og:site_name":"Cand\u00e1s 365","og:type":"article","og:title":"Leclerc mantiene la pole en Monza 2019 | Cand\u00e1s 365","og:description":"Monza (Italia), 7 ago (dpa) - El piloto monegasco de Ferrari logr\u00f3 mantener la pole en la clasificaci\u00f3n del Gran Premio de Italia, mientras su compa\u00f1ero de equipo, el alem\u00e1n Sebastian Vettel, se tuvo que conformar con la cuarta posici\u00f3n. El actual campe\u00f3n del mundo, Lewis Hamilton, consigui\u00f3 hacer el segundo mejor tiempo de la","og:url":"https:\/\/candas365.es\/noticias\/leclerc-mantiene-la-pole-en-monza-2019\/","og:image":"https:\/\/candas365.es\/noticias\/wp-content\/uploads\/2018\/03\/formula-1-630147_1280.jpg","og:image:secure_url":"https:\/\/candas365.es\/noticias\/wp-content\/uploads\/2018\/03\/formula-1-630147_1280.jpg","og:image:width":1280,"og:image:height":851,"article:published_time":"2019-09-08T09:41:30+00:00","article:modified_time":"2019-09-08T09:41:30+00:00","article:publisher":"https:\/\/www.facebook.com\/Nachofdezber","article:author":"https:\/\/www.facebook.com\/carrenoactualidad","twitter:card":"summary_large_image","twitter:site":"@NabercoDigital","twitter:title":"Leclerc mantiene la pole en Monza 2019 | Cand\u00e1s 365","twitter:description":"Monza (Italia), 7 ago (dpa) - El piloto monegasco de Ferrari logr\u00f3 mantener la pole en la clasificaci\u00f3n del Gran Premio de Italia, mientras su compa\u00f1ero de equipo, el alem\u00e1n Sebastian Vettel, se tuvo que conformar con la cuarta posici\u00f3n. El actual campe\u00f3n del mundo, Lewis Hamilton, consigui\u00f3 hacer el segundo mejor tiempo de la","twitter:creator":"@nbasturias","twitter:image":"https:\/\/candas365.es\/noticias\/wp-content\/uploads\/2018\/03\/formula-1-630147_1280.jpg","twitter:label1":"Escrito por","twitter:data1":"Cand\u00e1s 365","twitter:label2":"Tiempo de lectura estimado","twitter:data2":"1 minuto"},"aioseo_meta_data":{"post_id":"129572","title":null,"description":null,"keywords":null,"keyphrases":null,"primary_term":null,"canonical_url":null,"og_title":null,"og_description":null,"og_object_type":"default","og_image_type":"default","og_image_url":null,"og_image_width":null,"og_image_height":null,"og_image_custom_url":null,"og_image_custom_fields":null,"og_video":null,"og_custom_url":null,"og_article_section":null,"og_article_tags":null,"twitter_use_og":false,"twitter_card":"default","twitter_image_type":"default","twitter_image_url":null,"twitter_image_custom_url":null,"twitter_image_custom_fields":null,"twitter_title":null,"twitter_description":null,"schema":{"blockGraphs":[],"customGraphs":[],"default":{"data":{"Article":[],"Course":[],"Dataset":[],"FAQPage":[],"Movie":[],"Person":[],"Product":[],"ProductReview":[],"Car":[],"Recipe":[],"Service":[],"SoftwareApplication":[],"WebPage":[]},"graphName":"","isEnabled":true},"graphs":[],"defaultGraph":"","defaultPostTypeGraph":""},"schema_type":null,"schema_type_options":null,"pillar_content":false,"robots_default":true,"robots_noindex":false,"robots_noarchive":false,"robots_nosnippet":false,"robots_nofollow":false,"robots_noimageindex":false,"robots_noodp":false,"robots_notranslate":false,"robots_max_snippet":null,"robots_max_videopreview":null,"robots_max_imagepreview":"large","priority":null,"frequency":null,"location":null,"local_seo":null,"seo_analyzer_scan_date":"2025-08-30 13:16:11","breadcrumb_settings":null,"limit_modified_date":false,"reviewed_by":null,"open_ai":null,"ai":null,"created":"2020-12-21 10:52:58","updated":"2025-08-30 13:16:11"},"aioseo_breadcrumb":"<div class=\"aioseo-breadcrumbs\"><span class=\"aioseo-breadcrumb\">\n\t<a href=\"https:\/\/candas365.es\/noticias\" title=\"Home\">Home<\/a>\n<\/span><span class=\"aioseo-breadcrumb-separator\">&ndash;<\/span><span class=\"aioseo-breadcrumb\">\n\t<a href=\"https:\/\/candas365.es\/noticias\/category\/deporte\/\" title=\"Deporte\">Deporte<\/a>\n<\/span><span class=\"aioseo-breadcrumb-separator\">&ndash;<\/span><span class=\"aioseo-breadcrumb\">\n\tLeclerc mantiene la pole en Monza 2019\n<\/span><\/div>","aioseo_breadcrumb_json":[{"label":"Home","link":"https:\/\/candas365.es\/noticias"},{"label":"Deporte","link":"https:\/\/candas365.es\/noticias\/category\/deporte\/"},{"label":"Leclerc mantiene la pole en Monza 2019","link":"https:\/\/candas365.es\/noticias\/leclerc-mantiene-la-pole-en-monza-2019\/"}],"_links":{"self":[{"href":"https:\/\/candas365.es\/noticias\/wp-json\/wp\/v2\/posts\/129572","targetHints":{"allow":["GET"]}}],"collection":[{"href":"https:\/\/candas365.es\/noticias\/wp-json\/wp\/v2\/posts"}],"about":[{"href":"https:\/\/candas365.es\/noticias\/wp-json\/wp\/v2\/types\/post"}],"author":[{"embeddable":true,"href":"https:\/\/candas365.es\/noticias\/wp-json\/wp\/v2\/users\/1"}],"replies":[{"embeddable":true,"href":"https:\/\/candas365.es\/noticias\/wp-json\/wp\/v2\/comments?post=129572"}],"version-history":[{"count":0,"href":"https:\/\/candas365.es\/noticias\/wp-json\/wp\/v2\/posts\/129572\/revisions"}],"wp:featuredmedia":[{"embeddable":true,"href":"https:\/\/candas365.es\/noticias\/wp-json\/wp\/v2\/media\/91805"}],"wp:attachment":[{"href":"https:\/\/candas365.es\/noticias\/wp-json\/wp\/v2\/media?parent=129572"}],"wp:term":[{"taxonomy":"category","embeddable":true,"href":"https:\/\/candas365.es\/noticias\/wp-json\/wp\/v2\/categories?post=129572"},{"taxonomy":"post_tag","embeddable":true,"href":"https:\/\/candas365.es\/noticias\/wp-json\/wp\/v2\/tags?post=129572"}],"curies":[{"name":"wp","href":"https:\/\/api.w.org\/{rel}","templated":true}]}}