{"id":129540,"date":"2019-09-07T14:21:23","date_gmt":"2019-09-07T14:21:23","guid":{"rendered":"http:\/\/candas365.es\/noticias\/?p=129540"},"modified":"2019-09-07T14:21:23","modified_gmt":"2019-09-07T14:21:23","slug":"el-consorcio-de-transportes-de-asturias-prestara-servicio-a-las-escuelas-rurales-de-carreno","status":"publish","type":"post","link":"https:\/\/candas365.es\/noticias\/el-consorcio-de-transportes-de-asturias-prestara-servicio-a-las-escuelas-rurales-de-carreno\/","title":{"rendered":"El Consorcio de Transportes de Asturias prestar\u00e1 servicio a las escuelas rurales de Carre\u00f1o"},"content":{"rendered":"<p><img fetchpriority=\"high\" decoding=\"async\" class=\"alignleft size-medium wp-image-129541\" src=\"https:\/\/candas365.es\/noticias\/wp-content\/uploads\/2019\/09\/ruta-escolar-360x284.jpg\" alt=\"\" width=\"360\" height=\"284\" srcset=\"https:\/\/candas365.es\/noticias\/wp-content\/uploads\/2019\/09\/ruta-escolar-360x284.jpg 360w, https:\/\/candas365.es\/noticias\/wp-content\/uploads\/2019\/09\/ruta-escolar-768x606.jpg 768w, https:\/\/candas365.es\/noticias\/wp-content\/uploads\/2019\/09\/ruta-escolar-609x480.jpg 609w, https:\/\/candas365.es\/noticias\/wp-content\/uploads\/2019\/09\/ruta-escolar-696x549.jpg 696w, https:\/\/candas365.es\/noticias\/wp-content\/uploads\/2019\/09\/ruta-escolar-1068x842.jpg 1068w, https:\/\/candas365.es\/noticias\/wp-content\/uploads\/2019\/09\/ruta-escolar-533x420.jpg 533w, https:\/\/candas365.es\/noticias\/wp-content\/uploads\/2019\/09\/ruta-escolar-1920x1514.jpg 1920w\" sizes=\"(max-width: 360px) 100vw, 360px\" \/>La alcaldesa de Carre\u00f1o, Amelia Fern\u00e1ndez, anunci\u00f3 recientemente mediante un comunicado de prensa que el Consorcio de Transportes de Asturias prestar\u00e1 servicio a las escuelas rurales de Carre\u00f1o, a partir del inicio del nuevo curso escolar.<\/p>\n<p>En este sentido, el comunicado de prensa del Ayuntamiento de Carre\u00f1o expone la siguiente informaci\u00f3n:<\/p>\n<p>\u00abEl autob\u00fas municipal tiene unos a\u00f1os y seg\u00fan normativa ya no puede realizar transporte de menores. En la situaci\u00f3n de pr\u00f3rroga presupuestaria en la que estamos este a\u00f1o nos result\u00f3 imposible comprar un nuevo autocar municipal. Nuestro compromiso de proteger y mejorar los servicios educativos del concejo conlleva atender la especificidad de la educaci\u00f3n en el medio rural de Carre\u00f1o. Por lo que trabajamos para generar propuestas para consolidarla y reforzarla.<\/p>\n<p>Al no poder contar con autob\u00fas municipal propio para garantizar el servicio de transporte escolar rural que ven\u00edamos dado barajamos f\u00f3rmulas de colaboraci\u00f3n con el Consorcio de Transporte de Asturias. Dando un primer paso con el transporte escolar y abriendo un abanico posible de\u00a0 mejoras que se podr\u00eda concretar mejorando la comunicaci\u00f3n Cand\u00e1s \u2013 Zona rural y viceversa.<\/p>\n<p>Este transporte a las escuelas rurales trasladar\u00e1 a 3 menores a Llorgozana y, al menos, 17 menores a la escuela situada en El Valle.<\/p>\n<p>El Ayuntamiento de Carre\u00f1o someter\u00e1 pr\u00f3ximamente a la aprobaci\u00f3n del Pleno su integraci\u00f3n en el Consorcio de Transportes de Asturias, previo an\u00e1lisis conjunto de la evoluci\u00f3n de este servicio y valorando la integraci\u00f3n de otras posibles mejoras en materia de movilidad del Concejo, preferentemente en lo relativo a las conexiones de la zona rural.<\/p>\n<p>Esta ruta escolar, que comenzar\u00e1 el Martes, contar\u00e1 con acompa\u00f1ante y se podr\u00e1n aprovechar\u00bb, concluye el comunicado de prensa de Carre\u00f1o.<\/p>\n","protected":false},"excerpt":{"rendered":"<p>La alcaldesa de Carre\u00f1o, Amelia Fern\u00e1ndez, anunci\u00f3 recientemente mediante un comunicado de prensa que el Consorcio de Transportes de Asturias prestar\u00e1 servicio a las escuelas rurales de Carre\u00f1o, a partir del inicio del nuevo curso escolar. En este sentido, el comunicado de prensa del Ayuntamiento de Carre\u00f1o expone la siguiente informaci\u00f3n: \u00abEl autob\u00fas municipal tiene<\/p>\n","protected":false},"author":1,"featured_media":129541,"comment_status":"closed","ping_status":"closed","sticky":false,"template":"","format":"standard","meta":{"footnotes":""},"categories":[2],"tags":[],"class_list":{"0":"post-129540","1":"post","2":"type-post","3":"status-publish","4":"format-standard","5":"has-post-thumbnail","7":"category-noticias-carreno"},"aioseo_notices":[],"aioseo_head":"\n\t\t<!-- All in One SEO Pro 4.9.6.2 - aioseo.com -->\n\t<meta name=\"description\" content=\"La alcaldesa de Carre\u00f1o, Amelia Fern\u00e1ndez, anunci\u00f3 recientemente mediante un comunicado de prensa que el Consorcio de Transportes de Asturias prestar\u00e1 servicio a las escuelas rurales de Carre\u00f1o, a partir del inicio del nuevo curso escolar. En este sentido, el comunicado de prensa del Ayuntamiento de Carre\u00f1o expone la siguiente informaci\u00f3n: &quot;El autob\u00fas municipal tiene\" \/>\n\t<meta name=\"robots\" content=\"max-image-preview:large\" \/>\n\t<meta name=\"author\" content=\"Cand\u00e1s 365\"\/>\n\t<meta name=\"google-site-verification\" content=\"UA-32230408-1\" \/>\n\t<meta name=\"msvalidate.01\" content=\"354F3CDFB2DA171B47FBE9ABF1F88D5\" \/>\n\t<meta name=\"keywords\" content=\"noticias carre\u00f1o\" \/>\n\t<link rel=\"canonical\" href=\"https:\/\/candas365.es\/noticias\/el-consorcio-de-transportes-de-asturias-prestara-servicio-a-las-escuelas-rurales-de-carreno\/\" \/>\n\t<meta name=\"generator\" content=\"All in One SEO Pro (AIOSEO) 4.9.6.2\" \/>\n\t\t<meta property=\"og:locale\" content=\"es_ES\" \/>\n\t\t<meta property=\"og:site_name\" content=\"Cand\u00e1s 365\" \/>\n\t\t<meta property=\"og:type\" content=\"article\" \/>\n\t\t<meta property=\"og:title\" content=\"El Consorcio de Transportes de Asturias prestar\u00e1 servicio a las escuelas rurales de Carre\u00f1o | Cand\u00e1s 365\" \/>\n\t\t<meta property=\"og:description\" content=\"La alcaldesa de Carre\u00f1o, Amelia Fern\u00e1ndez, anunci\u00f3 recientemente mediante un comunicado de prensa que el Consorcio de Transportes de Asturias prestar\u00e1 servicio a las escuelas rurales de Carre\u00f1o, a partir del inicio del nuevo curso escolar. En este sentido, el comunicado de prensa del Ayuntamiento de Carre\u00f1o expone la siguiente informaci\u00f3n: &quot;El autob\u00fas municipal tiene\" \/>\n\t\t<meta property=\"og:url\" content=\"https:\/\/candas365.es\/noticias\/el-consorcio-de-transportes-de-asturias-prestara-servicio-a-las-escuelas-rurales-de-carreno\/\" \/>\n\t\t<meta property=\"og:image\" content=\"https:\/\/candas365.es\/noticias\/wp-content\/uploads\/2019\/09\/ruta-escolar.jpg\" \/>\n\t\t<meta property=\"og:image:secure_url\" content=\"https:\/\/candas365.es\/noticias\/wp-content\/uploads\/2019\/09\/ruta-escolar.jpg\" \/>\n\t\t<meta property=\"og:image:width\" content=\"3725\" \/>\n\t\t<meta property=\"og:image:height\" content=\"2938\" \/>\n\t\t<meta property=\"article:published_time\" content=\"2019-09-07T14:21:23+00:00\" \/>\n\t\t<meta property=\"article:modified_time\" content=\"2019-09-07T14:21:23+00:00\" \/>\n\t\t<meta property=\"article:publisher\" content=\"https:\/\/www.facebook.com\/Nachofdezber\" \/>\n\t\t<meta property=\"article:author\" content=\"https:\/\/www.facebook.com\/carrenoactualidad\" \/>\n\t\t<meta name=\"twitter:card\" content=\"summary_large_image\" \/>\n\t\t<meta name=\"twitter:site\" content=\"@NabercoDigital\" \/>\n\t\t<meta name=\"twitter:title\" content=\"El Consorcio de Transportes de Asturias prestar\u00e1 servicio a las escuelas rurales de Carre\u00f1o | Cand\u00e1s 365\" \/>\n\t\t<meta name=\"twitter:description\" content=\"La alcaldesa de Carre\u00f1o, Amelia Fern\u00e1ndez, anunci\u00f3 recientemente mediante un comunicado de prensa que el Consorcio de Transportes de Asturias prestar\u00e1 servicio a las escuelas rurales de Carre\u00f1o, a partir del inicio del nuevo curso escolar. En este sentido, el comunicado de prensa del Ayuntamiento de Carre\u00f1o expone la siguiente informaci\u00f3n: &quot;El autob\u00fas municipal tiene\" \/>\n\t\t<meta name=\"twitter:creator\" content=\"@nbasturias\" \/>\n\t\t<meta name=\"twitter:image\" content=\"https:\/\/candas365.es\/noticias\/wp-content\/uploads\/2019\/09\/ruta-escolar.jpg\" \/>\n\t\t<meta name=\"twitter:label1\" content=\"Escrito por\" \/>\n\t\t<meta name=\"twitter:data1\" content=\"Cand\u00e1s 365\" \/>\n\t\t<meta name=\"twitter:label2\" content=\"Tiempo de lectura estimado\" \/>\n\t\t<meta name=\"twitter:data2\" content=\"2 minutos\" \/>\n\t\t<script type=\"application\/ld+json\" class=\"aioseo-schema\">\n\t\t\t{\"@context\":\"https:\\\/\\\/schema.org\",\"@graph\":[{\"@type\":\"BreadcrumbList\",\"@id\":\"https:\\\/\\\/candas365.es\\\/noticias\\\/el-consorcio-de-transportes-de-asturias-prestara-servicio-a-las-escuelas-rurales-de-carreno\\\/#breadcrumblist\",\"itemListElement\":[{\"@type\":\"ListItem\",\"@id\":\"https:\\\/\\\/candas365.es\\\/noticias#listItem\",\"position\":1,\"name\":\"Home\",\"item\":\"https:\\\/\\\/candas365.es\\\/noticias\",\"nextItem\":{\"@type\":\"ListItem\",\"@id\":\"https:\\\/\\\/candas365.es\\\/noticias\\\/category\\\/noticias-carreno\\\/#listItem\",\"name\":\"Noticias Carre\\u00f1o\"}},{\"@type\":\"ListItem\",\"@id\":\"https:\\\/\\\/candas365.es\\\/noticias\\\/category\\\/noticias-carreno\\\/#listItem\",\"position\":2,\"name\":\"Noticias Carre\\u00f1o\",\"item\":\"https:\\\/\\\/candas365.es\\\/noticias\\\/category\\\/noticias-carreno\\\/\",\"nextItem\":{\"@type\":\"ListItem\",\"@id\":\"https:\\\/\\\/candas365.es\\\/noticias\\\/el-consorcio-de-transportes-de-asturias-prestara-servicio-a-las-escuelas-rurales-de-carreno\\\/#listItem\",\"name\":\"El Consorcio de Transportes de Asturias prestar\\u00e1 servicio a las escuelas rurales de Carre\\u00f1o\"},\"previousItem\":{\"@type\":\"ListItem\",\"@id\":\"https:\\\/\\\/candas365.es\\\/noticias#listItem\",\"name\":\"Home\"}},{\"@type\":\"ListItem\",\"@id\":\"https:\\\/\\\/candas365.es\\\/noticias\\\/el-consorcio-de-transportes-de-asturias-prestara-servicio-a-las-escuelas-rurales-de-carreno\\\/#listItem\",\"position\":3,\"name\":\"El Consorcio de Transportes de Asturias prestar\\u00e1 servicio a las escuelas rurales de Carre\\u00f1o\",\"previousItem\":{\"@type\":\"ListItem\",\"@id\":\"https:\\\/\\\/candas365.es\\\/noticias\\\/category\\\/noticias-carreno\\\/#listItem\",\"name\":\"Noticias Carre\\u00f1o\"}}]},{\"@type\":\"NewsArticle\",\"@id\":\"https:\\\/\\\/candas365.es\\\/noticias\\\/el-consorcio-de-transportes-de-asturias-prestara-servicio-a-las-escuelas-rurales-de-carreno\\\/#newsarticle\",\"name\":\"El Consorcio de Transportes de Asturias prestar\\u00e1 servicio a las escuelas rurales de Carre\\u00f1o | Cand\\u00e1s 365\",\"headline\":\"El Consorcio de Transportes de Asturias prestar\\u00e1 servicio a las escuelas rurales de Carre\\u00f1o\",\"author\":{\"@id\":\"https:\\\/\\\/candas365.es\\\/noticias\\\/author\\\/admin\\\/#author\"},\"publisher\":{\"@id\":\"https:\\\/\\\/candas365.es\\\/noticias\\\/#organization\"},\"image\":{\"@type\":\"ImageObject\",\"url\":\"https:\\\/\\\/candas365.es\\\/noticias\\\/wp-content\\\/uploads\\\/2019\\\/09\\\/ruta-escolar.jpg\",\"width\":3725,\"height\":2938},\"datePublished\":\"2019-09-07T14:21:23+02:00\",\"dateModified\":\"2019-09-07T14:21:23+02:00\",\"inLanguage\":\"es-ES\",\"mainEntityOfPage\":{\"@id\":\"https:\\\/\\\/candas365.es\\\/noticias\\\/el-consorcio-de-transportes-de-asturias-prestara-servicio-a-las-escuelas-rurales-de-carreno\\\/#webpage\"},\"isPartOf\":{\"@id\":\"https:\\\/\\\/candas365.es\\\/noticias\\\/el-consorcio-de-transportes-de-asturias-prestara-servicio-a-las-escuelas-rurales-de-carreno\\\/#webpage\"},\"articleSection\":\"Noticias Carre\\u00f1o\",\"dateline\":\"Publicado el septiembre 7, 2019.\"},{\"@type\":\"Organization\",\"@id\":\"https:\\\/\\\/candas365.es\\\/noticias\\\/#organization\",\"name\":\"Cand\\u00e1s 365\",\"description\":\"Cand\\u00e1s 365 es un diario digital independiente, fundado en 2012, con base en Asturias. Informamos con rigor sobre actualidad, sociedad, cultura y ocio, con una mirada local y global.\",\"url\":\"https:\\\/\\\/candas365.es\\\/noticias\\\/\",\"email\":\"info@candas365.es\",\"telephone\":\"+34652131393\",\"foundingDate\":\"2012-06-10\",\"logo\":{\"@type\":\"ImageObject\",\"url\":\"https:\\\/\\\/candas365.es\\\/noticias\\\/wp-content\\\/uploads\\\/2024\\\/09\\\/Candas-365-Redes.jpg\",\"@id\":\"https:\\\/\\\/candas365.es\\\/noticias\\\/el-consorcio-de-transportes-de-asturias-prestara-servicio-a-las-escuelas-rurales-de-carreno\\\/#organizationLogo\",\"width\":1152,\"height\":864,\"caption\":\"Cand\\u00e1s 365 Redes\"},\"image\":{\"@id\":\"https:\\\/\\\/candas365.es\\\/noticias\\\/el-consorcio-de-transportes-de-asturias-prestara-servicio-a-las-escuelas-rurales-de-carreno\\\/#organizationLogo\"},\"sameAs\":[\"https:\\\/\\\/www.facebook.com\\\/Nachofdezber\",\"https:\\\/\\\/x.com\\\/NabercoDigital\",\"https:\\\/\\\/www.instagram.com\\\/nachofdezber\\\/\",\"https:\\\/\\\/www.youtube.com\\\/channel\\\/UCZP-2wLEB9Rv6erhFmqVnvg\"],\"address\":{\"@id\":\"https:\\\/\\\/candas365.es\\\/noticias\\\/#postaladdress\",\"@type\":\"PostalAddress\",\"streetAddress\":\"san antonio 4, san antonio 4\",\"postalCode\":\"33430\",\"addressLocality\":\"Cand\\u00e1s\",\"addressRegion\":\"Asturias\",\"addressCountry\":\"ES\"}},{\"@type\":\"Person\",\"@id\":\"https:\\\/\\\/candas365.es\\\/noticias\\\/author\\\/admin\\\/#author\",\"url\":\"https:\\\/\\\/candas365.es\\\/noticias\\\/author\\\/admin\\\/\",\"name\":\"Cand\\u00e1s 365\",\"image\":{\"@type\":\"ImageObject\",\"@id\":\"https:\\\/\\\/candas365.es\\\/noticias\\\/el-consorcio-de-transportes-de-asturias-prestara-servicio-a-las-escuelas-rurales-de-carreno\\\/#authorImage\",\"url\":\"https:\\\/\\\/secure.gravatar.com\\\/avatar\\\/496a8e03d0c493ede1718b7934145dbdf8d89be1036b0eec9544e1094c9de390?s=96&d=mm&r=g\",\"width\":96,\"height\":96,\"caption\":\"Cand\\u00e1s 365\"},\"sameAs\":[\"https:\\\/\\\/www.facebook.com\\\/carrenoactualidad\",\"https:\\\/\\\/twitter.com\\\/nbasturias\",\"https:\\\/\\\/www.instagram.com\\\/nachofdezber\\\/\",\"https:\\\/\\\/www.youtube.com\\\/channel\\\/UCZP-2wLEB9Rv6erhFmqVnvg\"]},{\"@type\":\"WebPage\",\"@id\":\"https:\\\/\\\/candas365.es\\\/noticias\\\/el-consorcio-de-transportes-de-asturias-prestara-servicio-a-las-escuelas-rurales-de-carreno\\\/#webpage\",\"url\":\"https:\\\/\\\/candas365.es\\\/noticias\\\/el-consorcio-de-transportes-de-asturias-prestara-servicio-a-las-escuelas-rurales-de-carreno\\\/\",\"name\":\"El Consorcio de Transportes de Asturias prestar\\u00e1 servicio a las escuelas rurales de Carre\\u00f1o | Cand\\u00e1s 365\",\"description\":\"La alcaldesa de Carre\\u00f1o, Amelia Fern\\u00e1ndez, anunci\\u00f3 recientemente mediante un comunicado de prensa que el Consorcio de Transportes de Asturias prestar\\u00e1 servicio a las escuelas rurales de Carre\\u00f1o, a partir del inicio del nuevo curso escolar. En este sentido, el comunicado de prensa del Ayuntamiento de Carre\\u00f1o expone la siguiente informaci\\u00f3n: \\\"El autob\\u00fas municipal tiene\",\"inLanguage\":\"es-ES\",\"isPartOf\":{\"@id\":\"https:\\\/\\\/candas365.es\\\/noticias\\\/#website\"},\"breadcrumb\":{\"@id\":\"https:\\\/\\\/candas365.es\\\/noticias\\\/el-consorcio-de-transportes-de-asturias-prestara-servicio-a-las-escuelas-rurales-de-carreno\\\/#breadcrumblist\"},\"author\":{\"@id\":\"https:\\\/\\\/candas365.es\\\/noticias\\\/author\\\/admin\\\/#author\"},\"creator\":{\"@id\":\"https:\\\/\\\/candas365.es\\\/noticias\\\/author\\\/admin\\\/#author\"},\"image\":{\"@type\":\"ImageObject\",\"url\":\"https:\\\/\\\/candas365.es\\\/noticias\\\/wp-content\\\/uploads\\\/2019\\\/09\\\/ruta-escolar.jpg\",\"@id\":\"https:\\\/\\\/candas365.es\\\/noticias\\\/el-consorcio-de-transportes-de-asturias-prestara-servicio-a-las-escuelas-rurales-de-carreno\\\/#mainImage\",\"width\":3725,\"height\":2938},\"primaryImageOfPage\":{\"@id\":\"https:\\\/\\\/candas365.es\\\/noticias\\\/el-consorcio-de-transportes-de-asturias-prestara-servicio-a-las-escuelas-rurales-de-carreno\\\/#mainImage\"},\"datePublished\":\"2019-09-07T14:21:23+02:00\",\"dateModified\":\"2019-09-07T14:21:23+02:00\"},{\"@type\":\"WebSite\",\"@id\":\"https:\\\/\\\/candas365.es\\\/noticias\\\/#website\",\"url\":\"https:\\\/\\\/candas365.es\\\/noticias\\\/\",\"name\":\"Cand\\u00e1s 365\",\"alternateName\":\"Cand\\u00e1s 365 Noticias\",\"description\":\"Actualidad desde Carre\\u00f1o para el mundo\",\"inLanguage\":\"es-ES\",\"publisher\":{\"@id\":\"https:\\\/\\\/candas365.es\\\/noticias\\\/#organization\"}}]}\n\t\t<\/script>\n\t\t<!-- All in One SEO Pro -->\r\n\t\t<title>El Consorcio de Transportes de Asturias prestar\u00e1 servicio a las escuelas rurales de Carre\u00f1o | Cand\u00e1s 365<\/title>\n\n","aioseo_head_json":{"title":"El Consorcio de Transportes de Asturias prestar\u00e1 servicio a las escuelas rurales de Carre\u00f1o | Cand\u00e1s 365","description":"La alcaldesa de Carre\u00f1o, Amelia Fern\u00e1ndez, anunci\u00f3 recientemente mediante un comunicado de prensa que el Consorcio de Transportes de Asturias prestar\u00e1 servicio a las escuelas rurales de Carre\u00f1o, a partir del inicio del nuevo curso escolar. En este sentido, el comunicado de prensa del Ayuntamiento de Carre\u00f1o expone la siguiente informaci\u00f3n: \"El autob\u00fas municipal tiene","canonical_url":"https:\/\/candas365.es\/noticias\/el-consorcio-de-transportes-de-asturias-prestara-servicio-a-las-escuelas-rurales-de-carreno\/","robots":"max-image-preview:large","keywords":"noticias carre\u00f1o","webmasterTools":{"google-site-verification":"UA-32230408-1","msvalidate.01":"354F3CDFB2DA171B47FBE9ABF1F88D5","miscellaneous":""},"schema":{"@context":"https:\/\/schema.org","@graph":[{"@type":"BreadcrumbList","@id":"https:\/\/candas365.es\/noticias\/el-consorcio-de-transportes-de-asturias-prestara-servicio-a-las-escuelas-rurales-de-carreno\/#breadcrumblist","itemListElement":[{"@type":"ListItem","@id":"https:\/\/candas365.es\/noticias#listItem","position":1,"name":"Home","item":"https:\/\/candas365.es\/noticias","nextItem":{"@type":"ListItem","@id":"https:\/\/candas365.es\/noticias\/category\/noticias-carreno\/#listItem","name":"Noticias Carre\u00f1o"}},{"@type":"ListItem","@id":"https:\/\/candas365.es\/noticias\/category\/noticias-carreno\/#listItem","position":2,"name":"Noticias Carre\u00f1o","item":"https:\/\/candas365.es\/noticias\/category\/noticias-carreno\/","nextItem":{"@type":"ListItem","@id":"https:\/\/candas365.es\/noticias\/el-consorcio-de-transportes-de-asturias-prestara-servicio-a-las-escuelas-rurales-de-carreno\/#listItem","name":"El Consorcio de Transportes de Asturias prestar\u00e1 servicio a las escuelas rurales de Carre\u00f1o"},"previousItem":{"@type":"ListItem","@id":"https:\/\/candas365.es\/noticias#listItem","name":"Home"}},{"@type":"ListItem","@id":"https:\/\/candas365.es\/noticias\/el-consorcio-de-transportes-de-asturias-prestara-servicio-a-las-escuelas-rurales-de-carreno\/#listItem","position":3,"name":"El Consorcio de Transportes de Asturias prestar\u00e1 servicio a las escuelas rurales de Carre\u00f1o","previousItem":{"@type":"ListItem","@id":"https:\/\/candas365.es\/noticias\/category\/noticias-carreno\/#listItem","name":"Noticias Carre\u00f1o"}}]},{"@type":"NewsArticle","@id":"https:\/\/candas365.es\/noticias\/el-consorcio-de-transportes-de-asturias-prestara-servicio-a-las-escuelas-rurales-de-carreno\/#newsarticle","name":"El Consorcio de Transportes de Asturias prestar\u00e1 servicio a las escuelas rurales de Carre\u00f1o | Cand\u00e1s 365","headline":"El Consorcio de Transportes de Asturias prestar\u00e1 servicio a las escuelas rurales de Carre\u00f1o","author":{"@id":"https:\/\/candas365.es\/noticias\/author\/admin\/#author"},"publisher":{"@id":"https:\/\/candas365.es\/noticias\/#organization"},"image":{"@type":"ImageObject","url":"https:\/\/candas365.es\/noticias\/wp-content\/uploads\/2019\/09\/ruta-escolar.jpg","width":3725,"height":2938},"datePublished":"2019-09-07T14:21:23+02:00","dateModified":"2019-09-07T14:21:23+02:00","inLanguage":"es-ES","mainEntityOfPage":{"@id":"https:\/\/candas365.es\/noticias\/el-consorcio-de-transportes-de-asturias-prestara-servicio-a-las-escuelas-rurales-de-carreno\/#webpage"},"isPartOf":{"@id":"https:\/\/candas365.es\/noticias\/el-consorcio-de-transportes-de-asturias-prestara-servicio-a-las-escuelas-rurales-de-carreno\/#webpage"},"articleSection":"Noticias Carre\u00f1o","dateline":"Publicado el septiembre 7, 2019."},{"@type":"Organization","@id":"https:\/\/candas365.es\/noticias\/#organization","name":"Cand\u00e1s 365","description":"Cand\u00e1s 365 es un diario digital independiente, fundado en 2012, con base en Asturias. Informamos con rigor sobre actualidad, sociedad, cultura y ocio, con una mirada local y global.","url":"https:\/\/candas365.es\/noticias\/","email":"info@candas365.es","telephone":"+34652131393","foundingDate":"2012-06-10","logo":{"@type":"ImageObject","url":"https:\/\/candas365.es\/noticias\/wp-content\/uploads\/2024\/09\/Candas-365-Redes.jpg","@id":"https:\/\/candas365.es\/noticias\/el-consorcio-de-transportes-de-asturias-prestara-servicio-a-las-escuelas-rurales-de-carreno\/#organizationLogo","width":1152,"height":864,"caption":"Cand\u00e1s 365 Redes"},"image":{"@id":"https:\/\/candas365.es\/noticias\/el-consorcio-de-transportes-de-asturias-prestara-servicio-a-las-escuelas-rurales-de-carreno\/#organizationLogo"},"sameAs":["https:\/\/www.facebook.com\/Nachofdezber","https:\/\/x.com\/NabercoDigital","https:\/\/www.instagram.com\/nachofdezber\/","https:\/\/www.youtube.com\/channel\/UCZP-2wLEB9Rv6erhFmqVnvg"],"address":{"@id":"https:\/\/candas365.es\/noticias\/#postaladdress","@type":"PostalAddress","streetAddress":"san antonio 4, san antonio 4","postalCode":"33430","addressLocality":"Cand\u00e1s","addressRegion":"Asturias","addressCountry":"ES"}},{"@type":"Person","@id":"https:\/\/candas365.es\/noticias\/author\/admin\/#author","url":"https:\/\/candas365.es\/noticias\/author\/admin\/","name":"Cand\u00e1s 365","image":{"@type":"ImageObject","@id":"https:\/\/candas365.es\/noticias\/el-consorcio-de-transportes-de-asturias-prestara-servicio-a-las-escuelas-rurales-de-carreno\/#authorImage","url":"https:\/\/secure.gravatar.com\/avatar\/496a8e03d0c493ede1718b7934145dbdf8d89be1036b0eec9544e1094c9de390?s=96&d=mm&r=g","width":96,"height":96,"caption":"Cand\u00e1s 365"},"sameAs":["https:\/\/www.facebook.com\/carrenoactualidad","https:\/\/twitter.com\/nbasturias","https:\/\/www.instagram.com\/nachofdezber\/","https:\/\/www.youtube.com\/channel\/UCZP-2wLEB9Rv6erhFmqVnvg"]},{"@type":"WebPage","@id":"https:\/\/candas365.es\/noticias\/el-consorcio-de-transportes-de-asturias-prestara-servicio-a-las-escuelas-rurales-de-carreno\/#webpage","url":"https:\/\/candas365.es\/noticias\/el-consorcio-de-transportes-de-asturias-prestara-servicio-a-las-escuelas-rurales-de-carreno\/","name":"El Consorcio de Transportes de Asturias prestar\u00e1 servicio a las escuelas rurales de Carre\u00f1o | Cand\u00e1s 365","description":"La alcaldesa de Carre\u00f1o, Amelia Fern\u00e1ndez, anunci\u00f3 recientemente mediante un comunicado de prensa que el Consorcio de Transportes de Asturias prestar\u00e1 servicio a las escuelas rurales de Carre\u00f1o, a partir del inicio del nuevo curso escolar. En este sentido, el comunicado de prensa del Ayuntamiento de Carre\u00f1o expone la siguiente informaci\u00f3n: \"El autob\u00fas municipal tiene","inLanguage":"es-ES","isPartOf":{"@id":"https:\/\/candas365.es\/noticias\/#website"},"breadcrumb":{"@id":"https:\/\/candas365.es\/noticias\/el-consorcio-de-transportes-de-asturias-prestara-servicio-a-las-escuelas-rurales-de-carreno\/#breadcrumblist"},"author":{"@id":"https:\/\/candas365.es\/noticias\/author\/admin\/#author"},"creator":{"@id":"https:\/\/candas365.es\/noticias\/author\/admin\/#author"},"image":{"@type":"ImageObject","url":"https:\/\/candas365.es\/noticias\/wp-content\/uploads\/2019\/09\/ruta-escolar.jpg","@id":"https:\/\/candas365.es\/noticias\/el-consorcio-de-transportes-de-asturias-prestara-servicio-a-las-escuelas-rurales-de-carreno\/#mainImage","width":3725,"height":2938},"primaryImageOfPage":{"@id":"https:\/\/candas365.es\/noticias\/el-consorcio-de-transportes-de-asturias-prestara-servicio-a-las-escuelas-rurales-de-carreno\/#mainImage"},"datePublished":"2019-09-07T14:21:23+02:00","dateModified":"2019-09-07T14:21:23+02:00"},{"@type":"WebSite","@id":"https:\/\/candas365.es\/noticias\/#website","url":"https:\/\/candas365.es\/noticias\/","name":"Cand\u00e1s 365","alternateName":"Cand\u00e1s 365 Noticias","description":"Actualidad desde Carre\u00f1o para el mundo","inLanguage":"es-ES","publisher":{"@id":"https:\/\/candas365.es\/noticias\/#organization"}}]},"og:locale":"es_ES","og:site_name":"Cand\u00e1s 365","og:type":"article","og:title":"El Consorcio de Transportes de Asturias prestar\u00e1 servicio a las escuelas rurales de Carre\u00f1o | Cand\u00e1s 365","og:description":"La alcaldesa de Carre\u00f1o, Amelia Fern\u00e1ndez, anunci\u00f3 recientemente mediante un comunicado de prensa que el Consorcio de Transportes de Asturias prestar\u00e1 servicio a las escuelas rurales de Carre\u00f1o, a partir del inicio del nuevo curso escolar. En este sentido, el comunicado de prensa del Ayuntamiento de Carre\u00f1o expone la siguiente informaci\u00f3n: &quot;El autob\u00fas municipal tiene","og:url":"https:\/\/candas365.es\/noticias\/el-consorcio-de-transportes-de-asturias-prestara-servicio-a-las-escuelas-rurales-de-carreno\/","og:image":"https:\/\/candas365.es\/noticias\/wp-content\/uploads\/2019\/09\/ruta-escolar.jpg","og:image:secure_url":"https:\/\/candas365.es\/noticias\/wp-content\/uploads\/2019\/09\/ruta-escolar.jpg","og:image:width":3725,"og:image:height":2938,"article:published_time":"2019-09-07T14:21:23+00:00","article:modified_time":"2019-09-07T14:21:23+00:00","article:publisher":"https:\/\/www.facebook.com\/Nachofdezber","article:author":"https:\/\/www.facebook.com\/carrenoactualidad","twitter:card":"summary_large_image","twitter:site":"@NabercoDigital","twitter:title":"El Consorcio de Transportes de Asturias prestar\u00e1 servicio a las escuelas rurales de Carre\u00f1o | Cand\u00e1s 365","twitter:description":"La alcaldesa de Carre\u00f1o, Amelia Fern\u00e1ndez, anunci\u00f3 recientemente mediante un comunicado de prensa que el Consorcio de Transportes de Asturias prestar\u00e1 servicio a las escuelas rurales de Carre\u00f1o, a partir del inicio del nuevo curso escolar. En este sentido, el comunicado de prensa del Ayuntamiento de Carre\u00f1o expone la siguiente informaci\u00f3n: &quot;El autob\u00fas municipal tiene","twitter:creator":"@nbasturias","twitter:image":"https:\/\/candas365.es\/noticias\/wp-content\/uploads\/2019\/09\/ruta-escolar.jpg","twitter:label1":"Escrito por","twitter:data1":"Cand\u00e1s 365","twitter:label2":"Tiempo de lectura estimado","twitter:data2":"2 minutos"},"aioseo_meta_data":{"post_id":"129540","title":null,"description":null,"keywords":null,"keyphrases":null,"primary_term":null,"canonical_url":null,"og_title":null,"og_description":null,"og_object_type":"default","og_image_type":"default","og_image_url":null,"og_image_width":null,"og_image_height":null,"og_image_custom_url":null,"og_image_custom_fields":null,"og_video":null,"og_custom_url":null,"og_article_section":null,"og_article_tags":null,"twitter_use_og":false,"twitter_card":"default","twitter_image_type":"default","twitter_image_url":null,"twitter_image_custom_url":null,"twitter_image_custom_fields":null,"twitter_title":null,"twitter_description":null,"schema":{"blockGraphs":[],"customGraphs":[],"default":{"data":{"Article":[],"Course":[],"Dataset":[],"FAQPage":[],"Movie":[],"Person":[],"Product":[],"ProductReview":[],"Car":[],"Recipe":[],"Service":[],"SoftwareApplication":[],"WebPage":[]},"graphName":"","isEnabled":true},"graphs":[],"defaultGraph":"","defaultPostTypeGraph":""},"schema_type":null,"schema_type_options":null,"pillar_content":false,"robots_default":true,"robots_noindex":false,"robots_noarchive":false,"robots_nosnippet":false,"robots_nofollow":false,"robots_noimageindex":false,"robots_noodp":false,"robots_notranslate":false,"robots_max_snippet":null,"robots_max_videopreview":null,"robots_max_imagepreview":"large","priority":null,"frequency":null,"location":null,"local_seo":null,"seo_analyzer_scan_date":"2025-08-30 13:13:27","breadcrumb_settings":null,"limit_modified_date":false,"reviewed_by":null,"open_ai":null,"ai":null,"created":"2020-12-21 10:52:58","updated":"2025-08-30 13:13:27"},"aioseo_breadcrumb":"<div class=\"aioseo-breadcrumbs\"><span class=\"aioseo-breadcrumb\">\n\t<a href=\"https:\/\/candas365.es\/noticias\" title=\"Home\">Home<\/a>\n<\/span><span class=\"aioseo-breadcrumb-separator\">&ndash;<\/span><span class=\"aioseo-breadcrumb\">\n\t<a href=\"https:\/\/candas365.es\/noticias\/category\/noticias-carreno\/\" title=\"Noticias Carre\u00f1o\">Noticias Carre\u00f1o<\/a>\n<\/span><span class=\"aioseo-breadcrumb-separator\">&ndash;<\/span><span class=\"aioseo-breadcrumb\">\n\tEl Consorcio de Transportes de Asturias prestar\u00e1 servicio a las escuelas rurales de Carre\u00f1o\n<\/span><\/div>","aioseo_breadcrumb_json":[{"label":"Home","link":"https:\/\/candas365.es\/noticias"},{"label":"Noticias Carre\u00f1o","link":"https:\/\/candas365.es\/noticias\/category\/noticias-carreno\/"},{"label":"El Consorcio de Transportes de Asturias prestar\u00e1 servicio a las escuelas rurales de Carre\u00f1o","link":"https:\/\/candas365.es\/noticias\/el-consorcio-de-transportes-de-asturias-prestara-servicio-a-las-escuelas-rurales-de-carreno\/"}],"_links":{"self":[{"href":"https:\/\/candas365.es\/noticias\/wp-json\/wp\/v2\/posts\/129540","targetHints":{"allow":["GET"]}}],"collection":[{"href":"https:\/\/candas365.es\/noticias\/wp-json\/wp\/v2\/posts"}],"about":[{"href":"https:\/\/candas365.es\/noticias\/wp-json\/wp\/v2\/types\/post"}],"author":[{"embeddable":true,"href":"https:\/\/candas365.es\/noticias\/wp-json\/wp\/v2\/users\/1"}],"replies":[{"embeddable":true,"href":"https:\/\/candas365.es\/noticias\/wp-json\/wp\/v2\/comments?post=129540"}],"version-history":[{"count":0,"href":"https:\/\/candas365.es\/noticias\/wp-json\/wp\/v2\/posts\/129540\/revisions"}],"wp:featuredmedia":[{"embeddable":true,"href":"https:\/\/candas365.es\/noticias\/wp-json\/wp\/v2\/media\/129541"}],"wp:attachment":[{"href":"https:\/\/candas365.es\/noticias\/wp-json\/wp\/v2\/media?parent=129540"}],"wp:term":[{"taxonomy":"category","embeddable":true,"href":"https:\/\/candas365.es\/noticias\/wp-json\/wp\/v2\/categories?post=129540"},{"taxonomy":"post_tag","embeddable":true,"href":"https:\/\/candas365.es\/noticias\/wp-json\/wp\/v2\/tags?post=129540"}],"curies":[{"name":"wp","href":"https:\/\/api.w.org\/{rel}","templated":true}]}}