{"id":129460,"date":"2019-09-05T11:43:24","date_gmt":"2019-09-05T11:43:24","guid":{"rendered":"http:\/\/candas365.es\/noticias\/?p=129460"},"modified":"2019-09-05T11:43:24","modified_gmt":"2019-09-05T11:43:24","slug":"carreno-publica-el-listado-provisional-de-las-becas-comedor","status":"publish","type":"post","link":"https:\/\/candas365.es\/noticias\/carreno-publica-el-listado-provisional-de-las-becas-comedor\/","title":{"rendered":"Carre\u00f1o publica el listado provisional de las \u201cBecas Comedor\u201d"},"content":{"rendered":"<p><img fetchpriority=\"high\" decoding=\"async\" class=\"alignleft size-medium wp-image-15610\" src=\"https:\/\/candas365.es\/noticias\/wp-content\/uploads\/2015\/09\/aula-360x198.jpg\" alt=\"\" width=\"360\" height=\"198\" srcset=\"https:\/\/candas365.es\/noticias\/wp-content\/uploads\/2015\/09\/aula-360x198.jpg 360w, https:\/\/candas365.es\/noticias\/wp-content\/uploads\/2015\/09\/aula-650x357.jpg 650w, https:\/\/candas365.es\/noticias\/wp-content\/uploads\/2015\/09\/aula-150x82.jpg 150w, https:\/\/candas365.es\/noticias\/wp-content\/uploads\/2015\/09\/aula-450x247.jpg 450w, https:\/\/candas365.es\/noticias\/wp-content\/uploads\/2015\/09\/aula.jpg 655w\" sizes=\"(max-width: 360px) 100vw, 360px\" \/>La alcaldesa de Carre\u00f1o, Amelia Fern\u00e1ndez, anunci\u00f3 este jueves mediante un comunicado de prensa que el Ayuntamiento de Carre\u00f1o ha aprobado hoy el listado provisional por el que se conceden las \u201cBecas Comedor\u201d al alumnado de los Centros Educativos de Carre\u00f1o que cursen sus estudios en la segunda etapa de Educaci\u00f3n Infantil y Ense\u00f1anza Primaria durante todo el per\u00edodo lectivo del curso 2019-2020.<\/p>\n<p>\u201cLa finalidad de estas ayudas es favorecer la conciliaci\u00f3n laboral de progenitores o tutore\/as que por escasez de recursos no puedan hacer frente al coste de servicio, apoyar a las familias con dificultades econ\u00f3micas u ofrecer una medida de apoyo para menores con carencias en su atenci\u00f3n que implique desprotecci\u00f3n en el marco de la Ley de Protecci\u00f3n del Menor 1\/1995 del Principado de Asturias\u201d, coment\u00f3 Mar\u00eda Rosa Nodal, concejala de Bienestar Social.<\/p>\n<p>Una vez finalizado el plazo de presentaci\u00f3n de solicitudes y tras su pertinente evaluaci\u00f3n t\u00e9cnica y baremaci\u00f3n por los Servicios Sociales Municipales, se ha validado tambi\u00e9n la propuesta de aprobaci\u00f3n del listado provisional de las Becas de Comedor concedidas, excluidas o pendientes de subsanaci\u00f3n de documentaci\u00f3n, se\u00f1alando en su caso el motivo de la denegaci\u00f3n o la documentaci\u00f3n requerida.<\/p>\n<p>\u201cY de acuerdo con lo establecido apartado 10, tramitaci\u00f3n, resoluci\u00f3n, publicaci\u00f3n y notificaci\u00f3n, de las bases y convocatoria, aprobadas por Acuerdo de la Junta de Gobierno Local de fecha 25 de abril de 2019 (publicadas en BOPA n\u00ba 103 de 30 de mayo de 2019), que rigen la concesi\u00f3n de estas ayudas, se conceder\u00e1 un plazo de 10 d\u00edas h\u00e1biles, a contar desde el d\u00eda siguiente a su publicaci\u00f3n para presentar alegaciones y\/o subsanar la documentaci\u00f3n, con indicaci\u00f3n de que si no lo hicieran se les tendr\u00e1 por desistidos\/as de su petici\u00f3n. Este plazo finaliza el viernes 13 de septiembre\u201d, concluy\u00f3 Mar\u00eda Rosa Nodal.<\/p>\n","protected":false},"excerpt":{"rendered":"<p>La alcaldesa de Carre\u00f1o, Amelia Fern\u00e1ndez, anunci\u00f3 este jueves mediante un comunicado de prensa que el Ayuntamiento de Carre\u00f1o ha aprobado hoy el listado provisional por el que se conceden las \u201cBecas Comedor\u201d al alumnado de los Centros Educativos de Carre\u00f1o que cursen sus estudios en la segunda etapa de Educaci\u00f3n Infantil y Ense\u00f1anza Primaria<\/p>\n","protected":false},"author":1,"featured_media":15610,"comment_status":"closed","ping_status":"closed","sticky":false,"template":"","format":"standard","meta":{"footnotes":""},"categories":[2],"tags":[],"class_list":{"0":"post-129460","1":"post","2":"type-post","3":"status-publish","4":"format-standard","5":"has-post-thumbnail","7":"category-noticias-carreno"},"aioseo_notices":[],"aioseo_head":"\n\t\t<!-- All in One SEO Pro 4.9.6.2 - aioseo.com -->\n\t<meta name=\"description\" content=\"La alcaldesa de Carre\u00f1o, Amelia Fern\u00e1ndez, anunci\u00f3 este jueves mediante un comunicado de prensa que el Ayuntamiento de Carre\u00f1o ha aprobado hoy el listado provisional por el que se conceden las \u201cBecas Comedor\u201d al alumnado de los Centros Educativos de Carre\u00f1o que cursen sus estudios en la segunda etapa de Educaci\u00f3n Infantil y Ense\u00f1anza Primaria\" \/>\n\t<meta name=\"robots\" content=\"max-image-preview:large\" \/>\n\t<meta name=\"author\" content=\"Cand\u00e1s 365\"\/>\n\t<meta name=\"google-site-verification\" content=\"UA-32230408-1\" \/>\n\t<meta name=\"msvalidate.01\" content=\"354F3CDFB2DA171B47FBE9ABF1F88D5\" \/>\n\t<meta name=\"keywords\" content=\"noticias carre\u00f1o\" \/>\n\t<link rel=\"canonical\" href=\"https:\/\/candas365.es\/noticias\/carreno-publica-el-listado-provisional-de-las-becas-comedor\/\" \/>\n\t<meta name=\"generator\" content=\"All in One SEO Pro (AIOSEO) 4.9.6.2\" \/>\n\t\t<meta property=\"og:locale\" content=\"es_ES\" \/>\n\t\t<meta property=\"og:site_name\" content=\"Cand\u00e1s 365\" \/>\n\t\t<meta property=\"og:type\" content=\"article\" \/>\n\t\t<meta property=\"og:title\" content=\"Carre\u00f1o publica el listado provisional de las \u201cBecas Comedor\u201d | Cand\u00e1s 365\" \/>\n\t\t<meta property=\"og:description\" content=\"La alcaldesa de Carre\u00f1o, Amelia Fern\u00e1ndez, anunci\u00f3 este jueves mediante un comunicado de prensa que el Ayuntamiento de Carre\u00f1o ha aprobado hoy el listado provisional por el que se conceden las \u201cBecas Comedor\u201d al alumnado de los Centros Educativos de Carre\u00f1o que cursen sus estudios en la segunda etapa de Educaci\u00f3n Infantil y Ense\u00f1anza Primaria\" \/>\n\t\t<meta property=\"og:url\" content=\"https:\/\/candas365.es\/noticias\/carreno-publica-el-listado-provisional-de-las-becas-comedor\/\" \/>\n\t\t<meta property=\"og:image\" content=\"https:\/\/candas365.es\/noticias\/wp-content\/uploads\/2015\/09\/aula.jpg\" \/>\n\t\t<meta property=\"og:image:secure_url\" content=\"https:\/\/candas365.es\/noticias\/wp-content\/uploads\/2015\/09\/aula.jpg\" \/>\n\t\t<meta property=\"og:image:width\" content=\"655\" \/>\n\t\t<meta property=\"og:image:height\" content=\"360\" \/>\n\t\t<meta property=\"article:published_time\" content=\"2019-09-05T11:43:24+00:00\" \/>\n\t\t<meta property=\"article:modified_time\" content=\"2019-09-05T11:43:24+00:00\" \/>\n\t\t<meta property=\"article:publisher\" content=\"https:\/\/www.facebook.com\/Nachofdezber\" \/>\n\t\t<meta property=\"article:author\" content=\"https:\/\/www.facebook.com\/carrenoactualidad\" \/>\n\t\t<meta name=\"twitter:card\" content=\"summary_large_image\" \/>\n\t\t<meta name=\"twitter:site\" content=\"@NabercoDigital\" \/>\n\t\t<meta name=\"twitter:title\" content=\"Carre\u00f1o publica el listado provisional de las \u201cBecas Comedor\u201d | Cand\u00e1s 365\" \/>\n\t\t<meta name=\"twitter:description\" content=\"La alcaldesa de Carre\u00f1o, Amelia Fern\u00e1ndez, anunci\u00f3 este jueves mediante un comunicado de prensa que el Ayuntamiento de Carre\u00f1o ha aprobado hoy el listado provisional por el que se conceden las \u201cBecas Comedor\u201d al alumnado de los Centros Educativos de Carre\u00f1o que cursen sus estudios en la segunda etapa de Educaci\u00f3n Infantil y Ense\u00f1anza Primaria\" \/>\n\t\t<meta name=\"twitter:creator\" content=\"@nbasturias\" \/>\n\t\t<meta name=\"twitter:image\" content=\"https:\/\/candas365.es\/noticias\/wp-content\/uploads\/2015\/09\/aula.jpg\" \/>\n\t\t<meta name=\"twitter:label1\" content=\"Escrito por\" \/>\n\t\t<meta name=\"twitter:data1\" content=\"Cand\u00e1s 365\" \/>\n\t\t<meta name=\"twitter:label2\" content=\"Tiempo de lectura estimado\" \/>\n\t\t<meta name=\"twitter:data2\" content=\"2 minutos\" \/>\n\t\t<script type=\"application\/ld+json\" class=\"aioseo-schema\">\n\t\t\t{\"@context\":\"https:\\\/\\\/schema.org\",\"@graph\":[{\"@type\":\"BreadcrumbList\",\"@id\":\"https:\\\/\\\/candas365.es\\\/noticias\\\/carreno-publica-el-listado-provisional-de-las-becas-comedor\\\/#breadcrumblist\",\"itemListElement\":[{\"@type\":\"ListItem\",\"@id\":\"https:\\\/\\\/candas365.es\\\/noticias#listItem\",\"position\":1,\"name\":\"Home\",\"item\":\"https:\\\/\\\/candas365.es\\\/noticias\",\"nextItem\":{\"@type\":\"ListItem\",\"@id\":\"https:\\\/\\\/candas365.es\\\/noticias\\\/category\\\/noticias-carreno\\\/#listItem\",\"name\":\"Noticias Carre\\u00f1o\"}},{\"@type\":\"ListItem\",\"@id\":\"https:\\\/\\\/candas365.es\\\/noticias\\\/category\\\/noticias-carreno\\\/#listItem\",\"position\":2,\"name\":\"Noticias Carre\\u00f1o\",\"item\":\"https:\\\/\\\/candas365.es\\\/noticias\\\/category\\\/noticias-carreno\\\/\",\"nextItem\":{\"@type\":\"ListItem\",\"@id\":\"https:\\\/\\\/candas365.es\\\/noticias\\\/carreno-publica-el-listado-provisional-de-las-becas-comedor\\\/#listItem\",\"name\":\"Carre\\u00f1o publica el listado provisional de las \\u201cBecas Comedor\\u201d\"},\"previousItem\":{\"@type\":\"ListItem\",\"@id\":\"https:\\\/\\\/candas365.es\\\/noticias#listItem\",\"name\":\"Home\"}},{\"@type\":\"ListItem\",\"@id\":\"https:\\\/\\\/candas365.es\\\/noticias\\\/carreno-publica-el-listado-provisional-de-las-becas-comedor\\\/#listItem\",\"position\":3,\"name\":\"Carre\\u00f1o publica el listado provisional de las \\u201cBecas Comedor\\u201d\",\"previousItem\":{\"@type\":\"ListItem\",\"@id\":\"https:\\\/\\\/candas365.es\\\/noticias\\\/category\\\/noticias-carreno\\\/#listItem\",\"name\":\"Noticias Carre\\u00f1o\"}}]},{\"@type\":\"NewsArticle\",\"@id\":\"https:\\\/\\\/candas365.es\\\/noticias\\\/carreno-publica-el-listado-provisional-de-las-becas-comedor\\\/#newsarticle\",\"name\":\"Carre\\u00f1o publica el listado provisional de las \\u201cBecas Comedor\\u201d | Cand\\u00e1s 365\",\"headline\":\"Carre\\u00f1o publica el listado provisional de las \\u201cBecas Comedor\\u201d\",\"author\":{\"@id\":\"https:\\\/\\\/candas365.es\\\/noticias\\\/author\\\/admin\\\/#author\"},\"publisher\":{\"@id\":\"https:\\\/\\\/candas365.es\\\/noticias\\\/#organization\"},\"image\":{\"@type\":\"ImageObject\",\"url\":\"https:\\\/\\\/candas365.es\\\/noticias\\\/wp-content\\\/uploads\\\/2015\\\/09\\\/aula.jpg\",\"width\":655,\"height\":360,\"caption\":\"aula\"},\"datePublished\":\"2019-09-05T11:43:24+02:00\",\"dateModified\":\"2019-09-05T11:43:24+02:00\",\"inLanguage\":\"es-ES\",\"mainEntityOfPage\":{\"@id\":\"https:\\\/\\\/candas365.es\\\/noticias\\\/carreno-publica-el-listado-provisional-de-las-becas-comedor\\\/#webpage\"},\"isPartOf\":{\"@id\":\"https:\\\/\\\/candas365.es\\\/noticias\\\/carreno-publica-el-listado-provisional-de-las-becas-comedor\\\/#webpage\"},\"articleSection\":\"Noticias Carre\\u00f1o\",\"dateline\":\"Publicado el septiembre 5, 2019.\"},{\"@type\":\"Organization\",\"@id\":\"https:\\\/\\\/candas365.es\\\/noticias\\\/#organization\",\"name\":\"Cand\\u00e1s 365\",\"description\":\"Cand\\u00e1s 365 es un diario digital independiente, fundado en 2012, con base en Asturias. Informamos con rigor sobre actualidad, sociedad, cultura y ocio, con una mirada local y global.\",\"url\":\"https:\\\/\\\/candas365.es\\\/noticias\\\/\",\"email\":\"info@candas365.es\",\"telephone\":\"+34652131393\",\"foundingDate\":\"2012-06-10\",\"logo\":{\"@type\":\"ImageObject\",\"url\":\"https:\\\/\\\/candas365.es\\\/noticias\\\/wp-content\\\/uploads\\\/2024\\\/09\\\/Candas-365-Redes.jpg\",\"@id\":\"https:\\\/\\\/candas365.es\\\/noticias\\\/carreno-publica-el-listado-provisional-de-las-becas-comedor\\\/#organizationLogo\",\"width\":1152,\"height\":864,\"caption\":\"Cand\\u00e1s 365 Redes\"},\"image\":{\"@id\":\"https:\\\/\\\/candas365.es\\\/noticias\\\/carreno-publica-el-listado-provisional-de-las-becas-comedor\\\/#organizationLogo\"},\"sameAs\":[\"https:\\\/\\\/www.facebook.com\\\/Nachofdezber\",\"https:\\\/\\\/x.com\\\/NabercoDigital\",\"https:\\\/\\\/www.instagram.com\\\/nachofdezber\\\/\",\"https:\\\/\\\/www.youtube.com\\\/channel\\\/UCZP-2wLEB9Rv6erhFmqVnvg\"],\"address\":{\"@id\":\"https:\\\/\\\/candas365.es\\\/noticias\\\/#postaladdress\",\"@type\":\"PostalAddress\",\"streetAddress\":\"san antonio 4, san antonio 4\",\"postalCode\":\"33430\",\"addressLocality\":\"Cand\\u00e1s\",\"addressRegion\":\"Asturias\",\"addressCountry\":\"ES\"}},{\"@type\":\"Person\",\"@id\":\"https:\\\/\\\/candas365.es\\\/noticias\\\/author\\\/admin\\\/#author\",\"url\":\"https:\\\/\\\/candas365.es\\\/noticias\\\/author\\\/admin\\\/\",\"name\":\"Cand\\u00e1s 365\",\"image\":{\"@type\":\"ImageObject\",\"@id\":\"https:\\\/\\\/candas365.es\\\/noticias\\\/carreno-publica-el-listado-provisional-de-las-becas-comedor\\\/#authorImage\",\"url\":\"https:\\\/\\\/secure.gravatar.com\\\/avatar\\\/496a8e03d0c493ede1718b7934145dbdf8d89be1036b0eec9544e1094c9de390?s=96&d=mm&r=g\",\"width\":96,\"height\":96,\"caption\":\"Cand\\u00e1s 365\"},\"sameAs\":[\"https:\\\/\\\/www.facebook.com\\\/carrenoactualidad\",\"https:\\\/\\\/twitter.com\\\/nbasturias\",\"https:\\\/\\\/www.instagram.com\\\/nachofdezber\\\/\",\"https:\\\/\\\/www.youtube.com\\\/channel\\\/UCZP-2wLEB9Rv6erhFmqVnvg\"]},{\"@type\":\"WebPage\",\"@id\":\"https:\\\/\\\/candas365.es\\\/noticias\\\/carreno-publica-el-listado-provisional-de-las-becas-comedor\\\/#webpage\",\"url\":\"https:\\\/\\\/candas365.es\\\/noticias\\\/carreno-publica-el-listado-provisional-de-las-becas-comedor\\\/\",\"name\":\"Carre\\u00f1o publica el listado provisional de las \\u201cBecas Comedor\\u201d | Cand\\u00e1s 365\",\"description\":\"La alcaldesa de Carre\\u00f1o, Amelia Fern\\u00e1ndez, anunci\\u00f3 este jueves mediante un comunicado de prensa que el Ayuntamiento de Carre\\u00f1o ha aprobado hoy el listado provisional por el que se conceden las \\u201cBecas Comedor\\u201d al alumnado de los Centros Educativos de Carre\\u00f1o que cursen sus estudios en la segunda etapa de Educaci\\u00f3n Infantil y Ense\\u00f1anza Primaria\",\"inLanguage\":\"es-ES\",\"isPartOf\":{\"@id\":\"https:\\\/\\\/candas365.es\\\/noticias\\\/#website\"},\"breadcrumb\":{\"@id\":\"https:\\\/\\\/candas365.es\\\/noticias\\\/carreno-publica-el-listado-provisional-de-las-becas-comedor\\\/#breadcrumblist\"},\"author\":{\"@id\":\"https:\\\/\\\/candas365.es\\\/noticias\\\/author\\\/admin\\\/#author\"},\"creator\":{\"@id\":\"https:\\\/\\\/candas365.es\\\/noticias\\\/author\\\/admin\\\/#author\"},\"image\":{\"@type\":\"ImageObject\",\"url\":\"https:\\\/\\\/candas365.es\\\/noticias\\\/wp-content\\\/uploads\\\/2015\\\/09\\\/aula.jpg\",\"@id\":\"https:\\\/\\\/candas365.es\\\/noticias\\\/carreno-publica-el-listado-provisional-de-las-becas-comedor\\\/#mainImage\",\"width\":655,\"height\":360,\"caption\":\"aula\"},\"primaryImageOfPage\":{\"@id\":\"https:\\\/\\\/candas365.es\\\/noticias\\\/carreno-publica-el-listado-provisional-de-las-becas-comedor\\\/#mainImage\"},\"datePublished\":\"2019-09-05T11:43:24+02:00\",\"dateModified\":\"2019-09-05T11:43:24+02:00\"},{\"@type\":\"WebSite\",\"@id\":\"https:\\\/\\\/candas365.es\\\/noticias\\\/#website\",\"url\":\"https:\\\/\\\/candas365.es\\\/noticias\\\/\",\"name\":\"Cand\\u00e1s 365\",\"alternateName\":\"Cand\\u00e1s 365 Noticias\",\"description\":\"Actualidad desde Carre\\u00f1o para el mundo\",\"inLanguage\":\"es-ES\",\"publisher\":{\"@id\":\"https:\\\/\\\/candas365.es\\\/noticias\\\/#organization\"}}]}\n\t\t<\/script>\n\t\t<!-- All in One SEO Pro -->\r\n\t\t<title>Carre\u00f1o publica el listado provisional de las \u201cBecas Comedor\u201d | Cand\u00e1s 365<\/title>\n\n","aioseo_head_json":{"title":"Carre\u00f1o publica el listado provisional de las \u201cBecas Comedor\u201d | Cand\u00e1s 365","description":"La alcaldesa de Carre\u00f1o, Amelia Fern\u00e1ndez, anunci\u00f3 este jueves mediante un comunicado de prensa que el Ayuntamiento de Carre\u00f1o ha aprobado hoy el listado provisional por el que se conceden las \u201cBecas Comedor\u201d al alumnado de los Centros Educativos de Carre\u00f1o que cursen sus estudios en la segunda etapa de Educaci\u00f3n Infantil y Ense\u00f1anza Primaria","canonical_url":"https:\/\/candas365.es\/noticias\/carreno-publica-el-listado-provisional-de-las-becas-comedor\/","robots":"max-image-preview:large","keywords":"noticias carre\u00f1o","webmasterTools":{"google-site-verification":"UA-32230408-1","msvalidate.01":"354F3CDFB2DA171B47FBE9ABF1F88D5","miscellaneous":""},"schema":{"@context":"https:\/\/schema.org","@graph":[{"@type":"BreadcrumbList","@id":"https:\/\/candas365.es\/noticias\/carreno-publica-el-listado-provisional-de-las-becas-comedor\/#breadcrumblist","itemListElement":[{"@type":"ListItem","@id":"https:\/\/candas365.es\/noticias#listItem","position":1,"name":"Home","item":"https:\/\/candas365.es\/noticias","nextItem":{"@type":"ListItem","@id":"https:\/\/candas365.es\/noticias\/category\/noticias-carreno\/#listItem","name":"Noticias Carre\u00f1o"}},{"@type":"ListItem","@id":"https:\/\/candas365.es\/noticias\/category\/noticias-carreno\/#listItem","position":2,"name":"Noticias Carre\u00f1o","item":"https:\/\/candas365.es\/noticias\/category\/noticias-carreno\/","nextItem":{"@type":"ListItem","@id":"https:\/\/candas365.es\/noticias\/carreno-publica-el-listado-provisional-de-las-becas-comedor\/#listItem","name":"Carre\u00f1o publica el listado provisional de las \u201cBecas Comedor\u201d"},"previousItem":{"@type":"ListItem","@id":"https:\/\/candas365.es\/noticias#listItem","name":"Home"}},{"@type":"ListItem","@id":"https:\/\/candas365.es\/noticias\/carreno-publica-el-listado-provisional-de-las-becas-comedor\/#listItem","position":3,"name":"Carre\u00f1o publica el listado provisional de las \u201cBecas Comedor\u201d","previousItem":{"@type":"ListItem","@id":"https:\/\/candas365.es\/noticias\/category\/noticias-carreno\/#listItem","name":"Noticias Carre\u00f1o"}}]},{"@type":"NewsArticle","@id":"https:\/\/candas365.es\/noticias\/carreno-publica-el-listado-provisional-de-las-becas-comedor\/#newsarticle","name":"Carre\u00f1o publica el listado provisional de las \u201cBecas Comedor\u201d | Cand\u00e1s 365","headline":"Carre\u00f1o publica el listado provisional de las \u201cBecas Comedor\u201d","author":{"@id":"https:\/\/candas365.es\/noticias\/author\/admin\/#author"},"publisher":{"@id":"https:\/\/candas365.es\/noticias\/#organization"},"image":{"@type":"ImageObject","url":"https:\/\/candas365.es\/noticias\/wp-content\/uploads\/2015\/09\/aula.jpg","width":655,"height":360,"caption":"aula"},"datePublished":"2019-09-05T11:43:24+02:00","dateModified":"2019-09-05T11:43:24+02:00","inLanguage":"es-ES","mainEntityOfPage":{"@id":"https:\/\/candas365.es\/noticias\/carreno-publica-el-listado-provisional-de-las-becas-comedor\/#webpage"},"isPartOf":{"@id":"https:\/\/candas365.es\/noticias\/carreno-publica-el-listado-provisional-de-las-becas-comedor\/#webpage"},"articleSection":"Noticias Carre\u00f1o","dateline":"Publicado el septiembre 5, 2019."},{"@type":"Organization","@id":"https:\/\/candas365.es\/noticias\/#organization","name":"Cand\u00e1s 365","description":"Cand\u00e1s 365 es un diario digital independiente, fundado en 2012, con base en Asturias. Informamos con rigor sobre actualidad, sociedad, cultura y ocio, con una mirada local y global.","url":"https:\/\/candas365.es\/noticias\/","email":"info@candas365.es","telephone":"+34652131393","foundingDate":"2012-06-10","logo":{"@type":"ImageObject","url":"https:\/\/candas365.es\/noticias\/wp-content\/uploads\/2024\/09\/Candas-365-Redes.jpg","@id":"https:\/\/candas365.es\/noticias\/carreno-publica-el-listado-provisional-de-las-becas-comedor\/#organizationLogo","width":1152,"height":864,"caption":"Cand\u00e1s 365 Redes"},"image":{"@id":"https:\/\/candas365.es\/noticias\/carreno-publica-el-listado-provisional-de-las-becas-comedor\/#organizationLogo"},"sameAs":["https:\/\/www.facebook.com\/Nachofdezber","https:\/\/x.com\/NabercoDigital","https:\/\/www.instagram.com\/nachofdezber\/","https:\/\/www.youtube.com\/channel\/UCZP-2wLEB9Rv6erhFmqVnvg"],"address":{"@id":"https:\/\/candas365.es\/noticias\/#postaladdress","@type":"PostalAddress","streetAddress":"san antonio 4, san antonio 4","postalCode":"33430","addressLocality":"Cand\u00e1s","addressRegion":"Asturias","addressCountry":"ES"}},{"@type":"Person","@id":"https:\/\/candas365.es\/noticias\/author\/admin\/#author","url":"https:\/\/candas365.es\/noticias\/author\/admin\/","name":"Cand\u00e1s 365","image":{"@type":"ImageObject","@id":"https:\/\/candas365.es\/noticias\/carreno-publica-el-listado-provisional-de-las-becas-comedor\/#authorImage","url":"https:\/\/secure.gravatar.com\/avatar\/496a8e03d0c493ede1718b7934145dbdf8d89be1036b0eec9544e1094c9de390?s=96&d=mm&r=g","width":96,"height":96,"caption":"Cand\u00e1s 365"},"sameAs":["https:\/\/www.facebook.com\/carrenoactualidad","https:\/\/twitter.com\/nbasturias","https:\/\/www.instagram.com\/nachofdezber\/","https:\/\/www.youtube.com\/channel\/UCZP-2wLEB9Rv6erhFmqVnvg"]},{"@type":"WebPage","@id":"https:\/\/candas365.es\/noticias\/carreno-publica-el-listado-provisional-de-las-becas-comedor\/#webpage","url":"https:\/\/candas365.es\/noticias\/carreno-publica-el-listado-provisional-de-las-becas-comedor\/","name":"Carre\u00f1o publica el listado provisional de las \u201cBecas Comedor\u201d | Cand\u00e1s 365","description":"La alcaldesa de Carre\u00f1o, Amelia Fern\u00e1ndez, anunci\u00f3 este jueves mediante un comunicado de prensa que el Ayuntamiento de Carre\u00f1o ha aprobado hoy el listado provisional por el que se conceden las \u201cBecas Comedor\u201d al alumnado de los Centros Educativos de Carre\u00f1o que cursen sus estudios en la segunda etapa de Educaci\u00f3n Infantil y Ense\u00f1anza Primaria","inLanguage":"es-ES","isPartOf":{"@id":"https:\/\/candas365.es\/noticias\/#website"},"breadcrumb":{"@id":"https:\/\/candas365.es\/noticias\/carreno-publica-el-listado-provisional-de-las-becas-comedor\/#breadcrumblist"},"author":{"@id":"https:\/\/candas365.es\/noticias\/author\/admin\/#author"},"creator":{"@id":"https:\/\/candas365.es\/noticias\/author\/admin\/#author"},"image":{"@type":"ImageObject","url":"https:\/\/candas365.es\/noticias\/wp-content\/uploads\/2015\/09\/aula.jpg","@id":"https:\/\/candas365.es\/noticias\/carreno-publica-el-listado-provisional-de-las-becas-comedor\/#mainImage","width":655,"height":360,"caption":"aula"},"primaryImageOfPage":{"@id":"https:\/\/candas365.es\/noticias\/carreno-publica-el-listado-provisional-de-las-becas-comedor\/#mainImage"},"datePublished":"2019-09-05T11:43:24+02:00","dateModified":"2019-09-05T11:43:24+02:00"},{"@type":"WebSite","@id":"https:\/\/candas365.es\/noticias\/#website","url":"https:\/\/candas365.es\/noticias\/","name":"Cand\u00e1s 365","alternateName":"Cand\u00e1s 365 Noticias","description":"Actualidad desde Carre\u00f1o para el mundo","inLanguage":"es-ES","publisher":{"@id":"https:\/\/candas365.es\/noticias\/#organization"}}]},"og:locale":"es_ES","og:site_name":"Cand\u00e1s 365","og:type":"article","og:title":"Carre\u00f1o publica el listado provisional de las \u201cBecas Comedor\u201d | Cand\u00e1s 365","og:description":"La alcaldesa de Carre\u00f1o, Amelia Fern\u00e1ndez, anunci\u00f3 este jueves mediante un comunicado de prensa que el Ayuntamiento de Carre\u00f1o ha aprobado hoy el listado provisional por el que se conceden las \u201cBecas Comedor\u201d al alumnado de los Centros Educativos de Carre\u00f1o que cursen sus estudios en la segunda etapa de Educaci\u00f3n Infantil y Ense\u00f1anza Primaria","og:url":"https:\/\/candas365.es\/noticias\/carreno-publica-el-listado-provisional-de-las-becas-comedor\/","og:image":"https:\/\/candas365.es\/noticias\/wp-content\/uploads\/2015\/09\/aula.jpg","og:image:secure_url":"https:\/\/candas365.es\/noticias\/wp-content\/uploads\/2015\/09\/aula.jpg","og:image:width":655,"og:image:height":360,"article:published_time":"2019-09-05T11:43:24+00:00","article:modified_time":"2019-09-05T11:43:24+00:00","article:publisher":"https:\/\/www.facebook.com\/Nachofdezber","article:author":"https:\/\/www.facebook.com\/carrenoactualidad","twitter:card":"summary_large_image","twitter:site":"@NabercoDigital","twitter:title":"Carre\u00f1o publica el listado provisional de las \u201cBecas Comedor\u201d | Cand\u00e1s 365","twitter:description":"La alcaldesa de Carre\u00f1o, Amelia Fern\u00e1ndez, anunci\u00f3 este jueves mediante un comunicado de prensa que el Ayuntamiento de Carre\u00f1o ha aprobado hoy el listado provisional por el que se conceden las \u201cBecas Comedor\u201d al alumnado de los Centros Educativos de Carre\u00f1o que cursen sus estudios en la segunda etapa de Educaci\u00f3n Infantil y Ense\u00f1anza Primaria","twitter:creator":"@nbasturias","twitter:image":"https:\/\/candas365.es\/noticias\/wp-content\/uploads\/2015\/09\/aula.jpg","twitter:label1":"Escrito por","twitter:data1":"Cand\u00e1s 365","twitter:label2":"Tiempo de lectura estimado","twitter:data2":"2 minutos"},"aioseo_meta_data":{"post_id":"129460","title":null,"description":null,"keywords":null,"keyphrases":null,"primary_term":null,"canonical_url":null,"og_title":null,"og_description":null,"og_object_type":"default","og_image_type":"default","og_image_url":null,"og_image_width":null,"og_image_height":null,"og_image_custom_url":null,"og_image_custom_fields":null,"og_video":null,"og_custom_url":null,"og_article_section":null,"og_article_tags":null,"twitter_use_og":false,"twitter_card":"default","twitter_image_type":"default","twitter_image_url":null,"twitter_image_custom_url":null,"twitter_image_custom_fields":null,"twitter_title":null,"twitter_description":null,"schema":{"blockGraphs":[],"customGraphs":[],"default":{"data":{"Article":[],"Course":[],"Dataset":[],"FAQPage":[],"Movie":[],"Person":[],"Product":[],"ProductReview":[],"Car":[],"Recipe":[],"Service":[],"SoftwareApplication":[],"WebPage":[]},"graphName":"","isEnabled":true},"graphs":[],"defaultGraph":"","defaultPostTypeGraph":""},"schema_type":null,"schema_type_options":null,"pillar_content":false,"robots_default":true,"robots_noindex":false,"robots_noarchive":false,"robots_nosnippet":false,"robots_nofollow":false,"robots_noimageindex":false,"robots_noodp":false,"robots_notranslate":false,"robots_max_snippet":null,"robots_max_videopreview":null,"robots_max_imagepreview":"large","priority":null,"frequency":null,"location":null,"local_seo":null,"seo_analyzer_scan_date":"2025-08-30 13:08:38","breadcrumb_settings":null,"limit_modified_date":false,"reviewed_by":null,"open_ai":null,"ai":null,"created":"2020-12-21 10:52:58","updated":"2025-08-30 13:08:38"},"aioseo_breadcrumb":"<div class=\"aioseo-breadcrumbs\"><span class=\"aioseo-breadcrumb\">\n\t<a href=\"https:\/\/candas365.es\/noticias\" title=\"Home\">Home<\/a>\n<\/span><span class=\"aioseo-breadcrumb-separator\">&ndash;<\/span><span class=\"aioseo-breadcrumb\">\n\t<a href=\"https:\/\/candas365.es\/noticias\/category\/noticias-carreno\/\" title=\"Noticias Carre\u00f1o\">Noticias Carre\u00f1o<\/a>\n<\/span><span class=\"aioseo-breadcrumb-separator\">&ndash;<\/span><span class=\"aioseo-breadcrumb\">\n\tCarre\u00f1o publica el listado provisional de las \u201cBecas Comedor\u201d\n<\/span><\/div>","aioseo_breadcrumb_json":[{"label":"Home","link":"https:\/\/candas365.es\/noticias"},{"label":"Noticias Carre\u00f1o","link":"https:\/\/candas365.es\/noticias\/category\/noticias-carreno\/"},{"label":"Carre\u00f1o publica el listado provisional de las \u201cBecas Comedor\u201d","link":"https:\/\/candas365.es\/noticias\/carreno-publica-el-listado-provisional-de-las-becas-comedor\/"}],"_links":{"self":[{"href":"https:\/\/candas365.es\/noticias\/wp-json\/wp\/v2\/posts\/129460","targetHints":{"allow":["GET"]}}],"collection":[{"href":"https:\/\/candas365.es\/noticias\/wp-json\/wp\/v2\/posts"}],"about":[{"href":"https:\/\/candas365.es\/noticias\/wp-json\/wp\/v2\/types\/post"}],"author":[{"embeddable":true,"href":"https:\/\/candas365.es\/noticias\/wp-json\/wp\/v2\/users\/1"}],"replies":[{"embeddable":true,"href":"https:\/\/candas365.es\/noticias\/wp-json\/wp\/v2\/comments?post=129460"}],"version-history":[{"count":0,"href":"https:\/\/candas365.es\/noticias\/wp-json\/wp\/v2\/posts\/129460\/revisions"}],"wp:featuredmedia":[{"embeddable":true,"href":"https:\/\/candas365.es\/noticias\/wp-json\/wp\/v2\/media\/15610"}],"wp:attachment":[{"href":"https:\/\/candas365.es\/noticias\/wp-json\/wp\/v2\/media?parent=129460"}],"wp:term":[{"taxonomy":"category","embeddable":true,"href":"https:\/\/candas365.es\/noticias\/wp-json\/wp\/v2\/categories?post=129460"},{"taxonomy":"post_tag","embeddable":true,"href":"https:\/\/candas365.es\/noticias\/wp-json\/wp\/v2\/tags?post=129460"}],"curies":[{"name":"wp","href":"https:\/\/api.w.org\/{rel}","templated":true}]}}