{"id":129441,"date":"2019-09-04T21:41:08","date_gmt":"2019-09-04T21:41:08","guid":{"rendered":"http:\/\/candas365.es\/noticias\/?p=129441"},"modified":"2019-09-04T21:41:08","modified_gmt":"2019-09-04T21:41:08","slug":"schroder-seguira-en-la-seleccion-si-todos-colaboran","status":"publish","type":"post","link":"https:\/\/candas365.es\/noticias\/schroder-seguira-en-la-seleccion-si-todos-colaboran\/","title":{"rendered":"Schr\u00f6der seguir\u00e1 en la selecci\u00f3n si \u00abtodos colaboran\u00bb"},"content":{"rendered":"<figure id=\"attachment_129442\" aria-describedby=\"caption-attachment-129442\" style=\"width: 360px\" class=\"wp-caption alignleft\"><img fetchpriority=\"high\" decoding=\"async\" class=\"wp-image-129442 size-medium\" src=\"https:\/\/candas365.es\/noticias\/wp-content\/uploads\/2019\/09\/Dennis-Schroder-360x248.jpg\" alt=\"\" width=\"360\" height=\"248\" srcset=\"https:\/\/candas365.es\/noticias\/wp-content\/uploads\/2019\/09\/Dennis-Schroder-360x248.jpg 360w, https:\/\/candas365.es\/noticias\/wp-content\/uploads\/2019\/09\/Dennis-Schroder-768x529.jpg 768w, https:\/\/candas365.es\/noticias\/wp-content\/uploads\/2019\/09\/Dennis-Schroder-655x451.jpg 655w, https:\/\/candas365.es\/noticias\/wp-content\/uploads\/2019\/09\/Dennis-Schroder-100x70.jpg 100w, https:\/\/candas365.es\/noticias\/wp-content\/uploads\/2019\/09\/Dennis-Schroder-218x150.jpg 218w, https:\/\/candas365.es\/noticias\/wp-content\/uploads\/2019\/09\/Dennis-Schroder-696x479.jpg 696w, https:\/\/candas365.es\/noticias\/wp-content\/uploads\/2019\/09\/Dennis-Schroder-610x420.jpg 610w, https:\/\/candas365.es\/noticias\/wp-content\/uploads\/2019\/09\/Dennis-Schroder.jpg 970w\" sizes=\"(max-width: 360px) 100vw, 360px\" \/><figcaption id=\"caption-attachment-129442\" class=\"wp-caption-text\">Foto: Swen Pf\u00f6rtner\/dpa<\/figcaption><\/figure>\n<p data-wp-editing=\"1\">Shenzhen (China), 4 sep (dpa) &#8211; El base Dennis Schr\u00f6der, insinu\u00f3 hoy que en la selecci\u00f3n alemana de baloncesto no hay siempre buen ambiente y declar\u00f3 que continuar\u00e1 su carrera en el equipo tras el vergonzoso fracaso de la Copa del Mundo con la condici\u00f3n de que todos colaboren.<\/p>\n<p>\u00abSolo porque no hayamos tenido \u00e9xito en un torneo hasta ahora, no voy a decir que vaya a dejarlo. Soy un gran luchador como para hacer eso\u00bb, dijo el profesional de la NBA, de 25 a\u00f1os, un d\u00eda despu\u00e9s de la derrota ante la Rep\u00fablica Dominicana (70-68).<\/p>\n<p>En su opini\u00f3n, la selecci\u00f3n con \u00abmucho, mucho potencial\u00bb puede llegar muy lejos en el futuro. \u00abPero, por supuesto, todos tienen que esforzarse, si todos colaboran, yo tambi\u00e9n lo har\u00e9\u00bb.<\/p>\n<p>El base de los Oklahoma City Thunder se mostr\u00f3 cr\u00edtico consigo mismo y con sus compa\u00f1eros de equipo ante la oportunidad perdida de conseguir la meta que se hab\u00edan propuesto en la Copa del Mundo.<\/p>\n<p>\u00abEs decepcionante, por supuesto que todos tenemos algo de culpa. Lo asumo yo mismo en primer lugar, soy el l\u00edder del equipo, no tengo ning\u00fan problema con eso\u00bb, acot\u00f3 Schr\u00f6der quien no hab\u00eda querido hacer ning\u00fan comentario inmediatamente despu\u00e9s del partido.<\/p>\n<p>El autoproclamado l\u00edder se\u00f1al\u00f3 que durante los partidos hubo problemas porque el ambiente no era bueno. \u00abLos rivales ten\u00edan m\u00e1s energ\u00eda que nosotros\u00bb, dijo Schr\u00f6der. \u00abVi su banquillo, siempre estaban el uno para el otro, lamentablemente ese no era nuestro caso\u00bb.<\/p>\n<p>Schr\u00f6der coment\u00f3 que la qu\u00edmica del equipo era en principio buena, \u00abpero en el juego era diferente, cada uno luchaba consigo mismo\u00bb.<\/p>\n<p>En su caso, el jugador descart\u00f3 que las altas expectativas en la Copa del Mundo lo hubieran inhibido. \u00abYa he jugado partidos m\u00e1s importantes\u00bb, declar\u00f3 Schr\u00f6der.<\/p>\n","protected":false},"excerpt":{"rendered":"<p>Shenzhen (China), 4 sep (dpa) &#8211; El base Dennis Schr\u00f6der, insinu\u00f3 hoy que en la selecci\u00f3n alemana de baloncesto no hay siempre buen ambiente y declar\u00f3 que continuar\u00e1 su carrera en el equipo tras el vergonzoso fracaso de la Copa del Mundo con la condici\u00f3n de que todos colaboren. \u00abSolo porque no hayamos tenido \u00e9xito<\/p>\n","protected":false},"author":1,"featured_media":129442,"comment_status":"closed","ping_status":"closed","sticky":false,"template":"","format":"standard","meta":{"footnotes":""},"categories":[319],"tags":[],"class_list":{"0":"post-129441","1":"post","2":"type-post","3":"status-publish","4":"format-standard","5":"has-post-thumbnail","7":"category-deporte"},"aioseo_notices":[],"aioseo_head":"\n\t\t<!-- All in One SEO Pro 4.9.6.2 - aioseo.com -->\n\t<meta name=\"description\" content=\"Shenzhen (China), 4 sep (dpa) - El base Dennis Schr\u00f6der, insinu\u00f3 hoy que en la selecci\u00f3n alemana de baloncesto no hay siempre buen ambiente y declar\u00f3 que continuar\u00e1 su carrera en el equipo tras el vergonzoso fracaso de la Copa del Mundo con la condici\u00f3n de que todos colaboren. &quot;Solo porque no hayamos tenido \u00e9xito\" \/>\n\t<meta name=\"robots\" content=\"max-image-preview:large\" \/>\n\t<meta name=\"author\" content=\"Cand\u00e1s 365\"\/>\n\t<meta name=\"google-site-verification\" content=\"UA-32230408-1\" \/>\n\t<meta name=\"msvalidate.01\" content=\"354F3CDFB2DA171B47FBE9ABF1F88D5\" \/>\n\t<meta name=\"keywords\" content=\"deporte\" \/>\n\t<link rel=\"canonical\" href=\"https:\/\/candas365.es\/noticias\/schroder-seguira-en-la-seleccion-si-todos-colaboran\/\" \/>\n\t<meta name=\"generator\" content=\"All in One SEO Pro (AIOSEO) 4.9.6.2\" \/>\n\t\t<meta property=\"og:locale\" content=\"es_ES\" \/>\n\t\t<meta property=\"og:site_name\" content=\"Cand\u00e1s 365\" \/>\n\t\t<meta property=\"og:type\" content=\"article\" \/>\n\t\t<meta property=\"og:title\" content=\"Schr\u00f6der seguir\u00e1 en la selecci\u00f3n si \u00abtodos colaboran\u00bb | Cand\u00e1s 365\" \/>\n\t\t<meta property=\"og:description\" content=\"Shenzhen (China), 4 sep (dpa) - El base Dennis Schr\u00f6der, insinu\u00f3 hoy que en la selecci\u00f3n alemana de baloncesto no hay siempre buen ambiente y declar\u00f3 que continuar\u00e1 su carrera en el equipo tras el vergonzoso fracaso de la Copa del Mundo con la condici\u00f3n de que todos colaboren. &quot;Solo porque no hayamos tenido \u00e9xito\" \/>\n\t\t<meta property=\"og:url\" content=\"https:\/\/candas365.es\/noticias\/schroder-seguira-en-la-seleccion-si-todos-colaboran\/\" \/>\n\t\t<meta property=\"og:image\" content=\"https:\/\/candas365.es\/noticias\/wp-content\/uploads\/2019\/09\/Dennis-Schroder.jpg\" \/>\n\t\t<meta property=\"og:image:secure_url\" content=\"https:\/\/candas365.es\/noticias\/wp-content\/uploads\/2019\/09\/Dennis-Schroder.jpg\" \/>\n\t\t<meta property=\"og:image:width\" content=\"970\" \/>\n\t\t<meta property=\"og:image:height\" content=\"668\" \/>\n\t\t<meta property=\"article:published_time\" content=\"2019-09-04T21:41:08+00:00\" \/>\n\t\t<meta property=\"article:modified_time\" content=\"2019-09-04T21:41:08+00:00\" \/>\n\t\t<meta property=\"article:publisher\" content=\"https:\/\/www.facebook.com\/Nachofdezber\" \/>\n\t\t<meta property=\"article:author\" content=\"https:\/\/www.facebook.com\/carrenoactualidad\" \/>\n\t\t<meta name=\"twitter:card\" content=\"summary_large_image\" \/>\n\t\t<meta name=\"twitter:site\" content=\"@NabercoDigital\" \/>\n\t\t<meta name=\"twitter:title\" content=\"Schr\u00f6der seguir\u00e1 en la selecci\u00f3n si \u00abtodos colaboran\u00bb | Cand\u00e1s 365\" \/>\n\t\t<meta name=\"twitter:description\" content=\"Shenzhen (China), 4 sep (dpa) - El base Dennis Schr\u00f6der, insinu\u00f3 hoy que en la selecci\u00f3n alemana de baloncesto no hay siempre buen ambiente y declar\u00f3 que continuar\u00e1 su carrera en el equipo tras el vergonzoso fracaso de la Copa del Mundo con la condici\u00f3n de que todos colaboren. &quot;Solo porque no hayamos tenido \u00e9xito\" \/>\n\t\t<meta name=\"twitter:creator\" content=\"@nbasturias\" \/>\n\t\t<meta name=\"twitter:image\" content=\"https:\/\/candas365.es\/noticias\/wp-content\/uploads\/2019\/09\/Dennis-Schroder.jpg\" \/>\n\t\t<meta name=\"twitter:label1\" content=\"Escrito por\" \/>\n\t\t<meta name=\"twitter:data1\" content=\"Cand\u00e1s 365\" \/>\n\t\t<meta name=\"twitter:label2\" content=\"Tiempo de lectura estimado\" \/>\n\t\t<meta name=\"twitter:data2\" content=\"2 minutos\" \/>\n\t\t<script type=\"application\/ld+json\" class=\"aioseo-schema\">\n\t\t\t{\"@context\":\"https:\\\/\\\/schema.org\",\"@graph\":[{\"@type\":\"BreadcrumbList\",\"@id\":\"https:\\\/\\\/candas365.es\\\/noticias\\\/schroder-seguira-en-la-seleccion-si-todos-colaboran\\\/#breadcrumblist\",\"itemListElement\":[{\"@type\":\"ListItem\",\"@id\":\"https:\\\/\\\/candas365.es\\\/noticias#listItem\",\"position\":1,\"name\":\"Home\",\"item\":\"https:\\\/\\\/candas365.es\\\/noticias\",\"nextItem\":{\"@type\":\"ListItem\",\"@id\":\"https:\\\/\\\/candas365.es\\\/noticias\\\/category\\\/deporte\\\/#listItem\",\"name\":\"Deporte\"}},{\"@type\":\"ListItem\",\"@id\":\"https:\\\/\\\/candas365.es\\\/noticias\\\/category\\\/deporte\\\/#listItem\",\"position\":2,\"name\":\"Deporte\",\"item\":\"https:\\\/\\\/candas365.es\\\/noticias\\\/category\\\/deporte\\\/\",\"nextItem\":{\"@type\":\"ListItem\",\"@id\":\"https:\\\/\\\/candas365.es\\\/noticias\\\/schroder-seguira-en-la-seleccion-si-todos-colaboran\\\/#listItem\",\"name\":\"Schr\\u00f6der seguir\\u00e1 en la selecci\\u00f3n si \\u00abtodos colaboran\\u00bb\"},\"previousItem\":{\"@type\":\"ListItem\",\"@id\":\"https:\\\/\\\/candas365.es\\\/noticias#listItem\",\"name\":\"Home\"}},{\"@type\":\"ListItem\",\"@id\":\"https:\\\/\\\/candas365.es\\\/noticias\\\/schroder-seguira-en-la-seleccion-si-todos-colaboran\\\/#listItem\",\"position\":3,\"name\":\"Schr\\u00f6der seguir\\u00e1 en la selecci\\u00f3n si \\u00abtodos colaboran\\u00bb\",\"previousItem\":{\"@type\":\"ListItem\",\"@id\":\"https:\\\/\\\/candas365.es\\\/noticias\\\/category\\\/deporte\\\/#listItem\",\"name\":\"Deporte\"}}]},{\"@type\":\"NewsArticle\",\"@id\":\"https:\\\/\\\/candas365.es\\\/noticias\\\/schroder-seguira-en-la-seleccion-si-todos-colaboran\\\/#newsarticle\",\"name\":\"Schr\\u00f6der seguir\\u00e1 en la selecci\\u00f3n si \\u00abtodos colaboran\\u00bb | Cand\\u00e1s 365\",\"headline\":\"Schr\\u00f6der seguir\\u00e1 en la selecci\\u00f3n si \\u00abtodos colaboran\\u00bb\",\"author\":{\"@id\":\"https:\\\/\\\/candas365.es\\\/noticias\\\/author\\\/admin\\\/#author\"},\"publisher\":{\"@id\":\"https:\\\/\\\/candas365.es\\\/noticias\\\/#organization\"},\"image\":{\"@type\":\"ImageObject\",\"url\":\"https:\\\/\\\/candas365.es\\\/noticias\\\/wp-content\\\/uploads\\\/2019\\\/09\\\/Dennis-Schroder.jpg\",\"width\":970,\"height\":668,\"caption\":\"Foto: Swen Pf\\u00f6rtner\\\/dpa\"},\"datePublished\":\"2019-09-04T21:41:08+02:00\",\"dateModified\":\"2019-09-04T21:41:08+02:00\",\"inLanguage\":\"es-ES\",\"mainEntityOfPage\":{\"@id\":\"https:\\\/\\\/candas365.es\\\/noticias\\\/schroder-seguira-en-la-seleccion-si-todos-colaboran\\\/#webpage\"},\"isPartOf\":{\"@id\":\"https:\\\/\\\/candas365.es\\\/noticias\\\/schroder-seguira-en-la-seleccion-si-todos-colaboran\\\/#webpage\"},\"articleSection\":\"Deporte\",\"dateline\":\"Publicado el septiembre 4, 2019.\"},{\"@type\":\"Organization\",\"@id\":\"https:\\\/\\\/candas365.es\\\/noticias\\\/#organization\",\"name\":\"Cand\\u00e1s 365\",\"description\":\"Cand\\u00e1s 365 es un diario digital independiente, fundado en 2012, con base en Asturias. Informamos con rigor sobre actualidad, sociedad, cultura y ocio, con una mirada local y global.\",\"url\":\"https:\\\/\\\/candas365.es\\\/noticias\\\/\",\"email\":\"info@candas365.es\",\"telephone\":\"+34652131393\",\"foundingDate\":\"2012-06-10\",\"logo\":{\"@type\":\"ImageObject\",\"url\":\"https:\\\/\\\/candas365.es\\\/noticias\\\/wp-content\\\/uploads\\\/2024\\\/09\\\/Candas-365-Redes.jpg\",\"@id\":\"https:\\\/\\\/candas365.es\\\/noticias\\\/schroder-seguira-en-la-seleccion-si-todos-colaboran\\\/#organizationLogo\",\"width\":1152,\"height\":864,\"caption\":\"Cand\\u00e1s 365 Redes\"},\"image\":{\"@id\":\"https:\\\/\\\/candas365.es\\\/noticias\\\/schroder-seguira-en-la-seleccion-si-todos-colaboran\\\/#organizationLogo\"},\"sameAs\":[\"https:\\\/\\\/www.facebook.com\\\/Nachofdezber\",\"https:\\\/\\\/x.com\\\/NabercoDigital\",\"https:\\\/\\\/www.instagram.com\\\/nachofdezber\\\/\",\"https:\\\/\\\/www.youtube.com\\\/channel\\\/UCZP-2wLEB9Rv6erhFmqVnvg\"],\"address\":{\"@id\":\"https:\\\/\\\/candas365.es\\\/noticias\\\/#postaladdress\",\"@type\":\"PostalAddress\",\"streetAddress\":\"san antonio 4, san antonio 4\",\"postalCode\":\"33430\",\"addressLocality\":\"Cand\\u00e1s\",\"addressRegion\":\"Asturias\",\"addressCountry\":\"ES\"}},{\"@type\":\"Person\",\"@id\":\"https:\\\/\\\/candas365.es\\\/noticias\\\/author\\\/admin\\\/#author\",\"url\":\"https:\\\/\\\/candas365.es\\\/noticias\\\/author\\\/admin\\\/\",\"name\":\"Cand\\u00e1s 365\",\"image\":{\"@type\":\"ImageObject\",\"@id\":\"https:\\\/\\\/candas365.es\\\/noticias\\\/schroder-seguira-en-la-seleccion-si-todos-colaboran\\\/#authorImage\",\"url\":\"https:\\\/\\\/secure.gravatar.com\\\/avatar\\\/496a8e03d0c493ede1718b7934145dbdf8d89be1036b0eec9544e1094c9de390?s=96&d=mm&r=g\",\"width\":96,\"height\":96,\"caption\":\"Cand\\u00e1s 365\"},\"sameAs\":[\"https:\\\/\\\/www.facebook.com\\\/carrenoactualidad\",\"https:\\\/\\\/twitter.com\\\/nbasturias\",\"https:\\\/\\\/www.instagram.com\\\/nachofdezber\\\/\",\"https:\\\/\\\/www.youtube.com\\\/channel\\\/UCZP-2wLEB9Rv6erhFmqVnvg\"]},{\"@type\":\"WebPage\",\"@id\":\"https:\\\/\\\/candas365.es\\\/noticias\\\/schroder-seguira-en-la-seleccion-si-todos-colaboran\\\/#webpage\",\"url\":\"https:\\\/\\\/candas365.es\\\/noticias\\\/schroder-seguira-en-la-seleccion-si-todos-colaboran\\\/\",\"name\":\"Schr\\u00f6der seguir\\u00e1 en la selecci\\u00f3n si \\u00abtodos colaboran\\u00bb | Cand\\u00e1s 365\",\"description\":\"Shenzhen (China), 4 sep (dpa) - El base Dennis Schr\\u00f6der, insinu\\u00f3 hoy que en la selecci\\u00f3n alemana de baloncesto no hay siempre buen ambiente y declar\\u00f3 que continuar\\u00e1 su carrera en el equipo tras el vergonzoso fracaso de la Copa del Mundo con la condici\\u00f3n de que todos colaboren. \\\"Solo porque no hayamos tenido \\u00e9xito\",\"inLanguage\":\"es-ES\",\"isPartOf\":{\"@id\":\"https:\\\/\\\/candas365.es\\\/noticias\\\/#website\"},\"breadcrumb\":{\"@id\":\"https:\\\/\\\/candas365.es\\\/noticias\\\/schroder-seguira-en-la-seleccion-si-todos-colaboran\\\/#breadcrumblist\"},\"author\":{\"@id\":\"https:\\\/\\\/candas365.es\\\/noticias\\\/author\\\/admin\\\/#author\"},\"creator\":{\"@id\":\"https:\\\/\\\/candas365.es\\\/noticias\\\/author\\\/admin\\\/#author\"},\"image\":{\"@type\":\"ImageObject\",\"url\":\"https:\\\/\\\/candas365.es\\\/noticias\\\/wp-content\\\/uploads\\\/2019\\\/09\\\/Dennis-Schroder.jpg\",\"@id\":\"https:\\\/\\\/candas365.es\\\/noticias\\\/schroder-seguira-en-la-seleccion-si-todos-colaboran\\\/#mainImage\",\"width\":970,\"height\":668,\"caption\":\"Foto: Swen Pf\\u00f6rtner\\\/dpa\"},\"primaryImageOfPage\":{\"@id\":\"https:\\\/\\\/candas365.es\\\/noticias\\\/schroder-seguira-en-la-seleccion-si-todos-colaboran\\\/#mainImage\"},\"datePublished\":\"2019-09-04T21:41:08+02:00\",\"dateModified\":\"2019-09-04T21:41:08+02:00\"},{\"@type\":\"WebSite\",\"@id\":\"https:\\\/\\\/candas365.es\\\/noticias\\\/#website\",\"url\":\"https:\\\/\\\/candas365.es\\\/noticias\\\/\",\"name\":\"Cand\\u00e1s 365\",\"alternateName\":\"Cand\\u00e1s 365 Noticias\",\"description\":\"Actualidad desde Carre\\u00f1o para el mundo\",\"inLanguage\":\"es-ES\",\"publisher\":{\"@id\":\"https:\\\/\\\/candas365.es\\\/noticias\\\/#organization\"}}]}\n\t\t<\/script>\n\t\t<!-- All in One SEO Pro -->\r\n\t\t<title>Schr\u00f6der seguir\u00e1 en la selecci\u00f3n si \u00abtodos colaboran\u00bb | Cand\u00e1s 365<\/title>\n\n","aioseo_head_json":{"title":"Schr\u00f6der seguir\u00e1 en la selecci\u00f3n si \u00abtodos colaboran\u00bb | Cand\u00e1s 365","description":"Shenzhen (China), 4 sep (dpa) - El base Dennis Schr\u00f6der, insinu\u00f3 hoy que en la selecci\u00f3n alemana de baloncesto no hay siempre buen ambiente y declar\u00f3 que continuar\u00e1 su carrera en el equipo tras el vergonzoso fracaso de la Copa del Mundo con la condici\u00f3n de que todos colaboren. \"Solo porque no hayamos tenido \u00e9xito","canonical_url":"https:\/\/candas365.es\/noticias\/schroder-seguira-en-la-seleccion-si-todos-colaboran\/","robots":"max-image-preview:large","keywords":"deporte","webmasterTools":{"google-site-verification":"UA-32230408-1","msvalidate.01":"354F3CDFB2DA171B47FBE9ABF1F88D5","miscellaneous":""},"schema":{"@context":"https:\/\/schema.org","@graph":[{"@type":"BreadcrumbList","@id":"https:\/\/candas365.es\/noticias\/schroder-seguira-en-la-seleccion-si-todos-colaboran\/#breadcrumblist","itemListElement":[{"@type":"ListItem","@id":"https:\/\/candas365.es\/noticias#listItem","position":1,"name":"Home","item":"https:\/\/candas365.es\/noticias","nextItem":{"@type":"ListItem","@id":"https:\/\/candas365.es\/noticias\/category\/deporte\/#listItem","name":"Deporte"}},{"@type":"ListItem","@id":"https:\/\/candas365.es\/noticias\/category\/deporte\/#listItem","position":2,"name":"Deporte","item":"https:\/\/candas365.es\/noticias\/category\/deporte\/","nextItem":{"@type":"ListItem","@id":"https:\/\/candas365.es\/noticias\/schroder-seguira-en-la-seleccion-si-todos-colaboran\/#listItem","name":"Schr\u00f6der seguir\u00e1 en la selecci\u00f3n si \u00abtodos colaboran\u00bb"},"previousItem":{"@type":"ListItem","@id":"https:\/\/candas365.es\/noticias#listItem","name":"Home"}},{"@type":"ListItem","@id":"https:\/\/candas365.es\/noticias\/schroder-seguira-en-la-seleccion-si-todos-colaboran\/#listItem","position":3,"name":"Schr\u00f6der seguir\u00e1 en la selecci\u00f3n si \u00abtodos colaboran\u00bb","previousItem":{"@type":"ListItem","@id":"https:\/\/candas365.es\/noticias\/category\/deporte\/#listItem","name":"Deporte"}}]},{"@type":"NewsArticle","@id":"https:\/\/candas365.es\/noticias\/schroder-seguira-en-la-seleccion-si-todos-colaboran\/#newsarticle","name":"Schr\u00f6der seguir\u00e1 en la selecci\u00f3n si \u00abtodos colaboran\u00bb | Cand\u00e1s 365","headline":"Schr\u00f6der seguir\u00e1 en la selecci\u00f3n si \u00abtodos colaboran\u00bb","author":{"@id":"https:\/\/candas365.es\/noticias\/author\/admin\/#author"},"publisher":{"@id":"https:\/\/candas365.es\/noticias\/#organization"},"image":{"@type":"ImageObject","url":"https:\/\/candas365.es\/noticias\/wp-content\/uploads\/2019\/09\/Dennis-Schroder.jpg","width":970,"height":668,"caption":"Foto: Swen Pf\u00f6rtner\/dpa"},"datePublished":"2019-09-04T21:41:08+02:00","dateModified":"2019-09-04T21:41:08+02:00","inLanguage":"es-ES","mainEntityOfPage":{"@id":"https:\/\/candas365.es\/noticias\/schroder-seguira-en-la-seleccion-si-todos-colaboran\/#webpage"},"isPartOf":{"@id":"https:\/\/candas365.es\/noticias\/schroder-seguira-en-la-seleccion-si-todos-colaboran\/#webpage"},"articleSection":"Deporte","dateline":"Publicado el septiembre 4, 2019."},{"@type":"Organization","@id":"https:\/\/candas365.es\/noticias\/#organization","name":"Cand\u00e1s 365","description":"Cand\u00e1s 365 es un diario digital independiente, fundado en 2012, con base en Asturias. Informamos con rigor sobre actualidad, sociedad, cultura y ocio, con una mirada local y global.","url":"https:\/\/candas365.es\/noticias\/","email":"info@candas365.es","telephone":"+34652131393","foundingDate":"2012-06-10","logo":{"@type":"ImageObject","url":"https:\/\/candas365.es\/noticias\/wp-content\/uploads\/2024\/09\/Candas-365-Redes.jpg","@id":"https:\/\/candas365.es\/noticias\/schroder-seguira-en-la-seleccion-si-todos-colaboran\/#organizationLogo","width":1152,"height":864,"caption":"Cand\u00e1s 365 Redes"},"image":{"@id":"https:\/\/candas365.es\/noticias\/schroder-seguira-en-la-seleccion-si-todos-colaboran\/#organizationLogo"},"sameAs":["https:\/\/www.facebook.com\/Nachofdezber","https:\/\/x.com\/NabercoDigital","https:\/\/www.instagram.com\/nachofdezber\/","https:\/\/www.youtube.com\/channel\/UCZP-2wLEB9Rv6erhFmqVnvg"],"address":{"@id":"https:\/\/candas365.es\/noticias\/#postaladdress","@type":"PostalAddress","streetAddress":"san antonio 4, san antonio 4","postalCode":"33430","addressLocality":"Cand\u00e1s","addressRegion":"Asturias","addressCountry":"ES"}},{"@type":"Person","@id":"https:\/\/candas365.es\/noticias\/author\/admin\/#author","url":"https:\/\/candas365.es\/noticias\/author\/admin\/","name":"Cand\u00e1s 365","image":{"@type":"ImageObject","@id":"https:\/\/candas365.es\/noticias\/schroder-seguira-en-la-seleccion-si-todos-colaboran\/#authorImage","url":"https:\/\/secure.gravatar.com\/avatar\/496a8e03d0c493ede1718b7934145dbdf8d89be1036b0eec9544e1094c9de390?s=96&d=mm&r=g","width":96,"height":96,"caption":"Cand\u00e1s 365"},"sameAs":["https:\/\/www.facebook.com\/carrenoactualidad","https:\/\/twitter.com\/nbasturias","https:\/\/www.instagram.com\/nachofdezber\/","https:\/\/www.youtube.com\/channel\/UCZP-2wLEB9Rv6erhFmqVnvg"]},{"@type":"WebPage","@id":"https:\/\/candas365.es\/noticias\/schroder-seguira-en-la-seleccion-si-todos-colaboran\/#webpage","url":"https:\/\/candas365.es\/noticias\/schroder-seguira-en-la-seleccion-si-todos-colaboran\/","name":"Schr\u00f6der seguir\u00e1 en la selecci\u00f3n si \u00abtodos colaboran\u00bb | Cand\u00e1s 365","description":"Shenzhen (China), 4 sep (dpa) - El base Dennis Schr\u00f6der, insinu\u00f3 hoy que en la selecci\u00f3n alemana de baloncesto no hay siempre buen ambiente y declar\u00f3 que continuar\u00e1 su carrera en el equipo tras el vergonzoso fracaso de la Copa del Mundo con la condici\u00f3n de que todos colaboren. \"Solo porque no hayamos tenido \u00e9xito","inLanguage":"es-ES","isPartOf":{"@id":"https:\/\/candas365.es\/noticias\/#website"},"breadcrumb":{"@id":"https:\/\/candas365.es\/noticias\/schroder-seguira-en-la-seleccion-si-todos-colaboran\/#breadcrumblist"},"author":{"@id":"https:\/\/candas365.es\/noticias\/author\/admin\/#author"},"creator":{"@id":"https:\/\/candas365.es\/noticias\/author\/admin\/#author"},"image":{"@type":"ImageObject","url":"https:\/\/candas365.es\/noticias\/wp-content\/uploads\/2019\/09\/Dennis-Schroder.jpg","@id":"https:\/\/candas365.es\/noticias\/schroder-seguira-en-la-seleccion-si-todos-colaboran\/#mainImage","width":970,"height":668,"caption":"Foto: Swen Pf\u00f6rtner\/dpa"},"primaryImageOfPage":{"@id":"https:\/\/candas365.es\/noticias\/schroder-seguira-en-la-seleccion-si-todos-colaboran\/#mainImage"},"datePublished":"2019-09-04T21:41:08+02:00","dateModified":"2019-09-04T21:41:08+02:00"},{"@type":"WebSite","@id":"https:\/\/candas365.es\/noticias\/#website","url":"https:\/\/candas365.es\/noticias\/","name":"Cand\u00e1s 365","alternateName":"Cand\u00e1s 365 Noticias","description":"Actualidad desde Carre\u00f1o para el mundo","inLanguage":"es-ES","publisher":{"@id":"https:\/\/candas365.es\/noticias\/#organization"}}]},"og:locale":"es_ES","og:site_name":"Cand\u00e1s 365","og:type":"article","og:title":"Schr\u00f6der seguir\u00e1 en la selecci\u00f3n si \u00abtodos colaboran\u00bb | Cand\u00e1s 365","og:description":"Shenzhen (China), 4 sep (dpa) - El base Dennis Schr\u00f6der, insinu\u00f3 hoy que en la selecci\u00f3n alemana de baloncesto no hay siempre buen ambiente y declar\u00f3 que continuar\u00e1 su carrera en el equipo tras el vergonzoso fracaso de la Copa del Mundo con la condici\u00f3n de que todos colaboren. &quot;Solo porque no hayamos tenido \u00e9xito","og:url":"https:\/\/candas365.es\/noticias\/schroder-seguira-en-la-seleccion-si-todos-colaboran\/","og:image":"https:\/\/candas365.es\/noticias\/wp-content\/uploads\/2019\/09\/Dennis-Schroder.jpg","og:image:secure_url":"https:\/\/candas365.es\/noticias\/wp-content\/uploads\/2019\/09\/Dennis-Schroder.jpg","og:image:width":970,"og:image:height":668,"article:published_time":"2019-09-04T21:41:08+00:00","article:modified_time":"2019-09-04T21:41:08+00:00","article:publisher":"https:\/\/www.facebook.com\/Nachofdezber","article:author":"https:\/\/www.facebook.com\/carrenoactualidad","twitter:card":"summary_large_image","twitter:site":"@NabercoDigital","twitter:title":"Schr\u00f6der seguir\u00e1 en la selecci\u00f3n si \u00abtodos colaboran\u00bb | Cand\u00e1s 365","twitter:description":"Shenzhen (China), 4 sep (dpa) - El base Dennis Schr\u00f6der, insinu\u00f3 hoy que en la selecci\u00f3n alemana de baloncesto no hay siempre buen ambiente y declar\u00f3 que continuar\u00e1 su carrera en el equipo tras el vergonzoso fracaso de la Copa del Mundo con la condici\u00f3n de que todos colaboren. &quot;Solo porque no hayamos tenido \u00e9xito","twitter:creator":"@nbasturias","twitter:image":"https:\/\/candas365.es\/noticias\/wp-content\/uploads\/2019\/09\/Dennis-Schroder.jpg","twitter:label1":"Escrito por","twitter:data1":"Cand\u00e1s 365","twitter:label2":"Tiempo de lectura estimado","twitter:data2":"2 minutos"},"aioseo_meta_data":{"post_id":"129441","title":null,"description":null,"keywords":null,"keyphrases":null,"primary_term":null,"canonical_url":null,"og_title":null,"og_description":null,"og_object_type":"default","og_image_type":"default","og_image_url":null,"og_image_width":null,"og_image_height":null,"og_image_custom_url":null,"og_image_custom_fields":null,"og_video":null,"og_custom_url":null,"og_article_section":null,"og_article_tags":null,"twitter_use_og":false,"twitter_card":"default","twitter_image_type":"default","twitter_image_url":null,"twitter_image_custom_url":null,"twitter_image_custom_fields":null,"twitter_title":null,"twitter_description":null,"schema":{"blockGraphs":[],"customGraphs":[],"default":{"data":{"Article":[],"Course":[],"Dataset":[],"FAQPage":[],"Movie":[],"Person":[],"Product":[],"ProductReview":[],"Car":[],"Recipe":[],"Service":[],"SoftwareApplication":[],"WebPage":[]},"graphName":"","isEnabled":true},"graphs":[],"defaultGraph":"","defaultPostTypeGraph":""},"schema_type":null,"schema_type_options":null,"pillar_content":false,"robots_default":true,"robots_noindex":false,"robots_noarchive":false,"robots_nosnippet":false,"robots_nofollow":false,"robots_noimageindex":false,"robots_noodp":false,"robots_notranslate":false,"robots_max_snippet":null,"robots_max_videopreview":null,"robots_max_imagepreview":"large","priority":null,"frequency":null,"location":null,"local_seo":null,"seo_analyzer_scan_date":"2025-08-30 13:07:30","breadcrumb_settings":null,"limit_modified_date":false,"reviewed_by":null,"open_ai":null,"ai":null,"created":"2020-12-21 10:52:58","updated":"2025-08-30 13:07:30"},"aioseo_breadcrumb":"<div class=\"aioseo-breadcrumbs\"><span class=\"aioseo-breadcrumb\">\n\t<a href=\"https:\/\/candas365.es\/noticias\" title=\"Home\">Home<\/a>\n<\/span><span class=\"aioseo-breadcrumb-separator\">&ndash;<\/span><span class=\"aioseo-breadcrumb\">\n\t<a href=\"https:\/\/candas365.es\/noticias\/category\/deporte\/\" title=\"Deporte\">Deporte<\/a>\n<\/span><span class=\"aioseo-breadcrumb-separator\">&ndash;<\/span><span class=\"aioseo-breadcrumb\">\n\tSchr\u00f6der seguir\u00e1 en la selecci\u00f3n si \u00abtodos colaboran\u00bb\n<\/span><\/div>","aioseo_breadcrumb_json":[{"label":"Home","link":"https:\/\/candas365.es\/noticias"},{"label":"Deporte","link":"https:\/\/candas365.es\/noticias\/category\/deporte\/"},{"label":"Schr\u00f6der seguir\u00e1 en la selecci\u00f3n si \u00abtodos colaboran\u00bb","link":"https:\/\/candas365.es\/noticias\/schroder-seguira-en-la-seleccion-si-todos-colaboran\/"}],"_links":{"self":[{"href":"https:\/\/candas365.es\/noticias\/wp-json\/wp\/v2\/posts\/129441","targetHints":{"allow":["GET"]}}],"collection":[{"href":"https:\/\/candas365.es\/noticias\/wp-json\/wp\/v2\/posts"}],"about":[{"href":"https:\/\/candas365.es\/noticias\/wp-json\/wp\/v2\/types\/post"}],"author":[{"embeddable":true,"href":"https:\/\/candas365.es\/noticias\/wp-json\/wp\/v2\/users\/1"}],"replies":[{"embeddable":true,"href":"https:\/\/candas365.es\/noticias\/wp-json\/wp\/v2\/comments?post=129441"}],"version-history":[{"count":0,"href":"https:\/\/candas365.es\/noticias\/wp-json\/wp\/v2\/posts\/129441\/revisions"}],"wp:featuredmedia":[{"embeddable":true,"href":"https:\/\/candas365.es\/noticias\/wp-json\/wp\/v2\/media\/129442"}],"wp:attachment":[{"href":"https:\/\/candas365.es\/noticias\/wp-json\/wp\/v2\/media?parent=129441"}],"wp:term":[{"taxonomy":"category","embeddable":true,"href":"https:\/\/candas365.es\/noticias\/wp-json\/wp\/v2\/categories?post=129441"},{"taxonomy":"post_tag","embeddable":true,"href":"https:\/\/candas365.es\/noticias\/wp-json\/wp\/v2\/tags?post=129441"}],"curies":[{"name":"wp","href":"https:\/\/api.w.org\/{rel}","templated":true}]}}