{"id":129391,"date":"2019-09-04T13:27:09","date_gmt":"2019-09-04T13:27:09","guid":{"rendered":"http:\/\/candas365.es\/noticias\/?p=129391"},"modified":"2019-09-04T13:27:09","modified_gmt":"2019-09-04T13:27:09","slug":"comienza-el-festival-de-artes-escenicas","status":"publish","type":"post","link":"https:\/\/candas365.es\/noticias\/comienza-el-festival-de-artes-escenicas\/","title":{"rendered":"Comienza el Festival de Artes Esc\u00e9nicas"},"content":{"rendered":"<p><img fetchpriority=\"high\" decoding=\"async\" class=\"alignleft size-medium wp-image-129392\" src=\"https:\/\/candas365.es\/noticias\/wp-content\/uploads\/2019\/09\/mic-1132528_960_720-360x238.jpg\" alt=\"\" width=\"360\" height=\"238\" srcset=\"https:\/\/candas365.es\/noticias\/wp-content\/uploads\/2019\/09\/mic-1132528_960_720-360x238.jpg 360w, https:\/\/candas365.es\/noticias\/wp-content\/uploads\/2019\/09\/mic-1132528_960_720-768x508.jpg 768w, https:\/\/candas365.es\/noticias\/wp-content\/uploads\/2019\/09\/mic-1132528_960_720-655x433.jpg 655w, https:\/\/candas365.es\/noticias\/wp-content\/uploads\/2019\/09\/mic-1132528_960_720-696x460.jpg 696w, https:\/\/candas365.es\/noticias\/wp-content\/uploads\/2019\/09\/mic-1132528_960_720-635x420.jpg 635w, https:\/\/candas365.es\/noticias\/wp-content\/uploads\/2019\/09\/mic-1132528_960_720.jpg 960w\" sizes=\"(max-width: 360px) 100vw, 360px\" \/>El Principado de Asturias anunci\u00f3 este mi\u00e9rcoles mediante un comunicado de prensa que del 19 al 21 de septiembre se celebrar\u00e1 el Festival de Artes Esc\u00e9nicas en el Espacio Singular Rincones y Recovecos.<\/p>\n<p>En este sentido, <em>Las Peripecias de un Cordelito<\/em> de Teatro Los Pintores, <em>Oda al amor<\/em> de Sempre Arriba, <em>Diestro y siniestro<\/em> de Higi\u00e9nico Papel y <em>D\u00eda D Jazz<\/em> de Marcos Band completan el cartel de esta segunda edici\u00f3n, que llenar\u00e1 los diferentes espacios de la Laboral con una docena de propuestas esc\u00e9nicas para todos los p\u00fablicos.<\/p>\n<p>El comunicado completo expone la siguiente informaci\u00f3n:<\/p>\n<p>\u201cFunambulistas, trapecistas y malabaristas trasladar\u00e1n al p\u00fablico al m\u00e1gico y circense mundo de Nim y Margot en Circlassica del 26 al 29 de septiembre, que acaba de anunciar una nueva funci\u00f3n, ofreciendo un total de siete pases en el Teatro de la Laboral.<\/p>\n<p>Yolanda Ramos, Quique Matilla y Salva Reina protagonizar\u00e1n Las Noches del Club de la Comedia el 5 de octubre y John Mayall vuelve a la Laboral el 6 de octubre con su nuevo disco, Nobody Told Me, y la gira mundial en la que celebra sus 85 a\u00f1os. Amaia, ganadora de Operaci\u00f3n Triunfo 2017, mostrar\u00e1 el 18 de octubre su primer disco, Pero No Pasa Nada, del que ya se pueden escuchar los sencillos: El rel\u00e1mpago, Nadie podr\u00eda hacerlo y Quedar\u00eda en nuestra mente.<\/p>\n<p>Del 25 al 27 de octubre llega al Teatro de la Laboral Jekyll &amp; Hyde, el musical con tres funciones que se adentran en la dualidad primaria del hombre y que est\u00e1n ambientadas en el Londres de la \u00e9poca victoriana. Dar\u00edo Adanti y Edu Gal\u00e1n traen el 2 de noviembre su nuevo show, Mongolia sobre hielo, en el que no faltar\u00e1n la mirada sat\u00edrica de la revista Mongolia y la m\u00fasica de Jorge Ilegal y David Morei.<\/p>\n<p>Dos j\u00f3venes enamorados se ven atrapados por el enfrentamiento entre bandas callejeras en West Side Story, uno de los musicales m\u00e1s importantes y representativos del teatro universal, que ofrecer\u00e1 siete pases del 28 de noviembre al 1 de diciembre en Laboral Ciudad de la Cultura.<\/p>\n<p>Diciembre ser\u00e1 un mes musical con las actuaciones de Vanesa Mart\u00edn el 13 de diciembre, de la Film Symphony Orchestra con la mejor m\u00fasica de cine en concierto el 15 de diciembre y de Rodrigo Cuevas con su nuevo espect\u00e1culo, Tr\u00f3pico de Covadonga, el 21 de diciembre.<\/p>\n<p>La programaci\u00f3n para el p\u00fablico juvenil y adulto en la Laboral se completa con talleres, cursos y actividades especiales. El 13 de septiembre, Heike Freire, referente en materia de Pedagog\u00eda Verde, hablar\u00e1 de c\u00f3mo \u00abLa Naturaleza nos hace humanas\u00bb. Habr\u00e1 cursos intensivos para aprender a aprovechar los recursos del bosque comestible el 21 de septiembre, sobre \u201cAcompa\u00f1ar en la educaci\u00f3n mediante la permacultura\u201d el 19 y 20 de octubre y para introducirnos al reino fungi el 26 de octubre.<\/p>\n<p>Tambi\u00e9n se realizar\u00e1n Perma Andechas, para conocer c\u00f3mo dise\u00f1ar e implantar un espacio \u201cpermacultural\u201d, los d\u00edas 6 y 27 de octubre, 10 de noviembre y 1 y 22 de diciembre, fechas en las que tambi\u00e9n habr\u00e1 visitas guiadas al espacio permacultural de la Laboral. A esto se suman las sesiones para explorar las ilimitadas posibilidades de movimiento de nuestro cuerpo que ofrecer\u00e1 la core\u00f3grafa Dana Raz el 8 y 9 de noviembre y un taller de kombucha o t\u00e9 fermentado el 21 de diciembre.<\/p>\n<p>Contin\u00faa adem\u00e1s la instalaci\u00f3n sonora Paisajes para la Escucha de Juanjo Palacios en el Patio Corintio, integrada en la exposici\u00f3n Eco-visionarios de laboral Centro de Arte y Creaci\u00f3n Industrial hasta el 26 de octubre, y los recorridos guiados a Laboral Ciudad de la Cultura y subidas al Mirador de la Torre. El 22 de septiembre habr\u00e1 una nueva Jornada de Puertas Abiertas en la Laboral, una oportunidad de ver y conocer de primera mano toda la vida interior que atesora este complejo cultural y educativo.<\/p>\n<p>Los talleres y espect\u00e1culos para el p\u00fablico infantil y familiar del programa \u00a1Vamos! de la Laboral, completar\u00e1n en los pr\u00f3ximos d\u00edas la programaci\u00f3n para este oto\u00f1o en la Ciudad de la Cultura\u201d, concluye el comunicado de prensa del Principado.<\/p>\n","protected":false},"excerpt":{"rendered":"<p>El Principado de Asturias anunci\u00f3 este mi\u00e9rcoles mediante un comunicado de prensa que del 19 al 21 de septiembre se celebrar\u00e1 el Festival de Artes Esc\u00e9nicas en el Espacio Singular Rincones y Recovecos. En este sentido, Las Peripecias de un Cordelito de Teatro Los Pintores, Oda al amor de Sempre Arriba, Diestro y siniestro de<\/p>\n","protected":false},"author":1,"featured_media":129392,"comment_status":"closed","ping_status":"closed","sticky":false,"template":"","format":"standard","meta":{"footnotes":""},"categories":[1],"tags":[],"class_list":{"0":"post-129391","1":"post","2":"type-post","3":"status-publish","4":"format-standard","5":"has-post-thumbnail","7":"category-agenda"},"aioseo_notices":[],"aioseo_head":"\n\t\t<!-- All in One SEO Pro 4.9.6.2 - aioseo.com -->\n\t<meta name=\"description\" content=\"El Principado de Asturias anunci\u00f3 este mi\u00e9rcoles mediante un comunicado de prensa que del 19 al 21 de septiembre se celebrar\u00e1 el Festival de Artes Esc\u00e9nicas en el Espacio Singular Rincones y Recovecos. En este sentido, Las Peripecias de un Cordelito de Teatro Los Pintores, Oda al amor de Sempre Arriba, Diestro y siniestro de\" \/>\n\t<meta name=\"robots\" content=\"max-image-preview:large\" \/>\n\t<meta name=\"author\" content=\"Cand\u00e1s 365\"\/>\n\t<meta name=\"google-site-verification\" content=\"UA-32230408-1\" \/>\n\t<meta name=\"msvalidate.01\" content=\"354F3CDFB2DA171B47FBE9ABF1F88D5\" \/>\n\t<meta name=\"keywords\" content=\"agenda\" \/>\n\t<link rel=\"canonical\" href=\"https:\/\/candas365.es\/noticias\/comienza-el-festival-de-artes-escenicas\/\" \/>\n\t<meta name=\"generator\" content=\"All in One SEO Pro (AIOSEO) 4.9.6.2\" \/>\n\t\t<meta property=\"og:locale\" content=\"es_ES\" \/>\n\t\t<meta property=\"og:site_name\" content=\"Cand\u00e1s 365\" \/>\n\t\t<meta property=\"og:type\" content=\"article\" \/>\n\t\t<meta property=\"og:title\" content=\"Comienza el Festival de Artes Esc\u00e9nicas | Cand\u00e1s 365\" \/>\n\t\t<meta property=\"og:description\" content=\"El Principado de Asturias anunci\u00f3 este mi\u00e9rcoles mediante un comunicado de prensa que del 19 al 21 de septiembre se celebrar\u00e1 el Festival de Artes Esc\u00e9nicas en el Espacio Singular Rincones y Recovecos. En este sentido, Las Peripecias de un Cordelito de Teatro Los Pintores, Oda al amor de Sempre Arriba, Diestro y siniestro de\" \/>\n\t\t<meta property=\"og:url\" content=\"https:\/\/candas365.es\/noticias\/comienza-el-festival-de-artes-escenicas\/\" \/>\n\t\t<meta property=\"og:image\" content=\"https:\/\/candas365.es\/noticias\/wp-content\/uploads\/2019\/09\/mic-1132528_960_720.jpg\" \/>\n\t\t<meta property=\"og:image:secure_url\" content=\"https:\/\/candas365.es\/noticias\/wp-content\/uploads\/2019\/09\/mic-1132528_960_720.jpg\" \/>\n\t\t<meta property=\"og:image:width\" content=\"960\" \/>\n\t\t<meta property=\"og:image:height\" content=\"635\" \/>\n\t\t<meta property=\"article:published_time\" content=\"2019-09-04T13:27:09+00:00\" \/>\n\t\t<meta property=\"article:modified_time\" content=\"2019-09-04T13:27:09+00:00\" \/>\n\t\t<meta property=\"article:publisher\" content=\"https:\/\/www.facebook.com\/Nachofdezber\" \/>\n\t\t<meta property=\"article:author\" content=\"https:\/\/www.facebook.com\/carrenoactualidad\" \/>\n\t\t<meta name=\"twitter:card\" content=\"summary_large_image\" \/>\n\t\t<meta name=\"twitter:site\" content=\"@NabercoDigital\" \/>\n\t\t<meta name=\"twitter:title\" content=\"Comienza el Festival de Artes Esc\u00e9nicas | Cand\u00e1s 365\" \/>\n\t\t<meta name=\"twitter:description\" content=\"El Principado de Asturias anunci\u00f3 este mi\u00e9rcoles mediante un comunicado de prensa que del 19 al 21 de septiembre se celebrar\u00e1 el Festival de Artes Esc\u00e9nicas en el Espacio Singular Rincones y Recovecos. En este sentido, Las Peripecias de un Cordelito de Teatro Los Pintores, Oda al amor de Sempre Arriba, Diestro y siniestro de\" \/>\n\t\t<meta name=\"twitter:creator\" content=\"@nbasturias\" \/>\n\t\t<meta name=\"twitter:image\" content=\"https:\/\/candas365.es\/noticias\/wp-content\/uploads\/2019\/09\/mic-1132528_960_720.jpg\" \/>\n\t\t<meta name=\"twitter:label1\" content=\"Escrito por\" \/>\n\t\t<meta name=\"twitter:data1\" content=\"Cand\u00e1s 365\" \/>\n\t\t<meta name=\"twitter:label2\" content=\"Tiempo de lectura estimado\" \/>\n\t\t<meta name=\"twitter:data2\" content=\"4 minutos\" \/>\n\t\t<script type=\"application\/ld+json\" class=\"aioseo-schema\">\n\t\t\t{\"@context\":\"https:\\\/\\\/schema.org\",\"@graph\":[{\"@type\":\"BreadcrumbList\",\"@id\":\"https:\\\/\\\/candas365.es\\\/noticias\\\/comienza-el-festival-de-artes-escenicas\\\/#breadcrumblist\",\"itemListElement\":[{\"@type\":\"ListItem\",\"@id\":\"https:\\\/\\\/candas365.es\\\/noticias#listItem\",\"position\":1,\"name\":\"Home\",\"item\":\"https:\\\/\\\/candas365.es\\\/noticias\",\"nextItem\":{\"@type\":\"ListItem\",\"@id\":\"https:\\\/\\\/candas365.es\\\/noticias\\\/category\\\/agenda\\\/#listItem\",\"name\":\"Agenda\"}},{\"@type\":\"ListItem\",\"@id\":\"https:\\\/\\\/candas365.es\\\/noticias\\\/category\\\/agenda\\\/#listItem\",\"position\":2,\"name\":\"Agenda\",\"item\":\"https:\\\/\\\/candas365.es\\\/noticias\\\/category\\\/agenda\\\/\",\"nextItem\":{\"@type\":\"ListItem\",\"@id\":\"https:\\\/\\\/candas365.es\\\/noticias\\\/comienza-el-festival-de-artes-escenicas\\\/#listItem\",\"name\":\"Comienza el Festival de Artes Esc\\u00e9nicas\"},\"previousItem\":{\"@type\":\"ListItem\",\"@id\":\"https:\\\/\\\/candas365.es\\\/noticias#listItem\",\"name\":\"Home\"}},{\"@type\":\"ListItem\",\"@id\":\"https:\\\/\\\/candas365.es\\\/noticias\\\/comienza-el-festival-de-artes-escenicas\\\/#listItem\",\"position\":3,\"name\":\"Comienza el Festival de Artes Esc\\u00e9nicas\",\"previousItem\":{\"@type\":\"ListItem\",\"@id\":\"https:\\\/\\\/candas365.es\\\/noticias\\\/category\\\/agenda\\\/#listItem\",\"name\":\"Agenda\"}}]},{\"@type\":\"NewsArticle\",\"@id\":\"https:\\\/\\\/candas365.es\\\/noticias\\\/comienza-el-festival-de-artes-escenicas\\\/#newsarticle\",\"name\":\"Comienza el Festival de Artes Esc\\u00e9nicas | Cand\\u00e1s 365\",\"headline\":\"Comienza el Festival de Artes Esc\\u00e9nicas\",\"author\":{\"@id\":\"https:\\\/\\\/candas365.es\\\/noticias\\\/author\\\/admin\\\/#author\"},\"publisher\":{\"@id\":\"https:\\\/\\\/candas365.es\\\/noticias\\\/#organization\"},\"image\":{\"@type\":\"ImageObject\",\"url\":\"https:\\\/\\\/candas365.es\\\/noticias\\\/wp-content\\\/uploads\\\/2019\\\/09\\\/mic-1132528_960_720.jpg\",\"width\":960,\"height\":635},\"datePublished\":\"2019-09-04T13:27:09+02:00\",\"dateModified\":\"2019-09-04T13:27:09+02:00\",\"inLanguage\":\"es-ES\",\"mainEntityOfPage\":{\"@id\":\"https:\\\/\\\/candas365.es\\\/noticias\\\/comienza-el-festival-de-artes-escenicas\\\/#webpage\"},\"isPartOf\":{\"@id\":\"https:\\\/\\\/candas365.es\\\/noticias\\\/comienza-el-festival-de-artes-escenicas\\\/#webpage\"},\"articleSection\":\"Agenda\",\"dateline\":\"Publicado el septiembre 4, 2019.\"},{\"@type\":\"Organization\",\"@id\":\"https:\\\/\\\/candas365.es\\\/noticias\\\/#organization\",\"name\":\"Cand\\u00e1s 365\",\"description\":\"Cand\\u00e1s 365 es un diario digital independiente, fundado en 2012, con base en Asturias. Informamos con rigor sobre actualidad, sociedad, cultura y ocio, con una mirada local y global.\",\"url\":\"https:\\\/\\\/candas365.es\\\/noticias\\\/\",\"email\":\"info@candas365.es\",\"telephone\":\"+34652131393\",\"foundingDate\":\"2012-06-10\",\"logo\":{\"@type\":\"ImageObject\",\"url\":\"https:\\\/\\\/candas365.es\\\/noticias\\\/wp-content\\\/uploads\\\/2024\\\/09\\\/Candas-365-Redes.jpg\",\"@id\":\"https:\\\/\\\/candas365.es\\\/noticias\\\/comienza-el-festival-de-artes-escenicas\\\/#organizationLogo\",\"width\":1152,\"height\":864,\"caption\":\"Cand\\u00e1s 365 Redes\"},\"image\":{\"@id\":\"https:\\\/\\\/candas365.es\\\/noticias\\\/comienza-el-festival-de-artes-escenicas\\\/#organizationLogo\"},\"sameAs\":[\"https:\\\/\\\/www.facebook.com\\\/Nachofdezber\",\"https:\\\/\\\/x.com\\\/NabercoDigital\",\"https:\\\/\\\/www.instagram.com\\\/nachofdezber\\\/\",\"https:\\\/\\\/www.youtube.com\\\/channel\\\/UCZP-2wLEB9Rv6erhFmqVnvg\"],\"address\":{\"@id\":\"https:\\\/\\\/candas365.es\\\/noticias\\\/#postaladdress\",\"@type\":\"PostalAddress\",\"streetAddress\":\"san antonio 4, san antonio 4\",\"postalCode\":\"33430\",\"addressLocality\":\"Cand\\u00e1s\",\"addressRegion\":\"Asturias\",\"addressCountry\":\"ES\"}},{\"@type\":\"Person\",\"@id\":\"https:\\\/\\\/candas365.es\\\/noticias\\\/author\\\/admin\\\/#author\",\"url\":\"https:\\\/\\\/candas365.es\\\/noticias\\\/author\\\/admin\\\/\",\"name\":\"Cand\\u00e1s 365\",\"image\":{\"@type\":\"ImageObject\",\"@id\":\"https:\\\/\\\/candas365.es\\\/noticias\\\/comienza-el-festival-de-artes-escenicas\\\/#authorImage\",\"url\":\"https:\\\/\\\/secure.gravatar.com\\\/avatar\\\/496a8e03d0c493ede1718b7934145dbdf8d89be1036b0eec9544e1094c9de390?s=96&d=mm&r=g\",\"width\":96,\"height\":96,\"caption\":\"Cand\\u00e1s 365\"},\"sameAs\":[\"https:\\\/\\\/www.facebook.com\\\/carrenoactualidad\",\"https:\\\/\\\/twitter.com\\\/nbasturias\",\"https:\\\/\\\/www.instagram.com\\\/nachofdezber\\\/\",\"https:\\\/\\\/www.youtube.com\\\/channel\\\/UCZP-2wLEB9Rv6erhFmqVnvg\"]},{\"@type\":\"WebPage\",\"@id\":\"https:\\\/\\\/candas365.es\\\/noticias\\\/comienza-el-festival-de-artes-escenicas\\\/#webpage\",\"url\":\"https:\\\/\\\/candas365.es\\\/noticias\\\/comienza-el-festival-de-artes-escenicas\\\/\",\"name\":\"Comienza el Festival de Artes Esc\\u00e9nicas | Cand\\u00e1s 365\",\"description\":\"El Principado de Asturias anunci\\u00f3 este mi\\u00e9rcoles mediante un comunicado de prensa que del 19 al 21 de septiembre se celebrar\\u00e1 el Festival de Artes Esc\\u00e9nicas en el Espacio Singular Rincones y Recovecos. En este sentido, Las Peripecias de un Cordelito de Teatro Los Pintores, Oda al amor de Sempre Arriba, Diestro y siniestro de\",\"inLanguage\":\"es-ES\",\"isPartOf\":{\"@id\":\"https:\\\/\\\/candas365.es\\\/noticias\\\/#website\"},\"breadcrumb\":{\"@id\":\"https:\\\/\\\/candas365.es\\\/noticias\\\/comienza-el-festival-de-artes-escenicas\\\/#breadcrumblist\"},\"author\":{\"@id\":\"https:\\\/\\\/candas365.es\\\/noticias\\\/author\\\/admin\\\/#author\"},\"creator\":{\"@id\":\"https:\\\/\\\/candas365.es\\\/noticias\\\/author\\\/admin\\\/#author\"},\"image\":{\"@type\":\"ImageObject\",\"url\":\"https:\\\/\\\/candas365.es\\\/noticias\\\/wp-content\\\/uploads\\\/2019\\\/09\\\/mic-1132528_960_720.jpg\",\"@id\":\"https:\\\/\\\/candas365.es\\\/noticias\\\/comienza-el-festival-de-artes-escenicas\\\/#mainImage\",\"width\":960,\"height\":635},\"primaryImageOfPage\":{\"@id\":\"https:\\\/\\\/candas365.es\\\/noticias\\\/comienza-el-festival-de-artes-escenicas\\\/#mainImage\"},\"datePublished\":\"2019-09-04T13:27:09+02:00\",\"dateModified\":\"2019-09-04T13:27:09+02:00\"},{\"@type\":\"WebSite\",\"@id\":\"https:\\\/\\\/candas365.es\\\/noticias\\\/#website\",\"url\":\"https:\\\/\\\/candas365.es\\\/noticias\\\/\",\"name\":\"Cand\\u00e1s 365\",\"alternateName\":\"Cand\\u00e1s 365 Noticias\",\"description\":\"Actualidad desde Carre\\u00f1o para el mundo\",\"inLanguage\":\"es-ES\",\"publisher\":{\"@id\":\"https:\\\/\\\/candas365.es\\\/noticias\\\/#organization\"}}]}\n\t\t<\/script>\n\t\t<!-- All in One SEO Pro -->\r\n\t\t<title>Comienza el Festival de Artes Esc\u00e9nicas | Cand\u00e1s 365<\/title>\n\n","aioseo_head_json":{"title":"Comienza el Festival de Artes Esc\u00e9nicas | Cand\u00e1s 365","description":"El Principado de Asturias anunci\u00f3 este mi\u00e9rcoles mediante un comunicado de prensa que del 19 al 21 de septiembre se celebrar\u00e1 el Festival de Artes Esc\u00e9nicas en el Espacio Singular Rincones y Recovecos. En este sentido, Las Peripecias de un Cordelito de Teatro Los Pintores, Oda al amor de Sempre Arriba, Diestro y siniestro de","canonical_url":"https:\/\/candas365.es\/noticias\/comienza-el-festival-de-artes-escenicas\/","robots":"max-image-preview:large","keywords":"agenda","webmasterTools":{"google-site-verification":"UA-32230408-1","msvalidate.01":"354F3CDFB2DA171B47FBE9ABF1F88D5","miscellaneous":""},"schema":{"@context":"https:\/\/schema.org","@graph":[{"@type":"BreadcrumbList","@id":"https:\/\/candas365.es\/noticias\/comienza-el-festival-de-artes-escenicas\/#breadcrumblist","itemListElement":[{"@type":"ListItem","@id":"https:\/\/candas365.es\/noticias#listItem","position":1,"name":"Home","item":"https:\/\/candas365.es\/noticias","nextItem":{"@type":"ListItem","@id":"https:\/\/candas365.es\/noticias\/category\/agenda\/#listItem","name":"Agenda"}},{"@type":"ListItem","@id":"https:\/\/candas365.es\/noticias\/category\/agenda\/#listItem","position":2,"name":"Agenda","item":"https:\/\/candas365.es\/noticias\/category\/agenda\/","nextItem":{"@type":"ListItem","@id":"https:\/\/candas365.es\/noticias\/comienza-el-festival-de-artes-escenicas\/#listItem","name":"Comienza el Festival de Artes Esc\u00e9nicas"},"previousItem":{"@type":"ListItem","@id":"https:\/\/candas365.es\/noticias#listItem","name":"Home"}},{"@type":"ListItem","@id":"https:\/\/candas365.es\/noticias\/comienza-el-festival-de-artes-escenicas\/#listItem","position":3,"name":"Comienza el Festival de Artes Esc\u00e9nicas","previousItem":{"@type":"ListItem","@id":"https:\/\/candas365.es\/noticias\/category\/agenda\/#listItem","name":"Agenda"}}]},{"@type":"NewsArticle","@id":"https:\/\/candas365.es\/noticias\/comienza-el-festival-de-artes-escenicas\/#newsarticle","name":"Comienza el Festival de Artes Esc\u00e9nicas | Cand\u00e1s 365","headline":"Comienza el Festival de Artes Esc\u00e9nicas","author":{"@id":"https:\/\/candas365.es\/noticias\/author\/admin\/#author"},"publisher":{"@id":"https:\/\/candas365.es\/noticias\/#organization"},"image":{"@type":"ImageObject","url":"https:\/\/candas365.es\/noticias\/wp-content\/uploads\/2019\/09\/mic-1132528_960_720.jpg","width":960,"height":635},"datePublished":"2019-09-04T13:27:09+02:00","dateModified":"2019-09-04T13:27:09+02:00","inLanguage":"es-ES","mainEntityOfPage":{"@id":"https:\/\/candas365.es\/noticias\/comienza-el-festival-de-artes-escenicas\/#webpage"},"isPartOf":{"@id":"https:\/\/candas365.es\/noticias\/comienza-el-festival-de-artes-escenicas\/#webpage"},"articleSection":"Agenda","dateline":"Publicado el septiembre 4, 2019."},{"@type":"Organization","@id":"https:\/\/candas365.es\/noticias\/#organization","name":"Cand\u00e1s 365","description":"Cand\u00e1s 365 es un diario digital independiente, fundado en 2012, con base en Asturias. Informamos con rigor sobre actualidad, sociedad, cultura y ocio, con una mirada local y global.","url":"https:\/\/candas365.es\/noticias\/","email":"info@candas365.es","telephone":"+34652131393","foundingDate":"2012-06-10","logo":{"@type":"ImageObject","url":"https:\/\/candas365.es\/noticias\/wp-content\/uploads\/2024\/09\/Candas-365-Redes.jpg","@id":"https:\/\/candas365.es\/noticias\/comienza-el-festival-de-artes-escenicas\/#organizationLogo","width":1152,"height":864,"caption":"Cand\u00e1s 365 Redes"},"image":{"@id":"https:\/\/candas365.es\/noticias\/comienza-el-festival-de-artes-escenicas\/#organizationLogo"},"sameAs":["https:\/\/www.facebook.com\/Nachofdezber","https:\/\/x.com\/NabercoDigital","https:\/\/www.instagram.com\/nachofdezber\/","https:\/\/www.youtube.com\/channel\/UCZP-2wLEB9Rv6erhFmqVnvg"],"address":{"@id":"https:\/\/candas365.es\/noticias\/#postaladdress","@type":"PostalAddress","streetAddress":"san antonio 4, san antonio 4","postalCode":"33430","addressLocality":"Cand\u00e1s","addressRegion":"Asturias","addressCountry":"ES"}},{"@type":"Person","@id":"https:\/\/candas365.es\/noticias\/author\/admin\/#author","url":"https:\/\/candas365.es\/noticias\/author\/admin\/","name":"Cand\u00e1s 365","image":{"@type":"ImageObject","@id":"https:\/\/candas365.es\/noticias\/comienza-el-festival-de-artes-escenicas\/#authorImage","url":"https:\/\/secure.gravatar.com\/avatar\/496a8e03d0c493ede1718b7934145dbdf8d89be1036b0eec9544e1094c9de390?s=96&d=mm&r=g","width":96,"height":96,"caption":"Cand\u00e1s 365"},"sameAs":["https:\/\/www.facebook.com\/carrenoactualidad","https:\/\/twitter.com\/nbasturias","https:\/\/www.instagram.com\/nachofdezber\/","https:\/\/www.youtube.com\/channel\/UCZP-2wLEB9Rv6erhFmqVnvg"]},{"@type":"WebPage","@id":"https:\/\/candas365.es\/noticias\/comienza-el-festival-de-artes-escenicas\/#webpage","url":"https:\/\/candas365.es\/noticias\/comienza-el-festival-de-artes-escenicas\/","name":"Comienza el Festival de Artes Esc\u00e9nicas | Cand\u00e1s 365","description":"El Principado de Asturias anunci\u00f3 este mi\u00e9rcoles mediante un comunicado de prensa que del 19 al 21 de septiembre se celebrar\u00e1 el Festival de Artes Esc\u00e9nicas en el Espacio Singular Rincones y Recovecos. En este sentido, Las Peripecias de un Cordelito de Teatro Los Pintores, Oda al amor de Sempre Arriba, Diestro y siniestro de","inLanguage":"es-ES","isPartOf":{"@id":"https:\/\/candas365.es\/noticias\/#website"},"breadcrumb":{"@id":"https:\/\/candas365.es\/noticias\/comienza-el-festival-de-artes-escenicas\/#breadcrumblist"},"author":{"@id":"https:\/\/candas365.es\/noticias\/author\/admin\/#author"},"creator":{"@id":"https:\/\/candas365.es\/noticias\/author\/admin\/#author"},"image":{"@type":"ImageObject","url":"https:\/\/candas365.es\/noticias\/wp-content\/uploads\/2019\/09\/mic-1132528_960_720.jpg","@id":"https:\/\/candas365.es\/noticias\/comienza-el-festival-de-artes-escenicas\/#mainImage","width":960,"height":635},"primaryImageOfPage":{"@id":"https:\/\/candas365.es\/noticias\/comienza-el-festival-de-artes-escenicas\/#mainImage"},"datePublished":"2019-09-04T13:27:09+02:00","dateModified":"2019-09-04T13:27:09+02:00"},{"@type":"WebSite","@id":"https:\/\/candas365.es\/noticias\/#website","url":"https:\/\/candas365.es\/noticias\/","name":"Cand\u00e1s 365","alternateName":"Cand\u00e1s 365 Noticias","description":"Actualidad desde Carre\u00f1o para el mundo","inLanguage":"es-ES","publisher":{"@id":"https:\/\/candas365.es\/noticias\/#organization"}}]},"og:locale":"es_ES","og:site_name":"Cand\u00e1s 365","og:type":"article","og:title":"Comienza el Festival de Artes Esc\u00e9nicas | Cand\u00e1s 365","og:description":"El Principado de Asturias anunci\u00f3 este mi\u00e9rcoles mediante un comunicado de prensa que del 19 al 21 de septiembre se celebrar\u00e1 el Festival de Artes Esc\u00e9nicas en el Espacio Singular Rincones y Recovecos. En este sentido, Las Peripecias de un Cordelito de Teatro Los Pintores, Oda al amor de Sempre Arriba, Diestro y siniestro de","og:url":"https:\/\/candas365.es\/noticias\/comienza-el-festival-de-artes-escenicas\/","og:image":"https:\/\/candas365.es\/noticias\/wp-content\/uploads\/2019\/09\/mic-1132528_960_720.jpg","og:image:secure_url":"https:\/\/candas365.es\/noticias\/wp-content\/uploads\/2019\/09\/mic-1132528_960_720.jpg","og:image:width":960,"og:image:height":635,"article:published_time":"2019-09-04T13:27:09+00:00","article:modified_time":"2019-09-04T13:27:09+00:00","article:publisher":"https:\/\/www.facebook.com\/Nachofdezber","article:author":"https:\/\/www.facebook.com\/carrenoactualidad","twitter:card":"summary_large_image","twitter:site":"@NabercoDigital","twitter:title":"Comienza el Festival de Artes Esc\u00e9nicas | Cand\u00e1s 365","twitter:description":"El Principado de Asturias anunci\u00f3 este mi\u00e9rcoles mediante un comunicado de prensa que del 19 al 21 de septiembre se celebrar\u00e1 el Festival de Artes Esc\u00e9nicas en el Espacio Singular Rincones y Recovecos. En este sentido, Las Peripecias de un Cordelito de Teatro Los Pintores, Oda al amor de Sempre Arriba, Diestro y siniestro de","twitter:creator":"@nbasturias","twitter:image":"https:\/\/candas365.es\/noticias\/wp-content\/uploads\/2019\/09\/mic-1132528_960_720.jpg","twitter:label1":"Escrito por","twitter:data1":"Cand\u00e1s 365","twitter:label2":"Tiempo de lectura estimado","twitter:data2":"4 minutos"},"aioseo_meta_data":{"post_id":"129391","title":null,"description":null,"keywords":null,"keyphrases":null,"primary_term":null,"canonical_url":null,"og_title":null,"og_description":null,"og_object_type":"default","og_image_type":"default","og_image_url":null,"og_image_width":null,"og_image_height":null,"og_image_custom_url":null,"og_image_custom_fields":null,"og_video":null,"og_custom_url":null,"og_article_section":null,"og_article_tags":null,"twitter_use_og":false,"twitter_card":"default","twitter_image_type":"default","twitter_image_url":null,"twitter_image_custom_url":null,"twitter_image_custom_fields":null,"twitter_title":null,"twitter_description":null,"schema":{"blockGraphs":[],"customGraphs":[],"default":{"data":{"Article":[],"Course":[],"Dataset":[],"FAQPage":[],"Movie":[],"Person":[],"Product":[],"ProductReview":[],"Car":[],"Recipe":[],"Service":[],"SoftwareApplication":[],"WebPage":[]},"graphName":"","isEnabled":true},"graphs":[]},"schema_type":null,"schema_type_options":null,"pillar_content":false,"robots_default":true,"robots_noindex":false,"robots_noarchive":false,"robots_nosnippet":false,"robots_nofollow":false,"robots_noimageindex":false,"robots_noodp":false,"robots_notranslate":false,"robots_max_snippet":null,"robots_max_videopreview":null,"robots_max_imagepreview":"large","priority":null,"frequency":null,"location":null,"local_seo":null,"seo_analyzer_scan_date":"2025-08-30 13:04:34","breadcrumb_settings":null,"limit_modified_date":false,"reviewed_by":null,"open_ai":null,"ai":null,"created":"2020-12-21 10:53:05","updated":"2025-08-30 13:04:34"},"aioseo_breadcrumb":"<div class=\"aioseo-breadcrumbs\"><span class=\"aioseo-breadcrumb\">\n\t<a href=\"https:\/\/candas365.es\/noticias\" title=\"Home\">Home<\/a>\n<\/span><span class=\"aioseo-breadcrumb-separator\">&ndash;<\/span><span class=\"aioseo-breadcrumb\">\n\t<a href=\"https:\/\/candas365.es\/noticias\/category\/agenda\/\" title=\"Agenda\">Agenda<\/a>\n<\/span><span class=\"aioseo-breadcrumb-separator\">&ndash;<\/span><span class=\"aioseo-breadcrumb\">\n\tComienza el Festival de Artes Esc\u00e9nicas\n<\/span><\/div>","aioseo_breadcrumb_json":[{"label":"Home","link":"https:\/\/candas365.es\/noticias"},{"label":"Agenda","link":"https:\/\/candas365.es\/noticias\/category\/agenda\/"},{"label":"Comienza el Festival de Artes Esc\u00e9nicas","link":"https:\/\/candas365.es\/noticias\/comienza-el-festival-de-artes-escenicas\/"}],"_links":{"self":[{"href":"https:\/\/candas365.es\/noticias\/wp-json\/wp\/v2\/posts\/129391","targetHints":{"allow":["GET"]}}],"collection":[{"href":"https:\/\/candas365.es\/noticias\/wp-json\/wp\/v2\/posts"}],"about":[{"href":"https:\/\/candas365.es\/noticias\/wp-json\/wp\/v2\/types\/post"}],"author":[{"embeddable":true,"href":"https:\/\/candas365.es\/noticias\/wp-json\/wp\/v2\/users\/1"}],"replies":[{"embeddable":true,"href":"https:\/\/candas365.es\/noticias\/wp-json\/wp\/v2\/comments?post=129391"}],"version-history":[{"count":0,"href":"https:\/\/candas365.es\/noticias\/wp-json\/wp\/v2\/posts\/129391\/revisions"}],"wp:featuredmedia":[{"embeddable":true,"href":"https:\/\/candas365.es\/noticias\/wp-json\/wp\/v2\/media\/129392"}],"wp:attachment":[{"href":"https:\/\/candas365.es\/noticias\/wp-json\/wp\/v2\/media?parent=129391"}],"wp:term":[{"taxonomy":"category","embeddable":true,"href":"https:\/\/candas365.es\/noticias\/wp-json\/wp\/v2\/categories?post=129391"},{"taxonomy":"post_tag","embeddable":true,"href":"https:\/\/candas365.es\/noticias\/wp-json\/wp\/v2\/tags?post=129391"}],"curies":[{"name":"wp","href":"https:\/\/api.w.org\/{rel}","templated":true}]}}