{"id":129389,"date":"2019-09-04T13:05:23","date_gmt":"2019-09-04T13:05:23","guid":{"rendered":"http:\/\/candas365.es\/noticias\/?p=129389"},"modified":"2019-09-04T13:05:23","modified_gmt":"2019-09-04T13:05:23","slug":"carreno-inaugura-la-exposicion-al-horreo-poemas-y-estampas-contemporaneas","status":"publish","type":"post","link":"https:\/\/candas365.es\/noticias\/carreno-inaugura-la-exposicion-al-horreo-poemas-y-estampas-contemporaneas\/","title":{"rendered":"Carre\u00f1o inaugura la exposici\u00f3n: \u201cAl h\u00f3rreo, poemas y estampas contempor\u00e1neas\u201d"},"content":{"rendered":"<p><img fetchpriority=\"high\" decoding=\"async\" class=\"alignleft size-medium wp-image-11794\" src=\"https:\/\/candas365.es\/noticias\/wp-content\/uploads\/2015\/06\/museo-322x300.jpg\" alt=\"\" width=\"322\" height=\"300\" srcset=\"https:\/\/candas365.es\/noticias\/wp-content\/uploads\/2015\/06\/museo-322x300.jpg 322w, https:\/\/candas365.es\/noticias\/wp-content\/uploads\/2015\/06\/museo-516x480.jpg 516w, https:\/\/candas365.es\/noticias\/wp-content\/uploads\/2015\/06\/museo-768x715.jpg 768w, https:\/\/candas365.es\/noticias\/wp-content\/uploads\/2015\/06\/museo-1536x1430.jpg 1536w, https:\/\/candas365.es\/noticias\/wp-content\/uploads\/2015\/06\/museo-150x140.jpg 150w, https:\/\/candas365.es\/noticias\/wp-content\/uploads\/2015\/06\/museo-450x419.jpg 450w, https:\/\/candas365.es\/noticias\/wp-content\/uploads\/2015\/06\/museo-1200x1117.jpg 1200w, https:\/\/candas365.es\/noticias\/wp-content\/uploads\/2015\/06\/museo-696x648.jpg 696w, https:\/\/candas365.es\/noticias\/wp-content\/uploads\/2015\/06\/museo-1068x994.jpg 1068w, https:\/\/candas365.es\/noticias\/wp-content\/uploads\/2015\/06\/museo-451x420.jpg 451w, https:\/\/candas365.es\/noticias\/wp-content\/uploads\/2015\/06\/museo.jpg 1904w\" sizes=\"(max-width: 322px) 100vw, 322px\" \/>La alcaldesa de Carre\u00f1o, Amelia Fern\u00e1ndez, anunci\u00f3 este mi\u00e9rcoles mediante un comunicado de prensa que el pr\u00f3ximo jueves 5 de septiembre, a partir de las 19:30 horas, tendr\u00e1 lugar en el Centro de Escultura de Cand\u00e1s, Museo Ant\u00f3n, la inauguraci\u00f3n de la exposici\u00f3n \u201c<em>Al H\u00f3rreo. Poemas y estampas contempor\u00e1neas<\/em>\u201d, producida por Ediciones Pata Negra.<\/p>\n<p>En este sentido, el comunicado establece que la exposici\u00f3n colectiva estar\u00e1 constituida por 20 estampas art\u00edsticas contempor\u00e1neas de 20 diferentes autores, acompa\u00f1adas de 20 poetas.<\/p>\n<p>\u201cCada artista hace un homenaje al h\u00f3rreo, creando im\u00e1genes y poemas in\u00e9ditos e inspirados en el elemento arquitect\u00f3nico m\u00e1s representativo e identitario de la arquitectura popular asturiana.<\/p>\n<p>Los artistas y poetas que participar\u00e1n son:<\/p>\n<p><strong>Artistas<\/strong><\/p>\n<p>Benjam\u00edn Men\u00e9ndez, Eugenio L\u00f3pez, El\u00edas Benavides, Maca, Maite Centol, Fernanda \u00c1lvarez, Jaime Rodr\u00edguez, Carlos Coronas, Mario Cervero, Ferm\u00edn Santos, Sandra Estrada, Breza Cechini, Natalia Pastor, Jos\u00e9 Paredes, Rafael Borroto, Cristina Moneo, Isabel Cuadrado, Herminio, Cesar Ripoll y Chus Cortina.<\/p>\n<p><strong>Poetas<\/strong><\/p>\n<p>Ana Vega, Jes\u00fas Santos, David S\u00faarez Suar\u00f3n, Bel\u00e9n Prieto Rico, Santiago Bertant, Flor Fern\u00e1ndez, N\u00e9stor Villaz\u00f3n, Eusebio Ruiz,Guillarmo del Pozo, Aida Masip, Marcos Tram\u00f3n, Alicia Pertierra, Xaime Mart\u00ednez, Isabel Marina, Jos\u00e9 Luis Piquero, Miguel Allande, Lauren Garc\u00eda, Javier F. Granda, Ceferino Monta\u00f1\u00e9s y Vicente Garc\u00eda Garc\u00eda.<\/p>\n<p>La exposici\u00f3n, podr\u00e1 ser visitada en el Centro de Escultura de Cand\u00e1s, Museo Ant\u00f3n hasta el 3 de noviembre.<\/p>\n<p>El horario de visitas a la exposici\u00f3n durante el mes de septiembre ser\u00e1 de martes a domingos de 12:00 a 14:00 y de 18:00 a 21:00 h.<\/p>\n<p>A partir de octubre el horario es de martes viernes de 17:30 a 19:30 h., s\u00e1bados, domingos y festivos de 12:00 a 14:00 h. y de 17:30 a 19:30 h.<\/p>\n<p>La entrada es gratuita\u201d, concluye el comunicado de prensa de Amelia Fern\u00e1ndez.<\/p>\n","protected":false},"excerpt":{"rendered":"<p>La alcaldesa de Carre\u00f1o, Amelia Fern\u00e1ndez, anunci\u00f3 este mi\u00e9rcoles mediante un comunicado de prensa que el pr\u00f3ximo jueves 5 de septiembre, a partir de las 19:30 horas, tendr\u00e1 lugar en el Centro de Escultura de Cand\u00e1s, Museo Ant\u00f3n, la inauguraci\u00f3n de la exposici\u00f3n \u201cAl H\u00f3rreo. Poemas y estampas contempor\u00e1neas\u201d, producida por Ediciones Pata Negra. En<\/p>\n","protected":false},"author":1,"featured_media":11794,"comment_status":"closed","ping_status":"closed","sticky":false,"template":"","format":"standard","meta":{"footnotes":""},"categories":[2],"tags":[],"class_list":{"0":"post-129389","1":"post","2":"type-post","3":"status-publish","4":"format-standard","5":"has-post-thumbnail","7":"category-noticias-carreno"},"aioseo_notices":[],"aioseo_head":"\n\t\t<!-- All in One SEO Pro 4.9.6.2 - aioseo.com -->\n\t<meta name=\"description\" content=\"La alcaldesa de Carre\u00f1o, Amelia Fern\u00e1ndez, anunci\u00f3 este mi\u00e9rcoles mediante un comunicado de prensa que el pr\u00f3ximo jueves 5 de septiembre, a partir de las 19:30 horas, tendr\u00e1 lugar en el Centro de Escultura de Cand\u00e1s, Museo Ant\u00f3n, la inauguraci\u00f3n de la exposici\u00f3n \u201cAl H\u00f3rreo. Poemas y estampas contempor\u00e1neas\u201d, producida por Ediciones Pata Negra. En\" \/>\n\t<meta name=\"robots\" content=\"max-image-preview:large\" \/>\n\t<meta name=\"author\" content=\"Cand\u00e1s 365\"\/>\n\t<meta name=\"google-site-verification\" content=\"UA-32230408-1\" \/>\n\t<meta name=\"msvalidate.01\" content=\"354F3CDFB2DA171B47FBE9ABF1F88D5\" \/>\n\t<meta name=\"keywords\" content=\"noticias carre\u00f1o\" \/>\n\t<link rel=\"canonical\" href=\"https:\/\/candas365.es\/noticias\/carreno-inaugura-la-exposicion-al-horreo-poemas-y-estampas-contemporaneas\/\" \/>\n\t<meta name=\"generator\" content=\"All in One SEO Pro (AIOSEO) 4.9.6.2\" \/>\n\t\t<meta property=\"og:locale\" content=\"es_ES\" \/>\n\t\t<meta property=\"og:site_name\" content=\"Cand\u00e1s 365\" \/>\n\t\t<meta property=\"og:type\" content=\"article\" \/>\n\t\t<meta property=\"og:title\" content=\"Carre\u00f1o inaugura la exposici\u00f3n: \u201cAl h\u00f3rreo, poemas y estampas contempor\u00e1neas\u201d | Cand\u00e1s 365\" \/>\n\t\t<meta property=\"og:description\" content=\"La alcaldesa de Carre\u00f1o, Amelia Fern\u00e1ndez, anunci\u00f3 este mi\u00e9rcoles mediante un comunicado de prensa que el pr\u00f3ximo jueves 5 de septiembre, a partir de las 19:30 horas, tendr\u00e1 lugar en el Centro de Escultura de Cand\u00e1s, Museo Ant\u00f3n, la inauguraci\u00f3n de la exposici\u00f3n \u201cAl H\u00f3rreo. Poemas y estampas contempor\u00e1neas\u201d, producida por Ediciones Pata Negra. En\" \/>\n\t\t<meta property=\"og:url\" content=\"https:\/\/candas365.es\/noticias\/carreno-inaugura-la-exposicion-al-horreo-poemas-y-estampas-contemporaneas\/\" \/>\n\t\t<meta property=\"og:image\" content=\"https:\/\/candas365.es\/noticias\/wp-content\/uploads\/2015\/06\/museo.jpg\" \/>\n\t\t<meta property=\"og:image:secure_url\" content=\"https:\/\/candas365.es\/noticias\/wp-content\/uploads\/2015\/06\/museo.jpg\" \/>\n\t\t<meta property=\"og:image:width\" content=\"1904\" \/>\n\t\t<meta property=\"og:image:height\" content=\"1772\" \/>\n\t\t<meta property=\"article:published_time\" content=\"2019-09-04T13:05:23+00:00\" \/>\n\t\t<meta property=\"article:modified_time\" content=\"2019-09-04T13:05:23+00:00\" \/>\n\t\t<meta property=\"article:publisher\" content=\"https:\/\/www.facebook.com\/Nachofdezber\" \/>\n\t\t<meta property=\"article:author\" content=\"https:\/\/www.facebook.com\/carrenoactualidad\" \/>\n\t\t<meta name=\"twitter:card\" content=\"summary_large_image\" \/>\n\t\t<meta name=\"twitter:site\" content=\"@NabercoDigital\" \/>\n\t\t<meta name=\"twitter:title\" content=\"Carre\u00f1o inaugura la exposici\u00f3n: \u201cAl h\u00f3rreo, poemas y estampas contempor\u00e1neas\u201d | Cand\u00e1s 365\" \/>\n\t\t<meta name=\"twitter:description\" content=\"La alcaldesa de Carre\u00f1o, Amelia Fern\u00e1ndez, anunci\u00f3 este mi\u00e9rcoles mediante un comunicado de prensa que el pr\u00f3ximo jueves 5 de septiembre, a partir de las 19:30 horas, tendr\u00e1 lugar en el Centro de Escultura de Cand\u00e1s, Museo Ant\u00f3n, la inauguraci\u00f3n de la exposici\u00f3n \u201cAl H\u00f3rreo. Poemas y estampas contempor\u00e1neas\u201d, producida por Ediciones Pata Negra. En\" \/>\n\t\t<meta name=\"twitter:creator\" content=\"@nbasturias\" \/>\n\t\t<meta name=\"twitter:image\" content=\"https:\/\/candas365.es\/noticias\/wp-content\/uploads\/2015\/06\/museo.jpg\" \/>\n\t\t<meta name=\"twitter:label1\" content=\"Escrito por\" \/>\n\t\t<meta name=\"twitter:data1\" content=\"Cand\u00e1s 365\" \/>\n\t\t<meta name=\"twitter:label2\" content=\"Tiempo de lectura estimado\" \/>\n\t\t<meta name=\"twitter:data2\" content=\"2 minutos\" \/>\n\t\t<script type=\"application\/ld+json\" class=\"aioseo-schema\">\n\t\t\t{\"@context\":\"https:\\\/\\\/schema.org\",\"@graph\":[{\"@type\":\"BreadcrumbList\",\"@id\":\"https:\\\/\\\/candas365.es\\\/noticias\\\/carreno-inaugura-la-exposicion-al-horreo-poemas-y-estampas-contemporaneas\\\/#breadcrumblist\",\"itemListElement\":[{\"@type\":\"ListItem\",\"@id\":\"https:\\\/\\\/candas365.es\\\/noticias#listItem\",\"position\":1,\"name\":\"Home\",\"item\":\"https:\\\/\\\/candas365.es\\\/noticias\",\"nextItem\":{\"@type\":\"ListItem\",\"@id\":\"https:\\\/\\\/candas365.es\\\/noticias\\\/category\\\/noticias-carreno\\\/#listItem\",\"name\":\"Noticias Carre\\u00f1o\"}},{\"@type\":\"ListItem\",\"@id\":\"https:\\\/\\\/candas365.es\\\/noticias\\\/category\\\/noticias-carreno\\\/#listItem\",\"position\":2,\"name\":\"Noticias Carre\\u00f1o\",\"item\":\"https:\\\/\\\/candas365.es\\\/noticias\\\/category\\\/noticias-carreno\\\/\",\"nextItem\":{\"@type\":\"ListItem\",\"@id\":\"https:\\\/\\\/candas365.es\\\/noticias\\\/carreno-inaugura-la-exposicion-al-horreo-poemas-y-estampas-contemporaneas\\\/#listItem\",\"name\":\"Carre\\u00f1o inaugura la exposici\\u00f3n: \\u201cAl h\\u00f3rreo, poemas y estampas contempor\\u00e1neas\\u201d\"},\"previousItem\":{\"@type\":\"ListItem\",\"@id\":\"https:\\\/\\\/candas365.es\\\/noticias#listItem\",\"name\":\"Home\"}},{\"@type\":\"ListItem\",\"@id\":\"https:\\\/\\\/candas365.es\\\/noticias\\\/carreno-inaugura-la-exposicion-al-horreo-poemas-y-estampas-contemporaneas\\\/#listItem\",\"position\":3,\"name\":\"Carre\\u00f1o inaugura la exposici\\u00f3n: \\u201cAl h\\u00f3rreo, poemas y estampas contempor\\u00e1neas\\u201d\",\"previousItem\":{\"@type\":\"ListItem\",\"@id\":\"https:\\\/\\\/candas365.es\\\/noticias\\\/category\\\/noticias-carreno\\\/#listItem\",\"name\":\"Noticias Carre\\u00f1o\"}}]},{\"@type\":\"NewsArticle\",\"@id\":\"https:\\\/\\\/candas365.es\\\/noticias\\\/carreno-inaugura-la-exposicion-al-horreo-poemas-y-estampas-contemporaneas\\\/#newsarticle\",\"name\":\"Carre\\u00f1o inaugura la exposici\\u00f3n: \\u201cAl h\\u00f3rreo, poemas y estampas contempor\\u00e1neas\\u201d | Cand\\u00e1s 365\",\"headline\":\"Carre\\u00f1o inaugura la exposici\\u00f3n: \\u201cAl h\\u00f3rreo, poemas y estampas contempor\\u00e1neas\\u201d\",\"author\":{\"@id\":\"https:\\\/\\\/candas365.es\\\/noticias\\\/author\\\/admin\\\/#author\"},\"publisher\":{\"@id\":\"https:\\\/\\\/candas365.es\\\/noticias\\\/#organization\"},\"image\":{\"@type\":\"ImageObject\",\"url\":\"https:\\\/\\\/candas365.es\\\/noticias\\\/wp-content\\\/uploads\\\/2015\\\/06\\\/museo.jpg\",\"width\":1904,\"height\":1772},\"datePublished\":\"2019-09-04T13:05:23+02:00\",\"dateModified\":\"2019-09-04T13:05:23+02:00\",\"inLanguage\":\"es-ES\",\"mainEntityOfPage\":{\"@id\":\"https:\\\/\\\/candas365.es\\\/noticias\\\/carreno-inaugura-la-exposicion-al-horreo-poemas-y-estampas-contemporaneas\\\/#webpage\"},\"isPartOf\":{\"@id\":\"https:\\\/\\\/candas365.es\\\/noticias\\\/carreno-inaugura-la-exposicion-al-horreo-poemas-y-estampas-contemporaneas\\\/#webpage\"},\"articleSection\":\"Noticias Carre\\u00f1o\",\"dateline\":\"Publicado el septiembre 4, 2019.\"},{\"@type\":\"Organization\",\"@id\":\"https:\\\/\\\/candas365.es\\\/noticias\\\/#organization\",\"name\":\"Cand\\u00e1s 365\",\"description\":\"Cand\\u00e1s 365 es un diario digital independiente, fundado en 2012, con base en Asturias. Informamos con rigor sobre actualidad, sociedad, cultura y ocio, con una mirada local y global.\",\"url\":\"https:\\\/\\\/candas365.es\\\/noticias\\\/\",\"email\":\"info@candas365.es\",\"telephone\":\"+34652131393\",\"foundingDate\":\"2012-06-10\",\"logo\":{\"@type\":\"ImageObject\",\"url\":\"https:\\\/\\\/candas365.es\\\/noticias\\\/wp-content\\\/uploads\\\/2024\\\/09\\\/Candas-365-Redes.jpg\",\"@id\":\"https:\\\/\\\/candas365.es\\\/noticias\\\/carreno-inaugura-la-exposicion-al-horreo-poemas-y-estampas-contemporaneas\\\/#organizationLogo\",\"width\":1152,\"height\":864,\"caption\":\"Cand\\u00e1s 365 Redes\"},\"image\":{\"@id\":\"https:\\\/\\\/candas365.es\\\/noticias\\\/carreno-inaugura-la-exposicion-al-horreo-poemas-y-estampas-contemporaneas\\\/#organizationLogo\"},\"sameAs\":[\"https:\\\/\\\/www.facebook.com\\\/Nachofdezber\",\"https:\\\/\\\/x.com\\\/NabercoDigital\",\"https:\\\/\\\/www.instagram.com\\\/nachofdezber\\\/\",\"https:\\\/\\\/www.youtube.com\\\/channel\\\/UCZP-2wLEB9Rv6erhFmqVnvg\"],\"address\":{\"@id\":\"https:\\\/\\\/candas365.es\\\/noticias\\\/#postaladdress\",\"@type\":\"PostalAddress\",\"streetAddress\":\"san antonio 4, san antonio 4\",\"postalCode\":\"33430\",\"addressLocality\":\"Cand\\u00e1s\",\"addressRegion\":\"Asturias\",\"addressCountry\":\"ES\"}},{\"@type\":\"Person\",\"@id\":\"https:\\\/\\\/candas365.es\\\/noticias\\\/author\\\/admin\\\/#author\",\"url\":\"https:\\\/\\\/candas365.es\\\/noticias\\\/author\\\/admin\\\/\",\"name\":\"Cand\\u00e1s 365\",\"image\":{\"@type\":\"ImageObject\",\"@id\":\"https:\\\/\\\/candas365.es\\\/noticias\\\/carreno-inaugura-la-exposicion-al-horreo-poemas-y-estampas-contemporaneas\\\/#authorImage\",\"url\":\"https:\\\/\\\/secure.gravatar.com\\\/avatar\\\/496a8e03d0c493ede1718b7934145dbdf8d89be1036b0eec9544e1094c9de390?s=96&d=mm&r=g\",\"width\":96,\"height\":96,\"caption\":\"Cand\\u00e1s 365\"},\"sameAs\":[\"https:\\\/\\\/www.facebook.com\\\/carrenoactualidad\",\"https:\\\/\\\/twitter.com\\\/nbasturias\",\"https:\\\/\\\/www.instagram.com\\\/nachofdezber\\\/\",\"https:\\\/\\\/www.youtube.com\\\/channel\\\/UCZP-2wLEB9Rv6erhFmqVnvg\"]},{\"@type\":\"WebPage\",\"@id\":\"https:\\\/\\\/candas365.es\\\/noticias\\\/carreno-inaugura-la-exposicion-al-horreo-poemas-y-estampas-contemporaneas\\\/#webpage\",\"url\":\"https:\\\/\\\/candas365.es\\\/noticias\\\/carreno-inaugura-la-exposicion-al-horreo-poemas-y-estampas-contemporaneas\\\/\",\"name\":\"Carre\\u00f1o inaugura la exposici\\u00f3n: \\u201cAl h\\u00f3rreo, poemas y estampas contempor\\u00e1neas\\u201d | Cand\\u00e1s 365\",\"description\":\"La alcaldesa de Carre\\u00f1o, Amelia Fern\\u00e1ndez, anunci\\u00f3 este mi\\u00e9rcoles mediante un comunicado de prensa que el pr\\u00f3ximo jueves 5 de septiembre, a partir de las 19:30 horas, tendr\\u00e1 lugar en el Centro de Escultura de Cand\\u00e1s, Museo Ant\\u00f3n, la inauguraci\\u00f3n de la exposici\\u00f3n \\u201cAl H\\u00f3rreo. Poemas y estampas contempor\\u00e1neas\\u201d, producida por Ediciones Pata Negra. En\",\"inLanguage\":\"es-ES\",\"isPartOf\":{\"@id\":\"https:\\\/\\\/candas365.es\\\/noticias\\\/#website\"},\"breadcrumb\":{\"@id\":\"https:\\\/\\\/candas365.es\\\/noticias\\\/carreno-inaugura-la-exposicion-al-horreo-poemas-y-estampas-contemporaneas\\\/#breadcrumblist\"},\"author\":{\"@id\":\"https:\\\/\\\/candas365.es\\\/noticias\\\/author\\\/admin\\\/#author\"},\"creator\":{\"@id\":\"https:\\\/\\\/candas365.es\\\/noticias\\\/author\\\/admin\\\/#author\"},\"image\":{\"@type\":\"ImageObject\",\"url\":\"https:\\\/\\\/candas365.es\\\/noticias\\\/wp-content\\\/uploads\\\/2015\\\/06\\\/museo.jpg\",\"@id\":\"https:\\\/\\\/candas365.es\\\/noticias\\\/carreno-inaugura-la-exposicion-al-horreo-poemas-y-estampas-contemporaneas\\\/#mainImage\",\"width\":1904,\"height\":1772},\"primaryImageOfPage\":{\"@id\":\"https:\\\/\\\/candas365.es\\\/noticias\\\/carreno-inaugura-la-exposicion-al-horreo-poemas-y-estampas-contemporaneas\\\/#mainImage\"},\"datePublished\":\"2019-09-04T13:05:23+02:00\",\"dateModified\":\"2019-09-04T13:05:23+02:00\"},{\"@type\":\"WebSite\",\"@id\":\"https:\\\/\\\/candas365.es\\\/noticias\\\/#website\",\"url\":\"https:\\\/\\\/candas365.es\\\/noticias\\\/\",\"name\":\"Cand\\u00e1s 365\",\"alternateName\":\"Cand\\u00e1s 365 Noticias\",\"description\":\"Actualidad desde Carre\\u00f1o para el mundo\",\"inLanguage\":\"es-ES\",\"publisher\":{\"@id\":\"https:\\\/\\\/candas365.es\\\/noticias\\\/#organization\"}}]}\n\t\t<\/script>\n\t\t<!-- All in One SEO Pro -->\r\n\t\t<title>Carre\u00f1o inaugura la exposici\u00f3n: \u201cAl h\u00f3rreo, poemas y estampas contempor\u00e1neas\u201d | Cand\u00e1s 365<\/title>\n\n","aioseo_head_json":{"title":"Carre\u00f1o inaugura la exposici\u00f3n: \u201cAl h\u00f3rreo, poemas y estampas contempor\u00e1neas\u201d | Cand\u00e1s 365","description":"La alcaldesa de Carre\u00f1o, Amelia Fern\u00e1ndez, anunci\u00f3 este mi\u00e9rcoles mediante un comunicado de prensa que el pr\u00f3ximo jueves 5 de septiembre, a partir de las 19:30 horas, tendr\u00e1 lugar en el Centro de Escultura de Cand\u00e1s, Museo Ant\u00f3n, la inauguraci\u00f3n de la exposici\u00f3n \u201cAl H\u00f3rreo. Poemas y estampas contempor\u00e1neas\u201d, producida por Ediciones Pata Negra. En","canonical_url":"https:\/\/candas365.es\/noticias\/carreno-inaugura-la-exposicion-al-horreo-poemas-y-estampas-contemporaneas\/","robots":"max-image-preview:large","keywords":"noticias carre\u00f1o","webmasterTools":{"google-site-verification":"UA-32230408-1","msvalidate.01":"354F3CDFB2DA171B47FBE9ABF1F88D5","miscellaneous":""},"schema":{"@context":"https:\/\/schema.org","@graph":[{"@type":"BreadcrumbList","@id":"https:\/\/candas365.es\/noticias\/carreno-inaugura-la-exposicion-al-horreo-poemas-y-estampas-contemporaneas\/#breadcrumblist","itemListElement":[{"@type":"ListItem","@id":"https:\/\/candas365.es\/noticias#listItem","position":1,"name":"Home","item":"https:\/\/candas365.es\/noticias","nextItem":{"@type":"ListItem","@id":"https:\/\/candas365.es\/noticias\/category\/noticias-carreno\/#listItem","name":"Noticias Carre\u00f1o"}},{"@type":"ListItem","@id":"https:\/\/candas365.es\/noticias\/category\/noticias-carreno\/#listItem","position":2,"name":"Noticias Carre\u00f1o","item":"https:\/\/candas365.es\/noticias\/category\/noticias-carreno\/","nextItem":{"@type":"ListItem","@id":"https:\/\/candas365.es\/noticias\/carreno-inaugura-la-exposicion-al-horreo-poemas-y-estampas-contemporaneas\/#listItem","name":"Carre\u00f1o inaugura la exposici\u00f3n: \u201cAl h\u00f3rreo, poemas y estampas contempor\u00e1neas\u201d"},"previousItem":{"@type":"ListItem","@id":"https:\/\/candas365.es\/noticias#listItem","name":"Home"}},{"@type":"ListItem","@id":"https:\/\/candas365.es\/noticias\/carreno-inaugura-la-exposicion-al-horreo-poemas-y-estampas-contemporaneas\/#listItem","position":3,"name":"Carre\u00f1o inaugura la exposici\u00f3n: \u201cAl h\u00f3rreo, poemas y estampas contempor\u00e1neas\u201d","previousItem":{"@type":"ListItem","@id":"https:\/\/candas365.es\/noticias\/category\/noticias-carreno\/#listItem","name":"Noticias Carre\u00f1o"}}]},{"@type":"NewsArticle","@id":"https:\/\/candas365.es\/noticias\/carreno-inaugura-la-exposicion-al-horreo-poemas-y-estampas-contemporaneas\/#newsarticle","name":"Carre\u00f1o inaugura la exposici\u00f3n: \u201cAl h\u00f3rreo, poemas y estampas contempor\u00e1neas\u201d | Cand\u00e1s 365","headline":"Carre\u00f1o inaugura la exposici\u00f3n: \u201cAl h\u00f3rreo, poemas y estampas contempor\u00e1neas\u201d","author":{"@id":"https:\/\/candas365.es\/noticias\/author\/admin\/#author"},"publisher":{"@id":"https:\/\/candas365.es\/noticias\/#organization"},"image":{"@type":"ImageObject","url":"https:\/\/candas365.es\/noticias\/wp-content\/uploads\/2015\/06\/museo.jpg","width":1904,"height":1772},"datePublished":"2019-09-04T13:05:23+02:00","dateModified":"2019-09-04T13:05:23+02:00","inLanguage":"es-ES","mainEntityOfPage":{"@id":"https:\/\/candas365.es\/noticias\/carreno-inaugura-la-exposicion-al-horreo-poemas-y-estampas-contemporaneas\/#webpage"},"isPartOf":{"@id":"https:\/\/candas365.es\/noticias\/carreno-inaugura-la-exposicion-al-horreo-poemas-y-estampas-contemporaneas\/#webpage"},"articleSection":"Noticias Carre\u00f1o","dateline":"Publicado el septiembre 4, 2019."},{"@type":"Organization","@id":"https:\/\/candas365.es\/noticias\/#organization","name":"Cand\u00e1s 365","description":"Cand\u00e1s 365 es un diario digital independiente, fundado en 2012, con base en Asturias. Informamos con rigor sobre actualidad, sociedad, cultura y ocio, con una mirada local y global.","url":"https:\/\/candas365.es\/noticias\/","email":"info@candas365.es","telephone":"+34652131393","foundingDate":"2012-06-10","logo":{"@type":"ImageObject","url":"https:\/\/candas365.es\/noticias\/wp-content\/uploads\/2024\/09\/Candas-365-Redes.jpg","@id":"https:\/\/candas365.es\/noticias\/carreno-inaugura-la-exposicion-al-horreo-poemas-y-estampas-contemporaneas\/#organizationLogo","width":1152,"height":864,"caption":"Cand\u00e1s 365 Redes"},"image":{"@id":"https:\/\/candas365.es\/noticias\/carreno-inaugura-la-exposicion-al-horreo-poemas-y-estampas-contemporaneas\/#organizationLogo"},"sameAs":["https:\/\/www.facebook.com\/Nachofdezber","https:\/\/x.com\/NabercoDigital","https:\/\/www.instagram.com\/nachofdezber\/","https:\/\/www.youtube.com\/channel\/UCZP-2wLEB9Rv6erhFmqVnvg"],"address":{"@id":"https:\/\/candas365.es\/noticias\/#postaladdress","@type":"PostalAddress","streetAddress":"san antonio 4, san antonio 4","postalCode":"33430","addressLocality":"Cand\u00e1s","addressRegion":"Asturias","addressCountry":"ES"}},{"@type":"Person","@id":"https:\/\/candas365.es\/noticias\/author\/admin\/#author","url":"https:\/\/candas365.es\/noticias\/author\/admin\/","name":"Cand\u00e1s 365","image":{"@type":"ImageObject","@id":"https:\/\/candas365.es\/noticias\/carreno-inaugura-la-exposicion-al-horreo-poemas-y-estampas-contemporaneas\/#authorImage","url":"https:\/\/secure.gravatar.com\/avatar\/496a8e03d0c493ede1718b7934145dbdf8d89be1036b0eec9544e1094c9de390?s=96&d=mm&r=g","width":96,"height":96,"caption":"Cand\u00e1s 365"},"sameAs":["https:\/\/www.facebook.com\/carrenoactualidad","https:\/\/twitter.com\/nbasturias","https:\/\/www.instagram.com\/nachofdezber\/","https:\/\/www.youtube.com\/channel\/UCZP-2wLEB9Rv6erhFmqVnvg"]},{"@type":"WebPage","@id":"https:\/\/candas365.es\/noticias\/carreno-inaugura-la-exposicion-al-horreo-poemas-y-estampas-contemporaneas\/#webpage","url":"https:\/\/candas365.es\/noticias\/carreno-inaugura-la-exposicion-al-horreo-poemas-y-estampas-contemporaneas\/","name":"Carre\u00f1o inaugura la exposici\u00f3n: \u201cAl h\u00f3rreo, poemas y estampas contempor\u00e1neas\u201d | Cand\u00e1s 365","description":"La alcaldesa de Carre\u00f1o, Amelia Fern\u00e1ndez, anunci\u00f3 este mi\u00e9rcoles mediante un comunicado de prensa que el pr\u00f3ximo jueves 5 de septiembre, a partir de las 19:30 horas, tendr\u00e1 lugar en el Centro de Escultura de Cand\u00e1s, Museo Ant\u00f3n, la inauguraci\u00f3n de la exposici\u00f3n \u201cAl H\u00f3rreo. Poemas y estampas contempor\u00e1neas\u201d, producida por Ediciones Pata Negra. En","inLanguage":"es-ES","isPartOf":{"@id":"https:\/\/candas365.es\/noticias\/#website"},"breadcrumb":{"@id":"https:\/\/candas365.es\/noticias\/carreno-inaugura-la-exposicion-al-horreo-poemas-y-estampas-contemporaneas\/#breadcrumblist"},"author":{"@id":"https:\/\/candas365.es\/noticias\/author\/admin\/#author"},"creator":{"@id":"https:\/\/candas365.es\/noticias\/author\/admin\/#author"},"image":{"@type":"ImageObject","url":"https:\/\/candas365.es\/noticias\/wp-content\/uploads\/2015\/06\/museo.jpg","@id":"https:\/\/candas365.es\/noticias\/carreno-inaugura-la-exposicion-al-horreo-poemas-y-estampas-contemporaneas\/#mainImage","width":1904,"height":1772},"primaryImageOfPage":{"@id":"https:\/\/candas365.es\/noticias\/carreno-inaugura-la-exposicion-al-horreo-poemas-y-estampas-contemporaneas\/#mainImage"},"datePublished":"2019-09-04T13:05:23+02:00","dateModified":"2019-09-04T13:05:23+02:00"},{"@type":"WebSite","@id":"https:\/\/candas365.es\/noticias\/#website","url":"https:\/\/candas365.es\/noticias\/","name":"Cand\u00e1s 365","alternateName":"Cand\u00e1s 365 Noticias","description":"Actualidad desde Carre\u00f1o para el mundo","inLanguage":"es-ES","publisher":{"@id":"https:\/\/candas365.es\/noticias\/#organization"}}]},"og:locale":"es_ES","og:site_name":"Cand\u00e1s 365","og:type":"article","og:title":"Carre\u00f1o inaugura la exposici\u00f3n: \u201cAl h\u00f3rreo, poemas y estampas contempor\u00e1neas\u201d | Cand\u00e1s 365","og:description":"La alcaldesa de Carre\u00f1o, Amelia Fern\u00e1ndez, anunci\u00f3 este mi\u00e9rcoles mediante un comunicado de prensa que el pr\u00f3ximo jueves 5 de septiembre, a partir de las 19:30 horas, tendr\u00e1 lugar en el Centro de Escultura de Cand\u00e1s, Museo Ant\u00f3n, la inauguraci\u00f3n de la exposici\u00f3n \u201cAl H\u00f3rreo. Poemas y estampas contempor\u00e1neas\u201d, producida por Ediciones Pata Negra. En","og:url":"https:\/\/candas365.es\/noticias\/carreno-inaugura-la-exposicion-al-horreo-poemas-y-estampas-contemporaneas\/","og:image":"https:\/\/candas365.es\/noticias\/wp-content\/uploads\/2015\/06\/museo.jpg","og:image:secure_url":"https:\/\/candas365.es\/noticias\/wp-content\/uploads\/2015\/06\/museo.jpg","og:image:width":1904,"og:image:height":1772,"article:published_time":"2019-09-04T13:05:23+00:00","article:modified_time":"2019-09-04T13:05:23+00:00","article:publisher":"https:\/\/www.facebook.com\/Nachofdezber","article:author":"https:\/\/www.facebook.com\/carrenoactualidad","twitter:card":"summary_large_image","twitter:site":"@NabercoDigital","twitter:title":"Carre\u00f1o inaugura la exposici\u00f3n: \u201cAl h\u00f3rreo, poemas y estampas contempor\u00e1neas\u201d | Cand\u00e1s 365","twitter:description":"La alcaldesa de Carre\u00f1o, Amelia Fern\u00e1ndez, anunci\u00f3 este mi\u00e9rcoles mediante un comunicado de prensa que el pr\u00f3ximo jueves 5 de septiembre, a partir de las 19:30 horas, tendr\u00e1 lugar en el Centro de Escultura de Cand\u00e1s, Museo Ant\u00f3n, la inauguraci\u00f3n de la exposici\u00f3n \u201cAl H\u00f3rreo. Poemas y estampas contempor\u00e1neas\u201d, producida por Ediciones Pata Negra. En","twitter:creator":"@nbasturias","twitter:image":"https:\/\/candas365.es\/noticias\/wp-content\/uploads\/2015\/06\/museo.jpg","twitter:label1":"Escrito por","twitter:data1":"Cand\u00e1s 365","twitter:label2":"Tiempo de lectura estimado","twitter:data2":"2 minutos"},"aioseo_meta_data":{"post_id":"129389","title":null,"description":null,"keywords":null,"keyphrases":null,"primary_term":null,"canonical_url":null,"og_title":null,"og_description":null,"og_object_type":"default","og_image_type":"default","og_image_url":null,"og_image_width":null,"og_image_height":null,"og_image_custom_url":null,"og_image_custom_fields":null,"og_video":null,"og_custom_url":null,"og_article_section":null,"og_article_tags":null,"twitter_use_og":false,"twitter_card":"default","twitter_image_type":"default","twitter_image_url":null,"twitter_image_custom_url":null,"twitter_image_custom_fields":null,"twitter_title":null,"twitter_description":null,"schema":{"blockGraphs":[],"customGraphs":[],"default":{"data":{"Article":[],"Course":[],"Dataset":[],"FAQPage":[],"Movie":[],"Person":[],"Product":[],"ProductReview":[],"Car":[],"Recipe":[],"Service":[],"SoftwareApplication":[],"WebPage":[]},"graphName":"","isEnabled":true},"graphs":[],"defaultGraph":"","defaultPostTypeGraph":""},"schema_type":null,"schema_type_options":null,"pillar_content":false,"robots_default":true,"robots_noindex":false,"robots_noarchive":false,"robots_nosnippet":false,"robots_nofollow":false,"robots_noimageindex":false,"robots_noodp":false,"robots_notranslate":false,"robots_max_snippet":null,"robots_max_videopreview":null,"robots_max_imagepreview":"large","priority":null,"frequency":null,"location":null,"local_seo":null,"seo_analyzer_scan_date":"2025-08-30 13:04:33","breadcrumb_settings":null,"limit_modified_date":false,"reviewed_by":null,"open_ai":null,"ai":null,"created":"2020-12-21 10:53:05","updated":"2025-08-30 13:04:33"},"aioseo_breadcrumb":"<div class=\"aioseo-breadcrumbs\"><span class=\"aioseo-breadcrumb\">\n\t<a href=\"https:\/\/candas365.es\/noticias\" title=\"Home\">Home<\/a>\n<\/span><span class=\"aioseo-breadcrumb-separator\">&ndash;<\/span><span class=\"aioseo-breadcrumb\">\n\t<a href=\"https:\/\/candas365.es\/noticias\/category\/noticias-carreno\/\" title=\"Noticias Carre\u00f1o\">Noticias Carre\u00f1o<\/a>\n<\/span><span class=\"aioseo-breadcrumb-separator\">&ndash;<\/span><span class=\"aioseo-breadcrumb\">\n\tCarre\u00f1o inaugura la exposici\u00f3n: \u201cAl h\u00f3rreo, poemas y estampas contempor\u00e1neas\u201d\n<\/span><\/div>","aioseo_breadcrumb_json":[{"label":"Home","link":"https:\/\/candas365.es\/noticias"},{"label":"Noticias Carre\u00f1o","link":"https:\/\/candas365.es\/noticias\/category\/noticias-carreno\/"},{"label":"Carre\u00f1o inaugura la exposici\u00f3n: \u201cAl h\u00f3rreo, poemas y estampas contempor\u00e1neas\u201d","link":"https:\/\/candas365.es\/noticias\/carreno-inaugura-la-exposicion-al-horreo-poemas-y-estampas-contemporaneas\/"}],"_links":{"self":[{"href":"https:\/\/candas365.es\/noticias\/wp-json\/wp\/v2\/posts\/129389","targetHints":{"allow":["GET"]}}],"collection":[{"href":"https:\/\/candas365.es\/noticias\/wp-json\/wp\/v2\/posts"}],"about":[{"href":"https:\/\/candas365.es\/noticias\/wp-json\/wp\/v2\/types\/post"}],"author":[{"embeddable":true,"href":"https:\/\/candas365.es\/noticias\/wp-json\/wp\/v2\/users\/1"}],"replies":[{"embeddable":true,"href":"https:\/\/candas365.es\/noticias\/wp-json\/wp\/v2\/comments?post=129389"}],"version-history":[{"count":0,"href":"https:\/\/candas365.es\/noticias\/wp-json\/wp\/v2\/posts\/129389\/revisions"}],"wp:featuredmedia":[{"embeddable":true,"href":"https:\/\/candas365.es\/noticias\/wp-json\/wp\/v2\/media\/11794"}],"wp:attachment":[{"href":"https:\/\/candas365.es\/noticias\/wp-json\/wp\/v2\/media?parent=129389"}],"wp:term":[{"taxonomy":"category","embeddable":true,"href":"https:\/\/candas365.es\/noticias\/wp-json\/wp\/v2\/categories?post=129389"},{"taxonomy":"post_tag","embeddable":true,"href":"https:\/\/candas365.es\/noticias\/wp-json\/wp\/v2\/tags?post=129389"}],"curies":[{"name":"wp","href":"https:\/\/api.w.org\/{rel}","templated":true}]}}