{"id":129386,"date":"2019-09-04T11:20:21","date_gmt":"2019-09-04T11:20:21","guid":{"rendered":"http:\/\/candas365.es\/noticias\/?p=129386"},"modified":"2019-09-04T11:20:21","modified_gmt":"2019-09-04T11:20:21","slug":"winged-cranes-ensayara-su-produccion-chernobil-en-el-teatro-de-la-laboral","status":"publish","type":"post","link":"https:\/\/candas365.es\/noticias\/winged-cranes-ensayara-su-produccion-chernobil-en-el-teatro-de-la-laboral\/","title":{"rendered":"Winged Cranes ensayar\u00e1 su producci\u00f3n \u00abChern\u00f3bil\u00bb en el Teatro de la Laboral"},"content":{"rendered":"<p><img fetchpriority=\"high\" decoding=\"async\" class=\"alignleft size-medium wp-image-129387\" src=\"https:\/\/candas365.es\/noticias\/wp-content\/uploads\/2019\/09\/Chern\u00f3bil-de-Winged-Cranes-360x203.jpg\" alt=\"\" width=\"360\" height=\"203\" srcset=\"https:\/\/candas365.es\/noticias\/wp-content\/uploads\/2019\/09\/Chern\u00f3bil-de-Winged-Cranes-360x203.jpg 360w, https:\/\/candas365.es\/noticias\/wp-content\/uploads\/2019\/09\/Chern\u00f3bil-de-Winged-Cranes-768x432.jpg 768w, https:\/\/candas365.es\/noticias\/wp-content\/uploads\/2019\/09\/Chern\u00f3bil-de-Winged-Cranes-655x368.jpg 655w, https:\/\/candas365.es\/noticias\/wp-content\/uploads\/2019\/09\/Chern\u00f3bil-de-Winged-Cranes-696x392.jpg 696w, https:\/\/candas365.es\/noticias\/wp-content\/uploads\/2019\/09\/Chern\u00f3bil-de-Winged-Cranes-1068x601.jpg 1068w, https:\/\/candas365.es\/noticias\/wp-content\/uploads\/2019\/09\/Chern\u00f3bil-de-Winged-Cranes-747x420.jpg 747w, https:\/\/candas365.es\/noticias\/wp-content\/uploads\/2019\/09\/Chern\u00f3bil-de-Winged-Cranes-1920x1080.jpg 1920w\" sizes=\"(max-width: 360px) 100vw, 360px\" \/>El Principado anunci\u00f3 este mi\u00e9rcoles mediante un comunicado de prensa que Winged Cranes ensayar\u00e1 su espect\u00e1culo \u00ab<em>Chern\u00f3bil\u00bb <\/em>del 4 al 6 de septiembre en el\u00a0Teatro de la Laboral en Asturias.<\/p>\n<p style=\"font-weight: 400;\">En esta obra, la humanidad y todos los seres vivos del planeta se han extinguido tras un desastre ambiental que ha cubierto todo de pl\u00e1stico. Con los restos de la Tierra es imposible crear un nuevo ser humano, pero entre los vestigios de una antigua central nuclear aparece una criatura ins\u00f3lita, Chern\u00f3bil, nacida a partir de los restos de la civilizaci\u00f3n, pero radicalmente nueva. A trav\u00e9s del humor y de su peculiar mirada, Chern\u00f3bil recopilar\u00e1 \u201cmemorias\u201d, \u201cdesechos\u201d y \u201cobjetos\u201d de los seres humanos, tratando de descubrir qui\u00e9nes fueron los que se extinguieron y de explorar con el p\u00fablico qu\u00e9 podemos hacer hoy para revertir la situaci\u00f3n de nuestro planeta.<\/p>\n<p style=\"font-weight: 400;\"><em>Chern\u00f3bil\u00a0<\/em>es una obra de teatro dirigida a p\u00fablico familiar que entremezcla el teatro de objetos, el teatro de bunraku japon\u00e9s (un mu\u00f1eco-t\u00edtere manipulado por tres personas) y las v\u00eddeo proyecciones. Dirigida por Alejandra Prieto-Valle, cuenta con dramaturgia de Juan Carlos Sampedro y escenograf\u00eda de Felype de Lima. Ariana C\u00e1rdenas, Alba Vergne y Mar\u00eda Cruz Planchuelo son las actrices y manipuladoras de t\u00edteres del espect\u00e1culo, que se estrenar\u00e1 el pr\u00f3ximo 12 de octubre en la Sala Roja de los Teatros del Canal en Madrid, donde repetir\u00e1 funci\u00f3n al d\u00eda siguiente.<\/p>\n<p style=\"font-weight: 400;\">Winged Cranes es una compa\u00f1\u00eda de teatro visual, t\u00edteres y objetos creada por Alejandra Prieto-Valle en 2009. La compa\u00f1\u00eda pone en escena propuestas y tem\u00e1ticas que fortalecen el compromiso de la artista con la sociedad en la que vive, utilizando para ello el t\u00edtere bunraku. El equipo de Winged Cranes est\u00e1 integrado adem\u00e1s en su mayor parte por mujeres, buscando referentes femeninos en los personajes que protagonizan sus obras.<\/p>\n<p style=\"font-weight: 400;\">Para este espect\u00e1culo, la compa\u00f1\u00eda ha recibido una Residencia de Producci\u00f3n del Programa de Artes Esc\u00e9nicas en Residencia de Laboral Ciudad de la Cultura. Este programa forma parte de la actividad del Centro de Recursos Esc\u00e9nicos, un proyecto con sede en la Laboral que ofrece apoyo a la creaci\u00f3n art\u00edstica de las compa\u00f1\u00edas profesionales y artistas asturianos, poniendo a su disposici\u00f3n recursos econ\u00f3micos, instalaciones y medios t\u00e9cnicos que impulsen la creaci\u00f3n esc\u00e9nica de profesionales de la regi\u00f3n.<\/p>\n","protected":false},"excerpt":{"rendered":"<p>El Principado anunci\u00f3 este mi\u00e9rcoles mediante un comunicado de prensa que Winged Cranes ensayar\u00e1 su espect\u00e1culo \u00abChern\u00f3bil\u00bb del 4 al 6 de septiembre en el\u00a0Teatro de la Laboral en Asturias. En esta obra, la humanidad y todos los seres vivos del planeta se han extinguido tras un desastre ambiental que ha cubierto todo de pl\u00e1stico.<\/p>\n","protected":false},"author":1,"featured_media":129387,"comment_status":"closed","ping_status":"closed","sticky":false,"template":"","format":"standard","meta":{"footnotes":""},"categories":[1],"tags":[],"class_list":{"0":"post-129386","1":"post","2":"type-post","3":"status-publish","4":"format-standard","5":"has-post-thumbnail","7":"category-agenda"},"aioseo_notices":[],"aioseo_head":"\n\t\t<!-- All in One SEO Pro 4.9.6.2 - aioseo.com -->\n\t<meta name=\"description\" content=\"El Principado anunci\u00f3 este mi\u00e9rcoles mediante un comunicado de prensa que Winged Cranes ensayar\u00e1 su espect\u00e1culo &quot;Chern\u00f3bil&quot; del 4 al 6 de septiembre en el Teatro de la Laboral en Asturias. En esta obra, la humanidad y todos los seres vivos del planeta se han extinguido tras un desastre ambiental que ha cubierto todo de pl\u00e1stico.\" \/>\n\t<meta name=\"robots\" content=\"max-image-preview:large\" \/>\n\t<meta name=\"author\" content=\"Cand\u00e1s 365\"\/>\n\t<meta name=\"google-site-verification\" content=\"UA-32230408-1\" \/>\n\t<meta name=\"msvalidate.01\" content=\"354F3CDFB2DA171B47FBE9ABF1F88D5\" \/>\n\t<meta name=\"keywords\" content=\"agenda\" \/>\n\t<link rel=\"canonical\" href=\"https:\/\/candas365.es\/noticias\/winged-cranes-ensayara-su-produccion-chernobil-en-el-teatro-de-la-laboral\/\" \/>\n\t<meta name=\"generator\" content=\"All in One SEO Pro (AIOSEO) 4.9.6.2\" \/>\n\t\t<meta property=\"og:locale\" content=\"es_ES\" \/>\n\t\t<meta property=\"og:site_name\" content=\"Cand\u00e1s 365\" \/>\n\t\t<meta property=\"og:type\" content=\"article\" \/>\n\t\t<meta property=\"og:title\" content=\"Winged Cranes ensayar\u00e1 su producci\u00f3n \u00abChern\u00f3bil\u00bb en el Teatro de la Laboral | Cand\u00e1s 365\" \/>\n\t\t<meta property=\"og:description\" content=\"El Principado anunci\u00f3 este mi\u00e9rcoles mediante un comunicado de prensa que Winged Cranes ensayar\u00e1 su espect\u00e1culo &quot;Chern\u00f3bil&quot; del 4 al 6 de septiembre en el Teatro de la Laboral en Asturias. En esta obra, la humanidad y todos los seres vivos del planeta se han extinguido tras un desastre ambiental que ha cubierto todo de pl\u00e1stico.\" \/>\n\t\t<meta property=\"og:url\" content=\"https:\/\/candas365.es\/noticias\/winged-cranes-ensayara-su-produccion-chernobil-en-el-teatro-de-la-laboral\/\" \/>\n\t\t<meta property=\"og:image\" content=\"https:\/\/candas365.es\/noticias\/wp-content\/uploads\/2019\/09\/Chern\u00f3bil-de-Winged-Cranes.jpg\" \/>\n\t\t<meta property=\"og:image:secure_url\" content=\"https:\/\/candas365.es\/noticias\/wp-content\/uploads\/2019\/09\/Chern\u00f3bil-de-Winged-Cranes.jpg\" \/>\n\t\t<meta property=\"og:image:width\" content=\"4128\" \/>\n\t\t<meta property=\"og:image:height\" content=\"2322\" \/>\n\t\t<meta property=\"article:published_time\" content=\"2019-09-04T11:20:21+00:00\" \/>\n\t\t<meta property=\"article:modified_time\" content=\"2019-09-04T11:20:21+00:00\" \/>\n\t\t<meta property=\"article:publisher\" content=\"https:\/\/www.facebook.com\/Nachofdezber\" \/>\n\t\t<meta property=\"article:author\" content=\"https:\/\/www.facebook.com\/carrenoactualidad\" \/>\n\t\t<meta name=\"twitter:card\" content=\"summary_large_image\" \/>\n\t\t<meta name=\"twitter:site\" content=\"@NabercoDigital\" \/>\n\t\t<meta name=\"twitter:title\" content=\"Winged Cranes ensayar\u00e1 su producci\u00f3n \u00abChern\u00f3bil\u00bb en el Teatro de la Laboral | Cand\u00e1s 365\" \/>\n\t\t<meta name=\"twitter:description\" content=\"El Principado anunci\u00f3 este mi\u00e9rcoles mediante un comunicado de prensa que Winged Cranes ensayar\u00e1 su espect\u00e1culo &quot;Chern\u00f3bil&quot; del 4 al 6 de septiembre en el Teatro de la Laboral en Asturias. En esta obra, la humanidad y todos los seres vivos del planeta se han extinguido tras un desastre ambiental que ha cubierto todo de pl\u00e1stico.\" \/>\n\t\t<meta name=\"twitter:creator\" content=\"@nbasturias\" \/>\n\t\t<meta name=\"twitter:image\" content=\"https:\/\/candas365.es\/noticias\/wp-content\/uploads\/2019\/09\/Chern\u00f3bil-de-Winged-Cranes.jpg\" \/>\n\t\t<meta name=\"twitter:label1\" content=\"Escrito por\" \/>\n\t\t<meta name=\"twitter:data1\" content=\"Cand\u00e1s 365\" \/>\n\t\t<meta name=\"twitter:label2\" content=\"Tiempo de lectura estimado\" \/>\n\t\t<meta name=\"twitter:data2\" content=\"2 minutos\" \/>\n\t\t<script type=\"application\/ld+json\" class=\"aioseo-schema\">\n\t\t\t{\"@context\":\"https:\\\/\\\/schema.org\",\"@graph\":[{\"@type\":\"BreadcrumbList\",\"@id\":\"https:\\\/\\\/candas365.es\\\/noticias\\\/winged-cranes-ensayara-su-produccion-chernobil-en-el-teatro-de-la-laboral\\\/#breadcrumblist\",\"itemListElement\":[{\"@type\":\"ListItem\",\"@id\":\"https:\\\/\\\/candas365.es\\\/noticias#listItem\",\"position\":1,\"name\":\"Home\",\"item\":\"https:\\\/\\\/candas365.es\\\/noticias\",\"nextItem\":{\"@type\":\"ListItem\",\"@id\":\"https:\\\/\\\/candas365.es\\\/noticias\\\/category\\\/agenda\\\/#listItem\",\"name\":\"Agenda\"}},{\"@type\":\"ListItem\",\"@id\":\"https:\\\/\\\/candas365.es\\\/noticias\\\/category\\\/agenda\\\/#listItem\",\"position\":2,\"name\":\"Agenda\",\"item\":\"https:\\\/\\\/candas365.es\\\/noticias\\\/category\\\/agenda\\\/\",\"nextItem\":{\"@type\":\"ListItem\",\"@id\":\"https:\\\/\\\/candas365.es\\\/noticias\\\/winged-cranes-ensayara-su-produccion-chernobil-en-el-teatro-de-la-laboral\\\/#listItem\",\"name\":\"Winged Cranes ensayar\\u00e1 su producci\\u00f3n \\u00abChern\\u00f3bil\\u00bb en el Teatro de la Laboral\"},\"previousItem\":{\"@type\":\"ListItem\",\"@id\":\"https:\\\/\\\/candas365.es\\\/noticias#listItem\",\"name\":\"Home\"}},{\"@type\":\"ListItem\",\"@id\":\"https:\\\/\\\/candas365.es\\\/noticias\\\/winged-cranes-ensayara-su-produccion-chernobil-en-el-teatro-de-la-laboral\\\/#listItem\",\"position\":3,\"name\":\"Winged Cranes ensayar\\u00e1 su producci\\u00f3n \\u00abChern\\u00f3bil\\u00bb en el Teatro de la Laboral\",\"previousItem\":{\"@type\":\"ListItem\",\"@id\":\"https:\\\/\\\/candas365.es\\\/noticias\\\/category\\\/agenda\\\/#listItem\",\"name\":\"Agenda\"}}]},{\"@type\":\"NewsArticle\",\"@id\":\"https:\\\/\\\/candas365.es\\\/noticias\\\/winged-cranes-ensayara-su-produccion-chernobil-en-el-teatro-de-la-laboral\\\/#newsarticle\",\"name\":\"Winged Cranes ensayar\\u00e1 su producci\\u00f3n \\u00abChern\\u00f3bil\\u00bb en el Teatro de la Laboral | Cand\\u00e1s 365\",\"headline\":\"Winged Cranes ensayar\\u00e1 su producci\\u00f3n \\u00abChern\\u00f3bil\\u00bb en el Teatro de la Laboral\",\"author\":{\"@id\":\"https:\\\/\\\/candas365.es\\\/noticias\\\/author\\\/admin\\\/#author\"},\"publisher\":{\"@id\":\"https:\\\/\\\/candas365.es\\\/noticias\\\/#organization\"},\"image\":{\"@type\":\"ImageObject\",\"url\":\"https:\\\/\\\/candas365.es\\\/noticias\\\/wp-content\\\/uploads\\\/2019\\\/09\\\/Chern\\u00f3bil-de-Winged-Cranes.jpg\",\"width\":4128,\"height\":2322},\"datePublished\":\"2019-09-04T11:20:21+02:00\",\"dateModified\":\"2019-09-04T11:20:21+02:00\",\"inLanguage\":\"es-ES\",\"mainEntityOfPage\":{\"@id\":\"https:\\\/\\\/candas365.es\\\/noticias\\\/winged-cranes-ensayara-su-produccion-chernobil-en-el-teatro-de-la-laboral\\\/#webpage\"},\"isPartOf\":{\"@id\":\"https:\\\/\\\/candas365.es\\\/noticias\\\/winged-cranes-ensayara-su-produccion-chernobil-en-el-teatro-de-la-laboral\\\/#webpage\"},\"articleSection\":\"Agenda\",\"dateline\":\"Publicado el septiembre 4, 2019.\"},{\"@type\":\"Organization\",\"@id\":\"https:\\\/\\\/candas365.es\\\/noticias\\\/#organization\",\"name\":\"Cand\\u00e1s 365\",\"description\":\"Cand\\u00e1s 365 es un diario digital independiente, fundado en 2012, con base en Asturias. Informamos con rigor sobre actualidad, sociedad, cultura y ocio, con una mirada local y global.\",\"url\":\"https:\\\/\\\/candas365.es\\\/noticias\\\/\",\"email\":\"info@candas365.es\",\"telephone\":\"+34652131393\",\"foundingDate\":\"2012-06-10\",\"logo\":{\"@type\":\"ImageObject\",\"url\":\"https:\\\/\\\/candas365.es\\\/noticias\\\/wp-content\\\/uploads\\\/2024\\\/09\\\/Candas-365-Redes.jpg\",\"@id\":\"https:\\\/\\\/candas365.es\\\/noticias\\\/winged-cranes-ensayara-su-produccion-chernobil-en-el-teatro-de-la-laboral\\\/#organizationLogo\",\"width\":1152,\"height\":864,\"caption\":\"Cand\\u00e1s 365 Redes\"},\"image\":{\"@id\":\"https:\\\/\\\/candas365.es\\\/noticias\\\/winged-cranes-ensayara-su-produccion-chernobil-en-el-teatro-de-la-laboral\\\/#organizationLogo\"},\"sameAs\":[\"https:\\\/\\\/www.facebook.com\\\/Nachofdezber\",\"https:\\\/\\\/x.com\\\/NabercoDigital\",\"https:\\\/\\\/www.instagram.com\\\/nachofdezber\\\/\",\"https:\\\/\\\/www.youtube.com\\\/channel\\\/UCZP-2wLEB9Rv6erhFmqVnvg\"],\"address\":{\"@id\":\"https:\\\/\\\/candas365.es\\\/noticias\\\/#postaladdress\",\"@type\":\"PostalAddress\",\"streetAddress\":\"san antonio 4, san antonio 4\",\"postalCode\":\"33430\",\"addressLocality\":\"Cand\\u00e1s\",\"addressRegion\":\"Asturias\",\"addressCountry\":\"ES\"}},{\"@type\":\"Person\",\"@id\":\"https:\\\/\\\/candas365.es\\\/noticias\\\/author\\\/admin\\\/#author\",\"url\":\"https:\\\/\\\/candas365.es\\\/noticias\\\/author\\\/admin\\\/\",\"name\":\"Cand\\u00e1s 365\",\"image\":{\"@type\":\"ImageObject\",\"@id\":\"https:\\\/\\\/candas365.es\\\/noticias\\\/winged-cranes-ensayara-su-produccion-chernobil-en-el-teatro-de-la-laboral\\\/#authorImage\",\"url\":\"https:\\\/\\\/secure.gravatar.com\\\/avatar\\\/496a8e03d0c493ede1718b7934145dbdf8d89be1036b0eec9544e1094c9de390?s=96&d=mm&r=g\",\"width\":96,\"height\":96,\"caption\":\"Cand\\u00e1s 365\"},\"sameAs\":[\"https:\\\/\\\/www.facebook.com\\\/carrenoactualidad\",\"https:\\\/\\\/twitter.com\\\/nbasturias\",\"https:\\\/\\\/www.instagram.com\\\/nachofdezber\\\/\",\"https:\\\/\\\/www.youtube.com\\\/channel\\\/UCZP-2wLEB9Rv6erhFmqVnvg\"]},{\"@type\":\"WebPage\",\"@id\":\"https:\\\/\\\/candas365.es\\\/noticias\\\/winged-cranes-ensayara-su-produccion-chernobil-en-el-teatro-de-la-laboral\\\/#webpage\",\"url\":\"https:\\\/\\\/candas365.es\\\/noticias\\\/winged-cranes-ensayara-su-produccion-chernobil-en-el-teatro-de-la-laboral\\\/\",\"name\":\"Winged Cranes ensayar\\u00e1 su producci\\u00f3n \\u00abChern\\u00f3bil\\u00bb en el Teatro de la Laboral | Cand\\u00e1s 365\",\"description\":\"El Principado anunci\\u00f3 este mi\\u00e9rcoles mediante un comunicado de prensa que Winged Cranes ensayar\\u00e1 su espect\\u00e1culo \\\"Chern\\u00f3bil\\\" del 4 al 6 de septiembre en el Teatro de la Laboral en Asturias. En esta obra, la humanidad y todos los seres vivos del planeta se han extinguido tras un desastre ambiental que ha cubierto todo de pl\\u00e1stico.\",\"inLanguage\":\"es-ES\",\"isPartOf\":{\"@id\":\"https:\\\/\\\/candas365.es\\\/noticias\\\/#website\"},\"breadcrumb\":{\"@id\":\"https:\\\/\\\/candas365.es\\\/noticias\\\/winged-cranes-ensayara-su-produccion-chernobil-en-el-teatro-de-la-laboral\\\/#breadcrumblist\"},\"author\":{\"@id\":\"https:\\\/\\\/candas365.es\\\/noticias\\\/author\\\/admin\\\/#author\"},\"creator\":{\"@id\":\"https:\\\/\\\/candas365.es\\\/noticias\\\/author\\\/admin\\\/#author\"},\"image\":{\"@type\":\"ImageObject\",\"url\":\"https:\\\/\\\/candas365.es\\\/noticias\\\/wp-content\\\/uploads\\\/2019\\\/09\\\/Chern\\u00f3bil-de-Winged-Cranes.jpg\",\"@id\":\"https:\\\/\\\/candas365.es\\\/noticias\\\/winged-cranes-ensayara-su-produccion-chernobil-en-el-teatro-de-la-laboral\\\/#mainImage\",\"width\":4128,\"height\":2322},\"primaryImageOfPage\":{\"@id\":\"https:\\\/\\\/candas365.es\\\/noticias\\\/winged-cranes-ensayara-su-produccion-chernobil-en-el-teatro-de-la-laboral\\\/#mainImage\"},\"datePublished\":\"2019-09-04T11:20:21+02:00\",\"dateModified\":\"2019-09-04T11:20:21+02:00\"},{\"@type\":\"WebSite\",\"@id\":\"https:\\\/\\\/candas365.es\\\/noticias\\\/#website\",\"url\":\"https:\\\/\\\/candas365.es\\\/noticias\\\/\",\"name\":\"Cand\\u00e1s 365\",\"alternateName\":\"Cand\\u00e1s 365 Noticias\",\"description\":\"Actualidad desde Carre\\u00f1o para el mundo\",\"inLanguage\":\"es-ES\",\"publisher\":{\"@id\":\"https:\\\/\\\/candas365.es\\\/noticias\\\/#organization\"}}]}\n\t\t<\/script>\n\t\t<!-- All in One SEO Pro -->\r\n\t\t<title>Winged Cranes ensayar\u00e1 su producci\u00f3n \u00abChern\u00f3bil\u00bb en el Teatro de la Laboral | Cand\u00e1s 365<\/title>\n\n","aioseo_head_json":{"title":"Winged Cranes ensayar\u00e1 su producci\u00f3n \u00abChern\u00f3bil\u00bb en el Teatro de la Laboral | Cand\u00e1s 365","description":"El Principado anunci\u00f3 este mi\u00e9rcoles mediante un comunicado de prensa que Winged Cranes ensayar\u00e1 su espect\u00e1culo \"Chern\u00f3bil\" del 4 al 6 de septiembre en el Teatro de la Laboral en Asturias. En esta obra, la humanidad y todos los seres vivos del planeta se han extinguido tras un desastre ambiental que ha cubierto todo de pl\u00e1stico.","canonical_url":"https:\/\/candas365.es\/noticias\/winged-cranes-ensayara-su-produccion-chernobil-en-el-teatro-de-la-laboral\/","robots":"max-image-preview:large","keywords":"agenda","webmasterTools":{"google-site-verification":"UA-32230408-1","msvalidate.01":"354F3CDFB2DA171B47FBE9ABF1F88D5","miscellaneous":""},"schema":{"@context":"https:\/\/schema.org","@graph":[{"@type":"BreadcrumbList","@id":"https:\/\/candas365.es\/noticias\/winged-cranes-ensayara-su-produccion-chernobil-en-el-teatro-de-la-laboral\/#breadcrumblist","itemListElement":[{"@type":"ListItem","@id":"https:\/\/candas365.es\/noticias#listItem","position":1,"name":"Home","item":"https:\/\/candas365.es\/noticias","nextItem":{"@type":"ListItem","@id":"https:\/\/candas365.es\/noticias\/category\/agenda\/#listItem","name":"Agenda"}},{"@type":"ListItem","@id":"https:\/\/candas365.es\/noticias\/category\/agenda\/#listItem","position":2,"name":"Agenda","item":"https:\/\/candas365.es\/noticias\/category\/agenda\/","nextItem":{"@type":"ListItem","@id":"https:\/\/candas365.es\/noticias\/winged-cranes-ensayara-su-produccion-chernobil-en-el-teatro-de-la-laboral\/#listItem","name":"Winged Cranes ensayar\u00e1 su producci\u00f3n \u00abChern\u00f3bil\u00bb en el Teatro de la Laboral"},"previousItem":{"@type":"ListItem","@id":"https:\/\/candas365.es\/noticias#listItem","name":"Home"}},{"@type":"ListItem","@id":"https:\/\/candas365.es\/noticias\/winged-cranes-ensayara-su-produccion-chernobil-en-el-teatro-de-la-laboral\/#listItem","position":3,"name":"Winged Cranes ensayar\u00e1 su producci\u00f3n \u00abChern\u00f3bil\u00bb en el Teatro de la Laboral","previousItem":{"@type":"ListItem","@id":"https:\/\/candas365.es\/noticias\/category\/agenda\/#listItem","name":"Agenda"}}]},{"@type":"NewsArticle","@id":"https:\/\/candas365.es\/noticias\/winged-cranes-ensayara-su-produccion-chernobil-en-el-teatro-de-la-laboral\/#newsarticle","name":"Winged Cranes ensayar\u00e1 su producci\u00f3n \u00abChern\u00f3bil\u00bb en el Teatro de la Laboral | Cand\u00e1s 365","headline":"Winged Cranes ensayar\u00e1 su producci\u00f3n \u00abChern\u00f3bil\u00bb en el Teatro de la Laboral","author":{"@id":"https:\/\/candas365.es\/noticias\/author\/admin\/#author"},"publisher":{"@id":"https:\/\/candas365.es\/noticias\/#organization"},"image":{"@type":"ImageObject","url":"https:\/\/candas365.es\/noticias\/wp-content\/uploads\/2019\/09\/Chern\u00f3bil-de-Winged-Cranes.jpg","width":4128,"height":2322},"datePublished":"2019-09-04T11:20:21+02:00","dateModified":"2019-09-04T11:20:21+02:00","inLanguage":"es-ES","mainEntityOfPage":{"@id":"https:\/\/candas365.es\/noticias\/winged-cranes-ensayara-su-produccion-chernobil-en-el-teatro-de-la-laboral\/#webpage"},"isPartOf":{"@id":"https:\/\/candas365.es\/noticias\/winged-cranes-ensayara-su-produccion-chernobil-en-el-teatro-de-la-laboral\/#webpage"},"articleSection":"Agenda","dateline":"Publicado el septiembre 4, 2019."},{"@type":"Organization","@id":"https:\/\/candas365.es\/noticias\/#organization","name":"Cand\u00e1s 365","description":"Cand\u00e1s 365 es un diario digital independiente, fundado en 2012, con base en Asturias. Informamos con rigor sobre actualidad, sociedad, cultura y ocio, con una mirada local y global.","url":"https:\/\/candas365.es\/noticias\/","email":"info@candas365.es","telephone":"+34652131393","foundingDate":"2012-06-10","logo":{"@type":"ImageObject","url":"https:\/\/candas365.es\/noticias\/wp-content\/uploads\/2024\/09\/Candas-365-Redes.jpg","@id":"https:\/\/candas365.es\/noticias\/winged-cranes-ensayara-su-produccion-chernobil-en-el-teatro-de-la-laboral\/#organizationLogo","width":1152,"height":864,"caption":"Cand\u00e1s 365 Redes"},"image":{"@id":"https:\/\/candas365.es\/noticias\/winged-cranes-ensayara-su-produccion-chernobil-en-el-teatro-de-la-laboral\/#organizationLogo"},"sameAs":["https:\/\/www.facebook.com\/Nachofdezber","https:\/\/x.com\/NabercoDigital","https:\/\/www.instagram.com\/nachofdezber\/","https:\/\/www.youtube.com\/channel\/UCZP-2wLEB9Rv6erhFmqVnvg"],"address":{"@id":"https:\/\/candas365.es\/noticias\/#postaladdress","@type":"PostalAddress","streetAddress":"san antonio 4, san antonio 4","postalCode":"33430","addressLocality":"Cand\u00e1s","addressRegion":"Asturias","addressCountry":"ES"}},{"@type":"Person","@id":"https:\/\/candas365.es\/noticias\/author\/admin\/#author","url":"https:\/\/candas365.es\/noticias\/author\/admin\/","name":"Cand\u00e1s 365","image":{"@type":"ImageObject","@id":"https:\/\/candas365.es\/noticias\/winged-cranes-ensayara-su-produccion-chernobil-en-el-teatro-de-la-laboral\/#authorImage","url":"https:\/\/secure.gravatar.com\/avatar\/496a8e03d0c493ede1718b7934145dbdf8d89be1036b0eec9544e1094c9de390?s=96&d=mm&r=g","width":96,"height":96,"caption":"Cand\u00e1s 365"},"sameAs":["https:\/\/www.facebook.com\/carrenoactualidad","https:\/\/twitter.com\/nbasturias","https:\/\/www.instagram.com\/nachofdezber\/","https:\/\/www.youtube.com\/channel\/UCZP-2wLEB9Rv6erhFmqVnvg"]},{"@type":"WebPage","@id":"https:\/\/candas365.es\/noticias\/winged-cranes-ensayara-su-produccion-chernobil-en-el-teatro-de-la-laboral\/#webpage","url":"https:\/\/candas365.es\/noticias\/winged-cranes-ensayara-su-produccion-chernobil-en-el-teatro-de-la-laboral\/","name":"Winged Cranes ensayar\u00e1 su producci\u00f3n \u00abChern\u00f3bil\u00bb en el Teatro de la Laboral | Cand\u00e1s 365","description":"El Principado anunci\u00f3 este mi\u00e9rcoles mediante un comunicado de prensa que Winged Cranes ensayar\u00e1 su espect\u00e1culo \"Chern\u00f3bil\" del 4 al 6 de septiembre en el Teatro de la Laboral en Asturias. En esta obra, la humanidad y todos los seres vivos del planeta se han extinguido tras un desastre ambiental que ha cubierto todo de pl\u00e1stico.","inLanguage":"es-ES","isPartOf":{"@id":"https:\/\/candas365.es\/noticias\/#website"},"breadcrumb":{"@id":"https:\/\/candas365.es\/noticias\/winged-cranes-ensayara-su-produccion-chernobil-en-el-teatro-de-la-laboral\/#breadcrumblist"},"author":{"@id":"https:\/\/candas365.es\/noticias\/author\/admin\/#author"},"creator":{"@id":"https:\/\/candas365.es\/noticias\/author\/admin\/#author"},"image":{"@type":"ImageObject","url":"https:\/\/candas365.es\/noticias\/wp-content\/uploads\/2019\/09\/Chern\u00f3bil-de-Winged-Cranes.jpg","@id":"https:\/\/candas365.es\/noticias\/winged-cranes-ensayara-su-produccion-chernobil-en-el-teatro-de-la-laboral\/#mainImage","width":4128,"height":2322},"primaryImageOfPage":{"@id":"https:\/\/candas365.es\/noticias\/winged-cranes-ensayara-su-produccion-chernobil-en-el-teatro-de-la-laboral\/#mainImage"},"datePublished":"2019-09-04T11:20:21+02:00","dateModified":"2019-09-04T11:20:21+02:00"},{"@type":"WebSite","@id":"https:\/\/candas365.es\/noticias\/#website","url":"https:\/\/candas365.es\/noticias\/","name":"Cand\u00e1s 365","alternateName":"Cand\u00e1s 365 Noticias","description":"Actualidad desde Carre\u00f1o para el mundo","inLanguage":"es-ES","publisher":{"@id":"https:\/\/candas365.es\/noticias\/#organization"}}]},"og:locale":"es_ES","og:site_name":"Cand\u00e1s 365","og:type":"article","og:title":"Winged Cranes ensayar\u00e1 su producci\u00f3n \u00abChern\u00f3bil\u00bb en el Teatro de la Laboral | Cand\u00e1s 365","og:description":"El Principado anunci\u00f3 este mi\u00e9rcoles mediante un comunicado de prensa que Winged Cranes ensayar\u00e1 su espect\u00e1culo &quot;Chern\u00f3bil&quot; del 4 al 6 de septiembre en el Teatro de la Laboral en Asturias. En esta obra, la humanidad y todos los seres vivos del planeta se han extinguido tras un desastre ambiental que ha cubierto todo de pl\u00e1stico.","og:url":"https:\/\/candas365.es\/noticias\/winged-cranes-ensayara-su-produccion-chernobil-en-el-teatro-de-la-laboral\/","og:image":"https:\/\/candas365.es\/noticias\/wp-content\/uploads\/2019\/09\/Chern\u00f3bil-de-Winged-Cranes.jpg","og:image:secure_url":"https:\/\/candas365.es\/noticias\/wp-content\/uploads\/2019\/09\/Chern\u00f3bil-de-Winged-Cranes.jpg","og:image:width":4128,"og:image:height":2322,"article:published_time":"2019-09-04T11:20:21+00:00","article:modified_time":"2019-09-04T11:20:21+00:00","article:publisher":"https:\/\/www.facebook.com\/Nachofdezber","article:author":"https:\/\/www.facebook.com\/carrenoactualidad","twitter:card":"summary_large_image","twitter:site":"@NabercoDigital","twitter:title":"Winged Cranes ensayar\u00e1 su producci\u00f3n \u00abChern\u00f3bil\u00bb en el Teatro de la Laboral | Cand\u00e1s 365","twitter:description":"El Principado anunci\u00f3 este mi\u00e9rcoles mediante un comunicado de prensa que Winged Cranes ensayar\u00e1 su espect\u00e1culo &quot;Chern\u00f3bil&quot; del 4 al 6 de septiembre en el Teatro de la Laboral en Asturias. En esta obra, la humanidad y todos los seres vivos del planeta se han extinguido tras un desastre ambiental que ha cubierto todo de pl\u00e1stico.","twitter:creator":"@nbasturias","twitter:image":"https:\/\/candas365.es\/noticias\/wp-content\/uploads\/2019\/09\/Chern\u00f3bil-de-Winged-Cranes.jpg","twitter:label1":"Escrito por","twitter:data1":"Cand\u00e1s 365","twitter:label2":"Tiempo de lectura estimado","twitter:data2":"2 minutos"},"aioseo_meta_data":{"post_id":"129386","title":null,"description":null,"keywords":null,"keyphrases":null,"primary_term":null,"canonical_url":null,"og_title":null,"og_description":null,"og_object_type":"default","og_image_type":"default","og_image_url":null,"og_image_width":null,"og_image_height":null,"og_image_custom_url":null,"og_image_custom_fields":null,"og_video":null,"og_custom_url":null,"og_article_section":null,"og_article_tags":null,"twitter_use_og":false,"twitter_card":"default","twitter_image_type":"default","twitter_image_url":null,"twitter_image_custom_url":null,"twitter_image_custom_fields":null,"twitter_title":null,"twitter_description":null,"schema":{"blockGraphs":[],"customGraphs":[],"default":{"data":{"Article":[],"Course":[],"Dataset":[],"FAQPage":[],"Movie":[],"Person":[],"Product":[],"ProductReview":[],"Car":[],"Recipe":[],"Service":[],"SoftwareApplication":[],"WebPage":[]},"graphName":"","isEnabled":true},"graphs":[],"defaultGraph":"","defaultPostTypeGraph":""},"schema_type":null,"schema_type_options":null,"pillar_content":false,"robots_default":true,"robots_noindex":false,"robots_noarchive":false,"robots_nosnippet":false,"robots_nofollow":false,"robots_noimageindex":false,"robots_noodp":false,"robots_notranslate":false,"robots_max_snippet":null,"robots_max_videopreview":null,"robots_max_imagepreview":"large","priority":null,"frequency":null,"location":null,"local_seo":null,"seo_analyzer_scan_date":"2025-08-30 13:04:14","breadcrumb_settings":null,"limit_modified_date":false,"reviewed_by":null,"open_ai":null,"ai":null,"created":"2020-12-21 10:53:05","updated":"2025-08-30 13:04:14"},"aioseo_breadcrumb":"<div class=\"aioseo-breadcrumbs\"><span class=\"aioseo-breadcrumb\">\n\t<a href=\"https:\/\/candas365.es\/noticias\" title=\"Home\">Home<\/a>\n<\/span><span class=\"aioseo-breadcrumb-separator\">&ndash;<\/span><span class=\"aioseo-breadcrumb\">\n\t<a href=\"https:\/\/candas365.es\/noticias\/category\/agenda\/\" title=\"Agenda\">Agenda<\/a>\n<\/span><span class=\"aioseo-breadcrumb-separator\">&ndash;<\/span><span class=\"aioseo-breadcrumb\">\n\tWinged Cranes ensayar\u00e1 su producci\u00f3n \u00abChern\u00f3bil\u00bb en el Teatro de la Laboral\n<\/span><\/div>","aioseo_breadcrumb_json":[{"label":"Home","link":"https:\/\/candas365.es\/noticias"},{"label":"Agenda","link":"https:\/\/candas365.es\/noticias\/category\/agenda\/"},{"label":"Winged Cranes ensayar\u00e1 su producci\u00f3n \u00abChern\u00f3bil\u00bb en el Teatro de la Laboral","link":"https:\/\/candas365.es\/noticias\/winged-cranes-ensayara-su-produccion-chernobil-en-el-teatro-de-la-laboral\/"}],"_links":{"self":[{"href":"https:\/\/candas365.es\/noticias\/wp-json\/wp\/v2\/posts\/129386","targetHints":{"allow":["GET"]}}],"collection":[{"href":"https:\/\/candas365.es\/noticias\/wp-json\/wp\/v2\/posts"}],"about":[{"href":"https:\/\/candas365.es\/noticias\/wp-json\/wp\/v2\/types\/post"}],"author":[{"embeddable":true,"href":"https:\/\/candas365.es\/noticias\/wp-json\/wp\/v2\/users\/1"}],"replies":[{"embeddable":true,"href":"https:\/\/candas365.es\/noticias\/wp-json\/wp\/v2\/comments?post=129386"}],"version-history":[{"count":0,"href":"https:\/\/candas365.es\/noticias\/wp-json\/wp\/v2\/posts\/129386\/revisions"}],"wp:featuredmedia":[{"embeddable":true,"href":"https:\/\/candas365.es\/noticias\/wp-json\/wp\/v2\/media\/129387"}],"wp:attachment":[{"href":"https:\/\/candas365.es\/noticias\/wp-json\/wp\/v2\/media?parent=129386"}],"wp:term":[{"taxonomy":"category","embeddable":true,"href":"https:\/\/candas365.es\/noticias\/wp-json\/wp\/v2\/categories?post=129386"},{"taxonomy":"post_tag","embeddable":true,"href":"https:\/\/candas365.es\/noticias\/wp-json\/wp\/v2\/tags?post=129386"}],"curies":[{"name":"wp","href":"https:\/\/api.w.org\/{rel}","templated":true}]}}