{"id":129244,"date":"2019-08-31T23:24:42","date_gmt":"2019-08-31T23:24:42","guid":{"rendered":"http:\/\/candas365.es\/noticias\/?p=129244"},"modified":"2019-08-31T23:24:42","modified_gmt":"2019-08-31T23:24:42","slug":"el-bayern-se-come-al-mainz-6-a-1","status":"publish","type":"post","link":"https:\/\/candas365.es\/noticias\/el-bayern-se-come-al-mainz-6-a-1\/","title":{"rendered":"El Bayern se come al Mainz, 6 a 1"},"content":{"rendered":"<figure id=\"attachment_129245\" aria-describedby=\"caption-attachment-129245\" style=\"width: 360px\" class=\"wp-caption alignleft\"><img fetchpriority=\"high\" decoding=\"async\" class=\"size-medium wp-image-129245\" src=\"https:\/\/candas365.es\/noticias\/wp-content\/uploads\/2019\/08\/Goleada-del-Bayern-360x237.jpg\" alt=\"\" width=\"360\" height=\"237\" srcset=\"https:\/\/candas365.es\/noticias\/wp-content\/uploads\/2019\/08\/Goleada-del-Bayern-360x237.jpg 360w, https:\/\/candas365.es\/noticias\/wp-content\/uploads\/2019\/08\/Goleada-del-Bayern-768x506.jpg 768w, https:\/\/candas365.es\/noticias\/wp-content\/uploads\/2019\/08\/Goleada-del-Bayern-655x431.jpg 655w, https:\/\/candas365.es\/noticias\/wp-content\/uploads\/2019\/08\/Goleada-del-Bayern-696x458.jpg 696w, https:\/\/candas365.es\/noticias\/wp-content\/uploads\/2019\/08\/Goleada-del-Bayern-741x486.jpg 741w, https:\/\/candas365.es\/noticias\/wp-content\/uploads\/2019\/08\/Goleada-del-Bayern-638x420.jpg 638w, https:\/\/candas365.es\/noticias\/wp-content\/uploads\/2019\/08\/Goleada-del-Bayern.jpg 1013w\" sizes=\"(max-width: 360px) 100vw, 360px\" \/><figcaption id=\"caption-attachment-129245\" class=\"wp-caption-text\">Ivan Perisic (centro) del M\u00fanich anota a 3-1. Ronael Pierre-Gabriel del Mainz no pudo impedir el remate de cabeza. Foto: Sven Hoppe\/dpa<\/figcaption><\/figure>\n<p>Berl\u00edn, 31 ago (dpa) &#8211; Ivan Perisic (54&#8242;) marc\u00f3 su primer gol para el Bayern M\u00fanich en la rotunda victoria de 6-1 conseguida hoy ante el Mainz en la tercera fecha del campeonato alem\u00e1n de f\u00fatbol.<\/p>\n<p>Tanto Perisic como el brasile\u00f1o Philippe Coutinho fueron titulares por primera vez en las filas b\u00e1varas.<\/p>\n<p>Benjamin Pavard (36&#8242;), David Alaba (45&#8242;), Kingsley Coman (64&#8242;), Robert Lewandowski (78&#8242;) y Alphonse Davies (80&#8242;) completaron el resultado que permiti\u00f3 a los muniqueses festejar su primera victoria en casa y ascender al segundo puesto de la clasificaci\u00f3n, con siete puntos.<\/p>\n<p>El equipo de Maguncia se adelant\u00f3 a trav\u00e9s de Jean-Paul Boetius a los seis minutos, pero s\u00f3lo pudo mantener su juego bien organizado y agresivo durante media hora. Luego le falt\u00f3 calidad para resistir los embates del Bayern.<\/p>\n<p>El Bayer Leverkusen, el Wolfsburgo y el Friburgo perdieron puntos por primera vez esta temporada, mientras que el Schalke se impuso por 3-0 al Hertha Berl\u00edn.<\/p>\n<p>El Freiburg cay\u00f3 por 2-1 en propio campo ante el ascendido Colonia, que se anot\u00f3 sus primeros puntos de la campa\u00f1a. El Leverkusen y el Hoffenheim empataron sin goles, mientras que el Wolfsburgo qued\u00f3 igualado por 1-1 con el Paderborn.<\/p>\n<p>El Leipzig, vencedor por 3-1 el viernes en el Borussia M\u00f6nchengladbach, se mantiene en cabeza con un m\u00e1ximo de nueve puntos y podr\u00eda ser alcanzado por el Borussia Dortmund, que se mide con el ascendido Union Berlin en el \u00faltimo partido de la jornada.<\/p>\n","protected":false},"excerpt":{"rendered":"<p>Berl\u00edn, 31 ago (dpa) &#8211; Ivan Perisic (54&#8242;) marc\u00f3 su primer gol para el Bayern M\u00fanich en la rotunda victoria de 6-1 conseguida hoy ante el Mainz en la tercera fecha del campeonato alem\u00e1n de f\u00fatbol. Tanto Perisic como el brasile\u00f1o Philippe Coutinho fueron titulares por primera vez en las filas b\u00e1varas. Benjamin Pavard (36&#8242;),<\/p>\n","protected":false},"author":1,"featured_media":129245,"comment_status":"closed","ping_status":"closed","sticky":false,"template":"","format":"standard","meta":{"footnotes":""},"categories":[319],"tags":[],"class_list":{"0":"post-129244","1":"post","2":"type-post","3":"status-publish","4":"format-standard","5":"has-post-thumbnail","7":"category-deporte"},"aioseo_notices":[],"aioseo_head":"\n\t\t<!-- All in One SEO Pro 4.9.6.2 - aioseo.com -->\n\t<meta name=\"description\" content=\"Berl\u00edn, 31 ago (dpa) - Ivan Perisic (54&#039;) marc\u00f3 su primer gol para el Bayern M\u00fanich en la rotunda victoria de 6-1 conseguida hoy ante el Mainz en la tercera fecha del campeonato alem\u00e1n de f\u00fatbol. Tanto Perisic como el brasile\u00f1o Philippe Coutinho fueron titulares por primera vez en las filas b\u00e1varas. Benjamin Pavard (36&#039;),\" \/>\n\t<meta name=\"robots\" content=\"max-image-preview:large\" \/>\n\t<meta name=\"author\" content=\"Cand\u00e1s 365\"\/>\n\t<meta name=\"google-site-verification\" content=\"UA-32230408-1\" \/>\n\t<meta name=\"msvalidate.01\" content=\"354F3CDFB2DA171B47FBE9ABF1F88D5\" \/>\n\t<meta name=\"keywords\" content=\"deporte\" \/>\n\t<link rel=\"canonical\" href=\"https:\/\/candas365.es\/noticias\/el-bayern-se-come-al-mainz-6-a-1\/\" \/>\n\t<meta name=\"generator\" content=\"All in One SEO Pro (AIOSEO) 4.9.6.2\" \/>\n\t\t<meta property=\"og:locale\" content=\"es_ES\" \/>\n\t\t<meta property=\"og:site_name\" content=\"Cand\u00e1s 365\" \/>\n\t\t<meta property=\"og:type\" content=\"article\" \/>\n\t\t<meta property=\"og:title\" content=\"El Bayern se come al Mainz, 6 a 1 | Cand\u00e1s 365\" \/>\n\t\t<meta property=\"og:description\" content=\"Berl\u00edn, 31 ago (dpa) - Ivan Perisic (54&#039;) marc\u00f3 su primer gol para el Bayern M\u00fanich en la rotunda victoria de 6-1 conseguida hoy ante el Mainz en la tercera fecha del campeonato alem\u00e1n de f\u00fatbol. Tanto Perisic como el brasile\u00f1o Philippe Coutinho fueron titulares por primera vez en las filas b\u00e1varas. Benjamin Pavard (36&#039;),\" \/>\n\t\t<meta property=\"og:url\" content=\"https:\/\/candas365.es\/noticias\/el-bayern-se-come-al-mainz-6-a-1\/\" \/>\n\t\t<meta property=\"og:image\" content=\"https:\/\/candas365.es\/noticias\/wp-content\/uploads\/2019\/08\/Goleada-del-Bayern.jpg\" \/>\n\t\t<meta property=\"og:image:secure_url\" content=\"https:\/\/candas365.es\/noticias\/wp-content\/uploads\/2019\/08\/Goleada-del-Bayern.jpg\" \/>\n\t\t<meta property=\"og:image:width\" content=\"1013\" \/>\n\t\t<meta property=\"og:image:height\" content=\"667\" \/>\n\t\t<meta property=\"article:published_time\" content=\"2019-08-31T23:24:42+00:00\" \/>\n\t\t<meta property=\"article:modified_time\" content=\"2019-08-31T23:24:42+00:00\" \/>\n\t\t<meta property=\"article:publisher\" content=\"https:\/\/www.facebook.com\/Nachofdezber\" \/>\n\t\t<meta property=\"article:author\" content=\"https:\/\/www.facebook.com\/carrenoactualidad\" \/>\n\t\t<meta name=\"twitter:card\" content=\"summary_large_image\" \/>\n\t\t<meta name=\"twitter:site\" content=\"@NabercoDigital\" \/>\n\t\t<meta name=\"twitter:title\" content=\"El Bayern se come al Mainz, 6 a 1 | Cand\u00e1s 365\" \/>\n\t\t<meta name=\"twitter:description\" content=\"Berl\u00edn, 31 ago (dpa) - Ivan Perisic (54&#039;) marc\u00f3 su primer gol para el Bayern M\u00fanich en la rotunda victoria de 6-1 conseguida hoy ante el Mainz en la tercera fecha del campeonato alem\u00e1n de f\u00fatbol. Tanto Perisic como el brasile\u00f1o Philippe Coutinho fueron titulares por primera vez en las filas b\u00e1varas. Benjamin Pavard (36&#039;),\" \/>\n\t\t<meta name=\"twitter:creator\" content=\"@nbasturias\" \/>\n\t\t<meta name=\"twitter:image\" content=\"https:\/\/candas365.es\/noticias\/wp-content\/uploads\/2019\/08\/Goleada-del-Bayern.jpg\" \/>\n\t\t<meta name=\"twitter:label1\" content=\"Escrito por\" \/>\n\t\t<meta name=\"twitter:data1\" content=\"Cand\u00e1s 365\" \/>\n\t\t<meta name=\"twitter:label2\" content=\"Tiempo de lectura estimado\" \/>\n\t\t<meta name=\"twitter:data2\" content=\"1 minuto\" \/>\n\t\t<script type=\"application\/ld+json\" class=\"aioseo-schema\">\n\t\t\t{\"@context\":\"https:\\\/\\\/schema.org\",\"@graph\":[{\"@type\":\"BreadcrumbList\",\"@id\":\"https:\\\/\\\/candas365.es\\\/noticias\\\/el-bayern-se-come-al-mainz-6-a-1\\\/#breadcrumblist\",\"itemListElement\":[{\"@type\":\"ListItem\",\"@id\":\"https:\\\/\\\/candas365.es\\\/noticias#listItem\",\"position\":1,\"name\":\"Home\",\"item\":\"https:\\\/\\\/candas365.es\\\/noticias\",\"nextItem\":{\"@type\":\"ListItem\",\"@id\":\"https:\\\/\\\/candas365.es\\\/noticias\\\/category\\\/deporte\\\/#listItem\",\"name\":\"Deporte\"}},{\"@type\":\"ListItem\",\"@id\":\"https:\\\/\\\/candas365.es\\\/noticias\\\/category\\\/deporte\\\/#listItem\",\"position\":2,\"name\":\"Deporte\",\"item\":\"https:\\\/\\\/candas365.es\\\/noticias\\\/category\\\/deporte\\\/\",\"nextItem\":{\"@type\":\"ListItem\",\"@id\":\"https:\\\/\\\/candas365.es\\\/noticias\\\/el-bayern-se-come-al-mainz-6-a-1\\\/#listItem\",\"name\":\"El Bayern se come al Mainz, 6 a 1\"},\"previousItem\":{\"@type\":\"ListItem\",\"@id\":\"https:\\\/\\\/candas365.es\\\/noticias#listItem\",\"name\":\"Home\"}},{\"@type\":\"ListItem\",\"@id\":\"https:\\\/\\\/candas365.es\\\/noticias\\\/el-bayern-se-come-al-mainz-6-a-1\\\/#listItem\",\"position\":3,\"name\":\"El Bayern se come al Mainz, 6 a 1\",\"previousItem\":{\"@type\":\"ListItem\",\"@id\":\"https:\\\/\\\/candas365.es\\\/noticias\\\/category\\\/deporte\\\/#listItem\",\"name\":\"Deporte\"}}]},{\"@type\":\"NewsArticle\",\"@id\":\"https:\\\/\\\/candas365.es\\\/noticias\\\/el-bayern-se-come-al-mainz-6-a-1\\\/#newsarticle\",\"name\":\"El Bayern se come al Mainz, 6 a 1 | Cand\\u00e1s 365\",\"headline\":\"El Bayern se come al Mainz, 6 a 1\",\"author\":{\"@id\":\"https:\\\/\\\/candas365.es\\\/noticias\\\/author\\\/admin\\\/#author\"},\"publisher\":{\"@id\":\"https:\\\/\\\/candas365.es\\\/noticias\\\/#organization\"},\"image\":{\"@type\":\"ImageObject\",\"url\":\"https:\\\/\\\/candas365.es\\\/noticias\\\/wp-content\\\/uploads\\\/2019\\\/08\\\/Goleada-del-Bayern.jpg\",\"width\":1013,\"height\":667,\"caption\":\"Ivan Perisic (centro) del M\\u00fanich anota a 3-1. Ronael Pierre-Gabriel del Mainz no pudo impedir el remate de cabeza. Foto: Sven Hoppe\\\/dpa\"},\"datePublished\":\"2019-08-31T23:24:42+02:00\",\"dateModified\":\"2019-08-31T23:24:42+02:00\",\"inLanguage\":\"es-ES\",\"mainEntityOfPage\":{\"@id\":\"https:\\\/\\\/candas365.es\\\/noticias\\\/el-bayern-se-come-al-mainz-6-a-1\\\/#webpage\"},\"isPartOf\":{\"@id\":\"https:\\\/\\\/candas365.es\\\/noticias\\\/el-bayern-se-come-al-mainz-6-a-1\\\/#webpage\"},\"articleSection\":\"Deporte\",\"dateline\":\"Publicado el agosto 31, 2019.\"},{\"@type\":\"Organization\",\"@id\":\"https:\\\/\\\/candas365.es\\\/noticias\\\/#organization\",\"name\":\"Cand\\u00e1s 365\",\"description\":\"Cand\\u00e1s 365 es un diario digital independiente, fundado en 2012, con base en Asturias. Informamos con rigor sobre actualidad, sociedad, cultura y ocio, con una mirada local y global.\",\"url\":\"https:\\\/\\\/candas365.es\\\/noticias\\\/\",\"email\":\"info@candas365.es\",\"telephone\":\"+34652131393\",\"foundingDate\":\"2012-06-10\",\"logo\":{\"@type\":\"ImageObject\",\"url\":\"https:\\\/\\\/candas365.es\\\/noticias\\\/wp-content\\\/uploads\\\/2024\\\/09\\\/Candas-365-Redes.jpg\",\"@id\":\"https:\\\/\\\/candas365.es\\\/noticias\\\/el-bayern-se-come-al-mainz-6-a-1\\\/#organizationLogo\",\"width\":1152,\"height\":864,\"caption\":\"Cand\\u00e1s 365 Redes\"},\"image\":{\"@id\":\"https:\\\/\\\/candas365.es\\\/noticias\\\/el-bayern-se-come-al-mainz-6-a-1\\\/#organizationLogo\"},\"sameAs\":[\"https:\\\/\\\/www.facebook.com\\\/Nachofdezber\",\"https:\\\/\\\/x.com\\\/NabercoDigital\",\"https:\\\/\\\/www.instagram.com\\\/nachofdezber\\\/\",\"https:\\\/\\\/www.youtube.com\\\/channel\\\/UCZP-2wLEB9Rv6erhFmqVnvg\"],\"address\":{\"@id\":\"https:\\\/\\\/candas365.es\\\/noticias\\\/#postaladdress\",\"@type\":\"PostalAddress\",\"streetAddress\":\"san antonio 4, san antonio 4\",\"postalCode\":\"33430\",\"addressLocality\":\"Cand\\u00e1s\",\"addressRegion\":\"Asturias\",\"addressCountry\":\"ES\"}},{\"@type\":\"Person\",\"@id\":\"https:\\\/\\\/candas365.es\\\/noticias\\\/author\\\/admin\\\/#author\",\"url\":\"https:\\\/\\\/candas365.es\\\/noticias\\\/author\\\/admin\\\/\",\"name\":\"Cand\\u00e1s 365\",\"image\":{\"@type\":\"ImageObject\",\"@id\":\"https:\\\/\\\/candas365.es\\\/noticias\\\/el-bayern-se-come-al-mainz-6-a-1\\\/#authorImage\",\"url\":\"https:\\\/\\\/secure.gravatar.com\\\/avatar\\\/496a8e03d0c493ede1718b7934145dbdf8d89be1036b0eec9544e1094c9de390?s=96&d=mm&r=g\",\"width\":96,\"height\":96,\"caption\":\"Cand\\u00e1s 365\"},\"sameAs\":[\"https:\\\/\\\/www.facebook.com\\\/carrenoactualidad\",\"https:\\\/\\\/twitter.com\\\/nbasturias\",\"https:\\\/\\\/www.instagram.com\\\/nachofdezber\\\/\",\"https:\\\/\\\/www.youtube.com\\\/channel\\\/UCZP-2wLEB9Rv6erhFmqVnvg\"]},{\"@type\":\"WebPage\",\"@id\":\"https:\\\/\\\/candas365.es\\\/noticias\\\/el-bayern-se-come-al-mainz-6-a-1\\\/#webpage\",\"url\":\"https:\\\/\\\/candas365.es\\\/noticias\\\/el-bayern-se-come-al-mainz-6-a-1\\\/\",\"name\":\"El Bayern se come al Mainz, 6 a 1 | Cand\\u00e1s 365\",\"description\":\"Berl\\u00edn, 31 ago (dpa) - Ivan Perisic (54') marc\\u00f3 su primer gol para el Bayern M\\u00fanich en la rotunda victoria de 6-1 conseguida hoy ante el Mainz en la tercera fecha del campeonato alem\\u00e1n de f\\u00fatbol. Tanto Perisic como el brasile\\u00f1o Philippe Coutinho fueron titulares por primera vez en las filas b\\u00e1varas. Benjamin Pavard (36'),\",\"inLanguage\":\"es-ES\",\"isPartOf\":{\"@id\":\"https:\\\/\\\/candas365.es\\\/noticias\\\/#website\"},\"breadcrumb\":{\"@id\":\"https:\\\/\\\/candas365.es\\\/noticias\\\/el-bayern-se-come-al-mainz-6-a-1\\\/#breadcrumblist\"},\"author\":{\"@id\":\"https:\\\/\\\/candas365.es\\\/noticias\\\/author\\\/admin\\\/#author\"},\"creator\":{\"@id\":\"https:\\\/\\\/candas365.es\\\/noticias\\\/author\\\/admin\\\/#author\"},\"image\":{\"@type\":\"ImageObject\",\"url\":\"https:\\\/\\\/candas365.es\\\/noticias\\\/wp-content\\\/uploads\\\/2019\\\/08\\\/Goleada-del-Bayern.jpg\",\"@id\":\"https:\\\/\\\/candas365.es\\\/noticias\\\/el-bayern-se-come-al-mainz-6-a-1\\\/#mainImage\",\"width\":1013,\"height\":667,\"caption\":\"Ivan Perisic (centro) del M\\u00fanich anota a 3-1. Ronael Pierre-Gabriel del Mainz no pudo impedir el remate de cabeza. Foto: Sven Hoppe\\\/dpa\"},\"primaryImageOfPage\":{\"@id\":\"https:\\\/\\\/candas365.es\\\/noticias\\\/el-bayern-se-come-al-mainz-6-a-1\\\/#mainImage\"},\"datePublished\":\"2019-08-31T23:24:42+02:00\",\"dateModified\":\"2019-08-31T23:24:42+02:00\"},{\"@type\":\"WebSite\",\"@id\":\"https:\\\/\\\/candas365.es\\\/noticias\\\/#website\",\"url\":\"https:\\\/\\\/candas365.es\\\/noticias\\\/\",\"name\":\"Cand\\u00e1s 365\",\"alternateName\":\"Cand\\u00e1s 365 Noticias\",\"description\":\"Actualidad desde Carre\\u00f1o para el mundo\",\"inLanguage\":\"es-ES\",\"publisher\":{\"@id\":\"https:\\\/\\\/candas365.es\\\/noticias\\\/#organization\"}}]}\n\t\t<\/script>\n\t\t<!-- All in One SEO Pro -->\r\n\t\t<title>El Bayern se come al Mainz, 6 a 1 | Cand\u00e1s 365<\/title>\n\n","aioseo_head_json":{"title":"El Bayern se come al Mainz, 6 a 1 | Cand\u00e1s 365","description":"Berl\u00edn, 31 ago (dpa) - Ivan Perisic (54') marc\u00f3 su primer gol para el Bayern M\u00fanich en la rotunda victoria de 6-1 conseguida hoy ante el Mainz en la tercera fecha del campeonato alem\u00e1n de f\u00fatbol. Tanto Perisic como el brasile\u00f1o Philippe Coutinho fueron titulares por primera vez en las filas b\u00e1varas. Benjamin Pavard (36'),","canonical_url":"https:\/\/candas365.es\/noticias\/el-bayern-se-come-al-mainz-6-a-1\/","robots":"max-image-preview:large","keywords":"deporte","webmasterTools":{"google-site-verification":"UA-32230408-1","msvalidate.01":"354F3CDFB2DA171B47FBE9ABF1F88D5","miscellaneous":""},"schema":{"@context":"https:\/\/schema.org","@graph":[{"@type":"BreadcrumbList","@id":"https:\/\/candas365.es\/noticias\/el-bayern-se-come-al-mainz-6-a-1\/#breadcrumblist","itemListElement":[{"@type":"ListItem","@id":"https:\/\/candas365.es\/noticias#listItem","position":1,"name":"Home","item":"https:\/\/candas365.es\/noticias","nextItem":{"@type":"ListItem","@id":"https:\/\/candas365.es\/noticias\/category\/deporte\/#listItem","name":"Deporte"}},{"@type":"ListItem","@id":"https:\/\/candas365.es\/noticias\/category\/deporte\/#listItem","position":2,"name":"Deporte","item":"https:\/\/candas365.es\/noticias\/category\/deporte\/","nextItem":{"@type":"ListItem","@id":"https:\/\/candas365.es\/noticias\/el-bayern-se-come-al-mainz-6-a-1\/#listItem","name":"El Bayern se come al Mainz, 6 a 1"},"previousItem":{"@type":"ListItem","@id":"https:\/\/candas365.es\/noticias#listItem","name":"Home"}},{"@type":"ListItem","@id":"https:\/\/candas365.es\/noticias\/el-bayern-se-come-al-mainz-6-a-1\/#listItem","position":3,"name":"El Bayern se come al Mainz, 6 a 1","previousItem":{"@type":"ListItem","@id":"https:\/\/candas365.es\/noticias\/category\/deporte\/#listItem","name":"Deporte"}}]},{"@type":"NewsArticle","@id":"https:\/\/candas365.es\/noticias\/el-bayern-se-come-al-mainz-6-a-1\/#newsarticle","name":"El Bayern se come al Mainz, 6 a 1 | Cand\u00e1s 365","headline":"El Bayern se come al Mainz, 6 a 1","author":{"@id":"https:\/\/candas365.es\/noticias\/author\/admin\/#author"},"publisher":{"@id":"https:\/\/candas365.es\/noticias\/#organization"},"image":{"@type":"ImageObject","url":"https:\/\/candas365.es\/noticias\/wp-content\/uploads\/2019\/08\/Goleada-del-Bayern.jpg","width":1013,"height":667,"caption":"Ivan Perisic (centro) del M\u00fanich anota a 3-1. Ronael Pierre-Gabriel del Mainz no pudo impedir el remate de cabeza. Foto: Sven Hoppe\/dpa"},"datePublished":"2019-08-31T23:24:42+02:00","dateModified":"2019-08-31T23:24:42+02:00","inLanguage":"es-ES","mainEntityOfPage":{"@id":"https:\/\/candas365.es\/noticias\/el-bayern-se-come-al-mainz-6-a-1\/#webpage"},"isPartOf":{"@id":"https:\/\/candas365.es\/noticias\/el-bayern-se-come-al-mainz-6-a-1\/#webpage"},"articleSection":"Deporte","dateline":"Publicado el agosto 31, 2019."},{"@type":"Organization","@id":"https:\/\/candas365.es\/noticias\/#organization","name":"Cand\u00e1s 365","description":"Cand\u00e1s 365 es un diario digital independiente, fundado en 2012, con base en Asturias. Informamos con rigor sobre actualidad, sociedad, cultura y ocio, con una mirada local y global.","url":"https:\/\/candas365.es\/noticias\/","email":"info@candas365.es","telephone":"+34652131393","foundingDate":"2012-06-10","logo":{"@type":"ImageObject","url":"https:\/\/candas365.es\/noticias\/wp-content\/uploads\/2024\/09\/Candas-365-Redes.jpg","@id":"https:\/\/candas365.es\/noticias\/el-bayern-se-come-al-mainz-6-a-1\/#organizationLogo","width":1152,"height":864,"caption":"Cand\u00e1s 365 Redes"},"image":{"@id":"https:\/\/candas365.es\/noticias\/el-bayern-se-come-al-mainz-6-a-1\/#organizationLogo"},"sameAs":["https:\/\/www.facebook.com\/Nachofdezber","https:\/\/x.com\/NabercoDigital","https:\/\/www.instagram.com\/nachofdezber\/","https:\/\/www.youtube.com\/channel\/UCZP-2wLEB9Rv6erhFmqVnvg"],"address":{"@id":"https:\/\/candas365.es\/noticias\/#postaladdress","@type":"PostalAddress","streetAddress":"san antonio 4, san antonio 4","postalCode":"33430","addressLocality":"Cand\u00e1s","addressRegion":"Asturias","addressCountry":"ES"}},{"@type":"Person","@id":"https:\/\/candas365.es\/noticias\/author\/admin\/#author","url":"https:\/\/candas365.es\/noticias\/author\/admin\/","name":"Cand\u00e1s 365","image":{"@type":"ImageObject","@id":"https:\/\/candas365.es\/noticias\/el-bayern-se-come-al-mainz-6-a-1\/#authorImage","url":"https:\/\/secure.gravatar.com\/avatar\/496a8e03d0c493ede1718b7934145dbdf8d89be1036b0eec9544e1094c9de390?s=96&d=mm&r=g","width":96,"height":96,"caption":"Cand\u00e1s 365"},"sameAs":["https:\/\/www.facebook.com\/carrenoactualidad","https:\/\/twitter.com\/nbasturias","https:\/\/www.instagram.com\/nachofdezber\/","https:\/\/www.youtube.com\/channel\/UCZP-2wLEB9Rv6erhFmqVnvg"]},{"@type":"WebPage","@id":"https:\/\/candas365.es\/noticias\/el-bayern-se-come-al-mainz-6-a-1\/#webpage","url":"https:\/\/candas365.es\/noticias\/el-bayern-se-come-al-mainz-6-a-1\/","name":"El Bayern se come al Mainz, 6 a 1 | Cand\u00e1s 365","description":"Berl\u00edn, 31 ago (dpa) - Ivan Perisic (54') marc\u00f3 su primer gol para el Bayern M\u00fanich en la rotunda victoria de 6-1 conseguida hoy ante el Mainz en la tercera fecha del campeonato alem\u00e1n de f\u00fatbol. Tanto Perisic como el brasile\u00f1o Philippe Coutinho fueron titulares por primera vez en las filas b\u00e1varas. Benjamin Pavard (36'),","inLanguage":"es-ES","isPartOf":{"@id":"https:\/\/candas365.es\/noticias\/#website"},"breadcrumb":{"@id":"https:\/\/candas365.es\/noticias\/el-bayern-se-come-al-mainz-6-a-1\/#breadcrumblist"},"author":{"@id":"https:\/\/candas365.es\/noticias\/author\/admin\/#author"},"creator":{"@id":"https:\/\/candas365.es\/noticias\/author\/admin\/#author"},"image":{"@type":"ImageObject","url":"https:\/\/candas365.es\/noticias\/wp-content\/uploads\/2019\/08\/Goleada-del-Bayern.jpg","@id":"https:\/\/candas365.es\/noticias\/el-bayern-se-come-al-mainz-6-a-1\/#mainImage","width":1013,"height":667,"caption":"Ivan Perisic (centro) del M\u00fanich anota a 3-1. Ronael Pierre-Gabriel del Mainz no pudo impedir el remate de cabeza. Foto: Sven Hoppe\/dpa"},"primaryImageOfPage":{"@id":"https:\/\/candas365.es\/noticias\/el-bayern-se-come-al-mainz-6-a-1\/#mainImage"},"datePublished":"2019-08-31T23:24:42+02:00","dateModified":"2019-08-31T23:24:42+02:00"},{"@type":"WebSite","@id":"https:\/\/candas365.es\/noticias\/#website","url":"https:\/\/candas365.es\/noticias\/","name":"Cand\u00e1s 365","alternateName":"Cand\u00e1s 365 Noticias","description":"Actualidad desde Carre\u00f1o para el mundo","inLanguage":"es-ES","publisher":{"@id":"https:\/\/candas365.es\/noticias\/#organization"}}]},"og:locale":"es_ES","og:site_name":"Cand\u00e1s 365","og:type":"article","og:title":"El Bayern se come al Mainz, 6 a 1 | Cand\u00e1s 365","og:description":"Berl\u00edn, 31 ago (dpa) - Ivan Perisic (54') marc\u00f3 su primer gol para el Bayern M\u00fanich en la rotunda victoria de 6-1 conseguida hoy ante el Mainz en la tercera fecha del campeonato alem\u00e1n de f\u00fatbol. Tanto Perisic como el brasile\u00f1o Philippe Coutinho fueron titulares por primera vez en las filas b\u00e1varas. Benjamin Pavard (36'),","og:url":"https:\/\/candas365.es\/noticias\/el-bayern-se-come-al-mainz-6-a-1\/","og:image":"https:\/\/candas365.es\/noticias\/wp-content\/uploads\/2019\/08\/Goleada-del-Bayern.jpg","og:image:secure_url":"https:\/\/candas365.es\/noticias\/wp-content\/uploads\/2019\/08\/Goleada-del-Bayern.jpg","og:image:width":1013,"og:image:height":667,"article:published_time":"2019-08-31T23:24:42+00:00","article:modified_time":"2019-08-31T23:24:42+00:00","article:publisher":"https:\/\/www.facebook.com\/Nachofdezber","article:author":"https:\/\/www.facebook.com\/carrenoactualidad","twitter:card":"summary_large_image","twitter:site":"@NabercoDigital","twitter:title":"El Bayern se come al Mainz, 6 a 1 | Cand\u00e1s 365","twitter:description":"Berl\u00edn, 31 ago (dpa) - Ivan Perisic (54') marc\u00f3 su primer gol para el Bayern M\u00fanich en la rotunda victoria de 6-1 conseguida hoy ante el Mainz en la tercera fecha del campeonato alem\u00e1n de f\u00fatbol. Tanto Perisic como el brasile\u00f1o Philippe Coutinho fueron titulares por primera vez en las filas b\u00e1varas. Benjamin Pavard (36'),","twitter:creator":"@nbasturias","twitter:image":"https:\/\/candas365.es\/noticias\/wp-content\/uploads\/2019\/08\/Goleada-del-Bayern.jpg","twitter:label1":"Escrito por","twitter:data1":"Cand\u00e1s 365","twitter:label2":"Tiempo de lectura estimado","twitter:data2":"1 minuto"},"aioseo_meta_data":{"post_id":"129244","title":null,"description":null,"keywords":null,"keyphrases":null,"primary_term":null,"canonical_url":null,"og_title":null,"og_description":null,"og_object_type":"default","og_image_type":"default","og_image_url":null,"og_image_width":null,"og_image_height":null,"og_image_custom_url":null,"og_image_custom_fields":null,"og_video":null,"og_custom_url":null,"og_article_section":null,"og_article_tags":null,"twitter_use_og":false,"twitter_card":"default","twitter_image_type":"default","twitter_image_url":null,"twitter_image_custom_url":null,"twitter_image_custom_fields":null,"twitter_title":null,"twitter_description":null,"schema":{"blockGraphs":[],"customGraphs":[],"default":{"data":{"Article":[],"Course":[],"Dataset":[],"FAQPage":[],"Movie":[],"Person":[],"Product":[],"ProductReview":[],"Car":[],"Recipe":[],"Service":[],"SoftwareApplication":[],"WebPage":[]},"graphName":"","isEnabled":true},"graphs":[],"defaultGraph":"","defaultPostTypeGraph":""},"schema_type":null,"schema_type_options":null,"pillar_content":false,"robots_default":true,"robots_noindex":false,"robots_noarchive":false,"robots_nosnippet":false,"robots_nofollow":false,"robots_noimageindex":false,"robots_noodp":false,"robots_notranslate":false,"robots_max_snippet":null,"robots_max_videopreview":null,"robots_max_imagepreview":"large","priority":null,"frequency":null,"location":null,"local_seo":null,"seo_analyzer_scan_date":"2025-08-30 12:54:10","breadcrumb_settings":null,"limit_modified_date":false,"reviewed_by":null,"open_ai":null,"ai":null,"created":"2020-12-21 10:53:15","updated":"2025-08-30 12:54:10"},"aioseo_breadcrumb":"<div class=\"aioseo-breadcrumbs\"><span class=\"aioseo-breadcrumb\">\n\t<a href=\"https:\/\/candas365.es\/noticias\" title=\"Home\">Home<\/a>\n<\/span><span class=\"aioseo-breadcrumb-separator\">&ndash;<\/span><span class=\"aioseo-breadcrumb\">\n\t<a href=\"https:\/\/candas365.es\/noticias\/category\/deporte\/\" title=\"Deporte\">Deporte<\/a>\n<\/span><span class=\"aioseo-breadcrumb-separator\">&ndash;<\/span><span class=\"aioseo-breadcrumb\">\n\tEl Bayern se come al Mainz, 6 a 1\n<\/span><\/div>","aioseo_breadcrumb_json":[{"label":"Home","link":"https:\/\/candas365.es\/noticias"},{"label":"Deporte","link":"https:\/\/candas365.es\/noticias\/category\/deporte\/"},{"label":"El Bayern se come al Mainz, 6 a 1","link":"https:\/\/candas365.es\/noticias\/el-bayern-se-come-al-mainz-6-a-1\/"}],"_links":{"self":[{"href":"https:\/\/candas365.es\/noticias\/wp-json\/wp\/v2\/posts\/129244","targetHints":{"allow":["GET"]}}],"collection":[{"href":"https:\/\/candas365.es\/noticias\/wp-json\/wp\/v2\/posts"}],"about":[{"href":"https:\/\/candas365.es\/noticias\/wp-json\/wp\/v2\/types\/post"}],"author":[{"embeddable":true,"href":"https:\/\/candas365.es\/noticias\/wp-json\/wp\/v2\/users\/1"}],"replies":[{"embeddable":true,"href":"https:\/\/candas365.es\/noticias\/wp-json\/wp\/v2\/comments?post=129244"}],"version-history":[{"count":0,"href":"https:\/\/candas365.es\/noticias\/wp-json\/wp\/v2\/posts\/129244\/revisions"}],"wp:featuredmedia":[{"embeddable":true,"href":"https:\/\/candas365.es\/noticias\/wp-json\/wp\/v2\/media\/129245"}],"wp:attachment":[{"href":"https:\/\/candas365.es\/noticias\/wp-json\/wp\/v2\/media?parent=129244"}],"wp:term":[{"taxonomy":"category","embeddable":true,"href":"https:\/\/candas365.es\/noticias\/wp-json\/wp\/v2\/categories?post=129244"},{"taxonomy":"post_tag","embeddable":true,"href":"https:\/\/candas365.es\/noticias\/wp-json\/wp\/v2\/tags?post=129244"}],"curies":[{"name":"wp","href":"https:\/\/api.w.org\/{rel}","templated":true}]}}