{"id":129233,"date":"2019-08-31T23:02:40","date_gmt":"2019-08-31T23:02:40","guid":{"rendered":"http:\/\/candas365.es\/noticias\/?p=129233"},"modified":"2019-08-31T23:02:40","modified_gmt":"2019-08-31T23:02:40","slug":"hat-trick-de-werner-y-3-puntos-para-el-leipzig","status":"publish","type":"post","link":"https:\/\/candas365.es\/noticias\/hat-trick-de-werner-y-3-puntos-para-el-leipzig\/","title":{"rendered":"\u00abHat-trick\u00bb de Werner y 3 puntos para el Leipzig"},"content":{"rendered":"<p><img fetchpriority=\"high\" decoding=\"async\" class=\"alignleft size-medium wp-image-98026\" src=\"https:\/\/candas365.es\/noticias\/wp-content\/uploads\/2018\/06\/football-1406106_960_720-1-360x241.jpg\" alt=\"\" width=\"360\" height=\"241\" srcset=\"https:\/\/candas365.es\/noticias\/wp-content\/uploads\/2018\/06\/football-1406106_960_720-1-360x241.jpg 360w, https:\/\/candas365.es\/noticias\/wp-content\/uploads\/2018\/06\/football-1406106_960_720-1-768x514.jpg 768w, https:\/\/candas365.es\/noticias\/wp-content\/uploads\/2018\/06\/football-1406106_960_720-1-655x439.jpg 655w, https:\/\/candas365.es\/noticias\/wp-content\/uploads\/2018\/06\/football-1406106_960_720-1-696x466.jpg 696w, https:\/\/candas365.es\/noticias\/wp-content\/uploads\/2018\/06\/football-1406106_960_720-1-627x420.jpg 627w, https:\/\/candas365.es\/noticias\/wp-content\/uploads\/2018\/06\/football-1406106_960_720-1.jpg 960w\" sizes=\"(max-width: 360px) 100vw, 360px\" \/>M\u00f6nchengladbach (Alemania), 31 ago (dpa) &#8211; El internacional germano Timo Werner anot\u00f3 el viernes el primer \u00abhat-trick\u00bb de su carrera al vencer el Leipzig al Borussia M\u00f6nchengladbach en la apertura de la tercera fecha del campeonato alem\u00e1n de f\u00fatbol e inmediatamente centr\u00f3 la atenci\u00f3n en el siguiente desaf\u00edo.<\/p>\n<p>\u00abQueremos ir a la Eurocopa y en el camino est\u00e1 ahora Holanda\u00bb, dijo sobre el pr\u00f3ximo compromiso de Alemania en la pausa internacional que se avecina.<\/p>\n<p>Werner se mostr\u00f3 muy satisfecho con el resultado en la noche del viernes en campo del Gladbach. \u00abEs una sensaci\u00f3n muy buena\u00bb, dijo el jugador de 23 a\u00f1os sobre el triunfo por 3-1, el tercero del Leipzig en tres partidos de la Liga hasta la fecha.<\/p>\n<p>Werner ha marcado en todos los partidos y ya tiene cinco goles en su haber. El gran momento de Werner, sin embargo, no tiene que ver con la pr\u00f3rroga hasta 2023 de su contrato con el Leipzig, anunciada el pasado fin de semana. \u00abSer\u00eda demasiado f\u00e1cil atribuirlo a eso\u00bb, dijo.<\/p>\n<p>Desde hac\u00eda semanas, incluso meses, no estaba claro si Werner permanecer\u00eda en Leipzig o pasar\u00eda al Bayern M\u00fanich.<\/p>\n<p>\u00abEso es algo que ahora se decide fuera del terreno de juego\u00bb, indic\u00f3 Werner, quien con su ritmo e instinto goleador encaja a la perfecci\u00f3n con el nuevo seleccionador Julian Nagelsmann. \u00abLo ha hecho muy bien\u00bb, lo elogi\u00f3 el entrenador.<\/p>\n<p>Los compa\u00f1eros de Werner tambi\u00e9n est\u00e1n contentos de que la situaci\u00f3n se haya resuelto a favor de la permanencia en el Leipzig. \u00abNo era un gran tema para nosotros. Pero todos estamos contentos de que se quede\u00bb, declar\u00f3 el capit\u00e1n Willi Orban.<\/p>\n<p>\u00abHa respondido de nuevo con una buena actuaci\u00f3n. Prefiero tenerlo en mi equipo que en el rival\u00bb, a\u00f1adi\u00f3.<\/p>\n<p>Werner se est\u00e1 beneficiando del esquema ideado por Nagelsmann que le permite formar sociedad con Kevin Kampl y Emil Forsberg. El sueco particip\u00f3 en los dos primeros goles, mientras que Kampl fue clave en las transiciones en el centro del campo.<\/p>\n<p>\u00abEmil no s\u00f3lo ha hecho un buen trabajo defensivo, sino que tambi\u00e9n ha ayudado de forma brillante en el primer gol de Timo\u00bb, declar\u00f3 Nagelsmann.<\/p>\n<p>El Leipzig se ver\u00e1 sometido a una dura prueba cuando regrese de la pausa internacional. Lo visitar\u00e1 el campe\u00f3n, Bayern M\u00fanich, que estar\u00e1 por debajo en la tabla pero con ganas de encaramarse a la cima.<\/p>\n<p>El equipo de Nagelsmann podr\u00eda erigirse en un verdadero rival por el t\u00edtulo si logra mantener el r\u00e9cord de victorias contra la escuadra dirigida por Niko Kovac.<\/p>\n<p>En tan s\u00f3lo unos meses al mando, Nagelsmann parece haber mejorado al equipo que termin\u00f3 tercero la \u00faltima vez. \u00abJugamos el f\u00fatbol que hemos practicado con el entrenador\u00bb, dijo Werner. \u00abLuego vienen nuestros propios elementos, los que llevamos en la sangre. Esta mezcla nos hace bien, nos hace tan fuertes\u00bb, afirm\u00f3.<\/p>\n<p><i class=\"lang-es\"><span class=\" readonly\" title=\"\">Por Morten Ritter (dpa)<\/span><\/i><\/p>\n<p>&nbsp;<\/p>\n","protected":false},"excerpt":{"rendered":"<p>M\u00f6nchengladbach (Alemania), 31 ago (dpa) &#8211; El internacional germano Timo Werner anot\u00f3 el viernes el primer \u00abhat-trick\u00bb de su carrera al vencer el Leipzig al Borussia M\u00f6nchengladbach en la apertura de la tercera fecha del campeonato alem\u00e1n de f\u00fatbol e inmediatamente centr\u00f3 la atenci\u00f3n en el siguiente desaf\u00edo. \u00abQueremos ir a la Eurocopa y en<\/p>\n","protected":false},"author":1,"featured_media":98026,"comment_status":"closed","ping_status":"closed","sticky":false,"template":"","format":"standard","meta":{"footnotes":""},"categories":[319],"tags":[],"class_list":{"0":"post-129233","1":"post","2":"type-post","3":"status-publish","4":"format-standard","5":"has-post-thumbnail","7":"category-deporte"},"aioseo_notices":[],"aioseo_head":"\n\t\t<!-- All in One SEO Pro 4.9.6.2 - aioseo.com -->\n\t<meta name=\"description\" content=\"M\u00f6nchengladbach (Alemania), 31 ago (dpa) - El internacional germano Timo Werner anot\u00f3 el viernes el primer &quot;hat-trick&quot; de su carrera al vencer el Leipzig al Borussia M\u00f6nchengladbach en la apertura de la tercera fecha del campeonato alem\u00e1n de f\u00fatbol e inmediatamente centr\u00f3 la atenci\u00f3n en el siguiente desaf\u00edo. &quot;Queremos ir a la Eurocopa y en\" \/>\n\t<meta name=\"robots\" content=\"max-image-preview:large\" \/>\n\t<meta name=\"author\" content=\"Cand\u00e1s 365\"\/>\n\t<meta name=\"google-site-verification\" content=\"UA-32230408-1\" \/>\n\t<meta name=\"msvalidate.01\" content=\"354F3CDFB2DA171B47FBE9ABF1F88D5\" \/>\n\t<meta name=\"keywords\" content=\"deporte\" \/>\n\t<link rel=\"canonical\" href=\"https:\/\/candas365.es\/noticias\/hat-trick-de-werner-y-3-puntos-para-el-leipzig\/\" \/>\n\t<meta name=\"generator\" content=\"All in One SEO Pro (AIOSEO) 4.9.6.2\" \/>\n\t\t<meta property=\"og:locale\" content=\"es_ES\" \/>\n\t\t<meta property=\"og:site_name\" content=\"Cand\u00e1s 365\" \/>\n\t\t<meta property=\"og:type\" content=\"article\" \/>\n\t\t<meta property=\"og:title\" content=\"\u00abHat-trick\u00bb de Werner y 3 puntos para el Leipzig | Cand\u00e1s 365\" \/>\n\t\t<meta property=\"og:description\" content=\"M\u00f6nchengladbach (Alemania), 31 ago (dpa) - El internacional germano Timo Werner anot\u00f3 el viernes el primer &quot;hat-trick&quot; de su carrera al vencer el Leipzig al Borussia M\u00f6nchengladbach en la apertura de la tercera fecha del campeonato alem\u00e1n de f\u00fatbol e inmediatamente centr\u00f3 la atenci\u00f3n en el siguiente desaf\u00edo. &quot;Queremos ir a la Eurocopa y en\" \/>\n\t\t<meta property=\"og:url\" content=\"https:\/\/candas365.es\/noticias\/hat-trick-de-werner-y-3-puntos-para-el-leipzig\/\" \/>\n\t\t<meta property=\"og:image\" content=\"https:\/\/candas365.es\/noticias\/wp-content\/uploads\/2018\/06\/football-1406106_960_720-1.jpg\" \/>\n\t\t<meta property=\"og:image:secure_url\" content=\"https:\/\/candas365.es\/noticias\/wp-content\/uploads\/2018\/06\/football-1406106_960_720-1.jpg\" \/>\n\t\t<meta property=\"og:image:width\" content=\"960\" \/>\n\t\t<meta property=\"og:image:height\" content=\"643\" \/>\n\t\t<meta property=\"article:published_time\" content=\"2019-08-31T23:02:40+00:00\" \/>\n\t\t<meta property=\"article:modified_time\" content=\"2019-08-31T23:02:40+00:00\" \/>\n\t\t<meta property=\"article:publisher\" content=\"https:\/\/www.facebook.com\/Nachofdezber\" \/>\n\t\t<meta property=\"article:author\" content=\"https:\/\/www.facebook.com\/carrenoactualidad\" \/>\n\t\t<meta name=\"twitter:card\" content=\"summary_large_image\" \/>\n\t\t<meta name=\"twitter:site\" content=\"@NabercoDigital\" \/>\n\t\t<meta name=\"twitter:title\" content=\"\u00abHat-trick\u00bb de Werner y 3 puntos para el Leipzig | Cand\u00e1s 365\" \/>\n\t\t<meta name=\"twitter:description\" content=\"M\u00f6nchengladbach (Alemania), 31 ago (dpa) - El internacional germano Timo Werner anot\u00f3 el viernes el primer &quot;hat-trick&quot; de su carrera al vencer el Leipzig al Borussia M\u00f6nchengladbach en la apertura de la tercera fecha del campeonato alem\u00e1n de f\u00fatbol e inmediatamente centr\u00f3 la atenci\u00f3n en el siguiente desaf\u00edo. &quot;Queremos ir a la Eurocopa y en\" \/>\n\t\t<meta name=\"twitter:creator\" content=\"@nbasturias\" \/>\n\t\t<meta name=\"twitter:image\" content=\"https:\/\/candas365.es\/noticias\/wp-content\/uploads\/2018\/06\/football-1406106_960_720-1.jpg\" \/>\n\t\t<meta name=\"twitter:label1\" content=\"Escrito por\" \/>\n\t\t<meta name=\"twitter:data1\" content=\"Cand\u00e1s 365\" \/>\n\t\t<meta name=\"twitter:label2\" content=\"Tiempo de lectura estimado\" \/>\n\t\t<meta name=\"twitter:data2\" content=\"3 minutos\" \/>\n\t\t<script type=\"application\/ld+json\" class=\"aioseo-schema\">\n\t\t\t{\"@context\":\"https:\\\/\\\/schema.org\",\"@graph\":[{\"@type\":\"BreadcrumbList\",\"@id\":\"https:\\\/\\\/candas365.es\\\/noticias\\\/hat-trick-de-werner-y-3-puntos-para-el-leipzig\\\/#breadcrumblist\",\"itemListElement\":[{\"@type\":\"ListItem\",\"@id\":\"https:\\\/\\\/candas365.es\\\/noticias#listItem\",\"position\":1,\"name\":\"Home\",\"item\":\"https:\\\/\\\/candas365.es\\\/noticias\",\"nextItem\":{\"@type\":\"ListItem\",\"@id\":\"https:\\\/\\\/candas365.es\\\/noticias\\\/category\\\/deporte\\\/#listItem\",\"name\":\"Deporte\"}},{\"@type\":\"ListItem\",\"@id\":\"https:\\\/\\\/candas365.es\\\/noticias\\\/category\\\/deporte\\\/#listItem\",\"position\":2,\"name\":\"Deporte\",\"item\":\"https:\\\/\\\/candas365.es\\\/noticias\\\/category\\\/deporte\\\/\",\"nextItem\":{\"@type\":\"ListItem\",\"@id\":\"https:\\\/\\\/candas365.es\\\/noticias\\\/hat-trick-de-werner-y-3-puntos-para-el-leipzig\\\/#listItem\",\"name\":\"\\u00abHat-trick\\u00bb de Werner y 3 puntos para el Leipzig\"},\"previousItem\":{\"@type\":\"ListItem\",\"@id\":\"https:\\\/\\\/candas365.es\\\/noticias#listItem\",\"name\":\"Home\"}},{\"@type\":\"ListItem\",\"@id\":\"https:\\\/\\\/candas365.es\\\/noticias\\\/hat-trick-de-werner-y-3-puntos-para-el-leipzig\\\/#listItem\",\"position\":3,\"name\":\"\\u00abHat-trick\\u00bb de Werner y 3 puntos para el Leipzig\",\"previousItem\":{\"@type\":\"ListItem\",\"@id\":\"https:\\\/\\\/candas365.es\\\/noticias\\\/category\\\/deporte\\\/#listItem\",\"name\":\"Deporte\"}}]},{\"@type\":\"NewsArticle\",\"@id\":\"https:\\\/\\\/candas365.es\\\/noticias\\\/hat-trick-de-werner-y-3-puntos-para-el-leipzig\\\/#newsarticle\",\"name\":\"\\u00abHat-trick\\u00bb de Werner y 3 puntos para el Leipzig | Cand\\u00e1s 365\",\"headline\":\"\\u00abHat-trick\\u00bb de Werner y 3 puntos para el Leipzig\",\"author\":{\"@id\":\"https:\\\/\\\/candas365.es\\\/noticias\\\/author\\\/admin\\\/#author\"},\"publisher\":{\"@id\":\"https:\\\/\\\/candas365.es\\\/noticias\\\/#organization\"},\"image\":{\"@type\":\"ImageObject\",\"url\":\"https:\\\/\\\/candas365.es\\\/noticias\\\/wp-content\\\/uploads\\\/2018\\\/06\\\/football-1406106_960_720-1.jpg\",\"width\":960,\"height\":643},\"datePublished\":\"2019-08-31T23:02:40+02:00\",\"dateModified\":\"2019-08-31T23:02:40+02:00\",\"inLanguage\":\"es-ES\",\"mainEntityOfPage\":{\"@id\":\"https:\\\/\\\/candas365.es\\\/noticias\\\/hat-trick-de-werner-y-3-puntos-para-el-leipzig\\\/#webpage\"},\"isPartOf\":{\"@id\":\"https:\\\/\\\/candas365.es\\\/noticias\\\/hat-trick-de-werner-y-3-puntos-para-el-leipzig\\\/#webpage\"},\"articleSection\":\"Deporte\",\"dateline\":\"Publicado el agosto 31, 2019.\"},{\"@type\":\"Organization\",\"@id\":\"https:\\\/\\\/candas365.es\\\/noticias\\\/#organization\",\"name\":\"Cand\\u00e1s 365\",\"description\":\"Cand\\u00e1s 365 es un diario digital independiente, fundado en 2012, con base en Asturias. Informamos con rigor sobre actualidad, sociedad, cultura y ocio, con una mirada local y global.\",\"url\":\"https:\\\/\\\/candas365.es\\\/noticias\\\/\",\"email\":\"info@candas365.es\",\"telephone\":\"+34652131393\",\"foundingDate\":\"2012-06-10\",\"logo\":{\"@type\":\"ImageObject\",\"url\":\"https:\\\/\\\/candas365.es\\\/noticias\\\/wp-content\\\/uploads\\\/2024\\\/09\\\/Candas-365-Redes.jpg\",\"@id\":\"https:\\\/\\\/candas365.es\\\/noticias\\\/hat-trick-de-werner-y-3-puntos-para-el-leipzig\\\/#organizationLogo\",\"width\":1152,\"height\":864,\"caption\":\"Cand\\u00e1s 365 Redes\"},\"image\":{\"@id\":\"https:\\\/\\\/candas365.es\\\/noticias\\\/hat-trick-de-werner-y-3-puntos-para-el-leipzig\\\/#organizationLogo\"},\"sameAs\":[\"https:\\\/\\\/www.facebook.com\\\/Nachofdezber\",\"https:\\\/\\\/x.com\\\/NabercoDigital\",\"https:\\\/\\\/www.instagram.com\\\/nachofdezber\\\/\",\"https:\\\/\\\/www.youtube.com\\\/channel\\\/UCZP-2wLEB9Rv6erhFmqVnvg\"],\"address\":{\"@id\":\"https:\\\/\\\/candas365.es\\\/noticias\\\/#postaladdress\",\"@type\":\"PostalAddress\",\"streetAddress\":\"san antonio 4, san antonio 4\",\"postalCode\":\"33430\",\"addressLocality\":\"Cand\\u00e1s\",\"addressRegion\":\"Asturias\",\"addressCountry\":\"ES\"}},{\"@type\":\"Person\",\"@id\":\"https:\\\/\\\/candas365.es\\\/noticias\\\/author\\\/admin\\\/#author\",\"url\":\"https:\\\/\\\/candas365.es\\\/noticias\\\/author\\\/admin\\\/\",\"name\":\"Cand\\u00e1s 365\",\"image\":{\"@type\":\"ImageObject\",\"@id\":\"https:\\\/\\\/candas365.es\\\/noticias\\\/hat-trick-de-werner-y-3-puntos-para-el-leipzig\\\/#authorImage\",\"url\":\"https:\\\/\\\/secure.gravatar.com\\\/avatar\\\/496a8e03d0c493ede1718b7934145dbdf8d89be1036b0eec9544e1094c9de390?s=96&d=mm&r=g\",\"width\":96,\"height\":96,\"caption\":\"Cand\\u00e1s 365\"},\"sameAs\":[\"https:\\\/\\\/www.facebook.com\\\/carrenoactualidad\",\"https:\\\/\\\/twitter.com\\\/nbasturias\",\"https:\\\/\\\/www.instagram.com\\\/nachofdezber\\\/\",\"https:\\\/\\\/www.youtube.com\\\/channel\\\/UCZP-2wLEB9Rv6erhFmqVnvg\"]},{\"@type\":\"WebPage\",\"@id\":\"https:\\\/\\\/candas365.es\\\/noticias\\\/hat-trick-de-werner-y-3-puntos-para-el-leipzig\\\/#webpage\",\"url\":\"https:\\\/\\\/candas365.es\\\/noticias\\\/hat-trick-de-werner-y-3-puntos-para-el-leipzig\\\/\",\"name\":\"\\u00abHat-trick\\u00bb de Werner y 3 puntos para el Leipzig | Cand\\u00e1s 365\",\"description\":\"M\\u00f6nchengladbach (Alemania), 31 ago (dpa) - El internacional germano Timo Werner anot\\u00f3 el viernes el primer \\\"hat-trick\\\" de su carrera al vencer el Leipzig al Borussia M\\u00f6nchengladbach en la apertura de la tercera fecha del campeonato alem\\u00e1n de f\\u00fatbol e inmediatamente centr\\u00f3 la atenci\\u00f3n en el siguiente desaf\\u00edo. \\\"Queremos ir a la Eurocopa y en\",\"inLanguage\":\"es-ES\",\"isPartOf\":{\"@id\":\"https:\\\/\\\/candas365.es\\\/noticias\\\/#website\"},\"breadcrumb\":{\"@id\":\"https:\\\/\\\/candas365.es\\\/noticias\\\/hat-trick-de-werner-y-3-puntos-para-el-leipzig\\\/#breadcrumblist\"},\"author\":{\"@id\":\"https:\\\/\\\/candas365.es\\\/noticias\\\/author\\\/admin\\\/#author\"},\"creator\":{\"@id\":\"https:\\\/\\\/candas365.es\\\/noticias\\\/author\\\/admin\\\/#author\"},\"image\":{\"@type\":\"ImageObject\",\"url\":\"https:\\\/\\\/candas365.es\\\/noticias\\\/wp-content\\\/uploads\\\/2018\\\/06\\\/football-1406106_960_720-1.jpg\",\"@id\":\"https:\\\/\\\/candas365.es\\\/noticias\\\/hat-trick-de-werner-y-3-puntos-para-el-leipzig\\\/#mainImage\",\"width\":960,\"height\":643},\"primaryImageOfPage\":{\"@id\":\"https:\\\/\\\/candas365.es\\\/noticias\\\/hat-trick-de-werner-y-3-puntos-para-el-leipzig\\\/#mainImage\"},\"datePublished\":\"2019-08-31T23:02:40+02:00\",\"dateModified\":\"2019-08-31T23:02:40+02:00\"},{\"@type\":\"WebSite\",\"@id\":\"https:\\\/\\\/candas365.es\\\/noticias\\\/#website\",\"url\":\"https:\\\/\\\/candas365.es\\\/noticias\\\/\",\"name\":\"Cand\\u00e1s 365\",\"alternateName\":\"Cand\\u00e1s 365 Noticias\",\"description\":\"Actualidad desde Carre\\u00f1o para el mundo\",\"inLanguage\":\"es-ES\",\"publisher\":{\"@id\":\"https:\\\/\\\/candas365.es\\\/noticias\\\/#organization\"}}]}\n\t\t<\/script>\n\t\t<!-- All in One SEO Pro -->\r\n\t\t<title>\u00abHat-trick\u00bb de Werner y 3 puntos para el Leipzig | Cand\u00e1s 365<\/title>\n\n","aioseo_head_json":{"title":"\u00abHat-trick\u00bb de Werner y 3 puntos para el Leipzig | Cand\u00e1s 365","description":"M\u00f6nchengladbach (Alemania), 31 ago (dpa) - El internacional germano Timo Werner anot\u00f3 el viernes el primer \"hat-trick\" de su carrera al vencer el Leipzig al Borussia M\u00f6nchengladbach en la apertura de la tercera fecha del campeonato alem\u00e1n de f\u00fatbol e inmediatamente centr\u00f3 la atenci\u00f3n en el siguiente desaf\u00edo. \"Queremos ir a la Eurocopa y en","canonical_url":"https:\/\/candas365.es\/noticias\/hat-trick-de-werner-y-3-puntos-para-el-leipzig\/","robots":"max-image-preview:large","keywords":"deporte","webmasterTools":{"google-site-verification":"UA-32230408-1","msvalidate.01":"354F3CDFB2DA171B47FBE9ABF1F88D5","miscellaneous":""},"schema":{"@context":"https:\/\/schema.org","@graph":[{"@type":"BreadcrumbList","@id":"https:\/\/candas365.es\/noticias\/hat-trick-de-werner-y-3-puntos-para-el-leipzig\/#breadcrumblist","itemListElement":[{"@type":"ListItem","@id":"https:\/\/candas365.es\/noticias#listItem","position":1,"name":"Home","item":"https:\/\/candas365.es\/noticias","nextItem":{"@type":"ListItem","@id":"https:\/\/candas365.es\/noticias\/category\/deporte\/#listItem","name":"Deporte"}},{"@type":"ListItem","@id":"https:\/\/candas365.es\/noticias\/category\/deporte\/#listItem","position":2,"name":"Deporte","item":"https:\/\/candas365.es\/noticias\/category\/deporte\/","nextItem":{"@type":"ListItem","@id":"https:\/\/candas365.es\/noticias\/hat-trick-de-werner-y-3-puntos-para-el-leipzig\/#listItem","name":"\u00abHat-trick\u00bb de Werner y 3 puntos para el Leipzig"},"previousItem":{"@type":"ListItem","@id":"https:\/\/candas365.es\/noticias#listItem","name":"Home"}},{"@type":"ListItem","@id":"https:\/\/candas365.es\/noticias\/hat-trick-de-werner-y-3-puntos-para-el-leipzig\/#listItem","position":3,"name":"\u00abHat-trick\u00bb de Werner y 3 puntos para el Leipzig","previousItem":{"@type":"ListItem","@id":"https:\/\/candas365.es\/noticias\/category\/deporte\/#listItem","name":"Deporte"}}]},{"@type":"NewsArticle","@id":"https:\/\/candas365.es\/noticias\/hat-trick-de-werner-y-3-puntos-para-el-leipzig\/#newsarticle","name":"\u00abHat-trick\u00bb de Werner y 3 puntos para el Leipzig | Cand\u00e1s 365","headline":"\u00abHat-trick\u00bb de Werner y 3 puntos para el Leipzig","author":{"@id":"https:\/\/candas365.es\/noticias\/author\/admin\/#author"},"publisher":{"@id":"https:\/\/candas365.es\/noticias\/#organization"},"image":{"@type":"ImageObject","url":"https:\/\/candas365.es\/noticias\/wp-content\/uploads\/2018\/06\/football-1406106_960_720-1.jpg","width":960,"height":643},"datePublished":"2019-08-31T23:02:40+02:00","dateModified":"2019-08-31T23:02:40+02:00","inLanguage":"es-ES","mainEntityOfPage":{"@id":"https:\/\/candas365.es\/noticias\/hat-trick-de-werner-y-3-puntos-para-el-leipzig\/#webpage"},"isPartOf":{"@id":"https:\/\/candas365.es\/noticias\/hat-trick-de-werner-y-3-puntos-para-el-leipzig\/#webpage"},"articleSection":"Deporte","dateline":"Publicado el agosto 31, 2019."},{"@type":"Organization","@id":"https:\/\/candas365.es\/noticias\/#organization","name":"Cand\u00e1s 365","description":"Cand\u00e1s 365 es un diario digital independiente, fundado en 2012, con base en Asturias. Informamos con rigor sobre actualidad, sociedad, cultura y ocio, con una mirada local y global.","url":"https:\/\/candas365.es\/noticias\/","email":"info@candas365.es","telephone":"+34652131393","foundingDate":"2012-06-10","logo":{"@type":"ImageObject","url":"https:\/\/candas365.es\/noticias\/wp-content\/uploads\/2024\/09\/Candas-365-Redes.jpg","@id":"https:\/\/candas365.es\/noticias\/hat-trick-de-werner-y-3-puntos-para-el-leipzig\/#organizationLogo","width":1152,"height":864,"caption":"Cand\u00e1s 365 Redes"},"image":{"@id":"https:\/\/candas365.es\/noticias\/hat-trick-de-werner-y-3-puntos-para-el-leipzig\/#organizationLogo"},"sameAs":["https:\/\/www.facebook.com\/Nachofdezber","https:\/\/x.com\/NabercoDigital","https:\/\/www.instagram.com\/nachofdezber\/","https:\/\/www.youtube.com\/channel\/UCZP-2wLEB9Rv6erhFmqVnvg"],"address":{"@id":"https:\/\/candas365.es\/noticias\/#postaladdress","@type":"PostalAddress","streetAddress":"san antonio 4, san antonio 4","postalCode":"33430","addressLocality":"Cand\u00e1s","addressRegion":"Asturias","addressCountry":"ES"}},{"@type":"Person","@id":"https:\/\/candas365.es\/noticias\/author\/admin\/#author","url":"https:\/\/candas365.es\/noticias\/author\/admin\/","name":"Cand\u00e1s 365","image":{"@type":"ImageObject","@id":"https:\/\/candas365.es\/noticias\/hat-trick-de-werner-y-3-puntos-para-el-leipzig\/#authorImage","url":"https:\/\/secure.gravatar.com\/avatar\/496a8e03d0c493ede1718b7934145dbdf8d89be1036b0eec9544e1094c9de390?s=96&d=mm&r=g","width":96,"height":96,"caption":"Cand\u00e1s 365"},"sameAs":["https:\/\/www.facebook.com\/carrenoactualidad","https:\/\/twitter.com\/nbasturias","https:\/\/www.instagram.com\/nachofdezber\/","https:\/\/www.youtube.com\/channel\/UCZP-2wLEB9Rv6erhFmqVnvg"]},{"@type":"WebPage","@id":"https:\/\/candas365.es\/noticias\/hat-trick-de-werner-y-3-puntos-para-el-leipzig\/#webpage","url":"https:\/\/candas365.es\/noticias\/hat-trick-de-werner-y-3-puntos-para-el-leipzig\/","name":"\u00abHat-trick\u00bb de Werner y 3 puntos para el Leipzig | Cand\u00e1s 365","description":"M\u00f6nchengladbach (Alemania), 31 ago (dpa) - El internacional germano Timo Werner anot\u00f3 el viernes el primer \"hat-trick\" de su carrera al vencer el Leipzig al Borussia M\u00f6nchengladbach en la apertura de la tercera fecha del campeonato alem\u00e1n de f\u00fatbol e inmediatamente centr\u00f3 la atenci\u00f3n en el siguiente desaf\u00edo. \"Queremos ir a la Eurocopa y en","inLanguage":"es-ES","isPartOf":{"@id":"https:\/\/candas365.es\/noticias\/#website"},"breadcrumb":{"@id":"https:\/\/candas365.es\/noticias\/hat-trick-de-werner-y-3-puntos-para-el-leipzig\/#breadcrumblist"},"author":{"@id":"https:\/\/candas365.es\/noticias\/author\/admin\/#author"},"creator":{"@id":"https:\/\/candas365.es\/noticias\/author\/admin\/#author"},"image":{"@type":"ImageObject","url":"https:\/\/candas365.es\/noticias\/wp-content\/uploads\/2018\/06\/football-1406106_960_720-1.jpg","@id":"https:\/\/candas365.es\/noticias\/hat-trick-de-werner-y-3-puntos-para-el-leipzig\/#mainImage","width":960,"height":643},"primaryImageOfPage":{"@id":"https:\/\/candas365.es\/noticias\/hat-trick-de-werner-y-3-puntos-para-el-leipzig\/#mainImage"},"datePublished":"2019-08-31T23:02:40+02:00","dateModified":"2019-08-31T23:02:40+02:00"},{"@type":"WebSite","@id":"https:\/\/candas365.es\/noticias\/#website","url":"https:\/\/candas365.es\/noticias\/","name":"Cand\u00e1s 365","alternateName":"Cand\u00e1s 365 Noticias","description":"Actualidad desde Carre\u00f1o para el mundo","inLanguage":"es-ES","publisher":{"@id":"https:\/\/candas365.es\/noticias\/#organization"}}]},"og:locale":"es_ES","og:site_name":"Cand\u00e1s 365","og:type":"article","og:title":"\u00abHat-trick\u00bb de Werner y 3 puntos para el Leipzig | Cand\u00e1s 365","og:description":"M\u00f6nchengladbach (Alemania), 31 ago (dpa) - El internacional germano Timo Werner anot\u00f3 el viernes el primer &quot;hat-trick&quot; de su carrera al vencer el Leipzig al Borussia M\u00f6nchengladbach en la apertura de la tercera fecha del campeonato alem\u00e1n de f\u00fatbol e inmediatamente centr\u00f3 la atenci\u00f3n en el siguiente desaf\u00edo. &quot;Queremos ir a la Eurocopa y en","og:url":"https:\/\/candas365.es\/noticias\/hat-trick-de-werner-y-3-puntos-para-el-leipzig\/","og:image":"https:\/\/candas365.es\/noticias\/wp-content\/uploads\/2018\/06\/football-1406106_960_720-1.jpg","og:image:secure_url":"https:\/\/candas365.es\/noticias\/wp-content\/uploads\/2018\/06\/football-1406106_960_720-1.jpg","og:image:width":960,"og:image:height":643,"article:published_time":"2019-08-31T23:02:40+00:00","article:modified_time":"2019-08-31T23:02:40+00:00","article:publisher":"https:\/\/www.facebook.com\/Nachofdezber","article:author":"https:\/\/www.facebook.com\/carrenoactualidad","twitter:card":"summary_large_image","twitter:site":"@NabercoDigital","twitter:title":"\u00abHat-trick\u00bb de Werner y 3 puntos para el Leipzig | Cand\u00e1s 365","twitter:description":"M\u00f6nchengladbach (Alemania), 31 ago (dpa) - El internacional germano Timo Werner anot\u00f3 el viernes el primer &quot;hat-trick&quot; de su carrera al vencer el Leipzig al Borussia M\u00f6nchengladbach en la apertura de la tercera fecha del campeonato alem\u00e1n de f\u00fatbol e inmediatamente centr\u00f3 la atenci\u00f3n en el siguiente desaf\u00edo. &quot;Queremos ir a la Eurocopa y en","twitter:creator":"@nbasturias","twitter:image":"https:\/\/candas365.es\/noticias\/wp-content\/uploads\/2018\/06\/football-1406106_960_720-1.jpg","twitter:label1":"Escrito por","twitter:data1":"Cand\u00e1s 365","twitter:label2":"Tiempo de lectura estimado","twitter:data2":"3 minutos"},"aioseo_meta_data":{"post_id":"129233","title":null,"description":null,"keywords":null,"keyphrases":null,"primary_term":null,"canonical_url":null,"og_title":null,"og_description":null,"og_object_type":"default","og_image_type":"default","og_image_url":null,"og_image_width":null,"og_image_height":null,"og_image_custom_url":null,"og_image_custom_fields":null,"og_video":null,"og_custom_url":null,"og_article_section":null,"og_article_tags":null,"twitter_use_og":false,"twitter_card":"default","twitter_image_type":"default","twitter_image_url":null,"twitter_image_custom_url":null,"twitter_image_custom_fields":null,"twitter_title":null,"twitter_description":null,"schema":{"blockGraphs":[],"customGraphs":[],"default":{"data":{"Article":[],"Course":[],"Dataset":[],"FAQPage":[],"Movie":[],"Person":[],"Product":[],"ProductReview":[],"Car":[],"Recipe":[],"Service":[],"SoftwareApplication":[],"WebPage":[]},"graphName":"","isEnabled":true},"graphs":[]},"schema_type":null,"schema_type_options":null,"pillar_content":false,"robots_default":true,"robots_noindex":false,"robots_noarchive":false,"robots_nosnippet":false,"robots_nofollow":false,"robots_noimageindex":false,"robots_noodp":false,"robots_notranslate":false,"robots_max_snippet":null,"robots_max_videopreview":null,"robots_max_imagepreview":"large","priority":null,"frequency":null,"location":null,"local_seo":null,"seo_analyzer_scan_date":"2025-08-30 12:53:16","breadcrumb_settings":null,"limit_modified_date":false,"reviewed_by":null,"open_ai":null,"ai":null,"created":"2020-12-21 10:53:15","updated":"2025-08-30 12:53:16"},"aioseo_breadcrumb":"<div class=\"aioseo-breadcrumbs\"><span class=\"aioseo-breadcrumb\">\n\t<a href=\"https:\/\/candas365.es\/noticias\" title=\"Home\">Home<\/a>\n<\/span><span class=\"aioseo-breadcrumb-separator\">&ndash;<\/span><span class=\"aioseo-breadcrumb\">\n\t<a href=\"https:\/\/candas365.es\/noticias\/category\/deporte\/\" title=\"Deporte\">Deporte<\/a>\n<\/span><span class=\"aioseo-breadcrumb-separator\">&ndash;<\/span><span class=\"aioseo-breadcrumb\">\n\t\u00abHat-trick\u00bb de Werner y 3 puntos para el Leipzig\n<\/span><\/div>","aioseo_breadcrumb_json":[{"label":"Home","link":"https:\/\/candas365.es\/noticias"},{"label":"Deporte","link":"https:\/\/candas365.es\/noticias\/category\/deporte\/"},{"label":"\u00abHat-trick\u00bb de Werner y 3 puntos para el Leipzig","link":"https:\/\/candas365.es\/noticias\/hat-trick-de-werner-y-3-puntos-para-el-leipzig\/"}],"_links":{"self":[{"href":"https:\/\/candas365.es\/noticias\/wp-json\/wp\/v2\/posts\/129233","targetHints":{"allow":["GET"]}}],"collection":[{"href":"https:\/\/candas365.es\/noticias\/wp-json\/wp\/v2\/posts"}],"about":[{"href":"https:\/\/candas365.es\/noticias\/wp-json\/wp\/v2\/types\/post"}],"author":[{"embeddable":true,"href":"https:\/\/candas365.es\/noticias\/wp-json\/wp\/v2\/users\/1"}],"replies":[{"embeddable":true,"href":"https:\/\/candas365.es\/noticias\/wp-json\/wp\/v2\/comments?post=129233"}],"version-history":[{"count":0,"href":"https:\/\/candas365.es\/noticias\/wp-json\/wp\/v2\/posts\/129233\/revisions"}],"wp:featuredmedia":[{"embeddable":true,"href":"https:\/\/candas365.es\/noticias\/wp-json\/wp\/v2\/media\/98026"}],"wp:attachment":[{"href":"https:\/\/candas365.es\/noticias\/wp-json\/wp\/v2\/media?parent=129233"}],"wp:term":[{"taxonomy":"category","embeddable":true,"href":"https:\/\/candas365.es\/noticias\/wp-json\/wp\/v2\/categories?post=129233"},{"taxonomy":"post_tag","embeddable":true,"href":"https:\/\/candas365.es\/noticias\/wp-json\/wp\/v2\/tags?post=129233"}],"curies":[{"name":"wp","href":"https:\/\/api.w.org\/{rel}","templated":true}]}}