{"id":129177,"date":"2019-08-31T02:05:42","date_gmt":"2019-08-31T02:05:42","guid":{"rendered":"http:\/\/candas365.es\/noticias\/?p=129177"},"modified":"2019-08-31T02:05:42","modified_gmt":"2019-08-31T02:05:42","slug":"carreno-se-pone-a-punto-para-la-vuelta-al-cole","status":"publish","type":"post","link":"https:\/\/candas365.es\/noticias\/carreno-se-pone-a-punto-para-la-vuelta-al-cole\/","title":{"rendered":"Carre\u00f1o se pone a punto para la vuelta al \u201ccole\u201d"},"content":{"rendered":"<p><img fetchpriority=\"high\" decoding=\"async\" class=\"alignleft size-medium wp-image-129178\" src=\"https:\/\/candas365.es\/noticias\/wp-content\/uploads\/2019\/08\/obras-aulas-en-Candas-360x267.jpg\" alt=\"\" width=\"360\" height=\"267\" srcset=\"https:\/\/candas365.es\/noticias\/wp-content\/uploads\/2019\/08\/obras-aulas-en-Candas-360x267.jpg 360w, https:\/\/candas365.es\/noticias\/wp-content\/uploads\/2019\/08\/obras-aulas-en-Candas-768x570.jpg 768w, https:\/\/candas365.es\/noticias\/wp-content\/uploads\/2019\/08\/obras-aulas-en-Candas-647x480.jpg 647w, https:\/\/candas365.es\/noticias\/wp-content\/uploads\/2019\/08\/obras-aulas-en-Candas-80x60.jpg 80w, https:\/\/candas365.es\/noticias\/wp-content\/uploads\/2019\/08\/obras-aulas-en-Candas-265x198.jpg 265w, https:\/\/candas365.es\/noticias\/wp-content\/uploads\/2019\/08\/obras-aulas-en-Candas-485x360.jpg 485w, https:\/\/candas365.es\/noticias\/wp-content\/uploads\/2019\/08\/obras-aulas-en-Candas-696x516.jpg 696w, https:\/\/candas365.es\/noticias\/wp-content\/uploads\/2019\/08\/obras-aulas-en-Candas-1068x792.jpg 1068w, https:\/\/candas365.es\/noticias\/wp-content\/uploads\/2019\/08\/obras-aulas-en-Candas-566x420.jpg 566w, https:\/\/candas365.es\/noticias\/wp-content\/uploads\/2019\/08\/obras-aulas-en-Candas.jpg 1081w\" sizes=\"(max-width: 360px) 100vw, 360px\" \/>Con el comienzo del nuevo curso escolar 2019-2020 finaliza la puesta a punto de los Centros Educativos del Concejo. A lo largo de los meses estivales, la Oficina T\u00e9cnica Municipal junto con el Servicio de Obras del Ayuntamiento de Carre\u00f1o han sido los encargados de realizar estas mejoras en estos edificios de titularidad municipal.<\/p>\n<p>\u201cDurante el mes de junio del pasado curso la direcci\u00f3n de la Escuela Infantil \u201cLa Marinera\u201d; de los Colegios P\u00fablicos \u201cSan F\u00e9lix\u201d, \u201cPoeta Ant\u00f3n de Mariarreguera\u201d y La Escuelas Rurales ubicadas en El Valle y en Llorgozana enviaron a la Concejal\u00eda de Educaci\u00f3n un listado con las posibles actuaciones y mejoras a realizar en las instalaciones de cara al per\u00edodo estival. Ya que durante estos meses se realizan obras en las que por su envergadura o por las molestias que puedan ocasionar es necesario que el alumnado no se encuentre en el Centro \u201cse\u00f1al\u00f3 Mar\u00eda Rosa Nodal-Concejala de Educaci\u00f3n.<\/p>\n<p>\u201cTras recibir las peticiones se realiz\u00f3 una visita a cada uno de los centros, con la direcci\u00f3n del mismo se analizaron las prioridades\u00a0a realizar con el objetivo de coordinar el plan de acci\u00f3n.\u201d prosigui\u00f3 la edil.<\/p>\n<p>\u201cCon cargo al presupuesto municipal del presente a\u00f1o, se han realizado actuaciones, tales como, la colocaci\u00f3n de un sistema de control de aves, o paneles anti-escala para una de las barandillas del patio de infantil en el colegio \u201cSan F\u00e9lix\u201d, la mejora en el sistema de calefacci\u00f3n y agua caliente o la protecci\u00f3n de las columnas del gimnasio en el caso del colegio \u201cPoeta Ant\u00f3n\u201d. As\u00ed como actuaciones ejecutadas y asumidas con recursos propios por el servicio de obras municipal, como son las actuaciones de alba\u00f1iler\u00eda, carpinter\u00eda, pintura, fontaner\u00eda, jardiner\u00eda.\u201d coment\u00f3 Nodal.<\/p>\n<p>\u201cEn total fueron 65 actuaciones municipales las que se llevar\u00e1n a cabo este verano es los centros educativos. Desde pintura de aulas y de porter\u00edas, canastas, juegos en los patios exteriores, cambio de corchos de aulas, de puertas, de pomos, de grifer\u00eda, reposici\u00f3n de azulejos, sustituci\u00f3n de luces de emergencia, revisi\u00f3n de los cierres exteriores,\u2026\u201ddetall\u00f3 la Concejala responsable del \u00c1rea.<\/p>\n<p>En estos centros, es la entidad local, el Ayuntamiento el que ostenta las competencias de reparaci\u00f3n, mantenimiento, conservaci\u00f3n y custodia de los edificios, aunque las grandes obras al igual que el mantenimiento y conservaci\u00f3n del Instituto de Educaci\u00f3n Secundaria de Cand\u00e1s le corresponde a la Consejer\u00eda de Educaci\u00f3n del Principado de Asturias.<\/p>\n<p>\u201cBajo esta premisa a las mejoras realizadas por la entidad local hay que a\u00f1adir en el caso del Colegio \u201cPoeta Ant\u00f3n\u201d, las llevadas a cabo para mejora de la accesibilidad de la instalaci\u00f3n municipal por la Consejer\u00eda de Educaci\u00f3n y Cultura del Principado de Asturias. En este a\u00f1o 2019, Consejer\u00eda y Ayuntamiento hemos trabajado conjuntamente para dotar al Centro de un ascensor que rompa sus barreras arquitect\u00f3nicas y que comunique las diferentes plantas del Colegio, destinando la Consejer\u00eda una partida de 50.000\u20ac para tal fin. En la ma\u00f1ana de hoy mi\u00e9rcoles, acompa\u00f1ada de la Alcaldesa de Carre\u00f1o, Amelia Fern\u00e1ndez, hemos visitado el Colegio con el objetivo de supervisar el estado de las mismas y posibles fechas de finalizaci\u00f3n. En este caso el compromiso de la empresa adjudicataria de la obra es finalizarlas la primera quincena de septiembre\u201d prosigui\u00f3 la Edil.<\/p>\n<p>\u201cPero estas obras no suponen el fin de las mejoras que se realizan de aqu\u00ed a final de a\u00f1o. El Servicio de Obras Municipal est\u00e1 atento, los 365 d\u00edas del a\u00f1o, para solucionar cualquier incidencia que pueda surgir en esos meses. Imprevistos, que como en cualquier casa, van surgiendo por el uso\u201d finaliz\u00f3 la Concejala.<\/p>\n<p>&nbsp;<\/p>\n","protected":false},"excerpt":{"rendered":"<p>Con el comienzo del nuevo curso escolar 2019-2020 finaliza la puesta a punto de los Centros Educativos del Concejo. A lo largo de los meses estivales, la Oficina T\u00e9cnica Municipal junto con el Servicio de Obras del Ayuntamiento de Carre\u00f1o han sido los encargados de realizar estas mejoras en estos edificios de titularidad municipal. \u201cDurante<\/p>\n","protected":false},"author":1,"featured_media":129178,"comment_status":"closed","ping_status":"closed","sticky":false,"template":"","format":"standard","meta":{"footnotes":""},"categories":[2],"tags":[],"class_list":{"0":"post-129177","1":"post","2":"type-post","3":"status-publish","4":"format-standard","5":"has-post-thumbnail","7":"category-noticias-carreno"},"aioseo_notices":[],"aioseo_head":"\n\t\t<!-- All in One SEO Pro 4.9.6.2 - aioseo.com -->\n\t<meta name=\"description\" content=\"Con el comienzo del nuevo curso escolar 2019-2020 finaliza la puesta a punto de los Centros Educativos del Concejo. A lo largo de los meses estivales, la Oficina T\u00e9cnica Municipal junto con el Servicio de Obras del Ayuntamiento de Carre\u00f1o han sido los encargados de realizar estas mejoras en estos edificios de titularidad municipal. \u201cDurante\" \/>\n\t<meta name=\"robots\" content=\"max-image-preview:large\" \/>\n\t<meta name=\"author\" content=\"Cand\u00e1s 365\"\/>\n\t<meta name=\"google-site-verification\" content=\"UA-32230408-1\" \/>\n\t<meta name=\"msvalidate.01\" content=\"354F3CDFB2DA171B47FBE9ABF1F88D5\" \/>\n\t<meta name=\"keywords\" content=\"noticias carre\u00f1o\" \/>\n\t<link rel=\"canonical\" href=\"https:\/\/candas365.es\/noticias\/carreno-se-pone-a-punto-para-la-vuelta-al-cole\/\" \/>\n\t<meta name=\"generator\" content=\"All in One SEO Pro (AIOSEO) 4.9.6.2\" \/>\n\t\t<meta property=\"og:locale\" content=\"es_ES\" \/>\n\t\t<meta property=\"og:site_name\" content=\"Cand\u00e1s 365\" \/>\n\t\t<meta property=\"og:type\" content=\"article\" \/>\n\t\t<meta property=\"og:title\" content=\"Carre\u00f1o se pone a punto para la vuelta al \u201ccole\u201d | Cand\u00e1s 365\" \/>\n\t\t<meta property=\"og:description\" content=\"Con el comienzo del nuevo curso escolar 2019-2020 finaliza la puesta a punto de los Centros Educativos del Concejo. A lo largo de los meses estivales, la Oficina T\u00e9cnica Municipal junto con el Servicio de Obras del Ayuntamiento de Carre\u00f1o han sido los encargados de realizar estas mejoras en estos edificios de titularidad municipal. \u201cDurante\" \/>\n\t\t<meta property=\"og:url\" content=\"https:\/\/candas365.es\/noticias\/carreno-se-pone-a-punto-para-la-vuelta-al-cole\/\" \/>\n\t\t<meta property=\"og:image\" content=\"https:\/\/candas365.es\/noticias\/wp-content\/uploads\/2019\/08\/obras-aulas-en-Candas.jpg\" \/>\n\t\t<meta property=\"og:image:secure_url\" content=\"https:\/\/candas365.es\/noticias\/wp-content\/uploads\/2019\/08\/obras-aulas-en-Candas.jpg\" \/>\n\t\t<meta property=\"og:image:width\" content=\"1081\" \/>\n\t\t<meta property=\"og:image:height\" content=\"802\" \/>\n\t\t<meta property=\"article:published_time\" content=\"2019-08-31T02:05:42+00:00\" \/>\n\t\t<meta property=\"article:modified_time\" content=\"2019-08-31T02:05:42+00:00\" \/>\n\t\t<meta property=\"article:publisher\" content=\"https:\/\/www.facebook.com\/Nachofdezber\" \/>\n\t\t<meta property=\"article:author\" content=\"https:\/\/www.facebook.com\/carrenoactualidad\" \/>\n\t\t<meta name=\"twitter:card\" content=\"summary_large_image\" \/>\n\t\t<meta name=\"twitter:site\" content=\"@NabercoDigital\" \/>\n\t\t<meta name=\"twitter:title\" content=\"Carre\u00f1o se pone a punto para la vuelta al \u201ccole\u201d | Cand\u00e1s 365\" \/>\n\t\t<meta name=\"twitter:description\" content=\"Con el comienzo del nuevo curso escolar 2019-2020 finaliza la puesta a punto de los Centros Educativos del Concejo. A lo largo de los meses estivales, la Oficina T\u00e9cnica Municipal junto con el Servicio de Obras del Ayuntamiento de Carre\u00f1o han sido los encargados de realizar estas mejoras en estos edificios de titularidad municipal. \u201cDurante\" \/>\n\t\t<meta name=\"twitter:creator\" content=\"@nbasturias\" \/>\n\t\t<meta name=\"twitter:image\" content=\"https:\/\/candas365.es\/noticias\/wp-content\/uploads\/2019\/08\/obras-aulas-en-Candas.jpg\" \/>\n\t\t<meta name=\"twitter:label1\" content=\"Escrito por\" \/>\n\t\t<meta name=\"twitter:data1\" content=\"Cand\u00e1s 365\" \/>\n\t\t<meta name=\"twitter:label2\" content=\"Tiempo de lectura estimado\" \/>\n\t\t<meta name=\"twitter:data2\" content=\"3 minutos\" \/>\n\t\t<script type=\"application\/ld+json\" class=\"aioseo-schema\">\n\t\t\t{\"@context\":\"https:\\\/\\\/schema.org\",\"@graph\":[{\"@type\":\"BreadcrumbList\",\"@id\":\"https:\\\/\\\/candas365.es\\\/noticias\\\/carreno-se-pone-a-punto-para-la-vuelta-al-cole\\\/#breadcrumblist\",\"itemListElement\":[{\"@type\":\"ListItem\",\"@id\":\"https:\\\/\\\/candas365.es\\\/noticias#listItem\",\"position\":1,\"name\":\"Home\",\"item\":\"https:\\\/\\\/candas365.es\\\/noticias\",\"nextItem\":{\"@type\":\"ListItem\",\"@id\":\"https:\\\/\\\/candas365.es\\\/noticias\\\/category\\\/noticias-carreno\\\/#listItem\",\"name\":\"Noticias Carre\\u00f1o\"}},{\"@type\":\"ListItem\",\"@id\":\"https:\\\/\\\/candas365.es\\\/noticias\\\/category\\\/noticias-carreno\\\/#listItem\",\"position\":2,\"name\":\"Noticias Carre\\u00f1o\",\"item\":\"https:\\\/\\\/candas365.es\\\/noticias\\\/category\\\/noticias-carreno\\\/\",\"nextItem\":{\"@type\":\"ListItem\",\"@id\":\"https:\\\/\\\/candas365.es\\\/noticias\\\/carreno-se-pone-a-punto-para-la-vuelta-al-cole\\\/#listItem\",\"name\":\"Carre\\u00f1o se pone a punto para la vuelta al \\u201ccole\\u201d\"},\"previousItem\":{\"@type\":\"ListItem\",\"@id\":\"https:\\\/\\\/candas365.es\\\/noticias#listItem\",\"name\":\"Home\"}},{\"@type\":\"ListItem\",\"@id\":\"https:\\\/\\\/candas365.es\\\/noticias\\\/carreno-se-pone-a-punto-para-la-vuelta-al-cole\\\/#listItem\",\"position\":3,\"name\":\"Carre\\u00f1o se pone a punto para la vuelta al \\u201ccole\\u201d\",\"previousItem\":{\"@type\":\"ListItem\",\"@id\":\"https:\\\/\\\/candas365.es\\\/noticias\\\/category\\\/noticias-carreno\\\/#listItem\",\"name\":\"Noticias Carre\\u00f1o\"}}]},{\"@type\":\"NewsArticle\",\"@id\":\"https:\\\/\\\/candas365.es\\\/noticias\\\/carreno-se-pone-a-punto-para-la-vuelta-al-cole\\\/#newsarticle\",\"name\":\"Carre\\u00f1o se pone a punto para la vuelta al \\u201ccole\\u201d | Cand\\u00e1s 365\",\"headline\":\"Carre\\u00f1o se pone a punto para la vuelta al \\u201ccole\\u201d\",\"author\":{\"@id\":\"https:\\\/\\\/candas365.es\\\/noticias\\\/author\\\/admin\\\/#author\"},\"publisher\":{\"@id\":\"https:\\\/\\\/candas365.es\\\/noticias\\\/#organization\"},\"image\":{\"@type\":\"ImageObject\",\"url\":\"https:\\\/\\\/candas365.es\\\/noticias\\\/wp-content\\\/uploads\\\/2019\\\/08\\\/obras-aulas-en-Candas.jpg\",\"width\":1081,\"height\":802},\"datePublished\":\"2019-08-31T02:05:42+02:00\",\"dateModified\":\"2019-08-31T02:05:42+02:00\",\"inLanguage\":\"es-ES\",\"mainEntityOfPage\":{\"@id\":\"https:\\\/\\\/candas365.es\\\/noticias\\\/carreno-se-pone-a-punto-para-la-vuelta-al-cole\\\/#webpage\"},\"isPartOf\":{\"@id\":\"https:\\\/\\\/candas365.es\\\/noticias\\\/carreno-se-pone-a-punto-para-la-vuelta-al-cole\\\/#webpage\"},\"articleSection\":\"Noticias Carre\\u00f1o\",\"dateline\":\"Publicado el agosto 31, 2019.\"},{\"@type\":\"Organization\",\"@id\":\"https:\\\/\\\/candas365.es\\\/noticias\\\/#organization\",\"name\":\"Cand\\u00e1s 365\",\"description\":\"Cand\\u00e1s 365 es un diario digital independiente, fundado en 2012, con base en Asturias. Informamos con rigor sobre actualidad, sociedad, cultura y ocio, con una mirada local y global.\",\"url\":\"https:\\\/\\\/candas365.es\\\/noticias\\\/\",\"email\":\"info@candas365.es\",\"telephone\":\"+34652131393\",\"foundingDate\":\"2012-06-10\",\"logo\":{\"@type\":\"ImageObject\",\"url\":\"https:\\\/\\\/candas365.es\\\/noticias\\\/wp-content\\\/uploads\\\/2024\\\/09\\\/Candas-365-Redes.jpg\",\"@id\":\"https:\\\/\\\/candas365.es\\\/noticias\\\/carreno-se-pone-a-punto-para-la-vuelta-al-cole\\\/#organizationLogo\",\"width\":1152,\"height\":864,\"caption\":\"Cand\\u00e1s 365 Redes\"},\"image\":{\"@id\":\"https:\\\/\\\/candas365.es\\\/noticias\\\/carreno-se-pone-a-punto-para-la-vuelta-al-cole\\\/#organizationLogo\"},\"sameAs\":[\"https:\\\/\\\/www.facebook.com\\\/Nachofdezber\",\"https:\\\/\\\/x.com\\\/NabercoDigital\",\"https:\\\/\\\/www.instagram.com\\\/nachofdezber\\\/\",\"https:\\\/\\\/www.youtube.com\\\/channel\\\/UCZP-2wLEB9Rv6erhFmqVnvg\"],\"address\":{\"@id\":\"https:\\\/\\\/candas365.es\\\/noticias\\\/#postaladdress\",\"@type\":\"PostalAddress\",\"streetAddress\":\"san antonio 4, san antonio 4\",\"postalCode\":\"33430\",\"addressLocality\":\"Cand\\u00e1s\",\"addressRegion\":\"Asturias\",\"addressCountry\":\"ES\"}},{\"@type\":\"Person\",\"@id\":\"https:\\\/\\\/candas365.es\\\/noticias\\\/author\\\/admin\\\/#author\",\"url\":\"https:\\\/\\\/candas365.es\\\/noticias\\\/author\\\/admin\\\/\",\"name\":\"Cand\\u00e1s 365\",\"image\":{\"@type\":\"ImageObject\",\"@id\":\"https:\\\/\\\/candas365.es\\\/noticias\\\/carreno-se-pone-a-punto-para-la-vuelta-al-cole\\\/#authorImage\",\"url\":\"https:\\\/\\\/secure.gravatar.com\\\/avatar\\\/496a8e03d0c493ede1718b7934145dbdf8d89be1036b0eec9544e1094c9de390?s=96&d=mm&r=g\",\"width\":96,\"height\":96,\"caption\":\"Cand\\u00e1s 365\"},\"sameAs\":[\"https:\\\/\\\/www.facebook.com\\\/carrenoactualidad\",\"https:\\\/\\\/twitter.com\\\/nbasturias\",\"https:\\\/\\\/www.instagram.com\\\/nachofdezber\\\/\",\"https:\\\/\\\/www.youtube.com\\\/channel\\\/UCZP-2wLEB9Rv6erhFmqVnvg\"]},{\"@type\":\"WebPage\",\"@id\":\"https:\\\/\\\/candas365.es\\\/noticias\\\/carreno-se-pone-a-punto-para-la-vuelta-al-cole\\\/#webpage\",\"url\":\"https:\\\/\\\/candas365.es\\\/noticias\\\/carreno-se-pone-a-punto-para-la-vuelta-al-cole\\\/\",\"name\":\"Carre\\u00f1o se pone a punto para la vuelta al \\u201ccole\\u201d | Cand\\u00e1s 365\",\"description\":\"Con el comienzo del nuevo curso escolar 2019-2020 finaliza la puesta a punto de los Centros Educativos del Concejo. A lo largo de los meses estivales, la Oficina T\\u00e9cnica Municipal junto con el Servicio de Obras del Ayuntamiento de Carre\\u00f1o han sido los encargados de realizar estas mejoras en estos edificios de titularidad municipal. \\u201cDurante\",\"inLanguage\":\"es-ES\",\"isPartOf\":{\"@id\":\"https:\\\/\\\/candas365.es\\\/noticias\\\/#website\"},\"breadcrumb\":{\"@id\":\"https:\\\/\\\/candas365.es\\\/noticias\\\/carreno-se-pone-a-punto-para-la-vuelta-al-cole\\\/#breadcrumblist\"},\"author\":{\"@id\":\"https:\\\/\\\/candas365.es\\\/noticias\\\/author\\\/admin\\\/#author\"},\"creator\":{\"@id\":\"https:\\\/\\\/candas365.es\\\/noticias\\\/author\\\/admin\\\/#author\"},\"image\":{\"@type\":\"ImageObject\",\"url\":\"https:\\\/\\\/candas365.es\\\/noticias\\\/wp-content\\\/uploads\\\/2019\\\/08\\\/obras-aulas-en-Candas.jpg\",\"@id\":\"https:\\\/\\\/candas365.es\\\/noticias\\\/carreno-se-pone-a-punto-para-la-vuelta-al-cole\\\/#mainImage\",\"width\":1081,\"height\":802},\"primaryImageOfPage\":{\"@id\":\"https:\\\/\\\/candas365.es\\\/noticias\\\/carreno-se-pone-a-punto-para-la-vuelta-al-cole\\\/#mainImage\"},\"datePublished\":\"2019-08-31T02:05:42+02:00\",\"dateModified\":\"2019-08-31T02:05:42+02:00\"},{\"@type\":\"WebSite\",\"@id\":\"https:\\\/\\\/candas365.es\\\/noticias\\\/#website\",\"url\":\"https:\\\/\\\/candas365.es\\\/noticias\\\/\",\"name\":\"Cand\\u00e1s 365\",\"alternateName\":\"Cand\\u00e1s 365 Noticias\",\"description\":\"Actualidad desde Carre\\u00f1o para el mundo\",\"inLanguage\":\"es-ES\",\"publisher\":{\"@id\":\"https:\\\/\\\/candas365.es\\\/noticias\\\/#organization\"}}]}\n\t\t<\/script>\n\t\t<!-- All in One SEO Pro -->\r\n\t\t<title>Carre\u00f1o se pone a punto para la vuelta al \u201ccole\u201d | Cand\u00e1s 365<\/title>\n\n","aioseo_head_json":{"title":"Carre\u00f1o se pone a punto para la vuelta al \u201ccole\u201d | Cand\u00e1s 365","description":"Con el comienzo del nuevo curso escolar 2019-2020 finaliza la puesta a punto de los Centros Educativos del Concejo. A lo largo de los meses estivales, la Oficina T\u00e9cnica Municipal junto con el Servicio de Obras del Ayuntamiento de Carre\u00f1o han sido los encargados de realizar estas mejoras en estos edificios de titularidad municipal. \u201cDurante","canonical_url":"https:\/\/candas365.es\/noticias\/carreno-se-pone-a-punto-para-la-vuelta-al-cole\/","robots":"max-image-preview:large","keywords":"noticias carre\u00f1o","webmasterTools":{"google-site-verification":"UA-32230408-1","msvalidate.01":"354F3CDFB2DA171B47FBE9ABF1F88D5","miscellaneous":""},"schema":{"@context":"https:\/\/schema.org","@graph":[{"@type":"BreadcrumbList","@id":"https:\/\/candas365.es\/noticias\/carreno-se-pone-a-punto-para-la-vuelta-al-cole\/#breadcrumblist","itemListElement":[{"@type":"ListItem","@id":"https:\/\/candas365.es\/noticias#listItem","position":1,"name":"Home","item":"https:\/\/candas365.es\/noticias","nextItem":{"@type":"ListItem","@id":"https:\/\/candas365.es\/noticias\/category\/noticias-carreno\/#listItem","name":"Noticias Carre\u00f1o"}},{"@type":"ListItem","@id":"https:\/\/candas365.es\/noticias\/category\/noticias-carreno\/#listItem","position":2,"name":"Noticias Carre\u00f1o","item":"https:\/\/candas365.es\/noticias\/category\/noticias-carreno\/","nextItem":{"@type":"ListItem","@id":"https:\/\/candas365.es\/noticias\/carreno-se-pone-a-punto-para-la-vuelta-al-cole\/#listItem","name":"Carre\u00f1o se pone a punto para la vuelta al \u201ccole\u201d"},"previousItem":{"@type":"ListItem","@id":"https:\/\/candas365.es\/noticias#listItem","name":"Home"}},{"@type":"ListItem","@id":"https:\/\/candas365.es\/noticias\/carreno-se-pone-a-punto-para-la-vuelta-al-cole\/#listItem","position":3,"name":"Carre\u00f1o se pone a punto para la vuelta al \u201ccole\u201d","previousItem":{"@type":"ListItem","@id":"https:\/\/candas365.es\/noticias\/category\/noticias-carreno\/#listItem","name":"Noticias Carre\u00f1o"}}]},{"@type":"NewsArticle","@id":"https:\/\/candas365.es\/noticias\/carreno-se-pone-a-punto-para-la-vuelta-al-cole\/#newsarticle","name":"Carre\u00f1o se pone a punto para la vuelta al \u201ccole\u201d | Cand\u00e1s 365","headline":"Carre\u00f1o se pone a punto para la vuelta al \u201ccole\u201d","author":{"@id":"https:\/\/candas365.es\/noticias\/author\/admin\/#author"},"publisher":{"@id":"https:\/\/candas365.es\/noticias\/#organization"},"image":{"@type":"ImageObject","url":"https:\/\/candas365.es\/noticias\/wp-content\/uploads\/2019\/08\/obras-aulas-en-Candas.jpg","width":1081,"height":802},"datePublished":"2019-08-31T02:05:42+02:00","dateModified":"2019-08-31T02:05:42+02:00","inLanguage":"es-ES","mainEntityOfPage":{"@id":"https:\/\/candas365.es\/noticias\/carreno-se-pone-a-punto-para-la-vuelta-al-cole\/#webpage"},"isPartOf":{"@id":"https:\/\/candas365.es\/noticias\/carreno-se-pone-a-punto-para-la-vuelta-al-cole\/#webpage"},"articleSection":"Noticias Carre\u00f1o","dateline":"Publicado el agosto 31, 2019."},{"@type":"Organization","@id":"https:\/\/candas365.es\/noticias\/#organization","name":"Cand\u00e1s 365","description":"Cand\u00e1s 365 es un diario digital independiente, fundado en 2012, con base en Asturias. Informamos con rigor sobre actualidad, sociedad, cultura y ocio, con una mirada local y global.","url":"https:\/\/candas365.es\/noticias\/","email":"info@candas365.es","telephone":"+34652131393","foundingDate":"2012-06-10","logo":{"@type":"ImageObject","url":"https:\/\/candas365.es\/noticias\/wp-content\/uploads\/2024\/09\/Candas-365-Redes.jpg","@id":"https:\/\/candas365.es\/noticias\/carreno-se-pone-a-punto-para-la-vuelta-al-cole\/#organizationLogo","width":1152,"height":864,"caption":"Cand\u00e1s 365 Redes"},"image":{"@id":"https:\/\/candas365.es\/noticias\/carreno-se-pone-a-punto-para-la-vuelta-al-cole\/#organizationLogo"},"sameAs":["https:\/\/www.facebook.com\/Nachofdezber","https:\/\/x.com\/NabercoDigital","https:\/\/www.instagram.com\/nachofdezber\/","https:\/\/www.youtube.com\/channel\/UCZP-2wLEB9Rv6erhFmqVnvg"],"address":{"@id":"https:\/\/candas365.es\/noticias\/#postaladdress","@type":"PostalAddress","streetAddress":"san antonio 4, san antonio 4","postalCode":"33430","addressLocality":"Cand\u00e1s","addressRegion":"Asturias","addressCountry":"ES"}},{"@type":"Person","@id":"https:\/\/candas365.es\/noticias\/author\/admin\/#author","url":"https:\/\/candas365.es\/noticias\/author\/admin\/","name":"Cand\u00e1s 365","image":{"@type":"ImageObject","@id":"https:\/\/candas365.es\/noticias\/carreno-se-pone-a-punto-para-la-vuelta-al-cole\/#authorImage","url":"https:\/\/secure.gravatar.com\/avatar\/496a8e03d0c493ede1718b7934145dbdf8d89be1036b0eec9544e1094c9de390?s=96&d=mm&r=g","width":96,"height":96,"caption":"Cand\u00e1s 365"},"sameAs":["https:\/\/www.facebook.com\/carrenoactualidad","https:\/\/twitter.com\/nbasturias","https:\/\/www.instagram.com\/nachofdezber\/","https:\/\/www.youtube.com\/channel\/UCZP-2wLEB9Rv6erhFmqVnvg"]},{"@type":"WebPage","@id":"https:\/\/candas365.es\/noticias\/carreno-se-pone-a-punto-para-la-vuelta-al-cole\/#webpage","url":"https:\/\/candas365.es\/noticias\/carreno-se-pone-a-punto-para-la-vuelta-al-cole\/","name":"Carre\u00f1o se pone a punto para la vuelta al \u201ccole\u201d | Cand\u00e1s 365","description":"Con el comienzo del nuevo curso escolar 2019-2020 finaliza la puesta a punto de los Centros Educativos del Concejo. A lo largo de los meses estivales, la Oficina T\u00e9cnica Municipal junto con el Servicio de Obras del Ayuntamiento de Carre\u00f1o han sido los encargados de realizar estas mejoras en estos edificios de titularidad municipal. \u201cDurante","inLanguage":"es-ES","isPartOf":{"@id":"https:\/\/candas365.es\/noticias\/#website"},"breadcrumb":{"@id":"https:\/\/candas365.es\/noticias\/carreno-se-pone-a-punto-para-la-vuelta-al-cole\/#breadcrumblist"},"author":{"@id":"https:\/\/candas365.es\/noticias\/author\/admin\/#author"},"creator":{"@id":"https:\/\/candas365.es\/noticias\/author\/admin\/#author"},"image":{"@type":"ImageObject","url":"https:\/\/candas365.es\/noticias\/wp-content\/uploads\/2019\/08\/obras-aulas-en-Candas.jpg","@id":"https:\/\/candas365.es\/noticias\/carreno-se-pone-a-punto-para-la-vuelta-al-cole\/#mainImage","width":1081,"height":802},"primaryImageOfPage":{"@id":"https:\/\/candas365.es\/noticias\/carreno-se-pone-a-punto-para-la-vuelta-al-cole\/#mainImage"},"datePublished":"2019-08-31T02:05:42+02:00","dateModified":"2019-08-31T02:05:42+02:00"},{"@type":"WebSite","@id":"https:\/\/candas365.es\/noticias\/#website","url":"https:\/\/candas365.es\/noticias\/","name":"Cand\u00e1s 365","alternateName":"Cand\u00e1s 365 Noticias","description":"Actualidad desde Carre\u00f1o para el mundo","inLanguage":"es-ES","publisher":{"@id":"https:\/\/candas365.es\/noticias\/#organization"}}]},"og:locale":"es_ES","og:site_name":"Cand\u00e1s 365","og:type":"article","og:title":"Carre\u00f1o se pone a punto para la vuelta al \u201ccole\u201d | Cand\u00e1s 365","og:description":"Con el comienzo del nuevo curso escolar 2019-2020 finaliza la puesta a punto de los Centros Educativos del Concejo. A lo largo de los meses estivales, la Oficina T\u00e9cnica Municipal junto con el Servicio de Obras del Ayuntamiento de Carre\u00f1o han sido los encargados de realizar estas mejoras en estos edificios de titularidad municipal. \u201cDurante","og:url":"https:\/\/candas365.es\/noticias\/carreno-se-pone-a-punto-para-la-vuelta-al-cole\/","og:image":"https:\/\/candas365.es\/noticias\/wp-content\/uploads\/2019\/08\/obras-aulas-en-Candas.jpg","og:image:secure_url":"https:\/\/candas365.es\/noticias\/wp-content\/uploads\/2019\/08\/obras-aulas-en-Candas.jpg","og:image:width":1081,"og:image:height":802,"article:published_time":"2019-08-31T02:05:42+00:00","article:modified_time":"2019-08-31T02:05:42+00:00","article:publisher":"https:\/\/www.facebook.com\/Nachofdezber","article:author":"https:\/\/www.facebook.com\/carrenoactualidad","twitter:card":"summary_large_image","twitter:site":"@NabercoDigital","twitter:title":"Carre\u00f1o se pone a punto para la vuelta al \u201ccole\u201d | Cand\u00e1s 365","twitter:description":"Con el comienzo del nuevo curso escolar 2019-2020 finaliza la puesta a punto de los Centros Educativos del Concejo. A lo largo de los meses estivales, la Oficina T\u00e9cnica Municipal junto con el Servicio de Obras del Ayuntamiento de Carre\u00f1o han sido los encargados de realizar estas mejoras en estos edificios de titularidad municipal. \u201cDurante","twitter:creator":"@nbasturias","twitter:image":"https:\/\/candas365.es\/noticias\/wp-content\/uploads\/2019\/08\/obras-aulas-en-Candas.jpg","twitter:label1":"Escrito por","twitter:data1":"Cand\u00e1s 365","twitter:label2":"Tiempo de lectura estimado","twitter:data2":"3 minutos"},"aioseo_meta_data":{"post_id":"129177","title":null,"description":null,"keywords":null,"keyphrases":null,"primary_term":null,"canonical_url":null,"og_title":null,"og_description":null,"og_object_type":"default","og_image_type":"default","og_image_url":null,"og_image_width":null,"og_image_height":null,"og_image_custom_url":null,"og_image_custom_fields":null,"og_video":null,"og_custom_url":null,"og_article_section":null,"og_article_tags":null,"twitter_use_og":false,"twitter_card":"default","twitter_image_type":"default","twitter_image_url":null,"twitter_image_custom_url":null,"twitter_image_custom_fields":null,"twitter_title":null,"twitter_description":null,"schema":{"blockGraphs":[],"customGraphs":[],"default":{"data":{"Article":[],"Course":[],"Dataset":[],"FAQPage":[],"Movie":[],"Person":[],"Product":[],"ProductReview":[],"Car":[],"Recipe":[],"Service":[],"SoftwareApplication":[],"WebPage":[]},"graphName":"","isEnabled":true},"graphs":[]},"schema_type":null,"schema_type_options":null,"pillar_content":false,"robots_default":true,"robots_noindex":false,"robots_noarchive":false,"robots_nosnippet":false,"robots_nofollow":false,"robots_noimageindex":false,"robots_noodp":false,"robots_notranslate":false,"robots_max_snippet":null,"robots_max_videopreview":null,"robots_max_imagepreview":"large","priority":null,"frequency":null,"location":null,"local_seo":null,"seo_analyzer_scan_date":"2025-08-30 12:48:11","breadcrumb_settings":null,"limit_modified_date":false,"reviewed_by":null,"open_ai":null,"ai":null,"created":"2020-12-21 10:53:15","updated":"2025-08-30 12:48:11"},"aioseo_breadcrumb":"<div class=\"aioseo-breadcrumbs\"><span class=\"aioseo-breadcrumb\">\n\t<a href=\"https:\/\/candas365.es\/noticias\" title=\"Home\">Home<\/a>\n<\/span><span class=\"aioseo-breadcrumb-separator\">&ndash;<\/span><span class=\"aioseo-breadcrumb\">\n\t<a href=\"https:\/\/candas365.es\/noticias\/category\/noticias-carreno\/\" title=\"Noticias Carre\u00f1o\">Noticias Carre\u00f1o<\/a>\n<\/span><span class=\"aioseo-breadcrumb-separator\">&ndash;<\/span><span class=\"aioseo-breadcrumb\">\n\tCarre\u00f1o se pone a punto para la vuelta al \u201ccole\u201d\n<\/span><\/div>","aioseo_breadcrumb_json":[{"label":"Home","link":"https:\/\/candas365.es\/noticias"},{"label":"Noticias Carre\u00f1o","link":"https:\/\/candas365.es\/noticias\/category\/noticias-carreno\/"},{"label":"Carre\u00f1o se pone a punto para la vuelta al \u201ccole\u201d","link":"https:\/\/candas365.es\/noticias\/carreno-se-pone-a-punto-para-la-vuelta-al-cole\/"}],"_links":{"self":[{"href":"https:\/\/candas365.es\/noticias\/wp-json\/wp\/v2\/posts\/129177","targetHints":{"allow":["GET"]}}],"collection":[{"href":"https:\/\/candas365.es\/noticias\/wp-json\/wp\/v2\/posts"}],"about":[{"href":"https:\/\/candas365.es\/noticias\/wp-json\/wp\/v2\/types\/post"}],"author":[{"embeddable":true,"href":"https:\/\/candas365.es\/noticias\/wp-json\/wp\/v2\/users\/1"}],"replies":[{"embeddable":true,"href":"https:\/\/candas365.es\/noticias\/wp-json\/wp\/v2\/comments?post=129177"}],"version-history":[{"count":0,"href":"https:\/\/candas365.es\/noticias\/wp-json\/wp\/v2\/posts\/129177\/revisions"}],"wp:featuredmedia":[{"embeddable":true,"href":"https:\/\/candas365.es\/noticias\/wp-json\/wp\/v2\/media\/129178"}],"wp:attachment":[{"href":"https:\/\/candas365.es\/noticias\/wp-json\/wp\/v2\/media?parent=129177"}],"wp:term":[{"taxonomy":"category","embeddable":true,"href":"https:\/\/candas365.es\/noticias\/wp-json\/wp\/v2\/categories?post=129177"},{"taxonomy":"post_tag","embeddable":true,"href":"https:\/\/candas365.es\/noticias\/wp-json\/wp\/v2\/tags?post=129177"}],"curies":[{"name":"wp","href":"https:\/\/api.w.org\/{rel}","templated":true}]}}