{"id":129058,"date":"2019-08-28T18:43:56","date_gmt":"2019-08-28T18:43:56","guid":{"rendered":"http:\/\/candas365.es\/noticias\/?p=129058"},"modified":"2019-08-28T18:43:56","modified_gmt":"2019-08-28T18:43:56","slug":"concentracion-hdc-astur-2019-en-candas","status":"publish","type":"post","link":"https:\/\/candas365.es\/noticias\/concentracion-hdc-astur-2019-en-candas\/","title":{"rendered":"Concentraci\u00f3n HDC Astur 2019, en Cand\u00e1s"},"content":{"rendered":"<p><img fetchpriority=\"high\" decoding=\"async\" class=\"alignleft size-medium wp-image-129059\" src=\"https:\/\/candas365.es\/noticias\/wp-content\/uploads\/2019\/08\/motorcycle-3135467_960_720-360x238.jpg\" alt=\"\" width=\"360\" height=\"238\" srcset=\"https:\/\/candas365.es\/noticias\/wp-content\/uploads\/2019\/08\/motorcycle-3135467_960_720-360x238.jpg 360w, https:\/\/candas365.es\/noticias\/wp-content\/uploads\/2019\/08\/motorcycle-3135467_960_720-768x508.jpg 768w, https:\/\/candas365.es\/noticias\/wp-content\/uploads\/2019\/08\/motorcycle-3135467_960_720-655x433.jpg 655w, https:\/\/candas365.es\/noticias\/wp-content\/uploads\/2019\/08\/motorcycle-3135467_960_720-696x460.jpg 696w, https:\/\/candas365.es\/noticias\/wp-content\/uploads\/2019\/08\/motorcycle-3135467_960_720-635x420.jpg 635w, https:\/\/candas365.es\/noticias\/wp-content\/uploads\/2019\/08\/motorcycle-3135467_960_720.jpg 960w\" sizes=\"(max-width: 360px) 100vw, 360px\" \/>El Puerto de Cand\u00e1s ser\u00e1 el escenario donde tendr\u00e1 lugar la Concentraci\u00f3n anual del grupo HDC Astur, desde el <strong>jueves 29 de agosto hasta el domingo 1 de septiembre<\/strong>. Est\u00e1 prevista la participaci\u00f3n de m\u00e1s de 250 moteros y monteras procedentes de toda la geograf\u00eda espa\u00f1ola.<\/p>\n<p>La programaci\u00f3n dar\u00e1 comienzo este jueves a las 17 horas, con la apertura de inscripciones, a la que seguir\u00e1 un concierto en la carpa que se instalara para el evento. El viernes, a las 11:30 h. se ha organizado una ruta por el concejo de Carre\u00f1o y a lo largo de toda la tarde habr\u00e1 exhibiciones deportivas abiertas al p\u00fablico. Por la noche los grupos <strong>VOODOO GRASS y TRASH TORNADOS<\/strong> cerrar\u00e1n el d\u00eda.<\/p>\n<p>Dentro de la programaci\u00f3n del s\u00e1bado , lo m\u00e1s sobresaliente ser\u00e1 una charla coloquio en la carpa, protagonizada por mujeres y que tiene como objetivo visibilizar la lucha contra el c\u00e1ncer de mam\u00e1 as\u00ed como el papel de la mujer en diferentes \u00e1mbitos de la sociedad. Cabe destacar que concentraci\u00f3n tendr\u00e1 un fin solidario, con donaciones a la Asociaci\u00f3n Espa\u00f1ola Contra el C\u00e1ncer, principalmente el c\u00e1ncer de mam\u00e1, para lo cual la asociaci\u00f3n instalar\u00e1 en el recinto un stand con informaci\u00f3n. Adem\u00e1s los\/as participantes en la concentraci\u00f3n motera llevar\u00e1n este a\u00f1o la camiseta conmemorativa en color rosa, la cual se usar\u00e1 en la ruta motera por el concejo que se realizar\u00e1 el viernes 30 de septiembre como muestra de apoyo y compromiso con la enfermedad. Las camisetas rosa se podr\u00e1n en venta en la carpa y parte de lo recaudado se donar\u00e1 a la AECC.<\/p>\n<p>La jornada del s\u00e1bado terminar\u00e1 con m\u00fasica de la mano de los <strong>VIAJEROS DEL SWING Y ROCK&amp;ROLL, HALL OF ME<\/strong>.<\/p>\n<p>Para el domingo 1 de septiembre y por segundo a\u00f1o consecutivo, se realizar\u00e1 una paella popular y por la tarde la actividad <strong>ENTRA NA MELE<\/strong> organizada por el Club Rugby de Cand\u00e1s celebrar\u00e1 el d\u00eda del socio\/a y un concierto de rock a cargo de <strong>BUSCAVIDAS<\/strong>.<\/p>\n<h3><strong>PROGRAMA PREVISTO:<\/strong><\/h3>\n<p><strong>Jueves, 29 de agosto<\/strong><\/p>\n<ul>\n<li>17:00 h. Apertura de inscripciones<\/li>\n<li>21:30 h. Cena carpa<\/li>\n<li>00:00 h. Concierto NOSTRAKAS<\/li>\n<\/ul>\n<p><strong>Viernes, 30 de agosto<\/strong><\/p>\n<ul>\n<li>10:00 h. Apertura de inscripciones<\/li>\n<li>11:30 h. Rutas<\/li>\n<li>14:30 h. Comida libre<\/li>\n<li>18:00 h. Crossfit Brown Bears<\/li>\n<li>19:00 h. Exhibici\u00f3n artes marciales<\/li>\n<li>20:00 h. Concierto VOODOO GRASS<\/li>\n<li>21:30 h. Apertura Restaurante carpa<\/li>\n<li>00:30 h. Concierto TRASH TORNADOS<\/li>\n<li>02:30 h. Pinchada<\/li>\n<\/ul>\n<p><strong>S\u00e1bado, 31 de agosto<\/strong><\/p>\n<ul>\n<li>10:00 h. Apertura de inscripciones<\/li>\n<li>11:00 h. Ruta<\/li>\n<li>13:00 h. Concierto THE BLUES BROS TRIBUTE<\/li>\n<li>15:00 h. Comida carpa<\/li>\n<li>17:30 h. Chala coloquio \u00abAventura en Moto\u00bb (Contra el C\u00e1ncer de Mama)<\/li>\n<li>20:00 h. Baile SWING4ASTURIAS , Concierto VIAJEROS DEL SWING<\/li>\n<li>21:30 h. Apertura restaurante Carpa<\/li>\n<li>00:30 h. ROCK&amp;ROLL, HALL OF FAME<\/li>\n<li>03:00 h. Chocolatada<\/li>\n<\/ul>\n<p><strong>Domingo, 1 de septiembre<\/strong><\/p>\n<ul>\n<li>12:00 h. Concierto<\/li>\n<li>14:30 h. Comida Popular<\/li>\n<li>17:00 h. Actividad ENTRA NA MELE y concierto<\/li>\n<li>23:00 h. Clausura y cierre<\/li>\n<\/ul>\n","protected":false},"excerpt":{"rendered":"<p>El Puerto de Cand\u00e1s ser\u00e1 el escenario donde tendr\u00e1 lugar la Concentraci\u00f3n anual del grupo HDC Astur, desde el jueves 29 de agosto hasta el domingo 1 de septiembre. Est\u00e1 prevista la participaci\u00f3n de m\u00e1s de 250 moteros y monteras procedentes de toda la geograf\u00eda espa\u00f1ola. La programaci\u00f3n dar\u00e1 comienzo este jueves a las 17<\/p>\n","protected":false},"author":1,"featured_media":129059,"comment_status":"closed","ping_status":"closed","sticky":false,"template":"","format":"standard","meta":{"footnotes":""},"categories":[2],"tags":[],"class_list":{"0":"post-129058","1":"post","2":"type-post","3":"status-publish","4":"format-standard","5":"has-post-thumbnail","7":"category-noticias-carreno"},"aioseo_notices":[],"aioseo_head":"\n\t\t<!-- All in One SEO Pro 4.9.6.2 - aioseo.com -->\n\t<meta name=\"description\" content=\"El Puerto de Cand\u00e1s ser\u00e1 el escenario donde tendr\u00e1 lugar la Concentraci\u00f3n anual del grupo HDC Astur, desde el jueves 29 de agosto hasta el domingo 1 de septiembre. Est\u00e1 prevista la participaci\u00f3n de m\u00e1s de 250 moteros y monteras procedentes de toda la geograf\u00eda espa\u00f1ola. La programaci\u00f3n dar\u00e1 comienzo este jueves a las 17\" \/>\n\t<meta name=\"robots\" content=\"max-image-preview:large\" \/>\n\t<meta name=\"author\" content=\"Cand\u00e1s 365\"\/>\n\t<meta name=\"google-site-verification\" content=\"UA-32230408-1\" \/>\n\t<meta name=\"msvalidate.01\" content=\"354F3CDFB2DA171B47FBE9ABF1F88D5\" \/>\n\t<meta name=\"keywords\" content=\"noticias carre\u00f1o\" \/>\n\t<link rel=\"canonical\" href=\"https:\/\/candas365.es\/noticias\/concentracion-hdc-astur-2019-en-candas\/\" \/>\n\t<meta name=\"generator\" content=\"All in One SEO Pro (AIOSEO) 4.9.6.2\" \/>\n\t\t<meta property=\"og:locale\" content=\"es_ES\" \/>\n\t\t<meta property=\"og:site_name\" content=\"Cand\u00e1s 365\" \/>\n\t\t<meta property=\"og:type\" content=\"article\" \/>\n\t\t<meta property=\"og:title\" content=\"Concentraci\u00f3n HDC Astur 2019, en Cand\u00e1s | Cand\u00e1s 365\" \/>\n\t\t<meta property=\"og:description\" content=\"El Puerto de Cand\u00e1s ser\u00e1 el escenario donde tendr\u00e1 lugar la Concentraci\u00f3n anual del grupo HDC Astur, desde el jueves 29 de agosto hasta el domingo 1 de septiembre. Est\u00e1 prevista la participaci\u00f3n de m\u00e1s de 250 moteros y monteras procedentes de toda la geograf\u00eda espa\u00f1ola. La programaci\u00f3n dar\u00e1 comienzo este jueves a las 17\" \/>\n\t\t<meta property=\"og:url\" content=\"https:\/\/candas365.es\/noticias\/concentracion-hdc-astur-2019-en-candas\/\" \/>\n\t\t<meta property=\"og:image\" content=\"https:\/\/candas365.es\/noticias\/wp-content\/uploads\/2019\/08\/motorcycle-3135467_960_720.jpg\" \/>\n\t\t<meta property=\"og:image:secure_url\" content=\"https:\/\/candas365.es\/noticias\/wp-content\/uploads\/2019\/08\/motorcycle-3135467_960_720.jpg\" \/>\n\t\t<meta property=\"og:image:width\" content=\"960\" \/>\n\t\t<meta property=\"og:image:height\" content=\"635\" \/>\n\t\t<meta property=\"article:published_time\" content=\"2019-08-28T18:43:56+00:00\" \/>\n\t\t<meta property=\"article:modified_time\" content=\"2019-08-28T18:43:56+00:00\" \/>\n\t\t<meta property=\"article:publisher\" content=\"https:\/\/www.facebook.com\/Nachofdezber\" \/>\n\t\t<meta property=\"article:author\" content=\"https:\/\/www.facebook.com\/carrenoactualidad\" \/>\n\t\t<meta name=\"twitter:card\" content=\"summary_large_image\" \/>\n\t\t<meta name=\"twitter:site\" content=\"@NabercoDigital\" \/>\n\t\t<meta name=\"twitter:title\" content=\"Concentraci\u00f3n HDC Astur 2019, en Cand\u00e1s | Cand\u00e1s 365\" \/>\n\t\t<meta name=\"twitter:description\" content=\"El Puerto de Cand\u00e1s ser\u00e1 el escenario donde tendr\u00e1 lugar la Concentraci\u00f3n anual del grupo HDC Astur, desde el jueves 29 de agosto hasta el domingo 1 de septiembre. Est\u00e1 prevista la participaci\u00f3n de m\u00e1s de 250 moteros y monteras procedentes de toda la geograf\u00eda espa\u00f1ola. La programaci\u00f3n dar\u00e1 comienzo este jueves a las 17\" \/>\n\t\t<meta name=\"twitter:creator\" content=\"@nbasturias\" \/>\n\t\t<meta name=\"twitter:image\" content=\"https:\/\/candas365.es\/noticias\/wp-content\/uploads\/2019\/08\/motorcycle-3135467_960_720.jpg\" \/>\n\t\t<meta name=\"twitter:label1\" content=\"Escrito por\" \/>\n\t\t<meta name=\"twitter:data1\" content=\"Cand\u00e1s 365\" \/>\n\t\t<meta name=\"twitter:label2\" content=\"Tiempo de lectura estimado\" \/>\n\t\t<meta name=\"twitter:data2\" content=\"2 minutos\" \/>\n\t\t<script type=\"application\/ld+json\" class=\"aioseo-schema\">\n\t\t\t{\"@context\":\"https:\\\/\\\/schema.org\",\"@graph\":[{\"@type\":\"BreadcrumbList\",\"@id\":\"https:\\\/\\\/candas365.es\\\/noticias\\\/concentracion-hdc-astur-2019-en-candas\\\/#breadcrumblist\",\"itemListElement\":[{\"@type\":\"ListItem\",\"@id\":\"https:\\\/\\\/candas365.es\\\/noticias#listItem\",\"position\":1,\"name\":\"Home\",\"item\":\"https:\\\/\\\/candas365.es\\\/noticias\",\"nextItem\":{\"@type\":\"ListItem\",\"@id\":\"https:\\\/\\\/candas365.es\\\/noticias\\\/category\\\/noticias-carreno\\\/#listItem\",\"name\":\"Noticias Carre\\u00f1o\"}},{\"@type\":\"ListItem\",\"@id\":\"https:\\\/\\\/candas365.es\\\/noticias\\\/category\\\/noticias-carreno\\\/#listItem\",\"position\":2,\"name\":\"Noticias Carre\\u00f1o\",\"item\":\"https:\\\/\\\/candas365.es\\\/noticias\\\/category\\\/noticias-carreno\\\/\",\"nextItem\":{\"@type\":\"ListItem\",\"@id\":\"https:\\\/\\\/candas365.es\\\/noticias\\\/concentracion-hdc-astur-2019-en-candas\\\/#listItem\",\"name\":\"Concentraci\\u00f3n HDC Astur 2019, en Cand\\u00e1s\"},\"previousItem\":{\"@type\":\"ListItem\",\"@id\":\"https:\\\/\\\/candas365.es\\\/noticias#listItem\",\"name\":\"Home\"}},{\"@type\":\"ListItem\",\"@id\":\"https:\\\/\\\/candas365.es\\\/noticias\\\/concentracion-hdc-astur-2019-en-candas\\\/#listItem\",\"position\":3,\"name\":\"Concentraci\\u00f3n HDC Astur 2019, en Cand\\u00e1s\",\"previousItem\":{\"@type\":\"ListItem\",\"@id\":\"https:\\\/\\\/candas365.es\\\/noticias\\\/category\\\/noticias-carreno\\\/#listItem\",\"name\":\"Noticias Carre\\u00f1o\"}}]},{\"@type\":\"NewsArticle\",\"@id\":\"https:\\\/\\\/candas365.es\\\/noticias\\\/concentracion-hdc-astur-2019-en-candas\\\/#newsarticle\",\"name\":\"Concentraci\\u00f3n HDC Astur 2019, en Cand\\u00e1s | Cand\\u00e1s 365\",\"headline\":\"Concentraci\\u00f3n HDC Astur 2019, en Cand\\u00e1s\",\"author\":{\"@id\":\"https:\\\/\\\/candas365.es\\\/noticias\\\/author\\\/admin\\\/#author\"},\"publisher\":{\"@id\":\"https:\\\/\\\/candas365.es\\\/noticias\\\/#organization\"},\"image\":{\"@type\":\"ImageObject\",\"url\":\"https:\\\/\\\/candas365.es\\\/noticias\\\/wp-content\\\/uploads\\\/2019\\\/08\\\/motorcycle-3135467_960_720.jpg\",\"width\":960,\"height\":635},\"datePublished\":\"2019-08-28T18:43:56+02:00\",\"dateModified\":\"2019-08-28T18:43:56+02:00\",\"inLanguage\":\"es-ES\",\"mainEntityOfPage\":{\"@id\":\"https:\\\/\\\/candas365.es\\\/noticias\\\/concentracion-hdc-astur-2019-en-candas\\\/#webpage\"},\"isPartOf\":{\"@id\":\"https:\\\/\\\/candas365.es\\\/noticias\\\/concentracion-hdc-astur-2019-en-candas\\\/#webpage\"},\"articleSection\":\"Noticias Carre\\u00f1o\",\"dateline\":\"Publicado el agosto 28, 2019.\"},{\"@type\":\"Organization\",\"@id\":\"https:\\\/\\\/candas365.es\\\/noticias\\\/#organization\",\"name\":\"Cand\\u00e1s 365\",\"description\":\"Cand\\u00e1s 365 es un diario digital independiente, fundado en 2012, con base en Asturias. Informamos con rigor sobre actualidad, sociedad, cultura y ocio, con una mirada local y global.\",\"url\":\"https:\\\/\\\/candas365.es\\\/noticias\\\/\",\"email\":\"info@candas365.es\",\"telephone\":\"+34652131393\",\"foundingDate\":\"2012-06-10\",\"logo\":{\"@type\":\"ImageObject\",\"url\":\"https:\\\/\\\/candas365.es\\\/noticias\\\/wp-content\\\/uploads\\\/2024\\\/09\\\/Candas-365-Redes.jpg\",\"@id\":\"https:\\\/\\\/candas365.es\\\/noticias\\\/concentracion-hdc-astur-2019-en-candas\\\/#organizationLogo\",\"width\":1152,\"height\":864,\"caption\":\"Cand\\u00e1s 365 Redes\"},\"image\":{\"@id\":\"https:\\\/\\\/candas365.es\\\/noticias\\\/concentracion-hdc-astur-2019-en-candas\\\/#organizationLogo\"},\"sameAs\":[\"https:\\\/\\\/www.facebook.com\\\/Nachofdezber\",\"https:\\\/\\\/x.com\\\/NabercoDigital\",\"https:\\\/\\\/www.instagram.com\\\/nachofdezber\\\/\",\"https:\\\/\\\/www.youtube.com\\\/channel\\\/UCZP-2wLEB9Rv6erhFmqVnvg\"],\"address\":{\"@id\":\"https:\\\/\\\/candas365.es\\\/noticias\\\/#postaladdress\",\"@type\":\"PostalAddress\",\"streetAddress\":\"san antonio 4, san antonio 4\",\"postalCode\":\"33430\",\"addressLocality\":\"Cand\\u00e1s\",\"addressRegion\":\"Asturias\",\"addressCountry\":\"ES\"}},{\"@type\":\"Person\",\"@id\":\"https:\\\/\\\/candas365.es\\\/noticias\\\/author\\\/admin\\\/#author\",\"url\":\"https:\\\/\\\/candas365.es\\\/noticias\\\/author\\\/admin\\\/\",\"name\":\"Cand\\u00e1s 365\",\"image\":{\"@type\":\"ImageObject\",\"@id\":\"https:\\\/\\\/candas365.es\\\/noticias\\\/concentracion-hdc-astur-2019-en-candas\\\/#authorImage\",\"url\":\"https:\\\/\\\/secure.gravatar.com\\\/avatar\\\/496a8e03d0c493ede1718b7934145dbdf8d89be1036b0eec9544e1094c9de390?s=96&d=mm&r=g\",\"width\":96,\"height\":96,\"caption\":\"Cand\\u00e1s 365\"},\"sameAs\":[\"https:\\\/\\\/www.facebook.com\\\/carrenoactualidad\",\"https:\\\/\\\/twitter.com\\\/nbasturias\",\"https:\\\/\\\/www.instagram.com\\\/nachofdezber\\\/\",\"https:\\\/\\\/www.youtube.com\\\/channel\\\/UCZP-2wLEB9Rv6erhFmqVnvg\"]},{\"@type\":\"WebPage\",\"@id\":\"https:\\\/\\\/candas365.es\\\/noticias\\\/concentracion-hdc-astur-2019-en-candas\\\/#webpage\",\"url\":\"https:\\\/\\\/candas365.es\\\/noticias\\\/concentracion-hdc-astur-2019-en-candas\\\/\",\"name\":\"Concentraci\\u00f3n HDC Astur 2019, en Cand\\u00e1s | Cand\\u00e1s 365\",\"description\":\"El Puerto de Cand\\u00e1s ser\\u00e1 el escenario donde tendr\\u00e1 lugar la Concentraci\\u00f3n anual del grupo HDC Astur, desde el jueves 29 de agosto hasta el domingo 1 de septiembre. Est\\u00e1 prevista la participaci\\u00f3n de m\\u00e1s de 250 moteros y monteras procedentes de toda la geograf\\u00eda espa\\u00f1ola. La programaci\\u00f3n dar\\u00e1 comienzo este jueves a las 17\",\"inLanguage\":\"es-ES\",\"isPartOf\":{\"@id\":\"https:\\\/\\\/candas365.es\\\/noticias\\\/#website\"},\"breadcrumb\":{\"@id\":\"https:\\\/\\\/candas365.es\\\/noticias\\\/concentracion-hdc-astur-2019-en-candas\\\/#breadcrumblist\"},\"author\":{\"@id\":\"https:\\\/\\\/candas365.es\\\/noticias\\\/author\\\/admin\\\/#author\"},\"creator\":{\"@id\":\"https:\\\/\\\/candas365.es\\\/noticias\\\/author\\\/admin\\\/#author\"},\"image\":{\"@type\":\"ImageObject\",\"url\":\"https:\\\/\\\/candas365.es\\\/noticias\\\/wp-content\\\/uploads\\\/2019\\\/08\\\/motorcycle-3135467_960_720.jpg\",\"@id\":\"https:\\\/\\\/candas365.es\\\/noticias\\\/concentracion-hdc-astur-2019-en-candas\\\/#mainImage\",\"width\":960,\"height\":635},\"primaryImageOfPage\":{\"@id\":\"https:\\\/\\\/candas365.es\\\/noticias\\\/concentracion-hdc-astur-2019-en-candas\\\/#mainImage\"},\"datePublished\":\"2019-08-28T18:43:56+02:00\",\"dateModified\":\"2019-08-28T18:43:56+02:00\"},{\"@type\":\"WebSite\",\"@id\":\"https:\\\/\\\/candas365.es\\\/noticias\\\/#website\",\"url\":\"https:\\\/\\\/candas365.es\\\/noticias\\\/\",\"name\":\"Cand\\u00e1s 365\",\"alternateName\":\"Cand\\u00e1s 365 Noticias\",\"description\":\"Actualidad desde Carre\\u00f1o para el mundo\",\"inLanguage\":\"es-ES\",\"publisher\":{\"@id\":\"https:\\\/\\\/candas365.es\\\/noticias\\\/#organization\"}}]}\n\t\t<\/script>\n\t\t<!-- All in One SEO Pro -->\r\n\t\t<title>Concentraci\u00f3n HDC Astur 2019, en Cand\u00e1s | Cand\u00e1s 365<\/title>\n\n","aioseo_head_json":{"title":"Concentraci\u00f3n HDC Astur 2019, en Cand\u00e1s | Cand\u00e1s 365","description":"El Puerto de Cand\u00e1s ser\u00e1 el escenario donde tendr\u00e1 lugar la Concentraci\u00f3n anual del grupo HDC Astur, desde el jueves 29 de agosto hasta el domingo 1 de septiembre. Est\u00e1 prevista la participaci\u00f3n de m\u00e1s de 250 moteros y monteras procedentes de toda la geograf\u00eda espa\u00f1ola. La programaci\u00f3n dar\u00e1 comienzo este jueves a las 17","canonical_url":"https:\/\/candas365.es\/noticias\/concentracion-hdc-astur-2019-en-candas\/","robots":"max-image-preview:large","keywords":"noticias carre\u00f1o","webmasterTools":{"google-site-verification":"UA-32230408-1","msvalidate.01":"354F3CDFB2DA171B47FBE9ABF1F88D5","miscellaneous":""},"schema":{"@context":"https:\/\/schema.org","@graph":[{"@type":"BreadcrumbList","@id":"https:\/\/candas365.es\/noticias\/concentracion-hdc-astur-2019-en-candas\/#breadcrumblist","itemListElement":[{"@type":"ListItem","@id":"https:\/\/candas365.es\/noticias#listItem","position":1,"name":"Home","item":"https:\/\/candas365.es\/noticias","nextItem":{"@type":"ListItem","@id":"https:\/\/candas365.es\/noticias\/category\/noticias-carreno\/#listItem","name":"Noticias Carre\u00f1o"}},{"@type":"ListItem","@id":"https:\/\/candas365.es\/noticias\/category\/noticias-carreno\/#listItem","position":2,"name":"Noticias Carre\u00f1o","item":"https:\/\/candas365.es\/noticias\/category\/noticias-carreno\/","nextItem":{"@type":"ListItem","@id":"https:\/\/candas365.es\/noticias\/concentracion-hdc-astur-2019-en-candas\/#listItem","name":"Concentraci\u00f3n HDC Astur 2019, en Cand\u00e1s"},"previousItem":{"@type":"ListItem","@id":"https:\/\/candas365.es\/noticias#listItem","name":"Home"}},{"@type":"ListItem","@id":"https:\/\/candas365.es\/noticias\/concentracion-hdc-astur-2019-en-candas\/#listItem","position":3,"name":"Concentraci\u00f3n HDC Astur 2019, en Cand\u00e1s","previousItem":{"@type":"ListItem","@id":"https:\/\/candas365.es\/noticias\/category\/noticias-carreno\/#listItem","name":"Noticias Carre\u00f1o"}}]},{"@type":"NewsArticle","@id":"https:\/\/candas365.es\/noticias\/concentracion-hdc-astur-2019-en-candas\/#newsarticle","name":"Concentraci\u00f3n HDC Astur 2019, en Cand\u00e1s | Cand\u00e1s 365","headline":"Concentraci\u00f3n HDC Astur 2019, en Cand\u00e1s","author":{"@id":"https:\/\/candas365.es\/noticias\/author\/admin\/#author"},"publisher":{"@id":"https:\/\/candas365.es\/noticias\/#organization"},"image":{"@type":"ImageObject","url":"https:\/\/candas365.es\/noticias\/wp-content\/uploads\/2019\/08\/motorcycle-3135467_960_720.jpg","width":960,"height":635},"datePublished":"2019-08-28T18:43:56+02:00","dateModified":"2019-08-28T18:43:56+02:00","inLanguage":"es-ES","mainEntityOfPage":{"@id":"https:\/\/candas365.es\/noticias\/concentracion-hdc-astur-2019-en-candas\/#webpage"},"isPartOf":{"@id":"https:\/\/candas365.es\/noticias\/concentracion-hdc-astur-2019-en-candas\/#webpage"},"articleSection":"Noticias Carre\u00f1o","dateline":"Publicado el agosto 28, 2019."},{"@type":"Organization","@id":"https:\/\/candas365.es\/noticias\/#organization","name":"Cand\u00e1s 365","description":"Cand\u00e1s 365 es un diario digital independiente, fundado en 2012, con base en Asturias. Informamos con rigor sobre actualidad, sociedad, cultura y ocio, con una mirada local y global.","url":"https:\/\/candas365.es\/noticias\/","email":"info@candas365.es","telephone":"+34652131393","foundingDate":"2012-06-10","logo":{"@type":"ImageObject","url":"https:\/\/candas365.es\/noticias\/wp-content\/uploads\/2024\/09\/Candas-365-Redes.jpg","@id":"https:\/\/candas365.es\/noticias\/concentracion-hdc-astur-2019-en-candas\/#organizationLogo","width":1152,"height":864,"caption":"Cand\u00e1s 365 Redes"},"image":{"@id":"https:\/\/candas365.es\/noticias\/concentracion-hdc-astur-2019-en-candas\/#organizationLogo"},"sameAs":["https:\/\/www.facebook.com\/Nachofdezber","https:\/\/x.com\/NabercoDigital","https:\/\/www.instagram.com\/nachofdezber\/","https:\/\/www.youtube.com\/channel\/UCZP-2wLEB9Rv6erhFmqVnvg"],"address":{"@id":"https:\/\/candas365.es\/noticias\/#postaladdress","@type":"PostalAddress","streetAddress":"san antonio 4, san antonio 4","postalCode":"33430","addressLocality":"Cand\u00e1s","addressRegion":"Asturias","addressCountry":"ES"}},{"@type":"Person","@id":"https:\/\/candas365.es\/noticias\/author\/admin\/#author","url":"https:\/\/candas365.es\/noticias\/author\/admin\/","name":"Cand\u00e1s 365","image":{"@type":"ImageObject","@id":"https:\/\/candas365.es\/noticias\/concentracion-hdc-astur-2019-en-candas\/#authorImage","url":"https:\/\/secure.gravatar.com\/avatar\/496a8e03d0c493ede1718b7934145dbdf8d89be1036b0eec9544e1094c9de390?s=96&d=mm&r=g","width":96,"height":96,"caption":"Cand\u00e1s 365"},"sameAs":["https:\/\/www.facebook.com\/carrenoactualidad","https:\/\/twitter.com\/nbasturias","https:\/\/www.instagram.com\/nachofdezber\/","https:\/\/www.youtube.com\/channel\/UCZP-2wLEB9Rv6erhFmqVnvg"]},{"@type":"WebPage","@id":"https:\/\/candas365.es\/noticias\/concentracion-hdc-astur-2019-en-candas\/#webpage","url":"https:\/\/candas365.es\/noticias\/concentracion-hdc-astur-2019-en-candas\/","name":"Concentraci\u00f3n HDC Astur 2019, en Cand\u00e1s | Cand\u00e1s 365","description":"El Puerto de Cand\u00e1s ser\u00e1 el escenario donde tendr\u00e1 lugar la Concentraci\u00f3n anual del grupo HDC Astur, desde el jueves 29 de agosto hasta el domingo 1 de septiembre. Est\u00e1 prevista la participaci\u00f3n de m\u00e1s de 250 moteros y monteras procedentes de toda la geograf\u00eda espa\u00f1ola. La programaci\u00f3n dar\u00e1 comienzo este jueves a las 17","inLanguage":"es-ES","isPartOf":{"@id":"https:\/\/candas365.es\/noticias\/#website"},"breadcrumb":{"@id":"https:\/\/candas365.es\/noticias\/concentracion-hdc-astur-2019-en-candas\/#breadcrumblist"},"author":{"@id":"https:\/\/candas365.es\/noticias\/author\/admin\/#author"},"creator":{"@id":"https:\/\/candas365.es\/noticias\/author\/admin\/#author"},"image":{"@type":"ImageObject","url":"https:\/\/candas365.es\/noticias\/wp-content\/uploads\/2019\/08\/motorcycle-3135467_960_720.jpg","@id":"https:\/\/candas365.es\/noticias\/concentracion-hdc-astur-2019-en-candas\/#mainImage","width":960,"height":635},"primaryImageOfPage":{"@id":"https:\/\/candas365.es\/noticias\/concentracion-hdc-astur-2019-en-candas\/#mainImage"},"datePublished":"2019-08-28T18:43:56+02:00","dateModified":"2019-08-28T18:43:56+02:00"},{"@type":"WebSite","@id":"https:\/\/candas365.es\/noticias\/#website","url":"https:\/\/candas365.es\/noticias\/","name":"Cand\u00e1s 365","alternateName":"Cand\u00e1s 365 Noticias","description":"Actualidad desde Carre\u00f1o para el mundo","inLanguage":"es-ES","publisher":{"@id":"https:\/\/candas365.es\/noticias\/#organization"}}]},"og:locale":"es_ES","og:site_name":"Cand\u00e1s 365","og:type":"article","og:title":"Concentraci\u00f3n HDC Astur 2019, en Cand\u00e1s | Cand\u00e1s 365","og:description":"El Puerto de Cand\u00e1s ser\u00e1 el escenario donde tendr\u00e1 lugar la Concentraci\u00f3n anual del grupo HDC Astur, desde el jueves 29 de agosto hasta el domingo 1 de septiembre. Est\u00e1 prevista la participaci\u00f3n de m\u00e1s de 250 moteros y monteras procedentes de toda la geograf\u00eda espa\u00f1ola. La programaci\u00f3n dar\u00e1 comienzo este jueves a las 17","og:url":"https:\/\/candas365.es\/noticias\/concentracion-hdc-astur-2019-en-candas\/","og:image":"https:\/\/candas365.es\/noticias\/wp-content\/uploads\/2019\/08\/motorcycle-3135467_960_720.jpg","og:image:secure_url":"https:\/\/candas365.es\/noticias\/wp-content\/uploads\/2019\/08\/motorcycle-3135467_960_720.jpg","og:image:width":960,"og:image:height":635,"article:published_time":"2019-08-28T18:43:56+00:00","article:modified_time":"2019-08-28T18:43:56+00:00","article:publisher":"https:\/\/www.facebook.com\/Nachofdezber","article:author":"https:\/\/www.facebook.com\/carrenoactualidad","twitter:card":"summary_large_image","twitter:site":"@NabercoDigital","twitter:title":"Concentraci\u00f3n HDC Astur 2019, en Cand\u00e1s | Cand\u00e1s 365","twitter:description":"El Puerto de Cand\u00e1s ser\u00e1 el escenario donde tendr\u00e1 lugar la Concentraci\u00f3n anual del grupo HDC Astur, desde el jueves 29 de agosto hasta el domingo 1 de septiembre. Est\u00e1 prevista la participaci\u00f3n de m\u00e1s de 250 moteros y monteras procedentes de toda la geograf\u00eda espa\u00f1ola. La programaci\u00f3n dar\u00e1 comienzo este jueves a las 17","twitter:creator":"@nbasturias","twitter:image":"https:\/\/candas365.es\/noticias\/wp-content\/uploads\/2019\/08\/motorcycle-3135467_960_720.jpg","twitter:label1":"Escrito por","twitter:data1":"Cand\u00e1s 365","twitter:label2":"Tiempo de lectura estimado","twitter:data2":"2 minutos"},"aioseo_meta_data":{"post_id":"129058","title":null,"description":null,"keywords":null,"keyphrases":null,"primary_term":null,"canonical_url":null,"og_title":null,"og_description":null,"og_object_type":"default","og_image_type":"default","og_image_url":null,"og_image_width":null,"og_image_height":null,"og_image_custom_url":null,"og_image_custom_fields":null,"og_video":null,"og_custom_url":null,"og_article_section":null,"og_article_tags":null,"twitter_use_og":false,"twitter_card":"default","twitter_image_type":"default","twitter_image_url":null,"twitter_image_custom_url":null,"twitter_image_custom_fields":null,"twitter_title":null,"twitter_description":null,"schema":{"blockGraphs":[],"customGraphs":[],"default":{"data":{"Article":[],"Course":[],"Dataset":[],"FAQPage":[],"Movie":[],"Person":[],"Product":[],"ProductReview":[],"Car":[],"Recipe":[],"Service":[],"SoftwareApplication":[],"WebPage":[]},"graphName":"","isEnabled":true},"graphs":[],"defaultGraph":"","defaultPostTypeGraph":""},"schema_type":null,"schema_type_options":null,"pillar_content":false,"robots_default":true,"robots_noindex":false,"robots_noarchive":false,"robots_nosnippet":false,"robots_nofollow":false,"robots_noimageindex":false,"robots_noodp":false,"robots_notranslate":false,"robots_max_snippet":null,"robots_max_videopreview":null,"robots_max_imagepreview":"large","priority":null,"frequency":null,"location":null,"local_seo":null,"seo_analyzer_scan_date":"2025-08-30 12:38:26","breadcrumb_settings":null,"limit_modified_date":false,"reviewed_by":null,"open_ai":null,"ai":null,"created":"2020-12-21 10:53:22","updated":"2025-08-30 12:38:26"},"aioseo_breadcrumb":"<div class=\"aioseo-breadcrumbs\"><span class=\"aioseo-breadcrumb\">\n\t<a href=\"https:\/\/candas365.es\/noticias\" title=\"Home\">Home<\/a>\n<\/span><span class=\"aioseo-breadcrumb-separator\">&ndash;<\/span><span class=\"aioseo-breadcrumb\">\n\t<a href=\"https:\/\/candas365.es\/noticias\/category\/noticias-carreno\/\" title=\"Noticias Carre\u00f1o\">Noticias Carre\u00f1o<\/a>\n<\/span><span class=\"aioseo-breadcrumb-separator\">&ndash;<\/span><span class=\"aioseo-breadcrumb\">\n\tConcentraci\u00f3n HDC Astur 2019, en Cand\u00e1s\n<\/span><\/div>","aioseo_breadcrumb_json":[{"label":"Home","link":"https:\/\/candas365.es\/noticias"},{"label":"Noticias Carre\u00f1o","link":"https:\/\/candas365.es\/noticias\/category\/noticias-carreno\/"},{"label":"Concentraci\u00f3n HDC Astur 2019, en Cand\u00e1s","link":"https:\/\/candas365.es\/noticias\/concentracion-hdc-astur-2019-en-candas\/"}],"_links":{"self":[{"href":"https:\/\/candas365.es\/noticias\/wp-json\/wp\/v2\/posts\/129058","targetHints":{"allow":["GET"]}}],"collection":[{"href":"https:\/\/candas365.es\/noticias\/wp-json\/wp\/v2\/posts"}],"about":[{"href":"https:\/\/candas365.es\/noticias\/wp-json\/wp\/v2\/types\/post"}],"author":[{"embeddable":true,"href":"https:\/\/candas365.es\/noticias\/wp-json\/wp\/v2\/users\/1"}],"replies":[{"embeddable":true,"href":"https:\/\/candas365.es\/noticias\/wp-json\/wp\/v2\/comments?post=129058"}],"version-history":[{"count":0,"href":"https:\/\/candas365.es\/noticias\/wp-json\/wp\/v2\/posts\/129058\/revisions"}],"wp:featuredmedia":[{"embeddable":true,"href":"https:\/\/candas365.es\/noticias\/wp-json\/wp\/v2\/media\/129059"}],"wp:attachment":[{"href":"https:\/\/candas365.es\/noticias\/wp-json\/wp\/v2\/media?parent=129058"}],"wp:term":[{"taxonomy":"category","embeddable":true,"href":"https:\/\/candas365.es\/noticias\/wp-json\/wp\/v2\/categories?post=129058"},{"taxonomy":"post_tag","embeddable":true,"href":"https:\/\/candas365.es\/noticias\/wp-json\/wp\/v2\/tags?post=129058"}],"curies":[{"name":"wp","href":"https:\/\/api.w.org\/{rel}","templated":true}]}}