{"id":129055,"date":"2019-08-28T18:38:57","date_gmt":"2019-08-28T18:38:57","guid":{"rendered":"http:\/\/candas365.es\/noticias\/?p=129055"},"modified":"2019-08-28T18:38:57","modified_gmt":"2019-08-28T18:38:57","slug":"nuevo-ciclo-formativo-sobre-seguridad-ciudadana-en-carreno","status":"publish","type":"post","link":"https:\/\/candas365.es\/noticias\/nuevo-ciclo-formativo-sobre-seguridad-ciudadana-en-carreno\/","title":{"rendered":"Nuevo ciclo formativo sobre seguridad \u201cciudadana\u201d en Carre\u00f1o"},"content":{"rendered":"<p><img fetchpriority=\"high\" decoding=\"async\" class=\"alignleft size-medium wp-image-129056\" src=\"https:\/\/candas365.es\/noticias\/wp-content\/uploads\/2019\/08\/people-3188291_960_720-360x240.jpg\" alt=\"\" width=\"360\" height=\"240\" srcset=\"https:\/\/candas365.es\/noticias\/wp-content\/uploads\/2019\/08\/people-3188291_960_720-360x240.jpg 360w, https:\/\/candas365.es\/noticias\/wp-content\/uploads\/2019\/08\/people-3188291_960_720-768x512.jpg 768w, https:\/\/candas365.es\/noticias\/wp-content\/uploads\/2019\/08\/people-3188291_960_720-655x437.jpg 655w, https:\/\/candas365.es\/noticias\/wp-content\/uploads\/2019\/08\/people-3188291_960_720-696x464.jpg 696w, https:\/\/candas365.es\/noticias\/wp-content\/uploads\/2019\/08\/people-3188291_960_720-630x420.jpg 630w, https:\/\/candas365.es\/noticias\/wp-content\/uploads\/2019\/08\/people-3188291_960_720.jpg 960w\" sizes=\"(max-width: 360px) 100vw, 360px\" \/>El pr\u00f3ximo, Mi\u00e9rcoles,<strong> 4 de Septiembre en el CIR Monte Areo dar\u00e1 comienzo a las 17:30 horas<\/strong> la primera sesi\u00f3n post periodo estival para personas adultas. El acceso es libre y gratuito hasta completar aforo disponible en aula polivalente del Centro de Iniciativa Rural \u201cMonte Areo\u201d.<\/p>\n<p>Se trata de una nueva edici\u00f3n de los talleres \u201cCaminado Segur@s por la Vida\u201d en esta ocasi\u00f3n dirigida a las personas adultas que viven en el medio rural. La impartici\u00f3n de la misma corre a cargo del agente de polic\u00eda local, Antonio Molina. El objetivo de esta primera sesi\u00f3n es dar una serie de consejos y recomendaciones de seguridad, indicado especialmente a personas mayores, para minimizar los accidentes que puedan surgir en el d\u00eda a d\u00eda en el hogar, en la v\u00eda p\u00fablica, en los viajes, y\/o o como conductores\/as.<\/p>\n<p>\u201cEl progresivo incremento de la esperanza de vida de la sociedad espa\u00f1ola, unidos a otros factores demogr\u00e1ficos, ha dado lugar a un fen\u00f3meno de gradual envejecimiento de la poblaci\u00f3n. Esta realidad ha dado lugar a que surjan riesgos de seguridad espec\u00edficos que afectan al creciente colectivo representado en las personas mayores. Por lo que se hace necesario la adopci\u00f3n de programas concretos de car\u00e1cter preventivo para la mejora de los niveles de protecci\u00f3n de los colectivos y personas m\u00e1s vulnerables\u201d se\u00f1al\u00f3 Mar\u00eda Rosa Nodal- Concejala de Bienestar Social.<\/p>\n<p>Esta iniciativa de car\u00e1cter social viene a sumarse a las que a lo largo de estos \u00faltimos a\u00f1os ha estado desarrollando el departamento de la Polic\u00eda Local del Ayuntamiento de Carre\u00f1o, como las jornadas de puertas abiertas, campa\u00f1as de sensibilizaci\u00f3n en la comunidad educativa del concejo o las dos ediciones impartidas en Cand\u00e1s del taller \u201cCaminando Segur@s por la Vida\u201d, y los talleres dirigidos espec\u00edficamente a las personas usuarias del Centro de Apoyo a la Integraci\u00f3n (CAI) de Cand\u00e1s.<\/p>\n<p>En esta ocasi\u00f3n la Polic\u00eda Local de Carre\u00f1o dar\u00e1 una serie de pautas para analizar en qu\u00e9 situaciones las personas mayores deben extremar las medidas de prevenci\u00f3n para evitar peligros. Pero primero para poder reconocer esas situaciones se deber\u00e1 conocer unos conceptos b\u00e1sicos que nos lleven a descifrarlas.<\/p>\n<p>Estos ser\u00e1n:<\/p>\n<ul>\n<li>Seguridad: Lugar en el que no hay peligros, da\u00f1os, ni riesgos.<\/li>\n<li>Prevenci\u00f3n: Prestar atenci\u00f3n a todas las circunstancias que nos rodean para detectar los riesgos o peligros.<\/li>\n<li>Cuidado: Es la forma de actuar con atenci\u00f3n o precauci\u00f3n para que todo est\u00e9 bien.<\/li>\n<li>Riesgo: Posibilidad de que se produzca un contratiempo o una desgracia, de que alguien o algo sufra perjuicio o da\u00f1o.<\/li>\n<li>Peligro: Es la circunstancia en la que es posible que suceda un mal.<\/li>\n<\/ul>\n<p>Tras conocer y diferenciar estos conceptos b\u00e1sicos se les dar\u00e1n unas pautas, recomendaciones o consejos de prevenci\u00f3n y\/o las medias a tomar, en cada una de las diferentes situaciones en las que las personas mayores se pueden encontrar en su vida diaria, para evitar el peligro:<\/p>\n<ul>\n<li>En la v\u00eda p\u00fablica, entre otras hay que procurar andar por la zona interior de la acera, colocando el bolso en la zona pr\u00f3xima a la pared y pegado al cuerpo para evitar tirones.<\/li>\n<li>En el domicilio: tales como no abrir la puerta a personas desconocidos\/as; observar a trav\u00e9s de la mirilla y poner la cadena antes de abrir. No dejar entrar a vendedores\/as sin identificaci\u00f3n.Cerrar la puerta con la llave siempre que salga de casa con varias vueltas de llave para impedir su apertura con el m\u00e9todo de la tarjeta.<\/li>\n<li>En los viajes. Recomendaciones tales como que si viajamos acompa\u00f1ados\/as, dividir el dinero que llevamos en efectivo y si viajamos solos guardarlo en varios compartimentos en lugares seguros para emergencias. Llevar la documentaci\u00f3n separada del dinero, y si tenemos que viajar a pa\u00edses extracomunitarios, llevar separado el pasaporte del D.N.I.<\/li>\n<li>En el banco, considerar el no sacar grandes cantidades de dinero (por ejemplo, una \u00fanica extracci\u00f3n para todo el mes) y, si no tiene m\u00e1s remedio, hacerlo acompa\u00f1ado por otras personas. No facilitar a nadie las tarjetas de cr\u00e9dito, ni la informaci\u00f3n que hay en la misma. Intentar memorizar su n\u00famero secreto, no llevarlo escrito.<\/li>\n<li>Accidentes en el hogar: se dar\u00e1n algunas pautas respecto al uso de las sillas u otros objetos muebles a modo de evitar usar escalera. La importancia de evitar que las alfombras se deslicen o tengan bordes elevados, y la necesidad de mantener el suelo libre de objetos, sobre todo en zonas de paso.<\/li>\n<li>Prevenir incendios en el hogar: A tal fin, es importante limpiar regularmente las grasas y hollines de la campana extractora y chimenea ya que pueden producir incendios. No abandonar la sart\u00e9n en el fuego. No echar agua en la sart\u00e9n o freidora incendiada, y en caso de emergencia sofocar el fuego con un pa\u00f1o mojado<\/li>\n<\/ul>\n<p>Todos estas situaciones, adem\u00e1s de qu\u00e9 hacer en caso de malos tratos; consejos para evitar un golpe de calor; c\u00f3mo comportarnos como personas usuarias de la v\u00eda p\u00fablica o como conductores\/as de un autom\u00f3vil, tanto en v\u00eda urbana como en carretera ser\u00e1n analizadas en el citado taller intentando aconsejar unas medidas de prevenci\u00f3n para que todos nuestros mayores vivan con mayor seguridad.<\/p>\n","protected":false},"excerpt":{"rendered":"<p>El pr\u00f3ximo, Mi\u00e9rcoles, 4 de Septiembre en el CIR Monte Areo dar\u00e1 comienzo a las 17:30 horas la primera sesi\u00f3n post periodo estival para personas adultas. El acceso es libre y gratuito hasta completar aforo disponible en aula polivalente del Centro de Iniciativa Rural \u201cMonte Areo\u201d. Se trata de una nueva edici\u00f3n de los talleres<\/p>\n","protected":false},"author":1,"featured_media":129056,"comment_status":"closed","ping_status":"closed","sticky":false,"template":"","format":"standard","meta":{"footnotes":""},"categories":[2],"tags":[],"class_list":{"0":"post-129055","1":"post","2":"type-post","3":"status-publish","4":"format-standard","5":"has-post-thumbnail","7":"category-noticias-carreno"},"aioseo_notices":[],"aioseo_head":"\n\t\t<!-- All in One SEO Pro 4.9.6.2 - aioseo.com -->\n\t<meta name=\"description\" content=\"El pr\u00f3ximo, Mi\u00e9rcoles, 4 de Septiembre en el CIR Monte Areo dar\u00e1 comienzo a las 17:30 horas la primera sesi\u00f3n post periodo estival para personas adultas. El acceso es libre y gratuito hasta completar aforo disponible en aula polivalente del Centro de Iniciativa Rural \u201cMonte Areo\u201d. Se trata de una nueva edici\u00f3n de los talleres\" \/>\n\t<meta name=\"robots\" content=\"max-image-preview:large\" \/>\n\t<meta name=\"author\" content=\"Cand\u00e1s 365\"\/>\n\t<meta name=\"google-site-verification\" content=\"UA-32230408-1\" \/>\n\t<meta name=\"msvalidate.01\" content=\"354F3CDFB2DA171B47FBE9ABF1F88D5\" \/>\n\t<meta name=\"keywords\" content=\"noticias carre\u00f1o\" \/>\n\t<link rel=\"canonical\" href=\"https:\/\/candas365.es\/noticias\/nuevo-ciclo-formativo-sobre-seguridad-ciudadana-en-carreno\/\" \/>\n\t<meta name=\"generator\" content=\"All in One SEO Pro (AIOSEO) 4.9.6.2\" \/>\n\t\t<meta property=\"og:locale\" content=\"es_ES\" \/>\n\t\t<meta property=\"og:site_name\" content=\"Cand\u00e1s 365\" \/>\n\t\t<meta property=\"og:type\" content=\"article\" \/>\n\t\t<meta property=\"og:title\" content=\"Nuevo ciclo formativo sobre seguridad \u201cciudadana\u201d en Carre\u00f1o | Cand\u00e1s 365\" \/>\n\t\t<meta property=\"og:description\" content=\"El pr\u00f3ximo, Mi\u00e9rcoles, 4 de Septiembre en el CIR Monte Areo dar\u00e1 comienzo a las 17:30 horas la primera sesi\u00f3n post periodo estival para personas adultas. El acceso es libre y gratuito hasta completar aforo disponible en aula polivalente del Centro de Iniciativa Rural \u201cMonte Areo\u201d. Se trata de una nueva edici\u00f3n de los talleres\" \/>\n\t\t<meta property=\"og:url\" content=\"https:\/\/candas365.es\/noticias\/nuevo-ciclo-formativo-sobre-seguridad-ciudadana-en-carreno\/\" \/>\n\t\t<meta property=\"og:image\" content=\"https:\/\/candas365.es\/noticias\/wp-content\/uploads\/2019\/08\/people-3188291_960_720.jpg\" \/>\n\t\t<meta property=\"og:image:secure_url\" content=\"https:\/\/candas365.es\/noticias\/wp-content\/uploads\/2019\/08\/people-3188291_960_720.jpg\" \/>\n\t\t<meta property=\"og:image:width\" content=\"960\" \/>\n\t\t<meta property=\"og:image:height\" content=\"640\" \/>\n\t\t<meta property=\"article:published_time\" content=\"2019-08-28T18:38:57+00:00\" \/>\n\t\t<meta property=\"article:modified_time\" content=\"2019-08-28T18:38:57+00:00\" \/>\n\t\t<meta property=\"article:publisher\" content=\"https:\/\/www.facebook.com\/Nachofdezber\" \/>\n\t\t<meta property=\"article:author\" content=\"https:\/\/www.facebook.com\/carrenoactualidad\" \/>\n\t\t<meta name=\"twitter:card\" content=\"summary_large_image\" \/>\n\t\t<meta name=\"twitter:site\" content=\"@NabercoDigital\" \/>\n\t\t<meta name=\"twitter:title\" content=\"Nuevo ciclo formativo sobre seguridad \u201cciudadana\u201d en Carre\u00f1o | Cand\u00e1s 365\" \/>\n\t\t<meta name=\"twitter:description\" content=\"El pr\u00f3ximo, Mi\u00e9rcoles, 4 de Septiembre en el CIR Monte Areo dar\u00e1 comienzo a las 17:30 horas la primera sesi\u00f3n post periodo estival para personas adultas. El acceso es libre y gratuito hasta completar aforo disponible en aula polivalente del Centro de Iniciativa Rural \u201cMonte Areo\u201d. Se trata de una nueva edici\u00f3n de los talleres\" \/>\n\t\t<meta name=\"twitter:creator\" content=\"@nbasturias\" \/>\n\t\t<meta name=\"twitter:image\" content=\"https:\/\/candas365.es\/noticias\/wp-content\/uploads\/2019\/08\/people-3188291_960_720.jpg\" \/>\n\t\t<meta name=\"twitter:label1\" content=\"Escrito por\" \/>\n\t\t<meta name=\"twitter:data1\" content=\"Cand\u00e1s 365\" \/>\n\t\t<meta name=\"twitter:label2\" content=\"Tiempo de lectura estimado\" \/>\n\t\t<meta name=\"twitter:data2\" content=\"5 minutos\" \/>\n\t\t<script type=\"application\/ld+json\" class=\"aioseo-schema\">\n\t\t\t{\"@context\":\"https:\\\/\\\/schema.org\",\"@graph\":[{\"@type\":\"BreadcrumbList\",\"@id\":\"https:\\\/\\\/candas365.es\\\/noticias\\\/nuevo-ciclo-formativo-sobre-seguridad-ciudadana-en-carreno\\\/#breadcrumblist\",\"itemListElement\":[{\"@type\":\"ListItem\",\"@id\":\"https:\\\/\\\/candas365.es\\\/noticias#listItem\",\"position\":1,\"name\":\"Home\",\"item\":\"https:\\\/\\\/candas365.es\\\/noticias\",\"nextItem\":{\"@type\":\"ListItem\",\"@id\":\"https:\\\/\\\/candas365.es\\\/noticias\\\/category\\\/noticias-carreno\\\/#listItem\",\"name\":\"Noticias Carre\\u00f1o\"}},{\"@type\":\"ListItem\",\"@id\":\"https:\\\/\\\/candas365.es\\\/noticias\\\/category\\\/noticias-carreno\\\/#listItem\",\"position\":2,\"name\":\"Noticias Carre\\u00f1o\",\"item\":\"https:\\\/\\\/candas365.es\\\/noticias\\\/category\\\/noticias-carreno\\\/\",\"nextItem\":{\"@type\":\"ListItem\",\"@id\":\"https:\\\/\\\/candas365.es\\\/noticias\\\/nuevo-ciclo-formativo-sobre-seguridad-ciudadana-en-carreno\\\/#listItem\",\"name\":\"Nuevo ciclo formativo sobre seguridad \\u201cciudadana\\u201d en Carre\\u00f1o\"},\"previousItem\":{\"@type\":\"ListItem\",\"@id\":\"https:\\\/\\\/candas365.es\\\/noticias#listItem\",\"name\":\"Home\"}},{\"@type\":\"ListItem\",\"@id\":\"https:\\\/\\\/candas365.es\\\/noticias\\\/nuevo-ciclo-formativo-sobre-seguridad-ciudadana-en-carreno\\\/#listItem\",\"position\":3,\"name\":\"Nuevo ciclo formativo sobre seguridad \\u201cciudadana\\u201d en Carre\\u00f1o\",\"previousItem\":{\"@type\":\"ListItem\",\"@id\":\"https:\\\/\\\/candas365.es\\\/noticias\\\/category\\\/noticias-carreno\\\/#listItem\",\"name\":\"Noticias Carre\\u00f1o\"}}]},{\"@type\":\"NewsArticle\",\"@id\":\"https:\\\/\\\/candas365.es\\\/noticias\\\/nuevo-ciclo-formativo-sobre-seguridad-ciudadana-en-carreno\\\/#newsarticle\",\"name\":\"Nuevo ciclo formativo sobre seguridad \\u201cciudadana\\u201d en Carre\\u00f1o | Cand\\u00e1s 365\",\"headline\":\"Nuevo ciclo formativo sobre seguridad \\u201cciudadana\\u201d en Carre\\u00f1o\",\"author\":{\"@id\":\"https:\\\/\\\/candas365.es\\\/noticias\\\/author\\\/admin\\\/#author\"},\"publisher\":{\"@id\":\"https:\\\/\\\/candas365.es\\\/noticias\\\/#organization\"},\"image\":{\"@type\":\"ImageObject\",\"url\":\"https:\\\/\\\/candas365.es\\\/noticias\\\/wp-content\\\/uploads\\\/2019\\\/08\\\/people-3188291_960_720.jpg\",\"width\":960,\"height\":640},\"datePublished\":\"2019-08-28T18:38:57+02:00\",\"dateModified\":\"2019-08-28T18:38:57+02:00\",\"inLanguage\":\"es-ES\",\"mainEntityOfPage\":{\"@id\":\"https:\\\/\\\/candas365.es\\\/noticias\\\/nuevo-ciclo-formativo-sobre-seguridad-ciudadana-en-carreno\\\/#webpage\"},\"isPartOf\":{\"@id\":\"https:\\\/\\\/candas365.es\\\/noticias\\\/nuevo-ciclo-formativo-sobre-seguridad-ciudadana-en-carreno\\\/#webpage\"},\"articleSection\":\"Noticias Carre\\u00f1o\",\"dateline\":\"Publicado el agosto 28, 2019.\"},{\"@type\":\"Organization\",\"@id\":\"https:\\\/\\\/candas365.es\\\/noticias\\\/#organization\",\"name\":\"Cand\\u00e1s 365\",\"description\":\"Cand\\u00e1s 365 es un diario digital independiente, fundado en 2012, con base en Asturias. Informamos con rigor sobre actualidad, sociedad, cultura y ocio, con una mirada local y global.\",\"url\":\"https:\\\/\\\/candas365.es\\\/noticias\\\/\",\"email\":\"info@candas365.es\",\"telephone\":\"+34652131393\",\"foundingDate\":\"2012-06-10\",\"logo\":{\"@type\":\"ImageObject\",\"url\":\"https:\\\/\\\/candas365.es\\\/noticias\\\/wp-content\\\/uploads\\\/2024\\\/09\\\/Candas-365-Redes.jpg\",\"@id\":\"https:\\\/\\\/candas365.es\\\/noticias\\\/nuevo-ciclo-formativo-sobre-seguridad-ciudadana-en-carreno\\\/#organizationLogo\",\"width\":1152,\"height\":864,\"caption\":\"Cand\\u00e1s 365 Redes\"},\"image\":{\"@id\":\"https:\\\/\\\/candas365.es\\\/noticias\\\/nuevo-ciclo-formativo-sobre-seguridad-ciudadana-en-carreno\\\/#organizationLogo\"},\"sameAs\":[\"https:\\\/\\\/www.facebook.com\\\/Nachofdezber\",\"https:\\\/\\\/x.com\\\/NabercoDigital\",\"https:\\\/\\\/www.instagram.com\\\/nachofdezber\\\/\",\"https:\\\/\\\/www.youtube.com\\\/channel\\\/UCZP-2wLEB9Rv6erhFmqVnvg\"],\"address\":{\"@id\":\"https:\\\/\\\/candas365.es\\\/noticias\\\/#postaladdress\",\"@type\":\"PostalAddress\",\"streetAddress\":\"san antonio 4, san antonio 4\",\"postalCode\":\"33430\",\"addressLocality\":\"Cand\\u00e1s\",\"addressRegion\":\"Asturias\",\"addressCountry\":\"ES\"}},{\"@type\":\"Person\",\"@id\":\"https:\\\/\\\/candas365.es\\\/noticias\\\/author\\\/admin\\\/#author\",\"url\":\"https:\\\/\\\/candas365.es\\\/noticias\\\/author\\\/admin\\\/\",\"name\":\"Cand\\u00e1s 365\",\"image\":{\"@type\":\"ImageObject\",\"@id\":\"https:\\\/\\\/candas365.es\\\/noticias\\\/nuevo-ciclo-formativo-sobre-seguridad-ciudadana-en-carreno\\\/#authorImage\",\"url\":\"https:\\\/\\\/secure.gravatar.com\\\/avatar\\\/496a8e03d0c493ede1718b7934145dbdf8d89be1036b0eec9544e1094c9de390?s=96&d=mm&r=g\",\"width\":96,\"height\":96,\"caption\":\"Cand\\u00e1s 365\"},\"sameAs\":[\"https:\\\/\\\/www.facebook.com\\\/carrenoactualidad\",\"https:\\\/\\\/twitter.com\\\/nbasturias\",\"https:\\\/\\\/www.instagram.com\\\/nachofdezber\\\/\",\"https:\\\/\\\/www.youtube.com\\\/channel\\\/UCZP-2wLEB9Rv6erhFmqVnvg\"]},{\"@type\":\"WebPage\",\"@id\":\"https:\\\/\\\/candas365.es\\\/noticias\\\/nuevo-ciclo-formativo-sobre-seguridad-ciudadana-en-carreno\\\/#webpage\",\"url\":\"https:\\\/\\\/candas365.es\\\/noticias\\\/nuevo-ciclo-formativo-sobre-seguridad-ciudadana-en-carreno\\\/\",\"name\":\"Nuevo ciclo formativo sobre seguridad \\u201cciudadana\\u201d en Carre\\u00f1o | Cand\\u00e1s 365\",\"description\":\"El pr\\u00f3ximo, Mi\\u00e9rcoles, 4 de Septiembre en el CIR Monte Areo dar\\u00e1 comienzo a las 17:30 horas la primera sesi\\u00f3n post periodo estival para personas adultas. El acceso es libre y gratuito hasta completar aforo disponible en aula polivalente del Centro de Iniciativa Rural \\u201cMonte Areo\\u201d. Se trata de una nueva edici\\u00f3n de los talleres\",\"inLanguage\":\"es-ES\",\"isPartOf\":{\"@id\":\"https:\\\/\\\/candas365.es\\\/noticias\\\/#website\"},\"breadcrumb\":{\"@id\":\"https:\\\/\\\/candas365.es\\\/noticias\\\/nuevo-ciclo-formativo-sobre-seguridad-ciudadana-en-carreno\\\/#breadcrumblist\"},\"author\":{\"@id\":\"https:\\\/\\\/candas365.es\\\/noticias\\\/author\\\/admin\\\/#author\"},\"creator\":{\"@id\":\"https:\\\/\\\/candas365.es\\\/noticias\\\/author\\\/admin\\\/#author\"},\"image\":{\"@type\":\"ImageObject\",\"url\":\"https:\\\/\\\/candas365.es\\\/noticias\\\/wp-content\\\/uploads\\\/2019\\\/08\\\/people-3188291_960_720.jpg\",\"@id\":\"https:\\\/\\\/candas365.es\\\/noticias\\\/nuevo-ciclo-formativo-sobre-seguridad-ciudadana-en-carreno\\\/#mainImage\",\"width\":960,\"height\":640},\"primaryImageOfPage\":{\"@id\":\"https:\\\/\\\/candas365.es\\\/noticias\\\/nuevo-ciclo-formativo-sobre-seguridad-ciudadana-en-carreno\\\/#mainImage\"},\"datePublished\":\"2019-08-28T18:38:57+02:00\",\"dateModified\":\"2019-08-28T18:38:57+02:00\"},{\"@type\":\"WebSite\",\"@id\":\"https:\\\/\\\/candas365.es\\\/noticias\\\/#website\",\"url\":\"https:\\\/\\\/candas365.es\\\/noticias\\\/\",\"name\":\"Cand\\u00e1s 365\",\"alternateName\":\"Cand\\u00e1s 365 Noticias\",\"description\":\"Actualidad desde Carre\\u00f1o para el mundo\",\"inLanguage\":\"es-ES\",\"publisher\":{\"@id\":\"https:\\\/\\\/candas365.es\\\/noticias\\\/#organization\"}}]}\n\t\t<\/script>\n\t\t<!-- All in One SEO Pro -->\r\n\t\t<title>Nuevo ciclo formativo sobre seguridad \u201cciudadana\u201d en Carre\u00f1o | Cand\u00e1s 365<\/title>\n\n","aioseo_head_json":{"title":"Nuevo ciclo formativo sobre seguridad \u201cciudadana\u201d en Carre\u00f1o | Cand\u00e1s 365","description":"El pr\u00f3ximo, Mi\u00e9rcoles, 4 de Septiembre en el CIR Monte Areo dar\u00e1 comienzo a las 17:30 horas la primera sesi\u00f3n post periodo estival para personas adultas. El acceso es libre y gratuito hasta completar aforo disponible en aula polivalente del Centro de Iniciativa Rural \u201cMonte Areo\u201d. Se trata de una nueva edici\u00f3n de los talleres","canonical_url":"https:\/\/candas365.es\/noticias\/nuevo-ciclo-formativo-sobre-seguridad-ciudadana-en-carreno\/","robots":"max-image-preview:large","keywords":"noticias carre\u00f1o","webmasterTools":{"google-site-verification":"UA-32230408-1","msvalidate.01":"354F3CDFB2DA171B47FBE9ABF1F88D5","miscellaneous":""},"schema":{"@context":"https:\/\/schema.org","@graph":[{"@type":"BreadcrumbList","@id":"https:\/\/candas365.es\/noticias\/nuevo-ciclo-formativo-sobre-seguridad-ciudadana-en-carreno\/#breadcrumblist","itemListElement":[{"@type":"ListItem","@id":"https:\/\/candas365.es\/noticias#listItem","position":1,"name":"Home","item":"https:\/\/candas365.es\/noticias","nextItem":{"@type":"ListItem","@id":"https:\/\/candas365.es\/noticias\/category\/noticias-carreno\/#listItem","name":"Noticias Carre\u00f1o"}},{"@type":"ListItem","@id":"https:\/\/candas365.es\/noticias\/category\/noticias-carreno\/#listItem","position":2,"name":"Noticias Carre\u00f1o","item":"https:\/\/candas365.es\/noticias\/category\/noticias-carreno\/","nextItem":{"@type":"ListItem","@id":"https:\/\/candas365.es\/noticias\/nuevo-ciclo-formativo-sobre-seguridad-ciudadana-en-carreno\/#listItem","name":"Nuevo ciclo formativo sobre seguridad \u201cciudadana\u201d en Carre\u00f1o"},"previousItem":{"@type":"ListItem","@id":"https:\/\/candas365.es\/noticias#listItem","name":"Home"}},{"@type":"ListItem","@id":"https:\/\/candas365.es\/noticias\/nuevo-ciclo-formativo-sobre-seguridad-ciudadana-en-carreno\/#listItem","position":3,"name":"Nuevo ciclo formativo sobre seguridad \u201cciudadana\u201d en Carre\u00f1o","previousItem":{"@type":"ListItem","@id":"https:\/\/candas365.es\/noticias\/category\/noticias-carreno\/#listItem","name":"Noticias Carre\u00f1o"}}]},{"@type":"NewsArticle","@id":"https:\/\/candas365.es\/noticias\/nuevo-ciclo-formativo-sobre-seguridad-ciudadana-en-carreno\/#newsarticle","name":"Nuevo ciclo formativo sobre seguridad \u201cciudadana\u201d en Carre\u00f1o | Cand\u00e1s 365","headline":"Nuevo ciclo formativo sobre seguridad \u201cciudadana\u201d en Carre\u00f1o","author":{"@id":"https:\/\/candas365.es\/noticias\/author\/admin\/#author"},"publisher":{"@id":"https:\/\/candas365.es\/noticias\/#organization"},"image":{"@type":"ImageObject","url":"https:\/\/candas365.es\/noticias\/wp-content\/uploads\/2019\/08\/people-3188291_960_720.jpg","width":960,"height":640},"datePublished":"2019-08-28T18:38:57+02:00","dateModified":"2019-08-28T18:38:57+02:00","inLanguage":"es-ES","mainEntityOfPage":{"@id":"https:\/\/candas365.es\/noticias\/nuevo-ciclo-formativo-sobre-seguridad-ciudadana-en-carreno\/#webpage"},"isPartOf":{"@id":"https:\/\/candas365.es\/noticias\/nuevo-ciclo-formativo-sobre-seguridad-ciudadana-en-carreno\/#webpage"},"articleSection":"Noticias Carre\u00f1o","dateline":"Publicado el agosto 28, 2019."},{"@type":"Organization","@id":"https:\/\/candas365.es\/noticias\/#organization","name":"Cand\u00e1s 365","description":"Cand\u00e1s 365 es un diario digital independiente, fundado en 2012, con base en Asturias. Informamos con rigor sobre actualidad, sociedad, cultura y ocio, con una mirada local y global.","url":"https:\/\/candas365.es\/noticias\/","email":"info@candas365.es","telephone":"+34652131393","foundingDate":"2012-06-10","logo":{"@type":"ImageObject","url":"https:\/\/candas365.es\/noticias\/wp-content\/uploads\/2024\/09\/Candas-365-Redes.jpg","@id":"https:\/\/candas365.es\/noticias\/nuevo-ciclo-formativo-sobre-seguridad-ciudadana-en-carreno\/#organizationLogo","width":1152,"height":864,"caption":"Cand\u00e1s 365 Redes"},"image":{"@id":"https:\/\/candas365.es\/noticias\/nuevo-ciclo-formativo-sobre-seguridad-ciudadana-en-carreno\/#organizationLogo"},"sameAs":["https:\/\/www.facebook.com\/Nachofdezber","https:\/\/x.com\/NabercoDigital","https:\/\/www.instagram.com\/nachofdezber\/","https:\/\/www.youtube.com\/channel\/UCZP-2wLEB9Rv6erhFmqVnvg"],"address":{"@id":"https:\/\/candas365.es\/noticias\/#postaladdress","@type":"PostalAddress","streetAddress":"san antonio 4, san antonio 4","postalCode":"33430","addressLocality":"Cand\u00e1s","addressRegion":"Asturias","addressCountry":"ES"}},{"@type":"Person","@id":"https:\/\/candas365.es\/noticias\/author\/admin\/#author","url":"https:\/\/candas365.es\/noticias\/author\/admin\/","name":"Cand\u00e1s 365","image":{"@type":"ImageObject","@id":"https:\/\/candas365.es\/noticias\/nuevo-ciclo-formativo-sobre-seguridad-ciudadana-en-carreno\/#authorImage","url":"https:\/\/secure.gravatar.com\/avatar\/496a8e03d0c493ede1718b7934145dbdf8d89be1036b0eec9544e1094c9de390?s=96&d=mm&r=g","width":96,"height":96,"caption":"Cand\u00e1s 365"},"sameAs":["https:\/\/www.facebook.com\/carrenoactualidad","https:\/\/twitter.com\/nbasturias","https:\/\/www.instagram.com\/nachofdezber\/","https:\/\/www.youtube.com\/channel\/UCZP-2wLEB9Rv6erhFmqVnvg"]},{"@type":"WebPage","@id":"https:\/\/candas365.es\/noticias\/nuevo-ciclo-formativo-sobre-seguridad-ciudadana-en-carreno\/#webpage","url":"https:\/\/candas365.es\/noticias\/nuevo-ciclo-formativo-sobre-seguridad-ciudadana-en-carreno\/","name":"Nuevo ciclo formativo sobre seguridad \u201cciudadana\u201d en Carre\u00f1o | Cand\u00e1s 365","description":"El pr\u00f3ximo, Mi\u00e9rcoles, 4 de Septiembre en el CIR Monte Areo dar\u00e1 comienzo a las 17:30 horas la primera sesi\u00f3n post periodo estival para personas adultas. El acceso es libre y gratuito hasta completar aforo disponible en aula polivalente del Centro de Iniciativa Rural \u201cMonte Areo\u201d. Se trata de una nueva edici\u00f3n de los talleres","inLanguage":"es-ES","isPartOf":{"@id":"https:\/\/candas365.es\/noticias\/#website"},"breadcrumb":{"@id":"https:\/\/candas365.es\/noticias\/nuevo-ciclo-formativo-sobre-seguridad-ciudadana-en-carreno\/#breadcrumblist"},"author":{"@id":"https:\/\/candas365.es\/noticias\/author\/admin\/#author"},"creator":{"@id":"https:\/\/candas365.es\/noticias\/author\/admin\/#author"},"image":{"@type":"ImageObject","url":"https:\/\/candas365.es\/noticias\/wp-content\/uploads\/2019\/08\/people-3188291_960_720.jpg","@id":"https:\/\/candas365.es\/noticias\/nuevo-ciclo-formativo-sobre-seguridad-ciudadana-en-carreno\/#mainImage","width":960,"height":640},"primaryImageOfPage":{"@id":"https:\/\/candas365.es\/noticias\/nuevo-ciclo-formativo-sobre-seguridad-ciudadana-en-carreno\/#mainImage"},"datePublished":"2019-08-28T18:38:57+02:00","dateModified":"2019-08-28T18:38:57+02:00"},{"@type":"WebSite","@id":"https:\/\/candas365.es\/noticias\/#website","url":"https:\/\/candas365.es\/noticias\/","name":"Cand\u00e1s 365","alternateName":"Cand\u00e1s 365 Noticias","description":"Actualidad desde Carre\u00f1o para el mundo","inLanguage":"es-ES","publisher":{"@id":"https:\/\/candas365.es\/noticias\/#organization"}}]},"og:locale":"es_ES","og:site_name":"Cand\u00e1s 365","og:type":"article","og:title":"Nuevo ciclo formativo sobre seguridad \u201cciudadana\u201d en Carre\u00f1o | Cand\u00e1s 365","og:description":"El pr\u00f3ximo, Mi\u00e9rcoles, 4 de Septiembre en el CIR Monte Areo dar\u00e1 comienzo a las 17:30 horas la primera sesi\u00f3n post periodo estival para personas adultas. El acceso es libre y gratuito hasta completar aforo disponible en aula polivalente del Centro de Iniciativa Rural \u201cMonte Areo\u201d. Se trata de una nueva edici\u00f3n de los talleres","og:url":"https:\/\/candas365.es\/noticias\/nuevo-ciclo-formativo-sobre-seguridad-ciudadana-en-carreno\/","og:image":"https:\/\/candas365.es\/noticias\/wp-content\/uploads\/2019\/08\/people-3188291_960_720.jpg","og:image:secure_url":"https:\/\/candas365.es\/noticias\/wp-content\/uploads\/2019\/08\/people-3188291_960_720.jpg","og:image:width":960,"og:image:height":640,"article:published_time":"2019-08-28T18:38:57+00:00","article:modified_time":"2019-08-28T18:38:57+00:00","article:publisher":"https:\/\/www.facebook.com\/Nachofdezber","article:author":"https:\/\/www.facebook.com\/carrenoactualidad","twitter:card":"summary_large_image","twitter:site":"@NabercoDigital","twitter:title":"Nuevo ciclo formativo sobre seguridad \u201cciudadana\u201d en Carre\u00f1o | Cand\u00e1s 365","twitter:description":"El pr\u00f3ximo, Mi\u00e9rcoles, 4 de Septiembre en el CIR Monte Areo dar\u00e1 comienzo a las 17:30 horas la primera sesi\u00f3n post periodo estival para personas adultas. El acceso es libre y gratuito hasta completar aforo disponible en aula polivalente del Centro de Iniciativa Rural \u201cMonte Areo\u201d. Se trata de una nueva edici\u00f3n de los talleres","twitter:creator":"@nbasturias","twitter:image":"https:\/\/candas365.es\/noticias\/wp-content\/uploads\/2019\/08\/people-3188291_960_720.jpg","twitter:label1":"Escrito por","twitter:data1":"Cand\u00e1s 365","twitter:label2":"Tiempo de lectura estimado","twitter:data2":"5 minutos"},"aioseo_meta_data":{"post_id":"129055","title":null,"description":null,"keywords":null,"keyphrases":null,"primary_term":null,"canonical_url":null,"og_title":null,"og_description":null,"og_object_type":"default","og_image_type":"default","og_image_url":null,"og_image_width":null,"og_image_height":null,"og_image_custom_url":null,"og_image_custom_fields":null,"og_video":null,"og_custom_url":null,"og_article_section":null,"og_article_tags":null,"twitter_use_og":false,"twitter_card":"default","twitter_image_type":"default","twitter_image_url":null,"twitter_image_custom_url":null,"twitter_image_custom_fields":null,"twitter_title":null,"twitter_description":null,"schema":{"blockGraphs":[],"customGraphs":[],"default":{"data":{"Article":[],"Course":[],"Dataset":[],"FAQPage":[],"Movie":[],"Person":[],"Product":[],"ProductReview":[],"Car":[],"Recipe":[],"Service":[],"SoftwareApplication":[],"WebPage":[]},"graphName":"","isEnabled":true},"graphs":[],"defaultGraph":"","defaultPostTypeGraph":""},"schema_type":null,"schema_type_options":null,"pillar_content":false,"robots_default":true,"robots_noindex":false,"robots_noarchive":false,"robots_nosnippet":false,"robots_nofollow":false,"robots_noimageindex":false,"robots_noodp":false,"robots_notranslate":false,"robots_max_snippet":null,"robots_max_videopreview":null,"robots_max_imagepreview":"large","priority":null,"frequency":null,"location":null,"local_seo":null,"seo_analyzer_scan_date":"2025-08-30 12:38:26","breadcrumb_settings":null,"limit_modified_date":false,"reviewed_by":null,"open_ai":null,"ai":null,"created":"2020-12-21 10:53:23","updated":"2025-08-30 12:38:26"},"aioseo_breadcrumb":"<div class=\"aioseo-breadcrumbs\"><span class=\"aioseo-breadcrumb\">\n\t<a href=\"https:\/\/candas365.es\/noticias\" title=\"Home\">Home<\/a>\n<\/span><span class=\"aioseo-breadcrumb-separator\">&ndash;<\/span><span class=\"aioseo-breadcrumb\">\n\t<a href=\"https:\/\/candas365.es\/noticias\/category\/noticias-carreno\/\" title=\"Noticias Carre\u00f1o\">Noticias Carre\u00f1o<\/a>\n<\/span><span class=\"aioseo-breadcrumb-separator\">&ndash;<\/span><span class=\"aioseo-breadcrumb\">\n\tNuevo ciclo formativo sobre seguridad \u201cciudadana\u201d en Carre\u00f1o\n<\/span><\/div>","aioseo_breadcrumb_json":[{"label":"Home","link":"https:\/\/candas365.es\/noticias"},{"label":"Noticias Carre\u00f1o","link":"https:\/\/candas365.es\/noticias\/category\/noticias-carreno\/"},{"label":"Nuevo ciclo formativo sobre seguridad \u201cciudadana\u201d en Carre\u00f1o","link":"https:\/\/candas365.es\/noticias\/nuevo-ciclo-formativo-sobre-seguridad-ciudadana-en-carreno\/"}],"_links":{"self":[{"href":"https:\/\/candas365.es\/noticias\/wp-json\/wp\/v2\/posts\/129055","targetHints":{"allow":["GET"]}}],"collection":[{"href":"https:\/\/candas365.es\/noticias\/wp-json\/wp\/v2\/posts"}],"about":[{"href":"https:\/\/candas365.es\/noticias\/wp-json\/wp\/v2\/types\/post"}],"author":[{"embeddable":true,"href":"https:\/\/candas365.es\/noticias\/wp-json\/wp\/v2\/users\/1"}],"replies":[{"embeddable":true,"href":"https:\/\/candas365.es\/noticias\/wp-json\/wp\/v2\/comments?post=129055"}],"version-history":[{"count":0,"href":"https:\/\/candas365.es\/noticias\/wp-json\/wp\/v2\/posts\/129055\/revisions"}],"wp:featuredmedia":[{"embeddable":true,"href":"https:\/\/candas365.es\/noticias\/wp-json\/wp\/v2\/media\/129056"}],"wp:attachment":[{"href":"https:\/\/candas365.es\/noticias\/wp-json\/wp\/v2\/media?parent=129055"}],"wp:term":[{"taxonomy":"category","embeddable":true,"href":"https:\/\/candas365.es\/noticias\/wp-json\/wp\/v2\/categories?post=129055"},{"taxonomy":"post_tag","embeddable":true,"href":"https:\/\/candas365.es\/noticias\/wp-json\/wp\/v2\/tags?post=129055"}],"curies":[{"name":"wp","href":"https:\/\/api.w.org\/{rel}","templated":true}]}}