{"id":128807,"date":"2019-08-24T19:38:16","date_gmt":"2019-08-24T19:38:16","guid":{"rendered":"http:\/\/candas365.es\/noticias\/?p=128807"},"modified":"2019-08-24T19:38:16","modified_gmt":"2019-08-24T19:38:16","slug":"reformas-en-las-pistas-de-tenis-del-polideportivo-de-candas","status":"publish","type":"post","link":"https:\/\/candas365.es\/noticias\/reformas-en-las-pistas-de-tenis-del-polideportivo-de-candas\/","title":{"rendered":"Reformas en las pistas de tenis del Polideportivo de Cand\u00e1s"},"content":{"rendered":"<p><img fetchpriority=\"high\" decoding=\"async\" class=\"alignleft size-medium wp-image-128808\" src=\"https:\/\/candas365.es\/noticias\/wp-content\/uploads\/2019\/08\/pistas-tenis-Candas-360x261.jpg\" alt=\"\" width=\"360\" height=\"261\" srcset=\"https:\/\/candas365.es\/noticias\/wp-content\/uploads\/2019\/08\/pistas-tenis-Candas-360x261.jpg 360w, https:\/\/candas365.es\/noticias\/wp-content\/uploads\/2019\/08\/pistas-tenis-Candas-768x556.jpg 768w, https:\/\/candas365.es\/noticias\/wp-content\/uploads\/2019\/08\/pistas-tenis-Candas-655x474.jpg 655w, https:\/\/candas365.es\/noticias\/wp-content\/uploads\/2019\/08\/pistas-tenis-Candas-324x235.jpg 324w, https:\/\/candas365.es\/noticias\/wp-content\/uploads\/2019\/08\/pistas-tenis-Candas-696x504.jpg 696w, https:\/\/candas365.es\/noticias\/wp-content\/uploads\/2019\/08\/pistas-tenis-Candas-580x420.jpg 580w, https:\/\/candas365.es\/noticias\/wp-content\/uploads\/2019\/08\/pistas-tenis-Candas.jpg 1064w\" sizes=\"(max-width: 360px) 100vw, 360px\" \/>El Ayuntamiento de Carre\u00f1o ha informado que \u00abla reforma que se plante\u00f3 consiste en la implantaci\u00f3n de una nueva pista de tenis reglamentaria y la reurbanizaci\u00f3n del \u00e1mbito para propiciar una futura instalaci\u00f3n de dos pistas de p\u00e1del cubiertas. De esta forma damos respuesta a una de las peticiones formuladas por el vecindario en el \u00faltimo proceso de presupuestos participativos\u201d se\u00f1al\u00f3 David Garc\u00eda, edil de deportes.<\/p>\n<p>\u201cEncargamos a la Oficina T\u00e9cnica Municipal la elaboraci\u00f3n del proyecto de reforma para su posterior contrataci\u00f3n. Tras el proceso de licitaci\u00f3n correspondiente, al que se presentaron dos empresas, las obras se adjudicaron a <strong>GALITEC DESARROLLOS TECNOL\u00d3GICOS, S.L<\/strong>. por un importe final de 103.797,43 \u20ac, al ser esta la oferta m\u00e1s ventajosa en t\u00e9rminos de calidad-precio\u201d avanz\u00f3 el concejal.<\/p>\n<p>\u201cProyectamos adem\u00e1s de la implantaci\u00f3n y equipamiento completo de una nueva pista de tenis reglamentaria al aire libre con iluminaci\u00f3n artificial, la obra civil, red de saneamiento e instalaci\u00f3n el\u00e9ctrica necesaria para una implantaci\u00f3n inmediata de una pista de p\u00e1del cubierta, susceptible de ser duplicada f\u00e1cilmente si hay acuerdo pol\u00edtico para contar con presupuesto de inversiones en 2020\u201d contin\u00fao Garc\u00eda.<\/p>\n<p>Las obras se van culminando conforme a los plazos previstos bajo la supervisi\u00f3n de los t\u00e9cnicos de la oficina t\u00e9cnica municipal. En la \u00faltima junta de Gobierno se aprob\u00f3 el pago de la primera certificaci\u00f3n de dicha obra.<\/p>\n<p>&nbsp;<\/p>\n","protected":false},"excerpt":{"rendered":"<p>El Ayuntamiento de Carre\u00f1o ha informado que \u00abla reforma que se plante\u00f3 consiste en la implantaci\u00f3n de una nueva pista de tenis reglamentaria y la reurbanizaci\u00f3n del \u00e1mbito para propiciar una futura instalaci\u00f3n de dos pistas de p\u00e1del cubiertas. De esta forma damos respuesta a una de las peticiones formuladas por el vecindario en el<\/p>\n","protected":false},"author":1,"featured_media":128808,"comment_status":"closed","ping_status":"closed","sticky":false,"template":"","format":"standard","meta":{"footnotes":""},"categories":[2],"tags":[],"class_list":{"0":"post-128807","1":"post","2":"type-post","3":"status-publish","4":"format-standard","5":"has-post-thumbnail","7":"category-noticias-carreno"},"aioseo_notices":[],"aioseo_head":"\n\t\t<!-- All in One SEO Pro 4.9.6.2 - aioseo.com -->\n\t<meta name=\"description\" content=\"El Ayuntamiento de Carre\u00f1o ha informado que &quot;la reforma que se plante\u00f3 consiste en la implantaci\u00f3n de una nueva pista de tenis reglamentaria y la reurbanizaci\u00f3n del \u00e1mbito para propiciar una futura instalaci\u00f3n de dos pistas de p\u00e1del cubiertas. De esta forma damos respuesta a una de las peticiones formuladas por el vecindario en el\" \/>\n\t<meta name=\"robots\" content=\"max-image-preview:large\" \/>\n\t<meta name=\"author\" content=\"Cand\u00e1s 365\"\/>\n\t<meta name=\"google-site-verification\" content=\"UA-32230408-1\" \/>\n\t<meta name=\"msvalidate.01\" content=\"354F3CDFB2DA171B47FBE9ABF1F88D5\" \/>\n\t<meta name=\"keywords\" content=\"noticias carre\u00f1o\" \/>\n\t<link rel=\"canonical\" href=\"https:\/\/candas365.es\/noticias\/reformas-en-las-pistas-de-tenis-del-polideportivo-de-candas\/\" \/>\n\t<meta name=\"generator\" content=\"All in One SEO Pro (AIOSEO) 4.9.6.2\" \/>\n\t\t<meta property=\"og:locale\" content=\"es_ES\" \/>\n\t\t<meta property=\"og:site_name\" content=\"Cand\u00e1s 365\" \/>\n\t\t<meta property=\"og:type\" content=\"article\" \/>\n\t\t<meta property=\"og:title\" content=\"Reformas en las pistas de tenis del Polideportivo de Cand\u00e1s | Cand\u00e1s 365\" \/>\n\t\t<meta property=\"og:description\" content=\"El Ayuntamiento de Carre\u00f1o ha informado que &quot;la reforma que se plante\u00f3 consiste en la implantaci\u00f3n de una nueva pista de tenis reglamentaria y la reurbanizaci\u00f3n del \u00e1mbito para propiciar una futura instalaci\u00f3n de dos pistas de p\u00e1del cubiertas. De esta forma damos respuesta a una de las peticiones formuladas por el vecindario en el\" \/>\n\t\t<meta property=\"og:url\" content=\"https:\/\/candas365.es\/noticias\/reformas-en-las-pistas-de-tenis-del-polideportivo-de-candas\/\" \/>\n\t\t<meta property=\"og:image\" content=\"https:\/\/candas365.es\/noticias\/wp-content\/uploads\/2019\/08\/pistas-tenis-Candas.jpg\" \/>\n\t\t<meta property=\"og:image:secure_url\" content=\"https:\/\/candas365.es\/noticias\/wp-content\/uploads\/2019\/08\/pistas-tenis-Candas.jpg\" \/>\n\t\t<meta property=\"og:image:width\" content=\"1064\" \/>\n\t\t<meta property=\"og:image:height\" content=\"770\" \/>\n\t\t<meta property=\"article:published_time\" content=\"2019-08-24T19:38:16+00:00\" \/>\n\t\t<meta property=\"article:modified_time\" content=\"2019-08-24T19:38:16+00:00\" \/>\n\t\t<meta property=\"article:publisher\" content=\"https:\/\/www.facebook.com\/Nachofdezber\" \/>\n\t\t<meta property=\"article:author\" content=\"https:\/\/www.facebook.com\/carrenoactualidad\" \/>\n\t\t<meta name=\"twitter:card\" content=\"summary_large_image\" \/>\n\t\t<meta name=\"twitter:site\" content=\"@NabercoDigital\" \/>\n\t\t<meta name=\"twitter:title\" content=\"Reformas en las pistas de tenis del Polideportivo de Cand\u00e1s | Cand\u00e1s 365\" \/>\n\t\t<meta name=\"twitter:description\" content=\"El Ayuntamiento de Carre\u00f1o ha informado que &quot;la reforma que se plante\u00f3 consiste en la implantaci\u00f3n de una nueva pista de tenis reglamentaria y la reurbanizaci\u00f3n del \u00e1mbito para propiciar una futura instalaci\u00f3n de dos pistas de p\u00e1del cubiertas. De esta forma damos respuesta a una de las peticiones formuladas por el vecindario en el\" \/>\n\t\t<meta name=\"twitter:creator\" content=\"@nbasturias\" \/>\n\t\t<meta name=\"twitter:image\" content=\"https:\/\/candas365.es\/noticias\/wp-content\/uploads\/2019\/08\/pistas-tenis-Candas.jpg\" \/>\n\t\t<meta name=\"twitter:label1\" content=\"Escrito por\" \/>\n\t\t<meta name=\"twitter:data1\" content=\"Cand\u00e1s 365\" \/>\n\t\t<meta name=\"twitter:label2\" content=\"Tiempo de lectura estimado\" \/>\n\t\t<meta name=\"twitter:data2\" content=\"1 minuto\" \/>\n\t\t<script type=\"application\/ld+json\" class=\"aioseo-schema\">\n\t\t\t{\"@context\":\"https:\\\/\\\/schema.org\",\"@graph\":[{\"@type\":\"BreadcrumbList\",\"@id\":\"https:\\\/\\\/candas365.es\\\/noticias\\\/reformas-en-las-pistas-de-tenis-del-polideportivo-de-candas\\\/#breadcrumblist\",\"itemListElement\":[{\"@type\":\"ListItem\",\"@id\":\"https:\\\/\\\/candas365.es\\\/noticias#listItem\",\"position\":1,\"name\":\"Home\",\"item\":\"https:\\\/\\\/candas365.es\\\/noticias\",\"nextItem\":{\"@type\":\"ListItem\",\"@id\":\"https:\\\/\\\/candas365.es\\\/noticias\\\/category\\\/noticias-carreno\\\/#listItem\",\"name\":\"Noticias Carre\\u00f1o\"}},{\"@type\":\"ListItem\",\"@id\":\"https:\\\/\\\/candas365.es\\\/noticias\\\/category\\\/noticias-carreno\\\/#listItem\",\"position\":2,\"name\":\"Noticias Carre\\u00f1o\",\"item\":\"https:\\\/\\\/candas365.es\\\/noticias\\\/category\\\/noticias-carreno\\\/\",\"nextItem\":{\"@type\":\"ListItem\",\"@id\":\"https:\\\/\\\/candas365.es\\\/noticias\\\/reformas-en-las-pistas-de-tenis-del-polideportivo-de-candas\\\/#listItem\",\"name\":\"Reformas en las pistas de tenis del Polideportivo de Cand\\u00e1s\"},\"previousItem\":{\"@type\":\"ListItem\",\"@id\":\"https:\\\/\\\/candas365.es\\\/noticias#listItem\",\"name\":\"Home\"}},{\"@type\":\"ListItem\",\"@id\":\"https:\\\/\\\/candas365.es\\\/noticias\\\/reformas-en-las-pistas-de-tenis-del-polideportivo-de-candas\\\/#listItem\",\"position\":3,\"name\":\"Reformas en las pistas de tenis del Polideportivo de Cand\\u00e1s\",\"previousItem\":{\"@type\":\"ListItem\",\"@id\":\"https:\\\/\\\/candas365.es\\\/noticias\\\/category\\\/noticias-carreno\\\/#listItem\",\"name\":\"Noticias Carre\\u00f1o\"}}]},{\"@type\":\"NewsArticle\",\"@id\":\"https:\\\/\\\/candas365.es\\\/noticias\\\/reformas-en-las-pistas-de-tenis-del-polideportivo-de-candas\\\/#newsarticle\",\"name\":\"Reformas en las pistas de tenis del Polideportivo de Cand\\u00e1s | Cand\\u00e1s 365\",\"headline\":\"Reformas en las pistas de tenis del Polideportivo de Cand\\u00e1s\",\"author\":{\"@id\":\"https:\\\/\\\/candas365.es\\\/noticias\\\/author\\\/admin\\\/#author\"},\"publisher\":{\"@id\":\"https:\\\/\\\/candas365.es\\\/noticias\\\/#organization\"},\"image\":{\"@type\":\"ImageObject\",\"url\":\"https:\\\/\\\/candas365.es\\\/noticias\\\/wp-content\\\/uploads\\\/2019\\\/08\\\/pistas-tenis-Candas.jpg\",\"width\":1064,\"height\":770},\"datePublished\":\"2019-08-24T19:38:16+02:00\",\"dateModified\":\"2019-08-24T19:38:16+02:00\",\"inLanguage\":\"es-ES\",\"mainEntityOfPage\":{\"@id\":\"https:\\\/\\\/candas365.es\\\/noticias\\\/reformas-en-las-pistas-de-tenis-del-polideportivo-de-candas\\\/#webpage\"},\"isPartOf\":{\"@id\":\"https:\\\/\\\/candas365.es\\\/noticias\\\/reformas-en-las-pistas-de-tenis-del-polideportivo-de-candas\\\/#webpage\"},\"articleSection\":\"Noticias Carre\\u00f1o\",\"dateline\":\"Publicado el agosto 24, 2019.\"},{\"@type\":\"Organization\",\"@id\":\"https:\\\/\\\/candas365.es\\\/noticias\\\/#organization\",\"name\":\"Cand\\u00e1s 365\",\"description\":\"Cand\\u00e1s 365 es un diario digital independiente, fundado en 2012, con base en Asturias. Informamos con rigor sobre actualidad, sociedad, cultura y ocio, con una mirada local y global.\",\"url\":\"https:\\\/\\\/candas365.es\\\/noticias\\\/\",\"email\":\"info@candas365.es\",\"telephone\":\"+34652131393\",\"foundingDate\":\"2012-06-10\",\"logo\":{\"@type\":\"ImageObject\",\"url\":\"https:\\\/\\\/candas365.es\\\/noticias\\\/wp-content\\\/uploads\\\/2024\\\/09\\\/Candas-365-Redes.jpg\",\"@id\":\"https:\\\/\\\/candas365.es\\\/noticias\\\/reformas-en-las-pistas-de-tenis-del-polideportivo-de-candas\\\/#organizationLogo\",\"width\":1152,\"height\":864,\"caption\":\"Cand\\u00e1s 365 Redes\"},\"image\":{\"@id\":\"https:\\\/\\\/candas365.es\\\/noticias\\\/reformas-en-las-pistas-de-tenis-del-polideportivo-de-candas\\\/#organizationLogo\"},\"sameAs\":[\"https:\\\/\\\/www.facebook.com\\\/Nachofdezber\",\"https:\\\/\\\/x.com\\\/NabercoDigital\",\"https:\\\/\\\/www.instagram.com\\\/nachofdezber\\\/\",\"https:\\\/\\\/www.youtube.com\\\/channel\\\/UCZP-2wLEB9Rv6erhFmqVnvg\"],\"address\":{\"@id\":\"https:\\\/\\\/candas365.es\\\/noticias\\\/#postaladdress\",\"@type\":\"PostalAddress\",\"streetAddress\":\"san antonio 4, san antonio 4\",\"postalCode\":\"33430\",\"addressLocality\":\"Cand\\u00e1s\",\"addressRegion\":\"Asturias\",\"addressCountry\":\"ES\"}},{\"@type\":\"Person\",\"@id\":\"https:\\\/\\\/candas365.es\\\/noticias\\\/author\\\/admin\\\/#author\",\"url\":\"https:\\\/\\\/candas365.es\\\/noticias\\\/author\\\/admin\\\/\",\"name\":\"Cand\\u00e1s 365\",\"image\":{\"@type\":\"ImageObject\",\"@id\":\"https:\\\/\\\/candas365.es\\\/noticias\\\/reformas-en-las-pistas-de-tenis-del-polideportivo-de-candas\\\/#authorImage\",\"url\":\"https:\\\/\\\/secure.gravatar.com\\\/avatar\\\/496a8e03d0c493ede1718b7934145dbdf8d89be1036b0eec9544e1094c9de390?s=96&d=mm&r=g\",\"width\":96,\"height\":96,\"caption\":\"Cand\\u00e1s 365\"},\"sameAs\":[\"https:\\\/\\\/www.facebook.com\\\/carrenoactualidad\",\"https:\\\/\\\/twitter.com\\\/nbasturias\",\"https:\\\/\\\/www.instagram.com\\\/nachofdezber\\\/\",\"https:\\\/\\\/www.youtube.com\\\/channel\\\/UCZP-2wLEB9Rv6erhFmqVnvg\"]},{\"@type\":\"WebPage\",\"@id\":\"https:\\\/\\\/candas365.es\\\/noticias\\\/reformas-en-las-pistas-de-tenis-del-polideportivo-de-candas\\\/#webpage\",\"url\":\"https:\\\/\\\/candas365.es\\\/noticias\\\/reformas-en-las-pistas-de-tenis-del-polideportivo-de-candas\\\/\",\"name\":\"Reformas en las pistas de tenis del Polideportivo de Cand\\u00e1s | Cand\\u00e1s 365\",\"description\":\"El Ayuntamiento de Carre\\u00f1o ha informado que \\\"la reforma que se plante\\u00f3 consiste en la implantaci\\u00f3n de una nueva pista de tenis reglamentaria y la reurbanizaci\\u00f3n del \\u00e1mbito para propiciar una futura instalaci\\u00f3n de dos pistas de p\\u00e1del cubiertas. De esta forma damos respuesta a una de las peticiones formuladas por el vecindario en el\",\"inLanguage\":\"es-ES\",\"isPartOf\":{\"@id\":\"https:\\\/\\\/candas365.es\\\/noticias\\\/#website\"},\"breadcrumb\":{\"@id\":\"https:\\\/\\\/candas365.es\\\/noticias\\\/reformas-en-las-pistas-de-tenis-del-polideportivo-de-candas\\\/#breadcrumblist\"},\"author\":{\"@id\":\"https:\\\/\\\/candas365.es\\\/noticias\\\/author\\\/admin\\\/#author\"},\"creator\":{\"@id\":\"https:\\\/\\\/candas365.es\\\/noticias\\\/author\\\/admin\\\/#author\"},\"image\":{\"@type\":\"ImageObject\",\"url\":\"https:\\\/\\\/candas365.es\\\/noticias\\\/wp-content\\\/uploads\\\/2019\\\/08\\\/pistas-tenis-Candas.jpg\",\"@id\":\"https:\\\/\\\/candas365.es\\\/noticias\\\/reformas-en-las-pistas-de-tenis-del-polideportivo-de-candas\\\/#mainImage\",\"width\":1064,\"height\":770},\"primaryImageOfPage\":{\"@id\":\"https:\\\/\\\/candas365.es\\\/noticias\\\/reformas-en-las-pistas-de-tenis-del-polideportivo-de-candas\\\/#mainImage\"},\"datePublished\":\"2019-08-24T19:38:16+02:00\",\"dateModified\":\"2019-08-24T19:38:16+02:00\"},{\"@type\":\"WebSite\",\"@id\":\"https:\\\/\\\/candas365.es\\\/noticias\\\/#website\",\"url\":\"https:\\\/\\\/candas365.es\\\/noticias\\\/\",\"name\":\"Cand\\u00e1s 365\",\"alternateName\":\"Cand\\u00e1s 365 Noticias\",\"description\":\"Actualidad desde Carre\\u00f1o para el mundo\",\"inLanguage\":\"es-ES\",\"publisher\":{\"@id\":\"https:\\\/\\\/candas365.es\\\/noticias\\\/#organization\"}}]}\n\t\t<\/script>\n\t\t<!-- All in One SEO Pro -->\r\n\t\t<title>Reformas en las pistas de tenis del Polideportivo de Cand\u00e1s | Cand\u00e1s 365<\/title>\n\n","aioseo_head_json":{"title":"Reformas en las pistas de tenis del Polideportivo de Cand\u00e1s | Cand\u00e1s 365","description":"El Ayuntamiento de Carre\u00f1o ha informado que \"la reforma que se plante\u00f3 consiste en la implantaci\u00f3n de una nueva pista de tenis reglamentaria y la reurbanizaci\u00f3n del \u00e1mbito para propiciar una futura instalaci\u00f3n de dos pistas de p\u00e1del cubiertas. De esta forma damos respuesta a una de las peticiones formuladas por el vecindario en el","canonical_url":"https:\/\/candas365.es\/noticias\/reformas-en-las-pistas-de-tenis-del-polideportivo-de-candas\/","robots":"max-image-preview:large","keywords":"noticias carre\u00f1o","webmasterTools":{"google-site-verification":"UA-32230408-1","msvalidate.01":"354F3CDFB2DA171B47FBE9ABF1F88D5","miscellaneous":""},"schema":{"@context":"https:\/\/schema.org","@graph":[{"@type":"BreadcrumbList","@id":"https:\/\/candas365.es\/noticias\/reformas-en-las-pistas-de-tenis-del-polideportivo-de-candas\/#breadcrumblist","itemListElement":[{"@type":"ListItem","@id":"https:\/\/candas365.es\/noticias#listItem","position":1,"name":"Home","item":"https:\/\/candas365.es\/noticias","nextItem":{"@type":"ListItem","@id":"https:\/\/candas365.es\/noticias\/category\/noticias-carreno\/#listItem","name":"Noticias Carre\u00f1o"}},{"@type":"ListItem","@id":"https:\/\/candas365.es\/noticias\/category\/noticias-carreno\/#listItem","position":2,"name":"Noticias Carre\u00f1o","item":"https:\/\/candas365.es\/noticias\/category\/noticias-carreno\/","nextItem":{"@type":"ListItem","@id":"https:\/\/candas365.es\/noticias\/reformas-en-las-pistas-de-tenis-del-polideportivo-de-candas\/#listItem","name":"Reformas en las pistas de tenis del Polideportivo de Cand\u00e1s"},"previousItem":{"@type":"ListItem","@id":"https:\/\/candas365.es\/noticias#listItem","name":"Home"}},{"@type":"ListItem","@id":"https:\/\/candas365.es\/noticias\/reformas-en-las-pistas-de-tenis-del-polideportivo-de-candas\/#listItem","position":3,"name":"Reformas en las pistas de tenis del Polideportivo de Cand\u00e1s","previousItem":{"@type":"ListItem","@id":"https:\/\/candas365.es\/noticias\/category\/noticias-carreno\/#listItem","name":"Noticias Carre\u00f1o"}}]},{"@type":"NewsArticle","@id":"https:\/\/candas365.es\/noticias\/reformas-en-las-pistas-de-tenis-del-polideportivo-de-candas\/#newsarticle","name":"Reformas en las pistas de tenis del Polideportivo de Cand\u00e1s | Cand\u00e1s 365","headline":"Reformas en las pistas de tenis del Polideportivo de Cand\u00e1s","author":{"@id":"https:\/\/candas365.es\/noticias\/author\/admin\/#author"},"publisher":{"@id":"https:\/\/candas365.es\/noticias\/#organization"},"image":{"@type":"ImageObject","url":"https:\/\/candas365.es\/noticias\/wp-content\/uploads\/2019\/08\/pistas-tenis-Candas.jpg","width":1064,"height":770},"datePublished":"2019-08-24T19:38:16+02:00","dateModified":"2019-08-24T19:38:16+02:00","inLanguage":"es-ES","mainEntityOfPage":{"@id":"https:\/\/candas365.es\/noticias\/reformas-en-las-pistas-de-tenis-del-polideportivo-de-candas\/#webpage"},"isPartOf":{"@id":"https:\/\/candas365.es\/noticias\/reformas-en-las-pistas-de-tenis-del-polideportivo-de-candas\/#webpage"},"articleSection":"Noticias Carre\u00f1o","dateline":"Publicado el agosto 24, 2019."},{"@type":"Organization","@id":"https:\/\/candas365.es\/noticias\/#organization","name":"Cand\u00e1s 365","description":"Cand\u00e1s 365 es un diario digital independiente, fundado en 2012, con base en Asturias. Informamos con rigor sobre actualidad, sociedad, cultura y ocio, con una mirada local y global.","url":"https:\/\/candas365.es\/noticias\/","email":"info@candas365.es","telephone":"+34652131393","foundingDate":"2012-06-10","logo":{"@type":"ImageObject","url":"https:\/\/candas365.es\/noticias\/wp-content\/uploads\/2024\/09\/Candas-365-Redes.jpg","@id":"https:\/\/candas365.es\/noticias\/reformas-en-las-pistas-de-tenis-del-polideportivo-de-candas\/#organizationLogo","width":1152,"height":864,"caption":"Cand\u00e1s 365 Redes"},"image":{"@id":"https:\/\/candas365.es\/noticias\/reformas-en-las-pistas-de-tenis-del-polideportivo-de-candas\/#organizationLogo"},"sameAs":["https:\/\/www.facebook.com\/Nachofdezber","https:\/\/x.com\/NabercoDigital","https:\/\/www.instagram.com\/nachofdezber\/","https:\/\/www.youtube.com\/channel\/UCZP-2wLEB9Rv6erhFmqVnvg"],"address":{"@id":"https:\/\/candas365.es\/noticias\/#postaladdress","@type":"PostalAddress","streetAddress":"san antonio 4, san antonio 4","postalCode":"33430","addressLocality":"Cand\u00e1s","addressRegion":"Asturias","addressCountry":"ES"}},{"@type":"Person","@id":"https:\/\/candas365.es\/noticias\/author\/admin\/#author","url":"https:\/\/candas365.es\/noticias\/author\/admin\/","name":"Cand\u00e1s 365","image":{"@type":"ImageObject","@id":"https:\/\/candas365.es\/noticias\/reformas-en-las-pistas-de-tenis-del-polideportivo-de-candas\/#authorImage","url":"https:\/\/secure.gravatar.com\/avatar\/496a8e03d0c493ede1718b7934145dbdf8d89be1036b0eec9544e1094c9de390?s=96&d=mm&r=g","width":96,"height":96,"caption":"Cand\u00e1s 365"},"sameAs":["https:\/\/www.facebook.com\/carrenoactualidad","https:\/\/twitter.com\/nbasturias","https:\/\/www.instagram.com\/nachofdezber\/","https:\/\/www.youtube.com\/channel\/UCZP-2wLEB9Rv6erhFmqVnvg"]},{"@type":"WebPage","@id":"https:\/\/candas365.es\/noticias\/reformas-en-las-pistas-de-tenis-del-polideportivo-de-candas\/#webpage","url":"https:\/\/candas365.es\/noticias\/reformas-en-las-pistas-de-tenis-del-polideportivo-de-candas\/","name":"Reformas en las pistas de tenis del Polideportivo de Cand\u00e1s | Cand\u00e1s 365","description":"El Ayuntamiento de Carre\u00f1o ha informado que \"la reforma que se plante\u00f3 consiste en la implantaci\u00f3n de una nueva pista de tenis reglamentaria y la reurbanizaci\u00f3n del \u00e1mbito para propiciar una futura instalaci\u00f3n de dos pistas de p\u00e1del cubiertas. De esta forma damos respuesta a una de las peticiones formuladas por el vecindario en el","inLanguage":"es-ES","isPartOf":{"@id":"https:\/\/candas365.es\/noticias\/#website"},"breadcrumb":{"@id":"https:\/\/candas365.es\/noticias\/reformas-en-las-pistas-de-tenis-del-polideportivo-de-candas\/#breadcrumblist"},"author":{"@id":"https:\/\/candas365.es\/noticias\/author\/admin\/#author"},"creator":{"@id":"https:\/\/candas365.es\/noticias\/author\/admin\/#author"},"image":{"@type":"ImageObject","url":"https:\/\/candas365.es\/noticias\/wp-content\/uploads\/2019\/08\/pistas-tenis-Candas.jpg","@id":"https:\/\/candas365.es\/noticias\/reformas-en-las-pistas-de-tenis-del-polideportivo-de-candas\/#mainImage","width":1064,"height":770},"primaryImageOfPage":{"@id":"https:\/\/candas365.es\/noticias\/reformas-en-las-pistas-de-tenis-del-polideportivo-de-candas\/#mainImage"},"datePublished":"2019-08-24T19:38:16+02:00","dateModified":"2019-08-24T19:38:16+02:00"},{"@type":"WebSite","@id":"https:\/\/candas365.es\/noticias\/#website","url":"https:\/\/candas365.es\/noticias\/","name":"Cand\u00e1s 365","alternateName":"Cand\u00e1s 365 Noticias","description":"Actualidad desde Carre\u00f1o para el mundo","inLanguage":"es-ES","publisher":{"@id":"https:\/\/candas365.es\/noticias\/#organization"}}]},"og:locale":"es_ES","og:site_name":"Cand\u00e1s 365","og:type":"article","og:title":"Reformas en las pistas de tenis del Polideportivo de Cand\u00e1s | Cand\u00e1s 365","og:description":"El Ayuntamiento de Carre\u00f1o ha informado que &quot;la reforma que se plante\u00f3 consiste en la implantaci\u00f3n de una nueva pista de tenis reglamentaria y la reurbanizaci\u00f3n del \u00e1mbito para propiciar una futura instalaci\u00f3n de dos pistas de p\u00e1del cubiertas. De esta forma damos respuesta a una de las peticiones formuladas por el vecindario en el","og:url":"https:\/\/candas365.es\/noticias\/reformas-en-las-pistas-de-tenis-del-polideportivo-de-candas\/","og:image":"https:\/\/candas365.es\/noticias\/wp-content\/uploads\/2019\/08\/pistas-tenis-Candas.jpg","og:image:secure_url":"https:\/\/candas365.es\/noticias\/wp-content\/uploads\/2019\/08\/pistas-tenis-Candas.jpg","og:image:width":1064,"og:image:height":770,"article:published_time":"2019-08-24T19:38:16+00:00","article:modified_time":"2019-08-24T19:38:16+00:00","article:publisher":"https:\/\/www.facebook.com\/Nachofdezber","article:author":"https:\/\/www.facebook.com\/carrenoactualidad","twitter:card":"summary_large_image","twitter:site":"@NabercoDigital","twitter:title":"Reformas en las pistas de tenis del Polideportivo de Cand\u00e1s | Cand\u00e1s 365","twitter:description":"El Ayuntamiento de Carre\u00f1o ha informado que &quot;la reforma que se plante\u00f3 consiste en la implantaci\u00f3n de una nueva pista de tenis reglamentaria y la reurbanizaci\u00f3n del \u00e1mbito para propiciar una futura instalaci\u00f3n de dos pistas de p\u00e1del cubiertas. De esta forma damos respuesta a una de las peticiones formuladas por el vecindario en el","twitter:creator":"@nbasturias","twitter:image":"https:\/\/candas365.es\/noticias\/wp-content\/uploads\/2019\/08\/pistas-tenis-Candas.jpg","twitter:label1":"Escrito por","twitter:data1":"Cand\u00e1s 365","twitter:label2":"Tiempo de lectura estimado","twitter:data2":"1 minuto"},"aioseo_meta_data":{"post_id":"128807","title":null,"description":null,"keywords":null,"keyphrases":null,"primary_term":null,"canonical_url":null,"og_title":null,"og_description":null,"og_object_type":"default","og_image_type":"default","og_image_url":null,"og_image_width":null,"og_image_height":null,"og_image_custom_url":null,"og_image_custom_fields":null,"og_video":null,"og_custom_url":null,"og_article_section":null,"og_article_tags":null,"twitter_use_og":false,"twitter_card":"default","twitter_image_type":"default","twitter_image_url":null,"twitter_image_custom_url":null,"twitter_image_custom_fields":null,"twitter_title":null,"twitter_description":null,"schema":{"blockGraphs":[],"customGraphs":[],"default":{"data":{"Article":[],"Course":[],"Dataset":[],"FAQPage":[],"Movie":[],"Person":[],"Product":[],"ProductReview":[],"Car":[],"Recipe":[],"Service":[],"SoftwareApplication":[],"WebPage":[]},"graphName":"","isEnabled":true},"graphs":[],"defaultGraph":"","defaultPostTypeGraph":""},"schema_type":null,"schema_type_options":null,"pillar_content":false,"robots_default":true,"robots_noindex":false,"robots_noarchive":false,"robots_nosnippet":false,"robots_nofollow":false,"robots_noimageindex":false,"robots_noodp":false,"robots_notranslate":false,"robots_max_snippet":null,"robots_max_videopreview":null,"robots_max_imagepreview":"large","priority":null,"frequency":null,"location":null,"local_seo":null,"seo_analyzer_scan_date":"2025-08-30 12:18:10","breadcrumb_settings":null,"limit_modified_date":false,"reviewed_by":null,"open_ai":null,"ai":null,"created":"2020-12-21 10:53:30","updated":"2025-08-30 12:18:10"},"aioseo_breadcrumb":"<div class=\"aioseo-breadcrumbs\"><span class=\"aioseo-breadcrumb\">\n\t<a href=\"https:\/\/candas365.es\/noticias\" title=\"Home\">Home<\/a>\n<\/span><span class=\"aioseo-breadcrumb-separator\">&ndash;<\/span><span class=\"aioseo-breadcrumb\">\n\t<a href=\"https:\/\/candas365.es\/noticias\/category\/noticias-carreno\/\" title=\"Noticias Carre\u00f1o\">Noticias Carre\u00f1o<\/a>\n<\/span><span class=\"aioseo-breadcrumb-separator\">&ndash;<\/span><span class=\"aioseo-breadcrumb\">\n\tReformas en las pistas de tenis del Polideportivo de Cand\u00e1s\n<\/span><\/div>","aioseo_breadcrumb_json":[{"label":"Home","link":"https:\/\/candas365.es\/noticias"},{"label":"Noticias Carre\u00f1o","link":"https:\/\/candas365.es\/noticias\/category\/noticias-carreno\/"},{"label":"Reformas en las pistas de tenis del Polideportivo de Cand\u00e1s","link":"https:\/\/candas365.es\/noticias\/reformas-en-las-pistas-de-tenis-del-polideportivo-de-candas\/"}],"_links":{"self":[{"href":"https:\/\/candas365.es\/noticias\/wp-json\/wp\/v2\/posts\/128807","targetHints":{"allow":["GET"]}}],"collection":[{"href":"https:\/\/candas365.es\/noticias\/wp-json\/wp\/v2\/posts"}],"about":[{"href":"https:\/\/candas365.es\/noticias\/wp-json\/wp\/v2\/types\/post"}],"author":[{"embeddable":true,"href":"https:\/\/candas365.es\/noticias\/wp-json\/wp\/v2\/users\/1"}],"replies":[{"embeddable":true,"href":"https:\/\/candas365.es\/noticias\/wp-json\/wp\/v2\/comments?post=128807"}],"version-history":[{"count":0,"href":"https:\/\/candas365.es\/noticias\/wp-json\/wp\/v2\/posts\/128807\/revisions"}],"wp:featuredmedia":[{"embeddable":true,"href":"https:\/\/candas365.es\/noticias\/wp-json\/wp\/v2\/media\/128808"}],"wp:attachment":[{"href":"https:\/\/candas365.es\/noticias\/wp-json\/wp\/v2\/media?parent=128807"}],"wp:term":[{"taxonomy":"category","embeddable":true,"href":"https:\/\/candas365.es\/noticias\/wp-json\/wp\/v2\/categories?post=128807"},{"taxonomy":"post_tag","embeddable":true,"href":"https:\/\/candas365.es\/noticias\/wp-json\/wp\/v2\/tags?post=128807"}],"curies":[{"name":"wp","href":"https:\/\/api.w.org\/{rel}","templated":true}]}}