{"id":128779,"date":"2019-08-23T22:58:38","date_gmt":"2019-08-23T22:58:38","guid":{"rendered":"http:\/\/candas365.es\/noticias\/?p=128779"},"modified":"2019-08-23T22:58:38","modified_gmt":"2019-08-23T22:58:38","slug":"agosto-de-2019-se-despedira-con-lluvias-en-espana","status":"publish","type":"post","link":"https:\/\/candas365.es\/noticias\/agosto-de-2019-se-despedira-con-lluvias-en-espana\/","title":{"rendered":"Agosto de 2019 se despedir\u00e1 con lluvias en Espa\u00f1a"},"content":{"rendered":"<p><img fetchpriority=\"high\" decoding=\"async\" class=\"alignleft size-medium wp-image-128780\" src=\"https:\/\/candas365.es\/noticias\/wp-content\/uploads\/2019\/08\/clouds-3663407_960_720-360x239.jpg\" alt=\"\" width=\"360\" height=\"239\" srcset=\"https:\/\/candas365.es\/noticias\/wp-content\/uploads\/2019\/08\/clouds-3663407_960_720-360x239.jpg 360w, https:\/\/candas365.es\/noticias\/wp-content\/uploads\/2019\/08\/clouds-3663407_960_720-768x510.jpg 768w, https:\/\/candas365.es\/noticias\/wp-content\/uploads\/2019\/08\/clouds-3663407_960_720-655x435.jpg 655w, https:\/\/candas365.es\/noticias\/wp-content\/uploads\/2019\/08\/clouds-3663407_960_720-696x463.jpg 696w, https:\/\/candas365.es\/noticias\/wp-content\/uploads\/2019\/08\/clouds-3663407_960_720-632x420.jpg 632w, https:\/\/candas365.es\/noticias\/wp-content\/uploads\/2019\/08\/clouds-3663407_960_720.jpg 960w\" sizes=\"(max-width: 360px) 100vw, 360px\" \/>El domingo 25 de agosto se producir\u00e1 un aumento de la nubosidad en buena parte de la Pen\u00ednsula, excepto en el \u00e1rea mediterr\u00e1nea, <strong>con precipitaciones en el \u00e1rea cant\u00e1brica<\/strong>, ocasionalmente acompa\u00f1adas de tormentas, que podr\u00edan extenderse durante el d\u00eda a otras zonas de la mitad norte. En el \u00e1rea mediterr\u00e1nea y en Canarias se mantendr\u00e1 el predominio de cielos pocos nubosos y sin precipitaciones, aunque con algunas nubes bajas a primeras horas.<\/p>\n<p>Las temperaturas ascender\u00e1n el s\u00e1bado en Canarias, alcanzando valores significativamente altos, manteni\u00e9ndose el domingo. En la Pen\u00ednsula, se espera que el s\u00e1bado las temperaturas asciendan algo en el interior, produci\u00e9ndose el domingo un descenso, m\u00e1s acusado en el \u00e1rea cant\u00e1brica, excepto en el tercio oriental, donde apenas cambiar\u00e1n.<\/p>\n<p>El viento soplar\u00e1 de componente oeste en Galicia y Cant\u00e1brico, rolando a norte. De componente este en el sudeste peninsular y alisios en Canarias, con intervalos de fuerte en el Estrecho yCanarias. Flojo en el resto.<\/p>\n<p><strong>AEMET informa que la pr\u00f3xima semana<\/strong>, aunque existe bastante incertidumbre, comenzar\u00e1 con un aumento importante de la inestabilidad en amplias zonas de la Pen\u00ednsula y Baleares. Durante el lunes y el martes, los chubascos y tormentas, localmente fuertes, podr\u00e1n afectar a cualquier zona de la Pen\u00ednsula. A partir del mi\u00e9rcoles 28 y hasta el fin de semana es probable un aumento progresivo de la estabilidad desde el oeste.<\/p>\n<p>El mi\u00e9rcoles todav\u00eda son bastante probables los chubascos y tormentas en el este peninsular y en Baleares.<\/p>\n<p>Las temperaturas bajan claramente durante la primera mitad de la semana con unos <strong>valores inferiores a los habituales en estas fechas<\/strong>; y a partir del jueves tienden a recuperar los valores normales.<\/p>\n<p>En Canarias, se espera que predomine el r\u00e9gimen de alisios, con intervalos nubosos en el norte y poco nuboso en el resto, aunque el mi\u00e9rcoles 28 y jueves 29 podr\u00eda aumentar la inestabilidad, con posibilidad de precipitaciones, sin descartar que alcancen cierta intensidad.<\/p>\n<p>Las temperaturas descender\u00e1n al principio de la semana, volviendo a sus valores habituales.<\/p>\n","protected":false},"excerpt":{"rendered":"<p>El domingo 25 de agosto se producir\u00e1 un aumento de la nubosidad en buena parte de la Pen\u00ednsula, excepto en el \u00e1rea mediterr\u00e1nea, con precipitaciones en el \u00e1rea cant\u00e1brica, ocasionalmente acompa\u00f1adas de tormentas, que podr\u00edan extenderse durante el d\u00eda a otras zonas de la mitad norte. En el \u00e1rea mediterr\u00e1nea y en Canarias se mantendr\u00e1<\/p>\n","protected":false},"author":1,"featured_media":128780,"comment_status":"closed","ping_status":"closed","sticky":false,"template":"","format":"standard","meta":{"footnotes":""},"categories":[1],"tags":[],"class_list":{"0":"post-128779","1":"post","2":"type-post","3":"status-publish","4":"format-standard","5":"has-post-thumbnail","7":"category-agenda"},"aioseo_notices":[],"aioseo_head":"\n\t\t<!-- All in One SEO Pro 4.9.6.2 - aioseo.com -->\n\t<meta name=\"description\" content=\"El domingo 25 de agosto se producir\u00e1 un aumento de la nubosidad en buena parte de la Pen\u00ednsula, excepto en el \u00e1rea mediterr\u00e1nea, con precipitaciones en el \u00e1rea cant\u00e1brica, ocasionalmente acompa\u00f1adas de tormentas, que podr\u00edan extenderse durante el d\u00eda a otras zonas de la mitad norte. En el \u00e1rea mediterr\u00e1nea y en Canarias se mantendr\u00e1\" \/>\n\t<meta name=\"robots\" content=\"max-image-preview:large\" \/>\n\t<meta name=\"author\" content=\"Cand\u00e1s 365\"\/>\n\t<meta name=\"google-site-verification\" content=\"UA-32230408-1\" \/>\n\t<meta name=\"msvalidate.01\" content=\"354F3CDFB2DA171B47FBE9ABF1F88D5\" \/>\n\t<meta name=\"keywords\" content=\"agenda\" \/>\n\t<link rel=\"canonical\" href=\"https:\/\/candas365.es\/noticias\/agosto-de-2019-se-despedira-con-lluvias-en-espana\/\" \/>\n\t<meta name=\"generator\" content=\"All in One SEO Pro (AIOSEO) 4.9.6.2\" \/>\n\t\t<meta property=\"og:locale\" content=\"es_ES\" \/>\n\t\t<meta property=\"og:site_name\" content=\"Cand\u00e1s 365\" \/>\n\t\t<meta property=\"og:type\" content=\"article\" \/>\n\t\t<meta property=\"og:title\" content=\"Agosto de 2019 se despedir\u00e1 con lluvias en Espa\u00f1a | Cand\u00e1s 365\" \/>\n\t\t<meta property=\"og:description\" content=\"El domingo 25 de agosto se producir\u00e1 un aumento de la nubosidad en buena parte de la Pen\u00ednsula, excepto en el \u00e1rea mediterr\u00e1nea, con precipitaciones en el \u00e1rea cant\u00e1brica, ocasionalmente acompa\u00f1adas de tormentas, que podr\u00edan extenderse durante el d\u00eda a otras zonas de la mitad norte. En el \u00e1rea mediterr\u00e1nea y en Canarias se mantendr\u00e1\" \/>\n\t\t<meta property=\"og:url\" content=\"https:\/\/candas365.es\/noticias\/agosto-de-2019-se-despedira-con-lluvias-en-espana\/\" \/>\n\t\t<meta property=\"og:image\" content=\"https:\/\/candas365.es\/noticias\/wp-content\/uploads\/2019\/08\/clouds-3663407_960_720.jpg\" \/>\n\t\t<meta property=\"og:image:secure_url\" content=\"https:\/\/candas365.es\/noticias\/wp-content\/uploads\/2019\/08\/clouds-3663407_960_720.jpg\" \/>\n\t\t<meta property=\"og:image:width\" content=\"960\" \/>\n\t\t<meta property=\"og:image:height\" content=\"638\" \/>\n\t\t<meta property=\"article:published_time\" content=\"2019-08-23T22:58:38+00:00\" \/>\n\t\t<meta property=\"article:modified_time\" content=\"2019-08-23T22:58:38+00:00\" \/>\n\t\t<meta property=\"article:publisher\" content=\"https:\/\/www.facebook.com\/Nachofdezber\" \/>\n\t\t<meta property=\"article:author\" content=\"https:\/\/www.facebook.com\/carrenoactualidad\" \/>\n\t\t<meta name=\"twitter:card\" content=\"summary_large_image\" \/>\n\t\t<meta name=\"twitter:site\" content=\"@NabercoDigital\" \/>\n\t\t<meta name=\"twitter:title\" content=\"Agosto de 2019 se despedir\u00e1 con lluvias en Espa\u00f1a | Cand\u00e1s 365\" \/>\n\t\t<meta name=\"twitter:description\" content=\"El domingo 25 de agosto se producir\u00e1 un aumento de la nubosidad en buena parte de la Pen\u00ednsula, excepto en el \u00e1rea mediterr\u00e1nea, con precipitaciones en el \u00e1rea cant\u00e1brica, ocasionalmente acompa\u00f1adas de tormentas, que podr\u00edan extenderse durante el d\u00eda a otras zonas de la mitad norte. En el \u00e1rea mediterr\u00e1nea y en Canarias se mantendr\u00e1\" \/>\n\t\t<meta name=\"twitter:creator\" content=\"@nbasturias\" \/>\n\t\t<meta name=\"twitter:image\" content=\"https:\/\/candas365.es\/noticias\/wp-content\/uploads\/2019\/08\/clouds-3663407_960_720.jpg\" \/>\n\t\t<meta name=\"twitter:label1\" content=\"Escrito por\" \/>\n\t\t<meta name=\"twitter:data1\" content=\"Cand\u00e1s 365\" \/>\n\t\t<meta name=\"twitter:label2\" content=\"Tiempo de lectura estimado\" \/>\n\t\t<meta name=\"twitter:data2\" content=\"2 minutos\" \/>\n\t\t<script type=\"application\/ld+json\" class=\"aioseo-schema\">\n\t\t\t{\"@context\":\"https:\\\/\\\/schema.org\",\"@graph\":[{\"@type\":\"BreadcrumbList\",\"@id\":\"https:\\\/\\\/candas365.es\\\/noticias\\\/agosto-de-2019-se-despedira-con-lluvias-en-espana\\\/#breadcrumblist\",\"itemListElement\":[{\"@type\":\"ListItem\",\"@id\":\"https:\\\/\\\/candas365.es\\\/noticias#listItem\",\"position\":1,\"name\":\"Home\",\"item\":\"https:\\\/\\\/candas365.es\\\/noticias\",\"nextItem\":{\"@type\":\"ListItem\",\"@id\":\"https:\\\/\\\/candas365.es\\\/noticias\\\/category\\\/agenda\\\/#listItem\",\"name\":\"Agenda\"}},{\"@type\":\"ListItem\",\"@id\":\"https:\\\/\\\/candas365.es\\\/noticias\\\/category\\\/agenda\\\/#listItem\",\"position\":2,\"name\":\"Agenda\",\"item\":\"https:\\\/\\\/candas365.es\\\/noticias\\\/category\\\/agenda\\\/\",\"nextItem\":{\"@type\":\"ListItem\",\"@id\":\"https:\\\/\\\/candas365.es\\\/noticias\\\/agosto-de-2019-se-despedira-con-lluvias-en-espana\\\/#listItem\",\"name\":\"Agosto de 2019 se despedir\\u00e1 con lluvias en Espa\\u00f1a\"},\"previousItem\":{\"@type\":\"ListItem\",\"@id\":\"https:\\\/\\\/candas365.es\\\/noticias#listItem\",\"name\":\"Home\"}},{\"@type\":\"ListItem\",\"@id\":\"https:\\\/\\\/candas365.es\\\/noticias\\\/agosto-de-2019-se-despedira-con-lluvias-en-espana\\\/#listItem\",\"position\":3,\"name\":\"Agosto de 2019 se despedir\\u00e1 con lluvias en Espa\\u00f1a\",\"previousItem\":{\"@type\":\"ListItem\",\"@id\":\"https:\\\/\\\/candas365.es\\\/noticias\\\/category\\\/agenda\\\/#listItem\",\"name\":\"Agenda\"}}]},{\"@type\":\"NewsArticle\",\"@id\":\"https:\\\/\\\/candas365.es\\\/noticias\\\/agosto-de-2019-se-despedira-con-lluvias-en-espana\\\/#newsarticle\",\"name\":\"Agosto de 2019 se despedir\\u00e1 con lluvias en Espa\\u00f1a | Cand\\u00e1s 365\",\"headline\":\"Agosto de 2019 se despedir\\u00e1 con lluvias en Espa\\u00f1a\",\"author\":{\"@id\":\"https:\\\/\\\/candas365.es\\\/noticias\\\/author\\\/admin\\\/#author\"},\"publisher\":{\"@id\":\"https:\\\/\\\/candas365.es\\\/noticias\\\/#organization\"},\"image\":{\"@type\":\"ImageObject\",\"url\":\"https:\\\/\\\/candas365.es\\\/noticias\\\/wp-content\\\/uploads\\\/2019\\\/08\\\/clouds-3663407_960_720.jpg\",\"width\":960,\"height\":638},\"datePublished\":\"2019-08-23T22:58:38+02:00\",\"dateModified\":\"2019-08-23T22:58:38+02:00\",\"inLanguage\":\"es-ES\",\"mainEntityOfPage\":{\"@id\":\"https:\\\/\\\/candas365.es\\\/noticias\\\/agosto-de-2019-se-despedira-con-lluvias-en-espana\\\/#webpage\"},\"isPartOf\":{\"@id\":\"https:\\\/\\\/candas365.es\\\/noticias\\\/agosto-de-2019-se-despedira-con-lluvias-en-espana\\\/#webpage\"},\"articleSection\":\"Agenda\",\"dateline\":\"Publicado el agosto 23, 2019.\"},{\"@type\":\"Organization\",\"@id\":\"https:\\\/\\\/candas365.es\\\/noticias\\\/#organization\",\"name\":\"Cand\\u00e1s 365\",\"description\":\"Cand\\u00e1s 365 es un diario digital independiente, fundado en 2012, con base en Asturias. Informamos con rigor sobre actualidad, sociedad, cultura y ocio, con una mirada local y global.\",\"url\":\"https:\\\/\\\/candas365.es\\\/noticias\\\/\",\"email\":\"info@candas365.es\",\"telephone\":\"+34652131393\",\"foundingDate\":\"2012-06-10\",\"logo\":{\"@type\":\"ImageObject\",\"url\":\"https:\\\/\\\/candas365.es\\\/noticias\\\/wp-content\\\/uploads\\\/2024\\\/09\\\/Candas-365-Redes.jpg\",\"@id\":\"https:\\\/\\\/candas365.es\\\/noticias\\\/agosto-de-2019-se-despedira-con-lluvias-en-espana\\\/#organizationLogo\",\"width\":1152,\"height\":864,\"caption\":\"Cand\\u00e1s 365 Redes\"},\"image\":{\"@id\":\"https:\\\/\\\/candas365.es\\\/noticias\\\/agosto-de-2019-se-despedira-con-lluvias-en-espana\\\/#organizationLogo\"},\"sameAs\":[\"https:\\\/\\\/www.facebook.com\\\/Nachofdezber\",\"https:\\\/\\\/x.com\\\/NabercoDigital\",\"https:\\\/\\\/www.instagram.com\\\/nachofdezber\\\/\",\"https:\\\/\\\/www.youtube.com\\\/channel\\\/UCZP-2wLEB9Rv6erhFmqVnvg\"],\"address\":{\"@id\":\"https:\\\/\\\/candas365.es\\\/noticias\\\/#postaladdress\",\"@type\":\"PostalAddress\",\"streetAddress\":\"san antonio 4, san antonio 4\",\"postalCode\":\"33430\",\"addressLocality\":\"Cand\\u00e1s\",\"addressRegion\":\"Asturias\",\"addressCountry\":\"ES\"}},{\"@type\":\"Person\",\"@id\":\"https:\\\/\\\/candas365.es\\\/noticias\\\/author\\\/admin\\\/#author\",\"url\":\"https:\\\/\\\/candas365.es\\\/noticias\\\/author\\\/admin\\\/\",\"name\":\"Cand\\u00e1s 365\",\"image\":{\"@type\":\"ImageObject\",\"@id\":\"https:\\\/\\\/candas365.es\\\/noticias\\\/agosto-de-2019-se-despedira-con-lluvias-en-espana\\\/#authorImage\",\"url\":\"https:\\\/\\\/secure.gravatar.com\\\/avatar\\\/496a8e03d0c493ede1718b7934145dbdf8d89be1036b0eec9544e1094c9de390?s=96&d=mm&r=g\",\"width\":96,\"height\":96,\"caption\":\"Cand\\u00e1s 365\"},\"sameAs\":[\"https:\\\/\\\/www.facebook.com\\\/carrenoactualidad\",\"https:\\\/\\\/twitter.com\\\/nbasturias\",\"https:\\\/\\\/www.instagram.com\\\/nachofdezber\\\/\",\"https:\\\/\\\/www.youtube.com\\\/channel\\\/UCZP-2wLEB9Rv6erhFmqVnvg\"]},{\"@type\":\"WebPage\",\"@id\":\"https:\\\/\\\/candas365.es\\\/noticias\\\/agosto-de-2019-se-despedira-con-lluvias-en-espana\\\/#webpage\",\"url\":\"https:\\\/\\\/candas365.es\\\/noticias\\\/agosto-de-2019-se-despedira-con-lluvias-en-espana\\\/\",\"name\":\"Agosto de 2019 se despedir\\u00e1 con lluvias en Espa\\u00f1a | Cand\\u00e1s 365\",\"description\":\"El domingo 25 de agosto se producir\\u00e1 un aumento de la nubosidad en buena parte de la Pen\\u00ednsula, excepto en el \\u00e1rea mediterr\\u00e1nea, con precipitaciones en el \\u00e1rea cant\\u00e1brica, ocasionalmente acompa\\u00f1adas de tormentas, que podr\\u00edan extenderse durante el d\\u00eda a otras zonas de la mitad norte. En el \\u00e1rea mediterr\\u00e1nea y en Canarias se mantendr\\u00e1\",\"inLanguage\":\"es-ES\",\"isPartOf\":{\"@id\":\"https:\\\/\\\/candas365.es\\\/noticias\\\/#website\"},\"breadcrumb\":{\"@id\":\"https:\\\/\\\/candas365.es\\\/noticias\\\/agosto-de-2019-se-despedira-con-lluvias-en-espana\\\/#breadcrumblist\"},\"author\":{\"@id\":\"https:\\\/\\\/candas365.es\\\/noticias\\\/author\\\/admin\\\/#author\"},\"creator\":{\"@id\":\"https:\\\/\\\/candas365.es\\\/noticias\\\/author\\\/admin\\\/#author\"},\"image\":{\"@type\":\"ImageObject\",\"url\":\"https:\\\/\\\/candas365.es\\\/noticias\\\/wp-content\\\/uploads\\\/2019\\\/08\\\/clouds-3663407_960_720.jpg\",\"@id\":\"https:\\\/\\\/candas365.es\\\/noticias\\\/agosto-de-2019-se-despedira-con-lluvias-en-espana\\\/#mainImage\",\"width\":960,\"height\":638},\"primaryImageOfPage\":{\"@id\":\"https:\\\/\\\/candas365.es\\\/noticias\\\/agosto-de-2019-se-despedira-con-lluvias-en-espana\\\/#mainImage\"},\"datePublished\":\"2019-08-23T22:58:38+02:00\",\"dateModified\":\"2019-08-23T22:58:38+02:00\"},{\"@type\":\"WebSite\",\"@id\":\"https:\\\/\\\/candas365.es\\\/noticias\\\/#website\",\"url\":\"https:\\\/\\\/candas365.es\\\/noticias\\\/\",\"name\":\"Cand\\u00e1s 365\",\"alternateName\":\"Cand\\u00e1s 365 Noticias\",\"description\":\"Actualidad desde Carre\\u00f1o para el mundo\",\"inLanguage\":\"es-ES\",\"publisher\":{\"@id\":\"https:\\\/\\\/candas365.es\\\/noticias\\\/#organization\"}}]}\n\t\t<\/script>\n\t\t<!-- All in One SEO Pro -->\r\n\t\t<title>Agosto de 2019 se despedir\u00e1 con lluvias en Espa\u00f1a | Cand\u00e1s 365<\/title>\n\n","aioseo_head_json":{"title":"Agosto de 2019 se despedir\u00e1 con lluvias en Espa\u00f1a | Cand\u00e1s 365","description":"El domingo 25 de agosto se producir\u00e1 un aumento de la nubosidad en buena parte de la Pen\u00ednsula, excepto en el \u00e1rea mediterr\u00e1nea, con precipitaciones en el \u00e1rea cant\u00e1brica, ocasionalmente acompa\u00f1adas de tormentas, que podr\u00edan extenderse durante el d\u00eda a otras zonas de la mitad norte. En el \u00e1rea mediterr\u00e1nea y en Canarias se mantendr\u00e1","canonical_url":"https:\/\/candas365.es\/noticias\/agosto-de-2019-se-despedira-con-lluvias-en-espana\/","robots":"max-image-preview:large","keywords":"agenda","webmasterTools":{"google-site-verification":"UA-32230408-1","msvalidate.01":"354F3CDFB2DA171B47FBE9ABF1F88D5","miscellaneous":""},"schema":{"@context":"https:\/\/schema.org","@graph":[{"@type":"BreadcrumbList","@id":"https:\/\/candas365.es\/noticias\/agosto-de-2019-se-despedira-con-lluvias-en-espana\/#breadcrumblist","itemListElement":[{"@type":"ListItem","@id":"https:\/\/candas365.es\/noticias#listItem","position":1,"name":"Home","item":"https:\/\/candas365.es\/noticias","nextItem":{"@type":"ListItem","@id":"https:\/\/candas365.es\/noticias\/category\/agenda\/#listItem","name":"Agenda"}},{"@type":"ListItem","@id":"https:\/\/candas365.es\/noticias\/category\/agenda\/#listItem","position":2,"name":"Agenda","item":"https:\/\/candas365.es\/noticias\/category\/agenda\/","nextItem":{"@type":"ListItem","@id":"https:\/\/candas365.es\/noticias\/agosto-de-2019-se-despedira-con-lluvias-en-espana\/#listItem","name":"Agosto de 2019 se despedir\u00e1 con lluvias en Espa\u00f1a"},"previousItem":{"@type":"ListItem","@id":"https:\/\/candas365.es\/noticias#listItem","name":"Home"}},{"@type":"ListItem","@id":"https:\/\/candas365.es\/noticias\/agosto-de-2019-se-despedira-con-lluvias-en-espana\/#listItem","position":3,"name":"Agosto de 2019 se despedir\u00e1 con lluvias en Espa\u00f1a","previousItem":{"@type":"ListItem","@id":"https:\/\/candas365.es\/noticias\/category\/agenda\/#listItem","name":"Agenda"}}]},{"@type":"NewsArticle","@id":"https:\/\/candas365.es\/noticias\/agosto-de-2019-se-despedira-con-lluvias-en-espana\/#newsarticle","name":"Agosto de 2019 se despedir\u00e1 con lluvias en Espa\u00f1a | Cand\u00e1s 365","headline":"Agosto de 2019 se despedir\u00e1 con lluvias en Espa\u00f1a","author":{"@id":"https:\/\/candas365.es\/noticias\/author\/admin\/#author"},"publisher":{"@id":"https:\/\/candas365.es\/noticias\/#organization"},"image":{"@type":"ImageObject","url":"https:\/\/candas365.es\/noticias\/wp-content\/uploads\/2019\/08\/clouds-3663407_960_720.jpg","width":960,"height":638},"datePublished":"2019-08-23T22:58:38+02:00","dateModified":"2019-08-23T22:58:38+02:00","inLanguage":"es-ES","mainEntityOfPage":{"@id":"https:\/\/candas365.es\/noticias\/agosto-de-2019-se-despedira-con-lluvias-en-espana\/#webpage"},"isPartOf":{"@id":"https:\/\/candas365.es\/noticias\/agosto-de-2019-se-despedira-con-lluvias-en-espana\/#webpage"},"articleSection":"Agenda","dateline":"Publicado el agosto 23, 2019."},{"@type":"Organization","@id":"https:\/\/candas365.es\/noticias\/#organization","name":"Cand\u00e1s 365","description":"Cand\u00e1s 365 es un diario digital independiente, fundado en 2012, con base en Asturias. Informamos con rigor sobre actualidad, sociedad, cultura y ocio, con una mirada local y global.","url":"https:\/\/candas365.es\/noticias\/","email":"info@candas365.es","telephone":"+34652131393","foundingDate":"2012-06-10","logo":{"@type":"ImageObject","url":"https:\/\/candas365.es\/noticias\/wp-content\/uploads\/2024\/09\/Candas-365-Redes.jpg","@id":"https:\/\/candas365.es\/noticias\/agosto-de-2019-se-despedira-con-lluvias-en-espana\/#organizationLogo","width":1152,"height":864,"caption":"Cand\u00e1s 365 Redes"},"image":{"@id":"https:\/\/candas365.es\/noticias\/agosto-de-2019-se-despedira-con-lluvias-en-espana\/#organizationLogo"},"sameAs":["https:\/\/www.facebook.com\/Nachofdezber","https:\/\/x.com\/NabercoDigital","https:\/\/www.instagram.com\/nachofdezber\/","https:\/\/www.youtube.com\/channel\/UCZP-2wLEB9Rv6erhFmqVnvg"],"address":{"@id":"https:\/\/candas365.es\/noticias\/#postaladdress","@type":"PostalAddress","streetAddress":"san antonio 4, san antonio 4","postalCode":"33430","addressLocality":"Cand\u00e1s","addressRegion":"Asturias","addressCountry":"ES"}},{"@type":"Person","@id":"https:\/\/candas365.es\/noticias\/author\/admin\/#author","url":"https:\/\/candas365.es\/noticias\/author\/admin\/","name":"Cand\u00e1s 365","image":{"@type":"ImageObject","@id":"https:\/\/candas365.es\/noticias\/agosto-de-2019-se-despedira-con-lluvias-en-espana\/#authorImage","url":"https:\/\/secure.gravatar.com\/avatar\/496a8e03d0c493ede1718b7934145dbdf8d89be1036b0eec9544e1094c9de390?s=96&d=mm&r=g","width":96,"height":96,"caption":"Cand\u00e1s 365"},"sameAs":["https:\/\/www.facebook.com\/carrenoactualidad","https:\/\/twitter.com\/nbasturias","https:\/\/www.instagram.com\/nachofdezber\/","https:\/\/www.youtube.com\/channel\/UCZP-2wLEB9Rv6erhFmqVnvg"]},{"@type":"WebPage","@id":"https:\/\/candas365.es\/noticias\/agosto-de-2019-se-despedira-con-lluvias-en-espana\/#webpage","url":"https:\/\/candas365.es\/noticias\/agosto-de-2019-se-despedira-con-lluvias-en-espana\/","name":"Agosto de 2019 se despedir\u00e1 con lluvias en Espa\u00f1a | Cand\u00e1s 365","description":"El domingo 25 de agosto se producir\u00e1 un aumento de la nubosidad en buena parte de la Pen\u00ednsula, excepto en el \u00e1rea mediterr\u00e1nea, con precipitaciones en el \u00e1rea cant\u00e1brica, ocasionalmente acompa\u00f1adas de tormentas, que podr\u00edan extenderse durante el d\u00eda a otras zonas de la mitad norte. En el \u00e1rea mediterr\u00e1nea y en Canarias se mantendr\u00e1","inLanguage":"es-ES","isPartOf":{"@id":"https:\/\/candas365.es\/noticias\/#website"},"breadcrumb":{"@id":"https:\/\/candas365.es\/noticias\/agosto-de-2019-se-despedira-con-lluvias-en-espana\/#breadcrumblist"},"author":{"@id":"https:\/\/candas365.es\/noticias\/author\/admin\/#author"},"creator":{"@id":"https:\/\/candas365.es\/noticias\/author\/admin\/#author"},"image":{"@type":"ImageObject","url":"https:\/\/candas365.es\/noticias\/wp-content\/uploads\/2019\/08\/clouds-3663407_960_720.jpg","@id":"https:\/\/candas365.es\/noticias\/agosto-de-2019-se-despedira-con-lluvias-en-espana\/#mainImage","width":960,"height":638},"primaryImageOfPage":{"@id":"https:\/\/candas365.es\/noticias\/agosto-de-2019-se-despedira-con-lluvias-en-espana\/#mainImage"},"datePublished":"2019-08-23T22:58:38+02:00","dateModified":"2019-08-23T22:58:38+02:00"},{"@type":"WebSite","@id":"https:\/\/candas365.es\/noticias\/#website","url":"https:\/\/candas365.es\/noticias\/","name":"Cand\u00e1s 365","alternateName":"Cand\u00e1s 365 Noticias","description":"Actualidad desde Carre\u00f1o para el mundo","inLanguage":"es-ES","publisher":{"@id":"https:\/\/candas365.es\/noticias\/#organization"}}]},"og:locale":"es_ES","og:site_name":"Cand\u00e1s 365","og:type":"article","og:title":"Agosto de 2019 se despedir\u00e1 con lluvias en Espa\u00f1a | Cand\u00e1s 365","og:description":"El domingo 25 de agosto se producir\u00e1 un aumento de la nubosidad en buena parte de la Pen\u00ednsula, excepto en el \u00e1rea mediterr\u00e1nea, con precipitaciones en el \u00e1rea cant\u00e1brica, ocasionalmente acompa\u00f1adas de tormentas, que podr\u00edan extenderse durante el d\u00eda a otras zonas de la mitad norte. En el \u00e1rea mediterr\u00e1nea y en Canarias se mantendr\u00e1","og:url":"https:\/\/candas365.es\/noticias\/agosto-de-2019-se-despedira-con-lluvias-en-espana\/","og:image":"https:\/\/candas365.es\/noticias\/wp-content\/uploads\/2019\/08\/clouds-3663407_960_720.jpg","og:image:secure_url":"https:\/\/candas365.es\/noticias\/wp-content\/uploads\/2019\/08\/clouds-3663407_960_720.jpg","og:image:width":960,"og:image:height":638,"article:published_time":"2019-08-23T22:58:38+00:00","article:modified_time":"2019-08-23T22:58:38+00:00","article:publisher":"https:\/\/www.facebook.com\/Nachofdezber","article:author":"https:\/\/www.facebook.com\/carrenoactualidad","twitter:card":"summary_large_image","twitter:site":"@NabercoDigital","twitter:title":"Agosto de 2019 se despedir\u00e1 con lluvias en Espa\u00f1a | Cand\u00e1s 365","twitter:description":"El domingo 25 de agosto se producir\u00e1 un aumento de la nubosidad en buena parte de la Pen\u00ednsula, excepto en el \u00e1rea mediterr\u00e1nea, con precipitaciones en el \u00e1rea cant\u00e1brica, ocasionalmente acompa\u00f1adas de tormentas, que podr\u00edan extenderse durante el d\u00eda a otras zonas de la mitad norte. En el \u00e1rea mediterr\u00e1nea y en Canarias se mantendr\u00e1","twitter:creator":"@nbasturias","twitter:image":"https:\/\/candas365.es\/noticias\/wp-content\/uploads\/2019\/08\/clouds-3663407_960_720.jpg","twitter:label1":"Escrito por","twitter:data1":"Cand\u00e1s 365","twitter:label2":"Tiempo de lectura estimado","twitter:data2":"2 minutos"},"aioseo_meta_data":{"post_id":"128779","title":null,"description":null,"keywords":null,"keyphrases":null,"primary_term":null,"canonical_url":null,"og_title":null,"og_description":null,"og_object_type":"default","og_image_type":"default","og_image_url":null,"og_image_width":null,"og_image_height":null,"og_image_custom_url":null,"og_image_custom_fields":null,"og_video":null,"og_custom_url":null,"og_article_section":null,"og_article_tags":null,"twitter_use_og":false,"twitter_card":"default","twitter_image_type":"default","twitter_image_url":null,"twitter_image_custom_url":null,"twitter_image_custom_fields":null,"twitter_title":null,"twitter_description":null,"schema":{"blockGraphs":[],"customGraphs":[],"default":{"data":{"Article":[],"Course":[],"Dataset":[],"FAQPage":[],"Movie":[],"Person":[],"Product":[],"ProductReview":[],"Car":[],"Recipe":[],"Service":[],"SoftwareApplication":[],"WebPage":[]},"graphName":"","isEnabled":true},"graphs":[],"defaultGraph":"","defaultPostTypeGraph":""},"schema_type":null,"schema_type_options":null,"pillar_content":false,"robots_default":true,"robots_noindex":false,"robots_noarchive":false,"robots_nosnippet":false,"robots_nofollow":false,"robots_noimageindex":false,"robots_noodp":false,"robots_notranslate":false,"robots_max_snippet":null,"robots_max_videopreview":null,"robots_max_imagepreview":"large","priority":null,"frequency":null,"location":null,"local_seo":null,"seo_analyzer_scan_date":"2025-08-30 12:16:12","breadcrumb_settings":null,"limit_modified_date":false,"reviewed_by":null,"open_ai":null,"ai":null,"created":"2020-12-21 10:53:30","updated":"2025-08-30 12:16:12"},"aioseo_breadcrumb":"<div class=\"aioseo-breadcrumbs\"><span class=\"aioseo-breadcrumb\">\n\t<a href=\"https:\/\/candas365.es\/noticias\" title=\"Home\">Home<\/a>\n<\/span><span class=\"aioseo-breadcrumb-separator\">&ndash;<\/span><span class=\"aioseo-breadcrumb\">\n\t<a href=\"https:\/\/candas365.es\/noticias\/category\/agenda\/\" title=\"Agenda\">Agenda<\/a>\n<\/span><span class=\"aioseo-breadcrumb-separator\">&ndash;<\/span><span class=\"aioseo-breadcrumb\">\n\tAgosto de 2019 se despedir\u00e1 con lluvias en Espa\u00f1a\n<\/span><\/div>","aioseo_breadcrumb_json":[{"label":"Home","link":"https:\/\/candas365.es\/noticias"},{"label":"Agenda","link":"https:\/\/candas365.es\/noticias\/category\/agenda\/"},{"label":"Agosto de 2019 se despedir\u00e1 con lluvias en Espa\u00f1a","link":"https:\/\/candas365.es\/noticias\/agosto-de-2019-se-despedira-con-lluvias-en-espana\/"}],"_links":{"self":[{"href":"https:\/\/candas365.es\/noticias\/wp-json\/wp\/v2\/posts\/128779","targetHints":{"allow":["GET"]}}],"collection":[{"href":"https:\/\/candas365.es\/noticias\/wp-json\/wp\/v2\/posts"}],"about":[{"href":"https:\/\/candas365.es\/noticias\/wp-json\/wp\/v2\/types\/post"}],"author":[{"embeddable":true,"href":"https:\/\/candas365.es\/noticias\/wp-json\/wp\/v2\/users\/1"}],"replies":[{"embeddable":true,"href":"https:\/\/candas365.es\/noticias\/wp-json\/wp\/v2\/comments?post=128779"}],"version-history":[{"count":0,"href":"https:\/\/candas365.es\/noticias\/wp-json\/wp\/v2\/posts\/128779\/revisions"}],"wp:featuredmedia":[{"embeddable":true,"href":"https:\/\/candas365.es\/noticias\/wp-json\/wp\/v2\/media\/128780"}],"wp:attachment":[{"href":"https:\/\/candas365.es\/noticias\/wp-json\/wp\/v2\/media?parent=128779"}],"wp:term":[{"taxonomy":"category","embeddable":true,"href":"https:\/\/candas365.es\/noticias\/wp-json\/wp\/v2\/categories?post=128779"},{"taxonomy":"post_tag","embeddable":true,"href":"https:\/\/candas365.es\/noticias\/wp-json\/wp\/v2\/tags?post=128779"}],"curies":[{"name":"wp","href":"https:\/\/api.w.org\/{rel}","templated":true}]}}