{"id":128576,"date":"2019-08-21T15:35:20","date_gmt":"2019-08-21T15:35:20","guid":{"rendered":"http:\/\/candas365.es\/noticias\/?p=128576"},"modified":"2019-08-21T15:35:20","modified_gmt":"2019-08-21T15:35:20","slug":"carreno-inicia-la-licitacion-del-plan-director-del-museo-de-la-industria-conservera","status":"publish","type":"post","link":"https:\/\/candas365.es\/noticias\/carreno-inicia-la-licitacion-del-plan-director-del-museo-de-la-industria-conservera\/","title":{"rendered":"Carre\u00f1o inicia la licitaci\u00f3n del Plan Director del Museo de la Industria Conservera"},"content":{"rendered":"<p><img fetchpriority=\"high\" decoding=\"async\" class=\"alignleft size-medium wp-image-6453\" src=\"https:\/\/candas365.es\/noticias\/wp-content\/uploads\/2015\/01\/ayuntamiento-360x270.jpg\" alt=\"\" width=\"360\" height=\"270\" srcset=\"https:\/\/candas365.es\/noticias\/wp-content\/uploads\/2015\/01\/ayuntamiento-360x270.jpg 360w, https:\/\/candas365.es\/noticias\/wp-content\/uploads\/2015\/01\/ayuntamiento-640x480.jpg 640w, https:\/\/candas365.es\/noticias\/wp-content\/uploads\/2015\/01\/ayuntamiento-768x576.jpg 768w, https:\/\/candas365.es\/noticias\/wp-content\/uploads\/2015\/01\/ayuntamiento-150x113.jpg 150w, https:\/\/candas365.es\/noticias\/wp-content\/uploads\/2015\/01\/ayuntamiento-450x338.jpg 450w, https:\/\/candas365.es\/noticias\/wp-content\/uploads\/2015\/01\/ayuntamiento-80x60.jpg 80w, https:\/\/candas365.es\/noticias\/wp-content\/uploads\/2015\/01\/ayuntamiento-265x198.jpg 265w, https:\/\/candas365.es\/noticias\/wp-content\/uploads\/2015\/01\/ayuntamiento-696x522.jpg 696w, https:\/\/candas365.es\/noticias\/wp-content\/uploads\/2015\/01\/ayuntamiento-560x420.jpg 560w, https:\/\/candas365.es\/noticias\/wp-content\/uploads\/2015\/01\/ayuntamiento-90x67.jpg 90w, https:\/\/candas365.es\/noticias\/wp-content\/uploads\/2015\/01\/ayuntamiento.jpg 800w\" sizes=\"(max-width: 360px) 100vw, 360px\" \/>La alcaldesa de Carre\u00f1o, Amelia Fern\u00e1ndez, anunci\u00f3 recientemente mediante un comunicado de prensa que se ha procedido hoy a la licitaci\u00f3n de la elaboraci\u00f3n del Plan Director del Museo de la Industria Conservera de CAND\u00c1S.<\/p>\n<p>En este sentido, el comunicado de prensa completo expone la siguiente informaci\u00f3n:<\/p>\n<p>A partir de hoy, mi\u00e9rcoles 21 de agosto, aparece en el Perfil del contratante en la Plataforma del Sector P\u00fablico el anuncio de la licitaci\u00f3n p\u00fablica de la contrataci\u00f3n del Plan Director del Museo de la Industria Conservera de Cand\u00e1s situado en la Antigua F\u00e1brica de Ortiz.<\/p>\n<p>\u201cLa villa de Cand\u00e1s es conocida como villa marinera con una econom\u00eda y unas gentes siempre vinculadas al mundo de la mar, pesca y sus actividades derivadas, como la industria conservera. Aunque la actividad pesquera y todas las relacionadas con ella, ciertamente han perdido importancia respecto al pasado, la creaci\u00f3n de un museo de la Industria tiene como finalidad el fomento del patrimonio cultural marinero de nuestra Villa, centr\u00e1ndolo en la tradici\u00f3n pesquera y conservera, en tanto valores culturales. Y en la que los equipamientos culturales ejercen una influencia econ\u00f3mica dinamizadora sobre el territorio para generar actividad transversal en varios sectores econ\u00f3micos, pues atraen visitantes y facilitan la generaci\u00f3n de actividades recreativas relacionadas con los valores culturales\u201d se\u00f1al\u00f3 Juan Jos\u00e9 Fern\u00e1ndez-Concejal de Cultura.<\/p>\n<p>\u201cLa contrataci\u00f3n de una asistencia t\u00e9cnica externa\u00a0 y especializada para la realizaci\u00f3n del Plan Director\u201d pretende poner en valor una actividad tradicionalmente arraiga en Cand\u00e1s, y que durante d\u00e9cadas trajo empleos y riqueza a la Villa: la industria conservera. Se trata de la primera vez que en el concejo se plantea un estudio de usos y un plan de viabilidad para la adecuaci\u00f3n de un bien catalogado como Patrimonio Industrial para convertirlo de forma sostenible en un equipamiento muse\u00edstico y cultural\u201d relat\u00f3 el Concejal.<\/p>\n<p>\u201cTras la aprobaci\u00f3n definitiva del expediente para la contrataci\u00f3n, de los Pliegos de Cl\u00e1usulas Administrativas y Prescripciones T\u00e9cnicas que regir\u00e1n el proceso de adjudicaci\u00f3n del contrato, un abierto simplificado abreviado, el siguiente paso es el anuncio de la licitaci\u00f3n de las obras. El cual ha salido publicado en el d\u00eda de hoy, 21 de agosto, por lo aquellas personas, empresas, entidades que est\u00e9n interesadas en resultar adjudicatarias deber\u00e1n presentar sus ofertas en el plazo de diez d\u00edas h\u00e1biles contados a partir del d\u00eda siguiente a la publicaci\u00f3n. Finalizando el plazo el pr\u00f3ximo 4 de septiembre a las 15:00 horas. El presupuesto base de la licitaci\u00f3n, con cargo a la partida 333 22706 \u201cPlan Director del Museo de la Industria Conservera de Cand\u00e1s\u201d del presupuesto en vigor, ser\u00e1 de 32.670 \u20ac, para el mes de duraci\u00f3n del contrato\u201d explic\u00f3 el Edil.<\/p>\n<p>Del presupuesto de licitaci\u00f3n de 32.670 \u20ac, el 64 %, 22.869 \u20ac ser\u00e1n financiados por el Ayuntamiento de Carre\u00f1o; mientras que el 36% restante, 9.801\u20ac ser\u00e1n financiados a cargo de subvenci\u00f3n otorgada al Ayuntamiento a trav\u00e9s de los Fondo Europeo Mar\u00edtimo y Pesquero (FEMP) en la zona del Cabo Pe\u00f1as para convocatoria 2019, y que anualmente concede la Consejer\u00eda de Desarrollo Rural y Pesca del Principado de Asturias.<\/p>\n<p>\u201cEn la convocatoria anual de los fondos FEMP propusimos a la Direcci\u00f3n General de Pesca el proyecto de elaboraci\u00f3n del \u201cPlan Director del Museo de la Industria Conservera de Cand\u00e1s\u201d. El proyecto para el que solicit\u00f3 la ayuda consta de dos fases: en la primera, la anualidad del 2019 la realizaci\u00f3n del \u201cPlan Director\u201d; y en la segunda, la anualidad 2020, la exposici\u00f3n temporal sobre las conclusiones del estudio. Para ello nos fue concedida una subvenci\u00f3n para las dos anualidades de 19.156 \u20ac. Estas ayudas est\u00e1n cofinanciadas por la Uni\u00f3n Europea en un 85% y el Principado de Asturias en un 15%\u201d prosigui\u00f3 Fern\u00e1ndez<\/p>\n<p>\u201cEl objetivo general de este proyecto cultural es la de poner en valor la dimensi\u00f3n cultural de la mar como se\u00f1a de identidad de un pueblo adem\u00e1s de promover y difundir la identificaci\u00f3n del vecindario con su tradici\u00f3n marinera y pescadora, as\u00ed como la de sus visitantes; consolidar la imagen pesquera de Cand\u00e1s por medio de su asociaci\u00f3n a la actividad pesquera y conservera; potenciar su atractivo; y poner en valor su tradici\u00f3n marinera, y su especial relaci\u00f3n con las actividades derivadas de la pesca\u201d recalc\u00f3 el Responsable del \u00c1rea.<\/p>\n<p>\u201cPara ello la empresa adjudicataria del contrato ser\u00e1 la encargada de la elaboraci\u00f3n del estudio que establecer\u00e1 las directrices b\u00e1sicas para la conversi\u00f3n del actual edificio de la antigua \u201cF\u00e1brica de Ortiz\u201d en un centro muse\u00edstico de referencia. Se encargar\u00e1 de estudiar y analizar en profundidad la situaci\u00f3n actual del equipamiento, y propondr\u00e1 los medios que considere para la puesta a punto del Museo, pero siempre teniendo presente la viabilidad econ\u00f3mica de la propuesta, as\u00ed como la compatibilidad de usos del espacio, combinando su funci\u00f3n muse\u00edstica con la de espacio cultural de usos m\u00faltiples\u201d finaliz\u00f3 el Concejal de Cultura.<\/p>\n","protected":false},"excerpt":{"rendered":"<p>La alcaldesa de Carre\u00f1o, Amelia Fern\u00e1ndez, anunci\u00f3 recientemente mediante un comunicado de prensa que se ha procedido hoy a la licitaci\u00f3n de la elaboraci\u00f3n del Plan Director del Museo de la Industria Conservera de CAND\u00c1S. En este sentido, el comunicado de prensa completo expone la siguiente informaci\u00f3n: A partir de hoy, mi\u00e9rcoles 21 de agosto,<\/p>\n","protected":false},"author":1,"featured_media":6453,"comment_status":"closed","ping_status":"closed","sticky":false,"template":"","format":"standard","meta":{"footnotes":""},"categories":[2],"tags":[],"class_list":{"0":"post-128576","1":"post","2":"type-post","3":"status-publish","4":"format-standard","5":"has-post-thumbnail","7":"category-noticias-carreno"},"aioseo_notices":[],"aioseo_head":"\n\t\t<!-- All in One SEO Pro 4.9.6.2 - aioseo.com -->\n\t<meta name=\"description\" content=\"La alcaldesa de Carre\u00f1o, Amelia Fern\u00e1ndez, anunci\u00f3 recientemente mediante un comunicado de prensa que se ha procedido hoy a la licitaci\u00f3n de la elaboraci\u00f3n del Plan Director del Museo de la Industria Conservera de CAND\u00c1S. En este sentido, el comunicado de prensa completo expone la siguiente informaci\u00f3n: A partir de hoy, mi\u00e9rcoles 21 de agosto,\" \/>\n\t<meta name=\"robots\" content=\"max-image-preview:large\" \/>\n\t<meta name=\"author\" content=\"Cand\u00e1s 365\"\/>\n\t<meta name=\"google-site-verification\" content=\"UA-32230408-1\" \/>\n\t<meta name=\"msvalidate.01\" content=\"354F3CDFB2DA171B47FBE9ABF1F88D5\" \/>\n\t<meta name=\"keywords\" content=\"noticias carre\u00f1o\" \/>\n\t<link rel=\"canonical\" href=\"https:\/\/candas365.es\/noticias\/carreno-inicia-la-licitacion-del-plan-director-del-museo-de-la-industria-conservera\/\" \/>\n\t<meta name=\"generator\" content=\"All in One SEO Pro (AIOSEO) 4.9.6.2\" \/>\n\t\t<meta property=\"og:locale\" content=\"es_ES\" \/>\n\t\t<meta property=\"og:site_name\" content=\"Cand\u00e1s 365\" \/>\n\t\t<meta property=\"og:type\" content=\"article\" \/>\n\t\t<meta property=\"og:title\" content=\"Carre\u00f1o inicia la licitaci\u00f3n del Plan Director del Museo de la Industria Conservera | Cand\u00e1s 365\" \/>\n\t\t<meta property=\"og:description\" content=\"La alcaldesa de Carre\u00f1o, Amelia Fern\u00e1ndez, anunci\u00f3 recientemente mediante un comunicado de prensa que se ha procedido hoy a la licitaci\u00f3n de la elaboraci\u00f3n del Plan Director del Museo de la Industria Conservera de CAND\u00c1S. En este sentido, el comunicado de prensa completo expone la siguiente informaci\u00f3n: A partir de hoy, mi\u00e9rcoles 21 de agosto,\" \/>\n\t\t<meta property=\"og:url\" content=\"https:\/\/candas365.es\/noticias\/carreno-inicia-la-licitacion-del-plan-director-del-museo-de-la-industria-conservera\/\" \/>\n\t\t<meta property=\"og:image\" content=\"https:\/\/candas365.es\/noticias\/wp-content\/uploads\/2015\/01\/ayuntamiento.jpg\" \/>\n\t\t<meta property=\"og:image:secure_url\" content=\"https:\/\/candas365.es\/noticias\/wp-content\/uploads\/2015\/01\/ayuntamiento.jpg\" \/>\n\t\t<meta property=\"og:image:width\" content=\"800\" \/>\n\t\t<meta property=\"og:image:height\" content=\"600\" \/>\n\t\t<meta property=\"article:published_time\" content=\"2019-08-21T15:35:20+00:00\" \/>\n\t\t<meta property=\"article:modified_time\" content=\"2019-08-21T15:35:20+00:00\" \/>\n\t\t<meta property=\"article:publisher\" content=\"https:\/\/www.facebook.com\/Nachofdezber\" \/>\n\t\t<meta property=\"article:author\" content=\"https:\/\/www.facebook.com\/carrenoactualidad\" \/>\n\t\t<meta name=\"twitter:card\" content=\"summary_large_image\" \/>\n\t\t<meta name=\"twitter:site\" content=\"@NabercoDigital\" \/>\n\t\t<meta name=\"twitter:title\" content=\"Carre\u00f1o inicia la licitaci\u00f3n del Plan Director del Museo de la Industria Conservera | Cand\u00e1s 365\" \/>\n\t\t<meta name=\"twitter:description\" content=\"La alcaldesa de Carre\u00f1o, Amelia Fern\u00e1ndez, anunci\u00f3 recientemente mediante un comunicado de prensa que se ha procedido hoy a la licitaci\u00f3n de la elaboraci\u00f3n del Plan Director del Museo de la Industria Conservera de CAND\u00c1S. En este sentido, el comunicado de prensa completo expone la siguiente informaci\u00f3n: A partir de hoy, mi\u00e9rcoles 21 de agosto,\" \/>\n\t\t<meta name=\"twitter:creator\" content=\"@nbasturias\" \/>\n\t\t<meta name=\"twitter:image\" content=\"https:\/\/candas365.es\/noticias\/wp-content\/uploads\/2015\/01\/ayuntamiento.jpg\" \/>\n\t\t<meta name=\"twitter:label1\" content=\"Escrito por\" \/>\n\t\t<meta name=\"twitter:data1\" content=\"Cand\u00e1s 365\" \/>\n\t\t<meta name=\"twitter:label2\" content=\"Tiempo de lectura estimado\" \/>\n\t\t<meta name=\"twitter:data2\" content=\"4 minutos\" \/>\n\t\t<script type=\"application\/ld+json\" class=\"aioseo-schema\">\n\t\t\t{\"@context\":\"https:\\\/\\\/schema.org\",\"@graph\":[{\"@type\":\"BreadcrumbList\",\"@id\":\"https:\\\/\\\/candas365.es\\\/noticias\\\/carreno-inicia-la-licitacion-del-plan-director-del-museo-de-la-industria-conservera\\\/#breadcrumblist\",\"itemListElement\":[{\"@type\":\"ListItem\",\"@id\":\"https:\\\/\\\/candas365.es\\\/noticias#listItem\",\"position\":1,\"name\":\"Home\",\"item\":\"https:\\\/\\\/candas365.es\\\/noticias\",\"nextItem\":{\"@type\":\"ListItem\",\"@id\":\"https:\\\/\\\/candas365.es\\\/noticias\\\/category\\\/noticias-carreno\\\/#listItem\",\"name\":\"Noticias Carre\\u00f1o\"}},{\"@type\":\"ListItem\",\"@id\":\"https:\\\/\\\/candas365.es\\\/noticias\\\/category\\\/noticias-carreno\\\/#listItem\",\"position\":2,\"name\":\"Noticias Carre\\u00f1o\",\"item\":\"https:\\\/\\\/candas365.es\\\/noticias\\\/category\\\/noticias-carreno\\\/\",\"nextItem\":{\"@type\":\"ListItem\",\"@id\":\"https:\\\/\\\/candas365.es\\\/noticias\\\/carreno-inicia-la-licitacion-del-plan-director-del-museo-de-la-industria-conservera\\\/#listItem\",\"name\":\"Carre\\u00f1o inicia la licitaci\\u00f3n del Plan Director del Museo de la Industria Conservera\"},\"previousItem\":{\"@type\":\"ListItem\",\"@id\":\"https:\\\/\\\/candas365.es\\\/noticias#listItem\",\"name\":\"Home\"}},{\"@type\":\"ListItem\",\"@id\":\"https:\\\/\\\/candas365.es\\\/noticias\\\/carreno-inicia-la-licitacion-del-plan-director-del-museo-de-la-industria-conservera\\\/#listItem\",\"position\":3,\"name\":\"Carre\\u00f1o inicia la licitaci\\u00f3n del Plan Director del Museo de la Industria Conservera\",\"previousItem\":{\"@type\":\"ListItem\",\"@id\":\"https:\\\/\\\/candas365.es\\\/noticias\\\/category\\\/noticias-carreno\\\/#listItem\",\"name\":\"Noticias Carre\\u00f1o\"}}]},{\"@type\":\"NewsArticle\",\"@id\":\"https:\\\/\\\/candas365.es\\\/noticias\\\/carreno-inicia-la-licitacion-del-plan-director-del-museo-de-la-industria-conservera\\\/#newsarticle\",\"name\":\"Carre\\u00f1o inicia la licitaci\\u00f3n del Plan Director del Museo de la Industria Conservera | Cand\\u00e1s 365\",\"headline\":\"Carre\\u00f1o inicia la licitaci\\u00f3n del Plan Director del Museo de la Industria Conservera\",\"author\":{\"@id\":\"https:\\\/\\\/candas365.es\\\/noticias\\\/author\\\/admin\\\/#author\"},\"publisher\":{\"@id\":\"https:\\\/\\\/candas365.es\\\/noticias\\\/#organization\"},\"image\":{\"@type\":\"ImageObject\",\"url\":\"https:\\\/\\\/candas365.es\\\/noticias\\\/wp-content\\\/uploads\\\/2015\\\/01\\\/ayuntamiento.jpg\",\"width\":800,\"height\":600,\"caption\":\"Carre\\u00f1o\"},\"datePublished\":\"2019-08-21T15:35:20+02:00\",\"dateModified\":\"2019-08-21T15:35:20+02:00\",\"inLanguage\":\"es-ES\",\"mainEntityOfPage\":{\"@id\":\"https:\\\/\\\/candas365.es\\\/noticias\\\/carreno-inicia-la-licitacion-del-plan-director-del-museo-de-la-industria-conservera\\\/#webpage\"},\"isPartOf\":{\"@id\":\"https:\\\/\\\/candas365.es\\\/noticias\\\/carreno-inicia-la-licitacion-del-plan-director-del-museo-de-la-industria-conservera\\\/#webpage\"},\"articleSection\":\"Noticias Carre\\u00f1o\",\"dateline\":\"Publicado el agosto 21, 2019.\"},{\"@type\":\"Organization\",\"@id\":\"https:\\\/\\\/candas365.es\\\/noticias\\\/#organization\",\"name\":\"Cand\\u00e1s 365\",\"description\":\"Cand\\u00e1s 365 es un diario digital independiente, fundado en 2012, con base en Asturias. Informamos con rigor sobre actualidad, sociedad, cultura y ocio, con una mirada local y global.\",\"url\":\"https:\\\/\\\/candas365.es\\\/noticias\\\/\",\"email\":\"info@candas365.es\",\"telephone\":\"+34652131393\",\"foundingDate\":\"2012-06-10\",\"logo\":{\"@type\":\"ImageObject\",\"url\":\"https:\\\/\\\/candas365.es\\\/noticias\\\/wp-content\\\/uploads\\\/2024\\\/09\\\/Candas-365-Redes.jpg\",\"@id\":\"https:\\\/\\\/candas365.es\\\/noticias\\\/carreno-inicia-la-licitacion-del-plan-director-del-museo-de-la-industria-conservera\\\/#organizationLogo\",\"width\":1152,\"height\":864,\"caption\":\"Cand\\u00e1s 365 Redes\"},\"image\":{\"@id\":\"https:\\\/\\\/candas365.es\\\/noticias\\\/carreno-inicia-la-licitacion-del-plan-director-del-museo-de-la-industria-conservera\\\/#organizationLogo\"},\"sameAs\":[\"https:\\\/\\\/www.facebook.com\\\/Nachofdezber\",\"https:\\\/\\\/x.com\\\/NabercoDigital\",\"https:\\\/\\\/www.instagram.com\\\/nachofdezber\\\/\",\"https:\\\/\\\/www.youtube.com\\\/channel\\\/UCZP-2wLEB9Rv6erhFmqVnvg\"],\"address\":{\"@id\":\"https:\\\/\\\/candas365.es\\\/noticias\\\/#postaladdress\",\"@type\":\"PostalAddress\",\"streetAddress\":\"san antonio 4, san antonio 4\",\"postalCode\":\"33430\",\"addressLocality\":\"Cand\\u00e1s\",\"addressRegion\":\"Asturias\",\"addressCountry\":\"ES\"}},{\"@type\":\"Person\",\"@id\":\"https:\\\/\\\/candas365.es\\\/noticias\\\/author\\\/admin\\\/#author\",\"url\":\"https:\\\/\\\/candas365.es\\\/noticias\\\/author\\\/admin\\\/\",\"name\":\"Cand\\u00e1s 365\",\"image\":{\"@type\":\"ImageObject\",\"@id\":\"https:\\\/\\\/candas365.es\\\/noticias\\\/carreno-inicia-la-licitacion-del-plan-director-del-museo-de-la-industria-conservera\\\/#authorImage\",\"url\":\"https:\\\/\\\/secure.gravatar.com\\\/avatar\\\/496a8e03d0c493ede1718b7934145dbdf8d89be1036b0eec9544e1094c9de390?s=96&d=mm&r=g\",\"width\":96,\"height\":96,\"caption\":\"Cand\\u00e1s 365\"},\"sameAs\":[\"https:\\\/\\\/www.facebook.com\\\/carrenoactualidad\",\"https:\\\/\\\/twitter.com\\\/nbasturias\",\"https:\\\/\\\/www.instagram.com\\\/nachofdezber\\\/\",\"https:\\\/\\\/www.youtube.com\\\/channel\\\/UCZP-2wLEB9Rv6erhFmqVnvg\"]},{\"@type\":\"WebPage\",\"@id\":\"https:\\\/\\\/candas365.es\\\/noticias\\\/carreno-inicia-la-licitacion-del-plan-director-del-museo-de-la-industria-conservera\\\/#webpage\",\"url\":\"https:\\\/\\\/candas365.es\\\/noticias\\\/carreno-inicia-la-licitacion-del-plan-director-del-museo-de-la-industria-conservera\\\/\",\"name\":\"Carre\\u00f1o inicia la licitaci\\u00f3n del Plan Director del Museo de la Industria Conservera | Cand\\u00e1s 365\",\"description\":\"La alcaldesa de Carre\\u00f1o, Amelia Fern\\u00e1ndez, anunci\\u00f3 recientemente mediante un comunicado de prensa que se ha procedido hoy a la licitaci\\u00f3n de la elaboraci\\u00f3n del Plan Director del Museo de la Industria Conservera de CAND\\u00c1S. En este sentido, el comunicado de prensa completo expone la siguiente informaci\\u00f3n: A partir de hoy, mi\\u00e9rcoles 21 de agosto,\",\"inLanguage\":\"es-ES\",\"isPartOf\":{\"@id\":\"https:\\\/\\\/candas365.es\\\/noticias\\\/#website\"},\"breadcrumb\":{\"@id\":\"https:\\\/\\\/candas365.es\\\/noticias\\\/carreno-inicia-la-licitacion-del-plan-director-del-museo-de-la-industria-conservera\\\/#breadcrumblist\"},\"author\":{\"@id\":\"https:\\\/\\\/candas365.es\\\/noticias\\\/author\\\/admin\\\/#author\"},\"creator\":{\"@id\":\"https:\\\/\\\/candas365.es\\\/noticias\\\/author\\\/admin\\\/#author\"},\"image\":{\"@type\":\"ImageObject\",\"url\":\"https:\\\/\\\/candas365.es\\\/noticias\\\/wp-content\\\/uploads\\\/2015\\\/01\\\/ayuntamiento.jpg\",\"@id\":\"https:\\\/\\\/candas365.es\\\/noticias\\\/carreno-inicia-la-licitacion-del-plan-director-del-museo-de-la-industria-conservera\\\/#mainImage\",\"width\":800,\"height\":600,\"caption\":\"Carre\\u00f1o\"},\"primaryImageOfPage\":{\"@id\":\"https:\\\/\\\/candas365.es\\\/noticias\\\/carreno-inicia-la-licitacion-del-plan-director-del-museo-de-la-industria-conservera\\\/#mainImage\"},\"datePublished\":\"2019-08-21T15:35:20+02:00\",\"dateModified\":\"2019-08-21T15:35:20+02:00\"},{\"@type\":\"WebSite\",\"@id\":\"https:\\\/\\\/candas365.es\\\/noticias\\\/#website\",\"url\":\"https:\\\/\\\/candas365.es\\\/noticias\\\/\",\"name\":\"Cand\\u00e1s 365\",\"alternateName\":\"Cand\\u00e1s 365 Noticias\",\"description\":\"Actualidad desde Carre\\u00f1o para el mundo\",\"inLanguage\":\"es-ES\",\"publisher\":{\"@id\":\"https:\\\/\\\/candas365.es\\\/noticias\\\/#organization\"}}]}\n\t\t<\/script>\n\t\t<!-- All in One SEO Pro -->\r\n\t\t<title>Carre\u00f1o inicia la licitaci\u00f3n del Plan Director del Museo de la Industria Conservera | Cand\u00e1s 365<\/title>\n\n","aioseo_head_json":{"title":"Carre\u00f1o inicia la licitaci\u00f3n del Plan Director del Museo de la Industria Conservera | Cand\u00e1s 365","description":"La alcaldesa de Carre\u00f1o, Amelia Fern\u00e1ndez, anunci\u00f3 recientemente mediante un comunicado de prensa que se ha procedido hoy a la licitaci\u00f3n de la elaboraci\u00f3n del Plan Director del Museo de la Industria Conservera de CAND\u00c1S. En este sentido, el comunicado de prensa completo expone la siguiente informaci\u00f3n: A partir de hoy, mi\u00e9rcoles 21 de agosto,","canonical_url":"https:\/\/candas365.es\/noticias\/carreno-inicia-la-licitacion-del-plan-director-del-museo-de-la-industria-conservera\/","robots":"max-image-preview:large","keywords":"noticias carre\u00f1o","webmasterTools":{"google-site-verification":"UA-32230408-1","msvalidate.01":"354F3CDFB2DA171B47FBE9ABF1F88D5","miscellaneous":""},"schema":{"@context":"https:\/\/schema.org","@graph":[{"@type":"BreadcrumbList","@id":"https:\/\/candas365.es\/noticias\/carreno-inicia-la-licitacion-del-plan-director-del-museo-de-la-industria-conservera\/#breadcrumblist","itemListElement":[{"@type":"ListItem","@id":"https:\/\/candas365.es\/noticias#listItem","position":1,"name":"Home","item":"https:\/\/candas365.es\/noticias","nextItem":{"@type":"ListItem","@id":"https:\/\/candas365.es\/noticias\/category\/noticias-carreno\/#listItem","name":"Noticias Carre\u00f1o"}},{"@type":"ListItem","@id":"https:\/\/candas365.es\/noticias\/category\/noticias-carreno\/#listItem","position":2,"name":"Noticias Carre\u00f1o","item":"https:\/\/candas365.es\/noticias\/category\/noticias-carreno\/","nextItem":{"@type":"ListItem","@id":"https:\/\/candas365.es\/noticias\/carreno-inicia-la-licitacion-del-plan-director-del-museo-de-la-industria-conservera\/#listItem","name":"Carre\u00f1o inicia la licitaci\u00f3n del Plan Director del Museo de la Industria Conservera"},"previousItem":{"@type":"ListItem","@id":"https:\/\/candas365.es\/noticias#listItem","name":"Home"}},{"@type":"ListItem","@id":"https:\/\/candas365.es\/noticias\/carreno-inicia-la-licitacion-del-plan-director-del-museo-de-la-industria-conservera\/#listItem","position":3,"name":"Carre\u00f1o inicia la licitaci\u00f3n del Plan Director del Museo de la Industria Conservera","previousItem":{"@type":"ListItem","@id":"https:\/\/candas365.es\/noticias\/category\/noticias-carreno\/#listItem","name":"Noticias Carre\u00f1o"}}]},{"@type":"NewsArticle","@id":"https:\/\/candas365.es\/noticias\/carreno-inicia-la-licitacion-del-plan-director-del-museo-de-la-industria-conservera\/#newsarticle","name":"Carre\u00f1o inicia la licitaci\u00f3n del Plan Director del Museo de la Industria Conservera | Cand\u00e1s 365","headline":"Carre\u00f1o inicia la licitaci\u00f3n del Plan Director del Museo de la Industria Conservera","author":{"@id":"https:\/\/candas365.es\/noticias\/author\/admin\/#author"},"publisher":{"@id":"https:\/\/candas365.es\/noticias\/#organization"},"image":{"@type":"ImageObject","url":"https:\/\/candas365.es\/noticias\/wp-content\/uploads\/2015\/01\/ayuntamiento.jpg","width":800,"height":600,"caption":"Carre\u00f1o"},"datePublished":"2019-08-21T15:35:20+02:00","dateModified":"2019-08-21T15:35:20+02:00","inLanguage":"es-ES","mainEntityOfPage":{"@id":"https:\/\/candas365.es\/noticias\/carreno-inicia-la-licitacion-del-plan-director-del-museo-de-la-industria-conservera\/#webpage"},"isPartOf":{"@id":"https:\/\/candas365.es\/noticias\/carreno-inicia-la-licitacion-del-plan-director-del-museo-de-la-industria-conservera\/#webpage"},"articleSection":"Noticias Carre\u00f1o","dateline":"Publicado el agosto 21, 2019."},{"@type":"Organization","@id":"https:\/\/candas365.es\/noticias\/#organization","name":"Cand\u00e1s 365","description":"Cand\u00e1s 365 es un diario digital independiente, fundado en 2012, con base en Asturias. Informamos con rigor sobre actualidad, sociedad, cultura y ocio, con una mirada local y global.","url":"https:\/\/candas365.es\/noticias\/","email":"info@candas365.es","telephone":"+34652131393","foundingDate":"2012-06-10","logo":{"@type":"ImageObject","url":"https:\/\/candas365.es\/noticias\/wp-content\/uploads\/2024\/09\/Candas-365-Redes.jpg","@id":"https:\/\/candas365.es\/noticias\/carreno-inicia-la-licitacion-del-plan-director-del-museo-de-la-industria-conservera\/#organizationLogo","width":1152,"height":864,"caption":"Cand\u00e1s 365 Redes"},"image":{"@id":"https:\/\/candas365.es\/noticias\/carreno-inicia-la-licitacion-del-plan-director-del-museo-de-la-industria-conservera\/#organizationLogo"},"sameAs":["https:\/\/www.facebook.com\/Nachofdezber","https:\/\/x.com\/NabercoDigital","https:\/\/www.instagram.com\/nachofdezber\/","https:\/\/www.youtube.com\/channel\/UCZP-2wLEB9Rv6erhFmqVnvg"],"address":{"@id":"https:\/\/candas365.es\/noticias\/#postaladdress","@type":"PostalAddress","streetAddress":"san antonio 4, san antonio 4","postalCode":"33430","addressLocality":"Cand\u00e1s","addressRegion":"Asturias","addressCountry":"ES"}},{"@type":"Person","@id":"https:\/\/candas365.es\/noticias\/author\/admin\/#author","url":"https:\/\/candas365.es\/noticias\/author\/admin\/","name":"Cand\u00e1s 365","image":{"@type":"ImageObject","@id":"https:\/\/candas365.es\/noticias\/carreno-inicia-la-licitacion-del-plan-director-del-museo-de-la-industria-conservera\/#authorImage","url":"https:\/\/secure.gravatar.com\/avatar\/496a8e03d0c493ede1718b7934145dbdf8d89be1036b0eec9544e1094c9de390?s=96&d=mm&r=g","width":96,"height":96,"caption":"Cand\u00e1s 365"},"sameAs":["https:\/\/www.facebook.com\/carrenoactualidad","https:\/\/twitter.com\/nbasturias","https:\/\/www.instagram.com\/nachofdezber\/","https:\/\/www.youtube.com\/channel\/UCZP-2wLEB9Rv6erhFmqVnvg"]},{"@type":"WebPage","@id":"https:\/\/candas365.es\/noticias\/carreno-inicia-la-licitacion-del-plan-director-del-museo-de-la-industria-conservera\/#webpage","url":"https:\/\/candas365.es\/noticias\/carreno-inicia-la-licitacion-del-plan-director-del-museo-de-la-industria-conservera\/","name":"Carre\u00f1o inicia la licitaci\u00f3n del Plan Director del Museo de la Industria Conservera | Cand\u00e1s 365","description":"La alcaldesa de Carre\u00f1o, Amelia Fern\u00e1ndez, anunci\u00f3 recientemente mediante un comunicado de prensa que se ha procedido hoy a la licitaci\u00f3n de la elaboraci\u00f3n del Plan Director del Museo de la Industria Conservera de CAND\u00c1S. En este sentido, el comunicado de prensa completo expone la siguiente informaci\u00f3n: A partir de hoy, mi\u00e9rcoles 21 de agosto,","inLanguage":"es-ES","isPartOf":{"@id":"https:\/\/candas365.es\/noticias\/#website"},"breadcrumb":{"@id":"https:\/\/candas365.es\/noticias\/carreno-inicia-la-licitacion-del-plan-director-del-museo-de-la-industria-conservera\/#breadcrumblist"},"author":{"@id":"https:\/\/candas365.es\/noticias\/author\/admin\/#author"},"creator":{"@id":"https:\/\/candas365.es\/noticias\/author\/admin\/#author"},"image":{"@type":"ImageObject","url":"https:\/\/candas365.es\/noticias\/wp-content\/uploads\/2015\/01\/ayuntamiento.jpg","@id":"https:\/\/candas365.es\/noticias\/carreno-inicia-la-licitacion-del-plan-director-del-museo-de-la-industria-conservera\/#mainImage","width":800,"height":600,"caption":"Carre\u00f1o"},"primaryImageOfPage":{"@id":"https:\/\/candas365.es\/noticias\/carreno-inicia-la-licitacion-del-plan-director-del-museo-de-la-industria-conservera\/#mainImage"},"datePublished":"2019-08-21T15:35:20+02:00","dateModified":"2019-08-21T15:35:20+02:00"},{"@type":"WebSite","@id":"https:\/\/candas365.es\/noticias\/#website","url":"https:\/\/candas365.es\/noticias\/","name":"Cand\u00e1s 365","alternateName":"Cand\u00e1s 365 Noticias","description":"Actualidad desde Carre\u00f1o para el mundo","inLanguage":"es-ES","publisher":{"@id":"https:\/\/candas365.es\/noticias\/#organization"}}]},"og:locale":"es_ES","og:site_name":"Cand\u00e1s 365","og:type":"article","og:title":"Carre\u00f1o inicia la licitaci\u00f3n del Plan Director del Museo de la Industria Conservera | Cand\u00e1s 365","og:description":"La alcaldesa de Carre\u00f1o, Amelia Fern\u00e1ndez, anunci\u00f3 recientemente mediante un comunicado de prensa que se ha procedido hoy a la licitaci\u00f3n de la elaboraci\u00f3n del Plan Director del Museo de la Industria Conservera de CAND\u00c1S. En este sentido, el comunicado de prensa completo expone la siguiente informaci\u00f3n: A partir de hoy, mi\u00e9rcoles 21 de agosto,","og:url":"https:\/\/candas365.es\/noticias\/carreno-inicia-la-licitacion-del-plan-director-del-museo-de-la-industria-conservera\/","og:image":"https:\/\/candas365.es\/noticias\/wp-content\/uploads\/2015\/01\/ayuntamiento.jpg","og:image:secure_url":"https:\/\/candas365.es\/noticias\/wp-content\/uploads\/2015\/01\/ayuntamiento.jpg","og:image:width":800,"og:image:height":600,"article:published_time":"2019-08-21T15:35:20+00:00","article:modified_time":"2019-08-21T15:35:20+00:00","article:publisher":"https:\/\/www.facebook.com\/Nachofdezber","article:author":"https:\/\/www.facebook.com\/carrenoactualidad","twitter:card":"summary_large_image","twitter:site":"@NabercoDigital","twitter:title":"Carre\u00f1o inicia la licitaci\u00f3n del Plan Director del Museo de la Industria Conservera | Cand\u00e1s 365","twitter:description":"La alcaldesa de Carre\u00f1o, Amelia Fern\u00e1ndez, anunci\u00f3 recientemente mediante un comunicado de prensa que se ha procedido hoy a la licitaci\u00f3n de la elaboraci\u00f3n del Plan Director del Museo de la Industria Conservera de CAND\u00c1S. En este sentido, el comunicado de prensa completo expone la siguiente informaci\u00f3n: A partir de hoy, mi\u00e9rcoles 21 de agosto,","twitter:creator":"@nbasturias","twitter:image":"https:\/\/candas365.es\/noticias\/wp-content\/uploads\/2015\/01\/ayuntamiento.jpg","twitter:label1":"Escrito por","twitter:data1":"Cand\u00e1s 365","twitter:label2":"Tiempo de lectura estimado","twitter:data2":"4 minutos"},"aioseo_meta_data":{"post_id":"128576","title":null,"description":null,"keywords":null,"keyphrases":null,"primary_term":null,"canonical_url":null,"og_title":null,"og_description":null,"og_object_type":"default","og_image_type":"default","og_image_url":null,"og_image_width":null,"og_image_height":null,"og_image_custom_url":null,"og_image_custom_fields":null,"og_video":null,"og_custom_url":null,"og_article_section":null,"og_article_tags":null,"twitter_use_og":false,"twitter_card":"default","twitter_image_type":"default","twitter_image_url":null,"twitter_image_custom_url":null,"twitter_image_custom_fields":null,"twitter_title":null,"twitter_description":null,"schema":{"blockGraphs":[],"customGraphs":[],"default":{"data":{"Article":[],"Course":[],"Dataset":[],"FAQPage":[],"Movie":[],"Person":[],"Product":[],"ProductReview":[],"Car":[],"Recipe":[],"Service":[],"SoftwareApplication":[],"WebPage":[]},"graphName":"","isEnabled":true},"graphs":[],"defaultGraph":"","defaultPostTypeGraph":""},"schema_type":null,"schema_type_options":null,"pillar_content":false,"robots_default":true,"robots_noindex":false,"robots_noarchive":false,"robots_nosnippet":false,"robots_nofollow":false,"robots_noimageindex":false,"robots_noodp":false,"robots_notranslate":false,"robots_max_snippet":null,"robots_max_videopreview":null,"robots_max_imagepreview":"large","priority":null,"frequency":null,"location":null,"local_seo":null,"seo_analyzer_scan_date":"2025-08-30 11:59:14","breadcrumb_settings":null,"limit_modified_date":false,"reviewed_by":null,"open_ai":null,"ai":null,"created":"2020-12-21 10:53:38","updated":"2025-08-30 11:59:14"},"aioseo_breadcrumb":"<div class=\"aioseo-breadcrumbs\"><span class=\"aioseo-breadcrumb\">\n\t<a href=\"https:\/\/candas365.es\/noticias\" title=\"Home\">Home<\/a>\n<\/span><span class=\"aioseo-breadcrumb-separator\">&ndash;<\/span><span class=\"aioseo-breadcrumb\">\n\t<a href=\"https:\/\/candas365.es\/noticias\/category\/noticias-carreno\/\" title=\"Noticias Carre\u00f1o\">Noticias Carre\u00f1o<\/a>\n<\/span><span class=\"aioseo-breadcrumb-separator\">&ndash;<\/span><span class=\"aioseo-breadcrumb\">\n\tCarre\u00f1o inicia la licitaci\u00f3n del Plan Director del Museo de la Industria Conservera\n<\/span><\/div>","aioseo_breadcrumb_json":[{"label":"Home","link":"https:\/\/candas365.es\/noticias"},{"label":"Noticias Carre\u00f1o","link":"https:\/\/candas365.es\/noticias\/category\/noticias-carreno\/"},{"label":"Carre\u00f1o inicia la licitaci\u00f3n del Plan Director del Museo de la Industria Conservera","link":"https:\/\/candas365.es\/noticias\/carreno-inicia-la-licitacion-del-plan-director-del-museo-de-la-industria-conservera\/"}],"_links":{"self":[{"href":"https:\/\/candas365.es\/noticias\/wp-json\/wp\/v2\/posts\/128576","targetHints":{"allow":["GET"]}}],"collection":[{"href":"https:\/\/candas365.es\/noticias\/wp-json\/wp\/v2\/posts"}],"about":[{"href":"https:\/\/candas365.es\/noticias\/wp-json\/wp\/v2\/types\/post"}],"author":[{"embeddable":true,"href":"https:\/\/candas365.es\/noticias\/wp-json\/wp\/v2\/users\/1"}],"replies":[{"embeddable":true,"href":"https:\/\/candas365.es\/noticias\/wp-json\/wp\/v2\/comments?post=128576"}],"version-history":[{"count":0,"href":"https:\/\/candas365.es\/noticias\/wp-json\/wp\/v2\/posts\/128576\/revisions"}],"wp:featuredmedia":[{"embeddable":true,"href":"https:\/\/candas365.es\/noticias\/wp-json\/wp\/v2\/media\/6453"}],"wp:attachment":[{"href":"https:\/\/candas365.es\/noticias\/wp-json\/wp\/v2\/media?parent=128576"}],"wp:term":[{"taxonomy":"category","embeddable":true,"href":"https:\/\/candas365.es\/noticias\/wp-json\/wp\/v2\/categories?post=128576"},{"taxonomy":"post_tag","embeddable":true,"href":"https:\/\/candas365.es\/noticias\/wp-json\/wp\/v2\/tags?post=128576"}],"curies":[{"name":"wp","href":"https:\/\/api.w.org\/{rel}","templated":true}]}}