{"id":128528,"date":"2019-08-20T14:07:23","date_gmt":"2019-08-20T14:07:23","guid":{"rendered":"http:\/\/candas365.es\/noticias\/?p=128528"},"modified":"2019-08-20T14:07:23","modified_gmt":"2019-08-20T14:07:23","slug":"el-ayuntamiento-de-carreno-revisa-el-estado-electrico-de-sus-edificios","status":"publish","type":"post","link":"https:\/\/candas365.es\/noticias\/el-ayuntamiento-de-carreno-revisa-el-estado-electrico-de-sus-edificios\/","title":{"rendered":"El Ayuntamiento de Carre\u00f1o revisa el estado \u201cel\u00e9ctrico\u201d de sus edificios"},"content":{"rendered":"<p>Siete e<img fetchpriority=\"high\" decoding=\"async\" class=\"alignleft size-medium wp-image-6453\" src=\"https:\/\/candas365.es\/noticias\/wp-content\/uploads\/2015\/01\/ayuntamiento-360x270.jpg\" alt=\"\" width=\"360\" height=\"270\" srcset=\"https:\/\/candas365.es\/noticias\/wp-content\/uploads\/2015\/01\/ayuntamiento-360x270.jpg 360w, https:\/\/candas365.es\/noticias\/wp-content\/uploads\/2015\/01\/ayuntamiento-640x480.jpg 640w, https:\/\/candas365.es\/noticias\/wp-content\/uploads\/2015\/01\/ayuntamiento-768x576.jpg 768w, https:\/\/candas365.es\/noticias\/wp-content\/uploads\/2015\/01\/ayuntamiento-150x113.jpg 150w, https:\/\/candas365.es\/noticias\/wp-content\/uploads\/2015\/01\/ayuntamiento-450x338.jpg 450w, https:\/\/candas365.es\/noticias\/wp-content\/uploads\/2015\/01\/ayuntamiento-80x60.jpg 80w, https:\/\/candas365.es\/noticias\/wp-content\/uploads\/2015\/01\/ayuntamiento-265x198.jpg 265w, https:\/\/candas365.es\/noticias\/wp-content\/uploads\/2015\/01\/ayuntamiento-696x522.jpg 696w, https:\/\/candas365.es\/noticias\/wp-content\/uploads\/2015\/01\/ayuntamiento-560x420.jpg 560w, https:\/\/candas365.es\/noticias\/wp-content\/uploads\/2015\/01\/ayuntamiento-90x67.jpg 90w, https:\/\/candas365.es\/noticias\/wp-content\/uploads\/2015\/01\/ayuntamiento.jpg 800w\" sizes=\"(max-width: 360px) 100vw, 360px\" \/>dificios Municipales del Concejo de Carre\u00f1o han sido objeto de una serie de mejoras en sus instalaciones el\u00e9ctricas tras la revisi\u00f3n e inspecci\u00f3n llevada a cabo por los <strong>Organismos de Control Autorizados<\/strong> (OCAs).<\/p>\n<p>En todos los edificios existen una serie de instalaciones que peri\u00f3dicamente precisan de una revisi\u00f3n de modo que en todo momento sean seguras y eficientes. Entre estas instalaciones se encuentran las instalaciones el\u00e9ctricas de los edificios p\u00fablicos. Esto exige su mantenimiento, su revisi\u00f3n peri\u00f3dica e inspecci\u00f3n por personal t\u00e9cnico especializado perteneciente a los Organismos de Control Autorizados.<\/p>\n<p>\u201cEstas inspecciones son llevadas a cabo cada cinco a\u00f1os por los Organismos de Control Autorizados. En ellas se verifican el cumplimiento de las condiciones y requisitos de seguridad establecidos en los reglamentos de seguridad para los productos e instalaciones, seg\u00fan el Real Decreto 2200\/1995 de la seguridad industrial\u201d se\u00f1al\u00f3 David Garc\u00eda, Concejal de Obras.<\/p>\n<p>\u201cEn nuestro caso esta inspecci\u00f3n consisti\u00f3, en cada uno de los edificios, en la revisi\u00f3n de las instalaciones el\u00e9ctricas en funci\u00f3n de su uso revisando las instalaciones, adem\u00e1s de actualizar la documentaci\u00f3n t\u00e9cnica de los mismos en funci\u00f3n de la normativa vigente, es decir, el Reglamento de bajo Tensi\u00f3n-REBT\u201d relat\u00f3 el Edil.<\/p>\n<p>\u201cTras la inspecci\u00f3n realizada por el \u00f3rgano competente, la Direcci\u00f3n General de Industria nos remiti\u00f3 el acta de inspecci\u00f3n peri\u00f3dica de la instalaci\u00f3n el\u00e9ctrica de baja tensi\u00f3n, acometiendo, en base a ello, desde el consistorio una serie de mejoras e inversiones en esas Instalaciones el\u00e9ctricas con el objetivo de hacerlas m\u00e1s seguras\u201d prosigui\u00f3 Garc\u00eda<\/p>\n<p>En estos meses de verano realizamos las inversiones y mejoras necesarias en los siguientes edificios municipales:<\/p>\n<p>Los edificios de las dos Escuelas rurales en funcionamiento:<\/p>\n<ul>\n<li>En la Escuela Infantil de El Valle<\/li>\n<li>En la Escuela Infantil de Llorgozana<\/li>\n<\/ul>\n<p>Y en otros cinco edificios p\u00fablicos municipales que hoy tienen usos sociales y vecinales como son la antigua Escuela de la Pedrera en Perlora, hoy sede vecinal; las antiguas Escuelas del Band\u00edn en la parroquia de Carri\u00f3, hoy sede sociocultural de entidades, la antigua Escuela de Pieloro, el edifico del \u00e1rea Recreativa de La fuente de los \u00c1ngeles en Cand\u00e1s, hoy cedido el uso como sede vecinal para La Matiella y las antiguas Escuelas de El Regueral, en Cand\u00e1s, convertidas en la actualidad en la Escuela de Sabores La Llariega y sede de la entidad vecinal del barrio.<\/p>\n<p>\u201cA la hora de la realizaci\u00f3n de los trabajos, y dependiendo de la casu\u00edstica de cada edificio trabajamos con medios propios y externos. Por un lado los proyectos t\u00e9cnicos los elabor\u00f3 una empresa externa, que tras la licitaci\u00f3n correspondiente fue adjudicada a Monceme, S.L. por un importe de 5.852,14 \u20ac. Las obras de mejoras de 3 de los edificios, debido a sus caracter\u00edsticas, hubo que externalizarlos, siendo adjudicados las obras a la empresa Goyastur por un importe de 31.875,70\u20ac. A este inversi\u00f3n total de 37.727,84 \u20ac hay que sumarle las inversiones con medios propios derivados de las obras de mejora que desde el servicio el\u00e9ctrico dependiente del Servicio de Obras del Ayuntamiento de Carre\u00f1o se ha hecho en los 4 restantes edificios\u201d rese\u00f1\u00f3 el Responsable del \u00c1rea de Obras.<\/p>\n<p>\u201cLas inspecciones reglamentarias son obligatorias y una medida m\u00e1s de control de la seguridad de las personas y los bienes. De la misma forma que llevamos el veh\u00edculo a pasar la revisi\u00f3n de la ITV peri\u00f3dicamente, debemos revisar nuestras instalaciones el\u00e9ctricas a trav\u00e9s de un Organismo de Control Autorizado\u201d finaliz\u00f3 se\u00f1al\u00f3 David Garc\u00eda-Concejal de Obras.<\/p>\n<p>&nbsp;<\/p>\n","protected":false},"excerpt":{"rendered":"<p>Siete edificios Municipales del Concejo de Carre\u00f1o han sido objeto de una serie de mejoras en sus instalaciones el\u00e9ctricas tras la revisi\u00f3n e inspecci\u00f3n llevada a cabo por los Organismos de Control Autorizados (OCAs). En todos los edificios existen una serie de instalaciones que peri\u00f3dicamente precisan de una revisi\u00f3n de modo que en todo momento<\/p>\n","protected":false},"author":1,"featured_media":6453,"comment_status":"closed","ping_status":"closed","sticky":false,"template":"","format":"standard","meta":{"footnotes":""},"categories":[2],"tags":[],"class_list":{"0":"post-128528","1":"post","2":"type-post","3":"status-publish","4":"format-standard","5":"has-post-thumbnail","7":"category-noticias-carreno"},"aioseo_notices":[],"aioseo_head":"\n\t\t<!-- All in One SEO Pro 4.9.6.2 - aioseo.com -->\n\t<meta name=\"description\" content=\"Siete edificios Municipales del Concejo de Carre\u00f1o han sido objeto de una serie de mejoras en sus instalaciones el\u00e9ctricas tras la revisi\u00f3n e inspecci\u00f3n llevada a cabo por los Organismos de Control Autorizados (OCAs). En todos los edificios existen una serie de instalaciones que peri\u00f3dicamente precisan de una revisi\u00f3n de modo que en todo momento\" \/>\n\t<meta name=\"robots\" content=\"max-image-preview:large\" \/>\n\t<meta name=\"author\" content=\"Cand\u00e1s 365\"\/>\n\t<meta name=\"google-site-verification\" content=\"UA-32230408-1\" \/>\n\t<meta name=\"msvalidate.01\" content=\"354F3CDFB2DA171B47FBE9ABF1F88D5\" \/>\n\t<meta name=\"keywords\" content=\"noticias carre\u00f1o\" \/>\n\t<link rel=\"canonical\" href=\"https:\/\/candas365.es\/noticias\/el-ayuntamiento-de-carreno-revisa-el-estado-electrico-de-sus-edificios\/\" \/>\n\t<meta name=\"generator\" content=\"All in One SEO Pro (AIOSEO) 4.9.6.2\" \/>\n\t\t<meta property=\"og:locale\" content=\"es_ES\" \/>\n\t\t<meta property=\"og:site_name\" content=\"Cand\u00e1s 365\" \/>\n\t\t<meta property=\"og:type\" content=\"article\" \/>\n\t\t<meta property=\"og:title\" content=\"El Ayuntamiento de Carre\u00f1o revisa el estado \u201cel\u00e9ctrico\u201d de sus edificios | Cand\u00e1s 365\" \/>\n\t\t<meta property=\"og:description\" content=\"Siete edificios Municipales del Concejo de Carre\u00f1o han sido objeto de una serie de mejoras en sus instalaciones el\u00e9ctricas tras la revisi\u00f3n e inspecci\u00f3n llevada a cabo por los Organismos de Control Autorizados (OCAs). En todos los edificios existen una serie de instalaciones que peri\u00f3dicamente precisan de una revisi\u00f3n de modo que en todo momento\" \/>\n\t\t<meta property=\"og:url\" content=\"https:\/\/candas365.es\/noticias\/el-ayuntamiento-de-carreno-revisa-el-estado-electrico-de-sus-edificios\/\" \/>\n\t\t<meta property=\"og:image\" content=\"https:\/\/candas365.es\/noticias\/wp-content\/uploads\/2015\/01\/ayuntamiento.jpg\" \/>\n\t\t<meta property=\"og:image:secure_url\" content=\"https:\/\/candas365.es\/noticias\/wp-content\/uploads\/2015\/01\/ayuntamiento.jpg\" \/>\n\t\t<meta property=\"og:image:width\" content=\"800\" \/>\n\t\t<meta property=\"og:image:height\" content=\"600\" \/>\n\t\t<meta property=\"article:published_time\" content=\"2019-08-20T14:07:23+00:00\" \/>\n\t\t<meta property=\"article:modified_time\" content=\"2019-08-20T14:07:23+00:00\" \/>\n\t\t<meta property=\"article:publisher\" content=\"https:\/\/www.facebook.com\/Nachofdezber\" \/>\n\t\t<meta property=\"article:author\" content=\"https:\/\/www.facebook.com\/carrenoactualidad\" \/>\n\t\t<meta name=\"twitter:card\" content=\"summary_large_image\" \/>\n\t\t<meta name=\"twitter:site\" content=\"@NabercoDigital\" \/>\n\t\t<meta name=\"twitter:title\" content=\"El Ayuntamiento de Carre\u00f1o revisa el estado \u201cel\u00e9ctrico\u201d de sus edificios | Cand\u00e1s 365\" \/>\n\t\t<meta name=\"twitter:description\" content=\"Siete edificios Municipales del Concejo de Carre\u00f1o han sido objeto de una serie de mejoras en sus instalaciones el\u00e9ctricas tras la revisi\u00f3n e inspecci\u00f3n llevada a cabo por los Organismos de Control Autorizados (OCAs). En todos los edificios existen una serie de instalaciones que peri\u00f3dicamente precisan de una revisi\u00f3n de modo que en todo momento\" \/>\n\t\t<meta name=\"twitter:creator\" content=\"@nbasturias\" \/>\n\t\t<meta name=\"twitter:image\" content=\"https:\/\/candas365.es\/noticias\/wp-content\/uploads\/2015\/01\/ayuntamiento.jpg\" \/>\n\t\t<meta name=\"twitter:label1\" content=\"Escrito por\" \/>\n\t\t<meta name=\"twitter:data1\" content=\"Cand\u00e1s 365\" \/>\n\t\t<meta name=\"twitter:label2\" content=\"Tiempo de lectura estimado\" \/>\n\t\t<meta name=\"twitter:data2\" content=\"3 minutos\" \/>\n\t\t<script type=\"application\/ld+json\" class=\"aioseo-schema\">\n\t\t\t{\"@context\":\"https:\\\/\\\/schema.org\",\"@graph\":[{\"@type\":\"BreadcrumbList\",\"@id\":\"https:\\\/\\\/candas365.es\\\/noticias\\\/el-ayuntamiento-de-carreno-revisa-el-estado-electrico-de-sus-edificios\\\/#breadcrumblist\",\"itemListElement\":[{\"@type\":\"ListItem\",\"@id\":\"https:\\\/\\\/candas365.es\\\/noticias#listItem\",\"position\":1,\"name\":\"Home\",\"item\":\"https:\\\/\\\/candas365.es\\\/noticias\",\"nextItem\":{\"@type\":\"ListItem\",\"@id\":\"https:\\\/\\\/candas365.es\\\/noticias\\\/category\\\/noticias-carreno\\\/#listItem\",\"name\":\"Noticias Carre\\u00f1o\"}},{\"@type\":\"ListItem\",\"@id\":\"https:\\\/\\\/candas365.es\\\/noticias\\\/category\\\/noticias-carreno\\\/#listItem\",\"position\":2,\"name\":\"Noticias Carre\\u00f1o\",\"item\":\"https:\\\/\\\/candas365.es\\\/noticias\\\/category\\\/noticias-carreno\\\/\",\"nextItem\":{\"@type\":\"ListItem\",\"@id\":\"https:\\\/\\\/candas365.es\\\/noticias\\\/el-ayuntamiento-de-carreno-revisa-el-estado-electrico-de-sus-edificios\\\/#listItem\",\"name\":\"El Ayuntamiento de Carre\\u00f1o revisa el estado \\u201cel\\u00e9ctrico\\u201d de sus edificios\"},\"previousItem\":{\"@type\":\"ListItem\",\"@id\":\"https:\\\/\\\/candas365.es\\\/noticias#listItem\",\"name\":\"Home\"}},{\"@type\":\"ListItem\",\"@id\":\"https:\\\/\\\/candas365.es\\\/noticias\\\/el-ayuntamiento-de-carreno-revisa-el-estado-electrico-de-sus-edificios\\\/#listItem\",\"position\":3,\"name\":\"El Ayuntamiento de Carre\\u00f1o revisa el estado \\u201cel\\u00e9ctrico\\u201d de sus edificios\",\"previousItem\":{\"@type\":\"ListItem\",\"@id\":\"https:\\\/\\\/candas365.es\\\/noticias\\\/category\\\/noticias-carreno\\\/#listItem\",\"name\":\"Noticias Carre\\u00f1o\"}}]},{\"@type\":\"NewsArticle\",\"@id\":\"https:\\\/\\\/candas365.es\\\/noticias\\\/el-ayuntamiento-de-carreno-revisa-el-estado-electrico-de-sus-edificios\\\/#newsarticle\",\"name\":\"El Ayuntamiento de Carre\\u00f1o revisa el estado \\u201cel\\u00e9ctrico\\u201d de sus edificios | Cand\\u00e1s 365\",\"headline\":\"El Ayuntamiento de Carre\\u00f1o revisa el estado \\u201cel\\u00e9ctrico\\u201d de sus edificios\",\"author\":{\"@id\":\"https:\\\/\\\/candas365.es\\\/noticias\\\/author\\\/admin\\\/#author\"},\"publisher\":{\"@id\":\"https:\\\/\\\/candas365.es\\\/noticias\\\/#organization\"},\"image\":{\"@type\":\"ImageObject\",\"url\":\"https:\\\/\\\/candas365.es\\\/noticias\\\/wp-content\\\/uploads\\\/2015\\\/01\\\/ayuntamiento.jpg\",\"width\":800,\"height\":600,\"caption\":\"Carre\\u00f1o\"},\"datePublished\":\"2019-08-20T14:07:23+02:00\",\"dateModified\":\"2019-08-20T14:07:23+02:00\",\"inLanguage\":\"es-ES\",\"mainEntityOfPage\":{\"@id\":\"https:\\\/\\\/candas365.es\\\/noticias\\\/el-ayuntamiento-de-carreno-revisa-el-estado-electrico-de-sus-edificios\\\/#webpage\"},\"isPartOf\":{\"@id\":\"https:\\\/\\\/candas365.es\\\/noticias\\\/el-ayuntamiento-de-carreno-revisa-el-estado-electrico-de-sus-edificios\\\/#webpage\"},\"articleSection\":\"Noticias Carre\\u00f1o\",\"dateline\":\"Publicado el agosto 20, 2019.\"},{\"@type\":\"Organization\",\"@id\":\"https:\\\/\\\/candas365.es\\\/noticias\\\/#organization\",\"name\":\"Cand\\u00e1s 365\",\"description\":\"Cand\\u00e1s 365 es un diario digital independiente, fundado en 2012, con base en Asturias. Informamos con rigor sobre actualidad, sociedad, cultura y ocio, con una mirada local y global.\",\"url\":\"https:\\\/\\\/candas365.es\\\/noticias\\\/\",\"email\":\"info@candas365.es\",\"telephone\":\"+34652131393\",\"foundingDate\":\"2012-06-10\",\"logo\":{\"@type\":\"ImageObject\",\"url\":\"https:\\\/\\\/candas365.es\\\/noticias\\\/wp-content\\\/uploads\\\/2024\\\/09\\\/Candas-365-Redes.jpg\",\"@id\":\"https:\\\/\\\/candas365.es\\\/noticias\\\/el-ayuntamiento-de-carreno-revisa-el-estado-electrico-de-sus-edificios\\\/#organizationLogo\",\"width\":1152,\"height\":864,\"caption\":\"Cand\\u00e1s 365 Redes\"},\"image\":{\"@id\":\"https:\\\/\\\/candas365.es\\\/noticias\\\/el-ayuntamiento-de-carreno-revisa-el-estado-electrico-de-sus-edificios\\\/#organizationLogo\"},\"sameAs\":[\"https:\\\/\\\/www.facebook.com\\\/Nachofdezber\",\"https:\\\/\\\/x.com\\\/NabercoDigital\",\"https:\\\/\\\/www.instagram.com\\\/nachofdezber\\\/\",\"https:\\\/\\\/www.youtube.com\\\/channel\\\/UCZP-2wLEB9Rv6erhFmqVnvg\"],\"address\":{\"@id\":\"https:\\\/\\\/candas365.es\\\/noticias\\\/#postaladdress\",\"@type\":\"PostalAddress\",\"streetAddress\":\"san antonio 4, san antonio 4\",\"postalCode\":\"33430\",\"addressLocality\":\"Cand\\u00e1s\",\"addressRegion\":\"Asturias\",\"addressCountry\":\"ES\"}},{\"@type\":\"Person\",\"@id\":\"https:\\\/\\\/candas365.es\\\/noticias\\\/author\\\/admin\\\/#author\",\"url\":\"https:\\\/\\\/candas365.es\\\/noticias\\\/author\\\/admin\\\/\",\"name\":\"Cand\\u00e1s 365\",\"image\":{\"@type\":\"ImageObject\",\"@id\":\"https:\\\/\\\/candas365.es\\\/noticias\\\/el-ayuntamiento-de-carreno-revisa-el-estado-electrico-de-sus-edificios\\\/#authorImage\",\"url\":\"https:\\\/\\\/secure.gravatar.com\\\/avatar\\\/496a8e03d0c493ede1718b7934145dbdf8d89be1036b0eec9544e1094c9de390?s=96&d=mm&r=g\",\"width\":96,\"height\":96,\"caption\":\"Cand\\u00e1s 365\"},\"sameAs\":[\"https:\\\/\\\/www.facebook.com\\\/carrenoactualidad\",\"https:\\\/\\\/twitter.com\\\/nbasturias\",\"https:\\\/\\\/www.instagram.com\\\/nachofdezber\\\/\",\"https:\\\/\\\/www.youtube.com\\\/channel\\\/UCZP-2wLEB9Rv6erhFmqVnvg\"]},{\"@type\":\"WebPage\",\"@id\":\"https:\\\/\\\/candas365.es\\\/noticias\\\/el-ayuntamiento-de-carreno-revisa-el-estado-electrico-de-sus-edificios\\\/#webpage\",\"url\":\"https:\\\/\\\/candas365.es\\\/noticias\\\/el-ayuntamiento-de-carreno-revisa-el-estado-electrico-de-sus-edificios\\\/\",\"name\":\"El Ayuntamiento de Carre\\u00f1o revisa el estado \\u201cel\\u00e9ctrico\\u201d de sus edificios | Cand\\u00e1s 365\",\"description\":\"Siete edificios Municipales del Concejo de Carre\\u00f1o han sido objeto de una serie de mejoras en sus instalaciones el\\u00e9ctricas tras la revisi\\u00f3n e inspecci\\u00f3n llevada a cabo por los Organismos de Control Autorizados (OCAs). En todos los edificios existen una serie de instalaciones que peri\\u00f3dicamente precisan de una revisi\\u00f3n de modo que en todo momento\",\"inLanguage\":\"es-ES\",\"isPartOf\":{\"@id\":\"https:\\\/\\\/candas365.es\\\/noticias\\\/#website\"},\"breadcrumb\":{\"@id\":\"https:\\\/\\\/candas365.es\\\/noticias\\\/el-ayuntamiento-de-carreno-revisa-el-estado-electrico-de-sus-edificios\\\/#breadcrumblist\"},\"author\":{\"@id\":\"https:\\\/\\\/candas365.es\\\/noticias\\\/author\\\/admin\\\/#author\"},\"creator\":{\"@id\":\"https:\\\/\\\/candas365.es\\\/noticias\\\/author\\\/admin\\\/#author\"},\"image\":{\"@type\":\"ImageObject\",\"url\":\"https:\\\/\\\/candas365.es\\\/noticias\\\/wp-content\\\/uploads\\\/2015\\\/01\\\/ayuntamiento.jpg\",\"@id\":\"https:\\\/\\\/candas365.es\\\/noticias\\\/el-ayuntamiento-de-carreno-revisa-el-estado-electrico-de-sus-edificios\\\/#mainImage\",\"width\":800,\"height\":600,\"caption\":\"Carre\\u00f1o\"},\"primaryImageOfPage\":{\"@id\":\"https:\\\/\\\/candas365.es\\\/noticias\\\/el-ayuntamiento-de-carreno-revisa-el-estado-electrico-de-sus-edificios\\\/#mainImage\"},\"datePublished\":\"2019-08-20T14:07:23+02:00\",\"dateModified\":\"2019-08-20T14:07:23+02:00\"},{\"@type\":\"WebSite\",\"@id\":\"https:\\\/\\\/candas365.es\\\/noticias\\\/#website\",\"url\":\"https:\\\/\\\/candas365.es\\\/noticias\\\/\",\"name\":\"Cand\\u00e1s 365\",\"alternateName\":\"Cand\\u00e1s 365 Noticias\",\"description\":\"Actualidad desde Carre\\u00f1o para el mundo\",\"inLanguage\":\"es-ES\",\"publisher\":{\"@id\":\"https:\\\/\\\/candas365.es\\\/noticias\\\/#organization\"}}]}\n\t\t<\/script>\n\t\t<!-- All in One SEO Pro -->\r\n\t\t<title>El Ayuntamiento de Carre\u00f1o revisa el estado \u201cel\u00e9ctrico\u201d de sus edificios | Cand\u00e1s 365<\/title>\n\n","aioseo_head_json":{"title":"El Ayuntamiento de Carre\u00f1o revisa el estado \u201cel\u00e9ctrico\u201d de sus edificios | Cand\u00e1s 365","description":"Siete edificios Municipales del Concejo de Carre\u00f1o han sido objeto de una serie de mejoras en sus instalaciones el\u00e9ctricas tras la revisi\u00f3n e inspecci\u00f3n llevada a cabo por los Organismos de Control Autorizados (OCAs). En todos los edificios existen una serie de instalaciones que peri\u00f3dicamente precisan de una revisi\u00f3n de modo que en todo momento","canonical_url":"https:\/\/candas365.es\/noticias\/el-ayuntamiento-de-carreno-revisa-el-estado-electrico-de-sus-edificios\/","robots":"max-image-preview:large","keywords":"noticias carre\u00f1o","webmasterTools":{"google-site-verification":"UA-32230408-1","msvalidate.01":"354F3CDFB2DA171B47FBE9ABF1F88D5","miscellaneous":""},"schema":{"@context":"https:\/\/schema.org","@graph":[{"@type":"BreadcrumbList","@id":"https:\/\/candas365.es\/noticias\/el-ayuntamiento-de-carreno-revisa-el-estado-electrico-de-sus-edificios\/#breadcrumblist","itemListElement":[{"@type":"ListItem","@id":"https:\/\/candas365.es\/noticias#listItem","position":1,"name":"Home","item":"https:\/\/candas365.es\/noticias","nextItem":{"@type":"ListItem","@id":"https:\/\/candas365.es\/noticias\/category\/noticias-carreno\/#listItem","name":"Noticias Carre\u00f1o"}},{"@type":"ListItem","@id":"https:\/\/candas365.es\/noticias\/category\/noticias-carreno\/#listItem","position":2,"name":"Noticias Carre\u00f1o","item":"https:\/\/candas365.es\/noticias\/category\/noticias-carreno\/","nextItem":{"@type":"ListItem","@id":"https:\/\/candas365.es\/noticias\/el-ayuntamiento-de-carreno-revisa-el-estado-electrico-de-sus-edificios\/#listItem","name":"El Ayuntamiento de Carre\u00f1o revisa el estado \u201cel\u00e9ctrico\u201d de sus edificios"},"previousItem":{"@type":"ListItem","@id":"https:\/\/candas365.es\/noticias#listItem","name":"Home"}},{"@type":"ListItem","@id":"https:\/\/candas365.es\/noticias\/el-ayuntamiento-de-carreno-revisa-el-estado-electrico-de-sus-edificios\/#listItem","position":3,"name":"El Ayuntamiento de Carre\u00f1o revisa el estado \u201cel\u00e9ctrico\u201d de sus edificios","previousItem":{"@type":"ListItem","@id":"https:\/\/candas365.es\/noticias\/category\/noticias-carreno\/#listItem","name":"Noticias Carre\u00f1o"}}]},{"@type":"NewsArticle","@id":"https:\/\/candas365.es\/noticias\/el-ayuntamiento-de-carreno-revisa-el-estado-electrico-de-sus-edificios\/#newsarticle","name":"El Ayuntamiento de Carre\u00f1o revisa el estado \u201cel\u00e9ctrico\u201d de sus edificios | Cand\u00e1s 365","headline":"El Ayuntamiento de Carre\u00f1o revisa el estado \u201cel\u00e9ctrico\u201d de sus edificios","author":{"@id":"https:\/\/candas365.es\/noticias\/author\/admin\/#author"},"publisher":{"@id":"https:\/\/candas365.es\/noticias\/#organization"},"image":{"@type":"ImageObject","url":"https:\/\/candas365.es\/noticias\/wp-content\/uploads\/2015\/01\/ayuntamiento.jpg","width":800,"height":600,"caption":"Carre\u00f1o"},"datePublished":"2019-08-20T14:07:23+02:00","dateModified":"2019-08-20T14:07:23+02:00","inLanguage":"es-ES","mainEntityOfPage":{"@id":"https:\/\/candas365.es\/noticias\/el-ayuntamiento-de-carreno-revisa-el-estado-electrico-de-sus-edificios\/#webpage"},"isPartOf":{"@id":"https:\/\/candas365.es\/noticias\/el-ayuntamiento-de-carreno-revisa-el-estado-electrico-de-sus-edificios\/#webpage"},"articleSection":"Noticias Carre\u00f1o","dateline":"Publicado el agosto 20, 2019."},{"@type":"Organization","@id":"https:\/\/candas365.es\/noticias\/#organization","name":"Cand\u00e1s 365","description":"Cand\u00e1s 365 es un diario digital independiente, fundado en 2012, con base en Asturias. Informamos con rigor sobre actualidad, sociedad, cultura y ocio, con una mirada local y global.","url":"https:\/\/candas365.es\/noticias\/","email":"info@candas365.es","telephone":"+34652131393","foundingDate":"2012-06-10","logo":{"@type":"ImageObject","url":"https:\/\/candas365.es\/noticias\/wp-content\/uploads\/2024\/09\/Candas-365-Redes.jpg","@id":"https:\/\/candas365.es\/noticias\/el-ayuntamiento-de-carreno-revisa-el-estado-electrico-de-sus-edificios\/#organizationLogo","width":1152,"height":864,"caption":"Cand\u00e1s 365 Redes"},"image":{"@id":"https:\/\/candas365.es\/noticias\/el-ayuntamiento-de-carreno-revisa-el-estado-electrico-de-sus-edificios\/#organizationLogo"},"sameAs":["https:\/\/www.facebook.com\/Nachofdezber","https:\/\/x.com\/NabercoDigital","https:\/\/www.instagram.com\/nachofdezber\/","https:\/\/www.youtube.com\/channel\/UCZP-2wLEB9Rv6erhFmqVnvg"],"address":{"@id":"https:\/\/candas365.es\/noticias\/#postaladdress","@type":"PostalAddress","streetAddress":"san antonio 4, san antonio 4","postalCode":"33430","addressLocality":"Cand\u00e1s","addressRegion":"Asturias","addressCountry":"ES"}},{"@type":"Person","@id":"https:\/\/candas365.es\/noticias\/author\/admin\/#author","url":"https:\/\/candas365.es\/noticias\/author\/admin\/","name":"Cand\u00e1s 365","image":{"@type":"ImageObject","@id":"https:\/\/candas365.es\/noticias\/el-ayuntamiento-de-carreno-revisa-el-estado-electrico-de-sus-edificios\/#authorImage","url":"https:\/\/secure.gravatar.com\/avatar\/496a8e03d0c493ede1718b7934145dbdf8d89be1036b0eec9544e1094c9de390?s=96&d=mm&r=g","width":96,"height":96,"caption":"Cand\u00e1s 365"},"sameAs":["https:\/\/www.facebook.com\/carrenoactualidad","https:\/\/twitter.com\/nbasturias","https:\/\/www.instagram.com\/nachofdezber\/","https:\/\/www.youtube.com\/channel\/UCZP-2wLEB9Rv6erhFmqVnvg"]},{"@type":"WebPage","@id":"https:\/\/candas365.es\/noticias\/el-ayuntamiento-de-carreno-revisa-el-estado-electrico-de-sus-edificios\/#webpage","url":"https:\/\/candas365.es\/noticias\/el-ayuntamiento-de-carreno-revisa-el-estado-electrico-de-sus-edificios\/","name":"El Ayuntamiento de Carre\u00f1o revisa el estado \u201cel\u00e9ctrico\u201d de sus edificios | Cand\u00e1s 365","description":"Siete edificios Municipales del Concejo de Carre\u00f1o han sido objeto de una serie de mejoras en sus instalaciones el\u00e9ctricas tras la revisi\u00f3n e inspecci\u00f3n llevada a cabo por los Organismos de Control Autorizados (OCAs). En todos los edificios existen una serie de instalaciones que peri\u00f3dicamente precisan de una revisi\u00f3n de modo que en todo momento","inLanguage":"es-ES","isPartOf":{"@id":"https:\/\/candas365.es\/noticias\/#website"},"breadcrumb":{"@id":"https:\/\/candas365.es\/noticias\/el-ayuntamiento-de-carreno-revisa-el-estado-electrico-de-sus-edificios\/#breadcrumblist"},"author":{"@id":"https:\/\/candas365.es\/noticias\/author\/admin\/#author"},"creator":{"@id":"https:\/\/candas365.es\/noticias\/author\/admin\/#author"},"image":{"@type":"ImageObject","url":"https:\/\/candas365.es\/noticias\/wp-content\/uploads\/2015\/01\/ayuntamiento.jpg","@id":"https:\/\/candas365.es\/noticias\/el-ayuntamiento-de-carreno-revisa-el-estado-electrico-de-sus-edificios\/#mainImage","width":800,"height":600,"caption":"Carre\u00f1o"},"primaryImageOfPage":{"@id":"https:\/\/candas365.es\/noticias\/el-ayuntamiento-de-carreno-revisa-el-estado-electrico-de-sus-edificios\/#mainImage"},"datePublished":"2019-08-20T14:07:23+02:00","dateModified":"2019-08-20T14:07:23+02:00"},{"@type":"WebSite","@id":"https:\/\/candas365.es\/noticias\/#website","url":"https:\/\/candas365.es\/noticias\/","name":"Cand\u00e1s 365","alternateName":"Cand\u00e1s 365 Noticias","description":"Actualidad desde Carre\u00f1o para el mundo","inLanguage":"es-ES","publisher":{"@id":"https:\/\/candas365.es\/noticias\/#organization"}}]},"og:locale":"es_ES","og:site_name":"Cand\u00e1s 365","og:type":"article","og:title":"El Ayuntamiento de Carre\u00f1o revisa el estado \u201cel\u00e9ctrico\u201d de sus edificios | Cand\u00e1s 365","og:description":"Siete edificios Municipales del Concejo de Carre\u00f1o han sido objeto de una serie de mejoras en sus instalaciones el\u00e9ctricas tras la revisi\u00f3n e inspecci\u00f3n llevada a cabo por los Organismos de Control Autorizados (OCAs). En todos los edificios existen una serie de instalaciones que peri\u00f3dicamente precisan de una revisi\u00f3n de modo que en todo momento","og:url":"https:\/\/candas365.es\/noticias\/el-ayuntamiento-de-carreno-revisa-el-estado-electrico-de-sus-edificios\/","og:image":"https:\/\/candas365.es\/noticias\/wp-content\/uploads\/2015\/01\/ayuntamiento.jpg","og:image:secure_url":"https:\/\/candas365.es\/noticias\/wp-content\/uploads\/2015\/01\/ayuntamiento.jpg","og:image:width":800,"og:image:height":600,"article:published_time":"2019-08-20T14:07:23+00:00","article:modified_time":"2019-08-20T14:07:23+00:00","article:publisher":"https:\/\/www.facebook.com\/Nachofdezber","article:author":"https:\/\/www.facebook.com\/carrenoactualidad","twitter:card":"summary_large_image","twitter:site":"@NabercoDigital","twitter:title":"El Ayuntamiento de Carre\u00f1o revisa el estado \u201cel\u00e9ctrico\u201d de sus edificios | Cand\u00e1s 365","twitter:description":"Siete edificios Municipales del Concejo de Carre\u00f1o han sido objeto de una serie de mejoras en sus instalaciones el\u00e9ctricas tras la revisi\u00f3n e inspecci\u00f3n llevada a cabo por los Organismos de Control Autorizados (OCAs). En todos los edificios existen una serie de instalaciones que peri\u00f3dicamente precisan de una revisi\u00f3n de modo que en todo momento","twitter:creator":"@nbasturias","twitter:image":"https:\/\/candas365.es\/noticias\/wp-content\/uploads\/2015\/01\/ayuntamiento.jpg","twitter:label1":"Escrito por","twitter:data1":"Cand\u00e1s 365","twitter:label2":"Tiempo de lectura estimado","twitter:data2":"3 minutos"},"aioseo_meta_data":{"post_id":"128528","title":null,"description":null,"keywords":null,"keyphrases":null,"primary_term":null,"canonical_url":null,"og_title":null,"og_description":null,"og_object_type":"default","og_image_type":"default","og_image_url":null,"og_image_width":null,"og_image_height":null,"og_image_custom_url":null,"og_image_custom_fields":null,"og_video":null,"og_custom_url":null,"og_article_section":null,"og_article_tags":null,"twitter_use_og":false,"twitter_card":"default","twitter_image_type":"default","twitter_image_url":null,"twitter_image_custom_url":null,"twitter_image_custom_fields":null,"twitter_title":null,"twitter_description":null,"schema":{"blockGraphs":[],"customGraphs":[],"default":{"data":{"Article":[],"Course":[],"Dataset":[],"FAQPage":[],"Movie":[],"Person":[],"Product":[],"ProductReview":[],"Car":[],"Recipe":[],"Service":[],"SoftwareApplication":[],"WebPage":[]},"graphName":"","isEnabled":true},"graphs":[]},"schema_type":null,"schema_type_options":null,"pillar_content":false,"robots_default":true,"robots_noindex":false,"robots_noarchive":false,"robots_nosnippet":false,"robots_nofollow":false,"robots_noimageindex":false,"robots_noodp":false,"robots_notranslate":false,"robots_max_snippet":null,"robots_max_videopreview":null,"robots_max_imagepreview":"large","priority":null,"frequency":null,"location":null,"local_seo":null,"seo_analyzer_scan_date":"2025-08-30 11:55:19","breadcrumb_settings":null,"limit_modified_date":false,"reviewed_by":null,"open_ai":null,"ai":null,"created":"2020-12-21 10:53:39","updated":"2025-08-30 11:55:19"},"aioseo_breadcrumb":"<div class=\"aioseo-breadcrumbs\"><span class=\"aioseo-breadcrumb\">\n\t<a href=\"https:\/\/candas365.es\/noticias\" title=\"Home\">Home<\/a>\n<\/span><span class=\"aioseo-breadcrumb-separator\">&ndash;<\/span><span class=\"aioseo-breadcrumb\">\n\t<a href=\"https:\/\/candas365.es\/noticias\/category\/noticias-carreno\/\" title=\"Noticias Carre\u00f1o\">Noticias Carre\u00f1o<\/a>\n<\/span><span class=\"aioseo-breadcrumb-separator\">&ndash;<\/span><span class=\"aioseo-breadcrumb\">\n\tEl Ayuntamiento de Carre\u00f1o revisa el estado \u201cel\u00e9ctrico\u201d de sus edificios\n<\/span><\/div>","aioseo_breadcrumb_json":[{"label":"Home","link":"https:\/\/candas365.es\/noticias"},{"label":"Noticias Carre\u00f1o","link":"https:\/\/candas365.es\/noticias\/category\/noticias-carreno\/"},{"label":"El Ayuntamiento de Carre\u00f1o revisa el estado \u201cel\u00e9ctrico\u201d de sus edificios","link":"https:\/\/candas365.es\/noticias\/el-ayuntamiento-de-carreno-revisa-el-estado-electrico-de-sus-edificios\/"}],"_links":{"self":[{"href":"https:\/\/candas365.es\/noticias\/wp-json\/wp\/v2\/posts\/128528","targetHints":{"allow":["GET"]}}],"collection":[{"href":"https:\/\/candas365.es\/noticias\/wp-json\/wp\/v2\/posts"}],"about":[{"href":"https:\/\/candas365.es\/noticias\/wp-json\/wp\/v2\/types\/post"}],"author":[{"embeddable":true,"href":"https:\/\/candas365.es\/noticias\/wp-json\/wp\/v2\/users\/1"}],"replies":[{"embeddable":true,"href":"https:\/\/candas365.es\/noticias\/wp-json\/wp\/v2\/comments?post=128528"}],"version-history":[{"count":0,"href":"https:\/\/candas365.es\/noticias\/wp-json\/wp\/v2\/posts\/128528\/revisions"}],"wp:featuredmedia":[{"embeddable":true,"href":"https:\/\/candas365.es\/noticias\/wp-json\/wp\/v2\/media\/6453"}],"wp:attachment":[{"href":"https:\/\/candas365.es\/noticias\/wp-json\/wp\/v2\/media?parent=128528"}],"wp:term":[{"taxonomy":"category","embeddable":true,"href":"https:\/\/candas365.es\/noticias\/wp-json\/wp\/v2\/categories?post=128528"},{"taxonomy":"post_tag","embeddable":true,"href":"https:\/\/candas365.es\/noticias\/wp-json\/wp\/v2\/tags?post=128528"}],"curies":[{"name":"wp","href":"https:\/\/api.w.org\/{rel}","templated":true}]}}