{"id":128430,"date":"2019-08-19T11:11:00","date_gmt":"2019-08-19T11:11:00","guid":{"rendered":"http:\/\/candas365.es\/noticias\/?p=128430"},"modified":"2019-08-19T11:11:00","modified_gmt":"2019-08-19T11:11:00","slug":"mas-de-200-menores-participaron-en-las-colonias-de-carreno","status":"publish","type":"post","link":"https:\/\/candas365.es\/noticias\/mas-de-200-menores-participaron-en-las-colonias-de-carreno\/","title":{"rendered":"M\u00e1s de 200 menores participaron en las Colonias de Carre\u00f1o"},"content":{"rendered":"<p><img fetchpriority=\"high\" decoding=\"async\" class=\"alignleft size-medium wp-image-2364\" src=\"https:\/\/candas365.es\/noticias\/wp-content\/uploads\/2014\/10\/Polivalente-360x270.jpg\" alt=\"\" width=\"360\" height=\"270\" srcset=\"https:\/\/candas365.es\/noticias\/wp-content\/uploads\/2014\/10\/Polivalente-360x270.jpg 360w, https:\/\/candas365.es\/noticias\/wp-content\/uploads\/2014\/10\/Polivalente-640x480.jpg 640w, https:\/\/candas365.es\/noticias\/wp-content\/uploads\/2014\/10\/Polivalente-768x576.jpg 768w, https:\/\/candas365.es\/noticias\/wp-content\/uploads\/2014\/10\/Polivalente-150x113.jpg 150w, https:\/\/candas365.es\/noticias\/wp-content\/uploads\/2014\/10\/Polivalente-450x338.jpg 450w, https:\/\/candas365.es\/noticias\/wp-content\/uploads\/2014\/10\/Polivalente-80x60.jpg 80w, https:\/\/candas365.es\/noticias\/wp-content\/uploads\/2014\/10\/Polivalente-265x198.jpg 265w, https:\/\/candas365.es\/noticias\/wp-content\/uploads\/2014\/10\/Polivalente-696x522.jpg 696w, https:\/\/candas365.es\/noticias\/wp-content\/uploads\/2014\/10\/Polivalente-560x420.jpg 560w, https:\/\/candas365.es\/noticias\/wp-content\/uploads\/2014\/10\/Polivalente-90x67.jpg 90w, https:\/\/candas365.es\/noticias\/wp-content\/uploads\/2014\/10\/Polivalente.jpg 1024w\" sizes=\"(max-width: 360px) 100vw, 360px\" \/>La actividad impulsada desde el \u00e1rea de Juventud del <strong>Ayuntamiento de Carre\u00f1o<\/strong> estuvo coordinada por la oficina Joven de la Mancomunidad Cabo Pe\u00f1as y ejecutada, tras el correspondiente proceso de licitaci\u00f3n, por la empresa<strong> Vita Events<\/strong>.<\/p>\n<p>El programa de actividades previsto arranc\u00f3 el pasado 1 de julio y culmin\u00f3 este mes participando en \u00e9l un total de 210 menores. Talleres de diversas tem\u00e1ticas, actividades multideportivas, culturales, juegos al aire libre y salidas a la Playa fueron algunas de las propuestas desarrolladas. A esta oferta municipal se suma la oferta de actividades de los clubes y entidades de Carre\u00f1o, como los campus deportivos que facilitan la conciliaci\u00f3n en periodos vacacionales.<\/p>\n<p>\u201cTratamos de ofrecer una programaci\u00f3n de actividades en periodo vacacional en el que puedan compartir experiencias que no suelen tener durante el periodo escolar, adem\u00e1s de ayudar en la conciliaci\u00f3n familiar\u201d \u2013 se\u00f1al\u00f3 <strong>Paula Cuervo<\/strong>.<\/p>\n<p>Las instalaciones del <strong>Centro Polivalente \u00abLa Baraga\u00f1a\u00bb de Cand\u00e1s<\/strong> y el <strong>Centro Social de la Urbanizaci\u00f3n de Xibares<\/strong> acogieron acto de clausura de las colonias infantiles municipales del verano 2019.<\/p>\n<p>El acto de clausura cont\u00f3 con la presencia de la concejala del Ayuntamiento de Carre\u00f1o, Paula Cuervo, la responsable de la Oficina Joven Bego\u00f1a Cort\u00e1zar, los monitores y las monitoras de las colonias y los verdaderos protagonistas de la jornadas, los ni\u00f1os y las ni\u00f1as participantes en la actividad, que estuvieron acompa\u00f1ados por sus familias.<\/p>\n<p>En el acto de clausura los ni\u00f1os recibieron la entrega de un diploma acreditativo por su participaci\u00f3n en la actividad.<\/p>\n<p>Las colonias desarrollaron sus actividades de lunes a viernes de 10 a 14 h , participaron 210 ni\u00f1os\/as entre 3 y 12 a\u00f1os y <strong>tuvieron lugar en Cand\u00e1s y Xibares<\/strong>.<\/p>\n<p>\u00abDesde el equipo de gobierno queremos hacer p\u00fablico nuestro agradecimiento a los padres y madres de los ni\u00f1os por el inter\u00e9s y predisposici\u00f3n que han mostrado en todo momento para que sus hijos e hijas hayan disfrutado de estas acciones preparadas para el verano. Hacemos extensivo el agradecimiento a Vita Events y su grupo de monitores y monitoras y al personal t\u00e9cnico del \u00e1rea de Juventud del Ayuntamiento por la coordinaci\u00f3n de la actividad\u00bb \u2013 prosigui\u00f3 la edil.<\/p>\n<p>&nbsp;<\/p>\n","protected":false},"excerpt":{"rendered":"<p>La actividad impulsada desde el \u00e1rea de Juventud del Ayuntamiento de Carre\u00f1o estuvo coordinada por la oficina Joven de la Mancomunidad Cabo Pe\u00f1as y ejecutada, tras el correspondiente proceso de licitaci\u00f3n, por la empresa Vita Events. El programa de actividades previsto arranc\u00f3 el pasado 1 de julio y culmin\u00f3 este mes participando en \u00e9l un<\/p>\n","protected":false},"author":1,"featured_media":2364,"comment_status":"closed","ping_status":"closed","sticky":false,"template":"","format":"standard","meta":{"footnotes":""},"categories":[2],"tags":[],"class_list":{"0":"post-128430","1":"post","2":"type-post","3":"status-publish","4":"format-standard","5":"has-post-thumbnail","7":"category-noticias-carreno"},"aioseo_notices":[],"aioseo_head":"\n\t\t<!-- All in One SEO Pro 4.9.6.2 - aioseo.com -->\n\t<meta name=\"description\" content=\"La actividad impulsada desde el \u00e1rea de Juventud del Ayuntamiento de Carre\u00f1o estuvo coordinada por la oficina Joven de la Mancomunidad Cabo Pe\u00f1as y ejecutada, tras el correspondiente proceso de licitaci\u00f3n, por la empresa Vita Events. El programa de actividades previsto arranc\u00f3 el pasado 1 de julio y culmin\u00f3 este mes participando en \u00e9l un\" \/>\n\t<meta name=\"robots\" content=\"max-image-preview:large\" \/>\n\t<meta name=\"author\" content=\"Cand\u00e1s 365\"\/>\n\t<meta name=\"google-site-verification\" content=\"UA-32230408-1\" \/>\n\t<meta name=\"msvalidate.01\" content=\"354F3CDFB2DA171B47FBE9ABF1F88D5\" \/>\n\t<meta name=\"keywords\" content=\"noticias carre\u00f1o\" \/>\n\t<link rel=\"canonical\" href=\"https:\/\/candas365.es\/noticias\/mas-de-200-menores-participaron-en-las-colonias-de-carreno\/\" \/>\n\t<meta name=\"generator\" content=\"All in One SEO Pro (AIOSEO) 4.9.6.2\" \/>\n\t\t<meta property=\"og:locale\" content=\"es_ES\" \/>\n\t\t<meta property=\"og:site_name\" content=\"Cand\u00e1s 365\" \/>\n\t\t<meta property=\"og:type\" content=\"article\" \/>\n\t\t<meta property=\"og:title\" content=\"M\u00e1s de 200 menores participaron en las Colonias de Carre\u00f1o | Cand\u00e1s 365\" \/>\n\t\t<meta property=\"og:description\" content=\"La actividad impulsada desde el \u00e1rea de Juventud del Ayuntamiento de Carre\u00f1o estuvo coordinada por la oficina Joven de la Mancomunidad Cabo Pe\u00f1as y ejecutada, tras el correspondiente proceso de licitaci\u00f3n, por la empresa Vita Events. El programa de actividades previsto arranc\u00f3 el pasado 1 de julio y culmin\u00f3 este mes participando en \u00e9l un\" \/>\n\t\t<meta property=\"og:url\" content=\"https:\/\/candas365.es\/noticias\/mas-de-200-menores-participaron-en-las-colonias-de-carreno\/\" \/>\n\t\t<meta property=\"og:image\" content=\"https:\/\/candas365.es\/noticias\/wp-content\/uploads\/2014\/10\/Polivalente.jpg\" \/>\n\t\t<meta property=\"og:image:secure_url\" content=\"https:\/\/candas365.es\/noticias\/wp-content\/uploads\/2014\/10\/Polivalente.jpg\" \/>\n\t\t<meta property=\"og:image:width\" content=\"1024\" \/>\n\t\t<meta property=\"og:image:height\" content=\"768\" \/>\n\t\t<meta property=\"article:published_time\" content=\"2019-08-19T11:11:00+00:00\" \/>\n\t\t<meta property=\"article:modified_time\" content=\"2019-08-19T11:11:00+00:00\" \/>\n\t\t<meta property=\"article:publisher\" content=\"https:\/\/www.facebook.com\/Nachofdezber\" \/>\n\t\t<meta property=\"article:author\" content=\"https:\/\/www.facebook.com\/carrenoactualidad\" \/>\n\t\t<meta name=\"twitter:card\" content=\"summary_large_image\" \/>\n\t\t<meta name=\"twitter:site\" content=\"@NabercoDigital\" \/>\n\t\t<meta name=\"twitter:title\" content=\"M\u00e1s de 200 menores participaron en las Colonias de Carre\u00f1o | Cand\u00e1s 365\" \/>\n\t\t<meta name=\"twitter:description\" content=\"La actividad impulsada desde el \u00e1rea de Juventud del Ayuntamiento de Carre\u00f1o estuvo coordinada por la oficina Joven de la Mancomunidad Cabo Pe\u00f1as y ejecutada, tras el correspondiente proceso de licitaci\u00f3n, por la empresa Vita Events. El programa de actividades previsto arranc\u00f3 el pasado 1 de julio y culmin\u00f3 este mes participando en \u00e9l un\" \/>\n\t\t<meta name=\"twitter:creator\" content=\"@nbasturias\" \/>\n\t\t<meta name=\"twitter:image\" content=\"https:\/\/candas365.es\/noticias\/wp-content\/uploads\/2014\/10\/Polivalente.jpg\" \/>\n\t\t<meta name=\"twitter:label1\" content=\"Escrito por\" \/>\n\t\t<meta name=\"twitter:data1\" content=\"Cand\u00e1s 365\" \/>\n\t\t<meta name=\"twitter:label2\" content=\"Tiempo de lectura estimado\" \/>\n\t\t<meta name=\"twitter:data2\" content=\"2 minutos\" \/>\n\t\t<script type=\"application\/ld+json\" class=\"aioseo-schema\">\n\t\t\t{\"@context\":\"https:\\\/\\\/schema.org\",\"@graph\":[{\"@type\":\"BreadcrumbList\",\"@id\":\"https:\\\/\\\/candas365.es\\\/noticias\\\/mas-de-200-menores-participaron-en-las-colonias-de-carreno\\\/#breadcrumblist\",\"itemListElement\":[{\"@type\":\"ListItem\",\"@id\":\"https:\\\/\\\/candas365.es\\\/noticias#listItem\",\"position\":1,\"name\":\"Home\",\"item\":\"https:\\\/\\\/candas365.es\\\/noticias\",\"nextItem\":{\"@type\":\"ListItem\",\"@id\":\"https:\\\/\\\/candas365.es\\\/noticias\\\/category\\\/noticias-carreno\\\/#listItem\",\"name\":\"Noticias Carre\\u00f1o\"}},{\"@type\":\"ListItem\",\"@id\":\"https:\\\/\\\/candas365.es\\\/noticias\\\/category\\\/noticias-carreno\\\/#listItem\",\"position\":2,\"name\":\"Noticias Carre\\u00f1o\",\"item\":\"https:\\\/\\\/candas365.es\\\/noticias\\\/category\\\/noticias-carreno\\\/\",\"nextItem\":{\"@type\":\"ListItem\",\"@id\":\"https:\\\/\\\/candas365.es\\\/noticias\\\/mas-de-200-menores-participaron-en-las-colonias-de-carreno\\\/#listItem\",\"name\":\"M\\u00e1s de 200 menores participaron en las Colonias de Carre\\u00f1o\"},\"previousItem\":{\"@type\":\"ListItem\",\"@id\":\"https:\\\/\\\/candas365.es\\\/noticias#listItem\",\"name\":\"Home\"}},{\"@type\":\"ListItem\",\"@id\":\"https:\\\/\\\/candas365.es\\\/noticias\\\/mas-de-200-menores-participaron-en-las-colonias-de-carreno\\\/#listItem\",\"position\":3,\"name\":\"M\\u00e1s de 200 menores participaron en las Colonias de Carre\\u00f1o\",\"previousItem\":{\"@type\":\"ListItem\",\"@id\":\"https:\\\/\\\/candas365.es\\\/noticias\\\/category\\\/noticias-carreno\\\/#listItem\",\"name\":\"Noticias Carre\\u00f1o\"}}]},{\"@type\":\"NewsArticle\",\"@id\":\"https:\\\/\\\/candas365.es\\\/noticias\\\/mas-de-200-menores-participaron-en-las-colonias-de-carreno\\\/#newsarticle\",\"name\":\"M\\u00e1s de 200 menores participaron en las Colonias de Carre\\u00f1o | Cand\\u00e1s 365\",\"headline\":\"M\\u00e1s de 200 menores participaron en las Colonias de Carre\\u00f1o\",\"author\":{\"@id\":\"https:\\\/\\\/candas365.es\\\/noticias\\\/author\\\/admin\\\/#author\"},\"publisher\":{\"@id\":\"https:\\\/\\\/candas365.es\\\/noticias\\\/#organization\"},\"image\":{\"@type\":\"ImageObject\",\"url\":\"https:\\\/\\\/candas365.es\\\/noticias\\\/wp-content\\\/uploads\\\/2014\\\/10\\\/Polivalente.jpg\",\"width\":1024,\"height\":768},\"datePublished\":\"2019-08-19T11:11:00+02:00\",\"dateModified\":\"2019-08-19T11:11:00+02:00\",\"inLanguage\":\"es-ES\",\"mainEntityOfPage\":{\"@id\":\"https:\\\/\\\/candas365.es\\\/noticias\\\/mas-de-200-menores-participaron-en-las-colonias-de-carreno\\\/#webpage\"},\"isPartOf\":{\"@id\":\"https:\\\/\\\/candas365.es\\\/noticias\\\/mas-de-200-menores-participaron-en-las-colonias-de-carreno\\\/#webpage\"},\"articleSection\":\"Noticias Carre\\u00f1o\",\"dateline\":\"Publicado el agosto 19, 2019.\"},{\"@type\":\"Organization\",\"@id\":\"https:\\\/\\\/candas365.es\\\/noticias\\\/#organization\",\"name\":\"Cand\\u00e1s 365\",\"description\":\"Cand\\u00e1s 365 es un diario digital independiente, fundado en 2012, con base en Asturias. Informamos con rigor sobre actualidad, sociedad, cultura y ocio, con una mirada local y global.\",\"url\":\"https:\\\/\\\/candas365.es\\\/noticias\\\/\",\"email\":\"info@candas365.es\",\"telephone\":\"+34652131393\",\"foundingDate\":\"2012-06-10\",\"logo\":{\"@type\":\"ImageObject\",\"url\":\"https:\\\/\\\/candas365.es\\\/noticias\\\/wp-content\\\/uploads\\\/2024\\\/09\\\/Candas-365-Redes.jpg\",\"@id\":\"https:\\\/\\\/candas365.es\\\/noticias\\\/mas-de-200-menores-participaron-en-las-colonias-de-carreno\\\/#organizationLogo\",\"width\":1152,\"height\":864,\"caption\":\"Cand\\u00e1s 365 Redes\"},\"image\":{\"@id\":\"https:\\\/\\\/candas365.es\\\/noticias\\\/mas-de-200-menores-participaron-en-las-colonias-de-carreno\\\/#organizationLogo\"},\"sameAs\":[\"https:\\\/\\\/www.facebook.com\\\/Nachofdezber\",\"https:\\\/\\\/x.com\\\/NabercoDigital\",\"https:\\\/\\\/www.instagram.com\\\/nachofdezber\\\/\",\"https:\\\/\\\/www.youtube.com\\\/channel\\\/UCZP-2wLEB9Rv6erhFmqVnvg\"],\"address\":{\"@id\":\"https:\\\/\\\/candas365.es\\\/noticias\\\/#postaladdress\",\"@type\":\"PostalAddress\",\"streetAddress\":\"san antonio 4, san antonio 4\",\"postalCode\":\"33430\",\"addressLocality\":\"Cand\\u00e1s\",\"addressRegion\":\"Asturias\",\"addressCountry\":\"ES\"}},{\"@type\":\"Person\",\"@id\":\"https:\\\/\\\/candas365.es\\\/noticias\\\/author\\\/admin\\\/#author\",\"url\":\"https:\\\/\\\/candas365.es\\\/noticias\\\/author\\\/admin\\\/\",\"name\":\"Cand\\u00e1s 365\",\"image\":{\"@type\":\"ImageObject\",\"@id\":\"https:\\\/\\\/candas365.es\\\/noticias\\\/mas-de-200-menores-participaron-en-las-colonias-de-carreno\\\/#authorImage\",\"url\":\"https:\\\/\\\/secure.gravatar.com\\\/avatar\\\/496a8e03d0c493ede1718b7934145dbdf8d89be1036b0eec9544e1094c9de390?s=96&d=mm&r=g\",\"width\":96,\"height\":96,\"caption\":\"Cand\\u00e1s 365\"},\"sameAs\":[\"https:\\\/\\\/www.facebook.com\\\/carrenoactualidad\",\"https:\\\/\\\/twitter.com\\\/nbasturias\",\"https:\\\/\\\/www.instagram.com\\\/nachofdezber\\\/\",\"https:\\\/\\\/www.youtube.com\\\/channel\\\/UCZP-2wLEB9Rv6erhFmqVnvg\"]},{\"@type\":\"WebPage\",\"@id\":\"https:\\\/\\\/candas365.es\\\/noticias\\\/mas-de-200-menores-participaron-en-las-colonias-de-carreno\\\/#webpage\",\"url\":\"https:\\\/\\\/candas365.es\\\/noticias\\\/mas-de-200-menores-participaron-en-las-colonias-de-carreno\\\/\",\"name\":\"M\\u00e1s de 200 menores participaron en las Colonias de Carre\\u00f1o | Cand\\u00e1s 365\",\"description\":\"La actividad impulsada desde el \\u00e1rea de Juventud del Ayuntamiento de Carre\\u00f1o estuvo coordinada por la oficina Joven de la Mancomunidad Cabo Pe\\u00f1as y ejecutada, tras el correspondiente proceso de licitaci\\u00f3n, por la empresa Vita Events. El programa de actividades previsto arranc\\u00f3 el pasado 1 de julio y culmin\\u00f3 este mes participando en \\u00e9l un\",\"inLanguage\":\"es-ES\",\"isPartOf\":{\"@id\":\"https:\\\/\\\/candas365.es\\\/noticias\\\/#website\"},\"breadcrumb\":{\"@id\":\"https:\\\/\\\/candas365.es\\\/noticias\\\/mas-de-200-menores-participaron-en-las-colonias-de-carreno\\\/#breadcrumblist\"},\"author\":{\"@id\":\"https:\\\/\\\/candas365.es\\\/noticias\\\/author\\\/admin\\\/#author\"},\"creator\":{\"@id\":\"https:\\\/\\\/candas365.es\\\/noticias\\\/author\\\/admin\\\/#author\"},\"image\":{\"@type\":\"ImageObject\",\"url\":\"https:\\\/\\\/candas365.es\\\/noticias\\\/wp-content\\\/uploads\\\/2014\\\/10\\\/Polivalente.jpg\",\"@id\":\"https:\\\/\\\/candas365.es\\\/noticias\\\/mas-de-200-menores-participaron-en-las-colonias-de-carreno\\\/#mainImage\",\"width\":1024,\"height\":768},\"primaryImageOfPage\":{\"@id\":\"https:\\\/\\\/candas365.es\\\/noticias\\\/mas-de-200-menores-participaron-en-las-colonias-de-carreno\\\/#mainImage\"},\"datePublished\":\"2019-08-19T11:11:00+02:00\",\"dateModified\":\"2019-08-19T11:11:00+02:00\"},{\"@type\":\"WebSite\",\"@id\":\"https:\\\/\\\/candas365.es\\\/noticias\\\/#website\",\"url\":\"https:\\\/\\\/candas365.es\\\/noticias\\\/\",\"name\":\"Cand\\u00e1s 365\",\"alternateName\":\"Cand\\u00e1s 365 Noticias\",\"description\":\"Actualidad desde Carre\\u00f1o para el mundo\",\"inLanguage\":\"es-ES\",\"publisher\":{\"@id\":\"https:\\\/\\\/candas365.es\\\/noticias\\\/#organization\"}}]}\n\t\t<\/script>\n\t\t<!-- All in One SEO Pro -->\r\n\t\t<title>M\u00e1s de 200 menores participaron en las Colonias de Carre\u00f1o | Cand\u00e1s 365<\/title>\n\n","aioseo_head_json":{"title":"M\u00e1s de 200 menores participaron en las Colonias de Carre\u00f1o | Cand\u00e1s 365","description":"La actividad impulsada desde el \u00e1rea de Juventud del Ayuntamiento de Carre\u00f1o estuvo coordinada por la oficina Joven de la Mancomunidad Cabo Pe\u00f1as y ejecutada, tras el correspondiente proceso de licitaci\u00f3n, por la empresa Vita Events. El programa de actividades previsto arranc\u00f3 el pasado 1 de julio y culmin\u00f3 este mes participando en \u00e9l un","canonical_url":"https:\/\/candas365.es\/noticias\/mas-de-200-menores-participaron-en-las-colonias-de-carreno\/","robots":"max-image-preview:large","keywords":"noticias carre\u00f1o","webmasterTools":{"google-site-verification":"UA-32230408-1","msvalidate.01":"354F3CDFB2DA171B47FBE9ABF1F88D5","miscellaneous":""},"schema":{"@context":"https:\/\/schema.org","@graph":[{"@type":"BreadcrumbList","@id":"https:\/\/candas365.es\/noticias\/mas-de-200-menores-participaron-en-las-colonias-de-carreno\/#breadcrumblist","itemListElement":[{"@type":"ListItem","@id":"https:\/\/candas365.es\/noticias#listItem","position":1,"name":"Home","item":"https:\/\/candas365.es\/noticias","nextItem":{"@type":"ListItem","@id":"https:\/\/candas365.es\/noticias\/category\/noticias-carreno\/#listItem","name":"Noticias Carre\u00f1o"}},{"@type":"ListItem","@id":"https:\/\/candas365.es\/noticias\/category\/noticias-carreno\/#listItem","position":2,"name":"Noticias Carre\u00f1o","item":"https:\/\/candas365.es\/noticias\/category\/noticias-carreno\/","nextItem":{"@type":"ListItem","@id":"https:\/\/candas365.es\/noticias\/mas-de-200-menores-participaron-en-las-colonias-de-carreno\/#listItem","name":"M\u00e1s de 200 menores participaron en las Colonias de Carre\u00f1o"},"previousItem":{"@type":"ListItem","@id":"https:\/\/candas365.es\/noticias#listItem","name":"Home"}},{"@type":"ListItem","@id":"https:\/\/candas365.es\/noticias\/mas-de-200-menores-participaron-en-las-colonias-de-carreno\/#listItem","position":3,"name":"M\u00e1s de 200 menores participaron en las Colonias de Carre\u00f1o","previousItem":{"@type":"ListItem","@id":"https:\/\/candas365.es\/noticias\/category\/noticias-carreno\/#listItem","name":"Noticias Carre\u00f1o"}}]},{"@type":"NewsArticle","@id":"https:\/\/candas365.es\/noticias\/mas-de-200-menores-participaron-en-las-colonias-de-carreno\/#newsarticle","name":"M\u00e1s de 200 menores participaron en las Colonias de Carre\u00f1o | Cand\u00e1s 365","headline":"M\u00e1s de 200 menores participaron en las Colonias de Carre\u00f1o","author":{"@id":"https:\/\/candas365.es\/noticias\/author\/admin\/#author"},"publisher":{"@id":"https:\/\/candas365.es\/noticias\/#organization"},"image":{"@type":"ImageObject","url":"https:\/\/candas365.es\/noticias\/wp-content\/uploads\/2014\/10\/Polivalente.jpg","width":1024,"height":768},"datePublished":"2019-08-19T11:11:00+02:00","dateModified":"2019-08-19T11:11:00+02:00","inLanguage":"es-ES","mainEntityOfPage":{"@id":"https:\/\/candas365.es\/noticias\/mas-de-200-menores-participaron-en-las-colonias-de-carreno\/#webpage"},"isPartOf":{"@id":"https:\/\/candas365.es\/noticias\/mas-de-200-menores-participaron-en-las-colonias-de-carreno\/#webpage"},"articleSection":"Noticias Carre\u00f1o","dateline":"Publicado el agosto 19, 2019."},{"@type":"Organization","@id":"https:\/\/candas365.es\/noticias\/#organization","name":"Cand\u00e1s 365","description":"Cand\u00e1s 365 es un diario digital independiente, fundado en 2012, con base en Asturias. Informamos con rigor sobre actualidad, sociedad, cultura y ocio, con una mirada local y global.","url":"https:\/\/candas365.es\/noticias\/","email":"info@candas365.es","telephone":"+34652131393","foundingDate":"2012-06-10","logo":{"@type":"ImageObject","url":"https:\/\/candas365.es\/noticias\/wp-content\/uploads\/2024\/09\/Candas-365-Redes.jpg","@id":"https:\/\/candas365.es\/noticias\/mas-de-200-menores-participaron-en-las-colonias-de-carreno\/#organizationLogo","width":1152,"height":864,"caption":"Cand\u00e1s 365 Redes"},"image":{"@id":"https:\/\/candas365.es\/noticias\/mas-de-200-menores-participaron-en-las-colonias-de-carreno\/#organizationLogo"},"sameAs":["https:\/\/www.facebook.com\/Nachofdezber","https:\/\/x.com\/NabercoDigital","https:\/\/www.instagram.com\/nachofdezber\/","https:\/\/www.youtube.com\/channel\/UCZP-2wLEB9Rv6erhFmqVnvg"],"address":{"@id":"https:\/\/candas365.es\/noticias\/#postaladdress","@type":"PostalAddress","streetAddress":"san antonio 4, san antonio 4","postalCode":"33430","addressLocality":"Cand\u00e1s","addressRegion":"Asturias","addressCountry":"ES"}},{"@type":"Person","@id":"https:\/\/candas365.es\/noticias\/author\/admin\/#author","url":"https:\/\/candas365.es\/noticias\/author\/admin\/","name":"Cand\u00e1s 365","image":{"@type":"ImageObject","@id":"https:\/\/candas365.es\/noticias\/mas-de-200-menores-participaron-en-las-colonias-de-carreno\/#authorImage","url":"https:\/\/secure.gravatar.com\/avatar\/496a8e03d0c493ede1718b7934145dbdf8d89be1036b0eec9544e1094c9de390?s=96&d=mm&r=g","width":96,"height":96,"caption":"Cand\u00e1s 365"},"sameAs":["https:\/\/www.facebook.com\/carrenoactualidad","https:\/\/twitter.com\/nbasturias","https:\/\/www.instagram.com\/nachofdezber\/","https:\/\/www.youtube.com\/channel\/UCZP-2wLEB9Rv6erhFmqVnvg"]},{"@type":"WebPage","@id":"https:\/\/candas365.es\/noticias\/mas-de-200-menores-participaron-en-las-colonias-de-carreno\/#webpage","url":"https:\/\/candas365.es\/noticias\/mas-de-200-menores-participaron-en-las-colonias-de-carreno\/","name":"M\u00e1s de 200 menores participaron en las Colonias de Carre\u00f1o | Cand\u00e1s 365","description":"La actividad impulsada desde el \u00e1rea de Juventud del Ayuntamiento de Carre\u00f1o estuvo coordinada por la oficina Joven de la Mancomunidad Cabo Pe\u00f1as y ejecutada, tras el correspondiente proceso de licitaci\u00f3n, por la empresa Vita Events. El programa de actividades previsto arranc\u00f3 el pasado 1 de julio y culmin\u00f3 este mes participando en \u00e9l un","inLanguage":"es-ES","isPartOf":{"@id":"https:\/\/candas365.es\/noticias\/#website"},"breadcrumb":{"@id":"https:\/\/candas365.es\/noticias\/mas-de-200-menores-participaron-en-las-colonias-de-carreno\/#breadcrumblist"},"author":{"@id":"https:\/\/candas365.es\/noticias\/author\/admin\/#author"},"creator":{"@id":"https:\/\/candas365.es\/noticias\/author\/admin\/#author"},"image":{"@type":"ImageObject","url":"https:\/\/candas365.es\/noticias\/wp-content\/uploads\/2014\/10\/Polivalente.jpg","@id":"https:\/\/candas365.es\/noticias\/mas-de-200-menores-participaron-en-las-colonias-de-carreno\/#mainImage","width":1024,"height":768},"primaryImageOfPage":{"@id":"https:\/\/candas365.es\/noticias\/mas-de-200-menores-participaron-en-las-colonias-de-carreno\/#mainImage"},"datePublished":"2019-08-19T11:11:00+02:00","dateModified":"2019-08-19T11:11:00+02:00"},{"@type":"WebSite","@id":"https:\/\/candas365.es\/noticias\/#website","url":"https:\/\/candas365.es\/noticias\/","name":"Cand\u00e1s 365","alternateName":"Cand\u00e1s 365 Noticias","description":"Actualidad desde Carre\u00f1o para el mundo","inLanguage":"es-ES","publisher":{"@id":"https:\/\/candas365.es\/noticias\/#organization"}}]},"og:locale":"es_ES","og:site_name":"Cand\u00e1s 365","og:type":"article","og:title":"M\u00e1s de 200 menores participaron en las Colonias de Carre\u00f1o | Cand\u00e1s 365","og:description":"La actividad impulsada desde el \u00e1rea de Juventud del Ayuntamiento de Carre\u00f1o estuvo coordinada por la oficina Joven de la Mancomunidad Cabo Pe\u00f1as y ejecutada, tras el correspondiente proceso de licitaci\u00f3n, por la empresa Vita Events. El programa de actividades previsto arranc\u00f3 el pasado 1 de julio y culmin\u00f3 este mes participando en \u00e9l un","og:url":"https:\/\/candas365.es\/noticias\/mas-de-200-menores-participaron-en-las-colonias-de-carreno\/","og:image":"https:\/\/candas365.es\/noticias\/wp-content\/uploads\/2014\/10\/Polivalente.jpg","og:image:secure_url":"https:\/\/candas365.es\/noticias\/wp-content\/uploads\/2014\/10\/Polivalente.jpg","og:image:width":1024,"og:image:height":768,"article:published_time":"2019-08-19T11:11:00+00:00","article:modified_time":"2019-08-19T11:11:00+00:00","article:publisher":"https:\/\/www.facebook.com\/Nachofdezber","article:author":"https:\/\/www.facebook.com\/carrenoactualidad","twitter:card":"summary_large_image","twitter:site":"@NabercoDigital","twitter:title":"M\u00e1s de 200 menores participaron en las Colonias de Carre\u00f1o | Cand\u00e1s 365","twitter:description":"La actividad impulsada desde el \u00e1rea de Juventud del Ayuntamiento de Carre\u00f1o estuvo coordinada por la oficina Joven de la Mancomunidad Cabo Pe\u00f1as y ejecutada, tras el correspondiente proceso de licitaci\u00f3n, por la empresa Vita Events. El programa de actividades previsto arranc\u00f3 el pasado 1 de julio y culmin\u00f3 este mes participando en \u00e9l un","twitter:creator":"@nbasturias","twitter:image":"https:\/\/candas365.es\/noticias\/wp-content\/uploads\/2014\/10\/Polivalente.jpg","twitter:label1":"Escrito por","twitter:data1":"Cand\u00e1s 365","twitter:label2":"Tiempo de lectura estimado","twitter:data2":"2 minutos"},"aioseo_meta_data":{"post_id":"128430","title":null,"description":null,"keywords":null,"keyphrases":null,"primary_term":null,"canonical_url":null,"og_title":null,"og_description":null,"og_object_type":"default","og_image_type":"default","og_image_url":null,"og_image_width":null,"og_image_height":null,"og_image_custom_url":null,"og_image_custom_fields":null,"og_video":null,"og_custom_url":null,"og_article_section":null,"og_article_tags":null,"twitter_use_og":false,"twitter_card":"default","twitter_image_type":"default","twitter_image_url":null,"twitter_image_custom_url":null,"twitter_image_custom_fields":null,"twitter_title":null,"twitter_description":null,"schema":{"blockGraphs":[],"customGraphs":[],"default":{"data":{"Article":[],"Course":[],"Dataset":[],"FAQPage":[],"Movie":[],"Person":[],"Product":[],"ProductReview":[],"Car":[],"Recipe":[],"Service":[],"SoftwareApplication":[],"WebPage":[]},"graphName":"","isEnabled":true},"graphs":[],"defaultGraph":"","defaultPostTypeGraph":""},"schema_type":null,"schema_type_options":null,"pillar_content":false,"robots_default":true,"robots_noindex":false,"robots_noarchive":false,"robots_nosnippet":false,"robots_nofollow":false,"robots_noimageindex":false,"robots_noodp":false,"robots_notranslate":false,"robots_max_snippet":null,"robots_max_videopreview":null,"robots_max_imagepreview":"large","priority":null,"frequency":null,"location":null,"local_seo":null,"seo_analyzer_scan_date":"2025-08-30 11:47:13","breadcrumb_settings":null,"limit_modified_date":false,"reviewed_by":null,"open_ai":null,"ai":null,"created":"2020-12-21 10:53:46","updated":"2025-08-30 11:47:13"},"aioseo_breadcrumb":"<div class=\"aioseo-breadcrumbs\"><span class=\"aioseo-breadcrumb\">\n\t<a href=\"https:\/\/candas365.es\/noticias\" title=\"Home\">Home<\/a>\n<\/span><span class=\"aioseo-breadcrumb-separator\">&ndash;<\/span><span class=\"aioseo-breadcrumb\">\n\t<a href=\"https:\/\/candas365.es\/noticias\/category\/noticias-carreno\/\" title=\"Noticias Carre\u00f1o\">Noticias Carre\u00f1o<\/a>\n<\/span><span class=\"aioseo-breadcrumb-separator\">&ndash;<\/span><span class=\"aioseo-breadcrumb\">\n\tM\u00e1s de 200 menores participaron en las Colonias de Carre\u00f1o\n<\/span><\/div>","aioseo_breadcrumb_json":[{"label":"Home","link":"https:\/\/candas365.es\/noticias"},{"label":"Noticias Carre\u00f1o","link":"https:\/\/candas365.es\/noticias\/category\/noticias-carreno\/"},{"label":"M\u00e1s de 200 menores participaron en las Colonias de Carre\u00f1o","link":"https:\/\/candas365.es\/noticias\/mas-de-200-menores-participaron-en-las-colonias-de-carreno\/"}],"_links":{"self":[{"href":"https:\/\/candas365.es\/noticias\/wp-json\/wp\/v2\/posts\/128430","targetHints":{"allow":["GET"]}}],"collection":[{"href":"https:\/\/candas365.es\/noticias\/wp-json\/wp\/v2\/posts"}],"about":[{"href":"https:\/\/candas365.es\/noticias\/wp-json\/wp\/v2\/types\/post"}],"author":[{"embeddable":true,"href":"https:\/\/candas365.es\/noticias\/wp-json\/wp\/v2\/users\/1"}],"replies":[{"embeddable":true,"href":"https:\/\/candas365.es\/noticias\/wp-json\/wp\/v2\/comments?post=128430"}],"version-history":[{"count":0,"href":"https:\/\/candas365.es\/noticias\/wp-json\/wp\/v2\/posts\/128430\/revisions"}],"wp:featuredmedia":[{"embeddable":true,"href":"https:\/\/candas365.es\/noticias\/wp-json\/wp\/v2\/media\/2364"}],"wp:attachment":[{"href":"https:\/\/candas365.es\/noticias\/wp-json\/wp\/v2\/media?parent=128430"}],"wp:term":[{"taxonomy":"category","embeddable":true,"href":"https:\/\/candas365.es\/noticias\/wp-json\/wp\/v2\/categories?post=128430"},{"taxonomy":"post_tag","embeddable":true,"href":"https:\/\/candas365.es\/noticias\/wp-json\/wp\/v2\/tags?post=128430"}],"curies":[{"name":"wp","href":"https:\/\/api.w.org\/{rel}","templated":true}]}}