{"id":127980,"date":"2019-08-09T11:48:02","date_gmt":"2019-08-09T11:48:02","guid":{"rendered":"http:\/\/candas365.es\/noticias\/?p=127980"},"modified":"2019-08-09T11:48:02","modified_gmt":"2019-08-09T11:48:02","slug":"exposicion-de-alejandro-martinez-en-candas","status":"publish","type":"post","link":"https:\/\/candas365.es\/noticias\/exposicion-de-alejandro-martinez-en-candas\/","title":{"rendered":"Exposici\u00f3n de Alejandro Mart\u00ednez en Cand\u00e1s"},"content":{"rendered":"<p><img fetchpriority=\"high\" decoding=\"async\" class=\"alignleft size-medium wp-image-127981\" src=\"https:\/\/candas365.es\/noticias\/wp-content\/uploads\/2019\/08\/Exposicion-en-Candas-360x284.jpg\" alt=\"\" width=\"360\" height=\"284\" srcset=\"https:\/\/candas365.es\/noticias\/wp-content\/uploads\/2019\/08\/Exposicion-en-Candas-360x284.jpg 360w, https:\/\/candas365.es\/noticias\/wp-content\/uploads\/2019\/08\/Exposicion-en-Candas-608x480.jpg 608w, https:\/\/candas365.es\/noticias\/wp-content\/uploads\/2019\/08\/Exposicion-en-Candas-696x550.jpg 696w, https:\/\/candas365.es\/noticias\/wp-content\/uploads\/2019\/08\/Exposicion-en-Candas-532x420.jpg 532w, https:\/\/candas365.es\/noticias\/wp-content\/uploads\/2019\/08\/Exposicion-en-Candas.jpg 728w\" sizes=\"(max-width: 360px) 100vw, 360px\" \/>El edificio n\u00e1utico \u201cAmando Prendes\u201d ubicado en el muelle candas\u00edn se ha convertido temporalmente en un espacio cultural m\u00e1s de la villa. A los habituales <strong>cursos de vela, talleres de pesca, y otras actividades<\/strong> abiertas a la ciudadan\u00eda hay que sumarles las nuevas propuestas socioculturales impulsadas por la nueva directiva.<\/p>\n<p>Durante este mes de agosto y el pr\u00f3ximo de septiembre, se podr\u00e1 disfrutar en dicho edificio de una <strong>exposici\u00f3n fotogr\u00e1fica de Alejandro Mart\u00ednez<\/strong>, la cual ha sido organizada por el <strong>Club Cuatro Vientos de Cand\u00e1s<\/strong>.<\/p>\n<p>En el acto inaugural de la muestra fotogr\u00e1fica acompa\u00f1aron al artista, la directiva del Club candas\u00edn, y en representaci\u00f3n del Ayuntamiento de Carre\u00f1o, acudi\u00f3 Mar\u00eda Rosa Nodal, Concejala de Turismo.<\/p>\n<p>\u201cSu obra caracterizada por la sencillez de la composici\u00f3n, el tenue modelado de los vol\u00famenes, los planos fotogr\u00e1ficos y el perfecto equilibrio de luces y sombras, pasando por una perfecta y escrupulosa gama tonal, transmiti\u00e9ndonos su sensibilidad a trav\u00e9s de las instant\u00e1neas. No se conforma con fotos descriptivas, si no que busca una atm\u00f3sfera, un ambiente,\u2026 algo que despierte la imaginaci\u00f3n de la persona que la observa\u201dse\u00f1al\u00f3 la Concejala de Turismo\u00b7<\/p>\n<p>\u201cAunque es un admirador de los paisajistas americanos, sus fotograf\u00edas se centran en el detalle, y elige rincones plenos de melancol\u00eda para expresar mejor los sentimientos. Silencio, soledad y poes\u00eda son valores que la cr\u00edtica destaca en su productiva carrera art\u00edstica, donde el agua es un elemento primordial y aparece en forma de niebla, r\u00edo o cascada helada mientras se funde con los contrastes que dan los bosques y rocas. Domina la t\u00e9cnica y el tiempo, dejando a veces pasar d\u00edas enteros a la espera de luz adecuada, mientras utiliza la exigencia en la selecci\u00f3n y el trabajo de laboratorio como ingredientes fundamentales de sus mejores obras\u201d prosigui\u00f3 la Edil de Turismo.<\/p>\n<p>Alejandro Mart\u00ednez (Gij\u00f3n, 1958) Fot\u00f3grafo. Aficionado desde los dieciocho a\u00f1os. Es vicepresidente de la Federaci\u00f3n de Agrupaciones Fotogr\u00e1ficas del Principado de Asturias, y desde esa perspectiva ha trabajado a favor de la difusi\u00f3n de este arte en la regi\u00f3n organizando junto a otros compa\u00f1eros actividades como el premio Fot\u00f3grafo de Asturias entre los a\u00f1os 1986 a 1990 o las Jornadas Fotogr\u00e1ficas de Asturias en 1989 y 1990.<\/p>\n<p>Fue el \u00fanico artista asturiano presente en Arco 92 y el primer fot\u00f3grafo espa\u00f1ol incluido en la gu\u00eda del arte en Espa\u00f1a (Arteguia, 1986). Represent\u00f3 a Espa\u00f1a en las bienales de B\u00e9lgica (1989) y Argentina (1991) organizadas por la Federaci\u00f3n Internacional de Arte Fotogr\u00e1fico. Participando en exposiciones colectivas y salones de B\u00e9lgica, Malta, Francia, Canad\u00e1, Inglaterra, India, Polonia e Italia. Y algunas de sus obras aparecen en portadas o reportajes de la revista Arte Fotogr\u00e1fico, en las revistas de arte Ic\u00f3nica y \u00c1lbum y en los cat\u00e1logos del 40 Sal\u00f3n Internacional de Fotograf\u00eda de Gij\u00f3n y la Fotograf\u00eda Espa\u00f1ola en 1992.<\/p>\n<p>Su primera exposici\u00f3n en solitario fue en la Casa de la Cultura de Cand\u00e1s en 1985. Desde entonces ha realizado treinta y nueve muestras individuales, tanto en el \u00e1mbito nacional como internacional.<\/p>\n<p>Adem\u00e1s ha sido reconocido internacionalmente por la sensibilidad de sus trabajos, que con los que tratan de mostrar su propio interior a trav\u00e9s del paisaje en blanco y negro, logrando penetrar en la belleza y la nostalgia de la naturaleza. Esto le ha supuesto ser premiado en m\u00e1s de cuarenta y cinco Salones de Fotograf\u00eda celebrados en Espa\u00f1a y en Canad\u00e1, Inglaterra, Argentina, Italia, Francia, La India, Escocia, Hungr\u00eda y Cuba, entre otros.<\/p>\n<p>La exposici\u00f3n permanecer\u00e1 en el edificio \u201cAmando Prendes\u201d de Cand\u00e1s hasta el domingo 29 de septiembre.<\/p>\n<p>Pudiendo visitarla en el siguiente horario:<\/p>\n<p>\u2022 Lunes, martes, jueves y viernes de 10:00 a 13:30 horas.<br \/>\n\u2022 Mi\u00e9rcoles de 10:00 a 13:30 horas y de 18:30 a 20:30 horas.<\/p>\n<p><em>La entrada es libre y gratuita.<\/em><\/p>\n","protected":false},"excerpt":{"rendered":"<p>El edificio n\u00e1utico \u201cAmando Prendes\u201d ubicado en el muelle candas\u00edn se ha convertido temporalmente en un espacio cultural m\u00e1s de la villa. A los habituales cursos de vela, talleres de pesca, y otras actividades abiertas a la ciudadan\u00eda hay que sumarles las nuevas propuestas socioculturales impulsadas por la nueva directiva. Durante este mes de agosto<\/p>\n","protected":false},"author":1,"featured_media":127981,"comment_status":"closed","ping_status":"closed","sticky":false,"template":"","format":"standard","meta":{"footnotes":""},"categories":[2],"tags":[],"class_list":{"0":"post-127980","1":"post","2":"type-post","3":"status-publish","4":"format-standard","5":"has-post-thumbnail","7":"category-noticias-carreno"},"aioseo_notices":[],"aioseo_head":"\n\t\t<!-- All in One SEO Pro 4.9.6.2 - aioseo.com -->\n\t<meta name=\"description\" content=\"El edificio n\u00e1utico \u201cAmando Prendes\u201d ubicado en el muelle candas\u00edn se ha convertido temporalmente en un espacio cultural m\u00e1s de la villa. A los habituales cursos de vela, talleres de pesca, y otras actividades abiertas a la ciudadan\u00eda hay que sumarles las nuevas propuestas socioculturales impulsadas por la nueva directiva. Durante este mes de agosto\" \/>\n\t<meta name=\"robots\" content=\"max-image-preview:large\" \/>\n\t<meta name=\"author\" content=\"Cand\u00e1s 365\"\/>\n\t<meta name=\"google-site-verification\" content=\"UA-32230408-1\" \/>\n\t<meta name=\"msvalidate.01\" content=\"354F3CDFB2DA171B47FBE9ABF1F88D5\" \/>\n\t<meta name=\"keywords\" content=\"noticias carre\u00f1o\" \/>\n\t<link rel=\"canonical\" href=\"https:\/\/candas365.es\/noticias\/exposicion-de-alejandro-martinez-en-candas\/\" \/>\n\t<meta name=\"generator\" content=\"All in One SEO Pro (AIOSEO) 4.9.6.2\" \/>\n\t\t<meta property=\"og:locale\" content=\"es_ES\" \/>\n\t\t<meta property=\"og:site_name\" content=\"Cand\u00e1s 365\" \/>\n\t\t<meta property=\"og:type\" content=\"article\" \/>\n\t\t<meta property=\"og:title\" content=\"Exposici\u00f3n de Alejandro Mart\u00ednez en Cand\u00e1s | Cand\u00e1s 365\" \/>\n\t\t<meta property=\"og:description\" content=\"El edificio n\u00e1utico \u201cAmando Prendes\u201d ubicado en el muelle candas\u00edn se ha convertido temporalmente en un espacio cultural m\u00e1s de la villa. A los habituales cursos de vela, talleres de pesca, y otras actividades abiertas a la ciudadan\u00eda hay que sumarles las nuevas propuestas socioculturales impulsadas por la nueva directiva. Durante este mes de agosto\" \/>\n\t\t<meta property=\"og:url\" content=\"https:\/\/candas365.es\/noticias\/exposicion-de-alejandro-martinez-en-candas\/\" \/>\n\t\t<meta property=\"og:image\" content=\"https:\/\/candas365.es\/noticias\/wp-content\/uploads\/2019\/08\/Exposicion-en-Candas.jpg\" \/>\n\t\t<meta property=\"og:image:secure_url\" content=\"https:\/\/candas365.es\/noticias\/wp-content\/uploads\/2019\/08\/Exposicion-en-Candas.jpg\" \/>\n\t\t<meta property=\"og:image:width\" content=\"728\" \/>\n\t\t<meta property=\"og:image:height\" content=\"575\" \/>\n\t\t<meta property=\"article:published_time\" content=\"2019-08-09T11:48:02+00:00\" \/>\n\t\t<meta property=\"article:modified_time\" content=\"2019-08-09T11:48:02+00:00\" \/>\n\t\t<meta property=\"article:publisher\" content=\"https:\/\/www.facebook.com\/Nachofdezber\" \/>\n\t\t<meta property=\"article:author\" content=\"https:\/\/www.facebook.com\/carrenoactualidad\" \/>\n\t\t<meta name=\"twitter:card\" content=\"summary_large_image\" \/>\n\t\t<meta name=\"twitter:site\" content=\"@NabercoDigital\" \/>\n\t\t<meta name=\"twitter:title\" content=\"Exposici\u00f3n de Alejandro Mart\u00ednez en Cand\u00e1s | Cand\u00e1s 365\" \/>\n\t\t<meta name=\"twitter:description\" content=\"El edificio n\u00e1utico \u201cAmando Prendes\u201d ubicado en el muelle candas\u00edn se ha convertido temporalmente en un espacio cultural m\u00e1s de la villa. A los habituales cursos de vela, talleres de pesca, y otras actividades abiertas a la ciudadan\u00eda hay que sumarles las nuevas propuestas socioculturales impulsadas por la nueva directiva. Durante este mes de agosto\" \/>\n\t\t<meta name=\"twitter:creator\" content=\"@nbasturias\" \/>\n\t\t<meta name=\"twitter:image\" content=\"https:\/\/candas365.es\/noticias\/wp-content\/uploads\/2019\/08\/Exposicion-en-Candas.jpg\" \/>\n\t\t<meta name=\"twitter:label1\" content=\"Escrito por\" \/>\n\t\t<meta name=\"twitter:data1\" content=\"Cand\u00e1s 365\" \/>\n\t\t<meta name=\"twitter:label2\" content=\"Tiempo de lectura estimado\" \/>\n\t\t<meta name=\"twitter:data2\" content=\"3 minutos\" \/>\n\t\t<script type=\"application\/ld+json\" class=\"aioseo-schema\">\n\t\t\t{\"@context\":\"https:\\\/\\\/schema.org\",\"@graph\":[{\"@type\":\"BreadcrumbList\",\"@id\":\"https:\\\/\\\/candas365.es\\\/noticias\\\/exposicion-de-alejandro-martinez-en-candas\\\/#breadcrumblist\",\"itemListElement\":[{\"@type\":\"ListItem\",\"@id\":\"https:\\\/\\\/candas365.es\\\/noticias#listItem\",\"position\":1,\"name\":\"Home\",\"item\":\"https:\\\/\\\/candas365.es\\\/noticias\",\"nextItem\":{\"@type\":\"ListItem\",\"@id\":\"https:\\\/\\\/candas365.es\\\/noticias\\\/category\\\/noticias-carreno\\\/#listItem\",\"name\":\"Noticias Carre\\u00f1o\"}},{\"@type\":\"ListItem\",\"@id\":\"https:\\\/\\\/candas365.es\\\/noticias\\\/category\\\/noticias-carreno\\\/#listItem\",\"position\":2,\"name\":\"Noticias Carre\\u00f1o\",\"item\":\"https:\\\/\\\/candas365.es\\\/noticias\\\/category\\\/noticias-carreno\\\/\",\"nextItem\":{\"@type\":\"ListItem\",\"@id\":\"https:\\\/\\\/candas365.es\\\/noticias\\\/exposicion-de-alejandro-martinez-en-candas\\\/#listItem\",\"name\":\"Exposici\\u00f3n de Alejandro Mart\\u00ednez en Cand\\u00e1s\"},\"previousItem\":{\"@type\":\"ListItem\",\"@id\":\"https:\\\/\\\/candas365.es\\\/noticias#listItem\",\"name\":\"Home\"}},{\"@type\":\"ListItem\",\"@id\":\"https:\\\/\\\/candas365.es\\\/noticias\\\/exposicion-de-alejandro-martinez-en-candas\\\/#listItem\",\"position\":3,\"name\":\"Exposici\\u00f3n de Alejandro Mart\\u00ednez en Cand\\u00e1s\",\"previousItem\":{\"@type\":\"ListItem\",\"@id\":\"https:\\\/\\\/candas365.es\\\/noticias\\\/category\\\/noticias-carreno\\\/#listItem\",\"name\":\"Noticias Carre\\u00f1o\"}}]},{\"@type\":\"NewsArticle\",\"@id\":\"https:\\\/\\\/candas365.es\\\/noticias\\\/exposicion-de-alejandro-martinez-en-candas\\\/#newsarticle\",\"name\":\"Exposici\\u00f3n de Alejandro Mart\\u00ednez en Cand\\u00e1s | Cand\\u00e1s 365\",\"headline\":\"Exposici\\u00f3n de Alejandro Mart\\u00ednez en Cand\\u00e1s\",\"author\":{\"@id\":\"https:\\\/\\\/candas365.es\\\/noticias\\\/author\\\/admin\\\/#author\"},\"publisher\":{\"@id\":\"https:\\\/\\\/candas365.es\\\/noticias\\\/#organization\"},\"image\":{\"@type\":\"ImageObject\",\"url\":\"https:\\\/\\\/candas365.es\\\/noticias\\\/wp-content\\\/uploads\\\/2019\\\/08\\\/Exposicion-en-Candas.jpg\",\"width\":728,\"height\":575},\"datePublished\":\"2019-08-09T11:48:02+02:00\",\"dateModified\":\"2019-08-09T11:48:02+02:00\",\"inLanguage\":\"es-ES\",\"mainEntityOfPage\":{\"@id\":\"https:\\\/\\\/candas365.es\\\/noticias\\\/exposicion-de-alejandro-martinez-en-candas\\\/#webpage\"},\"isPartOf\":{\"@id\":\"https:\\\/\\\/candas365.es\\\/noticias\\\/exposicion-de-alejandro-martinez-en-candas\\\/#webpage\"},\"articleSection\":\"Noticias Carre\\u00f1o\",\"dateline\":\"Publicado el agosto 9, 2019.\"},{\"@type\":\"Organization\",\"@id\":\"https:\\\/\\\/candas365.es\\\/noticias\\\/#organization\",\"name\":\"Cand\\u00e1s 365\",\"description\":\"Cand\\u00e1s 365 es un diario digital independiente, fundado en 2012, con base en Asturias. Informamos con rigor sobre actualidad, sociedad, cultura y ocio, con una mirada local y global.\",\"url\":\"https:\\\/\\\/candas365.es\\\/noticias\\\/\",\"email\":\"info@candas365.es\",\"telephone\":\"+34652131393\",\"foundingDate\":\"2012-06-10\",\"logo\":{\"@type\":\"ImageObject\",\"url\":\"https:\\\/\\\/candas365.es\\\/noticias\\\/wp-content\\\/uploads\\\/2024\\\/09\\\/Candas-365-Redes.jpg\",\"@id\":\"https:\\\/\\\/candas365.es\\\/noticias\\\/exposicion-de-alejandro-martinez-en-candas\\\/#organizationLogo\",\"width\":1152,\"height\":864,\"caption\":\"Cand\\u00e1s 365 Redes\"},\"image\":{\"@id\":\"https:\\\/\\\/candas365.es\\\/noticias\\\/exposicion-de-alejandro-martinez-en-candas\\\/#organizationLogo\"},\"sameAs\":[\"https:\\\/\\\/www.facebook.com\\\/Nachofdezber\",\"https:\\\/\\\/x.com\\\/NabercoDigital\",\"https:\\\/\\\/www.instagram.com\\\/nachofdezber\\\/\",\"https:\\\/\\\/www.youtube.com\\\/channel\\\/UCZP-2wLEB9Rv6erhFmqVnvg\"],\"address\":{\"@id\":\"https:\\\/\\\/candas365.es\\\/noticias\\\/#postaladdress\",\"@type\":\"PostalAddress\",\"streetAddress\":\"san antonio 4, san antonio 4\",\"postalCode\":\"33430\",\"addressLocality\":\"Cand\\u00e1s\",\"addressRegion\":\"Asturias\",\"addressCountry\":\"ES\"}},{\"@type\":\"Person\",\"@id\":\"https:\\\/\\\/candas365.es\\\/noticias\\\/author\\\/admin\\\/#author\",\"url\":\"https:\\\/\\\/candas365.es\\\/noticias\\\/author\\\/admin\\\/\",\"name\":\"Cand\\u00e1s 365\",\"image\":{\"@type\":\"ImageObject\",\"@id\":\"https:\\\/\\\/candas365.es\\\/noticias\\\/exposicion-de-alejandro-martinez-en-candas\\\/#authorImage\",\"url\":\"https:\\\/\\\/secure.gravatar.com\\\/avatar\\\/496a8e03d0c493ede1718b7934145dbdf8d89be1036b0eec9544e1094c9de390?s=96&d=mm&r=g\",\"width\":96,\"height\":96,\"caption\":\"Cand\\u00e1s 365\"},\"sameAs\":[\"https:\\\/\\\/www.facebook.com\\\/carrenoactualidad\",\"https:\\\/\\\/twitter.com\\\/nbasturias\",\"https:\\\/\\\/www.instagram.com\\\/nachofdezber\\\/\",\"https:\\\/\\\/www.youtube.com\\\/channel\\\/UCZP-2wLEB9Rv6erhFmqVnvg\"]},{\"@type\":\"WebPage\",\"@id\":\"https:\\\/\\\/candas365.es\\\/noticias\\\/exposicion-de-alejandro-martinez-en-candas\\\/#webpage\",\"url\":\"https:\\\/\\\/candas365.es\\\/noticias\\\/exposicion-de-alejandro-martinez-en-candas\\\/\",\"name\":\"Exposici\\u00f3n de Alejandro Mart\\u00ednez en Cand\\u00e1s | Cand\\u00e1s 365\",\"description\":\"El edificio n\\u00e1utico \\u201cAmando Prendes\\u201d ubicado en el muelle candas\\u00edn se ha convertido temporalmente en un espacio cultural m\\u00e1s de la villa. A los habituales cursos de vela, talleres de pesca, y otras actividades abiertas a la ciudadan\\u00eda hay que sumarles las nuevas propuestas socioculturales impulsadas por la nueva directiva. Durante este mes de agosto\",\"inLanguage\":\"es-ES\",\"isPartOf\":{\"@id\":\"https:\\\/\\\/candas365.es\\\/noticias\\\/#website\"},\"breadcrumb\":{\"@id\":\"https:\\\/\\\/candas365.es\\\/noticias\\\/exposicion-de-alejandro-martinez-en-candas\\\/#breadcrumblist\"},\"author\":{\"@id\":\"https:\\\/\\\/candas365.es\\\/noticias\\\/author\\\/admin\\\/#author\"},\"creator\":{\"@id\":\"https:\\\/\\\/candas365.es\\\/noticias\\\/author\\\/admin\\\/#author\"},\"image\":{\"@type\":\"ImageObject\",\"url\":\"https:\\\/\\\/candas365.es\\\/noticias\\\/wp-content\\\/uploads\\\/2019\\\/08\\\/Exposicion-en-Candas.jpg\",\"@id\":\"https:\\\/\\\/candas365.es\\\/noticias\\\/exposicion-de-alejandro-martinez-en-candas\\\/#mainImage\",\"width\":728,\"height\":575},\"primaryImageOfPage\":{\"@id\":\"https:\\\/\\\/candas365.es\\\/noticias\\\/exposicion-de-alejandro-martinez-en-candas\\\/#mainImage\"},\"datePublished\":\"2019-08-09T11:48:02+02:00\",\"dateModified\":\"2019-08-09T11:48:02+02:00\"},{\"@type\":\"WebSite\",\"@id\":\"https:\\\/\\\/candas365.es\\\/noticias\\\/#website\",\"url\":\"https:\\\/\\\/candas365.es\\\/noticias\\\/\",\"name\":\"Cand\\u00e1s 365\",\"alternateName\":\"Cand\\u00e1s 365 Noticias\",\"description\":\"Actualidad desde Carre\\u00f1o para el mundo\",\"inLanguage\":\"es-ES\",\"publisher\":{\"@id\":\"https:\\\/\\\/candas365.es\\\/noticias\\\/#organization\"}}]}\n\t\t<\/script>\n\t\t<!-- All in One SEO Pro -->\r\n\t\t<title>Exposici\u00f3n de Alejandro Mart\u00ednez en Cand\u00e1s | Cand\u00e1s 365<\/title>\n\n","aioseo_head_json":{"title":"Exposici\u00f3n de Alejandro Mart\u00ednez en Cand\u00e1s | Cand\u00e1s 365","description":"El edificio n\u00e1utico \u201cAmando Prendes\u201d ubicado en el muelle candas\u00edn se ha convertido temporalmente en un espacio cultural m\u00e1s de la villa. A los habituales cursos de vela, talleres de pesca, y otras actividades abiertas a la ciudadan\u00eda hay que sumarles las nuevas propuestas socioculturales impulsadas por la nueva directiva. Durante este mes de agosto","canonical_url":"https:\/\/candas365.es\/noticias\/exposicion-de-alejandro-martinez-en-candas\/","robots":"max-image-preview:large","keywords":"noticias carre\u00f1o","webmasterTools":{"google-site-verification":"UA-32230408-1","msvalidate.01":"354F3CDFB2DA171B47FBE9ABF1F88D5","miscellaneous":""},"schema":{"@context":"https:\/\/schema.org","@graph":[{"@type":"BreadcrumbList","@id":"https:\/\/candas365.es\/noticias\/exposicion-de-alejandro-martinez-en-candas\/#breadcrumblist","itemListElement":[{"@type":"ListItem","@id":"https:\/\/candas365.es\/noticias#listItem","position":1,"name":"Home","item":"https:\/\/candas365.es\/noticias","nextItem":{"@type":"ListItem","@id":"https:\/\/candas365.es\/noticias\/category\/noticias-carreno\/#listItem","name":"Noticias Carre\u00f1o"}},{"@type":"ListItem","@id":"https:\/\/candas365.es\/noticias\/category\/noticias-carreno\/#listItem","position":2,"name":"Noticias Carre\u00f1o","item":"https:\/\/candas365.es\/noticias\/category\/noticias-carreno\/","nextItem":{"@type":"ListItem","@id":"https:\/\/candas365.es\/noticias\/exposicion-de-alejandro-martinez-en-candas\/#listItem","name":"Exposici\u00f3n de Alejandro Mart\u00ednez en Cand\u00e1s"},"previousItem":{"@type":"ListItem","@id":"https:\/\/candas365.es\/noticias#listItem","name":"Home"}},{"@type":"ListItem","@id":"https:\/\/candas365.es\/noticias\/exposicion-de-alejandro-martinez-en-candas\/#listItem","position":3,"name":"Exposici\u00f3n de Alejandro Mart\u00ednez en Cand\u00e1s","previousItem":{"@type":"ListItem","@id":"https:\/\/candas365.es\/noticias\/category\/noticias-carreno\/#listItem","name":"Noticias Carre\u00f1o"}}]},{"@type":"NewsArticle","@id":"https:\/\/candas365.es\/noticias\/exposicion-de-alejandro-martinez-en-candas\/#newsarticle","name":"Exposici\u00f3n de Alejandro Mart\u00ednez en Cand\u00e1s | Cand\u00e1s 365","headline":"Exposici\u00f3n de Alejandro Mart\u00ednez en Cand\u00e1s","author":{"@id":"https:\/\/candas365.es\/noticias\/author\/admin\/#author"},"publisher":{"@id":"https:\/\/candas365.es\/noticias\/#organization"},"image":{"@type":"ImageObject","url":"https:\/\/candas365.es\/noticias\/wp-content\/uploads\/2019\/08\/Exposicion-en-Candas.jpg","width":728,"height":575},"datePublished":"2019-08-09T11:48:02+02:00","dateModified":"2019-08-09T11:48:02+02:00","inLanguage":"es-ES","mainEntityOfPage":{"@id":"https:\/\/candas365.es\/noticias\/exposicion-de-alejandro-martinez-en-candas\/#webpage"},"isPartOf":{"@id":"https:\/\/candas365.es\/noticias\/exposicion-de-alejandro-martinez-en-candas\/#webpage"},"articleSection":"Noticias Carre\u00f1o","dateline":"Publicado el agosto 9, 2019."},{"@type":"Organization","@id":"https:\/\/candas365.es\/noticias\/#organization","name":"Cand\u00e1s 365","description":"Cand\u00e1s 365 es un diario digital independiente, fundado en 2012, con base en Asturias. Informamos con rigor sobre actualidad, sociedad, cultura y ocio, con una mirada local y global.","url":"https:\/\/candas365.es\/noticias\/","email":"info@candas365.es","telephone":"+34652131393","foundingDate":"2012-06-10","logo":{"@type":"ImageObject","url":"https:\/\/candas365.es\/noticias\/wp-content\/uploads\/2024\/09\/Candas-365-Redes.jpg","@id":"https:\/\/candas365.es\/noticias\/exposicion-de-alejandro-martinez-en-candas\/#organizationLogo","width":1152,"height":864,"caption":"Cand\u00e1s 365 Redes"},"image":{"@id":"https:\/\/candas365.es\/noticias\/exposicion-de-alejandro-martinez-en-candas\/#organizationLogo"},"sameAs":["https:\/\/www.facebook.com\/Nachofdezber","https:\/\/x.com\/NabercoDigital","https:\/\/www.instagram.com\/nachofdezber\/","https:\/\/www.youtube.com\/channel\/UCZP-2wLEB9Rv6erhFmqVnvg"],"address":{"@id":"https:\/\/candas365.es\/noticias\/#postaladdress","@type":"PostalAddress","streetAddress":"san antonio 4, san antonio 4","postalCode":"33430","addressLocality":"Cand\u00e1s","addressRegion":"Asturias","addressCountry":"ES"}},{"@type":"Person","@id":"https:\/\/candas365.es\/noticias\/author\/admin\/#author","url":"https:\/\/candas365.es\/noticias\/author\/admin\/","name":"Cand\u00e1s 365","image":{"@type":"ImageObject","@id":"https:\/\/candas365.es\/noticias\/exposicion-de-alejandro-martinez-en-candas\/#authorImage","url":"https:\/\/secure.gravatar.com\/avatar\/496a8e03d0c493ede1718b7934145dbdf8d89be1036b0eec9544e1094c9de390?s=96&d=mm&r=g","width":96,"height":96,"caption":"Cand\u00e1s 365"},"sameAs":["https:\/\/www.facebook.com\/carrenoactualidad","https:\/\/twitter.com\/nbasturias","https:\/\/www.instagram.com\/nachofdezber\/","https:\/\/www.youtube.com\/channel\/UCZP-2wLEB9Rv6erhFmqVnvg"]},{"@type":"WebPage","@id":"https:\/\/candas365.es\/noticias\/exposicion-de-alejandro-martinez-en-candas\/#webpage","url":"https:\/\/candas365.es\/noticias\/exposicion-de-alejandro-martinez-en-candas\/","name":"Exposici\u00f3n de Alejandro Mart\u00ednez en Cand\u00e1s | Cand\u00e1s 365","description":"El edificio n\u00e1utico \u201cAmando Prendes\u201d ubicado en el muelle candas\u00edn se ha convertido temporalmente en un espacio cultural m\u00e1s de la villa. A los habituales cursos de vela, talleres de pesca, y otras actividades abiertas a la ciudadan\u00eda hay que sumarles las nuevas propuestas socioculturales impulsadas por la nueva directiva. Durante este mes de agosto","inLanguage":"es-ES","isPartOf":{"@id":"https:\/\/candas365.es\/noticias\/#website"},"breadcrumb":{"@id":"https:\/\/candas365.es\/noticias\/exposicion-de-alejandro-martinez-en-candas\/#breadcrumblist"},"author":{"@id":"https:\/\/candas365.es\/noticias\/author\/admin\/#author"},"creator":{"@id":"https:\/\/candas365.es\/noticias\/author\/admin\/#author"},"image":{"@type":"ImageObject","url":"https:\/\/candas365.es\/noticias\/wp-content\/uploads\/2019\/08\/Exposicion-en-Candas.jpg","@id":"https:\/\/candas365.es\/noticias\/exposicion-de-alejandro-martinez-en-candas\/#mainImage","width":728,"height":575},"primaryImageOfPage":{"@id":"https:\/\/candas365.es\/noticias\/exposicion-de-alejandro-martinez-en-candas\/#mainImage"},"datePublished":"2019-08-09T11:48:02+02:00","dateModified":"2019-08-09T11:48:02+02:00"},{"@type":"WebSite","@id":"https:\/\/candas365.es\/noticias\/#website","url":"https:\/\/candas365.es\/noticias\/","name":"Cand\u00e1s 365","alternateName":"Cand\u00e1s 365 Noticias","description":"Actualidad desde Carre\u00f1o para el mundo","inLanguage":"es-ES","publisher":{"@id":"https:\/\/candas365.es\/noticias\/#organization"}}]},"og:locale":"es_ES","og:site_name":"Cand\u00e1s 365","og:type":"article","og:title":"Exposici\u00f3n de Alejandro Mart\u00ednez en Cand\u00e1s | Cand\u00e1s 365","og:description":"El edificio n\u00e1utico \u201cAmando Prendes\u201d ubicado en el muelle candas\u00edn se ha convertido temporalmente en un espacio cultural m\u00e1s de la villa. A los habituales cursos de vela, talleres de pesca, y otras actividades abiertas a la ciudadan\u00eda hay que sumarles las nuevas propuestas socioculturales impulsadas por la nueva directiva. Durante este mes de agosto","og:url":"https:\/\/candas365.es\/noticias\/exposicion-de-alejandro-martinez-en-candas\/","og:image":"https:\/\/candas365.es\/noticias\/wp-content\/uploads\/2019\/08\/Exposicion-en-Candas.jpg","og:image:secure_url":"https:\/\/candas365.es\/noticias\/wp-content\/uploads\/2019\/08\/Exposicion-en-Candas.jpg","og:image:width":728,"og:image:height":575,"article:published_time":"2019-08-09T11:48:02+00:00","article:modified_time":"2019-08-09T11:48:02+00:00","article:publisher":"https:\/\/www.facebook.com\/Nachofdezber","article:author":"https:\/\/www.facebook.com\/carrenoactualidad","twitter:card":"summary_large_image","twitter:site":"@NabercoDigital","twitter:title":"Exposici\u00f3n de Alejandro Mart\u00ednez en Cand\u00e1s | Cand\u00e1s 365","twitter:description":"El edificio n\u00e1utico \u201cAmando Prendes\u201d ubicado en el muelle candas\u00edn se ha convertido temporalmente en un espacio cultural m\u00e1s de la villa. A los habituales cursos de vela, talleres de pesca, y otras actividades abiertas a la ciudadan\u00eda hay que sumarles las nuevas propuestas socioculturales impulsadas por la nueva directiva. Durante este mes de agosto","twitter:creator":"@nbasturias","twitter:image":"https:\/\/candas365.es\/noticias\/wp-content\/uploads\/2019\/08\/Exposicion-en-Candas.jpg","twitter:label1":"Escrito por","twitter:data1":"Cand\u00e1s 365","twitter:label2":"Tiempo de lectura estimado","twitter:data2":"3 minutos"},"aioseo_meta_data":{"post_id":"127980","title":null,"description":null,"keywords":null,"keyphrases":null,"primary_term":null,"canonical_url":null,"og_title":null,"og_description":null,"og_object_type":"default","og_image_type":"default","og_image_url":null,"og_image_width":null,"og_image_height":null,"og_image_custom_url":null,"og_image_custom_fields":null,"og_video":null,"og_custom_url":null,"og_article_section":null,"og_article_tags":null,"twitter_use_og":false,"twitter_card":"default","twitter_image_type":"default","twitter_image_url":null,"twitter_image_custom_url":null,"twitter_image_custom_fields":null,"twitter_title":null,"twitter_description":null,"schema":{"blockGraphs":[],"customGraphs":[],"default":{"data":{"Article":[],"Course":[],"Dataset":[],"FAQPage":[],"Movie":[],"Person":[],"Product":[],"ProductReview":[],"Car":[],"Recipe":[],"Service":[],"SoftwareApplication":[],"WebPage":[]},"graphName":"","isEnabled":true},"graphs":[]},"schema_type":null,"schema_type_options":null,"pillar_content":false,"robots_default":true,"robots_noindex":false,"robots_noarchive":false,"robots_nosnippet":false,"robots_nofollow":false,"robots_noimageindex":false,"robots_noodp":false,"robots_notranslate":false,"robots_max_snippet":null,"robots_max_videopreview":null,"robots_max_imagepreview":"large","priority":null,"frequency":null,"location":null,"local_seo":null,"seo_analyzer_scan_date":"2025-08-30 11:13:12","breadcrumb_settings":null,"limit_modified_date":false,"reviewed_by":null,"open_ai":null,"ai":null,"created":"2020-12-21 10:54:00","updated":"2025-08-30 11:13:12"},"aioseo_breadcrumb":"<div class=\"aioseo-breadcrumbs\"><span class=\"aioseo-breadcrumb\">\n\t<a href=\"https:\/\/candas365.es\/noticias\" title=\"Home\">Home<\/a>\n<\/span><span class=\"aioseo-breadcrumb-separator\">&ndash;<\/span><span class=\"aioseo-breadcrumb\">\n\t<a href=\"https:\/\/candas365.es\/noticias\/category\/noticias-carreno\/\" title=\"Noticias Carre\u00f1o\">Noticias Carre\u00f1o<\/a>\n<\/span><span class=\"aioseo-breadcrumb-separator\">&ndash;<\/span><span class=\"aioseo-breadcrumb\">\n\tExposici\u00f3n de Alejandro Mart\u00ednez en Cand\u00e1s\n<\/span><\/div>","aioseo_breadcrumb_json":[{"label":"Home","link":"https:\/\/candas365.es\/noticias"},{"label":"Noticias Carre\u00f1o","link":"https:\/\/candas365.es\/noticias\/category\/noticias-carreno\/"},{"label":"Exposici\u00f3n de Alejandro Mart\u00ednez en Cand\u00e1s","link":"https:\/\/candas365.es\/noticias\/exposicion-de-alejandro-martinez-en-candas\/"}],"_links":{"self":[{"href":"https:\/\/candas365.es\/noticias\/wp-json\/wp\/v2\/posts\/127980","targetHints":{"allow":["GET"]}}],"collection":[{"href":"https:\/\/candas365.es\/noticias\/wp-json\/wp\/v2\/posts"}],"about":[{"href":"https:\/\/candas365.es\/noticias\/wp-json\/wp\/v2\/types\/post"}],"author":[{"embeddable":true,"href":"https:\/\/candas365.es\/noticias\/wp-json\/wp\/v2\/users\/1"}],"replies":[{"embeddable":true,"href":"https:\/\/candas365.es\/noticias\/wp-json\/wp\/v2\/comments?post=127980"}],"version-history":[{"count":0,"href":"https:\/\/candas365.es\/noticias\/wp-json\/wp\/v2\/posts\/127980\/revisions"}],"wp:featuredmedia":[{"embeddable":true,"href":"https:\/\/candas365.es\/noticias\/wp-json\/wp\/v2\/media\/127981"}],"wp:attachment":[{"href":"https:\/\/candas365.es\/noticias\/wp-json\/wp\/v2\/media?parent=127980"}],"wp:term":[{"taxonomy":"category","embeddable":true,"href":"https:\/\/candas365.es\/noticias\/wp-json\/wp\/v2\/categories?post=127980"},{"taxonomy":"post_tag","embeddable":true,"href":"https:\/\/candas365.es\/noticias\/wp-json\/wp\/v2\/tags?post=127980"}],"curies":[{"name":"wp","href":"https:\/\/api.w.org\/{rel}","templated":true}]}}