{"id":127977,"date":"2019-08-09T11:41:34","date_gmt":"2019-08-09T11:41:34","guid":{"rendered":"http:\/\/candas365.es\/noticias\/?p=127977"},"modified":"2019-08-09T11:41:34","modified_gmt":"2019-08-09T11:41:34","slug":"xx-edicion-de-la-feria-de-artesania-de-candas","status":"publish","type":"post","link":"https:\/\/candas365.es\/noticias\/xx-edicion-de-la-feria-de-artesania-de-candas\/","title":{"rendered":"XX edici\u00f3n de la Feria de Artesan\u00eda de Cand\u00e1s"},"content":{"rendered":"<p><img fetchpriority=\"high\" decoding=\"async\" class=\"alignleft size-medium wp-image-127978\" src=\"https:\/\/candas365.es\/noticias\/wp-content\/uploads\/2019\/08\/ceramic-3050615_960_720-348x300.jpg\" alt=\"\" width=\"348\" height=\"300\" srcset=\"https:\/\/candas365.es\/noticias\/wp-content\/uploads\/2019\/08\/ceramic-3050615_960_720-348x300.jpg 348w, https:\/\/candas365.es\/noticias\/wp-content\/uploads\/2019\/08\/ceramic-3050615_960_720-768x661.jpg 768w, https:\/\/candas365.es\/noticias\/wp-content\/uploads\/2019\/08\/ceramic-3050615_960_720-557x480.jpg 557w, https:\/\/candas365.es\/noticias\/wp-content\/uploads\/2019\/08\/ceramic-3050615_960_720-534x462.jpg 534w, https:\/\/candas365.es\/noticias\/wp-content\/uploads\/2019\/08\/ceramic-3050615_960_720-696x599.jpg 696w, https:\/\/candas365.es\/noticias\/wp-content\/uploads\/2019\/08\/ceramic-3050615_960_720-488x420.jpg 488w, https:\/\/candas365.es\/noticias\/wp-content\/uploads\/2019\/08\/ceramic-3050615_960_720.jpg 836w\" sizes=\"(max-width: 348px) 100vw, 348px\" \/>La Plaza Hermanos Helio de Cand\u00e1s acoge, desde hoy, viernes 9 de agosto y hasta el domingo 11 de agosto la <strong>XX edici\u00f3n de la Feria de Artesan\u00eda de Cand\u00e1s<\/strong>.<\/p>\n<p>Un total de <strong>13 artesanos y artesanas procedentes de Asturias y Castilla y Le\u00f3n<\/strong>, participar\u00e1n en esta nueva edici\u00f3n, la cual abre sus puertas a partir de las 17 horas.<\/p>\n<p>La feria contar\u00e1 con actuaciones musicales, talleres para el p\u00fablico infantil de manualidades y artesan\u00eda y talleres en vivo ofrecidos por los propios artesanos.<\/p>\n<p>\u201cA lo largo de sus veinte a\u00f1os de existencia la feria siempre ha contado con un alto grado de participaci\u00f3n por parte de artesanos, y esta edici\u00f3n no pod\u00eda ser menos, manteniendo un n\u00famero similar al de ediciones pasadas, lo que demuestra que es una feria que se ha consolidado como un referente del verano candas\u00edn. Adem\u00e1s en esta edici\u00f3n volvemos a repetir la ubicaci\u00f3n del 2018, la Plaza de los Hermanos Helio. Tras el \u00e9xito cosechado en la anterior edici\u00f3n desde la Concejal\u00eda de Turismo decidimos volver a contar con el marco incomparable de esta plaza, en el que bajo la atenta mirado de \u201cla Marinera\u201d de Ant\u00f3n se divisa todo el mar\u00bbexplic\u00f3 la edil de Turismo Mar\u00eda Rosa Nodal.<\/p>\n<p>Esta actividad est\u00e1 organizada por el Ayuntamiento de Carre\u00f1o en colaboraci\u00f3n con Artesan\u00eda de Asturias y apoyo de la Consejer\u00eda de Empleo, Industria y turismo del Principado de Asturias.<\/p>\n<p>\u201cEl objetivo de estos mercados artesanales es favorecer el desarrollo del sector artesanal de la comarca, favoreciendo la creaci\u00f3n de unos cauces de comercializaci\u00f3n en los que recuperar y mantener las manifestaciones artesanales de la zona, propiciando el fomento, la divulgaci\u00f3n de las t\u00e9cnicas y ense\u00f1anzas artesanales\u201d coment\u00f3 la Concejala.<\/p>\n<p>El horario de la feria es el que sigue:<\/p>\n<ul>\n<li>Viernes 9 de agosto de 17 a 21 horas<\/li>\n<li>S\u00e1bado 10 de agosto de 11 a 21 horas<\/li>\n<li>Domingo 11 de agosto de 11 a 21 horas<\/li>\n<\/ul>\n","protected":false},"excerpt":{"rendered":"<p>La Plaza Hermanos Helio de Cand\u00e1s acoge, desde hoy, viernes 9 de agosto y hasta el domingo 11 de agosto la XX edici\u00f3n de la Feria de Artesan\u00eda de Cand\u00e1s. Un total de 13 artesanos y artesanas procedentes de Asturias y Castilla y Le\u00f3n, participar\u00e1n en esta nueva edici\u00f3n, la cual abre sus puertas a<\/p>\n","protected":false},"author":1,"featured_media":127978,"comment_status":"closed","ping_status":"closed","sticky":false,"template":"","format":"standard","meta":{"footnotes":""},"categories":[2],"tags":[],"class_list":{"0":"post-127977","1":"post","2":"type-post","3":"status-publish","4":"format-standard","5":"has-post-thumbnail","7":"category-noticias-carreno"},"aioseo_notices":[],"aioseo_head":"\n\t\t<!-- All in One SEO Pro 4.9.6.2 - aioseo.com -->\n\t<meta name=\"description\" content=\"La Plaza Hermanos Helio de Cand\u00e1s acoge, desde hoy, viernes 9 de agosto y hasta el domingo 11 de agosto la XX edici\u00f3n de la Feria de Artesan\u00eda de Cand\u00e1s. Un total de 13 artesanos y artesanas procedentes de Asturias y Castilla y Le\u00f3n, participar\u00e1n en esta nueva edici\u00f3n, la cual abre sus puertas a\" \/>\n\t<meta name=\"robots\" content=\"max-image-preview:large\" \/>\n\t<meta name=\"author\" content=\"Cand\u00e1s 365\"\/>\n\t<meta name=\"google-site-verification\" content=\"UA-32230408-1\" \/>\n\t<meta name=\"msvalidate.01\" content=\"354F3CDFB2DA171B47FBE9ABF1F88D5\" \/>\n\t<meta name=\"keywords\" content=\"noticias carre\u00f1o\" \/>\n\t<link rel=\"canonical\" href=\"https:\/\/candas365.es\/noticias\/xx-edicion-de-la-feria-de-artesania-de-candas\/\" \/>\n\t<meta name=\"generator\" content=\"All in One SEO Pro (AIOSEO) 4.9.6.2\" \/>\n\t\t<meta property=\"og:locale\" content=\"es_ES\" \/>\n\t\t<meta property=\"og:site_name\" content=\"Cand\u00e1s 365\" \/>\n\t\t<meta property=\"og:type\" content=\"article\" \/>\n\t\t<meta property=\"og:title\" content=\"XX edici\u00f3n de la Feria de Artesan\u00eda de Cand\u00e1s | Cand\u00e1s 365\" \/>\n\t\t<meta property=\"og:description\" content=\"La Plaza Hermanos Helio de Cand\u00e1s acoge, desde hoy, viernes 9 de agosto y hasta el domingo 11 de agosto la XX edici\u00f3n de la Feria de Artesan\u00eda de Cand\u00e1s. Un total de 13 artesanos y artesanas procedentes de Asturias y Castilla y Le\u00f3n, participar\u00e1n en esta nueva edici\u00f3n, la cual abre sus puertas a\" \/>\n\t\t<meta property=\"og:url\" content=\"https:\/\/candas365.es\/noticias\/xx-edicion-de-la-feria-de-artesania-de-candas\/\" \/>\n\t\t<meta property=\"og:image\" content=\"https:\/\/candas365.es\/noticias\/wp-content\/uploads\/2019\/08\/ceramic-3050615_960_720.jpg\" \/>\n\t\t<meta property=\"og:image:secure_url\" content=\"https:\/\/candas365.es\/noticias\/wp-content\/uploads\/2019\/08\/ceramic-3050615_960_720.jpg\" \/>\n\t\t<meta property=\"og:image:width\" content=\"836\" \/>\n\t\t<meta property=\"og:image:height\" content=\"720\" \/>\n\t\t<meta property=\"article:published_time\" content=\"2019-08-09T11:41:34+00:00\" \/>\n\t\t<meta property=\"article:modified_time\" content=\"2019-08-09T11:41:34+00:00\" \/>\n\t\t<meta property=\"article:publisher\" content=\"https:\/\/www.facebook.com\/Nachofdezber\" \/>\n\t\t<meta property=\"article:author\" content=\"https:\/\/www.facebook.com\/carrenoactualidad\" \/>\n\t\t<meta name=\"twitter:card\" content=\"summary_large_image\" \/>\n\t\t<meta name=\"twitter:site\" content=\"@NabercoDigital\" \/>\n\t\t<meta name=\"twitter:title\" content=\"XX edici\u00f3n de la Feria de Artesan\u00eda de Cand\u00e1s | Cand\u00e1s 365\" \/>\n\t\t<meta name=\"twitter:description\" content=\"La Plaza Hermanos Helio de Cand\u00e1s acoge, desde hoy, viernes 9 de agosto y hasta el domingo 11 de agosto la XX edici\u00f3n de la Feria de Artesan\u00eda de Cand\u00e1s. Un total de 13 artesanos y artesanas procedentes de Asturias y Castilla y Le\u00f3n, participar\u00e1n en esta nueva edici\u00f3n, la cual abre sus puertas a\" \/>\n\t\t<meta name=\"twitter:creator\" content=\"@nbasturias\" \/>\n\t\t<meta name=\"twitter:image\" content=\"https:\/\/candas365.es\/noticias\/wp-content\/uploads\/2019\/08\/ceramic-3050615_960_720.jpg\" \/>\n\t\t<meta name=\"twitter:label1\" content=\"Escrito por\" \/>\n\t\t<meta name=\"twitter:data1\" content=\"Cand\u00e1s 365\" \/>\n\t\t<meta name=\"twitter:label2\" content=\"Tiempo de lectura estimado\" \/>\n\t\t<meta name=\"twitter:data2\" content=\"2 minutos\" \/>\n\t\t<script type=\"application\/ld+json\" class=\"aioseo-schema\">\n\t\t\t{\"@context\":\"https:\\\/\\\/schema.org\",\"@graph\":[{\"@type\":\"BreadcrumbList\",\"@id\":\"https:\\\/\\\/candas365.es\\\/noticias\\\/xx-edicion-de-la-feria-de-artesania-de-candas\\\/#breadcrumblist\",\"itemListElement\":[{\"@type\":\"ListItem\",\"@id\":\"https:\\\/\\\/candas365.es\\\/noticias#listItem\",\"position\":1,\"name\":\"Home\",\"item\":\"https:\\\/\\\/candas365.es\\\/noticias\",\"nextItem\":{\"@type\":\"ListItem\",\"@id\":\"https:\\\/\\\/candas365.es\\\/noticias\\\/category\\\/noticias-carreno\\\/#listItem\",\"name\":\"Noticias Carre\\u00f1o\"}},{\"@type\":\"ListItem\",\"@id\":\"https:\\\/\\\/candas365.es\\\/noticias\\\/category\\\/noticias-carreno\\\/#listItem\",\"position\":2,\"name\":\"Noticias Carre\\u00f1o\",\"item\":\"https:\\\/\\\/candas365.es\\\/noticias\\\/category\\\/noticias-carreno\\\/\",\"nextItem\":{\"@type\":\"ListItem\",\"@id\":\"https:\\\/\\\/candas365.es\\\/noticias\\\/xx-edicion-de-la-feria-de-artesania-de-candas\\\/#listItem\",\"name\":\"XX edici\\u00f3n de la Feria de Artesan\\u00eda de Cand\\u00e1s\"},\"previousItem\":{\"@type\":\"ListItem\",\"@id\":\"https:\\\/\\\/candas365.es\\\/noticias#listItem\",\"name\":\"Home\"}},{\"@type\":\"ListItem\",\"@id\":\"https:\\\/\\\/candas365.es\\\/noticias\\\/xx-edicion-de-la-feria-de-artesania-de-candas\\\/#listItem\",\"position\":3,\"name\":\"XX edici\\u00f3n de la Feria de Artesan\\u00eda de Cand\\u00e1s\",\"previousItem\":{\"@type\":\"ListItem\",\"@id\":\"https:\\\/\\\/candas365.es\\\/noticias\\\/category\\\/noticias-carreno\\\/#listItem\",\"name\":\"Noticias Carre\\u00f1o\"}}]},{\"@type\":\"NewsArticle\",\"@id\":\"https:\\\/\\\/candas365.es\\\/noticias\\\/xx-edicion-de-la-feria-de-artesania-de-candas\\\/#newsarticle\",\"name\":\"XX edici\\u00f3n de la Feria de Artesan\\u00eda de Cand\\u00e1s | Cand\\u00e1s 365\",\"headline\":\"XX edici\\u00f3n de la Feria de Artesan\\u00eda de Cand\\u00e1s\",\"author\":{\"@id\":\"https:\\\/\\\/candas365.es\\\/noticias\\\/author\\\/admin\\\/#author\"},\"publisher\":{\"@id\":\"https:\\\/\\\/candas365.es\\\/noticias\\\/#organization\"},\"image\":{\"@type\":\"ImageObject\",\"url\":\"https:\\\/\\\/candas365.es\\\/noticias\\\/wp-content\\\/uploads\\\/2019\\\/08\\\/ceramic-3050615_960_720.jpg\",\"width\":836,\"height\":720},\"datePublished\":\"2019-08-09T11:41:34+02:00\",\"dateModified\":\"2019-08-09T11:41:34+02:00\",\"inLanguage\":\"es-ES\",\"mainEntityOfPage\":{\"@id\":\"https:\\\/\\\/candas365.es\\\/noticias\\\/xx-edicion-de-la-feria-de-artesania-de-candas\\\/#webpage\"},\"isPartOf\":{\"@id\":\"https:\\\/\\\/candas365.es\\\/noticias\\\/xx-edicion-de-la-feria-de-artesania-de-candas\\\/#webpage\"},\"articleSection\":\"Noticias Carre\\u00f1o\",\"dateline\":\"Publicado el agosto 9, 2019.\"},{\"@type\":\"Organization\",\"@id\":\"https:\\\/\\\/candas365.es\\\/noticias\\\/#organization\",\"name\":\"Cand\\u00e1s 365\",\"description\":\"Cand\\u00e1s 365 es un diario digital independiente, fundado en 2012, con base en Asturias. Informamos con rigor sobre actualidad, sociedad, cultura y ocio, con una mirada local y global.\",\"url\":\"https:\\\/\\\/candas365.es\\\/noticias\\\/\",\"email\":\"info@candas365.es\",\"telephone\":\"+34652131393\",\"foundingDate\":\"2012-06-10\",\"logo\":{\"@type\":\"ImageObject\",\"url\":\"https:\\\/\\\/candas365.es\\\/noticias\\\/wp-content\\\/uploads\\\/2024\\\/09\\\/Candas-365-Redes.jpg\",\"@id\":\"https:\\\/\\\/candas365.es\\\/noticias\\\/xx-edicion-de-la-feria-de-artesania-de-candas\\\/#organizationLogo\",\"width\":1152,\"height\":864,\"caption\":\"Cand\\u00e1s 365 Redes\"},\"image\":{\"@id\":\"https:\\\/\\\/candas365.es\\\/noticias\\\/xx-edicion-de-la-feria-de-artesania-de-candas\\\/#organizationLogo\"},\"sameAs\":[\"https:\\\/\\\/www.facebook.com\\\/Nachofdezber\",\"https:\\\/\\\/x.com\\\/NabercoDigital\",\"https:\\\/\\\/www.instagram.com\\\/nachofdezber\\\/\",\"https:\\\/\\\/www.youtube.com\\\/channel\\\/UCZP-2wLEB9Rv6erhFmqVnvg\"],\"address\":{\"@id\":\"https:\\\/\\\/candas365.es\\\/noticias\\\/#postaladdress\",\"@type\":\"PostalAddress\",\"streetAddress\":\"san antonio 4, san antonio 4\",\"postalCode\":\"33430\",\"addressLocality\":\"Cand\\u00e1s\",\"addressRegion\":\"Asturias\",\"addressCountry\":\"ES\"}},{\"@type\":\"Person\",\"@id\":\"https:\\\/\\\/candas365.es\\\/noticias\\\/author\\\/admin\\\/#author\",\"url\":\"https:\\\/\\\/candas365.es\\\/noticias\\\/author\\\/admin\\\/\",\"name\":\"Cand\\u00e1s 365\",\"image\":{\"@type\":\"ImageObject\",\"@id\":\"https:\\\/\\\/candas365.es\\\/noticias\\\/xx-edicion-de-la-feria-de-artesania-de-candas\\\/#authorImage\",\"url\":\"https:\\\/\\\/secure.gravatar.com\\\/avatar\\\/496a8e03d0c493ede1718b7934145dbdf8d89be1036b0eec9544e1094c9de390?s=96&d=mm&r=g\",\"width\":96,\"height\":96,\"caption\":\"Cand\\u00e1s 365\"},\"sameAs\":[\"https:\\\/\\\/www.facebook.com\\\/carrenoactualidad\",\"https:\\\/\\\/twitter.com\\\/nbasturias\",\"https:\\\/\\\/www.instagram.com\\\/nachofdezber\\\/\",\"https:\\\/\\\/www.youtube.com\\\/channel\\\/UCZP-2wLEB9Rv6erhFmqVnvg\"]},{\"@type\":\"WebPage\",\"@id\":\"https:\\\/\\\/candas365.es\\\/noticias\\\/xx-edicion-de-la-feria-de-artesania-de-candas\\\/#webpage\",\"url\":\"https:\\\/\\\/candas365.es\\\/noticias\\\/xx-edicion-de-la-feria-de-artesania-de-candas\\\/\",\"name\":\"XX edici\\u00f3n de la Feria de Artesan\\u00eda de Cand\\u00e1s | Cand\\u00e1s 365\",\"description\":\"La Plaza Hermanos Helio de Cand\\u00e1s acoge, desde hoy, viernes 9 de agosto y hasta el domingo 11 de agosto la XX edici\\u00f3n de la Feria de Artesan\\u00eda de Cand\\u00e1s. Un total de 13 artesanos y artesanas procedentes de Asturias y Castilla y Le\\u00f3n, participar\\u00e1n en esta nueva edici\\u00f3n, la cual abre sus puertas a\",\"inLanguage\":\"es-ES\",\"isPartOf\":{\"@id\":\"https:\\\/\\\/candas365.es\\\/noticias\\\/#website\"},\"breadcrumb\":{\"@id\":\"https:\\\/\\\/candas365.es\\\/noticias\\\/xx-edicion-de-la-feria-de-artesania-de-candas\\\/#breadcrumblist\"},\"author\":{\"@id\":\"https:\\\/\\\/candas365.es\\\/noticias\\\/author\\\/admin\\\/#author\"},\"creator\":{\"@id\":\"https:\\\/\\\/candas365.es\\\/noticias\\\/author\\\/admin\\\/#author\"},\"image\":{\"@type\":\"ImageObject\",\"url\":\"https:\\\/\\\/candas365.es\\\/noticias\\\/wp-content\\\/uploads\\\/2019\\\/08\\\/ceramic-3050615_960_720.jpg\",\"@id\":\"https:\\\/\\\/candas365.es\\\/noticias\\\/xx-edicion-de-la-feria-de-artesania-de-candas\\\/#mainImage\",\"width\":836,\"height\":720},\"primaryImageOfPage\":{\"@id\":\"https:\\\/\\\/candas365.es\\\/noticias\\\/xx-edicion-de-la-feria-de-artesania-de-candas\\\/#mainImage\"},\"datePublished\":\"2019-08-09T11:41:34+02:00\",\"dateModified\":\"2019-08-09T11:41:34+02:00\"},{\"@type\":\"WebSite\",\"@id\":\"https:\\\/\\\/candas365.es\\\/noticias\\\/#website\",\"url\":\"https:\\\/\\\/candas365.es\\\/noticias\\\/\",\"name\":\"Cand\\u00e1s 365\",\"alternateName\":\"Cand\\u00e1s 365 Noticias\",\"description\":\"Actualidad desde Carre\\u00f1o para el mundo\",\"inLanguage\":\"es-ES\",\"publisher\":{\"@id\":\"https:\\\/\\\/candas365.es\\\/noticias\\\/#organization\"}}]}\n\t\t<\/script>\n\t\t<!-- All in One SEO Pro -->\r\n\t\t<title>XX edici\u00f3n de la Feria de Artesan\u00eda de Cand\u00e1s | Cand\u00e1s 365<\/title>\n\n","aioseo_head_json":{"title":"XX edici\u00f3n de la Feria de Artesan\u00eda de Cand\u00e1s | Cand\u00e1s 365","description":"La Plaza Hermanos Helio de Cand\u00e1s acoge, desde hoy, viernes 9 de agosto y hasta el domingo 11 de agosto la XX edici\u00f3n de la Feria de Artesan\u00eda de Cand\u00e1s. Un total de 13 artesanos y artesanas procedentes de Asturias y Castilla y Le\u00f3n, participar\u00e1n en esta nueva edici\u00f3n, la cual abre sus puertas a","canonical_url":"https:\/\/candas365.es\/noticias\/xx-edicion-de-la-feria-de-artesania-de-candas\/","robots":"max-image-preview:large","keywords":"noticias carre\u00f1o","webmasterTools":{"google-site-verification":"UA-32230408-1","msvalidate.01":"354F3CDFB2DA171B47FBE9ABF1F88D5","miscellaneous":""},"schema":{"@context":"https:\/\/schema.org","@graph":[{"@type":"BreadcrumbList","@id":"https:\/\/candas365.es\/noticias\/xx-edicion-de-la-feria-de-artesania-de-candas\/#breadcrumblist","itemListElement":[{"@type":"ListItem","@id":"https:\/\/candas365.es\/noticias#listItem","position":1,"name":"Home","item":"https:\/\/candas365.es\/noticias","nextItem":{"@type":"ListItem","@id":"https:\/\/candas365.es\/noticias\/category\/noticias-carreno\/#listItem","name":"Noticias Carre\u00f1o"}},{"@type":"ListItem","@id":"https:\/\/candas365.es\/noticias\/category\/noticias-carreno\/#listItem","position":2,"name":"Noticias Carre\u00f1o","item":"https:\/\/candas365.es\/noticias\/category\/noticias-carreno\/","nextItem":{"@type":"ListItem","@id":"https:\/\/candas365.es\/noticias\/xx-edicion-de-la-feria-de-artesania-de-candas\/#listItem","name":"XX edici\u00f3n de la Feria de Artesan\u00eda de Cand\u00e1s"},"previousItem":{"@type":"ListItem","@id":"https:\/\/candas365.es\/noticias#listItem","name":"Home"}},{"@type":"ListItem","@id":"https:\/\/candas365.es\/noticias\/xx-edicion-de-la-feria-de-artesania-de-candas\/#listItem","position":3,"name":"XX edici\u00f3n de la Feria de Artesan\u00eda de Cand\u00e1s","previousItem":{"@type":"ListItem","@id":"https:\/\/candas365.es\/noticias\/category\/noticias-carreno\/#listItem","name":"Noticias Carre\u00f1o"}}]},{"@type":"NewsArticle","@id":"https:\/\/candas365.es\/noticias\/xx-edicion-de-la-feria-de-artesania-de-candas\/#newsarticle","name":"XX edici\u00f3n de la Feria de Artesan\u00eda de Cand\u00e1s | Cand\u00e1s 365","headline":"XX edici\u00f3n de la Feria de Artesan\u00eda de Cand\u00e1s","author":{"@id":"https:\/\/candas365.es\/noticias\/author\/admin\/#author"},"publisher":{"@id":"https:\/\/candas365.es\/noticias\/#organization"},"image":{"@type":"ImageObject","url":"https:\/\/candas365.es\/noticias\/wp-content\/uploads\/2019\/08\/ceramic-3050615_960_720.jpg","width":836,"height":720},"datePublished":"2019-08-09T11:41:34+02:00","dateModified":"2019-08-09T11:41:34+02:00","inLanguage":"es-ES","mainEntityOfPage":{"@id":"https:\/\/candas365.es\/noticias\/xx-edicion-de-la-feria-de-artesania-de-candas\/#webpage"},"isPartOf":{"@id":"https:\/\/candas365.es\/noticias\/xx-edicion-de-la-feria-de-artesania-de-candas\/#webpage"},"articleSection":"Noticias Carre\u00f1o","dateline":"Publicado el agosto 9, 2019."},{"@type":"Organization","@id":"https:\/\/candas365.es\/noticias\/#organization","name":"Cand\u00e1s 365","description":"Cand\u00e1s 365 es un diario digital independiente, fundado en 2012, con base en Asturias. Informamos con rigor sobre actualidad, sociedad, cultura y ocio, con una mirada local y global.","url":"https:\/\/candas365.es\/noticias\/","email":"info@candas365.es","telephone":"+34652131393","foundingDate":"2012-06-10","logo":{"@type":"ImageObject","url":"https:\/\/candas365.es\/noticias\/wp-content\/uploads\/2024\/09\/Candas-365-Redes.jpg","@id":"https:\/\/candas365.es\/noticias\/xx-edicion-de-la-feria-de-artesania-de-candas\/#organizationLogo","width":1152,"height":864,"caption":"Cand\u00e1s 365 Redes"},"image":{"@id":"https:\/\/candas365.es\/noticias\/xx-edicion-de-la-feria-de-artesania-de-candas\/#organizationLogo"},"sameAs":["https:\/\/www.facebook.com\/Nachofdezber","https:\/\/x.com\/NabercoDigital","https:\/\/www.instagram.com\/nachofdezber\/","https:\/\/www.youtube.com\/channel\/UCZP-2wLEB9Rv6erhFmqVnvg"],"address":{"@id":"https:\/\/candas365.es\/noticias\/#postaladdress","@type":"PostalAddress","streetAddress":"san antonio 4, san antonio 4","postalCode":"33430","addressLocality":"Cand\u00e1s","addressRegion":"Asturias","addressCountry":"ES"}},{"@type":"Person","@id":"https:\/\/candas365.es\/noticias\/author\/admin\/#author","url":"https:\/\/candas365.es\/noticias\/author\/admin\/","name":"Cand\u00e1s 365","image":{"@type":"ImageObject","@id":"https:\/\/candas365.es\/noticias\/xx-edicion-de-la-feria-de-artesania-de-candas\/#authorImage","url":"https:\/\/secure.gravatar.com\/avatar\/496a8e03d0c493ede1718b7934145dbdf8d89be1036b0eec9544e1094c9de390?s=96&d=mm&r=g","width":96,"height":96,"caption":"Cand\u00e1s 365"},"sameAs":["https:\/\/www.facebook.com\/carrenoactualidad","https:\/\/twitter.com\/nbasturias","https:\/\/www.instagram.com\/nachofdezber\/","https:\/\/www.youtube.com\/channel\/UCZP-2wLEB9Rv6erhFmqVnvg"]},{"@type":"WebPage","@id":"https:\/\/candas365.es\/noticias\/xx-edicion-de-la-feria-de-artesania-de-candas\/#webpage","url":"https:\/\/candas365.es\/noticias\/xx-edicion-de-la-feria-de-artesania-de-candas\/","name":"XX edici\u00f3n de la Feria de Artesan\u00eda de Cand\u00e1s | Cand\u00e1s 365","description":"La Plaza Hermanos Helio de Cand\u00e1s acoge, desde hoy, viernes 9 de agosto y hasta el domingo 11 de agosto la XX edici\u00f3n de la Feria de Artesan\u00eda de Cand\u00e1s. Un total de 13 artesanos y artesanas procedentes de Asturias y Castilla y Le\u00f3n, participar\u00e1n en esta nueva edici\u00f3n, la cual abre sus puertas a","inLanguage":"es-ES","isPartOf":{"@id":"https:\/\/candas365.es\/noticias\/#website"},"breadcrumb":{"@id":"https:\/\/candas365.es\/noticias\/xx-edicion-de-la-feria-de-artesania-de-candas\/#breadcrumblist"},"author":{"@id":"https:\/\/candas365.es\/noticias\/author\/admin\/#author"},"creator":{"@id":"https:\/\/candas365.es\/noticias\/author\/admin\/#author"},"image":{"@type":"ImageObject","url":"https:\/\/candas365.es\/noticias\/wp-content\/uploads\/2019\/08\/ceramic-3050615_960_720.jpg","@id":"https:\/\/candas365.es\/noticias\/xx-edicion-de-la-feria-de-artesania-de-candas\/#mainImage","width":836,"height":720},"primaryImageOfPage":{"@id":"https:\/\/candas365.es\/noticias\/xx-edicion-de-la-feria-de-artesania-de-candas\/#mainImage"},"datePublished":"2019-08-09T11:41:34+02:00","dateModified":"2019-08-09T11:41:34+02:00"},{"@type":"WebSite","@id":"https:\/\/candas365.es\/noticias\/#website","url":"https:\/\/candas365.es\/noticias\/","name":"Cand\u00e1s 365","alternateName":"Cand\u00e1s 365 Noticias","description":"Actualidad desde Carre\u00f1o para el mundo","inLanguage":"es-ES","publisher":{"@id":"https:\/\/candas365.es\/noticias\/#organization"}}]},"og:locale":"es_ES","og:site_name":"Cand\u00e1s 365","og:type":"article","og:title":"XX edici\u00f3n de la Feria de Artesan\u00eda de Cand\u00e1s | Cand\u00e1s 365","og:description":"La Plaza Hermanos Helio de Cand\u00e1s acoge, desde hoy, viernes 9 de agosto y hasta el domingo 11 de agosto la XX edici\u00f3n de la Feria de Artesan\u00eda de Cand\u00e1s. Un total de 13 artesanos y artesanas procedentes de Asturias y Castilla y Le\u00f3n, participar\u00e1n en esta nueva edici\u00f3n, la cual abre sus puertas a","og:url":"https:\/\/candas365.es\/noticias\/xx-edicion-de-la-feria-de-artesania-de-candas\/","og:image":"https:\/\/candas365.es\/noticias\/wp-content\/uploads\/2019\/08\/ceramic-3050615_960_720.jpg","og:image:secure_url":"https:\/\/candas365.es\/noticias\/wp-content\/uploads\/2019\/08\/ceramic-3050615_960_720.jpg","og:image:width":836,"og:image:height":720,"article:published_time":"2019-08-09T11:41:34+00:00","article:modified_time":"2019-08-09T11:41:34+00:00","article:publisher":"https:\/\/www.facebook.com\/Nachofdezber","article:author":"https:\/\/www.facebook.com\/carrenoactualidad","twitter:card":"summary_large_image","twitter:site":"@NabercoDigital","twitter:title":"XX edici\u00f3n de la Feria de Artesan\u00eda de Cand\u00e1s | Cand\u00e1s 365","twitter:description":"La Plaza Hermanos Helio de Cand\u00e1s acoge, desde hoy, viernes 9 de agosto y hasta el domingo 11 de agosto la XX edici\u00f3n de la Feria de Artesan\u00eda de Cand\u00e1s. Un total de 13 artesanos y artesanas procedentes de Asturias y Castilla y Le\u00f3n, participar\u00e1n en esta nueva edici\u00f3n, la cual abre sus puertas a","twitter:creator":"@nbasturias","twitter:image":"https:\/\/candas365.es\/noticias\/wp-content\/uploads\/2019\/08\/ceramic-3050615_960_720.jpg","twitter:label1":"Escrito por","twitter:data1":"Cand\u00e1s 365","twitter:label2":"Tiempo de lectura estimado","twitter:data2":"2 minutos"},"aioseo_meta_data":{"post_id":"127977","title":null,"description":null,"keywords":null,"keyphrases":null,"primary_term":null,"canonical_url":null,"og_title":null,"og_description":null,"og_object_type":"default","og_image_type":"default","og_image_url":null,"og_image_width":null,"og_image_height":null,"og_image_custom_url":null,"og_image_custom_fields":null,"og_video":null,"og_custom_url":null,"og_article_section":null,"og_article_tags":null,"twitter_use_og":false,"twitter_card":"default","twitter_image_type":"default","twitter_image_url":null,"twitter_image_custom_url":null,"twitter_image_custom_fields":null,"twitter_title":null,"twitter_description":null,"schema":{"blockGraphs":[],"customGraphs":[],"default":{"data":{"Article":[],"Course":[],"Dataset":[],"FAQPage":[],"Movie":[],"Person":[],"Product":[],"ProductReview":[],"Car":[],"Recipe":[],"Service":[],"SoftwareApplication":[],"WebPage":[]},"graphName":"","isEnabled":true},"graphs":[]},"schema_type":null,"schema_type_options":null,"pillar_content":false,"robots_default":true,"robots_noindex":false,"robots_noarchive":false,"robots_nosnippet":false,"robots_nofollow":false,"robots_noimageindex":false,"robots_noodp":false,"robots_notranslate":false,"robots_max_snippet":null,"robots_max_videopreview":null,"robots_max_imagepreview":"large","priority":null,"frequency":null,"location":null,"local_seo":null,"seo_analyzer_scan_date":"2025-08-30 11:13:11","breadcrumb_settings":null,"limit_modified_date":false,"reviewed_by":null,"open_ai":null,"ai":null,"created":"2020-12-21 10:54:00","updated":"2025-08-30 11:13:11"},"aioseo_breadcrumb":"<div class=\"aioseo-breadcrumbs\"><span class=\"aioseo-breadcrumb\">\n\t<a href=\"https:\/\/candas365.es\/noticias\" title=\"Home\">Home<\/a>\n<\/span><span class=\"aioseo-breadcrumb-separator\">&ndash;<\/span><span class=\"aioseo-breadcrumb\">\n\t<a href=\"https:\/\/candas365.es\/noticias\/category\/noticias-carreno\/\" title=\"Noticias Carre\u00f1o\">Noticias Carre\u00f1o<\/a>\n<\/span><span class=\"aioseo-breadcrumb-separator\">&ndash;<\/span><span class=\"aioseo-breadcrumb\">\n\tXX edici\u00f3n de la Feria de Artesan\u00eda de Cand\u00e1s\n<\/span><\/div>","aioseo_breadcrumb_json":[{"label":"Home","link":"https:\/\/candas365.es\/noticias"},{"label":"Noticias Carre\u00f1o","link":"https:\/\/candas365.es\/noticias\/category\/noticias-carreno\/"},{"label":"XX edici\u00f3n de la Feria de Artesan\u00eda de Cand\u00e1s","link":"https:\/\/candas365.es\/noticias\/xx-edicion-de-la-feria-de-artesania-de-candas\/"}],"_links":{"self":[{"href":"https:\/\/candas365.es\/noticias\/wp-json\/wp\/v2\/posts\/127977","targetHints":{"allow":["GET"]}}],"collection":[{"href":"https:\/\/candas365.es\/noticias\/wp-json\/wp\/v2\/posts"}],"about":[{"href":"https:\/\/candas365.es\/noticias\/wp-json\/wp\/v2\/types\/post"}],"author":[{"embeddable":true,"href":"https:\/\/candas365.es\/noticias\/wp-json\/wp\/v2\/users\/1"}],"replies":[{"embeddable":true,"href":"https:\/\/candas365.es\/noticias\/wp-json\/wp\/v2\/comments?post=127977"}],"version-history":[{"count":0,"href":"https:\/\/candas365.es\/noticias\/wp-json\/wp\/v2\/posts\/127977\/revisions"}],"wp:featuredmedia":[{"embeddable":true,"href":"https:\/\/candas365.es\/noticias\/wp-json\/wp\/v2\/media\/127978"}],"wp:attachment":[{"href":"https:\/\/candas365.es\/noticias\/wp-json\/wp\/v2\/media?parent=127977"}],"wp:term":[{"taxonomy":"category","embeddable":true,"href":"https:\/\/candas365.es\/noticias\/wp-json\/wp\/v2\/categories?post=127977"},{"taxonomy":"post_tag","embeddable":true,"href":"https:\/\/candas365.es\/noticias\/wp-json\/wp\/v2\/tags?post=127977"}],"curies":[{"name":"wp","href":"https:\/\/api.w.org\/{rel}","templated":true}]}}