{"id":127974,"date":"2019-08-09T11:35:54","date_gmt":"2019-08-09T11:35:54","guid":{"rendered":"http:\/\/candas365.es\/noticias\/?p=127974"},"modified":"2019-08-09T11:35:54","modified_gmt":"2019-08-09T11:35:54","slug":"fiestas-sacramentales-en-albandi","status":"publish","type":"post","link":"https:\/\/candas365.es\/noticias\/fiestas-sacramentales-en-albandi\/","title":{"rendered":"Fiestas Sacramentales en Albandi"},"content":{"rendered":"<figure id=\"attachment_127975\" aria-describedby=\"caption-attachment-127975\" style=\"width: 360px\" class=\"wp-caption alignleft\"><img fetchpriority=\"high\" decoding=\"async\" class=\"size-medium wp-image-127975\" src=\"https:\/\/candas365.es\/noticias\/wp-content\/uploads\/2019\/08\/abstract-1238657_960_720-360x237.jpg\" alt=\"\" width=\"360\" height=\"237\" srcset=\"https:\/\/candas365.es\/noticias\/wp-content\/uploads\/2019\/08\/abstract-1238657_960_720-360x237.jpg 360w, https:\/\/candas365.es\/noticias\/wp-content\/uploads\/2019\/08\/abstract-1238657_960_720-768x505.jpg 768w, https:\/\/candas365.es\/noticias\/wp-content\/uploads\/2019\/08\/abstract-1238657_960_720-655x431.jpg 655w, https:\/\/candas365.es\/noticias\/wp-content\/uploads\/2019\/08\/abstract-1238657_960_720-696x457.jpg 696w, https:\/\/candas365.es\/noticias\/wp-content\/uploads\/2019\/08\/abstract-1238657_960_720-741x486.jpg 741w, https:\/\/candas365.es\/noticias\/wp-content\/uploads\/2019\/08\/abstract-1238657_960_720-639x420.jpg 639w, https:\/\/candas365.es\/noticias\/wp-content\/uploads\/2019\/08\/abstract-1238657_960_720.jpg 960w\" sizes=\"(max-width: 360px) 100vw, 360px\" \/><figcaption id=\"caption-attachment-127975\" class=\"wp-caption-text\">Foto: Pixabay<\/figcaption><\/figure>\n<p>Este fin de semana, <strong>del 10 al 12 de agosto<\/strong>, inclusive, la parroquia carre\u00f1ense de <strong>Albandi celebra sus Fiestas Sacramentales<\/strong>. Unas fiestas organizadas por la <strong>Asociaci\u00f3n de Festejos \u201cLa Esfoyaza\u201d<\/strong>, la cual ha elaborado un completo programa cargado de tradici\u00f3n con el que intentar\u00e1 volver a dar el esplendor de anta\u00f1o a unas fiestas que llevan unos a\u00f1os sin poder celebrarse.<\/p>\n<p>La asociaci\u00f3n de festejos que preside Jessica \u00c1lvarez Villanueva ha programado actividades para todos los p\u00fablicos que tendr\u00e1 como escenario principal la Cancha Polideportiva del CIR de Albandi. Entre las que destacan las actuaciones musicales, los concursos gastron\u00f3micos, eventos deportivos, exhibici\u00f3n de deporte tradicional, los juegos y actividades para el p\u00fablico infantil o la <strong>tradicional entrega del bollo<\/strong> a las personas socias de la Asociaci\u00f3n Vecinal \u201cSantiago de Albandi\u201d.<\/p>\n<p>Adem\u00e1s todos los d\u00edas a partir de las 20:00 h se ofrecer\u00e1 en la barraca instalada en la cancha <strong>costillada a precios populares<\/strong><\/p>\n<p>La Comisi\u00f3n de Festejos \u201cLa Esfoyaza\u201d de Albandi es una asociaci\u00f3n muy joven pero que, en poco menos de un a\u00f1o de existencia ha conseguido organizar unas grandes fiestas sacramentales. En este a\u00f1o de existencia ha organizado, no solo estas fiestas, si no que desde noviembre a junio ha organizado festivales gastron\u00f3micos, actividades culturales, l\u00fadicas-festivas con un objetivo principal, recaudar fondos con los que financiar estas fiestas.<\/p>\n<p>Unas actividades en las que siempre ha estado presente la idea, no s\u00f3lo de recaudar fondos, si no la de hacer de estas <strong>jornadas verdaderos puntos de confraternizaci\u00f3n del vecindario<\/strong>. Con las que recuperar nuestras tradiciones de anta\u00f1o, y en las que siempre ha estado muy presente la cultura asturiana y por supuesto nuestra gastronom\u00eda. De esta forma, empezando de cero, pero con muchas ganas de trabajar, comenzaron su andadura en el mes de noviembre con la organizaci\u00f3n de la \u201cEsfoyaza-Amaguestu\u201d, tras esta lleg\u00f3 la celebraci\u00f3n de San Ant\u00f3n en enero y el Carnaval en febrero. Cuando los d\u00edas se hac\u00edan m\u00e1s largos, en abril lleg\u00f3 la \u201cJornada de los Tortos\u201d. Y en junio, por San Juan, recuperan la tradicional hoguera de san juan y el enramado de las fuentes.<\/p>\n<p>El programa previsto para la celebraci\u00f3n de las Fiestas Sacramentales de Albandi los d\u00edas 10, 11 y 12 de agosto en la Cancha Polideportiva del CIR ser\u00e1 el siguiente:<\/p>\n<h3>S\u00e1bado 10 de agosto:<\/h3>\n<ul>\n<li>13:00 h. Chupinazo de apertura<\/li>\n<li>17:00 h. Concurso de dibujo infantil, maquillaje y globoflexia para los participantes<\/li>\n<li>18:00 h. Concurso de tartas con jurado profesional<\/li>\n<li>23:00 h. Actuaci\u00f3n de SHEY REVUELTA y \u00c1NGEL DEL AMOR DJ<\/li>\n<\/ul>\n<h4>Domingo 11 de agosto:<\/h4>\n<ul>\n<li>12:00 h. Procesi\u00f3n y Santa Misa Solemne<\/li>\n<li>13:00 h. Sesi\u00f3n verm\u00fa con el grupo de baile \u00abSan F\u00e9lix\u00bb de Cand\u00e1s<\/li>\n<li>18:00 h. F\u00fatbol 7 disputado entre la plantilla del CD Abo\u00f1o pre-temporada<\/li>\n<li>21:00 h. Entrega de premios de los concursos y partido<\/li>\n<li>22:30 h. Noche amenizada por JOTA DELUXE EVENTOS MUSICALES<\/li>\n<\/ul>\n<h4>Lunes 12 de agosto:<\/h4>\n<ul>\n<li>13:00 h. Sesi\u00f3n verm\u00fa<\/li>\n<li>14:30 h. Gran paella popular (previa inscripci\u00f3n)<\/li>\n<li>18:00 h. Exhibici\u00f3n de deportes aut\u00f3ctonos a cargo del Club Rural Monte Areo<\/li>\n<li>18:00 h. Entrega del bollo a los socios de la AAVV Santiago de Albandi<\/li>\n<li>22:30 h. Verbena con D\u00daO VIBE patrocinada por la AAVV Albandi<\/li>\n<li>24:00 h. Fuegos artificiales<\/li>\n<\/ul>\n<p>Todos los d\u00edas a partir de las 20:00 horas gran costillada y el martes de madrugada, gran chocolatada fin de fiestas<\/p>\n","protected":false},"excerpt":{"rendered":"<p>Este fin de semana, del 10 al 12 de agosto, inclusive, la parroquia carre\u00f1ense de Albandi celebra sus Fiestas Sacramentales. Unas fiestas organizadas por la Asociaci\u00f3n de Festejos \u201cLa Esfoyaza\u201d, la cual ha elaborado un completo programa cargado de tradici\u00f3n con el que intentar\u00e1 volver a dar el esplendor de anta\u00f1o a unas fiestas que<\/p>\n","protected":false},"author":1,"featured_media":127975,"comment_status":"closed","ping_status":"closed","sticky":false,"template":"","format":"standard","meta":{"footnotes":""},"categories":[2],"tags":[],"class_list":{"0":"post-127974","1":"post","2":"type-post","3":"status-publish","4":"format-standard","5":"has-post-thumbnail","7":"category-noticias-carreno"},"aioseo_notices":[],"aioseo_head":"\n\t\t<!-- All in One SEO Pro 4.9.6.2 - aioseo.com -->\n\t<meta name=\"description\" content=\"Este fin de semana, del 10 al 12 de agosto, inclusive, la parroquia carre\u00f1ense de Albandi celebra sus Fiestas Sacramentales. Unas fiestas organizadas por la Asociaci\u00f3n de Festejos \u201cLa Esfoyaza\u201d, la cual ha elaborado un completo programa cargado de tradici\u00f3n con el que intentar\u00e1 volver a dar el esplendor de anta\u00f1o a unas fiestas que\" \/>\n\t<meta name=\"robots\" content=\"max-image-preview:large\" \/>\n\t<meta name=\"author\" content=\"Cand\u00e1s 365\"\/>\n\t<meta name=\"google-site-verification\" content=\"UA-32230408-1\" \/>\n\t<meta name=\"msvalidate.01\" content=\"354F3CDFB2DA171B47FBE9ABF1F88D5\" \/>\n\t<meta name=\"keywords\" content=\"noticias carre\u00f1o\" \/>\n\t<link rel=\"canonical\" href=\"https:\/\/candas365.es\/noticias\/fiestas-sacramentales-en-albandi\/\" \/>\n\t<meta name=\"generator\" content=\"All in One SEO Pro (AIOSEO) 4.9.6.2\" \/>\n\t\t<meta property=\"og:locale\" content=\"es_ES\" \/>\n\t\t<meta property=\"og:site_name\" content=\"Cand\u00e1s 365\" \/>\n\t\t<meta property=\"og:type\" content=\"article\" \/>\n\t\t<meta property=\"og:title\" content=\"Fiestas Sacramentales en Albandi | Cand\u00e1s 365\" \/>\n\t\t<meta property=\"og:description\" content=\"Este fin de semana, del 10 al 12 de agosto, inclusive, la parroquia carre\u00f1ense de Albandi celebra sus Fiestas Sacramentales. Unas fiestas organizadas por la Asociaci\u00f3n de Festejos \u201cLa Esfoyaza\u201d, la cual ha elaborado un completo programa cargado de tradici\u00f3n con el que intentar\u00e1 volver a dar el esplendor de anta\u00f1o a unas fiestas que\" \/>\n\t\t<meta property=\"og:url\" content=\"https:\/\/candas365.es\/noticias\/fiestas-sacramentales-en-albandi\/\" \/>\n\t\t<meta property=\"og:image\" content=\"https:\/\/candas365.es\/noticias\/wp-content\/uploads\/2019\/08\/abstract-1238657_960_720.jpg\" \/>\n\t\t<meta property=\"og:image:secure_url\" content=\"https:\/\/candas365.es\/noticias\/wp-content\/uploads\/2019\/08\/abstract-1238657_960_720.jpg\" \/>\n\t\t<meta property=\"og:image:width\" content=\"960\" \/>\n\t\t<meta property=\"og:image:height\" content=\"631\" \/>\n\t\t<meta property=\"article:published_time\" content=\"2019-08-09T11:35:54+00:00\" \/>\n\t\t<meta property=\"article:modified_time\" content=\"2019-08-09T11:35:54+00:00\" \/>\n\t\t<meta property=\"article:publisher\" content=\"https:\/\/www.facebook.com\/Nachofdezber\" \/>\n\t\t<meta property=\"article:author\" content=\"https:\/\/www.facebook.com\/carrenoactualidad\" \/>\n\t\t<meta name=\"twitter:card\" content=\"summary_large_image\" \/>\n\t\t<meta name=\"twitter:site\" content=\"@NabercoDigital\" \/>\n\t\t<meta name=\"twitter:title\" content=\"Fiestas Sacramentales en Albandi | Cand\u00e1s 365\" \/>\n\t\t<meta name=\"twitter:description\" content=\"Este fin de semana, del 10 al 12 de agosto, inclusive, la parroquia carre\u00f1ense de Albandi celebra sus Fiestas Sacramentales. Unas fiestas organizadas por la Asociaci\u00f3n de Festejos \u201cLa Esfoyaza\u201d, la cual ha elaborado un completo programa cargado de tradici\u00f3n con el que intentar\u00e1 volver a dar el esplendor de anta\u00f1o a unas fiestas que\" \/>\n\t\t<meta name=\"twitter:creator\" content=\"@nbasturias\" \/>\n\t\t<meta name=\"twitter:image\" content=\"https:\/\/candas365.es\/noticias\/wp-content\/uploads\/2019\/08\/abstract-1238657_960_720.jpg\" \/>\n\t\t<meta name=\"twitter:label1\" content=\"Escrito por\" \/>\n\t\t<meta name=\"twitter:data1\" content=\"Cand\u00e1s 365\" \/>\n\t\t<meta name=\"twitter:label2\" content=\"Tiempo de lectura estimado\" \/>\n\t\t<meta name=\"twitter:data2\" content=\"3 minutos\" \/>\n\t\t<script type=\"application\/ld+json\" class=\"aioseo-schema\">\n\t\t\t{\"@context\":\"https:\\\/\\\/schema.org\",\"@graph\":[{\"@type\":\"BreadcrumbList\",\"@id\":\"https:\\\/\\\/candas365.es\\\/noticias\\\/fiestas-sacramentales-en-albandi\\\/#breadcrumblist\",\"itemListElement\":[{\"@type\":\"ListItem\",\"@id\":\"https:\\\/\\\/candas365.es\\\/noticias#listItem\",\"position\":1,\"name\":\"Home\",\"item\":\"https:\\\/\\\/candas365.es\\\/noticias\",\"nextItem\":{\"@type\":\"ListItem\",\"@id\":\"https:\\\/\\\/candas365.es\\\/noticias\\\/category\\\/noticias-carreno\\\/#listItem\",\"name\":\"Noticias Carre\\u00f1o\"}},{\"@type\":\"ListItem\",\"@id\":\"https:\\\/\\\/candas365.es\\\/noticias\\\/category\\\/noticias-carreno\\\/#listItem\",\"position\":2,\"name\":\"Noticias Carre\\u00f1o\",\"item\":\"https:\\\/\\\/candas365.es\\\/noticias\\\/category\\\/noticias-carreno\\\/\",\"nextItem\":{\"@type\":\"ListItem\",\"@id\":\"https:\\\/\\\/candas365.es\\\/noticias\\\/fiestas-sacramentales-en-albandi\\\/#listItem\",\"name\":\"Fiestas Sacramentales en Albandi\"},\"previousItem\":{\"@type\":\"ListItem\",\"@id\":\"https:\\\/\\\/candas365.es\\\/noticias#listItem\",\"name\":\"Home\"}},{\"@type\":\"ListItem\",\"@id\":\"https:\\\/\\\/candas365.es\\\/noticias\\\/fiestas-sacramentales-en-albandi\\\/#listItem\",\"position\":3,\"name\":\"Fiestas Sacramentales en Albandi\",\"previousItem\":{\"@type\":\"ListItem\",\"@id\":\"https:\\\/\\\/candas365.es\\\/noticias\\\/category\\\/noticias-carreno\\\/#listItem\",\"name\":\"Noticias Carre\\u00f1o\"}}]},{\"@type\":\"NewsArticle\",\"@id\":\"https:\\\/\\\/candas365.es\\\/noticias\\\/fiestas-sacramentales-en-albandi\\\/#newsarticle\",\"name\":\"Fiestas Sacramentales en Albandi | Cand\\u00e1s 365\",\"headline\":\"Fiestas Sacramentales en Albandi\",\"author\":{\"@id\":\"https:\\\/\\\/candas365.es\\\/noticias\\\/author\\\/admin\\\/#author\"},\"publisher\":{\"@id\":\"https:\\\/\\\/candas365.es\\\/noticias\\\/#organization\"},\"image\":{\"@type\":\"ImageObject\",\"url\":\"https:\\\/\\\/candas365.es\\\/noticias\\\/wp-content\\\/uploads\\\/2019\\\/08\\\/abstract-1238657_960_720.jpg\",\"width\":960,\"height\":631,\"caption\":\"Foto: Pixabay\"},\"datePublished\":\"2019-08-09T11:35:54+02:00\",\"dateModified\":\"2019-08-09T11:35:54+02:00\",\"inLanguage\":\"es-ES\",\"mainEntityOfPage\":{\"@id\":\"https:\\\/\\\/candas365.es\\\/noticias\\\/fiestas-sacramentales-en-albandi\\\/#webpage\"},\"isPartOf\":{\"@id\":\"https:\\\/\\\/candas365.es\\\/noticias\\\/fiestas-sacramentales-en-albandi\\\/#webpage\"},\"articleSection\":\"Noticias Carre\\u00f1o\",\"dateline\":\"Publicado el agosto 9, 2019.\"},{\"@type\":\"Organization\",\"@id\":\"https:\\\/\\\/candas365.es\\\/noticias\\\/#organization\",\"name\":\"Cand\\u00e1s 365\",\"description\":\"Cand\\u00e1s 365 es un diario digital independiente, fundado en 2012, con base en Asturias. Informamos con rigor sobre actualidad, sociedad, cultura y ocio, con una mirada local y global.\",\"url\":\"https:\\\/\\\/candas365.es\\\/noticias\\\/\",\"email\":\"info@candas365.es\",\"telephone\":\"+34652131393\",\"foundingDate\":\"2012-06-10\",\"logo\":{\"@type\":\"ImageObject\",\"url\":\"https:\\\/\\\/candas365.es\\\/noticias\\\/wp-content\\\/uploads\\\/2024\\\/09\\\/Candas-365-Redes.jpg\",\"@id\":\"https:\\\/\\\/candas365.es\\\/noticias\\\/fiestas-sacramentales-en-albandi\\\/#organizationLogo\",\"width\":1152,\"height\":864,\"caption\":\"Cand\\u00e1s 365 Redes\"},\"image\":{\"@id\":\"https:\\\/\\\/candas365.es\\\/noticias\\\/fiestas-sacramentales-en-albandi\\\/#organizationLogo\"},\"sameAs\":[\"https:\\\/\\\/www.facebook.com\\\/Nachofdezber\",\"https:\\\/\\\/x.com\\\/NabercoDigital\",\"https:\\\/\\\/www.instagram.com\\\/nachofdezber\\\/\",\"https:\\\/\\\/www.youtube.com\\\/channel\\\/UCZP-2wLEB9Rv6erhFmqVnvg\"],\"address\":{\"@id\":\"https:\\\/\\\/candas365.es\\\/noticias\\\/#postaladdress\",\"@type\":\"PostalAddress\",\"streetAddress\":\"san antonio 4, san antonio 4\",\"postalCode\":\"33430\",\"addressLocality\":\"Cand\\u00e1s\",\"addressRegion\":\"Asturias\",\"addressCountry\":\"ES\"}},{\"@type\":\"Person\",\"@id\":\"https:\\\/\\\/candas365.es\\\/noticias\\\/author\\\/admin\\\/#author\",\"url\":\"https:\\\/\\\/candas365.es\\\/noticias\\\/author\\\/admin\\\/\",\"name\":\"Cand\\u00e1s 365\",\"image\":{\"@type\":\"ImageObject\",\"@id\":\"https:\\\/\\\/candas365.es\\\/noticias\\\/fiestas-sacramentales-en-albandi\\\/#authorImage\",\"url\":\"https:\\\/\\\/secure.gravatar.com\\\/avatar\\\/496a8e03d0c493ede1718b7934145dbdf8d89be1036b0eec9544e1094c9de390?s=96&d=mm&r=g\",\"width\":96,\"height\":96,\"caption\":\"Cand\\u00e1s 365\"},\"sameAs\":[\"https:\\\/\\\/www.facebook.com\\\/carrenoactualidad\",\"https:\\\/\\\/twitter.com\\\/nbasturias\",\"https:\\\/\\\/www.instagram.com\\\/nachofdezber\\\/\",\"https:\\\/\\\/www.youtube.com\\\/channel\\\/UCZP-2wLEB9Rv6erhFmqVnvg\"]},{\"@type\":\"WebPage\",\"@id\":\"https:\\\/\\\/candas365.es\\\/noticias\\\/fiestas-sacramentales-en-albandi\\\/#webpage\",\"url\":\"https:\\\/\\\/candas365.es\\\/noticias\\\/fiestas-sacramentales-en-albandi\\\/\",\"name\":\"Fiestas Sacramentales en Albandi | Cand\\u00e1s 365\",\"description\":\"Este fin de semana, del 10 al 12 de agosto, inclusive, la parroquia carre\\u00f1ense de Albandi celebra sus Fiestas Sacramentales. Unas fiestas organizadas por la Asociaci\\u00f3n de Festejos \\u201cLa Esfoyaza\\u201d, la cual ha elaborado un completo programa cargado de tradici\\u00f3n con el que intentar\\u00e1 volver a dar el esplendor de anta\\u00f1o a unas fiestas que\",\"inLanguage\":\"es-ES\",\"isPartOf\":{\"@id\":\"https:\\\/\\\/candas365.es\\\/noticias\\\/#website\"},\"breadcrumb\":{\"@id\":\"https:\\\/\\\/candas365.es\\\/noticias\\\/fiestas-sacramentales-en-albandi\\\/#breadcrumblist\"},\"author\":{\"@id\":\"https:\\\/\\\/candas365.es\\\/noticias\\\/author\\\/admin\\\/#author\"},\"creator\":{\"@id\":\"https:\\\/\\\/candas365.es\\\/noticias\\\/author\\\/admin\\\/#author\"},\"image\":{\"@type\":\"ImageObject\",\"url\":\"https:\\\/\\\/candas365.es\\\/noticias\\\/wp-content\\\/uploads\\\/2019\\\/08\\\/abstract-1238657_960_720.jpg\",\"@id\":\"https:\\\/\\\/candas365.es\\\/noticias\\\/fiestas-sacramentales-en-albandi\\\/#mainImage\",\"width\":960,\"height\":631,\"caption\":\"Foto: Pixabay\"},\"primaryImageOfPage\":{\"@id\":\"https:\\\/\\\/candas365.es\\\/noticias\\\/fiestas-sacramentales-en-albandi\\\/#mainImage\"},\"datePublished\":\"2019-08-09T11:35:54+02:00\",\"dateModified\":\"2019-08-09T11:35:54+02:00\"},{\"@type\":\"WebSite\",\"@id\":\"https:\\\/\\\/candas365.es\\\/noticias\\\/#website\",\"url\":\"https:\\\/\\\/candas365.es\\\/noticias\\\/\",\"name\":\"Cand\\u00e1s 365\",\"alternateName\":\"Cand\\u00e1s 365 Noticias\",\"description\":\"Actualidad desde Carre\\u00f1o para el mundo\",\"inLanguage\":\"es-ES\",\"publisher\":{\"@id\":\"https:\\\/\\\/candas365.es\\\/noticias\\\/#organization\"}}]}\n\t\t<\/script>\n\t\t<!-- All in One SEO Pro -->\r\n\t\t<title>Fiestas Sacramentales en Albandi | Cand\u00e1s 365<\/title>\n\n","aioseo_head_json":{"title":"Fiestas Sacramentales en Albandi | Cand\u00e1s 365","description":"Este fin de semana, del 10 al 12 de agosto, inclusive, la parroquia carre\u00f1ense de Albandi celebra sus Fiestas Sacramentales. Unas fiestas organizadas por la Asociaci\u00f3n de Festejos \u201cLa Esfoyaza\u201d, la cual ha elaborado un completo programa cargado de tradici\u00f3n con el que intentar\u00e1 volver a dar el esplendor de anta\u00f1o a unas fiestas que","canonical_url":"https:\/\/candas365.es\/noticias\/fiestas-sacramentales-en-albandi\/","robots":"max-image-preview:large","keywords":"noticias carre\u00f1o","webmasterTools":{"google-site-verification":"UA-32230408-1","msvalidate.01":"354F3CDFB2DA171B47FBE9ABF1F88D5","miscellaneous":""},"schema":{"@context":"https:\/\/schema.org","@graph":[{"@type":"BreadcrumbList","@id":"https:\/\/candas365.es\/noticias\/fiestas-sacramentales-en-albandi\/#breadcrumblist","itemListElement":[{"@type":"ListItem","@id":"https:\/\/candas365.es\/noticias#listItem","position":1,"name":"Home","item":"https:\/\/candas365.es\/noticias","nextItem":{"@type":"ListItem","@id":"https:\/\/candas365.es\/noticias\/category\/noticias-carreno\/#listItem","name":"Noticias Carre\u00f1o"}},{"@type":"ListItem","@id":"https:\/\/candas365.es\/noticias\/category\/noticias-carreno\/#listItem","position":2,"name":"Noticias Carre\u00f1o","item":"https:\/\/candas365.es\/noticias\/category\/noticias-carreno\/","nextItem":{"@type":"ListItem","@id":"https:\/\/candas365.es\/noticias\/fiestas-sacramentales-en-albandi\/#listItem","name":"Fiestas Sacramentales en Albandi"},"previousItem":{"@type":"ListItem","@id":"https:\/\/candas365.es\/noticias#listItem","name":"Home"}},{"@type":"ListItem","@id":"https:\/\/candas365.es\/noticias\/fiestas-sacramentales-en-albandi\/#listItem","position":3,"name":"Fiestas Sacramentales en Albandi","previousItem":{"@type":"ListItem","@id":"https:\/\/candas365.es\/noticias\/category\/noticias-carreno\/#listItem","name":"Noticias Carre\u00f1o"}}]},{"@type":"NewsArticle","@id":"https:\/\/candas365.es\/noticias\/fiestas-sacramentales-en-albandi\/#newsarticle","name":"Fiestas Sacramentales en Albandi | Cand\u00e1s 365","headline":"Fiestas Sacramentales en Albandi","author":{"@id":"https:\/\/candas365.es\/noticias\/author\/admin\/#author"},"publisher":{"@id":"https:\/\/candas365.es\/noticias\/#organization"},"image":{"@type":"ImageObject","url":"https:\/\/candas365.es\/noticias\/wp-content\/uploads\/2019\/08\/abstract-1238657_960_720.jpg","width":960,"height":631,"caption":"Foto: Pixabay"},"datePublished":"2019-08-09T11:35:54+02:00","dateModified":"2019-08-09T11:35:54+02:00","inLanguage":"es-ES","mainEntityOfPage":{"@id":"https:\/\/candas365.es\/noticias\/fiestas-sacramentales-en-albandi\/#webpage"},"isPartOf":{"@id":"https:\/\/candas365.es\/noticias\/fiestas-sacramentales-en-albandi\/#webpage"},"articleSection":"Noticias Carre\u00f1o","dateline":"Publicado el agosto 9, 2019."},{"@type":"Organization","@id":"https:\/\/candas365.es\/noticias\/#organization","name":"Cand\u00e1s 365","description":"Cand\u00e1s 365 es un diario digital independiente, fundado en 2012, con base en Asturias. Informamos con rigor sobre actualidad, sociedad, cultura y ocio, con una mirada local y global.","url":"https:\/\/candas365.es\/noticias\/","email":"info@candas365.es","telephone":"+34652131393","foundingDate":"2012-06-10","logo":{"@type":"ImageObject","url":"https:\/\/candas365.es\/noticias\/wp-content\/uploads\/2024\/09\/Candas-365-Redes.jpg","@id":"https:\/\/candas365.es\/noticias\/fiestas-sacramentales-en-albandi\/#organizationLogo","width":1152,"height":864,"caption":"Cand\u00e1s 365 Redes"},"image":{"@id":"https:\/\/candas365.es\/noticias\/fiestas-sacramentales-en-albandi\/#organizationLogo"},"sameAs":["https:\/\/www.facebook.com\/Nachofdezber","https:\/\/x.com\/NabercoDigital","https:\/\/www.instagram.com\/nachofdezber\/","https:\/\/www.youtube.com\/channel\/UCZP-2wLEB9Rv6erhFmqVnvg"],"address":{"@id":"https:\/\/candas365.es\/noticias\/#postaladdress","@type":"PostalAddress","streetAddress":"san antonio 4, san antonio 4","postalCode":"33430","addressLocality":"Cand\u00e1s","addressRegion":"Asturias","addressCountry":"ES"}},{"@type":"Person","@id":"https:\/\/candas365.es\/noticias\/author\/admin\/#author","url":"https:\/\/candas365.es\/noticias\/author\/admin\/","name":"Cand\u00e1s 365","image":{"@type":"ImageObject","@id":"https:\/\/candas365.es\/noticias\/fiestas-sacramentales-en-albandi\/#authorImage","url":"https:\/\/secure.gravatar.com\/avatar\/496a8e03d0c493ede1718b7934145dbdf8d89be1036b0eec9544e1094c9de390?s=96&d=mm&r=g","width":96,"height":96,"caption":"Cand\u00e1s 365"},"sameAs":["https:\/\/www.facebook.com\/carrenoactualidad","https:\/\/twitter.com\/nbasturias","https:\/\/www.instagram.com\/nachofdezber\/","https:\/\/www.youtube.com\/channel\/UCZP-2wLEB9Rv6erhFmqVnvg"]},{"@type":"WebPage","@id":"https:\/\/candas365.es\/noticias\/fiestas-sacramentales-en-albandi\/#webpage","url":"https:\/\/candas365.es\/noticias\/fiestas-sacramentales-en-albandi\/","name":"Fiestas Sacramentales en Albandi | Cand\u00e1s 365","description":"Este fin de semana, del 10 al 12 de agosto, inclusive, la parroquia carre\u00f1ense de Albandi celebra sus Fiestas Sacramentales. Unas fiestas organizadas por la Asociaci\u00f3n de Festejos \u201cLa Esfoyaza\u201d, la cual ha elaborado un completo programa cargado de tradici\u00f3n con el que intentar\u00e1 volver a dar el esplendor de anta\u00f1o a unas fiestas que","inLanguage":"es-ES","isPartOf":{"@id":"https:\/\/candas365.es\/noticias\/#website"},"breadcrumb":{"@id":"https:\/\/candas365.es\/noticias\/fiestas-sacramentales-en-albandi\/#breadcrumblist"},"author":{"@id":"https:\/\/candas365.es\/noticias\/author\/admin\/#author"},"creator":{"@id":"https:\/\/candas365.es\/noticias\/author\/admin\/#author"},"image":{"@type":"ImageObject","url":"https:\/\/candas365.es\/noticias\/wp-content\/uploads\/2019\/08\/abstract-1238657_960_720.jpg","@id":"https:\/\/candas365.es\/noticias\/fiestas-sacramentales-en-albandi\/#mainImage","width":960,"height":631,"caption":"Foto: Pixabay"},"primaryImageOfPage":{"@id":"https:\/\/candas365.es\/noticias\/fiestas-sacramentales-en-albandi\/#mainImage"},"datePublished":"2019-08-09T11:35:54+02:00","dateModified":"2019-08-09T11:35:54+02:00"},{"@type":"WebSite","@id":"https:\/\/candas365.es\/noticias\/#website","url":"https:\/\/candas365.es\/noticias\/","name":"Cand\u00e1s 365","alternateName":"Cand\u00e1s 365 Noticias","description":"Actualidad desde Carre\u00f1o para el mundo","inLanguage":"es-ES","publisher":{"@id":"https:\/\/candas365.es\/noticias\/#organization"}}]},"og:locale":"es_ES","og:site_name":"Cand\u00e1s 365","og:type":"article","og:title":"Fiestas Sacramentales en Albandi | Cand\u00e1s 365","og:description":"Este fin de semana, del 10 al 12 de agosto, inclusive, la parroquia carre\u00f1ense de Albandi celebra sus Fiestas Sacramentales. Unas fiestas organizadas por la Asociaci\u00f3n de Festejos \u201cLa Esfoyaza\u201d, la cual ha elaborado un completo programa cargado de tradici\u00f3n con el que intentar\u00e1 volver a dar el esplendor de anta\u00f1o a unas fiestas que","og:url":"https:\/\/candas365.es\/noticias\/fiestas-sacramentales-en-albandi\/","og:image":"https:\/\/candas365.es\/noticias\/wp-content\/uploads\/2019\/08\/abstract-1238657_960_720.jpg","og:image:secure_url":"https:\/\/candas365.es\/noticias\/wp-content\/uploads\/2019\/08\/abstract-1238657_960_720.jpg","og:image:width":960,"og:image:height":631,"article:published_time":"2019-08-09T11:35:54+00:00","article:modified_time":"2019-08-09T11:35:54+00:00","article:publisher":"https:\/\/www.facebook.com\/Nachofdezber","article:author":"https:\/\/www.facebook.com\/carrenoactualidad","twitter:card":"summary_large_image","twitter:site":"@NabercoDigital","twitter:title":"Fiestas Sacramentales en Albandi | Cand\u00e1s 365","twitter:description":"Este fin de semana, del 10 al 12 de agosto, inclusive, la parroquia carre\u00f1ense de Albandi celebra sus Fiestas Sacramentales. Unas fiestas organizadas por la Asociaci\u00f3n de Festejos \u201cLa Esfoyaza\u201d, la cual ha elaborado un completo programa cargado de tradici\u00f3n con el que intentar\u00e1 volver a dar el esplendor de anta\u00f1o a unas fiestas que","twitter:creator":"@nbasturias","twitter:image":"https:\/\/candas365.es\/noticias\/wp-content\/uploads\/2019\/08\/abstract-1238657_960_720.jpg","twitter:label1":"Escrito por","twitter:data1":"Cand\u00e1s 365","twitter:label2":"Tiempo de lectura estimado","twitter:data2":"3 minutos"},"aioseo_meta_data":{"post_id":"127974","title":null,"description":null,"keywords":null,"keyphrases":null,"primary_term":null,"canonical_url":null,"og_title":null,"og_description":null,"og_object_type":"default","og_image_type":"default","og_image_url":null,"og_image_width":null,"og_image_height":null,"og_image_custom_url":null,"og_image_custom_fields":null,"og_video":null,"og_custom_url":null,"og_article_section":null,"og_article_tags":null,"twitter_use_og":false,"twitter_card":"default","twitter_image_type":"default","twitter_image_url":null,"twitter_image_custom_url":null,"twitter_image_custom_fields":null,"twitter_title":null,"twitter_description":null,"schema":{"blockGraphs":[],"customGraphs":[],"default":{"data":{"Article":[],"Course":[],"Dataset":[],"FAQPage":[],"Movie":[],"Person":[],"Product":[],"ProductReview":[],"Car":[],"Recipe":[],"Service":[],"SoftwareApplication":[],"WebPage":[]},"graphName":"","isEnabled":true},"graphs":[],"defaultGraph":"","defaultPostTypeGraph":""},"schema_type":null,"schema_type_options":null,"pillar_content":false,"robots_default":true,"robots_noindex":false,"robots_noarchive":false,"robots_nosnippet":false,"robots_nofollow":false,"robots_noimageindex":false,"robots_noodp":false,"robots_notranslate":false,"robots_max_snippet":null,"robots_max_videopreview":null,"robots_max_imagepreview":"large","priority":null,"frequency":null,"location":null,"local_seo":null,"seo_analyzer_scan_date":"2025-08-30 11:13:10","breadcrumb_settings":null,"limit_modified_date":false,"reviewed_by":null,"open_ai":null,"ai":null,"created":"2020-12-21 10:54:00","updated":"2025-08-30 11:13:10"},"aioseo_breadcrumb":"<div class=\"aioseo-breadcrumbs\"><span class=\"aioseo-breadcrumb\">\n\t<a href=\"https:\/\/candas365.es\/noticias\" title=\"Home\">Home<\/a>\n<\/span><span class=\"aioseo-breadcrumb-separator\">&ndash;<\/span><span class=\"aioseo-breadcrumb\">\n\t<a href=\"https:\/\/candas365.es\/noticias\/category\/noticias-carreno\/\" title=\"Noticias Carre\u00f1o\">Noticias Carre\u00f1o<\/a>\n<\/span><span class=\"aioseo-breadcrumb-separator\">&ndash;<\/span><span class=\"aioseo-breadcrumb\">\n\tFiestas Sacramentales en Albandi\n<\/span><\/div>","aioseo_breadcrumb_json":[{"label":"Home","link":"https:\/\/candas365.es\/noticias"},{"label":"Noticias Carre\u00f1o","link":"https:\/\/candas365.es\/noticias\/category\/noticias-carreno\/"},{"label":"Fiestas Sacramentales en Albandi","link":"https:\/\/candas365.es\/noticias\/fiestas-sacramentales-en-albandi\/"}],"_links":{"self":[{"href":"https:\/\/candas365.es\/noticias\/wp-json\/wp\/v2\/posts\/127974","targetHints":{"allow":["GET"]}}],"collection":[{"href":"https:\/\/candas365.es\/noticias\/wp-json\/wp\/v2\/posts"}],"about":[{"href":"https:\/\/candas365.es\/noticias\/wp-json\/wp\/v2\/types\/post"}],"author":[{"embeddable":true,"href":"https:\/\/candas365.es\/noticias\/wp-json\/wp\/v2\/users\/1"}],"replies":[{"embeddable":true,"href":"https:\/\/candas365.es\/noticias\/wp-json\/wp\/v2\/comments?post=127974"}],"version-history":[{"count":0,"href":"https:\/\/candas365.es\/noticias\/wp-json\/wp\/v2\/posts\/127974\/revisions"}],"wp:featuredmedia":[{"embeddable":true,"href":"https:\/\/candas365.es\/noticias\/wp-json\/wp\/v2\/media\/127975"}],"wp:attachment":[{"href":"https:\/\/candas365.es\/noticias\/wp-json\/wp\/v2\/media?parent=127974"}],"wp:term":[{"taxonomy":"category","embeddable":true,"href":"https:\/\/candas365.es\/noticias\/wp-json\/wp\/v2\/categories?post=127974"},{"taxonomy":"post_tag","embeddable":true,"href":"https:\/\/candas365.es\/noticias\/wp-json\/wp\/v2\/tags?post=127974"}],"curies":[{"name":"wp","href":"https:\/\/api.w.org\/{rel}","templated":true}]}}