{"id":127875,"date":"2019-08-07T12:26:15","date_gmt":"2019-08-07T12:26:15","guid":{"rendered":"http:\/\/candas365.es\/noticias\/?p=127875"},"modified":"2019-08-07T12:26:15","modified_gmt":"2019-08-07T12:26:15","slug":"candas-acoge-una-exposicion-pictorica-sobre-los-faros-de-asturias","status":"publish","type":"post","link":"https:\/\/candas365.es\/noticias\/candas-acoge-una-exposicion-pictorica-sobre-los-faros-de-asturias\/","title":{"rendered":"Cand\u00e1s acoge una exposici\u00f3n pict\u00f3rica sobre los faros de Asturias"},"content":{"rendered":"<p><img fetchpriority=\"high\" decoding=\"async\" class=\"alignleft size-medium wp-image-127876\" src=\"https:\/\/candas365.es\/noticias\/wp-content\/uploads\/2019\/08\/FARO-DE-LOS-\u00c1NGELES-ANTIGUO-FARO-DE-CAND\u00c1S-360x270.jpg\" alt=\"\" width=\"360\" height=\"270\" srcset=\"https:\/\/candas365.es\/noticias\/wp-content\/uploads\/2019\/08\/FARO-DE-LOS-\u00c1NGELES-ANTIGUO-FARO-DE-CAND\u00c1S-360x270.jpg 360w, https:\/\/candas365.es\/noticias\/wp-content\/uploads\/2019\/08\/FARO-DE-LOS-\u00c1NGELES-ANTIGUO-FARO-DE-CAND\u00c1S.jpg 640w, https:\/\/candas365.es\/noticias\/wp-content\/uploads\/2019\/08\/FARO-DE-LOS-\u00c1NGELES-ANTIGUO-FARO-DE-CAND\u00c1S-80x60.jpg 80w, https:\/\/candas365.es\/noticias\/wp-content\/uploads\/2019\/08\/FARO-DE-LOS-\u00c1NGELES-ANTIGUO-FARO-DE-CAND\u00c1S-265x198.jpg 265w, https:\/\/candas365.es\/noticias\/wp-content\/uploads\/2019\/08\/FARO-DE-LOS-\u00c1NGELES-ANTIGUO-FARO-DE-CAND\u00c1S-560x420.jpg 560w\" sizes=\"(max-width: 360px) 100vw, 360px\" \/>Hasta el 18 de agosto la Casa de la Cultura de Cand\u00e1s acoge la <strong>obra pict\u00f3rica de Jos\u00e9 Luis de la Balsa<\/strong>.<\/p>\n<p>Se trata de una exposici\u00f3n de m\u00e1s de 30 obras al \u00f3leo que refleja el amor del artista por la mar. Es una muestra con una tem\u00e1tica muy definida en la que sobresalen las pinturas de los 15 faros de Asturias catalogados, adem\u00e1s del de San Esteban por su belleza, ordenados de oeste a este, desde Tapia de Casariego hasta Ribadesella. Unas pinturas que nos transportan por toda la costa asturiana.<\/p>\n<p>\u201cUna muestra que no s\u00f3lo recoge la imagen de nuestros faros, sino que es un repaso por las faenas pesqueras y marinas, los paisajes de nuestra costa. Mezclando esos quehaceres tan t\u00edpicos con olas que van a romper a las rocas, paseos por la playa a caballo, o im\u00e1genes de barcos tan emblem\u00e1ticos como el \u201cJuan Sebasti\u00e1n El Cano\u201d o un barco en proceso de desguace. Sin faltar los paisajes de Cand\u00e1s con su Pe\u00f1a Furada y la farola \u201cde los \u00e1ngeles\u201d\u201d se\u00f1al\u00f3 Juanjo Fern\u00e1ndez-Concejal de Cultura.<\/p>\n<p>\u201cEstos paisajes, gentes y lugares diversos, encuadrados en el ambiente mar\u00edtimo nos los transmite mediante un colorido arm\u00f3nico destacando los colores de la naturaleza, el verde, el azul cielo o azul mar, pero sobre todo colores que dan vida a los cuadros y que reflejan tal y como es esa estampa marinera y mar\u00edtima a los ojos de cualquier persona. Si al realismo de sus cuadros le sumamos el colorido y la pasi\u00f3n que fluye por toda su obra el autor consigue transmitirnos su visi\u00f3n personal del arte\u201d prosigui\u00f3 Fern\u00e1ndez.<\/p>\n<p><strong>Jos\u00e9 Luis de Balsa<\/strong> es natural de Luarca, Vald\u00e9s. Dentro de su trayectoria como pintor cuenta en su haber con numerosas exposiciones por varios rincones de Asturias y fuera de ello como lo ponen de manifiesto sus muestra en su villa natal de Luarca en la sala \u00c1lvaro Delgado; en el Museo Etnogr\u00e1fico de Quir\u00f3s; en el Museo Mar\u00edtimo de Asturias en Luanco; en el municipio de Tres Cantos en Madrid; y ahora aqu\u00ed en Cand\u00e1s.<\/p>\n<p>La exposici\u00f3n permanecer\u00e1 abierta desde el lunes 5 de agosto al domingo 18 de Agosto en la Casa de la Cultura de Cand\u00e1s ubicada en la calle Santolaya n\u00ba9 en el siguiente horario:<\/p>\n<ul>\n<li>De lunes a s\u00e1bado de 18:00 a 21:00 horas<\/li>\n<li>Domingos y festivos de 11:00 a 14:00 horas<\/li>\n<\/ul>\n<p>La entrada ser\u00e1 libre y gratuita.<\/p>\n","protected":false},"excerpt":{"rendered":"<p>Hasta el 18 de agosto la Casa de la Cultura de Cand\u00e1s acoge la obra pict\u00f3rica de Jos\u00e9 Luis de la Balsa. Se trata de una exposici\u00f3n de m\u00e1s de 30 obras al \u00f3leo que refleja el amor del artista por la mar. Es una muestra con una tem\u00e1tica muy definida en la que sobresalen<\/p>\n","protected":false},"author":1,"featured_media":127876,"comment_status":"closed","ping_status":"closed","sticky":false,"template":"","format":"standard","meta":{"footnotes":""},"categories":[2],"tags":[],"class_list":{"0":"post-127875","1":"post","2":"type-post","3":"status-publish","4":"format-standard","5":"has-post-thumbnail","7":"category-noticias-carreno"},"aioseo_notices":[],"aioseo_head":"\n\t\t<!-- All in One SEO Pro 4.9.6.2 - aioseo.com -->\n\t<meta name=\"description\" content=\"Hasta el 18 de agosto la Casa de la Cultura de Cand\u00e1s acoge la obra pict\u00f3rica de Jos\u00e9 Luis de la Balsa. Se trata de una exposici\u00f3n de m\u00e1s de 30 obras al \u00f3leo que refleja el amor del artista por la mar. Es una muestra con una tem\u00e1tica muy definida en la que sobresalen\" \/>\n\t<meta name=\"robots\" content=\"max-image-preview:large\" \/>\n\t<meta name=\"author\" content=\"Cand\u00e1s 365\"\/>\n\t<meta name=\"google-site-verification\" content=\"UA-32230408-1\" \/>\n\t<meta name=\"msvalidate.01\" content=\"354F3CDFB2DA171B47FBE9ABF1F88D5\" \/>\n\t<meta name=\"keywords\" content=\"noticias carre\u00f1o\" \/>\n\t<link rel=\"canonical\" href=\"https:\/\/candas365.es\/noticias\/candas-acoge-una-exposicion-pictorica-sobre-los-faros-de-asturias\/\" \/>\n\t<meta name=\"generator\" content=\"All in One SEO Pro (AIOSEO) 4.9.6.2\" \/>\n\t\t<meta property=\"og:locale\" content=\"es_ES\" \/>\n\t\t<meta property=\"og:site_name\" content=\"Cand\u00e1s 365\" \/>\n\t\t<meta property=\"og:type\" content=\"article\" \/>\n\t\t<meta property=\"og:title\" content=\"Cand\u00e1s acoge una exposici\u00f3n pict\u00f3rica sobre los faros de Asturias | Cand\u00e1s 365\" \/>\n\t\t<meta property=\"og:description\" content=\"Hasta el 18 de agosto la Casa de la Cultura de Cand\u00e1s acoge la obra pict\u00f3rica de Jos\u00e9 Luis de la Balsa. Se trata de una exposici\u00f3n de m\u00e1s de 30 obras al \u00f3leo que refleja el amor del artista por la mar. Es una muestra con una tem\u00e1tica muy definida en la que sobresalen\" \/>\n\t\t<meta property=\"og:url\" content=\"https:\/\/candas365.es\/noticias\/candas-acoge-una-exposicion-pictorica-sobre-los-faros-de-asturias\/\" \/>\n\t\t<meta property=\"og:image\" content=\"https:\/\/candas365.es\/noticias\/wp-content\/uploads\/2019\/08\/FARO-DE-LOS-\u00c1NGELES-ANTIGUO-FARO-DE-CAND\u00c1S.jpg\" \/>\n\t\t<meta property=\"og:image:secure_url\" content=\"https:\/\/candas365.es\/noticias\/wp-content\/uploads\/2019\/08\/FARO-DE-LOS-\u00c1NGELES-ANTIGUO-FARO-DE-CAND\u00c1S.jpg\" \/>\n\t\t<meta property=\"og:image:width\" content=\"640\" \/>\n\t\t<meta property=\"og:image:height\" content=\"480\" \/>\n\t\t<meta property=\"article:published_time\" content=\"2019-08-07T12:26:15+00:00\" \/>\n\t\t<meta property=\"article:modified_time\" content=\"2019-08-07T12:26:15+00:00\" \/>\n\t\t<meta property=\"article:publisher\" content=\"https:\/\/www.facebook.com\/Nachofdezber\" \/>\n\t\t<meta property=\"article:author\" content=\"https:\/\/www.facebook.com\/carrenoactualidad\" \/>\n\t\t<meta name=\"twitter:card\" content=\"summary_large_image\" \/>\n\t\t<meta name=\"twitter:site\" content=\"@NabercoDigital\" \/>\n\t\t<meta name=\"twitter:title\" content=\"Cand\u00e1s acoge una exposici\u00f3n pict\u00f3rica sobre los faros de Asturias | Cand\u00e1s 365\" \/>\n\t\t<meta name=\"twitter:description\" content=\"Hasta el 18 de agosto la Casa de la Cultura de Cand\u00e1s acoge la obra pict\u00f3rica de Jos\u00e9 Luis de la Balsa. Se trata de una exposici\u00f3n de m\u00e1s de 30 obras al \u00f3leo que refleja el amor del artista por la mar. Es una muestra con una tem\u00e1tica muy definida en la que sobresalen\" \/>\n\t\t<meta name=\"twitter:creator\" content=\"@nbasturias\" \/>\n\t\t<meta name=\"twitter:image\" content=\"https:\/\/candas365.es\/noticias\/wp-content\/uploads\/2019\/08\/FARO-DE-LOS-\u00c1NGELES-ANTIGUO-FARO-DE-CAND\u00c1S.jpg\" \/>\n\t\t<meta name=\"twitter:label1\" content=\"Escrito por\" \/>\n\t\t<meta name=\"twitter:data1\" content=\"Cand\u00e1s 365\" \/>\n\t\t<meta name=\"twitter:label2\" content=\"Tiempo de lectura estimado\" \/>\n\t\t<meta name=\"twitter:data2\" content=\"2 minutos\" \/>\n\t\t<script type=\"application\/ld+json\" class=\"aioseo-schema\">\n\t\t\t{\"@context\":\"https:\\\/\\\/schema.org\",\"@graph\":[{\"@type\":\"BreadcrumbList\",\"@id\":\"https:\\\/\\\/candas365.es\\\/noticias\\\/candas-acoge-una-exposicion-pictorica-sobre-los-faros-de-asturias\\\/#breadcrumblist\",\"itemListElement\":[{\"@type\":\"ListItem\",\"@id\":\"https:\\\/\\\/candas365.es\\\/noticias#listItem\",\"position\":1,\"name\":\"Home\",\"item\":\"https:\\\/\\\/candas365.es\\\/noticias\",\"nextItem\":{\"@type\":\"ListItem\",\"@id\":\"https:\\\/\\\/candas365.es\\\/noticias\\\/category\\\/noticias-carreno\\\/#listItem\",\"name\":\"Noticias Carre\\u00f1o\"}},{\"@type\":\"ListItem\",\"@id\":\"https:\\\/\\\/candas365.es\\\/noticias\\\/category\\\/noticias-carreno\\\/#listItem\",\"position\":2,\"name\":\"Noticias Carre\\u00f1o\",\"item\":\"https:\\\/\\\/candas365.es\\\/noticias\\\/category\\\/noticias-carreno\\\/\",\"nextItem\":{\"@type\":\"ListItem\",\"@id\":\"https:\\\/\\\/candas365.es\\\/noticias\\\/candas-acoge-una-exposicion-pictorica-sobre-los-faros-de-asturias\\\/#listItem\",\"name\":\"Cand\\u00e1s acoge una exposici\\u00f3n pict\\u00f3rica sobre los faros de Asturias\"},\"previousItem\":{\"@type\":\"ListItem\",\"@id\":\"https:\\\/\\\/candas365.es\\\/noticias#listItem\",\"name\":\"Home\"}},{\"@type\":\"ListItem\",\"@id\":\"https:\\\/\\\/candas365.es\\\/noticias\\\/candas-acoge-una-exposicion-pictorica-sobre-los-faros-de-asturias\\\/#listItem\",\"position\":3,\"name\":\"Cand\\u00e1s acoge una exposici\\u00f3n pict\\u00f3rica sobre los faros de Asturias\",\"previousItem\":{\"@type\":\"ListItem\",\"@id\":\"https:\\\/\\\/candas365.es\\\/noticias\\\/category\\\/noticias-carreno\\\/#listItem\",\"name\":\"Noticias Carre\\u00f1o\"}}]},{\"@type\":\"NewsArticle\",\"@id\":\"https:\\\/\\\/candas365.es\\\/noticias\\\/candas-acoge-una-exposicion-pictorica-sobre-los-faros-de-asturias\\\/#newsarticle\",\"name\":\"Cand\\u00e1s acoge una exposici\\u00f3n pict\\u00f3rica sobre los faros de Asturias | Cand\\u00e1s 365\",\"headline\":\"Cand\\u00e1s acoge una exposici\\u00f3n pict\\u00f3rica sobre los faros de Asturias\",\"author\":{\"@id\":\"https:\\\/\\\/candas365.es\\\/noticias\\\/author\\\/admin\\\/#author\"},\"publisher\":{\"@id\":\"https:\\\/\\\/candas365.es\\\/noticias\\\/#organization\"},\"image\":{\"@type\":\"ImageObject\",\"url\":\"https:\\\/\\\/candas365.es\\\/noticias\\\/wp-content\\\/uploads\\\/2019\\\/08\\\/FARO-DE-LOS-\\u00c1NGELES-ANTIGUO-FARO-DE-CAND\\u00c1S.jpg\",\"width\":640,\"height\":480},\"datePublished\":\"2019-08-07T12:26:15+02:00\",\"dateModified\":\"2019-08-07T12:26:15+02:00\",\"inLanguage\":\"es-ES\",\"mainEntityOfPage\":{\"@id\":\"https:\\\/\\\/candas365.es\\\/noticias\\\/candas-acoge-una-exposicion-pictorica-sobre-los-faros-de-asturias\\\/#webpage\"},\"isPartOf\":{\"@id\":\"https:\\\/\\\/candas365.es\\\/noticias\\\/candas-acoge-una-exposicion-pictorica-sobre-los-faros-de-asturias\\\/#webpage\"},\"articleSection\":\"Noticias Carre\\u00f1o\",\"dateline\":\"Publicado el agosto 7, 2019.\"},{\"@type\":\"Organization\",\"@id\":\"https:\\\/\\\/candas365.es\\\/noticias\\\/#organization\",\"name\":\"Cand\\u00e1s 365\",\"description\":\"Cand\\u00e1s 365 es un diario digital independiente, fundado en 2012, con base en Asturias. Informamos con rigor sobre actualidad, sociedad, cultura y ocio, con una mirada local y global.\",\"url\":\"https:\\\/\\\/candas365.es\\\/noticias\\\/\",\"email\":\"info@candas365.es\",\"telephone\":\"+34652131393\",\"foundingDate\":\"2012-06-10\",\"logo\":{\"@type\":\"ImageObject\",\"url\":\"https:\\\/\\\/candas365.es\\\/noticias\\\/wp-content\\\/uploads\\\/2024\\\/09\\\/Candas-365-Redes.jpg\",\"@id\":\"https:\\\/\\\/candas365.es\\\/noticias\\\/candas-acoge-una-exposicion-pictorica-sobre-los-faros-de-asturias\\\/#organizationLogo\",\"width\":1152,\"height\":864,\"caption\":\"Cand\\u00e1s 365 Redes\"},\"image\":{\"@id\":\"https:\\\/\\\/candas365.es\\\/noticias\\\/candas-acoge-una-exposicion-pictorica-sobre-los-faros-de-asturias\\\/#organizationLogo\"},\"sameAs\":[\"https:\\\/\\\/www.facebook.com\\\/Nachofdezber\",\"https:\\\/\\\/x.com\\\/NabercoDigital\",\"https:\\\/\\\/www.instagram.com\\\/nachofdezber\\\/\",\"https:\\\/\\\/www.youtube.com\\\/channel\\\/UCZP-2wLEB9Rv6erhFmqVnvg\"],\"address\":{\"@id\":\"https:\\\/\\\/candas365.es\\\/noticias\\\/#postaladdress\",\"@type\":\"PostalAddress\",\"streetAddress\":\"san antonio 4, san antonio 4\",\"postalCode\":\"33430\",\"addressLocality\":\"Cand\\u00e1s\",\"addressRegion\":\"Asturias\",\"addressCountry\":\"ES\"}},{\"@type\":\"Person\",\"@id\":\"https:\\\/\\\/candas365.es\\\/noticias\\\/author\\\/admin\\\/#author\",\"url\":\"https:\\\/\\\/candas365.es\\\/noticias\\\/author\\\/admin\\\/\",\"name\":\"Cand\\u00e1s 365\",\"image\":{\"@type\":\"ImageObject\",\"@id\":\"https:\\\/\\\/candas365.es\\\/noticias\\\/candas-acoge-una-exposicion-pictorica-sobre-los-faros-de-asturias\\\/#authorImage\",\"url\":\"https:\\\/\\\/secure.gravatar.com\\\/avatar\\\/496a8e03d0c493ede1718b7934145dbdf8d89be1036b0eec9544e1094c9de390?s=96&d=mm&r=g\",\"width\":96,\"height\":96,\"caption\":\"Cand\\u00e1s 365\"},\"sameAs\":[\"https:\\\/\\\/www.facebook.com\\\/carrenoactualidad\",\"https:\\\/\\\/twitter.com\\\/nbasturias\",\"https:\\\/\\\/www.instagram.com\\\/nachofdezber\\\/\",\"https:\\\/\\\/www.youtube.com\\\/channel\\\/UCZP-2wLEB9Rv6erhFmqVnvg\"]},{\"@type\":\"WebPage\",\"@id\":\"https:\\\/\\\/candas365.es\\\/noticias\\\/candas-acoge-una-exposicion-pictorica-sobre-los-faros-de-asturias\\\/#webpage\",\"url\":\"https:\\\/\\\/candas365.es\\\/noticias\\\/candas-acoge-una-exposicion-pictorica-sobre-los-faros-de-asturias\\\/\",\"name\":\"Cand\\u00e1s acoge una exposici\\u00f3n pict\\u00f3rica sobre los faros de Asturias | Cand\\u00e1s 365\",\"description\":\"Hasta el 18 de agosto la Casa de la Cultura de Cand\\u00e1s acoge la obra pict\\u00f3rica de Jos\\u00e9 Luis de la Balsa. Se trata de una exposici\\u00f3n de m\\u00e1s de 30 obras al \\u00f3leo que refleja el amor del artista por la mar. Es una muestra con una tem\\u00e1tica muy definida en la que sobresalen\",\"inLanguage\":\"es-ES\",\"isPartOf\":{\"@id\":\"https:\\\/\\\/candas365.es\\\/noticias\\\/#website\"},\"breadcrumb\":{\"@id\":\"https:\\\/\\\/candas365.es\\\/noticias\\\/candas-acoge-una-exposicion-pictorica-sobre-los-faros-de-asturias\\\/#breadcrumblist\"},\"author\":{\"@id\":\"https:\\\/\\\/candas365.es\\\/noticias\\\/author\\\/admin\\\/#author\"},\"creator\":{\"@id\":\"https:\\\/\\\/candas365.es\\\/noticias\\\/author\\\/admin\\\/#author\"},\"image\":{\"@type\":\"ImageObject\",\"url\":\"https:\\\/\\\/candas365.es\\\/noticias\\\/wp-content\\\/uploads\\\/2019\\\/08\\\/FARO-DE-LOS-\\u00c1NGELES-ANTIGUO-FARO-DE-CAND\\u00c1S.jpg\",\"@id\":\"https:\\\/\\\/candas365.es\\\/noticias\\\/candas-acoge-una-exposicion-pictorica-sobre-los-faros-de-asturias\\\/#mainImage\",\"width\":640,\"height\":480},\"primaryImageOfPage\":{\"@id\":\"https:\\\/\\\/candas365.es\\\/noticias\\\/candas-acoge-una-exposicion-pictorica-sobre-los-faros-de-asturias\\\/#mainImage\"},\"datePublished\":\"2019-08-07T12:26:15+02:00\",\"dateModified\":\"2019-08-07T12:26:15+02:00\"},{\"@type\":\"WebSite\",\"@id\":\"https:\\\/\\\/candas365.es\\\/noticias\\\/#website\",\"url\":\"https:\\\/\\\/candas365.es\\\/noticias\\\/\",\"name\":\"Cand\\u00e1s 365\",\"alternateName\":\"Cand\\u00e1s 365 Noticias\",\"description\":\"Actualidad desde Carre\\u00f1o para el mundo\",\"inLanguage\":\"es-ES\",\"publisher\":{\"@id\":\"https:\\\/\\\/candas365.es\\\/noticias\\\/#organization\"}}]}\n\t\t<\/script>\n\t\t<!-- All in One SEO Pro -->\r\n\t\t<title>Cand\u00e1s acoge una exposici\u00f3n pict\u00f3rica sobre los faros de Asturias | Cand\u00e1s 365<\/title>\n\n","aioseo_head_json":{"title":"Cand\u00e1s acoge una exposici\u00f3n pict\u00f3rica sobre los faros de Asturias | Cand\u00e1s 365","description":"Hasta el 18 de agosto la Casa de la Cultura de Cand\u00e1s acoge la obra pict\u00f3rica de Jos\u00e9 Luis de la Balsa. Se trata de una exposici\u00f3n de m\u00e1s de 30 obras al \u00f3leo que refleja el amor del artista por la mar. Es una muestra con una tem\u00e1tica muy definida en la que sobresalen","canonical_url":"https:\/\/candas365.es\/noticias\/candas-acoge-una-exposicion-pictorica-sobre-los-faros-de-asturias\/","robots":"max-image-preview:large","keywords":"noticias carre\u00f1o","webmasterTools":{"google-site-verification":"UA-32230408-1","msvalidate.01":"354F3CDFB2DA171B47FBE9ABF1F88D5","miscellaneous":""},"schema":{"@context":"https:\/\/schema.org","@graph":[{"@type":"BreadcrumbList","@id":"https:\/\/candas365.es\/noticias\/candas-acoge-una-exposicion-pictorica-sobre-los-faros-de-asturias\/#breadcrumblist","itemListElement":[{"@type":"ListItem","@id":"https:\/\/candas365.es\/noticias#listItem","position":1,"name":"Home","item":"https:\/\/candas365.es\/noticias","nextItem":{"@type":"ListItem","@id":"https:\/\/candas365.es\/noticias\/category\/noticias-carreno\/#listItem","name":"Noticias Carre\u00f1o"}},{"@type":"ListItem","@id":"https:\/\/candas365.es\/noticias\/category\/noticias-carreno\/#listItem","position":2,"name":"Noticias Carre\u00f1o","item":"https:\/\/candas365.es\/noticias\/category\/noticias-carreno\/","nextItem":{"@type":"ListItem","@id":"https:\/\/candas365.es\/noticias\/candas-acoge-una-exposicion-pictorica-sobre-los-faros-de-asturias\/#listItem","name":"Cand\u00e1s acoge una exposici\u00f3n pict\u00f3rica sobre los faros de Asturias"},"previousItem":{"@type":"ListItem","@id":"https:\/\/candas365.es\/noticias#listItem","name":"Home"}},{"@type":"ListItem","@id":"https:\/\/candas365.es\/noticias\/candas-acoge-una-exposicion-pictorica-sobre-los-faros-de-asturias\/#listItem","position":3,"name":"Cand\u00e1s acoge una exposici\u00f3n pict\u00f3rica sobre los faros de Asturias","previousItem":{"@type":"ListItem","@id":"https:\/\/candas365.es\/noticias\/category\/noticias-carreno\/#listItem","name":"Noticias Carre\u00f1o"}}]},{"@type":"NewsArticle","@id":"https:\/\/candas365.es\/noticias\/candas-acoge-una-exposicion-pictorica-sobre-los-faros-de-asturias\/#newsarticle","name":"Cand\u00e1s acoge una exposici\u00f3n pict\u00f3rica sobre los faros de Asturias | Cand\u00e1s 365","headline":"Cand\u00e1s acoge una exposici\u00f3n pict\u00f3rica sobre los faros de Asturias","author":{"@id":"https:\/\/candas365.es\/noticias\/author\/admin\/#author"},"publisher":{"@id":"https:\/\/candas365.es\/noticias\/#organization"},"image":{"@type":"ImageObject","url":"https:\/\/candas365.es\/noticias\/wp-content\/uploads\/2019\/08\/FARO-DE-LOS-\u00c1NGELES-ANTIGUO-FARO-DE-CAND\u00c1S.jpg","width":640,"height":480},"datePublished":"2019-08-07T12:26:15+02:00","dateModified":"2019-08-07T12:26:15+02:00","inLanguage":"es-ES","mainEntityOfPage":{"@id":"https:\/\/candas365.es\/noticias\/candas-acoge-una-exposicion-pictorica-sobre-los-faros-de-asturias\/#webpage"},"isPartOf":{"@id":"https:\/\/candas365.es\/noticias\/candas-acoge-una-exposicion-pictorica-sobre-los-faros-de-asturias\/#webpage"},"articleSection":"Noticias Carre\u00f1o","dateline":"Publicado el agosto 7, 2019."},{"@type":"Organization","@id":"https:\/\/candas365.es\/noticias\/#organization","name":"Cand\u00e1s 365","description":"Cand\u00e1s 365 es un diario digital independiente, fundado en 2012, con base en Asturias. Informamos con rigor sobre actualidad, sociedad, cultura y ocio, con una mirada local y global.","url":"https:\/\/candas365.es\/noticias\/","email":"info@candas365.es","telephone":"+34652131393","foundingDate":"2012-06-10","logo":{"@type":"ImageObject","url":"https:\/\/candas365.es\/noticias\/wp-content\/uploads\/2024\/09\/Candas-365-Redes.jpg","@id":"https:\/\/candas365.es\/noticias\/candas-acoge-una-exposicion-pictorica-sobre-los-faros-de-asturias\/#organizationLogo","width":1152,"height":864,"caption":"Cand\u00e1s 365 Redes"},"image":{"@id":"https:\/\/candas365.es\/noticias\/candas-acoge-una-exposicion-pictorica-sobre-los-faros-de-asturias\/#organizationLogo"},"sameAs":["https:\/\/www.facebook.com\/Nachofdezber","https:\/\/x.com\/NabercoDigital","https:\/\/www.instagram.com\/nachofdezber\/","https:\/\/www.youtube.com\/channel\/UCZP-2wLEB9Rv6erhFmqVnvg"],"address":{"@id":"https:\/\/candas365.es\/noticias\/#postaladdress","@type":"PostalAddress","streetAddress":"san antonio 4, san antonio 4","postalCode":"33430","addressLocality":"Cand\u00e1s","addressRegion":"Asturias","addressCountry":"ES"}},{"@type":"Person","@id":"https:\/\/candas365.es\/noticias\/author\/admin\/#author","url":"https:\/\/candas365.es\/noticias\/author\/admin\/","name":"Cand\u00e1s 365","image":{"@type":"ImageObject","@id":"https:\/\/candas365.es\/noticias\/candas-acoge-una-exposicion-pictorica-sobre-los-faros-de-asturias\/#authorImage","url":"https:\/\/secure.gravatar.com\/avatar\/496a8e03d0c493ede1718b7934145dbdf8d89be1036b0eec9544e1094c9de390?s=96&d=mm&r=g","width":96,"height":96,"caption":"Cand\u00e1s 365"},"sameAs":["https:\/\/www.facebook.com\/carrenoactualidad","https:\/\/twitter.com\/nbasturias","https:\/\/www.instagram.com\/nachofdezber\/","https:\/\/www.youtube.com\/channel\/UCZP-2wLEB9Rv6erhFmqVnvg"]},{"@type":"WebPage","@id":"https:\/\/candas365.es\/noticias\/candas-acoge-una-exposicion-pictorica-sobre-los-faros-de-asturias\/#webpage","url":"https:\/\/candas365.es\/noticias\/candas-acoge-una-exposicion-pictorica-sobre-los-faros-de-asturias\/","name":"Cand\u00e1s acoge una exposici\u00f3n pict\u00f3rica sobre los faros de Asturias | Cand\u00e1s 365","description":"Hasta el 18 de agosto la Casa de la Cultura de Cand\u00e1s acoge la obra pict\u00f3rica de Jos\u00e9 Luis de la Balsa. Se trata de una exposici\u00f3n de m\u00e1s de 30 obras al \u00f3leo que refleja el amor del artista por la mar. Es una muestra con una tem\u00e1tica muy definida en la que sobresalen","inLanguage":"es-ES","isPartOf":{"@id":"https:\/\/candas365.es\/noticias\/#website"},"breadcrumb":{"@id":"https:\/\/candas365.es\/noticias\/candas-acoge-una-exposicion-pictorica-sobre-los-faros-de-asturias\/#breadcrumblist"},"author":{"@id":"https:\/\/candas365.es\/noticias\/author\/admin\/#author"},"creator":{"@id":"https:\/\/candas365.es\/noticias\/author\/admin\/#author"},"image":{"@type":"ImageObject","url":"https:\/\/candas365.es\/noticias\/wp-content\/uploads\/2019\/08\/FARO-DE-LOS-\u00c1NGELES-ANTIGUO-FARO-DE-CAND\u00c1S.jpg","@id":"https:\/\/candas365.es\/noticias\/candas-acoge-una-exposicion-pictorica-sobre-los-faros-de-asturias\/#mainImage","width":640,"height":480},"primaryImageOfPage":{"@id":"https:\/\/candas365.es\/noticias\/candas-acoge-una-exposicion-pictorica-sobre-los-faros-de-asturias\/#mainImage"},"datePublished":"2019-08-07T12:26:15+02:00","dateModified":"2019-08-07T12:26:15+02:00"},{"@type":"WebSite","@id":"https:\/\/candas365.es\/noticias\/#website","url":"https:\/\/candas365.es\/noticias\/","name":"Cand\u00e1s 365","alternateName":"Cand\u00e1s 365 Noticias","description":"Actualidad desde Carre\u00f1o para el mundo","inLanguage":"es-ES","publisher":{"@id":"https:\/\/candas365.es\/noticias\/#organization"}}]},"og:locale":"es_ES","og:site_name":"Cand\u00e1s 365","og:type":"article","og:title":"Cand\u00e1s acoge una exposici\u00f3n pict\u00f3rica sobre los faros de Asturias | Cand\u00e1s 365","og:description":"Hasta el 18 de agosto la Casa de la Cultura de Cand\u00e1s acoge la obra pict\u00f3rica de Jos\u00e9 Luis de la Balsa. Se trata de una exposici\u00f3n de m\u00e1s de 30 obras al \u00f3leo que refleja el amor del artista por la mar. Es una muestra con una tem\u00e1tica muy definida en la que sobresalen","og:url":"https:\/\/candas365.es\/noticias\/candas-acoge-una-exposicion-pictorica-sobre-los-faros-de-asturias\/","og:image":"https:\/\/candas365.es\/noticias\/wp-content\/uploads\/2019\/08\/FARO-DE-LOS-\u00c1NGELES-ANTIGUO-FARO-DE-CAND\u00c1S.jpg","og:image:secure_url":"https:\/\/candas365.es\/noticias\/wp-content\/uploads\/2019\/08\/FARO-DE-LOS-\u00c1NGELES-ANTIGUO-FARO-DE-CAND\u00c1S.jpg","og:image:width":640,"og:image:height":480,"article:published_time":"2019-08-07T12:26:15+00:00","article:modified_time":"2019-08-07T12:26:15+00:00","article:publisher":"https:\/\/www.facebook.com\/Nachofdezber","article:author":"https:\/\/www.facebook.com\/carrenoactualidad","twitter:card":"summary_large_image","twitter:site":"@NabercoDigital","twitter:title":"Cand\u00e1s acoge una exposici\u00f3n pict\u00f3rica sobre los faros de Asturias | Cand\u00e1s 365","twitter:description":"Hasta el 18 de agosto la Casa de la Cultura de Cand\u00e1s acoge la obra pict\u00f3rica de Jos\u00e9 Luis de la Balsa. Se trata de una exposici\u00f3n de m\u00e1s de 30 obras al \u00f3leo que refleja el amor del artista por la mar. Es una muestra con una tem\u00e1tica muy definida en la que sobresalen","twitter:creator":"@nbasturias","twitter:image":"https:\/\/candas365.es\/noticias\/wp-content\/uploads\/2019\/08\/FARO-DE-LOS-\u00c1NGELES-ANTIGUO-FARO-DE-CAND\u00c1S.jpg","twitter:label1":"Escrito por","twitter:data1":"Cand\u00e1s 365","twitter:label2":"Tiempo de lectura estimado","twitter:data2":"2 minutos"},"aioseo_meta_data":{"post_id":"127875","title":null,"description":null,"keywords":null,"keyphrases":null,"primary_term":null,"canonical_url":null,"og_title":null,"og_description":null,"og_object_type":"default","og_image_type":"default","og_image_url":null,"og_image_width":null,"og_image_height":null,"og_image_custom_url":null,"og_image_custom_fields":null,"og_video":null,"og_custom_url":null,"og_article_section":null,"og_article_tags":null,"twitter_use_og":false,"twitter_card":"default","twitter_image_type":"default","twitter_image_url":null,"twitter_image_custom_url":null,"twitter_image_custom_fields":null,"twitter_title":null,"twitter_description":null,"schema":{"blockGraphs":[],"customGraphs":[],"default":{"data":{"Article":[],"Course":[],"Dataset":[],"FAQPage":[],"Movie":[],"Person":[],"Product":[],"ProductReview":[],"Car":[],"Recipe":[],"Service":[],"SoftwareApplication":[],"WebPage":[]},"graphName":"","isEnabled":true},"graphs":[],"defaultGraph":"","defaultPostTypeGraph":""},"schema_type":null,"schema_type_options":null,"pillar_content":false,"robots_default":true,"robots_noindex":false,"robots_noarchive":false,"robots_nosnippet":false,"robots_nofollow":false,"robots_noimageindex":false,"robots_noodp":false,"robots_notranslate":false,"robots_max_snippet":null,"robots_max_videopreview":null,"robots_max_imagepreview":"large","priority":null,"frequency":null,"location":null,"local_seo":null,"seo_analyzer_scan_date":"2025-08-30 11:03:39","breadcrumb_settings":null,"limit_modified_date":false,"reviewed_by":null,"open_ai":null,"ai":null,"created":"2020-12-21 10:54:07","updated":"2025-08-30 11:03:39"},"aioseo_breadcrumb":"<div class=\"aioseo-breadcrumbs\"><span class=\"aioseo-breadcrumb\">\n\t<a href=\"https:\/\/candas365.es\/noticias\" title=\"Home\">Home<\/a>\n<\/span><span class=\"aioseo-breadcrumb-separator\">&ndash;<\/span><span class=\"aioseo-breadcrumb\">\n\t<a href=\"https:\/\/candas365.es\/noticias\/category\/noticias-carreno\/\" title=\"Noticias Carre\u00f1o\">Noticias Carre\u00f1o<\/a>\n<\/span><span class=\"aioseo-breadcrumb-separator\">&ndash;<\/span><span class=\"aioseo-breadcrumb\">\n\tCand\u00e1s acoge una exposici\u00f3n pict\u00f3rica sobre los faros de Asturias\n<\/span><\/div>","aioseo_breadcrumb_json":[{"label":"Home","link":"https:\/\/candas365.es\/noticias"},{"label":"Noticias Carre\u00f1o","link":"https:\/\/candas365.es\/noticias\/category\/noticias-carreno\/"},{"label":"Cand\u00e1s acoge una exposici\u00f3n pict\u00f3rica sobre los faros de Asturias","link":"https:\/\/candas365.es\/noticias\/candas-acoge-una-exposicion-pictorica-sobre-los-faros-de-asturias\/"}],"_links":{"self":[{"href":"https:\/\/candas365.es\/noticias\/wp-json\/wp\/v2\/posts\/127875","targetHints":{"allow":["GET"]}}],"collection":[{"href":"https:\/\/candas365.es\/noticias\/wp-json\/wp\/v2\/posts"}],"about":[{"href":"https:\/\/candas365.es\/noticias\/wp-json\/wp\/v2\/types\/post"}],"author":[{"embeddable":true,"href":"https:\/\/candas365.es\/noticias\/wp-json\/wp\/v2\/users\/1"}],"replies":[{"embeddable":true,"href":"https:\/\/candas365.es\/noticias\/wp-json\/wp\/v2\/comments?post=127875"}],"version-history":[{"count":0,"href":"https:\/\/candas365.es\/noticias\/wp-json\/wp\/v2\/posts\/127875\/revisions"}],"wp:featuredmedia":[{"embeddable":true,"href":"https:\/\/candas365.es\/noticias\/wp-json\/wp\/v2\/media\/127876"}],"wp:attachment":[{"href":"https:\/\/candas365.es\/noticias\/wp-json\/wp\/v2\/media?parent=127875"}],"wp:term":[{"taxonomy":"category","embeddable":true,"href":"https:\/\/candas365.es\/noticias\/wp-json\/wp\/v2\/categories?post=127875"},{"taxonomy":"post_tag","embeddable":true,"href":"https:\/\/candas365.es\/noticias\/wp-json\/wp\/v2\/tags?post=127875"}],"curies":[{"name":"wp","href":"https:\/\/api.w.org\/{rel}","templated":true}]}}