{"id":127806,"date":"2019-08-06T12:56:30","date_gmt":"2019-08-06T12:56:30","guid":{"rendered":"http:\/\/candas365.es\/noticias\/?p=127806"},"modified":"2019-08-06T12:56:30","modified_gmt":"2019-08-06T12:56:30","slug":"carreno-retoma-la-actividad-del-scce","status":"publish","type":"post","link":"https:\/\/candas365.es\/noticias\/carreno-retoma-la-actividad-del-scce\/","title":{"rendered":"Carre\u00f1o retoma la actividad del SCCE"},"content":{"rendered":"<p><img fetchpriority=\"high\" decoding=\"async\" class=\"alignleft size-medium wp-image-2364\" src=\"https:\/\/candas365.es\/noticias\/wp-content\/uploads\/2014\/10\/Polivalente-360x270.jpg\" alt=\"\" width=\"360\" height=\"270\" srcset=\"https:\/\/candas365.es\/noticias\/wp-content\/uploads\/2014\/10\/Polivalente-360x270.jpg 360w, https:\/\/candas365.es\/noticias\/wp-content\/uploads\/2014\/10\/Polivalente-640x480.jpg 640w, https:\/\/candas365.es\/noticias\/wp-content\/uploads\/2014\/10\/Polivalente-768x576.jpg 768w, https:\/\/candas365.es\/noticias\/wp-content\/uploads\/2014\/10\/Polivalente-150x113.jpg 150w, https:\/\/candas365.es\/noticias\/wp-content\/uploads\/2014\/10\/Polivalente-450x338.jpg 450w, https:\/\/candas365.es\/noticias\/wp-content\/uploads\/2014\/10\/Polivalente-80x60.jpg 80w, https:\/\/candas365.es\/noticias\/wp-content\/uploads\/2014\/10\/Polivalente-265x198.jpg 265w, https:\/\/candas365.es\/noticias\/wp-content\/uploads\/2014\/10\/Polivalente-696x522.jpg 696w, https:\/\/candas365.es\/noticias\/wp-content\/uploads\/2014\/10\/Polivalente-560x420.jpg 560w, https:\/\/candas365.es\/noticias\/wp-content\/uploads\/2014\/10\/Polivalente-90x67.jpg 90w, https:\/\/candas365.es\/noticias\/wp-content\/uploads\/2014\/10\/Polivalente.jpg 1024w\" sizes=\"(max-width: 360px) 100vw, 360px\" \/>En colaboraci\u00f3n con la Fundaci\u00f3n Mujeres, a finales de Agosto, se retomar\u00e1 la actividad de acompa\u00f1amiento en la puesta en marcha de una empresa, desarrollando un itinerario de emprendimiento personalizado, y las actividades de apoyo a la consolidaci\u00f3n de empresas.<\/p>\n<p>Tras la exitosa realizaci\u00f3n, la pasada edici\u00f3n del proyecto \u201cGira Mujeres\u201d que ejecut\u00f3 en Carre\u00f1o la Fundaci\u00f3n Mujeres con el patrocinio de Coca Cola, cuyas acciones se celebraron los d\u00edas 23, 24 y 31 de mayo, en el Centro Polivalente \u201cLa Baraga\u00f1a\u201d (Cand\u00e1s) y complementando a \u00e9ste proyecto socio laboral , as\u00ed como a las acciones que se impulsan desde la Agencia de Desarrollo Local, y la formaci\u00f3n para el emprendimiento impartida por Fundaci\u00f3n Mujeres se retoma el asesoramiento y la formaci\u00f3n.<\/p>\n<p>El Ayuntamiento de Carre\u00f1o, retoma la puesta en marcha de El Servicio de Creaci\u00f3n y Consolidaci\u00f3n de Empresas (SCCE) con la citada Fundaci\u00f3n.<\/p>\n<p>\u201cEste proyecto tiene por objetivo, mediante la formaci\u00f3n, el asesoramiento personalizado, la intermediaci\u00f3n financiera, el acompa\u00f1amiento en la puesta en marcha de la empresa, y otras actividades de apoyo a la consolidaci\u00f3n de la empresa, desarrollar un itinerario de emprendimiento personalizado, seg\u00fan las necesidades y el nivel de desarrollo de cada iniciativa emprendedora\u201d &#8211; se\u00f1al\u00f3 la Alcaldesa, Amelia Fern\u00e1ndez.<\/p>\n<p>Las diversas acciones formativas, de asesoramiento, mentoring y acompa\u00f1amiento las llevar\u00e1n a cabo un equipo de asesoras y formadoras de la Fundaci\u00f3n Mujeres que desarrollan su actividad a trav\u00e9s de la implementaci\u00f3n de los diversos proyectos que tienen un apoyo institucional.<\/p>\n<p>El Servicio de Creaci\u00f3n y Consolidaci\u00f3n de Empresas, dar\u00e1 comienzo tras el descanso por vacaciones el Viernes 30, de agosto de 9:30 a 13:30 h, durante esta primera toma de contacto con el SCCE se realizara un Taller de Motivaci\u00f3n. Durante los meses de septiembre y octubre continuar\u00e1 el servicio de tutor\u00edas en el Centro Polivalente \u201cLa Baraga\u00f1a\u201d (Cand\u00e1s).<\/p>\n<p>Las plazas disponibles, se adjudicar\u00e1n por riguroso orden de inscripci\u00f3n en la Casa de Encuentros, siendo esta actividad gratuita para las participantes.<\/p>\n<p>Las inscripciones podr\u00e1n realizarse del 8 de agosto al 28 de agosto en la Casa de Encuentro de las Mujeres de Carre\u00f1o, en horario de ma\u00f1anas de 9 a 14:00 h y de tardes de 17:00 a 19:00 h.<\/p>\n<p>&nbsp;<\/p>\n","protected":false},"excerpt":{"rendered":"<p>En colaboraci\u00f3n con la Fundaci\u00f3n Mujeres, a finales de Agosto, se retomar\u00e1 la actividad de acompa\u00f1amiento en la puesta en marcha de una empresa, desarrollando un itinerario de emprendimiento personalizado, y las actividades de apoyo a la consolidaci\u00f3n de empresas. Tras la exitosa realizaci\u00f3n, la pasada edici\u00f3n del proyecto \u201cGira Mujeres\u201d que ejecut\u00f3 en Carre\u00f1o<\/p>\n","protected":false},"author":1,"featured_media":2364,"comment_status":"closed","ping_status":"closed","sticky":false,"template":"","format":"standard","meta":{"footnotes":""},"categories":[2],"tags":[],"class_list":{"0":"post-127806","1":"post","2":"type-post","3":"status-publish","4":"format-standard","5":"has-post-thumbnail","7":"category-noticias-carreno"},"aioseo_notices":[],"aioseo_head":"\n\t\t<!-- All in One SEO Pro 4.9.6.2 - aioseo.com -->\n\t<meta name=\"description\" content=\"En colaboraci\u00f3n con la Fundaci\u00f3n Mujeres, a finales de Agosto, se retomar\u00e1 la actividad de acompa\u00f1amiento en la puesta en marcha de una empresa, desarrollando un itinerario de emprendimiento personalizado, y las actividades de apoyo a la consolidaci\u00f3n de empresas. Tras la exitosa realizaci\u00f3n, la pasada edici\u00f3n del proyecto \u201cGira Mujeres\u201d que ejecut\u00f3 en Carre\u00f1o\" \/>\n\t<meta name=\"robots\" content=\"max-image-preview:large\" \/>\n\t<meta name=\"author\" content=\"Cand\u00e1s 365\"\/>\n\t<meta name=\"google-site-verification\" content=\"UA-32230408-1\" \/>\n\t<meta name=\"msvalidate.01\" content=\"354F3CDFB2DA171B47FBE9ABF1F88D5\" \/>\n\t<meta name=\"keywords\" content=\"noticias carre\u00f1o\" \/>\n\t<link rel=\"canonical\" href=\"https:\/\/candas365.es\/noticias\/carreno-retoma-la-actividad-del-scce\/\" \/>\n\t<meta name=\"generator\" content=\"All in One SEO Pro (AIOSEO) 4.9.6.2\" \/>\n\t\t<meta property=\"og:locale\" content=\"es_ES\" \/>\n\t\t<meta property=\"og:site_name\" content=\"Cand\u00e1s 365\" \/>\n\t\t<meta property=\"og:type\" content=\"article\" \/>\n\t\t<meta property=\"og:title\" content=\"Carre\u00f1o retoma la actividad del SCCE | Cand\u00e1s 365\" \/>\n\t\t<meta property=\"og:description\" content=\"En colaboraci\u00f3n con la Fundaci\u00f3n Mujeres, a finales de Agosto, se retomar\u00e1 la actividad de acompa\u00f1amiento en la puesta en marcha de una empresa, desarrollando un itinerario de emprendimiento personalizado, y las actividades de apoyo a la consolidaci\u00f3n de empresas. Tras la exitosa realizaci\u00f3n, la pasada edici\u00f3n del proyecto \u201cGira Mujeres\u201d que ejecut\u00f3 en Carre\u00f1o\" \/>\n\t\t<meta property=\"og:url\" content=\"https:\/\/candas365.es\/noticias\/carreno-retoma-la-actividad-del-scce\/\" \/>\n\t\t<meta property=\"og:image\" content=\"https:\/\/candas365.es\/noticias\/wp-content\/uploads\/2014\/10\/Polivalente.jpg\" \/>\n\t\t<meta property=\"og:image:secure_url\" content=\"https:\/\/candas365.es\/noticias\/wp-content\/uploads\/2014\/10\/Polivalente.jpg\" \/>\n\t\t<meta property=\"og:image:width\" content=\"1024\" \/>\n\t\t<meta property=\"og:image:height\" content=\"768\" \/>\n\t\t<meta property=\"article:published_time\" content=\"2019-08-06T12:56:30+00:00\" \/>\n\t\t<meta property=\"article:modified_time\" content=\"2019-08-06T12:56:30+00:00\" \/>\n\t\t<meta property=\"article:publisher\" content=\"https:\/\/www.facebook.com\/Nachofdezber\" \/>\n\t\t<meta property=\"article:author\" content=\"https:\/\/www.facebook.com\/carrenoactualidad\" \/>\n\t\t<meta name=\"twitter:card\" content=\"summary_large_image\" \/>\n\t\t<meta name=\"twitter:site\" content=\"@NabercoDigital\" \/>\n\t\t<meta name=\"twitter:title\" content=\"Carre\u00f1o retoma la actividad del SCCE | Cand\u00e1s 365\" \/>\n\t\t<meta name=\"twitter:description\" content=\"En colaboraci\u00f3n con la Fundaci\u00f3n Mujeres, a finales de Agosto, se retomar\u00e1 la actividad de acompa\u00f1amiento en la puesta en marcha de una empresa, desarrollando un itinerario de emprendimiento personalizado, y las actividades de apoyo a la consolidaci\u00f3n de empresas. Tras la exitosa realizaci\u00f3n, la pasada edici\u00f3n del proyecto \u201cGira Mujeres\u201d que ejecut\u00f3 en Carre\u00f1o\" \/>\n\t\t<meta name=\"twitter:creator\" content=\"@nbasturias\" \/>\n\t\t<meta name=\"twitter:image\" content=\"https:\/\/candas365.es\/noticias\/wp-content\/uploads\/2014\/10\/Polivalente.jpg\" \/>\n\t\t<meta name=\"twitter:label1\" content=\"Escrito por\" \/>\n\t\t<meta name=\"twitter:data1\" content=\"Cand\u00e1s 365\" \/>\n\t\t<meta name=\"twitter:label2\" content=\"Tiempo de lectura estimado\" \/>\n\t\t<meta name=\"twitter:data2\" content=\"2 minutos\" \/>\n\t\t<script type=\"application\/ld+json\" class=\"aioseo-schema\">\n\t\t\t{\"@context\":\"https:\\\/\\\/schema.org\",\"@graph\":[{\"@type\":\"BreadcrumbList\",\"@id\":\"https:\\\/\\\/candas365.es\\\/noticias\\\/carreno-retoma-la-actividad-del-scce\\\/#breadcrumblist\",\"itemListElement\":[{\"@type\":\"ListItem\",\"@id\":\"https:\\\/\\\/candas365.es\\\/noticias#listItem\",\"position\":1,\"name\":\"Home\",\"item\":\"https:\\\/\\\/candas365.es\\\/noticias\",\"nextItem\":{\"@type\":\"ListItem\",\"@id\":\"https:\\\/\\\/candas365.es\\\/noticias\\\/category\\\/noticias-carreno\\\/#listItem\",\"name\":\"Noticias Carre\\u00f1o\"}},{\"@type\":\"ListItem\",\"@id\":\"https:\\\/\\\/candas365.es\\\/noticias\\\/category\\\/noticias-carreno\\\/#listItem\",\"position\":2,\"name\":\"Noticias Carre\\u00f1o\",\"item\":\"https:\\\/\\\/candas365.es\\\/noticias\\\/category\\\/noticias-carreno\\\/\",\"nextItem\":{\"@type\":\"ListItem\",\"@id\":\"https:\\\/\\\/candas365.es\\\/noticias\\\/carreno-retoma-la-actividad-del-scce\\\/#listItem\",\"name\":\"Carre\\u00f1o retoma la actividad del SCCE\"},\"previousItem\":{\"@type\":\"ListItem\",\"@id\":\"https:\\\/\\\/candas365.es\\\/noticias#listItem\",\"name\":\"Home\"}},{\"@type\":\"ListItem\",\"@id\":\"https:\\\/\\\/candas365.es\\\/noticias\\\/carreno-retoma-la-actividad-del-scce\\\/#listItem\",\"position\":3,\"name\":\"Carre\\u00f1o retoma la actividad del SCCE\",\"previousItem\":{\"@type\":\"ListItem\",\"@id\":\"https:\\\/\\\/candas365.es\\\/noticias\\\/category\\\/noticias-carreno\\\/#listItem\",\"name\":\"Noticias Carre\\u00f1o\"}}]},{\"@type\":\"NewsArticle\",\"@id\":\"https:\\\/\\\/candas365.es\\\/noticias\\\/carreno-retoma-la-actividad-del-scce\\\/#newsarticle\",\"name\":\"Carre\\u00f1o retoma la actividad del SCCE | Cand\\u00e1s 365\",\"headline\":\"Carre\\u00f1o retoma la actividad del SCCE\",\"author\":{\"@id\":\"https:\\\/\\\/candas365.es\\\/noticias\\\/author\\\/admin\\\/#author\"},\"publisher\":{\"@id\":\"https:\\\/\\\/candas365.es\\\/noticias\\\/#organization\"},\"image\":{\"@type\":\"ImageObject\",\"url\":\"https:\\\/\\\/candas365.es\\\/noticias\\\/wp-content\\\/uploads\\\/2014\\\/10\\\/Polivalente.jpg\",\"width\":1024,\"height\":768},\"datePublished\":\"2019-08-06T12:56:30+02:00\",\"dateModified\":\"2019-08-06T12:56:30+02:00\",\"inLanguage\":\"es-ES\",\"mainEntityOfPage\":{\"@id\":\"https:\\\/\\\/candas365.es\\\/noticias\\\/carreno-retoma-la-actividad-del-scce\\\/#webpage\"},\"isPartOf\":{\"@id\":\"https:\\\/\\\/candas365.es\\\/noticias\\\/carreno-retoma-la-actividad-del-scce\\\/#webpage\"},\"articleSection\":\"Noticias Carre\\u00f1o\",\"dateline\":\"Publicado el agosto 6, 2019.\"},{\"@type\":\"Organization\",\"@id\":\"https:\\\/\\\/candas365.es\\\/noticias\\\/#organization\",\"name\":\"Cand\\u00e1s 365\",\"description\":\"Cand\\u00e1s 365 es un diario digital independiente, fundado en 2012, con base en Asturias. Informamos con rigor sobre actualidad, sociedad, cultura y ocio, con una mirada local y global.\",\"url\":\"https:\\\/\\\/candas365.es\\\/noticias\\\/\",\"email\":\"info@candas365.es\",\"telephone\":\"+34652131393\",\"foundingDate\":\"2012-06-10\",\"logo\":{\"@type\":\"ImageObject\",\"url\":\"https:\\\/\\\/candas365.es\\\/noticias\\\/wp-content\\\/uploads\\\/2024\\\/09\\\/Candas-365-Redes.jpg\",\"@id\":\"https:\\\/\\\/candas365.es\\\/noticias\\\/carreno-retoma-la-actividad-del-scce\\\/#organizationLogo\",\"width\":1152,\"height\":864,\"caption\":\"Cand\\u00e1s 365 Redes\"},\"image\":{\"@id\":\"https:\\\/\\\/candas365.es\\\/noticias\\\/carreno-retoma-la-actividad-del-scce\\\/#organizationLogo\"},\"sameAs\":[\"https:\\\/\\\/www.facebook.com\\\/Nachofdezber\",\"https:\\\/\\\/x.com\\\/NabercoDigital\",\"https:\\\/\\\/www.instagram.com\\\/nachofdezber\\\/\",\"https:\\\/\\\/www.youtube.com\\\/channel\\\/UCZP-2wLEB9Rv6erhFmqVnvg\"],\"address\":{\"@id\":\"https:\\\/\\\/candas365.es\\\/noticias\\\/#postaladdress\",\"@type\":\"PostalAddress\",\"streetAddress\":\"san antonio 4, san antonio 4\",\"postalCode\":\"33430\",\"addressLocality\":\"Cand\\u00e1s\",\"addressRegion\":\"Asturias\",\"addressCountry\":\"ES\"}},{\"@type\":\"Person\",\"@id\":\"https:\\\/\\\/candas365.es\\\/noticias\\\/author\\\/admin\\\/#author\",\"url\":\"https:\\\/\\\/candas365.es\\\/noticias\\\/author\\\/admin\\\/\",\"name\":\"Cand\\u00e1s 365\",\"image\":{\"@type\":\"ImageObject\",\"@id\":\"https:\\\/\\\/candas365.es\\\/noticias\\\/carreno-retoma-la-actividad-del-scce\\\/#authorImage\",\"url\":\"https:\\\/\\\/secure.gravatar.com\\\/avatar\\\/496a8e03d0c493ede1718b7934145dbdf8d89be1036b0eec9544e1094c9de390?s=96&d=mm&r=g\",\"width\":96,\"height\":96,\"caption\":\"Cand\\u00e1s 365\"},\"sameAs\":[\"https:\\\/\\\/www.facebook.com\\\/carrenoactualidad\",\"https:\\\/\\\/twitter.com\\\/nbasturias\",\"https:\\\/\\\/www.instagram.com\\\/nachofdezber\\\/\",\"https:\\\/\\\/www.youtube.com\\\/channel\\\/UCZP-2wLEB9Rv6erhFmqVnvg\"]},{\"@type\":\"WebPage\",\"@id\":\"https:\\\/\\\/candas365.es\\\/noticias\\\/carreno-retoma-la-actividad-del-scce\\\/#webpage\",\"url\":\"https:\\\/\\\/candas365.es\\\/noticias\\\/carreno-retoma-la-actividad-del-scce\\\/\",\"name\":\"Carre\\u00f1o retoma la actividad del SCCE | Cand\\u00e1s 365\",\"description\":\"En colaboraci\\u00f3n con la Fundaci\\u00f3n Mujeres, a finales de Agosto, se retomar\\u00e1 la actividad de acompa\\u00f1amiento en la puesta en marcha de una empresa, desarrollando un itinerario de emprendimiento personalizado, y las actividades de apoyo a la consolidaci\\u00f3n de empresas. Tras la exitosa realizaci\\u00f3n, la pasada edici\\u00f3n del proyecto \\u201cGira Mujeres\\u201d que ejecut\\u00f3 en Carre\\u00f1o\",\"inLanguage\":\"es-ES\",\"isPartOf\":{\"@id\":\"https:\\\/\\\/candas365.es\\\/noticias\\\/#website\"},\"breadcrumb\":{\"@id\":\"https:\\\/\\\/candas365.es\\\/noticias\\\/carreno-retoma-la-actividad-del-scce\\\/#breadcrumblist\"},\"author\":{\"@id\":\"https:\\\/\\\/candas365.es\\\/noticias\\\/author\\\/admin\\\/#author\"},\"creator\":{\"@id\":\"https:\\\/\\\/candas365.es\\\/noticias\\\/author\\\/admin\\\/#author\"},\"image\":{\"@type\":\"ImageObject\",\"url\":\"https:\\\/\\\/candas365.es\\\/noticias\\\/wp-content\\\/uploads\\\/2014\\\/10\\\/Polivalente.jpg\",\"@id\":\"https:\\\/\\\/candas365.es\\\/noticias\\\/carreno-retoma-la-actividad-del-scce\\\/#mainImage\",\"width\":1024,\"height\":768},\"primaryImageOfPage\":{\"@id\":\"https:\\\/\\\/candas365.es\\\/noticias\\\/carreno-retoma-la-actividad-del-scce\\\/#mainImage\"},\"datePublished\":\"2019-08-06T12:56:30+02:00\",\"dateModified\":\"2019-08-06T12:56:30+02:00\"},{\"@type\":\"WebSite\",\"@id\":\"https:\\\/\\\/candas365.es\\\/noticias\\\/#website\",\"url\":\"https:\\\/\\\/candas365.es\\\/noticias\\\/\",\"name\":\"Cand\\u00e1s 365\",\"alternateName\":\"Cand\\u00e1s 365 Noticias\",\"description\":\"Actualidad desde Carre\\u00f1o para el mundo\",\"inLanguage\":\"es-ES\",\"publisher\":{\"@id\":\"https:\\\/\\\/candas365.es\\\/noticias\\\/#organization\"}}]}\n\t\t<\/script>\n\t\t<!-- All in One SEO Pro -->\r\n\t\t<title>Carre\u00f1o retoma la actividad del SCCE | Cand\u00e1s 365<\/title>\n\n","aioseo_head_json":{"title":"Carre\u00f1o retoma la actividad del SCCE | Cand\u00e1s 365","description":"En colaboraci\u00f3n con la Fundaci\u00f3n Mujeres, a finales de Agosto, se retomar\u00e1 la actividad de acompa\u00f1amiento en la puesta en marcha de una empresa, desarrollando un itinerario de emprendimiento personalizado, y las actividades de apoyo a la consolidaci\u00f3n de empresas. Tras la exitosa realizaci\u00f3n, la pasada edici\u00f3n del proyecto \u201cGira Mujeres\u201d que ejecut\u00f3 en Carre\u00f1o","canonical_url":"https:\/\/candas365.es\/noticias\/carreno-retoma-la-actividad-del-scce\/","robots":"max-image-preview:large","keywords":"noticias carre\u00f1o","webmasterTools":{"google-site-verification":"UA-32230408-1","msvalidate.01":"354F3CDFB2DA171B47FBE9ABF1F88D5","miscellaneous":""},"schema":{"@context":"https:\/\/schema.org","@graph":[{"@type":"BreadcrumbList","@id":"https:\/\/candas365.es\/noticias\/carreno-retoma-la-actividad-del-scce\/#breadcrumblist","itemListElement":[{"@type":"ListItem","@id":"https:\/\/candas365.es\/noticias#listItem","position":1,"name":"Home","item":"https:\/\/candas365.es\/noticias","nextItem":{"@type":"ListItem","@id":"https:\/\/candas365.es\/noticias\/category\/noticias-carreno\/#listItem","name":"Noticias Carre\u00f1o"}},{"@type":"ListItem","@id":"https:\/\/candas365.es\/noticias\/category\/noticias-carreno\/#listItem","position":2,"name":"Noticias Carre\u00f1o","item":"https:\/\/candas365.es\/noticias\/category\/noticias-carreno\/","nextItem":{"@type":"ListItem","@id":"https:\/\/candas365.es\/noticias\/carreno-retoma-la-actividad-del-scce\/#listItem","name":"Carre\u00f1o retoma la actividad del SCCE"},"previousItem":{"@type":"ListItem","@id":"https:\/\/candas365.es\/noticias#listItem","name":"Home"}},{"@type":"ListItem","@id":"https:\/\/candas365.es\/noticias\/carreno-retoma-la-actividad-del-scce\/#listItem","position":3,"name":"Carre\u00f1o retoma la actividad del SCCE","previousItem":{"@type":"ListItem","@id":"https:\/\/candas365.es\/noticias\/category\/noticias-carreno\/#listItem","name":"Noticias Carre\u00f1o"}}]},{"@type":"NewsArticle","@id":"https:\/\/candas365.es\/noticias\/carreno-retoma-la-actividad-del-scce\/#newsarticle","name":"Carre\u00f1o retoma la actividad del SCCE | Cand\u00e1s 365","headline":"Carre\u00f1o retoma la actividad del SCCE","author":{"@id":"https:\/\/candas365.es\/noticias\/author\/admin\/#author"},"publisher":{"@id":"https:\/\/candas365.es\/noticias\/#organization"},"image":{"@type":"ImageObject","url":"https:\/\/candas365.es\/noticias\/wp-content\/uploads\/2014\/10\/Polivalente.jpg","width":1024,"height":768},"datePublished":"2019-08-06T12:56:30+02:00","dateModified":"2019-08-06T12:56:30+02:00","inLanguage":"es-ES","mainEntityOfPage":{"@id":"https:\/\/candas365.es\/noticias\/carreno-retoma-la-actividad-del-scce\/#webpage"},"isPartOf":{"@id":"https:\/\/candas365.es\/noticias\/carreno-retoma-la-actividad-del-scce\/#webpage"},"articleSection":"Noticias Carre\u00f1o","dateline":"Publicado el agosto 6, 2019."},{"@type":"Organization","@id":"https:\/\/candas365.es\/noticias\/#organization","name":"Cand\u00e1s 365","description":"Cand\u00e1s 365 es un diario digital independiente, fundado en 2012, con base en Asturias. Informamos con rigor sobre actualidad, sociedad, cultura y ocio, con una mirada local y global.","url":"https:\/\/candas365.es\/noticias\/","email":"info@candas365.es","telephone":"+34652131393","foundingDate":"2012-06-10","logo":{"@type":"ImageObject","url":"https:\/\/candas365.es\/noticias\/wp-content\/uploads\/2024\/09\/Candas-365-Redes.jpg","@id":"https:\/\/candas365.es\/noticias\/carreno-retoma-la-actividad-del-scce\/#organizationLogo","width":1152,"height":864,"caption":"Cand\u00e1s 365 Redes"},"image":{"@id":"https:\/\/candas365.es\/noticias\/carreno-retoma-la-actividad-del-scce\/#organizationLogo"},"sameAs":["https:\/\/www.facebook.com\/Nachofdezber","https:\/\/x.com\/NabercoDigital","https:\/\/www.instagram.com\/nachofdezber\/","https:\/\/www.youtube.com\/channel\/UCZP-2wLEB9Rv6erhFmqVnvg"],"address":{"@id":"https:\/\/candas365.es\/noticias\/#postaladdress","@type":"PostalAddress","streetAddress":"san antonio 4, san antonio 4","postalCode":"33430","addressLocality":"Cand\u00e1s","addressRegion":"Asturias","addressCountry":"ES"}},{"@type":"Person","@id":"https:\/\/candas365.es\/noticias\/author\/admin\/#author","url":"https:\/\/candas365.es\/noticias\/author\/admin\/","name":"Cand\u00e1s 365","image":{"@type":"ImageObject","@id":"https:\/\/candas365.es\/noticias\/carreno-retoma-la-actividad-del-scce\/#authorImage","url":"https:\/\/secure.gravatar.com\/avatar\/496a8e03d0c493ede1718b7934145dbdf8d89be1036b0eec9544e1094c9de390?s=96&d=mm&r=g","width":96,"height":96,"caption":"Cand\u00e1s 365"},"sameAs":["https:\/\/www.facebook.com\/carrenoactualidad","https:\/\/twitter.com\/nbasturias","https:\/\/www.instagram.com\/nachofdezber\/","https:\/\/www.youtube.com\/channel\/UCZP-2wLEB9Rv6erhFmqVnvg"]},{"@type":"WebPage","@id":"https:\/\/candas365.es\/noticias\/carreno-retoma-la-actividad-del-scce\/#webpage","url":"https:\/\/candas365.es\/noticias\/carreno-retoma-la-actividad-del-scce\/","name":"Carre\u00f1o retoma la actividad del SCCE | Cand\u00e1s 365","description":"En colaboraci\u00f3n con la Fundaci\u00f3n Mujeres, a finales de Agosto, se retomar\u00e1 la actividad de acompa\u00f1amiento en la puesta en marcha de una empresa, desarrollando un itinerario de emprendimiento personalizado, y las actividades de apoyo a la consolidaci\u00f3n de empresas. Tras la exitosa realizaci\u00f3n, la pasada edici\u00f3n del proyecto \u201cGira Mujeres\u201d que ejecut\u00f3 en Carre\u00f1o","inLanguage":"es-ES","isPartOf":{"@id":"https:\/\/candas365.es\/noticias\/#website"},"breadcrumb":{"@id":"https:\/\/candas365.es\/noticias\/carreno-retoma-la-actividad-del-scce\/#breadcrumblist"},"author":{"@id":"https:\/\/candas365.es\/noticias\/author\/admin\/#author"},"creator":{"@id":"https:\/\/candas365.es\/noticias\/author\/admin\/#author"},"image":{"@type":"ImageObject","url":"https:\/\/candas365.es\/noticias\/wp-content\/uploads\/2014\/10\/Polivalente.jpg","@id":"https:\/\/candas365.es\/noticias\/carreno-retoma-la-actividad-del-scce\/#mainImage","width":1024,"height":768},"primaryImageOfPage":{"@id":"https:\/\/candas365.es\/noticias\/carreno-retoma-la-actividad-del-scce\/#mainImage"},"datePublished":"2019-08-06T12:56:30+02:00","dateModified":"2019-08-06T12:56:30+02:00"},{"@type":"WebSite","@id":"https:\/\/candas365.es\/noticias\/#website","url":"https:\/\/candas365.es\/noticias\/","name":"Cand\u00e1s 365","alternateName":"Cand\u00e1s 365 Noticias","description":"Actualidad desde Carre\u00f1o para el mundo","inLanguage":"es-ES","publisher":{"@id":"https:\/\/candas365.es\/noticias\/#organization"}}]},"og:locale":"es_ES","og:site_name":"Cand\u00e1s 365","og:type":"article","og:title":"Carre\u00f1o retoma la actividad del SCCE | Cand\u00e1s 365","og:description":"En colaboraci\u00f3n con la Fundaci\u00f3n Mujeres, a finales de Agosto, se retomar\u00e1 la actividad de acompa\u00f1amiento en la puesta en marcha de una empresa, desarrollando un itinerario de emprendimiento personalizado, y las actividades de apoyo a la consolidaci\u00f3n de empresas. Tras la exitosa realizaci\u00f3n, la pasada edici\u00f3n del proyecto \u201cGira Mujeres\u201d que ejecut\u00f3 en Carre\u00f1o","og:url":"https:\/\/candas365.es\/noticias\/carreno-retoma-la-actividad-del-scce\/","og:image":"https:\/\/candas365.es\/noticias\/wp-content\/uploads\/2014\/10\/Polivalente.jpg","og:image:secure_url":"https:\/\/candas365.es\/noticias\/wp-content\/uploads\/2014\/10\/Polivalente.jpg","og:image:width":1024,"og:image:height":768,"article:published_time":"2019-08-06T12:56:30+00:00","article:modified_time":"2019-08-06T12:56:30+00:00","article:publisher":"https:\/\/www.facebook.com\/Nachofdezber","article:author":"https:\/\/www.facebook.com\/carrenoactualidad","twitter:card":"summary_large_image","twitter:site":"@NabercoDigital","twitter:title":"Carre\u00f1o retoma la actividad del SCCE | Cand\u00e1s 365","twitter:description":"En colaboraci\u00f3n con la Fundaci\u00f3n Mujeres, a finales de Agosto, se retomar\u00e1 la actividad de acompa\u00f1amiento en la puesta en marcha de una empresa, desarrollando un itinerario de emprendimiento personalizado, y las actividades de apoyo a la consolidaci\u00f3n de empresas. Tras la exitosa realizaci\u00f3n, la pasada edici\u00f3n del proyecto \u201cGira Mujeres\u201d que ejecut\u00f3 en Carre\u00f1o","twitter:creator":"@nbasturias","twitter:image":"https:\/\/candas365.es\/noticias\/wp-content\/uploads\/2014\/10\/Polivalente.jpg","twitter:label1":"Escrito por","twitter:data1":"Cand\u00e1s 365","twitter:label2":"Tiempo de lectura estimado","twitter:data2":"2 minutos"},"aioseo_meta_data":{"post_id":"127806","title":null,"description":null,"keywords":null,"keyphrases":null,"primary_term":null,"canonical_url":null,"og_title":null,"og_description":null,"og_object_type":"default","og_image_type":"default","og_image_url":null,"og_image_width":null,"og_image_height":null,"og_image_custom_url":null,"og_image_custom_fields":null,"og_video":null,"og_custom_url":null,"og_article_section":null,"og_article_tags":null,"twitter_use_og":false,"twitter_card":"default","twitter_image_type":"default","twitter_image_url":null,"twitter_image_custom_url":null,"twitter_image_custom_fields":null,"twitter_title":null,"twitter_description":null,"schema":{"blockGraphs":[],"customGraphs":[],"default":{"data":{"Article":[],"Course":[],"Dataset":[],"FAQPage":[],"Movie":[],"Person":[],"Product":[],"ProductReview":[],"Car":[],"Recipe":[],"Service":[],"SoftwareApplication":[],"WebPage":[]},"graphName":"","isEnabled":true},"graphs":[],"defaultGraph":"","defaultPostTypeGraph":""},"schema_type":null,"schema_type_options":null,"pillar_content":false,"robots_default":true,"robots_noindex":false,"robots_noarchive":false,"robots_nosnippet":false,"robots_nofollow":false,"robots_noimageindex":false,"robots_noodp":false,"robots_notranslate":false,"robots_max_snippet":null,"robots_max_videopreview":null,"robots_max_imagepreview":"large","priority":null,"frequency":null,"location":null,"local_seo":null,"seo_analyzer_scan_date":"2025-08-30 10:58:17","breadcrumb_settings":null,"limit_modified_date":false,"reviewed_by":null,"open_ai":null,"ai":null,"created":"2020-12-21 10:54:07","updated":"2025-08-30 10:58:17"},"aioseo_breadcrumb":"<div class=\"aioseo-breadcrumbs\"><span class=\"aioseo-breadcrumb\">\n\t<a href=\"https:\/\/candas365.es\/noticias\" title=\"Home\">Home<\/a>\n<\/span><span class=\"aioseo-breadcrumb-separator\">&ndash;<\/span><span class=\"aioseo-breadcrumb\">\n\t<a href=\"https:\/\/candas365.es\/noticias\/category\/noticias-carreno\/\" title=\"Noticias Carre\u00f1o\">Noticias Carre\u00f1o<\/a>\n<\/span><span class=\"aioseo-breadcrumb-separator\">&ndash;<\/span><span class=\"aioseo-breadcrumb\">\n\tCarre\u00f1o retoma la actividad del SCCE\n<\/span><\/div>","aioseo_breadcrumb_json":[{"label":"Home","link":"https:\/\/candas365.es\/noticias"},{"label":"Noticias Carre\u00f1o","link":"https:\/\/candas365.es\/noticias\/category\/noticias-carreno\/"},{"label":"Carre\u00f1o retoma la actividad del SCCE","link":"https:\/\/candas365.es\/noticias\/carreno-retoma-la-actividad-del-scce\/"}],"_links":{"self":[{"href":"https:\/\/candas365.es\/noticias\/wp-json\/wp\/v2\/posts\/127806","targetHints":{"allow":["GET"]}}],"collection":[{"href":"https:\/\/candas365.es\/noticias\/wp-json\/wp\/v2\/posts"}],"about":[{"href":"https:\/\/candas365.es\/noticias\/wp-json\/wp\/v2\/types\/post"}],"author":[{"embeddable":true,"href":"https:\/\/candas365.es\/noticias\/wp-json\/wp\/v2\/users\/1"}],"replies":[{"embeddable":true,"href":"https:\/\/candas365.es\/noticias\/wp-json\/wp\/v2\/comments?post=127806"}],"version-history":[{"count":0,"href":"https:\/\/candas365.es\/noticias\/wp-json\/wp\/v2\/posts\/127806\/revisions"}],"wp:featuredmedia":[{"embeddable":true,"href":"https:\/\/candas365.es\/noticias\/wp-json\/wp\/v2\/media\/2364"}],"wp:attachment":[{"href":"https:\/\/candas365.es\/noticias\/wp-json\/wp\/v2\/media?parent=127806"}],"wp:term":[{"taxonomy":"category","embeddable":true,"href":"https:\/\/candas365.es\/noticias\/wp-json\/wp\/v2\/categories?post=127806"},{"taxonomy":"post_tag","embeddable":true,"href":"https:\/\/candas365.es\/noticias\/wp-json\/wp\/v2\/tags?post=127806"}],"curies":[{"name":"wp","href":"https:\/\/api.w.org\/{rel}","templated":true}]}}