{"id":127797,"date":"2019-08-06T11:15:26","date_gmt":"2019-08-06T11:15:26","guid":{"rendered":"http:\/\/candas365.es\/noticias\/?p=127797"},"modified":"2019-08-06T11:15:26","modified_gmt":"2019-08-06T11:15:26","slug":"semana-del-jazz-2019-en-candas","status":"publish","type":"post","link":"https:\/\/candas365.es\/noticias\/semana-del-jazz-2019-en-candas\/","title":{"rendered":"Semana del Jazz 2019, en Cand\u00e1s"},"content":{"rendered":"<p><img fetchpriority=\"high\" decoding=\"async\" class=\"alignleft size-medium wp-image-127798\" src=\"https:\/\/candas365.es\/noticias\/wp-content\/uploads\/2019\/08\/IMG_1565003266211-360x270.jpg\" alt=\"\" width=\"360\" height=\"270\" srcset=\"https:\/\/candas365.es\/noticias\/wp-content\/uploads\/2019\/08\/IMG_1565003266211-360x270.jpg 360w, https:\/\/candas365.es\/noticias\/wp-content\/uploads\/2019\/08\/IMG_1565003266211-768x576.jpg 768w, https:\/\/candas365.es\/noticias\/wp-content\/uploads\/2019\/08\/IMG_1565003266211-640x480.jpg 640w, https:\/\/candas365.es\/noticias\/wp-content\/uploads\/2019\/08\/IMG_1565003266211-80x60.jpg 80w, https:\/\/candas365.es\/noticias\/wp-content\/uploads\/2019\/08\/IMG_1565003266211-265x198.jpg 265w, https:\/\/candas365.es\/noticias\/wp-content\/uploads\/2019\/08\/IMG_1565003266211-696x522.jpg 696w, https:\/\/candas365.es\/noticias\/wp-content\/uploads\/2019\/08\/IMG_1565003266211-560x420.jpg 560w, https:\/\/candas365.es\/noticias\/wp-content\/uploads\/2019\/08\/IMG_1565003266211.jpg 960w\" sizes=\"(max-width: 360px) 100vw, 360px\" \/>La <strong>semana del Jazz de Cand\u00e1s<\/strong> alcanza su s\u00e9ptima edici\u00f3n convirti\u00e9ndose una cita ineludible de la m\u00fasica y el jazz en nuestra regi\u00f3n.<\/p>\n<p>El mejor ambiente cultural ha dado comienzo el d\u00eda 5 de agosto hasta el pr\u00f3ximo s\u00e1bado 10 de agosto, en Cand\u00e1s. Una actividad interdisciplinar vertebrada alrededor de un curso de improvisaci\u00f3n y un festival de jazz. Una semana cargada de actividades: talleres de improvisaci\u00f3n, jam sesi\u00f3n, conciertos, conferencias y exposiciones.<\/p>\n<p>Este a\u00f1o como novedad se ha cambiado la ubicaci\u00f3n del escenario central, ubic\u00e1ndolo en la antigua f\u00e1brica de Ortiz, un emplazamiento que la organizaci\u00f3n (Asociaci\u00f3n Cuatro Notes) considera adecuado para la actividad. De esta manera los conciertos que se desarrollar\u00e1n en la antigua f\u00e1brica de Ortiz ser\u00e1n los siguientes:<\/p>\n<ul>\n<li>Mi\u00e9rcoles, 7 de agosto a las 21 horas: Los Viajeros del Swing.<\/li>\n<li>Jueves, 8 de agosto a las 21 horas: David Casillas Cuarteto.<\/li>\n<li>Viernes, 9 de agosto a las 24 horas: So What.<\/li>\n<li>S\u00e1bado, 10 de agosto a las 24 horas: Jos\u00e9 Carras Tr\u00edo.<\/li>\n<\/ul>\n<p>Adem\u00e1s se mantendr\u00e1n <strong>tres conciertos en la plaza Les Candases<\/strong>, ubicada en la Calle Vald\u00e9s Pumarino, lugar donde se ha venido desarrollando la semana en los \u00faltimos a\u00f1os. <strong>Estos conciertos cuentan con la colaboraci\u00f3n de la Cervecer\u00eda El Cormor\u00e1n Peludo y la Pizzer\u00eda Dom\u00e9nico<\/strong>:<\/p>\n<ul>\n<li>Martes, 6 de agosto a las 20 horas: Carlos Pizarro y Miguel Gallego.<\/li>\n<li>Viernes, 9 de agosto a las 20 horas: Eva Toca, Antonio Romero y Carlos Pizarro.<\/li>\n<li>S\u00e1bado, 10 de agosto a las 13 horas: Tres Tristes Tr\u00edo.<\/li>\n<\/ul>\n<p>Como complemento cultural a todo ello: exposiciones en la antigua f\u00e1brica de Ortiz, talleres de improvisaci\u00f3n, Jam Session abierta al alumnado y profesorado de los talleres, conciertos en <strong>Pub La Barrica, Pub La Gueta y Pub El Camarote<\/strong> y presentaci\u00f3n del libro de Javier Antu\u00f1a: \u00bb Hestoria gr\u00e1fica del jazz n`Asturies\u00bb.<\/p>\n<p>Otro a\u00f1o m\u00e1s se har\u00e1 la entrega de los premios Cuatro Notes, concedidas por la Asociaci\u00f3n Cultural Cuatro Notes, La Asociaci\u00f3n de M\u00fasicos\/as de Oviedo y el Colectivo Asturiano de Jazz. La entrega tendr\u00e1 lugar en la noche del s\u00e1bado 10 de agosto a las 24 horas en la F\u00e1brica de Ortiz. Con estos premios se pretende otorgar un reconocimiento especial a aquellas personas o entidades que hayan contribuido con su esfuerzo a promocionar la m\u00fasica en Asturias. Este a\u00f1o las personas premiadas son:<\/p>\n<ul>\n<li>Premio a la trayectoria profesional: David Sena.<\/li>\n<li>Premio al mejor comunicador: Manolo Abad.<\/li>\n<li>Premio al mejor programador: Asociaci\u00f3n Bocanegra.<\/li>\n<\/ul>\n<p>\u201cDesde el \u00e1rea de Cultura del Ayuntamiento de Carre\u00f1o venimos colaborando en todas las ediciones de una semana del jazz que cada a\u00f1o se afianza m\u00e1s, aglutinando a un gran p\u00fablico procedente de diferentes sitios de la geograf\u00eda espa\u00f1ola. La semana est\u00e1 organizada por la asociaci\u00f3n cultural Cuatro Notes, siendo la cabeza m\u00e1s visible de esta organizaci\u00f3n Alejandro Lafuente \u00abLafu\u00bb, profesor de la Escuela Municipal \u00abMiguel Barrosa\u00bb de Carre\u00f1o e impulsor de esta actividad cultural. Su trabajo es extraordinario poniendo a Cand\u00e1s en el mapa de la m\u00fasica Jazz. Por parte del Ayuntamiento se colabora con una subvenci\u00f3n destinada a eventos y cert\u00e1menes musicales que este a\u00f1o alcanza la cifra de 8.535,73 \u20ac , adem\u00e1s de la colaboraci\u00f3n de espacios y personal municipal para su organizaci\u00f3n\u201d se\u00f1al\u00f3 Juanjo Fern\u00e1ndez<\/p>\n<p>La entrada para todas estas actividades ser\u00e1 libre y gratuita hasta completar el aforo disponible.<\/p>\n<p>&nbsp;<\/p>\n","protected":false},"excerpt":{"rendered":"<p>La semana del Jazz de Cand\u00e1s alcanza su s\u00e9ptima edici\u00f3n convirti\u00e9ndose una cita ineludible de la m\u00fasica y el jazz en nuestra regi\u00f3n. El mejor ambiente cultural ha dado comienzo el d\u00eda 5 de agosto hasta el pr\u00f3ximo s\u00e1bado 10 de agosto, en Cand\u00e1s. Una actividad interdisciplinar vertebrada alrededor de un curso de improvisaci\u00f3n y<\/p>\n","protected":false},"author":1,"featured_media":127798,"comment_status":"closed","ping_status":"closed","sticky":false,"template":"","format":"standard","meta":{"footnotes":""},"categories":[2],"tags":[],"class_list":{"0":"post-127797","1":"post","2":"type-post","3":"status-publish","4":"format-standard","5":"has-post-thumbnail","7":"category-noticias-carreno"},"aioseo_notices":[],"aioseo_head":"\n\t\t<!-- All in One SEO Pro 4.9.6.2 - aioseo.com -->\n\t<meta name=\"description\" content=\"La semana del Jazz de Cand\u00e1s alcanza su s\u00e9ptima edici\u00f3n convirti\u00e9ndose una cita ineludible de la m\u00fasica y el jazz en nuestra regi\u00f3n. El mejor ambiente cultural ha dado comienzo el d\u00eda 5 de agosto hasta el pr\u00f3ximo s\u00e1bado 10 de agosto, en Cand\u00e1s. Una actividad interdisciplinar vertebrada alrededor de un curso de improvisaci\u00f3n y\" \/>\n\t<meta name=\"robots\" content=\"max-image-preview:large\" \/>\n\t<meta name=\"author\" content=\"Cand\u00e1s 365\"\/>\n\t<meta name=\"google-site-verification\" content=\"UA-32230408-1\" \/>\n\t<meta name=\"msvalidate.01\" content=\"354F3CDFB2DA171B47FBE9ABF1F88D5\" \/>\n\t<meta name=\"keywords\" content=\"noticias carre\u00f1o\" \/>\n\t<link rel=\"canonical\" href=\"https:\/\/candas365.es\/noticias\/semana-del-jazz-2019-en-candas\/\" \/>\n\t<meta name=\"generator\" content=\"All in One SEO Pro (AIOSEO) 4.9.6.2\" \/>\n\t\t<meta property=\"og:locale\" content=\"es_ES\" \/>\n\t\t<meta property=\"og:site_name\" content=\"Cand\u00e1s 365\" \/>\n\t\t<meta property=\"og:type\" content=\"article\" \/>\n\t\t<meta property=\"og:title\" content=\"Semana del Jazz 2019, en Cand\u00e1s | Cand\u00e1s 365\" \/>\n\t\t<meta property=\"og:description\" content=\"La semana del Jazz de Cand\u00e1s alcanza su s\u00e9ptima edici\u00f3n convirti\u00e9ndose una cita ineludible de la m\u00fasica y el jazz en nuestra regi\u00f3n. El mejor ambiente cultural ha dado comienzo el d\u00eda 5 de agosto hasta el pr\u00f3ximo s\u00e1bado 10 de agosto, en Cand\u00e1s. Una actividad interdisciplinar vertebrada alrededor de un curso de improvisaci\u00f3n y\" \/>\n\t\t<meta property=\"og:url\" content=\"https:\/\/candas365.es\/noticias\/semana-del-jazz-2019-en-candas\/\" \/>\n\t\t<meta property=\"og:image\" content=\"https:\/\/candas365.es\/noticias\/wp-content\/uploads\/2019\/08\/IMG_1565003266211.jpg\" \/>\n\t\t<meta property=\"og:image:secure_url\" content=\"https:\/\/candas365.es\/noticias\/wp-content\/uploads\/2019\/08\/IMG_1565003266211.jpg\" \/>\n\t\t<meta property=\"og:image:width\" content=\"960\" \/>\n\t\t<meta property=\"og:image:height\" content=\"720\" \/>\n\t\t<meta property=\"article:published_time\" content=\"2019-08-06T11:15:26+00:00\" \/>\n\t\t<meta property=\"article:modified_time\" content=\"2019-08-06T11:15:26+00:00\" \/>\n\t\t<meta property=\"article:publisher\" content=\"https:\/\/www.facebook.com\/Nachofdezber\" \/>\n\t\t<meta property=\"article:author\" content=\"https:\/\/www.facebook.com\/carrenoactualidad\" \/>\n\t\t<meta name=\"twitter:card\" content=\"summary_large_image\" \/>\n\t\t<meta name=\"twitter:site\" content=\"@NabercoDigital\" \/>\n\t\t<meta name=\"twitter:title\" content=\"Semana del Jazz 2019, en Cand\u00e1s | Cand\u00e1s 365\" \/>\n\t\t<meta name=\"twitter:description\" content=\"La semana del Jazz de Cand\u00e1s alcanza su s\u00e9ptima edici\u00f3n convirti\u00e9ndose una cita ineludible de la m\u00fasica y el jazz en nuestra regi\u00f3n. El mejor ambiente cultural ha dado comienzo el d\u00eda 5 de agosto hasta el pr\u00f3ximo s\u00e1bado 10 de agosto, en Cand\u00e1s. Una actividad interdisciplinar vertebrada alrededor de un curso de improvisaci\u00f3n y\" \/>\n\t\t<meta name=\"twitter:creator\" content=\"@nbasturias\" \/>\n\t\t<meta name=\"twitter:image\" content=\"https:\/\/candas365.es\/noticias\/wp-content\/uploads\/2019\/08\/IMG_1565003266211.jpg\" \/>\n\t\t<meta name=\"twitter:label1\" content=\"Escrito por\" \/>\n\t\t<meta name=\"twitter:data1\" content=\"Cand\u00e1s 365\" \/>\n\t\t<meta name=\"twitter:label2\" content=\"Tiempo de lectura estimado\" \/>\n\t\t<meta name=\"twitter:data2\" content=\"3 minutos\" \/>\n\t\t<script type=\"application\/ld+json\" class=\"aioseo-schema\">\n\t\t\t{\"@context\":\"https:\\\/\\\/schema.org\",\"@graph\":[{\"@type\":\"BreadcrumbList\",\"@id\":\"https:\\\/\\\/candas365.es\\\/noticias\\\/semana-del-jazz-2019-en-candas\\\/#breadcrumblist\",\"itemListElement\":[{\"@type\":\"ListItem\",\"@id\":\"https:\\\/\\\/candas365.es\\\/noticias#listItem\",\"position\":1,\"name\":\"Home\",\"item\":\"https:\\\/\\\/candas365.es\\\/noticias\",\"nextItem\":{\"@type\":\"ListItem\",\"@id\":\"https:\\\/\\\/candas365.es\\\/noticias\\\/category\\\/noticias-carreno\\\/#listItem\",\"name\":\"Noticias Carre\\u00f1o\"}},{\"@type\":\"ListItem\",\"@id\":\"https:\\\/\\\/candas365.es\\\/noticias\\\/category\\\/noticias-carreno\\\/#listItem\",\"position\":2,\"name\":\"Noticias Carre\\u00f1o\",\"item\":\"https:\\\/\\\/candas365.es\\\/noticias\\\/category\\\/noticias-carreno\\\/\",\"nextItem\":{\"@type\":\"ListItem\",\"@id\":\"https:\\\/\\\/candas365.es\\\/noticias\\\/semana-del-jazz-2019-en-candas\\\/#listItem\",\"name\":\"Semana del Jazz 2019, en Cand\\u00e1s\"},\"previousItem\":{\"@type\":\"ListItem\",\"@id\":\"https:\\\/\\\/candas365.es\\\/noticias#listItem\",\"name\":\"Home\"}},{\"@type\":\"ListItem\",\"@id\":\"https:\\\/\\\/candas365.es\\\/noticias\\\/semana-del-jazz-2019-en-candas\\\/#listItem\",\"position\":3,\"name\":\"Semana del Jazz 2019, en Cand\\u00e1s\",\"previousItem\":{\"@type\":\"ListItem\",\"@id\":\"https:\\\/\\\/candas365.es\\\/noticias\\\/category\\\/noticias-carreno\\\/#listItem\",\"name\":\"Noticias Carre\\u00f1o\"}}]},{\"@type\":\"NewsArticle\",\"@id\":\"https:\\\/\\\/candas365.es\\\/noticias\\\/semana-del-jazz-2019-en-candas\\\/#newsarticle\",\"name\":\"Semana del Jazz 2019, en Cand\\u00e1s | Cand\\u00e1s 365\",\"headline\":\"Semana del Jazz 2019, en Cand\\u00e1s\",\"author\":{\"@id\":\"https:\\\/\\\/candas365.es\\\/noticias\\\/author\\\/admin\\\/#author\"},\"publisher\":{\"@id\":\"https:\\\/\\\/candas365.es\\\/noticias\\\/#organization\"},\"image\":{\"@type\":\"ImageObject\",\"url\":\"https:\\\/\\\/candas365.es\\\/noticias\\\/wp-content\\\/uploads\\\/2019\\\/08\\\/IMG_1565003266211.jpg\",\"width\":960,\"height\":720},\"datePublished\":\"2019-08-06T11:15:26+02:00\",\"dateModified\":\"2019-08-06T11:15:26+02:00\",\"inLanguage\":\"es-ES\",\"mainEntityOfPage\":{\"@id\":\"https:\\\/\\\/candas365.es\\\/noticias\\\/semana-del-jazz-2019-en-candas\\\/#webpage\"},\"isPartOf\":{\"@id\":\"https:\\\/\\\/candas365.es\\\/noticias\\\/semana-del-jazz-2019-en-candas\\\/#webpage\"},\"articleSection\":\"Noticias Carre\\u00f1o\",\"dateline\":\"Publicado el agosto 6, 2019.\"},{\"@type\":\"Organization\",\"@id\":\"https:\\\/\\\/candas365.es\\\/noticias\\\/#organization\",\"name\":\"Cand\\u00e1s 365\",\"description\":\"Cand\\u00e1s 365 es un diario digital independiente, fundado en 2012, con base en Asturias. Informamos con rigor sobre actualidad, sociedad, cultura y ocio, con una mirada local y global.\",\"url\":\"https:\\\/\\\/candas365.es\\\/noticias\\\/\",\"email\":\"info@candas365.es\",\"telephone\":\"+34652131393\",\"foundingDate\":\"2012-06-10\",\"logo\":{\"@type\":\"ImageObject\",\"url\":\"https:\\\/\\\/candas365.es\\\/noticias\\\/wp-content\\\/uploads\\\/2024\\\/09\\\/Candas-365-Redes.jpg\",\"@id\":\"https:\\\/\\\/candas365.es\\\/noticias\\\/semana-del-jazz-2019-en-candas\\\/#organizationLogo\",\"width\":1152,\"height\":864,\"caption\":\"Cand\\u00e1s 365 Redes\"},\"image\":{\"@id\":\"https:\\\/\\\/candas365.es\\\/noticias\\\/semana-del-jazz-2019-en-candas\\\/#organizationLogo\"},\"sameAs\":[\"https:\\\/\\\/www.facebook.com\\\/Nachofdezber\",\"https:\\\/\\\/x.com\\\/NabercoDigital\",\"https:\\\/\\\/www.instagram.com\\\/nachofdezber\\\/\",\"https:\\\/\\\/www.youtube.com\\\/channel\\\/UCZP-2wLEB9Rv6erhFmqVnvg\"],\"address\":{\"@id\":\"https:\\\/\\\/candas365.es\\\/noticias\\\/#postaladdress\",\"@type\":\"PostalAddress\",\"streetAddress\":\"san antonio 4, san antonio 4\",\"postalCode\":\"33430\",\"addressLocality\":\"Cand\\u00e1s\",\"addressRegion\":\"Asturias\",\"addressCountry\":\"ES\"}},{\"@type\":\"Person\",\"@id\":\"https:\\\/\\\/candas365.es\\\/noticias\\\/author\\\/admin\\\/#author\",\"url\":\"https:\\\/\\\/candas365.es\\\/noticias\\\/author\\\/admin\\\/\",\"name\":\"Cand\\u00e1s 365\",\"image\":{\"@type\":\"ImageObject\",\"@id\":\"https:\\\/\\\/candas365.es\\\/noticias\\\/semana-del-jazz-2019-en-candas\\\/#authorImage\",\"url\":\"https:\\\/\\\/secure.gravatar.com\\\/avatar\\\/496a8e03d0c493ede1718b7934145dbdf8d89be1036b0eec9544e1094c9de390?s=96&d=mm&r=g\",\"width\":96,\"height\":96,\"caption\":\"Cand\\u00e1s 365\"},\"sameAs\":[\"https:\\\/\\\/www.facebook.com\\\/carrenoactualidad\",\"https:\\\/\\\/twitter.com\\\/nbasturias\",\"https:\\\/\\\/www.instagram.com\\\/nachofdezber\\\/\",\"https:\\\/\\\/www.youtube.com\\\/channel\\\/UCZP-2wLEB9Rv6erhFmqVnvg\"]},{\"@type\":\"WebPage\",\"@id\":\"https:\\\/\\\/candas365.es\\\/noticias\\\/semana-del-jazz-2019-en-candas\\\/#webpage\",\"url\":\"https:\\\/\\\/candas365.es\\\/noticias\\\/semana-del-jazz-2019-en-candas\\\/\",\"name\":\"Semana del Jazz 2019, en Cand\\u00e1s | Cand\\u00e1s 365\",\"description\":\"La semana del Jazz de Cand\\u00e1s alcanza su s\\u00e9ptima edici\\u00f3n convirti\\u00e9ndose una cita ineludible de la m\\u00fasica y el jazz en nuestra regi\\u00f3n. El mejor ambiente cultural ha dado comienzo el d\\u00eda 5 de agosto hasta el pr\\u00f3ximo s\\u00e1bado 10 de agosto, en Cand\\u00e1s. Una actividad interdisciplinar vertebrada alrededor de un curso de improvisaci\\u00f3n y\",\"inLanguage\":\"es-ES\",\"isPartOf\":{\"@id\":\"https:\\\/\\\/candas365.es\\\/noticias\\\/#website\"},\"breadcrumb\":{\"@id\":\"https:\\\/\\\/candas365.es\\\/noticias\\\/semana-del-jazz-2019-en-candas\\\/#breadcrumblist\"},\"author\":{\"@id\":\"https:\\\/\\\/candas365.es\\\/noticias\\\/author\\\/admin\\\/#author\"},\"creator\":{\"@id\":\"https:\\\/\\\/candas365.es\\\/noticias\\\/author\\\/admin\\\/#author\"},\"image\":{\"@type\":\"ImageObject\",\"url\":\"https:\\\/\\\/candas365.es\\\/noticias\\\/wp-content\\\/uploads\\\/2019\\\/08\\\/IMG_1565003266211.jpg\",\"@id\":\"https:\\\/\\\/candas365.es\\\/noticias\\\/semana-del-jazz-2019-en-candas\\\/#mainImage\",\"width\":960,\"height\":720},\"primaryImageOfPage\":{\"@id\":\"https:\\\/\\\/candas365.es\\\/noticias\\\/semana-del-jazz-2019-en-candas\\\/#mainImage\"},\"datePublished\":\"2019-08-06T11:15:26+02:00\",\"dateModified\":\"2019-08-06T11:15:26+02:00\"},{\"@type\":\"WebSite\",\"@id\":\"https:\\\/\\\/candas365.es\\\/noticias\\\/#website\",\"url\":\"https:\\\/\\\/candas365.es\\\/noticias\\\/\",\"name\":\"Cand\\u00e1s 365\",\"alternateName\":\"Cand\\u00e1s 365 Noticias\",\"description\":\"Actualidad desde Carre\\u00f1o para el mundo\",\"inLanguage\":\"es-ES\",\"publisher\":{\"@id\":\"https:\\\/\\\/candas365.es\\\/noticias\\\/#organization\"}}]}\n\t\t<\/script>\n\t\t<!-- All in One SEO Pro -->\r\n\t\t<title>Semana del Jazz 2019, en Cand\u00e1s | Cand\u00e1s 365<\/title>\n\n","aioseo_head_json":{"title":"Semana del Jazz 2019, en Cand\u00e1s | Cand\u00e1s 365","description":"La semana del Jazz de Cand\u00e1s alcanza su s\u00e9ptima edici\u00f3n convirti\u00e9ndose una cita ineludible de la m\u00fasica y el jazz en nuestra regi\u00f3n. El mejor ambiente cultural ha dado comienzo el d\u00eda 5 de agosto hasta el pr\u00f3ximo s\u00e1bado 10 de agosto, en Cand\u00e1s. Una actividad interdisciplinar vertebrada alrededor de un curso de improvisaci\u00f3n y","canonical_url":"https:\/\/candas365.es\/noticias\/semana-del-jazz-2019-en-candas\/","robots":"max-image-preview:large","keywords":"noticias carre\u00f1o","webmasterTools":{"google-site-verification":"UA-32230408-1","msvalidate.01":"354F3CDFB2DA171B47FBE9ABF1F88D5","miscellaneous":""},"schema":{"@context":"https:\/\/schema.org","@graph":[{"@type":"BreadcrumbList","@id":"https:\/\/candas365.es\/noticias\/semana-del-jazz-2019-en-candas\/#breadcrumblist","itemListElement":[{"@type":"ListItem","@id":"https:\/\/candas365.es\/noticias#listItem","position":1,"name":"Home","item":"https:\/\/candas365.es\/noticias","nextItem":{"@type":"ListItem","@id":"https:\/\/candas365.es\/noticias\/category\/noticias-carreno\/#listItem","name":"Noticias Carre\u00f1o"}},{"@type":"ListItem","@id":"https:\/\/candas365.es\/noticias\/category\/noticias-carreno\/#listItem","position":2,"name":"Noticias Carre\u00f1o","item":"https:\/\/candas365.es\/noticias\/category\/noticias-carreno\/","nextItem":{"@type":"ListItem","@id":"https:\/\/candas365.es\/noticias\/semana-del-jazz-2019-en-candas\/#listItem","name":"Semana del Jazz 2019, en Cand\u00e1s"},"previousItem":{"@type":"ListItem","@id":"https:\/\/candas365.es\/noticias#listItem","name":"Home"}},{"@type":"ListItem","@id":"https:\/\/candas365.es\/noticias\/semana-del-jazz-2019-en-candas\/#listItem","position":3,"name":"Semana del Jazz 2019, en Cand\u00e1s","previousItem":{"@type":"ListItem","@id":"https:\/\/candas365.es\/noticias\/category\/noticias-carreno\/#listItem","name":"Noticias Carre\u00f1o"}}]},{"@type":"NewsArticle","@id":"https:\/\/candas365.es\/noticias\/semana-del-jazz-2019-en-candas\/#newsarticle","name":"Semana del Jazz 2019, en Cand\u00e1s | Cand\u00e1s 365","headline":"Semana del Jazz 2019, en Cand\u00e1s","author":{"@id":"https:\/\/candas365.es\/noticias\/author\/admin\/#author"},"publisher":{"@id":"https:\/\/candas365.es\/noticias\/#organization"},"image":{"@type":"ImageObject","url":"https:\/\/candas365.es\/noticias\/wp-content\/uploads\/2019\/08\/IMG_1565003266211.jpg","width":960,"height":720},"datePublished":"2019-08-06T11:15:26+02:00","dateModified":"2019-08-06T11:15:26+02:00","inLanguage":"es-ES","mainEntityOfPage":{"@id":"https:\/\/candas365.es\/noticias\/semana-del-jazz-2019-en-candas\/#webpage"},"isPartOf":{"@id":"https:\/\/candas365.es\/noticias\/semana-del-jazz-2019-en-candas\/#webpage"},"articleSection":"Noticias Carre\u00f1o","dateline":"Publicado el agosto 6, 2019."},{"@type":"Organization","@id":"https:\/\/candas365.es\/noticias\/#organization","name":"Cand\u00e1s 365","description":"Cand\u00e1s 365 es un diario digital independiente, fundado en 2012, con base en Asturias. Informamos con rigor sobre actualidad, sociedad, cultura y ocio, con una mirada local y global.","url":"https:\/\/candas365.es\/noticias\/","email":"info@candas365.es","telephone":"+34652131393","foundingDate":"2012-06-10","logo":{"@type":"ImageObject","url":"https:\/\/candas365.es\/noticias\/wp-content\/uploads\/2024\/09\/Candas-365-Redes.jpg","@id":"https:\/\/candas365.es\/noticias\/semana-del-jazz-2019-en-candas\/#organizationLogo","width":1152,"height":864,"caption":"Cand\u00e1s 365 Redes"},"image":{"@id":"https:\/\/candas365.es\/noticias\/semana-del-jazz-2019-en-candas\/#organizationLogo"},"sameAs":["https:\/\/www.facebook.com\/Nachofdezber","https:\/\/x.com\/NabercoDigital","https:\/\/www.instagram.com\/nachofdezber\/","https:\/\/www.youtube.com\/channel\/UCZP-2wLEB9Rv6erhFmqVnvg"],"address":{"@id":"https:\/\/candas365.es\/noticias\/#postaladdress","@type":"PostalAddress","streetAddress":"san antonio 4, san antonio 4","postalCode":"33430","addressLocality":"Cand\u00e1s","addressRegion":"Asturias","addressCountry":"ES"}},{"@type":"Person","@id":"https:\/\/candas365.es\/noticias\/author\/admin\/#author","url":"https:\/\/candas365.es\/noticias\/author\/admin\/","name":"Cand\u00e1s 365","image":{"@type":"ImageObject","@id":"https:\/\/candas365.es\/noticias\/semana-del-jazz-2019-en-candas\/#authorImage","url":"https:\/\/secure.gravatar.com\/avatar\/496a8e03d0c493ede1718b7934145dbdf8d89be1036b0eec9544e1094c9de390?s=96&d=mm&r=g","width":96,"height":96,"caption":"Cand\u00e1s 365"},"sameAs":["https:\/\/www.facebook.com\/carrenoactualidad","https:\/\/twitter.com\/nbasturias","https:\/\/www.instagram.com\/nachofdezber\/","https:\/\/www.youtube.com\/channel\/UCZP-2wLEB9Rv6erhFmqVnvg"]},{"@type":"WebPage","@id":"https:\/\/candas365.es\/noticias\/semana-del-jazz-2019-en-candas\/#webpage","url":"https:\/\/candas365.es\/noticias\/semana-del-jazz-2019-en-candas\/","name":"Semana del Jazz 2019, en Cand\u00e1s | Cand\u00e1s 365","description":"La semana del Jazz de Cand\u00e1s alcanza su s\u00e9ptima edici\u00f3n convirti\u00e9ndose una cita ineludible de la m\u00fasica y el jazz en nuestra regi\u00f3n. El mejor ambiente cultural ha dado comienzo el d\u00eda 5 de agosto hasta el pr\u00f3ximo s\u00e1bado 10 de agosto, en Cand\u00e1s. Una actividad interdisciplinar vertebrada alrededor de un curso de improvisaci\u00f3n y","inLanguage":"es-ES","isPartOf":{"@id":"https:\/\/candas365.es\/noticias\/#website"},"breadcrumb":{"@id":"https:\/\/candas365.es\/noticias\/semana-del-jazz-2019-en-candas\/#breadcrumblist"},"author":{"@id":"https:\/\/candas365.es\/noticias\/author\/admin\/#author"},"creator":{"@id":"https:\/\/candas365.es\/noticias\/author\/admin\/#author"},"image":{"@type":"ImageObject","url":"https:\/\/candas365.es\/noticias\/wp-content\/uploads\/2019\/08\/IMG_1565003266211.jpg","@id":"https:\/\/candas365.es\/noticias\/semana-del-jazz-2019-en-candas\/#mainImage","width":960,"height":720},"primaryImageOfPage":{"@id":"https:\/\/candas365.es\/noticias\/semana-del-jazz-2019-en-candas\/#mainImage"},"datePublished":"2019-08-06T11:15:26+02:00","dateModified":"2019-08-06T11:15:26+02:00"},{"@type":"WebSite","@id":"https:\/\/candas365.es\/noticias\/#website","url":"https:\/\/candas365.es\/noticias\/","name":"Cand\u00e1s 365","alternateName":"Cand\u00e1s 365 Noticias","description":"Actualidad desde Carre\u00f1o para el mundo","inLanguage":"es-ES","publisher":{"@id":"https:\/\/candas365.es\/noticias\/#organization"}}]},"og:locale":"es_ES","og:site_name":"Cand\u00e1s 365","og:type":"article","og:title":"Semana del Jazz 2019, en Cand\u00e1s | Cand\u00e1s 365","og:description":"La semana del Jazz de Cand\u00e1s alcanza su s\u00e9ptima edici\u00f3n convirti\u00e9ndose una cita ineludible de la m\u00fasica y el jazz en nuestra regi\u00f3n. El mejor ambiente cultural ha dado comienzo el d\u00eda 5 de agosto hasta el pr\u00f3ximo s\u00e1bado 10 de agosto, en Cand\u00e1s. Una actividad interdisciplinar vertebrada alrededor de un curso de improvisaci\u00f3n y","og:url":"https:\/\/candas365.es\/noticias\/semana-del-jazz-2019-en-candas\/","og:image":"https:\/\/candas365.es\/noticias\/wp-content\/uploads\/2019\/08\/IMG_1565003266211.jpg","og:image:secure_url":"https:\/\/candas365.es\/noticias\/wp-content\/uploads\/2019\/08\/IMG_1565003266211.jpg","og:image:width":960,"og:image:height":720,"article:published_time":"2019-08-06T11:15:26+00:00","article:modified_time":"2019-08-06T11:15:26+00:00","article:publisher":"https:\/\/www.facebook.com\/Nachofdezber","article:author":"https:\/\/www.facebook.com\/carrenoactualidad","twitter:card":"summary_large_image","twitter:site":"@NabercoDigital","twitter:title":"Semana del Jazz 2019, en Cand\u00e1s | Cand\u00e1s 365","twitter:description":"La semana del Jazz de Cand\u00e1s alcanza su s\u00e9ptima edici\u00f3n convirti\u00e9ndose una cita ineludible de la m\u00fasica y el jazz en nuestra regi\u00f3n. El mejor ambiente cultural ha dado comienzo el d\u00eda 5 de agosto hasta el pr\u00f3ximo s\u00e1bado 10 de agosto, en Cand\u00e1s. Una actividad interdisciplinar vertebrada alrededor de un curso de improvisaci\u00f3n y","twitter:creator":"@nbasturias","twitter:image":"https:\/\/candas365.es\/noticias\/wp-content\/uploads\/2019\/08\/IMG_1565003266211.jpg","twitter:label1":"Escrito por","twitter:data1":"Cand\u00e1s 365","twitter:label2":"Tiempo de lectura estimado","twitter:data2":"3 minutos"},"aioseo_meta_data":{"post_id":"127797","title":null,"description":null,"keywords":null,"keyphrases":null,"primary_term":null,"canonical_url":null,"og_title":null,"og_description":null,"og_object_type":"default","og_image_type":"default","og_image_url":null,"og_image_width":null,"og_image_height":null,"og_image_custom_url":null,"og_image_custom_fields":null,"og_video":null,"og_custom_url":null,"og_article_section":null,"og_article_tags":null,"twitter_use_og":false,"twitter_card":"default","twitter_image_type":"default","twitter_image_url":null,"twitter_image_custom_url":null,"twitter_image_custom_fields":null,"twitter_title":null,"twitter_description":null,"schema":{"blockGraphs":[],"customGraphs":[],"default":{"data":{"Article":[],"Course":[],"Dataset":[],"FAQPage":[],"Movie":[],"Person":[],"Product":[],"ProductReview":[],"Car":[],"Recipe":[],"Service":[],"SoftwareApplication":[],"WebPage":[]},"graphName":"","isEnabled":true},"graphs":[],"defaultGraph":"","defaultPostTypeGraph":""},"schema_type":null,"schema_type_options":null,"pillar_content":false,"robots_default":true,"robots_noindex":false,"robots_noarchive":false,"robots_nosnippet":false,"robots_nofollow":false,"robots_noimageindex":false,"robots_noodp":false,"robots_notranslate":false,"robots_max_snippet":null,"robots_max_videopreview":null,"robots_max_imagepreview":"large","priority":null,"frequency":null,"location":null,"local_seo":null,"seo_analyzer_scan_date":"2025-08-30 10:57:32","breadcrumb_settings":null,"limit_modified_date":false,"reviewed_by":null,"open_ai":null,"ai":null,"created":"2020-12-21 10:54:07","updated":"2025-08-30 10:57:32"},"aioseo_breadcrumb":"<div class=\"aioseo-breadcrumbs\"><span class=\"aioseo-breadcrumb\">\n\t<a href=\"https:\/\/candas365.es\/noticias\" title=\"Home\">Home<\/a>\n<\/span><span class=\"aioseo-breadcrumb-separator\">&ndash;<\/span><span class=\"aioseo-breadcrumb\">\n\t<a href=\"https:\/\/candas365.es\/noticias\/category\/noticias-carreno\/\" title=\"Noticias Carre\u00f1o\">Noticias Carre\u00f1o<\/a>\n<\/span><span class=\"aioseo-breadcrumb-separator\">&ndash;<\/span><span class=\"aioseo-breadcrumb\">\n\tSemana del Jazz 2019, en Cand\u00e1s\n<\/span><\/div>","aioseo_breadcrumb_json":[{"label":"Home","link":"https:\/\/candas365.es\/noticias"},{"label":"Noticias Carre\u00f1o","link":"https:\/\/candas365.es\/noticias\/category\/noticias-carreno\/"},{"label":"Semana del Jazz 2019, en Cand\u00e1s","link":"https:\/\/candas365.es\/noticias\/semana-del-jazz-2019-en-candas\/"}],"_links":{"self":[{"href":"https:\/\/candas365.es\/noticias\/wp-json\/wp\/v2\/posts\/127797","targetHints":{"allow":["GET"]}}],"collection":[{"href":"https:\/\/candas365.es\/noticias\/wp-json\/wp\/v2\/posts"}],"about":[{"href":"https:\/\/candas365.es\/noticias\/wp-json\/wp\/v2\/types\/post"}],"author":[{"embeddable":true,"href":"https:\/\/candas365.es\/noticias\/wp-json\/wp\/v2\/users\/1"}],"replies":[{"embeddable":true,"href":"https:\/\/candas365.es\/noticias\/wp-json\/wp\/v2\/comments?post=127797"}],"version-history":[{"count":0,"href":"https:\/\/candas365.es\/noticias\/wp-json\/wp\/v2\/posts\/127797\/revisions"}],"wp:featuredmedia":[{"embeddable":true,"href":"https:\/\/candas365.es\/noticias\/wp-json\/wp\/v2\/media\/127798"}],"wp:attachment":[{"href":"https:\/\/candas365.es\/noticias\/wp-json\/wp\/v2\/media?parent=127797"}],"wp:term":[{"taxonomy":"category","embeddable":true,"href":"https:\/\/candas365.es\/noticias\/wp-json\/wp\/v2\/categories?post=127797"},{"taxonomy":"post_tag","embeddable":true,"href":"https:\/\/candas365.es\/noticias\/wp-json\/wp\/v2\/tags?post=127797"}],"curies":[{"name":"wp","href":"https:\/\/api.w.org\/{rel}","templated":true}]}}