{"id":127795,"date":"2019-08-06T11:11:13","date_gmt":"2019-08-06T11:11:13","guid":{"rendered":"http:\/\/candas365.es\/noticias\/?p=127795"},"modified":"2019-08-06T11:11:13","modified_gmt":"2019-08-06T11:11:13","slug":"carreno-y-aspefa-firman-un-convenio-de-de-colaboracion","status":"publish","type":"post","link":"https:\/\/candas365.es\/noticias\/carreno-y-aspefa-firman-un-convenio-de-de-colaboracion\/","title":{"rendered":"Carre\u00f1o y ASPEFA firman un convenio de de colaboraci\u00f3n"},"content":{"rendered":"<p><img fetchpriority=\"high\" decoding=\"async\" class=\"alignleft size-medium wp-image-6453\" src=\"https:\/\/candas365.es\/noticias\/wp-content\/uploads\/2015\/01\/ayuntamiento-360x270.jpg\" alt=\"\" width=\"360\" height=\"270\" srcset=\"https:\/\/candas365.es\/noticias\/wp-content\/uploads\/2015\/01\/ayuntamiento-360x270.jpg 360w, https:\/\/candas365.es\/noticias\/wp-content\/uploads\/2015\/01\/ayuntamiento-640x480.jpg 640w, https:\/\/candas365.es\/noticias\/wp-content\/uploads\/2015\/01\/ayuntamiento-768x576.jpg 768w, https:\/\/candas365.es\/noticias\/wp-content\/uploads\/2015\/01\/ayuntamiento-150x113.jpg 150w, https:\/\/candas365.es\/noticias\/wp-content\/uploads\/2015\/01\/ayuntamiento-450x338.jpg 450w, https:\/\/candas365.es\/noticias\/wp-content\/uploads\/2015\/01\/ayuntamiento-80x60.jpg 80w, https:\/\/candas365.es\/noticias\/wp-content\/uploads\/2015\/01\/ayuntamiento-265x198.jpg 265w, https:\/\/candas365.es\/noticias\/wp-content\/uploads\/2015\/01\/ayuntamiento-696x522.jpg 696w, https:\/\/candas365.es\/noticias\/wp-content\/uploads\/2015\/01\/ayuntamiento-560x420.jpg 560w, https:\/\/candas365.es\/noticias\/wp-content\/uploads\/2015\/01\/ayuntamiento-90x67.jpg 90w, https:\/\/candas365.es\/noticias\/wp-content\/uploads\/2015\/01\/ayuntamiento.jpg 800w\" sizes=\"(max-width: 360px) 100vw, 360px\" \/>El Ayuntamiento de Carre\u00f1o y la Asociaci\u00f3n de Empresarios y Propietarios de Falmuria (ASPEFA) rubricaron un <strong>convenio de colaboraci\u00f3n<\/strong>, entre ambas entidades, cuyo objetivo es la limpieza y el mantenimiento del Pol\u00edgono industrial de Falmuria.<\/p>\n<p>Este compromiso qued\u00f3 reflejado en la firma por parte del Presidente de ASPEFA, V\u00edctor Jos\u00e9 Men\u00e9ndez Fern\u00e1ndez y por parte del Ayuntamiento de Carre\u00f1o, su Alcaldesa, Amelia Fern\u00e1ndez, del nuevo convenio de colaboraci\u00f3n, en la ma\u00f1ana del lunes 5 de agosto, en el Sal\u00f3n de Plenos del Ayuntamiento de Carre\u00f1o.<\/p>\n<p>Con la firma de este convenio el Ayuntamiento de Carre\u00f1o se compromete a asumir el 60% de coste de los trabajos de limpieza y mantenimiento del \u00e1rea industrial del pol\u00edgono de Falmuria (Priendes) estim\u00e1ndose necesario la ejecuci\u00f3n de cuatro limpiezas anuales. Mientras que ASPEFA se encargar\u00e1 de la contrataci\u00f3n y supervisi\u00f3n del servicio, asegurando que se cumple con la periodicidad de los mismos.<\/p>\n<p>Desde que se constituy\u00f3 la asociaci\u00f3n de ASPEFA es habitual la colaboraci\u00f3n para el funcionamiento y la mejora del pol\u00edgono de Falmuria entre \u00e9sta y el Ayuntamiento de Carre\u00f1o. Al convenio de colaboraci\u00f3n para la limpieza hay que sumarle toda una serie de acciones, varias y variadas, que a lo largo de los a\u00f1os, se han llevado a cabo. Entre las m\u00e1s destacadas se encuentran las obras de mejora de accesibilidad y de se\u00f1alizaci\u00f3n y ordenaci\u00f3n del tr\u00e1fico, en las que se inclu\u00eda la colocaci\u00f3n del directorio de empresas o la creaci\u00f3n de un aparcamiento en el 2016; tras estas en el 2018-19 la redacci\u00f3n del \u201cPlan Integral de Seguridad de Falmuria\u201d y para este a\u00f1o se pretende llevar a cabo las mejoras en la red de hidrantes, concretamente con la creaci\u00f3n de un nuevo punto y la reubicaci\u00f3n de los existentes.<\/p>\n<p>Adem\u00e1s a estas actuaciones destaca las que desde la Federaci\u00f3n de Pol\u00edgonos Industriales de Asturias se hacen para apoyar la mejora continua los pol\u00edgonos, como es el caso de la creaci\u00f3n y puesta en marcha de un Plan Medio Ambiental del pol\u00edgono de Falmuria, cuyo fin es la realizaci\u00f3n de un conjunto de acciones para aminorar el impacto ambiental de las actividades de las empresas y de la propia urbanizaci\u00f3n del pol\u00edgono.<\/p>\n<p>En la actualidad el Pol\u00edgono de Falmuria est\u00e1 formado por 59 empresas de diferente \u00e1mbito y sector. All\u00ed est\u00e1n instaladas empresas de muebles, alimentaci\u00f3n, imagen y sonido, ocio y entretenimiento, servicios funerarios, de moda, de industria, de hogar, de construcci\u00f3n, etc\u2026<\/p>\n","protected":false},"excerpt":{"rendered":"<p>El Ayuntamiento de Carre\u00f1o y la Asociaci\u00f3n de Empresarios y Propietarios de Falmuria (ASPEFA) rubricaron un convenio de colaboraci\u00f3n, entre ambas entidades, cuyo objetivo es la limpieza y el mantenimiento del Pol\u00edgono industrial de Falmuria. Este compromiso qued\u00f3 reflejado en la firma por parte del Presidente de ASPEFA, V\u00edctor Jos\u00e9 Men\u00e9ndez Fern\u00e1ndez y por parte<\/p>\n","protected":false},"author":1,"featured_media":6453,"comment_status":"closed","ping_status":"closed","sticky":false,"template":"","format":"standard","meta":{"footnotes":""},"categories":[2],"tags":[],"class_list":{"0":"post-127795","1":"post","2":"type-post","3":"status-publish","4":"format-standard","5":"has-post-thumbnail","7":"category-noticias-carreno"},"aioseo_notices":[],"aioseo_head":"\n\t\t<!-- All in One SEO Pro 4.9.6.2 - aioseo.com -->\n\t<meta name=\"description\" content=\"El Ayuntamiento de Carre\u00f1o y la Asociaci\u00f3n de Empresarios y Propietarios de Falmuria (ASPEFA) rubricaron un convenio de colaboraci\u00f3n, entre ambas entidades, cuyo objetivo es la limpieza y el mantenimiento del Pol\u00edgono industrial de Falmuria. Este compromiso qued\u00f3 reflejado en la firma por parte del Presidente de ASPEFA, V\u00edctor Jos\u00e9 Men\u00e9ndez Fern\u00e1ndez y por parte\" \/>\n\t<meta name=\"robots\" content=\"max-image-preview:large\" \/>\n\t<meta name=\"author\" content=\"Cand\u00e1s 365\"\/>\n\t<meta name=\"google-site-verification\" content=\"UA-32230408-1\" \/>\n\t<meta name=\"msvalidate.01\" content=\"354F3CDFB2DA171B47FBE9ABF1F88D5\" \/>\n\t<meta name=\"keywords\" content=\"noticias carre\u00f1o\" \/>\n\t<link rel=\"canonical\" href=\"https:\/\/candas365.es\/noticias\/carreno-y-aspefa-firman-un-convenio-de-de-colaboracion\/\" \/>\n\t<meta name=\"generator\" content=\"All in One SEO Pro (AIOSEO) 4.9.6.2\" \/>\n\t\t<meta property=\"og:locale\" content=\"es_ES\" \/>\n\t\t<meta property=\"og:site_name\" content=\"Cand\u00e1s 365\" \/>\n\t\t<meta property=\"og:type\" content=\"article\" \/>\n\t\t<meta property=\"og:title\" content=\"Carre\u00f1o y ASPEFA firman un convenio de de colaboraci\u00f3n | Cand\u00e1s 365\" \/>\n\t\t<meta property=\"og:description\" content=\"El Ayuntamiento de Carre\u00f1o y la Asociaci\u00f3n de Empresarios y Propietarios de Falmuria (ASPEFA) rubricaron un convenio de colaboraci\u00f3n, entre ambas entidades, cuyo objetivo es la limpieza y el mantenimiento del Pol\u00edgono industrial de Falmuria. Este compromiso qued\u00f3 reflejado en la firma por parte del Presidente de ASPEFA, V\u00edctor Jos\u00e9 Men\u00e9ndez Fern\u00e1ndez y por parte\" \/>\n\t\t<meta property=\"og:url\" content=\"https:\/\/candas365.es\/noticias\/carreno-y-aspefa-firman-un-convenio-de-de-colaboracion\/\" \/>\n\t\t<meta property=\"og:image\" content=\"https:\/\/candas365.es\/noticias\/wp-content\/uploads\/2015\/01\/ayuntamiento.jpg\" \/>\n\t\t<meta property=\"og:image:secure_url\" content=\"https:\/\/candas365.es\/noticias\/wp-content\/uploads\/2015\/01\/ayuntamiento.jpg\" \/>\n\t\t<meta property=\"og:image:width\" content=\"800\" \/>\n\t\t<meta property=\"og:image:height\" content=\"600\" \/>\n\t\t<meta property=\"article:published_time\" content=\"2019-08-06T11:11:13+00:00\" \/>\n\t\t<meta property=\"article:modified_time\" content=\"2019-08-06T11:11:13+00:00\" \/>\n\t\t<meta property=\"article:publisher\" content=\"https:\/\/www.facebook.com\/Nachofdezber\" \/>\n\t\t<meta property=\"article:author\" content=\"https:\/\/www.facebook.com\/carrenoactualidad\" \/>\n\t\t<meta name=\"twitter:card\" content=\"summary_large_image\" \/>\n\t\t<meta name=\"twitter:site\" content=\"@NabercoDigital\" \/>\n\t\t<meta name=\"twitter:title\" content=\"Carre\u00f1o y ASPEFA firman un convenio de de colaboraci\u00f3n | Cand\u00e1s 365\" \/>\n\t\t<meta name=\"twitter:description\" content=\"El Ayuntamiento de Carre\u00f1o y la Asociaci\u00f3n de Empresarios y Propietarios de Falmuria (ASPEFA) rubricaron un convenio de colaboraci\u00f3n, entre ambas entidades, cuyo objetivo es la limpieza y el mantenimiento del Pol\u00edgono industrial de Falmuria. Este compromiso qued\u00f3 reflejado en la firma por parte del Presidente de ASPEFA, V\u00edctor Jos\u00e9 Men\u00e9ndez Fern\u00e1ndez y por parte\" \/>\n\t\t<meta name=\"twitter:creator\" content=\"@nbasturias\" \/>\n\t\t<meta name=\"twitter:image\" content=\"https:\/\/candas365.es\/noticias\/wp-content\/uploads\/2015\/01\/ayuntamiento.jpg\" \/>\n\t\t<meta name=\"twitter:label1\" content=\"Escrito por\" \/>\n\t\t<meta name=\"twitter:data1\" content=\"Cand\u00e1s 365\" \/>\n\t\t<meta name=\"twitter:label2\" content=\"Tiempo de lectura estimado\" \/>\n\t\t<meta name=\"twitter:data2\" content=\"2 minutos\" \/>\n\t\t<script type=\"application\/ld+json\" class=\"aioseo-schema\">\n\t\t\t{\"@context\":\"https:\\\/\\\/schema.org\",\"@graph\":[{\"@type\":\"BreadcrumbList\",\"@id\":\"https:\\\/\\\/candas365.es\\\/noticias\\\/carreno-y-aspefa-firman-un-convenio-de-de-colaboracion\\\/#breadcrumblist\",\"itemListElement\":[{\"@type\":\"ListItem\",\"@id\":\"https:\\\/\\\/candas365.es\\\/noticias#listItem\",\"position\":1,\"name\":\"Home\",\"item\":\"https:\\\/\\\/candas365.es\\\/noticias\",\"nextItem\":{\"@type\":\"ListItem\",\"@id\":\"https:\\\/\\\/candas365.es\\\/noticias\\\/category\\\/noticias-carreno\\\/#listItem\",\"name\":\"Noticias Carre\\u00f1o\"}},{\"@type\":\"ListItem\",\"@id\":\"https:\\\/\\\/candas365.es\\\/noticias\\\/category\\\/noticias-carreno\\\/#listItem\",\"position\":2,\"name\":\"Noticias Carre\\u00f1o\",\"item\":\"https:\\\/\\\/candas365.es\\\/noticias\\\/category\\\/noticias-carreno\\\/\",\"nextItem\":{\"@type\":\"ListItem\",\"@id\":\"https:\\\/\\\/candas365.es\\\/noticias\\\/carreno-y-aspefa-firman-un-convenio-de-de-colaboracion\\\/#listItem\",\"name\":\"Carre\\u00f1o y ASPEFA firman un convenio de de colaboraci\\u00f3n\"},\"previousItem\":{\"@type\":\"ListItem\",\"@id\":\"https:\\\/\\\/candas365.es\\\/noticias#listItem\",\"name\":\"Home\"}},{\"@type\":\"ListItem\",\"@id\":\"https:\\\/\\\/candas365.es\\\/noticias\\\/carreno-y-aspefa-firman-un-convenio-de-de-colaboracion\\\/#listItem\",\"position\":3,\"name\":\"Carre\\u00f1o y ASPEFA firman un convenio de de colaboraci\\u00f3n\",\"previousItem\":{\"@type\":\"ListItem\",\"@id\":\"https:\\\/\\\/candas365.es\\\/noticias\\\/category\\\/noticias-carreno\\\/#listItem\",\"name\":\"Noticias Carre\\u00f1o\"}}]},{\"@type\":\"NewsArticle\",\"@id\":\"https:\\\/\\\/candas365.es\\\/noticias\\\/carreno-y-aspefa-firman-un-convenio-de-de-colaboracion\\\/#newsarticle\",\"name\":\"Carre\\u00f1o y ASPEFA firman un convenio de de colaboraci\\u00f3n | Cand\\u00e1s 365\",\"headline\":\"Carre\\u00f1o y ASPEFA firman un convenio de de colaboraci\\u00f3n\",\"author\":{\"@id\":\"https:\\\/\\\/candas365.es\\\/noticias\\\/author\\\/admin\\\/#author\"},\"publisher\":{\"@id\":\"https:\\\/\\\/candas365.es\\\/noticias\\\/#organization\"},\"image\":{\"@type\":\"ImageObject\",\"url\":\"https:\\\/\\\/candas365.es\\\/noticias\\\/wp-content\\\/uploads\\\/2015\\\/01\\\/ayuntamiento.jpg\",\"width\":800,\"height\":600,\"caption\":\"Carre\\u00f1o\"},\"datePublished\":\"2019-08-06T11:11:13+02:00\",\"dateModified\":\"2019-08-06T11:11:13+02:00\",\"inLanguage\":\"es-ES\",\"mainEntityOfPage\":{\"@id\":\"https:\\\/\\\/candas365.es\\\/noticias\\\/carreno-y-aspefa-firman-un-convenio-de-de-colaboracion\\\/#webpage\"},\"isPartOf\":{\"@id\":\"https:\\\/\\\/candas365.es\\\/noticias\\\/carreno-y-aspefa-firman-un-convenio-de-de-colaboracion\\\/#webpage\"},\"articleSection\":\"Noticias Carre\\u00f1o\",\"dateline\":\"Publicado el agosto 6, 2019.\"},{\"@type\":\"Organization\",\"@id\":\"https:\\\/\\\/candas365.es\\\/noticias\\\/#organization\",\"name\":\"Cand\\u00e1s 365\",\"description\":\"Cand\\u00e1s 365 es un diario digital independiente, fundado en 2012, con base en Asturias. Informamos con rigor sobre actualidad, sociedad, cultura y ocio, con una mirada local y global.\",\"url\":\"https:\\\/\\\/candas365.es\\\/noticias\\\/\",\"email\":\"info@candas365.es\",\"telephone\":\"+34652131393\",\"foundingDate\":\"2012-06-10\",\"logo\":{\"@type\":\"ImageObject\",\"url\":\"https:\\\/\\\/candas365.es\\\/noticias\\\/wp-content\\\/uploads\\\/2024\\\/09\\\/Candas-365-Redes.jpg\",\"@id\":\"https:\\\/\\\/candas365.es\\\/noticias\\\/carreno-y-aspefa-firman-un-convenio-de-de-colaboracion\\\/#organizationLogo\",\"width\":1152,\"height\":864,\"caption\":\"Cand\\u00e1s 365 Redes\"},\"image\":{\"@id\":\"https:\\\/\\\/candas365.es\\\/noticias\\\/carreno-y-aspefa-firman-un-convenio-de-de-colaboracion\\\/#organizationLogo\"},\"sameAs\":[\"https:\\\/\\\/www.facebook.com\\\/Nachofdezber\",\"https:\\\/\\\/x.com\\\/NabercoDigital\",\"https:\\\/\\\/www.instagram.com\\\/nachofdezber\\\/\",\"https:\\\/\\\/www.youtube.com\\\/channel\\\/UCZP-2wLEB9Rv6erhFmqVnvg\"],\"address\":{\"@id\":\"https:\\\/\\\/candas365.es\\\/noticias\\\/#postaladdress\",\"@type\":\"PostalAddress\",\"streetAddress\":\"san antonio 4, san antonio 4\",\"postalCode\":\"33430\",\"addressLocality\":\"Cand\\u00e1s\",\"addressRegion\":\"Asturias\",\"addressCountry\":\"ES\"}},{\"@type\":\"Person\",\"@id\":\"https:\\\/\\\/candas365.es\\\/noticias\\\/author\\\/admin\\\/#author\",\"url\":\"https:\\\/\\\/candas365.es\\\/noticias\\\/author\\\/admin\\\/\",\"name\":\"Cand\\u00e1s 365\",\"image\":{\"@type\":\"ImageObject\",\"@id\":\"https:\\\/\\\/candas365.es\\\/noticias\\\/carreno-y-aspefa-firman-un-convenio-de-de-colaboracion\\\/#authorImage\",\"url\":\"https:\\\/\\\/secure.gravatar.com\\\/avatar\\\/496a8e03d0c493ede1718b7934145dbdf8d89be1036b0eec9544e1094c9de390?s=96&d=mm&r=g\",\"width\":96,\"height\":96,\"caption\":\"Cand\\u00e1s 365\"},\"sameAs\":[\"https:\\\/\\\/www.facebook.com\\\/carrenoactualidad\",\"https:\\\/\\\/twitter.com\\\/nbasturias\",\"https:\\\/\\\/www.instagram.com\\\/nachofdezber\\\/\",\"https:\\\/\\\/www.youtube.com\\\/channel\\\/UCZP-2wLEB9Rv6erhFmqVnvg\"]},{\"@type\":\"WebPage\",\"@id\":\"https:\\\/\\\/candas365.es\\\/noticias\\\/carreno-y-aspefa-firman-un-convenio-de-de-colaboracion\\\/#webpage\",\"url\":\"https:\\\/\\\/candas365.es\\\/noticias\\\/carreno-y-aspefa-firman-un-convenio-de-de-colaboracion\\\/\",\"name\":\"Carre\\u00f1o y ASPEFA firman un convenio de de colaboraci\\u00f3n | Cand\\u00e1s 365\",\"description\":\"El Ayuntamiento de Carre\\u00f1o y la Asociaci\\u00f3n de Empresarios y Propietarios de Falmuria (ASPEFA) rubricaron un convenio de colaboraci\\u00f3n, entre ambas entidades, cuyo objetivo es la limpieza y el mantenimiento del Pol\\u00edgono industrial de Falmuria. Este compromiso qued\\u00f3 reflejado en la firma por parte del Presidente de ASPEFA, V\\u00edctor Jos\\u00e9 Men\\u00e9ndez Fern\\u00e1ndez y por parte\",\"inLanguage\":\"es-ES\",\"isPartOf\":{\"@id\":\"https:\\\/\\\/candas365.es\\\/noticias\\\/#website\"},\"breadcrumb\":{\"@id\":\"https:\\\/\\\/candas365.es\\\/noticias\\\/carreno-y-aspefa-firman-un-convenio-de-de-colaboracion\\\/#breadcrumblist\"},\"author\":{\"@id\":\"https:\\\/\\\/candas365.es\\\/noticias\\\/author\\\/admin\\\/#author\"},\"creator\":{\"@id\":\"https:\\\/\\\/candas365.es\\\/noticias\\\/author\\\/admin\\\/#author\"},\"image\":{\"@type\":\"ImageObject\",\"url\":\"https:\\\/\\\/candas365.es\\\/noticias\\\/wp-content\\\/uploads\\\/2015\\\/01\\\/ayuntamiento.jpg\",\"@id\":\"https:\\\/\\\/candas365.es\\\/noticias\\\/carreno-y-aspefa-firman-un-convenio-de-de-colaboracion\\\/#mainImage\",\"width\":800,\"height\":600,\"caption\":\"Carre\\u00f1o\"},\"primaryImageOfPage\":{\"@id\":\"https:\\\/\\\/candas365.es\\\/noticias\\\/carreno-y-aspefa-firman-un-convenio-de-de-colaboracion\\\/#mainImage\"},\"datePublished\":\"2019-08-06T11:11:13+02:00\",\"dateModified\":\"2019-08-06T11:11:13+02:00\"},{\"@type\":\"WebSite\",\"@id\":\"https:\\\/\\\/candas365.es\\\/noticias\\\/#website\",\"url\":\"https:\\\/\\\/candas365.es\\\/noticias\\\/\",\"name\":\"Cand\\u00e1s 365\",\"alternateName\":\"Cand\\u00e1s 365 Noticias\",\"description\":\"Actualidad desde Carre\\u00f1o para el mundo\",\"inLanguage\":\"es-ES\",\"publisher\":{\"@id\":\"https:\\\/\\\/candas365.es\\\/noticias\\\/#organization\"}}]}\n\t\t<\/script>\n\t\t<!-- All in One SEO Pro -->\r\n\t\t<title>Carre\u00f1o y ASPEFA firman un convenio de de colaboraci\u00f3n | Cand\u00e1s 365<\/title>\n\n","aioseo_head_json":{"title":"Carre\u00f1o y ASPEFA firman un convenio de de colaboraci\u00f3n | Cand\u00e1s 365","description":"El Ayuntamiento de Carre\u00f1o y la Asociaci\u00f3n de Empresarios y Propietarios de Falmuria (ASPEFA) rubricaron un convenio de colaboraci\u00f3n, entre ambas entidades, cuyo objetivo es la limpieza y el mantenimiento del Pol\u00edgono industrial de Falmuria. Este compromiso qued\u00f3 reflejado en la firma por parte del Presidente de ASPEFA, V\u00edctor Jos\u00e9 Men\u00e9ndez Fern\u00e1ndez y por parte","canonical_url":"https:\/\/candas365.es\/noticias\/carreno-y-aspefa-firman-un-convenio-de-de-colaboracion\/","robots":"max-image-preview:large","keywords":"noticias carre\u00f1o","webmasterTools":{"google-site-verification":"UA-32230408-1","msvalidate.01":"354F3CDFB2DA171B47FBE9ABF1F88D5","miscellaneous":""},"schema":{"@context":"https:\/\/schema.org","@graph":[{"@type":"BreadcrumbList","@id":"https:\/\/candas365.es\/noticias\/carreno-y-aspefa-firman-un-convenio-de-de-colaboracion\/#breadcrumblist","itemListElement":[{"@type":"ListItem","@id":"https:\/\/candas365.es\/noticias#listItem","position":1,"name":"Home","item":"https:\/\/candas365.es\/noticias","nextItem":{"@type":"ListItem","@id":"https:\/\/candas365.es\/noticias\/category\/noticias-carreno\/#listItem","name":"Noticias Carre\u00f1o"}},{"@type":"ListItem","@id":"https:\/\/candas365.es\/noticias\/category\/noticias-carreno\/#listItem","position":2,"name":"Noticias Carre\u00f1o","item":"https:\/\/candas365.es\/noticias\/category\/noticias-carreno\/","nextItem":{"@type":"ListItem","@id":"https:\/\/candas365.es\/noticias\/carreno-y-aspefa-firman-un-convenio-de-de-colaboracion\/#listItem","name":"Carre\u00f1o y ASPEFA firman un convenio de de colaboraci\u00f3n"},"previousItem":{"@type":"ListItem","@id":"https:\/\/candas365.es\/noticias#listItem","name":"Home"}},{"@type":"ListItem","@id":"https:\/\/candas365.es\/noticias\/carreno-y-aspefa-firman-un-convenio-de-de-colaboracion\/#listItem","position":3,"name":"Carre\u00f1o y ASPEFA firman un convenio de de colaboraci\u00f3n","previousItem":{"@type":"ListItem","@id":"https:\/\/candas365.es\/noticias\/category\/noticias-carreno\/#listItem","name":"Noticias Carre\u00f1o"}}]},{"@type":"NewsArticle","@id":"https:\/\/candas365.es\/noticias\/carreno-y-aspefa-firman-un-convenio-de-de-colaboracion\/#newsarticle","name":"Carre\u00f1o y ASPEFA firman un convenio de de colaboraci\u00f3n | Cand\u00e1s 365","headline":"Carre\u00f1o y ASPEFA firman un convenio de de colaboraci\u00f3n","author":{"@id":"https:\/\/candas365.es\/noticias\/author\/admin\/#author"},"publisher":{"@id":"https:\/\/candas365.es\/noticias\/#organization"},"image":{"@type":"ImageObject","url":"https:\/\/candas365.es\/noticias\/wp-content\/uploads\/2015\/01\/ayuntamiento.jpg","width":800,"height":600,"caption":"Carre\u00f1o"},"datePublished":"2019-08-06T11:11:13+02:00","dateModified":"2019-08-06T11:11:13+02:00","inLanguage":"es-ES","mainEntityOfPage":{"@id":"https:\/\/candas365.es\/noticias\/carreno-y-aspefa-firman-un-convenio-de-de-colaboracion\/#webpage"},"isPartOf":{"@id":"https:\/\/candas365.es\/noticias\/carreno-y-aspefa-firman-un-convenio-de-de-colaboracion\/#webpage"},"articleSection":"Noticias Carre\u00f1o","dateline":"Publicado el agosto 6, 2019."},{"@type":"Organization","@id":"https:\/\/candas365.es\/noticias\/#organization","name":"Cand\u00e1s 365","description":"Cand\u00e1s 365 es un diario digital independiente, fundado en 2012, con base en Asturias. Informamos con rigor sobre actualidad, sociedad, cultura y ocio, con una mirada local y global.","url":"https:\/\/candas365.es\/noticias\/","email":"info@candas365.es","telephone":"+34652131393","foundingDate":"2012-06-10","logo":{"@type":"ImageObject","url":"https:\/\/candas365.es\/noticias\/wp-content\/uploads\/2024\/09\/Candas-365-Redes.jpg","@id":"https:\/\/candas365.es\/noticias\/carreno-y-aspefa-firman-un-convenio-de-de-colaboracion\/#organizationLogo","width":1152,"height":864,"caption":"Cand\u00e1s 365 Redes"},"image":{"@id":"https:\/\/candas365.es\/noticias\/carreno-y-aspefa-firman-un-convenio-de-de-colaboracion\/#organizationLogo"},"sameAs":["https:\/\/www.facebook.com\/Nachofdezber","https:\/\/x.com\/NabercoDigital","https:\/\/www.instagram.com\/nachofdezber\/","https:\/\/www.youtube.com\/channel\/UCZP-2wLEB9Rv6erhFmqVnvg"],"address":{"@id":"https:\/\/candas365.es\/noticias\/#postaladdress","@type":"PostalAddress","streetAddress":"san antonio 4, san antonio 4","postalCode":"33430","addressLocality":"Cand\u00e1s","addressRegion":"Asturias","addressCountry":"ES"}},{"@type":"Person","@id":"https:\/\/candas365.es\/noticias\/author\/admin\/#author","url":"https:\/\/candas365.es\/noticias\/author\/admin\/","name":"Cand\u00e1s 365","image":{"@type":"ImageObject","@id":"https:\/\/candas365.es\/noticias\/carreno-y-aspefa-firman-un-convenio-de-de-colaboracion\/#authorImage","url":"https:\/\/secure.gravatar.com\/avatar\/496a8e03d0c493ede1718b7934145dbdf8d89be1036b0eec9544e1094c9de390?s=96&d=mm&r=g","width":96,"height":96,"caption":"Cand\u00e1s 365"},"sameAs":["https:\/\/www.facebook.com\/carrenoactualidad","https:\/\/twitter.com\/nbasturias","https:\/\/www.instagram.com\/nachofdezber\/","https:\/\/www.youtube.com\/channel\/UCZP-2wLEB9Rv6erhFmqVnvg"]},{"@type":"WebPage","@id":"https:\/\/candas365.es\/noticias\/carreno-y-aspefa-firman-un-convenio-de-de-colaboracion\/#webpage","url":"https:\/\/candas365.es\/noticias\/carreno-y-aspefa-firman-un-convenio-de-de-colaboracion\/","name":"Carre\u00f1o y ASPEFA firman un convenio de de colaboraci\u00f3n | Cand\u00e1s 365","description":"El Ayuntamiento de Carre\u00f1o y la Asociaci\u00f3n de Empresarios y Propietarios de Falmuria (ASPEFA) rubricaron un convenio de colaboraci\u00f3n, entre ambas entidades, cuyo objetivo es la limpieza y el mantenimiento del Pol\u00edgono industrial de Falmuria. Este compromiso qued\u00f3 reflejado en la firma por parte del Presidente de ASPEFA, V\u00edctor Jos\u00e9 Men\u00e9ndez Fern\u00e1ndez y por parte","inLanguage":"es-ES","isPartOf":{"@id":"https:\/\/candas365.es\/noticias\/#website"},"breadcrumb":{"@id":"https:\/\/candas365.es\/noticias\/carreno-y-aspefa-firman-un-convenio-de-de-colaboracion\/#breadcrumblist"},"author":{"@id":"https:\/\/candas365.es\/noticias\/author\/admin\/#author"},"creator":{"@id":"https:\/\/candas365.es\/noticias\/author\/admin\/#author"},"image":{"@type":"ImageObject","url":"https:\/\/candas365.es\/noticias\/wp-content\/uploads\/2015\/01\/ayuntamiento.jpg","@id":"https:\/\/candas365.es\/noticias\/carreno-y-aspefa-firman-un-convenio-de-de-colaboracion\/#mainImage","width":800,"height":600,"caption":"Carre\u00f1o"},"primaryImageOfPage":{"@id":"https:\/\/candas365.es\/noticias\/carreno-y-aspefa-firman-un-convenio-de-de-colaboracion\/#mainImage"},"datePublished":"2019-08-06T11:11:13+02:00","dateModified":"2019-08-06T11:11:13+02:00"},{"@type":"WebSite","@id":"https:\/\/candas365.es\/noticias\/#website","url":"https:\/\/candas365.es\/noticias\/","name":"Cand\u00e1s 365","alternateName":"Cand\u00e1s 365 Noticias","description":"Actualidad desde Carre\u00f1o para el mundo","inLanguage":"es-ES","publisher":{"@id":"https:\/\/candas365.es\/noticias\/#organization"}}]},"og:locale":"es_ES","og:site_name":"Cand\u00e1s 365","og:type":"article","og:title":"Carre\u00f1o y ASPEFA firman un convenio de de colaboraci\u00f3n | Cand\u00e1s 365","og:description":"El Ayuntamiento de Carre\u00f1o y la Asociaci\u00f3n de Empresarios y Propietarios de Falmuria (ASPEFA) rubricaron un convenio de colaboraci\u00f3n, entre ambas entidades, cuyo objetivo es la limpieza y el mantenimiento del Pol\u00edgono industrial de Falmuria. Este compromiso qued\u00f3 reflejado en la firma por parte del Presidente de ASPEFA, V\u00edctor Jos\u00e9 Men\u00e9ndez Fern\u00e1ndez y por parte","og:url":"https:\/\/candas365.es\/noticias\/carreno-y-aspefa-firman-un-convenio-de-de-colaboracion\/","og:image":"https:\/\/candas365.es\/noticias\/wp-content\/uploads\/2015\/01\/ayuntamiento.jpg","og:image:secure_url":"https:\/\/candas365.es\/noticias\/wp-content\/uploads\/2015\/01\/ayuntamiento.jpg","og:image:width":800,"og:image:height":600,"article:published_time":"2019-08-06T11:11:13+00:00","article:modified_time":"2019-08-06T11:11:13+00:00","article:publisher":"https:\/\/www.facebook.com\/Nachofdezber","article:author":"https:\/\/www.facebook.com\/carrenoactualidad","twitter:card":"summary_large_image","twitter:site":"@NabercoDigital","twitter:title":"Carre\u00f1o y ASPEFA firman un convenio de de colaboraci\u00f3n | Cand\u00e1s 365","twitter:description":"El Ayuntamiento de Carre\u00f1o y la Asociaci\u00f3n de Empresarios y Propietarios de Falmuria (ASPEFA) rubricaron un convenio de colaboraci\u00f3n, entre ambas entidades, cuyo objetivo es la limpieza y el mantenimiento del Pol\u00edgono industrial de Falmuria. Este compromiso qued\u00f3 reflejado en la firma por parte del Presidente de ASPEFA, V\u00edctor Jos\u00e9 Men\u00e9ndez Fern\u00e1ndez y por parte","twitter:creator":"@nbasturias","twitter:image":"https:\/\/candas365.es\/noticias\/wp-content\/uploads\/2015\/01\/ayuntamiento.jpg","twitter:label1":"Escrito por","twitter:data1":"Cand\u00e1s 365","twitter:label2":"Tiempo de lectura estimado","twitter:data2":"2 minutos"},"aioseo_meta_data":{"post_id":"127795","title":null,"description":null,"keywords":null,"keyphrases":null,"primary_term":null,"canonical_url":null,"og_title":null,"og_description":null,"og_object_type":"default","og_image_type":"default","og_image_url":null,"og_image_width":null,"og_image_height":null,"og_image_custom_url":null,"og_image_custom_fields":null,"og_video":null,"og_custom_url":null,"og_article_section":null,"og_article_tags":null,"twitter_use_og":false,"twitter_card":"default","twitter_image_type":"default","twitter_image_url":null,"twitter_image_custom_url":null,"twitter_image_custom_fields":null,"twitter_title":null,"twitter_description":null,"schema":{"blockGraphs":[],"customGraphs":[],"default":{"data":{"Article":[],"Course":[],"Dataset":[],"FAQPage":[],"Movie":[],"Person":[],"Product":[],"ProductReview":[],"Car":[],"Recipe":[],"Service":[],"SoftwareApplication":[],"WebPage":[]},"graphName":"","isEnabled":true},"graphs":[],"defaultGraph":"","defaultPostTypeGraph":""},"schema_type":null,"schema_type_options":null,"pillar_content":false,"robots_default":true,"robots_noindex":false,"robots_noarchive":false,"robots_nosnippet":false,"robots_nofollow":false,"robots_noimageindex":false,"robots_noodp":false,"robots_notranslate":false,"robots_max_snippet":null,"robots_max_videopreview":null,"robots_max_imagepreview":"large","priority":null,"frequency":null,"location":null,"local_seo":null,"seo_analyzer_scan_date":"2025-08-30 10:57:30","breadcrumb_settings":null,"limit_modified_date":false,"reviewed_by":null,"open_ai":null,"ai":null,"created":"2020-12-21 10:54:07","updated":"2025-08-30 10:57:30"},"aioseo_breadcrumb":"<div class=\"aioseo-breadcrumbs\"><span class=\"aioseo-breadcrumb\">\n\t<a href=\"https:\/\/candas365.es\/noticias\" title=\"Home\">Home<\/a>\n<\/span><span class=\"aioseo-breadcrumb-separator\">&ndash;<\/span><span class=\"aioseo-breadcrumb\">\n\t<a href=\"https:\/\/candas365.es\/noticias\/category\/noticias-carreno\/\" title=\"Noticias Carre\u00f1o\">Noticias Carre\u00f1o<\/a>\n<\/span><span class=\"aioseo-breadcrumb-separator\">&ndash;<\/span><span class=\"aioseo-breadcrumb\">\n\tCarre\u00f1o y ASPEFA firman un convenio de de colaboraci\u00f3n\n<\/span><\/div>","aioseo_breadcrumb_json":[{"label":"Home","link":"https:\/\/candas365.es\/noticias"},{"label":"Noticias Carre\u00f1o","link":"https:\/\/candas365.es\/noticias\/category\/noticias-carreno\/"},{"label":"Carre\u00f1o y ASPEFA firman un convenio de de colaboraci\u00f3n","link":"https:\/\/candas365.es\/noticias\/carreno-y-aspefa-firman-un-convenio-de-de-colaboracion\/"}],"_links":{"self":[{"href":"https:\/\/candas365.es\/noticias\/wp-json\/wp\/v2\/posts\/127795","targetHints":{"allow":["GET"]}}],"collection":[{"href":"https:\/\/candas365.es\/noticias\/wp-json\/wp\/v2\/posts"}],"about":[{"href":"https:\/\/candas365.es\/noticias\/wp-json\/wp\/v2\/types\/post"}],"author":[{"embeddable":true,"href":"https:\/\/candas365.es\/noticias\/wp-json\/wp\/v2\/users\/1"}],"replies":[{"embeddable":true,"href":"https:\/\/candas365.es\/noticias\/wp-json\/wp\/v2\/comments?post=127795"}],"version-history":[{"count":0,"href":"https:\/\/candas365.es\/noticias\/wp-json\/wp\/v2\/posts\/127795\/revisions"}],"wp:featuredmedia":[{"embeddable":true,"href":"https:\/\/candas365.es\/noticias\/wp-json\/wp\/v2\/media\/6453"}],"wp:attachment":[{"href":"https:\/\/candas365.es\/noticias\/wp-json\/wp\/v2\/media?parent=127795"}],"wp:term":[{"taxonomy":"category","embeddable":true,"href":"https:\/\/candas365.es\/noticias\/wp-json\/wp\/v2\/categories?post=127795"},{"taxonomy":"post_tag","embeddable":true,"href":"https:\/\/candas365.es\/noticias\/wp-json\/wp\/v2\/tags?post=127795"}],"curies":[{"name":"wp","href":"https:\/\/api.w.org\/{rel}","templated":true}]}}